{"id":44470,"date":"2023-08-23T22:08:30","date_gmt":"2023-08-24T01:08:30","guid":{"rendered":"https:\/\/cj.estrategia.com\/portal\/?p=44470"},"modified":"2023-08-23T22:08:32","modified_gmt":"2023-08-24T01:08:32","slug":"prova-comentada-direito-penal-e-criminologia-mp-mg-promotor","status":"publish","type":"post","link":"https:\/\/cj.estrategia.com\/portal\/prova-comentada-direito-penal-e-criminologia-mp-mg-promotor\/","title":{"rendered":"Prova comentada Direito Penal e Criminologia MP MG Promotor"},"content":{"rendered":"\n<p>Ol\u00e1, pessoal, tudo certo?!<\/p>\n\n\n\n<p>Em 20\/08\/2023, foi aplicada a prova objetiva do concurso p\u00fablico para <strong>Promotor de Justi\u00e7a do estado&nbsp; de Minas Gerais<\/strong>. Assim que disponibilizados o caderno de prova e o gabarito preliminar, nosso time de professores elaborou a <strong>PROVA COMENTADA<\/strong>.<\/p>\n\n\n\n<p>Este material visa a auxili\u00e1-los na aferi\u00e7\u00e3o das notas, elabora\u00e7\u00e3o de eventuais recursos, verifica\u00e7\u00e3o das chances de avan\u00e7o para fase discursiva, bem como na revis\u00e3o do conte\u00fado cobrado no certame.<\/p>\n\n\n\n<p>Desde j\u00e1, destacamos que nosso time de professores identificou 2 quest\u00f5es pass\u00edveis de recursos, por apresentarem duas ou nenhuma alternativa correta, como veremos adiante. No tipo de prova comentado, trata-se das quest\u00f5es 55 e 56.De modo complementar, elaboramos tamb\u00e9m o <a href=\"https:\/\/cj.estrategia.com\/cadernos-e-simulados\/simulados\/dd962091-c30a-4f80-8caa-970c811b21e9\"><strong>RANKING do MP-MG<\/strong>,<\/a> em que nossos alunos e seguidores poder\u00e3o inserir suas respostas \u00e0 prova, e, ao final, aferir sua nota, de acordo com o gabarito elaborado por nossos professores. Atrav\u00e9s do ranking, tamb\u00e9m poderemos estimar a nota de corte da 1\u00ba fase. <\/p>\n\n\n\n<p>Al\u00e9m disso, montamos um caderno para nossos seguidores, alunos ou n\u00e3o, verem os coment\u00e1rios e comentar as quest\u00f5es da prova: <a href=\"https:\/\/cj.estrategia.com\/cadernos-e-simulados\/cadernos\/c0140477-469f-4e2d-9cf1-097df0b66a86\"><strong>VEJA AQUI!<\/strong><\/a><\/p>\n\n\n\n<p>Por fim, comentamos na ter\u00e7a-feira, 22\/08, a prova, as quest\u00f5es mais pol\u00eamicas, bem como as possibilidades de recurso no <strong><a href=\"https:\/\/www.youtube.com\/@EstrategiaCarreiraJuridica\">TERM\u00d4METRO P\u00d3S-PROVA<\/a><\/strong>, no nosso canal do Youtube. Inscreva-se e ative as notifica\u00e7\u00f5es!<\/p>\n\n\n\n<p class=\"has-text-align-center has-pale-ocean-gradient-background has-background\"><a href=\"https:\/\/cj.estrategia.com\/portal\/provas-comentadas-concurso-mp-mg-promotor\/\">Confira AQUI todas as provas comentadas do concurso MP MG Promotor<\/a><\/p>\n\n\n\n<h2 class=\"wp-block-heading has-vivid-red-color has-text-color\" id=\"h-prova-comentada-direito-penal-e-criminologia\"><span id=\"prova-comentada-direito-penal-e-criminologia\">Prova comentada Direito Penal e Criminologia<\/span><\/h2>\n\n\n\n<p><strong>QUEST\u00c3O 22. A respeito da teoria do dom\u00ednio do fato, assinale a alternativa INCORRETA:<\/strong><\/p>\n\n\n\n<p><strong>a) Na coautoria verifica-se o denominado \u201cdom\u00ednio funcional\u201d, em que h\u00e1 a divis\u00e3o de tarefas entre os agentes, sem que haja necessidade de que todos executem diretamente todas as elementares do tipo.<\/strong><\/p>\n\n\n\n<p><strong>b) A realiza\u00e7\u00e3o pessoal e respons\u00e1vel de todos os elementos do tipo fundamenta a autoria imediata, por \u201cdom\u00ednio da a\u00e7\u00e3o\u201d.<\/strong><\/p>\n\n\n\n<p><strong>c) O \u201cdom\u00ednio da vontade\u201d, pelo erro, configura uma das hip\u00f3teses de autoria mediata.<\/strong><\/p>\n\n\n\n<p><strong>d) A teoria do dom\u00ednio do fato se aplica aos crimes dolosos e culposos, indistintamente, o que decorre do \u201cconceito unit\u00e1rio\u201d de autor, ao qual a teoria se vincula.<\/strong><\/p>\n\n\n\n<p><strong>Coment\u00e1rios<\/strong><\/p>\n\n\n\n<p>A alternativa correta \u00e9 a <strong>letra D<\/strong>.<\/p>\n\n\n\n<p>A quest\u00e3o aborda o conhecimento sobre a teoria do dom\u00ednio do fato.<\/p>\n\n\n\n<p>A alternativa D est\u00e1 incorreta, pois a teoria do dom\u00ednio do fato se aplica apenas aos crimes dolosos. Para esta teoria, o conceito de autor \u00e9 mais amplo e abrange n\u00e3o s\u00f3 aqueles que realizam a conduta descrita no tipo como tamb\u00e9m os que t\u00eam controle pleno do desenrolar do fato criminoso, com poder de decidir sobre sua pr\u00e1tica ou interrup\u00e7\u00e3o, bem como acerca das circunst\u00e2ncias de sua execu\u00e7\u00e3o. Por essa teoria, criada por Hans Welzel, o mandante e o mentor intelectual, por controlarem os comparsas, s\u00e3o tamb\u00e9m autores do crime, ainda que n\u00e3o realizem pessoalmente atos execut\u00f3rios.<\/p>\n\n\n\n<p>As demais alternativas est\u00e3o corretas.<\/p>\n\n\n\n<p><strong>QUEST\u00c3O 23. Acerca dos crimes contra a pessoa, assinale a alternativa CORRETA:<\/strong><\/p>\n\n\n\n<p><strong>a) O infantic\u00eddio admite modalidade culposa.<\/strong><\/p>\n\n\n\n<p><strong>b) A circunst\u00e2ncia de o homic\u00eddio ser praticado por mil\u00edcia configura uma qualificadora do crime.<\/strong><\/p>\n\n\n\n<p><strong>c) Se o crime de que trata o \u00a7 2\u00ba do artigo 122 do C\u00f3digo Penal for cometido contra menor de 14 (quatorze) anos ou contra quem n\u00e3o tem o necess\u00e1rio discernimento para a pr\u00e1tica do ato, ou que, por qualquer outra causa, n\u00e3o pode oferecer resist\u00eancia, responde o agente pelo crime de homic\u00eddio, nos termos do art. 121 do aludido C\u00f3digo.<\/strong><\/p>\n\n\n\n<p><strong>d) Para a configura\u00e7\u00e3o das les\u00f5es corporais de natureza grave, exige-se que a v\u00edtima permane\u00e7a incapaz para as ocupa\u00e7\u00f5es habituais por mais de 60 dias.<\/strong><\/p>\n\n\n\n<p><strong>Coment\u00e1rios<\/strong><\/p>\n\n\n\n<p>A alternativa correta \u00e9 a <strong>letra C<\/strong>.<\/p>\n\n\n\n<p>A quest\u00e3o aborda o conhecimento sobre crimes contra a pessoa.<\/p>\n\n\n\n<p>A alternativa A est\u00e1 incorreta, pois o crime de infantic\u00eddio n\u00e3o admite a modalidade culposa. Referido crime est\u00e1 previsto no art. 123, caput, CP, que disp\u00f5e: &#8220;Matar, sob a influ\u00eancia do estado puerperal, o pr\u00f3prio filho, durante o parto ou logo ap\u00f3s: Pena &#8211; deten\u00e7\u00e3o, de dois a seis anos&#8221;.<\/p>\n\n\n\n<p>A alternativa B est\u00e1 incorreta, pois a circunst\u00e2ncia de o homic\u00eddio ser praticado por mil\u00edcia n\u00e3o \u00e9 hip\u00f3tese que qualifica o crime, mas sim causa de aumento de pena, nos termos do \u00a76\u00ba do art. 121 do CP: &#8221; Art. 121. Matar algu\u00e9m: [&#8230;] \u00a7 6o&nbsp; A pena \u00e9 aumentada de 1\/3 (um ter\u00e7o) at\u00e9 a metade se o crime for praticado por mil\u00edcia privada, sob o pretexto de presta\u00e7\u00e3o de servi\u00e7o de seguran\u00e7a, ou por grupo de exterm\u00ednio&#8221;.<\/p>\n\n\n\n<p>A alternativa C est\u00e1 correta, pois de acordo com o \u00a77\u00ba do art. 122 do CP: &#8220;Induzir ou instigar algu\u00e9m a suicidar-se ou a praticar automutila\u00e7\u00e3o ou prestar-lhe aux\u00edlio material para que o fa\u00e7a: [&#8230;] \u00a7 7\u00ba Se o crime de que trata o \u00a7 2\u00ba deste artigo \u00e9 cometido contra menor de 14 (quatorze) anos ou contra quem n\u00e3o tem o necess\u00e1rio discernimento para a pr\u00e1tica do ato, ou que, por qualquer outra causa, n\u00e3o pode oferecer resist\u00eancia, responde o agente pelo crime de homic\u00eddio, nos termos do art. 121 deste C\u00f3digo&#8221;.<\/p>\n\n\n\n<p>A alternativa D est\u00e1 incorreta, pois bastam 30 dias para a configura\u00e7\u00e3o do crime de les\u00e3o corporal grave: &#8220;Art. 129. Ofender a integridade corporal ou a sa\u00fade de outrem: \u00a7 1\u00ba Se resulta: I &#8211; Incapacidade para as ocupa\u00e7\u00f5es habituais, por mais de trinta dias&#8221;.<\/p>\n\n\n\n<p><strong>QUEST\u00c3O 24. Sobre as causas de justifica\u00e7\u00e3o, assinale a alternativa CORRETA:<\/strong><\/p>\n\n\n\n<p><strong>a) O excesso doloso ou culposo se aplica a quaisquer das causas de justifica\u00e7\u00e3o previstas no artigo 23 do CP, salvo ao estado de necessidade, em face da ado\u00e7\u00e3o da teoria unit\u00e1ria.<\/strong><\/p>\n\n\n\n<p><strong>b) \u00c9 admiss\u00edvel o reconhecimento de leg\u00edtima defesa contra agress\u00e3o de agente em erro de tipo permissivo evit\u00e1vel.<\/strong><\/p>\n\n\n\n<p><strong>c) No estado de necessidade, embora seja razo\u00e1vel exigir-se o sacrif\u00edcio do direito amea\u00e7ado, a pena poder\u00e1 ser reduzida de 1\/6 (um sexto) \u00e0 metade.<\/strong><\/p>\n\n\n\n<p><strong>d) De acordo com a nova reda\u00e7\u00e3o promovida pela Lei 13.964\/2019, considera-se em estrito cumprimento do dever legal o agente de seguran\u00e7a p\u00fablica que repele agress\u00e3o ou risco de agress\u00e3o a v\u00edtima mantida ref\u00e9m durante a pr\u00e1tica de crimes.<\/strong><\/p>\n\n\n\n<p><strong>Coment\u00e1rios<\/strong><\/p>\n\n\n\n<p>A alternativa correta \u00e9 a <strong>letra B<\/strong>.<\/p>\n\n\n\n<p>A quest\u00e3o aborda o conhecimento sobre causas de justifica\u00e7\u00e3o (excludentes de ilicitude).<\/p>\n\n\n\n<p>A alternativa A est\u00e1 incorreta. O excesso doloso ou culposo se aplica a qualquer causa de justifica\u00e7\u00e3o, conforme par\u00e1grafo \u00fanico do art. 23 do CP: &#8221; N\u00e3o h\u00e1 crime quando o agente pratica o fato: I &#8211; em estado de necessidade; II &#8211; em leg\u00edtima defesa; III &#8211; em estrito cumprimento de dever legal ou no exerc\u00edcio regular de direito. O agente, em qualquer das hip\u00f3teses deste artigo, responder\u00e1 pelo excesso doloso ou culposo&#8221;.<\/p>\n\n\n\n<p>A alternativa B est\u00e1 correta. \u00c9 poss\u00edvel o reconhecimento de leg\u00edtima defesa contra pessoa que atua dirigido por uma descriminante putativa. O erro de tipo permissivo est\u00e1 previsto no artigo 20, \u00a71\u00ba, CP, segundo o qual &#8220;\u00e9 isento de pena quem, por erro plenamente justificado pelas circunst\u00e2ncias, sup\u00f5e situa\u00e7\u00e3o de fato que, se existisse, tornaria a a\u00e7\u00e3o leg\u00edtima. N\u00e3o h\u00e1 isen\u00e7\u00e3o de pena quando o erro deriva de culpa e o fato \u00e9 pun\u00edvel como crime culposo &#8220;. Imagine-se a seguinte situa\u00e7\u00e3o: Jo\u00e3o v\u00ea Marcos, seu desafeto mortal, vindo em sua dire\u00e7\u00e3o com um objeto em m\u00e3o. Ao aproximar, Jo\u00e3o olha o objeto e o considera semelhante a uma arma de fogo. Para impedir que o mau lhe aconte\u00e7a, Jo\u00e3o tenta desferir golpes de soco contra Marcos, o qual, para se defender, coloca o celular preto que tinha em m\u00e3os em um dos bolsos, e desfere dois golpes no rosto de Jo\u00e3o, que acaba por desmaiar. Neste caso, Marcos atua em leg\u00edtima defesa contra a agress\u00e3o de Jo\u00e3o, que estava impelido por descriminantes putativas.<\/p>\n\n\n\n<p>A alternativa C est\u00e1 incorreta, pois, no caso, a pena poder\u00e1 ser reduzida de um a dois ter\u00e7os, conforme \u00a72\u00ba do art. 24 do CP: &#8220;Embora seja razo\u00e1vel exigir-se o sacrif\u00edcio do direito amea\u00e7ado, a pena poder\u00e1 ser reduzida de um a dois ter\u00e7os&#8221;.<\/p>\n\n\n\n<p>A alternativa D est\u00e1 incorreta, pois se trata de leg\u00edtima defesa, nos termos do par\u00e1grafo \u00fanico do art. 25 do CP: &#8220;Observados os requisitos previstos no caput deste artigo, considera-se tamb\u00e9m em leg\u00edtima defesa o agente de seguran\u00e7a p\u00fablica que repele agress\u00e3o ou risco de agress\u00e3o a v\u00edtima mantida ref\u00e9m durante a pr\u00e1tica de crimes&#8221;.<\/p>\n\n\n\n<p><strong>QUEST\u00c3O 26. Sobre o livramento condicional, \u00e9 INCORRETO afirmar que:<\/strong><\/p>\n\n\n\n<p><strong>a) O tempo em que o liberado esteve solto \u00e9 considerado no cumprimento da pena, quando a revoga\u00e7\u00e3o resulta de condena\u00e7\u00e3o por outro crime anterior ao benef\u00edcio.<\/strong><\/p>\n\n\n\n<p><strong>b) N\u00e3o se concede o benef\u00edcio para o condenado por crime comum que comete um segundo crime hediondo ou equiparado.<\/strong><\/p>\n\n\n\n<p><strong>c) Admite-se a soma do tempo de penas correspondentes a infra\u00e7\u00f5es diversas para a concess\u00e3o de novo livramento.<\/strong><\/p>\n\n\n\n<p><strong>d) A revoga\u00e7\u00e3o n\u00e3o ser\u00e1 obrigat\u00f3ria se o liberado for irrecorrivelmente condenado, por crime ou contraven\u00e7\u00e3o, a pena de multa.<\/strong><\/p>\n\n\n\n<p><strong>Coment\u00e1rios<\/strong><\/p>\n\n\n\n<p>A alternativa correta \u00e9 a <strong>letra B.<\/strong><\/p>\n\n\n\n<p>A quest\u00e3o aborda o conhecimento sobre livramento condicional.<\/p>\n\n\n\n<p>A alternativa A est\u00e1 correta. Conforme disp\u00f5e o art. 88 do CP: &#8220;Revogado o livramento, n\u00e3o poder\u00e1 ser novamente concedido, e, salvo quando a revoga\u00e7\u00e3o resulta de condena\u00e7\u00e3o por outro crime anterior \u00e0quele benef\u00edcio, n\u00e3o se desconta na pena o tempo em que esteve solto o condenado&#8221;.<\/p>\n\n\n\n<p>A alternativa B est\u00e1 incorreta, pois n\u00e3o h\u00e1 esse impedimento legal.<\/p>\n\n\n\n<p>A alternativa C est\u00e1 correta, pois de acordo com o art. 84 do CP: &#8220;As penas que correspondem a infra\u00e7\u00f5es diversas devem somar-se para efeito do livramento&#8221;.<\/p>\n\n\n\n<p>A alternativa D est\u00e1 correta, pois de acordo com o art. 87 do CP: &#8220;O juiz poder\u00e1, tamb\u00e9m, revogar o livramento, se o liberado deixar de cumprir qualquer das obriga\u00e7\u00f5es constantes da senten\u00e7a, ou for irrecorrivelmente condenado, por crime ou contraven\u00e7\u00e3o, a pena que n\u00e3o seja privativa de liberdade&#8221;.<\/p>\n\n\n\n<p><strong>QUEST\u00c3O 27. Analise as assertivas que se seguem, assinalando a alternativa CORRETA:<\/strong><\/p>\n\n\n\n<p><strong>I. Com exce\u00e7\u00e3o do crime de epidemia, as formas majoradas de crime de perigo comum, em caso de les\u00f5es corporais de natureza grave e de resultado morte, se aplicam a todos os crimes contra a sa\u00fade p\u00fablica.<\/strong><\/p>\n\n\n\n<p><strong>II. Anunciar cura por meio infal\u00edvel configura o crime de curandeirismo.<\/strong><\/p>\n\n\n\n<p><strong>III. H\u00e1 previs\u00e3o de modalidade culposa no crime de fornecimento de medicamento em desacordo com a receita m\u00e9dica.<\/strong><\/p>\n\n\n\n<p><strong>IV. N\u00e3o basta a ocorr\u00eancia de uma \u00fanica morte para que se verifique a causa de aumento com a pena aplicada em dobro no crime de epidemia.<\/strong><\/p>\n\n\n\n<p><strong>a) Apenas os itens I e III s\u00e3o verdadeiros.<\/strong><\/p>\n\n\n\n<p><strong>b) Apenas os itens II, III e IV s\u00e3o verdadeiros.<\/strong><\/p>\n\n\n\n<p><strong>c) Apenas os itens II e IV s\u00e3o verdadeiros.<\/strong><\/p>\n\n\n\n<p><strong>d) Apenas os itens I e II s\u00e3o verdadeiros..<\/strong><\/p>\n\n\n\n<p><strong>Coment\u00e1rios<\/strong><\/p>\n\n\n\n<p>A alternativa correta \u00e9 a<strong> letra A<\/strong>.<\/p>\n\n\n\n<p>A quest\u00e3o aborda o conhecimento sobre crimes contra a sa\u00fade p\u00fablica.<\/p>\n\n\n\n<p>O item I est\u00e1 correta, pois est\u00e1 de acordo com o art. 285, CP: &#8220;Aplica-se o disposto no art. 258 aos crimes previstos neste Cap\u00edtulo, salvo quanto ao definido no art. 267&#8221;.&nbsp; O art. 258 do CP disp\u00f5e sobre as formas qualificadas de crime de perigo comum, nos seguintes termos: &#8220;Se do crime doloso de perigo comum resulta les\u00e3o corporal de natureza grave, a pena privativa de liberdade \u00e9 aumentada de metade; se resulta morte, \u00e9 aplicada em dobro. No caso de culpa, se do fato resulta les\u00e3o corporal, a pena aumenta-se de metade; se resulta morte, aplica-se a pena cominada ao homic\u00eddio culposo, aumentada de um ter\u00e7o&#8221;. J\u00e1 o mencionado art. 267 diz respeito ao crime de epidemia, o qual prev\u00ea pena em dobro no caso de morte: &#8220;Causar epidemia, mediante a propaga\u00e7\u00e3o de germes patog\u00eanicos: Pena &#8211; reclus\u00e3o, de dez a quinze anos. \u00a7 1\u00ba &#8211; Se do fato resulta morte, a pena \u00e9 aplicada em dobro. \u00a7 2\u00ba &#8211; No caso de culpa, a pena \u00e9 de deten\u00e7\u00e3o, de um a dois anos, ou, se resulta morte, de dois a quatro anos&#8221;.<\/p>\n\n\n\n<p>O item II est\u00e1 incorreta, pois a conduta configura o crime de charlatanismo, previsto no art. 283 do CP: &#8220;Inculcar ou anunciar cura por meio secreto ou infal\u00edvel: Pena &#8211; deten\u00e7\u00e3o, de tr\u00eas meses a um ano, e multa&#8221;.<\/p>\n\n\n\n<p>O item III est\u00e1 correta, conforme art. 280, par\u00e1grafo \u00fanico, CP: &#8220;Fornecer subst\u00e2ncia medicinal em desacordo com receita m\u00e9dica: Pena &#8211; deten\u00e7\u00e3o, de um a tr\u00eas anos, ou multa. Par\u00e1grafo \u00fanico &#8211; Se o crime \u00e9 culposo: Pena &#8211; deten\u00e7\u00e3o, de dois meses a um ano&#8221;.<\/p>\n\n\n\n<p>O item IV est\u00e1 incorreta. Uma morte j\u00e1 \u00e9 suficiente incid\u00eancia da pena em dobro: &#8220;Art. 267 &#8211; Causar epidemia, mediante a propaga\u00e7\u00e3o de germes patog\u00eanicos: Pena &#8211; reclus\u00e3o, de dez a quinze anos. \u00a7 1\u00ba &#8211; Se do fato resulta morte, a pena \u00e9 aplicada em dobro&#8221;.<\/p>\n\n\n\n<p><strong>QUEST\u00c3O 28. Nos crimes contra a honra, \u00e9 CORRETO afirmar:<\/strong><\/p>\n\n\n\n<p><strong>a) Somente se admite o pedido de explica\u00e7\u00f5es nos crimes de cal\u00fania e difama\u00e7\u00e3o.<\/strong><\/p>\n\n\n\n<p><strong>b) A retrata\u00e7\u00e3o \u00e9 admitida na cal\u00fania, na difama\u00e7\u00e3o e na inj\u00faria.<\/strong><\/p>\n\n\n\n<p><strong>c) As excludentes especiais s\u00e3o admitidas na difama\u00e7\u00e3o e na inj\u00faria.<\/strong><\/p>\n\n\n\n<p><strong>d) Nas excludentes especiais, quem d\u00e1 publicidade aos fatos responder\u00e1 pela ofensa em qualquer hip\u00f3tese.<\/strong><\/p>\n\n\n\n<p><strong>Coment\u00e1rios<\/strong><\/p>\n\n\n\n<p>A resposta correta \u00e9 a <strong>letra C<\/strong>.<\/p>\n\n\n\n<p>A quest\u00e3o aborda o conhecimento sobre crimes contra a honra.<\/p>\n\n\n\n<p>A alternativa A est\u00e1 incorreta, pois tamb\u00e9m \u00e9 cab\u00edvel o pedido de explica\u00e7\u00f5es para o crime de inj\u00faria, nos termos do art. 144 do CP: &#8220;Se, de refer\u00eancias, alus\u00f5es ou frases, se infere cal\u00fania, difama\u00e7\u00e3o ou inj\u00faria, quem se julga ofendido pode pedir explica\u00e7\u00f5es em ju\u00edzo. Aquele que se recusa a d\u00e1-las ou, a crit\u00e9rio do juiz, n\u00e3o as d\u00e1 satisfat\u00f3rias, responde pela ofensa&#8221;.<\/p>\n\n\n\n<p>A alternativa B est\u00e1 incorreta, pois a retrata\u00e7\u00e3o \u00e9 admitida apenas para a cal\u00fania e para a difama\u00e7\u00e3o, conforme art. 143 do CP: &#8220;O querelado que, antes da senten\u00e7a, se retrata cabalmente da cal\u00fania ou da difama\u00e7\u00e3o, fica isento de pena&#8221;.<\/p>\n\n\n\n<p>A alternativa C est\u00e1 correta. A teoria do garantismo integral n\u00e3o busca se contrapor \u00e0s ideias de garantismo trazidas por Ferrajoli, mas sim acrescentar elementos a esta. O garantismo penal de Ferrajoli concebe o direito penal como um sistema de garantias dos direitos fundamentais do cidad\u00e3o perante o arb\u00edtrio estatal e da sociedade. O garantismo integral expande essa ideia para abranger tamb\u00e9m os bens jur\u00eddicos protegidos pelo Direito Penal, tal qual o direito da v\u00edtima.<\/p>\n\n\n\n<p>A alternativa D est\u00e1 incorreta, pois n\u00e3o \u00e9 para qualquer hip\u00f3tese, mas apenas para as estabelecidas nos inc. I e III do art. 142 do CP: &#8220;N\u00e3o constituem inj\u00faria ou difama\u00e7\u00e3o pun\u00edvel: I &#8211; a ofensa irrogada em ju\u00edzo, na discuss\u00e3o da causa, pela parte ou por seu procurador; II &#8211; a opini\u00e3o desfavor\u00e1vel da cr\u00edtica liter\u00e1ria, art\u00edstica ou cient\u00edfica, salvo quando inequ\u00edvoca a inten\u00e7\u00e3o de injuriar ou difamar; III &#8211; o conceito desfavor\u00e1vel emitido por funcion\u00e1rio p\u00fablico, em aprecia\u00e7\u00e3o ou informa\u00e7\u00e3o que preste no cumprimento de dever do of\u00edcio. Par\u00e1grafo \u00fanico &#8211; Nos casos dos ns. I e III, responde pela inj\u00faria ou pela difama\u00e7\u00e3o quem lhe d\u00e1 publicidade&#8221;.<\/p>\n\n\n\n<p><strong>QUEST\u00c3O 29. A respeito das caracter\u00edsticas das escolas criminol\u00f3gicas cl\u00e1ssicas e positivistas, \u00e9 INCORRETO afirmar:<\/strong><\/p>\n\n\n\n<p><strong>a) A metodologia da escola cl\u00e1ssica \u00e9 a l\u00f3gico-abstrata e a da escola positivista \u00e9 a emp\u00edrica-experimental.<\/strong><\/p>\n\n\n\n<p><strong>b) A escola cl\u00e1ssica d\u00e1 \u00eanfase na preven\u00e7\u00e3o geral e a positivista na preven\u00e7\u00e3o especial negativa.<\/strong><\/p>\n\n\n\n<p><strong>c) A escola cl\u00e1ssica defende uma concep\u00e7\u00e3o org\u00e2nica de sociedade e a positivista uma concep\u00e7\u00e3o contratualista de sociedade.<\/strong><\/p>\n\n\n\n<p><strong>d) A escola cl\u00e1ssica d\u00e1 \u00eanfase na conten\u00e7\u00e3o do poder punitivo e a positivista na defesa social.<\/strong><\/p>\n\n\n\n<p><strong>Coment\u00e1rios<\/strong><\/p>\n\n\n\n<p>A alternativa correta \u00e9 a<strong> letra C<\/strong>.<\/p>\n\n\n\n<p>A quest\u00e3o aborda o conhecimento sobre escolas criminol\u00f3gicas.<\/p>\n\n\n\n<p>A alternativa C est\u00e1 incorreta. A escola cl\u00e1ssica, entre seus postulados, defende a pena como repara\u00e7\u00e3o do dano causado pela viola\u00e7\u00e3o do contrato social. Percebe-se, assim, uma concep\u00e7\u00e3o contratualista da sociedade dessa escola. J\u00e1 a concep\u00e7\u00e3o org\u00e2nica de sociedade \u00e9 defendida pelos positivas.<\/p>\n\n\n\n<p>Demais alternativas est\u00e3o corretas.<\/p>\n\n\n\n<p><strong>QUEST\u00c3O 30.&nbsp; Sobre as disposi\u00e7\u00f5es gerais nos crimes contra o patrim\u00f4nio, \u00e9 CORRETO afirmar:<\/strong><\/p>\n\n\n\n<p><strong>a) Fica isento de pena o c\u00f4njuge, ainda que dissolvida a sociedade conjugal.<\/strong><\/p>\n\n\n\n<p><strong>b) Procede-se mediante representa\u00e7\u00e3o se o crime \u00e9 cometido em preju\u00edzo de irm\u00e3o, tio ou sobrinho.<\/strong><\/p>\n\n\n\n<p><strong>c) Em caso de concurso de pessoas as escusas absolut\u00f3rias se estendem ao estranho que participa do crime.<\/strong><\/p>\n\n\n\n<p><strong>d) Procede-se mediante a\u00e7\u00e3o penal p\u00fablica incondicionada o crime de roubo simples praticado por filho em preju\u00edzo da pr\u00f3pria m\u00e3e.<\/strong><\/p>\n\n\n\n<p><strong>Coment\u00e1rios<\/strong><\/p>\n\n\n\n<p>A alternativa correta \u00e9 a <strong>letra D<\/strong>.<\/p>\n\n\n\n<p>A quest\u00e3o aborda o conhecimento sobre crimes contra o patrim\u00f4nio.<\/p>\n\n\n\n<p>A alternativa A est\u00e1 incorreta. A isen\u00e7\u00e3o ocorre apenas se o crime for praticado na const\u00e2ncia do casamento: &#8220;\u00c9 isento de pena quem comete qualquer dos crimes previstos neste t\u00edtulo, em preju\u00edzo: I &#8211; do c\u00f4njuge, na const\u00e2ncia da sociedade conjugal&#8221;.<\/p>\n\n\n\n<p>A alternativa B est\u00e1 incorreta. Ser\u00e1 exigida a representa\u00e7\u00e3o para os crimes cometidos contra tio ou sobrinho no caso de coabita\u00e7\u00e3o: &#8220;Art. 182 &#8211; Somente se procede mediante representa\u00e7\u00e3o, se o crime previsto neste t\u00edtulo \u00e9 cometido em preju\u00edzo: [&#8230;] III &#8211; de tio ou sobrinho, com quem o agente coabita&#8221;.<\/p>\n\n\n\n<p>A alternativa C est\u00e1 incorreta. N\u00e3o se estendem ao estranho que participa do crime: &#8220;Art. 183. N\u00e3o se aplica o disposto nos dois artigos anteriores: [&#8230;] II &#8211; ao estranho que participa do crime&#8221;.<\/p>\n\n\n\n<p>A alternativa D est\u00e1 correta. N\u00e3o se aplicam as escusas absolut\u00f3rias estabelecias no art. 181 do CP, nem mesmo se exige representa\u00e7\u00e3o, quando se trata do crime de roubo. A prop\u00f3sito, o art. 183, inc. I, do CP disp\u00f5e: &#8220;N\u00e3o se aplica o disposto nos dois artigos anteriores: I &#8211; se o crime \u00e9 de roubo ou de extors\u00e3o, ou, em geral, quando haja emprego de grave amea\u00e7a ou viol\u00eancia \u00e0 pessoa&#8221;.&nbsp;<\/p>\n\n\n\n<p class=\"has-text-align-center has-luminous-vivid-amber-to-luminous-vivid-orange-gradient-background has-background\"><a href=\"https:\/\/cj.estrategia.com\/portal\/concurso-mp-mg-promotor\/\" target=\"_blank\" rel=\"noreferrer noopener nofollow\"><strong>Saiba mais: Concurso MP MG Promotor<\/strong><\/a><\/p>\n\n\n\n<h2 class=\"wp-block-heading has-text-align-center\" id=\"cursos\"><span id=\"quer-saber-tudo-sobre-concursos-previstosconfira-nossos-artigos\">Quer saber tudo sobre concursos previstos?<br><strong>Confira nossos artigos!<\/strong><\/span><\/h2>\n\n\n\n\n\n<h2 class=\"wp-block-heading has-text-align-center\" id=\"cursos-concurso-mpmg\"><span id=\"cursos-para-o-concurso-mp-mg-promotor\">Cursos para o concurso MP MG Promotor<\/span><\/h2>\n\n\n\n<div class=\"wp-block-cover\" style=\"min-height:155px;aspect-ratio:unset;\"><img decoding=\"async\" width=\"1890\" height=\"351\" class=\"wp-block-cover__image-background wp-image-8669\" alt=\"Assinaturas Jur\u00eddicas\" src=\"https:\/\/cj.estrategia.com\/portal\/wp-content\/uploads\/2022\/06\/20151253\/concurso-carreiras-juridicas-assinatura-juridica.jpg\" style=\"object-position:78% 43%\" data-object-fit=\"cover\" data-object-position=\"78% 43%\" srcset=\"https:\/\/cj.estrategia.com\/portal\/wp-content\/uploads\/2022\/06\/20151253\/concurso-carreiras-juridicas-assinatura-juridica.jpg 1890w, https:\/\/cj.estrategia.com\/portal\/wp-content\/uploads\/2022\/06\/20151253\/concurso-carreiras-juridicas-assinatura-juridica-300x56.jpg 300w, https:\/\/cj.estrategia.com\/portal\/wp-content\/uploads\/2022\/06\/20151253\/concurso-carreiras-juridicas-assinatura-juridica-1024x190.jpg 1024w, https:\/\/cj.estrategia.com\/portal\/wp-content\/uploads\/2022\/06\/20151253\/concurso-carreiras-juridicas-assinatura-juridica-768x143.jpg 768w, https:\/\/cj.estrategia.com\/portal\/wp-content\/uploads\/2022\/06\/20151253\/concurso-carreiras-juridicas-assinatura-juridica-1536x285.jpg 1536w, https:\/\/cj.estrategia.com\/portal\/wp-content\/uploads\/2022\/06\/20151253\/concurso-carreiras-juridicas-assinatura-juridica-380x71.jpg 380w, https:\/\/cj.estrategia.com\/portal\/wp-content\/uploads\/2022\/06\/20151253\/concurso-carreiras-juridicas-assinatura-juridica-800x149.jpg 800w, https:\/\/cj.estrategia.com\/portal\/wp-content\/uploads\/2022\/06\/20151253\/concurso-carreiras-juridicas-assinatura-juridica-1160x215.jpg 1160w\" sizes=\"(max-width: 1890px) 100vw, 1890px\" \/><span aria-hidden=\"true\" class=\"wp-block-cover__background has-background-dim\"><\/span><div class=\"wp-block-cover__inner-container is-layout-flow wp-block-cover-is-layout-flow\">\n<h3 id=\"faca-a-sua-assinatura\" class=\"titulo-assinatura\"><span style=\"color: #ffffff;\">Fa\u00e7a a sua assinatura!<\/span><\/h3>\n<p class=\"subtitulo-assinatura\" style=\"display:block!important; line-height: 0;\"><span style=\"color: #ffffff;\">Escolha a sua \u00e1rea.<\/span><\/p>\n<a target=\"_blank\" href=\"https:\/\/www.estrategiaconcursos.com.br\/assinaturas-ecj\/\" rel=\"noopener\"><button style=\"border-radius: 10px; text-transform: capitalize;\">Acessar<\/button><\/a>\n<\/div><\/div>\n","protected":false},"excerpt":{"rendered":"Ol\u00e1, pessoal, tudo certo?! Em 20\/08\/2023, foi aplicada a prova objetiva do concurso p\u00fablico para Promotor de Justi\u00e7a&hellip;\n","protected":false},"author":12,"featured_media":37810,"comment_status":"open","ping_status":"open","sticky":false,"template":"","format":"standard","meta":{"_jetpack_memberships_contains_paid_content":false,"footnotes":""},"categories":[25],"tags":[],"tax_estado":[41],"class_list":{"0":"post-44470","1":"post","2":"type-post","3":"status-publish","4":"format-standard","5":"has-post-thumbnail","7":"category-promotoria","8":"tax_estado-mg"},"acf":[],"yoast_head":"<!-- This site is optimized with the Yoast SEO Premium plugin v27.4 (Yoast SEO v27.4) - https:\/\/yoast.com\/product\/yoast-seo-premium-wordpress\/ -->\n<title>Prova comentada Direito Penal e Criminologia MP MG Promotor<\/title>\n<meta name=\"description\" content=\"Prova comentada Direito Penal e Criminologia MP MG Promotor: confira as suas respostas e tire suas d\u00favidas AQUI!\" \/>\n<meta name=\"robots\" content=\"index, follow, max-snippet:-1, max-image-preview:large, max-video-preview:-1\" \/>\n<link rel=\"canonical\" href=\"https:\/\/cj.estrategia.com\/portal\/prova-comentada-direito-penal-e-criminologia-mp-mg-promotor\/\" \/>\n<meta property=\"og:locale\" content=\"pt_BR\" \/>\n<meta property=\"og:type\" content=\"article\" \/>\n<meta property=\"og:title\" content=\"Prova comentada Direito Penal e Criminologia MP MG Promotor\" \/>\n<meta property=\"og:description\" content=\"Prova comentada Direito Penal e Criminologia MP MG Promotor: confira as suas respostas e tire suas d\u00favidas AQUI!\" \/>\n<meta property=\"og:url\" content=\"https:\/\/cj.estrategia.com\/portal\/prova-comentada-direito-penal-e-criminologia-mp-mg-promotor\/\" \/>\n<meta property=\"og:site_name\" content=\"Blog - Carreiras Jur\u00eddicas - Estrat\u00e9gia\" \/>\n<meta property=\"article:publisher\" content=\"https:\/\/www.facebook.com\/estrategiacarreirajuridica\/\" \/>\n<meta property=\"article:published_time\" content=\"2023-08-24T01:08:30+00:00\" \/>\n<meta property=\"article:modified_time\" content=\"2023-08-24T01:08:32+00:00\" \/>\n<meta property=\"og:image\" content=\"https:\/\/cj.estrategia.com\/portal\/wp-content\/uploads\/2023\/06\/01151608\/MP-MG-Promotor.jpg\" \/>\n\t<meta property=\"og:image:width\" content=\"960\" \/>\n\t<meta property=\"og:image:height\" content=\"540\" \/>\n\t<meta property=\"og:image:type\" content=\"image\/jpeg\" \/>\n<meta name=\"author\" content=\"Coordena\u00e7\u00e3o\" \/>\n<meta name=\"twitter:card\" content=\"summary_large_image\" \/>\n<meta name=\"twitter:creator\" content=\"@EstratJuridica\" \/>\n<meta name=\"twitter:site\" content=\"@EstratJuridica\" \/>\n<meta name=\"twitter:label1\" content=\"Escrito por\" \/>\n\t<meta name=\"twitter:data1\" content=\"Coordena\u00e7\u00e3o\" \/>\n\t<meta name=\"twitter:label2\" content=\"Est. tempo de leitura\" \/>\n\t<meta name=\"twitter:data2\" content=\"16 minutos\" \/>\n<script type=\"application\/ld+json\" class=\"yoast-schema-graph\">{\"@context\":\"https:\\\/\\\/schema.org\",\"@graph\":[{\"@type\":\"NewsArticle\",\"@id\":\"https:\\\/\\\/cj.estrategia.com\\\/portal\\\/prova-comentada-direito-penal-e-criminologia-mp-mg-promotor\\\/#article\",\"isPartOf\":{\"@id\":\"https:\\\/\\\/cj.estrategia.com\\\/portal\\\/prova-comentada-direito-penal-e-criminologia-mp-mg-promotor\\\/\"},\"author\":{\"name\":\"Coordena\u00e7\u00e3o\",\"@id\":\"https:\\\/\\\/cj.estrategia.com\\\/portal\\\/#\\\/schema\\\/person\\\/4d70317d31449932b99102916b6637f5\"},\"headline\":\"Prova comentada Direito Penal e Criminologia MP MG Promotor\",\"datePublished\":\"2023-08-24T01:08:30+00:00\",\"dateModified\":\"2023-08-24T01:08:32+00:00\",\"mainEntityOfPage\":{\"@id\":\"https:\\\/\\\/cj.estrategia.com\\\/portal\\\/prova-comentada-direito-penal-e-criminologia-mp-mg-promotor\\\/\"},\"wordCount\":3182,\"commentCount\":0,\"publisher\":{\"@id\":\"https:\\\/\\\/cj.estrategia.com\\\/portal\\\/#organization\"},\"image\":{\"@id\":\"https:\\\/\\\/cj.estrategia.com\\\/portal\\\/prova-comentada-direito-penal-e-criminologia-mp-mg-promotor\\\/#primaryimage\"},\"thumbnailUrl\":\"https:\\\/\\\/cj.estrategia.com\\\/portal\\\/wp-content\\\/uploads\\\/2023\\\/06\\\/01151608\\\/MP-MG-Promotor.jpg\",\"articleSection\":[\"Promotoria\"],\"inLanguage\":\"pt-BR\",\"potentialAction\":[{\"@type\":\"CommentAction\",\"name\":\"Comment\",\"target\":[\"https:\\\/\\\/cj.estrategia.com\\\/portal\\\/prova-comentada-direito-penal-e-criminologia-mp-mg-promotor\\\/#respond\"]}]},{\"@type\":\"WebPage\",\"@id\":\"https:\\\/\\\/cj.estrategia.com\\\/portal\\\/prova-comentada-direito-penal-e-criminologia-mp-mg-promotor\\\/\",\"url\":\"https:\\\/\\\/cj.estrategia.com\\\/portal\\\/prova-comentada-direito-penal-e-criminologia-mp-mg-promotor\\\/\",\"name\":\"Prova comentada Direito Penal e Criminologia MP MG Promotor\",\"isPartOf\":{\"@id\":\"https:\\\/\\\/cj.estrategia.com\\\/portal\\\/#website\"},\"primaryImageOfPage\":{\"@id\":\"https:\\\/\\\/cj.estrategia.com\\\/portal\\\/prova-comentada-direito-penal-e-criminologia-mp-mg-promotor\\\/#primaryimage\"},\"image\":{\"@id\":\"https:\\\/\\\/cj.estrategia.com\\\/portal\\\/prova-comentada-direito-penal-e-criminologia-mp-mg-promotor\\\/#primaryimage\"},\"thumbnailUrl\":\"https:\\\/\\\/cj.estrategia.com\\\/portal\\\/wp-content\\\/uploads\\\/2023\\\/06\\\/01151608\\\/MP-MG-Promotor.jpg\",\"datePublished\":\"2023-08-24T01:08:30+00:00\",\"dateModified\":\"2023-08-24T01:08:32+00:00\",\"description\":\"Prova comentada Direito Penal e Criminologia MP MG Promotor: confira as suas respostas e tire suas d\u00favidas AQUI!\",\"breadcrumb\":{\"@id\":\"https:\\\/\\\/cj.estrategia.com\\\/portal\\\/prova-comentada-direito-penal-e-criminologia-mp-mg-promotor\\\/#breadcrumb\"},\"inLanguage\":\"pt-BR\",\"potentialAction\":[{\"@type\":\"ReadAction\",\"target\":[\"https:\\\/\\\/cj.estrategia.com\\\/portal\\\/prova-comentada-direito-penal-e-criminologia-mp-mg-promotor\\\/\"]}]},{\"@type\":\"ImageObject\",\"inLanguage\":\"pt-BR\",\"@id\":\"https:\\\/\\\/cj.estrategia.com\\\/portal\\\/prova-comentada-direito-penal-e-criminologia-mp-mg-promotor\\\/#primaryimage\",\"url\":\"https:\\\/\\\/cj.estrategia.com\\\/portal\\\/wp-content\\\/uploads\\\/2023\\\/06\\\/01151608\\\/MP-MG-Promotor.jpg\",\"contentUrl\":\"https:\\\/\\\/cj.estrategia.com\\\/portal\\\/wp-content\\\/uploads\\\/2023\\\/06\\\/01151608\\\/MP-MG-Promotor.jpg\",\"width\":960,\"height\":540},{\"@type\":\"BreadcrumbList\",\"@id\":\"https:\\\/\\\/cj.estrategia.com\\\/portal\\\/prova-comentada-direito-penal-e-criminologia-mp-mg-promotor\\\/#breadcrumb\",\"itemListElement\":[{\"@type\":\"ListItem\",\"position\":1,\"name\":\"In\u00edcio\",\"item\":\"https:\\\/\\\/cj.estrategia.com\\\/portal\\\/\"},{\"@type\":\"ListItem\",\"position\":2,\"name\":\"Prova comentada Direito Penal e Criminologia MP MG Promotor\"}]},{\"@type\":\"WebSite\",\"@id\":\"https:\\\/\\\/cj.estrategia.com\\\/portal\\\/#website\",\"url\":\"https:\\\/\\\/cj.estrategia.com\\\/portal\\\/\",\"name\":\"Blog - Carreiras Jur\u00eddicas - Estrat\u00e9gia\",\"description\":\"\",\"publisher\":{\"@id\":\"https:\\\/\\\/cj.estrategia.com\\\/portal\\\/#organization\"},\"potentialAction\":[{\"@type\":\"SearchAction\",\"target\":{\"@type\":\"EntryPoint\",\"urlTemplate\":\"https:\\\/\\\/cj.estrategia.com\\\/portal\\\/?s={search_term_string}\"},\"query-input\":{\"@type\":\"PropertyValueSpecification\",\"valueRequired\":true,\"valueName\":\"search_term_string\"}}],\"inLanguage\":\"pt-BR\"},{\"@type\":\"Organization\",\"@id\":\"https:\\\/\\\/cj.estrategia.com\\\/portal\\\/#organization\",\"name\":\"Estrat\u00e9gia - Carreiras Jur\u00eddicas\",\"url\":\"https:\\\/\\\/cj.estrategia.com\\\/portal\\\/\",\"logo\":{\"@type\":\"ImageObject\",\"inLanguage\":\"pt-BR\",\"@id\":\"https:\\\/\\\/cj.estrategia.com\\\/portal\\\/#\\\/schema\\\/logo\\\/image\\\/\",\"url\":\"https:\\\/\\\/cj.estrategia.com\\\/portal\\\/wp-content\\\/uploads\\\/2022\\\/03\\\/11151052\\\/cj-logo.png\",\"contentUrl\":\"https:\\\/\\\/cj.estrategia.com\\\/portal\\\/wp-content\\\/uploads\\\/2022\\\/03\\\/11151052\\\/cj-logo.png\",\"width\":150,\"height\":39,\"caption\":\"Estrat\u00e9gia - Carreiras Jur\u00eddicas\"},\"image\":{\"@id\":\"https:\\\/\\\/cj.estrategia.com\\\/portal\\\/#\\\/schema\\\/logo\\\/image\\\/\"},\"sameAs\":[\"https:\\\/\\\/www.facebook.com\\\/estrategiacarreirajuridica\\\/\",\"https:\\\/\\\/x.com\\\/EstratJuridica\",\"https:\\\/\\\/www.instagram.com\\\/estrategiacarreirajuridica\\\/\",\"https:\\\/\\\/www.youtube.com\\\/channel\\\/UClbMGuYbj2Mh1m3w144ETWQ\"]},{\"@type\":\"Person\",\"@id\":\"https:\\\/\\\/cj.estrategia.com\\\/portal\\\/#\\\/schema\\\/person\\\/4d70317d31449932b99102916b6637f5\",\"name\":\"Coordena\u00e7\u00e3o\",\"image\":{\"@type\":\"ImageObject\",\"inLanguage\":\"pt-BR\",\"@id\":\"https:\\\/\\\/cj.estrategia.com\\\/portal\\\/wp-content\\\/uploads\\\/2022\\\/05\\\/12164923\\\/estrategia-carreira-juridica-coordenacao-96x96.png\",\"url\":\"https:\\\/\\\/cj.estrategia.com\\\/portal\\\/wp-content\\\/uploads\\\/2022\\\/05\\\/12164923\\\/estrategia-carreira-juridica-coordenacao-96x96.png\",\"contentUrl\":\"https:\\\/\\\/cj.estrategia.com\\\/portal\\\/wp-content\\\/uploads\\\/2022\\\/05\\\/12164923\\\/estrategia-carreira-juridica-coordenacao-96x96.png\",\"caption\":\"Coordena\u00e7\u00e3o\"},\"url\":\"https:\\\/\\\/cj.estrategia.com\\\/portal\\\/author\\\/coordenacao\\\/\"}]}<\/script>\n<!-- \/ Yoast SEO Premium plugin. -->","yoast_head_json":{"title":"Prova comentada Direito Penal e Criminologia MP MG Promotor","description":"Prova comentada Direito Penal e Criminologia MP MG Promotor: confira as suas respostas e tire suas d\u00favidas AQUI!","robots":{"index":"index","follow":"follow","max-snippet":"max-snippet:-1","max-image-preview":"max-image-preview:large","max-video-preview":"max-video-preview:-1"},"canonical":"https:\/\/cj.estrategia.com\/portal\/prova-comentada-direito-penal-e-criminologia-mp-mg-promotor\/","og_locale":"pt_BR","og_type":"article","og_title":"Prova comentada Direito Penal e Criminologia MP MG Promotor","og_description":"Prova comentada Direito Penal e Criminologia MP MG Promotor: confira as suas respostas e tire suas d\u00favidas AQUI!","og_url":"https:\/\/cj.estrategia.com\/portal\/prova-comentada-direito-penal-e-criminologia-mp-mg-promotor\/","og_site_name":"Blog - Carreiras Jur\u00eddicas - Estrat\u00e9gia","article_publisher":"https:\/\/www.facebook.com\/estrategiacarreirajuridica\/","article_published_time":"2023-08-24T01:08:30+00:00","article_modified_time":"2023-08-24T01:08:32+00:00","og_image":[{"width":960,"height":540,"url":"https:\/\/cj.estrategia.com\/portal\/wp-content\/uploads\/2023\/06\/01151608\/MP-MG-Promotor.jpg","type":"image\/jpeg"}],"author":"Coordena\u00e7\u00e3o","twitter_card":"summary_large_image","twitter_creator":"@EstratJuridica","twitter_site":"@EstratJuridica","twitter_misc":{"Escrito por":"Coordena\u00e7\u00e3o","Est. tempo de leitura":"16 minutos"},"schema":{"@context":"https:\/\/schema.org","@graph":[{"@type":"NewsArticle","@id":"https:\/\/cj.estrategia.com\/portal\/prova-comentada-direito-penal-e-criminologia-mp-mg-promotor\/#article","isPartOf":{"@id":"https:\/\/cj.estrategia.com\/portal\/prova-comentada-direito-penal-e-criminologia-mp-mg-promotor\/"},"author":{"name":"Coordena\u00e7\u00e3o","@id":"https:\/\/cj.estrategia.com\/portal\/#\/schema\/person\/4d70317d31449932b99102916b6637f5"},"headline":"Prova comentada Direito Penal e Criminologia MP MG Promotor","datePublished":"2023-08-24T01:08:30+00:00","dateModified":"2023-08-24T01:08:32+00:00","mainEntityOfPage":{"@id":"https:\/\/cj.estrategia.com\/portal\/prova-comentada-direito-penal-e-criminologia-mp-mg-promotor\/"},"wordCount":3182,"commentCount":0,"publisher":{"@id":"https:\/\/cj.estrategia.com\/portal\/#organization"},"image":{"@id":"https:\/\/cj.estrategia.com\/portal\/prova-comentada-direito-penal-e-criminologia-mp-mg-promotor\/#primaryimage"},"thumbnailUrl":"https:\/\/cj.estrategia.com\/portal\/wp-content\/uploads\/2023\/06\/01151608\/MP-MG-Promotor.jpg","articleSection":["Promotoria"],"inLanguage":"pt-BR","potentialAction":[{"@type":"CommentAction","name":"Comment","target":["https:\/\/cj.estrategia.com\/portal\/prova-comentada-direito-penal-e-criminologia-mp-mg-promotor\/#respond"]}]},{"@type":"WebPage","@id":"https:\/\/cj.estrategia.com\/portal\/prova-comentada-direito-penal-e-criminologia-mp-mg-promotor\/","url":"https:\/\/cj.estrategia.com\/portal\/prova-comentada-direito-penal-e-criminologia-mp-mg-promotor\/","name":"Prova comentada Direito Penal e Criminologia MP MG Promotor","isPartOf":{"@id":"https:\/\/cj.estrategia.com\/portal\/#website"},"primaryImageOfPage":{"@id":"https:\/\/cj.estrategia.com\/portal\/prova-comentada-direito-penal-e-criminologia-mp-mg-promotor\/#primaryimage"},"image":{"@id":"https:\/\/cj.estrategia.com\/portal\/prova-comentada-direito-penal-e-criminologia-mp-mg-promotor\/#primaryimage"},"thumbnailUrl":"https:\/\/cj.estrategia.com\/portal\/wp-content\/uploads\/2023\/06\/01151608\/MP-MG-Promotor.jpg","datePublished":"2023-08-24T01:08:30+00:00","dateModified":"2023-08-24T01:08:32+00:00","description":"Prova comentada Direito Penal e Criminologia MP MG Promotor: confira as suas respostas e tire suas d\u00favidas AQUI!","breadcrumb":{"@id":"https:\/\/cj.estrategia.com\/portal\/prova-comentada-direito-penal-e-criminologia-mp-mg-promotor\/#breadcrumb"},"inLanguage":"pt-BR","potentialAction":[{"@type":"ReadAction","target":["https:\/\/cj.estrategia.com\/portal\/prova-comentada-direito-penal-e-criminologia-mp-mg-promotor\/"]}]},{"@type":"ImageObject","inLanguage":"pt-BR","@id":"https:\/\/cj.estrategia.com\/portal\/prova-comentada-direito-penal-e-criminologia-mp-mg-promotor\/#primaryimage","url":"https:\/\/cj.estrategia.com\/portal\/wp-content\/uploads\/2023\/06\/01151608\/MP-MG-Promotor.jpg","contentUrl":"https:\/\/cj.estrategia.com\/portal\/wp-content\/uploads\/2023\/06\/01151608\/MP-MG-Promotor.jpg","width":960,"height":540},{"@type":"BreadcrumbList","@id":"https:\/\/cj.estrategia.com\/portal\/prova-comentada-direito-penal-e-criminologia-mp-mg-promotor\/#breadcrumb","itemListElement":[{"@type":"ListItem","position":1,"name":"In\u00edcio","item":"https:\/\/cj.estrategia.com\/portal\/"},{"@type":"ListItem","position":2,"name":"Prova comentada Direito Penal e Criminologia MP MG Promotor"}]},{"@type":"WebSite","@id":"https:\/\/cj.estrategia.com\/portal\/#website","url":"https:\/\/cj.estrategia.com\/portal\/","name":"Blog - Carreiras Jur\u00eddicas - Estrat\u00e9gia","description":"","publisher":{"@id":"https:\/\/cj.estrategia.com\/portal\/#organization"},"potentialAction":[{"@type":"SearchAction","target":{"@type":"EntryPoint","urlTemplate":"https:\/\/cj.estrategia.com\/portal\/?s={search_term_string}"},"query-input":{"@type":"PropertyValueSpecification","valueRequired":true,"valueName":"search_term_string"}}],"inLanguage":"pt-BR"},{"@type":"Organization","@id":"https:\/\/cj.estrategia.com\/portal\/#organization","name":"Estrat\u00e9gia - Carreiras Jur\u00eddicas","url":"https:\/\/cj.estrategia.com\/portal\/","logo":{"@type":"ImageObject","inLanguage":"pt-BR","@id":"https:\/\/cj.estrategia.com\/portal\/#\/schema\/logo\/image\/","url":"https:\/\/cj.estrategia.com\/portal\/wp-content\/uploads\/2022\/03\/11151052\/cj-logo.png","contentUrl":"https:\/\/cj.estrategia.com\/portal\/wp-content\/uploads\/2022\/03\/11151052\/cj-logo.png","width":150,"height":39,"caption":"Estrat\u00e9gia - Carreiras Jur\u00eddicas"},"image":{"@id":"https:\/\/cj.estrategia.com\/portal\/#\/schema\/logo\/image\/"},"sameAs":["https:\/\/www.facebook.com\/estrategiacarreirajuridica\/","https:\/\/x.com\/EstratJuridica","https:\/\/www.instagram.com\/estrategiacarreirajuridica\/","https:\/\/www.youtube.com\/channel\/UClbMGuYbj2Mh1m3w144ETWQ"]},{"@type":"Person","@id":"https:\/\/cj.estrategia.com\/portal\/#\/schema\/person\/4d70317d31449932b99102916b6637f5","name":"Coordena\u00e7\u00e3o","image":{"@type":"ImageObject","inLanguage":"pt-BR","@id":"https:\/\/cj.estrategia.com\/portal\/wp-content\/uploads\/2022\/05\/12164923\/estrategia-carreira-juridica-coordenacao-96x96.png","url":"https:\/\/cj.estrategia.com\/portal\/wp-content\/uploads\/2022\/05\/12164923\/estrategia-carreira-juridica-coordenacao-96x96.png","contentUrl":"https:\/\/cj.estrategia.com\/portal\/wp-content\/uploads\/2022\/05\/12164923\/estrategia-carreira-juridica-coordenacao-96x96.png","caption":"Coordena\u00e7\u00e3o"},"url":"https:\/\/cj.estrategia.com\/portal\/author\/coordenacao\/"}]}},"jetpack_featured_media_url":"https:\/\/cj.estrategia.com\/portal\/wp-content\/uploads\/2023\/06\/01151608\/MP-MG-Promotor.jpg","jetpack_sharing_enabled":true,"_links":{"self":[{"href":"https:\/\/cj.estrategia.com\/portal\/wp-json\/wp\/v2\/posts\/44470","targetHints":{"allow":["GET"]}}],"collection":[{"href":"https:\/\/cj.estrategia.com\/portal\/wp-json\/wp\/v2\/posts"}],"about":[{"href":"https:\/\/cj.estrategia.com\/portal\/wp-json\/wp\/v2\/types\/post"}],"author":[{"embeddable":true,"href":"https:\/\/cj.estrategia.com\/portal\/wp-json\/wp\/v2\/users\/12"}],"replies":[{"embeddable":true,"href":"https:\/\/cj.estrategia.com\/portal\/wp-json\/wp\/v2\/comments?post=44470"}],"version-history":[{"count":1,"href":"https:\/\/cj.estrategia.com\/portal\/wp-json\/wp\/v2\/posts\/44470\/revisions"}],"predecessor-version":[{"id":44471,"href":"https:\/\/cj.estrategia.com\/portal\/wp-json\/wp\/v2\/posts\/44470\/revisions\/44471"}],"wp:featuredmedia":[{"embeddable":true,"href":"https:\/\/cj.estrategia.com\/portal\/wp-json\/wp\/v2\/media\/37810"}],"wp:attachment":[{"href":"https:\/\/cj.estrategia.com\/portal\/wp-json\/wp\/v2\/media?parent=44470"}],"wp:term":[{"taxonomy":"category","embeddable":true,"href":"https:\/\/cj.estrategia.com\/portal\/wp-json\/wp\/v2\/categories?post=44470"},{"taxonomy":"post_tag","embeddable":true,"href":"https:\/\/cj.estrategia.com\/portal\/wp-json\/wp\/v2\/tags?post=44470"},{"taxonomy":"tax_estado","embeddable":true,"href":"https:\/\/cj.estrategia.com\/portal\/wp-json\/wp\/v2\/tax_estado?post=44470"}],"curies":[{"name":"wp","href":"https:\/\/api.w.org\/{rel}","templated":true}]}}