{"id":44456,"date":"2023-08-23T21:49:00","date_gmt":"2023-08-24T00:49:00","guid":{"rendered":"https:\/\/cj.estrategia.com\/portal\/?p=44456"},"modified":"2023-08-23T21:49:02","modified_gmt":"2023-08-24T00:49:02","slug":"prova-comentada-direito-financeiro-e-tributario-mp-mg-promotor","status":"publish","type":"post","link":"https:\/\/cj.estrategia.com\/portal\/prova-comentada-direito-financeiro-e-tributario-mp-mg-promotor\/","title":{"rendered":"Prova comentada Direito Financeiro e Tribut\u00e1rio MP MG Promotor"},"content":{"rendered":"\n<p>Ol\u00e1, pessoal, tudo certo?!<\/p>\n\n\n\n<p>Em 20\/08\/2023, foi aplicada a prova objetiva do concurso p\u00fablico para <strong>Promotor de Justi\u00e7a do estado&nbsp; de Minas Gerais<\/strong>. Assim que disponibilizados o caderno de prova e o gabarito preliminar, nosso time de professores elaborou a <strong>PROVA COMENTADA<\/strong>.<\/p>\n\n\n\n<p>Este material visa a auxili\u00e1-los na aferi\u00e7\u00e3o das notas, elabora\u00e7\u00e3o de eventuais recursos, verifica\u00e7\u00e3o das chances de avan\u00e7o para fase discursiva, bem como na revis\u00e3o do conte\u00fado cobrado no certame.<\/p>\n\n\n\n<p>Desde j\u00e1, destacamos que nosso time de professores identificou 2 quest\u00f5es pass\u00edveis de recursos, por apresentarem duas ou nenhuma alternativa correta, como veremos adiante. No tipo de prova comentado, trata-se das quest\u00f5es 55 e 56.De modo complementar, elaboramos tamb\u00e9m o <a href=\"https:\/\/cj.estrategia.com\/cadernos-e-simulados\/simulados\/dd962091-c30a-4f80-8caa-970c811b21e9\"><strong>RANKING do MP-MG<\/strong>,<\/a> em que nossos alunos e seguidores poder\u00e3o inserir suas respostas \u00e0 prova, e, ao final, aferir sua nota, de acordo com o gabarito elaborado por nossos professores. Atrav\u00e9s do ranking, tamb\u00e9m poderemos estimar a nota de corte da 1\u00ba fase. <\/p>\n\n\n\n<p>Al\u00e9m disso, montamos um caderno para nossos seguidores, alunos ou n\u00e3o, verem os coment\u00e1rios e comentar as quest\u00f5es da prova: <a href=\"https:\/\/cj.estrategia.com\/cadernos-e-simulados\/cadernos\/c0140477-469f-4e2d-9cf1-097df0b66a86\"><strong>VEJA AQUI!<\/strong><\/a><\/p>\n\n\n\n<p>Por fim, comentamos na ter\u00e7a-feira, 22\/08, a prova, as quest\u00f5es mais pol\u00eamicas, bem como as possibilidades de recurso no <strong><a href=\"https:\/\/www.youtube.com\/@EstrategiaCarreiraJuridica\">TERM\u00d4METRO P\u00d3S-PROVA<\/a><\/strong>, no nosso canal do Youtube. Inscreva-se e ative as notifica\u00e7\u00f5es!<\/p>\n\n\n\n<p class=\"has-text-align-center has-pale-ocean-gradient-background has-background\"><a href=\"https:\/\/cj.estrategia.com\/portal\/provas-comentadas-concurso-mp-mg-promotor\/\">Confira AQUI todas as provas comentadas do concurso MP MG Promotor<\/a><\/p>\n\n\n\n<h2 class=\"wp-block-heading has-vivid-red-color has-text-color\" id=\"h-prova-comentada-direito-financeiro-e-tributario\"><span id=\"prova-comentada-direito-financeiro-e-tributario\">Prova comentada Direito Financeiro e Tribut\u00e1rio <\/span><\/h2>\n\n\n\n<p><strong>QUEST\u00c3O 16. Tem-se reconhecido de forma consolidada e perene \u2013 desde o leading case firmado no julgamento da ADI 939 (j. 15\/12\/93), no STF \u2013 que os princ\u00edpios constitucionais-tribut\u00e1rios, sendo normas jur\u00eddicas de alta densidade axiol\u00f3gica, que visam tutelar valores relevantes para o Estado de Direito, s\u00e3o qualificados como direitos fundamentais ou garantias individuais. Em raz\u00e3o de tal dimens\u00e3o, al\u00e7ados, inclusive, ao status de cl\u00e1usulas p\u00e9treas, os princ\u00edpios tribut\u00e1rios servem como essencial salvaguarda para o contribuinte, ao mesmo tempo em que se revelam ao Poder P\u00fablico como limita\u00e7\u00f5es ao poder de tributar. Neste sentido, assinale a alternativa INCORRETA:<\/strong><\/p>\n\n\n\n<p><strong>a) Norma legal que altera o prazo de recolhimento de obriga\u00e7\u00e3o tribut\u00e1ria n\u00e3o se sujeita ao princ\u00edpio da anterioridade.&nbsp;<\/strong><\/p>\n\n\n\n<p><strong>b) \u00c9 inconstitucional a majora\u00e7\u00e3o da base de c\u00e1lculo do IPTU sem edi\u00e7\u00e3o de lei em sentido formal, vedada a atualiza\u00e7\u00e3o, por ato do Executivo, em percentual superior aos \u00edndices oficiais de corre\u00e7\u00e3o monet\u00e1ria, mediante a publica\u00e7\u00e3o das chamadas \u2018Plantas de Valores\u2019.&nbsp;<\/strong><\/p>\n\n\n\n<p><strong>c) As custas e os emolumentos judiciais ou extrajudiciais t\u00eam car\u00e1ter tribut\u00e1rio de taxa. Logo, para sua institui\u00e7\u00e3o e cobran\u00e7a, devem observar-se as limita\u00e7\u00f5es constitucionais ao poder de tributar, entre elas, o princ\u00edpio da legalidade bem como o princ\u00edpio da anterioridade anual e nonagesimal.&nbsp;<\/strong><\/p>\n\n\n\n<p><strong>d) O princ\u00edpio da proibi\u00e7\u00e3o do confisco em mat\u00e9ria tribut\u00e1ria n\u00e3o se coaduna com o controle de constitucionalidade exercido pelo Supremo Tribunal Federal no que concerne \u00e0s multas fiscais.<\/strong><\/p>\n\n\n\n<p><strong>Coment\u00e1rios<\/strong><\/p>\n\n\n\n<p>A alternativa correta a ser assinada \u00e9 a <strong>letra D<\/strong>, tendo em vista que a jurisprud\u00eancia do STF, que possui entendimento no sentido de que: \u201c[&#8230;] o valor da obriga\u00e7\u00e3o principal deve funcionar como limitador da norma sancionat\u00f3ria, de modo que a abusividade revela-se nas multas arbitradas acima do montante de 100%. Entendimento que n\u00e3o se aplica \u00e0s multas morat\u00f3rias, que devem ficar circunscritas ao valor de 20% (ARE n\u00ba 938.538, Rel. Min. Roberto Barroso, julgado em 29\/09\/2016)\u201d. Logo, o controle de constitucionalidade realizado pelo STF se coaduna com a proibi\u00e7\u00e3o do confisco em rela\u00e7\u00e3o \u00e0s multas fiscais, raz\u00e3o pela qual a alternativa est\u00e1 incorreta e \u00e9 o gabarito da quest\u00e3o.<\/p>\n\n\n\n<p>A alternativa A est\u00e1 incorreta, pois est\u00e1 de acordo com a S\u00famula Vinculante n\u00ba 50: \u201cNorma legal que altera o prazo de recolhimento de obriga\u00e7\u00e3o tribut\u00e1ria n\u00e3o se sujeita ao princ\u00edpio da anterioridade\u201d.<\/p>\n\n\n\n<p>A alternativa B est\u00e1 incorreta, pois de acordo com o STF, \u00e9 inconstitucional a majora\u00e7\u00e3o, sem edi\u00e7\u00e3o de lei em sentido formal, do valor venal de im\u00f3veis para efeito de cobran\u00e7a do IPTU acima dos \u00edndices oficiais de corre\u00e7\u00e3o monet\u00e1ria (RE n\u00ba 648.245\/MG, Rel. Min. Gilmar Mendes, julgado em 1\/8\/2013 (repercuss\u00e3o geral), Informativo n\u00ba 713). Al\u00e9m disso, disp\u00f5e&nbsp; a S\u00famula n\u00ba 160 do STJ que: \u201c\u00c9 defeso, ao Munic\u00edpio, atualizar o IPTU, mediante decreto, em percentual superior ao \u00edndice oficial de corre\u00e7\u00e3o monet\u00e1ria\u201d.<\/p>\n\n\n\n<p>A alternativa C est\u00e1 incorreta, pois est\u00e1 de acordo com a jurisprud\u00eancia do STF: \u201d[&#8230;] as custas judiciais e os emolumentos concernentes aos servi\u00e7os notariais e registrais possuem natureza tribut\u00e1ria, qualificando-se como taxas remunerat\u00f3rias de servi\u00e7os p\u00fablicos, sujeitando-se, em conseq\u00fc\u00eancia, quer no que concerne \u00e0 sua institui\u00e7\u00e3o e majora\u00e7\u00e3o, quer no que se refere \u00e0 sua exigibilidade, ao regime jur\u00eddico-constitucional pertinente a essa especial modalidade de tributo vinculado, notadamente aos princ\u00edpios fundamentais que proclamam, dentre outras, as garantias essenciais (a) da reserva de compet\u00eancia impositiva, (b) da legalidade, (c) da isonomia e (d) da anterioridade&#8221;. (ADI\/MC n\u00ba 1378\/ES).<\/p>\n\n\n\n<p><strong>QUEST\u00c3O 17. O primado do ordenamento constitucional democr\u00e1tico assentado no Estado de Direito pressup\u00f5e uma transparente responsabilidade do Estado e, em especial, do Governo. (STF \u2013 MS n\u00ba 33.340, rel. Min. Luiz Fux, DJe 03\/08\/2015).&nbsp;<\/strong><\/p>\n\n\n\n<p><strong>A atividade financeira do Estado, portanto, n\u00e3o se exime do crivo do controle externo e interno, como fator de validade e legitimidade, de sorte que a ordem normativa, em especial, a Carta Magna de 1988 estabeleceu um sistema de acompanhamento e fiscaliza\u00e7\u00e3o do or\u00e7amento p\u00fablico. A Lei de Responsabilidade Fiscal disp\u00f4s, igualmente, de uma s\u00e9rie de instrumentos visando disciplinar o limite de gastos, a realiza\u00e7\u00e3o de despesas, o endividamento, a lisura e integridade na presta\u00e7\u00e3o das contas, sob pena de responsabiliza\u00e7\u00e3o institucional, ao pr\u00f3prio Ente federativo, bem como san\u00e7\u00f5es pessoais ao agente p\u00fablico, de ordem pol\u00edtica, administrativa ou penal.&nbsp;<\/strong><\/p>\n\n\n\n<p><strong>\u00c9 neste cen\u00e1rio, na administra\u00e7\u00e3o de recursos p\u00fablicos, que se revelam significativas as altera\u00e7\u00f5es referentes \u00e0s emendas impositivas destinadas aos parlamentares para apresenta\u00e7\u00e3o ao projeto de lei or\u00e7ament\u00e1ria anual e destina\u00e7\u00e3o aos Estados e Munic\u00edpios. Neste sentido, assinale a alternativa CORRETA:<\/strong><\/p>\n\n\n\n<p><strong>a) Os recursos transferidos aos Estados e Munic\u00edpios por meio das emendas individuais impositivas integrar\u00e3o a receita dos respectivos Entes para fins de endividamento, reparti\u00e7\u00e3o e para o c\u00e1lculo dos limites da despesa com pessoal ativo e inativo.&nbsp;<\/strong><\/p>\n\n\n\n<p><strong>b) Em casos excepcionais, devidamente motivados pelo gestor p\u00fablico, \u00e9 poss\u00edvel a aplica\u00e7\u00e3o dos recursos provenientes das emendas parlamentares individuais para o pagamento de despesas com pessoal e encargos sociais relativas aos ativos e inativos, bem como pensionistas.&nbsp;<\/strong><\/p>\n\n\n\n<p><strong>c) Os recursos advindos das emendas individuais impositivas ser\u00e3o alocados por meio de transfer\u00eancia especial, sendo que o montante ser\u00e1 repassado diretamente ao ente federado beneficiado, independentemente de celebra\u00e7\u00e3o de conv\u00eanio ou de instrumento cong\u00eanere; ou, ent\u00e3o, por meio de transfer\u00eancia com finalidade definida, sendo que os recursos ser\u00e3o vinculados \u00e0 programa\u00e7\u00e3o estabelecida na emenda.<\/strong><\/p>\n\n\n\n<p><strong>d) As emendas individuais ao projeto de lei or\u00e7ament\u00e1ria ser\u00e3o aprovadas no limite de 2% (dois por cento) da receita corrente l\u00edquida do exerc\u00edcio anterior ao do encaminhamento do projeto, devendo a totalidade desse percentual ser destinada a a\u00e7\u00f5es e servi\u00e7os p\u00fablicos de sa\u00fade.<\/strong><\/p>\n\n\n\n<p><strong>Coment\u00e1rios<\/strong><\/p>\n\n\n\n<p>A alternativa correta \u00e9 a <strong>letra C<\/strong>, pois est\u00e1 de acordo com o art. 166-A, I e II, \u00a7 2\u00ba, I e \u00a7 4\u00ba, I, da Constitui\u00e7\u00e3o Federal: \u201cArt. 166-A. As emendas individuais impositivas apresentadas ao projeto de lei or\u00e7ament\u00e1ria anual poder\u00e3o alocar recursos a Estados, ao Distrito Federal e a Munic\u00edpios por meio de: I &#8211; transfer\u00eancia especial; ou II &#8211; transfer\u00eancia com finalidade definida. [&#8230;] \u00a7 2\u00ba Na transfer\u00eancia especial a que se refere o inciso I do caput deste artigo, os recursos: I &#8211; ser\u00e3o repassados diretamente ao ente federado beneficiado, independentemente de celebra\u00e7\u00e3o de conv\u00eanio ou de instrumento cong\u00eanere; [&#8230;] \u00a7 4\u00ba Na transfer\u00eancia com finalidade definida a que se refere o inciso II do caput deste artigo, os recursos ser\u00e3o: I &#8211; vinculados \u00e0 programa\u00e7\u00e3o estabelecida na emenda parlamentar\u201d.<\/p>\n\n\n\n<p>A alternativa A est\u00e1 incorreta, pois conforme o art. 166-A, \u00a7 1\u00ba, da Constitui\u00e7\u00e3o: \u201cArt. 166-A. [&#8230;] \u00a7 1\u00ba Os recursos transferidos na forma do caput deste artigo n\u00e3o integrar\u00e3o a receita do Estado, do Distrito Federal e dos Munic\u00edpios para fins de reparti\u00e7\u00e3o e para o c\u00e1lculo dos limites da despesa com pessoal ativo e inativo, nos termos do \u00a7 16 do art. 166, e de endividamento do ente federado, vedada, em qualquer caso, a aplica\u00e7\u00e3o dos recursos a que se refere o caput deste artigo no pagamento de:\u201d.<\/p>\n\n\n\n<p>A alternativa B est\u00e1 incorreta, pois conforme a parte final do art. 166-A, \u00a7 1\u00ba, da Constitui\u00e7\u00e3o: \u201cArt. 166-A. [&#8230;] \u00a7 1\u00ba Os recursos transferidos na forma do caput deste artigo n\u00e3o integrar\u00e3o a receita do Estado, do Distrito Federal e dos Munic\u00edpios para fins de reparti\u00e7\u00e3o e para o c\u00e1lculo dos limites da despesa com pessoal ativo e inativo, nos termos do \u00a7 16 do art. 166, e de endividamento do ente federado, vedada, em qualquer caso, a aplica\u00e7\u00e3o dos recursos a que se refere o caput deste artigo no pagamento de: I &#8211; despesas com pessoal e encargos sociais relativas a ativos e inativos, e com pensionistas; e II &#8211; encargos referentes ao servi\u00e7o da d\u00edvida\u201d.<\/p>\n\n\n\n<p>A alternativa D est\u00e1 incorreta, pois n\u00e3o \u00e9 a totalidade que deve ser encaminhada, mas a metade, conforme art. 166, \u00a7 9\u00ba, da Constitui\u00e7\u00e3o Federal: \u201cart, 166 [&#8230;] \u00a7 9\u00ba As emendas individuais ao projeto de lei or\u00e7ament\u00e1ria ser\u00e3o aprovadas no limite de 2% (dois por cento) da receita corrente l\u00edquida do exerc\u00edcio anterior ao do encaminhamento do projeto, observado que a metade desse percentual ser\u00e1 destinada a a\u00e7\u00f5es e servi\u00e7os p\u00fablicos de sa\u00fade. (Reda\u00e7\u00e3o dada pela Emenda Constitucional n\u00ba 126, de 2022)\u201d.<\/p>\n\n\n\n<p class=\"has-text-align-center has-luminous-vivid-amber-to-luminous-vivid-orange-gradient-background has-background\"><a href=\"https:\/\/cj.estrategia.com\/portal\/concurso-mp-mg-promotor\/\" target=\"_blank\" rel=\"noreferrer noopener nofollow\"><strong>Saiba mais: Concurso MP MG Promotor<\/strong><\/a><\/p>\n\n\n\n<h2 class=\"wp-block-heading has-text-align-center\" id=\"cursos\"><span id=\"quer-saber-tudo-sobre-concursos-previstosconfira-nossos-artigos\">Quer saber tudo sobre concursos previstos?<br><strong>Confira nossos artigos!<\/strong><\/span><\/h2>\n\n\n\n\n\n<h2 class=\"wp-block-heading has-text-align-center\" id=\"cursos-concurso-mpmg\"><span id=\"cursos-para-o-concurso-mp-mg-promotor\">Cursos para o concurso MP MG Promotor<\/span><\/h2>\n\n\n\n<div class=\"wp-block-cover\" style=\"min-height:155px;aspect-ratio:unset;\"><img decoding=\"async\" width=\"1890\" height=\"351\" class=\"wp-block-cover__image-background wp-image-8669\" alt=\"Assinaturas Jur\u00eddicas\" src=\"https:\/\/cj.estrategia.com\/portal\/wp-content\/uploads\/2022\/06\/20151253\/concurso-carreiras-juridicas-assinatura-juridica.jpg\" style=\"object-position:78% 43%\" data-object-fit=\"cover\" data-object-position=\"78% 43%\" srcset=\"https:\/\/cj.estrategia.com\/portal\/wp-content\/uploads\/2022\/06\/20151253\/concurso-carreiras-juridicas-assinatura-juridica.jpg 1890w, https:\/\/cj.estrategia.com\/portal\/wp-content\/uploads\/2022\/06\/20151253\/concurso-carreiras-juridicas-assinatura-juridica-300x56.jpg 300w, https:\/\/cj.estrategia.com\/portal\/wp-content\/uploads\/2022\/06\/20151253\/concurso-carreiras-juridicas-assinatura-juridica-1024x190.jpg 1024w, https:\/\/cj.estrategia.com\/portal\/wp-content\/uploads\/2022\/06\/20151253\/concurso-carreiras-juridicas-assinatura-juridica-768x143.jpg 768w, https:\/\/cj.estrategia.com\/portal\/wp-content\/uploads\/2022\/06\/20151253\/concurso-carreiras-juridicas-assinatura-juridica-1536x285.jpg 1536w, https:\/\/cj.estrategia.com\/portal\/wp-content\/uploads\/2022\/06\/20151253\/concurso-carreiras-juridicas-assinatura-juridica-380x71.jpg 380w, https:\/\/cj.estrategia.com\/portal\/wp-content\/uploads\/2022\/06\/20151253\/concurso-carreiras-juridicas-assinatura-juridica-800x149.jpg 800w, https:\/\/cj.estrategia.com\/portal\/wp-content\/uploads\/2022\/06\/20151253\/concurso-carreiras-juridicas-assinatura-juridica-1160x215.jpg 1160w\" sizes=\"(max-width: 1890px) 100vw, 1890px\" \/><span aria-hidden=\"true\" class=\"wp-block-cover__background has-background-dim\"><\/span><div class=\"wp-block-cover__inner-container is-layout-flow wp-block-cover-is-layout-flow\">\n<h3 id=\"faca-a-sua-assinatura\" class=\"titulo-assinatura\"><span style=\"color: #ffffff;\">Fa\u00e7a a sua assinatura!<\/span><\/h3>\n<p class=\"subtitulo-assinatura\" style=\"display:block!important; line-height: 0;\"><span style=\"color: #ffffff;\">Escolha a sua \u00e1rea.<\/span><\/p>\n<a target=\"_blank\" href=\"https:\/\/www.estrategiaconcursos.com.br\/assinaturas-ecj\/\" rel=\"noopener\"><button style=\"border-radius: 10px; text-transform: capitalize;\">Acessar<\/button><\/a>\n<\/div><\/div>\n","protected":false},"excerpt":{"rendered":"Ol\u00e1, pessoal, tudo certo?! Em 20\/08\/2023, foi aplicada a prova objetiva do concurso p\u00fablico para Promotor de Justi\u00e7a&hellip;\n","protected":false},"author":12,"featured_media":37810,"comment_status":"open","ping_status":"open","sticky":false,"template":"","format":"standard","meta":{"_jetpack_memberships_contains_paid_content":false,"footnotes":""},"categories":[25],"tags":[],"tax_estado":[41],"class_list":{"0":"post-44456","1":"post","2":"type-post","3":"status-publish","4":"format-standard","5":"has-post-thumbnail","7":"category-promotoria","8":"tax_estado-mg"},"acf":[],"yoast_head":"<!-- This site is optimized with the Yoast SEO Premium plugin v27.4 (Yoast SEO v27.4) - https:\/\/yoast.com\/product\/yoast-seo-premium-wordpress\/ -->\n<title>Prova comentada Direito Financeiro e Tribut\u00e1rio MP MG Promotor<\/title>\n<meta name=\"description\" content=\"Prova comentada Direito Financeiro e Tribut\u00e1rio MP MG Promotor: confira as suas respostas e tire suas d\u00favidas AQUI!\" \/>\n<meta name=\"robots\" content=\"index, follow, max-snippet:-1, max-image-preview:large, max-video-preview:-1\" \/>\n<link rel=\"canonical\" href=\"https:\/\/cj.estrategia.com\/portal\/prova-comentada-direito-financeiro-e-tributario-mp-mg-promotor\/\" \/>\n<meta property=\"og:locale\" content=\"pt_BR\" \/>\n<meta property=\"og:type\" content=\"article\" \/>\n<meta property=\"og:title\" content=\"Prova comentada Direito Financeiro e Tribut\u00e1rio MP MG Promotor\" \/>\n<meta property=\"og:description\" content=\"Prova comentada Direito Financeiro e Tribut\u00e1rio MP MG Promotor: confira as suas respostas e tire suas d\u00favidas AQUI!\" \/>\n<meta property=\"og:url\" content=\"https:\/\/cj.estrategia.com\/portal\/prova-comentada-direito-financeiro-e-tributario-mp-mg-promotor\/\" \/>\n<meta property=\"og:site_name\" content=\"Blog - Carreiras Jur\u00eddicas - Estrat\u00e9gia\" \/>\n<meta property=\"article:publisher\" content=\"https:\/\/www.facebook.com\/estrategiacarreirajuridica\/\" \/>\n<meta property=\"article:published_time\" content=\"2023-08-24T00:49:00+00:00\" \/>\n<meta property=\"article:modified_time\" content=\"2023-08-24T00:49:02+00:00\" \/>\n<meta property=\"og:image\" content=\"https:\/\/cj.estrategia.com\/portal\/wp-content\/uploads\/2023\/06\/01151608\/MP-MG-Promotor.jpg\" \/>\n\t<meta property=\"og:image:width\" content=\"960\" \/>\n\t<meta property=\"og:image:height\" content=\"540\" \/>\n\t<meta property=\"og:image:type\" content=\"image\/jpeg\" \/>\n<meta name=\"author\" content=\"Coordena\u00e7\u00e3o\" \/>\n<meta name=\"twitter:card\" content=\"summary_large_image\" \/>\n<meta name=\"twitter:creator\" content=\"@EstratJuridica\" \/>\n<meta name=\"twitter:site\" content=\"@EstratJuridica\" \/>\n<meta name=\"twitter:label1\" content=\"Escrito por\" \/>\n\t<meta name=\"twitter:data1\" content=\"Coordena\u00e7\u00e3o\" \/>\n\t<meta name=\"twitter:label2\" content=\"Est. tempo de leitura\" \/>\n\t<meta name=\"twitter:data2\" content=\"9 minutos\" \/>\n<script type=\"application\/ld+json\" class=\"yoast-schema-graph\">{\"@context\":\"https:\\\/\\\/schema.org\",\"@graph\":[{\"@type\":\"NewsArticle\",\"@id\":\"https:\\\/\\\/cj.estrategia.com\\\/portal\\\/prova-comentada-direito-financeiro-e-tributario-mp-mg-promotor\\\/#article\",\"isPartOf\":{\"@id\":\"https:\\\/\\\/cj.estrategia.com\\\/portal\\\/prova-comentada-direito-financeiro-e-tributario-mp-mg-promotor\\\/\"},\"author\":{\"name\":\"Coordena\u00e7\u00e3o\",\"@id\":\"https:\\\/\\\/cj.estrategia.com\\\/portal\\\/#\\\/schema\\\/person\\\/4d70317d31449932b99102916b6637f5\"},\"headline\":\"Prova comentada Direito Financeiro e Tribut\u00e1rio MP MG Promotor\",\"datePublished\":\"2023-08-24T00:49:00+00:00\",\"dateModified\":\"2023-08-24T00:49:02+00:00\",\"mainEntityOfPage\":{\"@id\":\"https:\\\/\\\/cj.estrategia.com\\\/portal\\\/prova-comentada-direito-financeiro-e-tributario-mp-mg-promotor\\\/\"},\"wordCount\":1725,\"commentCount\":0,\"publisher\":{\"@id\":\"https:\\\/\\\/cj.estrategia.com\\\/portal\\\/#organization\"},\"image\":{\"@id\":\"https:\\\/\\\/cj.estrategia.com\\\/portal\\\/prova-comentada-direito-financeiro-e-tributario-mp-mg-promotor\\\/#primaryimage\"},\"thumbnailUrl\":\"https:\\\/\\\/cj.estrategia.com\\\/portal\\\/wp-content\\\/uploads\\\/2023\\\/06\\\/01151608\\\/MP-MG-Promotor.jpg\",\"articleSection\":[\"Promotoria\"],\"inLanguage\":\"pt-BR\",\"potentialAction\":[{\"@type\":\"CommentAction\",\"name\":\"Comment\",\"target\":[\"https:\\\/\\\/cj.estrategia.com\\\/portal\\\/prova-comentada-direito-financeiro-e-tributario-mp-mg-promotor\\\/#respond\"]}]},{\"@type\":\"WebPage\",\"@id\":\"https:\\\/\\\/cj.estrategia.com\\\/portal\\\/prova-comentada-direito-financeiro-e-tributario-mp-mg-promotor\\\/\",\"url\":\"https:\\\/\\\/cj.estrategia.com\\\/portal\\\/prova-comentada-direito-financeiro-e-tributario-mp-mg-promotor\\\/\",\"name\":\"Prova comentada Direito Financeiro e Tribut\u00e1rio MP MG Promotor\",\"isPartOf\":{\"@id\":\"https:\\\/\\\/cj.estrategia.com\\\/portal\\\/#website\"},\"primaryImageOfPage\":{\"@id\":\"https:\\\/\\\/cj.estrategia.com\\\/portal\\\/prova-comentada-direito-financeiro-e-tributario-mp-mg-promotor\\\/#primaryimage\"},\"image\":{\"@id\":\"https:\\\/\\\/cj.estrategia.com\\\/portal\\\/prova-comentada-direito-financeiro-e-tributario-mp-mg-promotor\\\/#primaryimage\"},\"thumbnailUrl\":\"https:\\\/\\\/cj.estrategia.com\\\/portal\\\/wp-content\\\/uploads\\\/2023\\\/06\\\/01151608\\\/MP-MG-Promotor.jpg\",\"datePublished\":\"2023-08-24T00:49:00+00:00\",\"dateModified\":\"2023-08-24T00:49:02+00:00\",\"description\":\"Prova comentada Direito Financeiro e Tribut\u00e1rio MP MG Promotor: confira as suas respostas e tire suas d\u00favidas AQUI!\",\"breadcrumb\":{\"@id\":\"https:\\\/\\\/cj.estrategia.com\\\/portal\\\/prova-comentada-direito-financeiro-e-tributario-mp-mg-promotor\\\/#breadcrumb\"},\"inLanguage\":\"pt-BR\",\"potentialAction\":[{\"@type\":\"ReadAction\",\"target\":[\"https:\\\/\\\/cj.estrategia.com\\\/portal\\\/prova-comentada-direito-financeiro-e-tributario-mp-mg-promotor\\\/\"]}]},{\"@type\":\"ImageObject\",\"inLanguage\":\"pt-BR\",\"@id\":\"https:\\\/\\\/cj.estrategia.com\\\/portal\\\/prova-comentada-direito-financeiro-e-tributario-mp-mg-promotor\\\/#primaryimage\",\"url\":\"https:\\\/\\\/cj.estrategia.com\\\/portal\\\/wp-content\\\/uploads\\\/2023\\\/06\\\/01151608\\\/MP-MG-Promotor.jpg\",\"contentUrl\":\"https:\\\/\\\/cj.estrategia.com\\\/portal\\\/wp-content\\\/uploads\\\/2023\\\/06\\\/01151608\\\/MP-MG-Promotor.jpg\",\"width\":960,\"height\":540},{\"@type\":\"BreadcrumbList\",\"@id\":\"https:\\\/\\\/cj.estrategia.com\\\/portal\\\/prova-comentada-direito-financeiro-e-tributario-mp-mg-promotor\\\/#breadcrumb\",\"itemListElement\":[{\"@type\":\"ListItem\",\"position\":1,\"name\":\"In\u00edcio\",\"item\":\"https:\\\/\\\/cj.estrategia.com\\\/portal\\\/\"},{\"@type\":\"ListItem\",\"position\":2,\"name\":\"Prova comentada Direito Financeiro e Tribut\u00e1rio MP MG Promotor\"}]},{\"@type\":\"WebSite\",\"@id\":\"https:\\\/\\\/cj.estrategia.com\\\/portal\\\/#website\",\"url\":\"https:\\\/\\\/cj.estrategia.com\\\/portal\\\/\",\"name\":\"Blog - Carreiras Jur\u00eddicas - Estrat\u00e9gia\",\"description\":\"\",\"publisher\":{\"@id\":\"https:\\\/\\\/cj.estrategia.com\\\/portal\\\/#organization\"},\"potentialAction\":[{\"@type\":\"SearchAction\",\"target\":{\"@type\":\"EntryPoint\",\"urlTemplate\":\"https:\\\/\\\/cj.estrategia.com\\\/portal\\\/?s={search_term_string}\"},\"query-input\":{\"@type\":\"PropertyValueSpecification\",\"valueRequired\":true,\"valueName\":\"search_term_string\"}}],\"inLanguage\":\"pt-BR\"},{\"@type\":\"Organization\",\"@id\":\"https:\\\/\\\/cj.estrategia.com\\\/portal\\\/#organization\",\"name\":\"Estrat\u00e9gia - Carreiras Jur\u00eddicas\",\"url\":\"https:\\\/\\\/cj.estrategia.com\\\/portal\\\/\",\"logo\":{\"@type\":\"ImageObject\",\"inLanguage\":\"pt-BR\",\"@id\":\"https:\\\/\\\/cj.estrategia.com\\\/portal\\\/#\\\/schema\\\/logo\\\/image\\\/\",\"url\":\"https:\\\/\\\/cj.estrategia.com\\\/portal\\\/wp-content\\\/uploads\\\/2022\\\/03\\\/11151052\\\/cj-logo.png\",\"contentUrl\":\"https:\\\/\\\/cj.estrategia.com\\\/portal\\\/wp-content\\\/uploads\\\/2022\\\/03\\\/11151052\\\/cj-logo.png\",\"width\":150,\"height\":39,\"caption\":\"Estrat\u00e9gia - Carreiras Jur\u00eddicas\"},\"image\":{\"@id\":\"https:\\\/\\\/cj.estrategia.com\\\/portal\\\/#\\\/schema\\\/logo\\\/image\\\/\"},\"sameAs\":[\"https:\\\/\\\/www.facebook.com\\\/estrategiacarreirajuridica\\\/\",\"https:\\\/\\\/x.com\\\/EstratJuridica\",\"https:\\\/\\\/www.instagram.com\\\/estrategiacarreirajuridica\\\/\",\"https:\\\/\\\/www.youtube.com\\\/channel\\\/UClbMGuYbj2Mh1m3w144ETWQ\"]},{\"@type\":\"Person\",\"@id\":\"https:\\\/\\\/cj.estrategia.com\\\/portal\\\/#\\\/schema\\\/person\\\/4d70317d31449932b99102916b6637f5\",\"name\":\"Coordena\u00e7\u00e3o\",\"image\":{\"@type\":\"ImageObject\",\"inLanguage\":\"pt-BR\",\"@id\":\"https:\\\/\\\/cj.estrategia.com\\\/portal\\\/wp-content\\\/uploads\\\/2022\\\/05\\\/12164923\\\/estrategia-carreira-juridica-coordenacao-96x96.png\",\"url\":\"https:\\\/\\\/cj.estrategia.com\\\/portal\\\/wp-content\\\/uploads\\\/2022\\\/05\\\/12164923\\\/estrategia-carreira-juridica-coordenacao-96x96.png\",\"contentUrl\":\"https:\\\/\\\/cj.estrategia.com\\\/portal\\\/wp-content\\\/uploads\\\/2022\\\/05\\\/12164923\\\/estrategia-carreira-juridica-coordenacao-96x96.png\",\"caption\":\"Coordena\u00e7\u00e3o\"},\"url\":\"https:\\\/\\\/cj.estrategia.com\\\/portal\\\/author\\\/coordenacao\\\/\"}]}<\/script>\n<!-- \/ Yoast SEO Premium plugin. -->","yoast_head_json":{"title":"Prova comentada Direito Financeiro e Tribut\u00e1rio MP MG Promotor","description":"Prova comentada Direito Financeiro e Tribut\u00e1rio MP MG Promotor: confira as suas respostas e tire suas d\u00favidas AQUI!","robots":{"index":"index","follow":"follow","max-snippet":"max-snippet:-1","max-image-preview":"max-image-preview:large","max-video-preview":"max-video-preview:-1"},"canonical":"https:\/\/cj.estrategia.com\/portal\/prova-comentada-direito-financeiro-e-tributario-mp-mg-promotor\/","og_locale":"pt_BR","og_type":"article","og_title":"Prova comentada Direito Financeiro e Tribut\u00e1rio MP MG Promotor","og_description":"Prova comentada Direito Financeiro e Tribut\u00e1rio MP MG Promotor: confira as suas respostas e tire suas d\u00favidas AQUI!","og_url":"https:\/\/cj.estrategia.com\/portal\/prova-comentada-direito-financeiro-e-tributario-mp-mg-promotor\/","og_site_name":"Blog - Carreiras Jur\u00eddicas - Estrat\u00e9gia","article_publisher":"https:\/\/www.facebook.com\/estrategiacarreirajuridica\/","article_published_time":"2023-08-24T00:49:00+00:00","article_modified_time":"2023-08-24T00:49:02+00:00","og_image":[{"width":960,"height":540,"url":"https:\/\/cj.estrategia.com\/portal\/wp-content\/uploads\/2023\/06\/01151608\/MP-MG-Promotor.jpg","type":"image\/jpeg"}],"author":"Coordena\u00e7\u00e3o","twitter_card":"summary_large_image","twitter_creator":"@EstratJuridica","twitter_site":"@EstratJuridica","twitter_misc":{"Escrito por":"Coordena\u00e7\u00e3o","Est. tempo de leitura":"9 minutos"},"schema":{"@context":"https:\/\/schema.org","@graph":[{"@type":"NewsArticle","@id":"https:\/\/cj.estrategia.com\/portal\/prova-comentada-direito-financeiro-e-tributario-mp-mg-promotor\/#article","isPartOf":{"@id":"https:\/\/cj.estrategia.com\/portal\/prova-comentada-direito-financeiro-e-tributario-mp-mg-promotor\/"},"author":{"name":"Coordena\u00e7\u00e3o","@id":"https:\/\/cj.estrategia.com\/portal\/#\/schema\/person\/4d70317d31449932b99102916b6637f5"},"headline":"Prova comentada Direito Financeiro e Tribut\u00e1rio MP MG Promotor","datePublished":"2023-08-24T00:49:00+00:00","dateModified":"2023-08-24T00:49:02+00:00","mainEntityOfPage":{"@id":"https:\/\/cj.estrategia.com\/portal\/prova-comentada-direito-financeiro-e-tributario-mp-mg-promotor\/"},"wordCount":1725,"commentCount":0,"publisher":{"@id":"https:\/\/cj.estrategia.com\/portal\/#organization"},"image":{"@id":"https:\/\/cj.estrategia.com\/portal\/prova-comentada-direito-financeiro-e-tributario-mp-mg-promotor\/#primaryimage"},"thumbnailUrl":"https:\/\/cj.estrategia.com\/portal\/wp-content\/uploads\/2023\/06\/01151608\/MP-MG-Promotor.jpg","articleSection":["Promotoria"],"inLanguage":"pt-BR","potentialAction":[{"@type":"CommentAction","name":"Comment","target":["https:\/\/cj.estrategia.com\/portal\/prova-comentada-direito-financeiro-e-tributario-mp-mg-promotor\/#respond"]}]},{"@type":"WebPage","@id":"https:\/\/cj.estrategia.com\/portal\/prova-comentada-direito-financeiro-e-tributario-mp-mg-promotor\/","url":"https:\/\/cj.estrategia.com\/portal\/prova-comentada-direito-financeiro-e-tributario-mp-mg-promotor\/","name":"Prova comentada Direito Financeiro e Tribut\u00e1rio MP MG Promotor","isPartOf":{"@id":"https:\/\/cj.estrategia.com\/portal\/#website"},"primaryImageOfPage":{"@id":"https:\/\/cj.estrategia.com\/portal\/prova-comentada-direito-financeiro-e-tributario-mp-mg-promotor\/#primaryimage"},"image":{"@id":"https:\/\/cj.estrategia.com\/portal\/prova-comentada-direito-financeiro-e-tributario-mp-mg-promotor\/#primaryimage"},"thumbnailUrl":"https:\/\/cj.estrategia.com\/portal\/wp-content\/uploads\/2023\/06\/01151608\/MP-MG-Promotor.jpg","datePublished":"2023-08-24T00:49:00+00:00","dateModified":"2023-08-24T00:49:02+00:00","description":"Prova comentada Direito Financeiro e Tribut\u00e1rio MP MG Promotor: confira as suas respostas e tire suas d\u00favidas AQUI!","breadcrumb":{"@id":"https:\/\/cj.estrategia.com\/portal\/prova-comentada-direito-financeiro-e-tributario-mp-mg-promotor\/#breadcrumb"},"inLanguage":"pt-BR","potentialAction":[{"@type":"ReadAction","target":["https:\/\/cj.estrategia.com\/portal\/prova-comentada-direito-financeiro-e-tributario-mp-mg-promotor\/"]}]},{"@type":"ImageObject","inLanguage":"pt-BR","@id":"https:\/\/cj.estrategia.com\/portal\/prova-comentada-direito-financeiro-e-tributario-mp-mg-promotor\/#primaryimage","url":"https:\/\/cj.estrategia.com\/portal\/wp-content\/uploads\/2023\/06\/01151608\/MP-MG-Promotor.jpg","contentUrl":"https:\/\/cj.estrategia.com\/portal\/wp-content\/uploads\/2023\/06\/01151608\/MP-MG-Promotor.jpg","width":960,"height":540},{"@type":"BreadcrumbList","@id":"https:\/\/cj.estrategia.com\/portal\/prova-comentada-direito-financeiro-e-tributario-mp-mg-promotor\/#breadcrumb","itemListElement":[{"@type":"ListItem","position":1,"name":"In\u00edcio","item":"https:\/\/cj.estrategia.com\/portal\/"},{"@type":"ListItem","position":2,"name":"Prova comentada Direito Financeiro e Tribut\u00e1rio MP MG Promotor"}]},{"@type":"WebSite","@id":"https:\/\/cj.estrategia.com\/portal\/#website","url":"https:\/\/cj.estrategia.com\/portal\/","name":"Blog - Carreiras Jur\u00eddicas - Estrat\u00e9gia","description":"","publisher":{"@id":"https:\/\/cj.estrategia.com\/portal\/#organization"},"potentialAction":[{"@type":"SearchAction","target":{"@type":"EntryPoint","urlTemplate":"https:\/\/cj.estrategia.com\/portal\/?s={search_term_string}"},"query-input":{"@type":"PropertyValueSpecification","valueRequired":true,"valueName":"search_term_string"}}],"inLanguage":"pt-BR"},{"@type":"Organization","@id":"https:\/\/cj.estrategia.com\/portal\/#organization","name":"Estrat\u00e9gia - Carreiras Jur\u00eddicas","url":"https:\/\/cj.estrategia.com\/portal\/","logo":{"@type":"ImageObject","inLanguage":"pt-BR","@id":"https:\/\/cj.estrategia.com\/portal\/#\/schema\/logo\/image\/","url":"https:\/\/cj.estrategia.com\/portal\/wp-content\/uploads\/2022\/03\/11151052\/cj-logo.png","contentUrl":"https:\/\/cj.estrategia.com\/portal\/wp-content\/uploads\/2022\/03\/11151052\/cj-logo.png","width":150,"height":39,"caption":"Estrat\u00e9gia - Carreiras Jur\u00eddicas"},"image":{"@id":"https:\/\/cj.estrategia.com\/portal\/#\/schema\/logo\/image\/"},"sameAs":["https:\/\/www.facebook.com\/estrategiacarreirajuridica\/","https:\/\/x.com\/EstratJuridica","https:\/\/www.instagram.com\/estrategiacarreirajuridica\/","https:\/\/www.youtube.com\/channel\/UClbMGuYbj2Mh1m3w144ETWQ"]},{"@type":"Person","@id":"https:\/\/cj.estrategia.com\/portal\/#\/schema\/person\/4d70317d31449932b99102916b6637f5","name":"Coordena\u00e7\u00e3o","image":{"@type":"ImageObject","inLanguage":"pt-BR","@id":"https:\/\/cj.estrategia.com\/portal\/wp-content\/uploads\/2022\/05\/12164923\/estrategia-carreira-juridica-coordenacao-96x96.png","url":"https:\/\/cj.estrategia.com\/portal\/wp-content\/uploads\/2022\/05\/12164923\/estrategia-carreira-juridica-coordenacao-96x96.png","contentUrl":"https:\/\/cj.estrategia.com\/portal\/wp-content\/uploads\/2022\/05\/12164923\/estrategia-carreira-juridica-coordenacao-96x96.png","caption":"Coordena\u00e7\u00e3o"},"url":"https:\/\/cj.estrategia.com\/portal\/author\/coordenacao\/"}]}},"jetpack_featured_media_url":"https:\/\/cj.estrategia.com\/portal\/wp-content\/uploads\/2023\/06\/01151608\/MP-MG-Promotor.jpg","jetpack_sharing_enabled":true,"_links":{"self":[{"href":"https:\/\/cj.estrategia.com\/portal\/wp-json\/wp\/v2\/posts\/44456","targetHints":{"allow":["GET"]}}],"collection":[{"href":"https:\/\/cj.estrategia.com\/portal\/wp-json\/wp\/v2\/posts"}],"about":[{"href":"https:\/\/cj.estrategia.com\/portal\/wp-json\/wp\/v2\/types\/post"}],"author":[{"embeddable":true,"href":"https:\/\/cj.estrategia.com\/portal\/wp-json\/wp\/v2\/users\/12"}],"replies":[{"embeddable":true,"href":"https:\/\/cj.estrategia.com\/portal\/wp-json\/wp\/v2\/comments?post=44456"}],"version-history":[{"count":1,"href":"https:\/\/cj.estrategia.com\/portal\/wp-json\/wp\/v2\/posts\/44456\/revisions"}],"predecessor-version":[{"id":44459,"href":"https:\/\/cj.estrategia.com\/portal\/wp-json\/wp\/v2\/posts\/44456\/revisions\/44459"}],"wp:featuredmedia":[{"embeddable":true,"href":"https:\/\/cj.estrategia.com\/portal\/wp-json\/wp\/v2\/media\/37810"}],"wp:attachment":[{"href":"https:\/\/cj.estrategia.com\/portal\/wp-json\/wp\/v2\/media?parent=44456"}],"wp:term":[{"taxonomy":"category","embeddable":true,"href":"https:\/\/cj.estrategia.com\/portal\/wp-json\/wp\/v2\/categories?post=44456"},{"taxonomy":"post_tag","embeddable":true,"href":"https:\/\/cj.estrategia.com\/portal\/wp-json\/wp\/v2\/tags?post=44456"},{"taxonomy":"tax_estado","embeddable":true,"href":"https:\/\/cj.estrategia.com\/portal\/wp-json\/wp\/v2\/tax_estado?post=44456"}],"curies":[{"name":"wp","href":"https:\/\/api.w.org\/{rel}","templated":true}]}}