{"id":44027,"date":"2023-09-12T08:00:00","date_gmt":"2023-09-12T11:00:00","guid":{"rendered":"https:\/\/cj.estrategia.com\/portal\/?p=44027"},"modified":"2023-08-30T10:36:44","modified_gmt":"2023-08-30T13:36:44","slug":"direito-constitucional-saude","status":"publish","type":"post","link":"https:\/\/cj.estrategia.com\/portal\/direito-constitucional-saude\/","title":{"rendered":"Direito Constitucional \u00e0 Sa\u00fade"},"content":{"rendered":"\n<figure class=\"wp-block-image size-full\"><img decoding=\"async\" width=\"32\" height=\"32\" src=\"https:\/\/cj.estrategia.com\/portal\/wp-content\/uploads\/2022\/03\/11151321\/favicon-carreiras-juridicas.png\" alt=\"direito constitucional \u00e0 sa\u00fade\" class=\"wp-image-42\" srcset=\"https:\/\/cj.estrategia.com\/portal\/wp-content\/uploads\/2022\/03\/11151321\/favicon-carreiras-juridicas.png 32w, https:\/\/cj.estrategia.com\/portal\/wp-content\/uploads\/2022\/03\/11151321\/favicon-carreiras-juridicas-24x24.png 24w\" sizes=\"(max-width: 32px) 100vw, 32px\" \/><\/figure>\n\n\n\n<p>Os temas do direito constitucional \u00e0 sa\u00fade t\u00eam ganhado especial relev\u00e2ncia no sistema jur\u00eddico brasileiro nos \u00faltimos tempos. <strong>Desde a sua eleva\u00e7\u00e3o a Direito Fundamental, com a Constitui\u00e7\u00e3o de 1998, observa-se uma forte judicializa\u00e7\u00e3o de temas relacionados \u00e0 promo\u00e7\u00e3o da sa\u00fade p\u00fablica.<\/strong><\/p>\n\n\n\n<p>Atualmente a jurisprud\u00eancia tem atuado na defini\u00e7\u00e3o dos contornos do direito \u00e0 sa\u00fade brasileiro, criando uma verdadeira doutrina do direito \u00e0 sa\u00fade por meio de seus precedentes, que direcionam a aplica\u00e7\u00e3o da legisla\u00e7\u00e3o e a atua\u00e7\u00e3o dos gestores p\u00fablicos.<\/p>\n\n\n\n<p>Diante da grande atua\u00e7\u00e3o dos ju\u00edzes, promotores, defensores e procuradores em a\u00e7\u00f5es relacionadas ao direito \u00e0 sa\u00fade, esse tema tem sido frequente em provas objetivas e subjetivas das carreiras jur\u00eddicas de todo pa\u00eds.<\/p>\n\n\n\n<p>Pensando nisso, compilamos neste artigo algumas decis\u00f5es do Supremo Tribunal Federal (STF) e do Superior Tribunal de Justi\u00e7a (STJ) referentes \u00e0 promo\u00e7\u00e3o do Direito \u00e0 Sa\u00fade, principalmente no que tange \u00e0 compet\u00eancia, que ser\u00e3o \u00fateis tanto para provas de concurso quanto para a atua\u00e7\u00e3o pr\u00e1tica dos futuros aprovados.<\/p>\n\n\n\n<h2 class=\"wp-block-heading\" id=\"h-direito-constitucional-a-saude\"><span id=\"direito-constitucional-a-saude\"><strong>Direito Constitucional \u00e0 Sa\u00fade<\/strong><\/span><\/h2>\n\n\n\n<p>A Constitui\u00e7\u00e3o da Rep\u00fablica de 1988 preleciona em seu art. 196 que <em>a sa\u00fade \u00e9 direito de todos e dever do Estado, garantido mediante pol\u00edticas sociais e econ\u00f4micas que visem \u00e0 redu\u00e7\u00e3o do risco de doen\u00e7a e de outros agravos e ao acesso universal e igualit\u00e1rio \u00e0s a\u00e7\u00f5es e servi\u00e7os para sua promo\u00e7\u00e3o, prote\u00e7\u00e3o e recupera\u00e7\u00e3o.<\/em><\/p>\n\n\n\n<p>Trata-se de um <strong>direito social,<\/strong> previsto no art. 6\u00ba, caput da CFBR\/88 bem como uma das manifesta\u00e7\u00f5es do direito fundamental \u00e0 vida, assegurado no art. 5\u00ba, caput, da CRFB\/88. Ele comp\u00f5e o n\u00facleo de direitos eleitos pelo constituinte origin\u00e1rio como cl\u00e1usula p\u00e9trea (art. 60 \u00a74\u00ba da CFBR\/88), n\u00e3o podendo sua prote\u00e7\u00e3o ser abolida ou mesmo reduzida por emenda \u00e0 Constitui\u00e7\u00e3o.<\/p>\n\n\n\n<p>Sendo <strong>Direito Fundamental de segunda dimens\u00e3o<\/strong>, sua concretiza\u00e7\u00e3o demanda uma presta\u00e7\u00e3o positiva do estado, que se d\u00e1 por meio da promo\u00e7\u00e3o de pol\u00edticas p\u00fablicas.<\/p>\n\n\n\n<p>Ademais, a Carta Magna elevou as <strong>a\u00e7\u00f5es e os servi\u00e7os de sa\u00fade como de relev\u00e2ncia p\u00fablica<\/strong> cabendo ao Poder P\u00fablico dispor, nos termos da lei, sobre sua regulamenta\u00e7\u00e3o, fiscaliza\u00e7\u00e3o e controle, devendo sua execu\u00e7\u00e3o ser feita diretamente ou atrav\u00e9s de terceiros e, tamb\u00e9m, por pessoa f\u00edsica ou jur\u00eddica de direito privado (art. 197 da CRFB\/88).<\/p>\n\n\n\n<p>Isso significa que apesar de a promo\u00e7\u00e3o da sa\u00fade ser um dever do Estado, essa atividade n\u00e3o \u00e9 monop\u00f3lio do poder p\u00fablico, sendo permitido \u00e0 iniciativa privada sua presta\u00e7\u00e3o. Por ser atividade de interesse p\u00fablico, mesmo quando exercida pelo particular, sua regulamenta\u00e7\u00e3o, fiscaliza\u00e7\u00e3o e controle s\u00e3o feitos pelo Estado atrav\u00e9s de duas ag\u00eancias reguladoras, quais sejam, a ANVISA e a ANS.<\/p>\n\n\n\n<h2 class=\"wp-block-heading\" id=\"h-clausula-da-reserva-do-possivel\"><span id=\"clausula-da-reserva-do-possivel\"><strong>Cl\u00e1usula da reserva do poss\u00edvel<\/strong><\/span><\/h2>\n\n\n\n<p>Segundo o STF, <strong>a cl\u00e1usula da reserva do poss\u00edvel<\/strong> \u2013 ressalvada a ocorr\u00eancia de justo motivo objetivamente afer\u00edvel &#8211; <strong>n\u00e3o pode ser invocada pelo Estado com a finalidade de exonerar-se do cumprimento de suas obriga\u00e7\u00f5es constitucionais<\/strong>, notadamente quando, dessa conduta governamental negativa, puder resultar nulifica\u00e7\u00e3o ou, at\u00e9 mesmo, aniquila\u00e7\u00e3o de direitos constitucionais impregnados de um sentido de essencial fundamentalidade, como \u00e9 o caso do direito constitucional \u00e0 sa\u00fade.<\/p>\n\n\n\n<p>Entretanto, o Poder P\u00fablico deve se ater \u00e0s suas possibilidades efetivas, especialmente no que tange ao or\u00e7amento dispon\u00edvel. N\u00e3o se pode gastar mais do que se arrecada, especialmente quando se trata de valores decorrentes da coletividade. Trata-se do princ\u00edpio da reserva do poss\u00edvel, ou da primazia da realidade, segundo os quais o dinheiro p\u00fablico deve ser utilizado dentro de suas not\u00f3rias limita\u00e7\u00f5es, e n\u00e3o como se fosse infinito.<\/p>\n\n\n\n<p>A alega\u00e7\u00e3o da cl\u00e1usula da reserva do poss\u00edvel n\u00e3o tem sido acolhida pelos magistrados quando o Ente P\u00fablico invoca indisponibilidade or\u00e7ament\u00e1ria para arcar com servi\u00e7os de sa\u00fade ou fornecimento de medicamento, desde dentro de um par\u00e2metro de razoabilidade objetivamente afer\u00edvel.<\/p>\n\n\n\n<h2 class=\"wp-block-heading\" id=\"h-sistema-unico-de-saude-sus\"><span id=\"sistema-unico-de-saude-sus\"><strong>Sistema \u00danico de Sa\u00fade (SUS)<\/strong><\/span><\/h2>\n\n\n\n<p>A pr\u00f3pria Constitui\u00e7\u00e3o Federal prev\u00ea a exist\u00eancia do <strong>Sistema \u00danico de Sa\u00fade (SUS)<\/strong> brasileiro. Seu art. 198. disp\u00f5e que as a\u00e7\u00f5es e servi\u00e7os p\u00fablicos de sa\u00fade integram uma <strong>rede regionalizada e hierarquizada<\/strong> e elencando algumas de suas diretrizes.<\/p>\n\n\n\n<p>Dentre essas diretrizes, a que mais nos interessa \u00e9 a descentraliza\u00e7\u00e3o, uma vez que o STF j\u00e1 decidiu por diversas vezes que a <strong>sa\u00fade p\u00fablica \u00e9 compet\u00eancia solid\u00e1ria de todos os entes da federa\u00e7\u00e3o que a exercem por meio do federalismo de coopera\u00e7\u00e3o<\/strong>. Esse dispositivo \u00e9 alvo de in\u00fameras controv\u00e9rsias jur\u00eddicas tanto no campo prestacional como no \u00e2mbito da defini\u00e7\u00e3o da compet\u00eancia processual das a\u00e7\u00f5es judiciais relacionadas \u00e0 sa\u00fade.<\/p>\n\n\n\n<p><strong>Responsabilidade por assegurar o direito \u00e0 sa\u00fade<\/strong> e <strong>garantir o acesso universal e igualit\u00e1rio \u00e0s a\u00e7\u00f5es e servi\u00e7os para sua promo\u00e7\u00e3o, prote\u00e7\u00e3o e recupera\u00e7\u00e3o<\/strong><\/p>\n\n\n\n<p>O STF vinha entendendo, quanto ao tratamento m\u00e9dico adequado aos necessitados, que, por se inserir no rol dos deveres do Estado, seria <strong>responsabilidade solid\u00e1ria dos entes federados<\/strong>. O polo passivo poderia, ent\u00e3o, ser composto por qualquer um deles, isoladamente ou conjuntamente.<\/p>\n\n\n\n<p>A fim de otimizar a compensa\u00e7\u00e3o entre os entes federados, o STF havia fixado que competiria \u00e0 autoridade judicial, diante dos crit\u00e9rios constitucionais de descentraliza\u00e7\u00e3o e hierarquiza\u00e7\u00e3o, direcionar, caso a caso, o cumprimento conforme as regras de reparti\u00e7\u00e3o de compet\u00eancias e determinar o ressarcimento a quem suportou o \u00f4nus financeiro.<\/p>\n\n\n\n<p>Entretanto, a decis\u00e3o cautelar referendada pelo Pleno em 19\/04\/23 no Tema RG 1234 (RE 1366243) alterou esse entendimento, dispondo agora, que:<\/p>\n\n\n\n<h3 class=\"wp-block-heading\" id=\"h-quanto-ao-fornecimento-de-medicamento-padronizado\"><span id=\"quanto-ao-fornecimento-de-medicamento-padronizado\"><strong>Quanto ao fornecimento de medicamento padronizado:<\/strong><\/span><\/h3>\n\n\n\n<p><em>&#8220;(i) nas demandas judiciais envolvendo medicamentos ou tratamentos padronizados a composi\u00e7\u00e3o do polo passivo deve observar a <\/em><strong><em>reparti\u00e7\u00e3o de responsabilidades estruturada no Sistema \u00danico de Sa\u00fade<\/em><\/strong><em>, <\/em><strong><em>ainda que isso implique deslocamento de compet\u00eancia, cabendo ao magistrado verificar a correta forma\u00e7\u00e3o da rela\u00e7\u00e3o processual<\/em><\/strong><em>, sem preju\u00edzo da concess\u00e3o de provimento de natureza cautelar ainda que antes do deslocamento de compet\u00eancia, se o caso assim exigir;<\/em><\/p>\n\n\n\n<h3 class=\"wp-block-heading\" id=\"h-quanto-ao-fornecimento-de-medicamentos-nao-incorporados-em-atos-normativos-do-sus-mas-registrados-na-anvisa\"><span id=\"quanto-ao-fornecimento-de-medicamentos-nao-incorporados-em-atos-normativos-do-sus-mas-registrados-na-anvisa\"><strong>Quanto ao fornecimento de medicamentos n\u00e3o incorporados em atos normativos do SUS (mas registrados na ANVISA)<\/strong>:<\/span><\/h3>\n\n\n\n<p>Em regra, deveriam ser interpostos contra a Uni\u00e3o, entretanto, o STF decidiu que:<\/p>\n\n\n\n<p><em>(ii) nas demandas judiciais relativas a medicamentos n\u00e3o incorporados <\/em><strong><em>devem ser processadas e julgadas pelo Ju\u00edzo, estadual ou federal, ao qual foram direcionadas pelo cidad\u00e3o, sendo vedada<\/em><\/strong><em>, at\u00e9 o julgamento definitivo do Tema 1234 da Repercuss\u00e3o Geral, <\/em><strong><em>a declina\u00e7\u00e3o da compet\u00eancia ou determina\u00e7\u00e3o de inclus\u00e3o da Uni\u00e3o no polo passivo<\/em><\/strong><em>;<\/em><\/p>\n\n\n\n<p><em>(iii) diante da necessidade de evitar cen\u00e1rio de inseguran\u00e7a jur\u00eddica, esses par\u00e2metros devem ser observados pelos processos sem senten\u00e7a prolatada; diferentemente, os processos com senten\u00e7a prolatada at\u00e9 a data desta decis\u00e3o (17 de abril de 2023) devem permanecer no ramo da Justi\u00e7a do magistrado sentenciante at\u00e9 o tr\u00e2nsito em julgado e respectiva execu\u00e7\u00e3o (adotei essa regra de julgamento em: RE 960429 ED-segundos Tema 992, de minha relatoria, De de 5.2.2021);<\/em><\/p>\n\n\n\n<p><em>(iv) ficam mantidas as demais determina\u00e7\u00f5es contidas na decis\u00e3o de suspens\u00e3o nacional de processos na fase de recursos especial e extraordin\u00e1rio.<\/em><\/p>\n\n\n\n<h3 class=\"wp-block-heading\" id=\"h-quanto-ao-fornecimento-de-medicamentos-nao-registrados-na-anvisa\"><span id=\"quanto-ao-fornecimento-de-medicamentos-nao-registrados-na-anvisa\"><strong>Quanto ao fornecimento de medicamentos n\u00e3o registrados na ANVISA<\/strong><\/span><\/h3>\n\n\n\n<p><em>4. <\/em><strong><em>As a\u00e7\u00f5es que demandem fornecimento de medicamentos sem registro na Anvisa dever\u00e3o necessariamente ser propostas em face da Uni\u00e3o<\/em><\/strong><em>. STF (entendimento suspenso e vedado o redirecionamento pelo juiz at\u00e9 o julgamento da ADI).<\/em><\/p>\n\n\n\n<h2 class=\"wp-block-heading\" id=\"h-chamamento-ao-processo\"><span id=\"chamamento-ao-processo\"><strong>Chamamento ao processo<\/strong><\/span><\/h2>\n\n\n\n<p><strong>O chamamento ao processo da Uni\u00e3o<\/strong> com base no art. 77, III, do CPC, nas demandas propostas contra os demais entes federativos respons\u00e1veis pelo fornecimento de medicamentos ou presta\u00e7\u00e3o de servi\u00e7os de sa\u00fade, n\u00e3o \u00e9 impositivo, mostrando-se <strong>inadequado por representar obst\u00e1culo in\u00fatil \u00e0 garantia fundamental do cidad\u00e3o \u00e0 sa\u00fade<\/strong>. (Tese julgada sob o rito do art. 543-C do CPC\/1973 &#8211; TEMA 686).<\/p>\n\n\n\n<p>O STJ decidiu que n\u00e3o cabe o chamamento, pois:<\/p>\n\n\n\n<p>a) O art. 130, III, \u00e9 t\u00edpico de <strong>obriga\u00e7\u00f5es solid\u00e1rias de pagar quantia<\/strong>, o que n\u00e3o \u00e9 o caso, uma vez que as a\u00e7\u00f5es para fornecimento de medicamento s\u00e3o para entrega de coisa certa;<\/p>\n\n\n\n<p>b) O <strong>chamamento ao processo revela-se medida protelat\u00f3ria<\/strong>, que n\u00e3o traz nenhuma utilidade ao processo.<\/p>\n\n\n\n<p>Pode-se argumentar ainda o deslocamento de compet\u00eancia que a inclus\u00e3o da Uni\u00e3o na demanda geraria.<\/p>\n\n\n\n<h2 class=\"wp-block-heading\" id=\"h-responsabilidade-pela-fiscalizacao-de-hospitais-credenciados-e-o-erro-medico\"><span id=\"responsabilidade-pela-fiscalizacao-de-hospitais-credenciados-e-o-erro-medico\"><strong>Responsabilidade pela fiscaliza\u00e7\u00e3o de hospitais credenciados e o erro m\u00e9dico<\/strong><\/span><\/h2>\n\n\n\n<p>N\u00e3o se deve confundir a obriga\u00e7\u00e3o solid\u00e1ria dos entes federativos em <strong>assegurar o direito \u00e0 sa\u00fade<\/strong> e <strong>garantir o acesso universal e igualit\u00e1rio \u00e0s a\u00e7\u00f5es e servi\u00e7os para sua promo\u00e7\u00e3o, prote\u00e7\u00e3o e recupera\u00e7\u00e3o, com a responsabilidade civil do Estado pelos danos causados a terceiros<\/strong>. Nesta, o interessado busca uma repara\u00e7\u00e3o econ\u00f4mica pelos preju\u00edzos sofridos, de modo que a obriga\u00e7\u00e3o de indenizar se sujeita \u00e0 comprova\u00e7\u00e3o da conduta, do dano e do respectivo nexo de causalidade.<\/p>\n\n\n\n<p>Segundo a Constitui\u00e7\u00e3o Federal, as institui\u00e7\u00f5es privadas podem participar de forma complementar do sistema \u00fanico de sa\u00fade (art. 199, \u00a71\u00ba da CFBR\/88).<\/p>\n\n\n\n<p>A Uni\u00e3o, na condi\u00e7\u00e3o de gestora nacional do SUS, n\u00e3o tem legitimidade passiva nas a\u00e7\u00f5es de <strong>indeniza\u00e7\u00e3o por falha no atendimento m\u00e9dico<\/strong> ocorrida em <strong>hospitais privados credenciados<\/strong> no SUS, tendo em vista que, de acordo com descentraliza\u00e7\u00e3o das atribui\u00e7\u00f5es, <strong>a responsabilidade pela fiscaliza\u00e7\u00e3o dos hospitais credenciados ao SUS \u00e9 do Munic\u00edpio, <\/strong>nos termos do art. 18, X, da Lei n.\u00b0 8.080\/90.<\/p>\n\n\n\n<p>Dessa forma, segundo o STJ, n\u00e3o h\u00e1 qualquer elemento que autorize a responsabiliza\u00e7\u00e3o da Uni\u00e3o, seja porque a conduta n\u00e3o foi por ela praticada, seja em raz\u00e3o da impossibilidade de aferir-se a exist\u00eancia de culpa <em>in eligendo<\/em> ou culpa <em>in vigilando<\/em>.<\/p>\n\n\n\n<p>Ademais, para a responsabiliza\u00e7\u00e3o do m\u00e9dico do estado deve comprovar a exist\u00eancia de culpa, pois na seara m\u00e9dica vigora o princ\u00edpio da responsabilidade subjetiva, eis que a a\u00e7\u00e3o m\u00e9dica \u00e9 considerada obriga\u00e7\u00e3o de meio e n\u00e3o de resultado<\/p>\n\n\n\n<h2 class=\"wp-block-heading\" id=\"h-bons-estudos\"><span id=\"bons-estudos\"><strong>Bons estudos!<\/strong><\/span><\/h2>\n\n\n\n<p>N\u00e3o deixe de revisar o conte\u00fado e acompanhar a jurisprud\u00eancia relativa ao Direito Constitucional \u00e0 Sa\u00fade por meio dos Informativos Estrat\u00e9gicos.<\/p>\n\n\n\n<p><strong>At\u00e9 o pr\u00f3ximo artigo!<\/strong><\/p>\n\n\n\n<p><strong>Ana Luiza Tib\u00farcio.<\/strong><\/p>\n\n\n\n<h2 class=\"wp-block-heading has-text-align-center\" id=\"h-quer-saber-tudo-sobre-concursos-previstos-confira-nossos-artigos\"><span id=\"quer-saber-tudo-sobre-concursos-previstosconfira-nossos-artigos\">Quer saber tudo sobre concursos previstos?<br>Confira nossos artigos!<\/span><\/h2>\n\n\n\n<ul class=\"wp-block-list\">\n<li><a href=\"https:\/\/cj.estrategia.com\/portal\/concursos-abertos-carreiras-juridicas\/\" target=\"_blank\" >Concursos jur\u00eddicos abertos<\/a><\/li>\n\n\n\n<li><a href=\"https:\/\/cj.estrategia.com\/portal\/concursos-2023-carreiras-juridicas\/\" target=\"_blank\" >Concursos jur\u00eddicos 2023<\/a><\/li>\n<\/ul>\n\n\n\n<h2 class=\"wp-block-heading has-text-align-center\" id=\"cursos\"><span id=\"cursos-estrategia-carreiras-juridicas\">Cursos Estrat\u00e9gia Carreiras Jur\u00eddicas<\/span><\/h2>\n\n\n\n<div class=\"wp-block-cover\" style=\"min-height:155px;aspect-ratio:unset;\"><img decoding=\"async\" width=\"1890\" height=\"351\" class=\"wp-block-cover__image-background wp-image-8669\" alt=\"Assinaturas Jur\u00eddicas\" src=\"https:\/\/cj.estrategia.com\/portal\/wp-content\/uploads\/2022\/06\/20151253\/concurso-carreiras-juridicas-assinatura-juridica.jpg\" style=\"object-position:78% 43%\" data-object-fit=\"cover\" data-object-position=\"78% 43%\" srcset=\"https:\/\/cj.estrategia.com\/portal\/wp-content\/uploads\/2022\/06\/20151253\/concurso-carreiras-juridicas-assinatura-juridica.jpg 1890w, https:\/\/cj.estrategia.com\/portal\/wp-content\/uploads\/2022\/06\/20151253\/concurso-carreiras-juridicas-assinatura-juridica-300x56.jpg 300w, https:\/\/cj.estrategia.com\/portal\/wp-content\/uploads\/2022\/06\/20151253\/concurso-carreiras-juridicas-assinatura-juridica-1024x190.jpg 1024w, https:\/\/cj.estrategia.com\/portal\/wp-content\/uploads\/2022\/06\/20151253\/concurso-carreiras-juridicas-assinatura-juridica-768x143.jpg 768w, https:\/\/cj.estrategia.com\/portal\/wp-content\/uploads\/2022\/06\/20151253\/concurso-carreiras-juridicas-assinatura-juridica-1536x285.jpg 1536w, https:\/\/cj.estrategia.com\/portal\/wp-content\/uploads\/2022\/06\/20151253\/concurso-carreiras-juridicas-assinatura-juridica-380x71.jpg 380w, https:\/\/cj.estrategia.com\/portal\/wp-content\/uploads\/2022\/06\/20151253\/concurso-carreiras-juridicas-assinatura-juridica-800x149.jpg 800w, https:\/\/cj.estrategia.com\/portal\/wp-content\/uploads\/2022\/06\/20151253\/concurso-carreiras-juridicas-assinatura-juridica-1160x215.jpg 1160w\" sizes=\"(max-width: 1890px) 100vw, 1890px\" \/><span aria-hidden=\"true\" class=\"wp-block-cover__background has-background-dim\"><\/span><div class=\"wp-block-cover__inner-container is-layout-flow wp-block-cover-is-layout-flow\">\n<h3 id=\"faca-a-sua-assinatura\" class=\"titulo-assinatura\"><span style=\"color: #ffffff;\">Fa\u00e7a a sua assinatura!<\/span><\/h3>\n<p class=\"subtitulo-assinatura\" style=\"display:block!important; line-height: 0;\"><span style=\"color: #ffffff;\">Escolha a sua \u00e1rea.<\/span><\/p>\n<a target=\"_blank\" href=\"https:\/\/www.estrategiaconcursos.com.br\/assinaturas-ecj\/\" rel=\"noopener\"><button style=\"border-radius: 10px; text-transform: capitalize;\">Acessar<\/button><\/a>\n<\/div><\/div>\n\n\n\n<p class=\"has-text-align-center\"><em>Direito Constitucional \u00e0 Sa\u00fade<\/em><\/p>\n","protected":false},"excerpt":{"rendered":"Os temas do direito constitucional \u00e0 sa\u00fade t\u00eam ganhado especial relev\u00e2ncia no sistema jur\u00eddico brasileiro nos \u00faltimos tempos.&hellip;\n","protected":false},"author":47,"featured_media":40779,"comment_status":"open","ping_status":"open","sticky":false,"template":"","format":"standard","meta":{"_jetpack_memberships_contains_paid_content":false,"footnotes":""},"categories":[1],"tags":[],"tax_estado":[30,31,32,33,34,35,36,37,38,39,40,41,42,43,44,45,46,47,48,49,50,51,52,53,54,55,56,57],"class_list":{"0":"post-44027","1":"post","2":"type-post","3":"status-publish","4":"format-standard","5":"has-post-thumbnail","7":"category-carreiras-juridicas","8":"tax_estado-ac","9":"tax_estado-al","10":"tax_estado-am","11":"tax_estado-ap","12":"tax_estado-ba","13":"tax_estado-ce","14":"tax_estado-concursos-federais","15":"tax_estado-df","16":"tax_estado-es","17":"tax_estado-go","18":"tax_estado-ma","19":"tax_estado-mg","20":"tax_estado-ms","21":"tax_estado-mt","22":"tax_estado-pa","23":"tax_estado-pb","24":"tax_estado-pe","25":"tax_estado-pi","26":"tax_estado-pr","27":"tax_estado-rj","28":"tax_estado-rn","29":"tax_estado-ro","30":"tax_estado-rr","31":"tax_estado-rs","32":"tax_estado-sc","33":"tax_estado-se","34":"tax_estado-sp","35":"tax_estado-to"},"acf":[],"yoast_head":"<!-- This site is optimized with the Yoast SEO Premium plugin v27.4 (Yoast SEO v27.4) - https:\/\/yoast.com\/product\/yoast-seo-premium-wordpress\/ -->\n<title>Direito Constitucional \u00e0 Sa\u00fade<\/title>\n<meta name=\"description\" content=\"Se aprofunde no direito constitucional \u00e0 sa\u00fade, tema que t\u00eam ganhado especial relev\u00e2ncia no sistema jur\u00eddico brasileiro nos \u00faltimos tempos.\" \/>\n<meta name=\"robots\" content=\"index, follow, max-snippet:-1, max-image-preview:large, max-video-preview:-1\" \/>\n<link rel=\"canonical\" href=\"https:\/\/cj.estrategia.com\/portal\/direito-constitucional-saude\/\" \/>\n<meta property=\"og:locale\" content=\"pt_BR\" \/>\n<meta property=\"og:type\" content=\"article\" \/>\n<meta property=\"og:title\" content=\"Direito Constitucional \u00e0 Sa\u00fade\" \/>\n<meta property=\"og:description\" content=\"Se aprofunde no direito constitucional \u00e0 sa\u00fade, tema que t\u00eam ganhado especial relev\u00e2ncia no sistema jur\u00eddico brasileiro nos \u00faltimos tempos.\" \/>\n<meta property=\"og:url\" content=\"https:\/\/cj.estrategia.com\/portal\/direito-constitucional-saude\/\" \/>\n<meta property=\"og:site_name\" content=\"Blog - Carreiras Jur\u00eddicas - Estrat\u00e9gia\" \/>\n<meta property=\"article:publisher\" content=\"https:\/\/www.facebook.com\/estrategiacarreirajuridica\/\" \/>\n<meta property=\"article:published_time\" content=\"2023-09-12T11:00:00+00:00\" \/>\n<meta property=\"og:image\" content=\"https:\/\/cj.estrategia.com\/portal\/wp-content\/uploads\/2023\/07\/07111911\/dica-estrategica-ecj-carreiras-juridicas.jpg\" \/>\n\t<meta property=\"og:image:width\" content=\"768\" \/>\n\t<meta property=\"og:image:height\" content=\"432\" \/>\n\t<meta property=\"og:image:type\" content=\"image\/jpeg\" \/>\n<meta name=\"author\" content=\"Ana Luiza Tiburcio Guimar\u00e3es\" \/>\n<meta name=\"twitter:card\" content=\"summary_large_image\" \/>\n<meta name=\"twitter:creator\" content=\"@EstratJuridica\" \/>\n<meta name=\"twitter:site\" content=\"@EstratJuridica\" \/>\n<meta name=\"twitter:label1\" content=\"Escrito por\" \/>\n\t<meta name=\"twitter:data1\" content=\"Ana Luiza Tiburcio Guimar\u00e3es\" \/>\n\t<meta name=\"twitter:label2\" content=\"Est. tempo de leitura\" \/>\n\t<meta name=\"twitter:data2\" content=\"9 minutos\" \/>\n<script type=\"application\/ld+json\" class=\"yoast-schema-graph\">{\"@context\":\"https:\\\/\\\/schema.org\",\"@graph\":[{\"@type\":\"NewsArticle\",\"@id\":\"https:\\\/\\\/cj.estrategia.com\\\/portal\\\/direito-constitucional-saude\\\/#article\",\"isPartOf\":{\"@id\":\"https:\\\/\\\/cj.estrategia.com\\\/portal\\\/direito-constitucional-saude\\\/\"},\"author\":{\"name\":\"Ana Luiza Tiburcio Guimar\u00e3es\",\"@id\":\"https:\\\/\\\/cj.estrategia.com\\\/portal\\\/#\\\/schema\\\/person\\\/c3ccc024ac7f9069ad740923e64eabb0\"},\"headline\":\"Direito Constitucional \u00e0 Sa\u00fade\",\"datePublished\":\"2023-09-12T11:00:00+00:00\",\"mainEntityOfPage\":{\"@id\":\"https:\\\/\\\/cj.estrategia.com\\\/portal\\\/direito-constitucional-saude\\\/\"},\"wordCount\":1790,\"commentCount\":0,\"publisher\":{\"@id\":\"https:\\\/\\\/cj.estrategia.com\\\/portal\\\/#organization\"},\"image\":{\"@id\":\"https:\\\/\\\/cj.estrategia.com\\\/portal\\\/direito-constitucional-saude\\\/#primaryimage\"},\"thumbnailUrl\":\"https:\\\/\\\/cj.estrategia.com\\\/portal\\\/wp-content\\\/uploads\\\/2023\\\/07\\\/07111911\\\/dica-estrategica-ecj-carreiras-juridicas.jpg\",\"articleSection\":[\"Carreiras Jur\u00eddicas\"],\"inLanguage\":\"pt-BR\",\"potentialAction\":[{\"@type\":\"CommentAction\",\"name\":\"Comment\",\"target\":[\"https:\\\/\\\/cj.estrategia.com\\\/portal\\\/direito-constitucional-saude\\\/#respond\"]}]},{\"@type\":\"WebPage\",\"@id\":\"https:\\\/\\\/cj.estrategia.com\\\/portal\\\/direito-constitucional-saude\\\/\",\"url\":\"https:\\\/\\\/cj.estrategia.com\\\/portal\\\/direito-constitucional-saude\\\/\",\"name\":\"Direito Constitucional \u00e0 Sa\u00fade\",\"isPartOf\":{\"@id\":\"https:\\\/\\\/cj.estrategia.com\\\/portal\\\/#website\"},\"primaryImageOfPage\":{\"@id\":\"https:\\\/\\\/cj.estrategia.com\\\/portal\\\/direito-constitucional-saude\\\/#primaryimage\"},\"image\":{\"@id\":\"https:\\\/\\\/cj.estrategia.com\\\/portal\\\/direito-constitucional-saude\\\/#primaryimage\"},\"thumbnailUrl\":\"https:\\\/\\\/cj.estrategia.com\\\/portal\\\/wp-content\\\/uploads\\\/2023\\\/07\\\/07111911\\\/dica-estrategica-ecj-carreiras-juridicas.jpg\",\"datePublished\":\"2023-09-12T11:00:00+00:00\",\"description\":\"Se aprofunde no direito constitucional \u00e0 sa\u00fade, tema que t\u00eam ganhado especial relev\u00e2ncia no sistema jur\u00eddico brasileiro nos \u00faltimos tempos.\",\"breadcrumb\":{\"@id\":\"https:\\\/\\\/cj.estrategia.com\\\/portal\\\/direito-constitucional-saude\\\/#breadcrumb\"},\"inLanguage\":\"pt-BR\",\"potentialAction\":[{\"@type\":\"ReadAction\",\"target\":[\"https:\\\/\\\/cj.estrategia.com\\\/portal\\\/direito-constitucional-saude\\\/\"]}]},{\"@type\":\"ImageObject\",\"inLanguage\":\"pt-BR\",\"@id\":\"https:\\\/\\\/cj.estrategia.com\\\/portal\\\/direito-constitucional-saude\\\/#primaryimage\",\"url\":\"https:\\\/\\\/cj.estrategia.com\\\/portal\\\/wp-content\\\/uploads\\\/2023\\\/07\\\/07111911\\\/dica-estrategica-ecj-carreiras-juridicas.jpg\",\"contentUrl\":\"https:\\\/\\\/cj.estrategia.com\\\/portal\\\/wp-content\\\/uploads\\\/2023\\\/07\\\/07111911\\\/dica-estrategica-ecj-carreiras-juridicas.jpg\",\"width\":768,\"height\":432,\"caption\":\"direito constitucional \u00e0 sa\u00fade\"},{\"@type\":\"BreadcrumbList\",\"@id\":\"https:\\\/\\\/cj.estrategia.com\\\/portal\\\/direito-constitucional-saude\\\/#breadcrumb\",\"itemListElement\":[{\"@type\":\"ListItem\",\"position\":1,\"name\":\"In\u00edcio\",\"item\":\"https:\\\/\\\/cj.estrategia.com\\\/portal\\\/\"},{\"@type\":\"ListItem\",\"position\":2,\"name\":\"Direito Constitucional \u00e0 Sa\u00fade\"}]},{\"@type\":\"WebSite\",\"@id\":\"https:\\\/\\\/cj.estrategia.com\\\/portal\\\/#website\",\"url\":\"https:\\\/\\\/cj.estrategia.com\\\/portal\\\/\",\"name\":\"Blog - Carreiras Jur\u00eddicas - Estrat\u00e9gia\",\"description\":\"\",\"publisher\":{\"@id\":\"https:\\\/\\\/cj.estrategia.com\\\/portal\\\/#organization\"},\"potentialAction\":[{\"@type\":\"SearchAction\",\"target\":{\"@type\":\"EntryPoint\",\"urlTemplate\":\"https:\\\/\\\/cj.estrategia.com\\\/portal\\\/?s={search_term_string}\"},\"query-input\":{\"@type\":\"PropertyValueSpecification\",\"valueRequired\":true,\"valueName\":\"search_term_string\"}}],\"inLanguage\":\"pt-BR\"},{\"@type\":\"Organization\",\"@id\":\"https:\\\/\\\/cj.estrategia.com\\\/portal\\\/#organization\",\"name\":\"Estrat\u00e9gia - Carreiras Jur\u00eddicas\",\"url\":\"https:\\\/\\\/cj.estrategia.com\\\/portal\\\/\",\"logo\":{\"@type\":\"ImageObject\",\"inLanguage\":\"pt-BR\",\"@id\":\"https:\\\/\\\/cj.estrategia.com\\\/portal\\\/#\\\/schema\\\/logo\\\/image\\\/\",\"url\":\"https:\\\/\\\/cj.estrategia.com\\\/portal\\\/wp-content\\\/uploads\\\/2022\\\/03\\\/11151052\\\/cj-logo.png\",\"contentUrl\":\"https:\\\/\\\/cj.estrategia.com\\\/portal\\\/wp-content\\\/uploads\\\/2022\\\/03\\\/11151052\\\/cj-logo.png\",\"width\":150,\"height\":39,\"caption\":\"Estrat\u00e9gia - Carreiras Jur\u00eddicas\"},\"image\":{\"@id\":\"https:\\\/\\\/cj.estrategia.com\\\/portal\\\/#\\\/schema\\\/logo\\\/image\\\/\"},\"sameAs\":[\"https:\\\/\\\/www.facebook.com\\\/estrategiacarreirajuridica\\\/\",\"https:\\\/\\\/x.com\\\/EstratJuridica\",\"https:\\\/\\\/www.instagram.com\\\/estrategiacarreirajuridica\\\/\",\"https:\\\/\\\/www.youtube.com\\\/channel\\\/UClbMGuYbj2Mh1m3w144ETWQ\"]},{\"@type\":\"Person\",\"@id\":\"https:\\\/\\\/cj.estrategia.com\\\/portal\\\/#\\\/schema\\\/person\\\/c3ccc024ac7f9069ad740923e64eabb0\",\"name\":\"Ana Luiza Tiburcio Guimar\u00e3es\",\"image\":{\"@type\":\"ImageObject\",\"inLanguage\":\"pt-BR\",\"@id\":\"https:\\\/\\\/secure.gravatar.com\\\/avatar\\\/d0e9fa767d159d6bdb59324855854ef2672e0774dce8705b1c42c80a5b4de7b8?s=96&d=mm&r=g\",\"url\":\"https:\\\/\\\/secure.gravatar.com\\\/avatar\\\/d0e9fa767d159d6bdb59324855854ef2672e0774dce8705b1c42c80a5b4de7b8?s=96&d=mm&r=g\",\"contentUrl\":\"https:\\\/\\\/secure.gravatar.com\\\/avatar\\\/d0e9fa767d159d6bdb59324855854ef2672e0774dce8705b1c42c80a5b4de7b8?s=96&d=mm&r=g\",\"caption\":\"Ana Luiza Tiburcio Guimar\u00e3es\"},\"url\":\"https:\\\/\\\/cj.estrategia.com\\\/portal\\\/author\\\/anatiburcio-g\\\/\"}]}<\/script>\n<!-- \/ Yoast SEO Premium plugin. -->","yoast_head_json":{"title":"Direito Constitucional \u00e0 Sa\u00fade","description":"Se aprofunde no direito constitucional \u00e0 sa\u00fade, tema que t\u00eam ganhado especial relev\u00e2ncia no sistema jur\u00eddico brasileiro nos \u00faltimos tempos.","robots":{"index":"index","follow":"follow","max-snippet":"max-snippet:-1","max-image-preview":"max-image-preview:large","max-video-preview":"max-video-preview:-1"},"canonical":"https:\/\/cj.estrategia.com\/portal\/direito-constitucional-saude\/","og_locale":"pt_BR","og_type":"article","og_title":"Direito Constitucional \u00e0 Sa\u00fade","og_description":"Se aprofunde no direito constitucional \u00e0 sa\u00fade, tema que t\u00eam ganhado especial relev\u00e2ncia no sistema jur\u00eddico brasileiro nos \u00faltimos tempos.","og_url":"https:\/\/cj.estrategia.com\/portal\/direito-constitucional-saude\/","og_site_name":"Blog - Carreiras Jur\u00eddicas - Estrat\u00e9gia","article_publisher":"https:\/\/www.facebook.com\/estrategiacarreirajuridica\/","article_published_time":"2023-09-12T11:00:00+00:00","og_image":[{"width":768,"height":432,"url":"https:\/\/cj.estrategia.com\/portal\/wp-content\/uploads\/2023\/07\/07111911\/dica-estrategica-ecj-carreiras-juridicas.jpg","type":"image\/jpeg"}],"author":"Ana Luiza Tiburcio Guimar\u00e3es","twitter_card":"summary_large_image","twitter_creator":"@EstratJuridica","twitter_site":"@EstratJuridica","twitter_misc":{"Escrito por":"Ana Luiza Tiburcio Guimar\u00e3es","Est. tempo de leitura":"9 minutos"},"schema":{"@context":"https:\/\/schema.org","@graph":[{"@type":"NewsArticle","@id":"https:\/\/cj.estrategia.com\/portal\/direito-constitucional-saude\/#article","isPartOf":{"@id":"https:\/\/cj.estrategia.com\/portal\/direito-constitucional-saude\/"},"author":{"name":"Ana Luiza Tiburcio Guimar\u00e3es","@id":"https:\/\/cj.estrategia.com\/portal\/#\/schema\/person\/c3ccc024ac7f9069ad740923e64eabb0"},"headline":"Direito Constitucional \u00e0 Sa\u00fade","datePublished":"2023-09-12T11:00:00+00:00","mainEntityOfPage":{"@id":"https:\/\/cj.estrategia.com\/portal\/direito-constitucional-saude\/"},"wordCount":1790,"commentCount":0,"publisher":{"@id":"https:\/\/cj.estrategia.com\/portal\/#organization"},"image":{"@id":"https:\/\/cj.estrategia.com\/portal\/direito-constitucional-saude\/#primaryimage"},"thumbnailUrl":"https:\/\/cj.estrategia.com\/portal\/wp-content\/uploads\/2023\/07\/07111911\/dica-estrategica-ecj-carreiras-juridicas.jpg","articleSection":["Carreiras Jur\u00eddicas"],"inLanguage":"pt-BR","potentialAction":[{"@type":"CommentAction","name":"Comment","target":["https:\/\/cj.estrategia.com\/portal\/direito-constitucional-saude\/#respond"]}]},{"@type":"WebPage","@id":"https:\/\/cj.estrategia.com\/portal\/direito-constitucional-saude\/","url":"https:\/\/cj.estrategia.com\/portal\/direito-constitucional-saude\/","name":"Direito Constitucional \u00e0 Sa\u00fade","isPartOf":{"@id":"https:\/\/cj.estrategia.com\/portal\/#website"},"primaryImageOfPage":{"@id":"https:\/\/cj.estrategia.com\/portal\/direito-constitucional-saude\/#primaryimage"},"image":{"@id":"https:\/\/cj.estrategia.com\/portal\/direito-constitucional-saude\/#primaryimage"},"thumbnailUrl":"https:\/\/cj.estrategia.com\/portal\/wp-content\/uploads\/2023\/07\/07111911\/dica-estrategica-ecj-carreiras-juridicas.jpg","datePublished":"2023-09-12T11:00:00+00:00","description":"Se aprofunde no direito constitucional \u00e0 sa\u00fade, tema que t\u00eam ganhado especial relev\u00e2ncia no sistema jur\u00eddico brasileiro nos \u00faltimos tempos.","breadcrumb":{"@id":"https:\/\/cj.estrategia.com\/portal\/direito-constitucional-saude\/#breadcrumb"},"inLanguage":"pt-BR","potentialAction":[{"@type":"ReadAction","target":["https:\/\/cj.estrategia.com\/portal\/direito-constitucional-saude\/"]}]},{"@type":"ImageObject","inLanguage":"pt-BR","@id":"https:\/\/cj.estrategia.com\/portal\/direito-constitucional-saude\/#primaryimage","url":"https:\/\/cj.estrategia.com\/portal\/wp-content\/uploads\/2023\/07\/07111911\/dica-estrategica-ecj-carreiras-juridicas.jpg","contentUrl":"https:\/\/cj.estrategia.com\/portal\/wp-content\/uploads\/2023\/07\/07111911\/dica-estrategica-ecj-carreiras-juridicas.jpg","width":768,"height":432,"caption":"direito constitucional \u00e0 sa\u00fade"},{"@type":"BreadcrumbList","@id":"https:\/\/cj.estrategia.com\/portal\/direito-constitucional-saude\/#breadcrumb","itemListElement":[{"@type":"ListItem","position":1,"name":"In\u00edcio","item":"https:\/\/cj.estrategia.com\/portal\/"},{"@type":"ListItem","position":2,"name":"Direito Constitucional \u00e0 Sa\u00fade"}]},{"@type":"WebSite","@id":"https:\/\/cj.estrategia.com\/portal\/#website","url":"https:\/\/cj.estrategia.com\/portal\/","name":"Blog - Carreiras Jur\u00eddicas - Estrat\u00e9gia","description":"","publisher":{"@id":"https:\/\/cj.estrategia.com\/portal\/#organization"},"potentialAction":[{"@type":"SearchAction","target":{"@type":"EntryPoint","urlTemplate":"https:\/\/cj.estrategia.com\/portal\/?s={search_term_string}"},"query-input":{"@type":"PropertyValueSpecification","valueRequired":true,"valueName":"search_term_string"}}],"inLanguage":"pt-BR"},{"@type":"Organization","@id":"https:\/\/cj.estrategia.com\/portal\/#organization","name":"Estrat\u00e9gia - Carreiras Jur\u00eddicas","url":"https:\/\/cj.estrategia.com\/portal\/","logo":{"@type":"ImageObject","inLanguage":"pt-BR","@id":"https:\/\/cj.estrategia.com\/portal\/#\/schema\/logo\/image\/","url":"https:\/\/cj.estrategia.com\/portal\/wp-content\/uploads\/2022\/03\/11151052\/cj-logo.png","contentUrl":"https:\/\/cj.estrategia.com\/portal\/wp-content\/uploads\/2022\/03\/11151052\/cj-logo.png","width":150,"height":39,"caption":"Estrat\u00e9gia - Carreiras Jur\u00eddicas"},"image":{"@id":"https:\/\/cj.estrategia.com\/portal\/#\/schema\/logo\/image\/"},"sameAs":["https:\/\/www.facebook.com\/estrategiacarreirajuridica\/","https:\/\/x.com\/EstratJuridica","https:\/\/www.instagram.com\/estrategiacarreirajuridica\/","https:\/\/www.youtube.com\/channel\/UClbMGuYbj2Mh1m3w144ETWQ"]},{"@type":"Person","@id":"https:\/\/cj.estrategia.com\/portal\/#\/schema\/person\/c3ccc024ac7f9069ad740923e64eabb0","name":"Ana Luiza Tiburcio Guimar\u00e3es","image":{"@type":"ImageObject","inLanguage":"pt-BR","@id":"https:\/\/secure.gravatar.com\/avatar\/d0e9fa767d159d6bdb59324855854ef2672e0774dce8705b1c42c80a5b4de7b8?s=96&d=mm&r=g","url":"https:\/\/secure.gravatar.com\/avatar\/d0e9fa767d159d6bdb59324855854ef2672e0774dce8705b1c42c80a5b4de7b8?s=96&d=mm&r=g","contentUrl":"https:\/\/secure.gravatar.com\/avatar\/d0e9fa767d159d6bdb59324855854ef2672e0774dce8705b1c42c80a5b4de7b8?s=96&d=mm&r=g","caption":"Ana Luiza Tiburcio Guimar\u00e3es"},"url":"https:\/\/cj.estrategia.com\/portal\/author\/anatiburcio-g\/"}]}},"jetpack_featured_media_url":"https:\/\/cj.estrategia.com\/portal\/wp-content\/uploads\/2023\/07\/07111911\/dica-estrategica-ecj-carreiras-juridicas.jpg","jetpack_sharing_enabled":true,"_links":{"self":[{"href":"https:\/\/cj.estrategia.com\/portal\/wp-json\/wp\/v2\/posts\/44027","targetHints":{"allow":["GET"]}}],"collection":[{"href":"https:\/\/cj.estrategia.com\/portal\/wp-json\/wp\/v2\/posts"}],"about":[{"href":"https:\/\/cj.estrategia.com\/portal\/wp-json\/wp\/v2\/types\/post"}],"author":[{"embeddable":true,"href":"https:\/\/cj.estrategia.com\/portal\/wp-json\/wp\/v2\/users\/47"}],"replies":[{"embeddable":true,"href":"https:\/\/cj.estrategia.com\/portal\/wp-json\/wp\/v2\/comments?post=44027"}],"version-history":[{"count":2,"href":"https:\/\/cj.estrategia.com\/portal\/wp-json\/wp\/v2\/posts\/44027\/revisions"}],"predecessor-version":[{"id":44029,"href":"https:\/\/cj.estrategia.com\/portal\/wp-json\/wp\/v2\/posts\/44027\/revisions\/44029"}],"wp:featuredmedia":[{"embeddable":true,"href":"https:\/\/cj.estrategia.com\/portal\/wp-json\/wp\/v2\/media\/40779"}],"wp:attachment":[{"href":"https:\/\/cj.estrategia.com\/portal\/wp-json\/wp\/v2\/media?parent=44027"}],"wp:term":[{"taxonomy":"category","embeddable":true,"href":"https:\/\/cj.estrategia.com\/portal\/wp-json\/wp\/v2\/categories?post=44027"},{"taxonomy":"post_tag","embeddable":true,"href":"https:\/\/cj.estrategia.com\/portal\/wp-json\/wp\/v2\/tags?post=44027"},{"taxonomy":"tax_estado","embeddable":true,"href":"https:\/\/cj.estrategia.com\/portal\/wp-json\/wp\/v2\/tax_estado?post=44027"}],"curies":[{"name":"wp","href":"https:\/\/api.w.org\/{rel}","templated":true}]}}