{"id":43926,"date":"2023-08-14T10:14:44","date_gmt":"2023-08-14T13:14:44","guid":{"rendered":"https:\/\/cj.estrategia.com\/portal\/?p=43926"},"modified":"2023-08-14T10:14:47","modified_gmt":"2023-08-14T13:14:47","slug":"juiz-das-garantias-evolucao-ou-retrocesso","status":"publish","type":"post","link":"https:\/\/cj.estrategia.com\/portal\/juiz-das-garantias-evolucao-ou-retrocesso\/","title":{"rendered":"Juiz das Garantias: evolu\u00e7\u00e3o ou retrocesso?"},"content":{"rendered":"\n<p>Sou o professor Allan Montoni Joos, defensor P\u00fablico do Estado de Goi\u00e1s, professor universit\u00e1rio e de p\u00f3s-gradua\u00e7\u00e3o, p\u00f3s-graduado em Direito P\u00fablico, autor e palestrante, e coordenador no Estrat\u00e9gia Carreira Jur\u00eddica.<\/p>\n\n\n\n<p>Trouxe abaixo uma an\u00e1lise para reflex\u00e3o sobre o tema: Juiz das Garantias: evolu\u00e7\u00e3o ou retrocesso?<\/p>\n\n\n\n<p><strong>Conceito e fundamento legal<\/strong><\/p>\n\n\n\n<p>O denominado juiz das garantias, positivado no ordenamento jur\u00eddico brasileiro pela Lei n\u00ba 13.964\/2019, \u00e9 aquele magistrado respons\u00e1vel pelas decis\u00f5es cautelares, pr\u00e9 processuais, inda na fase investigativa, distinto do ju\u00edzo que ir\u00e1 decidir sobre o m\u00e9rito da a\u00e7\u00e3o penal.<\/p>\n\n\n\n<p>Nos termos do que prev\u00ea o artigo 3\u00ba-B do C\u00f3digo de Processo Penal (suspenso pelas ADIs 6298, 6299, 6300 e 6305), o juiz das garantias \u00e9 respons\u00e1vel pelo controle da legalidade da investiga\u00e7\u00e3o criminal e pela salvaguarda dos direitos individuais cuja franquia tenha sido reservada \u00e0 autoriza\u00e7\u00e3o pr\u00e9via do Poder Judici\u00e1rio. Dentre as v\u00e1rias atribui\u00e7\u00f5es previstas nos incisos I a XVIII do aludido dispositivo legal, est\u00e1 o controle da legalidade do auto de pris\u00e3o em flagrante, a decis\u00e3o sobre a eventual decreta\u00e7\u00e3o da pris\u00e3o preventiva e sobre intercep\u00e7\u00e3o telef\u00f4nica, busca e apreens\u00e3o, dentre outras dilig\u00eancias investigativas que demandem reserva de jurisdi\u00e7\u00e3o.<\/p>\n\n\n\n<p><strong>Direito comparado<\/strong><\/p>\n\n\n\n<p>A exist\u00eancia do referido ju\u00edzo n\u00e3o \u00e9 novidade criada pela legisla\u00e7\u00e3o brasileira. Pelo contr\u00e1rio, a figura do juiz das garantias \u00e9 consagrada pelo Chile, Portugal, Paraguai, Uruguai e tantos outros pa\u00edses. Vale destacar, inclusive, que o Tribunal Europeu de Direitos Humanos (TEDH), especificamente nos casos <em>Piersack (1982) <\/em>e <em>De Cubber (1984), <\/em>entendeu que o juiz com poderes investigativos \u00e9 incompat\u00edvel com a fun\u00e7\u00e3o de julgador, ressaltando que se o juiz realizou algum ato de investiga\u00e7\u00e3o, n\u00e3o poder\u00e1, na fase processual, ser a autoridade sentenciante. Para o TEDH, a contamina\u00e7\u00e3o resultante de pr\u00e9-ju\u00edzos conduzem \u00e0 falta de imparcialidade tanto objetiva, quanto subjetiva.<\/p>\n\n\n\n<p><strong>A imparcialidade do juiz<\/strong><\/p>\n\n\n\n<p>Os autores favor\u00e1veis \u00e0 referida figura (juiz das garantias) ressaltam que pela \u201cTeoria da Disson\u00e2ncia Cognitiva\u201d o juiz que atua na fase investigativa constr\u00f3i uma imagem mental dos fatos e em raz\u00e3o disso decidir\u00e1 buscando a autoconfirma\u00e7\u00e3o de hip\u00f3teses, superestimando as informa\u00e7\u00f5es anteriormente consideradas corretas e far\u00e1 uma verdadeira busca seletiva de informa\u00e7\u00f5es, em especial buscando aquelas que confirmem a hip\u00f3tese previamente aceita durante as investiga\u00e7\u00f5es. A decis\u00e3o de um juiz contaminado tender\u00e1 a buscar um efeito confirmador-tranquilizador, sempre ratificando o que j\u00e1 foi decidido anteriormente.<\/p>\n\n\n\n<p><strong>ADIs em tr\u00e2mite perante o STF<\/strong><\/p>\n\n\n\n<p>Ap\u00f3s positivada a figura do juiz das garantias, foram ajuizadas as ADIs 6298, 6299, 6300 e 6305 que questionam a constitucionalidade do referido instituto.<\/p>\n\n\n\n<p>Na ADI 6298, a Associa\u00e7\u00e3o de Magistrados do Brasil (AMB) e a Associa\u00e7\u00e3o dos Ju\u00edzes Federais do Brasil (Ajufe) alegam que a Uni\u00e3o teria ultrapassado sua compet\u00eancia ao impor a observ\u00e2ncia imediata do juiz das garantias no \u00e2mbito dos inqu\u00e9ritos policiais. Segundo as entidades, a cria\u00e7\u00e3o de uma classe pr\u00f3pria de juiz contraria a regra constitucional que reserva ao STF a iniciativa de lei complementar sobre o Estatuto da Magistratura.<\/p>\n\n\n\n<p>Por sua vez, partidos pol\u00edticos Podemos e Cidadania, autores da ADI 6299, alegam que a norma viola o princ\u00edpio da razo\u00e1vel dura\u00e7\u00e3o do processo e imp\u00f5e ao Judici\u00e1rio gastos obrigat\u00f3rios sem nenhum estudo de impacto sobre os recursos necess\u00e1rios para a implanta\u00e7\u00e3o da medida. J\u00e1 PSL, autor da ADI 6300, sustenta que seria invi\u00e1vel a adapta\u00e7\u00e3o dos Tribunais para a aplica\u00e7\u00e3o das novas regras em 30 dias, como previsto na lei.<\/p>\n\n\n\n<p>Na ADI 6305, a Associa\u00e7\u00e3o Nacional dos Membros do Minist\u00e9rio P\u00fablico (Conamp) questiona, entre outros argumentos, a regra que obriga o membro do MP a comunicar ao juiz das garantias todo inqu\u00e9rito ou investiga\u00e7\u00e3o instaurada, que autoriza o juiz a determinar de of\u00edcio (sem provoca\u00e7\u00e3o das partes) o trancamento de uma investiga\u00e7\u00e3o. Tamb\u00e9m \u00e9 objeto da a\u00e7\u00e3o um trecho que determina a cria\u00e7\u00e3o de sistema de rod\u00edzios desses ju\u00edzes nas comarcas onde h\u00e1 apenas um magistrado.<\/p>\n\n\n\n<p>A efic\u00e1cia das regras est\u00e1 suspensa desde janeiro de 2020, por liminar deferida pelo ministro Luiz Fux.<\/p>\n\n\n\n<p>O julgamento das referidas ADIs foi retomado neste ano de 2023, com voto do Ministro Cristiano Zanin apresentado neste \u00faltimo dia 10\/08\/23 e com previs\u00e3o de retomada para o pr\u00f3ximo dia 16\/08.<\/p>\n\n\n\n<p>Atualmente, o placar \u00e9 de 2&#215;1 pela implementa\u00e7\u00e3o do juiz das garantias.<\/p>\n\n\n\n<p>Em seu voto, Zanin destaca que o juiz das garantias garante um sistema mais justo, com maior probabilidade de julgamentos imparciais. O Ministro ainda destacou que a implementa\u00e7\u00e3o do juiz das garantias combater\u00e1 decis\u00f5es injustas que acabam por refletir preconceitos raciais e sociais, ressaltando que o Brasil hoje tem a terceira maior popula\u00e7\u00e3o carcer\u00e1ria do mundo e que \u00e9 composta majoritariamente por pessoas negras, pobres e de baixo grau de escolaridade.<\/p>\n\n\n\n<p>As referidas ADIs contam com votos dos ministros Luiz Fux, e dias Toffoli. Para Fux, as regras que presumem a imparcialidade do juiz s\u00e3o inconstitucionais. Para o Ministro, a exist\u00eancia de estudos cient\u00edficos comprovando que seres humanos desenvolvem vieses em seus processos decis\u00f3rios \u201cn\u00e3o autoriza a presun\u00e7\u00e3o generalizada de que qualquer juiz criminal do pa\u00eds tem tend\u00eancias comportamentais t\u00edpicas de favorecimento \u00e0 acusa\u00e7\u00e3o\u201d. O referido ministro votou pela parcial proced\u00eancia das mencionadas ADIs, em especial destacando que a obriga\u00e7\u00e3o de os Estados instalarem Varas para atua\u00e7\u00e3o do Juiz das Garantias com compet\u00eancia exclusiva para a fase do inqu\u00e9rito \u00e9 inconstitucional. Destaca o Ministro que a Uni\u00e3o n\u00e3o poderia definir normas de funcionamento da justi\u00e7a criminal dos demais entes federativos. Para o magistrado, \u201ca norma geraria verdadeiro caos nas unidades judici\u00e1rias de todo o pa\u00eds, pois exigiria a interrup\u00e7\u00e3o autom\u00e1tica de todas as a\u00e7\u00f5es penais em andamento, obrigando as localidades a providenciarem a substitui\u00e7\u00e3o dos ju\u00edzes nos processos de natureza criminal\u201d<a href=\"#_ftn1\" id=\"_ftnref1\">[1]<\/a>.<\/p>\n\n\n\n<p>Por sua vez, Toffoli, no mesmo sentido de Zanin, votou pela constitucionalidade do instituto e pela necessidade de sua implementa\u00e7\u00e3o. O referido Ministro prop\u00f4s um prazo de 12 meses para a implementa\u00e7\u00e3o do juiz das garantias, prorrog\u00e1veis por mais 12 meses.<\/p>\n\n\n\n<p><strong>Conclus\u00e3o<\/strong><strong><\/strong><\/p>\n\n\n\n<p>A cria\u00e7\u00e3o do juiz das garantias no C\u00f3digo de Processo Penal foi uma importante inova\u00e7\u00e3o legislativa e tende a garantir uma atua\u00e7\u00e3o imparcial e eficaz do ju\u00edzo que conduzir\u00e1 a a\u00e7\u00e3o penal. <\/p>\n\n\n\n<p>Como j\u00e1 indicado, a exist\u00eancia de um juiz que atua na fase investigativa, tendo contato com elementos informativos dotados de cautelaridade e que demandam confirma\u00e7\u00e3o posterior, diverso daquele que conduzir\u00e1 a a\u00e7\u00e3o penal e decidir\u00e1, \u00e9 fundamental para a garantia de um ju\u00edzo imparcial e livre de pr\u00e9-conceitos que maculam a decis\u00e3o final, consistindo em um verdadeiro avan\u00e7o legislativo. <\/p>\n\n\n\n<p>Aguardemos a conclus\u00e3o do Julgamento pelo STF com a esperan\u00e7a de que o juiz das garantias efetivamente ser\u00e1 implementado em nosso ordenamento, garantindo, assim, um devido processo penal justo, imparcial e livre de preconceitos.<\/p>\n\n\n\n<figure class=\"wp-block-embed is-type-video is-provider-youtube wp-block-embed-youtube wp-embed-aspect-16-9 wp-has-aspect-ratio\"><div class=\"wp-block-embed__wrapper\">\n<div class=\"cs-embed cs-embed-responsive\"><iframe title=\"Juiz das Garantias: evolu\u00e7\u00e3o ou retrocesso? Defensor P\u00fablico Allan Joos\" width=\"1200\" height=\"675\" src=\"https:\/\/www.youtube.com\/embed\/hGDr0_DYDb8?feature=oembed\" frameborder=\"0\" allow=\"accelerometer; autoplay; clipboard-write; encrypted-media; gyroscope; picture-in-picture; web-share\" allowfullscreen><\/iframe><\/div>\n<\/div><\/figure>\n\n\n\n<hr class=\"wp-block-separator has-alpha-channel-opacity\"\/>\n\n\n\n<p><a href=\"#_ftnref1\" id=\"_ftn1\">[1]<\/a> &lt;<a href=\"https:\/\/portal.stf.jus.br\/noticias\/verNoticiaDetalhe.asp?idConteudo=509398&amp;ori=1\">https:\/\/portal.stf.jus.br\/noticias\/verNoticiaDetalhe.asp?idConteudo=509398&amp;ori=1<\/a>&gt; acessado em 10\/08\/2023.<\/p>\n\n\n\n<h2 class=\"wp-block-heading has-text-align-center\" id=\"cursos-ficha\"><span id=\"quer-estudar-para-concursos-de-direito\">Quer estudar para Concursos de Direito?<\/span><\/h2>\n\n\n\n<p>O Estrat\u00e9gia Carreira Jur\u00eddica \u00e9 campe\u00e3o de aprova\u00e7\u00f5es nos concursos para Carreiras Jur\u00eddicas com um corpo docente qualificado e materiais completos. Conhe\u00e7a nossos cursos e garanta sua aprova\u00e7\u00e3o:<\/p>\n\n\n\n<div class=\"wp-block-cover\" style=\"min-height:155px;aspect-ratio:unset;\"><img decoding=\"async\" width=\"1890\" height=\"351\" class=\"wp-block-cover__image-background wp-image-8669\" alt=\"Assinaturas Jur\u00eddicas\" src=\"https:\/\/cj.estrategia.com\/portal\/wp-content\/uploads\/2022\/06\/20151253\/concurso-carreiras-juridicas-assinatura-juridica.jpg\" style=\"object-position:78% 43%\" data-object-fit=\"cover\" data-object-position=\"78% 43%\" srcset=\"https:\/\/cj.estrategia.com\/portal\/wp-content\/uploads\/2022\/06\/20151253\/concurso-carreiras-juridicas-assinatura-juridica.jpg 1890w, https:\/\/cj.estrategia.com\/portal\/wp-content\/uploads\/2022\/06\/20151253\/concurso-carreiras-juridicas-assinatura-juridica-300x56.jpg 300w, https:\/\/cj.estrategia.com\/portal\/wp-content\/uploads\/2022\/06\/20151253\/concurso-carreiras-juridicas-assinatura-juridica-1024x190.jpg 1024w, https:\/\/cj.estrategia.com\/portal\/wp-content\/uploads\/2022\/06\/20151253\/concurso-carreiras-juridicas-assinatura-juridica-768x143.jpg 768w, https:\/\/cj.estrategia.com\/portal\/wp-content\/uploads\/2022\/06\/20151253\/concurso-carreiras-juridicas-assinatura-juridica-1536x285.jpg 1536w, https:\/\/cj.estrategia.com\/portal\/wp-content\/uploads\/2022\/06\/20151253\/concurso-carreiras-juridicas-assinatura-juridica-380x71.jpg 380w, https:\/\/cj.estrategia.com\/portal\/wp-content\/uploads\/2022\/06\/20151253\/concurso-carreiras-juridicas-assinatura-juridica-800x149.jpg 800w, https:\/\/cj.estrategia.com\/portal\/wp-content\/uploads\/2022\/06\/20151253\/concurso-carreiras-juridicas-assinatura-juridica-1160x215.jpg 1160w\" sizes=\"(max-width: 1890px) 100vw, 1890px\" \/><span aria-hidden=\"true\" class=\"wp-block-cover__background has-background-dim\"><\/span><div class=\"wp-block-cover__inner-container is-layout-flow wp-block-cover-is-layout-flow\">\n<h3 id=\"faca-a-sua-assinatura\" class=\"titulo-assinatura\"><span style=\"color: #ffffff;\">Fa\u00e7a a sua assinatura!<\/span><\/h3>\n<p class=\"subtitulo-assinatura\" style=\"display:block!important; line-height: 0;\"><span style=\"color: #ffffff;\">Escolha a sua \u00e1rea.<\/span><\/p>\n<a target=\"_blank\" href=\"https:\/\/www.estrategiaconcursos.com.br\/assinaturas-ecj\/\" rel=\"noopener\"><button style=\"border-radius: 10px; text-transform: capitalize;\">Acessar<\/button><\/a>\n<\/div><\/div>\n","protected":false},"excerpt":{"rendered":"Sou o professor Allan Montoni Joos, defensor P\u00fablico do Estado de Goi\u00e1s, professor universit\u00e1rio e de p\u00f3s-gradua\u00e7\u00e3o, p\u00f3s-graduado&hellip;\n","protected":false},"author":62,"featured_media":43930,"comment_status":"open","ping_status":"open","sticky":false,"template":"","format":"standard","meta":{"_jetpack_memberships_contains_paid_content":false,"footnotes":""},"categories":[1,26,115],"tags":[],"tax_estado":[30,31,32,33,34,35,36,37,38,39,40,41,42,43,44,45,46,47,48,49,50,51,52,53,54,55,56,57],"class_list":{"0":"post-43926","1":"post","2":"type-post","3":"status-publish","4":"format-standard","5":"has-post-thumbnail","7":"category-carreiras-juridicas","8":"category-magistratura","9":"category-noticias","10":"tax_estado-ac","11":"tax_estado-al","12":"tax_estado-am","13":"tax_estado-ap","14":"tax_estado-ba","15":"tax_estado-ce","16":"tax_estado-concursos-federais","17":"tax_estado-df","18":"tax_estado-es","19":"tax_estado-go","20":"tax_estado-ma","21":"tax_estado-mg","22":"tax_estado-ms","23":"tax_estado-mt","24":"tax_estado-pa","25":"tax_estado-pb","26":"tax_estado-pe","27":"tax_estado-pi","28":"tax_estado-pr","29":"tax_estado-rj","30":"tax_estado-rn","31":"tax_estado-ro","32":"tax_estado-rr","33":"tax_estado-rs","34":"tax_estado-sc","35":"tax_estado-se","36":"tax_estado-sp","37":"tax_estado-to"},"acf":[],"yoast_head":"<!-- This site is optimized with the Yoast SEO Premium plugin v27.4 (Yoast SEO v27.4) - https:\/\/yoast.com\/product\/yoast-seo-premium-wordpress\/ -->\n<title>Juiz das Garantias: evolu\u00e7\u00e3o ou retrocesso?<\/title>\n<meta name=\"description\" content=\"Juiz das Garantias: evolu\u00e7\u00e3o ou retrocesso? Confira uma an\u00e1lise completa sobre este tema e entenda a fun\u00e7\u00e3o!\" \/>\n<meta name=\"robots\" content=\"index, follow, max-snippet:-1, max-image-preview:large, max-video-preview:-1\" \/>\n<link rel=\"canonical\" href=\"https:\/\/cj.estrategia.com\/portal\/juiz-das-garantias-evolucao-ou-retrocesso\/\" \/>\n<meta property=\"og:locale\" content=\"pt_BR\" \/>\n<meta property=\"og:type\" content=\"article\" \/>\n<meta property=\"og:title\" content=\"Juiz das Garantias: evolu\u00e7\u00e3o ou retrocesso?\" \/>\n<meta property=\"og:description\" content=\"Juiz das Garantias: evolu\u00e7\u00e3o ou retrocesso? Confira uma an\u00e1lise completa sobre este tema e entenda a fun\u00e7\u00e3o!\" \/>\n<meta property=\"og:url\" content=\"https:\/\/cj.estrategia.com\/portal\/juiz-das-garantias-evolucao-ou-retrocesso\/\" \/>\n<meta property=\"og:site_name\" content=\"Blog - Carreiras Jur\u00eddicas - Estrat\u00e9gia\" \/>\n<meta property=\"article:publisher\" content=\"https:\/\/www.facebook.com\/estrategiacarreirajuridica\/\" \/>\n<meta property=\"article:published_time\" content=\"2023-08-14T13:14:44+00:00\" \/>\n<meta property=\"article:modified_time\" content=\"2023-08-14T13:14:47+00:00\" \/>\n<meta property=\"og:image\" content=\"https:\/\/cj.estrategia.com\/portal\/wp-content\/uploads\/2023\/08\/14101135\/jjdug.jpeg\" \/>\n\t<meta property=\"og:image:width\" content=\"1200\" \/>\n\t<meta property=\"og:image:height\" content=\"627\" \/>\n\t<meta property=\"og:image:type\" content=\"image\/jpeg\" \/>\n<meta name=\"author\" content=\"Allan Joos\" \/>\n<meta name=\"twitter:card\" content=\"summary_large_image\" \/>\n<meta name=\"twitter:creator\" content=\"@EstratJuridica\" \/>\n<meta name=\"twitter:site\" content=\"@EstratJuridica\" \/>\n<meta name=\"twitter:label1\" content=\"Escrito por\" \/>\n\t<meta name=\"twitter:data1\" content=\"Allan Joos\" \/>\n\t<meta name=\"twitter:label2\" content=\"Est. tempo de leitura\" \/>\n\t<meta name=\"twitter:data2\" content=\"7 minutos\" \/>\n<script type=\"application\/ld+json\" class=\"yoast-schema-graph\">{\"@context\":\"https:\\\/\\\/schema.org\",\"@graph\":[{\"@type\":\"NewsArticle\",\"@id\":\"https:\\\/\\\/cj.estrategia.com\\\/portal\\\/juiz-das-garantias-evolucao-ou-retrocesso\\\/#article\",\"isPartOf\":{\"@id\":\"https:\\\/\\\/cj.estrategia.com\\\/portal\\\/juiz-das-garantias-evolucao-ou-retrocesso\\\/\"},\"author\":{\"name\":\"Allan Joos\",\"@id\":\"https:\\\/\\\/cj.estrategia.com\\\/portal\\\/#\\\/schema\\\/person\\\/c48648992c53b73c046825760c50c2f0\"},\"headline\":\"Juiz das Garantias: evolu\u00e7\u00e3o ou retrocesso?\",\"datePublished\":\"2023-08-14T13:14:44+00:00\",\"dateModified\":\"2023-08-14T13:14:47+00:00\",\"mainEntityOfPage\":{\"@id\":\"https:\\\/\\\/cj.estrategia.com\\\/portal\\\/juiz-das-garantias-evolucao-ou-retrocesso\\\/\"},\"wordCount\":1267,\"commentCount\":0,\"publisher\":{\"@id\":\"https:\\\/\\\/cj.estrategia.com\\\/portal\\\/#organization\"},\"image\":{\"@id\":\"https:\\\/\\\/cj.estrategia.com\\\/portal\\\/juiz-das-garantias-evolucao-ou-retrocesso\\\/#primaryimage\"},\"thumbnailUrl\":\"https:\\\/\\\/cj.estrategia.com\\\/portal\\\/wp-content\\\/uploads\\\/2023\\\/08\\\/14101135\\\/jjdug.jpeg\",\"articleSection\":[\"Carreiras Jur\u00eddicas\",\"Magistratura\",\"Not\u00edcias\"],\"inLanguage\":\"pt-BR\",\"potentialAction\":[{\"@type\":\"CommentAction\",\"name\":\"Comment\",\"target\":[\"https:\\\/\\\/cj.estrategia.com\\\/portal\\\/juiz-das-garantias-evolucao-ou-retrocesso\\\/#respond\"]}]},{\"@type\":\"WebPage\",\"@id\":\"https:\\\/\\\/cj.estrategia.com\\\/portal\\\/juiz-das-garantias-evolucao-ou-retrocesso\\\/\",\"url\":\"https:\\\/\\\/cj.estrategia.com\\\/portal\\\/juiz-das-garantias-evolucao-ou-retrocesso\\\/\",\"name\":\"Juiz das Garantias: evolu\u00e7\u00e3o ou retrocesso?\",\"isPartOf\":{\"@id\":\"https:\\\/\\\/cj.estrategia.com\\\/portal\\\/#website\"},\"primaryImageOfPage\":{\"@id\":\"https:\\\/\\\/cj.estrategia.com\\\/portal\\\/juiz-das-garantias-evolucao-ou-retrocesso\\\/#primaryimage\"},\"image\":{\"@id\":\"https:\\\/\\\/cj.estrategia.com\\\/portal\\\/juiz-das-garantias-evolucao-ou-retrocesso\\\/#primaryimage\"},\"thumbnailUrl\":\"https:\\\/\\\/cj.estrategia.com\\\/portal\\\/wp-content\\\/uploads\\\/2023\\\/08\\\/14101135\\\/jjdug.jpeg\",\"datePublished\":\"2023-08-14T13:14:44+00:00\",\"dateModified\":\"2023-08-14T13:14:47+00:00\",\"description\":\"Juiz das Garantias: evolu\u00e7\u00e3o ou retrocesso? Confira uma an\u00e1lise completa sobre este tema e entenda a fun\u00e7\u00e3o!\",\"breadcrumb\":{\"@id\":\"https:\\\/\\\/cj.estrategia.com\\\/portal\\\/juiz-das-garantias-evolucao-ou-retrocesso\\\/#breadcrumb\"},\"inLanguage\":\"pt-BR\",\"potentialAction\":[{\"@type\":\"ReadAction\",\"target\":[\"https:\\\/\\\/cj.estrategia.com\\\/portal\\\/juiz-das-garantias-evolucao-ou-retrocesso\\\/\"]}]},{\"@type\":\"ImageObject\",\"inLanguage\":\"pt-BR\",\"@id\":\"https:\\\/\\\/cj.estrategia.com\\\/portal\\\/juiz-das-garantias-evolucao-ou-retrocesso\\\/#primaryimage\",\"url\":\"https:\\\/\\\/cj.estrategia.com\\\/portal\\\/wp-content\\\/uploads\\\/2023\\\/08\\\/14101135\\\/jjdug.jpeg\",\"contentUrl\":\"https:\\\/\\\/cj.estrategia.com\\\/portal\\\/wp-content\\\/uploads\\\/2023\\\/08\\\/14101135\\\/jjdug.jpeg\",\"width\":1200,\"height\":627},{\"@type\":\"BreadcrumbList\",\"@id\":\"https:\\\/\\\/cj.estrategia.com\\\/portal\\\/juiz-das-garantias-evolucao-ou-retrocesso\\\/#breadcrumb\",\"itemListElement\":[{\"@type\":\"ListItem\",\"position\":1,\"name\":\"In\u00edcio\",\"item\":\"https:\\\/\\\/cj.estrategia.com\\\/portal\\\/\"},{\"@type\":\"ListItem\",\"position\":2,\"name\":\"Juiz das Garantias: evolu\u00e7\u00e3o ou retrocesso?\"}]},{\"@type\":\"WebSite\",\"@id\":\"https:\\\/\\\/cj.estrategia.com\\\/portal\\\/#website\",\"url\":\"https:\\\/\\\/cj.estrategia.com\\\/portal\\\/\",\"name\":\"Blog - Carreiras Jur\u00eddicas - Estrat\u00e9gia\",\"description\":\"\",\"publisher\":{\"@id\":\"https:\\\/\\\/cj.estrategia.com\\\/portal\\\/#organization\"},\"potentialAction\":[{\"@type\":\"SearchAction\",\"target\":{\"@type\":\"EntryPoint\",\"urlTemplate\":\"https:\\\/\\\/cj.estrategia.com\\\/portal\\\/?s={search_term_string}\"},\"query-input\":{\"@type\":\"PropertyValueSpecification\",\"valueRequired\":true,\"valueName\":\"search_term_string\"}}],\"inLanguage\":\"pt-BR\"},{\"@type\":\"Organization\",\"@id\":\"https:\\\/\\\/cj.estrategia.com\\\/portal\\\/#organization\",\"name\":\"Estrat\u00e9gia - Carreiras Jur\u00eddicas\",\"url\":\"https:\\\/\\\/cj.estrategia.com\\\/portal\\\/\",\"logo\":{\"@type\":\"ImageObject\",\"inLanguage\":\"pt-BR\",\"@id\":\"https:\\\/\\\/cj.estrategia.com\\\/portal\\\/#\\\/schema\\\/logo\\\/image\\\/\",\"url\":\"https:\\\/\\\/cj.estrategia.com\\\/portal\\\/wp-content\\\/uploads\\\/2022\\\/03\\\/11151052\\\/cj-logo.png\",\"contentUrl\":\"https:\\\/\\\/cj.estrategia.com\\\/portal\\\/wp-content\\\/uploads\\\/2022\\\/03\\\/11151052\\\/cj-logo.png\",\"width\":150,\"height\":39,\"caption\":\"Estrat\u00e9gia - Carreiras Jur\u00eddicas\"},\"image\":{\"@id\":\"https:\\\/\\\/cj.estrategia.com\\\/portal\\\/#\\\/schema\\\/logo\\\/image\\\/\"},\"sameAs\":[\"https:\\\/\\\/www.facebook.com\\\/estrategiacarreirajuridica\\\/\",\"https:\\\/\\\/x.com\\\/EstratJuridica\",\"https:\\\/\\\/www.instagram.com\\\/estrategiacarreirajuridica\\\/\",\"https:\\\/\\\/www.youtube.com\\\/channel\\\/UClbMGuYbj2Mh1m3w144ETWQ\"]},{\"@type\":\"Person\",\"@id\":\"https:\\\/\\\/cj.estrategia.com\\\/portal\\\/#\\\/schema\\\/person\\\/c48648992c53b73c046825760c50c2f0\",\"name\":\"Allan Joos\",\"image\":{\"@type\":\"ImageObject\",\"inLanguage\":\"pt-BR\",\"@id\":\"https:\\\/\\\/secure.gravatar.com\\\/avatar\\\/1b8f33b5c8b83dae3a0e569e23f1e6d1898a7771af6690410413809652612016?s=96&d=mm&r=g\",\"url\":\"https:\\\/\\\/secure.gravatar.com\\\/avatar\\\/1b8f33b5c8b83dae3a0e569e23f1e6d1898a7771af6690410413809652612016?s=96&d=mm&r=g\",\"contentUrl\":\"https:\\\/\\\/secure.gravatar.com\\\/avatar\\\/1b8f33b5c8b83dae3a0e569e23f1e6d1898a7771af6690410413809652612016?s=96&d=mm&r=g\",\"caption\":\"Allan Joos\"},\"url\":\"https:\\\/\\\/cj.estrategia.com\\\/portal\\\/author\\\/allan-joos\\\/\"}]}<\/script>\n<!-- \/ Yoast SEO Premium plugin. -->","yoast_head_json":{"title":"Juiz das Garantias: evolu\u00e7\u00e3o ou retrocesso?","description":"Juiz das Garantias: evolu\u00e7\u00e3o ou retrocesso? Confira uma an\u00e1lise completa sobre este tema e entenda a fun\u00e7\u00e3o!","robots":{"index":"index","follow":"follow","max-snippet":"max-snippet:-1","max-image-preview":"max-image-preview:large","max-video-preview":"max-video-preview:-1"},"canonical":"https:\/\/cj.estrategia.com\/portal\/juiz-das-garantias-evolucao-ou-retrocesso\/","og_locale":"pt_BR","og_type":"article","og_title":"Juiz das Garantias: evolu\u00e7\u00e3o ou retrocesso?","og_description":"Juiz das Garantias: evolu\u00e7\u00e3o ou retrocesso? Confira uma an\u00e1lise completa sobre este tema e entenda a fun\u00e7\u00e3o!","og_url":"https:\/\/cj.estrategia.com\/portal\/juiz-das-garantias-evolucao-ou-retrocesso\/","og_site_name":"Blog - Carreiras Jur\u00eddicas - Estrat\u00e9gia","article_publisher":"https:\/\/www.facebook.com\/estrategiacarreirajuridica\/","article_published_time":"2023-08-14T13:14:44+00:00","article_modified_time":"2023-08-14T13:14:47+00:00","og_image":[{"width":1200,"height":627,"url":"https:\/\/cj.estrategia.com\/portal\/wp-content\/uploads\/2023\/08\/14101135\/jjdug.jpeg","type":"image\/jpeg"}],"author":"Allan Joos","twitter_card":"summary_large_image","twitter_creator":"@EstratJuridica","twitter_site":"@EstratJuridica","twitter_misc":{"Escrito por":"Allan Joos","Est. tempo de leitura":"7 minutos"},"schema":{"@context":"https:\/\/schema.org","@graph":[{"@type":"NewsArticle","@id":"https:\/\/cj.estrategia.com\/portal\/juiz-das-garantias-evolucao-ou-retrocesso\/#article","isPartOf":{"@id":"https:\/\/cj.estrategia.com\/portal\/juiz-das-garantias-evolucao-ou-retrocesso\/"},"author":{"name":"Allan Joos","@id":"https:\/\/cj.estrategia.com\/portal\/#\/schema\/person\/c48648992c53b73c046825760c50c2f0"},"headline":"Juiz das Garantias: evolu\u00e7\u00e3o ou retrocesso?","datePublished":"2023-08-14T13:14:44+00:00","dateModified":"2023-08-14T13:14:47+00:00","mainEntityOfPage":{"@id":"https:\/\/cj.estrategia.com\/portal\/juiz-das-garantias-evolucao-ou-retrocesso\/"},"wordCount":1267,"commentCount":0,"publisher":{"@id":"https:\/\/cj.estrategia.com\/portal\/#organization"},"image":{"@id":"https:\/\/cj.estrategia.com\/portal\/juiz-das-garantias-evolucao-ou-retrocesso\/#primaryimage"},"thumbnailUrl":"https:\/\/cj.estrategia.com\/portal\/wp-content\/uploads\/2023\/08\/14101135\/jjdug.jpeg","articleSection":["Carreiras Jur\u00eddicas","Magistratura","Not\u00edcias"],"inLanguage":"pt-BR","potentialAction":[{"@type":"CommentAction","name":"Comment","target":["https:\/\/cj.estrategia.com\/portal\/juiz-das-garantias-evolucao-ou-retrocesso\/#respond"]}]},{"@type":"WebPage","@id":"https:\/\/cj.estrategia.com\/portal\/juiz-das-garantias-evolucao-ou-retrocesso\/","url":"https:\/\/cj.estrategia.com\/portal\/juiz-das-garantias-evolucao-ou-retrocesso\/","name":"Juiz das Garantias: evolu\u00e7\u00e3o ou retrocesso?","isPartOf":{"@id":"https:\/\/cj.estrategia.com\/portal\/#website"},"primaryImageOfPage":{"@id":"https:\/\/cj.estrategia.com\/portal\/juiz-das-garantias-evolucao-ou-retrocesso\/#primaryimage"},"image":{"@id":"https:\/\/cj.estrategia.com\/portal\/juiz-das-garantias-evolucao-ou-retrocesso\/#primaryimage"},"thumbnailUrl":"https:\/\/cj.estrategia.com\/portal\/wp-content\/uploads\/2023\/08\/14101135\/jjdug.jpeg","datePublished":"2023-08-14T13:14:44+00:00","dateModified":"2023-08-14T13:14:47+00:00","description":"Juiz das Garantias: evolu\u00e7\u00e3o ou retrocesso? Confira uma an\u00e1lise completa sobre este tema e entenda a fun\u00e7\u00e3o!","breadcrumb":{"@id":"https:\/\/cj.estrategia.com\/portal\/juiz-das-garantias-evolucao-ou-retrocesso\/#breadcrumb"},"inLanguage":"pt-BR","potentialAction":[{"@type":"ReadAction","target":["https:\/\/cj.estrategia.com\/portal\/juiz-das-garantias-evolucao-ou-retrocesso\/"]}]},{"@type":"ImageObject","inLanguage":"pt-BR","@id":"https:\/\/cj.estrategia.com\/portal\/juiz-das-garantias-evolucao-ou-retrocesso\/#primaryimage","url":"https:\/\/cj.estrategia.com\/portal\/wp-content\/uploads\/2023\/08\/14101135\/jjdug.jpeg","contentUrl":"https:\/\/cj.estrategia.com\/portal\/wp-content\/uploads\/2023\/08\/14101135\/jjdug.jpeg","width":1200,"height":627},{"@type":"BreadcrumbList","@id":"https:\/\/cj.estrategia.com\/portal\/juiz-das-garantias-evolucao-ou-retrocesso\/#breadcrumb","itemListElement":[{"@type":"ListItem","position":1,"name":"In\u00edcio","item":"https:\/\/cj.estrategia.com\/portal\/"},{"@type":"ListItem","position":2,"name":"Juiz das Garantias: evolu\u00e7\u00e3o ou retrocesso?"}]},{"@type":"WebSite","@id":"https:\/\/cj.estrategia.com\/portal\/#website","url":"https:\/\/cj.estrategia.com\/portal\/","name":"Blog - Carreiras Jur\u00eddicas - Estrat\u00e9gia","description":"","publisher":{"@id":"https:\/\/cj.estrategia.com\/portal\/#organization"},"potentialAction":[{"@type":"SearchAction","target":{"@type":"EntryPoint","urlTemplate":"https:\/\/cj.estrategia.com\/portal\/?s={search_term_string}"},"query-input":{"@type":"PropertyValueSpecification","valueRequired":true,"valueName":"search_term_string"}}],"inLanguage":"pt-BR"},{"@type":"Organization","@id":"https:\/\/cj.estrategia.com\/portal\/#organization","name":"Estrat\u00e9gia - Carreiras Jur\u00eddicas","url":"https:\/\/cj.estrategia.com\/portal\/","logo":{"@type":"ImageObject","inLanguage":"pt-BR","@id":"https:\/\/cj.estrategia.com\/portal\/#\/schema\/logo\/image\/","url":"https:\/\/cj.estrategia.com\/portal\/wp-content\/uploads\/2022\/03\/11151052\/cj-logo.png","contentUrl":"https:\/\/cj.estrategia.com\/portal\/wp-content\/uploads\/2022\/03\/11151052\/cj-logo.png","width":150,"height":39,"caption":"Estrat\u00e9gia - Carreiras Jur\u00eddicas"},"image":{"@id":"https:\/\/cj.estrategia.com\/portal\/#\/schema\/logo\/image\/"},"sameAs":["https:\/\/www.facebook.com\/estrategiacarreirajuridica\/","https:\/\/x.com\/EstratJuridica","https:\/\/www.instagram.com\/estrategiacarreirajuridica\/","https:\/\/www.youtube.com\/channel\/UClbMGuYbj2Mh1m3w144ETWQ"]},{"@type":"Person","@id":"https:\/\/cj.estrategia.com\/portal\/#\/schema\/person\/c48648992c53b73c046825760c50c2f0","name":"Allan Joos","image":{"@type":"ImageObject","inLanguage":"pt-BR","@id":"https:\/\/secure.gravatar.com\/avatar\/1b8f33b5c8b83dae3a0e569e23f1e6d1898a7771af6690410413809652612016?s=96&d=mm&r=g","url":"https:\/\/secure.gravatar.com\/avatar\/1b8f33b5c8b83dae3a0e569e23f1e6d1898a7771af6690410413809652612016?s=96&d=mm&r=g","contentUrl":"https:\/\/secure.gravatar.com\/avatar\/1b8f33b5c8b83dae3a0e569e23f1e6d1898a7771af6690410413809652612016?s=96&d=mm&r=g","caption":"Allan Joos"},"url":"https:\/\/cj.estrategia.com\/portal\/author\/allan-joos\/"}]}},"jetpack_featured_media_url":"https:\/\/cj.estrategia.com\/portal\/wp-content\/uploads\/2023\/08\/14101135\/jjdug.jpeg","jetpack_sharing_enabled":true,"_links":{"self":[{"href":"https:\/\/cj.estrategia.com\/portal\/wp-json\/wp\/v2\/posts\/43926","targetHints":{"allow":["GET"]}}],"collection":[{"href":"https:\/\/cj.estrategia.com\/portal\/wp-json\/wp\/v2\/posts"}],"about":[{"href":"https:\/\/cj.estrategia.com\/portal\/wp-json\/wp\/v2\/types\/post"}],"author":[{"embeddable":true,"href":"https:\/\/cj.estrategia.com\/portal\/wp-json\/wp\/v2\/users\/62"}],"replies":[{"embeddable":true,"href":"https:\/\/cj.estrategia.com\/portal\/wp-json\/wp\/v2\/comments?post=43926"}],"version-history":[{"count":2,"href":"https:\/\/cj.estrategia.com\/portal\/wp-json\/wp\/v2\/posts\/43926\/revisions"}],"predecessor-version":[{"id":43931,"href":"https:\/\/cj.estrategia.com\/portal\/wp-json\/wp\/v2\/posts\/43926\/revisions\/43931"}],"wp:featuredmedia":[{"embeddable":true,"href":"https:\/\/cj.estrategia.com\/portal\/wp-json\/wp\/v2\/media\/43930"}],"wp:attachment":[{"href":"https:\/\/cj.estrategia.com\/portal\/wp-json\/wp\/v2\/media?parent=43926"}],"wp:term":[{"taxonomy":"category","embeddable":true,"href":"https:\/\/cj.estrategia.com\/portal\/wp-json\/wp\/v2\/categories?post=43926"},{"taxonomy":"post_tag","embeddable":true,"href":"https:\/\/cj.estrategia.com\/portal\/wp-json\/wp\/v2\/tags?post=43926"},{"taxonomy":"tax_estado","embeddable":true,"href":"https:\/\/cj.estrategia.com\/portal\/wp-json\/wp\/v2\/tax_estado?post=43926"}],"curies":[{"name":"wp","href":"https:\/\/api.w.org\/{rel}","templated":true}]}}