{"id":43841,"date":"2023-09-17T00:54:00","date_gmt":"2023-09-17T03:54:00","guid":{"rendered":"https:\/\/cj.estrategia.com\/portal\/?p=43841"},"modified":"2023-09-18T07:02:02","modified_gmt":"2023-09-18T10:02:02","slug":"concurso-pgm-primavera-do-leste-mt","status":"publish","type":"post","link":"https:\/\/cj.estrategia.com\/portal\/concurso-pgm-primavera-do-leste-mt\/","title":{"rendered":"Concurso PGM Primavera do Leste MT: inscri\u00e7\u00f5es encerradas!"},"content":{"rendered":"\n<p>Est\u00e3o encerradas as inscri\u00e7\u00f5es do concurso PGM Primavera do Leste MT. S\u00e3o ofertadas duas (2) vagas imediatas mais cadastro reserva para o cargo de <strong>Procurador Municipal<\/strong> <strong>(Concurso PGM Primavera do Leste MT)<\/strong>.<\/p>\n\n\n\n<p>A prova objetiva est\u00e1 marcada para o dia<strong> 22 de outubro. <\/strong> <\/p>\n\n\n\n<p class=\"has-very-light-gray-to-cyan-bluish-gray-gradient-background has-background\"><strong>Concurso PGM Primavera do Leste MT:<\/strong><br><strong>Status:<\/strong>\u00a0edital publicado\/ inscri\u00e7\u00f5es encerradas<br><strong>Banca<\/strong>: Selecon<br><strong>Vagas:\u00a0<\/strong>2+CR<br><strong>Sal\u00e1rio inicial:<\/strong>\u00a0R$ 14.272,51 + Honor\u00e1rios, Gratifica\u00e7\u00f5es e Benef\u00edcios.<br><strong>Edital:<\/strong> <a href=\"https:\/\/cj.estrategia.com\/portal\/wp-content\/uploads\/2023\/08\/11175419\/Edital-Selecon.pdf\" target=\"_blank\" rel=\"noreferrer noopener nofollow\">PGM Primavera do Leste MT<\/a><\/p>\n\n\n\n<ul class=\"wp-block-list\">\n<li><a href=\"#atual\">Situa\u00e7\u00e3o atual<\/a><\/li>\n\n\n\n<li><a href=\"#carreira\">Carreira<\/a>\n<ul class=\"wp-block-list\">\n<li><a href=\"#vaga\">Cargos e Vagas<\/a><\/li>\n\n\n\n<li><a href=\"#requisito\">Requisitos<\/a><\/li>\n\n\n\n<li><a href=\"#remunera\u00e7\u00e3o\">Remunera\u00e7\u00e3o<\/a><\/li>\n<\/ul>\n<\/li>\n\n\n\n<li><a href=\"#etapas\">Etapas do concurso<\/a><\/li>\n\n\n\n<li><a href=\"#cursos\">Cursos e Assinaturas<\/a><\/li>\n\n\n\n<li><a href=\"#ficha\">Ficha T\u00e9cnica<\/a><\/li>\n<\/ul>\n\n\n\n<h2 class=\"wp-block-heading\" id=\"atual\"><span id=\"pgm-primavera-do-leste-mt-situacao-atual\">PGM Primavera do Leste MT: situa\u00e7\u00e3o atual<\/span><\/h2>\n\n\n\n<ul class=\"has-cyan-bluish-gray-background-color has-background wp-block-list\">\n<li><strong><strong>Inscri\u00e7\u00f5es:<\/strong>\u00a0<\/strong><s>15\/08\/2023 a 17\/09\/2023<\/s><\/li>\n\n\n\n<li><strong>Pedidos de Isen\u00e7\u00e3o:<\/strong>\u00a0<s>15\/08\/2023 a 18\/08\/2023<\/s><\/li>\n\n\n\n<li><strong>\u00daltimo dia para pagamento da taxa<\/strong>: 18\/09\/2023<\/li>\n\n\n\n<li><strong>Prova<\/strong>: 22\/10\/2023<\/li>\n<\/ul>\n\n\n\n<h2 class=\"wp-block-heading\" id=\"carreira\"><span id=\"pgm-primavera-do-leste-mt-carreira\">PGM Primavera do Leste MT: carreira<\/span><\/h2>\n\n\n\n<h3 class=\"wp-block-heading\" id=\"vaga\"><span id=\"cargos-e-vagas\">Cargos e Vagas <\/span><\/h3>\n\n\n\n<ul class=\"wp-block-list\">\n<li>Procurador Municipal: 2 +  CR<\/li>\n<\/ul>\n\n\n\n<ul class=\"wp-block-list\">\n<li><\/li>\n<\/ul>\n\n\n\n<h3 class=\"wp-block-heading\" id=\"requisito\"><span id=\"requisitos\">Requisitos<\/span><\/h3>\n\n\n\n<p>Ensino Superior em Direito com registro junto \u00e0 OAB e comprova\u00e7\u00e3o de atividade jur\u00eddica e No\u00e7\u00f5es B\u00e1sicas de Inform\u00e1tica.<\/p>\n\n\n\n<h3 class=\"wp-block-heading\" id=\"remunera\u00e7\u00e3o\"><span id=\"remuneracao\">Remunera\u00e7\u00e3o<\/span><\/h3>\n\n\n\n<ul class=\"wp-block-list\">\n<li><\/li>\n<\/ul>\n\n\n\n<ul class=\"wp-block-list\">\n<li>R$ 14.272,51 + Honor\u00e1rios, Gratifica\u00e7\u00f5es e Benef\u00edcios.<\/li>\n<\/ul>\n\n\n\n<h3 class=\"wp-block-heading\" id=\"h-atribuicoes\"><span id=\"atribuicoes\">Atribui\u00e7\u00f5es<\/span><\/h3>\n\n\n\n<ul class=\"wp-block-list\">\n<li>Representar o Munic\u00edpio em ju\u00edzo, ativa e passivamente, e promover sua defesa em todas e quaisquer a\u00e7\u00f5es, independente de instrumento de mandado;<\/li>\n<\/ul>\n\n\n\n<ul class=\"wp-block-list\">\n<li>Propor a\u00e7\u00f5es civis p\u00fablicas e de repara\u00e7\u00e3o de danos em nome do Munic\u00edpio;<\/li>\n\n\n\n<li>Elaborar informa\u00e7\u00f5es a serem prestadas pelas autoridades do Poder Executivo em mandados de seguran\u00e7a ou mandados de injun\u00e7\u00e3o;<\/li>\n\n\n\n<li>Emitir parecer sobre mat\u00e9rias relacionadas com processos judiciais em que o Munic\u00edpio tenha interesse;<\/li>\n\n\n\n<li>Acompanhar processos administrativos e judiciais de interesse da municipalidade, tomando as provid\u00eancias necess\u00e1rias para bem curar os interesses da Administra\u00e7\u00e3o P\u00fablica;<\/li>\n\n\n\n<li>Propor a\u00e7\u00f5es de interesse municipal, desistir, transigir, acordar, confessar, compromissar, receber e dar quita\u00e7\u00e3o, quando expressamente autorizado pelo Procurador Geral;<\/li>\n\n\n\n<li>Promover a defesa judicial do Munic\u00edpio, propondo os recursos pertinentes;<\/li>\n\n\n\n<li>Manter fiel controle e observ\u00e2ncia dos prazos processuais;<\/li>\n\n\n\n<li>Examinar as ordens e senten\u00e7as judiciais cujo cumprimento dependa da autoriza\u00e7\u00e3o do Prefeito ou de outra autoridade do Munic\u00edpio;<\/li>\n<\/ul>\n\n\n\n<h2 class=\"wp-block-heading\" id=\"etapas\"><span id=\"pgm-primavera-do-leste-mt-etapas\">PGM Primavera do Leste MT: etapas<\/span><\/h2>\n\n\n\n<p>Os candidatos ser\u00e3o avaliados por meio de tr\u00eas etapas, s\u00e3o elas:<\/p>\n\n\n\n<ul class=\"wp-block-list\">\n<li>Primeira Etapa: Prova Objetiva de M\u00faltipla Escolha, de car\u00e1ter eliminat\u00f3rio e classificat\u00f3rio;<\/li>\n\n\n\n<li>Segunda Etapa: Prova Discursiva, de car\u00e1ter eliminat\u00f3rio e classificat\u00f3rio;<\/li>\n\n\n\n<li>Terceira Etapa: Avalia\u00e7\u00e3o de T\u00edtulos, de car\u00e1ter classificat\u00f3rio<\/li>\n<\/ul>\n\n\n\n<h3 id=\"prova-objetiva\" class=\"wp-block-heading\">Prova Objetiva<\/h3>\n\n\n\n<p>A prova objetiva est\u00e1 marcada para o dia<strong> 22 de outubro. <\/strong> <\/p>\n\n\n\n<figure class=\"wp-block-image size-large is-resized\"><img decoding=\"async\" src=\"https:\/\/cj.estrategia.com\/portal\/wp-content\/uploads\/2023\/08\/11174918\/image-12-1024x207.png\" alt=\"\" class=\"wp-image-43844\" style=\"width:736px;height:148px\" width=\"736\" height=\"148\" srcset=\"https:\/\/cj.estrategia.com\/portal\/wp-content\/uploads\/2023\/08\/11174918\/image-12-1024x207.png 1024w, https:\/\/cj.estrategia.com\/portal\/wp-content\/uploads\/2023\/08\/11174918\/image-12-300x61.png 300w, https:\/\/cj.estrategia.com\/portal\/wp-content\/uploads\/2023\/08\/11174918\/image-12-768x155.png 768w, https:\/\/cj.estrategia.com\/portal\/wp-content\/uploads\/2023\/08\/11174918\/image-12-380x77.png 380w, https:\/\/cj.estrategia.com\/portal\/wp-content\/uploads\/2023\/08\/11174918\/image-12-800x162.png 800w, https:\/\/cj.estrategia.com\/portal\/wp-content\/uploads\/2023\/08\/11174918\/image-12-1160x234.png 1160w, https:\/\/cj.estrategia.com\/portal\/wp-content\/uploads\/2023\/08\/11174918\/image-12-150x30.png 150w, https:\/\/cj.estrategia.com\/portal\/wp-content\/uploads\/2023\/08\/11174918\/image-12.png 1302w\" sizes=\"(max-width: 736px) 100vw, 736px\" \/><\/figure>\n\n\n\n<h3 class=\"wp-block-heading\" id=\"h-prova-discursiva\"><span id=\"prova-discursiva\">Prova discursiva<\/span><\/h3>\n\n\n\n<p>A prova discursiva valer\u00e1 um total de 100,00 pontos e consistir\u00e1 de reda\u00e7\u00e3o de uma pe\u00e7a processual, de at\u00e9 120 linhas.<\/p>\n\n\n\n<h3 class=\"wp-block-heading\" id=\"h-avaliacao-de-titulos\"><span id=\"avaliacao-de-titulos\">Avalia\u00e7\u00e3o de t\u00edtulos<\/span><\/h3>\n\n\n\n<figure class=\"wp-block-image size-large is-resized\"><img decoding=\"async\" src=\"https:\/\/cj.estrategia.com\/portal\/wp-content\/uploads\/2023\/08\/11174421\/image-11-1024x168.png\" alt=\"\" class=\"wp-image-43843\" style=\"width:729px;height:119px\" width=\"729\" height=\"119\" srcset=\"https:\/\/cj.estrategia.com\/portal\/wp-content\/uploads\/2023\/08\/11174421\/image-11-1024x168.png 1024w, https:\/\/cj.estrategia.com\/portal\/wp-content\/uploads\/2023\/08\/11174421\/image-11-300x49.png 300w, https:\/\/cj.estrategia.com\/portal\/wp-content\/uploads\/2023\/08\/11174421\/image-11-768x126.png 768w, https:\/\/cj.estrategia.com\/portal\/wp-content\/uploads\/2023\/08\/11174421\/image-11-380x62.png 380w, https:\/\/cj.estrategia.com\/portal\/wp-content\/uploads\/2023\/08\/11174421\/image-11-800x131.png 800w, https:\/\/cj.estrategia.com\/portal\/wp-content\/uploads\/2023\/08\/11174421\/image-11-150x25.png 150w, https:\/\/cj.estrategia.com\/portal\/wp-content\/uploads\/2023\/08\/11174421\/image-11.png 1044w\" sizes=\"(max-width: 729px) 100vw, 729px\" \/><\/figure>\n\n\n\n<h2 class=\"wp-block-heading has-text-align-center\" id=\"cursos\"><span id=\"quer-saber-tudo-sobre-concursos-previstosconfira-nossos-artigos\">Quer saber tudo sobre concursos previstos?<br>Confira nossos artigos!<\/span><\/h2>\n\n\n\n\n\n<h2 class=\"wp-block-heading has-text-align-center\" id=\"cursoS\"><span id=\"quer-estudar-para-o-concurso-concurso-pgm-primavera-do-leste-mt\">Quer estudar para o Concurso Concurso PGM Primavera do Leste MT?<\/span><\/h2>\n\n\n\n<p class=\"has-text-align-center\"><em>Gostou desta oportunidade e deseja come\u00e7ar se preparar agora mesmo? Ent\u00e3o, confira os nossos cursos e comece a estudar:<\/em><\/p>\n\n\n\n\n\n<div class=\"wp-block-cover\" style=\"min-height:155px;aspect-ratio:unset;\"><img decoding=\"async\" width=\"1890\" height=\"351\" class=\"wp-block-cover__image-background wp-image-8669\" alt=\"Assinaturas Jur\u00eddicas\" src=\"https:\/\/cj.estrategia.com\/portal\/wp-content\/uploads\/2022\/06\/20151253\/concurso-carreiras-juridicas-assinatura-juridica.jpg\" style=\"object-position:78% 43%\" data-object-fit=\"cover\" data-object-position=\"78% 43%\" srcset=\"https:\/\/cj.estrategia.com\/portal\/wp-content\/uploads\/2022\/06\/20151253\/concurso-carreiras-juridicas-assinatura-juridica.jpg 1890w, https:\/\/cj.estrategia.com\/portal\/wp-content\/uploads\/2022\/06\/20151253\/concurso-carreiras-juridicas-assinatura-juridica-300x56.jpg 300w, https:\/\/cj.estrategia.com\/portal\/wp-content\/uploads\/2022\/06\/20151253\/concurso-carreiras-juridicas-assinatura-juridica-1024x190.jpg 1024w, https:\/\/cj.estrategia.com\/portal\/wp-content\/uploads\/2022\/06\/20151253\/concurso-carreiras-juridicas-assinatura-juridica-768x143.jpg 768w, https:\/\/cj.estrategia.com\/portal\/wp-content\/uploads\/2022\/06\/20151253\/concurso-carreiras-juridicas-assinatura-juridica-1536x285.jpg 1536w, https:\/\/cj.estrategia.com\/portal\/wp-content\/uploads\/2022\/06\/20151253\/concurso-carreiras-juridicas-assinatura-juridica-380x71.jpg 380w, https:\/\/cj.estrategia.com\/portal\/wp-content\/uploads\/2022\/06\/20151253\/concurso-carreiras-juridicas-assinatura-juridica-800x149.jpg 800w, https:\/\/cj.estrategia.com\/portal\/wp-content\/uploads\/2022\/06\/20151253\/concurso-carreiras-juridicas-assinatura-juridica-1160x215.jpg 1160w\" sizes=\"(max-width: 1890px) 100vw, 1890px\" \/><span aria-hidden=\"true\" class=\"wp-block-cover__background has-background-dim\"><\/span><div class=\"wp-block-cover__inner-container is-layout-flow wp-block-cover-is-layout-flow\">\n<h3 id=\"faca-a-sua-assinatura\" class=\"titulo-assinatura\"><span style=\"color: #ffffff;\">Fa\u00e7a a sua assinatura!<\/span><\/h3>\n<p class=\"subtitulo-assinatura\" style=\"display:block!important; line-height: 0;\"><span style=\"color: #ffffff;\">Escolha a sua \u00e1rea.<\/span><\/p>\n<a target=\"_blank\" href=\"https:\/\/www.estrategiaconcursos.com.br\/assinaturas-ecj\/\" rel=\"noopener\"><button style=\"border-radius: 10px; text-transform: capitalize;\">Acessar<\/button><\/a>\n<\/div><\/div>\n\n\n\n<p><em>Prepare-se com o melhor material e com quem mais aprova em Concursos P\u00fablicos em todo o pa\u00eds.<\/em><\/p>\n\n\n\n<figure class=\"wp-block-image size-large is-resized\"><img decoding=\"async\" src=\"https:\/\/dhg1h5j42swfq.cloudfront.net\/2021\/08\/03075659\/ficha-tecnica-1-1024x632.png\" alt=\"\" class=\"wp-image-827472\" style=\"width:199px;height:123px\" width=\"199\" height=\"123\"\/><\/figure>\n\n\n\n<p id=\"ficha\"><strong><span style=\"font-size: 14pt;\">Informa\u00e7\u00f5es do<\/span> PGM Primavera do Leste MT<\/strong><\/p>\n\n\n\n<p>\u25ba<strong>Data prevista<\/strong>: 22\/10\/2023<br>\u25ba<strong>Vagas<\/strong>: 2 + CR<br>\u25ba<strong>Cargos<\/strong>: Procurador<br>\u25ba<strong>Banca<\/strong>: Selecon<br>\u25ba<strong>Escolaridade<\/strong>: Bacharelado em Direito <strong>+<\/strong> OAB + comprova\u00e7\u00e3o de atividade jur\u00eddica<br>\u25ba<strong>Edital:<\/strong> <a href=\"https:\/\/cj.estrategia.com\/portal\/wp-content\/uploads\/2023\/08\/11175419\/Edital-Selecon.pdf\" target=\"_blank\" rel=\"noreferrer noopener nofollow\">PGM Primavera do Leste MT<\/a><\/p>\n","protected":false},"excerpt":{"rendered":"Est\u00e3o encerradas as inscri\u00e7\u00f5es do concurso PGM Primavera do Leste MT. S\u00e3o ofertadas duas (2) vagas imediatas mais&hellip;\n","protected":false},"author":12,"featured_media":30994,"comment_status":"open","ping_status":"open","sticky":false,"template":"","format":"standard","meta":{"_jetpack_memberships_contains_paid_content":false,"footnotes":""},"categories":[24],"tags":[],"tax_estado":[43],"class_list":{"0":"post-43841","1":"post","2":"type-post","3":"status-publish","4":"format-standard","5":"has-post-thumbnail","7":"category-procuradoria","8":"tax_estado-mt"},"acf":[],"yoast_head":"<!-- This site is optimized with the Yoast SEO Premium plugin v27.5 (Yoast SEO v27.5) - https:\/\/yoast.com\/product\/yoast-seo-premium-wordpress\/ -->\n<title>Concurso PGM Primavera do Leste MT: inscri\u00e7\u00f5es encerradas!<\/title>\n<meta name=\"description\" content=\"Concurso PGM Primavera do Leste MT: confira os detalhes desta sele\u00e7\u00e3o com oferta para procurador municipal. Iniciais passam doa 14 mil!\" \/>\n<meta name=\"robots\" content=\"index, follow, max-snippet:-1, max-image-preview:large, max-video-preview:-1\" \/>\n<link rel=\"canonical\" href=\"https:\/\/cj.estrategia.com\/portal\/concurso-pgm-primavera-do-leste-mt\/\" \/>\n<meta property=\"og:locale\" content=\"pt_BR\" \/>\n<meta property=\"og:type\" content=\"article\" \/>\n<meta property=\"og:title\" content=\"Concurso PGM Primavera do Leste MT: inscri\u00e7\u00f5es encerradas!\" \/>\n<meta property=\"og:description\" content=\"Concurso PGM Primavera do Leste MT: confira os detalhes desta sele\u00e7\u00e3o com oferta para procurador municipal. Iniciais passam doa 14 mil!\" \/>\n<meta property=\"og:url\" content=\"https:\/\/cj.estrategia.com\/portal\/concurso-pgm-primavera-do-leste-mt\/\" \/>\n<meta property=\"og:site_name\" content=\"Blog - Carreiras Jur\u00eddicas - Estrat\u00e9gia\" \/>\n<meta property=\"article:publisher\" content=\"https:\/\/www.facebook.com\/estrategiacarreirajuridica\/\" \/>\n<meta property=\"article:published_time\" content=\"2023-09-17T03:54:00+00:00\" \/>\n<meta property=\"article:modified_time\" content=\"2023-09-18T10:02:02+00:00\" \/>\n<meta property=\"og:image\" content=\"https:\/\/cj.estrategia.com\/portal\/wp-content\/uploads\/2023\/03\/08100121\/concursos-pgm-procuradoria-geral.jpg\" \/>\n\t<meta property=\"og:image:width\" content=\"960\" \/>\n\t<meta property=\"og:image:height\" content=\"540\" \/>\n\t<meta property=\"og:image:type\" content=\"image\/jpeg\" \/>\n<meta name=\"author\" content=\"Coordena\u00e7\u00e3o\" \/>\n<meta name=\"twitter:card\" content=\"summary_large_image\" \/>\n<meta name=\"twitter:creator\" content=\"@EstratJuridica\" \/>\n<meta name=\"twitter:site\" content=\"@EstratJuridica\" \/>\n<meta name=\"twitter:label1\" content=\"Escrito por\" \/>\n\t<meta name=\"twitter:data1\" content=\"Coordena\u00e7\u00e3o\" \/>\n\t<meta name=\"twitter:label2\" content=\"Est. tempo de leitura\" \/>\n\t<meta name=\"twitter:data2\" content=\"4 minutos\" \/>\n<script type=\"application\/ld+json\" class=\"yoast-schema-graph\">{\"@context\":\"https:\\\/\\\/schema.org\",\"@graph\":[{\"@type\":\"NewsArticle\",\"@id\":\"https:\\\/\\\/cj.estrategia.com\\\/portal\\\/concurso-pgm-primavera-do-leste-mt\\\/#article\",\"isPartOf\":{\"@id\":\"https:\\\/\\\/cj.estrategia.com\\\/portal\\\/concurso-pgm-primavera-do-leste-mt\\\/\"},\"author\":{\"name\":\"Coordena\u00e7\u00e3o\",\"@id\":\"https:\\\/\\\/cj.estrategia.com\\\/portal\\\/#\\\/schema\\\/person\\\/4d70317d31449932b99102916b6637f5\"},\"headline\":\"Concurso PGM Primavera do Leste MT: inscri\u00e7\u00f5es encerradas!\",\"datePublished\":\"2023-09-17T03:54:00+00:00\",\"dateModified\":\"2023-09-18T10:02:02+00:00\",\"mainEntityOfPage\":{\"@id\":\"https:\\\/\\\/cj.estrategia.com\\\/portal\\\/concurso-pgm-primavera-do-leste-mt\\\/\"},\"wordCount\":537,\"commentCount\":0,\"publisher\":{\"@id\":\"https:\\\/\\\/cj.estrategia.com\\\/portal\\\/#organization\"},\"image\":{\"@id\":\"https:\\\/\\\/cj.estrategia.com\\\/portal\\\/concurso-pgm-primavera-do-leste-mt\\\/#primaryimage\"},\"thumbnailUrl\":\"https:\\\/\\\/cj.estrategia.com\\\/portal\\\/wp-content\\\/uploads\\\/2023\\\/03\\\/08100121\\\/concursos-pgm-procuradoria-geral.jpg\",\"articleSection\":[\"Procuradoria\"],\"inLanguage\":\"pt-BR\",\"potentialAction\":[{\"@type\":\"CommentAction\",\"name\":\"Comment\",\"target\":[\"https:\\\/\\\/cj.estrategia.com\\\/portal\\\/concurso-pgm-primavera-do-leste-mt\\\/#respond\"]}]},{\"@type\":\"WebPage\",\"@id\":\"https:\\\/\\\/cj.estrategia.com\\\/portal\\\/concurso-pgm-primavera-do-leste-mt\\\/\",\"url\":\"https:\\\/\\\/cj.estrategia.com\\\/portal\\\/concurso-pgm-primavera-do-leste-mt\\\/\",\"name\":\"Concurso PGM Primavera do Leste MT: inscri\u00e7\u00f5es encerradas!\",\"isPartOf\":{\"@id\":\"https:\\\/\\\/cj.estrategia.com\\\/portal\\\/#website\"},\"primaryImageOfPage\":{\"@id\":\"https:\\\/\\\/cj.estrategia.com\\\/portal\\\/concurso-pgm-primavera-do-leste-mt\\\/#primaryimage\"},\"image\":{\"@id\":\"https:\\\/\\\/cj.estrategia.com\\\/portal\\\/concurso-pgm-primavera-do-leste-mt\\\/#primaryimage\"},\"thumbnailUrl\":\"https:\\\/\\\/cj.estrategia.com\\\/portal\\\/wp-content\\\/uploads\\\/2023\\\/03\\\/08100121\\\/concursos-pgm-procuradoria-geral.jpg\",\"datePublished\":\"2023-09-17T03:54:00+00:00\",\"dateModified\":\"2023-09-18T10:02:02+00:00\",\"description\":\"Concurso PGM Primavera do Leste MT: confira os detalhes desta sele\u00e7\u00e3o com oferta para procurador municipal. Iniciais passam doa 14 mil!\",\"breadcrumb\":{\"@id\":\"https:\\\/\\\/cj.estrategia.com\\\/portal\\\/concurso-pgm-primavera-do-leste-mt\\\/#breadcrumb\"},\"inLanguage\":\"pt-BR\",\"potentialAction\":[{\"@type\":\"ReadAction\",\"target\":[\"https:\\\/\\\/cj.estrategia.com\\\/portal\\\/concurso-pgm-primavera-do-leste-mt\\\/\"]}]},{\"@type\":\"ImageObject\",\"inLanguage\":\"pt-BR\",\"@id\":\"https:\\\/\\\/cj.estrategia.com\\\/portal\\\/concurso-pgm-primavera-do-leste-mt\\\/#primaryimage\",\"url\":\"https:\\\/\\\/cj.estrategia.com\\\/portal\\\/wp-content\\\/uploads\\\/2023\\\/03\\\/08100121\\\/concursos-pgm-procuradoria-geral.jpg\",\"contentUrl\":\"https:\\\/\\\/cj.estrategia.com\\\/portal\\\/wp-content\\\/uploads\\\/2023\\\/03\\\/08100121\\\/concursos-pgm-procuradoria-geral.jpg\",\"width\":960,\"height\":540,\"caption\":\"concursos da procuradoria geral\"},{\"@type\":\"BreadcrumbList\",\"@id\":\"https:\\\/\\\/cj.estrategia.com\\\/portal\\\/concurso-pgm-primavera-do-leste-mt\\\/#breadcrumb\",\"itemListElement\":[{\"@type\":\"ListItem\",\"position\":1,\"name\":\"In\u00edcio\",\"item\":\"https:\\\/\\\/cj.estrategia.com\\\/portal\\\/\"},{\"@type\":\"ListItem\",\"position\":2,\"name\":\"Concurso PGM Primavera do Leste MT: inscri\u00e7\u00f5es encerradas!\"}]},{\"@type\":\"WebSite\",\"@id\":\"https:\\\/\\\/cj.estrategia.com\\\/portal\\\/#website\",\"url\":\"https:\\\/\\\/cj.estrategia.com\\\/portal\\\/\",\"name\":\"Blog - Carreiras Jur\u00eddicas - Estrat\u00e9gia\",\"description\":\"\",\"publisher\":{\"@id\":\"https:\\\/\\\/cj.estrategia.com\\\/portal\\\/#organization\"},\"potentialAction\":[{\"@type\":\"SearchAction\",\"target\":{\"@type\":\"EntryPoint\",\"urlTemplate\":\"https:\\\/\\\/cj.estrategia.com\\\/portal\\\/?s={search_term_string}\"},\"query-input\":{\"@type\":\"PropertyValueSpecification\",\"valueRequired\":true,\"valueName\":\"search_term_string\"}}],\"inLanguage\":\"pt-BR\"},{\"@type\":\"Organization\",\"@id\":\"https:\\\/\\\/cj.estrategia.com\\\/portal\\\/#organization\",\"name\":\"Estrat\u00e9gia - Carreiras Jur\u00eddicas\",\"url\":\"https:\\\/\\\/cj.estrategia.com\\\/portal\\\/\",\"logo\":{\"@type\":\"ImageObject\",\"inLanguage\":\"pt-BR\",\"@id\":\"https:\\\/\\\/cj.estrategia.com\\\/portal\\\/#\\\/schema\\\/logo\\\/image\\\/\",\"url\":\"https:\\\/\\\/cj.estrategia.com\\\/portal\\\/wp-content\\\/uploads\\\/2022\\\/03\\\/11151052\\\/cj-logo.png\",\"contentUrl\":\"https:\\\/\\\/cj.estrategia.com\\\/portal\\\/wp-content\\\/uploads\\\/2022\\\/03\\\/11151052\\\/cj-logo.png\",\"width\":150,\"height\":39,\"caption\":\"Estrat\u00e9gia - Carreiras Jur\u00eddicas\"},\"image\":{\"@id\":\"https:\\\/\\\/cj.estrategia.com\\\/portal\\\/#\\\/schema\\\/logo\\\/image\\\/\"},\"sameAs\":[\"https:\\\/\\\/www.facebook.com\\\/estrategiacarreirajuridica\\\/\",\"https:\\\/\\\/x.com\\\/EstratJuridica\",\"https:\\\/\\\/www.instagram.com\\\/estrategiacarreirajuridica\\\/\",\"https:\\\/\\\/www.youtube.com\\\/channel\\\/UClbMGuYbj2Mh1m3w144ETWQ\"]},{\"@type\":\"Person\",\"@id\":\"https:\\\/\\\/cj.estrategia.com\\\/portal\\\/#\\\/schema\\\/person\\\/4d70317d31449932b99102916b6637f5\",\"name\":\"Coordena\u00e7\u00e3o\",\"image\":{\"@type\":\"ImageObject\",\"inLanguage\":\"pt-BR\",\"@id\":\"https:\\\/\\\/cj.estrategia.com\\\/portal\\\/wp-content\\\/uploads\\\/2022\\\/05\\\/12164923\\\/estrategia-carreira-juridica-coordenacao-96x96.png\",\"url\":\"https:\\\/\\\/cj.estrategia.com\\\/portal\\\/wp-content\\\/uploads\\\/2022\\\/05\\\/12164923\\\/estrategia-carreira-juridica-coordenacao-96x96.png\",\"contentUrl\":\"https:\\\/\\\/cj.estrategia.com\\\/portal\\\/wp-content\\\/uploads\\\/2022\\\/05\\\/12164923\\\/estrategia-carreira-juridica-coordenacao-96x96.png\",\"caption\":\"Coordena\u00e7\u00e3o\"},\"url\":\"https:\\\/\\\/cj.estrategia.com\\\/portal\\\/author\\\/coordenacao\\\/\"}]}<\/script>\n<!-- \/ Yoast SEO Premium plugin. -->","yoast_head_json":{"title":"Concurso PGM Primavera do Leste MT: inscri\u00e7\u00f5es encerradas!","description":"Concurso PGM Primavera do Leste MT: confira os detalhes desta sele\u00e7\u00e3o com oferta para procurador municipal. Iniciais passam doa 14 mil!","robots":{"index":"index","follow":"follow","max-snippet":"max-snippet:-1","max-image-preview":"max-image-preview:large","max-video-preview":"max-video-preview:-1"},"canonical":"https:\/\/cj.estrategia.com\/portal\/concurso-pgm-primavera-do-leste-mt\/","og_locale":"pt_BR","og_type":"article","og_title":"Concurso PGM Primavera do Leste MT: inscri\u00e7\u00f5es encerradas!","og_description":"Concurso PGM Primavera do Leste MT: confira os detalhes desta sele\u00e7\u00e3o com oferta para procurador municipal. Iniciais passam doa 14 mil!","og_url":"https:\/\/cj.estrategia.com\/portal\/concurso-pgm-primavera-do-leste-mt\/","og_site_name":"Blog - Carreiras Jur\u00eddicas - Estrat\u00e9gia","article_publisher":"https:\/\/www.facebook.com\/estrategiacarreirajuridica\/","article_published_time":"2023-09-17T03:54:00+00:00","article_modified_time":"2023-09-18T10:02:02+00:00","og_image":[{"width":960,"height":540,"url":"https:\/\/cj.estrategia.com\/portal\/wp-content\/uploads\/2023\/03\/08100121\/concursos-pgm-procuradoria-geral.jpg","type":"image\/jpeg"}],"author":"Coordena\u00e7\u00e3o","twitter_card":"summary_large_image","twitter_creator":"@EstratJuridica","twitter_site":"@EstratJuridica","twitter_misc":{"Escrito por":"Coordena\u00e7\u00e3o","Est. tempo de leitura":"4 minutos"},"schema":{"@context":"https:\/\/schema.org","@graph":[{"@type":"NewsArticle","@id":"https:\/\/cj.estrategia.com\/portal\/concurso-pgm-primavera-do-leste-mt\/#article","isPartOf":{"@id":"https:\/\/cj.estrategia.com\/portal\/concurso-pgm-primavera-do-leste-mt\/"},"author":{"name":"Coordena\u00e7\u00e3o","@id":"https:\/\/cj.estrategia.com\/portal\/#\/schema\/person\/4d70317d31449932b99102916b6637f5"},"headline":"Concurso PGM Primavera do Leste MT: inscri\u00e7\u00f5es encerradas!","datePublished":"2023-09-17T03:54:00+00:00","dateModified":"2023-09-18T10:02:02+00:00","mainEntityOfPage":{"@id":"https:\/\/cj.estrategia.com\/portal\/concurso-pgm-primavera-do-leste-mt\/"},"wordCount":537,"commentCount":0,"publisher":{"@id":"https:\/\/cj.estrategia.com\/portal\/#organization"},"image":{"@id":"https:\/\/cj.estrategia.com\/portal\/concurso-pgm-primavera-do-leste-mt\/#primaryimage"},"thumbnailUrl":"https:\/\/cj.estrategia.com\/portal\/wp-content\/uploads\/2023\/03\/08100121\/concursos-pgm-procuradoria-geral.jpg","articleSection":["Procuradoria"],"inLanguage":"pt-BR","potentialAction":[{"@type":"CommentAction","name":"Comment","target":["https:\/\/cj.estrategia.com\/portal\/concurso-pgm-primavera-do-leste-mt\/#respond"]}]},{"@type":"WebPage","@id":"https:\/\/cj.estrategia.com\/portal\/concurso-pgm-primavera-do-leste-mt\/","url":"https:\/\/cj.estrategia.com\/portal\/concurso-pgm-primavera-do-leste-mt\/","name":"Concurso PGM Primavera do Leste MT: inscri\u00e7\u00f5es encerradas!","isPartOf":{"@id":"https:\/\/cj.estrategia.com\/portal\/#website"},"primaryImageOfPage":{"@id":"https:\/\/cj.estrategia.com\/portal\/concurso-pgm-primavera-do-leste-mt\/#primaryimage"},"image":{"@id":"https:\/\/cj.estrategia.com\/portal\/concurso-pgm-primavera-do-leste-mt\/#primaryimage"},"thumbnailUrl":"https:\/\/cj.estrategia.com\/portal\/wp-content\/uploads\/2023\/03\/08100121\/concursos-pgm-procuradoria-geral.jpg","datePublished":"2023-09-17T03:54:00+00:00","dateModified":"2023-09-18T10:02:02+00:00","description":"Concurso PGM Primavera do Leste MT: confira os detalhes desta sele\u00e7\u00e3o com oferta para procurador municipal. Iniciais passam doa 14 mil!","breadcrumb":{"@id":"https:\/\/cj.estrategia.com\/portal\/concurso-pgm-primavera-do-leste-mt\/#breadcrumb"},"inLanguage":"pt-BR","potentialAction":[{"@type":"ReadAction","target":["https:\/\/cj.estrategia.com\/portal\/concurso-pgm-primavera-do-leste-mt\/"]}]},{"@type":"ImageObject","inLanguage":"pt-BR","@id":"https:\/\/cj.estrategia.com\/portal\/concurso-pgm-primavera-do-leste-mt\/#primaryimage","url":"https:\/\/cj.estrategia.com\/portal\/wp-content\/uploads\/2023\/03\/08100121\/concursos-pgm-procuradoria-geral.jpg","contentUrl":"https:\/\/cj.estrategia.com\/portal\/wp-content\/uploads\/2023\/03\/08100121\/concursos-pgm-procuradoria-geral.jpg","width":960,"height":540,"caption":"concursos da procuradoria geral"},{"@type":"BreadcrumbList","@id":"https:\/\/cj.estrategia.com\/portal\/concurso-pgm-primavera-do-leste-mt\/#breadcrumb","itemListElement":[{"@type":"ListItem","position":1,"name":"In\u00edcio","item":"https:\/\/cj.estrategia.com\/portal\/"},{"@type":"ListItem","position":2,"name":"Concurso PGM Primavera do Leste MT: inscri\u00e7\u00f5es encerradas!"}]},{"@type":"WebSite","@id":"https:\/\/cj.estrategia.com\/portal\/#website","url":"https:\/\/cj.estrategia.com\/portal\/","name":"Blog - Carreiras Jur\u00eddicas - Estrat\u00e9gia","description":"","publisher":{"@id":"https:\/\/cj.estrategia.com\/portal\/#organization"},"potentialAction":[{"@type":"SearchAction","target":{"@type":"EntryPoint","urlTemplate":"https:\/\/cj.estrategia.com\/portal\/?s={search_term_string}"},"query-input":{"@type":"PropertyValueSpecification","valueRequired":true,"valueName":"search_term_string"}}],"inLanguage":"pt-BR"},{"@type":"Organization","@id":"https:\/\/cj.estrategia.com\/portal\/#organization","name":"Estrat\u00e9gia - Carreiras Jur\u00eddicas","url":"https:\/\/cj.estrategia.com\/portal\/","logo":{"@type":"ImageObject","inLanguage":"pt-BR","@id":"https:\/\/cj.estrategia.com\/portal\/#\/schema\/logo\/image\/","url":"https:\/\/cj.estrategia.com\/portal\/wp-content\/uploads\/2022\/03\/11151052\/cj-logo.png","contentUrl":"https:\/\/cj.estrategia.com\/portal\/wp-content\/uploads\/2022\/03\/11151052\/cj-logo.png","width":150,"height":39,"caption":"Estrat\u00e9gia - Carreiras Jur\u00eddicas"},"image":{"@id":"https:\/\/cj.estrategia.com\/portal\/#\/schema\/logo\/image\/"},"sameAs":["https:\/\/www.facebook.com\/estrategiacarreirajuridica\/","https:\/\/x.com\/EstratJuridica","https:\/\/www.instagram.com\/estrategiacarreirajuridica\/","https:\/\/www.youtube.com\/channel\/UClbMGuYbj2Mh1m3w144ETWQ"]},{"@type":"Person","@id":"https:\/\/cj.estrategia.com\/portal\/#\/schema\/person\/4d70317d31449932b99102916b6637f5","name":"Coordena\u00e7\u00e3o","image":{"@type":"ImageObject","inLanguage":"pt-BR","@id":"https:\/\/cj.estrategia.com\/portal\/wp-content\/uploads\/2022\/05\/12164923\/estrategia-carreira-juridica-coordenacao-96x96.png","url":"https:\/\/cj.estrategia.com\/portal\/wp-content\/uploads\/2022\/05\/12164923\/estrategia-carreira-juridica-coordenacao-96x96.png","contentUrl":"https:\/\/cj.estrategia.com\/portal\/wp-content\/uploads\/2022\/05\/12164923\/estrategia-carreira-juridica-coordenacao-96x96.png","caption":"Coordena\u00e7\u00e3o"},"url":"https:\/\/cj.estrategia.com\/portal\/author\/coordenacao\/"}]}},"jetpack_featured_media_url":"https:\/\/cj.estrategia.com\/portal\/wp-content\/uploads\/2023\/03\/08100121\/concursos-pgm-procuradoria-geral.jpg","jetpack_sharing_enabled":true,"_links":{"self":[{"href":"https:\/\/cj.estrategia.com\/portal\/wp-json\/wp\/v2\/posts\/43841","targetHints":{"allow":["GET"]}}],"collection":[{"href":"https:\/\/cj.estrategia.com\/portal\/wp-json\/wp\/v2\/posts"}],"about":[{"href":"https:\/\/cj.estrategia.com\/portal\/wp-json\/wp\/v2\/types\/post"}],"author":[{"embeddable":true,"href":"https:\/\/cj.estrategia.com\/portal\/wp-json\/wp\/v2\/users\/12"}],"replies":[{"embeddable":true,"href":"https:\/\/cj.estrategia.com\/portal\/wp-json\/wp\/v2\/comments?post=43841"}],"version-history":[{"count":0,"href":"https:\/\/cj.estrategia.com\/portal\/wp-json\/wp\/v2\/posts\/43841\/revisions"}],"wp:featuredmedia":[{"embeddable":true,"href":"https:\/\/cj.estrategia.com\/portal\/wp-json\/wp\/v2\/media\/30994"}],"wp:attachment":[{"href":"https:\/\/cj.estrategia.com\/portal\/wp-json\/wp\/v2\/media?parent=43841"}],"wp:term":[{"taxonomy":"category","embeddable":true,"href":"https:\/\/cj.estrategia.com\/portal\/wp-json\/wp\/v2\/categories?post=43841"},{"taxonomy":"post_tag","embeddable":true,"href":"https:\/\/cj.estrategia.com\/portal\/wp-json\/wp\/v2\/tags?post=43841"},{"taxonomy":"tax_estado","embeddable":true,"href":"https:\/\/cj.estrategia.com\/portal\/wp-json\/wp\/v2\/tax_estado?post=43841"}],"curies":[{"name":"wp","href":"https:\/\/api.w.org\/{rel}","templated":true}]}}