{"id":43750,"date":"2023-08-11T08:41:45","date_gmt":"2023-08-11T11:41:45","guid":{"rendered":"https:\/\/cj.estrategia.com\/portal\/?p=43750"},"modified":"2023-08-11T08:42:24","modified_gmt":"2023-08-11T11:42:24","slug":"sancionado-pl-rn-bonificacao-nota-concursos-publicos-seguranca","status":"publish","type":"post","link":"https:\/\/cj.estrategia.com\/portal\/sancionado-pl-rn-bonificacao-nota-concursos-publicos-seguranca\/","title":{"rendered":"Sancionado PL do RN que estabelece 10% de bonifica\u00e7\u00e3o na nota obtida em concursos p\u00fablicos da \u00e1rea de seguran\u00e7a p\u00fablica para os candidatos residentes no Estado"},"content":{"rendered":"\n<p><strong>Ol\u00e1, corujas!<\/strong><\/p>\n\n\n\n<p>Sou o professor Rodolfo Penna, procurador do Estado de S\u00e3o Paulo e professor de Direito Administrativo do Estrat\u00e9gia Carreiras Jur\u00eddicas e trouxe um assunto recente para reflex\u00e3o: a bonifica\u00e7\u00e3o na nota de concursos p\u00fablicos.<\/p>\n\n\n\n<p>Foi sancionado recentemente pela governadora do Rio Grande do Norte, F\u00e1tima Bezerra, o projeto de lei do Rio Grande do Norte que estabelece 10% de bonifica\u00e7\u00e3o na nota obtida em concursos p\u00fablicos <strong>da \u00e1rea de seguran\u00e7a p\u00fablica<\/strong> para os candidatos residentes no Estado.<\/p>\n\n\n\n<p>De acordo com o documento, a \u00e1rea da seguran\u00e7a p\u00fablica compreende os seguintes \u00f3rg\u00e3os:<\/p>\n\n\n\n<ol class=\"wp-block-list\" type=\"a\">\n<li>Pol\u00edcia Civil;<\/li>\n\n\n\n<li>Pol\u00edcia Militar;<\/li>\n\n\n\n<li>Pol\u00edcia Penal;<\/li>\n\n\n\n<li>Corpo de Bombeiros Militar.<\/li>\n<\/ol>\n\n\n\n<p>A justificativa para o projeto de lei, proposto pela Deputada Estadual Cristiane Dantas, do partido solidariedade, foi o de assegurar que a seguran\u00e7a no Estado seja realizada por <em>\u201cprofissionais que conhecem de perto a realidade do Estado, suas particularidades e desafios\u201d<\/em> e de fortalecer a <em>\u201cidentidade regional\u201d.<\/em><\/p>\n\n\n\n<p>Afirma ainda, a Deputada, que o STF j\u00e1 se posicionou, em diversas ocasi\u00f5es, favoravelmente \u00e0 constitucionalidade das pol\u00edticas de a\u00e7\u00e3o afirmativa.<\/p>\n\n\n\n<p>De fato, o STF se posiciona em favor de pol\u00edticas afirmativas, mas apenas em casos em que se pretende assegurar a igualdade material entre Brasileiros, e n\u00e3o para chancelar a institui\u00e7\u00e3o de privil\u00e9gios para pessoas de determinada regi\u00e3o.<\/p>\n\n\n\n<p>O<strong> art. 37, I, da CF<\/strong> estabelece o princ\u00edpio da ampla acessibilidade aos cargos p\u00fablicos:<\/p>\n\n\n\n<p><strong>I &#8211;<\/strong> os cargos, empregos e fun\u00e7\u00f5es p\u00fablicas s\u00e3o acess\u00edveis aos brasileiros que preencham os requisitos estabelecidos em lei, assim como aos estrangeiros, na forma da lei;<\/p>\n\n\n\n<p>Neste sentido, o ingresso nos cargos p\u00fablicos n\u00e3o pode sofrer restri\u00e7\u00f5es sem razoabilidade pela Administra\u00e7\u00e3o P\u00fablica.<\/p>\n\n\n\n<p>Os requisitos necess\u00e1rios para se tornar servidor p\u00fablico devem ser apenas aqueles previstos na constitui\u00e7\u00e3o e outros institu\u00eddos por lei, desde que guarde pertin\u00eancia com a natureza e complexidade do cargo ou emprego p\u00fablico e seja razo\u00e1vel, com a finalidade de atender aos princ\u00edpios da Administra\u00e7\u00e3o P\u00fablica.<\/p>\n\n\n\n<p>Por este motivo, \u00e9 inconstitucional qualquer norma que restrinja ou frustre o amplo acesso aos cargos ou empregos p\u00fablicos. Al\u00e9m disso, n\u00e3o \u00e9 v\u00e1lida a imposi\u00e7\u00e3o de requisito por ato normativo infralegal.<\/p>\n\n\n\n<p>Alguns dos princ\u00edpios fundamentais do concurso p\u00fablico s\u00e3o a isonomia e a impessoalidade, de forma a proporcionar condi\u00e7\u00f5es iguais para os candidatos. N\u00e3o obstante, \u00e9 poss\u00edvel o estabelecimento de tratamento diferenciado por meio de lei, desde que fundamentados em crit\u00e9rios constitucionais, proporcionais e razo\u00e1veis.<\/p>\n\n\n\n<p>No caso das cotas raciais, Diante desta previs\u00e3o, o STF declarou a constitucionalidade da reserva de vagas para candidatos negros nos concursos p\u00fablicos federais, declarando leg\u00edtima ainda a utiliza\u00e7\u00e3o do crit\u00e9rio de autoidentifica\u00e7\u00e3o e de crit\u00e9rios subsidi\u00e1rios de heteroidentifica\u00e7\u00e3o, tal como a avalia\u00e7\u00e3o por comiss\u00e3o especialmente designada, respeitada a dignidade humana e garantidos o contradit\u00f3rio e a ampla defesa (ADC 41, Relator(a):&nbsp; Min. ROBERTO BARROSO, Tribunal Pleno, julgado em 08\/06\/2017, PROCESSO ELETR\u00d4NICO DJe-180 DIVULG 16-08-2017 PUBLIC 17-08-2017).<\/p>\n\n\n\n<p>Os argumentos utilizados pela Corte Suprema foram os seguintes: <\/p>\n\n\n\n<p>a) necessidade de superar o racismo estrutural e institucional ainda existente na sociedade brasileira e garantir a igualdade material; <\/p>\n\n\n\n<p>b) n\u00e3o h\u00e1 viola\u00e7\u00e3o aos princ\u00edpios do concurso p\u00fablico e da efici\u00eancia, pois a reserva de vagas para negros n\u00e3o os isenta da aprova\u00e7\u00e3o no concurso p\u00fablico; e <\/p>\n\n\n\n<p>c) a medida observa o princ\u00edpio da proporcionalidade em sua tr\u00edplice dimens\u00e3o. <\/p>\n\n\n\n<p><strong>Isso porque:<\/strong> (i) nem todos os cargos e empregos p\u00fablicos exigem curso superior; <br>(ii) ainda quando haja essa exig\u00eancia, os benefici\u00e1rios da a\u00e7\u00e3o afirmativa no servi\u00e7o p\u00fablico podem n\u00e3o ter sido benefici\u00e1rios das cotas nas universidades p\u00fablicas; e <br>(iii) mesmo que o concorrente tenha ingressado em curso de ensino superior por meio de cotas, h\u00e1 outros fatores que impedem os negros de competir em p\u00e9 de igualdade nos concursos p\u00fablicos.<\/p>\n\n\n\n<p>Al\u00e9m disso, a Corte afirmou que, al\u00e9m de atender \u00e0 igualdade formal e material, atende a uma terceira dimens\u00e3o da igualdade: a<strong> igualdade como forma de reconhecimento<\/strong>. Neste sentido, avaliou que esta dimens\u00e3o identifica a igualdade no que se refere ao respeito \u00e0s minorias e ao tratamento da diferen\u00e7a de uma maneira geral. Assim, igualdade como reconhecimento significa respeitar as pessoas nas suas diferen\u00e7as, mas procurar aproxim\u00e1-las, igualando as oportunidades.<\/p>\n\n\n\n<p>Portanto, a <strong>ideia de ter s\u00edmbolos de sucesso, ascens\u00e3o e acesso a cargos importantes para as pessoas pretas e pardas <\/strong>tem esse papel de influenciar a autoestima das comunidades negras. Por fim, evidentemente, h\u00e1 o papel de que o pluralismo e a diversidade tornam qualquer ambiente melhor e mais rico.<\/p>\n\n\n\n<p>Por fim, destaque-se que esta a\u00e7\u00e3o afirmativa \u00e9 limitada no tempo, tendo em vista que a <strong>lei 12.990\/2014<\/strong> \u00e9 limitada no tempo, pois o art. 6\u00ba estabelece a vig\u00eancia por 10 (dez) anos.<\/p>\n\n\n\n<p>Por outro lado, reconhecendo uma discrimina\u00e7\u00e3o ileg\u00edtima por parte da Administra\u00e7\u00e3o, o STF j\u00e1 definiu que \u00e9 inconstitucional a lei estadual que isenta servidores p\u00fablicos da taxa de inscri\u00e7\u00e3o em concursos p\u00fablicos promovidos pela Administra\u00e7\u00e3o P\u00fablica local, privilegiando, sem justificativa razo\u00e1vel para tanto, um grupo mais favorecido social e economicamente. ADI 5818\/CE, relator Min. Ricardo Lewandowski, redator do ac\u00f3rd\u00e3o Min. Dias Toffoli, julgamento virtual finalizado em 13.5.2022. ADI 3918\/SE, relator Min. Dias Toffoli, julgamento virtual finalizado em 13.5.2022.<\/p>\n\n\n\n<p>Tamb\u00e9m j\u00e1 decidiu o STF que \u00e9 inconstitucional a fixa\u00e7\u00e3o de crit\u00e9rio de desempate em concursos p\u00fablicos que favore\u00e7a candidatos que pertencem ao servi\u00e7o p\u00fablico de um determinado ente federativo.<\/p>\n\n\n\n<p>De acordo com o <strong>Art. 19, III<\/strong>: \u201c\u00e9 vedado \u00e0 Uni\u00e3o, aos Estados, ao Distrito Federal e aos Munic\u00edpios criar distin\u00e7\u00f5es entre brasileiros ou prefer\u00eancias entre si\u201d e o ato normativo com aquele conte\u00fado possui o n\u00edtido prop\u00f3sito de conferir tratamento mais favor\u00e1vel aos candidatos que j\u00e1 s\u00e3o servidores da unidade federativa (ADI 5358\/PA, rel. Min. Roberto Barroso, julgamento virtual finalizado em 27.11.2020).<\/p>\n\n\n\n<p>Desta forma, a lei do Estado do Rio Grande do Norte que assegura aos residentes no estado a bonifica\u00e7\u00e3o de 10% na nota obtida nos concursos p\u00fablicos na \u00e1rea de seguran\u00e7a p\u00fablica <mark style=\"background-color:rgba(0, 0, 0, 0)\" class=\"has-inline-color has-vivid-red-color\"><strong>\u00e9 inconstitucional. \u00a0<\/strong><\/mark><\/p>\n\n\n\n<p>Trata-se de disposi\u00e7\u00e3o que viola frontalmente a Constitui\u00e7\u00e3o Federal. N\u00e3o bastasse os princ\u00edpios da isonomia e da impessoalidade, o art. 19, III, da Carta Magna prescreve que:<\/p>\n\n\n\n<p><strong>Art. 19.<\/strong> \u00c9 vedado \u00e0 Uni\u00e3o, aos Estados, ao Distrito Federal e aos Munic\u00edpios:<\/p>\n\n\n\n<p><strong>III &#8211; <\/strong>criar distin\u00e7\u00f5es entre brasileiros ou prefer\u00eancias entre si.<\/p>\n\n\n\n<p>Conquanto se possa criar distin\u00e7\u00f5es dentre candidatos em concursos p\u00fablico para favorecer valores constitucionalmente protegidos, como por exemplo, as cotas raciais e para pessoas com defici\u00eancia, que promovem a igualdade material, n\u00e3o \u00e9 poss\u00edvel a cria\u00e7\u00e3o de diferen\u00e7as em raz\u00e3o da simples origem ou domic\u00edlio do candidato.<\/p>\n\n\n\n<p>Infelizmente a referida lei foi sancionada e deve ser publicada em breve. Por\u00e9m, declara\u00e7\u00e3o de sua inconstitucionalidade \u00e9 apenas quest\u00e3o de tempo.<\/p>\n\n\n\n<p>Esperamos que, neste per\u00edodo, n\u00e3o haja qualquer preju\u00edzo a candidatos dos concursos p\u00fablicos para as carreiras policiais do Estado do Rio Grande do Norte.<\/p>\n\n\n\n<figure class=\"wp-block-embed is-type-video is-provider-youtube wp-block-embed-youtube wp-embed-aspect-16-9 wp-has-aspect-ratio\"><div class=\"wp-block-embed__wrapper\">\n<div class=\"cs-embed cs-embed-responsive\"><iframe title=\"Sancionado projeto de lei do Rio Grande do Norte que estab. 10% de bonif.  - Procurad. Rodolfo Penna\" width=\"1200\" height=\"675\" src=\"https:\/\/www.youtube.com\/embed\/DvgiAuPWNgI?feature=oembed\" frameborder=\"0\" allow=\"accelerometer; autoplay; clipboard-write; encrypted-media; gyroscope; picture-in-picture; web-share\" allowfullscreen><\/iframe><\/div>\n<\/div><figcaption class=\"wp-element-caption\">bonifica\u00e7\u00e3o na nota de concursos<\/figcaption><\/figure>\n\n\n\n<h2 class=\"wp-block-heading has-text-align-center\" id=\"cursos-ficha\"><span id=\"quer-estudar-para-concursos-de-direito\">Quer estudar para Concursos de Direito?<\/span><\/h2>\n\n\n\n<p>O Estrat\u00e9gia Carreira Jur\u00eddica \u00e9 campe\u00e3o de aprova\u00e7\u00f5es nos concursos para Carreiras Jur\u00eddicas com um corpo docente qualificado e materiais completos. Conhe\u00e7a nossos cursos e garanta sua aprova\u00e7\u00e3o:<\/p>\n\n\n\n<div class=\"wp-block-cover\" style=\"min-height:155px;aspect-ratio:unset;\"><img decoding=\"async\" width=\"1890\" height=\"351\" class=\"wp-block-cover__image-background wp-image-8669\" alt=\"Assinaturas Jur\u00eddicas\" src=\"https:\/\/cj.estrategia.com\/portal\/wp-content\/uploads\/2022\/06\/20151253\/concurso-carreiras-juridicas-assinatura-juridica.jpg\" style=\"object-position:78% 43%\" data-object-fit=\"cover\" data-object-position=\"78% 43%\" srcset=\"https:\/\/cj.estrategia.com\/portal\/wp-content\/uploads\/2022\/06\/20151253\/concurso-carreiras-juridicas-assinatura-juridica.jpg 1890w, https:\/\/cj.estrategia.com\/portal\/wp-content\/uploads\/2022\/06\/20151253\/concurso-carreiras-juridicas-assinatura-juridica-300x56.jpg 300w, https:\/\/cj.estrategia.com\/portal\/wp-content\/uploads\/2022\/06\/20151253\/concurso-carreiras-juridicas-assinatura-juridica-1024x190.jpg 1024w, https:\/\/cj.estrategia.com\/portal\/wp-content\/uploads\/2022\/06\/20151253\/concurso-carreiras-juridicas-assinatura-juridica-768x143.jpg 768w, https:\/\/cj.estrategia.com\/portal\/wp-content\/uploads\/2022\/06\/20151253\/concurso-carreiras-juridicas-assinatura-juridica-1536x285.jpg 1536w, https:\/\/cj.estrategia.com\/portal\/wp-content\/uploads\/2022\/06\/20151253\/concurso-carreiras-juridicas-assinatura-juridica-380x71.jpg 380w, https:\/\/cj.estrategia.com\/portal\/wp-content\/uploads\/2022\/06\/20151253\/concurso-carreiras-juridicas-assinatura-juridica-800x149.jpg 800w, https:\/\/cj.estrategia.com\/portal\/wp-content\/uploads\/2022\/06\/20151253\/concurso-carreiras-juridicas-assinatura-juridica-1160x215.jpg 1160w\" sizes=\"(max-width: 1890px) 100vw, 1890px\" \/><span aria-hidden=\"true\" class=\"wp-block-cover__background has-background-dim\"><\/span><div class=\"wp-block-cover__inner-container is-layout-flow wp-block-cover-is-layout-flow\">\n<h3 id=\"faca-a-sua-assinatura\" class=\"titulo-assinatura\"><span style=\"color: #ffffff;\">Fa\u00e7a a sua assinatura!<\/span><\/h3>\n<p class=\"subtitulo-assinatura\" style=\"display:block!important; line-height: 0;\"><span style=\"color: #ffffff;\">Escolha a sua \u00e1rea.<\/span><\/p>\n<a target=\"_blank\" href=\"https:\/\/www.estrategiaconcursos.com.br\/assinaturas-ecj\/\" rel=\"noopener\"><button style=\"border-radius: 10px; text-transform: capitalize;\">Acessar<\/button><\/a>\n<\/div><\/div>\n","protected":false},"excerpt":{"rendered":"Ol\u00e1, corujas! Sou o professor Rodolfo Penna, procurador do Estado de S\u00e3o Paulo e professor de Direito Administrativo&hellip;\n","protected":false},"author":61,"featured_media":43756,"comment_status":"open","ping_status":"open","sticky":false,"template":"","format":"standard","meta":{"_jetpack_memberships_contains_paid_content":false,"footnotes":""},"categories":[1,28,115],"tags":[],"tax_estado":[50],"class_list":{"0":"post-43750","1":"post","2":"type-post","3":"status-publish","4":"format-standard","5":"has-post-thumbnail","7":"category-carreiras-juridicas","8":"category-delegado","9":"category-noticias","10":"tax_estado-rn"},"acf":[],"yoast_head":"<!-- This site is optimized with the Yoast SEO Premium plugin v27.4 (Yoast SEO v27.4) - https:\/\/yoast.com\/product\/yoast-seo-premium-wordpress\/ -->\n<title>Sancionado PL do RN que estabelece 10% de bonifica\u00e7\u00e3o na nota obtida em concursos p\u00fablicos da \u00e1rea de seguran\u00e7a p\u00fablica para os candidatos residentes no Estado<\/title>\n<meta name=\"description\" content=\"Entenda o PL do RN que estabelece 10% de bonifica\u00e7\u00e3o na nota obtida em concursos p\u00fablicos da \u00e1rea de seguran\u00e7a para candidatos residentes!\" \/>\n<meta name=\"robots\" content=\"index, follow, max-snippet:-1, max-image-preview:large, max-video-preview:-1\" \/>\n<link rel=\"canonical\" href=\"https:\/\/cj.estrategia.com\/portal\/sancionado-pl-rn-bonificacao-nota-concursos-publicos-seguranca\/\" \/>\n<meta property=\"og:locale\" content=\"pt_BR\" \/>\n<meta property=\"og:type\" content=\"article\" \/>\n<meta property=\"og:title\" content=\"Sancionado PL do RN que estabelece 10% de bonifica\u00e7\u00e3o na nota obtida em concursos p\u00fablicos da \u00e1rea de seguran\u00e7a p\u00fablica para os candidatos residentes no Estado\" \/>\n<meta property=\"og:description\" content=\"Entenda o PL do RN que estabelece 10% de bonifica\u00e7\u00e3o na nota obtida em concursos p\u00fablicos da \u00e1rea de seguran\u00e7a para candidatos residentes!\" \/>\n<meta property=\"og:url\" content=\"https:\/\/cj.estrategia.com\/portal\/sancionado-pl-rn-bonificacao-nota-concursos-publicos-seguranca\/\" \/>\n<meta property=\"og:site_name\" content=\"Blog - Carreiras Jur\u00eddicas - Estrat\u00e9gia\" \/>\n<meta property=\"article:publisher\" content=\"https:\/\/www.facebook.com\/estrategiacarreirajuridica\/\" \/>\n<meta property=\"article:published_time\" content=\"2023-08-11T11:41:45+00:00\" \/>\n<meta property=\"article:modified_time\" content=\"2023-08-11T11:42:24+00:00\" \/>\n<meta property=\"og:image\" content=\"https:\/\/cj.estrategia.com\/portal\/wp-content\/uploads\/2023\/08\/11083421\/download.jpeg\" \/>\n\t<meta property=\"og:image:width\" content=\"300\" \/>\n\t<meta property=\"og:image:height\" content=\"168\" \/>\n\t<meta property=\"og:image:type\" content=\"image\/jpeg\" \/>\n<meta name=\"author\" content=\"Rodolfo Penna\" \/>\n<meta name=\"twitter:card\" content=\"summary_large_image\" \/>\n<meta name=\"twitter:creator\" content=\"@EstratJuridica\" \/>\n<meta name=\"twitter:site\" content=\"@EstratJuridica\" \/>\n<meta name=\"twitter:label1\" content=\"Escrito por\" \/>\n\t<meta name=\"twitter:data1\" content=\"Rodolfo Penna\" \/>\n\t<meta name=\"twitter:label2\" content=\"Est. tempo de leitura\" \/>\n\t<meta name=\"twitter:data2\" content=\"7 minutos\" \/>\n<script type=\"application\/ld+json\" class=\"yoast-schema-graph\">{\"@context\":\"https:\\\/\\\/schema.org\",\"@graph\":[{\"@type\":\"NewsArticle\",\"@id\":\"https:\\\/\\\/cj.estrategia.com\\\/portal\\\/sancionado-pl-rn-bonificacao-nota-concursos-publicos-seguranca\\\/#article\",\"isPartOf\":{\"@id\":\"https:\\\/\\\/cj.estrategia.com\\\/portal\\\/sancionado-pl-rn-bonificacao-nota-concursos-publicos-seguranca\\\/\"},\"author\":{\"name\":\"Rodolfo Penna\",\"@id\":\"https:\\\/\\\/cj.estrategia.com\\\/portal\\\/#\\\/schema\\\/person\\\/49da54b1c3276178f6ee3854ec421cb5\"},\"headline\":\"Sancionado PL do RN que estabelece 10% de bonifica\u00e7\u00e3o na nota obtida em concursos p\u00fablicos da \u00e1rea de seguran\u00e7a p\u00fablica para os candidatos residentes no Estado\",\"datePublished\":\"2023-08-11T11:41:45+00:00\",\"dateModified\":\"2023-08-11T11:42:24+00:00\",\"mainEntityOfPage\":{\"@id\":\"https:\\\/\\\/cj.estrategia.com\\\/portal\\\/sancionado-pl-rn-bonificacao-nota-concursos-publicos-seguranca\\\/\"},\"wordCount\":1320,\"commentCount\":0,\"publisher\":{\"@id\":\"https:\\\/\\\/cj.estrategia.com\\\/portal\\\/#organization\"},\"image\":{\"@id\":\"https:\\\/\\\/cj.estrategia.com\\\/portal\\\/sancionado-pl-rn-bonificacao-nota-concursos-publicos-seguranca\\\/#primaryimage\"},\"thumbnailUrl\":\"https:\\\/\\\/cj.estrategia.com\\\/portal\\\/wp-content\\\/uploads\\\/2023\\\/08\\\/11083421\\\/download.jpeg\",\"articleSection\":[\"Carreiras Jur\u00eddicas\",\"Delegado\",\"Not\u00edcias\"],\"inLanguage\":\"pt-BR\",\"potentialAction\":[{\"@type\":\"CommentAction\",\"name\":\"Comment\",\"target\":[\"https:\\\/\\\/cj.estrategia.com\\\/portal\\\/sancionado-pl-rn-bonificacao-nota-concursos-publicos-seguranca\\\/#respond\"]}]},{\"@type\":\"WebPage\",\"@id\":\"https:\\\/\\\/cj.estrategia.com\\\/portal\\\/sancionado-pl-rn-bonificacao-nota-concursos-publicos-seguranca\\\/\",\"url\":\"https:\\\/\\\/cj.estrategia.com\\\/portal\\\/sancionado-pl-rn-bonificacao-nota-concursos-publicos-seguranca\\\/\",\"name\":\"Sancionado PL do RN que estabelece 10% de bonifica\u00e7\u00e3o na nota obtida em concursos p\u00fablicos da \u00e1rea de seguran\u00e7a p\u00fablica para os candidatos residentes no Estado\",\"isPartOf\":{\"@id\":\"https:\\\/\\\/cj.estrategia.com\\\/portal\\\/#website\"},\"primaryImageOfPage\":{\"@id\":\"https:\\\/\\\/cj.estrategia.com\\\/portal\\\/sancionado-pl-rn-bonificacao-nota-concursos-publicos-seguranca\\\/#primaryimage\"},\"image\":{\"@id\":\"https:\\\/\\\/cj.estrategia.com\\\/portal\\\/sancionado-pl-rn-bonificacao-nota-concursos-publicos-seguranca\\\/#primaryimage\"},\"thumbnailUrl\":\"https:\\\/\\\/cj.estrategia.com\\\/portal\\\/wp-content\\\/uploads\\\/2023\\\/08\\\/11083421\\\/download.jpeg\",\"datePublished\":\"2023-08-11T11:41:45+00:00\",\"dateModified\":\"2023-08-11T11:42:24+00:00\",\"description\":\"Entenda o PL do RN que estabelece 10% de bonifica\u00e7\u00e3o na nota obtida em concursos p\u00fablicos da \u00e1rea de seguran\u00e7a para candidatos residentes!\",\"breadcrumb\":{\"@id\":\"https:\\\/\\\/cj.estrategia.com\\\/portal\\\/sancionado-pl-rn-bonificacao-nota-concursos-publicos-seguranca\\\/#breadcrumb\"},\"inLanguage\":\"pt-BR\",\"potentialAction\":[{\"@type\":\"ReadAction\",\"target\":[\"https:\\\/\\\/cj.estrategia.com\\\/portal\\\/sancionado-pl-rn-bonificacao-nota-concursos-publicos-seguranca\\\/\"]}]},{\"@type\":\"ImageObject\",\"inLanguage\":\"pt-BR\",\"@id\":\"https:\\\/\\\/cj.estrategia.com\\\/portal\\\/sancionado-pl-rn-bonificacao-nota-concursos-publicos-seguranca\\\/#primaryimage\",\"url\":\"https:\\\/\\\/cj.estrategia.com\\\/portal\\\/wp-content\\\/uploads\\\/2023\\\/08\\\/11083421\\\/download.jpeg\",\"contentUrl\":\"https:\\\/\\\/cj.estrategia.com\\\/portal\\\/wp-content\\\/uploads\\\/2023\\\/08\\\/11083421\\\/download.jpeg\",\"width\":300,\"height\":168,\"caption\":\"bonifica\u00e7\u00e3o na nota de concursos\"},{\"@type\":\"BreadcrumbList\",\"@id\":\"https:\\\/\\\/cj.estrategia.com\\\/portal\\\/sancionado-pl-rn-bonificacao-nota-concursos-publicos-seguranca\\\/#breadcrumb\",\"itemListElement\":[{\"@type\":\"ListItem\",\"position\":1,\"name\":\"In\u00edcio\",\"item\":\"https:\\\/\\\/cj.estrategia.com\\\/portal\\\/\"},{\"@type\":\"ListItem\",\"position\":2,\"name\":\"Sancionado PL do RN que estabelece 10% de bonifica\u00e7\u00e3o na nota obtida em concursos p\u00fablicos da \u00e1rea de seguran\u00e7a p\u00fablica para os candidatos residentes no Estado\"}]},{\"@type\":\"WebSite\",\"@id\":\"https:\\\/\\\/cj.estrategia.com\\\/portal\\\/#website\",\"url\":\"https:\\\/\\\/cj.estrategia.com\\\/portal\\\/\",\"name\":\"Blog - Carreiras Jur\u00eddicas - Estrat\u00e9gia\",\"description\":\"\",\"publisher\":{\"@id\":\"https:\\\/\\\/cj.estrategia.com\\\/portal\\\/#organization\"},\"potentialAction\":[{\"@type\":\"SearchAction\",\"target\":{\"@type\":\"EntryPoint\",\"urlTemplate\":\"https:\\\/\\\/cj.estrategia.com\\\/portal\\\/?s={search_term_string}\"},\"query-input\":{\"@type\":\"PropertyValueSpecification\",\"valueRequired\":true,\"valueName\":\"search_term_string\"}}],\"inLanguage\":\"pt-BR\"},{\"@type\":\"Organization\",\"@id\":\"https:\\\/\\\/cj.estrategia.com\\\/portal\\\/#organization\",\"name\":\"Estrat\u00e9gia - Carreiras Jur\u00eddicas\",\"url\":\"https:\\\/\\\/cj.estrategia.com\\\/portal\\\/\",\"logo\":{\"@type\":\"ImageObject\",\"inLanguage\":\"pt-BR\",\"@id\":\"https:\\\/\\\/cj.estrategia.com\\\/portal\\\/#\\\/schema\\\/logo\\\/image\\\/\",\"url\":\"https:\\\/\\\/cj.estrategia.com\\\/portal\\\/wp-content\\\/uploads\\\/2022\\\/03\\\/11151052\\\/cj-logo.png\",\"contentUrl\":\"https:\\\/\\\/cj.estrategia.com\\\/portal\\\/wp-content\\\/uploads\\\/2022\\\/03\\\/11151052\\\/cj-logo.png\",\"width\":150,\"height\":39,\"caption\":\"Estrat\u00e9gia - Carreiras Jur\u00eddicas\"},\"image\":{\"@id\":\"https:\\\/\\\/cj.estrategia.com\\\/portal\\\/#\\\/schema\\\/logo\\\/image\\\/\"},\"sameAs\":[\"https:\\\/\\\/www.facebook.com\\\/estrategiacarreirajuridica\\\/\",\"https:\\\/\\\/x.com\\\/EstratJuridica\",\"https:\\\/\\\/www.instagram.com\\\/estrategiacarreirajuridica\\\/\",\"https:\\\/\\\/www.youtube.com\\\/channel\\\/UClbMGuYbj2Mh1m3w144ETWQ\"]},{\"@type\":\"Person\",\"@id\":\"https:\\\/\\\/cj.estrategia.com\\\/portal\\\/#\\\/schema\\\/person\\\/49da54b1c3276178f6ee3854ec421cb5\",\"name\":\"Rodolfo Penna\",\"image\":{\"@type\":\"ImageObject\",\"inLanguage\":\"pt-BR\",\"@id\":\"https:\\\/\\\/secure.gravatar.com\\\/avatar\\\/60736e5c69b2e53fbf16a59fa1d9c96736cf3acd4840ba89eb8c10a05cc99351?s=96&d=mm&r=g\",\"url\":\"https:\\\/\\\/secure.gravatar.com\\\/avatar\\\/60736e5c69b2e53fbf16a59fa1d9c96736cf3acd4840ba89eb8c10a05cc99351?s=96&d=mm&r=g\",\"contentUrl\":\"https:\\\/\\\/secure.gravatar.com\\\/avatar\\\/60736e5c69b2e53fbf16a59fa1d9c96736cf3acd4840ba89eb8c10a05cc99351?s=96&d=mm&r=g\",\"caption\":\"Rodolfo Penna\"},\"url\":\"https:\\\/\\\/cj.estrategia.com\\\/portal\\\/author\\\/edu-rodolfo-penna\\\/\"}]}<\/script>\n<!-- \/ Yoast SEO Premium plugin. -->","yoast_head_json":{"title":"Sancionado PL do RN que estabelece 10% de bonifica\u00e7\u00e3o na nota obtida em concursos p\u00fablicos da \u00e1rea de seguran\u00e7a p\u00fablica para os candidatos residentes no Estado","description":"Entenda o PL do RN que estabelece 10% de bonifica\u00e7\u00e3o na nota obtida em concursos p\u00fablicos da \u00e1rea de seguran\u00e7a para candidatos residentes!","robots":{"index":"index","follow":"follow","max-snippet":"max-snippet:-1","max-image-preview":"max-image-preview:large","max-video-preview":"max-video-preview:-1"},"canonical":"https:\/\/cj.estrategia.com\/portal\/sancionado-pl-rn-bonificacao-nota-concursos-publicos-seguranca\/","og_locale":"pt_BR","og_type":"article","og_title":"Sancionado PL do RN que estabelece 10% de bonifica\u00e7\u00e3o na nota obtida em concursos p\u00fablicos da \u00e1rea de seguran\u00e7a p\u00fablica para os candidatos residentes no Estado","og_description":"Entenda o PL do RN que estabelece 10% de bonifica\u00e7\u00e3o na nota obtida em concursos p\u00fablicos da \u00e1rea de seguran\u00e7a para candidatos residentes!","og_url":"https:\/\/cj.estrategia.com\/portal\/sancionado-pl-rn-bonificacao-nota-concursos-publicos-seguranca\/","og_site_name":"Blog - Carreiras Jur\u00eddicas - Estrat\u00e9gia","article_publisher":"https:\/\/www.facebook.com\/estrategiacarreirajuridica\/","article_published_time":"2023-08-11T11:41:45+00:00","article_modified_time":"2023-08-11T11:42:24+00:00","og_image":[{"width":300,"height":168,"url":"https:\/\/cj.estrategia.com\/portal\/wp-content\/uploads\/2023\/08\/11083421\/download.jpeg","type":"image\/jpeg"}],"author":"Rodolfo Penna","twitter_card":"summary_large_image","twitter_creator":"@EstratJuridica","twitter_site":"@EstratJuridica","twitter_misc":{"Escrito por":"Rodolfo Penna","Est. tempo de leitura":"7 minutos"},"schema":{"@context":"https:\/\/schema.org","@graph":[{"@type":"NewsArticle","@id":"https:\/\/cj.estrategia.com\/portal\/sancionado-pl-rn-bonificacao-nota-concursos-publicos-seguranca\/#article","isPartOf":{"@id":"https:\/\/cj.estrategia.com\/portal\/sancionado-pl-rn-bonificacao-nota-concursos-publicos-seguranca\/"},"author":{"name":"Rodolfo Penna","@id":"https:\/\/cj.estrategia.com\/portal\/#\/schema\/person\/49da54b1c3276178f6ee3854ec421cb5"},"headline":"Sancionado PL do RN que estabelece 10% de bonifica\u00e7\u00e3o na nota obtida em concursos p\u00fablicos da \u00e1rea de seguran\u00e7a p\u00fablica para os candidatos residentes no Estado","datePublished":"2023-08-11T11:41:45+00:00","dateModified":"2023-08-11T11:42:24+00:00","mainEntityOfPage":{"@id":"https:\/\/cj.estrategia.com\/portal\/sancionado-pl-rn-bonificacao-nota-concursos-publicos-seguranca\/"},"wordCount":1320,"commentCount":0,"publisher":{"@id":"https:\/\/cj.estrategia.com\/portal\/#organization"},"image":{"@id":"https:\/\/cj.estrategia.com\/portal\/sancionado-pl-rn-bonificacao-nota-concursos-publicos-seguranca\/#primaryimage"},"thumbnailUrl":"https:\/\/cj.estrategia.com\/portal\/wp-content\/uploads\/2023\/08\/11083421\/download.jpeg","articleSection":["Carreiras Jur\u00eddicas","Delegado","Not\u00edcias"],"inLanguage":"pt-BR","potentialAction":[{"@type":"CommentAction","name":"Comment","target":["https:\/\/cj.estrategia.com\/portal\/sancionado-pl-rn-bonificacao-nota-concursos-publicos-seguranca\/#respond"]}]},{"@type":"WebPage","@id":"https:\/\/cj.estrategia.com\/portal\/sancionado-pl-rn-bonificacao-nota-concursos-publicos-seguranca\/","url":"https:\/\/cj.estrategia.com\/portal\/sancionado-pl-rn-bonificacao-nota-concursos-publicos-seguranca\/","name":"Sancionado PL do RN que estabelece 10% de bonifica\u00e7\u00e3o na nota obtida em concursos p\u00fablicos da \u00e1rea de seguran\u00e7a p\u00fablica para os candidatos residentes no Estado","isPartOf":{"@id":"https:\/\/cj.estrategia.com\/portal\/#website"},"primaryImageOfPage":{"@id":"https:\/\/cj.estrategia.com\/portal\/sancionado-pl-rn-bonificacao-nota-concursos-publicos-seguranca\/#primaryimage"},"image":{"@id":"https:\/\/cj.estrategia.com\/portal\/sancionado-pl-rn-bonificacao-nota-concursos-publicos-seguranca\/#primaryimage"},"thumbnailUrl":"https:\/\/cj.estrategia.com\/portal\/wp-content\/uploads\/2023\/08\/11083421\/download.jpeg","datePublished":"2023-08-11T11:41:45+00:00","dateModified":"2023-08-11T11:42:24+00:00","description":"Entenda o PL do RN que estabelece 10% de bonifica\u00e7\u00e3o na nota obtida em concursos p\u00fablicos da \u00e1rea de seguran\u00e7a para candidatos residentes!","breadcrumb":{"@id":"https:\/\/cj.estrategia.com\/portal\/sancionado-pl-rn-bonificacao-nota-concursos-publicos-seguranca\/#breadcrumb"},"inLanguage":"pt-BR","potentialAction":[{"@type":"ReadAction","target":["https:\/\/cj.estrategia.com\/portal\/sancionado-pl-rn-bonificacao-nota-concursos-publicos-seguranca\/"]}]},{"@type":"ImageObject","inLanguage":"pt-BR","@id":"https:\/\/cj.estrategia.com\/portal\/sancionado-pl-rn-bonificacao-nota-concursos-publicos-seguranca\/#primaryimage","url":"https:\/\/cj.estrategia.com\/portal\/wp-content\/uploads\/2023\/08\/11083421\/download.jpeg","contentUrl":"https:\/\/cj.estrategia.com\/portal\/wp-content\/uploads\/2023\/08\/11083421\/download.jpeg","width":300,"height":168,"caption":"bonifica\u00e7\u00e3o na nota de concursos"},{"@type":"BreadcrumbList","@id":"https:\/\/cj.estrategia.com\/portal\/sancionado-pl-rn-bonificacao-nota-concursos-publicos-seguranca\/#breadcrumb","itemListElement":[{"@type":"ListItem","position":1,"name":"In\u00edcio","item":"https:\/\/cj.estrategia.com\/portal\/"},{"@type":"ListItem","position":2,"name":"Sancionado PL do RN que estabelece 10% de bonifica\u00e7\u00e3o na nota obtida em concursos p\u00fablicos da \u00e1rea de seguran\u00e7a p\u00fablica para os candidatos residentes no Estado"}]},{"@type":"WebSite","@id":"https:\/\/cj.estrategia.com\/portal\/#website","url":"https:\/\/cj.estrategia.com\/portal\/","name":"Blog - Carreiras Jur\u00eddicas - Estrat\u00e9gia","description":"","publisher":{"@id":"https:\/\/cj.estrategia.com\/portal\/#organization"},"potentialAction":[{"@type":"SearchAction","target":{"@type":"EntryPoint","urlTemplate":"https:\/\/cj.estrategia.com\/portal\/?s={search_term_string}"},"query-input":{"@type":"PropertyValueSpecification","valueRequired":true,"valueName":"search_term_string"}}],"inLanguage":"pt-BR"},{"@type":"Organization","@id":"https:\/\/cj.estrategia.com\/portal\/#organization","name":"Estrat\u00e9gia - Carreiras Jur\u00eddicas","url":"https:\/\/cj.estrategia.com\/portal\/","logo":{"@type":"ImageObject","inLanguage":"pt-BR","@id":"https:\/\/cj.estrategia.com\/portal\/#\/schema\/logo\/image\/","url":"https:\/\/cj.estrategia.com\/portal\/wp-content\/uploads\/2022\/03\/11151052\/cj-logo.png","contentUrl":"https:\/\/cj.estrategia.com\/portal\/wp-content\/uploads\/2022\/03\/11151052\/cj-logo.png","width":150,"height":39,"caption":"Estrat\u00e9gia - Carreiras Jur\u00eddicas"},"image":{"@id":"https:\/\/cj.estrategia.com\/portal\/#\/schema\/logo\/image\/"},"sameAs":["https:\/\/www.facebook.com\/estrategiacarreirajuridica\/","https:\/\/x.com\/EstratJuridica","https:\/\/www.instagram.com\/estrategiacarreirajuridica\/","https:\/\/www.youtube.com\/channel\/UClbMGuYbj2Mh1m3w144ETWQ"]},{"@type":"Person","@id":"https:\/\/cj.estrategia.com\/portal\/#\/schema\/person\/49da54b1c3276178f6ee3854ec421cb5","name":"Rodolfo Penna","image":{"@type":"ImageObject","inLanguage":"pt-BR","@id":"https:\/\/secure.gravatar.com\/avatar\/60736e5c69b2e53fbf16a59fa1d9c96736cf3acd4840ba89eb8c10a05cc99351?s=96&d=mm&r=g","url":"https:\/\/secure.gravatar.com\/avatar\/60736e5c69b2e53fbf16a59fa1d9c96736cf3acd4840ba89eb8c10a05cc99351?s=96&d=mm&r=g","contentUrl":"https:\/\/secure.gravatar.com\/avatar\/60736e5c69b2e53fbf16a59fa1d9c96736cf3acd4840ba89eb8c10a05cc99351?s=96&d=mm&r=g","caption":"Rodolfo Penna"},"url":"https:\/\/cj.estrategia.com\/portal\/author\/edu-rodolfo-penna\/"}]}},"jetpack_featured_media_url":"https:\/\/cj.estrategia.com\/portal\/wp-content\/uploads\/2023\/08\/11083421\/download.jpeg","jetpack_sharing_enabled":true,"_links":{"self":[{"href":"https:\/\/cj.estrategia.com\/portal\/wp-json\/wp\/v2\/posts\/43750","targetHints":{"allow":["GET"]}}],"collection":[{"href":"https:\/\/cj.estrategia.com\/portal\/wp-json\/wp\/v2\/posts"}],"about":[{"href":"https:\/\/cj.estrategia.com\/portal\/wp-json\/wp\/v2\/types\/post"}],"author":[{"embeddable":true,"href":"https:\/\/cj.estrategia.com\/portal\/wp-json\/wp\/v2\/users\/61"}],"replies":[{"embeddable":true,"href":"https:\/\/cj.estrategia.com\/portal\/wp-json\/wp\/v2\/comments?post=43750"}],"version-history":[{"count":2,"href":"https:\/\/cj.estrategia.com\/portal\/wp-json\/wp\/v2\/posts\/43750\/revisions"}],"predecessor-version":[{"id":43761,"href":"https:\/\/cj.estrategia.com\/portal\/wp-json\/wp\/v2\/posts\/43750\/revisions\/43761"}],"wp:featuredmedia":[{"embeddable":true,"href":"https:\/\/cj.estrategia.com\/portal\/wp-json\/wp\/v2\/media\/43756"}],"wp:attachment":[{"href":"https:\/\/cj.estrategia.com\/portal\/wp-json\/wp\/v2\/media?parent=43750"}],"wp:term":[{"taxonomy":"category","embeddable":true,"href":"https:\/\/cj.estrategia.com\/portal\/wp-json\/wp\/v2\/categories?post=43750"},{"taxonomy":"post_tag","embeddable":true,"href":"https:\/\/cj.estrategia.com\/portal\/wp-json\/wp\/v2\/tags?post=43750"},{"taxonomy":"tax_estado","embeddable":true,"href":"https:\/\/cj.estrategia.com\/portal\/wp-json\/wp\/v2\/tax_estado?post=43750"}],"curies":[{"name":"wp","href":"https:\/\/api.w.org\/{rel}","templated":true}]}}