{"id":43199,"date":"2023-08-31T08:00:00","date_gmt":"2023-08-31T11:00:00","guid":{"rendered":"https:\/\/cj.estrategia.com\/portal\/?p=43199"},"modified":"2023-08-24T14:32:55","modified_gmt":"2023-08-24T17:32:55","slug":"responsabilidade-ambiental","status":"publish","type":"post","link":"https:\/\/cj.estrategia.com\/portal\/responsabilidade-ambiental\/","title":{"rendered":"Responsabilidade Ambiental: Resumo"},"content":{"rendered":"\n<p>Confira neste artigo um resumo sobre Responsabilidade Ambiental.<\/p>\n\n\n<div class=\"wp-block-image\">\n<figure class=\"aligncenter size-full\"><img decoding=\"async\" width=\"870\" height=\"580\" src=\"https:\/\/cj.estrategia.com\/portal\/wp-content\/uploads\/2023\/08\/02095258\/dano-ambiental.jpg\" alt=\"Responsabilidade Ambiental: Resumo\" class=\"wp-image-43202\" srcset=\"https:\/\/cj.estrategia.com\/portal\/wp-content\/uploads\/2023\/08\/02095258\/dano-ambiental.jpg 870w, https:\/\/cj.estrategia.com\/portal\/wp-content\/uploads\/2023\/08\/02095258\/dano-ambiental-300x200.jpg 300w, https:\/\/cj.estrategia.com\/portal\/wp-content\/uploads\/2023\/08\/02095258\/dano-ambiental-768x512.jpg 768w, https:\/\/cj.estrategia.com\/portal\/wp-content\/uploads\/2023\/08\/02095258\/dano-ambiental-380x253.jpg 380w, https:\/\/cj.estrategia.com\/portal\/wp-content\/uploads\/2023\/08\/02095258\/dano-ambiental-800x533.jpg 800w, https:\/\/cj.estrategia.com\/portal\/wp-content\/uploads\/2023\/08\/02095258\/dano-ambiental-150x100.jpg 150w\" sizes=\"(max-width: 870px) 100vw, 870px\" \/><figcaption class=\"wp-element-caption\">Responsabilidade Ambiental: Resumo<\/figcaption><\/figure>\n<\/div>\n\n\n<p>Ol\u00e1, amigos.<\/p>\n\n\n\n<p>Tudo bom? Espero que sim.<\/p>\n\n\n\n<p>No artigo de hoje, abordaremos uma vis\u00e3o geral sobre a Responsabilidade Ambiental, um dos t\u00f3picos explorados em Direito Ambiental em provas de concursos p\u00fablicos. Dado que esse tema \u00e9 relevante e abrangente, \u00e9 fundamental entender seus principais pontos para uma melhor organiza\u00e7\u00e3o dos estudos e compreens\u00e3o completa da mat\u00e9ria.<\/p>\n\n\n\n<p>Primeiramente, vejamos os t\u00f3picos que ser\u00e3o abordados:<\/p>\n\n\n\n<ul class=\"wp-block-list\">\n<li>Responsabilidade Ambiental<\/li>\n\n\n\n<li>Lei dos Crimes Ambientais \u2013 LCA<\/li>\n\n\n\n<li>Responsabilidade penal da Pessoa F\u00edsica.<\/li>\n\n\n\n<li>Responsabilidade penal da Pessoa Jur\u00eddica<\/li>\n\n\n\n<li>LCA e a Teoria Menor<\/li>\n\n\n\n<li>Aplica\u00e7\u00e3o da Pena<\/li>\n\n\n\n<li>Penas restritivas de direito de Pessoas F\u00edsicas<\/li>\n\n\n\n<li>Penas restritivas de direito de Pessoas Jur\u00eddicas<\/li>\n<\/ul>\n\n\n\n<p>Animados?<\/p>\n\n\n\n<p>Vamos l\u00e1.<\/p>\n\n\n\n<h2 class=\"wp-block-heading\" id=\"h-responsabilidade-ambiental\"><span id=\"responsabilidade-ambiental\">Responsabilidade Ambiental<\/span><\/h2>\n\n\n\n<p>A Constitui\u00e7\u00e3o Federal de 1988 garante a todos o direito a um meio ambiente saud\u00e1vel e equilibrado. Qualquer a\u00e7\u00e3o que prejudique o meio ambiente pode resultar em puni\u00e7\u00f5es, incluindo <strong>penalidades criminais e administrativas<\/strong>, e os respons\u00e1veis tamb\u00e9m s\u00e3o <strong>obrigados a reparar os danos causados<\/strong>.<\/p>\n\n\n\n<p>Fique atento! As <strong>pessoas f\u00edsicas ou jur\u00eddicas<\/strong> que causarem danos ao meio ambiente podem ser <strong>responsabilizadas nas esferas penal, administrativa e civil.<\/strong><\/p>\n\n\n\n<h2 class=\"wp-block-heading\" id=\"h-lei-dos-crimes-ambientais-lca\"><span id=\"lei-dos-crimes-ambientais-lca\">Lei dos Crimes Ambientais \u2013 LCA<\/span><\/h2>\n\n\n\n<p>A LCA foi criada para <strong>regulamentar<\/strong> a disposi\u00e7\u00e3o constitucional sobre o meio ambiente. Ela \u00e9 uma das <strong>leis mais importantes do Direito Ambiental,<\/strong> pois aborda os <strong>diferentes tipos de crimes e infra\u00e7\u00f5es administrativas <\/strong>relacionadas \u00e0 degrada\u00e7\u00e3o do meio ambiente, estabelecendo as <strong>respectivas puni\u00e7\u00f5es.<\/strong><\/p>\n\n\n\n<h2 class=\"wp-block-heading\" id=\"h-responsabilidade-penal-da-pessoa-fisica\"><span id=\"responsabilidade-penal-da-pessoa-fisica\">Responsabilidade Penal da Pessoa F\u00edsica.<\/span><\/h2>\n\n\n\n<p>A LCA diz que: <strong>Todas as pessoas<\/strong> que de <strong>alguma maneira contribu\u00edram<\/strong> para a pr\u00e1tica dos crimes estabelecidos nesta Lei <strong>ser\u00e3o punidas<\/strong> conforme a sua culpa.<\/p>\n\n\n\n<p>Al\u00e9m disso, o <strong>diretor, administrador, membro de conselho, \u00f3rg\u00e3o t\u00e9cnico, auditor, gerente, preposto ou representante de uma pessoa jur\u00eddica<\/strong> tamb\u00e9m ser\u00e3o responsabilizados se souberem da <strong>conduta criminosa de outra pessoa <\/strong>e <strong>n\u00e3o fizerem nada para impedir<\/strong>, mesmo que pudessem agir para <strong>evitar essa pr\u00e1tica<\/strong>.<\/p>\n\n\n\n<p>Portanto, mesmo que a pessoa n\u00e3o tenha cometido o crime diretamente, o fato de ela ter conhecimento da a\u00e7\u00e3o criminosa e n\u00e3o fazer nada para impedir o dano a torna igualmente respons\u00e1vel.<\/p>\n\n\n\n<h2 class=\"wp-block-heading\" id=\"h-responsabilidade-penal-da-pessoa-juridica\"><span id=\"responsabilidade-penal-da-pessoa-juridica\">Responsabilidade Penal da Pessoa Jur\u00eddica<\/span><\/h2>\n\n\n\n<p>Nunca se esque\u00e7a que a responsabilidade jur\u00eddica <strong>n\u00e3o exclui<\/strong> a responsabilidade f\u00edsica.<\/p>\n\n\n\n<p>Quando um crime ambiental \u00e9 cometido em <strong>benef\u00edcio de uma pessoa jur\u00eddica<\/strong>, tanto a <strong>empresa quanto a pessoa f\u00edsica<\/strong> <strong>que praticou o crime<\/strong> <strong>ser\u00e3o responsabilizadas<\/strong>.<\/p>\n\n\n\n<p>A <strong>pessoa f\u00edsica n\u00e3o ser\u00e1 responsabilizada<\/strong> caso ela <strong>n\u00e3o tenha conhecimento<\/strong> de que estava <strong>cometendo um crime ambiental a mando da empresa.<\/strong><\/p>\n\n\n\n<h2 class=\"wp-block-heading\" id=\"h-lca-e-a-teoria-menor-responsabilidade-ambiental\"><span id=\"lca-e-a-teoria-menor-responsabilidade-ambiental\">LCA e a Teoria Menor &#8211; Responsabilidade Ambiental<\/span><\/h2>\n\n\n\n<p>A LCA adota a <strong>Teoria Menor<\/strong>, segundo a qual a desconsidera\u00e7\u00e3o da personalidade jur\u00eddica ocorre quando h\u00e1 <strong>insufici\u00eancia patrimonial da empresa<\/strong>, n\u00e3o sendo necess\u00e1ria a comprova\u00e7\u00e3o de fraude ou abuso por parte dos s\u00f3cios. Em quest\u00f5es ambientais, a <strong>responsabilidade civil \u00e9 objetiva, ou seja, independe de culpa<\/strong>.<\/p>\n\n\n\n<p>O <strong>poluidor \u00e9 obrigado a indenizar ou reparar os danos causados ao meio ambiente e a terceiros<\/strong>, afetados por suas atividades, mesmo sem comprova\u00e7\u00e3o de culpa.<\/p>\n\n\n\n<p>Existem precedentes no STJ que aplicam a &#8220;<strong>Teoria do Risco Integral<\/strong>&#8220;, que torna o poluidor respons\u00e1vel por todos os danos decorrentes de suas a\u00e7\u00f5es prejudiciais ao meio ambiente.<\/p>\n\n\n\n<h2 class=\"wp-block-heading\" id=\"h-aplicacao-da-pena\"><span id=\"aplicacao-da-pena\">Aplica\u00e7\u00e3o da Pena<\/span><\/h2>\n\n\n\n<p>As autoridades competentes levam em conta <strong>tr\u00eas aspectos<\/strong> ao impor a pena:<\/p>\n\n\n\n<ul class=\"wp-block-list\">\n<li><strong>Gravidade do fato:<\/strong> tendo em vista os motivos da infra\u00e7\u00e3o e suas consequ\u00eancias para a sa\u00fade p\u00fablica e para o meio ambiente;<\/li>\n\n\n\n<li><strong>Antecedentes:<\/strong> do infrator quanto ao cumprimento da legisla\u00e7\u00e3o de interesse ambiental;<\/li>\n\n\n\n<li><strong>Situa\u00e7\u00e3o econ\u00f4mica<\/strong>: do infrator, em caso de multa.<\/li>\n<\/ul>\n\n\n\n<p>As penas restritivas de direitos podem substituir as penas privativas de liberdade em duas situa\u00e7\u00f5es:<\/p>\n\n\n\n<ul class=\"wp-block-list\">\n<li>Em casos de <strong>crime culposo<\/strong> ou quando a <strong>pena privativa de liberdade<\/strong> \u00e9 <strong>inferior a 4 anos<\/strong>.<\/li>\n\n\n\n<li>Essa substitui\u00e7\u00e3o \u00e9 considerada adequada para <strong>reprovar e prevenir o crime<\/strong> quando a <strong>culpabilidade, os antecedentes, a conduta social e a personalidade do condenado<\/strong>, assim como os <strong>motivos e as circunst\u00e2ncias do crime<\/strong>, indicam que essa medida <strong>\u00e9 suficiente<\/strong>.<\/li>\n<\/ul>\n\n\n\n<p>Lembrando que, a substitui\u00e7\u00e3o ter\u00e1 a <strong>mesma dura\u00e7\u00e3o<\/strong> da pena privativa de liberdade.<\/p>\n\n\n\n<h2 class=\"wp-block-heading\" id=\"h-penas-restritivas-de-direito-de-pessoas-fisicas-responsabilidade-ambiental\"><span id=\"penas-restritivas-de-direito-de-pessoas-fisicas-responsabilidade-ambiental\">Penas restritivas de direito de Pessoas F\u00edsicas &#8211; Responsabilidade Ambiental<\/span><\/h2>\n\n\n\n<p>Especificamente no que diz respeito \u00e0s penas restritivas de direitos aplicadas a pessoas f\u00edsicas:<\/p>\n\n\n\n<ol class=\"wp-block-list\" type=\"I\">\n<li><strong>Presta\u00e7\u00e3o de servi\u00e7os \u00e0 comunidade:<\/strong> ocorre a realiza\u00e7\u00e3o tarefas gratuitas em parques, jardins p\u00fablicos, unidades de conserva\u00e7\u00e3o ou restaura\u00e7\u00e3o de coisas danificadas;<\/li>\n\n\n\n<li><strong>Interdi\u00e7\u00e3o tempor\u00e1ria de direitos:<\/strong> neste caso fica proibido de contratar com o Poder P\u00fablico, receber incentivos fiscais, participar de licita\u00e7\u00f5es ou receber benef\u00edcios por um per\u00edodo determinado;<\/li>\n\n\n\n<li><strong>Suspens\u00e3o parcial ou total de atividades:<\/strong> aplicada quando atividades do condenado n\u00e3o est\u00e3o em conformidade com a lei;<\/li>\n\n\n\n<li><strong>Presta\u00e7\u00e3o pecuni\u00e1ria:<\/strong> o condenado paga em dinheiro \u00e0 v\u00edtima ou a entidades sociais, em valor determinado pelo juiz, com desconto do montante da repara\u00e7\u00e3o civil;<\/li>\n\n\n\n<li><strong>Recolhimento domiciliar:<\/strong> neste caso, fica recolhido em sua resid\u00eancia em dias e hor\u00e1rios determinados, podendo sair para trabalhar, frequentar cursos ou atividades autorizadas, sem vigil\u00e2ncia.<\/li>\n<\/ol>\n\n\n\n<h2 class=\"wp-block-heading\" id=\"h-penas-restritivas-de-direito-de-pessoas-juridicas\"><span id=\"penas-restritivas-de-direito-de-pessoas-juridicas\">Penas restritivas de direito de Pessoas Jur\u00eddicas<\/span><\/h2>\n\n\n\n<p>Para as pessoas jur\u00eddicas, <strong>n\u00e3o h\u00e1 pena privativa de liberdade<\/strong>. As penas aplic\u00e1veis podem ser isoladas, cumulativas ou alternativas, sendo elas: <strong>multa, penas restritivas de direitos e presta\u00e7\u00e3o de servi\u00e7os \u00e0 comunidade<\/strong>.<\/p>\n\n\n\n<p>As penas restritivas de direitos para pessoas jur\u00eddicas s\u00e3o:<\/p>\n\n\n\n<ol class=\"wp-block-list\" type=\"I\">\n<li><strong>Suspens\u00e3o parcial ou total de atividades<\/strong>, aplicada quando as atividades n\u00e3o estiverem em conformidade com as leis ou regulamentos relacionados \u00e0 prote\u00e7\u00e3o ambiental.<\/li>\n\n\n\n<li><strong>Interdi\u00e7\u00e3o tempor\u00e1ria de estabelecimento, obra ou atividade<\/strong>, aplicada quando o estabelecimento, obra ou atividade funcionar sem a devida autoriza\u00e7\u00e3o, em desacordo com a concedida ou em viola\u00e7\u00e3o de disposi\u00e7\u00f5es legais ou regulamentares.<\/li>\n\n\n\n<li><strong>Proibi\u00e7\u00e3o de contratar com o poder p\u00fablico<\/strong>, bem como de obter subs\u00eddios, subven\u00e7\u00f5es ou doa\u00e7\u00f5es, com prazo <strong>m\u00e1ximo de 10 anos.<\/strong><\/li>\n<\/ol>\n\n\n\n<p>Al\u00e9m disso, a pessoa jur\u00eddica pode cumprir pena <strong>de presta\u00e7\u00e3o de servi\u00e7os \u00e0 comunidade<\/strong>, realizando atividades como <strong>custear programas ambientais<\/strong>, <strong>executar obras de recupera\u00e7\u00e3o de \u00e1reas degradadas<\/strong>, <strong>manter espa\u00e7os p\u00fablicos e contribuir com entidades ambientais ou culturais p\u00fablicas.<\/strong><\/p>\n\n\n\n<h2 class=\"wp-block-heading wp-embed-aspect-16-9 wp-has-aspect-ratio\" id=\"h-conclusao-responsabilidade-ambiental\"><span id=\"conclusao-responsabilidade-ambiental\">Conclus\u00e3o &#8211; Responsabilidade Ambiental<\/span><\/h2>\n\n\n\n<p class=\"wp-embed-aspect-16-9 wp-has-aspect-ratio\">Chegamos ao final do nosso artigo, com um resumo sobre Responsabilidade Ambiental. Esperamos que tenham aproveitado as informa\u00e7\u00f5es trazidas.<\/p>\n\n\n\n<p class=\"has-text-align-center has-background has-medium-font-size\" style=\"background-color:#fcb90059\"><a href=\"https:\/\/cj.estrategia.com\/portal\/noticias\/\" target=\"_blank\" >Concursos Carreiras Jur\u00eddicas<\/a><\/p>\n\n\n\n<h2 class=\"wp-block-heading has-text-align-center\" id=\"h-quer-estudar-para-carreiras-juridicas\"><span id=\"quer-estudar-para-carreiras-juridicas\">Quer estudar para Carreiras Jur\u00eddicas?<\/span><\/h2>\n\n\n\n<ul class=\"wp-block-list\">\n<li><a href=\"https:\/\/cj.estrategia.com\/portal\/concursos-abertos-carreiras-juridicas\/\" target=\"_blank\" >Concursos abertos<\/a><\/li>\n\n\n\n<li><a href=\"https:\/\/cj.estrategia.com\/portal\/concursos-2023-carreiras-juridicas\/\" target=\"_blank\" >Concursos 2023<\/a><\/li>\n\n\n\n<li><a href=\"https:\/\/cj.estrategia.com\/portal\/concursos-2024-carreiras-juridicas\/\" target=\"_blank\" >Concursos 2024<\/a><\/li>\n<\/ul>\n\n\n\n<p>O Estrat\u00e9gia Carreira Jur\u00eddica \u00e9 campe\u00e3o de aprova\u00e7\u00f5es nos concursos para Carreiras Jur\u00eddicas com um corpo docente qualificado e materiais completos. Conhe\u00e7a nossos cursos e garanta sua aprova\u00e7\u00e3o:<\/p>\n\n\n\n\n\n<div class=\"wp-block-cover\" style=\"min-height:142px;aspect-ratio:unset;\"><span aria-hidden=\"true\" class=\"wp-block-cover__background has-background-dim\"><\/span><img decoding=\"async\" width=\"1890\" height=\"351\" class=\"wp-block-cover__image-background wp-image-8669\" alt=\"assinatura carreira jur\u00eddica\" src=\"https:\/\/cj.estrategia.com\/portal\/wp-content\/uploads\/2022\/06\/20151253\/concurso-carreiras-juridicas-assinatura-juridica.jpg\" style=\"object-position:75% 40%\" data-object-fit=\"cover\" data-object-position=\"75% 40%\" srcset=\"https:\/\/cj.estrategia.com\/portal\/wp-content\/uploads\/2022\/06\/20151253\/concurso-carreiras-juridicas-assinatura-juridica.jpg 1890w, https:\/\/cj.estrategia.com\/portal\/wp-content\/uploads\/2022\/06\/20151253\/concurso-carreiras-juridicas-assinatura-juridica-300x56.jpg 300w, https:\/\/cj.estrategia.com\/portal\/wp-content\/uploads\/2022\/06\/20151253\/concurso-carreiras-juridicas-assinatura-juridica-1024x190.jpg 1024w, https:\/\/cj.estrategia.com\/portal\/wp-content\/uploads\/2022\/06\/20151253\/concurso-carreiras-juridicas-assinatura-juridica-768x143.jpg 768w, https:\/\/cj.estrategia.com\/portal\/wp-content\/uploads\/2022\/06\/20151253\/concurso-carreiras-juridicas-assinatura-juridica-1536x285.jpg 1536w, https:\/\/cj.estrategia.com\/portal\/wp-content\/uploads\/2022\/06\/20151253\/concurso-carreiras-juridicas-assinatura-juridica-380x71.jpg 380w, https:\/\/cj.estrategia.com\/portal\/wp-content\/uploads\/2022\/06\/20151253\/concurso-carreiras-juridicas-assinatura-juridica-800x149.jpg 800w, https:\/\/cj.estrategia.com\/portal\/wp-content\/uploads\/2022\/06\/20151253\/concurso-carreiras-juridicas-assinatura-juridica-1160x215.jpg 1160w\" sizes=\"(max-width: 1890px) 100vw, 1890px\" \/><div class=\"wp-block-cover__inner-container is-layout-flow wp-block-cover-is-layout-flow\">\n<h3 id=\"assinatura-juridica\" class=\"titulo-assinatura\">Assinatura Jur\u00eddica <\/h3>\n<p class=\"subtitulo-assinatura\" style=\"display:block!important; line-height: 0; font-color: #fff\">Conhe\u00e7a os planos<\/p>\n<a target=\"_blank\" href=\"https:\/\/www.estrategiaconcursos.com.br\/assinaturas-ecj\/\" rel=\"noopener\"><button style=\"border-radius: 10px; text-transform: capitalize;\">Acessar<\/button><\/a>\n<\/div><\/div>\n","protected":false},"excerpt":{"rendered":"Confira neste artigo um resumo sobre Responsabilidade Ambiental. Ol\u00e1, amigos. Tudo bom? Espero que sim. No artigo de&hellip;\n","protected":false},"author":44,"featured_media":43202,"comment_status":"open","ping_status":"open","sticky":false,"template":"","format":"standard","meta":{"_jetpack_memberships_contains_paid_content":false,"footnotes":""},"categories":[1,27,28,26,24,25],"tags":[84,61,119,124,83],"tax_estado":[30,31,32,33,34,35,36,37,38,39,40,41,42,43,44,45,46,47,48,49,50,51,52,53,54,55,56,57],"class_list":{"0":"post-43199","1":"post","2":"type-post","3":"status-publish","4":"format-standard","5":"has-post-thumbnail","7":"category-carreiras-juridicas","8":"category-defensoria","9":"category-delegado","10":"category-magistratura","11":"category-procuradoria","12":"category-promotoria","13":"tag-carreira-juridica","14":"tag-concurso-delegado","15":"tag-concurso-juiz","16":"tag-concurso-ministerio-publico","17":"tag-concursos-juridicos","18":"tax_estado-ac","19":"tax_estado-al","20":"tax_estado-am","21":"tax_estado-ap","22":"tax_estado-ba","23":"tax_estado-ce","24":"tax_estado-concursos-federais","25":"tax_estado-df","26":"tax_estado-es","27":"tax_estado-go","28":"tax_estado-ma","29":"tax_estado-mg","30":"tax_estado-ms","31":"tax_estado-mt","32":"tax_estado-pa","33":"tax_estado-pb","34":"tax_estado-pe","35":"tax_estado-pi","36":"tax_estado-pr","37":"tax_estado-rj","38":"tax_estado-rn","39":"tax_estado-ro","40":"tax_estado-rr","41":"tax_estado-rs","42":"tax_estado-sc","43":"tax_estado-se","44":"tax_estado-sp","45":"tax_estado-to"},"acf":[],"yoast_head":"<!-- This site is optimized with the Yoast SEO Premium plugin v27.4 (Yoast SEO v27.4) - https:\/\/yoast.com\/product\/yoast-seo-premium-wordpress\/ -->\n<title>Responsabilidade Ambiental: Resumo<\/title>\n<meta name=\"description\" content=\"Confira neste artigo um resumo sobre Responsabilidade Ambiental, com foco em concursos jur\u00eddicos e chegue preparado na prova.\" \/>\n<meta name=\"robots\" content=\"index, follow, max-snippet:-1, max-image-preview:large, max-video-preview:-1\" \/>\n<link rel=\"canonical\" href=\"https:\/\/cj.estrategia.com\/portal\/responsabilidade-ambiental\/\" \/>\n<meta property=\"og:locale\" content=\"pt_BR\" \/>\n<meta property=\"og:type\" content=\"article\" \/>\n<meta property=\"og:title\" content=\"Responsabilidade Ambiental: Resumo\" \/>\n<meta property=\"og:description\" content=\"Confira neste artigo um resumo sobre Responsabilidade Ambiental, com foco em concursos jur\u00eddicos e chegue preparado na prova.\" \/>\n<meta property=\"og:url\" content=\"https:\/\/cj.estrategia.com\/portal\/responsabilidade-ambiental\/\" \/>\n<meta property=\"og:site_name\" content=\"Blog - Carreiras Jur\u00eddicas - Estrat\u00e9gia\" \/>\n<meta property=\"article:publisher\" content=\"https:\/\/www.facebook.com\/estrategiacarreirajuridica\/\" \/>\n<meta property=\"article:author\" content=\"https:\/\/www.facebook.com\/amarcelaneves\" \/>\n<meta property=\"article:published_time\" content=\"2023-08-31T11:00:00+00:00\" \/>\n<meta property=\"og:image\" content=\"https:\/\/cj.estrategia.com\/portal\/wp-content\/uploads\/2023\/08\/02095258\/dano-ambiental.jpg\" \/>\n\t<meta property=\"og:image:width\" content=\"870\" \/>\n\t<meta property=\"og:image:height\" content=\"580\" \/>\n\t<meta property=\"og:image:type\" content=\"image\/jpeg\" \/>\n<meta name=\"author\" content=\"Marcela Neves Suonski Daronch\" \/>\n<meta name=\"twitter:card\" content=\"summary_large_image\" \/>\n<meta name=\"twitter:creator\" content=\"@EstratJuridica\" \/>\n<meta name=\"twitter:site\" content=\"@EstratJuridica\" \/>\n<meta name=\"twitter:label1\" content=\"Escrito por\" \/>\n\t<meta name=\"twitter:data1\" content=\"Marcela Neves Suonski Daronch\" \/>\n\t<meta name=\"twitter:label2\" content=\"Est. tempo de leitura\" \/>\n\t<meta name=\"twitter:data2\" content=\"7 minutos\" \/>\n<script type=\"application\/ld+json\" class=\"yoast-schema-graph\">{\"@context\":\"https:\\\/\\\/schema.org\",\"@graph\":[{\"@type\":\"NewsArticle\",\"@id\":\"https:\\\/\\\/cj.estrategia.com\\\/portal\\\/responsabilidade-ambiental\\\/#article\",\"isPartOf\":{\"@id\":\"https:\\\/\\\/cj.estrategia.com\\\/portal\\\/responsabilidade-ambiental\\\/\"},\"author\":{\"name\":\"Marcela Neves Suonski Daronch\",\"@id\":\"https:\\\/\\\/cj.estrategia.com\\\/portal\\\/#\\\/schema\\\/person\\\/f52a354da476804d0d46daae7af1b848\"},\"headline\":\"Responsabilidade Ambiental: Resumo\",\"datePublished\":\"2023-08-31T11:00:00+00:00\",\"mainEntityOfPage\":{\"@id\":\"https:\\\/\\\/cj.estrategia.com\\\/portal\\\/responsabilidade-ambiental\\\/\"},\"wordCount\":1154,\"commentCount\":0,\"publisher\":{\"@id\":\"https:\\\/\\\/cj.estrategia.com\\\/portal\\\/#organization\"},\"image\":{\"@id\":\"https:\\\/\\\/cj.estrategia.com\\\/portal\\\/responsabilidade-ambiental\\\/#primaryimage\"},\"thumbnailUrl\":\"https:\\\/\\\/cj.estrategia.com\\\/portal\\\/wp-content\\\/uploads\\\/2023\\\/08\\\/02095258\\\/dano-ambiental.jpg\",\"keywords\":[\"carreira jur\u00eddica\",\"concurso delegado\",\"concurso juiz\",\"concurso minist\u00e9rio p\u00fablico\",\"concursos jur\u00eddicos\"],\"articleSection\":[\"Carreiras Jur\u00eddicas\",\"Defensoria\",\"Delegado\",\"Magistratura\",\"Procuradoria\",\"Promotoria\"],\"inLanguage\":\"pt-BR\",\"potentialAction\":[{\"@type\":\"CommentAction\",\"name\":\"Comment\",\"target\":[\"https:\\\/\\\/cj.estrategia.com\\\/portal\\\/responsabilidade-ambiental\\\/#respond\"]}]},{\"@type\":\"WebPage\",\"@id\":\"https:\\\/\\\/cj.estrategia.com\\\/portal\\\/responsabilidade-ambiental\\\/\",\"url\":\"https:\\\/\\\/cj.estrategia.com\\\/portal\\\/responsabilidade-ambiental\\\/\",\"name\":\"Responsabilidade Ambiental: Resumo\",\"isPartOf\":{\"@id\":\"https:\\\/\\\/cj.estrategia.com\\\/portal\\\/#website\"},\"primaryImageOfPage\":{\"@id\":\"https:\\\/\\\/cj.estrategia.com\\\/portal\\\/responsabilidade-ambiental\\\/#primaryimage\"},\"image\":{\"@id\":\"https:\\\/\\\/cj.estrategia.com\\\/portal\\\/responsabilidade-ambiental\\\/#primaryimage\"},\"thumbnailUrl\":\"https:\\\/\\\/cj.estrategia.com\\\/portal\\\/wp-content\\\/uploads\\\/2023\\\/08\\\/02095258\\\/dano-ambiental.jpg\",\"datePublished\":\"2023-08-31T11:00:00+00:00\",\"description\":\"Confira neste artigo um resumo sobre Responsabilidade Ambiental, com foco em concursos jur\u00eddicos e chegue preparado na prova.\",\"breadcrumb\":{\"@id\":\"https:\\\/\\\/cj.estrategia.com\\\/portal\\\/responsabilidade-ambiental\\\/#breadcrumb\"},\"inLanguage\":\"pt-BR\",\"potentialAction\":[{\"@type\":\"ReadAction\",\"target\":[\"https:\\\/\\\/cj.estrategia.com\\\/portal\\\/responsabilidade-ambiental\\\/\"]}]},{\"@type\":\"ImageObject\",\"inLanguage\":\"pt-BR\",\"@id\":\"https:\\\/\\\/cj.estrategia.com\\\/portal\\\/responsabilidade-ambiental\\\/#primaryimage\",\"url\":\"https:\\\/\\\/cj.estrategia.com\\\/portal\\\/wp-content\\\/uploads\\\/2023\\\/08\\\/02095258\\\/dano-ambiental.jpg\",\"contentUrl\":\"https:\\\/\\\/cj.estrategia.com\\\/portal\\\/wp-content\\\/uploads\\\/2023\\\/08\\\/02095258\\\/dano-ambiental.jpg\",\"width\":870,\"height\":580},{\"@type\":\"BreadcrumbList\",\"@id\":\"https:\\\/\\\/cj.estrategia.com\\\/portal\\\/responsabilidade-ambiental\\\/#breadcrumb\",\"itemListElement\":[{\"@type\":\"ListItem\",\"position\":1,\"name\":\"In\u00edcio\",\"item\":\"https:\\\/\\\/cj.estrategia.com\\\/portal\\\/\"},{\"@type\":\"ListItem\",\"position\":2,\"name\":\"Responsabilidade Ambiental: Resumo\"}]},{\"@type\":\"WebSite\",\"@id\":\"https:\\\/\\\/cj.estrategia.com\\\/portal\\\/#website\",\"url\":\"https:\\\/\\\/cj.estrategia.com\\\/portal\\\/\",\"name\":\"Blog - Carreiras Jur\u00eddicas - Estrat\u00e9gia\",\"description\":\"\",\"publisher\":{\"@id\":\"https:\\\/\\\/cj.estrategia.com\\\/portal\\\/#organization\"},\"potentialAction\":[{\"@type\":\"SearchAction\",\"target\":{\"@type\":\"EntryPoint\",\"urlTemplate\":\"https:\\\/\\\/cj.estrategia.com\\\/portal\\\/?s={search_term_string}\"},\"query-input\":{\"@type\":\"PropertyValueSpecification\",\"valueRequired\":true,\"valueName\":\"search_term_string\"}}],\"inLanguage\":\"pt-BR\"},{\"@type\":\"Organization\",\"@id\":\"https:\\\/\\\/cj.estrategia.com\\\/portal\\\/#organization\",\"name\":\"Estrat\u00e9gia - Carreiras Jur\u00eddicas\",\"url\":\"https:\\\/\\\/cj.estrategia.com\\\/portal\\\/\",\"logo\":{\"@type\":\"ImageObject\",\"inLanguage\":\"pt-BR\",\"@id\":\"https:\\\/\\\/cj.estrategia.com\\\/portal\\\/#\\\/schema\\\/logo\\\/image\\\/\",\"url\":\"https:\\\/\\\/cj.estrategia.com\\\/portal\\\/wp-content\\\/uploads\\\/2022\\\/03\\\/11151052\\\/cj-logo.png\",\"contentUrl\":\"https:\\\/\\\/cj.estrategia.com\\\/portal\\\/wp-content\\\/uploads\\\/2022\\\/03\\\/11151052\\\/cj-logo.png\",\"width\":150,\"height\":39,\"caption\":\"Estrat\u00e9gia - Carreiras Jur\u00eddicas\"},\"image\":{\"@id\":\"https:\\\/\\\/cj.estrategia.com\\\/portal\\\/#\\\/schema\\\/logo\\\/image\\\/\"},\"sameAs\":[\"https:\\\/\\\/www.facebook.com\\\/estrategiacarreirajuridica\\\/\",\"https:\\\/\\\/x.com\\\/EstratJuridica\",\"https:\\\/\\\/www.instagram.com\\\/estrategiacarreirajuridica\\\/\",\"https:\\\/\\\/www.youtube.com\\\/channel\\\/UClbMGuYbj2Mh1m3w144ETWQ\"]},{\"@type\":\"Person\",\"@id\":\"https:\\\/\\\/cj.estrategia.com\\\/portal\\\/#\\\/schema\\\/person\\\/f52a354da476804d0d46daae7af1b848\",\"name\":\"Marcela Neves Suonski Daronch\",\"image\":{\"@type\":\"ImageObject\",\"inLanguage\":\"pt-BR\",\"@id\":\"https:\\\/\\\/cj.estrategia.com\\\/portal\\\/wp-content\\\/uploads\\\/2023\\\/06\\\/14185716\\\/Marcela-2-96x96.jpg\",\"url\":\"https:\\\/\\\/cj.estrategia.com\\\/portal\\\/wp-content\\\/uploads\\\/2023\\\/06\\\/14185716\\\/Marcela-2-96x96.jpg\",\"contentUrl\":\"https:\\\/\\\/cj.estrategia.com\\\/portal\\\/wp-content\\\/uploads\\\/2023\\\/06\\\/14185716\\\/Marcela-2-96x96.jpg\",\"caption\":\"Marcela Neves Suonski Daronch\"},\"description\":\"Graduada em Direito. P\u00f3s-graduada em Investiga\u00e7\u00e3o Criminal e Legisla\u00e7\u00e3o Penal. P\u00f3s-graduada em Criminal\u00edstica, Cybercrimes e o Papel da Pol\u00edcia Judici\u00e1ria. P\u00f3s-graduanda em Direito P\u00fablico. P\u00f3s-Graduanda em Intelig\u00eancia Emocional e Psicologia Positiva. Aprovada no XXIX Exame da Ordem dos Advogados do Brasil (OAB). Aprovada e convocada para o Curso de Forma\u00e7\u00e3o Profissional do DEAP SC em 20\u00ba lugar (2019). Aprovada para o cargo de Escriv\u00e3o da PC MG (2021). Aprovada na fase objetiva do concurso de Delegado da PC SP (2023). Integra a equipe de Coaches do Estrat\u00e9gia Concursos desde 2020. Escritora de artigos para o blog do Estrat\u00e9gia concursos e Professora dos Bizus Estrat\u00e9gicos.\",\"sameAs\":[\"https:\\\/\\\/www.facebook.com\\\/amarcelaneves\",\"https:\\\/\\\/www.instagram.com\\\/amarcelaneves\",\"https:\\\/\\\/www.youtube.com\\\/@amarcelaneves\"],\"birthDate\":\"1996-08-05\",\"gender\":\"feminino\",\"knowsLanguage\":[\"Ingl\u00eas\"],\"url\":\"https:\\\/\\\/cj.estrategia.com\\\/portal\\\/author\\\/marcela-nevessuonski\\\/\"}]}<\/script>\n<!-- \/ Yoast SEO Premium plugin. -->","yoast_head_json":{"title":"Responsabilidade Ambiental: Resumo","description":"Confira neste artigo um resumo sobre Responsabilidade Ambiental, com foco em concursos jur\u00eddicos e chegue preparado na prova.","robots":{"index":"index","follow":"follow","max-snippet":"max-snippet:-1","max-image-preview":"max-image-preview:large","max-video-preview":"max-video-preview:-1"},"canonical":"https:\/\/cj.estrategia.com\/portal\/responsabilidade-ambiental\/","og_locale":"pt_BR","og_type":"article","og_title":"Responsabilidade Ambiental: Resumo","og_description":"Confira neste artigo um resumo sobre Responsabilidade Ambiental, com foco em concursos jur\u00eddicos e chegue preparado na prova.","og_url":"https:\/\/cj.estrategia.com\/portal\/responsabilidade-ambiental\/","og_site_name":"Blog - Carreiras Jur\u00eddicas - Estrat\u00e9gia","article_publisher":"https:\/\/www.facebook.com\/estrategiacarreirajuridica\/","article_author":"https:\/\/www.facebook.com\/amarcelaneves","article_published_time":"2023-08-31T11:00:00+00:00","og_image":[{"width":870,"height":580,"url":"https:\/\/cj.estrategia.com\/portal\/wp-content\/uploads\/2023\/08\/02095258\/dano-ambiental.jpg","type":"image\/jpeg"}],"author":"Marcela Neves Suonski Daronch","twitter_card":"summary_large_image","twitter_creator":"@EstratJuridica","twitter_site":"@EstratJuridica","twitter_misc":{"Escrito por":"Marcela Neves Suonski Daronch","Est. tempo de leitura":"7 minutos"},"schema":{"@context":"https:\/\/schema.org","@graph":[{"@type":"NewsArticle","@id":"https:\/\/cj.estrategia.com\/portal\/responsabilidade-ambiental\/#article","isPartOf":{"@id":"https:\/\/cj.estrategia.com\/portal\/responsabilidade-ambiental\/"},"author":{"name":"Marcela Neves Suonski Daronch","@id":"https:\/\/cj.estrategia.com\/portal\/#\/schema\/person\/f52a354da476804d0d46daae7af1b848"},"headline":"Responsabilidade Ambiental: Resumo","datePublished":"2023-08-31T11:00:00+00:00","mainEntityOfPage":{"@id":"https:\/\/cj.estrategia.com\/portal\/responsabilidade-ambiental\/"},"wordCount":1154,"commentCount":0,"publisher":{"@id":"https:\/\/cj.estrategia.com\/portal\/#organization"},"image":{"@id":"https:\/\/cj.estrategia.com\/portal\/responsabilidade-ambiental\/#primaryimage"},"thumbnailUrl":"https:\/\/cj.estrategia.com\/portal\/wp-content\/uploads\/2023\/08\/02095258\/dano-ambiental.jpg","keywords":["carreira jur\u00eddica","concurso delegado","concurso juiz","concurso minist\u00e9rio p\u00fablico","concursos jur\u00eddicos"],"articleSection":["Carreiras Jur\u00eddicas","Defensoria","Delegado","Magistratura","Procuradoria","Promotoria"],"inLanguage":"pt-BR","potentialAction":[{"@type":"CommentAction","name":"Comment","target":["https:\/\/cj.estrategia.com\/portal\/responsabilidade-ambiental\/#respond"]}]},{"@type":"WebPage","@id":"https:\/\/cj.estrategia.com\/portal\/responsabilidade-ambiental\/","url":"https:\/\/cj.estrategia.com\/portal\/responsabilidade-ambiental\/","name":"Responsabilidade Ambiental: Resumo","isPartOf":{"@id":"https:\/\/cj.estrategia.com\/portal\/#website"},"primaryImageOfPage":{"@id":"https:\/\/cj.estrategia.com\/portal\/responsabilidade-ambiental\/#primaryimage"},"image":{"@id":"https:\/\/cj.estrategia.com\/portal\/responsabilidade-ambiental\/#primaryimage"},"thumbnailUrl":"https:\/\/cj.estrategia.com\/portal\/wp-content\/uploads\/2023\/08\/02095258\/dano-ambiental.jpg","datePublished":"2023-08-31T11:00:00+00:00","description":"Confira neste artigo um resumo sobre Responsabilidade Ambiental, com foco em concursos jur\u00eddicos e chegue preparado na prova.","breadcrumb":{"@id":"https:\/\/cj.estrategia.com\/portal\/responsabilidade-ambiental\/#breadcrumb"},"inLanguage":"pt-BR","potentialAction":[{"@type":"ReadAction","target":["https:\/\/cj.estrategia.com\/portal\/responsabilidade-ambiental\/"]}]},{"@type":"ImageObject","inLanguage":"pt-BR","@id":"https:\/\/cj.estrategia.com\/portal\/responsabilidade-ambiental\/#primaryimage","url":"https:\/\/cj.estrategia.com\/portal\/wp-content\/uploads\/2023\/08\/02095258\/dano-ambiental.jpg","contentUrl":"https:\/\/cj.estrategia.com\/portal\/wp-content\/uploads\/2023\/08\/02095258\/dano-ambiental.jpg","width":870,"height":580},{"@type":"BreadcrumbList","@id":"https:\/\/cj.estrategia.com\/portal\/responsabilidade-ambiental\/#breadcrumb","itemListElement":[{"@type":"ListItem","position":1,"name":"In\u00edcio","item":"https:\/\/cj.estrategia.com\/portal\/"},{"@type":"ListItem","position":2,"name":"Responsabilidade Ambiental: Resumo"}]},{"@type":"WebSite","@id":"https:\/\/cj.estrategia.com\/portal\/#website","url":"https:\/\/cj.estrategia.com\/portal\/","name":"Blog - Carreiras Jur\u00eddicas - Estrat\u00e9gia","description":"","publisher":{"@id":"https:\/\/cj.estrategia.com\/portal\/#organization"},"potentialAction":[{"@type":"SearchAction","target":{"@type":"EntryPoint","urlTemplate":"https:\/\/cj.estrategia.com\/portal\/?s={search_term_string}"},"query-input":{"@type":"PropertyValueSpecification","valueRequired":true,"valueName":"search_term_string"}}],"inLanguage":"pt-BR"},{"@type":"Organization","@id":"https:\/\/cj.estrategia.com\/portal\/#organization","name":"Estrat\u00e9gia - Carreiras Jur\u00eddicas","url":"https:\/\/cj.estrategia.com\/portal\/","logo":{"@type":"ImageObject","inLanguage":"pt-BR","@id":"https:\/\/cj.estrategia.com\/portal\/#\/schema\/logo\/image\/","url":"https:\/\/cj.estrategia.com\/portal\/wp-content\/uploads\/2022\/03\/11151052\/cj-logo.png","contentUrl":"https:\/\/cj.estrategia.com\/portal\/wp-content\/uploads\/2022\/03\/11151052\/cj-logo.png","width":150,"height":39,"caption":"Estrat\u00e9gia - Carreiras Jur\u00eddicas"},"image":{"@id":"https:\/\/cj.estrategia.com\/portal\/#\/schema\/logo\/image\/"},"sameAs":["https:\/\/www.facebook.com\/estrategiacarreirajuridica\/","https:\/\/x.com\/EstratJuridica","https:\/\/www.instagram.com\/estrategiacarreirajuridica\/","https:\/\/www.youtube.com\/channel\/UClbMGuYbj2Mh1m3w144ETWQ"]},{"@type":"Person","@id":"https:\/\/cj.estrategia.com\/portal\/#\/schema\/person\/f52a354da476804d0d46daae7af1b848","name":"Marcela Neves Suonski Daronch","image":{"@type":"ImageObject","inLanguage":"pt-BR","@id":"https:\/\/cj.estrategia.com\/portal\/wp-content\/uploads\/2023\/06\/14185716\/Marcela-2-96x96.jpg","url":"https:\/\/cj.estrategia.com\/portal\/wp-content\/uploads\/2023\/06\/14185716\/Marcela-2-96x96.jpg","contentUrl":"https:\/\/cj.estrategia.com\/portal\/wp-content\/uploads\/2023\/06\/14185716\/Marcela-2-96x96.jpg","caption":"Marcela Neves Suonski Daronch"},"description":"Graduada em Direito. P\u00f3s-graduada em Investiga\u00e7\u00e3o Criminal e Legisla\u00e7\u00e3o Penal. P\u00f3s-graduada em Criminal\u00edstica, Cybercrimes e o Papel da Pol\u00edcia Judici\u00e1ria. P\u00f3s-graduanda em Direito P\u00fablico. P\u00f3s-Graduanda em Intelig\u00eancia Emocional e Psicologia Positiva. Aprovada no XXIX Exame da Ordem dos Advogados do Brasil (OAB). Aprovada e convocada para o Curso de Forma\u00e7\u00e3o Profissional do DEAP SC em 20\u00ba lugar (2019). Aprovada para o cargo de Escriv\u00e3o da PC MG (2021). Aprovada na fase objetiva do concurso de Delegado da PC SP (2023). Integra a equipe de Coaches do Estrat\u00e9gia Concursos desde 2020. Escritora de artigos para o blog do Estrat\u00e9gia concursos e Professora dos Bizus Estrat\u00e9gicos.","sameAs":["https:\/\/www.facebook.com\/amarcelaneves","https:\/\/www.instagram.com\/amarcelaneves","https:\/\/www.youtube.com\/@amarcelaneves"],"birthDate":"1996-08-05","gender":"feminino","knowsLanguage":["Ingl\u00eas"],"url":"https:\/\/cj.estrategia.com\/portal\/author\/marcela-nevessuonski\/"}]}},"jetpack_featured_media_url":"https:\/\/cj.estrategia.com\/portal\/wp-content\/uploads\/2023\/08\/02095258\/dano-ambiental.jpg","jetpack_sharing_enabled":true,"_links":{"self":[{"href":"https:\/\/cj.estrategia.com\/portal\/wp-json\/wp\/v2\/posts\/43199","targetHints":{"allow":["GET"]}}],"collection":[{"href":"https:\/\/cj.estrategia.com\/portal\/wp-json\/wp\/v2\/posts"}],"about":[{"href":"https:\/\/cj.estrategia.com\/portal\/wp-json\/wp\/v2\/types\/post"}],"author":[{"embeddable":true,"href":"https:\/\/cj.estrategia.com\/portal\/wp-json\/wp\/v2\/users\/44"}],"replies":[{"embeddable":true,"href":"https:\/\/cj.estrategia.com\/portal\/wp-json\/wp\/v2\/comments?post=43199"}],"version-history":[{"count":6,"href":"https:\/\/cj.estrategia.com\/portal\/wp-json\/wp\/v2\/posts\/43199\/revisions"}],"predecessor-version":[{"id":43981,"href":"https:\/\/cj.estrategia.com\/portal\/wp-json\/wp\/v2\/posts\/43199\/revisions\/43981"}],"wp:featuredmedia":[{"embeddable":true,"href":"https:\/\/cj.estrategia.com\/portal\/wp-json\/wp\/v2\/media\/43202"}],"wp:attachment":[{"href":"https:\/\/cj.estrategia.com\/portal\/wp-json\/wp\/v2\/media?parent=43199"}],"wp:term":[{"taxonomy":"category","embeddable":true,"href":"https:\/\/cj.estrategia.com\/portal\/wp-json\/wp\/v2\/categories?post=43199"},{"taxonomy":"post_tag","embeddable":true,"href":"https:\/\/cj.estrategia.com\/portal\/wp-json\/wp\/v2\/tags?post=43199"},{"taxonomy":"tax_estado","embeddable":true,"href":"https:\/\/cj.estrategia.com\/portal\/wp-json\/wp\/v2\/tax_estado?post=43199"}],"curies":[{"name":"wp","href":"https:\/\/api.w.org\/{rel}","templated":true}]}}