{"id":42956,"date":"2024-09-12T06:19:00","date_gmt":"2024-09-12T09:19:00","guid":{"rendered":"https:\/\/cj.estrategia.com\/portal\/?p=42956"},"modified":"2024-09-12T06:22:34","modified_gmt":"2024-09-12T09:22:34","slug":"concurso-procurador-camara-de-cubatao-sp","status":"publish","type":"post","link":"https:\/\/cj.estrategia.com\/portal\/concurso-procurador-camara-de-cubatao-sp\/","title":{"rendered":"Concurso Procurador C\u00e2mara de Cubat\u00e3o SP: cargo \u00e9 exclu\u00eddo do edital"},"content":{"rendered":"\n<p>A <strong><a href=\"https:\/\/cj.estrategia.com\/curso\/assinaturaprocuradorias-1-ano\/\">C\u00e2mara Municipal de Cubat\u00e3o<\/a>, <\/strong>no estado de S\u00e3o Paulo, <strong>retirou<\/strong> do certame o cargo de procurador jur\u00eddico legislativo. <\/p>\n\n\n\n<p>De acordo com o comunicado, o per\u00edodo de <strong>Solicita\u00e7\u00e3o de Reembolso da Taxa de Inscri\u00e7\u00e3o<\/strong> ser\u00e1 do dia <strong>11 de setembro de 2024 at\u00e9 as 17h00 do dia 24 de setembro de 2024<\/strong>, observado o Hor\u00e1rio Oficial de Bras\u00edlia\/DF, atrav\u00e9s do e-mail devolucao@institutomais.org.br.<\/p>\n\n\n\n<p>O e-mail deve ser conter as seguintes informa\u00e7\u00f5es: <\/p>\n\n\n\n<ul class=\"wp-block-list\">\n<li>Nome completo do candidato;<\/li>\n\n\n\n<li>N\u00famero do CPF do candidato;<\/li>\n\n\n\n<li>Cargo: PROCURADOR JUR\u00cdDICO LEGISLATIVO;<\/li>\n\n\n\n<li>Boleto Banc\u00e1rio e Comprovante de Pagamento do respectivo Boleto Banc\u00e1rio com data de pagamento at\u00e9 o dia 12 de setembro de 2023;<\/li>\n\n\n\n<li>Dados banc\u00e1rios do candidato, constando:<br>o Nome da institui\u00e7\u00e3o banc\u00e1ria; e<br>o C\u00f3digo da Chave PIX (com indica\u00e7\u00e3o de ser: CPF, celular, e-mail ou chave aleat\u00f3ria)<\/li>\n<\/ul>\n\n\n\n<p>O prazo para devolu\u00e7\u00e3o da taxa de inscri\u00e7\u00e3o ser\u00e1 de at\u00e9 15 (quinze) dias \u00fateis contados do t\u00e9rmino do per\u00edodo de Solicita\u00e7\u00e3o de Reembolso da Taxa de Inscri\u00e7\u00e3o. <\/p>\n\n\n\n<ul class=\"wp-block-list\">\n<li><a href=\"https:\/\/cj.estrategia.com\/portal\/wp-content\/uploads\/2024\/09\/12062108\/Comunicado-no-05-%E2%80%93-Exclusao-do-Cargo-de-Procurador_Devolucao-da-Taxa-de-Inscricao-1.pdf\">Confira aqui<\/a> a decis\u00e3o de retirar o cargo de Procurador do concurso!<\/li>\n<\/ul>\n\n\n\n<ul id=\"block-ee678516-e9d1-48bd-b327-7b9acd55f0fd\" class=\"has-very-light-gray-to-cyan-bluish-gray-gradient-background has-background wp-block-list\">\n<li><strong>Concurso Procurador C\u00e2mara de Cubat\u00e3o SP<\/strong><\/li>\n\n\n\n<li><strong>Status:<\/strong>\u00a0cargo exclu\u00eddo do edital<\/li>\n\n\n\n<li><strong>Banca:\u00a0<\/strong><a href=\"https:\/\/www.institutomais.org.br\/Concursos\/Detalhe\/488\">Instituto Mais<\/a><\/li>\n\n\n\n<li><strong>Vagas:\u00a0<\/strong>1<\/li>\n\n\n\n<li><strong>Sal\u00e1rio inicial:<\/strong>\u00a0R$ 16.184,29<\/li>\n\n\n\n<li><a href=\"https:\/\/cj.estrategia.com\/portal\/wp-content\/uploads\/2023\/07\/28141850\/Edital-de-Abertura-01-2023-%E2%80%93-27-08-1.pdf\" target=\"_blank\" >Edital 2023<\/a> \/ <a href=\"https:\/\/cj.estrategia.com\/portal\/wp-content\/uploads\/2024\/09\/07082043\/concurso-camara-cubatao-sp-reabertura-edital-1-2023.pdf\">Edital republica\u00e7\u00e3o (2024)<\/a><\/li>\n<\/ul>\n\n\n\n<ul class=\"wp-block-list\">\n<li><a href=\"#atual\">Situa\u00e7\u00e3o atual<\/a><\/li>\n\n\n\n<li><a href=\"#carreira\">Carreira<\/a>\n<ul class=\"wp-block-list\">\n<li><a href=\"#cargo\">Cargos e Vagas<\/a><\/li>\n\n\n\n<li><a href=\"#salario\">Remunera\u00e7\u00e3o<\/a><\/li>\n\n\n\n<li><a href=\"#requisito\">Requisitos<\/a><\/li>\n<\/ul>\n<\/li>\n\n\n\n<li><a href=\"#etapa\">Etapas<\/a><\/li>\n\n\n\n<li><a href=\"#curso\">Cursos e Assinaturas<\/a><\/li>\n\n\n\n<li><a href=\"#ficha\">Ficha T\u00e9cnica<\/a><\/li>\n<\/ul>\n\n\n\n<h2 class=\"wp-block-heading\" id=\"atual\"><span id=\"concurso-procurador-camara-de-cubatao-sp-situacao-atual\">Concurso Procurador C\u00e2mara de Cubat\u00e3o SP: situa\u00e7\u00e3o atual<\/span><\/h2>\n\n\n\n<p class=\"has-medium-font-size\"><strong>Principais datas<\/strong><\/p>\n\n\n\n<p class=\"has-very-light-gray-to-cyan-bluish-gray-gradient-background has-background\"><strong>Inscri\u00e7\u00e3o: <s>07\/08 a 11\/09\/2023<\/s> \/ 9 a 24 de setembro de 2024<br>Taxa: R$ 82,50<br>Prova: <s>13\/10\/2024<\/s><\/strong><\/p>\n\n\n\n<h2 class=\"wp-block-heading\" id=\"carreira\"><span id=\"concurso-procurador-camara-de-cubatao-sp-carreira\">Concurso Procurador C\u00e2mara de Cubat\u00e3o SP: carreira<\/span><\/h2>\n\n\n\n<h3 class=\"wp-block-heading\" id=\"cargo\"><span id=\"cargos-e-vagas\">Cargos e Vagas<\/span><\/h3>\n\n\n\n<p>PROCURADOR JUR\u00cdDICO LEGISLATIVO \u2013 1 vaga<\/p>\n\n\n\n<h3 class=\"wp-block-heading\" id=\"salario\"><span id=\"remuneracao\">Remunera\u00e7\u00e3o<\/span><\/h3>\n\n\n\n<p>PROCURADOR JUR\u00cdDICO LEGISLATIVO \u2013 R$ 16.184,29<\/p>\n\n\n\n<h3 class=\"wp-block-heading\" id=\"requisito\"><span id=\"requisitos\">Requisitos<\/span><\/h3>\n\n\n\n<p>Gradua\u00e7\u00e3o em N\u00edvel Superior em Direito com inscri\u00e7\u00e3o definitiva na OAB.<\/p>\n\n\n\n<h3 id=\"atribuicoes\" class=\"wp-block-heading\">Atribui\u00e7\u00f5es<\/h3>\n\n\n<div class=\"wp-block-image\">\n<figure class=\"aligncenter size-large is-resized\"><img decoding=\"async\" width=\"1024\" height=\"245\" src=\"https:\/\/cj.estrategia.com\/portal\/wp-content\/uploads\/2023\/07\/28141620\/image-26-1024x245.png\" alt=\"\" class=\"wp-image-42975\" style=\"aspect-ratio:4.1938775510204085;width:696px;height:auto\" srcset=\"https:\/\/cj.estrategia.com\/portal\/wp-content\/uploads\/2023\/07\/28141620\/image-26-1024x245.png 1024w, https:\/\/cj.estrategia.com\/portal\/wp-content\/uploads\/2023\/07\/28141620\/image-26-300x72.png 300w, https:\/\/cj.estrategia.com\/portal\/wp-content\/uploads\/2023\/07\/28141620\/image-26-768x183.png 768w, https:\/\/cj.estrategia.com\/portal\/wp-content\/uploads\/2023\/07\/28141620\/image-26-380x91.png 380w, https:\/\/cj.estrategia.com\/portal\/wp-content\/uploads\/2023\/07\/28141620\/image-26-800x191.png 800w, https:\/\/cj.estrategia.com\/portal\/wp-content\/uploads\/2023\/07\/28141620\/image-26-150x36.png 150w, https:\/\/cj.estrategia.com\/portal\/wp-content\/uploads\/2023\/07\/28141620\/image-26.png 1160w\" sizes=\"(max-width: 1024px) 100vw, 1024px\" \/><\/figure>\n<\/div>\n\n\n<h2 class=\"wp-block-heading\" id=\"etapa\"><span id=\"concurso-procurador-camara-de-cubatao-sp-etapas\">Concurso Procurador C\u00e2mara de Cubat\u00e3o SP: etapas<\/span><\/h2>\n\n\n\n<h3 id=\"prova-objetiva\" class=\"wp-block-heading\">Prova Objetiva<\/h3>\n\n\n\n<p>L\u00edngua Portuguesa \u2013 5 quest\u00f5es<br>Conhecimentos B\u00e1sicos de Legisla\u00e7\u00e3o Municipal e Interna \u2013 5 quest\u00f5es<\/p>\n\n\n\n<p><br><strong>Conhecimentos Espec\u00edficos<\/strong><br>Direito Administrativo \u2013 8 quest\u00f5es<br>Direito Constitucional \u2013 8 quest\u00f5es<br>Direito Tribut\u00e1rio \u2013 5 quest\u00f5es<br>Direito Civil \u2013 5 quest\u00f5es<br>Direito Processual Civil \u2013 5 quest\u00f5es<br>Direito Eleitoral \u2013 5 quest\u00f5es<br>Direito do Trabalho e Processual do Trabalho \u2013 4 quest\u00f5es<\/p>\n\n\n\n<h3 id=\"pratico-profissional\" class=\"wp-block-heading\">Pr\u00e1tico-Profissional<\/h3>\n\n\n\n<p>A Prova Pr\u00e1tico-Profissional para o Cargo de PROCURADOR JUR\u00cdDICO LEGISLATIVO, de car\u00e1ter eliminat\u00f3rio e classificat\u00f3rio. <\/p>\n\n\n\n<p>Seria composta de 01 Parecer Jur\u00eddico, que deveria conter no m\u00e1ximo 150 (cento e cinquenta) linhas, que versar\u00e1 sobre o Conte\u00fado de Conhecimentos Espec\u00edficos, constante no Edital.<\/p>\n\n\n\n<p>O Parecer Jur\u00eddico valeria no total 100 (cem) pontos e ser\u00e1 avaliado conforme a seguir:<\/p>\n\n\n\n<p class=\"has-pale-cyan-blue-background-color has-background\"><strong>a) adequada abordagem dos temas requisitados e obrigat\u00f3rios \u2013 de 0 (zero) a 30 (trinta) pontos;<br>b) grau de conhecimento ao tema demonstrado \u2013 de 0 (zero) a 30 (trinta) pontos;<br>c) uso e precis\u00e3o adequados da linguagem jur\u00eddica \u2013 de 0 (zero) a 20 (vinte) pontos;<br>d) flu\u00eancia e coer\u00eancia da exposi\u00e7\u00e3o da prova \u2013 de 0 (zero) a 15 (quinze) pontos; e<br>e) uso adequado da norma-padr\u00e3o da L\u00edngua Portuguesa \u2013 de 0 (zero) a 05 (cinco) pontos.<\/strong><\/p>\n\n\n\n<p>Seria considerado habilitado na Prova Pr\u00e1tico-Profissional (Parecer Jur\u00eddico) o candidato que obtivesse nota igual ou superior 50 (cinquenta) pontos.<\/p>\n\n\n\n<h3 id=\"prova-de-titulos\" class=\"wp-block-heading\">Prova de T\u00edtulos<\/h3>\n\n\n<div class=\"wp-block-image\">\n<figure class=\"aligncenter size-large is-resized\"><img decoding=\"async\" width=\"1024\" height=\"387\" src=\"https:\/\/cj.estrategia.com\/portal\/wp-content\/uploads\/2024\/09\/07082010\/image-3-2-1024x387.png\" alt=\"\" class=\"wp-image-74914\" style=\"width:712px;height:auto\" srcset=\"https:\/\/cj.estrategia.com\/portal\/wp-content\/uploads\/2024\/09\/07082010\/image-3-2-1024x387.png 1024w, https:\/\/cj.estrategia.com\/portal\/wp-content\/uploads\/2024\/09\/07082010\/image-3-2-300x113.png 300w, https:\/\/cj.estrategia.com\/portal\/wp-content\/uploads\/2024\/09\/07082010\/image-3-2-768x290.png 768w, https:\/\/cj.estrategia.com\/portal\/wp-content\/uploads\/2024\/09\/07082010\/image-3-2-380x144.png 380w, https:\/\/cj.estrategia.com\/portal\/wp-content\/uploads\/2024\/09\/07082010\/image-3-2-800x303.png 800w, https:\/\/cj.estrategia.com\/portal\/wp-content\/uploads\/2024\/09\/07082010\/image-3-2-1160x439.png 1160w, https:\/\/cj.estrategia.com\/portal\/wp-content\/uploads\/2024\/09\/07082010\/image-3-2-150x57.png 150w, https:\/\/cj.estrategia.com\/portal\/wp-content\/uploads\/2024\/09\/07082010\/image-3-2.png 1166w\" sizes=\"(max-width: 1024px) 100vw, 1024px\" \/><\/figure>\n<\/div>\n\n\n<h2 class=\"wp-block-heading has-text-align-center\" id=\"curso\"><span id=\"cursos-para-concursos-de-procuradorias\"><em><strong>Cursos para concursos de Procuradorias<\/strong><\/em><\/span><\/h2>\n\n\n\n\n\n<div class=\"container\" id=\"boxes\">\n  <div class=\"row\">\n\n    <div class=\"col-sm\">\n      <div class=\"banner-estrategia-concursos-juridicos\" id=\"box-assinatura\">\n        <h3 id=\"curso-para-procuradorias\" class=\"titulo-assinatura\">Curso para Procuradorias <\/h3>\n        <p class=\"subtitulo-assinatura\">Cursos focados no edital do concurso<\/p>\n        <div class=\"box-botao\">\n          <a class=\"btn-assinatura-juridica\" target=\"_blank\" href=\"https:\/\/cj.estrategia.com\/cursos\/cursos-para-procurador\/?id=71f45202-d91c-45dc-af95-1bc2fc206292&utm_source=blog&utm_medium=artigo_pagina&utm_campaign=procurador_categoria_usp_banner\" rel=\"noopener\">Conhe\u00e7a mais<\/a>\n        <\/div>\n      <\/div>\n      <p class=\"texto-auxiliar\">Prepare-se com o melhor material e com quem mais aprova em concursos de Procuradorias em todo o pa\u00eds. \n<\/p>\n    <\/div>\n\n  <\/div>\n<\/div>\n\n\n\n<figure class=\"wp-block-image size-large is-resized\"><img decoding=\"async\" src=\"https:\/\/dhg1h5j42swfq.cloudfront.net\/2021\/04\/19202624\/ficha-tecnica-1-1024x632-1-3.png\" alt=\"Ficha t\u00e9cnica do concurso Delegado ES\" class=\"wp-image-717343\" style=\"width:246px;height:152px\"\/><\/figure>\n\n\n\n<h4 class=\"wp-block-heading\" id=\"ficha\"><span id=\"informacoes-do-concurso-procurador-camara-de-cubatao-sp\">Informa\u00e7\u00f5es do Concurso Procurador C\u00e2mara de Cubat\u00e3o SP<\/span><\/h4>\n\n\n\n<p>\u25ba<strong>Vagas<\/strong>: 1<br>\u25ba<strong>Cargos<\/strong>: Procurador Jur\u00eddico Legislativo<br>\u25ba<strong>Lota\u00e7\u00f5es<\/strong>: Cubat\u00e3o <br>\u25ba<strong>Banca<\/strong>: Instituto Mais<br>\u25ba<strong>Escolaridade<\/strong>: N\u00edvel Superior em Direito + OAB<\/p>\n\n\n\n<p><\/p>\n\n\n\n<p><\/p>\n\n\n\n<p><\/p>\n\n\n\n<p><\/p>\n\n\n\n<p><\/p>\n\n\n\n<p><\/p>\n\n\n\n<p><\/p>\n","protected":false},"excerpt":{"rendered":"A C\u00e2mara Municipal de Cubat\u00e3o, no estado de S\u00e3o Paulo, retirou do certame o cargo de procurador jur\u00eddico&hellip;\n","protected":false},"author":12,"featured_media":20782,"comment_status":"open","ping_status":"open","sticky":false,"template":"","format":"standard","meta":{"_jetpack_memberships_contains_paid_content":false,"footnotes":""},"categories":[24],"tags":[],"tax_estado":[56],"class_list":{"0":"post-42956","1":"post","2":"type-post","3":"status-publish","4":"format-standard","5":"has-post-thumbnail","7":"category-procuradoria","8":"tax_estado-sp"},"acf":[],"yoast_head":"<!-- This site is optimized with the Yoast SEO Premium plugin v27.5 (Yoast SEO v27.5) - https:\/\/yoast.com\/product\/yoast-seo-premium-wordpress\/ -->\n<title>Concurso Procurador C\u00e2mara de Cubat\u00e3o SP: cargo \u00e9 exclu\u00eddo do edital<\/title>\n<meta name=\"description\" content=\"Concurso C\u00e2mara de Cubat\u00e3o SP excluiu o cargo de Procurador do certame. Saiba mais informa\u00e7\u00f5es neste artigo!\" \/>\n<meta name=\"robots\" content=\"index, follow, max-snippet:-1, max-image-preview:large, max-video-preview:-1\" \/>\n<link rel=\"canonical\" href=\"https:\/\/cj.estrategia.com\/portal\/concurso-procurador-camara-de-cubatao-sp\/\" \/>\n<meta property=\"og:locale\" content=\"pt_BR\" \/>\n<meta property=\"og:type\" content=\"article\" \/>\n<meta property=\"og:title\" content=\"Concurso Procurador C\u00e2mara de Cubat\u00e3o SP: cargo \u00e9 exclu\u00eddo do edital\" \/>\n<meta property=\"og:description\" content=\"Concurso C\u00e2mara de Cubat\u00e3o SP excluiu o cargo de Procurador do certame. Saiba mais informa\u00e7\u00f5es neste artigo!\" \/>\n<meta property=\"og:url\" content=\"https:\/\/cj.estrategia.com\/portal\/concurso-procurador-camara-de-cubatao-sp\/\" \/>\n<meta property=\"og:site_name\" content=\"Blog - Carreiras Jur\u00eddicas - Estrat\u00e9gia\" \/>\n<meta property=\"article:publisher\" content=\"https:\/\/www.facebook.com\/estrategiacarreirajuridica\/\" \/>\n<meta property=\"article:published_time\" content=\"2024-09-12T09:19:00+00:00\" \/>\n<meta property=\"article:modified_time\" content=\"2024-09-12T09:22:34+00:00\" \/>\n<meta property=\"og:image\" content=\"https:\/\/cj.estrategia.com\/portal\/wp-content\/uploads\/2022\/09\/04102635\/Concursos-Procuradorias.jpg\" \/>\n\t<meta property=\"og:image:width\" content=\"768\" \/>\n\t<meta property=\"og:image:height\" content=\"432\" \/>\n\t<meta property=\"og:image:type\" content=\"image\/jpeg\" \/>\n<meta name=\"author\" content=\"Coordena\u00e7\u00e3o\" \/>\n<meta name=\"twitter:card\" content=\"summary_large_image\" \/>\n<meta name=\"twitter:creator\" content=\"@EstratJuridica\" \/>\n<meta name=\"twitter:site\" content=\"@EstratJuridica\" \/>\n<meta name=\"twitter:label1\" content=\"Escrito por\" \/>\n\t<meta name=\"twitter:data1\" content=\"Coordena\u00e7\u00e3o\" \/>\n\t<meta name=\"twitter:label2\" content=\"Est. tempo de leitura\" \/>\n\t<meta name=\"twitter:data2\" content=\"5 minutos\" \/>\n<script type=\"application\/ld+json\" class=\"yoast-schema-graph\">{\"@context\":\"https:\\\/\\\/schema.org\",\"@graph\":[{\"@type\":\"NewsArticle\",\"@id\":\"https:\\\/\\\/cj.estrategia.com\\\/portal\\\/concurso-procurador-camara-de-cubatao-sp\\\/#article\",\"isPartOf\":{\"@id\":\"https:\\\/\\\/cj.estrategia.com\\\/portal\\\/concurso-procurador-camara-de-cubatao-sp\\\/\"},\"author\":{\"name\":\"Coordena\u00e7\u00e3o\",\"@id\":\"https:\\\/\\\/cj.estrategia.com\\\/portal\\\/#\\\/schema\\\/person\\\/4d70317d31449932b99102916b6637f5\"},\"headline\":\"Concurso Procurador C\u00e2mara de Cubat\u00e3o SP: cargo \u00e9 exclu\u00eddo do edital\",\"datePublished\":\"2024-09-12T09:19:00+00:00\",\"dateModified\":\"2024-09-12T09:22:34+00:00\",\"mainEntityOfPage\":{\"@id\":\"https:\\\/\\\/cj.estrategia.com\\\/portal\\\/concurso-procurador-camara-de-cubatao-sp\\\/\"},\"wordCount\":616,\"commentCount\":0,\"publisher\":{\"@id\":\"https:\\\/\\\/cj.estrategia.com\\\/portal\\\/#organization\"},\"image\":{\"@id\":\"https:\\\/\\\/cj.estrategia.com\\\/portal\\\/concurso-procurador-camara-de-cubatao-sp\\\/#primaryimage\"},\"thumbnailUrl\":\"https:\\\/\\\/cj.estrategia.com\\\/portal\\\/wp-content\\\/uploads\\\/2022\\\/09\\\/04102635\\\/Concursos-Procuradorias.jpg\",\"articleSection\":[\"Procuradoria\"],\"inLanguage\":\"pt-BR\",\"potentialAction\":[{\"@type\":\"CommentAction\",\"name\":\"Comment\",\"target\":[\"https:\\\/\\\/cj.estrategia.com\\\/portal\\\/concurso-procurador-camara-de-cubatao-sp\\\/#respond\"]}]},{\"@type\":\"WebPage\",\"@id\":\"https:\\\/\\\/cj.estrategia.com\\\/portal\\\/concurso-procurador-camara-de-cubatao-sp\\\/\",\"url\":\"https:\\\/\\\/cj.estrategia.com\\\/portal\\\/concurso-procurador-camara-de-cubatao-sp\\\/\",\"name\":\"Concurso Procurador C\u00e2mara de Cubat\u00e3o SP: cargo \u00e9 exclu\u00eddo do edital\",\"isPartOf\":{\"@id\":\"https:\\\/\\\/cj.estrategia.com\\\/portal\\\/#website\"},\"primaryImageOfPage\":{\"@id\":\"https:\\\/\\\/cj.estrategia.com\\\/portal\\\/concurso-procurador-camara-de-cubatao-sp\\\/#primaryimage\"},\"image\":{\"@id\":\"https:\\\/\\\/cj.estrategia.com\\\/portal\\\/concurso-procurador-camara-de-cubatao-sp\\\/#primaryimage\"},\"thumbnailUrl\":\"https:\\\/\\\/cj.estrategia.com\\\/portal\\\/wp-content\\\/uploads\\\/2022\\\/09\\\/04102635\\\/Concursos-Procuradorias.jpg\",\"datePublished\":\"2024-09-12T09:19:00+00:00\",\"dateModified\":\"2024-09-12T09:22:34+00:00\",\"description\":\"Concurso C\u00e2mara de Cubat\u00e3o SP excluiu o cargo de Procurador do certame. Saiba mais informa\u00e7\u00f5es neste artigo!\",\"breadcrumb\":{\"@id\":\"https:\\\/\\\/cj.estrategia.com\\\/portal\\\/concurso-procurador-camara-de-cubatao-sp\\\/#breadcrumb\"},\"inLanguage\":\"pt-BR\",\"potentialAction\":[{\"@type\":\"ReadAction\",\"target\":[\"https:\\\/\\\/cj.estrategia.com\\\/portal\\\/concurso-procurador-camara-de-cubatao-sp\\\/\"]}]},{\"@type\":\"ImageObject\",\"inLanguage\":\"pt-BR\",\"@id\":\"https:\\\/\\\/cj.estrategia.com\\\/portal\\\/concurso-procurador-camara-de-cubatao-sp\\\/#primaryimage\",\"url\":\"https:\\\/\\\/cj.estrategia.com\\\/portal\\\/wp-content\\\/uploads\\\/2022\\\/09\\\/04102635\\\/Concursos-Procuradorias.jpg\",\"contentUrl\":\"https:\\\/\\\/cj.estrategia.com\\\/portal\\\/wp-content\\\/uploads\\\/2022\\\/09\\\/04102635\\\/Concursos-Procuradorias.jpg\",\"width\":768,\"height\":432,\"caption\":\"Concurso de procuradorias\"},{\"@type\":\"BreadcrumbList\",\"@id\":\"https:\\\/\\\/cj.estrategia.com\\\/portal\\\/concurso-procurador-camara-de-cubatao-sp\\\/#breadcrumb\",\"itemListElement\":[{\"@type\":\"ListItem\",\"position\":1,\"name\":\"In\u00edcio\",\"item\":\"https:\\\/\\\/cj.estrategia.com\\\/portal\\\/\"},{\"@type\":\"ListItem\",\"position\":2,\"name\":\"Concurso Procurador C\u00e2mara de Cubat\u00e3o SP: cargo \u00e9 exclu\u00eddo do edital\"}]},{\"@type\":\"WebSite\",\"@id\":\"https:\\\/\\\/cj.estrategia.com\\\/portal\\\/#website\",\"url\":\"https:\\\/\\\/cj.estrategia.com\\\/portal\\\/\",\"name\":\"Blog - Carreiras Jur\u00eddicas - Estrat\u00e9gia\",\"description\":\"\",\"publisher\":{\"@id\":\"https:\\\/\\\/cj.estrategia.com\\\/portal\\\/#organization\"},\"potentialAction\":[{\"@type\":\"SearchAction\",\"target\":{\"@type\":\"EntryPoint\",\"urlTemplate\":\"https:\\\/\\\/cj.estrategia.com\\\/portal\\\/?s={search_term_string}\"},\"query-input\":{\"@type\":\"PropertyValueSpecification\",\"valueRequired\":true,\"valueName\":\"search_term_string\"}}],\"inLanguage\":\"pt-BR\"},{\"@type\":\"Organization\",\"@id\":\"https:\\\/\\\/cj.estrategia.com\\\/portal\\\/#organization\",\"name\":\"Estrat\u00e9gia - Carreiras Jur\u00eddicas\",\"url\":\"https:\\\/\\\/cj.estrategia.com\\\/portal\\\/\",\"logo\":{\"@type\":\"ImageObject\",\"inLanguage\":\"pt-BR\",\"@id\":\"https:\\\/\\\/cj.estrategia.com\\\/portal\\\/#\\\/schema\\\/logo\\\/image\\\/\",\"url\":\"https:\\\/\\\/cj.estrategia.com\\\/portal\\\/wp-content\\\/uploads\\\/2022\\\/03\\\/11151052\\\/cj-logo.png\",\"contentUrl\":\"https:\\\/\\\/cj.estrategia.com\\\/portal\\\/wp-content\\\/uploads\\\/2022\\\/03\\\/11151052\\\/cj-logo.png\",\"width\":150,\"height\":39,\"caption\":\"Estrat\u00e9gia - Carreiras Jur\u00eddicas\"},\"image\":{\"@id\":\"https:\\\/\\\/cj.estrategia.com\\\/portal\\\/#\\\/schema\\\/logo\\\/image\\\/\"},\"sameAs\":[\"https:\\\/\\\/www.facebook.com\\\/estrategiacarreirajuridica\\\/\",\"https:\\\/\\\/x.com\\\/EstratJuridica\",\"https:\\\/\\\/www.instagram.com\\\/estrategiacarreirajuridica\\\/\",\"https:\\\/\\\/www.youtube.com\\\/channel\\\/UClbMGuYbj2Mh1m3w144ETWQ\"]},{\"@type\":\"Person\",\"@id\":\"https:\\\/\\\/cj.estrategia.com\\\/portal\\\/#\\\/schema\\\/person\\\/4d70317d31449932b99102916b6637f5\",\"name\":\"Coordena\u00e7\u00e3o\",\"image\":{\"@type\":\"ImageObject\",\"inLanguage\":\"pt-BR\",\"@id\":\"https:\\\/\\\/cj.estrategia.com\\\/portal\\\/wp-content\\\/uploads\\\/2022\\\/05\\\/12164923\\\/estrategia-carreira-juridica-coordenacao-96x96.png\",\"url\":\"https:\\\/\\\/cj.estrategia.com\\\/portal\\\/wp-content\\\/uploads\\\/2022\\\/05\\\/12164923\\\/estrategia-carreira-juridica-coordenacao-96x96.png\",\"contentUrl\":\"https:\\\/\\\/cj.estrategia.com\\\/portal\\\/wp-content\\\/uploads\\\/2022\\\/05\\\/12164923\\\/estrategia-carreira-juridica-coordenacao-96x96.png\",\"caption\":\"Coordena\u00e7\u00e3o\"},\"url\":\"https:\\\/\\\/cj.estrategia.com\\\/portal\\\/author\\\/coordenacao\\\/\"}]}<\/script>\n<!-- \/ Yoast SEO Premium plugin. -->","yoast_head_json":{"title":"Concurso Procurador C\u00e2mara de Cubat\u00e3o SP: cargo \u00e9 exclu\u00eddo do edital","description":"Concurso C\u00e2mara de Cubat\u00e3o SP excluiu o cargo de Procurador do certame. Saiba mais informa\u00e7\u00f5es neste artigo!","robots":{"index":"index","follow":"follow","max-snippet":"max-snippet:-1","max-image-preview":"max-image-preview:large","max-video-preview":"max-video-preview:-1"},"canonical":"https:\/\/cj.estrategia.com\/portal\/concurso-procurador-camara-de-cubatao-sp\/","og_locale":"pt_BR","og_type":"article","og_title":"Concurso Procurador C\u00e2mara de Cubat\u00e3o SP: cargo \u00e9 exclu\u00eddo do edital","og_description":"Concurso C\u00e2mara de Cubat\u00e3o SP excluiu o cargo de Procurador do certame. Saiba mais informa\u00e7\u00f5es neste artigo!","og_url":"https:\/\/cj.estrategia.com\/portal\/concurso-procurador-camara-de-cubatao-sp\/","og_site_name":"Blog - Carreiras Jur\u00eddicas - Estrat\u00e9gia","article_publisher":"https:\/\/www.facebook.com\/estrategiacarreirajuridica\/","article_published_time":"2024-09-12T09:19:00+00:00","article_modified_time":"2024-09-12T09:22:34+00:00","og_image":[{"width":768,"height":432,"url":"https:\/\/cj.estrategia.com\/portal\/wp-content\/uploads\/2022\/09\/04102635\/Concursos-Procuradorias.jpg","type":"image\/jpeg"}],"author":"Coordena\u00e7\u00e3o","twitter_card":"summary_large_image","twitter_creator":"@EstratJuridica","twitter_site":"@EstratJuridica","twitter_misc":{"Escrito por":"Coordena\u00e7\u00e3o","Est. tempo de leitura":"5 minutos"},"schema":{"@context":"https:\/\/schema.org","@graph":[{"@type":"NewsArticle","@id":"https:\/\/cj.estrategia.com\/portal\/concurso-procurador-camara-de-cubatao-sp\/#article","isPartOf":{"@id":"https:\/\/cj.estrategia.com\/portal\/concurso-procurador-camara-de-cubatao-sp\/"},"author":{"name":"Coordena\u00e7\u00e3o","@id":"https:\/\/cj.estrategia.com\/portal\/#\/schema\/person\/4d70317d31449932b99102916b6637f5"},"headline":"Concurso Procurador C\u00e2mara de Cubat\u00e3o SP: cargo \u00e9 exclu\u00eddo do edital","datePublished":"2024-09-12T09:19:00+00:00","dateModified":"2024-09-12T09:22:34+00:00","mainEntityOfPage":{"@id":"https:\/\/cj.estrategia.com\/portal\/concurso-procurador-camara-de-cubatao-sp\/"},"wordCount":616,"commentCount":0,"publisher":{"@id":"https:\/\/cj.estrategia.com\/portal\/#organization"},"image":{"@id":"https:\/\/cj.estrategia.com\/portal\/concurso-procurador-camara-de-cubatao-sp\/#primaryimage"},"thumbnailUrl":"https:\/\/cj.estrategia.com\/portal\/wp-content\/uploads\/2022\/09\/04102635\/Concursos-Procuradorias.jpg","articleSection":["Procuradoria"],"inLanguage":"pt-BR","potentialAction":[{"@type":"CommentAction","name":"Comment","target":["https:\/\/cj.estrategia.com\/portal\/concurso-procurador-camara-de-cubatao-sp\/#respond"]}]},{"@type":"WebPage","@id":"https:\/\/cj.estrategia.com\/portal\/concurso-procurador-camara-de-cubatao-sp\/","url":"https:\/\/cj.estrategia.com\/portal\/concurso-procurador-camara-de-cubatao-sp\/","name":"Concurso Procurador C\u00e2mara de Cubat\u00e3o SP: cargo \u00e9 exclu\u00eddo do edital","isPartOf":{"@id":"https:\/\/cj.estrategia.com\/portal\/#website"},"primaryImageOfPage":{"@id":"https:\/\/cj.estrategia.com\/portal\/concurso-procurador-camara-de-cubatao-sp\/#primaryimage"},"image":{"@id":"https:\/\/cj.estrategia.com\/portal\/concurso-procurador-camara-de-cubatao-sp\/#primaryimage"},"thumbnailUrl":"https:\/\/cj.estrategia.com\/portal\/wp-content\/uploads\/2022\/09\/04102635\/Concursos-Procuradorias.jpg","datePublished":"2024-09-12T09:19:00+00:00","dateModified":"2024-09-12T09:22:34+00:00","description":"Concurso C\u00e2mara de Cubat\u00e3o SP excluiu o cargo de Procurador do certame. Saiba mais informa\u00e7\u00f5es neste artigo!","breadcrumb":{"@id":"https:\/\/cj.estrategia.com\/portal\/concurso-procurador-camara-de-cubatao-sp\/#breadcrumb"},"inLanguage":"pt-BR","potentialAction":[{"@type":"ReadAction","target":["https:\/\/cj.estrategia.com\/portal\/concurso-procurador-camara-de-cubatao-sp\/"]}]},{"@type":"ImageObject","inLanguage":"pt-BR","@id":"https:\/\/cj.estrategia.com\/portal\/concurso-procurador-camara-de-cubatao-sp\/#primaryimage","url":"https:\/\/cj.estrategia.com\/portal\/wp-content\/uploads\/2022\/09\/04102635\/Concursos-Procuradorias.jpg","contentUrl":"https:\/\/cj.estrategia.com\/portal\/wp-content\/uploads\/2022\/09\/04102635\/Concursos-Procuradorias.jpg","width":768,"height":432,"caption":"Concurso de procuradorias"},{"@type":"BreadcrumbList","@id":"https:\/\/cj.estrategia.com\/portal\/concurso-procurador-camara-de-cubatao-sp\/#breadcrumb","itemListElement":[{"@type":"ListItem","position":1,"name":"In\u00edcio","item":"https:\/\/cj.estrategia.com\/portal\/"},{"@type":"ListItem","position":2,"name":"Concurso Procurador C\u00e2mara de Cubat\u00e3o SP: cargo \u00e9 exclu\u00eddo do edital"}]},{"@type":"WebSite","@id":"https:\/\/cj.estrategia.com\/portal\/#website","url":"https:\/\/cj.estrategia.com\/portal\/","name":"Blog - Carreiras Jur\u00eddicas - Estrat\u00e9gia","description":"","publisher":{"@id":"https:\/\/cj.estrategia.com\/portal\/#organization"},"potentialAction":[{"@type":"SearchAction","target":{"@type":"EntryPoint","urlTemplate":"https:\/\/cj.estrategia.com\/portal\/?s={search_term_string}"},"query-input":{"@type":"PropertyValueSpecification","valueRequired":true,"valueName":"search_term_string"}}],"inLanguage":"pt-BR"},{"@type":"Organization","@id":"https:\/\/cj.estrategia.com\/portal\/#organization","name":"Estrat\u00e9gia - Carreiras Jur\u00eddicas","url":"https:\/\/cj.estrategia.com\/portal\/","logo":{"@type":"ImageObject","inLanguage":"pt-BR","@id":"https:\/\/cj.estrategia.com\/portal\/#\/schema\/logo\/image\/","url":"https:\/\/cj.estrategia.com\/portal\/wp-content\/uploads\/2022\/03\/11151052\/cj-logo.png","contentUrl":"https:\/\/cj.estrategia.com\/portal\/wp-content\/uploads\/2022\/03\/11151052\/cj-logo.png","width":150,"height":39,"caption":"Estrat\u00e9gia - Carreiras Jur\u00eddicas"},"image":{"@id":"https:\/\/cj.estrategia.com\/portal\/#\/schema\/logo\/image\/"},"sameAs":["https:\/\/www.facebook.com\/estrategiacarreirajuridica\/","https:\/\/x.com\/EstratJuridica","https:\/\/www.instagram.com\/estrategiacarreirajuridica\/","https:\/\/www.youtube.com\/channel\/UClbMGuYbj2Mh1m3w144ETWQ"]},{"@type":"Person","@id":"https:\/\/cj.estrategia.com\/portal\/#\/schema\/person\/4d70317d31449932b99102916b6637f5","name":"Coordena\u00e7\u00e3o","image":{"@type":"ImageObject","inLanguage":"pt-BR","@id":"https:\/\/cj.estrategia.com\/portal\/wp-content\/uploads\/2022\/05\/12164923\/estrategia-carreira-juridica-coordenacao-96x96.png","url":"https:\/\/cj.estrategia.com\/portal\/wp-content\/uploads\/2022\/05\/12164923\/estrategia-carreira-juridica-coordenacao-96x96.png","contentUrl":"https:\/\/cj.estrategia.com\/portal\/wp-content\/uploads\/2022\/05\/12164923\/estrategia-carreira-juridica-coordenacao-96x96.png","caption":"Coordena\u00e7\u00e3o"},"url":"https:\/\/cj.estrategia.com\/portal\/author\/coordenacao\/"}]}},"jetpack_featured_media_url":"https:\/\/cj.estrategia.com\/portal\/wp-content\/uploads\/2022\/09\/04102635\/Concursos-Procuradorias.jpg","jetpack_sharing_enabled":true,"_links":{"self":[{"href":"https:\/\/cj.estrategia.com\/portal\/wp-json\/wp\/v2\/posts\/42956","targetHints":{"allow":["GET"]}}],"collection":[{"href":"https:\/\/cj.estrategia.com\/portal\/wp-json\/wp\/v2\/posts"}],"about":[{"href":"https:\/\/cj.estrategia.com\/portal\/wp-json\/wp\/v2\/types\/post"}],"author":[{"embeddable":true,"href":"https:\/\/cj.estrategia.com\/portal\/wp-json\/wp\/v2\/users\/12"}],"replies":[{"embeddable":true,"href":"https:\/\/cj.estrategia.com\/portal\/wp-json\/wp\/v2\/comments?post=42956"}],"version-history":[{"count":0,"href":"https:\/\/cj.estrategia.com\/portal\/wp-json\/wp\/v2\/posts\/42956\/revisions"}],"wp:featuredmedia":[{"embeddable":true,"href":"https:\/\/cj.estrategia.com\/portal\/wp-json\/wp\/v2\/media\/20782"}],"wp:attachment":[{"href":"https:\/\/cj.estrategia.com\/portal\/wp-json\/wp\/v2\/media?parent=42956"}],"wp:term":[{"taxonomy":"category","embeddable":true,"href":"https:\/\/cj.estrategia.com\/portal\/wp-json\/wp\/v2\/categories?post=42956"},{"taxonomy":"post_tag","embeddable":true,"href":"https:\/\/cj.estrategia.com\/portal\/wp-json\/wp\/v2\/tags?post=42956"},{"taxonomy":"tax_estado","embeddable":true,"href":"https:\/\/cj.estrategia.com\/portal\/wp-json\/wp\/v2\/tax_estado?post=42956"}],"curies":[{"name":"wp","href":"https:\/\/api.w.org\/{rel}","templated":true}]}}