{"id":42768,"date":"2023-10-30T00:47:00","date_gmt":"2023-10-30T03:47:00","guid":{"rendered":"https:\/\/cj.estrategia.com\/portal\/?p=42768"},"modified":"2023-11-01T07:31:42","modified_gmt":"2023-11-01T10:31:42","slug":"edital-dpe-mg-defensor","status":"publish","type":"post","link":"https:\/\/cj.estrategia.com\/portal\/edital-dpe-mg-defensor\/","title":{"rendered":"Edital DPE MG Defensor: inscri\u00e7\u00f5es encerradas! 30 vagas!"},"content":{"rendered":"\n<p>As\u00a0<strong>inscri\u00e7\u00f5es<\/strong>\u00a0do Edital DPE MG Defensor est\u00e3o encerradas.S\u00e3o ofertadas\u00a0<strong>30 (trinta) vagas<\/strong>\u00a0para provimento do cargo de\u00a0<strong>Defensor P\u00fablico de Classe Inicial<\/strong>.<\/p>\n\n\n\n<p>A\u00a0<strong>Prova Objetiva<\/strong>\u00a0de m\u00faltipla escolha est\u00e1 prevista para ser realizada no dia\u00a0<strong>10 de dezembro de 2023\u00a0<\/strong>em Belo Horizonte\/MG.<\/p>\n\n\n\n<ul class=\"has-very-light-gray-to-cyan-bluish-gray-gradient-background has-background wp-block-list\">\n<li><strong>Concurso DPE MG Defensor<\/strong><\/li>\n\n\n\n<li><strong>Status:<\/strong>\u00a0inscri\u00e7\u00f5es encerradas<\/li>\n\n\n\n<li><strong>Banca:<\/strong>\u00a0FUNDEP e banca pr\u00f3pria do \u00f3rg\u00e3o.<\/li>\n\n\n\n<li><strong>Vagas:\u00a0<\/strong>30<\/li>\n\n\n\n<li><strong>Sal\u00e1rio inicial:<\/strong>\u00a0R$32.228,68<\/li>\n\n\n\n<li><a href=\"https:\/\/cj.estrategia.com\/portal\/wp-content\/uploads\/2023\/07\/25101603\/DE-DPMG-20230725.pdf\" target=\"_blank\" >Edital 2023<\/a><\/li>\n<\/ul>\n\n\n\n<h3 class=\"wp-block-heading\" id=\"cargos-e-vagas\">Cargos e Vagas<\/h3>\n\n\n\n<ul class=\"wp-block-list\">\n<li>Defensor P\u00fablico \u2013 Classe Inicial<\/li>\n<\/ul>\n\n\n\n<p>As 30 (trinta) vagas ofertadas ser\u00e3o distribu\u00eddas da seguinte forma:<\/p>\n\n\n\n<p>I \u2013 21 (vinte e uma) vagas: destinadas \u00e0 ampla concorr\u00eancia;<br>II \u2013 03 (tr\u00eas) vagas: reservadas a candidatas e candidatos com defici\u00eancia; e<br>III \u2013 06 (seis) vagas: reservadas a candidatas negras e a candidatos negros.<\/p>\n\n\n\n<h3 class=\"wp-block-heading\" id=\"requisitos-dpe-mg\"><span id=\"requisitos\">Requisitos<\/span><\/h3>\n\n\n\n<p>Para participar do concurso DPE MG, \u00e9 necess\u00e1rio ser portador do diploma de Bacharel em Direito, expedido por institui\u00e7\u00e3o reconhecida e contar, no tempo da inscri\u00e7\u00e3o definitiva, com pelo menos\u00a0<strong><em>tr\u00eas anos de atividade jur\u00eddica.<\/em><\/strong><\/p>\n\n\n\n<h3 class=\"wp-block-heading\" id=\"atividade\"><span id=\"atividade-juridica\">Atividade Jur\u00eddica<\/span><\/h3>\n\n\n\n<p>O regulamento define as\u00a0<a href=\"https:\/\/cj.estrategia.com\/portal\/atividade-juridica\/\" target=\"_blank\" >atividades que s\u00e3o consideradas como jur\u00eddicas<\/a>\u00a0no c\u00f4mputo do tempo:<\/p>\n\n\n\n<p><strong>I)<\/strong>\u00a0aquela exercida com exclusividade por bacharel em Direito;<\/p>\n\n\n\n<p><strong>II)<\/strong>\u00a0o efetivo exerc\u00edcio da advocacia, inclusive volunt\u00e1ria, mediante a participa\u00e7\u00e3o anual m\u00ednima em 5 atos privativos de advogados (art. 1\u00ba da Lei n\u00ba 8.906, de 4 de julho de 1994) em causas ou quest\u00f5es distintas;<\/p>\n\n\n\n<p><strong>III)<\/strong>\u00a0 o exerc\u00edcio de cargos, empregos ou fun\u00e7\u00f5es, inclusive magist\u00e9rio superior, que exija a utiliza\u00e7\u00e3o preponderante de conhecimento jur\u00eddico;<\/p>\n\n\n\n<p><strong>IV)<\/strong>\u00a0o exerc\u00edcio de fun\u00e7\u00e3o de conciliador em tribunais judiciais, juizados especiais, varas especiais, anexos de juizados especiais ou varas judiciais, assim como o exerc\u00edcio de media\u00e7\u00e3o ou de arbitragem na composi\u00e7\u00e3o de lit\u00edgios, pelo per\u00edodo m\u00ednimo de 16 horas<br>mensais e durante 1 ano.<\/p>\n\n\n\n<h3 class=\"wp-block-heading\" id=\"atividade\"><span id=\"remuneracao\">Remunera\u00e7\u00e3o<\/span><\/h3>\n\n\n\n<p>O subs\u00eddio do cargo de Defensor P\u00fablico de Classe Inicial \u00e9 de\u00a0<strong>R$32.228,68<\/strong>, conforme Lei Estadual n\u00ba 24.312, de 27 de abril de 2023.<\/p>\n\n\n\n<h2 class=\"wp-block-heading\" id=\"etapas-de-provas-concurso-dpe-mg\"><span id=\"etapas-de-provas-do-concurso-dpe-mg\">Etapas de provas do concurso DPE MG<\/span><\/h2>\n\n\n\n<p><strong>I)<\/strong>\u00a0<em>1\u00aa etapa<\/em>\u00a0\u2013 uma prova objetiva de m\u00faltipla escolha (eliminat\u00f3ria e classificat\u00f3ria);<\/p>\n\n\n\n<p><strong>I<\/strong><strong>I)<\/strong>\u00a0<em>2\u00aa etapa<\/em>\u00a0\u2013 quatro provas discursivas especializadas (eliminat\u00f3rias e classificat\u00f3rias);<\/p>\n\n\n\n<p><strong>III)<\/strong>\u00a0<em>3\u00aa etapa<\/em>\u00a0\u2013\u00a0inscri\u00e7\u00e3o definitiva\u00a0(eliminat\u00f3ria), com as seguintes fases:<br><em>a) sindic\u00e2ncia da vida pregressa e investiga\u00e7\u00e3o social;<\/em><br><em>b) exame de higidez f\u00edsica e mental;<\/em><\/p>\n\n\n\n<p><strong>IV)<\/strong>\u00a0<em>4\u00aa etapa<\/em>\u00a0\u2013 uma prova oral (eliminat\u00f3ria e classificat\u00f3ria);<\/p>\n\n\n\n<p><strong>V)<\/strong>\u00a0<em>5\u00aa etapa<\/em>\u00a0\u2013 avalia\u00e7\u00e3o de t\u00edtulos (de car\u00e1ter classificat\u00f3rio)<\/p>\n\n\n\n<p class=\"has-text-align-center has-very-light-gray-to-cyan-bluish-gray-gradient-background has-background has-medium-font-size\"><strong>Saiba mais: <a href=\"https:\/\/cj.estrategia.com\/portal\/concurso-dpe-mg-defensor\/\" target=\"_blank\" >Concurso DPE MG Defensor<\/a><\/strong><\/p>\n\n\n\n<h2 class=\"wp-block-heading has-text-align-center\" id=\"cursos\"><span id=\"quer-saber-tudo-sobre-concursos-previstosconfira-nossos-artigos\">Quer saber tudo sobre concursos previstos?<br>Confira nossos artigos!<\/span><\/h2>\n\n\n\n\n\n<h2 class=\"wp-block-heading has-text-align-center\" id=\"assinatura-juridica\">Assinatura Jur\u00eddica<\/h2>\n\n\n\n<p class=\"has-text-align-left\">Estude com a maior assinatura jur\u00eddica! Cursos on\u2011line complet\u00edssimos em PDFs e videoaulas, com conte\u00fado te\u00f3rico did\u00e1tico, legisla\u00e7\u00e3o e jurisprud\u00eancia analisados, resolu\u00e7\u00e3o de in\u00fameras quest\u00f5es e resumos ao final de cada aula.<\/p>\n\n\n\n<div class=\"wp-block-cover\" style=\"min-height:155px;aspect-ratio:unset;\"><img decoding=\"async\" width=\"1890\" height=\"351\" class=\"wp-block-cover__image-background wp-image-8669\" alt=\"Assinaturas Jur\u00eddicas\" src=\"https:\/\/cj.estrategia.com\/portal\/wp-content\/uploads\/2022\/06\/20151253\/concurso-carreiras-juridicas-assinatura-juridica.jpg\" style=\"object-position:78% 43%\" data-object-fit=\"cover\" data-object-position=\"78% 43%\" srcset=\"https:\/\/cj.estrategia.com\/portal\/wp-content\/uploads\/2022\/06\/20151253\/concurso-carreiras-juridicas-assinatura-juridica.jpg 1890w, https:\/\/cj.estrategia.com\/portal\/wp-content\/uploads\/2022\/06\/20151253\/concurso-carreiras-juridicas-assinatura-juridica-300x56.jpg 300w, https:\/\/cj.estrategia.com\/portal\/wp-content\/uploads\/2022\/06\/20151253\/concurso-carreiras-juridicas-assinatura-juridica-1024x190.jpg 1024w, https:\/\/cj.estrategia.com\/portal\/wp-content\/uploads\/2022\/06\/20151253\/concurso-carreiras-juridicas-assinatura-juridica-768x143.jpg 768w, https:\/\/cj.estrategia.com\/portal\/wp-content\/uploads\/2022\/06\/20151253\/concurso-carreiras-juridicas-assinatura-juridica-1536x285.jpg 1536w, https:\/\/cj.estrategia.com\/portal\/wp-content\/uploads\/2022\/06\/20151253\/concurso-carreiras-juridicas-assinatura-juridica-380x71.jpg 380w, https:\/\/cj.estrategia.com\/portal\/wp-content\/uploads\/2022\/06\/20151253\/concurso-carreiras-juridicas-assinatura-juridica-800x149.jpg 800w, https:\/\/cj.estrategia.com\/portal\/wp-content\/uploads\/2022\/06\/20151253\/concurso-carreiras-juridicas-assinatura-juridica-1160x215.jpg 1160w\" sizes=\"(max-width: 1890px) 100vw, 1890px\" \/><span aria-hidden=\"true\" class=\"wp-block-cover__background has-background-dim\"><\/span><div class=\"wp-block-cover__inner-container is-layout-flow wp-block-cover-is-layout-flow\">\n<h3 id=\"faca-a-sua-assinatura\" class=\"titulo-assinatura\"><span style=\"color: #ffffff;\">Fa\u00e7a a sua assinatura!<\/span><\/h3>\n<p class=\"subtitulo-assinatura\" style=\"display:block!important; line-height: 0;\"><span style=\"color: #ffffff;\">Escolha a sua \u00e1rea.<\/span><\/p>\n<a target=\"_blank\" href=\"https:\/\/www.estrategiaconcursos.com.br\/assinaturas-ecj\/\" rel=\"noopener\"><button style=\"border-radius: 10px; text-transform: capitalize;\">Acessar<\/button><\/a>\n<\/div><\/div>\n\n\n\n\n\n<figure class=\"wp-block-image size-full is-resized\"><img decoding=\"async\" src=\"https:\/\/dhg1h5j42swfq.cloudfront.net\/2022\/05\/11120239\/ficha-tecnica-concurso-dpe-mg-defensor.png\" alt=\"Concurso DPE MG Defensor ficha t\u00e9cnica\" class=\"wp-image-1026044\" style=\"width:231px;height:142px\" width=\"231\" height=\"142\"\/><\/figure>\n\n\n\n<h4 class=\"wp-block-heading\" id=\"ficha\"><span id=\"informacoes-do-ultimo-concurso-dpe-mg\"><span style=\"font-size: 14pt;\">Informa\u00e7\u00f5es do \u00faltimo concurso DPE MG\u00a0<\/span><\/span><\/h4>\n\n\n\n<p id=\"ficha\"><br>\u25ba<strong>Vagas: <\/strong>30 <br>\u25ba<strong>Lota\u00e7\u00f5es: <\/strong>Minas Gerais<br>\u25ba<strong>Banca:<\/strong> FUNDEP<br>\u25ba<strong>Escolaridade: <\/strong>Bacharelado em Direito<br><a href=\"https:\/\/cj.estrategia.com\/portal\/wp-content\/uploads\/2023\/07\/25101603\/DE-DPMG-20230725.pdf\" target=\"_blank\" >Edital 2023<\/a><\/p>\n","protected":false},"excerpt":{"rendered":"As\u00a0inscri\u00e7\u00f5es\u00a0do Edital DPE MG Defensor est\u00e3o encerradas.S\u00e3o ofertadas\u00a030 (trinta) vagas\u00a0para provimento do cargo de\u00a0Defensor P\u00fablico de Classe Inicial.&hellip;\n","protected":false},"author":12,"featured_media":20801,"comment_status":"open","ping_status":"open","sticky":false,"template":"","format":"standard","meta":{"_jetpack_memberships_contains_paid_content":false,"footnotes":""},"categories":[1,27],"tags":[],"tax_estado":[41],"class_list":{"0":"post-42768","1":"post","2":"type-post","3":"status-publish","4":"format-standard","5":"has-post-thumbnail","7":"category-carreiras-juridicas","8":"category-defensoria","9":"tax_estado-mg"},"acf":[],"yoast_head":"<!-- This site is optimized with the Yoast SEO Premium plugin v27.5 (Yoast SEO v27.5) - https:\/\/yoast.com\/product\/yoast-seo-premium-wordpress\/ -->\n<title>Edital DPE MG Defensor: inscri\u00e7\u00f5es encerradas! 30 vagas!<\/title>\n<meta name=\"description\" content=\"Edital DPE MG Defensor: oferta 30 vagas para a classe inicial!\" \/>\n<meta name=\"robots\" content=\"index, follow, max-snippet:-1, max-image-preview:large, max-video-preview:-1\" \/>\n<link rel=\"canonical\" href=\"https:\/\/cj.estrategia.com\/portal\/edital-dpe-mg-defensor\/\" \/>\n<meta property=\"og:locale\" content=\"pt_BR\" \/>\n<meta property=\"og:type\" content=\"article\" \/>\n<meta property=\"og:title\" content=\"Edital DPE MG Defensor: inscri\u00e7\u00f5es encerradas! 30 vagas!\" \/>\n<meta property=\"og:description\" content=\"Edital DPE MG Defensor: oferta 30 vagas para a classe inicial!\" \/>\n<meta property=\"og:url\" content=\"https:\/\/cj.estrategia.com\/portal\/edital-dpe-mg-defensor\/\" \/>\n<meta property=\"og:site_name\" content=\"Blog - Carreiras Jur\u00eddicas - Estrat\u00e9gia\" \/>\n<meta property=\"article:publisher\" content=\"https:\/\/www.facebook.com\/estrategiacarreirajuridica\/\" \/>\n<meta property=\"article:published_time\" content=\"2023-10-30T03:47:00+00:00\" \/>\n<meta property=\"article:modified_time\" content=\"2023-11-01T10:31:42+00:00\" \/>\n<meta property=\"og:image\" content=\"https:\/\/cj.estrategia.com\/portal\/wp-content\/uploads\/2022\/08\/04103658\/DPE-MG-DEFENSOR.jpg\" \/>\n\t<meta property=\"og:image:width\" content=\"768\" \/>\n\t<meta property=\"og:image:height\" content=\"432\" \/>\n\t<meta property=\"og:image:type\" content=\"image\/jpeg\" \/>\n<meta name=\"author\" content=\"Coordena\u00e7\u00e3o\" \/>\n<meta name=\"twitter:card\" content=\"summary_large_image\" \/>\n<meta name=\"twitter:creator\" content=\"@EstratJuridica\" \/>\n<meta name=\"twitter:site\" content=\"@EstratJuridica\" \/>\n<meta name=\"twitter:label1\" content=\"Escrito por\" \/>\n\t<meta name=\"twitter:data1\" content=\"Coordena\u00e7\u00e3o\" \/>\n\t<meta name=\"twitter:label2\" content=\"Est. tempo de leitura\" \/>\n\t<meta name=\"twitter:data2\" content=\"3 minutos\" \/>\n<script type=\"application\/ld+json\" class=\"yoast-schema-graph\">{\"@context\":\"https:\\\/\\\/schema.org\",\"@graph\":[{\"@type\":\"NewsArticle\",\"@id\":\"https:\\\/\\\/cj.estrategia.com\\\/portal\\\/edital-dpe-mg-defensor\\\/#article\",\"isPartOf\":{\"@id\":\"https:\\\/\\\/cj.estrategia.com\\\/portal\\\/edital-dpe-mg-defensor\\\/\"},\"author\":{\"name\":\"Coordena\u00e7\u00e3o\",\"@id\":\"https:\\\/\\\/cj.estrategia.com\\\/portal\\\/#\\\/schema\\\/person\\\/4d70317d31449932b99102916b6637f5\"},\"headline\":\"Edital DPE MG Defensor: inscri\u00e7\u00f5es encerradas! 30 vagas!\",\"datePublished\":\"2023-10-30T03:47:00+00:00\",\"dateModified\":\"2023-11-01T10:31:42+00:00\",\"mainEntityOfPage\":{\"@id\":\"https:\\\/\\\/cj.estrategia.com\\\/portal\\\/edital-dpe-mg-defensor\\\/\"},\"wordCount\":525,\"commentCount\":0,\"publisher\":{\"@id\":\"https:\\\/\\\/cj.estrategia.com\\\/portal\\\/#organization\"},\"image\":{\"@id\":\"https:\\\/\\\/cj.estrategia.com\\\/portal\\\/edital-dpe-mg-defensor\\\/#primaryimage\"},\"thumbnailUrl\":\"https:\\\/\\\/cj.estrategia.com\\\/portal\\\/wp-content\\\/uploads\\\/2022\\\/08\\\/04103658\\\/DPE-MG-DEFENSOR.jpg\",\"articleSection\":[\"Carreiras Jur\u00eddicas\",\"Defensoria\"],\"inLanguage\":\"pt-BR\",\"potentialAction\":[{\"@type\":\"CommentAction\",\"name\":\"Comment\",\"target\":[\"https:\\\/\\\/cj.estrategia.com\\\/portal\\\/edital-dpe-mg-defensor\\\/#respond\"]}]},{\"@type\":\"WebPage\",\"@id\":\"https:\\\/\\\/cj.estrategia.com\\\/portal\\\/edital-dpe-mg-defensor\\\/\",\"url\":\"https:\\\/\\\/cj.estrategia.com\\\/portal\\\/edital-dpe-mg-defensor\\\/\",\"name\":\"Edital DPE MG Defensor: inscri\u00e7\u00f5es encerradas! 30 vagas!\",\"isPartOf\":{\"@id\":\"https:\\\/\\\/cj.estrategia.com\\\/portal\\\/#website\"},\"primaryImageOfPage\":{\"@id\":\"https:\\\/\\\/cj.estrategia.com\\\/portal\\\/edital-dpe-mg-defensor\\\/#primaryimage\"},\"image\":{\"@id\":\"https:\\\/\\\/cj.estrategia.com\\\/portal\\\/edital-dpe-mg-defensor\\\/#primaryimage\"},\"thumbnailUrl\":\"https:\\\/\\\/cj.estrategia.com\\\/portal\\\/wp-content\\\/uploads\\\/2022\\\/08\\\/04103658\\\/DPE-MG-DEFENSOR.jpg\",\"datePublished\":\"2023-10-30T03:47:00+00:00\",\"dateModified\":\"2023-11-01T10:31:42+00:00\",\"description\":\"Edital DPE MG Defensor: oferta 30 vagas para a classe inicial!\",\"breadcrumb\":{\"@id\":\"https:\\\/\\\/cj.estrategia.com\\\/portal\\\/edital-dpe-mg-defensor\\\/#breadcrumb\"},\"inLanguage\":\"pt-BR\",\"potentialAction\":[{\"@type\":\"ReadAction\",\"target\":[\"https:\\\/\\\/cj.estrategia.com\\\/portal\\\/edital-dpe-mg-defensor\\\/\"]}]},{\"@type\":\"ImageObject\",\"inLanguage\":\"pt-BR\",\"@id\":\"https:\\\/\\\/cj.estrategia.com\\\/portal\\\/edital-dpe-mg-defensor\\\/#primaryimage\",\"url\":\"https:\\\/\\\/cj.estrategia.com\\\/portal\\\/wp-content\\\/uploads\\\/2022\\\/08\\\/04103658\\\/DPE-MG-DEFENSOR.jpg\",\"contentUrl\":\"https:\\\/\\\/cj.estrategia.com\\\/portal\\\/wp-content\\\/uploads\\\/2022\\\/08\\\/04103658\\\/DPE-MG-DEFENSOR.jpg\",\"width\":768,\"height\":432,\"caption\":\"1\u00ba Simulado DPE MG\"},{\"@type\":\"BreadcrumbList\",\"@id\":\"https:\\\/\\\/cj.estrategia.com\\\/portal\\\/edital-dpe-mg-defensor\\\/#breadcrumb\",\"itemListElement\":[{\"@type\":\"ListItem\",\"position\":1,\"name\":\"In\u00edcio\",\"item\":\"https:\\\/\\\/cj.estrategia.com\\\/portal\\\/\"},{\"@type\":\"ListItem\",\"position\":2,\"name\":\"Edital DPE MG Defensor: inscri\u00e7\u00f5es encerradas! 30 vagas!\"}]},{\"@type\":\"WebSite\",\"@id\":\"https:\\\/\\\/cj.estrategia.com\\\/portal\\\/#website\",\"url\":\"https:\\\/\\\/cj.estrategia.com\\\/portal\\\/\",\"name\":\"Blog - Carreiras Jur\u00eddicas - Estrat\u00e9gia\",\"description\":\"\",\"publisher\":{\"@id\":\"https:\\\/\\\/cj.estrategia.com\\\/portal\\\/#organization\"},\"potentialAction\":[{\"@type\":\"SearchAction\",\"target\":{\"@type\":\"EntryPoint\",\"urlTemplate\":\"https:\\\/\\\/cj.estrategia.com\\\/portal\\\/?s={search_term_string}\"},\"query-input\":{\"@type\":\"PropertyValueSpecification\",\"valueRequired\":true,\"valueName\":\"search_term_string\"}}],\"inLanguage\":\"pt-BR\"},{\"@type\":\"Organization\",\"@id\":\"https:\\\/\\\/cj.estrategia.com\\\/portal\\\/#organization\",\"name\":\"Estrat\u00e9gia - Carreiras Jur\u00eddicas\",\"url\":\"https:\\\/\\\/cj.estrategia.com\\\/portal\\\/\",\"logo\":{\"@type\":\"ImageObject\",\"inLanguage\":\"pt-BR\",\"@id\":\"https:\\\/\\\/cj.estrategia.com\\\/portal\\\/#\\\/schema\\\/logo\\\/image\\\/\",\"url\":\"https:\\\/\\\/cj.estrategia.com\\\/portal\\\/wp-content\\\/uploads\\\/2022\\\/03\\\/11151052\\\/cj-logo.png\",\"contentUrl\":\"https:\\\/\\\/cj.estrategia.com\\\/portal\\\/wp-content\\\/uploads\\\/2022\\\/03\\\/11151052\\\/cj-logo.png\",\"width\":150,\"height\":39,\"caption\":\"Estrat\u00e9gia - Carreiras Jur\u00eddicas\"},\"image\":{\"@id\":\"https:\\\/\\\/cj.estrategia.com\\\/portal\\\/#\\\/schema\\\/logo\\\/image\\\/\"},\"sameAs\":[\"https:\\\/\\\/www.facebook.com\\\/estrategiacarreirajuridica\\\/\",\"https:\\\/\\\/x.com\\\/EstratJuridica\",\"https:\\\/\\\/www.instagram.com\\\/estrategiacarreirajuridica\\\/\",\"https:\\\/\\\/www.youtube.com\\\/channel\\\/UClbMGuYbj2Mh1m3w144ETWQ\"]},{\"@type\":\"Person\",\"@id\":\"https:\\\/\\\/cj.estrategia.com\\\/portal\\\/#\\\/schema\\\/person\\\/4d70317d31449932b99102916b6637f5\",\"name\":\"Coordena\u00e7\u00e3o\",\"image\":{\"@type\":\"ImageObject\",\"inLanguage\":\"pt-BR\",\"@id\":\"https:\\\/\\\/cj.estrategia.com\\\/portal\\\/wp-content\\\/uploads\\\/2022\\\/05\\\/12164923\\\/estrategia-carreira-juridica-coordenacao-96x96.png\",\"url\":\"https:\\\/\\\/cj.estrategia.com\\\/portal\\\/wp-content\\\/uploads\\\/2022\\\/05\\\/12164923\\\/estrategia-carreira-juridica-coordenacao-96x96.png\",\"contentUrl\":\"https:\\\/\\\/cj.estrategia.com\\\/portal\\\/wp-content\\\/uploads\\\/2022\\\/05\\\/12164923\\\/estrategia-carreira-juridica-coordenacao-96x96.png\",\"caption\":\"Coordena\u00e7\u00e3o\"},\"url\":\"https:\\\/\\\/cj.estrategia.com\\\/portal\\\/author\\\/coordenacao\\\/\"}]}<\/script>\n<!-- \/ Yoast SEO Premium plugin. -->","yoast_head_json":{"title":"Edital DPE MG Defensor: inscri\u00e7\u00f5es encerradas! 30 vagas!","description":"Edital DPE MG Defensor: oferta 30 vagas para a classe inicial!","robots":{"index":"index","follow":"follow","max-snippet":"max-snippet:-1","max-image-preview":"max-image-preview:large","max-video-preview":"max-video-preview:-1"},"canonical":"https:\/\/cj.estrategia.com\/portal\/edital-dpe-mg-defensor\/","og_locale":"pt_BR","og_type":"article","og_title":"Edital DPE MG Defensor: inscri\u00e7\u00f5es encerradas! 30 vagas!","og_description":"Edital DPE MG Defensor: oferta 30 vagas para a classe inicial!","og_url":"https:\/\/cj.estrategia.com\/portal\/edital-dpe-mg-defensor\/","og_site_name":"Blog - Carreiras Jur\u00eddicas - Estrat\u00e9gia","article_publisher":"https:\/\/www.facebook.com\/estrategiacarreirajuridica\/","article_published_time":"2023-10-30T03:47:00+00:00","article_modified_time":"2023-11-01T10:31:42+00:00","og_image":[{"width":768,"height":432,"url":"https:\/\/cj.estrategia.com\/portal\/wp-content\/uploads\/2022\/08\/04103658\/DPE-MG-DEFENSOR.jpg","type":"image\/jpeg"}],"author":"Coordena\u00e7\u00e3o","twitter_card":"summary_large_image","twitter_creator":"@EstratJuridica","twitter_site":"@EstratJuridica","twitter_misc":{"Escrito por":"Coordena\u00e7\u00e3o","Est. tempo de leitura":"3 minutos"},"schema":{"@context":"https:\/\/schema.org","@graph":[{"@type":"NewsArticle","@id":"https:\/\/cj.estrategia.com\/portal\/edital-dpe-mg-defensor\/#article","isPartOf":{"@id":"https:\/\/cj.estrategia.com\/portal\/edital-dpe-mg-defensor\/"},"author":{"name":"Coordena\u00e7\u00e3o","@id":"https:\/\/cj.estrategia.com\/portal\/#\/schema\/person\/4d70317d31449932b99102916b6637f5"},"headline":"Edital DPE MG Defensor: inscri\u00e7\u00f5es encerradas! 30 vagas!","datePublished":"2023-10-30T03:47:00+00:00","dateModified":"2023-11-01T10:31:42+00:00","mainEntityOfPage":{"@id":"https:\/\/cj.estrategia.com\/portal\/edital-dpe-mg-defensor\/"},"wordCount":525,"commentCount":0,"publisher":{"@id":"https:\/\/cj.estrategia.com\/portal\/#organization"},"image":{"@id":"https:\/\/cj.estrategia.com\/portal\/edital-dpe-mg-defensor\/#primaryimage"},"thumbnailUrl":"https:\/\/cj.estrategia.com\/portal\/wp-content\/uploads\/2022\/08\/04103658\/DPE-MG-DEFENSOR.jpg","articleSection":["Carreiras Jur\u00eddicas","Defensoria"],"inLanguage":"pt-BR","potentialAction":[{"@type":"CommentAction","name":"Comment","target":["https:\/\/cj.estrategia.com\/portal\/edital-dpe-mg-defensor\/#respond"]}]},{"@type":"WebPage","@id":"https:\/\/cj.estrategia.com\/portal\/edital-dpe-mg-defensor\/","url":"https:\/\/cj.estrategia.com\/portal\/edital-dpe-mg-defensor\/","name":"Edital DPE MG Defensor: inscri\u00e7\u00f5es encerradas! 30 vagas!","isPartOf":{"@id":"https:\/\/cj.estrategia.com\/portal\/#website"},"primaryImageOfPage":{"@id":"https:\/\/cj.estrategia.com\/portal\/edital-dpe-mg-defensor\/#primaryimage"},"image":{"@id":"https:\/\/cj.estrategia.com\/portal\/edital-dpe-mg-defensor\/#primaryimage"},"thumbnailUrl":"https:\/\/cj.estrategia.com\/portal\/wp-content\/uploads\/2022\/08\/04103658\/DPE-MG-DEFENSOR.jpg","datePublished":"2023-10-30T03:47:00+00:00","dateModified":"2023-11-01T10:31:42+00:00","description":"Edital DPE MG Defensor: oferta 30 vagas para a classe inicial!","breadcrumb":{"@id":"https:\/\/cj.estrategia.com\/portal\/edital-dpe-mg-defensor\/#breadcrumb"},"inLanguage":"pt-BR","potentialAction":[{"@type":"ReadAction","target":["https:\/\/cj.estrategia.com\/portal\/edital-dpe-mg-defensor\/"]}]},{"@type":"ImageObject","inLanguage":"pt-BR","@id":"https:\/\/cj.estrategia.com\/portal\/edital-dpe-mg-defensor\/#primaryimage","url":"https:\/\/cj.estrategia.com\/portal\/wp-content\/uploads\/2022\/08\/04103658\/DPE-MG-DEFENSOR.jpg","contentUrl":"https:\/\/cj.estrategia.com\/portal\/wp-content\/uploads\/2022\/08\/04103658\/DPE-MG-DEFENSOR.jpg","width":768,"height":432,"caption":"1\u00ba Simulado DPE MG"},{"@type":"BreadcrumbList","@id":"https:\/\/cj.estrategia.com\/portal\/edital-dpe-mg-defensor\/#breadcrumb","itemListElement":[{"@type":"ListItem","position":1,"name":"In\u00edcio","item":"https:\/\/cj.estrategia.com\/portal\/"},{"@type":"ListItem","position":2,"name":"Edital DPE MG Defensor: inscri\u00e7\u00f5es encerradas! 30 vagas!"}]},{"@type":"WebSite","@id":"https:\/\/cj.estrategia.com\/portal\/#website","url":"https:\/\/cj.estrategia.com\/portal\/","name":"Blog - Carreiras Jur\u00eddicas - Estrat\u00e9gia","description":"","publisher":{"@id":"https:\/\/cj.estrategia.com\/portal\/#organization"},"potentialAction":[{"@type":"SearchAction","target":{"@type":"EntryPoint","urlTemplate":"https:\/\/cj.estrategia.com\/portal\/?s={search_term_string}"},"query-input":{"@type":"PropertyValueSpecification","valueRequired":true,"valueName":"search_term_string"}}],"inLanguage":"pt-BR"},{"@type":"Organization","@id":"https:\/\/cj.estrategia.com\/portal\/#organization","name":"Estrat\u00e9gia - Carreiras Jur\u00eddicas","url":"https:\/\/cj.estrategia.com\/portal\/","logo":{"@type":"ImageObject","inLanguage":"pt-BR","@id":"https:\/\/cj.estrategia.com\/portal\/#\/schema\/logo\/image\/","url":"https:\/\/cj.estrategia.com\/portal\/wp-content\/uploads\/2022\/03\/11151052\/cj-logo.png","contentUrl":"https:\/\/cj.estrategia.com\/portal\/wp-content\/uploads\/2022\/03\/11151052\/cj-logo.png","width":150,"height":39,"caption":"Estrat\u00e9gia - Carreiras Jur\u00eddicas"},"image":{"@id":"https:\/\/cj.estrategia.com\/portal\/#\/schema\/logo\/image\/"},"sameAs":["https:\/\/www.facebook.com\/estrategiacarreirajuridica\/","https:\/\/x.com\/EstratJuridica","https:\/\/www.instagram.com\/estrategiacarreirajuridica\/","https:\/\/www.youtube.com\/channel\/UClbMGuYbj2Mh1m3w144ETWQ"]},{"@type":"Person","@id":"https:\/\/cj.estrategia.com\/portal\/#\/schema\/person\/4d70317d31449932b99102916b6637f5","name":"Coordena\u00e7\u00e3o","image":{"@type":"ImageObject","inLanguage":"pt-BR","@id":"https:\/\/cj.estrategia.com\/portal\/wp-content\/uploads\/2022\/05\/12164923\/estrategia-carreira-juridica-coordenacao-96x96.png","url":"https:\/\/cj.estrategia.com\/portal\/wp-content\/uploads\/2022\/05\/12164923\/estrategia-carreira-juridica-coordenacao-96x96.png","contentUrl":"https:\/\/cj.estrategia.com\/portal\/wp-content\/uploads\/2022\/05\/12164923\/estrategia-carreira-juridica-coordenacao-96x96.png","caption":"Coordena\u00e7\u00e3o"},"url":"https:\/\/cj.estrategia.com\/portal\/author\/coordenacao\/"}]}},"jetpack_featured_media_url":"https:\/\/cj.estrategia.com\/portal\/wp-content\/uploads\/2022\/08\/04103658\/DPE-MG-DEFENSOR.jpg","jetpack_sharing_enabled":true,"_links":{"self":[{"href":"https:\/\/cj.estrategia.com\/portal\/wp-json\/wp\/v2\/posts\/42768","targetHints":{"allow":["GET"]}}],"collection":[{"href":"https:\/\/cj.estrategia.com\/portal\/wp-json\/wp\/v2\/posts"}],"about":[{"href":"https:\/\/cj.estrategia.com\/portal\/wp-json\/wp\/v2\/types\/post"}],"author":[{"embeddable":true,"href":"https:\/\/cj.estrategia.com\/portal\/wp-json\/wp\/v2\/users\/12"}],"replies":[{"embeddable":true,"href":"https:\/\/cj.estrategia.com\/portal\/wp-json\/wp\/v2\/comments?post=42768"}],"version-history":[{"count":0,"href":"https:\/\/cj.estrategia.com\/portal\/wp-json\/wp\/v2\/posts\/42768\/revisions"}],"wp:featuredmedia":[{"embeddable":true,"href":"https:\/\/cj.estrategia.com\/portal\/wp-json\/wp\/v2\/media\/20801"}],"wp:attachment":[{"href":"https:\/\/cj.estrategia.com\/portal\/wp-json\/wp\/v2\/media?parent=42768"}],"wp:term":[{"taxonomy":"category","embeddable":true,"href":"https:\/\/cj.estrategia.com\/portal\/wp-json\/wp\/v2\/categories?post=42768"},{"taxonomy":"post_tag","embeddable":true,"href":"https:\/\/cj.estrategia.com\/portal\/wp-json\/wp\/v2\/tags?post=42768"},{"taxonomy":"tax_estado","embeddable":true,"href":"https:\/\/cj.estrategia.com\/portal\/wp-json\/wp\/v2\/tax_estado?post=42768"}],"curies":[{"name":"wp","href":"https:\/\/api.w.org\/{rel}","templated":true}]}}