{"id":42702,"date":"2024-01-05T06:08:00","date_gmt":"2024-01-05T09:08:00","guid":{"rendered":"https:\/\/cj.estrategia.com\/portal\/?p=42702"},"modified":"2026-03-06T13:08:03","modified_gmt":"2026-03-06T16:08:03","slug":"concurso-advogado-canela-rs","status":"publish","type":"post","link":"https:\/\/cj.estrategia.com\/portal\/concurso-advogado-canela-rs\/","title":{"rendered":"Concurso Advogado Canela RS: SAIU o resultado final!"},"content":{"rendered":"\n<p>A Prefeitura Municipal de Canela, no estado do Rio Grande do Sul, publicou, por meio da Objetiva Concursos, o resultado final do <strong>Concurso Advogado Canela RS<\/strong>.<\/p>\n\n\n\n<p>O edital ofertou uma vaga mais cadastro reserva para o cargo de Advogado. A remunera\u00e7\u00e3o inicial do cargo \u00e9 de <strong>R$ 6.541,55.<\/strong><\/p>\n\n\n\n<ul class=\"wp-block-list\">\n<li><a href=\"https:\/\/cj.estrategia.com\/portal\/wp-content\/uploads\/2024\/01\/18094420\/Advogado-Canela-RS-resultado-final.pdf\" target=\"_blank\" >Resultado Final Concurso Advogado Canela RS<\/a><\/li>\n<\/ul>\n\n\n\n<ul class=\"wp-block-list has-very-light-gray-to-cyan-bluish-gray-gradient-background has-background\">\n<li><strong>Concurso Advogado Canela RS<\/strong><\/li>\n\n\n\n<li><strong>Status<\/strong>: homologado<\/li>\n\n\n\n<li><strong>Banca:<\/strong><a href=\"https:\/\/concursos.objetivas.com.br\/informacoes\/2308\/\" target=\"_blank\" > Objetiva Concursos.<\/a><\/li>\n\n\n\n<li><strong>Vagas<\/strong>: 1+ CR<\/li>\n\n\n\n<li><strong>Remunera\u00e7\u00e3o inicial:\u00a0R$ 6.541,55<\/strong><\/li>\n<\/ul>\n\n\n\n<p><\/p>\n\n\n\n<div class=\"container\" id=\"boxes\">\n  <div class=\"row\">\n\n    <div class=\"col-sm\">\n      <div class=\"banner-estrategia-concursos-juridicos\" id=\"box-assinatura\">\n        <h2 id=\"curso-para-advogado-canela-rs\" class=\"titulo-assinatura\"><span style=\"color: #ffffff; font-size: 23px; \">Curso para Advogado Canela RS<\/span><\/h2>\n        <p class=\"subtitulo-assinatura\">Cursos focados no edital do concurso<\/p>\n        <div class=\"box-botao\">\n          <a class=\"btn-assinatura-juridica\" target=\"_blank\" href=\"https:\/\/cj.estrategia.com\/cursos\/home\/\" role=\"button\" rel=\"noopener noreferrer\">Conhe\u00e7a mais<\/a>\n        <\/div>\n      <\/div>\n      <p class=\"texto-auxiliar\">Prepare-se com o melhor material e com quem mais aprova em concursos em todo o pa\u00eds. \n<\/p>\n    <\/div>\n\n  <\/div>\n<\/div>\n\n\n\n<div class=\"wp-block-yoast-seo-table-of-contents yoast-table-of-contents\"><h2 id=\"o-que-voce-vai-encontrar-neste-artigo\">O que voc\u00ea vai encontrar neste artigo?<\/h2><ul><li><a href=\"#atual\" data-level=\"2\">Concurso Advogado Canela RS: Situa\u00e7\u00e3o atual<\/a><\/li><li><a href=\"#carreira\" data-level=\"2\">Carreira<\/a><ul><li><a href=\"#cargo\" data-level=\"3\">Cargos e Vagas<\/a><\/li><li><a href=\"#salario\" data-level=\"3\">Remunera\u00e7\u00e3o do Concurso Advogado Canela RS<\/a><\/li><li><a href=\"#requisito\" data-level=\"3\">Requisitos<\/a><\/li><li><a href=\"#h-atribuicoes\" data-level=\"3\">Atribui\u00e7\u00f5es<\/a><\/li><\/ul><\/li><li><a href=\"#ETAPA\" data-level=\"2\">Etapas do Concurso<\/a><ul><li><a href=\"#objetiva\" data-level=\"3\">Prova objetiva<\/a><\/li><li><a href=\"#titulos\" data-level=\"3\">Prova de t\u00edtulos<\/a><\/li><\/ul><\/li><li><a href=\"#h-como-escolher-a-carreira-juridica-perfeita-para-voce\" data-level=\"2\">Como escolher a carreira jur\u00eddica perfeita para voc\u00ea?<\/a><\/li><li><a href=\"#h-quer-saber-tudo-sobre-concursos-previstos-confira-nossos-artigos\" data-level=\"2\">Quer saber tudo sobre concursos previstos? Confira nossos artigos!<\/a><\/li><li><a href=\"#cursos\" data-level=\"2\">CURSOS E ASSINATURAS<\/a><\/li><\/ul><\/div>\n\n\n\n<h2 class=\"wp-block-heading is-style-default\" id=\"atual\"><span id=\"concurso-advogado-canela-rs-situacao-atual\">Concurso Advogado Canela RS: Situa\u00e7\u00e3o atual<\/span><\/h2>\n\n\n\n<p class=\"has-medium-font-size\"><strong>Principais datas:<\/strong><\/p>\n\n\n\n<p class=\"has-pale-ocean-gradient-background has-background\"><strong>Inscri\u00e7\u00f5es:\u00a0<\/strong><s>24\/07 a 24\/08\/2023<\/s><br><strong>Isen\u00e7\u00e3o da taxa:\u00a0<\/strong><s>24\/07 a 24\/08\/2023<\/s><br><strong>Pagamento da taxa:<\/strong>\u00a0at\u00e9 <s>24\/08\/2023<\/s><br><strong>Data da prova objetiva:\u00a0<\/strong><s>24\/09\/2023<\/s><\/p>\n\n\n\n<h2 class=\"wp-block-heading\" id=\"carreira\">Carreira<\/h2>\n\n\n\n<h3 class=\"wp-block-heading\" id=\"cargo\"><span id=\"cargos-e-vagas\">Cargos e Vagas<\/span><\/h3>\n\n\n\n<ul class=\"wp-block-list\">\n<li><strong>Advogado \u2013 <\/strong>01+CR<\/li>\n<\/ul>\n\n\n\n<h3 class=\"wp-block-heading\" id=\"salario\"><span id=\"remuneracao-do-concurso-advogado-canela-rs\">Remunera\u00e7\u00e3o do Concurso Advogado Canela RS<\/span><\/h3>\n\n\n\n<p><strong>Advogado<\/strong> \u2013 <strong><strong>R$ 6.541,55<\/strong><\/strong>. 30 horas semanais<\/p>\n\n\n\n<h3 class=\"wp-block-heading\" id=\"requisito\"><span id=\"requisitos\">Requisitos <\/span><\/h3>\n\n\n\n<p>Ensino Superior completo e habilita\u00e7\u00e3o legal para o exerc\u00edcio da profiss\u00e3o de Advogado<\/p>\n\n\n\n<h3 class=\"wp-block-heading\" id=\"h-atribuicoes\"><span id=\"atribuicoes\">Atribui\u00e7\u00f5es<\/span><\/h3>\n\n\n\n<ul class=\"wp-block-list\">\n<li>Atuar em qualquer foro e inst\u00e2ncia em nome do Munic\u00edpio, nos feitos em que ele seja autor, r\u00e9u, assistente ou oponente; <\/li>\n\n\n\n<li>Emitir informa\u00e7\u00f5es, pareceres e pronunciamentos no \u00e2mbito administrativo sobre quest\u00f5es de cunho jur\u00eddico; <\/li>\n\n\n\n<li>Proceder estudos e pesquisas na legisla\u00e7\u00e3o, na jurisprud\u00eancia e na doutrina, com vistas \u00e0 instru\u00e7\u00e3o de todo e qualquer expediente administrativo que verse sobre mat\u00e9ria jur\u00eddica;<\/li>\n\n\n\n<li>Minutar contratos, conv\u00eanios e outros documentos que envolvam conhecimento e interpreta\u00e7\u00e3o jur\u00eddica; <\/li>\n\n\n\n<li>Efetuar a cobran\u00e7a judicial da d\u00edvida ativa;<\/li>\n\n\n\n<li> Examinar anteprojetos de lei e outros atos normativos; elaborar informa\u00e7\u00f5es e mandados de seguran\u00e7a; <\/li>\n\n\n\n<li>Responsabilizar-se por equipes auxiliares necess\u00e1rias \u00e0 execu\u00e7\u00e3o das atividades pr\u00f3prias do cargo; executar tarefas afins.<\/li>\n<\/ul>\n\n\n\n<h2 class=\"wp-block-heading\" id=\"ETAPA\"><span id=\"etapas-do-concurso\">Etapas do Concurso <\/span><\/h2>\n\n\n\n<figure class=\"wp-block-table is-style-stripes\"><table class=\"has-very-light-gray-to-cyan-bluish-gray-gradient-background has-background\"><thead><tr><th class=\"has-text-align-center\" data-align=\"center\">Etapas<\/th><th class=\"has-text-align-center\" data-align=\"center\">Car\u00e1ter<\/th><\/tr><\/thead><tbody><tr><td class=\"has-text-align-center\" data-align=\"center\">PROVA OBJETIVA<\/td><td class=\"has-text-align-center\" data-align=\"center\">Eliminat\u00f3rio\/Classificat\u00f3rio<\/td><\/tr><tr><td class=\"has-text-align-center\" data-align=\"center\">PROVA DE T\u00cdTULOS<\/td><td class=\"has-text-align-center\" data-align=\"center\">Classificat\u00f3rio<\/td><\/tr><\/tbody><\/table><\/figure>\n\n\n\n<h3 class=\"wp-block-heading\" id=\"objetiva\"><span id=\"prova-objetiva\">Prova objetiva<\/span><\/h3>\n\n\n\n<p>A prova objetiva teve dura\u00e7\u00e3o de <strong>3 horas<\/strong> e foi constitu\u00edda por quest\u00f5es de<strong>\u00a0m\u00faltipla escolha<\/strong>, com at\u00e9 04 alternativas, das quais somente uma era a correta.<\/p>\n\n\n\n<p>Somente foram considerados aprovados nesta etapa os candidatos que obtiverem\u00a0<strong>60% ou mais<\/strong>\u00a0na nota final da prova objetiva, desde que n\u00e3o tenham zerado nenhuma das disciplinas.<\/p>\n\n\n\n<h3 class=\"wp-block-heading\" id=\"titulos\"><span id=\"prova-de-titulos\">Prova de t\u00edtulos<\/span><\/h3>\n\n\n\n<p>Esta etapa teve car\u00e1ter classificat\u00f3rio, sendo que o candidato que deixou de participar n\u00e3o foi eliminado do certame, somente n\u00e3o teve somados os pontos correspondentes a esta etapa.<\/p>\n\n\n\n<figure class=\"wp-block-image\"><img decoding=\"async\" src=\"https:\/\/dhg1h5j42swfq.cloudfront.net\/2023\/07\/24092138\/image-318-1024x321.png\" alt=\"Tabela de atribui\u00e7\u00e3o na prova de t\u00edtulos do Concurso Prefeitura de Canela\" class=\"wp-image-1253440\"\/><\/figure>\n\n\n\n<h2 class=\"wp-block-heading\" id=\"h-como-escolher-a-carreira-juridica-perfeita-para-voce\"><span id=\"como-escolher-a-carreira-juridica-perfeita-para-voce\">Como escolher a carreira jur\u00eddica perfeita para voc\u00ea?<\/span><\/h2>\n\n\n\n<figure class=\"wp-block-embed is-type-video is-provider-youtube wp-block-embed-youtube wp-embed-aspect-16-9 wp-has-aspect-ratio\"><div class=\"wp-block-embed__wrapper\">\n<div class=\"cs-embed cs-embed-responsive\"><iframe title=\"Como escolher a carreira jur\u00eddica perfeita para voc\u00ea?\" width=\"1200\" height=\"675\" src=\"https:\/\/www.youtube.com\/embed\/wiFNGg3F3Jg?feature=oembed\" frameborder=\"0\" allow=\"accelerometer; autoplay; clipboard-write; encrypted-media; gyroscope; picture-in-picture; web-share\" referrerpolicy=\"strict-origin-when-cross-origin\" allowfullscreen><\/iframe><\/div>\n<\/div><\/figure>\n\n\n\n<h2 class=\"wp-block-heading has-text-align-center\" id=\"h-quer-saber-tudo-sobre-concursos-previstos-confira-nossos-artigos\"><span id=\"quer-saber-tudo-sobre-concursos-previstosconfira-nossos-artigos\">Quer saber tudo sobre concursos previstos?<br><strong>Confira nossos artigos!<\/strong><\/span><\/h2>\n\n\n\n<ul class=\"wp-block-list\">\n<li><a href=\"https:\/\/cj.estrategia.com\/portal\/concursos-abertos-carreiras-juridicas\/\" target=\"_blank\" >Concursos jur\u00eddicos abertos<\/a><\/li>\n<\/ul>\n\n\n\n<ul class=\"wp-block-list\">\n<li><a href=\"https:\/\/cj.estrategia.com\/portal\/concursos-juridicos-2026-prepare-se-para-os-proximos-editais\/\" target=\"_blank\" >Concursos Jur\u00eddicos 2026<\/a><\/li>\n\n\n\n<li><a href=\"https:\/\/cj.estrategia.com\/portal\/concursos-advogados\/\" target=\"_blank\" >Concursos Advogados<\/a><\/li>\n<\/ul>\n\n\n\n<h2 class=\"wp-block-heading has-text-align-center\" id=\"cursos\"><span id=\"cursos-e-assinaturas\">CURSOS E ASSINATURAS<\/span><\/h2>\n\n\n\n<div class=\"wp-block-cover\" style=\"min-height:155px;aspect-ratio:unset;\"><img decoding=\"async\" width=\"1890\" height=\"351\" class=\"wp-block-cover__image-background wp-image-8669\" alt=\"Assinaturas Jur\u00eddicas\" src=\"https:\/\/cj.estrategia.com\/portal\/wp-content\/uploads\/2022\/06\/20151253\/concurso-carreiras-juridicas-assinatura-juridica.jpg\" style=\"object-position:78% 43%\" data-object-fit=\"cover\" data-object-position=\"78% 43%\" srcset=\"https:\/\/cj.estrategia.com\/portal\/wp-content\/uploads\/2022\/06\/20151253\/concurso-carreiras-juridicas-assinatura-juridica.jpg 1890w, https:\/\/cj.estrategia.com\/portal\/wp-content\/uploads\/2022\/06\/20151253\/concurso-carreiras-juridicas-assinatura-juridica-300x56.jpg 300w, https:\/\/cj.estrategia.com\/portal\/wp-content\/uploads\/2022\/06\/20151253\/concurso-carreiras-juridicas-assinatura-juridica-1024x190.jpg 1024w, https:\/\/cj.estrategia.com\/portal\/wp-content\/uploads\/2022\/06\/20151253\/concurso-carreiras-juridicas-assinatura-juridica-768x143.jpg 768w, https:\/\/cj.estrategia.com\/portal\/wp-content\/uploads\/2022\/06\/20151253\/concurso-carreiras-juridicas-assinatura-juridica-1536x285.jpg 1536w, https:\/\/cj.estrategia.com\/portal\/wp-content\/uploads\/2022\/06\/20151253\/concurso-carreiras-juridicas-assinatura-juridica-380x71.jpg 380w, https:\/\/cj.estrategia.com\/portal\/wp-content\/uploads\/2022\/06\/20151253\/concurso-carreiras-juridicas-assinatura-juridica-800x149.jpg 800w, https:\/\/cj.estrategia.com\/portal\/wp-content\/uploads\/2022\/06\/20151253\/concurso-carreiras-juridicas-assinatura-juridica-1160x215.jpg 1160w\" sizes=\"(max-width: 1890px) 100vw, 1890px\" \/><span aria-hidden=\"true\" class=\"wp-block-cover__background has-background-dim\"><\/span><div class=\"wp-block-cover__inner-container is-layout-flow wp-block-cover-is-layout-flow\">\n<h3 id=\"faca-a-sua-assinatura\" class=\"titulo-assinatura\"><span style=\"color: #ffffff;\">Fa\u00e7a a sua assinatura!<\/span><\/h3>\n<p class=\"subtitulo-assinatura\" style=\"display:block!important; line-height: 0;\"><span style=\"color: #ffffff;\">Escolha a sua \u00e1rea.<\/span><\/p>\n<a target=\"_blank\" href=\"https:\/\/www.estrategiaconcursos.com.br\/assinaturas-ecj\/\" rel=\"noopener\"><button style=\"border-radius: 10px; text-transform: capitalize;\">Acessar<\/button><\/a>\n<\/div><\/div>\n\n\n\n<figure class=\"wp-block-image size-large is-resized\"><img decoding=\"async\" src=\"https:\/\/dhg1h5j42swfq.cloudfront.net\/2021\/08\/03075659\/ficha-tecnica-1-1024x632.png\" alt=\"\" class=\"wp-image-827472\" style=\"aspect-ratio:1.6229508196721312;width:182px;height:auto\"\/><\/figure>\n\n\n\n<p><\/p>\n\n\n\n<h4 class=\"wp-block-heading\" id=\"ficha\"><span id=\"informacoes-sobre-o-concurso-advogado-canela-rs\"><strong><span style=\"font-size: 14pt;\">Informa\u00e7\u00f5es sobre o <\/span><\/strong>Concurso Advogado Canela RS<\/span><\/h4>\n\n\n\n<ul class=\"wp-block-list\">\n<li><strong>Vagas<\/strong>: 01+CR<\/li>\n\n\n\n<li><strong>Cargos<\/strong>: Advogado<\/li>\n\n\n\n<li><strong>Banca<\/strong>: Objetiva Concursos.<\/li>\n\n\n\n<li><a href=\"https:\/\/cj.estrategia.com\/portal\/wp-content\/uploads\/2023\/07\/25160821\/Edital-Advogado-Prefeitura-de-Canela-RS.pdf\" target=\"_blank\" >Edital Advogado Prefeitura de Canela RS<\/a><\/li>\n<\/ul>\n","protected":false},"excerpt":{"rendered":"A Prefeitura Municipal de Canela, no estado do Rio Grande do Sul, publicou, por meio da Objetiva Concursos,&hellip;\n","protected":false},"author":12,"featured_media":67166,"comment_status":"open","ping_status":"open","sticky":false,"template":"","format":"standard","meta":{"_jetpack_memberships_contains_paid_content":false,"footnotes":""},"categories":[1],"tags":[],"tax_estado":[53],"class_list":{"0":"post-42702","1":"post","2":"type-post","3":"status-publish","4":"format-standard","5":"has-post-thumbnail","7":"category-carreiras-juridicas","8":"tax_estado-rs"},"acf":[],"yoast_head":"<!-- This site is optimized with the Yoast SEO Premium plugin v27.5 (Yoast SEO v27.5) - https:\/\/yoast.com\/product\/yoast-seo-premium-wordpress\/ -->\n<title>Concurso Advogado Canela RS: SAIU o resultado final!<\/title>\n<meta name=\"description\" content=\"Concurso Advogado Prefeitura de Canela RS: iniciais passam dos R$ 6 mil. Confira AQUI os detalhes desta sele\u00e7\u00e3o!\" \/>\n<meta name=\"robots\" content=\"index, follow, max-snippet:-1, max-image-preview:large, max-video-preview:-1\" \/>\n<link rel=\"canonical\" href=\"https:\/\/cj.estrategia.com\/portal\/concurso-advogado-canela-rs\/\" \/>\n<meta property=\"og:locale\" content=\"pt_BR\" \/>\n<meta property=\"og:type\" content=\"article\" \/>\n<meta property=\"og:title\" content=\"Concurso Advogado Canela RS: SAIU o resultado final!\" \/>\n<meta property=\"og:description\" content=\"Concurso Advogado Prefeitura de Canela RS: iniciais passam dos R$ 6 mil. Confira AQUI os detalhes desta sele\u00e7\u00e3o!\" \/>\n<meta property=\"og:url\" content=\"https:\/\/cj.estrategia.com\/portal\/concurso-advogado-canela-rs\/\" \/>\n<meta property=\"og:site_name\" content=\"Blog - Carreiras Jur\u00eddicas - Estrat\u00e9gia\" \/>\n<meta property=\"article:publisher\" content=\"https:\/\/www.facebook.com\/estrategiacarreirajuridica\/\" \/>\n<meta property=\"article:published_time\" content=\"2024-01-05T09:08:00+00:00\" \/>\n<meta property=\"article:modified_time\" content=\"2026-03-06T16:08:03+00:00\" \/>\n<meta property=\"og:image\" content=\"https:\/\/cj.estrategia.com\/portal\/wp-content\/uploads\/2024\/06\/26133407\/concurso_advogados.jpg\" \/>\n\t<meta property=\"og:image:width\" content=\"300\" \/>\n\t<meta property=\"og:image:height\" content=\"200\" \/>\n\t<meta property=\"og:image:type\" content=\"image\/jpeg\" \/>\n<meta name=\"author\" content=\"Coordena\u00e7\u00e3o\" \/>\n<meta name=\"twitter:card\" content=\"summary_large_image\" \/>\n<meta name=\"twitter:creator\" content=\"@EstratJuridica\" \/>\n<meta name=\"twitter:site\" content=\"@EstratJuridica\" \/>\n<meta name=\"twitter:label1\" content=\"Escrito por\" \/>\n\t<meta name=\"twitter:data1\" content=\"Coordena\u00e7\u00e3o\" \/>\n\t<meta name=\"twitter:label2\" content=\"Est. tempo de leitura\" \/>\n\t<meta name=\"twitter:data2\" content=\"4 minutos\" \/>\n<script type=\"application\/ld+json\" class=\"yoast-schema-graph\">{\"@context\":\"https:\\\/\\\/schema.org\",\"@graph\":[{\"@type\":\"NewsArticle\",\"@id\":\"https:\\\/\\\/cj.estrategia.com\\\/portal\\\/concurso-advogado-canela-rs\\\/#article\",\"isPartOf\":{\"@id\":\"https:\\\/\\\/cj.estrategia.com\\\/portal\\\/concurso-advogado-canela-rs\\\/\"},\"author\":{\"name\":\"Coordena\u00e7\u00e3o\",\"@id\":\"https:\\\/\\\/cj.estrategia.com\\\/portal\\\/#\\\/schema\\\/person\\\/4d70317d31449932b99102916b6637f5\"},\"headline\":\"Concurso Advogado Canela RS: SAIU o resultado final!\",\"datePublished\":\"2024-01-05T09:08:00+00:00\",\"dateModified\":\"2026-03-06T16:08:03+00:00\",\"mainEntityOfPage\":{\"@id\":\"https:\\\/\\\/cj.estrategia.com\\\/portal\\\/concurso-advogado-canela-rs\\\/\"},\"wordCount\":535,\"commentCount\":0,\"publisher\":{\"@id\":\"https:\\\/\\\/cj.estrategia.com\\\/portal\\\/#organization\"},\"image\":{\"@id\":\"https:\\\/\\\/cj.estrategia.com\\\/portal\\\/concurso-advogado-canela-rs\\\/#primaryimage\"},\"thumbnailUrl\":\"https:\\\/\\\/cj.estrategia.com\\\/portal\\\/wp-content\\\/uploads\\\/2024\\\/06\\\/26133407\\\/concurso_advogados.jpg\",\"articleSection\":[\"Carreiras Jur\u00eddicas\"],\"inLanguage\":\"pt-BR\",\"potentialAction\":[{\"@type\":\"CommentAction\",\"name\":\"Comment\",\"target\":[\"https:\\\/\\\/cj.estrategia.com\\\/portal\\\/concurso-advogado-canela-rs\\\/#respond\"]}],\"accessibilityFeature\":[\"tableOfContents\"]},{\"@type\":\"WebPage\",\"@id\":\"https:\\\/\\\/cj.estrategia.com\\\/portal\\\/concurso-advogado-canela-rs\\\/\",\"url\":\"https:\\\/\\\/cj.estrategia.com\\\/portal\\\/concurso-advogado-canela-rs\\\/\",\"name\":\"Concurso Advogado Canela RS: SAIU o resultado final!\",\"isPartOf\":{\"@id\":\"https:\\\/\\\/cj.estrategia.com\\\/portal\\\/#website\"},\"primaryImageOfPage\":{\"@id\":\"https:\\\/\\\/cj.estrategia.com\\\/portal\\\/concurso-advogado-canela-rs\\\/#primaryimage\"},\"image\":{\"@id\":\"https:\\\/\\\/cj.estrategia.com\\\/portal\\\/concurso-advogado-canela-rs\\\/#primaryimage\"},\"thumbnailUrl\":\"https:\\\/\\\/cj.estrategia.com\\\/portal\\\/wp-content\\\/uploads\\\/2024\\\/06\\\/26133407\\\/concurso_advogados.jpg\",\"datePublished\":\"2024-01-05T09:08:00+00:00\",\"dateModified\":\"2026-03-06T16:08:03+00:00\",\"description\":\"Concurso Advogado Prefeitura de Canela RS: iniciais passam dos R$ 6 mil. Confira AQUI os detalhes desta sele\u00e7\u00e3o!\",\"breadcrumb\":{\"@id\":\"https:\\\/\\\/cj.estrategia.com\\\/portal\\\/concurso-advogado-canela-rs\\\/#breadcrumb\"},\"inLanguage\":\"pt-BR\",\"potentialAction\":[{\"@type\":\"ReadAction\",\"target\":[\"https:\\\/\\\/cj.estrategia.com\\\/portal\\\/concurso-advogado-canela-rs\\\/\"]}]},{\"@type\":\"ImageObject\",\"inLanguage\":\"pt-BR\",\"@id\":\"https:\\\/\\\/cj.estrategia.com\\\/portal\\\/concurso-advogado-canela-rs\\\/#primaryimage\",\"url\":\"https:\\\/\\\/cj.estrategia.com\\\/portal\\\/wp-content\\\/uploads\\\/2024\\\/06\\\/26133407\\\/concurso_advogados.jpg\",\"contentUrl\":\"https:\\\/\\\/cj.estrategia.com\\\/portal\\\/wp-content\\\/uploads\\\/2024\\\/06\\\/26133407\\\/concurso_advogados.jpg\",\"width\":300,\"height\":200},{\"@type\":\"BreadcrumbList\",\"@id\":\"https:\\\/\\\/cj.estrategia.com\\\/portal\\\/concurso-advogado-canela-rs\\\/#breadcrumb\",\"itemListElement\":[{\"@type\":\"ListItem\",\"position\":1,\"name\":\"In\u00edcio\",\"item\":\"https:\\\/\\\/cj.estrategia.com\\\/portal\\\/\"},{\"@type\":\"ListItem\",\"position\":2,\"name\":\"Concurso Advogado Canela RS: SAIU o resultado final!\"}]},{\"@type\":\"WebSite\",\"@id\":\"https:\\\/\\\/cj.estrategia.com\\\/portal\\\/#website\",\"url\":\"https:\\\/\\\/cj.estrategia.com\\\/portal\\\/\",\"name\":\"Blog - Carreiras Jur\u00eddicas - Estrat\u00e9gia\",\"description\":\"\",\"publisher\":{\"@id\":\"https:\\\/\\\/cj.estrategia.com\\\/portal\\\/#organization\"},\"potentialAction\":[{\"@type\":\"SearchAction\",\"target\":{\"@type\":\"EntryPoint\",\"urlTemplate\":\"https:\\\/\\\/cj.estrategia.com\\\/portal\\\/?s={search_term_string}\"},\"query-input\":{\"@type\":\"PropertyValueSpecification\",\"valueRequired\":true,\"valueName\":\"search_term_string\"}}],\"inLanguage\":\"pt-BR\"},{\"@type\":\"Organization\",\"@id\":\"https:\\\/\\\/cj.estrategia.com\\\/portal\\\/#organization\",\"name\":\"Estrat\u00e9gia - Carreiras Jur\u00eddicas\",\"url\":\"https:\\\/\\\/cj.estrategia.com\\\/portal\\\/\",\"logo\":{\"@type\":\"ImageObject\",\"inLanguage\":\"pt-BR\",\"@id\":\"https:\\\/\\\/cj.estrategia.com\\\/portal\\\/#\\\/schema\\\/logo\\\/image\\\/\",\"url\":\"https:\\\/\\\/cj.estrategia.com\\\/portal\\\/wp-content\\\/uploads\\\/2022\\\/03\\\/11151052\\\/cj-logo.png\",\"contentUrl\":\"https:\\\/\\\/cj.estrategia.com\\\/portal\\\/wp-content\\\/uploads\\\/2022\\\/03\\\/11151052\\\/cj-logo.png\",\"width\":150,\"height\":39,\"caption\":\"Estrat\u00e9gia - Carreiras Jur\u00eddicas\"},\"image\":{\"@id\":\"https:\\\/\\\/cj.estrategia.com\\\/portal\\\/#\\\/schema\\\/logo\\\/image\\\/\"},\"sameAs\":[\"https:\\\/\\\/www.facebook.com\\\/estrategiacarreirajuridica\\\/\",\"https:\\\/\\\/x.com\\\/EstratJuridica\",\"https:\\\/\\\/www.instagram.com\\\/estrategiacarreirajuridica\\\/\",\"https:\\\/\\\/www.youtube.com\\\/channel\\\/UClbMGuYbj2Mh1m3w144ETWQ\"]},{\"@type\":\"Person\",\"@id\":\"https:\\\/\\\/cj.estrategia.com\\\/portal\\\/#\\\/schema\\\/person\\\/4d70317d31449932b99102916b6637f5\",\"name\":\"Coordena\u00e7\u00e3o\",\"image\":{\"@type\":\"ImageObject\",\"inLanguage\":\"pt-BR\",\"@id\":\"https:\\\/\\\/cj.estrategia.com\\\/portal\\\/wp-content\\\/uploads\\\/2022\\\/05\\\/12164923\\\/estrategia-carreira-juridica-coordenacao-96x96.png\",\"url\":\"https:\\\/\\\/cj.estrategia.com\\\/portal\\\/wp-content\\\/uploads\\\/2022\\\/05\\\/12164923\\\/estrategia-carreira-juridica-coordenacao-96x96.png\",\"contentUrl\":\"https:\\\/\\\/cj.estrategia.com\\\/portal\\\/wp-content\\\/uploads\\\/2022\\\/05\\\/12164923\\\/estrategia-carreira-juridica-coordenacao-96x96.png\",\"caption\":\"Coordena\u00e7\u00e3o\"},\"url\":\"https:\\\/\\\/cj.estrategia.com\\\/portal\\\/author\\\/coordenacao\\\/\"}]}<\/script>\n<!-- \/ Yoast SEO Premium plugin. -->","yoast_head_json":{"title":"Concurso Advogado Canela RS: SAIU o resultado final!","description":"Concurso Advogado Prefeitura de Canela RS: iniciais passam dos R$ 6 mil. Confira AQUI os detalhes desta sele\u00e7\u00e3o!","robots":{"index":"index","follow":"follow","max-snippet":"max-snippet:-1","max-image-preview":"max-image-preview:large","max-video-preview":"max-video-preview:-1"},"canonical":"https:\/\/cj.estrategia.com\/portal\/concurso-advogado-canela-rs\/","og_locale":"pt_BR","og_type":"article","og_title":"Concurso Advogado Canela RS: SAIU o resultado final!","og_description":"Concurso Advogado Prefeitura de Canela RS: iniciais passam dos R$ 6 mil. Confira AQUI os detalhes desta sele\u00e7\u00e3o!","og_url":"https:\/\/cj.estrategia.com\/portal\/concurso-advogado-canela-rs\/","og_site_name":"Blog - Carreiras Jur\u00eddicas - Estrat\u00e9gia","article_publisher":"https:\/\/www.facebook.com\/estrategiacarreirajuridica\/","article_published_time":"2024-01-05T09:08:00+00:00","article_modified_time":"2026-03-06T16:08:03+00:00","og_image":[{"width":300,"height":200,"url":"https:\/\/cj.estrategia.com\/portal\/wp-content\/uploads\/2024\/06\/26133407\/concurso_advogados.jpg","type":"image\/jpeg"}],"author":"Coordena\u00e7\u00e3o","twitter_card":"summary_large_image","twitter_creator":"@EstratJuridica","twitter_site":"@EstratJuridica","twitter_misc":{"Escrito por":"Coordena\u00e7\u00e3o","Est. tempo de leitura":"4 minutos"},"schema":{"@context":"https:\/\/schema.org","@graph":[{"@type":"NewsArticle","@id":"https:\/\/cj.estrategia.com\/portal\/concurso-advogado-canela-rs\/#article","isPartOf":{"@id":"https:\/\/cj.estrategia.com\/portal\/concurso-advogado-canela-rs\/"},"author":{"name":"Coordena\u00e7\u00e3o","@id":"https:\/\/cj.estrategia.com\/portal\/#\/schema\/person\/4d70317d31449932b99102916b6637f5"},"headline":"Concurso Advogado Canela RS: SAIU o resultado final!","datePublished":"2024-01-05T09:08:00+00:00","dateModified":"2026-03-06T16:08:03+00:00","mainEntityOfPage":{"@id":"https:\/\/cj.estrategia.com\/portal\/concurso-advogado-canela-rs\/"},"wordCount":535,"commentCount":0,"publisher":{"@id":"https:\/\/cj.estrategia.com\/portal\/#organization"},"image":{"@id":"https:\/\/cj.estrategia.com\/portal\/concurso-advogado-canela-rs\/#primaryimage"},"thumbnailUrl":"https:\/\/cj.estrategia.com\/portal\/wp-content\/uploads\/2024\/06\/26133407\/concurso_advogados.jpg","articleSection":["Carreiras Jur\u00eddicas"],"inLanguage":"pt-BR","potentialAction":[{"@type":"CommentAction","name":"Comment","target":["https:\/\/cj.estrategia.com\/portal\/concurso-advogado-canela-rs\/#respond"]}],"accessibilityFeature":["tableOfContents"]},{"@type":"WebPage","@id":"https:\/\/cj.estrategia.com\/portal\/concurso-advogado-canela-rs\/","url":"https:\/\/cj.estrategia.com\/portal\/concurso-advogado-canela-rs\/","name":"Concurso Advogado Canela RS: SAIU o resultado final!","isPartOf":{"@id":"https:\/\/cj.estrategia.com\/portal\/#website"},"primaryImageOfPage":{"@id":"https:\/\/cj.estrategia.com\/portal\/concurso-advogado-canela-rs\/#primaryimage"},"image":{"@id":"https:\/\/cj.estrategia.com\/portal\/concurso-advogado-canela-rs\/#primaryimage"},"thumbnailUrl":"https:\/\/cj.estrategia.com\/portal\/wp-content\/uploads\/2024\/06\/26133407\/concurso_advogados.jpg","datePublished":"2024-01-05T09:08:00+00:00","dateModified":"2026-03-06T16:08:03+00:00","description":"Concurso Advogado Prefeitura de Canela RS: iniciais passam dos R$ 6 mil. Confira AQUI os detalhes desta sele\u00e7\u00e3o!","breadcrumb":{"@id":"https:\/\/cj.estrategia.com\/portal\/concurso-advogado-canela-rs\/#breadcrumb"},"inLanguage":"pt-BR","potentialAction":[{"@type":"ReadAction","target":["https:\/\/cj.estrategia.com\/portal\/concurso-advogado-canela-rs\/"]}]},{"@type":"ImageObject","inLanguage":"pt-BR","@id":"https:\/\/cj.estrategia.com\/portal\/concurso-advogado-canela-rs\/#primaryimage","url":"https:\/\/cj.estrategia.com\/portal\/wp-content\/uploads\/2024\/06\/26133407\/concurso_advogados.jpg","contentUrl":"https:\/\/cj.estrategia.com\/portal\/wp-content\/uploads\/2024\/06\/26133407\/concurso_advogados.jpg","width":300,"height":200},{"@type":"BreadcrumbList","@id":"https:\/\/cj.estrategia.com\/portal\/concurso-advogado-canela-rs\/#breadcrumb","itemListElement":[{"@type":"ListItem","position":1,"name":"In\u00edcio","item":"https:\/\/cj.estrategia.com\/portal\/"},{"@type":"ListItem","position":2,"name":"Concurso Advogado Canela RS: SAIU o resultado final!"}]},{"@type":"WebSite","@id":"https:\/\/cj.estrategia.com\/portal\/#website","url":"https:\/\/cj.estrategia.com\/portal\/","name":"Blog - Carreiras Jur\u00eddicas - Estrat\u00e9gia","description":"","publisher":{"@id":"https:\/\/cj.estrategia.com\/portal\/#organization"},"potentialAction":[{"@type":"SearchAction","target":{"@type":"EntryPoint","urlTemplate":"https:\/\/cj.estrategia.com\/portal\/?s={search_term_string}"},"query-input":{"@type":"PropertyValueSpecification","valueRequired":true,"valueName":"search_term_string"}}],"inLanguage":"pt-BR"},{"@type":"Organization","@id":"https:\/\/cj.estrategia.com\/portal\/#organization","name":"Estrat\u00e9gia - Carreiras Jur\u00eddicas","url":"https:\/\/cj.estrategia.com\/portal\/","logo":{"@type":"ImageObject","inLanguage":"pt-BR","@id":"https:\/\/cj.estrategia.com\/portal\/#\/schema\/logo\/image\/","url":"https:\/\/cj.estrategia.com\/portal\/wp-content\/uploads\/2022\/03\/11151052\/cj-logo.png","contentUrl":"https:\/\/cj.estrategia.com\/portal\/wp-content\/uploads\/2022\/03\/11151052\/cj-logo.png","width":150,"height":39,"caption":"Estrat\u00e9gia - Carreiras Jur\u00eddicas"},"image":{"@id":"https:\/\/cj.estrategia.com\/portal\/#\/schema\/logo\/image\/"},"sameAs":["https:\/\/www.facebook.com\/estrategiacarreirajuridica\/","https:\/\/x.com\/EstratJuridica","https:\/\/www.instagram.com\/estrategiacarreirajuridica\/","https:\/\/www.youtube.com\/channel\/UClbMGuYbj2Mh1m3w144ETWQ"]},{"@type":"Person","@id":"https:\/\/cj.estrategia.com\/portal\/#\/schema\/person\/4d70317d31449932b99102916b6637f5","name":"Coordena\u00e7\u00e3o","image":{"@type":"ImageObject","inLanguage":"pt-BR","@id":"https:\/\/cj.estrategia.com\/portal\/wp-content\/uploads\/2022\/05\/12164923\/estrategia-carreira-juridica-coordenacao-96x96.png","url":"https:\/\/cj.estrategia.com\/portal\/wp-content\/uploads\/2022\/05\/12164923\/estrategia-carreira-juridica-coordenacao-96x96.png","contentUrl":"https:\/\/cj.estrategia.com\/portal\/wp-content\/uploads\/2022\/05\/12164923\/estrategia-carreira-juridica-coordenacao-96x96.png","caption":"Coordena\u00e7\u00e3o"},"url":"https:\/\/cj.estrategia.com\/portal\/author\/coordenacao\/"}]}},"jetpack_featured_media_url":"https:\/\/cj.estrategia.com\/portal\/wp-content\/uploads\/2024\/06\/26133407\/concurso_advogados.jpg","jetpack_sharing_enabled":true,"_links":{"self":[{"href":"https:\/\/cj.estrategia.com\/portal\/wp-json\/wp\/v2\/posts\/42702","targetHints":{"allow":["GET"]}}],"collection":[{"href":"https:\/\/cj.estrategia.com\/portal\/wp-json\/wp\/v2\/posts"}],"about":[{"href":"https:\/\/cj.estrategia.com\/portal\/wp-json\/wp\/v2\/types\/post"}],"author":[{"embeddable":true,"href":"https:\/\/cj.estrategia.com\/portal\/wp-json\/wp\/v2\/users\/12"}],"replies":[{"embeddable":true,"href":"https:\/\/cj.estrategia.com\/portal\/wp-json\/wp\/v2\/comments?post=42702"}],"version-history":[{"count":0,"href":"https:\/\/cj.estrategia.com\/portal\/wp-json\/wp\/v2\/posts\/42702\/revisions"}],"wp:featuredmedia":[{"embeddable":true,"href":"https:\/\/cj.estrategia.com\/portal\/wp-json\/wp\/v2\/media\/67166"}],"wp:attachment":[{"href":"https:\/\/cj.estrategia.com\/portal\/wp-json\/wp\/v2\/media?parent=42702"}],"wp:term":[{"taxonomy":"category","embeddable":true,"href":"https:\/\/cj.estrategia.com\/portal\/wp-json\/wp\/v2\/categories?post=42702"},{"taxonomy":"post_tag","embeddable":true,"href":"https:\/\/cj.estrategia.com\/portal\/wp-json\/wp\/v2\/tags?post=42702"},{"taxonomy":"tax_estado","embeddable":true,"href":"https:\/\/cj.estrategia.com\/portal\/wp-json\/wp\/v2\/tax_estado?post=42702"}],"curies":[{"name":"wp","href":"https:\/\/api.w.org\/{rel}","templated":true}]}}