{"id":42651,"date":"2026-04-24T19:37:45","date_gmt":"2026-04-24T22:37:45","guid":{"rendered":"https:\/\/cj.estrategia.com\/portal\/?p=42651"},"modified":"2026-04-24T19:37:48","modified_gmt":"2026-04-24T22:37:48","slug":"residencia-pge-sp","status":"publish","type":"post","link":"https:\/\/cj.estrategia.com\/portal\/residencia-pge-sp\/","title":{"rendered":"Resid\u00eancia Jur\u00eddica PGE SP: resultado preliminar da prova objetiva dispon\u00edvel!"},"content":{"rendered":"<a id=\"cta-icon\" href=\"https:\/\/sndflw.com\/i\/procuradorias-grupo\" target=\"blank\" style=\"background:rgb(41,166,26)\">\n            <img decoding=\"async\" src=\"https:\/\/cj.estrategia.com\/portal\/wp-content\/uploads\/2023\/12\/07160657\/whatsapp_1385.webp\" alt=\"\" alt=\"whatsapp_1385\"><span > Acesse agora o Grupo de Estudos para Concurso de Procuradorias <\/span><\/a>\n\n\n\n<p>Foi divulgado o <strong>resultado preliminar da prova objetiva<\/strong> do <strong>Programa de Resid\u00eancia Jur\u00eddica da PGE SP,<\/strong> que oferta 100 vagas imediatas, al\u00e9m de cadastro de reserva. Confira:<\/p>\n\n\n\n<ul class=\"wp-block-list\">\n<li><a href=\"https:\/\/cj.estrategia.com\/portal\/wp-content\/uploads\/2026\/04\/24193713\/1067_Edital_09-2026_NotasPreliminares_TO_Combinado_69ebc5eb96653.pdf\" target=\"_blank\" >Resultado preliminar da prova objetiva<\/a><\/li>\n<\/ul>\n\n\n\n<p>As provas foram aplicadas no dia 31 de mar\u00e7o. Ao todo, 999 candidatos se inscreveram, resultando em uma concorr\u00eancia de 9,99 candidatos por vaga. Desse total, 25 candidatos se declararam pessoas com defici\u00eancia.<\/p>\n\n\n\n<p>O certame \u00e9 organizado pela Funda\u00e7\u00e3o Universidade Empresa de Tecnologia e Ci\u00eancias (Fundatec) e tem como objetivo selecionar bachar\u00e9is em Direito que estejam cursando p\u00f3s-gradua\u00e7\u00e3o lato ou stricto sensu em institui\u00e7\u00e3o reconhecida.<\/p>\n\n\n\n<ul class=\"wp-block-list\"><\/ul>\n\n\n\n<ul id=\"block-1c25dbb6-3d50-4480-9da8-a10738a32581\" class=\"wp-block-list has-very-light-gray-to-cyan-bluish-gray-gradient-background has-background\">\n<li><strong>Resid\u00eancia Jur\u00eddica PGE SP<\/strong><\/li>\n\n\n\n<li><strong>Status:<\/strong>&nbsp;gabaritos dispon\u00edveis <\/li>\n\n\n\n<li><strong>Banca:&nbsp;<\/strong><a href=\"https:\/\/www.fundatec.org.br\/portal\/concursos\/index_concursos.php?concurso=1067\" target=\"_blank\" >Fundatec<\/a><\/li>\n\n\n\n<li><strong>Vagas:&nbsp;<\/strong>100 + CR<\/li>\n\n\n\n<li><strong>Bolsa-aux\u00edlio:<\/strong>&nbsp;R$ 1.903,98,<\/li>\n<\/ul>\n\n\n\n<div class=\"container\" id=\"boxes\">\n  <div class=\"row\">\n\n    <div class=\"col-sm\">\n      <div class=\"banner-ecj-procuradorias\" id=\"box-assinatura\">\n        <h2 id=\"cursos-para-residencia-juridica-pge-sp\" class=\"titulo-assinatura\"><span style=\"color: #ffffff; font-size: 23px; \">Cursos para Resid\u00eancia Jur\u00eddica PGE SP<\/span><\/h2>\n        <p class=\"subtitulo-assinatura\">Cursos focados no edital!<\/p>\n        <div class=\"box-botao\">\n          <a class=\"btn-assinatura-juridica\" target=\"_blank\" href=\"https:\/\/cj.estrategia.com\/concurso\/cursos-para-procuradorias-e-advogados\" role=\"button\" rel=\"noopener noreferrer\">CLIQUE AQUI<\/a>\n        <\/div>\n      <\/div>\n      <p class=\"texto-auxiliar\">Prepare-se com o melhor material e com quem mais aprova em concursos em todo o pa\u00eds. \n<\/p>\n    <\/div>\n\n  <\/div>\n<\/div>\n\n\n\n<div class=\"wp-block-yoast-seo-table-of-contents yoast-table-of-contents\"><ul><li><a href=\"#h-residencia-juridica-pge-sp-situacao-atual\" data-level=\"2\">Resid\u00eancia Jur\u00eddica PGE SP: situa\u00e7\u00e3o atual<\/a><ul><li><a href=\"#h-principais-datas\" data-level=\"3\">Principais datas<\/a><\/li><li><a href=\"#h-resultados-e-documentos-importantes\" data-level=\"3\">Resultados e documentos importantes<\/a><\/li><li><a href=\"#h-bolsa-carga-horaria-e-estrutura-do-programa\" data-level=\"3\">Bolsa, carga hor\u00e1ria e estrutura do programa<\/a><\/li><\/ul><\/li><li><a href=\"#h-como-serao-as-etapas-da-proxima-residencia-juridica\" data-level=\"2\">Como ser\u00e3o as etapas da pr\u00f3xima Resid\u00eancia Jur\u00eddica?<\/a><ul><li><a href=\"#h-prova-objetiva-e-discursiva\" data-level=\"3\">Prova objetiva e discursiva<\/a><\/li><\/ul><\/li><li><a href=\"#etapas-e-provas-concurso-camara-valenca\" data-level=\"2\">Como foi a \u00faltima Resid\u00eancia Jur\u00eddica PGE SP (2025)?<\/a><ul><li><a href=\"#h-cargos-e-vagas\" data-level=\"3\">Cargos e vagas<\/a><\/li><li><a href=\"#h-material-de-estudo\" data-level=\"3\">Material de Estudo<\/a><\/li><\/ul><\/li><\/ul><\/div>\n\n\n\n<h2 class=\"wp-block-heading\" id=\"h-residencia-juridica-pge-sp-situacao-atual\"><span id=\"residencia-juridica-pge-sp-situacao-atual\">Resid\u00eancia Jur\u00eddica PGE SP: situa\u00e7\u00e3o atual<\/span><\/h2>\n\n\n\n<h3 class=\"wp-block-heading\" id=\"h-principais-datas\"><span id=\"principais-datas\">Principais datas<\/span><\/h3>\n\n\n\n<ul class=\"wp-block-list has-very-light-gray-to-cyan-bluish-gray-gradient-background has-background\">\n<li><strong>Qual o prazo de inscri\u00e7\u00f5es? <\/strong><s>12\/02\/2026 a 10\/03\/2026<\/s><\/li>\n\n\n\n<li><strong>At\u00e9 quando eu posso solicitar a isen\u00e7\u00e3o da taxa?<\/strong> <s>12 e 13\/02\/2026<\/s><\/li>\n\n\n\n<li><strong>At\u00e9 quando posso pagar a taxa?<\/strong> <s>11\/03\/2026<\/s><\/li>\n\n\n\n<li><strong>Quando ser\u00e1 a prova? <\/strong><s>31\/03\/2026<\/s><\/li>\n<\/ul>\n\n\n\n<h3 class=\"wp-block-heading\" id=\"h-resultados-e-documentos-importantes\"><span id=\"resultados-e-documentos-importantes\">Resultados e documentos importantes<\/span><\/h3>\n\n\n\n<ul class=\"wp-block-list\">\n<li><a href=\"https:\/\/cj.estrategia.com\/portal\/wp-content\/uploads\/2026\/04\/24193713\/1067_Edital_09-2026_NotasPreliminares_TO_Combinado_69ebc5eb96653.pdf\" target=\"_blank\" >Resultado preliminar da prova objetiva<\/a><\/li>\n\n\n\n<li><a href=\"https:\/\/cj.estrategia.com\/portal\/wp-content\/uploads\/2026\/04\/17111552\/1067_Edital_08-2026_GabaritosDefinitivosdasProvasTO_COMRECURSO_69e236128f623.cleaned.pdf\">Gabarito definitivo Resid\u00eancia Jur\u00eddica PGE SP<\/a><\/li>\n\n\n\n<li><a href=\"https:\/\/cj.estrategia.com\/portal\/wp-content\/uploads\/2026\/03\/24214139\/demanda-de-inscritos.pdf\" target=\"_blank\" >Demanda de candidatos por vaga<\/a><\/li>\n\n\n\n<li><a href=\"https:\/\/cj.estrategia.com\/portal\/wp-content\/uploads\/2026\/01\/07172101\/SEI_0093986830_Despacho.pdf\" target=\"_blank\" >Despacho<\/a>.<\/li>\n\n\n\n<li><strong><a href=\"https:\/\/cj.estrategia.com\/portal\/wp-content\/uploads\/2026\/01\/07172101\/132_2025.pdf\" target=\"_blank\" >Termo de Refer\u00eancia<\/a><\/strong>,<\/li>\n<\/ul>\n\n\n\n<h3 class=\"wp-block-heading has-medium-font-size\" id=\"h-bolsa-carga-horaria-e-estrutura-do-programa\"><span id=\"bolsa-carga-horaria-e-estrutura-do-programa\">Bolsa, carga hor\u00e1ria e estrutura do programa<\/span><\/h3>\n\n\n\n<p>Os residentes far\u00e3o jus a bolsa-aux\u00edlio no valor de R$ 1.903,98, al\u00e9m de aux\u00edlio-transporte e seguro contra acidentes pessoais. A carga hor\u00e1ria do treinamento pr\u00e1tico ser\u00e1 de 20 horas semanais, distribu\u00eddas em quatro horas di\u00e1rias.<\/p>\n\n\n\n<p>O Programa de Resid\u00eancia Jur\u00eddica combina atividades acad\u00eamicas e treinamento pr\u00e1tico. Al\u00e9m da frequ\u00eancia obrigat\u00f3ria ao curso de p\u00f3s-gradua\u00e7\u00e3o, os residentes dever\u00e3o participar de atividades complementares promovidas pelo Centro de Estudos da PGE\/SP e apresentar artigo jur\u00eddico relacionado \u00e0 \u00e1rea de atua\u00e7\u00e3o na institui\u00e7\u00e3o. <\/p>\n\n\n\n<h2 class=\"wp-block-heading\" id=\"h-como-serao-as-etapas-da-proxima-residencia-juridica\"><span id=\"como-serao-as-etapas-da-proxima-residencia-juridica\">Como ser\u00e3o as etapas da pr\u00f3xima Resid\u00eancia Jur\u00eddica?<\/span><\/h2>\n\n\n\n<p><strong>Etapa \u00fanica (virtual)<\/strong><\/p>\n\n\n\n<ul class=\"wp-block-list\">\n<li>Aplica\u00e7\u00e3o simult\u00e2nea para todos os candidatos, em data e hor\u00e1rio a serem definidos.<\/li>\n<\/ul>\n\n\n\n<p><strong>Provas<\/strong><\/p>\n\n\n\n<ul class=\"wp-block-list\">\n<li><strong>Prova objetiva<\/strong>:<br>50 quest\u00f5es de m\u00faltipla escolha (A a E)<br>Car\u00e1ter eliminat\u00f3rio e classificat\u00f3rio<br>Conte\u00fados espec\u00edficos do edital<\/li>\n\n\n\n<li><strong>Prova discursiva<\/strong>:<br>1 quest\u00e3o dissertativa<br>Tema de atualidade<br>M\u00ednimo de 10 linhas<br>Avalia\u00e7\u00e3o da escrita formal da l\u00edngua portuguesa<\/li>\n<\/ul>\n\n\n\n<p><strong>Formato da prova<\/strong><\/p>\n\n\n\n<ul class=\"wp-block-list\">\n<li>Realiza\u00e7\u00e3o online, com computador, internet e c\u00e2mera<\/li>\n\n\n\n<li>Monitoramento por sistema com reconhecimento facial e controle antifraude<\/li>\n\n\n\n<li>Possibilidade de realiza\u00e7\u00e3o da prova em qualquer local<\/li>\n<\/ul>\n\n\n\n<h3 class=\"wp-block-heading\" id=\"h-prova-objetiva-e-discursiva\"><span id=\"prova-objetiva-e-discursiva\">Prova objetiva e discursiva <\/span><\/h3>\n\n\n\n<p>O processo seletivo foi realizado em duas etapas, ambas em formato on-line: prova objetiva e prova de reda\u00e7\u00e3o.<\/p>\n\n\n\n<p>A avalia\u00e7\u00e3o objetiva contou com 50 quest\u00f5es de m\u00faltipla escolha, distribu\u00eddas entre as disciplinas de Direito Constitucional e Advocacia P\u00fablica, Direito Administrativo, Direito Processual Civil, Direito Tribut\u00e1rio, Direito do Trabalho e Processual do Trabalho, e Direito Civil.<\/p>\n\n\n\n<p>A reda\u00e7\u00e3o consistiu na elabora\u00e7\u00e3o de texto dissertativo-argumentativo sobre tema da atualidade, com valor m\u00e1ximo de 50 pontos. Ser\u00e3o eliminados os candidatos que n\u00e3o atingirem 30 pontos na prova objetiva ou que zerarem a reda\u00e7\u00e3o.<\/p>\n\n\n\n<h2 class=\"wp-block-heading\" id=\"etapas-e-provas-concurso-camara-valenca\"><span id=\"como-foi-a-ultima-residencia-juridica-pge-sp-2025\">Como foi a \u00faltima Resid\u00eancia Jur\u00eddica PGE SP (2025)?<\/span><\/h2>\n\n\n\n<h3 class=\"wp-block-heading\" id=\"h-cargos-e-vagas\"><span id=\"cargos-e-vagas\">Cargos e vagas<\/span><\/h3>\n\n\n<div class=\"wp-block-image\">\n<figure class=\"aligncenter size-full\"><img decoding=\"async\" width=\"362\" height=\"287\" src=\"https:\/\/cj.estrategia.com\/portal\/wp-content\/uploads\/2024\/07\/31145547\/image-76.png\" alt=\"Distribui\u00e7\u00e3o das vagas por cidade de resid\u00eancia \" class=\"wp-image-71035\" srcset=\"https:\/\/cj.estrategia.com\/portal\/wp-content\/uploads\/2024\/07\/31145547\/image-76.png 362w, https:\/\/cj.estrategia.com\/portal\/wp-content\/uploads\/2024\/07\/31145547\/image-76-300x238.png 300w, https:\/\/cj.estrategia.com\/portal\/wp-content\/uploads\/2024\/07\/31145547\/image-76-150x119.png 150w\" sizes=\"(max-width: 362px) 100vw, 362px\" \/><\/figure>\n<\/div>\n\n\n<p>Vale lembrar que a PGE SP <strong>publicou, em outubro de 2025, a homologa\u00e7\u00e3o do resultado final do \u00faltimo programa de Resid\u00eancia Jur\u00eddica<\/strong>. Confira o documento:<\/p>\n\n\n\n<ul class=\"wp-block-list\">\n<li><a href=\"https:\/\/cj.estrategia.com\/portal\/wp-content\/uploads\/2024\/12\/10081157\/residencia-pge-sp-1.pdf\" target=\"_blank\" >Resultado Final Homologado<\/a>.<\/li>\n<\/ul>\n\n\n\n<p>Na \u00e9poca, foram ofertadas <strong>300 vagas<\/strong> para bachar\u00e9is em Direito, que estavam cursando p\u00f3s-gradua\u00e7\u00e3o lato ou stricto sensu em Direito.<\/p>\n\n\n\n<h3 class=\"wp-block-heading\" id=\"h-material-de-estudo\"><span id=\"material-de-estudo\">Material de Estudo <\/span><\/h3>\n\n\n\n<ul class=\"wp-block-list\">\n<li><a href=\"https:\/\/cj.estrategia.com\/portal\/provas-comentadas-de-carreiras-juridicas\/\" target=\"_blank\" >Provas comentadas de carreiras jur\u00eddicas<\/a><\/li>\n\n\n\n<li><a href=\"https:\/\/cj.estrategia.com\/portal\/wp-content\/uploads\/2025\/04\/27100217\/caderno-de-prova-PGE-SP-residencia.pdf\" target=\"_blank\" >Caderno de prova<\/a><\/li>\n\n\n\n<li><a href=\"https:\/\/cj.estrategia.com\/portal\/wp-content\/uploads\/2025\/04\/27100259\/espelho-da-discursiva-pge-sp-residencia.pdf\" target=\"_blank\" >Espelho da prova discursiva<\/a><\/li>\n\n\n\n<li><a href=\"https:\/\/www.youtube.com\/watch?v=5cf3w0H3aCw\" target=\"_blank\" >Resid\u00eancia PGE SP &#8211; An\u00e1lise de Edital<\/a><\/li>\n<\/ul>\n\n\n\n<ul class=\"wp-block-list\">\n<li><\/li>\n<\/ul>\n\n\n\n<p class=\"has-text-align-center has-medium-font-size\"><strong><strong>Quer saber tudo sobre concursos previstos? Confira nossos artigos!<\/strong><\/strong><\/p>\n\n\n\n<ul class=\"wp-block-list\">\n<li><a href=\"https:\/\/cj.estrategia.com\/portal\/concursos-abertos-carreiras-juridicas\/\" target=\"_blank\" >Concursos Jur\u00eddicos abertos<\/a><\/li>\n\n\n\n<li><a href=\"https:\/\/cj.estrategia.com\/portal\/concursos-2025-carreiras-juridicas\/\" target=\"_blank\" ><\/a><a href=\"https:\/\/cj.estrategia.com\/portal\/concursos-juridicos-2026-prepare-se-para-os-proximos-editais\/\" target=\"_blank\" >Concursos Jur\u00eddicos 2026<\/a><\/li>\n\n\n\n<li><a href=\"https:\/\/cj.estrategia.com\/portal\/concursos-procuradorias\/\" target=\"_blank\" >Concursos Procuradorias<\/a><\/li>\n<\/ul>\n\n\n\n<p class=\"has-text-align-center has-medium-font-size\"><strong>Assinaturas Carreiras Jur\u00eddicas<\/strong><\/p>\n\n\n\n<div class=\"wp-block-cover\" style=\"min-height:155px;aspect-ratio:unset;\"><img decoding=\"async\" width=\"1890\" height=\"351\" class=\"wp-block-cover__image-background wp-image-8669\" alt=\"Assinaturas Jur\u00eddicas\" src=\"https:\/\/cj.estrategia.com\/portal\/wp-content\/uploads\/2022\/06\/20151253\/concurso-carreiras-juridicas-assinatura-juridica.jpg\" style=\"object-position:78% 43%\" data-object-fit=\"cover\" data-object-position=\"78% 43%\" srcset=\"https:\/\/cj.estrategia.com\/portal\/wp-content\/uploads\/2022\/06\/20151253\/concurso-carreiras-juridicas-assinatura-juridica.jpg 1890w, https:\/\/cj.estrategia.com\/portal\/wp-content\/uploads\/2022\/06\/20151253\/concurso-carreiras-juridicas-assinatura-juridica-300x56.jpg 300w, https:\/\/cj.estrategia.com\/portal\/wp-content\/uploads\/2022\/06\/20151253\/concurso-carreiras-juridicas-assinatura-juridica-1024x190.jpg 1024w, https:\/\/cj.estrategia.com\/portal\/wp-content\/uploads\/2022\/06\/20151253\/concurso-carreiras-juridicas-assinatura-juridica-768x143.jpg 768w, https:\/\/cj.estrategia.com\/portal\/wp-content\/uploads\/2022\/06\/20151253\/concurso-carreiras-juridicas-assinatura-juridica-1536x285.jpg 1536w, https:\/\/cj.estrategia.com\/portal\/wp-content\/uploads\/2022\/06\/20151253\/concurso-carreiras-juridicas-assinatura-juridica-380x71.jpg 380w, https:\/\/cj.estrategia.com\/portal\/wp-content\/uploads\/2022\/06\/20151253\/concurso-carreiras-juridicas-assinatura-juridica-800x149.jpg 800w, https:\/\/cj.estrategia.com\/portal\/wp-content\/uploads\/2022\/06\/20151253\/concurso-carreiras-juridicas-assinatura-juridica-1160x215.jpg 1160w\" sizes=\"(max-width: 1890px) 100vw, 1890px\" \/><span aria-hidden=\"true\" class=\"wp-block-cover__background has-background-dim\"><\/span><div class=\"wp-block-cover__inner-container is-layout-flow wp-block-cover-is-layout-flow\">\n<h3 id=\"faca-a-sua-assinatura\" class=\"titulo-assinatura\"><span style=\"color: #ffffff;\">Fa\u00e7a a sua assinatura!<\/span><\/h3>\n<p class=\"subtitulo-assinatura\" style=\"display:block!important; line-height: 0;\"><span style=\"color: #ffffff;\">Escolha a sua \u00e1rea.<\/span><\/p>\n<a target=\"_blank\" href=\"https:\/\/www.estrategiaconcursos.com.br\/assinaturas-ecj\/\" rel=\"noopener\"><button style=\"border-radius: 10px; text-transform: capitalize;\">Acessar<\/button><\/a>\n<\/div><\/div>\n\n\n\n<figure class=\"wp-block-image is-resized\" id=\"block-3b8bacaa-0670-4296-b2f0-212db5343bcc\"><img decoding=\"async\" src=\"https:\/\/dhg1h5j42swfq.cloudfront.net\/2021\/04\/21143859\/ficha-tecnica-161-1024x632.png\" alt=\"concurso pss resid\u00eancia jur\u00eddica PGM POA\" style=\"width:187px;height:115px\"\/><\/figure>\n\n\n\n<h4 class=\"wp-block-heading\" id=\"ficha-tecnica-rj\"><span id=\"informacoes-do-residencia-juridica-pge-sp\">Informa\u00e7\u00f5es do Resid\u00eancia Jur\u00eddica PGE SP<\/span><\/h4>\n\n\n\n<ul class=\"wp-block-list\">\n<li>Vagas: 100<\/li>\n\n\n\n<li>Banca: FUNDATEC<\/li>\n\n\n\n<li>Escolaridade: n\u00edvel superior em direito<\/li>\n\n\n\n<li><strong>Editais<\/strong>:\n<ul class=\"wp-block-list\">\n<li><a href=\"https:\/\/cj.estrategia.com\/portal\/wp-content\/uploads\/2026\/01\/12063924\/concursocjspresidenciajuridica.pdf\" target=\"_blank\" >Edital Resid\u00eancia PGE SP &#8211; 2026<\/a><\/li>\n\n\n\n<li><a href=\"https:\/\/www.fundatec.org.br\/portal\/concursos\/index_concursos.php?concurso=926\">Edital Resid\u00eancia PGE SP &#8211; 2024 <\/a><\/li>\n\n\n\n<li><a href=\"https:\/\/cj.estrategia.com\/portal\/wp-content\/uploads\/2023\/08\/28144557\/edital_abertura_Residencia-PGE-SP.pdf\">Edital Resid\u00eancia PGE SP &#8211; 2023<\/a><\/li>\n<\/ul>\n<\/li>\n<\/ul>\n","protected":false},"excerpt":{"rendered":"Edital oferta 100 vagas + CR. Confira o edital completo e continue a sua prepara\u00e7\u00e3o!\n","protected":false},"author":12,"featured_media":177715,"comment_status":"open","ping_status":"open","sticky":false,"template":"","format":"standard","meta":{"_jetpack_memberships_contains_paid_content":false,"footnotes":""},"categories":[24],"tags":[],"tax_estado":[56],"class_list":{"0":"post-42651","1":"post","2":"type-post","3":"status-publish","4":"format-standard","5":"has-post-thumbnail","7":"category-procuradoria","8":"tax_estado-sp"},"acf":[],"yoast_head":"<!-- This site is optimized with the Yoast SEO Premium plugin v27.4 (Yoast SEO v27.4) - https:\/\/yoast.com\/product\/yoast-seo-premium-wordpress\/ -->\n<title>Resid\u00eancia Jur\u00eddica PGE SP: resultado preliminar da prova objetiva dispon\u00edvel!<\/title>\n<meta name=\"description\" content=\"Resid\u00eancia Jur\u00eddica PGE SP: novo edital oferta 100 vagas + CR. Confira o edital completo e continue a sua prepara\u00e7\u00e3o!\" \/>\n<meta name=\"robots\" content=\"index, follow, max-snippet:-1, max-image-preview:large, max-video-preview:-1\" \/>\n<link rel=\"canonical\" href=\"https:\/\/cj.estrategia.com\/portal\/residencia-pge-sp\/\" \/>\n<meta property=\"og:locale\" content=\"pt_BR\" \/>\n<meta property=\"og:type\" content=\"article\" \/>\n<meta property=\"og:title\" content=\"Resid\u00eancia Jur\u00eddica PGE SP: resultado preliminar da prova objetiva dispon\u00edvel!\" \/>\n<meta property=\"og:description\" content=\"Resid\u00eancia Jur\u00eddica PGE SP: novo edital oferta 100 vagas + CR. Confira o edital completo e continue a sua prepara\u00e7\u00e3o!\" \/>\n<meta property=\"og:url\" content=\"https:\/\/cj.estrategia.com\/portal\/residencia-pge-sp\/\" \/>\n<meta property=\"og:site_name\" content=\"Blog - Carreiras Jur\u00eddicas - Estrat\u00e9gia\" \/>\n<meta property=\"article:publisher\" content=\"https:\/\/www.facebook.com\/estrategiacarreirajuridica\/\" \/>\n<meta property=\"article:published_time\" content=\"2026-04-24T22:37:45+00:00\" \/>\n<meta property=\"article:modified_time\" content=\"2026-04-24T22:37:48+00:00\" \/>\n<meta property=\"og:image\" content=\"https:\/\/cj.estrategia.com\/portal\/wp-content\/uploads\/2026\/01\/04105643\/procurador.jpg\" \/>\n\t<meta property=\"og:image:width\" content=\"2459\" \/>\n\t<meta property=\"og:image:height\" content=\"1383\" \/>\n\t<meta property=\"og:image:type\" content=\"image\/jpeg\" \/>\n<meta name=\"author\" content=\"Coordena\u00e7\u00e3o\" \/>\n<meta name=\"twitter:card\" content=\"summary_large_image\" \/>\n<meta name=\"twitter:creator\" content=\"@EstratJuridica\" \/>\n<meta name=\"twitter:site\" content=\"@EstratJuridica\" \/>\n<meta name=\"twitter:label1\" content=\"Escrito por\" \/>\n\t<meta name=\"twitter:data1\" content=\"Coordena\u00e7\u00e3o\" \/>\n\t<meta name=\"twitter:label2\" content=\"Est. tempo de leitura\" \/>\n\t<meta name=\"twitter:data2\" content=\"5 minutos\" \/>\n<script type=\"application\/ld+json\" class=\"yoast-schema-graph\">{\"@context\":\"https:\\\/\\\/schema.org\",\"@graph\":[{\"@type\":\"NewsArticle\",\"@id\":\"https:\\\/\\\/cj.estrategia.com\\\/portal\\\/residencia-pge-sp\\\/#article\",\"isPartOf\":{\"@id\":\"https:\\\/\\\/cj.estrategia.com\\\/portal\\\/residencia-pge-sp\\\/\"},\"author\":{\"name\":\"Coordena\u00e7\u00e3o\",\"@id\":\"https:\\\/\\\/cj.estrategia.com\\\/portal\\\/#\\\/schema\\\/person\\\/4d70317d31449932b99102916b6637f5\"},\"headline\":\"Resid\u00eancia Jur\u00eddica PGE SP: resultado preliminar da prova objetiva dispon\u00edvel!\",\"datePublished\":\"2026-04-24T22:37:45+00:00\",\"dateModified\":\"2026-04-24T22:37:48+00:00\",\"mainEntityOfPage\":{\"@id\":\"https:\\\/\\\/cj.estrategia.com\\\/portal\\\/residencia-pge-sp\\\/\"},\"wordCount\":754,\"commentCount\":0,\"publisher\":{\"@id\":\"https:\\\/\\\/cj.estrategia.com\\\/portal\\\/#organization\"},\"image\":{\"@id\":\"https:\\\/\\\/cj.estrategia.com\\\/portal\\\/residencia-pge-sp\\\/#primaryimage\"},\"thumbnailUrl\":\"https:\\\/\\\/cj.estrategia.com\\\/portal\\\/wp-content\\\/uploads\\\/2026\\\/01\\\/04105643\\\/procurador.jpg\",\"articleSection\":[\"Procuradoria\"],\"inLanguage\":\"pt-BR\",\"potentialAction\":[{\"@type\":\"CommentAction\",\"name\":\"Comment\",\"target\":[\"https:\\\/\\\/cj.estrategia.com\\\/portal\\\/residencia-pge-sp\\\/#respond\"]}],\"accessibilityFeature\":[\"tableOfContents\"]},{\"@type\":\"WebPage\",\"@id\":\"https:\\\/\\\/cj.estrategia.com\\\/portal\\\/residencia-pge-sp\\\/\",\"url\":\"https:\\\/\\\/cj.estrategia.com\\\/portal\\\/residencia-pge-sp\\\/\",\"name\":\"Resid\u00eancia Jur\u00eddica PGE SP: resultado preliminar da prova objetiva dispon\u00edvel!\",\"isPartOf\":{\"@id\":\"https:\\\/\\\/cj.estrategia.com\\\/portal\\\/#website\"},\"primaryImageOfPage\":{\"@id\":\"https:\\\/\\\/cj.estrategia.com\\\/portal\\\/residencia-pge-sp\\\/#primaryimage\"},\"image\":{\"@id\":\"https:\\\/\\\/cj.estrategia.com\\\/portal\\\/residencia-pge-sp\\\/#primaryimage\"},\"thumbnailUrl\":\"https:\\\/\\\/cj.estrategia.com\\\/portal\\\/wp-content\\\/uploads\\\/2026\\\/01\\\/04105643\\\/procurador.jpg\",\"datePublished\":\"2026-04-24T22:37:45+00:00\",\"dateModified\":\"2026-04-24T22:37:48+00:00\",\"description\":\"Resid\u00eancia Jur\u00eddica PGE SP: novo edital oferta 100 vagas + CR. Confira o edital completo e continue a sua prepara\u00e7\u00e3o!\",\"breadcrumb\":{\"@id\":\"https:\\\/\\\/cj.estrategia.com\\\/portal\\\/residencia-pge-sp\\\/#breadcrumb\"},\"inLanguage\":\"pt-BR\",\"potentialAction\":[{\"@type\":\"ReadAction\",\"target\":[\"https:\\\/\\\/cj.estrategia.com\\\/portal\\\/residencia-pge-sp\\\/\"]}]},{\"@type\":\"ImageObject\",\"inLanguage\":\"pt-BR\",\"@id\":\"https:\\\/\\\/cj.estrategia.com\\\/portal\\\/residencia-pge-sp\\\/#primaryimage\",\"url\":\"https:\\\/\\\/cj.estrategia.com\\\/portal\\\/wp-content\\\/uploads\\\/2026\\\/01\\\/04105643\\\/procurador.jpg\",\"contentUrl\":\"https:\\\/\\\/cj.estrategia.com\\\/portal\\\/wp-content\\\/uploads\\\/2026\\\/01\\\/04105643\\\/procurador.jpg\",\"width\":2459,\"height\":1383},{\"@type\":\"BreadcrumbList\",\"@id\":\"https:\\\/\\\/cj.estrategia.com\\\/portal\\\/residencia-pge-sp\\\/#breadcrumb\",\"itemListElement\":[{\"@type\":\"ListItem\",\"position\":1,\"name\":\"In\u00edcio\",\"item\":\"https:\\\/\\\/cj.estrategia.com\\\/portal\\\/\"},{\"@type\":\"ListItem\",\"position\":2,\"name\":\"Resid\u00eancia Jur\u00eddica PGE SP: resultado preliminar da prova objetiva dispon\u00edvel!\"}]},{\"@type\":\"WebSite\",\"@id\":\"https:\\\/\\\/cj.estrategia.com\\\/portal\\\/#website\",\"url\":\"https:\\\/\\\/cj.estrategia.com\\\/portal\\\/\",\"name\":\"Blog - Carreiras Jur\u00eddicas - Estrat\u00e9gia\",\"description\":\"\",\"publisher\":{\"@id\":\"https:\\\/\\\/cj.estrategia.com\\\/portal\\\/#organization\"},\"potentialAction\":[{\"@type\":\"SearchAction\",\"target\":{\"@type\":\"EntryPoint\",\"urlTemplate\":\"https:\\\/\\\/cj.estrategia.com\\\/portal\\\/?s={search_term_string}\"},\"query-input\":{\"@type\":\"PropertyValueSpecification\",\"valueRequired\":true,\"valueName\":\"search_term_string\"}}],\"inLanguage\":\"pt-BR\"},{\"@type\":\"Organization\",\"@id\":\"https:\\\/\\\/cj.estrategia.com\\\/portal\\\/#organization\",\"name\":\"Estrat\u00e9gia - Carreiras Jur\u00eddicas\",\"url\":\"https:\\\/\\\/cj.estrategia.com\\\/portal\\\/\",\"logo\":{\"@type\":\"ImageObject\",\"inLanguage\":\"pt-BR\",\"@id\":\"https:\\\/\\\/cj.estrategia.com\\\/portal\\\/#\\\/schema\\\/logo\\\/image\\\/\",\"url\":\"https:\\\/\\\/cj.estrategia.com\\\/portal\\\/wp-content\\\/uploads\\\/2022\\\/03\\\/11151052\\\/cj-logo.png\",\"contentUrl\":\"https:\\\/\\\/cj.estrategia.com\\\/portal\\\/wp-content\\\/uploads\\\/2022\\\/03\\\/11151052\\\/cj-logo.png\",\"width\":150,\"height\":39,\"caption\":\"Estrat\u00e9gia - Carreiras Jur\u00eddicas\"},\"image\":{\"@id\":\"https:\\\/\\\/cj.estrategia.com\\\/portal\\\/#\\\/schema\\\/logo\\\/image\\\/\"},\"sameAs\":[\"https:\\\/\\\/www.facebook.com\\\/estrategiacarreirajuridica\\\/\",\"https:\\\/\\\/x.com\\\/EstratJuridica\",\"https:\\\/\\\/www.instagram.com\\\/estrategiacarreirajuridica\\\/\",\"https:\\\/\\\/www.youtube.com\\\/channel\\\/UClbMGuYbj2Mh1m3w144ETWQ\"]},{\"@type\":\"Person\",\"@id\":\"https:\\\/\\\/cj.estrategia.com\\\/portal\\\/#\\\/schema\\\/person\\\/4d70317d31449932b99102916b6637f5\",\"name\":\"Coordena\u00e7\u00e3o\",\"image\":{\"@type\":\"ImageObject\",\"inLanguage\":\"pt-BR\",\"@id\":\"https:\\\/\\\/cj.estrategia.com\\\/portal\\\/wp-content\\\/uploads\\\/2022\\\/05\\\/12164923\\\/estrategia-carreira-juridica-coordenacao-96x96.png\",\"url\":\"https:\\\/\\\/cj.estrategia.com\\\/portal\\\/wp-content\\\/uploads\\\/2022\\\/05\\\/12164923\\\/estrategia-carreira-juridica-coordenacao-96x96.png\",\"contentUrl\":\"https:\\\/\\\/cj.estrategia.com\\\/portal\\\/wp-content\\\/uploads\\\/2022\\\/05\\\/12164923\\\/estrategia-carreira-juridica-coordenacao-96x96.png\",\"caption\":\"Coordena\u00e7\u00e3o\"},\"url\":\"https:\\\/\\\/cj.estrategia.com\\\/portal\\\/author\\\/coordenacao\\\/\"}]}<\/script>\n<!-- \/ Yoast SEO Premium plugin. -->","yoast_head_json":{"title":"Resid\u00eancia Jur\u00eddica PGE SP: resultado preliminar da prova objetiva dispon\u00edvel!","description":"Resid\u00eancia Jur\u00eddica PGE SP: novo edital oferta 100 vagas + CR. Confira o edital completo e continue a sua prepara\u00e7\u00e3o!","robots":{"index":"index","follow":"follow","max-snippet":"max-snippet:-1","max-image-preview":"max-image-preview:large","max-video-preview":"max-video-preview:-1"},"canonical":"https:\/\/cj.estrategia.com\/portal\/residencia-pge-sp\/","og_locale":"pt_BR","og_type":"article","og_title":"Resid\u00eancia Jur\u00eddica PGE SP: resultado preliminar da prova objetiva dispon\u00edvel!","og_description":"Resid\u00eancia Jur\u00eddica PGE SP: novo edital oferta 100 vagas + CR. Confira o edital completo e continue a sua prepara\u00e7\u00e3o!","og_url":"https:\/\/cj.estrategia.com\/portal\/residencia-pge-sp\/","og_site_name":"Blog - Carreiras Jur\u00eddicas - Estrat\u00e9gia","article_publisher":"https:\/\/www.facebook.com\/estrategiacarreirajuridica\/","article_published_time":"2026-04-24T22:37:45+00:00","article_modified_time":"2026-04-24T22:37:48+00:00","og_image":[{"width":2459,"height":1383,"url":"https:\/\/cj.estrategia.com\/portal\/wp-content\/uploads\/2026\/01\/04105643\/procurador.jpg","type":"image\/jpeg"}],"author":"Coordena\u00e7\u00e3o","twitter_card":"summary_large_image","twitter_creator":"@EstratJuridica","twitter_site":"@EstratJuridica","twitter_misc":{"Escrito por":"Coordena\u00e7\u00e3o","Est. tempo de leitura":"5 minutos"},"schema":{"@context":"https:\/\/schema.org","@graph":[{"@type":"NewsArticle","@id":"https:\/\/cj.estrategia.com\/portal\/residencia-pge-sp\/#article","isPartOf":{"@id":"https:\/\/cj.estrategia.com\/portal\/residencia-pge-sp\/"},"author":{"name":"Coordena\u00e7\u00e3o","@id":"https:\/\/cj.estrategia.com\/portal\/#\/schema\/person\/4d70317d31449932b99102916b6637f5"},"headline":"Resid\u00eancia Jur\u00eddica PGE SP: resultado preliminar da prova objetiva dispon\u00edvel!","datePublished":"2026-04-24T22:37:45+00:00","dateModified":"2026-04-24T22:37:48+00:00","mainEntityOfPage":{"@id":"https:\/\/cj.estrategia.com\/portal\/residencia-pge-sp\/"},"wordCount":754,"commentCount":0,"publisher":{"@id":"https:\/\/cj.estrategia.com\/portal\/#organization"},"image":{"@id":"https:\/\/cj.estrategia.com\/portal\/residencia-pge-sp\/#primaryimage"},"thumbnailUrl":"https:\/\/cj.estrategia.com\/portal\/wp-content\/uploads\/2026\/01\/04105643\/procurador.jpg","articleSection":["Procuradoria"],"inLanguage":"pt-BR","potentialAction":[{"@type":"CommentAction","name":"Comment","target":["https:\/\/cj.estrategia.com\/portal\/residencia-pge-sp\/#respond"]}],"accessibilityFeature":["tableOfContents"]},{"@type":"WebPage","@id":"https:\/\/cj.estrategia.com\/portal\/residencia-pge-sp\/","url":"https:\/\/cj.estrategia.com\/portal\/residencia-pge-sp\/","name":"Resid\u00eancia Jur\u00eddica PGE SP: resultado preliminar da prova objetiva dispon\u00edvel!","isPartOf":{"@id":"https:\/\/cj.estrategia.com\/portal\/#website"},"primaryImageOfPage":{"@id":"https:\/\/cj.estrategia.com\/portal\/residencia-pge-sp\/#primaryimage"},"image":{"@id":"https:\/\/cj.estrategia.com\/portal\/residencia-pge-sp\/#primaryimage"},"thumbnailUrl":"https:\/\/cj.estrategia.com\/portal\/wp-content\/uploads\/2026\/01\/04105643\/procurador.jpg","datePublished":"2026-04-24T22:37:45+00:00","dateModified":"2026-04-24T22:37:48+00:00","description":"Resid\u00eancia Jur\u00eddica PGE SP: novo edital oferta 100 vagas + CR. Confira o edital completo e continue a sua prepara\u00e7\u00e3o!","breadcrumb":{"@id":"https:\/\/cj.estrategia.com\/portal\/residencia-pge-sp\/#breadcrumb"},"inLanguage":"pt-BR","potentialAction":[{"@type":"ReadAction","target":["https:\/\/cj.estrategia.com\/portal\/residencia-pge-sp\/"]}]},{"@type":"ImageObject","inLanguage":"pt-BR","@id":"https:\/\/cj.estrategia.com\/portal\/residencia-pge-sp\/#primaryimage","url":"https:\/\/cj.estrategia.com\/portal\/wp-content\/uploads\/2026\/01\/04105643\/procurador.jpg","contentUrl":"https:\/\/cj.estrategia.com\/portal\/wp-content\/uploads\/2026\/01\/04105643\/procurador.jpg","width":2459,"height":1383},{"@type":"BreadcrumbList","@id":"https:\/\/cj.estrategia.com\/portal\/residencia-pge-sp\/#breadcrumb","itemListElement":[{"@type":"ListItem","position":1,"name":"In\u00edcio","item":"https:\/\/cj.estrategia.com\/portal\/"},{"@type":"ListItem","position":2,"name":"Resid\u00eancia Jur\u00eddica PGE SP: resultado preliminar da prova objetiva dispon\u00edvel!"}]},{"@type":"WebSite","@id":"https:\/\/cj.estrategia.com\/portal\/#website","url":"https:\/\/cj.estrategia.com\/portal\/","name":"Blog - Carreiras Jur\u00eddicas - Estrat\u00e9gia","description":"","publisher":{"@id":"https:\/\/cj.estrategia.com\/portal\/#organization"},"potentialAction":[{"@type":"SearchAction","target":{"@type":"EntryPoint","urlTemplate":"https:\/\/cj.estrategia.com\/portal\/?s={search_term_string}"},"query-input":{"@type":"PropertyValueSpecification","valueRequired":true,"valueName":"search_term_string"}}],"inLanguage":"pt-BR"},{"@type":"Organization","@id":"https:\/\/cj.estrategia.com\/portal\/#organization","name":"Estrat\u00e9gia - Carreiras Jur\u00eddicas","url":"https:\/\/cj.estrategia.com\/portal\/","logo":{"@type":"ImageObject","inLanguage":"pt-BR","@id":"https:\/\/cj.estrategia.com\/portal\/#\/schema\/logo\/image\/","url":"https:\/\/cj.estrategia.com\/portal\/wp-content\/uploads\/2022\/03\/11151052\/cj-logo.png","contentUrl":"https:\/\/cj.estrategia.com\/portal\/wp-content\/uploads\/2022\/03\/11151052\/cj-logo.png","width":150,"height":39,"caption":"Estrat\u00e9gia - Carreiras Jur\u00eddicas"},"image":{"@id":"https:\/\/cj.estrategia.com\/portal\/#\/schema\/logo\/image\/"},"sameAs":["https:\/\/www.facebook.com\/estrategiacarreirajuridica\/","https:\/\/x.com\/EstratJuridica","https:\/\/www.instagram.com\/estrategiacarreirajuridica\/","https:\/\/www.youtube.com\/channel\/UClbMGuYbj2Mh1m3w144ETWQ"]},{"@type":"Person","@id":"https:\/\/cj.estrategia.com\/portal\/#\/schema\/person\/4d70317d31449932b99102916b6637f5","name":"Coordena\u00e7\u00e3o","image":{"@type":"ImageObject","inLanguage":"pt-BR","@id":"https:\/\/cj.estrategia.com\/portal\/wp-content\/uploads\/2022\/05\/12164923\/estrategia-carreira-juridica-coordenacao-96x96.png","url":"https:\/\/cj.estrategia.com\/portal\/wp-content\/uploads\/2022\/05\/12164923\/estrategia-carreira-juridica-coordenacao-96x96.png","contentUrl":"https:\/\/cj.estrategia.com\/portal\/wp-content\/uploads\/2022\/05\/12164923\/estrategia-carreira-juridica-coordenacao-96x96.png","caption":"Coordena\u00e7\u00e3o"},"url":"https:\/\/cj.estrategia.com\/portal\/author\/coordenacao\/"}]}},"jetpack_featured_media_url":"https:\/\/cj.estrategia.com\/portal\/wp-content\/uploads\/2026\/01\/04105643\/procurador.jpg","jetpack_sharing_enabled":true,"_links":{"self":[{"href":"https:\/\/cj.estrategia.com\/portal\/wp-json\/wp\/v2\/posts\/42651","targetHints":{"allow":["GET"]}}],"collection":[{"href":"https:\/\/cj.estrategia.com\/portal\/wp-json\/wp\/v2\/posts"}],"about":[{"href":"https:\/\/cj.estrategia.com\/portal\/wp-json\/wp\/v2\/types\/post"}],"author":[{"embeddable":true,"href":"https:\/\/cj.estrategia.com\/portal\/wp-json\/wp\/v2\/users\/12"}],"replies":[{"embeddable":true,"href":"https:\/\/cj.estrategia.com\/portal\/wp-json\/wp\/v2\/comments?post=42651"}],"version-history":[{"count":69,"href":"https:\/\/cj.estrategia.com\/portal\/wp-json\/wp\/v2\/posts\/42651\/revisions"}],"predecessor-version":[{"id":187517,"href":"https:\/\/cj.estrategia.com\/portal\/wp-json\/wp\/v2\/posts\/42651\/revisions\/187517"}],"wp:featuredmedia":[{"embeddable":true,"href":"https:\/\/cj.estrategia.com\/portal\/wp-json\/wp\/v2\/media\/177715"}],"wp:attachment":[{"href":"https:\/\/cj.estrategia.com\/portal\/wp-json\/wp\/v2\/media?parent=42651"}],"wp:term":[{"taxonomy":"category","embeddable":true,"href":"https:\/\/cj.estrategia.com\/portal\/wp-json\/wp\/v2\/categories?post=42651"},{"taxonomy":"post_tag","embeddable":true,"href":"https:\/\/cj.estrategia.com\/portal\/wp-json\/wp\/v2\/tags?post=42651"},{"taxonomy":"tax_estado","embeddable":true,"href":"https:\/\/cj.estrategia.com\/portal\/wp-json\/wp\/v2\/tax_estado?post=42651"}],"curies":[{"name":"wp","href":"https:\/\/api.w.org\/{rel}","templated":true}]}}