{"id":42168,"date":"2023-07-20T11:28:25","date_gmt":"2023-07-20T14:28:25","guid":{"rendered":"https:\/\/cj.estrategia.com\/portal\/?p=42168"},"modified":"2023-07-20T17:00:39","modified_gmt":"2023-07-20T20:00:39","slug":"concurso-pgm-natal-recursos-possiveis","status":"publish","type":"post","link":"https:\/\/cj.estrategia.com\/portal\/concurso-pgm-natal-recursos-possiveis\/","title":{"rendered":"Concurso PGM Natal: veja os recursos poss\u00edveis!"},"content":{"rendered":"\n<p>No \u00faltimo domingo, 16 de julho de 2023, foram aplicadas as provas do<strong>\u00a0concurso PGM Natal.\u00a0<\/strong>A prova objetiva contou de 100 (cem) quest\u00f5es do tipo m\u00faltipla escolha, com 5 (cinco) alternativas cada, sendo uma \u00fanica a resposta correta.<\/p>\n\n\n\n<p>Ao todo, a sele\u00e7\u00e3o oferta\u00a0<strong>5 vagas<\/strong>\u00a0para o cargo de\u00a0<a href=\"https:\/\/cj.estrategia.com\/curso\/pgm-natal-procurador-municipal-pacote-teorico-2023-pre-edital\/\" target=\"_blank\" >Procurador Municipal<\/a>. O cargo conta com sal\u00e1rio inicial de R$ 21.741,04.<\/p>\n\n\n\n<p>Nosso time de professores elaborou sugest\u00f5es de recursos contra o gabarito provis\u00f3rio do concurso. Veja a seguir!<\/p>\n\n\n\n<h2 class=\"wp-block-heading\" id=\"h-pgm-natal-recursos-possiveis\"><span id=\"pgm-natal-recursos-possiveis\">PGM Natal \u2013 recursos poss\u00edveis<\/span><\/h2>\n\n\n\n<p><strong>QUEST\u00c3O 63<\/strong> <strong>A CF pro\u00edbe que o total da despesa do Poder Legislativo municipal ultrapasse<br>a) 3% do somat\u00f3rio da receita tribut\u00e1ria e das transfer\u00eancias especificadas conforme o art. 29-A, para munic\u00edpios com popula\u00e7\u00e3o de at\u00e9 cem mil habitantes.<br>b) 3,5% do somat\u00f3rio da receita tribut\u00e1ria e das transfer\u00eancias especificadas conforme o art. 29-A, para munic\u00edpios com popula\u00e7\u00e3o acima de oito milh\u00f5es e um habitantes.<br>c) 4% do somat\u00f3rio da receita tribut\u00e1ria e das transfer\u00eancias especificadas conforme o art. 29-A, para munic\u00edpios com popula\u00e7\u00e3o acima de oito milh\u00f5es e um habitantes.<br>d) 5% do somat\u00f3rio da receita tribut\u00e1ria e das transfer\u00eancias especificadas conforme o art. 29-A, para munic\u00edpios com popula\u00e7\u00e3o de at\u00e9 cem mil habitantes.<br>e) 7% do somat\u00f3rio da receita tribut\u00e1ria e das transfer\u00eancias especificadas conforme o art. 29-A, para munic\u00edpios com popula\u00e7\u00e3o de at\u00e9 cem mil habitantes.<\/strong><\/p>\n\n\n\n<p><strong>RAZ\u00d5ES DO RECURSO:<\/strong><\/p>\n\n\n\n<p>A quest\u00e3o trata dos percentuais de despesa do Poder Legislativo Municipal, assunto trabalhado pelo art. 29-A da CF. Vejamos literalidade do texto constitucional:<\/p>\n\n\n\n<p>\u201cArt. 29-A. O total da despesa do Poder Legislativo Municipal, inclu\u00eddos os subs\u00eddios dos Vereadores e exclu\u00eddos os gastos com inativos, n\u00e3o poder\u00e1 ultrapassar os seguintes percentuais, relativos ao somat\u00f3rio da receita tribut\u00e1ria e das transfer\u00eancias previstas no \u00a7 5\u00ba do art. 153 e nos arts. 158 e 159, efetivamente realizado no exerc\u00edcio anterior:<br>I \u2013 7% (sete por cento) para Munic\u00edpios com popula\u00e7\u00e3o de at\u00e9 100.000 (cem mil) habitantes;<br>II \u2013 6% (seis por cento) para Munic\u00edpios com popula\u00e7\u00e3o entre 100.000 (cem mil) e 300.000 (trezentos mil) habitantes;<br>III \u2013 5% (cinco por cento) para Munic\u00edpios com popula\u00e7\u00e3o entre 300.001 (trezentos mil e um) e 500.000 (quinhentos mil) habitantes;<br>IV \u2013 4,5% (quatro inteiros e cinco d\u00e9cimos por cento) para Munic\u00edpios com popula\u00e7\u00e3o entre 500.001 (quinhentos mil e um) e 3.000.000 (tr\u00eas milh\u00f5es) de habitantes; V \u2013 4% (quatro por cento) para Munic\u00edpios com popula\u00e7\u00e3o entre 3.000.001 (tr\u00eas milh\u00f5es e um) e 8.000.000 (oito milh\u00f5es) de habitantes;<br>VI \u2013 3,5% (tr\u00eas inteiros e cinco d\u00e9cimos por cento) para Munic\u00edpios com popula\u00e7\u00e3o acima de 8.000.001 (oito milh\u00f5es e um) habitantes.<\/p>\n\n\n\n<p>\u201dA banca apontou como correta a alternativa E. A alternativa E, de fato, est\u00e1 correta, pois corresponde exatamente ao disposto no inciso I do art. 29-A da CF: \u201cI \u2013 7% (sete por cento) para Munic\u00edpios com popula\u00e7\u00e3o de at\u00e9 100.000 (cem mil) habitantes;\u201d<\/p>\n\n\n\n<p>Por\u00e9m, da leitura do dispositivo, percebe-se que a letra B tamb\u00e9m est\u00e1 correta, pois corresponde exatamente ao disposto no inciso VI do art. 29-A da CF: <br>\u201c3,5% (tr\u00eas inteiros e cinco d\u00e9cimos por cento) para Munic\u00edpios com popula\u00e7\u00e3o acima de 8.000.001 (oito milh\u00f5es e um) habitantes.\u201d<\/p>\n\n\n\n<p>Desta feita, pugna-se pela anula\u00e7\u00e3o da quest\u00e3o.<\/p>\n\n\n\n<p><strong>QUEST\u00c3O 84. De acordo com o CPC vigente, \u00e9 l\u00edcito ao autor, mediante o consentimento do r\u00e9u, emendar a peti\u00e7\u00e3o inicial at\u00e9<\/strong><\/p>\n\n\n\n<p><strong>a) a senten\u00e7a.<\/strong><\/p>\n\n\n\n<p><strong>b) a audi\u00eancia de instru\u00e7\u00e3o, se houver.<\/strong><\/p>\n\n\n\n<p><strong>c) o saneamento.<\/strong><\/p>\n\n\n\n<p><strong>d) a audi\u00eancia de concilia\u00e7\u00e3o.<\/strong><\/p>\n\n\n\n<p><strong>e) as alega\u00e7\u00f5es finais.<\/strong><\/p>\n\n\n\n<p><strong>Solu\u00e7\u00e3o r\u00e1pida<\/strong><\/p>\n\n\n\n<p>A alternativa correta \u00e9 a letra C.<\/p>\n\n\n\n<p>Nos autos do REsp 1.229.296\/SP, a 4\u00aa Turma do STJ entendeu que a emenda \u00e0 inicial ap\u00f3s a contesta\u00e7\u00e3o \u00e9 admiss\u00edvel: \u201c[\u2026] O fato de a emenda \u00e0 inicial ter se dado ap\u00f3s a contesta\u00e7\u00e3o do feito, por si s\u00f3, n\u00e3o inviabiliza a ado\u00e7\u00e3o da dilig\u00eancia corretiva prevista no art. 284 do CPC\/1973 [\u2026]\u201d (REsp 1229296\/SP, Rel. Ministro MARCO BUZZI, QUARTA TURMA, julgado em 10\/11\/2016, DJe 18\/11\/2016).<\/p>\n\n\n\n<p><strong>Solu\u00e7\u00e3o completa<\/strong><\/p>\n\n\n\n<p>A alternativa correta \u00e9 a letra C, contudo, trata-se de quest\u00e3o bastante problem\u00e1tica e pass\u00edvel de recurso, uma vez que o pr\u00f3prio STJ diverge sobre o tema:<\/p>\n\n\n\n<p>\u201c[\u2026] No que se refere \u00e0s a\u00e7\u00f5es individuais, a jurisprud\u00eancia do Superior Tribunal de Justi\u00e7a diverge sobre a possibilidade de, ap\u00f3s a contesta\u00e7\u00e3o, <strong>emendar-se a peti\u00e7\u00e3o inicial<\/strong>, quando detectados defeitos e irregularidades relacionados ao pedido, <strong>num momento entendendo pela extin\u00e7\u00e3o do processo, sem julgamento do m\u00e9rito <\/strong>(REsp 650.936\/RJ, Rel. Ministra ELIANA CALMON, SEGUNDA TURMA, julgado em 21\/3\/2006, DJ 10\/5\/2006) <strong>em outro, afirmando a possibilidade da determina\u00e7\u00e3o judicial de emenda \u00e0 inicial, mesmo ap\u00f3s a contesta\u00e7\u00e3o do r\u00e9u [\u2026]\u201d<\/strong> (REsp 1229296\/SP, Rel. Ministro MARCO BUZZI, QUARTA TURMA, julgado em 10\/11\/2016, DJe 18\/11\/2016).<\/p>\n\n\n\n<p>No REsp 650.936\/RJ, a 2\u00aa Turma do STJ decidiu pela i<strong>mpossibilidade de emenda \u00e0 inicial<\/strong>:<\/p>\n\n\n\n<p>\u201cPROCESSO CIVIL \u2013 PETI\u00c7\u00c3O INICIAL DEFEITUOSA \u2013 EMENDA \u00c0 INICIAL \u2013 POSSIBILIDADE. 1. A peti\u00e7\u00e3o inicial foi formulada sem dela constar pedido certo e causa de pedir clara e precisa, defeito reconhecido pela pr\u00f3pria recorrente 2. Controv\u00e9rsia na interpreta\u00e7\u00e3o do art. 284 do CPC no sentido de permitir-se a emenda \u00e0 inicial a qualquer tempo, at\u00e9 em sede de recurso. 3. Corrente majorit\u00e1ria no sentido de s\u00f3 admitir a emenda at\u00e9 a contesta\u00e7\u00e3o, exclusive. 4. Recurso especial conhecido e improvido\u201d. (REsp 650.936\/RJ, Rel. Ministra ELIANA CALMON, SEGUNDA TURMA, julgado em 21\/03\/2006, DJ 10\/05\/2006, p. 174).<\/p>\n\n\n\n<p>Portanto, admitir-se-ia a emenda at\u00e9 apresenta\u00e7\u00e3o da contesta\u00e7\u00e3o, ap\u00f3s, necess\u00e1rio o julgamento sem resolu\u00e7\u00e3o do m\u00e9rito.<\/p>\n\n\n\n<p>Contudo, no REsp 1.229.296\/SP, a 4\u00aa Turma do STJ entendeu que a emenda \u00e0 inicial ap\u00f3s a contesta\u00e7\u00e3o \u00e9 admiss\u00edvel:<\/p>\n\n\n\n<p>\u201cRECURSO ESPECIAL \u2013 A\u00c7\u00c3O MONIT\u00d3RIA \u2013 PROCED\u00caNCIA EM PRIMEIRA INST\u00c2NCIA \u2013 EXTIN\u00c7\u00c3O POR IN\u00c9PCIA DA PETI\u00c7\u00c3O INICIAL PELO TRIBUNAL A QUO \u2013 AUS\u00caNCIA DE INTIMA\u00c7\u00c3O DO AUTOR PARA SUPRIR A FALTA DOCUMENTAL \u2013 OFENSA \u00c0 NORMA PROCESSUAL VERIFICADA \u2013 RECURSO ESPECIAL PARCIALMENTE PROVIDO. Hip\u00f3tese: Cinge-se a controv\u00e9rsia a decidir se o ac\u00f3rd\u00e3o que reforma a senten\u00e7a \u2013 que julgou procedente a a\u00e7\u00e3o monit\u00f3ria \u2013 para extinguir o processo por in\u00e9pcia da inicial, sem intimar o autor para suprir a falta de documentos, ofende a legisla\u00e7\u00e3o processual. 1. Para o acolhimento do apelo extremo, no sentido de afirmar se s\u00e3o suficientes os documentos que instru\u00edram a a\u00e7\u00e3o monit\u00f3ria, seria imprescind\u00edvel derruir a afirma\u00e7\u00e3o contida no decisum atacado, o que, for\u00e7osamente, enseja em rediscuss\u00e3o da mat\u00e9ria f\u00e1tica-probat\u00f3ria, atraindo o \u00f3bice da S\u00famula 7 do STJ. Inconformismo, nesta parte, n\u00e3o acolhido. 2. Ofende o art. 284 do CPC\/1973 (art. 321, CPC\/2015), o ac\u00f3rd\u00e3o que reforma senten\u00e7a de proced\u00eancia da a\u00e7\u00e3o e declara extinto o processo, por in\u00e9pcia da peti\u00e7\u00e3o inicial, sem intimar o autor e lhe conferir a oportunidade para suprir a falha. 3. O fato de a emenda \u00e0 inicial ter se dado ap\u00f3s a contesta\u00e7\u00e3o do feito, por si s\u00f3, n\u00e3o inviabiliza a ado\u00e7\u00e3o da dilig\u00eancia corretiva prevista no art. 284 do CPC\/1973. (AgRg no AREsp 196.345\/SP, Rel. Ministra MARIA ISABEL GALLOTTI, QUARTA TURMA, DJe 04\/02\/2014). 4. Recurso especial parcialmente provido\u201d. (REsp 1229296\/SP, Rel. Ministro MARCO BUZZI, QUARTA TURMA, julgado em 10\/11\/2016, DJe 18\/11\/2016)<\/p>\n\n\n\n<p>N\u00e3o haveriam d\u00favidas se a quest\u00e3o, ao inv\u00e9s da emenda \u00e0 peti\u00e7\u00e3o inicial, mencionasse o aditamento \u00e0 peti\u00e7\u00e3o inicial, que, pacificamente, poder\u00e1 ocorrer com o consentimento do r\u00e9u at\u00e9 a fase de saneamento, contudo, n\u00e3o foi o que constou expressamente do texto da quest\u00e3o.<\/p>\n\n\n\n<p>Deste modo, mesmo com a controv\u00e9rsia sobre a possibilidade ou n\u00e3o de emenda ap\u00f3s a contesta\u00e7\u00e3o, a alternativa correta a ser assinalada \u00e9 a letra C, estando as demais alternativas incorretas.<\/p>\n\n\n\n<p class=\"has-text-align-center has-luminous-vivid-amber-background-color has-background has-medium-font-size\"><strong>Saiba mais:<\/strong> <a href=\"https:\/\/cj.estrategia.com\/portal\/concurso-pgm-natal\/\" target=\"_blank\" >PGM Natal<\/a><\/p>\n\n\n\n<h2 class=\"wp-block-heading has-text-align-center\" id=\"cursos\"><span id=\"quer-saber-tudo-sobre-concursos-previstosconfira-nossos-artigos\">Quer saber tudo sobre concursos previstos?<br>Confira nossos artigos!<\/span><\/h2>\n\n\n\n\n\n<h2 class=\"wp-block-heading has-text-align-center\" id=\"curso\"><span id=\"quer-estudar-para-concursos-de-direito\">Quer estudar para Concursos de Direito?<\/span><\/h2>\n\n\n\n<p>O Estrat\u00e9gia Carreira Jur\u00eddica \u00e9 campe\u00e3o de aprova\u00e7\u00f5es nos concursos para Carreiras Jur\u00eddicas com um corpo docente qualificado e materiais completos. Conhe\u00e7a nossos cursos e garanta sua aprova\u00e7\u00e3o:<\/p>\n\n\n\n<div class=\"wp-block-cover\" style=\"min-height:155px;aspect-ratio:unset;\"><img decoding=\"async\" width=\"1890\" height=\"351\" class=\"wp-block-cover__image-background wp-image-8669\" alt=\"Assinaturas Jur\u00eddicas\" src=\"https:\/\/cj.estrategia.com\/portal\/wp-content\/uploads\/2022\/06\/20151253\/concurso-carreiras-juridicas-assinatura-juridica.jpg\" style=\"object-position:78% 43%\" data-object-fit=\"cover\" data-object-position=\"78% 43%\" srcset=\"https:\/\/cj.estrategia.com\/portal\/wp-content\/uploads\/2022\/06\/20151253\/concurso-carreiras-juridicas-assinatura-juridica.jpg 1890w, https:\/\/cj.estrategia.com\/portal\/wp-content\/uploads\/2022\/06\/20151253\/concurso-carreiras-juridicas-assinatura-juridica-300x56.jpg 300w, https:\/\/cj.estrategia.com\/portal\/wp-content\/uploads\/2022\/06\/20151253\/concurso-carreiras-juridicas-assinatura-juridica-1024x190.jpg 1024w, https:\/\/cj.estrategia.com\/portal\/wp-content\/uploads\/2022\/06\/20151253\/concurso-carreiras-juridicas-assinatura-juridica-768x143.jpg 768w, https:\/\/cj.estrategia.com\/portal\/wp-content\/uploads\/2022\/06\/20151253\/concurso-carreiras-juridicas-assinatura-juridica-1536x285.jpg 1536w, https:\/\/cj.estrategia.com\/portal\/wp-content\/uploads\/2022\/06\/20151253\/concurso-carreiras-juridicas-assinatura-juridica-380x71.jpg 380w, https:\/\/cj.estrategia.com\/portal\/wp-content\/uploads\/2022\/06\/20151253\/concurso-carreiras-juridicas-assinatura-juridica-800x149.jpg 800w, https:\/\/cj.estrategia.com\/portal\/wp-content\/uploads\/2022\/06\/20151253\/concurso-carreiras-juridicas-assinatura-juridica-1160x215.jpg 1160w\" sizes=\"(max-width: 1890px) 100vw, 1890px\" \/><span aria-hidden=\"true\" class=\"wp-block-cover__background has-background-dim\"><\/span><div class=\"wp-block-cover__inner-container is-layout-flow wp-block-cover-is-layout-flow\">\n<h3 id=\"faca-a-sua-assinatura\" class=\"titulo-assinatura\"><span style=\"color: #ffffff;\">Fa\u00e7a a sua assinatura!<\/span><\/h3>\n<p class=\"subtitulo-assinatura\" style=\"display:block!important; line-height: 0;\"><span style=\"color: #ffffff;\">Escolha a sua \u00e1rea.<\/span><\/p>\n<a target=\"_blank\" href=\"https:\/\/www.estrategiaconcursos.com.br\/assinaturas-ecj\/\" rel=\"noopener\"><button style=\"border-radius: 10px; text-transform: capitalize;\">Acessar<\/button><\/a>\n<\/div><\/div>\n\n\n\n<div id=\"boxes\" class=\"container\">\r\n<div class=\"row\">\r\n<div class=\"col-sm\">\r\n<div id=\"box-assinatura\" class=\"banner-estrategia-concursos-juridicos\">\r\n<h3 id=\"curso-para-carreiras-juridicas\" class=\"titulo-assinatura\"><span style=\"color: #ffffff; font-size: 23px; \">Curso para Carreiras Jur\u00eddicas<\/span><\/h3>\r\n<p class=\"subtitulo-assinatura\">Cursos focados no edital do concurso PGM Natal<\/p>\r\n<div class=\"box-botao\"><a class=\"btn-assinatura-juridica\" role=\"button\" href=\"https:\/\/www.estrategiaconcursos.com.br\/cursosPorConcurso\/pgm-natal-procurador-municipal\/\" target=\"_blank\" rel=\"noopener noreferrer\">Conhe\u00e7a mais<\/a><\/div>\r\n<\/div>\r\n<p class=\"texto-auxiliar\">Prepare-se com o melhor material e com quem mais aprova em concursos em todo o pa\u00eds.<\/p>\r\n<\/div>\r\n<\/div>\r\n<\/div>\n","protected":false},"excerpt":{"rendered":"No \u00faltimo domingo, 16 de julho de 2023, foram aplicadas as provas do\u00a0concurso PGM Natal.\u00a0A prova objetiva contou&hellip;\n","protected":false},"author":12,"featured_media":37796,"comment_status":"open","ping_status":"open","sticky":false,"template":"","format":"standard","meta":{"_jetpack_memberships_contains_paid_content":false,"footnotes":""},"categories":[24],"tags":[],"tax_estado":[35],"class_list":{"0":"post-42168","1":"post","2":"type-post","3":"status-publish","4":"format-standard","5":"has-post-thumbnail","7":"category-procuradoria","8":"tax_estado-ce"},"acf":[],"yoast_head":"<!-- This site is optimized with the Yoast SEO Premium plugin v27.5 (Yoast SEO v27.5) - https:\/\/yoast.com\/product\/yoast-seo-premium-wordpress\/ -->\n<title>Concurso PGM Natal: veja os recursos poss\u00edveis!<\/title>\n<meta name=\"description\" content=\"Ap\u00f3s a aplica\u00e7\u00e3o da prova do concurso PGM Natal, confira os recursos poss\u00edveis, no site do Estrat\u00e9gia Carreiras Jur\u00eddicas.\" \/>\n<meta name=\"robots\" content=\"index, follow, max-snippet:-1, max-image-preview:large, max-video-preview:-1\" \/>\n<link rel=\"canonical\" href=\"https:\/\/cj.estrategia.com\/portal\/concurso-pgm-natal-recursos-possiveis\/\" \/>\n<meta property=\"og:locale\" content=\"pt_BR\" \/>\n<meta property=\"og:type\" content=\"article\" \/>\n<meta property=\"og:title\" content=\"Concurso PGM Natal: veja os recursos poss\u00edveis!\" \/>\n<meta property=\"og:description\" content=\"Ap\u00f3s a aplica\u00e7\u00e3o da prova do concurso PGM Natal, confira os recursos poss\u00edveis, no site do Estrat\u00e9gia Carreiras Jur\u00eddicas.\" \/>\n<meta property=\"og:url\" content=\"https:\/\/cj.estrategia.com\/portal\/concurso-pgm-natal-recursos-possiveis\/\" \/>\n<meta property=\"og:site_name\" content=\"Blog - Carreiras Jur\u00eddicas - Estrat\u00e9gia\" \/>\n<meta property=\"article:publisher\" content=\"https:\/\/www.facebook.com\/estrategiacarreirajuridica\/\" \/>\n<meta property=\"article:published_time\" content=\"2023-07-20T14:28:25+00:00\" \/>\n<meta property=\"article:modified_time\" content=\"2023-07-20T20:00:39+00:00\" \/>\n<meta property=\"og:image\" content=\"https:\/\/cj.estrategia.com\/portal\/wp-content\/uploads\/2023\/06\/01151508\/PGM-Natal.jpg\" \/>\n\t<meta property=\"og:image:width\" content=\"960\" \/>\n\t<meta property=\"og:image:height\" content=\"540\" \/>\n\t<meta property=\"og:image:type\" content=\"image\/jpeg\" \/>\n<meta name=\"author\" content=\"Coordena\u00e7\u00e3o\" \/>\n<meta name=\"twitter:card\" content=\"summary_large_image\" \/>\n<meta name=\"twitter:creator\" content=\"@EstratJuridica\" \/>\n<meta name=\"twitter:site\" content=\"@EstratJuridica\" \/>\n<meta name=\"twitter:label1\" content=\"Escrito por\" \/>\n\t<meta name=\"twitter:data1\" content=\"Coordena\u00e7\u00e3o\" \/>\n\t<meta name=\"twitter:label2\" content=\"Est. tempo de leitura\" \/>\n\t<meta name=\"twitter:data2\" content=\"8 minutos\" \/>\n<script type=\"application\/ld+json\" class=\"yoast-schema-graph\">{\"@context\":\"https:\\\/\\\/schema.org\",\"@graph\":[{\"@type\":\"NewsArticle\",\"@id\":\"https:\\\/\\\/cj.estrategia.com\\\/portal\\\/concurso-pgm-natal-recursos-possiveis\\\/#article\",\"isPartOf\":{\"@id\":\"https:\\\/\\\/cj.estrategia.com\\\/portal\\\/concurso-pgm-natal-recursos-possiveis\\\/\"},\"author\":{\"name\":\"Coordena\u00e7\u00e3o\",\"@id\":\"https:\\\/\\\/cj.estrategia.com\\\/portal\\\/#\\\/schema\\\/person\\\/4d70317d31449932b99102916b6637f5\"},\"headline\":\"Concurso PGM Natal: veja os recursos poss\u00edveis!\",\"datePublished\":\"2023-07-20T14:28:25+00:00\",\"dateModified\":\"2023-07-20T20:00:39+00:00\",\"mainEntityOfPage\":{\"@id\":\"https:\\\/\\\/cj.estrategia.com\\\/portal\\\/concurso-pgm-natal-recursos-possiveis\\\/\"},\"wordCount\":1415,\"commentCount\":0,\"publisher\":{\"@id\":\"https:\\\/\\\/cj.estrategia.com\\\/portal\\\/#organization\"},\"image\":{\"@id\":\"https:\\\/\\\/cj.estrategia.com\\\/portal\\\/concurso-pgm-natal-recursos-possiveis\\\/#primaryimage\"},\"thumbnailUrl\":\"https:\\\/\\\/cj.estrategia.com\\\/portal\\\/wp-content\\\/uploads\\\/2023\\\/06\\\/01151508\\\/PGM-Natal.jpg\",\"articleSection\":[\"Procuradoria\"],\"inLanguage\":\"pt-BR\",\"potentialAction\":[{\"@type\":\"CommentAction\",\"name\":\"Comment\",\"target\":[\"https:\\\/\\\/cj.estrategia.com\\\/portal\\\/concurso-pgm-natal-recursos-possiveis\\\/#respond\"]}]},{\"@type\":\"WebPage\",\"@id\":\"https:\\\/\\\/cj.estrategia.com\\\/portal\\\/concurso-pgm-natal-recursos-possiveis\\\/\",\"url\":\"https:\\\/\\\/cj.estrategia.com\\\/portal\\\/concurso-pgm-natal-recursos-possiveis\\\/\",\"name\":\"Concurso PGM Natal: veja os recursos poss\u00edveis!\",\"isPartOf\":{\"@id\":\"https:\\\/\\\/cj.estrategia.com\\\/portal\\\/#website\"},\"primaryImageOfPage\":{\"@id\":\"https:\\\/\\\/cj.estrategia.com\\\/portal\\\/concurso-pgm-natal-recursos-possiveis\\\/#primaryimage\"},\"image\":{\"@id\":\"https:\\\/\\\/cj.estrategia.com\\\/portal\\\/concurso-pgm-natal-recursos-possiveis\\\/#primaryimage\"},\"thumbnailUrl\":\"https:\\\/\\\/cj.estrategia.com\\\/portal\\\/wp-content\\\/uploads\\\/2023\\\/06\\\/01151508\\\/PGM-Natal.jpg\",\"datePublished\":\"2023-07-20T14:28:25+00:00\",\"dateModified\":\"2023-07-20T20:00:39+00:00\",\"description\":\"Ap\u00f3s a aplica\u00e7\u00e3o da prova do concurso PGM Natal, confira os recursos poss\u00edveis, no site do Estrat\u00e9gia Carreiras Jur\u00eddicas.\",\"breadcrumb\":{\"@id\":\"https:\\\/\\\/cj.estrategia.com\\\/portal\\\/concurso-pgm-natal-recursos-possiveis\\\/#breadcrumb\"},\"inLanguage\":\"pt-BR\",\"potentialAction\":[{\"@type\":\"ReadAction\",\"target\":[\"https:\\\/\\\/cj.estrategia.com\\\/portal\\\/concurso-pgm-natal-recursos-possiveis\\\/\"]}]},{\"@type\":\"ImageObject\",\"inLanguage\":\"pt-BR\",\"@id\":\"https:\\\/\\\/cj.estrategia.com\\\/portal\\\/concurso-pgm-natal-recursos-possiveis\\\/#primaryimage\",\"url\":\"https:\\\/\\\/cj.estrategia.com\\\/portal\\\/wp-content\\\/uploads\\\/2023\\\/06\\\/01151508\\\/PGM-Natal.jpg\",\"contentUrl\":\"https:\\\/\\\/cj.estrategia.com\\\/portal\\\/wp-content\\\/uploads\\\/2023\\\/06\\\/01151508\\\/PGM-Natal.jpg\",\"width\":960,\"height\":540},{\"@type\":\"BreadcrumbList\",\"@id\":\"https:\\\/\\\/cj.estrategia.com\\\/portal\\\/concurso-pgm-natal-recursos-possiveis\\\/#breadcrumb\",\"itemListElement\":[{\"@type\":\"ListItem\",\"position\":1,\"name\":\"In\u00edcio\",\"item\":\"https:\\\/\\\/cj.estrategia.com\\\/portal\\\/\"},{\"@type\":\"ListItem\",\"position\":2,\"name\":\"Concurso PGM Natal: veja os recursos poss\u00edveis!\"}]},{\"@type\":\"WebSite\",\"@id\":\"https:\\\/\\\/cj.estrategia.com\\\/portal\\\/#website\",\"url\":\"https:\\\/\\\/cj.estrategia.com\\\/portal\\\/\",\"name\":\"Blog - Carreiras Jur\u00eddicas - Estrat\u00e9gia\",\"description\":\"\",\"publisher\":{\"@id\":\"https:\\\/\\\/cj.estrategia.com\\\/portal\\\/#organization\"},\"potentialAction\":[{\"@type\":\"SearchAction\",\"target\":{\"@type\":\"EntryPoint\",\"urlTemplate\":\"https:\\\/\\\/cj.estrategia.com\\\/portal\\\/?s={search_term_string}\"},\"query-input\":{\"@type\":\"PropertyValueSpecification\",\"valueRequired\":true,\"valueName\":\"search_term_string\"}}],\"inLanguage\":\"pt-BR\"},{\"@type\":\"Organization\",\"@id\":\"https:\\\/\\\/cj.estrategia.com\\\/portal\\\/#organization\",\"name\":\"Estrat\u00e9gia - Carreiras Jur\u00eddicas\",\"url\":\"https:\\\/\\\/cj.estrategia.com\\\/portal\\\/\",\"logo\":{\"@type\":\"ImageObject\",\"inLanguage\":\"pt-BR\",\"@id\":\"https:\\\/\\\/cj.estrategia.com\\\/portal\\\/#\\\/schema\\\/logo\\\/image\\\/\",\"url\":\"https:\\\/\\\/cj.estrategia.com\\\/portal\\\/wp-content\\\/uploads\\\/2022\\\/03\\\/11151052\\\/cj-logo.png\",\"contentUrl\":\"https:\\\/\\\/cj.estrategia.com\\\/portal\\\/wp-content\\\/uploads\\\/2022\\\/03\\\/11151052\\\/cj-logo.png\",\"width\":150,\"height\":39,\"caption\":\"Estrat\u00e9gia - Carreiras Jur\u00eddicas\"},\"image\":{\"@id\":\"https:\\\/\\\/cj.estrategia.com\\\/portal\\\/#\\\/schema\\\/logo\\\/image\\\/\"},\"sameAs\":[\"https:\\\/\\\/www.facebook.com\\\/estrategiacarreirajuridica\\\/\",\"https:\\\/\\\/x.com\\\/EstratJuridica\",\"https:\\\/\\\/www.instagram.com\\\/estrategiacarreirajuridica\\\/\",\"https:\\\/\\\/www.youtube.com\\\/channel\\\/UClbMGuYbj2Mh1m3w144ETWQ\"]},{\"@type\":\"Person\",\"@id\":\"https:\\\/\\\/cj.estrategia.com\\\/portal\\\/#\\\/schema\\\/person\\\/4d70317d31449932b99102916b6637f5\",\"name\":\"Coordena\u00e7\u00e3o\",\"image\":{\"@type\":\"ImageObject\",\"inLanguage\":\"pt-BR\",\"@id\":\"https:\\\/\\\/cj.estrategia.com\\\/portal\\\/wp-content\\\/uploads\\\/2022\\\/05\\\/12164923\\\/estrategia-carreira-juridica-coordenacao-96x96.png\",\"url\":\"https:\\\/\\\/cj.estrategia.com\\\/portal\\\/wp-content\\\/uploads\\\/2022\\\/05\\\/12164923\\\/estrategia-carreira-juridica-coordenacao-96x96.png\",\"contentUrl\":\"https:\\\/\\\/cj.estrategia.com\\\/portal\\\/wp-content\\\/uploads\\\/2022\\\/05\\\/12164923\\\/estrategia-carreira-juridica-coordenacao-96x96.png\",\"caption\":\"Coordena\u00e7\u00e3o\"},\"url\":\"https:\\\/\\\/cj.estrategia.com\\\/portal\\\/author\\\/coordenacao\\\/\"}]}<\/script>\n<!-- \/ Yoast SEO Premium plugin. -->","yoast_head_json":{"title":"Concurso PGM Natal: veja os recursos poss\u00edveis!","description":"Ap\u00f3s a aplica\u00e7\u00e3o da prova do concurso PGM Natal, confira os recursos poss\u00edveis, no site do Estrat\u00e9gia Carreiras Jur\u00eddicas.","robots":{"index":"index","follow":"follow","max-snippet":"max-snippet:-1","max-image-preview":"max-image-preview:large","max-video-preview":"max-video-preview:-1"},"canonical":"https:\/\/cj.estrategia.com\/portal\/concurso-pgm-natal-recursos-possiveis\/","og_locale":"pt_BR","og_type":"article","og_title":"Concurso PGM Natal: veja os recursos poss\u00edveis!","og_description":"Ap\u00f3s a aplica\u00e7\u00e3o da prova do concurso PGM Natal, confira os recursos poss\u00edveis, no site do Estrat\u00e9gia Carreiras Jur\u00eddicas.","og_url":"https:\/\/cj.estrategia.com\/portal\/concurso-pgm-natal-recursos-possiveis\/","og_site_name":"Blog - Carreiras Jur\u00eddicas - Estrat\u00e9gia","article_publisher":"https:\/\/www.facebook.com\/estrategiacarreirajuridica\/","article_published_time":"2023-07-20T14:28:25+00:00","article_modified_time":"2023-07-20T20:00:39+00:00","og_image":[{"width":960,"height":540,"url":"https:\/\/cj.estrategia.com\/portal\/wp-content\/uploads\/2023\/06\/01151508\/PGM-Natal.jpg","type":"image\/jpeg"}],"author":"Coordena\u00e7\u00e3o","twitter_card":"summary_large_image","twitter_creator":"@EstratJuridica","twitter_site":"@EstratJuridica","twitter_misc":{"Escrito por":"Coordena\u00e7\u00e3o","Est. tempo de leitura":"8 minutos"},"schema":{"@context":"https:\/\/schema.org","@graph":[{"@type":"NewsArticle","@id":"https:\/\/cj.estrategia.com\/portal\/concurso-pgm-natal-recursos-possiveis\/#article","isPartOf":{"@id":"https:\/\/cj.estrategia.com\/portal\/concurso-pgm-natal-recursos-possiveis\/"},"author":{"name":"Coordena\u00e7\u00e3o","@id":"https:\/\/cj.estrategia.com\/portal\/#\/schema\/person\/4d70317d31449932b99102916b6637f5"},"headline":"Concurso PGM Natal: veja os recursos poss\u00edveis!","datePublished":"2023-07-20T14:28:25+00:00","dateModified":"2023-07-20T20:00:39+00:00","mainEntityOfPage":{"@id":"https:\/\/cj.estrategia.com\/portal\/concurso-pgm-natal-recursos-possiveis\/"},"wordCount":1415,"commentCount":0,"publisher":{"@id":"https:\/\/cj.estrategia.com\/portal\/#organization"},"image":{"@id":"https:\/\/cj.estrategia.com\/portal\/concurso-pgm-natal-recursos-possiveis\/#primaryimage"},"thumbnailUrl":"https:\/\/cj.estrategia.com\/portal\/wp-content\/uploads\/2023\/06\/01151508\/PGM-Natal.jpg","articleSection":["Procuradoria"],"inLanguage":"pt-BR","potentialAction":[{"@type":"CommentAction","name":"Comment","target":["https:\/\/cj.estrategia.com\/portal\/concurso-pgm-natal-recursos-possiveis\/#respond"]}]},{"@type":"WebPage","@id":"https:\/\/cj.estrategia.com\/portal\/concurso-pgm-natal-recursos-possiveis\/","url":"https:\/\/cj.estrategia.com\/portal\/concurso-pgm-natal-recursos-possiveis\/","name":"Concurso PGM Natal: veja os recursos poss\u00edveis!","isPartOf":{"@id":"https:\/\/cj.estrategia.com\/portal\/#website"},"primaryImageOfPage":{"@id":"https:\/\/cj.estrategia.com\/portal\/concurso-pgm-natal-recursos-possiveis\/#primaryimage"},"image":{"@id":"https:\/\/cj.estrategia.com\/portal\/concurso-pgm-natal-recursos-possiveis\/#primaryimage"},"thumbnailUrl":"https:\/\/cj.estrategia.com\/portal\/wp-content\/uploads\/2023\/06\/01151508\/PGM-Natal.jpg","datePublished":"2023-07-20T14:28:25+00:00","dateModified":"2023-07-20T20:00:39+00:00","description":"Ap\u00f3s a aplica\u00e7\u00e3o da prova do concurso PGM Natal, confira os recursos poss\u00edveis, no site do Estrat\u00e9gia Carreiras Jur\u00eddicas.","breadcrumb":{"@id":"https:\/\/cj.estrategia.com\/portal\/concurso-pgm-natal-recursos-possiveis\/#breadcrumb"},"inLanguage":"pt-BR","potentialAction":[{"@type":"ReadAction","target":["https:\/\/cj.estrategia.com\/portal\/concurso-pgm-natal-recursos-possiveis\/"]}]},{"@type":"ImageObject","inLanguage":"pt-BR","@id":"https:\/\/cj.estrategia.com\/portal\/concurso-pgm-natal-recursos-possiveis\/#primaryimage","url":"https:\/\/cj.estrategia.com\/portal\/wp-content\/uploads\/2023\/06\/01151508\/PGM-Natal.jpg","contentUrl":"https:\/\/cj.estrategia.com\/portal\/wp-content\/uploads\/2023\/06\/01151508\/PGM-Natal.jpg","width":960,"height":540},{"@type":"BreadcrumbList","@id":"https:\/\/cj.estrategia.com\/portal\/concurso-pgm-natal-recursos-possiveis\/#breadcrumb","itemListElement":[{"@type":"ListItem","position":1,"name":"In\u00edcio","item":"https:\/\/cj.estrategia.com\/portal\/"},{"@type":"ListItem","position":2,"name":"Concurso PGM Natal: veja os recursos poss\u00edveis!"}]},{"@type":"WebSite","@id":"https:\/\/cj.estrategia.com\/portal\/#website","url":"https:\/\/cj.estrategia.com\/portal\/","name":"Blog - Carreiras Jur\u00eddicas - Estrat\u00e9gia","description":"","publisher":{"@id":"https:\/\/cj.estrategia.com\/portal\/#organization"},"potentialAction":[{"@type":"SearchAction","target":{"@type":"EntryPoint","urlTemplate":"https:\/\/cj.estrategia.com\/portal\/?s={search_term_string}"},"query-input":{"@type":"PropertyValueSpecification","valueRequired":true,"valueName":"search_term_string"}}],"inLanguage":"pt-BR"},{"@type":"Organization","@id":"https:\/\/cj.estrategia.com\/portal\/#organization","name":"Estrat\u00e9gia - Carreiras Jur\u00eddicas","url":"https:\/\/cj.estrategia.com\/portal\/","logo":{"@type":"ImageObject","inLanguage":"pt-BR","@id":"https:\/\/cj.estrategia.com\/portal\/#\/schema\/logo\/image\/","url":"https:\/\/cj.estrategia.com\/portal\/wp-content\/uploads\/2022\/03\/11151052\/cj-logo.png","contentUrl":"https:\/\/cj.estrategia.com\/portal\/wp-content\/uploads\/2022\/03\/11151052\/cj-logo.png","width":150,"height":39,"caption":"Estrat\u00e9gia - Carreiras Jur\u00eddicas"},"image":{"@id":"https:\/\/cj.estrategia.com\/portal\/#\/schema\/logo\/image\/"},"sameAs":["https:\/\/www.facebook.com\/estrategiacarreirajuridica\/","https:\/\/x.com\/EstratJuridica","https:\/\/www.instagram.com\/estrategiacarreirajuridica\/","https:\/\/www.youtube.com\/channel\/UClbMGuYbj2Mh1m3w144ETWQ"]},{"@type":"Person","@id":"https:\/\/cj.estrategia.com\/portal\/#\/schema\/person\/4d70317d31449932b99102916b6637f5","name":"Coordena\u00e7\u00e3o","image":{"@type":"ImageObject","inLanguage":"pt-BR","@id":"https:\/\/cj.estrategia.com\/portal\/wp-content\/uploads\/2022\/05\/12164923\/estrategia-carreira-juridica-coordenacao-96x96.png","url":"https:\/\/cj.estrategia.com\/portal\/wp-content\/uploads\/2022\/05\/12164923\/estrategia-carreira-juridica-coordenacao-96x96.png","contentUrl":"https:\/\/cj.estrategia.com\/portal\/wp-content\/uploads\/2022\/05\/12164923\/estrategia-carreira-juridica-coordenacao-96x96.png","caption":"Coordena\u00e7\u00e3o"},"url":"https:\/\/cj.estrategia.com\/portal\/author\/coordenacao\/"}]}},"jetpack_featured_media_url":"https:\/\/cj.estrategia.com\/portal\/wp-content\/uploads\/2023\/06\/01151508\/PGM-Natal.jpg","jetpack_sharing_enabled":true,"_links":{"self":[{"href":"https:\/\/cj.estrategia.com\/portal\/wp-json\/wp\/v2\/posts\/42168","targetHints":{"allow":["GET"]}}],"collection":[{"href":"https:\/\/cj.estrategia.com\/portal\/wp-json\/wp\/v2\/posts"}],"about":[{"href":"https:\/\/cj.estrategia.com\/portal\/wp-json\/wp\/v2\/types\/post"}],"author":[{"embeddable":true,"href":"https:\/\/cj.estrategia.com\/portal\/wp-json\/wp\/v2\/users\/12"}],"replies":[{"embeddable":true,"href":"https:\/\/cj.estrategia.com\/portal\/wp-json\/wp\/v2\/comments?post=42168"}],"version-history":[{"count":0,"href":"https:\/\/cj.estrategia.com\/portal\/wp-json\/wp\/v2\/posts\/42168\/revisions"}],"wp:featuredmedia":[{"embeddable":true,"href":"https:\/\/cj.estrategia.com\/portal\/wp-json\/wp\/v2\/media\/37796"}],"wp:attachment":[{"href":"https:\/\/cj.estrategia.com\/portal\/wp-json\/wp\/v2\/media?parent=42168"}],"wp:term":[{"taxonomy":"category","embeddable":true,"href":"https:\/\/cj.estrategia.com\/portal\/wp-json\/wp\/v2\/categories?post=42168"},{"taxonomy":"post_tag","embeddable":true,"href":"https:\/\/cj.estrategia.com\/portal\/wp-json\/wp\/v2\/tags?post=42168"},{"taxonomy":"tax_estado","embeddable":true,"href":"https:\/\/cj.estrategia.com\/portal\/wp-json\/wp\/v2\/tax_estado?post=42168"}],"curies":[{"name":"wp","href":"https:\/\/api.w.org\/{rel}","templated":true}]}}