{"id":41905,"date":"2023-07-18T08:12:45","date_gmt":"2023-07-18T11:12:45","guid":{"rendered":"https:\/\/cj.estrategia.com\/portal\/?p=41905"},"modified":"2023-07-18T08:14:47","modified_gmt":"2023-07-18T11:14:47","slug":"prova-comentada-de-registro-civil-de-pessoas-juridicas-titulos-e-documentos-cartorio-ma","status":"publish","type":"post","link":"https:\/\/cj.estrategia.com\/portal\/prova-comentada-de-registro-civil-de-pessoas-juridicas-titulos-e-documentos-cartorio-ma\/","title":{"rendered":"Prova Comentada de Registro Civil de Pessoas Jur\u00eddicas, T\u00edtulos e Documentos Cart\u00f3rio MA"},"content":{"rendered":"\n<p>Ol\u00e1, pessoal, tudo certo?!<\/p>\n\n\n\n<p>Em 16\/07\/2023, foi aplicada a prova objetiva do concurso p\u00fablico para Provimento em <strong>Cart\u00f3rios do TJ-MA<\/strong>. Assim que encerrada, nosso time de professores elaborou o gabarito extraoficial, que, agora, ser\u00e1 apresentado com a nossa <strong>PROVA COMENTADA<\/strong>.<\/p>\n\n\n\n<p>Este material visa a auxili\u00e1-los na aferi\u00e7\u00e3o das notas, elabora\u00e7\u00e3o de eventuais recursos, verifica\u00e7\u00e3o das chances de avan\u00e7o para fase discursiva, bem como na revis\u00e3o do conte\u00fado cobrado no certame.<\/p>\n\n\n\n<p>Desde j\u00e1, destacamos que nosso time de professores identificou 6 quest\u00f5es pass\u00edveis de recurso, por apresentarem duas ou nenhuma alternativa correta. No tipo de prova comentado, trata-se das quest\u00f5es 22, 28, 46, 49, 63 e 91.<\/p>\n\n\n\n<p>De modo complementar, elaboramos tamb\u00e9m o <strong>RANKING de Cart\u00f3rios do TJ-MA<\/strong>, em que nossos alunos e seguidores poder\u00e3o inserir suas respostas \u00e0 prova, e, ao final, aferir sua nota, de acordo com o gabarito elaborado por nossos professores. Atrav\u00e9s do ranking, tamb\u00e9m poderemos estimar a nota de corte da 1\u00ba fase. Essa ferramenta \u00e9 gratuita e, para participar, basta clicar no link abaixo:<\/p>\n\n\n\n<p class=\"has-text-align-center has-light-green-cyan-background-color has-background has-medium-font-size\"><a href=\"https:\/\/cj.estrategia.com\/cadernos-e-simulados\/simulados\/9bcd5354-5b3d-4f2e-bc16-14fb6ee67e07\" target=\"_blank\" ><strong>RANKING &#8211; Cart\u00f3rio MA<\/strong><\/a><\/p>\n\n\n\n<p>Al\u00e9m disso, montamos um caderno para nossos seguidores, alunos ou n\u00e3o, verem os coment\u00e1rios e comentar as quest\u00f5es da prova. Clique\u00a0<strong><a href=\"https:\/\/cj.estrategia.com\/cadernos-e-simulados\/cadernos\/e458c99b-2ac9-46a0-8e00-bbdcaa9dff66\" target=\"_blank\" >AQUI<\/a><\/strong>\u00a0e veja!<\/p>\n\n\n\n<p>Por fim, comentaremos a prova, as quest\u00f5es mais pol\u00eamicas, as possibilidades de recurso, bem como a estimativa da nota de corte no <strong><a href=\"https:\/\/www.youtube.com\/@EstrategiaCarreiraJuridica\" target=\"_blank\" >TERM\u00d4METRO P\u00d3S-PROVA<\/a><\/strong>, no nosso canal do Youtube. Inscreva-se e ative as notifica\u00e7\u00f5es!<\/p>\n\n\n\n<p>Voc\u00eas tamb\u00e9m poder\u00e3o acompanhar todos os eventos atrav\u00e9s deste link:<\/p>\n\n\n\n<p class=\"has-text-align-center has-very-light-gray-to-cyan-bluish-gray-gradient-background has-background has-medium-font-size\"><a href=\"https:\/\/cj.estrategia.com\/portal\/gabarito-extraoficial-tj-ma-cartorios\/\">Gabarito Extraoficial &#8211; Cart\u00f3rios do TJMA <\/a><\/p>\n\n\n\n<p>Esperamos que gostem do material e de todos os novos projetos que preparamos para que avancem rumo \u00e0 aprova\u00e7\u00e3o.<\/p>\n\n\n\n<h2 id=\"prova-comentada-de-registro-civil-de-pessoas-juridicas-titulos-e-documentos-cartorio-ma\" class=\"wp-block-heading\">Prova Comentada de Registro Civil de Pessoas Jur\u00eddicas, T\u00edtulos e Documentos Cart\u00f3rio MA<\/h2>\n\n\n\n<p><strong>QUEST\u00c3O 02. Foram apresentados a registro junto ao Servi\u00e7o de Registro Civil de Pessoas Jur\u00eddicas os atos constitutivos das seguintes pessoas jur\u00eddicas: I &#8211; sindicato; II &#8211; filial de sociedade com sede na \u00e1rea de circunscri\u00e7\u00e3o de outro servi\u00e7o; e, III &#8211; partido pol\u00edtico. Considerando a situa\u00e7\u00e3o f\u00e1tica mencionada e as disposi\u00e7\u00f5es contidas no C\u00f3digo de Normas da Corregedoria-Geral da Justi\u00e7a do Maranh\u00e3o, assinale a alternativa correta.<\/strong><\/p>\n\n\n\n<p><strong>a) Para o registro do sindicato, o controle da unidade sindical e da base territorial n\u00e3o ser\u00e1 feito pelo oficial registrador. O registro de filial \u00e9 aut\u00f4nomo e independe de pr\u00e9via averba\u00e7\u00e3o \u00e0 margem do registro original. O registro de partido pol\u00edtico \u00e9 sempre realizado no Servi\u00e7o de Registro Civil de Pessoas Jur\u00eddicas competente, no Distrito Federal.<\/strong><\/p>\n\n\n\n<p><strong>b) Para o registro do sindicato, \u00e9 necess\u00e1rio que o oficial verifique o controle da unidade sindical e da base territorial. Para o registro de filial, com sede em nova serventia, \u00e9 necess\u00e1rio que tenha sido previamente averbada \u00e0 margem do registro original. O registro de partido pol\u00edtico \u00e9 sempre realizado no Servi\u00e7o de Registro Civil de Pessoas Jur\u00eddicas competente, no Distrito Federal.&nbsp;<\/strong><\/p>\n\n\n\n<p><strong>c) Para o registro do sindicato, \u00e9 necess\u00e1rio que o oficial verifique o controle da unidade sindical e da base territorial. O registro de filial \u00e9 aut\u00f4nomo e independe de pr\u00e9via averba\u00e7\u00e3o \u00e0 margem do registro original. Para o registro de partido pol\u00edtico, \u00e9 necess\u00e1rio verificar se cuida de \u00f3rg\u00e3os de dire\u00e7\u00e3o nacional, estadual, distrital e municipal, pois o registro deve ser realizado no cart\u00f3rio do registro civil de pessoas jur\u00eddicas da circunscri\u00e7\u00e3o do respectivo diret\u00f3rio partid\u00e1rio.<\/strong><\/p>\n\n\n\n<p><strong>d) Para o registro do sindicato, o controle da unidade sindi cal e da base territorial n\u00e3o ser\u00e1 feito pelo oficial registrador. Para o registro de filial, com sede em nova serventia \u00e9 necess\u00e1rio que tenha sido previamente averbada \u00e0 margem do registro original. Para o registro de partido pol\u00edtico, \u00e9 necess\u00e1rio verificar se cuida de \u00f3rg\u00e3os de dire\u00e7\u00e3o nacional, estadual, distrital e municipal, pois o registro deve ser realizado no cart\u00f3rio do registro civil de pessoas jur\u00eddicas da circunscri\u00e7\u00e3o do respectivo diret\u00f3rio partid\u00e1rio.<\/strong><\/p>\n\n\n\n<p><strong>Coment\u00e1rios.<\/strong><\/p>\n\n\n\n<p>A alternativa correta \u00e9 a<strong> letra D.<\/strong><\/p>\n\n\n\n<p>De acordo com o art. 476, VIII, do C\u00f3digo de Normas da Corregedoria Geral de Justi\u00e7a do Maranh\u00e3o (Provimento n\u00ba 16\/2022), \u201cno registro de atos constitutivos e estatutos de sociedades sindicais, o controle da unidade sindical e da base territorial n\u00e3o ser\u00e1 feito pelo oficial registrador\u201d (incorretas, portanto, as letras B e C).<\/p>\n\n\n\n<p>Quanto ao registro de filial, disp\u00f5e o inciso VI do mesmo artigo ser \u201cvedado o registro de filial com sede em nova serventia sem que tenha sido previamente averbada \u00e0 margem do registro original\u201d (incorretas as letras A e C). Imprescind\u00edvel, portanto, para o registro pretendido que tenha havido a pr\u00e9via averba\u00e7\u00e3o \u00e0 margem do original.<\/p>\n\n\n\n<p>Por fim, para o registro de partido pol\u00edtico, deve-se observar o disposto no art. 485, que atribui a compet\u00eancia ao cart\u00f3rio de registro civil de pessoas jur\u00eddicas da circunscri\u00e7\u00e3o do respectivo diret\u00f3rio partid\u00e1rio. In verbis: \u201cArt. 485. Os registros de atas e demais documentos de \u00f3rg\u00e3os de dire\u00e7\u00e3o nacional, estadual, distrital e municipal devem ser realizados no cart\u00f3rio do registro civil de pessoas jur\u00eddicas da circunscri\u00e7\u00e3o do respectivo diret\u00f3rio partid\u00e1rio\u201d.<\/p>\n\n\n\n<p><strong>QUEST\u00c3O 12.&nbsp; No Servi\u00e7o de Registro Civil de Pessoas Jur\u00eddicas da Comarca Y, \u00e9 requerido o registro da sociedade simples pura com apenas tr\u00eas s\u00f3cios, sendo dois residentes e domiciliados na Comarca X e outro, na Comarca Y. A sociedade, constitu\u00edda dois meses antes da apresenta\u00e7\u00e3o do citado requerimento, tem sua sede e \u00fanico estabelecimento na Comarca Z. O contrato apresentado indica denomina\u00e7\u00e3o que n\u00e3o se mostra id\u00eantica \u00e0 de qualquer outra pessoa jur\u00eddica j\u00e1 registrada nos cart\u00f3rios competentes das Comarcas mencionadas, havendo apenas semelhan\u00e7a com a denomina\u00e7\u00e3o de outra pessoa jur\u00eddica j\u00e1 registrada nos mesmos. Considerando a situa\u00e7\u00e3o f\u00e1tica mencionada e as disposi\u00e7\u00f5es no C\u00f3digo Civil e no C\u00f3digo de Normas da Corregedoria-Geral da Justi\u00e7a do Maranh\u00e3o, no tocante \u00e0 qualifica\u00e7\u00e3o registral, a qualifica\u00e7\u00e3o ser\u00e1 negativa apenas pelos seguintes motivos:<\/strong><\/p>\n\n\n\n<p><strong>a) Tem atribui\u00e7\u00e3o para o registro o Servi\u00e7o de Registro Civil de Pessoas Jur\u00eddicas da Comarca X e o requerimento foi apresentado depois de decorrido o prazo legal para o registro.<\/strong><\/p>\n\n\n\n<p><strong>b) A semelhan\u00e7a de denomina\u00e7\u00e3o noticiada impede o registro se puder ocasionar d\u00favida aos usu\u00e1rios do servi\u00e7o e o requerimento foi apresentado depois de decorrido o prazo legal para o registro.<\/strong><\/p>\n\n\n\n<p><strong>c) Tem atribui\u00e7\u00e3o para o registro o Servi\u00e7o de Registro Civil de Pessoas Jur\u00eddicas da Comarca Z e a semelhan\u00e7a de denomina\u00e7\u00e3o noticiada impede o registro, se puder ocasionar d\u00favida aos usu\u00e1rios do servi\u00e7o.<\/strong><\/p>\n\n\n\n<p><strong>d) Tem atribui\u00e7\u00e3o para o registro o Servi\u00e7o de Registro Civil de Pessoas Jur\u00eddicas da Comarca Z e a semelhan\u00e7a de denomina\u00e7\u00e3o noticiada impede o registro, se puder ocasionar d\u00favida aos usu\u00e1rios do servi\u00e7o; o requerimento foi apresentado depois de decorrido o prazo legal para o registro.<\/strong><\/p>\n\n\n\n<p><strong>Coment\u00e1rios.<\/strong><\/p>\n\n\n\n<p>A alternativa correta \u00e9 a <strong>letra D.<\/strong><\/p>\n\n\n\n<p>A atribui\u00e7\u00e3o para o registro civil de pessoas jur\u00eddicas \u00e9 do local da sede da sociedade, nos termos do art. 998 do CC (\u201cArt. 998. Nos trinta dias subseq\u00fcentes \u00e0 sua constitui\u00e7\u00e3o, a sociedade dever\u00e1 requerer a inscri\u00e7\u00e3o do contrato social no Registro Civil das Pessoas Jur\u00eddicas do local de sua sede\u201d).<\/p>\n\n\n\n<p>Assim, na situa\u00e7\u00e3o narrada, \u00e9 irrelevante o local de resid\u00eancia dos s\u00f3cios. Como a sociedade simples pura tem sua sede e \u00fanico estabelecimento na Comarca Z, a atribui\u00e7\u00e3o para o registro dos atos constitutivos \u00e9 do Servi\u00e7o de Registro Civil de Pessoas Jur\u00eddicas da Comarca Z.<\/p>\n\n\n\n<p>O C\u00f3digo de Normas da Corregedoria-Geral de Justi\u00e7a do Maranh\u00e3o veda, em seu art. 471, \u00a7 1\u00ba,&nbsp; \u201co registro de pessoas jur\u00eddicas com nome empresarial ou denomina\u00e7\u00e3o id\u00eantica ou semelhante a outra j\u00e1 existente, que possa ocasionar d\u00favida aos usu\u00e1rios do servi\u00e7o\u201d. Referida normativa confere concretude ao princ\u00edpio da novidade ou da originalidade, insculpido no art. 1.163 do CC, que preconiza que \u201co nome de empres\u00e1rio deve distinguir-se de qualquer outro j\u00e1 inscrito no mesmo registro\u201d.<\/p>\n\n\n\n<p>No caso narrado, a despeito de a denomina\u00e7\u00e3o n\u00e3o se mostrar id\u00eantica \u00e0 de qualquer outra pessoa jur\u00eddica j\u00e1 registrada nos cart\u00f3rios competentes das Comarcas mencionadas, a exist\u00eancia de semelhan\u00e7a com a denomina\u00e7\u00e3o de outra pessoa jur\u00eddica j\u00e1 registrada nos mesmos pode ser circunst\u00e2ncia apta a obstar o registro se puder ocasionar d\u00favidas aos usu\u00e1rios do servi\u00e7o.<\/p>\n\n\n\n<p>O registro, ademais, deveria ter sido realizado nos 30 (trinta) dias subsequentes \u00e0 sua constitui\u00e7\u00e3o, conforme preconiza o art. 998 do CC, acima transcrito. De acordo com o enunciado, entretanto, o registro da sociedade simples somente foi requerido dois meses ap\u00f3s a sua constitui\u00e7\u00e3o, extrapolando, portanto, o prazo legal.<\/p>\n\n\n\n<p><strong>QUEST\u00c3O 24. Sobre o Registro Civil de Pessoa Jur\u00eddica de acordo com o C\u00f3digo de Normas da Corregedoria-Geral de Justi\u00e7a do Maranh\u00e3o, assinale afirmativa correta.<\/strong><\/p>\n\n\n\n<p><strong>a) Al\u00e9m dos livros referenciados na Lei n\u00b0 6.015\/1973, os of\u00edcios de registro civil das pessoas jur\u00eddicas utilizar\u00e3o o Livro de Protocolo, com trezentas folhas, para apontamento de todos os t\u00edtulos apresentados a registro ou averba\u00e7\u00e3o e para exame e c\u00e1lculo.<\/strong><\/p>\n\n\n\n<p><strong>b) Para a integraliza\u00e7\u00e3o de im\u00f3veis ao capital social de pessoa jur\u00eddica com fins lucrativos, devem ser exigidos e arquivados os seguintes documentos: certid\u00e3o de matr\u00edcula atualizada; certid\u00e3o negativa de \u00f4nus do im\u00f3vel e anu\u00eancia do c\u00f4njuge, se for o caso.<\/strong><\/p>\n\n\n\n<p><strong>c) A transcri\u00e7\u00e3o dos livros A e B poder\u00e1 ser realizada em fichas, para cada pessoa jur\u00eddica, escrituradas fisicamente ou eletronicamente, sendo, neste \u00faltimo caso, cada lan\u00e7amento associado \u00e0s imagens dos documentos gravados digitalmente ou em microfilme, dispon\u00edveis para impress\u00e3o apenas no formato PDF\/A.<\/strong><\/p>\n\n\n\n<p><strong>d) Os oficiais de registro civil das pessoas jur\u00eddicas adotar\u00e3o boas pr\u00e1ticas procedimentais e aquelas determinadas pela Corregedoria-Geral da Justi\u00e7a e pelas Varas Judiciais da Sede da Comarca, observando os princ\u00edpios da continuidade, da anterioridade e compatibilidade, necess\u00e1rios \u00e0 seguran\u00e7a jur\u00eddica dos atos que alterem ou afetem as pessoas jur\u00eddicas.<\/strong><\/p>\n\n\n\n<p><strong>Coment\u00e1rios.<\/strong><\/p>\n\n\n\n<p>A alternativa correta \u00e9 a<strong> letra B.<\/strong><\/p>\n\n\n\n<p>A alternativa A est\u00e1 incorreta. De fato, al\u00e9m dos livros referenciados na Lei 6.015\/73, os of\u00edcios de registro civil das pessoas jur\u00eddicas utilizar\u00e3o o Livro de Protocolo, com 300 (trezentas) folhas, nos moldes do art. 472 do C\u00f3digo de Normas da Corregedoria-Geral de Justi\u00e7a do Maranh\u00e3o. O erro contudo, est\u00e1 na parte final da alternativa. No livro de protocolo ser\u00e3o realizados apontamentos de todos os t\u00edtulos apresentados a registro ou averba\u00e7\u00e3o. N\u00e3o se destinam, todavia, ao \u201cexame e c\u00e1lculo\u201d, como mencionado pela assertiva.<\/p>\n\n\n\n<p>A alternativa B est\u00e1 correta. Trata-se da literalidade do art. 480, \u00a7 1\u00ba, do C\u00f3digo de Normas da Corregedoria-Geral de Justi\u00e7a do Maranh\u00e3o, o qual preconiza que \u201cpara a integraliza\u00e7\u00e3o de im\u00f3veis ao capital social de pessoa jur\u00eddica com fins lucrativos, devem ser exigidos e arquivados os seguintes documentos: I &#8211; Certid\u00e3o de Matr\u00edcula atualizada; II &#8211; Certid\u00e3o Negativa de \u00f4nus do im\u00f3vel; III &#8211; anu\u00eancia do c\u00f4njuge, se for o caso\u201d.<\/p>\n\n\n\n<p>A alternativa C est\u00e1 incorreta, pois n\u00e3o h\u00e1 vincula\u00e7\u00e3o \u00e0 impress\u00e3o apenas no formato PDF\/A. O Provimento 16\/2022 n\u00e3o estabelece formato para impress\u00e3o. Preconiza o art. 475 do C\u00f3digo de Normas da Corregedoria-Geral de Justi\u00e7a do Maranh\u00e3o que \u201ca transcri\u00e7\u00e3o dos Livros A e B poder\u00e1 ser realizada em fichas, para cada pessoa jur\u00eddica, escrituradas fisicamente ou eletronicamente, sendo, neste \u00faltimo caso, cada lan\u00e7amento associado \u00e0s imagens dos documentos gravados digitalmente ou em microfilme, dispon\u00edveis para impress\u00e3o\u201d.<\/p>\n\n\n\n<p>A alternativa D est\u00e1 incorreta, eis que inclu\u00eddas as \u201cVaras Judiciais da Sede da Comarca\u201d, em disson\u00e2ncia com o estabelecido no art. 469 do C\u00f3digo de Normas da Corregedoria-Geral de Justi\u00e7a do Maranh\u00e3o, a seguir transcrito: \u201cArt. 469. Os oficiais de registro civil das pessoas jur\u00eddicas adotar\u00e3o boas pr\u00e1ticas procedimentais e aquelas determinadas pela Corregedoria Geral da Justi\u00e7a, observando os princ\u00edpios da continuidade, da anterioridade e compatibilidade, necess\u00e1rios \u00e0 seguran\u00e7a jur\u00eddica dos atos que alterem ou afetem as pessoas jur\u00eddicas\u201d.<\/p>\n\n\n\n<h3 id=\"saiba-mais-cartorios-tj-ma\" class=\"wp-block-heading has-text-align-center has-luminous-vivid-amber-background-color has-background\">Saiba mais: <a href=\"https:\/\/cj.estrategia.com\/portal\/concurso-cartorio-ma\/\" target=\"_blank\" >Cart\u00f3rios TJ MA<\/a><\/h3>\n\n\n\n<h2 class=\"wp-block-heading has-text-align-center\" id=\"cursos\"><span id=\"quer-saber-tudo-sobre-concursos-previstosconfira-nossos-artigos\">Quer saber tudo sobre concursos previstos?<br>Confira nossos artigos!<\/span><\/h2>\n\n\n\n\n\n<ul class=\"wp-block-list\"><\/ul>\n","protected":false},"excerpt":{"rendered":"Ol\u00e1, pessoal, tudo certo?! Em 16\/07\/2023, foi aplicada a prova objetiva do concurso p\u00fablico para Provimento em Cart\u00f3rios&hellip;\n","protected":false},"author":12,"featured_media":20765,"comment_status":"open","ping_status":"open","sticky":false,"template":"","format":"standard","meta":{"_jetpack_memberships_contains_paid_content":false,"footnotes":""},"categories":[29],"tags":[],"tax_estado":[40],"class_list":{"0":"post-41905","1":"post","2":"type-post","3":"status-publish","4":"format-standard","5":"has-post-thumbnail","7":"category-cartorio","8":"tax_estado-ma"},"acf":[],"yoast_head":"<!-- This site is optimized with the Yoast SEO Premium plugin v27.4 (Yoast SEO v27.4) - https:\/\/yoast.com\/product\/yoast-seo-premium-wordpress\/ -->\n<title>Prova Comentada de Registro Civil de Pessoas Jur\u00eddicas, T\u00edtulos e Documentos Cart\u00f3rio MA<\/title>\n<meta name=\"description\" content=\"Prova Comentada de Registro Civil de Pessoas Jur\u00eddicas, T\u00edtulos e Documentos Cart\u00f3rio MA.\" \/>\n<meta name=\"robots\" content=\"index, follow, max-snippet:-1, max-image-preview:large, max-video-preview:-1\" \/>\n<link rel=\"canonical\" href=\"https:\/\/cj.estrategia.com\/portal\/prova-comentada-de-registro-civil-de-pessoas-juridicas-titulos-e-documentos-cartorio-ma\/\" \/>\n<meta property=\"og:locale\" content=\"pt_BR\" \/>\n<meta property=\"og:type\" content=\"article\" \/>\n<meta property=\"og:title\" content=\"Prova Comentada de Registro Civil de Pessoas Jur\u00eddicas, T\u00edtulos e Documentos Cart\u00f3rio MA\" \/>\n<meta property=\"og:description\" content=\"Prova Comentada de Registro Civil de Pessoas Jur\u00eddicas, T\u00edtulos e Documentos Cart\u00f3rio MA.\" \/>\n<meta property=\"og:url\" content=\"https:\/\/cj.estrategia.com\/portal\/prova-comentada-de-registro-civil-de-pessoas-juridicas-titulos-e-documentos-cartorio-ma\/\" \/>\n<meta property=\"og:site_name\" content=\"Blog - Carreiras Jur\u00eddicas - Estrat\u00e9gia\" \/>\n<meta property=\"article:publisher\" content=\"https:\/\/www.facebook.com\/estrategiacarreirajuridica\/\" \/>\n<meta property=\"article:published_time\" content=\"2023-07-18T11:12:45+00:00\" \/>\n<meta property=\"article:modified_time\" content=\"2023-07-18T11:14:47+00:00\" \/>\n<meta property=\"og:image\" content=\"https:\/\/cj.estrategia.com\/portal\/wp-content\/uploads\/2022\/07\/04101306\/CARTORIO-MA.jpg\" \/>\n\t<meta property=\"og:image:width\" content=\"768\" \/>\n\t<meta property=\"og:image:height\" content=\"432\" \/>\n\t<meta property=\"og:image:type\" content=\"image\/jpeg\" \/>\n<meta name=\"author\" content=\"Coordena\u00e7\u00e3o\" \/>\n<meta name=\"twitter:card\" content=\"summary_large_image\" \/>\n<meta name=\"twitter:creator\" content=\"@EstratJuridica\" \/>\n<meta name=\"twitter:site\" content=\"@EstratJuridica\" \/>\n<meta name=\"twitter:label1\" content=\"Escrito por\" \/>\n\t<meta name=\"twitter:data1\" content=\"Coordena\u00e7\u00e3o\" \/>\n\t<meta name=\"twitter:label2\" content=\"Est. tempo de leitura\" \/>\n\t<meta name=\"twitter:data2\" content=\"11 minutos\" \/>\n<script type=\"application\/ld+json\" class=\"yoast-schema-graph\">{\"@context\":\"https:\\\/\\\/schema.org\",\"@graph\":[{\"@type\":\"NewsArticle\",\"@id\":\"https:\\\/\\\/cj.estrategia.com\\\/portal\\\/prova-comentada-de-registro-civil-de-pessoas-juridicas-titulos-e-documentos-cartorio-ma\\\/#article\",\"isPartOf\":{\"@id\":\"https:\\\/\\\/cj.estrategia.com\\\/portal\\\/prova-comentada-de-registro-civil-de-pessoas-juridicas-titulos-e-documentos-cartorio-ma\\\/\"},\"author\":{\"name\":\"Coordena\u00e7\u00e3o\",\"@id\":\"https:\\\/\\\/cj.estrategia.com\\\/portal\\\/#\\\/schema\\\/person\\\/4d70317d31449932b99102916b6637f5\"},\"headline\":\"Prova Comentada de Registro Civil de Pessoas Jur\u00eddicas, T\u00edtulos e Documentos Cart\u00f3rio MA\",\"datePublished\":\"2023-07-18T11:12:45+00:00\",\"dateModified\":\"2023-07-18T11:14:47+00:00\",\"mainEntityOfPage\":{\"@id\":\"https:\\\/\\\/cj.estrategia.com\\\/portal\\\/prova-comentada-de-registro-civil-de-pessoas-juridicas-titulos-e-documentos-cartorio-ma\\\/\"},\"wordCount\":2147,\"commentCount\":0,\"publisher\":{\"@id\":\"https:\\\/\\\/cj.estrategia.com\\\/portal\\\/#organization\"},\"image\":{\"@id\":\"https:\\\/\\\/cj.estrategia.com\\\/portal\\\/prova-comentada-de-registro-civil-de-pessoas-juridicas-titulos-e-documentos-cartorio-ma\\\/#primaryimage\"},\"thumbnailUrl\":\"https:\\\/\\\/cj.estrategia.com\\\/portal\\\/wp-content\\\/uploads\\\/2022\\\/07\\\/04101306\\\/CARTORIO-MA.jpg\",\"articleSection\":[\"Cart\u00f3rio\"],\"inLanguage\":\"pt-BR\",\"potentialAction\":[{\"@type\":\"CommentAction\",\"name\":\"Comment\",\"target\":[\"https:\\\/\\\/cj.estrategia.com\\\/portal\\\/prova-comentada-de-registro-civil-de-pessoas-juridicas-titulos-e-documentos-cartorio-ma\\\/#respond\"]}]},{\"@type\":\"WebPage\",\"@id\":\"https:\\\/\\\/cj.estrategia.com\\\/portal\\\/prova-comentada-de-registro-civil-de-pessoas-juridicas-titulos-e-documentos-cartorio-ma\\\/\",\"url\":\"https:\\\/\\\/cj.estrategia.com\\\/portal\\\/prova-comentada-de-registro-civil-de-pessoas-juridicas-titulos-e-documentos-cartorio-ma\\\/\",\"name\":\"Prova Comentada de Registro Civil de Pessoas Jur\u00eddicas, T\u00edtulos e Documentos Cart\u00f3rio MA\",\"isPartOf\":{\"@id\":\"https:\\\/\\\/cj.estrategia.com\\\/portal\\\/#website\"},\"primaryImageOfPage\":{\"@id\":\"https:\\\/\\\/cj.estrategia.com\\\/portal\\\/prova-comentada-de-registro-civil-de-pessoas-juridicas-titulos-e-documentos-cartorio-ma\\\/#primaryimage\"},\"image\":{\"@id\":\"https:\\\/\\\/cj.estrategia.com\\\/portal\\\/prova-comentada-de-registro-civil-de-pessoas-juridicas-titulos-e-documentos-cartorio-ma\\\/#primaryimage\"},\"thumbnailUrl\":\"https:\\\/\\\/cj.estrategia.com\\\/portal\\\/wp-content\\\/uploads\\\/2022\\\/07\\\/04101306\\\/CARTORIO-MA.jpg\",\"datePublished\":\"2023-07-18T11:12:45+00:00\",\"dateModified\":\"2023-07-18T11:14:47+00:00\",\"description\":\"Prova Comentada de Registro Civil de Pessoas Jur\u00eddicas, T\u00edtulos e Documentos Cart\u00f3rio MA.\",\"breadcrumb\":{\"@id\":\"https:\\\/\\\/cj.estrategia.com\\\/portal\\\/prova-comentada-de-registro-civil-de-pessoas-juridicas-titulos-e-documentos-cartorio-ma\\\/#breadcrumb\"},\"inLanguage\":\"pt-BR\",\"potentialAction\":[{\"@type\":\"ReadAction\",\"target\":[\"https:\\\/\\\/cj.estrategia.com\\\/portal\\\/prova-comentada-de-registro-civil-de-pessoas-juridicas-titulos-e-documentos-cartorio-ma\\\/\"]}]},{\"@type\":\"ImageObject\",\"inLanguage\":\"pt-BR\",\"@id\":\"https:\\\/\\\/cj.estrategia.com\\\/portal\\\/prova-comentada-de-registro-civil-de-pessoas-juridicas-titulos-e-documentos-cartorio-ma\\\/#primaryimage\",\"url\":\"https:\\\/\\\/cj.estrategia.com\\\/portal\\\/wp-content\\\/uploads\\\/2022\\\/07\\\/04101306\\\/CARTORIO-MA.jpg\",\"contentUrl\":\"https:\\\/\\\/cj.estrategia.com\\\/portal\\\/wp-content\\\/uploads\\\/2022\\\/07\\\/04101306\\\/CARTORIO-MA.jpg\",\"width\":768,\"height\":432,\"caption\":\"Concurso Cart\u00f3rio MA\"},{\"@type\":\"BreadcrumbList\",\"@id\":\"https:\\\/\\\/cj.estrategia.com\\\/portal\\\/prova-comentada-de-registro-civil-de-pessoas-juridicas-titulos-e-documentos-cartorio-ma\\\/#breadcrumb\",\"itemListElement\":[{\"@type\":\"ListItem\",\"position\":1,\"name\":\"In\u00edcio\",\"item\":\"https:\\\/\\\/cj.estrategia.com\\\/portal\\\/\"},{\"@type\":\"ListItem\",\"position\":2,\"name\":\"Prova Comentada de Registro Civil de Pessoas Jur\u00eddicas, T\u00edtulos e Documentos Cart\u00f3rio MA\"}]},{\"@type\":\"WebSite\",\"@id\":\"https:\\\/\\\/cj.estrategia.com\\\/portal\\\/#website\",\"url\":\"https:\\\/\\\/cj.estrategia.com\\\/portal\\\/\",\"name\":\"Blog - Carreiras Jur\u00eddicas - Estrat\u00e9gia\",\"description\":\"\",\"publisher\":{\"@id\":\"https:\\\/\\\/cj.estrategia.com\\\/portal\\\/#organization\"},\"potentialAction\":[{\"@type\":\"SearchAction\",\"target\":{\"@type\":\"EntryPoint\",\"urlTemplate\":\"https:\\\/\\\/cj.estrategia.com\\\/portal\\\/?s={search_term_string}\"},\"query-input\":{\"@type\":\"PropertyValueSpecification\",\"valueRequired\":true,\"valueName\":\"search_term_string\"}}],\"inLanguage\":\"pt-BR\"},{\"@type\":\"Organization\",\"@id\":\"https:\\\/\\\/cj.estrategia.com\\\/portal\\\/#organization\",\"name\":\"Estrat\u00e9gia - Carreiras Jur\u00eddicas\",\"url\":\"https:\\\/\\\/cj.estrategia.com\\\/portal\\\/\",\"logo\":{\"@type\":\"ImageObject\",\"inLanguage\":\"pt-BR\",\"@id\":\"https:\\\/\\\/cj.estrategia.com\\\/portal\\\/#\\\/schema\\\/logo\\\/image\\\/\",\"url\":\"https:\\\/\\\/cj.estrategia.com\\\/portal\\\/wp-content\\\/uploads\\\/2022\\\/03\\\/11151052\\\/cj-logo.png\",\"contentUrl\":\"https:\\\/\\\/cj.estrategia.com\\\/portal\\\/wp-content\\\/uploads\\\/2022\\\/03\\\/11151052\\\/cj-logo.png\",\"width\":150,\"height\":39,\"caption\":\"Estrat\u00e9gia - Carreiras Jur\u00eddicas\"},\"image\":{\"@id\":\"https:\\\/\\\/cj.estrategia.com\\\/portal\\\/#\\\/schema\\\/logo\\\/image\\\/\"},\"sameAs\":[\"https:\\\/\\\/www.facebook.com\\\/estrategiacarreirajuridica\\\/\",\"https:\\\/\\\/x.com\\\/EstratJuridica\",\"https:\\\/\\\/www.instagram.com\\\/estrategiacarreirajuridica\\\/\",\"https:\\\/\\\/www.youtube.com\\\/channel\\\/UClbMGuYbj2Mh1m3w144ETWQ\"]},{\"@type\":\"Person\",\"@id\":\"https:\\\/\\\/cj.estrategia.com\\\/portal\\\/#\\\/schema\\\/person\\\/4d70317d31449932b99102916b6637f5\",\"name\":\"Coordena\u00e7\u00e3o\",\"image\":{\"@type\":\"ImageObject\",\"inLanguage\":\"pt-BR\",\"@id\":\"https:\\\/\\\/cj.estrategia.com\\\/portal\\\/wp-content\\\/uploads\\\/2022\\\/05\\\/12164923\\\/estrategia-carreira-juridica-coordenacao-96x96.png\",\"url\":\"https:\\\/\\\/cj.estrategia.com\\\/portal\\\/wp-content\\\/uploads\\\/2022\\\/05\\\/12164923\\\/estrategia-carreira-juridica-coordenacao-96x96.png\",\"contentUrl\":\"https:\\\/\\\/cj.estrategia.com\\\/portal\\\/wp-content\\\/uploads\\\/2022\\\/05\\\/12164923\\\/estrategia-carreira-juridica-coordenacao-96x96.png\",\"caption\":\"Coordena\u00e7\u00e3o\"},\"url\":\"https:\\\/\\\/cj.estrategia.com\\\/portal\\\/author\\\/coordenacao\\\/\"}]}<\/script>\n<!-- \/ Yoast SEO Premium plugin. -->","yoast_head_json":{"title":"Prova Comentada de Registro Civil de Pessoas Jur\u00eddicas, T\u00edtulos e Documentos Cart\u00f3rio MA","description":"Prova Comentada de Registro Civil de Pessoas Jur\u00eddicas, T\u00edtulos e Documentos Cart\u00f3rio MA.","robots":{"index":"index","follow":"follow","max-snippet":"max-snippet:-1","max-image-preview":"max-image-preview:large","max-video-preview":"max-video-preview:-1"},"canonical":"https:\/\/cj.estrategia.com\/portal\/prova-comentada-de-registro-civil-de-pessoas-juridicas-titulos-e-documentos-cartorio-ma\/","og_locale":"pt_BR","og_type":"article","og_title":"Prova Comentada de Registro Civil de Pessoas Jur\u00eddicas, T\u00edtulos e Documentos Cart\u00f3rio MA","og_description":"Prova Comentada de Registro Civil de Pessoas Jur\u00eddicas, T\u00edtulos e Documentos Cart\u00f3rio MA.","og_url":"https:\/\/cj.estrategia.com\/portal\/prova-comentada-de-registro-civil-de-pessoas-juridicas-titulos-e-documentos-cartorio-ma\/","og_site_name":"Blog - Carreiras Jur\u00eddicas - Estrat\u00e9gia","article_publisher":"https:\/\/www.facebook.com\/estrategiacarreirajuridica\/","article_published_time":"2023-07-18T11:12:45+00:00","article_modified_time":"2023-07-18T11:14:47+00:00","og_image":[{"width":768,"height":432,"url":"https:\/\/cj.estrategia.com\/portal\/wp-content\/uploads\/2022\/07\/04101306\/CARTORIO-MA.jpg","type":"image\/jpeg"}],"author":"Coordena\u00e7\u00e3o","twitter_card":"summary_large_image","twitter_creator":"@EstratJuridica","twitter_site":"@EstratJuridica","twitter_misc":{"Escrito por":"Coordena\u00e7\u00e3o","Est. tempo de leitura":"11 minutos"},"schema":{"@context":"https:\/\/schema.org","@graph":[{"@type":"NewsArticle","@id":"https:\/\/cj.estrategia.com\/portal\/prova-comentada-de-registro-civil-de-pessoas-juridicas-titulos-e-documentos-cartorio-ma\/#article","isPartOf":{"@id":"https:\/\/cj.estrategia.com\/portal\/prova-comentada-de-registro-civil-de-pessoas-juridicas-titulos-e-documentos-cartorio-ma\/"},"author":{"name":"Coordena\u00e7\u00e3o","@id":"https:\/\/cj.estrategia.com\/portal\/#\/schema\/person\/4d70317d31449932b99102916b6637f5"},"headline":"Prova Comentada de Registro Civil de Pessoas Jur\u00eddicas, T\u00edtulos e Documentos Cart\u00f3rio MA","datePublished":"2023-07-18T11:12:45+00:00","dateModified":"2023-07-18T11:14:47+00:00","mainEntityOfPage":{"@id":"https:\/\/cj.estrategia.com\/portal\/prova-comentada-de-registro-civil-de-pessoas-juridicas-titulos-e-documentos-cartorio-ma\/"},"wordCount":2147,"commentCount":0,"publisher":{"@id":"https:\/\/cj.estrategia.com\/portal\/#organization"},"image":{"@id":"https:\/\/cj.estrategia.com\/portal\/prova-comentada-de-registro-civil-de-pessoas-juridicas-titulos-e-documentos-cartorio-ma\/#primaryimage"},"thumbnailUrl":"https:\/\/cj.estrategia.com\/portal\/wp-content\/uploads\/2022\/07\/04101306\/CARTORIO-MA.jpg","articleSection":["Cart\u00f3rio"],"inLanguage":"pt-BR","potentialAction":[{"@type":"CommentAction","name":"Comment","target":["https:\/\/cj.estrategia.com\/portal\/prova-comentada-de-registro-civil-de-pessoas-juridicas-titulos-e-documentos-cartorio-ma\/#respond"]}]},{"@type":"WebPage","@id":"https:\/\/cj.estrategia.com\/portal\/prova-comentada-de-registro-civil-de-pessoas-juridicas-titulos-e-documentos-cartorio-ma\/","url":"https:\/\/cj.estrategia.com\/portal\/prova-comentada-de-registro-civil-de-pessoas-juridicas-titulos-e-documentos-cartorio-ma\/","name":"Prova Comentada de Registro Civil de Pessoas Jur\u00eddicas, T\u00edtulos e Documentos Cart\u00f3rio MA","isPartOf":{"@id":"https:\/\/cj.estrategia.com\/portal\/#website"},"primaryImageOfPage":{"@id":"https:\/\/cj.estrategia.com\/portal\/prova-comentada-de-registro-civil-de-pessoas-juridicas-titulos-e-documentos-cartorio-ma\/#primaryimage"},"image":{"@id":"https:\/\/cj.estrategia.com\/portal\/prova-comentada-de-registro-civil-de-pessoas-juridicas-titulos-e-documentos-cartorio-ma\/#primaryimage"},"thumbnailUrl":"https:\/\/cj.estrategia.com\/portal\/wp-content\/uploads\/2022\/07\/04101306\/CARTORIO-MA.jpg","datePublished":"2023-07-18T11:12:45+00:00","dateModified":"2023-07-18T11:14:47+00:00","description":"Prova Comentada de Registro Civil de Pessoas Jur\u00eddicas, T\u00edtulos e Documentos Cart\u00f3rio MA.","breadcrumb":{"@id":"https:\/\/cj.estrategia.com\/portal\/prova-comentada-de-registro-civil-de-pessoas-juridicas-titulos-e-documentos-cartorio-ma\/#breadcrumb"},"inLanguage":"pt-BR","potentialAction":[{"@type":"ReadAction","target":["https:\/\/cj.estrategia.com\/portal\/prova-comentada-de-registro-civil-de-pessoas-juridicas-titulos-e-documentos-cartorio-ma\/"]}]},{"@type":"ImageObject","inLanguage":"pt-BR","@id":"https:\/\/cj.estrategia.com\/portal\/prova-comentada-de-registro-civil-de-pessoas-juridicas-titulos-e-documentos-cartorio-ma\/#primaryimage","url":"https:\/\/cj.estrategia.com\/portal\/wp-content\/uploads\/2022\/07\/04101306\/CARTORIO-MA.jpg","contentUrl":"https:\/\/cj.estrategia.com\/portal\/wp-content\/uploads\/2022\/07\/04101306\/CARTORIO-MA.jpg","width":768,"height":432,"caption":"Concurso Cart\u00f3rio MA"},{"@type":"BreadcrumbList","@id":"https:\/\/cj.estrategia.com\/portal\/prova-comentada-de-registro-civil-de-pessoas-juridicas-titulos-e-documentos-cartorio-ma\/#breadcrumb","itemListElement":[{"@type":"ListItem","position":1,"name":"In\u00edcio","item":"https:\/\/cj.estrategia.com\/portal\/"},{"@type":"ListItem","position":2,"name":"Prova Comentada de Registro Civil de Pessoas Jur\u00eddicas, T\u00edtulos e Documentos Cart\u00f3rio MA"}]},{"@type":"WebSite","@id":"https:\/\/cj.estrategia.com\/portal\/#website","url":"https:\/\/cj.estrategia.com\/portal\/","name":"Blog - Carreiras Jur\u00eddicas - Estrat\u00e9gia","description":"","publisher":{"@id":"https:\/\/cj.estrategia.com\/portal\/#organization"},"potentialAction":[{"@type":"SearchAction","target":{"@type":"EntryPoint","urlTemplate":"https:\/\/cj.estrategia.com\/portal\/?s={search_term_string}"},"query-input":{"@type":"PropertyValueSpecification","valueRequired":true,"valueName":"search_term_string"}}],"inLanguage":"pt-BR"},{"@type":"Organization","@id":"https:\/\/cj.estrategia.com\/portal\/#organization","name":"Estrat\u00e9gia - Carreiras Jur\u00eddicas","url":"https:\/\/cj.estrategia.com\/portal\/","logo":{"@type":"ImageObject","inLanguage":"pt-BR","@id":"https:\/\/cj.estrategia.com\/portal\/#\/schema\/logo\/image\/","url":"https:\/\/cj.estrategia.com\/portal\/wp-content\/uploads\/2022\/03\/11151052\/cj-logo.png","contentUrl":"https:\/\/cj.estrategia.com\/portal\/wp-content\/uploads\/2022\/03\/11151052\/cj-logo.png","width":150,"height":39,"caption":"Estrat\u00e9gia - Carreiras Jur\u00eddicas"},"image":{"@id":"https:\/\/cj.estrategia.com\/portal\/#\/schema\/logo\/image\/"},"sameAs":["https:\/\/www.facebook.com\/estrategiacarreirajuridica\/","https:\/\/x.com\/EstratJuridica","https:\/\/www.instagram.com\/estrategiacarreirajuridica\/","https:\/\/www.youtube.com\/channel\/UClbMGuYbj2Mh1m3w144ETWQ"]},{"@type":"Person","@id":"https:\/\/cj.estrategia.com\/portal\/#\/schema\/person\/4d70317d31449932b99102916b6637f5","name":"Coordena\u00e7\u00e3o","image":{"@type":"ImageObject","inLanguage":"pt-BR","@id":"https:\/\/cj.estrategia.com\/portal\/wp-content\/uploads\/2022\/05\/12164923\/estrategia-carreira-juridica-coordenacao-96x96.png","url":"https:\/\/cj.estrategia.com\/portal\/wp-content\/uploads\/2022\/05\/12164923\/estrategia-carreira-juridica-coordenacao-96x96.png","contentUrl":"https:\/\/cj.estrategia.com\/portal\/wp-content\/uploads\/2022\/05\/12164923\/estrategia-carreira-juridica-coordenacao-96x96.png","caption":"Coordena\u00e7\u00e3o"},"url":"https:\/\/cj.estrategia.com\/portal\/author\/coordenacao\/"}]}},"jetpack_featured_media_url":"https:\/\/cj.estrategia.com\/portal\/wp-content\/uploads\/2022\/07\/04101306\/CARTORIO-MA.jpg","jetpack_sharing_enabled":true,"_links":{"self":[{"href":"https:\/\/cj.estrategia.com\/portal\/wp-json\/wp\/v2\/posts\/41905","targetHints":{"allow":["GET"]}}],"collection":[{"href":"https:\/\/cj.estrategia.com\/portal\/wp-json\/wp\/v2\/posts"}],"about":[{"href":"https:\/\/cj.estrategia.com\/portal\/wp-json\/wp\/v2\/types\/post"}],"author":[{"embeddable":true,"href":"https:\/\/cj.estrategia.com\/portal\/wp-json\/wp\/v2\/users\/12"}],"replies":[{"embeddable":true,"href":"https:\/\/cj.estrategia.com\/portal\/wp-json\/wp\/v2\/comments?post=41905"}],"version-history":[{"count":7,"href":"https:\/\/cj.estrategia.com\/portal\/wp-json\/wp\/v2\/posts\/41905\/revisions"}],"predecessor-version":[{"id":41916,"href":"https:\/\/cj.estrategia.com\/portal\/wp-json\/wp\/v2\/posts\/41905\/revisions\/41916"}],"wp:featuredmedia":[{"embeddable":true,"href":"https:\/\/cj.estrategia.com\/portal\/wp-json\/wp\/v2\/media\/20765"}],"wp:attachment":[{"href":"https:\/\/cj.estrategia.com\/portal\/wp-json\/wp\/v2\/media?parent=41905"}],"wp:term":[{"taxonomy":"category","embeddable":true,"href":"https:\/\/cj.estrategia.com\/portal\/wp-json\/wp\/v2\/categories?post=41905"},{"taxonomy":"post_tag","embeddable":true,"href":"https:\/\/cj.estrategia.com\/portal\/wp-json\/wp\/v2\/tags?post=41905"},{"taxonomy":"tax_estado","embeddable":true,"href":"https:\/\/cj.estrategia.com\/portal\/wp-json\/wp\/v2\/tax_estado?post=41905"}],"curies":[{"name":"wp","href":"https:\/\/api.w.org\/{rel}","templated":true}]}}