{"id":41864,"date":"2023-07-17T21:26:48","date_gmt":"2023-07-18T00:26:48","guid":{"rendered":"https:\/\/cj.estrategia.com\/portal\/?p=41864"},"modified":"2023-07-17T21:26:51","modified_gmt":"2023-07-18T00:26:51","slug":"prova-comentada-direito-do-trabalho-e-processual-do-trabalho-pgm-natal-rn","status":"publish","type":"post","link":"https:\/\/cj.estrategia.com\/portal\/prova-comentada-direito-do-trabalho-e-processual-do-trabalho-pgm-natal-rn\/","title":{"rendered":"Prova comentada Direito do Trabalho e Processual do Trabalho PGM Natal RN"},"content":{"rendered":"\n<p>Ol\u00e1, pessoal, tudo certo?!<\/p>\n\n\n\n<p>Em 16\/07\/2023, foi aplicada a prova objetiva do concurso p\u00fablico para <strong>Procurador do Munic\u00edpio de Natal<\/strong>. Assim que encerrada, nosso time de professores elaborou o gabarito extraoficial, que, agora, ser\u00e1 apresentado juntamente com a nossa <strong>PROVA COMENTADA<\/strong>.<\/p>\n\n\n\n<p>Este material visa a auxili\u00e1-los na aferi\u00e7\u00e3o das notas, elabora\u00e7\u00e3o de eventuais recursos, verifica\u00e7\u00e3o das chances de avan\u00e7o para fase discursiva, bem como na revis\u00e3o do conte\u00fado cobrado no certame.<\/p>\n\n\n\n<p>Desde j\u00e1, destacamos que nosso time de professores identificou 5 quest\u00f5es pass\u00edveis de recurso, por apresentarem duas ou nenhuma alternativa correta, como veremos adiante. No tipo de prova comentado, trata-se das quest\u00f5es 19, 63, 68, 70 e 84.<\/p>\n\n\n\n<p>De modo complementar, elaboramos tamb\u00e9m o <strong><a href=\"https:\/\/cj.estrategia.com\/cadernos-e-simulados\/simulados\/fec24c7b-3665-47e5-b454-cef17aed7377\" target=\"_blank\" rel=\"noreferrer noopener nofollow\">RANKING de Procurador do Munic\u00edpio de Natal<\/a><\/strong>, em que nossos alunos e seguidores poder\u00e3o inserir suas respostas \u00e0 prova, e, ao final, aferir sua nota, de acordo com o gabarito elaborado por nossos professores. Atrav\u00e9s do ranking, tamb\u00e9m poderemos estimar a nota de corte da 1\u00ba fase. Essa ferramenta \u00e9 gratuita e, para participar, basta clicar no link abaixo:<\/p>\n\n\n\n<p>Al\u00e9m disso, montamos um caderno para nossos seguidores, alunos ou n\u00e3o, verem os coment\u00e1rios e comentar as quest\u00f5es da prova. Clique <strong><a href=\"https:\/\/cj.estrategia.com\/cadernos-e-simulados\/cadernos\/7705a7bb-1d43-49ce-a5ab-2a2e7ff2d6b9\" target=\"_blank\" rel=\"noreferrer noopener nofollow\">AQUI<\/a> <\/strong>e veja!<\/p>\n\n\n\n<p>Por fim, comentaremos a prova, as quest\u00f5es mais pol\u00eamicas, as possibilidades de recurso, bem como a estimativa da nota de corte no <a href=\"https:\/\/www.youtube.com\/@EstrategiaCarreiraJuridica\" target=\"_blank\" rel=\"noreferrer noopener nofollow\"><strong>TERM\u00d4METRO P\u00d3S-PROVA<\/strong>, <\/a>no nosso canal do Youtube. Inscreva-se e ative as notifica\u00e7\u00f5es!<\/p>\n\n\n\n<p>Voc\u00eas tamb\u00e9m poder\u00e3o acompanhar todos os eventos atrav\u00e9s deste link:&nbsp;<\/p>\n\n\n\n<p class=\"has-text-align-center has-pale-ocean-gradient-background has-background\"><a href=\"https:\/\/cj.estrategia.com\/portal\/gabarito-extraoficial-pgm-natal\/\">Gabarito Extraoficial &#8211; Procurador do Munic\u00edpio de Natal (estrategia.com)<\/a><\/p>\n\n\n\n<h2 class=\"wp-block-heading has-vivid-red-color has-text-color\" id=\"h-prova-comentada-direito-do-trabalho-e-processual-do-trabalho-pgm-natal-rn\"><span id=\"prova-comentada-direito-do-trabalho-e-processual-do-trabalho-pgm-natal-rn\">Prova comentada Direito do Trabalho e Processual do Trabalho PGM Natal RN<\/span><\/h2>\n\n\n\n<p><strong>QUEST\u00c3O 85. Sem preju\u00edzo da percep\u00e7\u00e3o do sal\u00e1rio, o empregado celetista poder\u00e1 deixar de comparecer ao servi\u00e7o por<\/strong><\/p>\n\n\n\n<p><strong>a) at\u00e9 cinco dias \u00fateis, em virtude de casamento.<\/strong><\/p>\n\n\n\n<p><strong>b) cinco dias consecutivos, em caso de nascimento de filho.<\/strong><\/p>\n\n\n\n<p><strong>c) um dia por m\u00eas, para acompanhar-filho de at\u00e9 doze anos de idade em consulta m\u00e9dica.<\/strong><\/p>\n\n\n\n<p><strong>d) at\u00e9 sete dias consecutivos, em caso de falecimento do c\u00f4njuge.<\/strong><\/p>\n\n\n\n<p><strong>e) um dia a cada seis meses de trabalho, em caso de doa\u00e7\u00e3o volunt\u00e1ria de sangue.<\/strong><\/p>\n\n\n\n<p><strong>Coment\u00e1rios<\/strong><\/p>\n\n\n\n<p>A alternativa correta \u00e9 a <strong>letra B<\/strong>.<\/p>\n\n\n\n<p>A alternativa A est\u00e1 incorreta, pois na forma do art. 473, II, da CLT, s\u00e3o at\u00e9 3 dias consecutivos: \u201cO empregado poder\u00e1 deixar de comparecer ao servi\u00e7o sem preju\u00edzo do sal\u00e1rio: II &#8211; at\u00e9 3 (tr\u00eas) dias consecutivos, em virtude de casamento;\u201d<\/p>\n\n\n\n<p>A alternativa B est\u00e1 correta, conforme art. 473, III, da CLT: \u201cO empregado poder\u00e1 deixar de comparecer ao servi\u00e7o sem preju\u00edzo do sal\u00e1rio: III &#8211; por 5 (cinco) dias consecutivos, em caso de nascimento de filho, de ado\u00e7\u00e3o ou de guarda compartilhada;\u201d<\/p>\n\n\n\n<p>A alternativa C est\u00e1 incorreta, pois na forma do art. 473, XI, da CLT, ser\u00e1 1 dia por ano (e n\u00e3o por m\u00eas), para acompanhar em consulta m\u00e9dica filho de at\u00e9 6 anos (e n\u00e3o 12 anos): \u201cO empregado poder\u00e1 deixar de comparecer ao servi\u00e7o sem preju\u00edzo do sal\u00e1rio: XI &#8211; por 1 (um) dia por ano para acompanhar filho de at\u00e9 6 (seis) anos em consulta m\u00e9dica.\u201d<\/p>\n\n\n\n<p>A alternativa D est\u00e1 incorreta, pois na forma do art. 473, I, da CLT, s\u00e3o at\u00e9 2 dias consecutivos: \u201cO empregado poder\u00e1 deixar de comparecer ao servi\u00e7o sem preju\u00edzo do sal\u00e1rio: I &#8211; at\u00e9 2 (dois) dias consecutivos, em caso de falecimento do c\u00f4njuge, ascendente, descendente, irm\u00e3o ou pessoa que, declarada em sua carteira de trabalho e previd\u00eancia social, viva sob sua depend\u00eancia econ\u00f4mica;\u201d<\/p>\n\n\n\n<p>A alternativa E est\u00e1 incorreta, pois na forma do art. 473, IV, da CLT, \u00e9 1 dia a cada 12 meses de trabalho: \u201cO empregado poder\u00e1 deixar de comparecer ao servi\u00e7o sem preju\u00edzo do sal\u00e1rio: IV &#8211; por um dia, em cada 12 (doze) meses de trabalho, em caso de doa\u00e7\u00e3o volunt\u00e1ria de sangue devidamente comprovada;\u201d<\/p>\n\n\n\n<p><strong>QUEST\u00c3O 86. Em um emprego sob o regime celetista, deixar\u00e1 de ter o direito \u00e0s f\u00e9rias relativas a determinado per\u00edodo aquisitivo o empregado que, no curso desse per\u00edodo aquisitivo.<\/strong><\/p>\n\n\n\n<p><strong>a) deixar esse emprego e n\u00e3o for readmitido dentro de sessenta dias subsequentes \u00e0 sua sa\u00edda.<\/strong><\/p>\n\n\n\n<p><strong>b) permanecer em gozo de licen\u00e7a, com ou sem percep\u00e7\u00e3o de sal\u00e1rio, por mais de trinta dias \u00fateis.<\/strong><\/p>\n\n\n\n<p><strong>c) deixar de trabalhar, com ou sem percep\u00e7\u00e3o do sal\u00e1rio, por mais de sessenta dias, em virtude de paralisa\u00e7\u00e3o dos servi\u00e7os da empresa.<\/strong><\/p>\n\n\n\n<p><strong>d) perceber da previd\u00eancia social presta\u00e7\u00f5es de acidente de trabalho por mais de tr\u00eas meses cont\u00ednuos.<\/strong><\/p>\n\n\n\n<p><strong>e) perceber da previd\u00eancia social presta\u00e7\u00f5es de aux\u00edlio-doen\u00e7a por mais de sessenta dias, ainda que descont\u00ednuos.<\/strong><\/p>\n\n\n\n<p><strong>Coment\u00e1rios<\/strong><\/p>\n\n\n\n<p>A alternativa correta \u00e9 a <strong>letra A<\/strong>.<\/p>\n\n\n\n<p>A alternativa A est\u00e1 correta, de acordo com art. 133, I, da CLT: \u201cN\u00e3o ter\u00e1 direito a f\u00e9rias o empregado que, no curso do per\u00edodo aquisitivo: I &#8211; deixar o emprego e n\u00e3o for readmitido dentro de 60 (sessenta) dias subsequentes \u00e0 sua sa\u00edda;\u201d<\/p>\n\n\n\n<p>A alternativa B est\u00e1 incorreta, pois de acordo com art. 133, II, da CLT, n\u00e3o s\u00e3o dias \u00fateis: \u201cN\u00e3o ter\u00e1 direito a f\u00e9rias o empregado que, no curso do per\u00edodo aquisitivo: II &#8211; permanecer em gozo de licen\u00e7a, com percep\u00e7\u00e3o de sal\u00e1rios, por mais de 30 (trinta) dias;\u201d<\/p>\n\n\n\n<p>A alternativa C est\u00e1 incorreta, pois de acordo com art. 133, III, da CLT, s\u00e3o 30 dias (e n\u00e3o 60 dias): \u201cN\u00e3o ter\u00e1 direito a f\u00e9rias o empregado que, no curso do per\u00edodo aquisitivo: II &#8211; deixar de trabalhar, com percep\u00e7\u00e3o do sal\u00e1rio, por mais de 30 (trinta) dias, em virtude de paralisa\u00e7\u00e3o parcial ou total dos servi\u00e7os da empresa;\u201d<\/p>\n\n\n\n<p>A alternativa D est\u00e1 incorreta, pois de acordo com art. 133, IV, da CLT, \u00e9 por mais de 6 meses, ainda que descont\u00ednuos: \u201cN\u00e3o ter\u00e1 direito a f\u00e9rias o empregado que, no curso do per\u00edodo aquisitivo: IV &#8211; tiver percebido da Previd\u00eancia Social presta\u00e7\u00f5es de acidente de trabalho ou de aux\u00edlio-doen\u00e7a por mais de 6 (seis) meses, embora descont\u00ednuos.\u201d<\/p>\n\n\n\n<p>A alternativa E est\u00e1 incorreta, pois de acordo com art. 133, IV, da CLT, \u00e9 por mais de 6 meses, ainda que descont\u00ednuos: \u201cN\u00e3o ter\u00e1 direito a f\u00e9rias o empregado que, no curso do per\u00edodo aquisitivo: IV &#8211; tiver percebido da Previd\u00eancia Social presta\u00e7\u00f5es de acidente de trabalho ou de aux\u00edlio-doen\u00e7a por mais de 6 (seis) meses, embora descont\u00ednuos.\u201d<\/p>\n\n\n\n<p><strong>QUEST\u00c3O 87. Acerca da representa\u00e7\u00e3o sindical e dos instrumentos coletivos de trabalho, julgue os itens a seguir.<\/strong><\/p>\n\n\n\n<p><strong>I. A categoria profissional diferenciada \u00e9 formada de empregados que exercem profiss\u00f5es ou fun\u00e7\u00f5es diferenciadas por for\u00e7a de estatuto profissional especial ou em consequ\u00eancia de condi\u00e7\u00f5es de vida singulares.<\/strong><\/p>\n\n\n\n<p><strong>II. \u00c9 facultado aos sindicatos, em n\u00famero m\u00ednimo de tr\u00eas, organizarem-se em federa\u00e7\u00e3o.<\/strong><\/p>\n\n\n\n<p><strong>III. A conven\u00e7\u00e3o coletiva tem preval\u00eancia sobre a lei quando dispuser sobre teletrabalho.<\/strong><\/p>\n\n\n\n<p><strong>Assinale a op\u00e7\u00e3o correta.<\/strong><\/p>\n\n\n\n<p><strong>a) Apenas o item II est\u00e1 certo.<\/strong><\/p>\n\n\n\n<p><strong>b) Apenas o item III est\u00e1 certo.<\/strong><\/p>\n\n\n\n<p><strong>c) Apenas os itens I e II est\u00e3o certos.<\/strong><\/p>\n\n\n\n<p><strong>d) Apenas os itens I e III est\u00e3o certos.<\/strong><\/p>\n\n\n\n<p><strong>e) Todos os itens est\u00e3o certos.<\/strong><\/p>\n\n\n\n<p><strong>Coment\u00e1rios<\/strong><\/p>\n\n\n\n<p>A alternativa correta \u00e9 a <strong>letra D<\/strong>.<\/p>\n\n\n\n<p>O Item I est\u00e1 correto, conforme art. 511, \u00a7 3\u00ba, da CLT: \u201cCategoria profissional diferenciada \u00e9 a que se forma dos empregados que exer\u00e7am profiss\u00f5es ou fun\u00e7\u00f5es diferenciadas por for\u00e7a de estatuto profissional especial ou em consequ\u00eancia de condi\u00e7\u00f5es de vida singulares.\u201d<\/p>\n\n\n\n<p>O Item II est\u00e1 incorreto, pois de acordo com art. 534, caput, da CLT, s\u00e3o no m\u00ednimo 5 sindicatos: \u201c\u00c9 facultado aos Sindicatos, quando em n\u00famero n\u00e3o inferior a 5 (cinco), desde que representem a maioria absoluta de um grupo de atividades ou profiss\u00f5es id\u00eanticas, similares ou conexas, organizarem-se em federa\u00e7\u00e3o.\u201d<\/p>\n\n\n\n<p>O Item III est\u00e1 correto, conforme art. 611-A, VIII, da CLT: \u201cA conven\u00e7\u00e3o coletiva e o acordo coletivo de trabalho t\u00eam preval\u00eancia sobre a lei quando, entre outros, dispuserem sobre: (&#8230;) VIII &#8211; teletrabalho, regime de sobreaviso, e trabalho intermitente;\u201d<\/p>\n\n\n\n<p><strong>QUEST\u00c3O 88. O empregado celetista poder\u00e1 considerar rescindido o contrato de trabalho, pleiteando sua rescis\u00e3o e o pagamento das respectivas indeniza\u00e7\u00f5es, independentemente de permanecer no servi\u00e7o at\u00e9 a decis\u00e3o final do processo, caso<\/strong><\/p>\n\n\n\n<p><strong>a) sejam exigidos dele servi\u00e7os superiores \u00e0s suas for\u00e7as ou alheios ao seu contrato.<\/strong><\/p>\n\n\n\n<p><strong>b) seja tratado com rigor excessivo pelo empregador ou por seus superiores hier\u00e1rquicos.<\/strong><\/p>\n\n\n\n<p><strong>c) o empregador pratique, contra o emprego ou pessoas de sua fam\u00edlia, ato lesivo da honra e boa fama.<\/strong><\/p>\n\n\n\n<p><strong>d) corra perigo manifesto de mal consider\u00e1vel.<\/strong><\/p>\n\n\n\n<p><strong>e) o empregador n\u00e3o cumpra as obriga\u00e7\u00f5es do contrato.<\/strong><\/p>\n\n\n\n<p><strong>Coment\u00e1rios<\/strong><\/p>\n\n\n\n<p>A alternativa correta \u00e9 a <strong>letra E<\/strong>. De acordo com art. 483, \u00a7 3\u00ba, da CLT: \u201cNas hip\u00f3teses das letras &#8220;d&#8221; e &#8220;g&#8221;, poder\u00e1 o empregado pleitear a rescis\u00e3o de seu contrato de trabalho e o pagamento das respectivas indeniza\u00e7\u00f5es, permanecendo ou n\u00e3o no servi\u00e7o at\u00e9 final decis\u00e3o do processo\u201d. A al\u00ednea \u2018d\u2019 do art. 483 se refere, justamente, ao trazido pela alternativa E, veja: \u201cO empregado poder\u00e1 considerar rescindido o contrato e pleitear a devida indeniza\u00e7\u00e3o quando: (&#8230;) d) n\u00e3o cumprir o empregador as obriga\u00e7\u00f5es do contrato;\u201d<\/p>\n\n\n\n<p>As demais alternativas, portanto, automaticamente se encontram incorretas.<\/p>\n\n\n\n<p><strong>QUEST\u00c3O 89. No processo do trabalho, o procedimento sumar\u00edssimo aplica-se aos diss\u00eddios<\/strong><\/p>\n\n\n\n<p><strong>a) individuais cujo valor n\u00e3o exceda a sessenta vezes o sal\u00e1rio-m\u00ednimo vigente na data da distribui\u00e7\u00e3o da reclama\u00e7\u00e3o.<\/strong><\/p>\n\n\n\n<p><strong>b) individuais cujo valor n\u00e3o exceda a vinte vezes o sal\u00e1rio-m\u00ednimo vigente na data da distribui\u00e7\u00e3o da reclama\u00e7\u00e3o.<\/strong><\/p>\n\n\n\n<p><strong>c) individuais e coletivos cujo valor n\u00e3o exceda a trinta vezes o sal\u00e1rio-m\u00ednimo vigente na data do ajuizamento da reclama\u00e7\u00e3o.<\/strong><\/p>\n\n\n\n<p><strong>d) individuais cujo valor n\u00e3o exceda a quarenta vezes o sal\u00e1rio-m\u00ednimo vigente na data do ajuizamento da reclama\u00e7\u00e3o.<\/strong><\/p>\n\n\n\n<p><strong>e) individuais e coletivos cujo valor n\u00e3o exceda a cinquenta vezes o sal\u00e1rio-m\u00ednimo vigente na data do ajuizamento da reclama\u00e7\u00e3o.<\/strong><\/p>\n\n\n\n<p><strong>Coment\u00e1rios<\/strong><\/p>\n\n\n\n<p>A alternativa correta \u00e9 a <strong>letra D<\/strong>. De acordo com art. 852-A, da CLT: \u201cOs diss\u00eddios individuais cujo valor n\u00e3o exceda a quarenta vezes o sal\u00e1rio-m\u00ednimo vigente na data do ajuizamento da reclama\u00e7\u00e3o ficam submetidos ao procedimento sumar\u00edssimo\u201d. As demais alternativas, portanto, automaticamente se encontram incorretas.<\/p>\n\n\n\n<p><strong>QUEST\u00c3O 90. A respeito do processo de homologa\u00e7\u00e3o de acordo extrajudicial na justi\u00e7a do trabalho, julgue os itens seguintes.<\/strong><\/p>\n\n\n\n<p><strong>I. O processo de homologa\u00e7\u00e3o de acordo extrajudicial ter\u00e1 in\u00edcio por peti\u00e7\u00e3o conjunta sendo obrigat\u00f3ria a representa\u00e7\u00e3o das partes por advogado.<\/strong><\/p>\n\n\n\n<p><strong>II. \u00c9 facultativa a representa\u00e7\u00e3o das partes por advogado comum.<\/strong><\/p>\n\n\n\n<p><strong>III. A peti\u00e7\u00e3o de homologa\u00e7\u00e3o de acordo extrajudicial interrompe prazo prescricional da a\u00e7\u00e3o quanto aos direitos nela especificados.<\/strong><\/p>\n\n\n\n<p><strong>Assinale a op\u00e7\u00e3o correta.<\/strong><\/p>\n\n\n\n<p><strong>a) Apenas o item I est\u00e1 certo.<\/strong><\/p>\n\n\n\n<p><strong>b) Apenas o item II est\u00e1 certo.<\/strong><\/p>\n\n\n\n<p><strong>c) Apenas os itens I e III est\u00e3o certos.<\/strong><\/p>\n\n\n\n<p><strong>d) Apenas os itens II e III est\u00e3o certos.<\/strong><\/p>\n\n\n\n<p><strong>e) Todos os itens est\u00e3o certos.<\/strong><\/p>\n\n\n\n<p><strong>Coment\u00e1rios<\/strong><\/p>\n\n\n\n<p>A alternativa correta \u00e9 a <strong>letra A<\/strong>.<\/p>\n\n\n\n<p>O Item I est\u00e1 correto, conforme art. 855-B, caput, da CLT: \u201cO processo de homologa\u00e7\u00e3o de acordo extrajudicial ter\u00e1 in\u00edcio por peti\u00e7\u00e3o conjunta, sendo obrigat\u00f3ria a representa\u00e7\u00e3o das partes por advogado.\u201d<\/p>\n\n\n\n<p>O Item II est\u00e1 incorreto, pois de acordo com art. 855-B, \u00a7 1\u00ba, da CLT, as partes n\u00e3o poder\u00e3o ser representadas por advogado comum.<\/p>\n\n\n\n<p>O Item III est\u00e1 incorreto, pois de acordo com art. 855-E, da CLT, ocorre suspens\u00e3o, e n\u00e3o interrup\u00e7\u00e3o: \u201cA peti\u00e7\u00e3o de homologa\u00e7\u00e3o de acordo extrajudicial suspende o prazo prescricional da a\u00e7\u00e3o quanto aos direitos nela especificados.\u201d<\/p>\n\n\n\n<p><strong>QUEST\u00c3O 91. Nas empresas com mais de duzentos empregados, \u00e9 assegurada a elei\u00e7\u00e3o de uma comiss\u00e3o para represent\u00e1-los, com a finalidade de promover-lhes o entendimento direto com os empregadores. Tal comiss\u00e3o ser\u00e1 composta por<\/strong><\/p>\n\n\n\n<p><strong>a) dois membros, nas empresas com n\u00famero de empregados superior a duzentos e inferior a tr\u00eas mil.<\/strong><\/p>\n\n\n\n<p><strong>b) tr\u00eas membros, nas empresas com n\u00famero de empregados superior a tr\u00eas mil e inferior a cinco mil.<\/strong><\/p>\n\n\n\n<p><strong>c) quatro membros, nas empresas com n\u00famero de empregados superior a tr\u00eas mil e inferior a cinco mil.<\/strong><\/p>\n\n\n\n<p><strong>d) sete membros, nas empresas com mais de cinco mil empregados.<\/strong><\/p>\n\n\n\n<p><strong>e) cinco membros, nas empresas com mais de cinco mil empregados.<\/strong><\/p>\n\n\n\n<p><strong>Coment\u00e1rios<\/strong><\/p>\n\n\n\n<p>A alternativa correta \u00e9 a <strong>letra D<\/strong>.&nbsp;<\/p>\n\n\n\n<p>De acordo com art. 510-A, \u00a7 1\u00ba, da CLT: \u201cNas empresas com mais de duzentos empregados, \u00e9 assegurada a elei\u00e7\u00e3o de uma comiss\u00e3o para represent\u00e1-los, com a finalidade de promover-lhes o entendimento direto com os empregadores. \u00a7 1\u00ba A comiss\u00e3o ser\u00e1 composta: I &#8211; nas empresas com mais de duzentos e at\u00e9 tr\u00eas mil empregados, por tr\u00eas membros; II &#8211; nas empresas com mais de tr\u00eas mil e at\u00e9 cinco mil empregados, por cinco membros; III &#8211; nas empresas com mais de cinco mil empregados, por sete membros.\u201d<\/p>\n\n\n\n<p>Desta feita, a \u00fanica alternativa que se amolda ao disposto \u00e9 a letra D.<\/p>\n\n\n\n<p><strong>QUEST\u00c3O 92. Contra a decis\u00e3o do juiz do trabalho nas execu\u00e7\u00f5es trabalhistas, \u00e9 cab\u00edvel a interposi\u00e7\u00e3o, pela fazenda p\u00fablica, do recurso de<\/strong><\/p>\n\n\n\n<p><strong>a) agravo de peti\u00e7\u00e3o, no prazo m\u00e1ximo de oito dias.<\/strong><\/p>\n\n\n\n<p><strong>b) agravo de instrumento, no prazo m\u00e1ximo de trinta dias.<\/strong><\/p>\n\n\n\n<p><strong>c) agravo de peti\u00e7\u00e3o, no prazo m\u00e1ximo de dezesseis dias.<\/strong><\/p>\n\n\n\n<p><strong>d) agravo regimental, no prazo m\u00e1ximo de quinze dias.<\/strong><\/p>\n\n\n\n<p><strong>e) agravo de instrumento, no prazo m\u00e1ximo de oito dias.<\/strong><\/p>\n\n\n\n<p><strong>Coment\u00e1rios<\/strong><\/p>\n\n\n\n<p>A alternativa correta \u00e9 a <strong>letra C<\/strong>.<\/p>\n\n\n\n<p>A alternativa A est\u00e1 incorreta. Apesar de o prazo para interpor agravo de peti\u00e7\u00e3o ser de 8 dias, conforme art. 897, al\u00ednea a, da CLT, o enunciado menciona que quem interp\u00f5e \u00e9 a Fazenda P\u00fablica. E, de acordo com art. 1\u00ba, III, do Decreto-Lei 779\/1969, os prazos para interposi\u00e7\u00e3o de recursos pela Fazenda P\u00fablica, na Justi\u00e7a do Trabalho, dever\u00e3o ser contados em dobro: \u201cNos processos perante a Justi\u00e7a do Trabalho, constituem privil\u00e9gio da Uni\u00e3o, dos Estados, do Distrito Federal, dos Munic\u00edpios e das autarquias ou funda\u00e7\u00f5es de direito p\u00fablico federais, estaduais ou municipais que n\u00e3o explorem atividade econ\u00f4mica: III &#8211; o prazo em dobro para recurso;\u201d. No caso do agravo de peti\u00e7\u00e3o, portanto, o prazo para a Fazenda P\u00fablica ser\u00e1 de 16 dias.<\/p>\n\n\n\n<p>A alternativa B est\u00e1 incorreta. Apesar de o prazo para interpor agravo de instrumento ser de 8 dias, conforme art. 897, al\u00ednea b, da CLT, o enunciado menciona que quem interp\u00f5e \u00e9 a Fazenda P\u00fablica. E, de acordo com art. 1\u00ba, III, do Decreto-Lei 779\/1969, os prazos para interposi\u00e7\u00e3o de recursos pela Fazenda P\u00fablica, na Justi\u00e7a do Trabalho, dever\u00e3o ser contados em dobro: \u201cNos processos perante a Justi\u00e7a do Trabalho, constituem privil\u00e9gio da Uni\u00e3o, dos Estados, do Distrito Federal, dos Munic\u00edpios e das autarquias ou funda\u00e7\u00f5es de direito p\u00fablico federais, estaduais ou municipais que n\u00e3o explorem atividade econ\u00f4mica: III &#8211; o prazo em dobro para recurso;\u201d. No caso do agravo de instrumento, portanto, o prazo para a Fazenda P\u00fablica ser\u00e1 de 16 dias.<\/p>\n\n\n\n<p>A alternativa C est\u00e1 correta. Apesar de o prazo para interpor agravo de peti\u00e7\u00e3o ser de 8 dias, conforme art. 897, al\u00ednea a, da CLT, o enunciado menciona que quem interp\u00f5e \u00e9 a Fazenda P\u00fablica. E, de acordo com art. 1\u00ba, III, do Decreto-Lei 779\/1969, os prazos para interposi\u00e7\u00e3o de recursos pela Fazenda P\u00fablica, na Justi\u00e7a do Trabalho, dever\u00e3o ser contados em dobro: \u201cNos processos perante a Justi\u00e7a do Trabalho, constituem privil\u00e9gio da Uni\u00e3o, dos Estados, do Distrito Federal, dos Munic\u00edpios e das autarquias ou funda\u00e7\u00f5es de direito p\u00fablico federais, estaduais ou municipais que n\u00e3o explorem atividade econ\u00f4mica: III &#8211; o prazo em dobro para recurso;\u201d. No caso do agravo de peti\u00e7\u00e3o, portanto, o prazo para a Fazenda P\u00fablica ser\u00e1 de 16 dias.<\/p>\n\n\n\n<p>A alternativa D est\u00e1 incorreta, pois o prazo do agravo regimental \u00e9 definido pelo Regimento Interno de cada Tribunal.<\/p>\n\n\n\n<p>A alternativa E est\u00e1 incorreta. Apesar de o prazo para interpor agravo de instrumento ser de 8 dias, conforme art. 897, al\u00ednea b, da CLT, o enunciado menciona que quem interp\u00f5e \u00e9 a Fazenda P\u00fablica. E, de acordo com art. 1\u00ba, III, do Decreto-Lei 779\/1969, os prazos para interposi\u00e7\u00e3o de recursos pela Fazenda P\u00fablica, na Justi\u00e7a do Trabalho, dever\u00e3o ser contados em dobro: \u201cNos processos perante a Justi\u00e7a do Trabalho, constituem privil\u00e9gio da Uni\u00e3o, dos Estados, do Distrito Federal, dos Munic\u00edpios e das autarquias ou funda\u00e7\u00f5es de direito p\u00fablico federais, estaduais ou municipais que n\u00e3o explorem atividade econ\u00f4mica: III &#8211; o prazo em dobro para recurso;\u201d. No caso do agravo de instrumento, portanto, o prazo para a Fazenda P\u00fablica ser\u00e1 de 16 dias.<\/p>\n\n\n\n<p class=\"has-text-align-center has-luminous-vivid-amber-background-color has-background has-medium-font-size\"><strong>Saiba mais:<\/strong> <a href=\"https:\/\/cj.estrategia.com\/portal\/concurso-pgm-natal\/\" target=\"_blank\" >PGM Natal<\/a><\/p>\n\n\n\n<h2 class=\"wp-block-heading has-text-align-center\" id=\"cursos\"><span id=\"quer-saber-tudo-sobre-concursos-previstosconfira-nossos-artigos\">Quer saber tudo sobre concursos previstos?<br>Confira nossos artigos!<\/span><\/h2>\n\n\n\n\n\n<h2 class=\"wp-block-heading has-text-align-center\" id=\"curso\"><span id=\"quer-estudar-para-concursos-de-direito\">Quer estudar para Concursos de Direito?<\/span><\/h2>\n\n\n\n<p>O Estrat\u00e9gia Carreira Jur\u00eddica \u00e9 campe\u00e3o de aprova\u00e7\u00f5es nos concursos para Carreiras Jur\u00eddicas com um corpo docente qualificado e materiais completos. Conhe\u00e7a nossos cursos e garanta sua aprova\u00e7\u00e3o:<\/p>\n\n\n\n<div class=\"wp-block-cover\" style=\"min-height:155px;aspect-ratio:unset;\"><img decoding=\"async\" width=\"1890\" height=\"351\" class=\"wp-block-cover__image-background wp-image-8669\" alt=\"Assinaturas Jur\u00eddicas\" src=\"https:\/\/cj.estrategia.com\/portal\/wp-content\/uploads\/2022\/06\/20151253\/concurso-carreiras-juridicas-assinatura-juridica.jpg\" style=\"object-position:78% 43%\" data-object-fit=\"cover\" data-object-position=\"78% 43%\" srcset=\"https:\/\/cj.estrategia.com\/portal\/wp-content\/uploads\/2022\/06\/20151253\/concurso-carreiras-juridicas-assinatura-juridica.jpg 1890w, https:\/\/cj.estrategia.com\/portal\/wp-content\/uploads\/2022\/06\/20151253\/concurso-carreiras-juridicas-assinatura-juridica-300x56.jpg 300w, https:\/\/cj.estrategia.com\/portal\/wp-content\/uploads\/2022\/06\/20151253\/concurso-carreiras-juridicas-assinatura-juridica-1024x190.jpg 1024w, https:\/\/cj.estrategia.com\/portal\/wp-content\/uploads\/2022\/06\/20151253\/concurso-carreiras-juridicas-assinatura-juridica-768x143.jpg 768w, https:\/\/cj.estrategia.com\/portal\/wp-content\/uploads\/2022\/06\/20151253\/concurso-carreiras-juridicas-assinatura-juridica-1536x285.jpg 1536w, https:\/\/cj.estrategia.com\/portal\/wp-content\/uploads\/2022\/06\/20151253\/concurso-carreiras-juridicas-assinatura-juridica-380x71.jpg 380w, https:\/\/cj.estrategia.com\/portal\/wp-content\/uploads\/2022\/06\/20151253\/concurso-carreiras-juridicas-assinatura-juridica-800x149.jpg 800w, https:\/\/cj.estrategia.com\/portal\/wp-content\/uploads\/2022\/06\/20151253\/concurso-carreiras-juridicas-assinatura-juridica-1160x215.jpg 1160w\" sizes=\"(max-width: 1890px) 100vw, 1890px\" \/><span aria-hidden=\"true\" class=\"wp-block-cover__background has-background-dim\"><\/span><div class=\"wp-block-cover__inner-container is-layout-flow wp-block-cover-is-layout-flow\">\n<h3 id=\"faca-a-sua-assinatura\" class=\"titulo-assinatura\"><span style=\"color: #ffffff;\">Fa\u00e7a a sua assinatura!<\/span><\/h3>\n<p class=\"subtitulo-assinatura\" style=\"display:block!important; line-height: 0;\"><span style=\"color: #ffffff;\">Escolha a sua \u00e1rea.<\/span><\/p>\n<a target=\"_blank\" href=\"https:\/\/www.estrategiaconcursos.com.br\/assinaturas-ecj\/\" rel=\"noopener\"><button style=\"border-radius: 10px; text-transform: capitalize;\">Acessar<\/button><\/a>\n<\/div><\/div>\n\n\n\n<div id=\"boxes\" class=\"container\">\n<div class=\"row\">\n<div class=\"col-sm\">\n<div id=\"box-assinatura\" class=\"banner-estrategia-concursos-juridicos\">\n<h3 id=\"curso-para-carreiras-juridicas\" class=\"titulo-assinatura\"><span style=\"color: #ffffff; font-size: 23px; \">Curso para Carreiras Jur\u00eddicas<\/span><\/h3>\n<p class=\"subtitulo-assinatura\">Cursos focados no edital do concurso PGM Natal<\/p>\n<div class=\"box-botao\"><a class=\"btn-assinatura-juridica\" role=\"button\" href=\"https:\/\/www.estrategiaconcursos.com.br\/cursosPorConcurso\/pgm-natal-procurador-municipal\/\" target=\"_blank\" rel=\"noopener noreferrer\">Conhe\u00e7a mais<\/a><\/div>\n<\/div>\n<p class=\"texto-auxiliar\">Prepare-se com o melhor material e com quem mais aprova em concursos em todo o pa\u00eds.<\/p>\n<\/div>\n<\/div>\n<\/div>\n","protected":false},"excerpt":{"rendered":"Ol\u00e1, pessoal, tudo certo?! Em 16\/07\/2023, foi aplicada a prova objetiva do concurso p\u00fablico para Procurador do Munic\u00edpio&hellip;\n","protected":false},"author":12,"featured_media":37796,"comment_status":"open","ping_status":"open","sticky":false,"template":"","format":"standard","meta":{"_jetpack_memberships_contains_paid_content":false,"footnotes":""},"categories":[24],"tags":[],"tax_estado":[50],"class_list":{"0":"post-41864","1":"post","2":"type-post","3":"status-publish","4":"format-standard","5":"has-post-thumbnail","7":"category-procuradoria","8":"tax_estado-rn"},"acf":[],"yoast_head":"<!-- This site is optimized with the Yoast SEO Premium plugin v27.4 (Yoast SEO v27.4) - https:\/\/yoast.com\/product\/yoast-seo-premium-wordpress\/ -->\n<title>Prova comentada Direito do Trabalho e Processual do Trabalho PGM Natal RN<\/title>\n<meta name=\"description\" content=\"Prova comentada Direito do Trabalho e Processual do Trabalho PGM Natal RN: Veja AQUI os coment\u00e1rios dos nossos professores!\" \/>\n<meta name=\"robots\" content=\"index, follow, max-snippet:-1, max-image-preview:large, max-video-preview:-1\" \/>\n<link rel=\"canonical\" href=\"https:\/\/cj.estrategia.com\/portal\/prova-comentada-direito-do-trabalho-e-processual-do-trabalho-pgm-natal-rn\/\" \/>\n<meta property=\"og:locale\" content=\"pt_BR\" \/>\n<meta property=\"og:type\" content=\"article\" \/>\n<meta property=\"og:title\" content=\"Prova comentada Direito do Trabalho e Processual do Trabalho PGM Natal RN\" \/>\n<meta property=\"og:description\" content=\"Prova comentada Direito do Trabalho e Processual do Trabalho PGM Natal RN: Veja AQUI os coment\u00e1rios dos nossos professores!\" \/>\n<meta property=\"og:url\" content=\"https:\/\/cj.estrategia.com\/portal\/prova-comentada-direito-do-trabalho-e-processual-do-trabalho-pgm-natal-rn\/\" \/>\n<meta property=\"og:site_name\" content=\"Blog - Carreiras Jur\u00eddicas - Estrat\u00e9gia\" \/>\n<meta property=\"article:publisher\" content=\"https:\/\/www.facebook.com\/estrategiacarreirajuridica\/\" \/>\n<meta property=\"article:published_time\" content=\"2023-07-18T00:26:48+00:00\" \/>\n<meta property=\"article:modified_time\" content=\"2023-07-18T00:26:51+00:00\" \/>\n<meta property=\"og:image\" content=\"https:\/\/cj.estrategia.com\/portal\/wp-content\/uploads\/2023\/06\/01151508\/PGM-Natal.jpg\" \/>\n\t<meta property=\"og:image:width\" content=\"960\" \/>\n\t<meta property=\"og:image:height\" content=\"540\" \/>\n\t<meta property=\"og:image:type\" content=\"image\/jpeg\" \/>\n<meta name=\"author\" content=\"Coordena\u00e7\u00e3o\" \/>\n<meta name=\"twitter:card\" content=\"summary_large_image\" \/>\n<meta name=\"twitter:creator\" content=\"@EstratJuridica\" \/>\n<meta name=\"twitter:site\" content=\"@EstratJuridica\" \/>\n<meta name=\"twitter:label1\" content=\"Escrito por\" \/>\n\t<meta name=\"twitter:data1\" content=\"Coordena\u00e7\u00e3o\" \/>\n\t<meta name=\"twitter:label2\" content=\"Est. tempo de leitura\" \/>\n\t<meta name=\"twitter:data2\" content=\"15 minutos\" \/>\n<script type=\"application\/ld+json\" class=\"yoast-schema-graph\">{\"@context\":\"https:\\\/\\\/schema.org\",\"@graph\":[{\"@type\":\"NewsArticle\",\"@id\":\"https:\\\/\\\/cj.estrategia.com\\\/portal\\\/prova-comentada-direito-do-trabalho-e-processual-do-trabalho-pgm-natal-rn\\\/#article\",\"isPartOf\":{\"@id\":\"https:\\\/\\\/cj.estrategia.com\\\/portal\\\/prova-comentada-direito-do-trabalho-e-processual-do-trabalho-pgm-natal-rn\\\/\"},\"author\":{\"name\":\"Coordena\u00e7\u00e3o\",\"@id\":\"https:\\\/\\\/cj.estrategia.com\\\/portal\\\/#\\\/schema\\\/person\\\/4d70317d31449932b99102916b6637f5\"},\"headline\":\"Prova comentada Direito do Trabalho e Processual do Trabalho PGM Natal RN\",\"datePublished\":\"2023-07-18T00:26:48+00:00\",\"dateModified\":\"2023-07-18T00:26:51+00:00\",\"mainEntityOfPage\":{\"@id\":\"https:\\\/\\\/cj.estrategia.com\\\/portal\\\/prova-comentada-direito-do-trabalho-e-processual-do-trabalho-pgm-natal-rn\\\/\"},\"wordCount\":2980,\"commentCount\":0,\"publisher\":{\"@id\":\"https:\\\/\\\/cj.estrategia.com\\\/portal\\\/#organization\"},\"image\":{\"@id\":\"https:\\\/\\\/cj.estrategia.com\\\/portal\\\/prova-comentada-direito-do-trabalho-e-processual-do-trabalho-pgm-natal-rn\\\/#primaryimage\"},\"thumbnailUrl\":\"https:\\\/\\\/cj.estrategia.com\\\/portal\\\/wp-content\\\/uploads\\\/2023\\\/06\\\/01151508\\\/PGM-Natal.jpg\",\"articleSection\":[\"Procuradoria\"],\"inLanguage\":\"pt-BR\",\"potentialAction\":[{\"@type\":\"CommentAction\",\"name\":\"Comment\",\"target\":[\"https:\\\/\\\/cj.estrategia.com\\\/portal\\\/prova-comentada-direito-do-trabalho-e-processual-do-trabalho-pgm-natal-rn\\\/#respond\"]}]},{\"@type\":\"WebPage\",\"@id\":\"https:\\\/\\\/cj.estrategia.com\\\/portal\\\/prova-comentada-direito-do-trabalho-e-processual-do-trabalho-pgm-natal-rn\\\/\",\"url\":\"https:\\\/\\\/cj.estrategia.com\\\/portal\\\/prova-comentada-direito-do-trabalho-e-processual-do-trabalho-pgm-natal-rn\\\/\",\"name\":\"Prova comentada Direito do Trabalho e Processual do Trabalho PGM Natal RN\",\"isPartOf\":{\"@id\":\"https:\\\/\\\/cj.estrategia.com\\\/portal\\\/#website\"},\"primaryImageOfPage\":{\"@id\":\"https:\\\/\\\/cj.estrategia.com\\\/portal\\\/prova-comentada-direito-do-trabalho-e-processual-do-trabalho-pgm-natal-rn\\\/#primaryimage\"},\"image\":{\"@id\":\"https:\\\/\\\/cj.estrategia.com\\\/portal\\\/prova-comentada-direito-do-trabalho-e-processual-do-trabalho-pgm-natal-rn\\\/#primaryimage\"},\"thumbnailUrl\":\"https:\\\/\\\/cj.estrategia.com\\\/portal\\\/wp-content\\\/uploads\\\/2023\\\/06\\\/01151508\\\/PGM-Natal.jpg\",\"datePublished\":\"2023-07-18T00:26:48+00:00\",\"dateModified\":\"2023-07-18T00:26:51+00:00\",\"description\":\"Prova comentada Direito do Trabalho e Processual do Trabalho PGM Natal RN: Veja AQUI os coment\u00e1rios dos nossos professores!\",\"breadcrumb\":{\"@id\":\"https:\\\/\\\/cj.estrategia.com\\\/portal\\\/prova-comentada-direito-do-trabalho-e-processual-do-trabalho-pgm-natal-rn\\\/#breadcrumb\"},\"inLanguage\":\"pt-BR\",\"potentialAction\":[{\"@type\":\"ReadAction\",\"target\":[\"https:\\\/\\\/cj.estrategia.com\\\/portal\\\/prova-comentada-direito-do-trabalho-e-processual-do-trabalho-pgm-natal-rn\\\/\"]}]},{\"@type\":\"ImageObject\",\"inLanguage\":\"pt-BR\",\"@id\":\"https:\\\/\\\/cj.estrategia.com\\\/portal\\\/prova-comentada-direito-do-trabalho-e-processual-do-trabalho-pgm-natal-rn\\\/#primaryimage\",\"url\":\"https:\\\/\\\/cj.estrategia.com\\\/portal\\\/wp-content\\\/uploads\\\/2023\\\/06\\\/01151508\\\/PGM-Natal.jpg\",\"contentUrl\":\"https:\\\/\\\/cj.estrategia.com\\\/portal\\\/wp-content\\\/uploads\\\/2023\\\/06\\\/01151508\\\/PGM-Natal.jpg\",\"width\":960,\"height\":540},{\"@type\":\"BreadcrumbList\",\"@id\":\"https:\\\/\\\/cj.estrategia.com\\\/portal\\\/prova-comentada-direito-do-trabalho-e-processual-do-trabalho-pgm-natal-rn\\\/#breadcrumb\",\"itemListElement\":[{\"@type\":\"ListItem\",\"position\":1,\"name\":\"In\u00edcio\",\"item\":\"https:\\\/\\\/cj.estrategia.com\\\/portal\\\/\"},{\"@type\":\"ListItem\",\"position\":2,\"name\":\"Prova comentada Direito do Trabalho e Processual do Trabalho PGM Natal RN\"}]},{\"@type\":\"WebSite\",\"@id\":\"https:\\\/\\\/cj.estrategia.com\\\/portal\\\/#website\",\"url\":\"https:\\\/\\\/cj.estrategia.com\\\/portal\\\/\",\"name\":\"Blog - Carreiras Jur\u00eddicas - Estrat\u00e9gia\",\"description\":\"\",\"publisher\":{\"@id\":\"https:\\\/\\\/cj.estrategia.com\\\/portal\\\/#organization\"},\"potentialAction\":[{\"@type\":\"SearchAction\",\"target\":{\"@type\":\"EntryPoint\",\"urlTemplate\":\"https:\\\/\\\/cj.estrategia.com\\\/portal\\\/?s={search_term_string}\"},\"query-input\":{\"@type\":\"PropertyValueSpecification\",\"valueRequired\":true,\"valueName\":\"search_term_string\"}}],\"inLanguage\":\"pt-BR\"},{\"@type\":\"Organization\",\"@id\":\"https:\\\/\\\/cj.estrategia.com\\\/portal\\\/#organization\",\"name\":\"Estrat\u00e9gia - Carreiras Jur\u00eddicas\",\"url\":\"https:\\\/\\\/cj.estrategia.com\\\/portal\\\/\",\"logo\":{\"@type\":\"ImageObject\",\"inLanguage\":\"pt-BR\",\"@id\":\"https:\\\/\\\/cj.estrategia.com\\\/portal\\\/#\\\/schema\\\/logo\\\/image\\\/\",\"url\":\"https:\\\/\\\/cj.estrategia.com\\\/portal\\\/wp-content\\\/uploads\\\/2022\\\/03\\\/11151052\\\/cj-logo.png\",\"contentUrl\":\"https:\\\/\\\/cj.estrategia.com\\\/portal\\\/wp-content\\\/uploads\\\/2022\\\/03\\\/11151052\\\/cj-logo.png\",\"width\":150,\"height\":39,\"caption\":\"Estrat\u00e9gia - Carreiras Jur\u00eddicas\"},\"image\":{\"@id\":\"https:\\\/\\\/cj.estrategia.com\\\/portal\\\/#\\\/schema\\\/logo\\\/image\\\/\"},\"sameAs\":[\"https:\\\/\\\/www.facebook.com\\\/estrategiacarreirajuridica\\\/\",\"https:\\\/\\\/x.com\\\/EstratJuridica\",\"https:\\\/\\\/www.instagram.com\\\/estrategiacarreirajuridica\\\/\",\"https:\\\/\\\/www.youtube.com\\\/channel\\\/UClbMGuYbj2Mh1m3w144ETWQ\"]},{\"@type\":\"Person\",\"@id\":\"https:\\\/\\\/cj.estrategia.com\\\/portal\\\/#\\\/schema\\\/person\\\/4d70317d31449932b99102916b6637f5\",\"name\":\"Coordena\u00e7\u00e3o\",\"image\":{\"@type\":\"ImageObject\",\"inLanguage\":\"pt-BR\",\"@id\":\"https:\\\/\\\/cj.estrategia.com\\\/portal\\\/wp-content\\\/uploads\\\/2022\\\/05\\\/12164923\\\/estrategia-carreira-juridica-coordenacao-96x96.png\",\"url\":\"https:\\\/\\\/cj.estrategia.com\\\/portal\\\/wp-content\\\/uploads\\\/2022\\\/05\\\/12164923\\\/estrategia-carreira-juridica-coordenacao-96x96.png\",\"contentUrl\":\"https:\\\/\\\/cj.estrategia.com\\\/portal\\\/wp-content\\\/uploads\\\/2022\\\/05\\\/12164923\\\/estrategia-carreira-juridica-coordenacao-96x96.png\",\"caption\":\"Coordena\u00e7\u00e3o\"},\"url\":\"https:\\\/\\\/cj.estrategia.com\\\/portal\\\/author\\\/coordenacao\\\/\"}]}<\/script>\n<!-- \/ Yoast SEO Premium plugin. -->","yoast_head_json":{"title":"Prova comentada Direito do Trabalho e Processual do Trabalho PGM Natal RN","description":"Prova comentada Direito do Trabalho e Processual do Trabalho PGM Natal RN: Veja AQUI os coment\u00e1rios dos nossos professores!","robots":{"index":"index","follow":"follow","max-snippet":"max-snippet:-1","max-image-preview":"max-image-preview:large","max-video-preview":"max-video-preview:-1"},"canonical":"https:\/\/cj.estrategia.com\/portal\/prova-comentada-direito-do-trabalho-e-processual-do-trabalho-pgm-natal-rn\/","og_locale":"pt_BR","og_type":"article","og_title":"Prova comentada Direito do Trabalho e Processual do Trabalho PGM Natal RN","og_description":"Prova comentada Direito do Trabalho e Processual do Trabalho PGM Natal RN: Veja AQUI os coment\u00e1rios dos nossos professores!","og_url":"https:\/\/cj.estrategia.com\/portal\/prova-comentada-direito-do-trabalho-e-processual-do-trabalho-pgm-natal-rn\/","og_site_name":"Blog - Carreiras Jur\u00eddicas - Estrat\u00e9gia","article_publisher":"https:\/\/www.facebook.com\/estrategiacarreirajuridica\/","article_published_time":"2023-07-18T00:26:48+00:00","article_modified_time":"2023-07-18T00:26:51+00:00","og_image":[{"width":960,"height":540,"url":"https:\/\/cj.estrategia.com\/portal\/wp-content\/uploads\/2023\/06\/01151508\/PGM-Natal.jpg","type":"image\/jpeg"}],"author":"Coordena\u00e7\u00e3o","twitter_card":"summary_large_image","twitter_creator":"@EstratJuridica","twitter_site":"@EstratJuridica","twitter_misc":{"Escrito por":"Coordena\u00e7\u00e3o","Est. tempo de leitura":"15 minutos"},"schema":{"@context":"https:\/\/schema.org","@graph":[{"@type":"NewsArticle","@id":"https:\/\/cj.estrategia.com\/portal\/prova-comentada-direito-do-trabalho-e-processual-do-trabalho-pgm-natal-rn\/#article","isPartOf":{"@id":"https:\/\/cj.estrategia.com\/portal\/prova-comentada-direito-do-trabalho-e-processual-do-trabalho-pgm-natal-rn\/"},"author":{"name":"Coordena\u00e7\u00e3o","@id":"https:\/\/cj.estrategia.com\/portal\/#\/schema\/person\/4d70317d31449932b99102916b6637f5"},"headline":"Prova comentada Direito do Trabalho e Processual do Trabalho PGM Natal RN","datePublished":"2023-07-18T00:26:48+00:00","dateModified":"2023-07-18T00:26:51+00:00","mainEntityOfPage":{"@id":"https:\/\/cj.estrategia.com\/portal\/prova-comentada-direito-do-trabalho-e-processual-do-trabalho-pgm-natal-rn\/"},"wordCount":2980,"commentCount":0,"publisher":{"@id":"https:\/\/cj.estrategia.com\/portal\/#organization"},"image":{"@id":"https:\/\/cj.estrategia.com\/portal\/prova-comentada-direito-do-trabalho-e-processual-do-trabalho-pgm-natal-rn\/#primaryimage"},"thumbnailUrl":"https:\/\/cj.estrategia.com\/portal\/wp-content\/uploads\/2023\/06\/01151508\/PGM-Natal.jpg","articleSection":["Procuradoria"],"inLanguage":"pt-BR","potentialAction":[{"@type":"CommentAction","name":"Comment","target":["https:\/\/cj.estrategia.com\/portal\/prova-comentada-direito-do-trabalho-e-processual-do-trabalho-pgm-natal-rn\/#respond"]}]},{"@type":"WebPage","@id":"https:\/\/cj.estrategia.com\/portal\/prova-comentada-direito-do-trabalho-e-processual-do-trabalho-pgm-natal-rn\/","url":"https:\/\/cj.estrategia.com\/portal\/prova-comentada-direito-do-trabalho-e-processual-do-trabalho-pgm-natal-rn\/","name":"Prova comentada Direito do Trabalho e Processual do Trabalho PGM Natal RN","isPartOf":{"@id":"https:\/\/cj.estrategia.com\/portal\/#website"},"primaryImageOfPage":{"@id":"https:\/\/cj.estrategia.com\/portal\/prova-comentada-direito-do-trabalho-e-processual-do-trabalho-pgm-natal-rn\/#primaryimage"},"image":{"@id":"https:\/\/cj.estrategia.com\/portal\/prova-comentada-direito-do-trabalho-e-processual-do-trabalho-pgm-natal-rn\/#primaryimage"},"thumbnailUrl":"https:\/\/cj.estrategia.com\/portal\/wp-content\/uploads\/2023\/06\/01151508\/PGM-Natal.jpg","datePublished":"2023-07-18T00:26:48+00:00","dateModified":"2023-07-18T00:26:51+00:00","description":"Prova comentada Direito do Trabalho e Processual do Trabalho PGM Natal RN: Veja AQUI os coment\u00e1rios dos nossos professores!","breadcrumb":{"@id":"https:\/\/cj.estrategia.com\/portal\/prova-comentada-direito-do-trabalho-e-processual-do-trabalho-pgm-natal-rn\/#breadcrumb"},"inLanguage":"pt-BR","potentialAction":[{"@type":"ReadAction","target":["https:\/\/cj.estrategia.com\/portal\/prova-comentada-direito-do-trabalho-e-processual-do-trabalho-pgm-natal-rn\/"]}]},{"@type":"ImageObject","inLanguage":"pt-BR","@id":"https:\/\/cj.estrategia.com\/portal\/prova-comentada-direito-do-trabalho-e-processual-do-trabalho-pgm-natal-rn\/#primaryimage","url":"https:\/\/cj.estrategia.com\/portal\/wp-content\/uploads\/2023\/06\/01151508\/PGM-Natal.jpg","contentUrl":"https:\/\/cj.estrategia.com\/portal\/wp-content\/uploads\/2023\/06\/01151508\/PGM-Natal.jpg","width":960,"height":540},{"@type":"BreadcrumbList","@id":"https:\/\/cj.estrategia.com\/portal\/prova-comentada-direito-do-trabalho-e-processual-do-trabalho-pgm-natal-rn\/#breadcrumb","itemListElement":[{"@type":"ListItem","position":1,"name":"In\u00edcio","item":"https:\/\/cj.estrategia.com\/portal\/"},{"@type":"ListItem","position":2,"name":"Prova comentada Direito do Trabalho e Processual do Trabalho PGM Natal RN"}]},{"@type":"WebSite","@id":"https:\/\/cj.estrategia.com\/portal\/#website","url":"https:\/\/cj.estrategia.com\/portal\/","name":"Blog - Carreiras Jur\u00eddicas - Estrat\u00e9gia","description":"","publisher":{"@id":"https:\/\/cj.estrategia.com\/portal\/#organization"},"potentialAction":[{"@type":"SearchAction","target":{"@type":"EntryPoint","urlTemplate":"https:\/\/cj.estrategia.com\/portal\/?s={search_term_string}"},"query-input":{"@type":"PropertyValueSpecification","valueRequired":true,"valueName":"search_term_string"}}],"inLanguage":"pt-BR"},{"@type":"Organization","@id":"https:\/\/cj.estrategia.com\/portal\/#organization","name":"Estrat\u00e9gia - Carreiras Jur\u00eddicas","url":"https:\/\/cj.estrategia.com\/portal\/","logo":{"@type":"ImageObject","inLanguage":"pt-BR","@id":"https:\/\/cj.estrategia.com\/portal\/#\/schema\/logo\/image\/","url":"https:\/\/cj.estrategia.com\/portal\/wp-content\/uploads\/2022\/03\/11151052\/cj-logo.png","contentUrl":"https:\/\/cj.estrategia.com\/portal\/wp-content\/uploads\/2022\/03\/11151052\/cj-logo.png","width":150,"height":39,"caption":"Estrat\u00e9gia - Carreiras Jur\u00eddicas"},"image":{"@id":"https:\/\/cj.estrategia.com\/portal\/#\/schema\/logo\/image\/"},"sameAs":["https:\/\/www.facebook.com\/estrategiacarreirajuridica\/","https:\/\/x.com\/EstratJuridica","https:\/\/www.instagram.com\/estrategiacarreirajuridica\/","https:\/\/www.youtube.com\/channel\/UClbMGuYbj2Mh1m3w144ETWQ"]},{"@type":"Person","@id":"https:\/\/cj.estrategia.com\/portal\/#\/schema\/person\/4d70317d31449932b99102916b6637f5","name":"Coordena\u00e7\u00e3o","image":{"@type":"ImageObject","inLanguage":"pt-BR","@id":"https:\/\/cj.estrategia.com\/portal\/wp-content\/uploads\/2022\/05\/12164923\/estrategia-carreira-juridica-coordenacao-96x96.png","url":"https:\/\/cj.estrategia.com\/portal\/wp-content\/uploads\/2022\/05\/12164923\/estrategia-carreira-juridica-coordenacao-96x96.png","contentUrl":"https:\/\/cj.estrategia.com\/portal\/wp-content\/uploads\/2022\/05\/12164923\/estrategia-carreira-juridica-coordenacao-96x96.png","caption":"Coordena\u00e7\u00e3o"},"url":"https:\/\/cj.estrategia.com\/portal\/author\/coordenacao\/"}]}},"jetpack_featured_media_url":"https:\/\/cj.estrategia.com\/portal\/wp-content\/uploads\/2023\/06\/01151508\/PGM-Natal.jpg","jetpack_sharing_enabled":true,"_links":{"self":[{"href":"https:\/\/cj.estrategia.com\/portal\/wp-json\/wp\/v2\/posts\/41864","targetHints":{"allow":["GET"]}}],"collection":[{"href":"https:\/\/cj.estrategia.com\/portal\/wp-json\/wp\/v2\/posts"}],"about":[{"href":"https:\/\/cj.estrategia.com\/portal\/wp-json\/wp\/v2\/types\/post"}],"author":[{"embeddable":true,"href":"https:\/\/cj.estrategia.com\/portal\/wp-json\/wp\/v2\/users\/12"}],"replies":[{"embeddable":true,"href":"https:\/\/cj.estrategia.com\/portal\/wp-json\/wp\/v2\/comments?post=41864"}],"version-history":[{"count":1,"href":"https:\/\/cj.estrategia.com\/portal\/wp-json\/wp\/v2\/posts\/41864\/revisions"}],"predecessor-version":[{"id":41865,"href":"https:\/\/cj.estrategia.com\/portal\/wp-json\/wp\/v2\/posts\/41864\/revisions\/41865"}],"wp:featuredmedia":[{"embeddable":true,"href":"https:\/\/cj.estrategia.com\/portal\/wp-json\/wp\/v2\/media\/37796"}],"wp:attachment":[{"href":"https:\/\/cj.estrategia.com\/portal\/wp-json\/wp\/v2\/media?parent=41864"}],"wp:term":[{"taxonomy":"category","embeddable":true,"href":"https:\/\/cj.estrategia.com\/portal\/wp-json\/wp\/v2\/categories?post=41864"},{"taxonomy":"post_tag","embeddable":true,"href":"https:\/\/cj.estrategia.com\/portal\/wp-json\/wp\/v2\/tags?post=41864"},{"taxonomy":"tax_estado","embeddable":true,"href":"https:\/\/cj.estrategia.com\/portal\/wp-json\/wp\/v2\/tax_estado?post=41864"}],"curies":[{"name":"wp","href":"https:\/\/api.w.org\/{rel}","templated":true}]}}