{"id":41855,"date":"2023-07-17T20:58:02","date_gmt":"2023-07-17T23:58:02","guid":{"rendered":"https:\/\/cj.estrategia.com\/portal\/?p=41855"},"modified":"2023-07-17T20:58:05","modified_gmt":"2023-07-17T23:58:05","slug":"prova-comentada-direito-penal-pgm-natal-rn","status":"publish","type":"post","link":"https:\/\/cj.estrategia.com\/portal\/prova-comentada-direito-penal-pgm-natal-rn\/","title":{"rendered":"Prova comentada Direito Penal PGM Natal RN"},"content":{"rendered":"\n<p>Ol\u00e1, pessoal, tudo certo?!<\/p>\n\n\n\n<p>Em 16\/07\/2023, foi aplicada a prova objetiva do concurso p\u00fablico para <strong>Procurador do Munic\u00edpio de Natal<\/strong>. Assim que encerrada, nosso time de professores elaborou o gabarito extraoficial, que, agora, ser\u00e1 apresentado juntamente com a nossa <strong>PROVA COMENTADA<\/strong>.<\/p>\n\n\n\n<p>Este material visa a auxili\u00e1-los na aferi\u00e7\u00e3o das notas, elabora\u00e7\u00e3o de eventuais recursos, verifica\u00e7\u00e3o das chances de avan\u00e7o para fase discursiva, bem como na revis\u00e3o do conte\u00fado cobrado no certame.<\/p>\n\n\n\n<p>Desde j\u00e1, destacamos que nosso time de professores identificou 5 quest\u00f5es pass\u00edveis de recurso, por apresentarem duas ou nenhuma alternativa correta, como veremos adiante. No tipo de prova comentado, trata-se das quest\u00f5es 19, 63, 68, 70 e 84.<\/p>\n\n\n\n<p>De modo complementar, elaboramos tamb\u00e9m o <strong><a href=\"https:\/\/cj.estrategia.com\/cadernos-e-simulados\/simulados\/fec24c7b-3665-47e5-b454-cef17aed7377\" target=\"_blank\" rel=\"noreferrer noopener nofollow\">RANKING de Procurador do Munic\u00edpio de Natal<\/a><\/strong>, em que nossos alunos e seguidores poder\u00e3o inserir suas respostas \u00e0 prova, e, ao final, aferir sua nota, de acordo com o gabarito elaborado por nossos professores. Atrav\u00e9s do ranking, tamb\u00e9m poderemos estimar a nota de corte da 1\u00ba fase. Essa ferramenta \u00e9 gratuita e, para participar, basta clicar no link abaixo:<\/p>\n\n\n\n<p>Al\u00e9m disso, montamos um caderno para nossos seguidores, alunos ou n\u00e3o, verem os coment\u00e1rios e comentar as quest\u00f5es da prova. Clique <strong><a href=\"https:\/\/cj.estrategia.com\/cadernos-e-simulados\/cadernos\/7705a7bb-1d43-49ce-a5ab-2a2e7ff2d6b9\" target=\"_blank\" rel=\"noreferrer noopener nofollow\">AQUI<\/a> <\/strong>e veja!<\/p>\n\n\n\n<p>Por fim, comentaremos a prova, as quest\u00f5es mais pol\u00eamicas, as possibilidades de recurso, bem como a estimativa da nota de corte no <a href=\"https:\/\/www.youtube.com\/@EstrategiaCarreiraJuridica\" target=\"_blank\" rel=\"noreferrer noopener nofollow\"><strong>TERM\u00d4METRO P\u00d3S-PROVA<\/strong>, <\/a>no nosso canal do Youtube. Inscreva-se e ative as notifica\u00e7\u00f5es!<\/p>\n\n\n\n<p>Voc\u00eas tamb\u00e9m poder\u00e3o acompanhar todos os eventos atrav\u00e9s deste link:&nbsp;<\/p>\n\n\n\n<p class=\"has-text-align-center has-pale-ocean-gradient-background has-background\"><a href=\"https:\/\/cj.estrategia.com\/portal\/gabarito-extraoficial-pgm-natal\/\">Gabarito Extraoficial &#8211; Procurador do Munic\u00edpio de Natal (estrategia.com)<\/a><\/p>\n\n\n\n<h2 class=\"wp-block-heading has-vivid-red-color has-text-color\" id=\"h-prova-comentada-direito-penal-pgm-natal-rn\"><span id=\"prova-comentada-direito-penal-pgm-natal-rn\">Prova comentada Direito Penal PGM Natal RN<\/span><\/h2>\n\n\n\n<p><strong>QUEST\u00c3O 93. Assinale a op\u00e7\u00e3o em que \u00e9 apresentado o princ\u00edpio do direito penal que obsta a padroniza\u00e7\u00e3o da san\u00e7\u00e3o penal e preconiza a varia\u00e7\u00e3o da pena de acordo com a personalidade e os meios de execu\u00e7\u00e3o do agente:<\/strong><\/p>\n\n\n\n<p><strong>a) princ\u00edpio da adequa\u00e7\u00e3o social e insignific\u00e2ncia.<\/strong><\/p>\n\n\n\n<p><strong>b) princ\u00edpio da individualiza\u00e7\u00e3o da pena.<\/strong><\/p>\n\n\n\n<p><strong>c) O princ\u00edpio da culpabilidade.<\/strong><\/p>\n\n\n\n<p><strong>d) O princ\u00edpio da prote\u00e7\u00e3o do bem jur\u00eddico.<\/strong><\/p>\n\n\n\n<p><strong>e) princ\u00edpio da interven\u00e7\u00e3o m\u00ednima.<\/strong><\/p>\n\n\n\n<p><strong>Coment\u00e1rios<\/strong><\/p>\n\n\n\n<p>A alternativa correta \u00e9 a <strong>letra B<\/strong>.<\/p>\n\n\n\n<p>A alternativa A est\u00e1 incorreta. Conforme a doutrina, o princ\u00edpio da adequa\u00e7\u00e3o social estabelece que uma conduta amplamente aceita pela sociedade n\u00e3o poder\u00e1 ser considerada t\u00edpica pelo Direito Penal. Desta forma, tal princ\u00edpio traz uma de causa supralegal de exclus\u00e3o da tipicidade material, pois a conduta, embora se amolde ao tipo penal, n\u00e3o \u00e9 abrangida pelo tipo penal por ser considerada socialmente adequada.<\/p>\n\n\n\n<p>A alternativa B est\u00e1 correta. O princ\u00edpio da individualiza\u00e7\u00e3o da pena possui assento constitucional, conforme se extrai do art. 5\u00ba, XLVI, da CF, que disp\u00f5e: \u201ca lei regular\u00e1 a individualiza\u00e7\u00e3o da pena e adotar\u00e1, entre outras, as seguintes: a) priva\u00e7\u00e3o ou restri\u00e7\u00e3o da liberdade; b) perda de bens; c) multa; d) presta\u00e7\u00e3o social alternativa; e) suspens\u00e3o ou interdi\u00e7\u00e3o de direitos\u201d.&nbsp; Conforme este princ\u00edpio, a pena deve ser individualizada, tanto no \u00e2mbito legislativo, judici\u00e1rio e execut\u00f3rio, evitando a padroniza\u00e7\u00e3o da san\u00e7\u00e3o penal.<\/p>\n\n\n\n<p>A alternativa C est\u00e1 incorreta. Conforma a doutrina, o princ\u00edpio da culpabilidade possui tr\u00eas sentidos fundamentais: I) Culpabilidade como elemento integrante do conceito anal\u00edtico de crime; II) Culpabilidade como princ\u00edpio norteador da pena; III) Culpabilidade como princ\u00edpio impedidor da responsabilidade penal objetiva.<\/p>\n\n\n\n<p>No primeiro aspecto, o crime s\u00f3 se constitui se o fato for t\u00edpico, il\u00edcito e realizado por um agente culp\u00e1vel, encerrando um ju\u00edzo de censurabilidade. No segundo aspecto, a culpabilidade se relaciona \u00e0 dosimetria da pena, conforme disposto no artigo 59 do C\u00f3digo Penal, sendo este um ju\u00edzo de reprovabilidade. No terceiro aspecto, a culpabilidade exige que o agente tenha realizado o fato de forma doloso ou, ao menos, culposa.&nbsp;&nbsp;<\/p>\n\n\n\n<p>A alternativa D est\u00e1 incorreta. Tal princ\u00edpio estabelece uma limita\u00e7\u00e3o ao direito de punir estatal, uma vez que a interven\u00e7\u00e3o penal s\u00f3 \u00e9 leg\u00edtima quando busca a prote\u00e7\u00e3o de bens jur\u00eddicos relevantes \u00e0 sociedade, portanto, a san\u00e7\u00e3o penal n\u00e3o pode se basear na prote\u00e7\u00e3o de quest\u00f5es \u00e9ticas, morais ou ideol\u00f3gicas.<\/p>\n\n\n\n<p>A alternativa A est\u00e1 incorreta. Conforme o princ\u00edpio da interven\u00e7\u00e3o m\u00ednima, \u201co Direito Penal n\u00e3o deve interferir em demasia na vida em sociedade, devendo ser utilizado somente quando os demais ramos do Direito n\u00e3o forem suficientes para proteger os bens de maior import\u00e2ncia\u201d (STJ, HC 215.522\/RS). Logo, o direito penal deve ser a utilizado apenas diante da inefici\u00eancia dos demais ramos.<\/p>\n\n\n\n<p><strong>QUEST\u00c3O 94. S\u00e3o formas de interpreta\u00e7\u00e3o da lei penal quanto ao sujeito.<\/strong><\/p>\n\n\n\n<p><strong>a) A hist\u00f3rica e a sistem\u00e1tica.<\/strong><\/p>\n\n\n\n<p><strong>b) A legislativa e a jurisprudencial.<\/strong><\/p>\n\n\n\n<p><strong>c) A sistem\u00e1tica e a declarat\u00f3ria.<\/strong><\/p>\n\n\n\n<p><strong>d) A restritiva e a extensiva.<\/strong><\/p>\n\n\n\n<p><strong>e) A declarat\u00f3ria e a anal\u00f3gica.<\/strong><\/p>\n\n\n\n<p><strong>Coment\u00e1rios<\/strong><\/p>\n\n\n\n<p>A alternativa correta \u00e9 a <strong>letra B<\/strong>.<\/p>\n\n\n\n<p>A alternativa A est\u00e1 incorreta. A alternativa hist\u00f3ria e sistem\u00e1tica se refere \u00e0 interpreta\u00e7\u00e3o quanto aos meios, de modo que, a interpreta\u00e7\u00e3o poder\u00e1 utilizar-se dos meios: hist\u00f3ricos, sistem\u00e1ticos, l\u00f3gicos, teleol\u00f3gicos ou literal.<\/p>\n\n\n\n<p>A alternativa B est\u00e1 correta. A interpreta\u00e7\u00e3o quanto ao sujeito estabelece que est\u00e1 poder\u00e1 ser: 1) Legislativa (aut\u00eantica), decorrente da pr\u00f3pria lei, como ocorre no artigo 327 do CP, o qual traz o conceito de funcion\u00e1rio p\u00fablico; 2) Jurisprudencial, advinda das decis\u00f5es dos Tribunais; 3) Doutrin\u00e1ria, originada pelos estudos t\u00e9cnicos.<\/p>\n\n\n\n<p>A alternativa C est\u00e1 incorreta. A interpreta\u00e7\u00e3o sistem\u00e1tica n\u00e3o se refere ao sujeito, conforme explicado na letra \u201cA\u201d. Ademais, a interpreta\u00e7\u00e3o declarat\u00f3ria, se refere ao resultado, entendendo que n\u00e3o cabe ao int\u00e9rprete ampliar ou restringir o alcance ou sentido do texto, uma vez que este exprime, exatamente, a vontade do legislador.<\/p>\n\n\n\n<p>A alternativa D est\u00e1 incorreta. A interpreta\u00e7\u00e3o extensiva e restritiva se referem ao resultado, de modo que na primeira h\u00e1 um alargamento do alcance da norma e na segunda uma restri\u00e7\u00e3o deste.<\/p>\n\n\n\n<p>A alternativa E est\u00e1 incorreta. A interpreta\u00e7\u00e3o anal\u00f3gica se caracteriza como um procedimento de compara\u00e7\u00e3o da norma penal entre seus pr\u00f3prios termos, n\u00e3o ferindo a legalidade, pois \u00e9 posta em pr\u00e1tica quando a pr\u00f3pria lei a prev\u00ea essa analogia interna (NUCCI, 2022).<\/p>\n\n\n\n<p><strong>95. De acordo com o Decreto-lei 201\/1967, o prefeito municipal condenado, em senten\u00e7a definitiva, por responsabilidade sujeita-se, entre outras penalidades, inabilita\u00e7\u00e3o para exercer cargo p\u00fablico eletivo pelo prazo de<\/strong><\/p>\n\n\n\n<p><strong>a) 4 anos.<\/strong><\/p>\n\n\n\n<p><strong>b) 5 anos.<\/strong><\/p>\n\n\n\n<p><strong>c) 8 anos.<\/strong><\/p>\n\n\n\n<p><strong>d) 12 anos.<\/strong><\/p>\n\n\n\n<p><strong>e) 15 anos<\/strong>.<\/p>\n\n\n\n<p><strong>Coment\u00e1rios<\/strong><\/p>\n\n\n\n<p>A alternativa correta \u00e9 a <strong>letra B<\/strong>.<\/p>\n\n\n\n<p>A alternativa A est\u00e1 incorreta. O <em>caput<\/em> do art. 1\u00ba do DL n\u00ba 201\/1967 enumera os crimes de responsabilidade pass\u00edveis de serem cometidos por prefeito municipal. De acordo com o art. 1\u00ba, \u00a72\u00ba, do referido Decreto-lei, \u201ca condena\u00e7\u00e3o definitiva em qualquer dos crimes definidos neste artigo, acarreta a perda de cargo e a inabilita\u00e7\u00e3o, pelo prazo de cinco anos, para o exerc\u00edcio de cargo ou fun\u00e7\u00e3o p\u00fablica, eletivo ou de nomea\u00e7\u00e3o, sem preju\u00edzo da repara\u00e7\u00e3o civil do dano causado ao patrim\u00f4nio p\u00fablico ou particular\u201d.<\/p>\n\n\n\n<p>A alternativa B est\u00e1 correta. \u00c0 luz do art. 1\u00ba, \u00a72\u00ba do DL n\u00ba 201\/1967: \u201ca condena\u00e7\u00e3o definitiva em qualquer dos crimes definidos neste artigo, acarreta a perda de cargo e a inabilita\u00e7\u00e3o, pelo prazo de cinco anos, para o exerc\u00edcio de cargo ou fun\u00e7\u00e3o p\u00fablica, eletivo ou de nomea\u00e7\u00e3o, sem preju\u00edzo da repara\u00e7\u00e3o civil do dano causado ao patrim\u00f4nio p\u00fablico ou particular\u201d.<\/p>\n\n\n\n<p>A alternativa C est\u00e1 incorreta. Conforme coment\u00e1rios acima.<\/p>\n\n\n\n<p>A alternativa D est\u00e1 incorreta. Conforme coment\u00e1rios acima.<\/p>\n\n\n\n<p>A alternativa E est\u00e1 incorreta. Conforme coment\u00e1rios acima.<\/p>\n\n\n\n<p><strong>QUEST\u00c3O 96. Tendo como refer\u00eancia a doutrina, assinale a op\u00e7\u00e3o em que \u00e9 apresentado o crime de m\u00e3o pr\u00f3pria que admite coautoria em determinados casos.<\/strong><\/p>\n\n\n\n<p><strong>a) Falso testemunho.<\/strong><\/p>\n\n\n\n<p><strong>b) Peculato.<\/strong><\/p>\n\n\n\n<p><strong>c) Infantic\u00eddio.&nbsp;<\/strong><\/p>\n\n\n\n<p><strong>d) Prevarica\u00e7\u00e3o.&nbsp;<\/strong><\/p>\n\n\n\n<p><strong>e) Falsa per\u00edcia.<\/strong><\/p>\n\n\n\n<p><strong>Coment\u00e1rios<\/strong><\/p>\n\n\n\n<p>A alternativa correta \u00e9 a <strong>letra E.<\/strong><\/p>\n\n\n\n<p>A alternativa A est\u00e1 incorreta. O delito de falso testemunho est\u00e1 insculpido no artigo 342 do C\u00f3digo penal, este mesmo dispositivo, vale destacar, engloba a falsa per\u00edcia. Tal tipo penal \u00e9 classificado com de m\u00e3o pr\u00f3pria, uma vez que \u00e9 exigida uma circunst\u00e2ncia personal\u00edssima do sujeito ativo, sendo imposs\u00edvel que outrem execute a conduta incriminada. Sendo assim, a coautoria n\u00e3o se mostra poss\u00edvel, no m\u00e1ximo, \u00e9 cab\u00edvel a participa\u00e7\u00e3o daquele instiga ou induz (STJ, RHC 10.517\/SC).<\/p>\n\n\n\n<p>A alternativa B est\u00e1 incorreta. O peculato, crime insculpido no artigo 312 do C\u00f3digo Penal, \u00e9 crime pr\u00f3prio, pois s\u00f3 pode ser cometido por quem ostente determinada qualidade. Nestes termos, o peculato exige a qualidade de funcion\u00e1rio p\u00fablico do agente. Todavia, os crimes pr\u00f3prios admitem a coautoria desde que o terceiro, que n\u00e3o possui determinada qualidade, tenha conhecimento da qualidade do coautor, nos moldes do art. 30 do CP.<\/p>\n\n\n\n<p>A alternativa C est\u00e1 incorreta. Conforme a doutrina majorit\u00e1ria, o infantic\u00eddio, disposto no artigo 123 do CP, \u00e9 crime pr\u00f3prio. Nestes termos, Magalh\u00e3es Noronha afirma: \u201cN\u00e3o h\u00e1 d\u00favida de que o estado puerperal \u00e9 circunst\u00e2ncia (condi\u00e7\u00e3o, particularidade) pessoal e que, sendo elementar do delito, comunica-se, ex vi do art. 30, aos copart\u00edcipes.\u201d.<\/p>\n\n\n\n<p>A alternativa D est\u00e1 incorreta. A prevarica\u00e7\u00e3o, trazida no artigo 319 do CP, \u00e9 crime pr\u00f3prio, exigindo que o agente seja funcion\u00e1rio p\u00fablico. Da mesma forma que o peculato, \u00e9 poss\u00edvel o concurso de agentes.<\/p>\n\n\n\n<p>A alternativa E est\u00e1 correta. O delito de falsa per\u00edcia est\u00e1 insculpido no artigo 342 do C\u00f3digo penal. Tal tipo penal \u00e9 classificado com de m\u00e3o pr\u00f3pria, uma vez que \u00e9 exigida uma circunst\u00e2ncia personal\u00edssima do sujeito ativo, sendo imposs\u00edvel que outrem execute a conduta incriminada. Embora os delitos de m\u00e3o pr\u00f3pria n\u00e3o admitam a coautoria, a falsa per\u00edcia \u00e9 exce\u00e7\u00e3o \u00e0 regra, uma vez que \u00e9 poss\u00edvel que dois peritos atuem de forma conjunta, assinando o respectivo laudo falso, atuando, assim, como coautores.<\/p>\n\n\n\n<p><strong>QUEST\u00c3O 97. Segundo o C\u00f3digo Penal, \u00e9 excludente de ilicitude.<\/strong><\/p>\n\n\n\n<p><strong>a) Erro de proibi\u00e7\u00e3o.<\/strong><\/p>\n\n\n\n<p><strong>b) Estado de necessidade.<\/strong><\/p>\n\n\n\n<p><strong>c) Doen\u00e7a mental.<\/strong><\/p>\n\n\n\n<p><strong>d) Embriaguez acidental.<\/strong><\/p>\n\n\n\n<p><strong>e) Menoridade-penal.<\/strong><\/p>\n\n\n\n<p><strong>Coment\u00e1rios<\/strong><\/p>\n\n\n\n<p>A alternativa correta \u00e9 a <strong>letra B.<\/strong><\/p>\n\n\n\n<p>A alternativa A est\u00e1 incorreta. No erro de proibi\u00e7\u00e3o, ocorre uma falsa percep\u00e7\u00e3o da realidade que recai sobre a ilicitude do comportamento do agente; ou seja, quando em erro de proibi\u00e7\u00e3o, o agente sabe exatamente o que faz, mas desconhece que sua conduta \u00e9 contr\u00e1ria ao Direito Penal. O C\u00f3digo Penal disp\u00f5e que \u201co desconhecimento da lei \u00e9 inescus\u00e1vel. O erro sobre a ilicitude do fato, se inevit\u00e1vel, isenta de pena; se evit\u00e1vel, poder\u00e1 diminu\u00ed-la de um sexto a um ter\u00e7o\u201d. Trata-se, portanto, de excludente de culpabilidade, caso se esteja diante de erro de proibi\u00e7\u00e3o inevit\u00e1vel.<\/p>\n\n\n\n<p>A alternativa B est\u00e1 correta. De acordo com o art. 24 do C\u00f3digo Penal, \u201cconsidera-se em estado de necessidade quem pratica o fato para salvar de perigo atual, que n\u00e3o provocou por sua vontade, nem podia de outro modo evitar, direito pr\u00f3prio ou alheio, cujo sacrif\u00edcio, nas circunst\u00e2ncias, n\u00e3o era razo\u00e1vel exigir-se\u201d. Conforme se depreende do art. 23 do C\u00f3digo Penal, o estado de necessidade constitui uma excludente de ilicitude, juntamente com a leg\u00edtima defesa, o estrito cumprimento de dever legal e o exerc\u00edcio regular de direito.<\/p>\n\n\n\n<p>A alternativa C est\u00e1 incorreta. A doen\u00e7a mental, se aliada \u00e0 falta de capacidade de compreender o car\u00e1ter il\u00edcito do fato e de determinar-se de acordo com esse entendimento, produz a inimputabilidade. Por sua vez, a inimputabilidade constitui uma excludente de culpabilidade, conforme o art. 26, que preceitua serem isentos de pena os inimput\u00e1veis.<\/p>\n\n\n\n<p>A alternativa D est\u00e1 incorreta. A embriaguez acidental, se completa, constitui uma excludente da culpabilidade, conforme disp\u00f5e o C\u00f3digo Penal em seu art. 28, \u00a71\u00ba: \u201c\u00e9 isento de pena o agente que, por embriaguez completa, proveniente de caso fortuito ou for\u00e7a maior, era, ao tempo da a\u00e7\u00e3o ou da omiss\u00e3o, inteiramente incapaz de entender o car\u00e1ter il\u00edcito do fato ou de determinar-se de acordo com esse entendimento\u201d. Dessa feita, percebe-se que a embriaguez somente funcionar\u00e1 como excludente de culpabilidade se for completa e involunt\u00e1ria, de forma a retirar por inteiro a capacidade de entendimento ou de autodetermina\u00e7\u00e3o do agente.<\/p>\n\n\n\n<p>A alternativa E est\u00e1 incorreta. A inimputabilidade penal, segundo o crit\u00e9rio biol\u00f3gico, estabelece que os menores de 18 anos s\u00e3o penalmente inimput\u00e1veis (art. 27 do CP), funcionando, portanto, como uma excludente de culpabilidade.<\/p>\n\n\n\n<p><strong>QUEST\u00c3O 98. De acordo com o Estatuto da Pessoa Idosa, assinale a op\u00e7\u00e3o em que \u00e9 apresentada a pena prescrita para o crime de abandono de pessoa idosa:<\/strong><\/p>\n\n\n\n<p><strong>a) Deten\u00e7\u00e3o de dois meses a um ano e multa.<\/strong><\/p>\n\n\n\n<p><strong>b) Deten\u00e7\u00e3o de seis meses a tr\u00eas anos e multa.<\/strong><\/p>\n\n\n\n<p><strong>c) Reclus\u00e3o de um ano a quatro anos e multa.<\/strong><\/p>\n\n\n\n<p><strong>d) Reclus\u00e3o de quatro anos a doze anos.<\/strong><\/p>\n\n\n\n<p><strong>e) Reclus\u00e3o de seis meses a um ano e multa.<\/strong><\/p>\n\n\n\n<p><strong>Coment\u00e1rios<\/strong><\/p>\n\n\n\n<p>A alternativa correta \u00e9 a <strong>letra B.<\/strong><\/p>\n\n\n\n<p>A alternativa A est\u00e1 incorreta. Conforme coment\u00e1rios da alternativa \u201cB\u201d.<\/p>\n\n\n\n<p>A alternativa B est\u00e1 correta. De acordo com o art. 98 do Estatuto da Pessoa Idosa (lei n\u00ba 10.741\/2003) o crime consistente em abandonar a pessoa idosa em hospitais, casas de sa\u00fade, entidades de longa perman\u00eancia, ou cong\u00eaneres, ou n\u00e3o prover suas necessidades b\u00e1sicas, quando obrigado por lei ou mandado possui pena de deten\u00e7\u00e3o de 6 meses a 3 anos e multa.<\/p>\n\n\n\n<p>A alternativa C est\u00e1 incorreta. Conforme coment\u00e1rios da alternativa \u201cB\u201d.<\/p>\n\n\n\n<p>A alternativa D est\u00e1 incorreta. Conforme coment\u00e1rios da alternativa \u201cB\u201d.<\/p>\n\n\n\n<p>A alternativa E est\u00e1 incorreta. Conforme coment\u00e1rios da alternativa \u201cB\u201d.<\/p>\n\n\n\n<p><strong>QUEST\u00c3O 99. A Em rela\u00e7\u00e3o \u00e0 pena de pris\u00e3o simples, julgue os itens a seguir.<\/strong><\/p>\n\n\n\n<p><strong>I. Essa pena deve ser cumprida sem rigor penitenci\u00e1rio.<\/strong><\/p>\n\n\n\n<p><strong>II. A pris\u00e3o simples n\u00e3o admite o regime inicial fechado em nenhuma hip\u00f3tese.<\/strong><\/p>\n\n\n\n<p><strong>III. Essa pena se aplica \u00e0s contraven\u00e7\u00f5es penais.<\/strong><\/p>\n\n\n\n<p><strong>IV. Para todo condenado \u00e0 pris\u00e3o simples, o trabalho \u00e9 obrigat\u00f3rio.<\/strong><\/p>\n\n\n\n<p><strong>Est\u00e3o certos apenas os itens<\/strong><\/p>\n\n\n\n<p><strong>a) I e III.<\/strong><\/p>\n\n\n\n<p><strong>b) I e IV.<\/strong><\/p>\n\n\n\n<p><strong>c) II e IV.<\/strong><\/p>\n\n\n\n<p><strong>d) I, II e III.<\/strong><\/p>\n\n\n\n<p><strong>e) II, III e IV.<\/strong><\/p>\n\n\n\n<p><strong>Coment\u00e1rios<\/strong><\/p>\n\n\n\n<p>A alternativa correta \u00e9 a <strong>letra D.<\/strong><\/p>\n\n\n\n<p>A alternativa A est\u00e1 incorreta. Os itens I e III n\u00e3o s\u00e3o os \u00fanicos corretos. Conforme o artigo 6\u00ba, <em>caput<\/em>, do Decreto-lei 3.688\/1941: \u201cA pena de pris\u00e3o simples deve ser cumprida, sem rigor penitenci\u00e1rio\u201d, portanto, o item II tamb\u00e9m est\u00e1 correto.<\/p>\n\n\n\n<p>A alternativa B est\u00e1 incorreta. O trabalho nem sempre ser\u00e1 obrigat\u00f3rio, uma vez que o artigo 6,\u00a72\u00ba, do Decreto-lei 3.688\/1941, estabelece que: \u201cO trabalho \u00e9 facultativo, se a pena aplicada, n\u00e3o excede a quinze dias\u201d. Portanto, o tempo de pena definir\u00e1 a obrigatoriedade do trabalho.<\/p>\n\n\n\n<p>A alternativa C est\u00e1 incorreta. Conforme explicado na letra \u201cB\u201d.<\/p>\n\n\n\n<p>A alternativa D est\u00e1 correta. O artigo 5\u00ba do DL 3.688\/41, o qual regulamenta as contraven\u00e7\u00f5es penais, estabelece que as penas principais para as contraven\u00e7\u00f5es s\u00e3o a pris\u00e3o simples e a multa. De mais a mais, o caput do artigo 6\u00ba do referido Decreto-lei estabelece que: \u201cA pena de pris\u00e3o simples deve ser cumprida, sem rigor penitenci\u00e1rio, em estabelecimento especial ou se\u00e7\u00e3o especial de pris\u00e3o comum, em regime semi-aberto ou aberto.\u201d<\/p>\n\n\n\n<p>A alternativa E est\u00e1 incorreta. Conforme explicado na letra \u201cB\u201d.<\/p>\n\n\n\n<p><strong>QUEST\u00c3O 100. A respeito de crime imposs\u00edvel e delito putativo, julgue os pr\u00f3ximos itens.<\/strong><\/p>\n\n\n\n<p><strong>I. Delito putativo refere-se \u00e0 absoluta impropriedade do objeto, enquanto crime imposs\u00edvel, \u00e0 inefic\u00e1cia absoluta do meio.<\/strong><\/p>\n\n\n\n<p><strong>II. No delito putativo, o agente tem a inten\u00e7\u00e3o de praticar um crime, por\u00e9m o ato n\u00e3o encontra tipifica\u00e7\u00e3o legal correspondente.<\/strong><\/p>\n\n\n\n<p><strong>III. Segundo entendimento do STF, n\u00e3o h\u00e1 crime quando o flagrante preparado pela pol\u00edcia torna imposs\u00edvel a sua a consuma\u00e7\u00e3o.<\/strong><\/p>\n\n\n\n<p><strong>Assinale a op\u00e7\u00e3o correta.<\/strong><\/p>\n\n\n\n<p><strong>a) Apenas o item I est\u00e1 certo.<\/strong><\/p>\n\n\n\n<p><strong>b) Apenas o item III est\u00e1 certo.<\/strong><\/p>\n\n\n\n<p><strong>c) Apenas os itens I e II est\u00e3o certos.<\/strong><\/p>\n\n\n\n<p><strong>d) Apenas os itens II e III est\u00e3o certos.<\/strong><\/p>\n\n\n\n<p><strong>e) Todos os itens est\u00e3o certos.<\/strong><\/p>\n\n\n\n<p><strong>Coment\u00e1rios<\/strong><\/p>\n\n\n\n<p>A alternativa correta \u00e9 a <strong>letra D.<\/strong><\/p>\n\n\n\n<p>A alternativa A est\u00e1 incorreta. O item I n\u00e3o est\u00e1 correto, tendo em vista que tanto a inefic\u00e1cia absoluta do meio quanto a absoluta impropriedade do objeto caracterizam o crime imposs\u00edvel, conforme preceitua o art. 17 do CP: \u201cN\u00e3o se pune a tentativa quando, por inefic\u00e1cia absoluta do meio ou por absoluta impropriedade do objeto, \u00e9 imposs\u00edvel consumar-se o crime.\u201d<\/p>\n\n\n\n<p>A alternativa B est\u00e1 incorreta. Conforme coment\u00e1rios da alternativa \u201cD\u201d.<\/p>\n\n\n\n<p>A alternativa C est\u00e1 incorreta. Conforme coment\u00e1rios da alternativa \u201cA\u201d.<\/p>\n\n\n\n<p>A alternativa D est\u00e1 correta. O item II est\u00e1 correto, uma vez que o delito putativo, tamb\u00e9m chamado de crime imagin\u00e1rio, resta configurado quando o agente acredita que pratica um crime, mas em verdade n\u00e3o o faz, pois o fato praticado por ele n\u00e3o encontra guarida em nenhum tipo penal. O item III tamb\u00e9m est\u00e1 correto, \u00e0 luz da s\u00famula n\u00ba 145 do STF que afirma: \u201cn\u00e3o h\u00e1 crime quando a prepara\u00e7\u00e3o do flagrante pela pol\u00edcia torna imposs\u00edvel a sua consuma\u00e7\u00e3o\u201d.<\/p>\n\n\n\n<p>A alternativa E est\u00e1 incorreta. Conforme coment\u00e1rios da alternativa \u201cA\u201d.<\/p>\n\n\n\n<p class=\"has-text-align-center has-luminous-vivid-amber-background-color has-background has-medium-font-size\"><strong>Saiba mais:<\/strong> <a href=\"https:\/\/cj.estrategia.com\/portal\/concurso-pgm-natal\/\" target=\"_blank\" >PGM Natal<\/a><\/p>\n\n\n\n<h2 class=\"wp-block-heading has-text-align-center\" id=\"cursos\"><span id=\"quer-saber-tudo-sobre-concursos-previstosconfira-nossos-artigos\">Quer saber tudo sobre concursos previstos?<br>Confira nossos artigos!<\/span><\/h2>\n\n\n\n\n\n<h2 class=\"wp-block-heading has-text-align-center\" id=\"curso\"><span id=\"quer-estudar-para-concursos-de-direito\">Quer estudar para Concursos de Direito?<\/span><\/h2>\n\n\n\n<p>O Estrat\u00e9gia Carreira Jur\u00eddica \u00e9 campe\u00e3o de aprova\u00e7\u00f5es nos concursos para Carreiras Jur\u00eddicas com um corpo docente qualificado e materiais completos. Conhe\u00e7a nossos cursos e garanta sua aprova\u00e7\u00e3o:<\/p>\n\n\n\n<div class=\"wp-block-cover\" style=\"min-height:155px;aspect-ratio:unset;\"><img decoding=\"async\" width=\"1890\" height=\"351\" class=\"wp-block-cover__image-background wp-image-8669\" alt=\"Assinaturas Jur\u00eddicas\" src=\"https:\/\/cj.estrategia.com\/portal\/wp-content\/uploads\/2022\/06\/20151253\/concurso-carreiras-juridicas-assinatura-juridica.jpg\" style=\"object-position:78% 43%\" data-object-fit=\"cover\" data-object-position=\"78% 43%\" srcset=\"https:\/\/cj.estrategia.com\/portal\/wp-content\/uploads\/2022\/06\/20151253\/concurso-carreiras-juridicas-assinatura-juridica.jpg 1890w, https:\/\/cj.estrategia.com\/portal\/wp-content\/uploads\/2022\/06\/20151253\/concurso-carreiras-juridicas-assinatura-juridica-300x56.jpg 300w, https:\/\/cj.estrategia.com\/portal\/wp-content\/uploads\/2022\/06\/20151253\/concurso-carreiras-juridicas-assinatura-juridica-1024x190.jpg 1024w, https:\/\/cj.estrategia.com\/portal\/wp-content\/uploads\/2022\/06\/20151253\/concurso-carreiras-juridicas-assinatura-juridica-768x143.jpg 768w, https:\/\/cj.estrategia.com\/portal\/wp-content\/uploads\/2022\/06\/20151253\/concurso-carreiras-juridicas-assinatura-juridica-1536x285.jpg 1536w, https:\/\/cj.estrategia.com\/portal\/wp-content\/uploads\/2022\/06\/20151253\/concurso-carreiras-juridicas-assinatura-juridica-380x71.jpg 380w, https:\/\/cj.estrategia.com\/portal\/wp-content\/uploads\/2022\/06\/20151253\/concurso-carreiras-juridicas-assinatura-juridica-800x149.jpg 800w, https:\/\/cj.estrategia.com\/portal\/wp-content\/uploads\/2022\/06\/20151253\/concurso-carreiras-juridicas-assinatura-juridica-1160x215.jpg 1160w\" sizes=\"(max-width: 1890px) 100vw, 1890px\" \/><span aria-hidden=\"true\" class=\"wp-block-cover__background has-background-dim\"><\/span><div class=\"wp-block-cover__inner-container is-layout-flow wp-block-cover-is-layout-flow\">\n<h3 id=\"faca-a-sua-assinatura\" class=\"titulo-assinatura\"><span style=\"color: #ffffff;\">Fa\u00e7a a sua assinatura!<\/span><\/h3>\n<p class=\"subtitulo-assinatura\" style=\"display:block!important; line-height: 0;\"><span style=\"color: #ffffff;\">Escolha a sua \u00e1rea.<\/span><\/p>\n<a target=\"_blank\" href=\"https:\/\/www.estrategiaconcursos.com.br\/assinaturas-ecj\/\" rel=\"noopener\"><button style=\"border-radius: 10px; text-transform: capitalize;\">Acessar<\/button><\/a>\n<\/div><\/div>\n\n\n\n<div id=\"boxes\" class=\"container\">\n<div class=\"row\">\n<div class=\"col-sm\">\n<div id=\"box-assinatura\" class=\"banner-estrategia-concursos-juridicos\">\n<h3 id=\"curso-para-carreiras-juridicas\" class=\"titulo-assinatura\"><span style=\"color: #ffffff; font-size: 23px; \">Curso para Carreiras Jur\u00eddicas<\/span><\/h3>\n<p class=\"subtitulo-assinatura\">Cursos focados no edital do concurso PGM Natal<\/p>\n<div class=\"box-botao\"><a class=\"btn-assinatura-juridica\" role=\"button\" href=\"https:\/\/www.estrategiaconcursos.com.br\/cursosPorConcurso\/pgm-natal-procurador-municipal\/\" target=\"_blank\" rel=\"noopener noreferrer\">Conhe\u00e7a mais<\/a><\/div>\n<\/div>\n<p class=\"texto-auxiliar\">Prepare-se com o melhor material e com quem mais aprova em concursos em todo o pa\u00eds.<\/p>\n<\/div>\n<\/div>\n<\/div>\n","protected":false},"excerpt":{"rendered":"Ol\u00e1, pessoal, tudo certo?! Em 16\/07\/2023, foi aplicada a prova objetiva do concurso p\u00fablico para Procurador do Munic\u00edpio&hellip;\n","protected":false},"author":12,"featured_media":37796,"comment_status":"open","ping_status":"open","sticky":false,"template":"","format":"standard","meta":{"_jetpack_memberships_contains_paid_content":false,"footnotes":""},"categories":[24],"tags":[],"tax_estado":[50],"class_list":{"0":"post-41855","1":"post","2":"type-post","3":"status-publish","4":"format-standard","5":"has-post-thumbnail","7":"category-procuradoria","8":"tax_estado-rn"},"acf":[],"yoast_head":"<!-- This site is optimized with the Yoast SEO Premium plugin v27.4 (Yoast SEO v27.4) - https:\/\/yoast.com\/product\/yoast-seo-premium-wordpress\/ -->\n<title>Prova comentada Direito Penal PGM Natal RN<\/title>\n<meta name=\"description\" content=\"Prova comentada Direito Penal PGM Natal RN: Veja AQUI os coment\u00e1rios dos nossos professores!\" \/>\n<meta name=\"robots\" content=\"index, follow, max-snippet:-1, max-image-preview:large, max-video-preview:-1\" \/>\n<link rel=\"canonical\" href=\"https:\/\/cj.estrategia.com\/portal\/prova-comentada-direito-penal-pgm-natal-rn\/\" \/>\n<meta property=\"og:locale\" content=\"pt_BR\" \/>\n<meta property=\"og:type\" content=\"article\" \/>\n<meta property=\"og:title\" content=\"Prova comentada Direito Penal PGM Natal RN\" \/>\n<meta property=\"og:description\" content=\"Prova comentada Direito Penal PGM Natal RN: Veja AQUI os coment\u00e1rios dos nossos professores!\" \/>\n<meta property=\"og:url\" content=\"https:\/\/cj.estrategia.com\/portal\/prova-comentada-direito-penal-pgm-natal-rn\/\" \/>\n<meta property=\"og:site_name\" content=\"Blog - Carreiras Jur\u00eddicas - Estrat\u00e9gia\" \/>\n<meta property=\"article:publisher\" content=\"https:\/\/www.facebook.com\/estrategiacarreirajuridica\/\" \/>\n<meta property=\"article:published_time\" content=\"2023-07-17T23:58:02+00:00\" \/>\n<meta property=\"article:modified_time\" content=\"2023-07-17T23:58:05+00:00\" \/>\n<meta property=\"og:image\" content=\"https:\/\/cj.estrategia.com\/portal\/wp-content\/uploads\/2023\/06\/01151508\/PGM-Natal.jpg\" \/>\n\t<meta property=\"og:image:width\" content=\"960\" \/>\n\t<meta property=\"og:image:height\" content=\"540\" \/>\n\t<meta property=\"og:image:type\" content=\"image\/jpeg\" \/>\n<meta name=\"author\" content=\"Coordena\u00e7\u00e3o\" \/>\n<meta name=\"twitter:card\" content=\"summary_large_image\" \/>\n<meta name=\"twitter:creator\" content=\"@EstratJuridica\" \/>\n<meta name=\"twitter:site\" content=\"@EstratJuridica\" \/>\n<meta name=\"twitter:label1\" content=\"Escrito por\" \/>\n\t<meta name=\"twitter:data1\" content=\"Coordena\u00e7\u00e3o\" \/>\n\t<meta name=\"twitter:label2\" content=\"Est. tempo de leitura\" \/>\n\t<meta name=\"twitter:data2\" content=\"16 minutos\" \/>\n<script type=\"application\/ld+json\" class=\"yoast-schema-graph\">{\"@context\":\"https:\\\/\\\/schema.org\",\"@graph\":[{\"@type\":\"NewsArticle\",\"@id\":\"https:\\\/\\\/cj.estrategia.com\\\/portal\\\/prova-comentada-direito-penal-pgm-natal-rn\\\/#article\",\"isPartOf\":{\"@id\":\"https:\\\/\\\/cj.estrategia.com\\\/portal\\\/prova-comentada-direito-penal-pgm-natal-rn\\\/\"},\"author\":{\"name\":\"Coordena\u00e7\u00e3o\",\"@id\":\"https:\\\/\\\/cj.estrategia.com\\\/portal\\\/#\\\/schema\\\/person\\\/4d70317d31449932b99102916b6637f5\"},\"headline\":\"Prova comentada Direito Penal PGM Natal RN\",\"datePublished\":\"2023-07-17T23:58:02+00:00\",\"dateModified\":\"2023-07-17T23:58:05+00:00\",\"mainEntityOfPage\":{\"@id\":\"https:\\\/\\\/cj.estrategia.com\\\/portal\\\/prova-comentada-direito-penal-pgm-natal-rn\\\/\"},\"wordCount\":3039,\"commentCount\":0,\"publisher\":{\"@id\":\"https:\\\/\\\/cj.estrategia.com\\\/portal\\\/#organization\"},\"image\":{\"@id\":\"https:\\\/\\\/cj.estrategia.com\\\/portal\\\/prova-comentada-direito-penal-pgm-natal-rn\\\/#primaryimage\"},\"thumbnailUrl\":\"https:\\\/\\\/cj.estrategia.com\\\/portal\\\/wp-content\\\/uploads\\\/2023\\\/06\\\/01151508\\\/PGM-Natal.jpg\",\"articleSection\":[\"Procuradoria\"],\"inLanguage\":\"pt-BR\",\"potentialAction\":[{\"@type\":\"CommentAction\",\"name\":\"Comment\",\"target\":[\"https:\\\/\\\/cj.estrategia.com\\\/portal\\\/prova-comentada-direito-penal-pgm-natal-rn\\\/#respond\"]}]},{\"@type\":\"WebPage\",\"@id\":\"https:\\\/\\\/cj.estrategia.com\\\/portal\\\/prova-comentada-direito-penal-pgm-natal-rn\\\/\",\"url\":\"https:\\\/\\\/cj.estrategia.com\\\/portal\\\/prova-comentada-direito-penal-pgm-natal-rn\\\/\",\"name\":\"Prova comentada Direito Penal PGM Natal RN\",\"isPartOf\":{\"@id\":\"https:\\\/\\\/cj.estrategia.com\\\/portal\\\/#website\"},\"primaryImageOfPage\":{\"@id\":\"https:\\\/\\\/cj.estrategia.com\\\/portal\\\/prova-comentada-direito-penal-pgm-natal-rn\\\/#primaryimage\"},\"image\":{\"@id\":\"https:\\\/\\\/cj.estrategia.com\\\/portal\\\/prova-comentada-direito-penal-pgm-natal-rn\\\/#primaryimage\"},\"thumbnailUrl\":\"https:\\\/\\\/cj.estrategia.com\\\/portal\\\/wp-content\\\/uploads\\\/2023\\\/06\\\/01151508\\\/PGM-Natal.jpg\",\"datePublished\":\"2023-07-17T23:58:02+00:00\",\"dateModified\":\"2023-07-17T23:58:05+00:00\",\"description\":\"Prova comentada Direito Penal PGM Natal RN: Veja AQUI os coment\u00e1rios dos nossos professores!\",\"breadcrumb\":{\"@id\":\"https:\\\/\\\/cj.estrategia.com\\\/portal\\\/prova-comentada-direito-penal-pgm-natal-rn\\\/#breadcrumb\"},\"inLanguage\":\"pt-BR\",\"potentialAction\":[{\"@type\":\"ReadAction\",\"target\":[\"https:\\\/\\\/cj.estrategia.com\\\/portal\\\/prova-comentada-direito-penal-pgm-natal-rn\\\/\"]}]},{\"@type\":\"ImageObject\",\"inLanguage\":\"pt-BR\",\"@id\":\"https:\\\/\\\/cj.estrategia.com\\\/portal\\\/prova-comentada-direito-penal-pgm-natal-rn\\\/#primaryimage\",\"url\":\"https:\\\/\\\/cj.estrategia.com\\\/portal\\\/wp-content\\\/uploads\\\/2023\\\/06\\\/01151508\\\/PGM-Natal.jpg\",\"contentUrl\":\"https:\\\/\\\/cj.estrategia.com\\\/portal\\\/wp-content\\\/uploads\\\/2023\\\/06\\\/01151508\\\/PGM-Natal.jpg\",\"width\":960,\"height\":540},{\"@type\":\"BreadcrumbList\",\"@id\":\"https:\\\/\\\/cj.estrategia.com\\\/portal\\\/prova-comentada-direito-penal-pgm-natal-rn\\\/#breadcrumb\",\"itemListElement\":[{\"@type\":\"ListItem\",\"position\":1,\"name\":\"In\u00edcio\",\"item\":\"https:\\\/\\\/cj.estrategia.com\\\/portal\\\/\"},{\"@type\":\"ListItem\",\"position\":2,\"name\":\"Prova comentada Direito Penal PGM Natal RN\"}]},{\"@type\":\"WebSite\",\"@id\":\"https:\\\/\\\/cj.estrategia.com\\\/portal\\\/#website\",\"url\":\"https:\\\/\\\/cj.estrategia.com\\\/portal\\\/\",\"name\":\"Blog - Carreiras Jur\u00eddicas - Estrat\u00e9gia\",\"description\":\"\",\"publisher\":{\"@id\":\"https:\\\/\\\/cj.estrategia.com\\\/portal\\\/#organization\"},\"potentialAction\":[{\"@type\":\"SearchAction\",\"target\":{\"@type\":\"EntryPoint\",\"urlTemplate\":\"https:\\\/\\\/cj.estrategia.com\\\/portal\\\/?s={search_term_string}\"},\"query-input\":{\"@type\":\"PropertyValueSpecification\",\"valueRequired\":true,\"valueName\":\"search_term_string\"}}],\"inLanguage\":\"pt-BR\"},{\"@type\":\"Organization\",\"@id\":\"https:\\\/\\\/cj.estrategia.com\\\/portal\\\/#organization\",\"name\":\"Estrat\u00e9gia - Carreiras Jur\u00eddicas\",\"url\":\"https:\\\/\\\/cj.estrategia.com\\\/portal\\\/\",\"logo\":{\"@type\":\"ImageObject\",\"inLanguage\":\"pt-BR\",\"@id\":\"https:\\\/\\\/cj.estrategia.com\\\/portal\\\/#\\\/schema\\\/logo\\\/image\\\/\",\"url\":\"https:\\\/\\\/cj.estrategia.com\\\/portal\\\/wp-content\\\/uploads\\\/2022\\\/03\\\/11151052\\\/cj-logo.png\",\"contentUrl\":\"https:\\\/\\\/cj.estrategia.com\\\/portal\\\/wp-content\\\/uploads\\\/2022\\\/03\\\/11151052\\\/cj-logo.png\",\"width\":150,\"height\":39,\"caption\":\"Estrat\u00e9gia - Carreiras Jur\u00eddicas\"},\"image\":{\"@id\":\"https:\\\/\\\/cj.estrategia.com\\\/portal\\\/#\\\/schema\\\/logo\\\/image\\\/\"},\"sameAs\":[\"https:\\\/\\\/www.facebook.com\\\/estrategiacarreirajuridica\\\/\",\"https:\\\/\\\/x.com\\\/EstratJuridica\",\"https:\\\/\\\/www.instagram.com\\\/estrategiacarreirajuridica\\\/\",\"https:\\\/\\\/www.youtube.com\\\/channel\\\/UClbMGuYbj2Mh1m3w144ETWQ\"]},{\"@type\":\"Person\",\"@id\":\"https:\\\/\\\/cj.estrategia.com\\\/portal\\\/#\\\/schema\\\/person\\\/4d70317d31449932b99102916b6637f5\",\"name\":\"Coordena\u00e7\u00e3o\",\"image\":{\"@type\":\"ImageObject\",\"inLanguage\":\"pt-BR\",\"@id\":\"https:\\\/\\\/cj.estrategia.com\\\/portal\\\/wp-content\\\/uploads\\\/2022\\\/05\\\/12164923\\\/estrategia-carreira-juridica-coordenacao-96x96.png\",\"url\":\"https:\\\/\\\/cj.estrategia.com\\\/portal\\\/wp-content\\\/uploads\\\/2022\\\/05\\\/12164923\\\/estrategia-carreira-juridica-coordenacao-96x96.png\",\"contentUrl\":\"https:\\\/\\\/cj.estrategia.com\\\/portal\\\/wp-content\\\/uploads\\\/2022\\\/05\\\/12164923\\\/estrategia-carreira-juridica-coordenacao-96x96.png\",\"caption\":\"Coordena\u00e7\u00e3o\"},\"url\":\"https:\\\/\\\/cj.estrategia.com\\\/portal\\\/author\\\/coordenacao\\\/\"}]}<\/script>\n<!-- \/ Yoast SEO Premium plugin. -->","yoast_head_json":{"title":"Prova comentada Direito Penal PGM Natal RN","description":"Prova comentada Direito Penal PGM Natal RN: Veja AQUI os coment\u00e1rios dos nossos professores!","robots":{"index":"index","follow":"follow","max-snippet":"max-snippet:-1","max-image-preview":"max-image-preview:large","max-video-preview":"max-video-preview:-1"},"canonical":"https:\/\/cj.estrategia.com\/portal\/prova-comentada-direito-penal-pgm-natal-rn\/","og_locale":"pt_BR","og_type":"article","og_title":"Prova comentada Direito Penal PGM Natal RN","og_description":"Prova comentada Direito Penal PGM Natal RN: Veja AQUI os coment\u00e1rios dos nossos professores!","og_url":"https:\/\/cj.estrategia.com\/portal\/prova-comentada-direito-penal-pgm-natal-rn\/","og_site_name":"Blog - Carreiras Jur\u00eddicas - Estrat\u00e9gia","article_publisher":"https:\/\/www.facebook.com\/estrategiacarreirajuridica\/","article_published_time":"2023-07-17T23:58:02+00:00","article_modified_time":"2023-07-17T23:58:05+00:00","og_image":[{"width":960,"height":540,"url":"https:\/\/cj.estrategia.com\/portal\/wp-content\/uploads\/2023\/06\/01151508\/PGM-Natal.jpg","type":"image\/jpeg"}],"author":"Coordena\u00e7\u00e3o","twitter_card":"summary_large_image","twitter_creator":"@EstratJuridica","twitter_site":"@EstratJuridica","twitter_misc":{"Escrito por":"Coordena\u00e7\u00e3o","Est. tempo de leitura":"16 minutos"},"schema":{"@context":"https:\/\/schema.org","@graph":[{"@type":"NewsArticle","@id":"https:\/\/cj.estrategia.com\/portal\/prova-comentada-direito-penal-pgm-natal-rn\/#article","isPartOf":{"@id":"https:\/\/cj.estrategia.com\/portal\/prova-comentada-direito-penal-pgm-natal-rn\/"},"author":{"name":"Coordena\u00e7\u00e3o","@id":"https:\/\/cj.estrategia.com\/portal\/#\/schema\/person\/4d70317d31449932b99102916b6637f5"},"headline":"Prova comentada Direito Penal PGM Natal RN","datePublished":"2023-07-17T23:58:02+00:00","dateModified":"2023-07-17T23:58:05+00:00","mainEntityOfPage":{"@id":"https:\/\/cj.estrategia.com\/portal\/prova-comentada-direito-penal-pgm-natal-rn\/"},"wordCount":3039,"commentCount":0,"publisher":{"@id":"https:\/\/cj.estrategia.com\/portal\/#organization"},"image":{"@id":"https:\/\/cj.estrategia.com\/portal\/prova-comentada-direito-penal-pgm-natal-rn\/#primaryimage"},"thumbnailUrl":"https:\/\/cj.estrategia.com\/portal\/wp-content\/uploads\/2023\/06\/01151508\/PGM-Natal.jpg","articleSection":["Procuradoria"],"inLanguage":"pt-BR","potentialAction":[{"@type":"CommentAction","name":"Comment","target":["https:\/\/cj.estrategia.com\/portal\/prova-comentada-direito-penal-pgm-natal-rn\/#respond"]}]},{"@type":"WebPage","@id":"https:\/\/cj.estrategia.com\/portal\/prova-comentada-direito-penal-pgm-natal-rn\/","url":"https:\/\/cj.estrategia.com\/portal\/prova-comentada-direito-penal-pgm-natal-rn\/","name":"Prova comentada Direito Penal PGM Natal RN","isPartOf":{"@id":"https:\/\/cj.estrategia.com\/portal\/#website"},"primaryImageOfPage":{"@id":"https:\/\/cj.estrategia.com\/portal\/prova-comentada-direito-penal-pgm-natal-rn\/#primaryimage"},"image":{"@id":"https:\/\/cj.estrategia.com\/portal\/prova-comentada-direito-penal-pgm-natal-rn\/#primaryimage"},"thumbnailUrl":"https:\/\/cj.estrategia.com\/portal\/wp-content\/uploads\/2023\/06\/01151508\/PGM-Natal.jpg","datePublished":"2023-07-17T23:58:02+00:00","dateModified":"2023-07-17T23:58:05+00:00","description":"Prova comentada Direito Penal PGM Natal RN: Veja AQUI os coment\u00e1rios dos nossos professores!","breadcrumb":{"@id":"https:\/\/cj.estrategia.com\/portal\/prova-comentada-direito-penal-pgm-natal-rn\/#breadcrumb"},"inLanguage":"pt-BR","potentialAction":[{"@type":"ReadAction","target":["https:\/\/cj.estrategia.com\/portal\/prova-comentada-direito-penal-pgm-natal-rn\/"]}]},{"@type":"ImageObject","inLanguage":"pt-BR","@id":"https:\/\/cj.estrategia.com\/portal\/prova-comentada-direito-penal-pgm-natal-rn\/#primaryimage","url":"https:\/\/cj.estrategia.com\/portal\/wp-content\/uploads\/2023\/06\/01151508\/PGM-Natal.jpg","contentUrl":"https:\/\/cj.estrategia.com\/portal\/wp-content\/uploads\/2023\/06\/01151508\/PGM-Natal.jpg","width":960,"height":540},{"@type":"BreadcrumbList","@id":"https:\/\/cj.estrategia.com\/portal\/prova-comentada-direito-penal-pgm-natal-rn\/#breadcrumb","itemListElement":[{"@type":"ListItem","position":1,"name":"In\u00edcio","item":"https:\/\/cj.estrategia.com\/portal\/"},{"@type":"ListItem","position":2,"name":"Prova comentada Direito Penal PGM Natal RN"}]},{"@type":"WebSite","@id":"https:\/\/cj.estrategia.com\/portal\/#website","url":"https:\/\/cj.estrategia.com\/portal\/","name":"Blog - Carreiras Jur\u00eddicas - Estrat\u00e9gia","description":"","publisher":{"@id":"https:\/\/cj.estrategia.com\/portal\/#organization"},"potentialAction":[{"@type":"SearchAction","target":{"@type":"EntryPoint","urlTemplate":"https:\/\/cj.estrategia.com\/portal\/?s={search_term_string}"},"query-input":{"@type":"PropertyValueSpecification","valueRequired":true,"valueName":"search_term_string"}}],"inLanguage":"pt-BR"},{"@type":"Organization","@id":"https:\/\/cj.estrategia.com\/portal\/#organization","name":"Estrat\u00e9gia - Carreiras Jur\u00eddicas","url":"https:\/\/cj.estrategia.com\/portal\/","logo":{"@type":"ImageObject","inLanguage":"pt-BR","@id":"https:\/\/cj.estrategia.com\/portal\/#\/schema\/logo\/image\/","url":"https:\/\/cj.estrategia.com\/portal\/wp-content\/uploads\/2022\/03\/11151052\/cj-logo.png","contentUrl":"https:\/\/cj.estrategia.com\/portal\/wp-content\/uploads\/2022\/03\/11151052\/cj-logo.png","width":150,"height":39,"caption":"Estrat\u00e9gia - Carreiras Jur\u00eddicas"},"image":{"@id":"https:\/\/cj.estrategia.com\/portal\/#\/schema\/logo\/image\/"},"sameAs":["https:\/\/www.facebook.com\/estrategiacarreirajuridica\/","https:\/\/x.com\/EstratJuridica","https:\/\/www.instagram.com\/estrategiacarreirajuridica\/","https:\/\/www.youtube.com\/channel\/UClbMGuYbj2Mh1m3w144ETWQ"]},{"@type":"Person","@id":"https:\/\/cj.estrategia.com\/portal\/#\/schema\/person\/4d70317d31449932b99102916b6637f5","name":"Coordena\u00e7\u00e3o","image":{"@type":"ImageObject","inLanguage":"pt-BR","@id":"https:\/\/cj.estrategia.com\/portal\/wp-content\/uploads\/2022\/05\/12164923\/estrategia-carreira-juridica-coordenacao-96x96.png","url":"https:\/\/cj.estrategia.com\/portal\/wp-content\/uploads\/2022\/05\/12164923\/estrategia-carreira-juridica-coordenacao-96x96.png","contentUrl":"https:\/\/cj.estrategia.com\/portal\/wp-content\/uploads\/2022\/05\/12164923\/estrategia-carreira-juridica-coordenacao-96x96.png","caption":"Coordena\u00e7\u00e3o"},"url":"https:\/\/cj.estrategia.com\/portal\/author\/coordenacao\/"}]}},"jetpack_featured_media_url":"https:\/\/cj.estrategia.com\/portal\/wp-content\/uploads\/2023\/06\/01151508\/PGM-Natal.jpg","jetpack_sharing_enabled":true,"_links":{"self":[{"href":"https:\/\/cj.estrategia.com\/portal\/wp-json\/wp\/v2\/posts\/41855","targetHints":{"allow":["GET"]}}],"collection":[{"href":"https:\/\/cj.estrategia.com\/portal\/wp-json\/wp\/v2\/posts"}],"about":[{"href":"https:\/\/cj.estrategia.com\/portal\/wp-json\/wp\/v2\/types\/post"}],"author":[{"embeddable":true,"href":"https:\/\/cj.estrategia.com\/portal\/wp-json\/wp\/v2\/users\/12"}],"replies":[{"embeddable":true,"href":"https:\/\/cj.estrategia.com\/portal\/wp-json\/wp\/v2\/comments?post=41855"}],"version-history":[{"count":1,"href":"https:\/\/cj.estrategia.com\/portal\/wp-json\/wp\/v2\/posts\/41855\/revisions"}],"predecessor-version":[{"id":41856,"href":"https:\/\/cj.estrategia.com\/portal\/wp-json\/wp\/v2\/posts\/41855\/revisions\/41856"}],"wp:featuredmedia":[{"embeddable":true,"href":"https:\/\/cj.estrategia.com\/portal\/wp-json\/wp\/v2\/media\/37796"}],"wp:attachment":[{"href":"https:\/\/cj.estrategia.com\/portal\/wp-json\/wp\/v2\/media?parent=41855"}],"wp:term":[{"taxonomy":"category","embeddable":true,"href":"https:\/\/cj.estrategia.com\/portal\/wp-json\/wp\/v2\/categories?post=41855"},{"taxonomy":"post_tag","embeddable":true,"href":"https:\/\/cj.estrategia.com\/portal\/wp-json\/wp\/v2\/tags?post=41855"},{"taxonomy":"tax_estado","embeddable":true,"href":"https:\/\/cj.estrategia.com\/portal\/wp-json\/wp\/v2\/tax_estado?post=41855"}],"curies":[{"name":"wp","href":"https:\/\/api.w.org\/{rel}","templated":true}]}}