{"id":41853,"date":"2023-07-17T20:47:32","date_gmt":"2023-07-17T23:47:32","guid":{"rendered":"https:\/\/cj.estrategia.com\/portal\/?p=41853"},"modified":"2023-07-17T20:47:34","modified_gmt":"2023-07-17T23:47:34","slug":"prova-comentada-direito-previdenciario-pgm-natal-rn","status":"publish","type":"post","link":"https:\/\/cj.estrategia.com\/portal\/prova-comentada-direito-previdenciario-pgm-natal-rn\/","title":{"rendered":"Prova comentada Direito Previdenci\u00e1rio PGM Natal RN"},"content":{"rendered":"\n<p>Ol\u00e1, pessoal, tudo certo?!<\/p>\n\n\n\n<p>Em 16\/07\/2023, foi aplicada a prova objetiva do concurso p\u00fablico para <strong>Procurador do Munic\u00edpio de Natal<\/strong>. Assim que encerrada, nosso time de professores elaborou o gabarito extraoficial, que, agora, ser\u00e1 apresentado juntamente com a nossa <strong>PROVA COMENTADA<\/strong>.<\/p>\n\n\n\n<p>Este material visa a auxili\u00e1-los na aferi\u00e7\u00e3o das notas, elabora\u00e7\u00e3o de eventuais recursos, verifica\u00e7\u00e3o das chances de avan\u00e7o para fase discursiva, bem como na revis\u00e3o do conte\u00fado cobrado no certame.<\/p>\n\n\n\n<p>Desde j\u00e1, destacamos que nosso time de professores identificou 5 quest\u00f5es pass\u00edveis de recurso, por apresentarem duas ou nenhuma alternativa correta, como veremos adiante. No tipo de prova comentado, trata-se das quest\u00f5es 19, 63, 68, 70 e 84.<\/p>\n\n\n\n<p>De modo complementar, elaboramos tamb\u00e9m o <strong><a href=\"https:\/\/cj.estrategia.com\/cadernos-e-simulados\/simulados\/fec24c7b-3665-47e5-b454-cef17aed7377\" target=\"_blank\" rel=\"noreferrer noopener nofollow\">RANKING de Procurador do Munic\u00edpio de Natal<\/a><\/strong>, em que nossos alunos e seguidores poder\u00e3o inserir suas respostas \u00e0 prova, e, ao final, aferir sua nota, de acordo com o gabarito elaborado por nossos professores. Atrav\u00e9s do ranking, tamb\u00e9m poderemos estimar a nota de corte da 1\u00ba fase. Essa ferramenta \u00e9 gratuita e, para participar, basta clicar no link abaixo:<\/p>\n\n\n\n<p>Al\u00e9m disso, montamos um caderno para nossos seguidores, alunos ou n\u00e3o, verem os coment\u00e1rios e comentar as quest\u00f5es da prova. Clique <strong><a href=\"https:\/\/cj.estrategia.com\/cadernos-e-simulados\/cadernos\/7705a7bb-1d43-49ce-a5ab-2a2e7ff2d6b9\" target=\"_blank\" rel=\"noreferrer noopener nofollow\">AQUI<\/a> <\/strong>e veja!<\/p>\n\n\n\n<p>Por fim, comentaremos a prova, as quest\u00f5es mais pol\u00eamicas, as possibilidades de recurso, bem como a estimativa da nota de corte no <a href=\"https:\/\/www.youtube.com\/@EstrategiaCarreiraJuridica\" target=\"_blank\" rel=\"noreferrer noopener nofollow\"><strong>TERM\u00d4METRO P\u00d3S-PROVA<\/strong>, <\/a>no nosso canal do Youtube. Inscreva-se e ative as notifica\u00e7\u00f5es!<\/p>\n\n\n\n<p>Voc\u00eas tamb\u00e9m poder\u00e3o acompanhar todos os eventos atrav\u00e9s deste link:\u00a0<\/p>\n\n\n\n<p class=\"has-text-align-center has-pale-ocean-gradient-background has-background\"><a href=\"https:\/\/cj.estrategia.com\/portal\/gabarito-extraoficial-pgm-natal\/\">Gabarito Extraoficial \u2013 Procurador do Munic\u00edpio de Natal (estrategia.com)<\/a><\/p>\n\n\n\n<h2 class=\"wp-block-heading has-vivid-red-color has-text-color\" id=\"h-prova-comentada-direito-previdenciario-pgm-natal-rn\"><span id=\"prova-comentada-direito-previdenciario-pgm-natal-rn\">Prova comentada Direito Previdenci\u00e1rio PGM Natal RN<\/span><\/h2>\n\n\n\n<p><strong>QUEST\u00c3O 19. O princ\u00edpio da seguridade social que diz respeito a universalidade da cobertura e do atendimento assegura<\/strong><\/p>\n\n\n\n<p><strong>a) a\u00e7\u00f5es, presta\u00e7\u00f5es e servi\u00e7os de sa\u00fade e assist\u00eancia social apenas \u00e0queles que contribuam para o Regime Geral de Previd\u00eancia Social (RGPS).<\/strong><\/p>\n\n\n\n<p><strong>b) presta\u00e7\u00f5es e servi\u00e7os previdenci\u00e1rios t\u00e3o somente \u00e0queles que n\u00e3o se encontrem protegidos por qualquer regime previd\u00eancia social.<\/strong><\/p>\n\n\n\n<p><strong>c) um conjunto integrado de a\u00e7\u00f5es, presta\u00e7\u00f5es e servi\u00e7os destinados a manter a subsist\u00eancia de todos aqueles que deles necessitem, independentemente de contribui\u00e7\u00e3o social.<\/strong><\/p>\n\n\n\n<p><strong>d) a promo\u00e7\u00e3o do acesso igualit\u00e1rio \u00e0s a\u00e7\u00f5es e aos servi\u00e7os relacionados \u00e0 sa\u00fade e assist\u00eancia social t\u00e3o somente \u00e0queles que n\u00e3o estejam protegidos por qualquer regime de previd\u00eancia social.<\/strong><\/p>\n\n\n\n<p><strong>e) a promo\u00e7\u00e3o do atendimento das necessidades b\u00e1sicas de sa\u00fade de todos aqueles que delas necessitem, desde que n\u00e3o possuam plano de sa\u00fade.<\/strong><\/p>\n\n\n\n<p><strong>Coment\u00e1rios<\/strong><\/p>\n\n\n\n<p>A alternativa correta \u00e9 a<strong> letra C. Quest\u00e3o pass\u00edvel de recurso.<\/strong><\/p>\n\n\n\n<p>A alternativa C est\u00e1 correta. A Constitui\u00e7\u00e3o, de fato, tem a universalidade como um de seus objetivos, buscando tutelar todos aqueles que necessitam do Estado, sendo expressa ao tratar a seguridade social como um conjunto integrado de a\u00e7\u00f5es. Vejamos: \u201c- Art. 194. A seguridade social compreende um conjunto integrado de a\u00e7\u00f5es de iniciativa dos Poderes P\u00fablicos e da sociedade, destinadas a assegurar os direitos relativos \u00e0 sa\u00fade, \u00e0 previd\u00eancia e \u00e0 assist\u00eancia social. Par\u00e1grafo \u00fanico. Compete ao Poder P\u00fablico, nos termos da lei, organizar a seguridade social, com base nos seguintes objetivos: I \u2013 universalidade da cobertura e do atendimento;\u201d.<\/p>\n\n\n\n<p>Entretanto, a previd\u00eancia, que \u00e9 abarcada pela seguridade social, diferentemente da sa\u00fade e da assist\u00eancia social, tem car\u00e1ter contributivo, o que torna \u2013 tecnicamente \u2013 incorreto afirmar que a contribui\u00e7\u00e3o social pode ser dispensada para acesso aos servi\u00e7os prestados pela seguridade social como um todo.<\/p>\n\n\n\n<p>Por outro lado, o professor Jo\u00e3o Batista Lazzari comenta que \u201centende-se que a prote\u00e7\u00e3o social deve alcan\u00e7ar todos os eventos cuja repara\u00e7\u00e3o seja premente, a fim de manter a subsist\u00eancia de quem dela necessite. A universalidade do atendimento significa, por seu turno, a entrega das a\u00e7\u00f5es, presta\u00e7\u00f5es e servi\u00e7os de seguridade social a todos que necessitem, tanto em termos de previd\u00eancia social \u2013 obedecendo o princ\u00edpio contributivo \u2013 como no caso da sa\u00fade e da assist\u00eancia social.\u201d (CASTRO; LAZZARI, 2005).<\/p>\n\n\n\n<p>Por se tratar de conjunto de a\u00e7\u00f5es guiado pela universalidade da cobertura, poss\u00edvel verificar que as demais alternativas est\u00e3o incorretas, vez que apresentam alguma restri\u00e7\u00e3o para o acesso \u00e0 seguridade social. Sendo, novamente, imperioso ressaltar que somente a previd\u00eancia comporta o car\u00e1ter contributivo. Assim, incorretas as assertivas A, B, D e E.<\/p>\n\n\n\n<p><strong>QUEST\u00c3O 20. A contribui\u00e7\u00e3o do empregador dom\u00e9stico para o custeio da previd\u00eancia social incide sobre o<\/strong><\/p>\n\n\n\n<p><strong>a) valor do sal\u00e1rio m\u00ednimo vigente, e o percentual de sua contribui\u00e7\u00e3o difere do da contribui\u00e7\u00e3o do empregado dom\u00e9stico a seu servi\u00e7o.<\/strong><\/p>\n\n\n\n<p><strong>b) sal\u00e1rio de contribui\u00e7\u00e3o do empregado dom\u00e9stico a seu servi\u00e7o, sendo a al\u00edquota de contribui\u00e7\u00e3o id\u00eantica \u00e0 do empregado dom\u00e9stico.<\/strong><\/p>\n\n\n\n<p><strong>c) valor do sal\u00e1rio m\u00ednimo vigente, sendo a al\u00edquota de contribui\u00e7\u00e3o id\u00eantica \u00e0 do empregado dom\u00e9stico a seu servi\u00e7o.<\/strong><\/p>\n\n\n\n<p><strong>d) sal\u00e1rio de contribui\u00e7\u00e3o do empregado dom\u00e9stico a seu servi\u00e7o, no percentual de 20% sobre esse valor at\u00e9 o limite do teto m\u00e1ximo do sal\u00e1rio de contribui\u00e7\u00e3o.<\/strong><\/p>\n\n\n\n<p><strong>e) sal\u00e1rio de contribui\u00e7\u00e3o do empregado dom\u00e9stico a seu servi\u00e7o, e o percentual de sua contribui\u00e7\u00e3o difere do da contribui\u00e7\u00e3o do empregado dom\u00e9stico.<\/strong><\/p>\n\n\n\n<p><strong>Coment\u00e1rios<\/strong><\/p>\n\n\n\n<p>A alternativa correta \u00e9 a <strong>letra E.<\/strong><\/p>\n\n\n\n<p>A alternativa E est\u00e1 correta. A contribui\u00e7\u00e3o deve incidir sobre o sal\u00e1rio de contribui\u00e7\u00e3o do empregado dom\u00e9stico, e n\u00e3o sobre o sal\u00e1rio m\u00ednimo. Deve, ainda, ser observado que o percentual de contribui\u00e7\u00e3o do empregador dom\u00e9stico ser\u00e1 de 8,8%, sobre o sal\u00e1rio do empregado, enquanto este dever\u00e1 seguir a al\u00edquota progressiva, a depender de sua faixa salarial.<\/p>\n\n\n\n<p>Vejamos os dispositivos legais do Decreto n\u00ba 3048\/99 que regulamentam o tema: \u201cArt. 198.\u00a0 A contribui\u00e7\u00e3o do segurado empregado, inclusive o dom\u00e9stico, e do trabalhador avulso \u00e9 calculada por meio da aplica\u00e7\u00e3o da al\u00edquota correspondente, de forma progressiva, sobre o seu sal\u00e1rio de contribui\u00e7\u00e3o mensal, observado o disposto no art. 214, de acordo com a seguinte tabela, com vig\u00eancia a partir de 1\u00ba de mar\u00e7o de 2020. (\u2026) Art. 211. A contribui\u00e7\u00e3o previdenci\u00e1ria do empregador dom\u00e9stico sobre o sal\u00e1rio de contribui\u00e7\u00e3o do empregado dom\u00e9stico a seu servi\u00e7o ser\u00e1 de: I \u2013 oito por cento de contribui\u00e7\u00e3o patronal; e II \u2013 oito d\u00e9cimos por cento de contribui\u00e7\u00e3o social para financiamento do seguro contra acidentes do trabalho\u201d.<\/p>\n\n\n\n<p>Assim, \u00e9 poss\u00edvel verificar que as alternativas A, B, C e D est\u00e3o incorretas, vez que \u00e9 imposs\u00edvel afirmar que a contribui\u00e7\u00e3o ser\u00e1 sobre o sal\u00e1rio m\u00ednimo e o percentual pago pelo empregador dom\u00e9stico ser\u00e1 de 8,8% do sal\u00e1rio do empregado dom\u00e9stico, enquanto este dever\u00e1 observar a al\u00edquota progressiva. As al\u00edquotas da contribui\u00e7\u00e3o do empregador dom\u00e9stico e do empregado dom\u00e9stico n\u00e3o s\u00e3o id\u00eanticas.<\/p>\n\n\n\n<p><strong>QUEST\u00c3O 21. Segurada do RGPS que estiver em gozo do benef\u00edcio da aposentadoria programada e continuar trabalhando poder\u00e1 eventualmente acumular esse benef\u00edcio com<\/strong><\/p>\n\n\n\n<p><strong>a) aposentadoria por incapacidade permanente.<\/strong><\/p>\n\n\n\n<p><strong>b) sal\u00e1rio-maternidade.<\/strong><\/p>\n\n\n\n<p><strong>c) aposentadoria especial.<\/strong><\/p>\n\n\n\n<p><strong>d) aux\u00edlio por incapacidade tempor\u00e1ria.<\/strong><\/p>\n\n\n\n<p><strong>e) aux\u00edlio-acidente.<\/strong><\/p>\n\n\n\n<p><strong>Coment\u00e1rios<\/strong><\/p>\n\n\n\n<p>A alternativa correta \u00e9 a<strong> letra B.<\/strong><\/p>\n\n\n\n<p>A alternativa B est\u00e1 correta. Trata-se de cumula\u00e7\u00e3o legal com previs\u00e3o expressa no art. 103 do Decreto n\u00ba 3048\/99. Vejamos o texto da lei: \u201cArt. 103. A segurada aposentada que retornar \u00e0 atividade far\u00e1 jus ao pagamento do sal\u00e1rio-maternidade, de acordo com o disposto no art. 93.\u201d.<\/p>\n\n\n\n<p>As demais alternativas n\u00e3o representam nenhuma hip\u00f3tese de exce\u00e7\u00e3o \u00e0 regra da cumula\u00e7\u00e3o, se enquadrando na regra geral do art. 167 do aludido diploma legal. <em>In verbis<\/em>: \u201cArt. 167.\u00a0 Exceto na hip\u00f3tese de direito adquirido, n\u00e3o \u00e9 permitido o recebimento conjunto dos seguintes benef\u00edcios do RGPS, inclusive quando decorrentes de acidente do trabalho:I \u2013 aposentadoria com aux\u00edlio por incapacidade tempor\u00e1ria; II \u2013 mais de uma aposentadoria; III \u2013 aposentadoria com abono de perman\u00eancia em servi\u00e7o; IV \u2013 sal\u00e1rio-maternidade com aux\u00edlio por incapacidade tempor\u00e1ria; V \u2013 mais de um aux\u00edlio-acidente; VI \u2013 mais de uma pens\u00e3o deixada por c\u00f4njuge; VII \u2013 mais de uma pens\u00e3o deixada por companheiro ou companheira; VIII \u2013 mais de uma pens\u00e3o deixada por c\u00f4njuge e companheiro ou companheira; e IX \u2013 aux\u00edlio-acidente com qualquer aposentadoria.\u201d.\u201d.<\/p>\n\n\n\n<p><strong>QUEST\u00c3O 22. Suponha que um ente federativo, ap\u00f3s anos de vig\u00eancia do seu regime pr\u00f3prio de previd\u00eancia social (RPPS), tenha institu\u00eddo um regime de previd\u00eancia complementar fechado. Nesse caso, a ades\u00e3o a esse regime de previd\u00eancia complementar \u00e9<\/strong><\/p>\n\n\n\n<p><strong>a) obrigat\u00f3ria para os servidores efetivos e tempor\u00e1rios.<\/strong><\/p>\n\n\n\n<p><strong>b) obrigat\u00f3ria para os servidores efetivos e facultativa para os servidores tempor\u00e1rios.<\/strong><\/p>\n\n\n\n<p><strong>c) facultativa para os servidores efetivos e inadmiss\u00edvel para os servidores tempor\u00e1rios.<\/strong><\/p>\n\n\n\n<p><strong>d) obrigat\u00f3ria para os servidores efetivos que n\u00e3o possuam v\u00ednculo com o RPPS e facultativa para os servidores tempor\u00e1rios.<\/strong><\/p>\n\n\n\n<p><strong>e) facultativa tanto para os servidores efetivos quanto para os tempor\u00e1rios.<\/strong><\/p>\n\n\n\n<p><strong>Coment\u00e1rios<\/strong><\/p>\n\n\n\n<p>A alternativa correta \u00e9 a <strong>letra C.<\/strong><\/p>\n\n\n\n<p>A alternativa C est\u00e1 correta. Cumpre apontar, inicialmente, que previd\u00eancia complementar sempre ser\u00e1 facultativa e, por restri\u00e7\u00e3o constitucional, engloba apenas os servidores efetivos. Tal afirmativa encontra fundamento no seguinte dispositivo da Constitui\u00e7\u00e3o: \u201cArt. 40. O regime pr\u00f3prio de previd\u00eancia social dos servidores titulares de cargos efetivos ter\u00e1 car\u00e1ter contributivo e solid\u00e1rio, mediante contribui\u00e7\u00e3o do respectivo ente federativo, de servidores ativos, de aposentados e de pensionistas, observados crit\u00e9rios que preservem o equil\u00edbrio financeiro e atuarial. \u00a7 14. A Uni\u00e3o, os Estados, o Distrito Federal e os Munic\u00edpios instituir\u00e3o, por lei de iniciativa do respectivo Poder Executivo, regime de previd\u00eancia complementar para servidores p\u00fablicos ocupantes de cargo efetivo, observado o limite m\u00e1ximo dos benef\u00edcios do Regime Geral de Previd\u00eancia Social para o valor das aposentadorias e das pens\u00f5es em regime pr\u00f3prio de previd\u00eancia social, ressalvado o disposto no \u00a7 16.\u201d.<\/p>\n\n\n\n<p><strong>QUEST\u00c3O 23. Pedro atua como pastor de uma igreja Evang\u00e9lica e, concomitantemente com essa atividade, presta servi\u00e7o remunerado de contadoria para diversas empresas.<\/strong><\/p>\n\n\n\n<p><strong>Nessa situa\u00e7\u00e3o hipot\u00e9tica, no que diz respeito a sua rela\u00e7\u00e3o com o RGPS, Pedro \u00e9 considerado segurado obrigat\u00f3rio<\/strong><\/p>\n\n\n\n<p><strong>a) na atividade de pastor evang\u00e9lico e segurado facultativo na de contador.<\/strong><\/p>\n\n\n\n<p><strong>b) somente no que se refere \u00e0 atividade de pastor evang\u00e9lico.<\/strong><\/p>\n\n\n\n<p><strong>c) somente no que diz respeito \u00e0 atividade de contador.<\/strong><\/p>\n\n\n\n<p><strong>d) nas atividades de pastor evang\u00e9lico e de contador.<\/strong><\/p>\n\n\n\n<p><strong>e) na atividade de contador e segurado facultativo na de pastor evang\u00e9lico.<\/strong><\/p>\n\n\n\n<p><strong>Coment\u00e1rios<\/strong><\/p>\n\n\n\n<p>A alternativa correta \u00e9 a<strong> letra D.<\/strong><\/p>\n\n\n\n<p>A alternativa D est\u00e1 correta. As duas atividades desenvolvidas por Pedro enquadram-se como de segurado obrigat\u00f3rio do regime geral de previd\u00eancia por expressa disposi\u00e7\u00e3o legal. Vejamos a lei n\u00ba 8213\/91: \u201cArt. 11. S\u00e3o segurados obrigat\u00f3rios da Previd\u00eancia Social as seguintes pessoas f\u00edsicas: (\u2026)V \u2013 como contribuinte individual: c) o ministro de confiss\u00e3o religiosa e o membro de instituto de vida consagrada, de congrega\u00e7\u00e3o ou de ordem religiosa; (\u2026) g) quem presta servi\u00e7o de natureza urbana ou rural, em car\u00e1ter eventual, a uma ou mais empresas, sem rela\u00e7\u00e3o de emprego; (\u2026) \u00a7 2\u00ba Todo aquele que exercer, concomitantemente, mais de uma atividade remunerada sujeita ao Regime Geral de Previd\u00eancia Social \u00e9 obrigatoriamente filiado em rela\u00e7\u00e3o a cada uma delas.\u201d<\/p>\n\n\n\n<p><strong>QUEST\u00c3O 24. Maria foi aprovada em concurso p\u00fablico para preencher vaga em cargo efetivo de determinado munic\u00edpio que n\u00e3o possui RPPS.<\/strong><\/p>\n\n\n\n<p><strong>Nesse caso hipot\u00e9tico, Maria<\/strong><\/p>\n\n\n\n<p><strong>a) n\u00e3o estar\u00e1 filiada a nenhum regime de previd\u00eancia social.<\/strong><\/p>\n\n\n\n<p><strong>b) somente ter\u00e1 prote\u00e7\u00e3o previdenci\u00e1ria a partir da cria\u00e7\u00e3o de RPPS do munic\u00edpio empregador.<\/strong><\/p>\n\n\n\n<p><strong>c) ter\u00e1 de optar por se filiar ao RGPS ou a um regime de previd\u00eancia complementar fechado.<\/strong><\/p>\n\n\n\n<p><strong>d) ser\u00e1 filiada obrigat\u00f3ria do RGPS.<\/strong><\/p>\n\n\n\n<p><strong>e) ter\u00e1 de se filiar obrigatoriamente a regime de previd\u00eancia complementar fechado, visto que n\u00e3o pode ficar sem prote\u00e7\u00e3o previdenci\u00e1ria.<\/strong><\/p>\n\n\n\n<p><strong>Coment\u00e1rios<\/strong><\/p>\n\n\n\n<p>A alternativa correta \u00e9 a<strong> letra D.<\/strong><\/p>\n\n\n\n<p>A alternativa D est\u00e1 correta. Por disposi\u00e7\u00e3o da lei n\u00ba 8213\/91, Maria s\u00f3 seria exclu\u00edda da filia\u00e7\u00e3o obrigat\u00f3ria ao RGPS caso o munic\u00edpio possu\u00edsse regime pr\u00f3prio (RPPS). Entretanto, o enunciado afirma que esse n\u00e3o \u00e9 o caso. Vejamos o dispositivo legal pertinente: \u201cArt. 12. O servidor civil ocupante de cargo efetivo ou o militar da Uni\u00e3o, dos Estados, do Distrito Federal ou dos Munic\u00edpios, bem como o das respectivas autarquias e funda\u00e7\u00f5es, s\u00e3o exclu\u00eddos do Regime Geral de Previd\u00eancia Social consubstanciado nesta Lei, desde que amparados por regime pr\u00f3prio de previd\u00eancia social.\u201d. Assim, nota-se que, no caso concreto, n\u00e3o existe possibilidade de Maria n\u00e3o ser filiada ao RGPS, o que torna incorreta as demais alternativas. Maria \u00e9 segurada obrigat\u00f3ria do RGPS.<\/p>\n\n\n\n<p><strong>QUEST\u00c3O 25. Um munic\u00edpio de determinado estado da Federa\u00e7\u00e3o n\u00e3o instituiu seu RPPS em decorr\u00eancia do n\u00famero reduzido de servidores p\u00fablicos efetivos e, por esse motivo, o prefeito municipal procurou a diretoria do instituto de previd\u00eancia social do estado com o objetivo de firmar conv\u00eanio para assegurar plano de benef\u00edcios previdenci\u00e1rios aos servidores municipais.<\/strong><\/p>\n\n\n\n<p><strong>Em rela\u00e7\u00e3o a essa situa\u00e7\u00e3o hipot\u00e9tica, assinale a op\u00e7\u00e3o correta.<\/strong><\/p>\n\n\n\n<p><strong>a) \u00c9 vedada a realiza\u00e7\u00e3o de conv\u00eanio entre o instituto de previd\u00eancia social do estado e um \u00fanico munic\u00edpio com o objetivo de assegurar planos de benef\u00edcios previdenci\u00e1rios.<\/strong><\/p>\n\n\n\n<p><strong>b) A formaliza\u00e7\u00e3o de conv\u00eanio entre o instituto de previd\u00eancia social do estado e um \u00fanico munic\u00edpio somente \u00e9 admiss\u00edvel para a concess\u00e3o de aposentadorias.<\/strong><\/p>\n\n\n\n<p><strong>c) A formaliza\u00e7\u00e3o de conv\u00eanio entre o instituto de previd\u00eancia social do estado e um \u00fanico munic\u00edpio somente \u00e9 admiss\u00edvel para a concess\u00e3o de aposentadorias e pens\u00f5es.<\/strong><\/p>\n\n\n\n<p><strong>d) \u00c9 vedada a formaliza\u00e7\u00e3o de conv\u00eanio entre o instituto de previd\u00eancia social do estado e um \u00fanico munic\u00edpio ou cons\u00f3rcios de munic\u00edpios, podendo, entretanto, o estado atuar como patrocinador do instituto de previd\u00eancia social que o munic\u00edpio vier a criar.<\/strong><\/p>\n\n\n\n<p><strong>e) \u00c9 vedada a formaliza\u00e7\u00e3o de conv\u00eanio entre o instituto de previd\u00eancia social do estado e um \u00fanico munic\u00edpio, mas \u00e9 admiss\u00edvel a sua formaliza\u00e7\u00e3o entre o instituto de previd\u00eancia social do estado e um cons\u00f3rcio de munic\u00edpios, devendo, portanto, o prefeito associar-se a outros munic\u00edpios com esse mesmo prop\u00f3sito.<\/strong><\/p>\n\n\n\n<p><strong>Coment\u00e1rios<\/strong><\/p>\n\n\n\n<p>A alternativa correta \u00e9 a <strong>letra A.<\/strong><\/p>\n\n\n\n<p>A alternativa A est\u00e1 correta. A Lei n\u00ba 9.717\/98 que disp\u00f5e sobre as normas gerais dos regimes pr\u00f3prios de previd\u00eancia social veda expressamente a formaliza\u00e7\u00e3o de conv\u00eanio entre Estados, entre Estados e Munic\u00edpios e entre Munic\u00edpios para fins de plano de benef\u00edcios previdenci\u00e1rios a servidores p\u00fablicos efetivos. Vejamos o disposto na Lei n\u00ba 9717\/98 sobre o tema:: \u201cArt. 1\u00ba Os regimes pr\u00f3prios de previd\u00eancia social dos servidores p\u00fablicos da Uni\u00e3o, dos Estados, do Distrito Federal e dos Munic\u00edpios, dos militares dos Estados e do Distrito Federal dever\u00e3o ser organizados, baseados em normas gerais de contabilidade e atu\u00e1ria, de modo a garantir o seu equil\u00edbrio financeiro e atuarial, observados os seguintes crit\u00e9rios: V \u2013 cobertura exclusiva a servidores p\u00fablicos titulares de cargos efetivos e a militares, e a seus respectivos dependentes, de cada ente estatal, vedado o pagamento de benef\u00edcios, mediante conv\u00eanios ou cons\u00f3rcios entre Estados, entre Estados e Munic\u00edpios e entre Munic\u00edpios;\u201d<\/p>\n\n\n\n<p><strong>QUEST\u00c3O 26. No que se refere \u00e0s esp\u00e9cies de benef\u00edcios do RGPS, julgue os itens a seguir.<\/strong><\/p>\n\n\n\n<p><strong>I Quando v\u00e1rios dependentes preferenciais se habilitam ao recebimento de pens\u00e3o por morte, esse benef\u00edcio \u00e9 rateado entre todos, em partes iguais.<\/strong><\/p>\n\n\n\n<p><strong>II O aux\u00edlio-acidente ser\u00e1 devido ao segurado que, em decorr\u00eancia de acidente de trabalho, ficar incapacitado temporariamente para o exerc\u00edcio das suas atividades habituais.<\/strong><\/p>\n\n\n\n<p><strong>III O segurado do sexo masculino que adotar crian\u00e7a de at\u00e9 doze anos de idade ter\u00e1 direito ao benef\u00edcio do sal\u00e1rio-maternidade.<\/strong><\/p>\n\n\n\n<p><strong>IV Compete ao empregador efetuar o pagamento do sal\u00e1rio-fam\u00edlia do segurado empregado que estiver em gozo de aux\u00edlio por incapacidade tempor\u00e1ria.<\/strong><\/p>\n\n\n\n<p><strong>Est\u00e3o certos apenas os itens<\/strong><\/p>\n\n\n\n<p><strong>a) I e ll.<\/strong><\/p>\n\n\n\n<p><strong>b) I e III.<\/strong><\/p>\n\n\n\n<p><strong>c) II e IV.<\/strong><\/p>\n\n\n\n<p><strong>d) I, III e IV.<\/strong><\/p>\n\n\n\n<p><strong>e) II, III e IV.<\/strong><\/p>\n\n\n\n<p><strong>Coment\u00e1rios<\/strong><\/p>\n\n\n\n<p>A alternativa correta \u00e9 a <strong>letra B.<\/strong><\/p>\n\n\n\n<p>A alternativa B est\u00e1 correta. Est\u00e3o corretos, apenas, os itens I e III, nos seguintes termos:<\/p>\n\n\n\n<p>A assertiva I est\u00e1 correta. Entre dependentes de mesma classe, o benef\u00edcio deve ser rateado de forma igualit\u00e1ria, em raz\u00e3o do disposto no decreto 3048\/99. Nesse sentido: \u201cArt. 113. A pens\u00e3o por morte, havendo mais de um pensionista, ser\u00e1 rateada entre todos, em partes iguais.\u201d<\/p>\n\n\n\n<p>A assertiva II est\u00e1 incorreta. O aux\u00edlio-acidente n\u00e3o \u00e9 benef\u00edcio por incapacidade, mas de natureza jur\u00eddica indenizat\u00f3ria. Conforme a jurisprud\u00eancia: \u201c. 2. \u201cO aux\u00edlio-acidente possui natureza indenizat\u00f3ria, por este motivo, o tempo em que o segurado esteve em gozo, exclusivamente, de aux\u00edlio-acidente, n\u00e3o vertendo contribui\u00e7\u00f5es ao sistema previdenci\u00e1rio, n\u00e3o deve ser considerado como tempo de contribui\u00e7\u00e3o ou para fins de car\u00eancia, na forma do art. 55 , inciso II , da Lei n. 8.213 \/91\u201d ( REsp 1.752.121\/SC , Rel. Ministro FRANCISCO FALC\u00c3O, SEGUNDA TURMA, julgado em 11\/06\/2019, DJe 14\/06\/2019)\u201d<\/p>\n\n\n\n<p>Ademais, o aux\u00edlio-acidente \u00e9 benef\u00edcio concedido, como indeniza\u00e7\u00e3o, ao segurado empregado, inclusive o dom\u00e9stico, ao trabalhador avulso e ao segurado especial quando, ap\u00f3s a consolida\u00e7\u00e3o das les\u00f5es decorrentes de acidente de qualquer natureza, resultar sequela definitiva que implique redu\u00e7\u00e3o da capacidade para o trabalho que habitualmente exercia.<\/p>\n\n\n\n<p>A assertiva III est\u00e1 correta. O decreto 3048\/98 apresenta, de forma expressa, a possibilidade de percebimento pelo \u201csegurado ou segurada\u201d, vejamos: \u201c93-A.\u00a0 O sal\u00e1rio-maternidade \u00e9 devido ao segurado ou \u00e0 segurada da previd\u00eancia social que adotar ou obtiver guarda judicial, para fins de ado\u00e7\u00e3o de crian\u00e7a de at\u00e9 doze anos de idade, pelo per\u00edodo de cento e vinte dias.\u201d.<\/p>\n\n\n\n<p>A assertiva IV est\u00e1 incorreta. O pagamento ser\u00e1 realizado diretamente pelo INSS. Nesse sentido disp\u00f5e o decreto 3048\/98: \u201cArt. 82. O sal\u00e1rio-fam\u00edlia ser\u00e1 pago mensalmente: II \u2013 ao empregado, inclusive o dom\u00e9stico, e ao trabalhador avulso aposentados por incapacidade permanente ou em gozo de aux\u00edlio por incapacidade tempor\u00e1ria, pelo INSS, juntamente com o benef\u00edcio;\u201d.<\/p>\n\n\n\n<p class=\"has-text-align-center has-luminous-vivid-amber-background-color has-background has-medium-font-size\"><strong>Saiba mais:<\/strong> <a href=\"https:\/\/cj.estrategia.com\/portal\/concurso-pgm-natal\/\" target=\"_blank\" >PGM Natal<\/a><\/p>\n\n\n\n<h2 class=\"wp-block-heading has-text-align-center\" id=\"cursos\"><span id=\"quer-saber-tudo-sobre-concursos-previstosconfira-nossos-artigos\">Quer saber tudo sobre concursos previstos?<br>Confira nossos artigos!<\/span><\/h2>\n\n\n\n\n\n<h2 class=\"wp-block-heading has-text-align-center\" id=\"curso\"><span id=\"quer-estudar-para-concursos-de-direito\">Quer estudar para Concursos de Direito?<\/span><\/h2>\n\n\n\n<p>O Estrat\u00e9gia Carreira Jur\u00eddica \u00e9 campe\u00e3o de aprova\u00e7\u00f5es nos concursos para Carreiras Jur\u00eddicas com um corpo docente qualificado e materiais completos. Conhe\u00e7a nossos cursos e garanta sua aprova\u00e7\u00e3o:<\/p>\n\n\n\n<div class=\"wp-block-cover\" style=\"min-height:155px;aspect-ratio:unset;\"><img decoding=\"async\" width=\"1890\" height=\"351\" class=\"wp-block-cover__image-background wp-image-8669\" alt=\"Assinaturas Jur\u00eddicas\" src=\"https:\/\/cj.estrategia.com\/portal\/wp-content\/uploads\/2022\/06\/20151253\/concurso-carreiras-juridicas-assinatura-juridica.jpg\" style=\"object-position:78% 43%\" data-object-fit=\"cover\" data-object-position=\"78% 43%\" srcset=\"https:\/\/cj.estrategia.com\/portal\/wp-content\/uploads\/2022\/06\/20151253\/concurso-carreiras-juridicas-assinatura-juridica.jpg 1890w, https:\/\/cj.estrategia.com\/portal\/wp-content\/uploads\/2022\/06\/20151253\/concurso-carreiras-juridicas-assinatura-juridica-300x56.jpg 300w, https:\/\/cj.estrategia.com\/portal\/wp-content\/uploads\/2022\/06\/20151253\/concurso-carreiras-juridicas-assinatura-juridica-1024x190.jpg 1024w, https:\/\/cj.estrategia.com\/portal\/wp-content\/uploads\/2022\/06\/20151253\/concurso-carreiras-juridicas-assinatura-juridica-768x143.jpg 768w, https:\/\/cj.estrategia.com\/portal\/wp-content\/uploads\/2022\/06\/20151253\/concurso-carreiras-juridicas-assinatura-juridica-1536x285.jpg 1536w, https:\/\/cj.estrategia.com\/portal\/wp-content\/uploads\/2022\/06\/20151253\/concurso-carreiras-juridicas-assinatura-juridica-380x71.jpg 380w, https:\/\/cj.estrategia.com\/portal\/wp-content\/uploads\/2022\/06\/20151253\/concurso-carreiras-juridicas-assinatura-juridica-800x149.jpg 800w, https:\/\/cj.estrategia.com\/portal\/wp-content\/uploads\/2022\/06\/20151253\/concurso-carreiras-juridicas-assinatura-juridica-1160x215.jpg 1160w\" sizes=\"(max-width: 1890px) 100vw, 1890px\" \/><span aria-hidden=\"true\" class=\"wp-block-cover__background has-background-dim\"><\/span><div class=\"wp-block-cover__inner-container is-layout-flow wp-block-cover-is-layout-flow\">\n<h3 id=\"faca-a-sua-assinatura\" class=\"titulo-assinatura\"><span style=\"color: #ffffff;\">Fa\u00e7a a sua assinatura!<\/span><\/h3>\n<p class=\"subtitulo-assinatura\" style=\"display:block!important; line-height: 0;\"><span style=\"color: #ffffff;\">Escolha a sua \u00e1rea.<\/span><\/p>\n<a target=\"_blank\" href=\"https:\/\/www.estrategiaconcursos.com.br\/assinaturas-ecj\/\" rel=\"noopener\"><button style=\"border-radius: 10px; text-transform: capitalize;\">Acessar<\/button><\/a>\n<\/div><\/div>\n\n\n\n<div id=\"boxes\" class=\"container\">\n<div class=\"row\">\n<div class=\"col-sm\">\n<div id=\"box-assinatura\" class=\"banner-estrategia-concursos-juridicos\">\n<h3 id=\"curso-para-carreiras-juridicas\" class=\"titulo-assinatura\"><span style=\"color: #ffffff; font-size: 23px; \">Curso para Carreiras Jur\u00eddicas<\/span><\/h3>\n<p class=\"subtitulo-assinatura\">Cursos focados no edital do concurso PGM Natal<\/p>\n<div class=\"box-botao\"><a class=\"btn-assinatura-juridica\" role=\"button\" href=\"https:\/\/www.estrategiaconcursos.com.br\/cursosPorConcurso\/pgm-natal-procurador-municipal\/\" target=\"_blank\" rel=\"noopener noreferrer\">Conhe\u00e7a mais<\/a><\/div>\n<\/div>\n<p class=\"texto-auxiliar\">Prepare-se com o melhor material e com quem mais aprova em concursos em todo o pa\u00eds.<\/p>\n<\/div>\n<\/div>\n<\/div>\n","protected":false},"excerpt":{"rendered":"Ol\u00e1, pessoal, tudo certo?! Em 16\/07\/2023, foi aplicada a prova objetiva do concurso p\u00fablico para Procurador do Munic\u00edpio&hellip;\n","protected":false},"author":12,"featured_media":37796,"comment_status":"open","ping_status":"open","sticky":false,"template":"","format":"standard","meta":{"_jetpack_memberships_contains_paid_content":false,"footnotes":""},"categories":[24],"tags":[],"tax_estado":[50],"class_list":{"0":"post-41853","1":"post","2":"type-post","3":"status-publish","4":"format-standard","5":"has-post-thumbnail","7":"category-procuradoria","8":"tax_estado-rn"},"acf":[],"yoast_head":"<!-- This site is optimized with the Yoast SEO Premium plugin v27.5 (Yoast SEO v27.5) - https:\/\/yoast.com\/product\/yoast-seo-premium-wordpress\/ -->\n<title>Prova comentada Direito Previdenci\u00e1rio PGM Natal RN<\/title>\n<meta name=\"description\" content=\"Prova comentada Direito Previdenci\u00e1rio PGM Natal RN: veja AQUI os coment\u00e1rios dos nossos professores!\" \/>\n<meta name=\"robots\" content=\"index, follow, max-snippet:-1, max-image-preview:large, max-video-preview:-1\" \/>\n<link rel=\"canonical\" href=\"https:\/\/cj.estrategia.com\/portal\/prova-comentada-direito-previdenciario-pgm-natal-rn\/\" \/>\n<meta property=\"og:locale\" content=\"pt_BR\" \/>\n<meta property=\"og:type\" content=\"article\" \/>\n<meta property=\"og:title\" content=\"Prova comentada Direito Previdenci\u00e1rio PGM Natal RN\" \/>\n<meta property=\"og:description\" content=\"Prova comentada Direito Previdenci\u00e1rio PGM Natal RN: veja AQUI os coment\u00e1rios dos nossos professores!\" \/>\n<meta property=\"og:url\" content=\"https:\/\/cj.estrategia.com\/portal\/prova-comentada-direito-previdenciario-pgm-natal-rn\/\" \/>\n<meta property=\"og:site_name\" content=\"Blog - Carreiras Jur\u00eddicas - Estrat\u00e9gia\" \/>\n<meta property=\"article:publisher\" content=\"https:\/\/www.facebook.com\/estrategiacarreirajuridica\/\" \/>\n<meta property=\"article:published_time\" content=\"2023-07-17T23:47:32+00:00\" \/>\n<meta property=\"article:modified_time\" content=\"2023-07-17T23:47:34+00:00\" \/>\n<meta property=\"og:image\" content=\"https:\/\/cj.estrategia.com\/portal\/wp-content\/uploads\/2023\/06\/01151508\/PGM-Natal.jpg\" \/>\n\t<meta property=\"og:image:width\" content=\"960\" \/>\n\t<meta property=\"og:image:height\" content=\"540\" \/>\n\t<meta property=\"og:image:type\" content=\"image\/jpeg\" \/>\n<meta name=\"author\" content=\"Coordena\u00e7\u00e3o\" \/>\n<meta name=\"twitter:card\" content=\"summary_large_image\" \/>\n<meta name=\"twitter:creator\" content=\"@EstratJuridica\" \/>\n<meta name=\"twitter:site\" content=\"@EstratJuridica\" \/>\n<meta name=\"twitter:label1\" content=\"Escrito por\" \/>\n\t<meta name=\"twitter:data1\" content=\"Coordena\u00e7\u00e3o\" \/>\n\t<meta name=\"twitter:label2\" content=\"Est. tempo de leitura\" \/>\n\t<meta name=\"twitter:data2\" content=\"16 minutos\" \/>\n<script type=\"application\/ld+json\" class=\"yoast-schema-graph\">{\"@context\":\"https:\\\/\\\/schema.org\",\"@graph\":[{\"@type\":\"NewsArticle\",\"@id\":\"https:\\\/\\\/cj.estrategia.com\\\/portal\\\/prova-comentada-direito-previdenciario-pgm-natal-rn\\\/#article\",\"isPartOf\":{\"@id\":\"https:\\\/\\\/cj.estrategia.com\\\/portal\\\/prova-comentada-direito-previdenciario-pgm-natal-rn\\\/\"},\"author\":{\"name\":\"Coordena\u00e7\u00e3o\",\"@id\":\"https:\\\/\\\/cj.estrategia.com\\\/portal\\\/#\\\/schema\\\/person\\\/4d70317d31449932b99102916b6637f5\"},\"headline\":\"Prova comentada Direito Previdenci\u00e1rio PGM Natal RN\",\"datePublished\":\"2023-07-17T23:47:32+00:00\",\"dateModified\":\"2023-07-17T23:47:34+00:00\",\"mainEntityOfPage\":{\"@id\":\"https:\\\/\\\/cj.estrategia.com\\\/portal\\\/prova-comentada-direito-previdenciario-pgm-natal-rn\\\/\"},\"wordCount\":3259,\"commentCount\":0,\"publisher\":{\"@id\":\"https:\\\/\\\/cj.estrategia.com\\\/portal\\\/#organization\"},\"image\":{\"@id\":\"https:\\\/\\\/cj.estrategia.com\\\/portal\\\/prova-comentada-direito-previdenciario-pgm-natal-rn\\\/#primaryimage\"},\"thumbnailUrl\":\"https:\\\/\\\/cj.estrategia.com\\\/portal\\\/wp-content\\\/uploads\\\/2023\\\/06\\\/01151508\\\/PGM-Natal.jpg\",\"articleSection\":[\"Procuradoria\"],\"inLanguage\":\"pt-BR\",\"potentialAction\":[{\"@type\":\"CommentAction\",\"name\":\"Comment\",\"target\":[\"https:\\\/\\\/cj.estrategia.com\\\/portal\\\/prova-comentada-direito-previdenciario-pgm-natal-rn\\\/#respond\"]}]},{\"@type\":\"WebPage\",\"@id\":\"https:\\\/\\\/cj.estrategia.com\\\/portal\\\/prova-comentada-direito-previdenciario-pgm-natal-rn\\\/\",\"url\":\"https:\\\/\\\/cj.estrategia.com\\\/portal\\\/prova-comentada-direito-previdenciario-pgm-natal-rn\\\/\",\"name\":\"Prova comentada Direito Previdenci\u00e1rio PGM Natal RN\",\"isPartOf\":{\"@id\":\"https:\\\/\\\/cj.estrategia.com\\\/portal\\\/#website\"},\"primaryImageOfPage\":{\"@id\":\"https:\\\/\\\/cj.estrategia.com\\\/portal\\\/prova-comentada-direito-previdenciario-pgm-natal-rn\\\/#primaryimage\"},\"image\":{\"@id\":\"https:\\\/\\\/cj.estrategia.com\\\/portal\\\/prova-comentada-direito-previdenciario-pgm-natal-rn\\\/#primaryimage\"},\"thumbnailUrl\":\"https:\\\/\\\/cj.estrategia.com\\\/portal\\\/wp-content\\\/uploads\\\/2023\\\/06\\\/01151508\\\/PGM-Natal.jpg\",\"datePublished\":\"2023-07-17T23:47:32+00:00\",\"dateModified\":\"2023-07-17T23:47:34+00:00\",\"description\":\"Prova comentada Direito Previdenci\u00e1rio PGM Natal RN: veja AQUI os coment\u00e1rios dos nossos professores!\",\"breadcrumb\":{\"@id\":\"https:\\\/\\\/cj.estrategia.com\\\/portal\\\/prova-comentada-direito-previdenciario-pgm-natal-rn\\\/#breadcrumb\"},\"inLanguage\":\"pt-BR\",\"potentialAction\":[{\"@type\":\"ReadAction\",\"target\":[\"https:\\\/\\\/cj.estrategia.com\\\/portal\\\/prova-comentada-direito-previdenciario-pgm-natal-rn\\\/\"]}]},{\"@type\":\"ImageObject\",\"inLanguage\":\"pt-BR\",\"@id\":\"https:\\\/\\\/cj.estrategia.com\\\/portal\\\/prova-comentada-direito-previdenciario-pgm-natal-rn\\\/#primaryimage\",\"url\":\"https:\\\/\\\/cj.estrategia.com\\\/portal\\\/wp-content\\\/uploads\\\/2023\\\/06\\\/01151508\\\/PGM-Natal.jpg\",\"contentUrl\":\"https:\\\/\\\/cj.estrategia.com\\\/portal\\\/wp-content\\\/uploads\\\/2023\\\/06\\\/01151508\\\/PGM-Natal.jpg\",\"width\":960,\"height\":540},{\"@type\":\"BreadcrumbList\",\"@id\":\"https:\\\/\\\/cj.estrategia.com\\\/portal\\\/prova-comentada-direito-previdenciario-pgm-natal-rn\\\/#breadcrumb\",\"itemListElement\":[{\"@type\":\"ListItem\",\"position\":1,\"name\":\"In\u00edcio\",\"item\":\"https:\\\/\\\/cj.estrategia.com\\\/portal\\\/\"},{\"@type\":\"ListItem\",\"position\":2,\"name\":\"Prova comentada Direito Previdenci\u00e1rio PGM Natal RN\"}]},{\"@type\":\"WebSite\",\"@id\":\"https:\\\/\\\/cj.estrategia.com\\\/portal\\\/#website\",\"url\":\"https:\\\/\\\/cj.estrategia.com\\\/portal\\\/\",\"name\":\"Blog - Carreiras Jur\u00eddicas - Estrat\u00e9gia\",\"description\":\"\",\"publisher\":{\"@id\":\"https:\\\/\\\/cj.estrategia.com\\\/portal\\\/#organization\"},\"potentialAction\":[{\"@type\":\"SearchAction\",\"target\":{\"@type\":\"EntryPoint\",\"urlTemplate\":\"https:\\\/\\\/cj.estrategia.com\\\/portal\\\/?s={search_term_string}\"},\"query-input\":{\"@type\":\"PropertyValueSpecification\",\"valueRequired\":true,\"valueName\":\"search_term_string\"}}],\"inLanguage\":\"pt-BR\"},{\"@type\":\"Organization\",\"@id\":\"https:\\\/\\\/cj.estrategia.com\\\/portal\\\/#organization\",\"name\":\"Estrat\u00e9gia - Carreiras Jur\u00eddicas\",\"url\":\"https:\\\/\\\/cj.estrategia.com\\\/portal\\\/\",\"logo\":{\"@type\":\"ImageObject\",\"inLanguage\":\"pt-BR\",\"@id\":\"https:\\\/\\\/cj.estrategia.com\\\/portal\\\/#\\\/schema\\\/logo\\\/image\\\/\",\"url\":\"https:\\\/\\\/cj.estrategia.com\\\/portal\\\/wp-content\\\/uploads\\\/2022\\\/03\\\/11151052\\\/cj-logo.png\",\"contentUrl\":\"https:\\\/\\\/cj.estrategia.com\\\/portal\\\/wp-content\\\/uploads\\\/2022\\\/03\\\/11151052\\\/cj-logo.png\",\"width\":150,\"height\":39,\"caption\":\"Estrat\u00e9gia - Carreiras Jur\u00eddicas\"},\"image\":{\"@id\":\"https:\\\/\\\/cj.estrategia.com\\\/portal\\\/#\\\/schema\\\/logo\\\/image\\\/\"},\"sameAs\":[\"https:\\\/\\\/www.facebook.com\\\/estrategiacarreirajuridica\\\/\",\"https:\\\/\\\/x.com\\\/EstratJuridica\",\"https:\\\/\\\/www.instagram.com\\\/estrategiacarreirajuridica\\\/\",\"https:\\\/\\\/www.youtube.com\\\/channel\\\/UClbMGuYbj2Mh1m3w144ETWQ\"]},{\"@type\":\"Person\",\"@id\":\"https:\\\/\\\/cj.estrategia.com\\\/portal\\\/#\\\/schema\\\/person\\\/4d70317d31449932b99102916b6637f5\",\"name\":\"Coordena\u00e7\u00e3o\",\"image\":{\"@type\":\"ImageObject\",\"inLanguage\":\"pt-BR\",\"@id\":\"https:\\\/\\\/cj.estrategia.com\\\/portal\\\/wp-content\\\/uploads\\\/2022\\\/05\\\/12164923\\\/estrategia-carreira-juridica-coordenacao-96x96.png\",\"url\":\"https:\\\/\\\/cj.estrategia.com\\\/portal\\\/wp-content\\\/uploads\\\/2022\\\/05\\\/12164923\\\/estrategia-carreira-juridica-coordenacao-96x96.png\",\"contentUrl\":\"https:\\\/\\\/cj.estrategia.com\\\/portal\\\/wp-content\\\/uploads\\\/2022\\\/05\\\/12164923\\\/estrategia-carreira-juridica-coordenacao-96x96.png\",\"caption\":\"Coordena\u00e7\u00e3o\"},\"url\":\"https:\\\/\\\/cj.estrategia.com\\\/portal\\\/author\\\/coordenacao\\\/\"}]}<\/script>\n<!-- \/ Yoast SEO Premium plugin. -->","yoast_head_json":{"title":"Prova comentada Direito Previdenci\u00e1rio PGM Natal RN","description":"Prova comentada Direito Previdenci\u00e1rio PGM Natal RN: veja AQUI os coment\u00e1rios dos nossos professores!","robots":{"index":"index","follow":"follow","max-snippet":"max-snippet:-1","max-image-preview":"max-image-preview:large","max-video-preview":"max-video-preview:-1"},"canonical":"https:\/\/cj.estrategia.com\/portal\/prova-comentada-direito-previdenciario-pgm-natal-rn\/","og_locale":"pt_BR","og_type":"article","og_title":"Prova comentada Direito Previdenci\u00e1rio PGM Natal RN","og_description":"Prova comentada Direito Previdenci\u00e1rio PGM Natal RN: veja AQUI os coment\u00e1rios dos nossos professores!","og_url":"https:\/\/cj.estrategia.com\/portal\/prova-comentada-direito-previdenciario-pgm-natal-rn\/","og_site_name":"Blog - Carreiras Jur\u00eddicas - Estrat\u00e9gia","article_publisher":"https:\/\/www.facebook.com\/estrategiacarreirajuridica\/","article_published_time":"2023-07-17T23:47:32+00:00","article_modified_time":"2023-07-17T23:47:34+00:00","og_image":[{"width":960,"height":540,"url":"https:\/\/cj.estrategia.com\/portal\/wp-content\/uploads\/2023\/06\/01151508\/PGM-Natal.jpg","type":"image\/jpeg"}],"author":"Coordena\u00e7\u00e3o","twitter_card":"summary_large_image","twitter_creator":"@EstratJuridica","twitter_site":"@EstratJuridica","twitter_misc":{"Escrito por":"Coordena\u00e7\u00e3o","Est. tempo de leitura":"16 minutos"},"schema":{"@context":"https:\/\/schema.org","@graph":[{"@type":"NewsArticle","@id":"https:\/\/cj.estrategia.com\/portal\/prova-comentada-direito-previdenciario-pgm-natal-rn\/#article","isPartOf":{"@id":"https:\/\/cj.estrategia.com\/portal\/prova-comentada-direito-previdenciario-pgm-natal-rn\/"},"author":{"name":"Coordena\u00e7\u00e3o","@id":"https:\/\/cj.estrategia.com\/portal\/#\/schema\/person\/4d70317d31449932b99102916b6637f5"},"headline":"Prova comentada Direito Previdenci\u00e1rio PGM Natal RN","datePublished":"2023-07-17T23:47:32+00:00","dateModified":"2023-07-17T23:47:34+00:00","mainEntityOfPage":{"@id":"https:\/\/cj.estrategia.com\/portal\/prova-comentada-direito-previdenciario-pgm-natal-rn\/"},"wordCount":3259,"commentCount":0,"publisher":{"@id":"https:\/\/cj.estrategia.com\/portal\/#organization"},"image":{"@id":"https:\/\/cj.estrategia.com\/portal\/prova-comentada-direito-previdenciario-pgm-natal-rn\/#primaryimage"},"thumbnailUrl":"https:\/\/cj.estrategia.com\/portal\/wp-content\/uploads\/2023\/06\/01151508\/PGM-Natal.jpg","articleSection":["Procuradoria"],"inLanguage":"pt-BR","potentialAction":[{"@type":"CommentAction","name":"Comment","target":["https:\/\/cj.estrategia.com\/portal\/prova-comentada-direito-previdenciario-pgm-natal-rn\/#respond"]}]},{"@type":"WebPage","@id":"https:\/\/cj.estrategia.com\/portal\/prova-comentada-direito-previdenciario-pgm-natal-rn\/","url":"https:\/\/cj.estrategia.com\/portal\/prova-comentada-direito-previdenciario-pgm-natal-rn\/","name":"Prova comentada Direito Previdenci\u00e1rio PGM Natal RN","isPartOf":{"@id":"https:\/\/cj.estrategia.com\/portal\/#website"},"primaryImageOfPage":{"@id":"https:\/\/cj.estrategia.com\/portal\/prova-comentada-direito-previdenciario-pgm-natal-rn\/#primaryimage"},"image":{"@id":"https:\/\/cj.estrategia.com\/portal\/prova-comentada-direito-previdenciario-pgm-natal-rn\/#primaryimage"},"thumbnailUrl":"https:\/\/cj.estrategia.com\/portal\/wp-content\/uploads\/2023\/06\/01151508\/PGM-Natal.jpg","datePublished":"2023-07-17T23:47:32+00:00","dateModified":"2023-07-17T23:47:34+00:00","description":"Prova comentada Direito Previdenci\u00e1rio PGM Natal RN: veja AQUI os coment\u00e1rios dos nossos professores!","breadcrumb":{"@id":"https:\/\/cj.estrategia.com\/portal\/prova-comentada-direito-previdenciario-pgm-natal-rn\/#breadcrumb"},"inLanguage":"pt-BR","potentialAction":[{"@type":"ReadAction","target":["https:\/\/cj.estrategia.com\/portal\/prova-comentada-direito-previdenciario-pgm-natal-rn\/"]}]},{"@type":"ImageObject","inLanguage":"pt-BR","@id":"https:\/\/cj.estrategia.com\/portal\/prova-comentada-direito-previdenciario-pgm-natal-rn\/#primaryimage","url":"https:\/\/cj.estrategia.com\/portal\/wp-content\/uploads\/2023\/06\/01151508\/PGM-Natal.jpg","contentUrl":"https:\/\/cj.estrategia.com\/portal\/wp-content\/uploads\/2023\/06\/01151508\/PGM-Natal.jpg","width":960,"height":540},{"@type":"BreadcrumbList","@id":"https:\/\/cj.estrategia.com\/portal\/prova-comentada-direito-previdenciario-pgm-natal-rn\/#breadcrumb","itemListElement":[{"@type":"ListItem","position":1,"name":"In\u00edcio","item":"https:\/\/cj.estrategia.com\/portal\/"},{"@type":"ListItem","position":2,"name":"Prova comentada Direito Previdenci\u00e1rio PGM Natal RN"}]},{"@type":"WebSite","@id":"https:\/\/cj.estrategia.com\/portal\/#website","url":"https:\/\/cj.estrategia.com\/portal\/","name":"Blog - Carreiras Jur\u00eddicas - Estrat\u00e9gia","description":"","publisher":{"@id":"https:\/\/cj.estrategia.com\/portal\/#organization"},"potentialAction":[{"@type":"SearchAction","target":{"@type":"EntryPoint","urlTemplate":"https:\/\/cj.estrategia.com\/portal\/?s={search_term_string}"},"query-input":{"@type":"PropertyValueSpecification","valueRequired":true,"valueName":"search_term_string"}}],"inLanguage":"pt-BR"},{"@type":"Organization","@id":"https:\/\/cj.estrategia.com\/portal\/#organization","name":"Estrat\u00e9gia - Carreiras Jur\u00eddicas","url":"https:\/\/cj.estrategia.com\/portal\/","logo":{"@type":"ImageObject","inLanguage":"pt-BR","@id":"https:\/\/cj.estrategia.com\/portal\/#\/schema\/logo\/image\/","url":"https:\/\/cj.estrategia.com\/portal\/wp-content\/uploads\/2022\/03\/11151052\/cj-logo.png","contentUrl":"https:\/\/cj.estrategia.com\/portal\/wp-content\/uploads\/2022\/03\/11151052\/cj-logo.png","width":150,"height":39,"caption":"Estrat\u00e9gia - Carreiras Jur\u00eddicas"},"image":{"@id":"https:\/\/cj.estrategia.com\/portal\/#\/schema\/logo\/image\/"},"sameAs":["https:\/\/www.facebook.com\/estrategiacarreirajuridica\/","https:\/\/x.com\/EstratJuridica","https:\/\/www.instagram.com\/estrategiacarreirajuridica\/","https:\/\/www.youtube.com\/channel\/UClbMGuYbj2Mh1m3w144ETWQ"]},{"@type":"Person","@id":"https:\/\/cj.estrategia.com\/portal\/#\/schema\/person\/4d70317d31449932b99102916b6637f5","name":"Coordena\u00e7\u00e3o","image":{"@type":"ImageObject","inLanguage":"pt-BR","@id":"https:\/\/cj.estrategia.com\/portal\/wp-content\/uploads\/2022\/05\/12164923\/estrategia-carreira-juridica-coordenacao-96x96.png","url":"https:\/\/cj.estrategia.com\/portal\/wp-content\/uploads\/2022\/05\/12164923\/estrategia-carreira-juridica-coordenacao-96x96.png","contentUrl":"https:\/\/cj.estrategia.com\/portal\/wp-content\/uploads\/2022\/05\/12164923\/estrategia-carreira-juridica-coordenacao-96x96.png","caption":"Coordena\u00e7\u00e3o"},"url":"https:\/\/cj.estrategia.com\/portal\/author\/coordenacao\/"}]}},"jetpack_featured_media_url":"https:\/\/cj.estrategia.com\/portal\/wp-content\/uploads\/2023\/06\/01151508\/PGM-Natal.jpg","jetpack_sharing_enabled":true,"_links":{"self":[{"href":"https:\/\/cj.estrategia.com\/portal\/wp-json\/wp\/v2\/posts\/41853","targetHints":{"allow":["GET"]}}],"collection":[{"href":"https:\/\/cj.estrategia.com\/portal\/wp-json\/wp\/v2\/posts"}],"about":[{"href":"https:\/\/cj.estrategia.com\/portal\/wp-json\/wp\/v2\/types\/post"}],"author":[{"embeddable":true,"href":"https:\/\/cj.estrategia.com\/portal\/wp-json\/wp\/v2\/users\/12"}],"replies":[{"embeddable":true,"href":"https:\/\/cj.estrategia.com\/portal\/wp-json\/wp\/v2\/comments?post=41853"}],"version-history":[{"count":0,"href":"https:\/\/cj.estrategia.com\/portal\/wp-json\/wp\/v2\/posts\/41853\/revisions"}],"wp:featuredmedia":[{"embeddable":true,"href":"https:\/\/cj.estrategia.com\/portal\/wp-json\/wp\/v2\/media\/37796"}],"wp:attachment":[{"href":"https:\/\/cj.estrategia.com\/portal\/wp-json\/wp\/v2\/media?parent=41853"}],"wp:term":[{"taxonomy":"category","embeddable":true,"href":"https:\/\/cj.estrategia.com\/portal\/wp-json\/wp\/v2\/categories?post=41853"},{"taxonomy":"post_tag","embeddable":true,"href":"https:\/\/cj.estrategia.com\/portal\/wp-json\/wp\/v2\/tags?post=41853"},{"taxonomy":"tax_estado","embeddable":true,"href":"https:\/\/cj.estrategia.com\/portal\/wp-json\/wp\/v2\/tax_estado?post=41853"}],"curies":[{"name":"wp","href":"https:\/\/api.w.org\/{rel}","templated":true}]}}