{"id":41681,"date":"2023-07-17T21:56:00","date_gmt":"2023-07-18T00:56:00","guid":{"rendered":"https:\/\/cj.estrategia.com\/portal\/?p=41681"},"modified":"2023-07-20T10:26:46","modified_gmt":"2023-07-20T13:26:46","slug":"gabarito-extraoficial-pgm-natal","status":"publish","type":"post","link":"https:\/\/cj.estrategia.com\/portal\/gabarito-extraoficial-pgm-natal\/","title":{"rendered":"Gabarito extraoficial PGM Natal: veja seu desempenho!"},"content":{"rendered":"\n<p>Neste domingo, 16 de julho de 2023, foram aplicadas as provas do<strong>&nbsp;concurso PGM Natal.&nbsp;<\/strong>A prova objetiva contou de 100 (cem) quest\u00f5es do tipo m\u00faltipla escolha, com 5 (cinco) alternativas cada, sendo uma \u00fanica a resposta correta. <\/p>\n\n\n\n<p>Ao todo, a sele\u00e7\u00e3o oferta <strong>5 vagas<\/strong>&nbsp;para o cargo de&nbsp;<a href=\"https:\/\/cj.estrategia.com\/curso\/pgm-natal-procurador-municipal-pacote-teorico-2023-pre-edital\/\" target=\"_blank\" >Procurador Municipal<\/a>. O cargo conta com sal\u00e1rio inicial de R$ 21.741,04.<\/p>\n\n\n\n<p>Com o objetivo de ajud\u00e1-lo a diminuir um pouco a ansiedade e conferir seu desempenho, nossos professores realizaram a corre\u00e7\u00e3o extraoficial, divulgando o&nbsp;<strong>gabarito extraoficial PGM Natal.<\/strong><\/p>\n\n\n\n<figure class=\"wp-block-table is-style-stripes\"><table class=\"has-fixed-layout\"><tbody><tr><td class=\"has-text-align-center\" data-align=\"center\"><strong>Disciplina<\/strong><\/td><td class=\"has-text-align-center\" data-align=\"center\"><strong>Professor<\/strong><\/td><\/tr><tr><td class=\"has-text-align-center\" data-align=\"center\">\u00c2ncora<\/td><td class=\"has-text-align-center\" data-align=\"center\">Rodolfo Penna<\/td><\/tr><tr><td class=\"has-text-align-center\" data-align=\"center\">Direito Administrativo<\/td><td class=\"has-text-align-center\" data-align=\"center\">Rodolfo Penna<\/td><\/tr><tr><td class=\"has-text-align-center\" data-align=\"center\">Direito Constitucional<\/td><td class=\"has-text-align-center\" data-align=\"center\">Nelma Fontana<\/td><\/tr><tr><td class=\"has-text-align-center\" data-align=\"center\">Direito Processual Civil<\/td><td class=\"has-text-align-center\" data-align=\"center\">Josias Barcellos<\/td><\/tr><tr><td class=\"has-text-align-center\" data-align=\"center\">Direito Civil<\/td><td class=\"has-text-align-center\" data-align=\"center\">Paulo Sousa<\/td><\/tr><tr><td class=\"has-text-align-center\" data-align=\"center\">Difusos e Coletivos &#8211; Urban\u00edstico<\/td><td class=\"has-text-align-center\" data-align=\"center\">Igor Maciel<\/td><\/tr><tr><td class=\"has-text-align-center\" data-align=\"center\">Direito Penal<\/td><td class=\"has-text-align-center\" data-align=\"center\">Michael Proc\u00f3pio<\/td><\/tr><tr><td class=\"has-text-align-center\" data-align=\"center\">Direito Processual Penal<\/td><td class=\"has-text-align-center\" data-align=\"center\">Ivan Marques<\/td><\/tr><tr><td class=\"has-text-align-center\" data-align=\"center\">Direito Empresarial<\/td><td class=\"has-text-align-center\" data-align=\"center\">Alessandro Sanchez<\/td><\/tr><tr><td class=\"has-text-align-center\" data-align=\"center\">Direito Previdenci\u00e1rio<\/td><td class=\"has-text-align-center\" data-align=\"center\">Rubens Maur\u00edcio<\/td><\/tr><tr><td class=\"has-text-align-center\" data-align=\"center\">Difusos e Coletivos &#8211; Ambiental<\/td><td class=\"has-text-align-center\" data-align=\"center\">Thiago Leite<\/td><\/tr><tr><td class=\"has-text-align-center\" data-align=\"center\">Direito do Trabalho<\/td><td class=\"has-text-align-center\" data-align=\"center\">Felipe Fernandes<\/td><\/tr><tr><td class=\"has-text-align-center\" data-align=\"center\">Direito Tribut\u00e1rio<\/td><td class=\"has-text-align-center\" data-align=\"center\">Felipe Duque<\/td><\/tr><tr><td class=\"has-text-align-center\" data-align=\"center\">Direito Processual do Trabalho<\/td><td class=\"has-text-align-center\" data-align=\"center\">Lucas Pessoa<\/td><\/tr><tr><td class=\"has-text-align-center\" data-align=\"center\">Difusos e Coletivos &#8211; Leis Locais<\/td><td class=\"has-text-align-center\" data-align=\"center\">Joana Portela<\/td><\/tr><tr><td class=\"has-text-align-center\" data-align=\"center\">Direito Financeiro<\/td><td class=\"has-text-align-center\" data-align=\"center\">Jo\u00e3o Lawal<\/td><\/tr><\/tbody><\/table><\/figure>\n\n\n\n<figure class=\"wp-block-embed is-type-video is-provider-youtube wp-block-embed-youtube wp-embed-aspect-16-9 wp-has-aspect-ratio\"><div class=\"wp-block-embed__wrapper\">\n<div class=\"cs-embed cs-embed-responsive\"><iframe title=\"Gabarito Extraoficial - PGM Natal (Procurador)\" width=\"1200\" height=\"675\" src=\"https:\/\/www.youtube.com\/embed\/bwFsnPnpPS8?feature=oembed\" frameborder=\"0\" allow=\"accelerometer; autoplay; clipboard-write; encrypted-media; gyroscope; picture-in-picture; web-share\" allowfullscreen><\/iframe><\/div>\n<\/div><\/figure>\n\n\n\n<p class=\"has-text-align-center has-very-light-gray-to-cyan-bluish-gray-gradient-background has-background has-medium-font-size\"><a href=\"https:\/\/cj.estrategia.com\/cadernos-e-simulados\/simulados\/fec24c7b-3665-47e5-b454-cef17aed7377\" target=\"_blank\" rel=\"noreferrer noopener nofollow\">Preencha seu Gabarito&nbsp;e participe do Ranking<\/a><\/p>\n\n\n\n<h2 class=\"wp-block-heading\" id=\"h-prova-comentada-pgm-natal\"><span id=\"prova-comentada-pgm-natal\">Prova comentada PGM Natal:<\/span><\/h2>\n\n\n\n<p><a href=\"https:\/\/cj.estrategia.com\/portal\/prova-comentada-direito-administrativo-pgm-natal-rn\/\" target=\"_blank\" rel=\"noreferrer noopener nofollow\">Direito Administrativo<\/a><br><a href=\"https:\/\/cj.estrategia.com\/portal\/prova-comentada-direito-constitucional-pgm-natal-rn\/\" target=\"_blank\" rel=\"noreferrer noopener nofollow\">Direito Constitucional<\/a><br><a href=\"https:\/\/cj.estrategia.com\/portal\/prova-comentada-direito-previdenciario-pgm-natal-rn\/\" target=\"_blank\" rel=\"noreferrer noopener nofollow\">Direito Previdenci\u00e1rio<\/a><br><a href=\"https:\/\/cj.estrategia.com\/portal\/prova-comentada-direito-penal-pgm-natal-rn\/\" target=\"_blank\" rel=\"noreferrer noopener nofollow\">Direito Penal<\/a><br><a href=\"https:\/\/cj.estrategia.com\/portal\/prova-comentada-lei-local-pgm-natal-rn\/\" target=\"_blank\" rel=\"noreferrer noopener nofollow\">Lei Local<\/a><br><a href=\"https:\/\/cj.estrategia.com\/portal\/prova-comentada-direito-civil-pgm-natal-rn\/\" target=\"_blank\" rel=\"noreferrer noopener nofollow\">Direito Civil<\/a><br><a href=\"https:\/\/cj.estrategia.com\/portal\/prova-comentada-direito-tributario-pgm-natal-rn\/\" target=\"_blank\" rel=\"noreferrer noopener nofollow\">Direito Tribut\u00e1rio<\/a><br><a href=\"https:\/\/cj.estrategia.com\/portal\/prova-comentada-direito-do-trabalho-e-processual-do-trabalho-pgm-natal-rn\/\" target=\"_blank\" rel=\"noreferrer noopener nofollow\">Direito do Trabalho e Processual do Trabalho<\/a><br><a href=\"https:\/\/cj.estrategia.com\/portal\/prova-comentada-direito-financeiro-pgm-natal-rn\/\" target=\"_blank\" rel=\"noreferrer noopener nofollow\">Direito Financeiro<br><\/a><a href=\"https:\/\/cj.estrategia.com\/portal\/prova-comentada-direito-ambiental-pgm-natal-rn\/\" target=\"_blank\" rel=\"noreferrer noopener nofollow\">Direito Ambiental<\/a><br><a href=\"https:\/\/cj.estrategia.com\/portal\/prova-comentada-direito-urbanistico-pgm-natal-rn\/\" target=\"_blank\" rel=\"noreferrer noopener nofollow\">Direito Urban\u00edstico<\/a><br><a href=\"https:\/\/cj.estrategia.com\/portal\/prova-comentada-direito-municipal-pgm-natal-rn\/\" target=\"_blank\" rel=\"noreferrer noopener nofollow\">Direito Municipal<\/a><\/p>\n\n\n\n<h2 id=\"gabarito-extraoficial-pgm-natal\" class=\"wp-block-heading\">Gabarito extraoficial: PGM Natal<\/h2>\n\n\n\n<p>Abaixo, voc\u00ea confere os gabaritos das quest\u00f5es corrigidas pelos nossos professores.<\/p>\n\n\n\n<figure class=\"wp-block-table is-style-regular cnvs-block-core-table-1682605377518\"><table class=\"has-background has-border-color has-abb-8-c-3-border-color\" style=\"background-color:#fcb90045\"><tbody><tr><td class=\"has-text-align-left\" data-align=\"left\"><strong>QUEST\u00d5ES<\/strong><\/td><td class=\"has-text-align-center\" data-align=\"center\"><strong>RESPOSTAS<\/strong><\/td><td class=\"has-text-align-center\" data-align=\"center\"><strong>COMENT\u00c1RIOS<\/strong><\/td><\/tr><tr><td class=\"has-text-align-left\" data-align=\"left\">1- A respeito do Poder Legislativo&#8230;.<\/td><td class=\"has-text-align-center\" data-align=\"center\">E<\/td><td class=\"has-text-align-center\" data-align=\"center\"><\/td><\/tr><tr><td class=\"has-text-align-left\" data-align=\"left\">2 &#8211; No que se refere \u00e0 aplicabilidade&#8230;<\/td><td class=\"has-text-align-center\" data-align=\"center\">A<\/td><td class=\"has-text-align-center\" data-align=\"center\"><\/td><\/tr><tr><td class=\"has-text-align-left\" data-align=\"left\">3 &#8211; Assinale a op\u00e7\u00e3o correta&#8230;<\/td><td class=\"has-text-align-center\" data-align=\"center\">C<\/td><td class=\"has-text-align-center\" data-align=\"center\"><\/td><\/tr><tr><td class=\"has-text-align-left\" data-align=\"left\">4 &#8211; Em rela\u00e7\u00e3o \u00e0 argui\u00e7\u00e3o&#8230;<\/td><td class=\"has-text-align-center\" data-align=\"center\">D<\/td><td class=\"has-text-align-center\" data-align=\"center\"><\/td><\/tr><tr><td class=\"has-text-align-left\" data-align=\"left\">5 &#8211; A respeito das fun\u00e7\u00f5es essenciais&#8230;<\/td><td class=\"has-text-align-center\" data-align=\"center\">E<\/td><td class=\"has-text-align-center\" data-align=\"center\"><\/td><\/tr><tr><td class=\"has-text-align-left\" data-align=\"left\">6 &#8211; No que concerne aos servidores&#8230;<\/td><td class=\"has-text-align-center\" data-align=\"center\">C<\/td><td class=\"has-text-align-center\" data-align=\"center\"><\/td><\/tr><tr><td class=\"has-text-align-left\" data-align=\"left\">7 &#8211; A respeito das comiss\u00f5es parlamentares&#8230;<\/td><td class=\"has-text-align-center\" data-align=\"center\">D<\/td><td class=\"has-text-align-center\" data-align=\"center\"><\/td><\/tr><tr><td class=\"has-text-align-left\" data-align=\"left\">8 &#8211; No que se refere \u00e0 interven\u00e7\u00e3o&#8230;<\/td><td class=\"has-text-align-center\" data-align=\"center\">B<\/td><td class=\"has-text-align-center\" data-align=\"center\"><\/td><\/tr><tr><td class=\"has-text-align-left\" data-align=\"left\">9 &#8211; Assinale a op\u00e7\u00e3o correta&#8230;<\/td><td class=\"has-text-align-center\" data-align=\"center\">D<\/td><td class=\"has-text-align-center\" data-align=\"center\"><\/td><\/tr><tr><td class=\"has-text-align-left\" data-align=\"left\">10 &#8211; Assinale a op\u00e7\u00e3o que apresenta o atributo&#8230;<\/td><td class=\"has-text-align-center\" data-align=\"center\">D<\/td><td class=\"has-text-align-center\" data-align=\"center\"><\/td><\/tr><tr><td class=\"has-text-align-left\" data-align=\"left\">11 &#8211; A extin\u00e7\u00e3o de um ato&#8230;<\/td><td class=\"has-text-align-center\" data-align=\"center\">C<\/td><td class=\"has-text-align-center\" data-align=\"center\"><\/td><\/tr><tr><td class=\"has-text-align-left\" data-align=\"left\">12 &#8211; Acerca da anula\u00e7\u00e3o&#8230;<\/td><td class=\"has-text-align-center\" data-align=\"center\">D<\/td><td class=\"has-text-align-center\" data-align=\"center\"><\/td><\/tr><tr><td class=\"has-text-align-left\" data-align=\"left\">13 &#8211; O poder de pol\u00edcia permite&#8230;<\/td><td class=\"has-text-align-center\" data-align=\"center\">A<\/td><td class=\"has-text-align-center\" data-align=\"center\"><\/td><\/tr><tr><td class=\"has-text-align-left\" data-align=\"left\">14 &#8211; Acerca das formas de execu\u00e7\u00e3o&#8230;<\/td><td class=\"has-text-align-center\" data-align=\"center\">D<\/td><td class=\"has-text-align-center\" data-align=\"center\"><\/td><\/tr><tr><td class=\"has-text-align-left\" data-align=\"left\">15 &#8211; Considerando os processos de contrata\u00e7\u00e3o&#8230;<\/td><td class=\"has-text-align-center\" data-align=\"center\">C<\/td><td class=\"has-text-align-center\" data-align=\"center\"><\/td><\/tr><tr><td class=\"has-text-align-left\" data-align=\"left\">16 &#8211; A respeito dos procedimentos auxiliares&#8230; <\/td><td class=\"has-text-align-center\" data-align=\"center\">E<\/td><td class=\"has-text-align-center\" data-align=\"center\"><\/td><\/tr><tr><td class=\"has-text-align-left\" data-align=\"left\">17 &#8211; No tocante \u00e0s san\u00e7\u00f5es&#8230;<\/td><td class=\"has-text-align-center\" data-align=\"center\">D<\/td><td class=\"has-text-align-center\" data-align=\"center\"><\/td><\/tr><tr><td class=\"has-text-align-left\" data-align=\"left\">18 &#8211; Em rela\u00e7\u00e3o \u00e0 responsabiliza\u00e7\u00e3o&#8230;<\/td><td class=\"has-text-align-center\" data-align=\"center\">E<\/td><td class=\"has-text-align-center\" data-align=\"center\"><\/td><\/tr><tr><td class=\"has-text-align-left\" data-align=\"left\">19 &#8211; O princ\u00edpio da seguridade social&#8230;<\/td><td class=\"has-text-align-center\" data-align=\"center\">C<\/td><td class=\"has-text-align-center\" data-align=\"center\">doutrina; art. 194, par\u00e1grafo \u00fanico, I, CF<\/td><\/tr><tr><td class=\"has-text-align-left\" data-align=\"left\">20 &#8211; A contribui\u00e7\u00e3o do empregador&#8230;<\/td><td class=\"has-text-align-center\" data-align=\"center\">E<\/td><td class=\"has-text-align-center\" data-align=\"center\">art. 198 c\/c art. 211, Decreto n. 3.048\/99<\/td><\/tr><tr><td class=\"has-text-align-left\" data-align=\"left\">21 &#8211; Segurada do RGPS&#8230;<\/td><td class=\"has-text-align-center\" data-align=\"center\">B<\/td><td class=\"has-text-align-center\" data-align=\"center\">art. 103 c\/c art. 167, Decreto n. 3.048\/99<\/td><\/tr><tr><td class=\"has-text-align-left\" data-align=\"left\">22 &#8211; Suponha que um ente&#8230;<\/td><td class=\"has-text-align-center\" data-align=\"center\">C<\/td><td class=\"has-text-align-center\" data-align=\"center\">art. 40, \u00a714, CF<\/td><\/tr><tr><td class=\"has-text-align-left\" data-align=\"left\">23 &#8211; Pedro atua como pastor&#8230;<\/td><td class=\"has-text-align-center\" data-align=\"center\">D<\/td><td class=\"has-text-align-center\" data-align=\"center\">art.11, \u00a72\u00ba c\/c art. 11, V, \u2018c\u2019 e \u2018g\u2019, Lei n. 8.213\/91<\/td><\/tr><tr><td class=\"has-text-align-left\" data-align=\"left\">24 &#8211; Maria foi aprovada&#8230;<\/td><td class=\"has-text-align-center\" data-align=\"center\">D<\/td><td class=\"has-text-align-center\" data-align=\"center\">art. 12, Lei n. 8.213\/91<\/td><\/tr><tr><td class=\"has-text-align-left\" data-align=\"left\">25 &#8211; Um munic\u00edpio de determinado estado&#8230;<\/td><td class=\"has-text-align-center\" data-align=\"center\">A<\/td><td class=\"has-text-align-center\" data-align=\"center\">art. 1\u00ba, V, Lei 9.717\/98<\/td><\/tr><tr><td class=\"has-text-align-left\" data-align=\"left\">26 &#8211; No que se refere \u00e0s esp\u00e9cies&#8230;<\/td><td class=\"has-text-align-center\" data-align=\"center\">B<\/td><td class=\"has-text-align-center\" data-align=\"center\">art. 113 c\/c art. 93-A, Decreto 3.048\/99<\/td><\/tr><tr><td class=\"has-text-align-left\" data-align=\"left\">27 &#8211; Conforme a jurisprud\u00eancia&#8230;<\/td><td class=\"has-text-align-center\" data-align=\"center\">E<\/td><td class=\"has-text-align-center\" data-align=\"center\"><\/td><\/tr><tr><td class=\"has-text-align-left\" data-align=\"left\">28 &#8211; A respeito da den\u00fancia&#8230;<\/td><td class=\"has-text-align-center\" data-align=\"center\">E<\/td><td class=\"has-text-align-center\" data-align=\"center\"><\/td><\/tr><tr><td class=\"has-text-align-left\" data-align=\"left\">29 &#8211; Consoante a disciplina&#8230;<\/td><td class=\"has-text-align-center\" data-align=\"center\">B<\/td><td class=\"has-text-align-center\" data-align=\"center\"><\/td><\/tr><tr><td class=\"has-text-align-left\" data-align=\"left\">30 &#8211; Assinale a op\u00e7\u00e3o&#8230;<\/td><td class=\"has-text-align-center\" data-align=\"center\">E<\/td><td class=\"has-text-align-center\" data-align=\"center\"><\/td><\/tr><tr><td class=\"has-text-align-left\" data-align=\"left\">31 &#8211; A respeito da norma antielisiva&#8230;<\/td><td class=\"has-text-align-center\" data-align=\"center\">C<\/td><td class=\"has-text-align-center\" data-align=\"center\">ADI 2446<\/td><\/tr><tr><td class=\"has-text-align-left\" data-align=\"left\">32 &#8211; No tocante \u00e0 aplica\u00e7\u00e3o&#8230;<\/td><td class=\"has-text-align-center\" data-align=\"center\">A<\/td><td class=\"has-text-align-center\" data-align=\"center\"><\/td><\/tr><tr><td class=\"has-text-align-left\" data-align=\"left\">33 &#8211; A respeito da disciplina atinente&#8230;<\/td><td class=\"has-text-align-center\" data-align=\"center\">A<\/td><td class=\"has-text-align-center\" data-align=\"center\"><\/td><\/tr><tr><td class=\"has-text-align-left\" data-align=\"left\">34 &#8211; A respeito dos meios de cobran\u00e7a&#8230;<\/td><td class=\"has-text-align-center\" data-align=\"center\">A<\/td><td class=\"has-text-align-center\" data-align=\"center\">Tema 108 de repetitivos<\/td><\/tr><tr><td class=\"has-text-align-left\" data-align=\"left\">35 &#8211; Considerando os limites da fiscaliza\u00e7\u00e3o&#8230;<\/td><td class=\"has-text-align-center\" data-align=\"center\">B<\/td><td class=\"has-text-align-center\" data-align=\"center\"><\/td><\/tr><tr><td class=\"has-text-align-left\" data-align=\"left\">36 &#8211; Pelo princ\u00edpio or\u00e7ament\u00e1rio&#8230;<\/td><td class=\"has-text-align-center\" data-align=\"center\">D<\/td><td class=\"has-text-align-center\" data-align=\"center\">Doutrina e art. 3 da Lei 4320\/1964<\/td><\/tr><tr><td class=\"has-text-align-left\" data-align=\"left\">37 &#8211; No que se refere \u00e0 lei or\u00e7ament\u00e1ria&#8230;<\/td><td class=\"has-text-align-center\" data-align=\"center\">B<\/td><td class=\"has-text-align-center\" data-align=\"center\">Art. 165, \u00a78\u00ba CF<\/td><\/tr><tr><td class=\"has-text-align-left\" data-align=\"left\">38 &#8211; Ao final de certo ano&#8230;<\/td><td class=\"has-text-align-center\" data-align=\"center\">E<\/td><td class=\"has-text-align-center\" data-align=\"center\"><\/td><\/tr><tr><td class=\"has-text-align-left\" data-align=\"left\">39 &#8211; Para a realiza\u00e7\u00e3o de transfer\u00eancias&#8230;<\/td><td class=\"has-text-align-center\" data-align=\"center\">E<\/td><td class=\"has-text-align-center\" data-align=\"center\"><\/td><\/tr><tr><td class=\"has-text-align-left\" data-align=\"left\">40 &#8211; As receitas de alugu\u00e9is&#8230;<\/td><td class=\"has-text-align-center\" data-align=\"center\">E<\/td><td class=\"has-text-align-center\" data-align=\"center\"><\/td><\/tr><tr><td class=\"has-text-align-left\" data-align=\"left\">41 &#8211; \u00c0 luz da Lei n\u00ba 4.320\/1964&#8230;<\/td><td class=\"has-text-align-center\" data-align=\"center\">E<\/td><td class=\"has-text-align-center\" data-align=\"center\"><\/td><\/tr><tr><td class=\"has-text-align-left\" data-align=\"left\">42 &#8211; Nos termos da Lei n\u00ba 4.320\/1964&#8230; <\/td><td class=\"has-text-align-center\" data-align=\"center\">B<\/td><td class=\"has-text-align-center\" data-align=\"center\"><\/td><\/tr><tr><td class=\"has-text-align-left\" data-align=\"left\">43 &#8211; Conceitua-se como d\u00edvida&#8230;<\/td><td class=\"has-text-align-center\" data-align=\"center\">B<\/td><td class=\"has-text-align-center\" data-align=\"center\"><\/td><\/tr><tr><td class=\"has-text-align-left\" data-align=\"left\">44 &#8211; Em rela\u00e7\u00e3o ao controle externo&#8230;<\/td><td class=\"has-text-align-center\" data-align=\"center\">B<\/td><td class=\"has-text-align-center\" data-align=\"center\"><\/td><\/tr><tr><td class=\"has-text-align-left\" data-align=\"left\">45 &#8211; A concess\u00e3o florestal&#8230;<\/td><td class=\"has-text-align-center\" data-align=\"center\">E<\/td><td class=\"has-text-align-center\" data-align=\"center\"><\/td><\/tr><tr><td class=\"has-text-align-left\" data-align=\"left\">46 &#8211; Em rela\u00e7\u00e3o \u00e0 cobran\u00e7a&#8230;<\/td><td class=\"has-text-align-center\" data-align=\"center\">E<\/td><td class=\"has-text-align-center\" data-align=\"center\"><\/td><\/tr><tr><td class=\"has-text-align-left\" data-align=\"left\">47 &#8211; Constitui requisito estabelecido&#8230;<\/td><td class=\"has-text-align-center\" data-align=\"center\">C<\/td><td class=\"has-text-align-center\" data-align=\"center\"><\/td><\/tr><tr><td class=\"has-text-align-left\" data-align=\"left\">48 &#8211; De acordo com a Lei n\u00ba 6.938\/1981&#8230;<\/td><td class=\"has-text-align-center\" data-align=\"center\">B<\/td><td class=\"has-text-align-center\" data-align=\"center\"><\/td><\/tr><tr><td class=\"has-text-align-left\" data-align=\"left\">49 &#8211; Segundo a doutrina&#8230;<\/td><td class=\"has-text-align-center\" data-align=\"center\">C<\/td><td class=\"has-text-align-center\" data-align=\"center\"><\/td><\/tr><tr><td class=\"has-text-align-left\" data-align=\"left\">50 &#8211; No que tange ao dano&#8230;<\/td><td class=\"has-text-align-center\" data-align=\"center\">B<\/td><td class=\"has-text-align-center\" data-align=\"center\"><\/td><\/tr><tr><td class=\"has-text-align-left\" data-align=\"left\">51 &#8211; As reservas particulares&#8230;<\/td><td class=\"has-text-align-center\" data-align=\"center\">A<\/td><td class=\"has-text-align-center\" data-align=\"center\"><\/td><\/tr><tr><td class=\"has-text-align-left\" data-align=\"left\">52 &#8211; O mosaico de unidades&#8230;<\/td><td class=\"has-text-align-center\" data-align=\"center\">E<\/td><td class=\"has-text-align-center\" data-align=\"center\"><\/td><\/tr><tr><td class=\"has-text-align-left\" data-align=\"left\">53 &#8211; Segundo a Lei n\u00ba 6.766\/1979&#8230;<\/td><td class=\"has-text-align-center\" data-align=\"center\">B<\/td><td class=\"has-text-align-center\" data-align=\"center\"><\/td><\/tr><tr><td class=\"has-text-align-left\" data-align=\"left\">54 &#8211; No que tange \u00e0 implementa\u00e7\u00e3o&#8230;<\/td><td class=\"has-text-align-center\" data-align=\"center\">B<\/td><td class=\"has-text-align-center\" data-align=\"center\"><\/td><\/tr><tr><td class=\"has-text-align-left\" data-align=\"left\">55 &#8211; No que concerne \u00e0 prote\u00e7\u00e3o&#8230;<\/td><td class=\"has-text-align-center\" data-align=\"center\">E<\/td><td class=\"has-text-align-center\" data-align=\"center\"><\/td><\/tr><tr><td class=\"has-text-align-left\" data-align=\"left\">56 &#8211; No processo de elabora\u00e7\u00e3o&#8230;<\/td><td class=\"has-text-align-center\" data-align=\"center\">A<\/td><td class=\"has-text-align-center\" data-align=\"center\"><\/td><\/tr><tr><td class=\"has-text-align-left\" data-align=\"left\">57 &#8211; Segundo o Estatuto&#8230;<\/td><td class=\"has-text-align-center\" data-align=\"center\">A<\/td><td class=\"has-text-align-center\" data-align=\"center\"><\/td><\/tr><tr><td class=\"has-text-align-left\" data-align=\"left\">58 &#8211; No que diz respeito \u00e0 acessibilidade&#8230;<\/td><td class=\"has-text-align-center\" data-align=\"center\">C<\/td><td class=\"has-text-align-center\" data-align=\"center\"><\/td><\/tr><tr><td class=\"has-text-align-left\" data-align=\"left\">59 &#8211; A mais-valia fundi\u00e1ria&#8230;<\/td><td class=\"has-text-align-center\" data-align=\"center\">C<\/td><td class=\"has-text-align-center\" data-align=\"center\"><\/td><\/tr><tr><td class=\"has-text-align-left\" data-align=\"left\">60 &#8211; De acordo com a Constitui\u00e7\u00e3o&#8230;<\/td><td class=\"has-text-align-center\" data-align=\"center\">B<\/td><td class=\"has-text-align-center\" data-align=\"center\">CF. Art. 29. O Munic\u00edpio reger-se-\u00e1 por lei org\u00e2nica, votada em dois turnos, com o interst\u00edcio m\u00ednimo de dez dias, e aprovada por dois ter\u00e7os dos membros da C\u00e2mara Municipal, que a promulgar\u00e1, atendidos os princ\u00edpios estabelecidos nesta Constitui\u00e7\u00e3o, na Constitui\u00e7\u00e3o do respectivo Estado e os seguintes preceitos<\/td><\/tr><tr><td class=\"has-text-align-left\" data-align=\"left\">61 &#8211; Segundo a CF, a composi\u00e7\u00e3o&#8230;<\/td><td class=\"has-text-align-center\" data-align=\"center\">D<\/td><td class=\"has-text-align-center\" data-align=\"center\">CF. ART. 29.<br>IV &#8211; para a composi\u00e7\u00e3o das C\u00e2maras Municipais, ser\u00e1 observado o limite m\u00e1ximo de: (Reda\u00e7\u00e3o dada pela Emenda Constitui\u00e7\u00e3o Constitucional n\u00ba 58, de 2009) (Produ\u00e7\u00e3o de efeito) (Vide ADIN 4307)<br>a) 9 (nove) Vereadores, nos Munic\u00edpios de at\u00e9 15.000 (quinze mil) habitantes<br>x) 55 (cinquenta e cinco) Vereadores, nos Munic\u00edpios de mais de 8.000.000 (oito milh\u00f5es) de habitantes; (Inclu\u00edda pela Emenda Constitui\u00e7\u00e3o Constitucional n\u00ba 58, de 2009)<\/td><\/tr><tr><td class=\"has-text-align-left\" data-align=\"left\">62 &#8211; Conforme disposto na CF&#8230;<\/td><td class=\"has-text-align-center\" data-align=\"center\">E<\/td><td class=\"has-text-align-center\" data-align=\"center\">CF. ART. 31. \u00a7 3\u00ba As contas dos Munic\u00edpios ficar\u00e3o, durante sessenta dias, anualmente, \u00e0 disposi\u00e7\u00e3o de qualquer contribuinte, para exame e aprecia\u00e7\u00e3o, o qual poder\u00e1 questionar-lhes a legitimidade, nos termos da lei<\/td><\/tr><tr><td class=\"has-text-align-left\" data-align=\"left\">63 &#8211; A CF pro\u00edbe&#8230;<\/td><td class=\"has-text-align-center\" data-align=\"center\">B e E (cabe recurso)<\/td><td class=\"has-text-align-center\" data-align=\"center\">CF Art. 29-A. O total da despesa do Poder Legislativo Municipal, inclu\u00eddos os subs\u00eddios dos Vereadores e exclu\u00eddos os gastos com inativos, n\u00e3o poder\u00e1 ultrapassar os seguintes percentuais, relativos ao somat\u00f3rio da receita tribut\u00e1ria e das transfer\u00eancias previstas no \u00a7 5 o do art. 153 e nos arts. 158 e 159, efetivamente realizado no exerc\u00edcio anterior: (Inclu\u00eddo pela Emenda Constitucional n\u00ba 25, de 2000) (Vide Emenda Constitucional n\u00ba 109, de 2021) (Vig\u00eancia)<br>I &#8211; 7% (sete por cento) para Munic\u00edpios com popula\u00e7\u00e3o de at\u00e9 100.000 (cem mil) habitantes; (Reda\u00e7\u00e3o dada pela Emenda Constitui\u00e7\u00e3o Constitucional n\u00ba 58, de 2009) (Produ\u00e7\u00e3o de efeito)<br>VI &#8211; 3,5% (tr\u00eas inteiros e cinco d\u00e9cimos por cento) para Munic\u00edpios com popula\u00e7\u00e3o acima de 8.000.001 (oito milh\u00f5es e um) habitantes. (Inclu\u00eddo pela Emenda Constitui\u00e7\u00e3o Constitucional n\u00ba 58, de 2009)<\/td><\/tr><tr><td class=\"has-text-align-left\" data-align=\"left\">64 &#8211; Com base nas normas&#8230;<\/td><td class=\"has-text-align-center\" data-align=\"center\">D<\/td><td class=\"has-text-align-center\" data-align=\"center\">art. 88, III<\/td><\/tr><tr><td class=\"has-text-align-left\" data-align=\"left\">65 &#8211; Consoante as normas&#8230;<\/td><td class=\"has-text-align-center\" data-align=\"center\">A<\/td><td class=\"has-text-align-center\" data-align=\"center\">art. 93, PAR\u00c1GRAFO 3\u00ba<\/td><\/tr><tr><td class=\"has-text-align-left\" data-align=\"left\">66 &#8211; Segundo a Lei Org\u00e2nica&#8230;<\/td><td class=\"has-text-align-center\" data-align=\"center\">A<\/td><td class=\"has-text-align-center\" data-align=\"center\">art 5, par\u00e1grafo 1, III<\/td><\/tr><tr><td class=\"has-text-align-left\" data-align=\"left\">67 &#8211; Com base na Lei Complementar&#8230;<\/td><td class=\"has-text-align-center\" data-align=\"center\">D<\/td><td class=\"has-text-align-center\" data-align=\"center\">art. 3\u00ba, I, b<\/td><\/tr><tr><td class=\"has-text-align-left\" data-align=\"left\">68 &#8211; Nos termos da Lei Complementar&#8230;<\/td><td class=\"has-text-align-center\" data-align=\"center\">B<\/td><td class=\"has-text-align-center\" data-align=\"center\">art. 35, par\u00e1grafo 2\u00ba<\/td><\/tr><tr><td class=\"has-text-align-left\" data-align=\"left\">69 &#8211; A exist\u00eancia legal&#8230;<\/td><td class=\"has-text-align-center\" data-align=\"center\">C<\/td><td class=\"has-text-align-center\" data-align=\"center\">art. 45 do CC<\/td><\/tr><tr><td class=\"has-text-align-left\" data-align=\"left\">70 &#8211; \u00c9 inv\u00e1lido o neg\u00f3cio&#8230;<\/td><td class=\"has-text-align-center\" data-align=\"center\">A<\/td><td class=\"has-text-align-center\" data-align=\"center\">art. 104 do CC * sujeita a recurso<\/td><\/tr><tr><td class=\"has-text-align-left\" data-align=\"left\">71 &#8211; Diante da aus\u00eancia&#8230;<\/td><td class=\"has-text-align-center\" data-align=\"center\">D<\/td><td class=\"has-text-align-center\" data-align=\"center\">I, II e IV: art. 4\u00ba da LINDB<\/td><\/tr><tr><td class=\"has-text-align-left\" data-align=\"left\">72 &#8211; Segundo o C\u00f3digo Civil&#8230;<\/td><td class=\"has-text-align-center\" data-align=\"center\">D<\/td><td class=\"has-text-align-center\" data-align=\"center\">art. 200 do CC<\/td><\/tr><tr><td class=\"has-text-align-left\" data-align=\"left\">73 &#8211; Caso o devedor&#8230;<\/td><td class=\"has-text-align-center\" data-align=\"center\">E<\/td><td class=\"has-text-align-center\" data-align=\"center\">art. 360, inc. I, do CC<\/td><\/tr><tr><td class=\"has-text-align-left\" data-align=\"left\">74 &#8211; Nos termos estabelecidos&#8230;<\/td><td class=\"has-text-align-center\" data-align=\"center\">A<\/td><td class=\"has-text-align-center\" data-align=\"center\">art. 1.384 do CC<\/td><\/tr><tr><td class=\"has-text-align-left\" data-align=\"left\">75 &#8211; A posse de um im\u00f3vel&#8230;<\/td><td class=\"has-text-align-center\" data-align=\"center\">B<\/td><td class=\"has-text-align-center\" data-align=\"center\">art. 1.200 do CC<\/td><\/tr><tr><td class=\"has-text-align-left\" data-align=\"left\">76 &#8211; Se a constru\u00e7\u00e3o&#8230;<\/td><td class=\"has-text-align-center\" data-align=\"center\">B<\/td><td class=\"has-text-align-center\" data-align=\"center\">art. 1.255, par\u00e1grafo&nbsp;\u00fanico,&nbsp;do&nbsp;CC<\/td><\/tr><tr><td class=\"has-text-align-left\" data-align=\"left\">77 &#8211; Lu\u00edsa impetrou&#8230;<\/td><td class=\"has-text-align-center\" data-align=\"center\">C<\/td><td class=\"has-text-align-center\" data-align=\"center\">STJ, AgInt no RMS 53.867\/MG<\/td><\/tr><tr><td class=\"has-text-align-left\" data-align=\"left\">78 &#8211; T\u00falio atuou&#8230;<\/td><td class=\"has-text-align-center\" data-align=\"center\">D<\/td><td class=\"has-text-align-center\" data-align=\"center\">art. 85, \u00a718, CPC<\/td><\/tr><tr><td class=\"has-text-align-left\" data-align=\"left\">79 &#8211; Fl\u00e1vio, residente&#8230;<\/td><td class=\"has-text-align-center\" data-align=\"center\">B<\/td><td class=\"has-text-align-center\" data-align=\"center\">art. 547, CPC<\/td><\/tr><tr><td class=\"has-text-align-left\" data-align=\"left\">80 &#8211; Acerca da fazenda&#8230;<\/td><td class=\"has-text-align-center\" data-align=\"center\">B<\/td><td class=\"has-text-align-center\" data-align=\"center\">art. 246, \u00a72\u00ba, CPC<\/td><\/tr><tr><td class=\"has-text-align-left\" data-align=\"left\">81 &#8211; Contra a decis\u00e3o&#8230;<\/td><td class=\"has-text-align-center\" data-align=\"center\">E<\/td><td class=\"has-text-align-center\" data-align=\"center\">art. 1.042 c\/c o art. 1.030, \u00a72\u00ba, CPC<\/td><\/tr><tr><td class=\"has-text-align-left\" data-align=\"left\">82 &#8211; No que diz respeito&#8230;<\/td><td class=\"has-text-align-center\" data-align=\"center\">B<\/td><td class=\"has-text-align-center\" data-align=\"center\">STJ, AgInt no AREsp 1158413\/RS<\/td><\/tr><tr><td class=\"has-text-align-left\" data-align=\"left\">83 &#8211; Diego, menor&#8230;<\/td><td class=\"has-text-align-center\" data-align=\"center\">D<\/td><td class=\"has-text-align-center\" data-align=\"center\">art. 528, \u00a79\u00ba, CPC<\/td><\/tr><tr><td class=\"has-text-align-left\" data-align=\"left\">84 &#8211; De acordo com o CPC&#8230;<\/td><td class=\"has-text-align-center\" data-align=\"center\">C<\/td><td class=\"has-text-align-center\" data-align=\"center\">Pass\u00edvel de anula\u00e7\u00e3o. Seria aditamento, mas a quest\u00e3o constou emenda<\/td><\/tr><tr><td class=\"has-text-align-left\" data-align=\"left\">85 &#8211; Sem preju\u00edzo da&#8230;<\/td><td class=\"has-text-align-center\" data-align=\"center\">B<\/td><td class=\"has-text-align-center\" data-align=\"center\"><\/td><\/tr><tr><td class=\"has-text-align-left\" data-align=\"left\">86 &#8211; Em um emprego sob&#8230;<\/td><td class=\"has-text-align-center\" data-align=\"center\">A<\/td><td class=\"has-text-align-center\" data-align=\"center\"><\/td><\/tr><tr><td class=\"has-text-align-left\" data-align=\"left\">87 &#8211; Acerca da representa\u00e7\u00e3o&#8230;<\/td><td class=\"has-text-align-center\" data-align=\"center\">D<\/td><td class=\"has-text-align-center\" data-align=\"center\"><\/td><\/tr><tr><td class=\"has-text-align-left\" data-align=\"left\">88 &#8211; O empregado celetista&#8230;<\/td><td class=\"has-text-align-center\" data-align=\"center\">E<\/td><td class=\"has-text-align-center\" data-align=\"center\"><\/td><\/tr><tr><td class=\"has-text-align-left\" data-align=\"left\">89 &#8211; No processo do trabalho&#8230;<\/td><td class=\"has-text-align-center\" data-align=\"center\">D<\/td><td class=\"has-text-align-center\" data-align=\"center\"><\/td><\/tr><tr><td class=\"has-text-align-left\" data-align=\"left\">90 &#8211; A respeito do processo&#8230;<\/td><td class=\"has-text-align-center\" data-align=\"center\">A<\/td><td class=\"has-text-align-center\" data-align=\"center\"><\/td><\/tr><tr><td class=\"has-text-align-left\" data-align=\"left\">91 &#8211; Nas empresas com mais&#8230;<\/td><td class=\"has-text-align-center\" data-align=\"center\">D<\/td><td class=\"has-text-align-center\" data-align=\"center\"><\/td><\/tr><tr><td class=\"has-text-align-left\" data-align=\"left\">92 &#8211; Contra a decis\u00e3o&#8230;<\/td><td class=\"has-text-align-center\" data-align=\"center\">C<\/td><td class=\"has-text-align-center\" data-align=\"center\"><\/td><\/tr><tr><td class=\"has-text-align-left\" data-align=\"left\">93 &#8211; Assinale a op\u00e7\u00e3o&#8230;<\/td><td class=\"has-text-align-center\" data-align=\"center\">B<\/td><td class=\"has-text-align-center\" data-align=\"center\">Doutrina\/artigo 5, XLVI, Constitui\u00e7\u00e3o<\/td><\/tr><tr><td class=\"has-text-align-left\" data-align=\"left\">94 &#8211; S\u00e3o formas de interpreta\u00e7\u00e3o&#8230;<\/td><td class=\"has-text-align-center\" data-align=\"center\">B<\/td><td class=\"has-text-align-center\" data-align=\"center\">Doutrina<\/td><\/tr><tr><td class=\"has-text-align-left\" data-align=\"left\">95 &#8211; De acordo com o Decreto-lei&#8230;<\/td><td class=\"has-text-align-center\" data-align=\"center\">B<\/td><td class=\"has-text-align-center\" data-align=\"center\">Art 1, par\u00e1grafo 2, DL 201<\/td><\/tr><tr><td class=\"has-text-align-left\" data-align=\"left\">96 &#8211; Tendo como refer\u00eancia&#8230;<\/td><td class=\"has-text-align-center\" data-align=\"center\">E<\/td><td class=\"has-text-align-center\" data-align=\"center\">Doutrina<\/td><\/tr><tr><td class=\"has-text-align-left\" data-align=\"left\">97 &#8211; Segundo o C\u00f3digo Penal&#8230;<\/td><td class=\"has-text-align-center\" data-align=\"center\">B<\/td><td class=\"has-text-align-center\" data-align=\"center\">Art. 23, I, do CP<\/td><\/tr><tr><td class=\"has-text-align-left\" data-align=\"left\">98 &#8211; De acordo com o Estatuto&#8230;<\/td><td class=\"has-text-align-center\" data-align=\"center\">B<\/td><td class=\"has-text-align-center\" data-align=\"center\">Art. 98, L 10741\/2003<\/td><\/tr><tr><td class=\"has-text-align-left\" data-align=\"left\">99 &#8211; Em rela\u00e7\u00e3o \u00e0 pena&#8230;<\/td><td class=\"has-text-align-center\" data-align=\"center\">D<\/td><td class=\"has-text-align-center\" data-align=\"center\">Art. 6, DL 3688\/1941<\/td><\/tr><tr><td class=\"has-text-align-left\" data-align=\"left\">100 &#8211; A respeito de crime&#8230;<\/td><td class=\"has-text-align-center\" data-align=\"center\">D<\/td><td class=\"has-text-align-center\" data-align=\"center\">Art 17, CP, doutrina e Sum 145 do STF<\/td><\/tr><\/tbody><\/table><\/figure>\n\n\n\n<p class=\"has-text-align-center has-luminous-vivid-amber-background-color has-background has-medium-font-size\"><strong>Saiba mais:<\/strong> <a href=\"https:\/\/cj.estrategia.com\/portal\/concurso-pgm-natal\/\" target=\"_blank\" >PGM Natal<\/a><\/p>\n\n\n\n<h2 class=\"wp-block-heading has-text-align-center\" id=\"cursos\"><span id=\"quer-saber-tudo-sobre-concursos-previstosconfira-nossos-artigos\">Quer saber tudo sobre concursos previstos?<br>Confira nossos artigos!<\/span><\/h2>\n\n\n\n\n\n<h2 class=\"wp-block-heading has-text-align-center\" id=\"curso\"><span id=\"quer-estudar-para-concursos-de-direito\">Quer estudar para Concursos de Direito?<\/span><\/h2>\n\n\n\n<p>O Estrat\u00e9gia Carreira Jur\u00eddica \u00e9 campe\u00e3o de aprova\u00e7\u00f5es nos concursos para Carreiras Jur\u00eddicas com um corpo docente qualificado e materiais completos. Conhe\u00e7a nossos cursos e garanta sua aprova\u00e7\u00e3o:<\/p>\n\n\n\n<div class=\"wp-block-cover\" style=\"min-height:155px;aspect-ratio:unset;\"><img decoding=\"async\" width=\"1890\" height=\"351\" class=\"wp-block-cover__image-background wp-image-8669\" alt=\"Assinaturas Jur\u00eddicas\" src=\"https:\/\/cj.estrategia.com\/portal\/wp-content\/uploads\/2022\/06\/20151253\/concurso-carreiras-juridicas-assinatura-juridica.jpg\" style=\"object-position:78% 43%\" data-object-fit=\"cover\" data-object-position=\"78% 43%\" srcset=\"https:\/\/cj.estrategia.com\/portal\/wp-content\/uploads\/2022\/06\/20151253\/concurso-carreiras-juridicas-assinatura-juridica.jpg 1890w, https:\/\/cj.estrategia.com\/portal\/wp-content\/uploads\/2022\/06\/20151253\/concurso-carreiras-juridicas-assinatura-juridica-300x56.jpg 300w, https:\/\/cj.estrategia.com\/portal\/wp-content\/uploads\/2022\/06\/20151253\/concurso-carreiras-juridicas-assinatura-juridica-1024x190.jpg 1024w, https:\/\/cj.estrategia.com\/portal\/wp-content\/uploads\/2022\/06\/20151253\/concurso-carreiras-juridicas-assinatura-juridica-768x143.jpg 768w, https:\/\/cj.estrategia.com\/portal\/wp-content\/uploads\/2022\/06\/20151253\/concurso-carreiras-juridicas-assinatura-juridica-1536x285.jpg 1536w, https:\/\/cj.estrategia.com\/portal\/wp-content\/uploads\/2022\/06\/20151253\/concurso-carreiras-juridicas-assinatura-juridica-380x71.jpg 380w, https:\/\/cj.estrategia.com\/portal\/wp-content\/uploads\/2022\/06\/20151253\/concurso-carreiras-juridicas-assinatura-juridica-800x149.jpg 800w, https:\/\/cj.estrategia.com\/portal\/wp-content\/uploads\/2022\/06\/20151253\/concurso-carreiras-juridicas-assinatura-juridica-1160x215.jpg 1160w\" sizes=\"(max-width: 1890px) 100vw, 1890px\" \/><span aria-hidden=\"true\" class=\"wp-block-cover__background has-background-dim\"><\/span><div class=\"wp-block-cover__inner-container is-layout-flow wp-block-cover-is-layout-flow\">\n<h3 id=\"faca-a-sua-assinatura\" class=\"titulo-assinatura\"><span style=\"color: #ffffff;\">Fa\u00e7a a sua assinatura!<\/span><\/h3>\n<p class=\"subtitulo-assinatura\" style=\"display:block!important; line-height: 0;\"><span style=\"color: #ffffff;\">Escolha a sua \u00e1rea.<\/span><\/p>\n<a target=\"_blank\" href=\"https:\/\/www.estrategiaconcursos.com.br\/assinaturas-ecj\/\" rel=\"noopener\"><button style=\"border-radius: 10px; text-transform: capitalize;\">Acessar<\/button><\/a>\n<\/div><\/div>\n\n\n\n<div id=\"boxes\" class=\"container\">\n<div class=\"row\">\n<div class=\"col-sm\">\n<div id=\"box-assinatura\" class=\"banner-estrategia-concursos-juridicos\">\n<h3 id=\"curso-para-carreiras-juridicas\" class=\"titulo-assinatura\"><span style=\"color: #ffffff; font-size: 23px; \">Curso para Carreiras Jur\u00eddicas<\/span><\/h3>\n<p class=\"subtitulo-assinatura\">Cursos focados no edital do concurso PGM Natal<\/p>\n<div class=\"box-botao\"><a class=\"btn-assinatura-juridica\" role=\"button\" href=\"https:\/\/www.estrategiaconcursos.com.br\/cursosPorConcurso\/pgm-natal-procurador-municipal\/\" target=\"_blank\" rel=\"noopener noreferrer\">Conhe\u00e7a mais<\/a><\/div>\n<\/div>\n<p class=\"texto-auxiliar\">Prepare-se com o melhor material e com quem mais aprova em concursos em todo o pa\u00eds.<\/p>\n<\/div>\n<\/div>\n<\/div>\n","protected":false},"excerpt":{"rendered":"Neste domingo, 16 de julho de 2023, foram aplicadas as provas do&nbsp;concurso PGM Natal.&nbsp;A prova objetiva contou de&hellip;\n","protected":false},"author":12,"featured_media":41694,"comment_status":"open","ping_status":"open","sticky":false,"template":"","format":"standard","meta":{"_jetpack_memberships_contains_paid_content":false,"footnotes":""},"categories":[24],"tags":[],"tax_estado":[35],"class_list":{"0":"post-41681","1":"post","2":"type-post","3":"status-publish","4":"format-standard","5":"has-post-thumbnail","7":"category-procuradoria","8":"tax_estado-ce"},"acf":[],"yoast_head":"<!-- This site is optimized with the Yoast SEO Premium plugin v27.4 (Yoast SEO v27.4) - https:\/\/yoast.com\/product\/yoast-seo-premium-wordpress\/ -->\n<title>Gabarito extraoficial PGM Natal: veja seu desempenho!<\/title>\n<meta name=\"description\" content=\"Acesse o site do Estrat\u00e9gia Carreiras Jur\u00eddicas e confira a transmiss\u00e3o &#039;gabarito extraoficial do concurso PGM Natal&#039;!\" \/>\n<meta name=\"robots\" content=\"index, follow, max-snippet:-1, max-image-preview:large, max-video-preview:-1\" \/>\n<link rel=\"canonical\" href=\"https:\/\/cj.estrategia.com\/portal\/gabarito-extraoficial-pgm-natal\/\" \/>\n<meta property=\"og:locale\" content=\"pt_BR\" \/>\n<meta property=\"og:type\" content=\"article\" \/>\n<meta property=\"og:title\" content=\"Gabarito extraoficial PGM Natal: veja seu desempenho!\" \/>\n<meta property=\"og:description\" content=\"Acesse o site do Estrat\u00e9gia Carreiras Jur\u00eddicas e confira a transmiss\u00e3o &#039;gabarito extraoficial do concurso PGM Natal&#039;!\" \/>\n<meta property=\"og:url\" content=\"https:\/\/cj.estrategia.com\/portal\/gabarito-extraoficial-pgm-natal\/\" \/>\n<meta property=\"og:site_name\" content=\"Blog - Carreiras Jur\u00eddicas - Estrat\u00e9gia\" \/>\n<meta property=\"article:publisher\" content=\"https:\/\/www.facebook.com\/estrategiacarreirajuridica\/\" \/>\n<meta property=\"article:published_time\" content=\"2023-07-18T00:56:00+00:00\" \/>\n<meta property=\"article:modified_time\" content=\"2023-07-20T13:26:46+00:00\" \/>\n<meta property=\"og:image\" content=\"https:\/\/cj.estrategia.com\/portal\/wp-content\/uploads\/2023\/07\/16201558\/YTB_PGM-Natal.jpg\" \/>\n\t<meta property=\"og:image:width\" content=\"1280\" \/>\n\t<meta property=\"og:image:height\" content=\"720\" \/>\n\t<meta property=\"og:image:type\" content=\"image\/jpeg\" \/>\n<meta name=\"author\" content=\"Coordena\u00e7\u00e3o\" \/>\n<meta name=\"twitter:card\" content=\"summary_large_image\" \/>\n<meta name=\"twitter:creator\" content=\"@EstratJuridica\" \/>\n<meta name=\"twitter:site\" content=\"@EstratJuridica\" \/>\n<meta name=\"twitter:label1\" content=\"Escrito por\" \/>\n\t<meta name=\"twitter:data1\" content=\"Coordena\u00e7\u00e3o\" \/>\n\t<meta name=\"twitter:label2\" content=\"Est. tempo de leitura\" \/>\n\t<meta name=\"twitter:data2\" content=\"8 minutos\" \/>\n<script type=\"application\/ld+json\" class=\"yoast-schema-graph\">{\"@context\":\"https:\\\/\\\/schema.org\",\"@graph\":[{\"@type\":\"NewsArticle\",\"@id\":\"https:\\\/\\\/cj.estrategia.com\\\/portal\\\/gabarito-extraoficial-pgm-natal\\\/#article\",\"isPartOf\":{\"@id\":\"https:\\\/\\\/cj.estrategia.com\\\/portal\\\/gabarito-extraoficial-pgm-natal\\\/\"},\"author\":{\"name\":\"Coordena\u00e7\u00e3o\",\"@id\":\"https:\\\/\\\/cj.estrategia.com\\\/portal\\\/#\\\/schema\\\/person\\\/4d70317d31449932b99102916b6637f5\"},\"headline\":\"Gabarito extraoficial PGM Natal: veja seu desempenho!\",\"datePublished\":\"2023-07-18T00:56:00+00:00\",\"dateModified\":\"2023-07-20T13:26:46+00:00\",\"mainEntityOfPage\":{\"@id\":\"https:\\\/\\\/cj.estrategia.com\\\/portal\\\/gabarito-extraoficial-pgm-natal\\\/\"},\"wordCount\":1479,\"commentCount\":0,\"publisher\":{\"@id\":\"https:\\\/\\\/cj.estrategia.com\\\/portal\\\/#organization\"},\"image\":{\"@id\":\"https:\\\/\\\/cj.estrategia.com\\\/portal\\\/gabarito-extraoficial-pgm-natal\\\/#primaryimage\"},\"thumbnailUrl\":\"https:\\\/\\\/cj.estrategia.com\\\/portal\\\/wp-content\\\/uploads\\\/2023\\\/07\\\/16201558\\\/YTB_PGM-Natal.jpg\",\"articleSection\":[\"Procuradoria\"],\"inLanguage\":\"pt-BR\",\"potentialAction\":[{\"@type\":\"CommentAction\",\"name\":\"Comment\",\"target\":[\"https:\\\/\\\/cj.estrategia.com\\\/portal\\\/gabarito-extraoficial-pgm-natal\\\/#respond\"]}]},{\"@type\":\"WebPage\",\"@id\":\"https:\\\/\\\/cj.estrategia.com\\\/portal\\\/gabarito-extraoficial-pgm-natal\\\/\",\"url\":\"https:\\\/\\\/cj.estrategia.com\\\/portal\\\/gabarito-extraoficial-pgm-natal\\\/\",\"name\":\"Gabarito extraoficial PGM Natal: veja seu desempenho!\",\"isPartOf\":{\"@id\":\"https:\\\/\\\/cj.estrategia.com\\\/portal\\\/#website\"},\"primaryImageOfPage\":{\"@id\":\"https:\\\/\\\/cj.estrategia.com\\\/portal\\\/gabarito-extraoficial-pgm-natal\\\/#primaryimage\"},\"image\":{\"@id\":\"https:\\\/\\\/cj.estrategia.com\\\/portal\\\/gabarito-extraoficial-pgm-natal\\\/#primaryimage\"},\"thumbnailUrl\":\"https:\\\/\\\/cj.estrategia.com\\\/portal\\\/wp-content\\\/uploads\\\/2023\\\/07\\\/16201558\\\/YTB_PGM-Natal.jpg\",\"datePublished\":\"2023-07-18T00:56:00+00:00\",\"dateModified\":\"2023-07-20T13:26:46+00:00\",\"description\":\"Acesse o site do Estrat\u00e9gia Carreiras Jur\u00eddicas e confira a transmiss\u00e3o 'gabarito extraoficial do concurso PGM Natal'!\",\"breadcrumb\":{\"@id\":\"https:\\\/\\\/cj.estrategia.com\\\/portal\\\/gabarito-extraoficial-pgm-natal\\\/#breadcrumb\"},\"inLanguage\":\"pt-BR\",\"potentialAction\":[{\"@type\":\"ReadAction\",\"target\":[\"https:\\\/\\\/cj.estrategia.com\\\/portal\\\/gabarito-extraoficial-pgm-natal\\\/\"]}]},{\"@type\":\"ImageObject\",\"inLanguage\":\"pt-BR\",\"@id\":\"https:\\\/\\\/cj.estrategia.com\\\/portal\\\/gabarito-extraoficial-pgm-natal\\\/#primaryimage\",\"url\":\"https:\\\/\\\/cj.estrategia.com\\\/portal\\\/wp-content\\\/uploads\\\/2023\\\/07\\\/16201558\\\/YTB_PGM-Natal.jpg\",\"contentUrl\":\"https:\\\/\\\/cj.estrategia.com\\\/portal\\\/wp-content\\\/uploads\\\/2023\\\/07\\\/16201558\\\/YTB_PGM-Natal.jpg\",\"width\":1280,\"height\":720},{\"@type\":\"BreadcrumbList\",\"@id\":\"https:\\\/\\\/cj.estrategia.com\\\/portal\\\/gabarito-extraoficial-pgm-natal\\\/#breadcrumb\",\"itemListElement\":[{\"@type\":\"ListItem\",\"position\":1,\"name\":\"In\u00edcio\",\"item\":\"https:\\\/\\\/cj.estrategia.com\\\/portal\\\/\"},{\"@type\":\"ListItem\",\"position\":2,\"name\":\"Gabarito extraoficial PGM Natal: veja seu desempenho!\"}]},{\"@type\":\"WebSite\",\"@id\":\"https:\\\/\\\/cj.estrategia.com\\\/portal\\\/#website\",\"url\":\"https:\\\/\\\/cj.estrategia.com\\\/portal\\\/\",\"name\":\"Blog - Carreiras Jur\u00eddicas - Estrat\u00e9gia\",\"description\":\"\",\"publisher\":{\"@id\":\"https:\\\/\\\/cj.estrategia.com\\\/portal\\\/#organization\"},\"potentialAction\":[{\"@type\":\"SearchAction\",\"target\":{\"@type\":\"EntryPoint\",\"urlTemplate\":\"https:\\\/\\\/cj.estrategia.com\\\/portal\\\/?s={search_term_string}\"},\"query-input\":{\"@type\":\"PropertyValueSpecification\",\"valueRequired\":true,\"valueName\":\"search_term_string\"}}],\"inLanguage\":\"pt-BR\"},{\"@type\":\"Organization\",\"@id\":\"https:\\\/\\\/cj.estrategia.com\\\/portal\\\/#organization\",\"name\":\"Estrat\u00e9gia - Carreiras Jur\u00eddicas\",\"url\":\"https:\\\/\\\/cj.estrategia.com\\\/portal\\\/\",\"logo\":{\"@type\":\"ImageObject\",\"inLanguage\":\"pt-BR\",\"@id\":\"https:\\\/\\\/cj.estrategia.com\\\/portal\\\/#\\\/schema\\\/logo\\\/image\\\/\",\"url\":\"https:\\\/\\\/cj.estrategia.com\\\/portal\\\/wp-content\\\/uploads\\\/2022\\\/03\\\/11151052\\\/cj-logo.png\",\"contentUrl\":\"https:\\\/\\\/cj.estrategia.com\\\/portal\\\/wp-content\\\/uploads\\\/2022\\\/03\\\/11151052\\\/cj-logo.png\",\"width\":150,\"height\":39,\"caption\":\"Estrat\u00e9gia - Carreiras Jur\u00eddicas\"},\"image\":{\"@id\":\"https:\\\/\\\/cj.estrategia.com\\\/portal\\\/#\\\/schema\\\/logo\\\/image\\\/\"},\"sameAs\":[\"https:\\\/\\\/www.facebook.com\\\/estrategiacarreirajuridica\\\/\",\"https:\\\/\\\/x.com\\\/EstratJuridica\",\"https:\\\/\\\/www.instagram.com\\\/estrategiacarreirajuridica\\\/\",\"https:\\\/\\\/www.youtube.com\\\/channel\\\/UClbMGuYbj2Mh1m3w144ETWQ\"]},{\"@type\":\"Person\",\"@id\":\"https:\\\/\\\/cj.estrategia.com\\\/portal\\\/#\\\/schema\\\/person\\\/4d70317d31449932b99102916b6637f5\",\"name\":\"Coordena\u00e7\u00e3o\",\"image\":{\"@type\":\"ImageObject\",\"inLanguage\":\"pt-BR\",\"@id\":\"https:\\\/\\\/cj.estrategia.com\\\/portal\\\/wp-content\\\/uploads\\\/2022\\\/05\\\/12164923\\\/estrategia-carreira-juridica-coordenacao-96x96.png\",\"url\":\"https:\\\/\\\/cj.estrategia.com\\\/portal\\\/wp-content\\\/uploads\\\/2022\\\/05\\\/12164923\\\/estrategia-carreira-juridica-coordenacao-96x96.png\",\"contentUrl\":\"https:\\\/\\\/cj.estrategia.com\\\/portal\\\/wp-content\\\/uploads\\\/2022\\\/05\\\/12164923\\\/estrategia-carreira-juridica-coordenacao-96x96.png\",\"caption\":\"Coordena\u00e7\u00e3o\"},\"url\":\"https:\\\/\\\/cj.estrategia.com\\\/portal\\\/author\\\/coordenacao\\\/\"}]}<\/script>\n<!-- \/ Yoast SEO Premium plugin. -->","yoast_head_json":{"title":"Gabarito extraoficial PGM Natal: veja seu desempenho!","description":"Acesse o site do Estrat\u00e9gia Carreiras Jur\u00eddicas e confira a transmiss\u00e3o 'gabarito extraoficial do concurso PGM Natal'!","robots":{"index":"index","follow":"follow","max-snippet":"max-snippet:-1","max-image-preview":"max-image-preview:large","max-video-preview":"max-video-preview:-1"},"canonical":"https:\/\/cj.estrategia.com\/portal\/gabarito-extraoficial-pgm-natal\/","og_locale":"pt_BR","og_type":"article","og_title":"Gabarito extraoficial PGM Natal: veja seu desempenho!","og_description":"Acesse o site do Estrat\u00e9gia Carreiras Jur\u00eddicas e confira a transmiss\u00e3o 'gabarito extraoficial do concurso PGM Natal'!","og_url":"https:\/\/cj.estrategia.com\/portal\/gabarito-extraoficial-pgm-natal\/","og_site_name":"Blog - Carreiras Jur\u00eddicas - Estrat\u00e9gia","article_publisher":"https:\/\/www.facebook.com\/estrategiacarreirajuridica\/","article_published_time":"2023-07-18T00:56:00+00:00","article_modified_time":"2023-07-20T13:26:46+00:00","og_image":[{"width":1280,"height":720,"url":"https:\/\/cj.estrategia.com\/portal\/wp-content\/uploads\/2023\/07\/16201558\/YTB_PGM-Natal.jpg","type":"image\/jpeg"}],"author":"Coordena\u00e7\u00e3o","twitter_card":"summary_large_image","twitter_creator":"@EstratJuridica","twitter_site":"@EstratJuridica","twitter_misc":{"Escrito por":"Coordena\u00e7\u00e3o","Est. tempo de leitura":"8 minutos"},"schema":{"@context":"https:\/\/schema.org","@graph":[{"@type":"NewsArticle","@id":"https:\/\/cj.estrategia.com\/portal\/gabarito-extraoficial-pgm-natal\/#article","isPartOf":{"@id":"https:\/\/cj.estrategia.com\/portal\/gabarito-extraoficial-pgm-natal\/"},"author":{"name":"Coordena\u00e7\u00e3o","@id":"https:\/\/cj.estrategia.com\/portal\/#\/schema\/person\/4d70317d31449932b99102916b6637f5"},"headline":"Gabarito extraoficial PGM Natal: veja seu desempenho!","datePublished":"2023-07-18T00:56:00+00:00","dateModified":"2023-07-20T13:26:46+00:00","mainEntityOfPage":{"@id":"https:\/\/cj.estrategia.com\/portal\/gabarito-extraoficial-pgm-natal\/"},"wordCount":1479,"commentCount":0,"publisher":{"@id":"https:\/\/cj.estrategia.com\/portal\/#organization"},"image":{"@id":"https:\/\/cj.estrategia.com\/portal\/gabarito-extraoficial-pgm-natal\/#primaryimage"},"thumbnailUrl":"https:\/\/cj.estrategia.com\/portal\/wp-content\/uploads\/2023\/07\/16201558\/YTB_PGM-Natal.jpg","articleSection":["Procuradoria"],"inLanguage":"pt-BR","potentialAction":[{"@type":"CommentAction","name":"Comment","target":["https:\/\/cj.estrategia.com\/portal\/gabarito-extraoficial-pgm-natal\/#respond"]}]},{"@type":"WebPage","@id":"https:\/\/cj.estrategia.com\/portal\/gabarito-extraoficial-pgm-natal\/","url":"https:\/\/cj.estrategia.com\/portal\/gabarito-extraoficial-pgm-natal\/","name":"Gabarito extraoficial PGM Natal: veja seu desempenho!","isPartOf":{"@id":"https:\/\/cj.estrategia.com\/portal\/#website"},"primaryImageOfPage":{"@id":"https:\/\/cj.estrategia.com\/portal\/gabarito-extraoficial-pgm-natal\/#primaryimage"},"image":{"@id":"https:\/\/cj.estrategia.com\/portal\/gabarito-extraoficial-pgm-natal\/#primaryimage"},"thumbnailUrl":"https:\/\/cj.estrategia.com\/portal\/wp-content\/uploads\/2023\/07\/16201558\/YTB_PGM-Natal.jpg","datePublished":"2023-07-18T00:56:00+00:00","dateModified":"2023-07-20T13:26:46+00:00","description":"Acesse o site do Estrat\u00e9gia Carreiras Jur\u00eddicas e confira a transmiss\u00e3o 'gabarito extraoficial do concurso PGM Natal'!","breadcrumb":{"@id":"https:\/\/cj.estrategia.com\/portal\/gabarito-extraoficial-pgm-natal\/#breadcrumb"},"inLanguage":"pt-BR","potentialAction":[{"@type":"ReadAction","target":["https:\/\/cj.estrategia.com\/portal\/gabarito-extraoficial-pgm-natal\/"]}]},{"@type":"ImageObject","inLanguage":"pt-BR","@id":"https:\/\/cj.estrategia.com\/portal\/gabarito-extraoficial-pgm-natal\/#primaryimage","url":"https:\/\/cj.estrategia.com\/portal\/wp-content\/uploads\/2023\/07\/16201558\/YTB_PGM-Natal.jpg","contentUrl":"https:\/\/cj.estrategia.com\/portal\/wp-content\/uploads\/2023\/07\/16201558\/YTB_PGM-Natal.jpg","width":1280,"height":720},{"@type":"BreadcrumbList","@id":"https:\/\/cj.estrategia.com\/portal\/gabarito-extraoficial-pgm-natal\/#breadcrumb","itemListElement":[{"@type":"ListItem","position":1,"name":"In\u00edcio","item":"https:\/\/cj.estrategia.com\/portal\/"},{"@type":"ListItem","position":2,"name":"Gabarito extraoficial PGM Natal: veja seu desempenho!"}]},{"@type":"WebSite","@id":"https:\/\/cj.estrategia.com\/portal\/#website","url":"https:\/\/cj.estrategia.com\/portal\/","name":"Blog - Carreiras Jur\u00eddicas - Estrat\u00e9gia","description":"","publisher":{"@id":"https:\/\/cj.estrategia.com\/portal\/#organization"},"potentialAction":[{"@type":"SearchAction","target":{"@type":"EntryPoint","urlTemplate":"https:\/\/cj.estrategia.com\/portal\/?s={search_term_string}"},"query-input":{"@type":"PropertyValueSpecification","valueRequired":true,"valueName":"search_term_string"}}],"inLanguage":"pt-BR"},{"@type":"Organization","@id":"https:\/\/cj.estrategia.com\/portal\/#organization","name":"Estrat\u00e9gia - Carreiras Jur\u00eddicas","url":"https:\/\/cj.estrategia.com\/portal\/","logo":{"@type":"ImageObject","inLanguage":"pt-BR","@id":"https:\/\/cj.estrategia.com\/portal\/#\/schema\/logo\/image\/","url":"https:\/\/cj.estrategia.com\/portal\/wp-content\/uploads\/2022\/03\/11151052\/cj-logo.png","contentUrl":"https:\/\/cj.estrategia.com\/portal\/wp-content\/uploads\/2022\/03\/11151052\/cj-logo.png","width":150,"height":39,"caption":"Estrat\u00e9gia - Carreiras Jur\u00eddicas"},"image":{"@id":"https:\/\/cj.estrategia.com\/portal\/#\/schema\/logo\/image\/"},"sameAs":["https:\/\/www.facebook.com\/estrategiacarreirajuridica\/","https:\/\/x.com\/EstratJuridica","https:\/\/www.instagram.com\/estrategiacarreirajuridica\/","https:\/\/www.youtube.com\/channel\/UClbMGuYbj2Mh1m3w144ETWQ"]},{"@type":"Person","@id":"https:\/\/cj.estrategia.com\/portal\/#\/schema\/person\/4d70317d31449932b99102916b6637f5","name":"Coordena\u00e7\u00e3o","image":{"@type":"ImageObject","inLanguage":"pt-BR","@id":"https:\/\/cj.estrategia.com\/portal\/wp-content\/uploads\/2022\/05\/12164923\/estrategia-carreira-juridica-coordenacao-96x96.png","url":"https:\/\/cj.estrategia.com\/portal\/wp-content\/uploads\/2022\/05\/12164923\/estrategia-carreira-juridica-coordenacao-96x96.png","contentUrl":"https:\/\/cj.estrategia.com\/portal\/wp-content\/uploads\/2022\/05\/12164923\/estrategia-carreira-juridica-coordenacao-96x96.png","caption":"Coordena\u00e7\u00e3o"},"url":"https:\/\/cj.estrategia.com\/portal\/author\/coordenacao\/"}]}},"jetpack_featured_media_url":"https:\/\/cj.estrategia.com\/portal\/wp-content\/uploads\/2023\/07\/16201558\/YTB_PGM-Natal.jpg","jetpack_sharing_enabled":true,"_links":{"self":[{"href":"https:\/\/cj.estrategia.com\/portal\/wp-json\/wp\/v2\/posts\/41681","targetHints":{"allow":["GET"]}}],"collection":[{"href":"https:\/\/cj.estrategia.com\/portal\/wp-json\/wp\/v2\/posts"}],"about":[{"href":"https:\/\/cj.estrategia.com\/portal\/wp-json\/wp\/v2\/types\/post"}],"author":[{"embeddable":true,"href":"https:\/\/cj.estrategia.com\/portal\/wp-json\/wp\/v2\/users\/12"}],"replies":[{"embeddable":true,"href":"https:\/\/cj.estrategia.com\/portal\/wp-json\/wp\/v2\/comments?post=41681"}],"version-history":[{"count":18,"href":"https:\/\/cj.estrategia.com\/portal\/wp-json\/wp\/v2\/posts\/41681\/revisions"}],"predecessor-version":[{"id":42150,"href":"https:\/\/cj.estrategia.com\/portal\/wp-json\/wp\/v2\/posts\/41681\/revisions\/42150"}],"wp:featuredmedia":[{"embeddable":true,"href":"https:\/\/cj.estrategia.com\/portal\/wp-json\/wp\/v2\/media\/41694"}],"wp:attachment":[{"href":"https:\/\/cj.estrategia.com\/portal\/wp-json\/wp\/v2\/media?parent=41681"}],"wp:term":[{"taxonomy":"category","embeddable":true,"href":"https:\/\/cj.estrategia.com\/portal\/wp-json\/wp\/v2\/categories?post=41681"},{"taxonomy":"post_tag","embeddable":true,"href":"https:\/\/cj.estrategia.com\/portal\/wp-json\/wp\/v2\/tags?post=41681"},{"taxonomy":"tax_estado","embeddable":true,"href":"https:\/\/cj.estrategia.com\/portal\/wp-json\/wp\/v2\/tax_estado?post=41681"}],"curies":[{"name":"wp","href":"https:\/\/api.w.org\/{rel}","templated":true}]}}