{"id":41598,"date":"2023-08-06T00:02:00","date_gmt":"2023-08-06T03:02:00","guid":{"rendered":"https:\/\/cj.estrategia.com\/portal\/?p=41598"},"modified":"2023-08-07T07:24:59","modified_gmt":"2023-08-07T10:24:59","slug":"concurso-consultor-juridico-camara-de-salto-sp","status":"publish","type":"post","link":"https:\/\/cj.estrategia.com\/portal\/concurso-consultor-juridico-camara-de-salto-sp\/","title":{"rendered":"Consultor Jur\u00eddico C\u00e2mara de Salto SP: inscri\u00e7\u00f5es encerradas!"},"content":{"rendered":"\n<h3 class=\"wp-block-heading\" id=\"h-a-remuneracao-inicial-do-cargo-e-de-r-9-004-90\"><span id=\"a-remuneracao-inicial-do-cargo-e-de-r-9-00490\">A remunera\u00e7\u00e3o inicial do cargo \u00e9 de R$ 9.004,90!<\/span><\/h3>\n\n\n\n<p>Est\u00e3o encerradas as inscri\u00e7\u00f5es do concurso Consultor Jur\u00eddico C\u00e2mara de Salto SP. As<strong> provas objetiva, discursiva e de t\u00edtulos <\/strong>est\u00e3o previstas para acontecer no dia <strong>17\/09\/2023<\/strong>, no turno da tarde. <\/p>\n\n\n\n<p>S\u00e3o ofertadas 5 vagas em cadastro de reserva para Consultor Jur\u00eddico Parlamentar. <\/p>\n\n\n\n<p class=\"has-very-light-gray-to-cyan-bluish-gray-gradient-background has-background\"><strong>Concurso Consultor Jur\u00eddico C\u00e2mara de Salto SP<\/strong><br><strong>Status<\/strong>: edital publicado\/ inscri\u00e7\u00f5es encerradas<br><strong>Banca:<\/strong> Instituto ACCESS<br><strong>Vagas<\/strong>: 5 CR<br><strong>Remunera\u00e7\u00e3o inicial:\u00a0<\/strong>R$ 9.004,90<br><strong>Edital<\/strong>: <a href=\"https:\/\/cj.estrategia.com\/portal\/wp-content\/uploads\/2023\/07\/15115848\/kFRN12VEIHUBEddknFoVQRKUEXXioWtC34Agsb7G.pdf\" target=\"_blank\" >Consultor Jur\u00eddico C\u00e2mara de Salto SP 2023<\/a><\/p>\n\n\n\n<ul class=\"wp-block-list\">\n<li><a href=\"#atual\">Situa\u00e7\u00e3o atual<\/a><\/li>\n\n\n\n<li><a href=\"#carreira\">Carreira<\/a>\n<ul class=\"wp-block-list\">\n<li><a href=\"#cargo\">Cargos e Vagas<\/a><\/li>\n\n\n\n<li><a href=\"#remunera\u00e7\u00e3o\">Remunera\u00e7\u00e3o<\/a><\/li>\n\n\n\n<li><a href=\"#requisitos\">Requisitos e Atribui\u00e7\u00f5es<\/a><\/li>\n<\/ul>\n<\/li>\n\n\n\n<li><a href=\"#etapas\">Etapas<\/a><\/li>\n\n\n\n<li><a href=\"#curso\">Cursos e Assinaturas<\/a><\/li>\n\n\n\n<li><a href=\"#ficha\">Ficha T\u00e9cnica<\/a><\/li>\n<\/ul>\n\n\n\n<h2 class=\"wp-block-heading\" id=\"atual\"><span id=\"consultor-juridico-camara-de-salto-sp-situacao-atual\">Consultor Jur\u00eddico C\u00e2mara de Salto SP: Situa\u00e7\u00e3o atual <\/span><\/h2>\n\n\n\n<p class=\"has-light-green-cyan-background-color has-background\"><strong>Inscri\u00e7\u00e3o: <s>07\/07 a 06\/08\/2023<\/s><br>Taxa: R$ 70,00<br>Prova Objetiva, Discursiva e entrega de t\u00edtulos: 17\/09\/2023<\/strong><\/p>\n\n\n\n<h2 class=\"wp-block-heading\" id=\"carreira\"><span id=\"consultor-juridico-camara-de-salto-sp-carreira\">Consultor Jur\u00eddico C\u00e2mara de Salto SP: Carreira<\/span><\/h2>\n\n\n\n<h3 class=\"wp-block-heading\" id=\"cargo\"><span id=\"cargos-e-vagas\">Cargos e Vagas<\/span><\/h3>\n\n\n\n<ul class=\"wp-block-list\">\n<li>Consultor Jur\u00eddico Parlamentar \u2013  5 CR<\/li>\n<\/ul>\n\n\n\n<h3 class=\"wp-block-heading\" id=\"remunera\u00e7\u00e3o\"><span id=\"remuneracao\">Remunera\u00e7\u00e3o<\/span><\/h3>\n\n\n\n<ul class=\"wp-block-list\">\n<li>Consultor Jur\u00eddico Parlamentar \u2013 R$ 9.004,90<\/li>\n<\/ul>\n\n\n\n<h3 class=\"wp-block-heading\" id=\"requisito\"><span id=\"requisitos-e-atribuicoes\">Requisitos e Atribui\u00e7\u00f5es <\/span><\/h3>\n\n\n\n<p>Ensino Superior Completo em Direito com inscri\u00e7\u00e3o na OAB e m\u00ednimo de 2 anos de registro junto a OAB. <\/p>\n\n\n\n<p><strong>Atribui\u00e7\u00f5es: <\/strong><\/p>\n\n\n<div class=\"wp-block-image\">\n<figure class=\"aligncenter size-full is-resized\"><img decoding=\"async\" src=\"https:\/\/cj.estrategia.com\/portal\/wp-content\/uploads\/2023\/07\/15115547\/image-13.png\" alt=\"\" class=\"wp-image-41620\" width=\"757\" height=\"333\" srcset=\"https:\/\/cj.estrategia.com\/portal\/wp-content\/uploads\/2023\/07\/15115547\/image-13.png 962w, https:\/\/cj.estrategia.com\/portal\/wp-content\/uploads\/2023\/07\/15115547\/image-13-300x132.png 300w, https:\/\/cj.estrategia.com\/portal\/wp-content\/uploads\/2023\/07\/15115547\/image-13-768x338.png 768w, https:\/\/cj.estrategia.com\/portal\/wp-content\/uploads\/2023\/07\/15115547\/image-13-960x423.png 960w, https:\/\/cj.estrategia.com\/portal\/wp-content\/uploads\/2023\/07\/15115547\/image-13-380x167.png 380w, https:\/\/cj.estrategia.com\/portal\/wp-content\/uploads\/2023\/07\/15115547\/image-13-800x352.png 800w, https:\/\/cj.estrategia.com\/portal\/wp-content\/uploads\/2023\/07\/15115547\/image-13-150x66.png 150w\" sizes=\"(max-width: 757px) 100vw, 757px\" \/><\/figure>\n<\/div>\n\n\n<h2 class=\"wp-block-heading\" id=\"etapa\"><span id=\"consultor-juridico-camara-de-salto-sp-etapas\">Consultor Jur\u00eddico C\u00e2mara de Salto SP: Etapas<\/span><\/h2>\n\n\n\n<h3 id=\"prova-objetiva\" class=\"wp-block-heading\">Prova Objetiva<\/h3>\n\n\n\n<p>As Provas Objetivas ser\u00e3o compostas por quest\u00f5es de m\u00faltipla escolha, com 4 (quatro) alternativas de resposta, sendo uma \u00fanica correta.<\/p>\n\n\n\n<p>As Provas Objetivas ser\u00e3o avaliadas na escala de 0 (zero) a 100 (cem) pontos.<\/p>\n\n\n\n<figure class=\"wp-block-image size-full\"><img decoding=\"async\" width=\"735\" height=\"146\" src=\"https:\/\/cj.estrategia.com\/portal\/wp-content\/uploads\/2023\/07\/15115016\/image-10.png\" alt=\"\" class=\"wp-image-41610\" srcset=\"https:\/\/cj.estrategia.com\/portal\/wp-content\/uploads\/2023\/07\/15115016\/image-10.png 735w, https:\/\/cj.estrategia.com\/portal\/wp-content\/uploads\/2023\/07\/15115016\/image-10-300x60.png 300w, https:\/\/cj.estrategia.com\/portal\/wp-content\/uploads\/2023\/07\/15115016\/image-10-380x75.png 380w, https:\/\/cj.estrategia.com\/portal\/wp-content\/uploads\/2023\/07\/15115016\/image-10-150x30.png 150w\" sizes=\"(max-width: 735px) 100vw, 735px\" \/><\/figure>\n\n\n\n<h3 id=\"prova-discursiva-peca-processual\" class=\"wp-block-heading\">Prova Discursiva  \u2013 Pe\u00e7a Processual <\/h3>\n\n\n\n<p>A Prova Discursiva ser\u00e1 constitu\u00edda de um enunciado para elabora\u00e7\u00e3o de Pe\u00e7a Processual e aplicada na mesma data de aplica\u00e7\u00e3o das Provas Objetivas.<\/p>\n\n\n\n<p>A Prova Discursiva (Pe\u00e7a Processual) tem car\u00e1ter eliminat\u00f3rio e classificat\u00f3rio e ser\u00e1 avaliada na escala de 0 (zero) a 50 (cinquenta) pontos, considerando-se aprovado o candidato que nela obtiver nota igual ou superior a 25 (vinte e cinco) pontos, representando o m\u00ednimo de 50 (cinquenta por cento) do total de pontos.<\/p>\n\n\n\n<p>A Prova Discursiva (Pe\u00e7a Processual) ter\u00e1 o objetivo de avaliar o conhecimento t\u00e9cnico na \u00e1rea de atua\u00e7\u00e3o, a capacidade de express\u00e3o na modalidade escrita e o uso das normas do registro formal culto da L\u00edngua Portuguesa.<\/p>\n\n\n\n<p>A resposta \u00e0 Prova Discursiva (Pe\u00e7a Processual) dever\u00e1 ter a extens\u00e3o m\u00e1xima de 120 (cento e vinte) linhas para o texto.<\/p>\n\n\n\n<p>O candidato dever\u00e1, ao t\u00e9rmino da realiza\u00e7\u00e3o da Prova Discursiva (Pe\u00e7a Processual), obrigatoriamente, devolver as Folhas de Textos Definitivos em que foi transcrita sua resposta, sem qualquer termo que as identifique. Para efeito de avalia\u00e7\u00e3o da Prova Discursiva (Pe\u00e7a Processual), ser\u00e3o considerados os elementos de avalia\u00e7\u00e3o, conforme quadro a seguir:<\/p>\n\n\n<div class=\"wp-block-image\">\n<figure class=\"aligncenter size-full is-resized\"><img decoding=\"async\" src=\"https:\/\/cj.estrategia.com\/portal\/wp-content\/uploads\/2023\/07\/15115305\/image-11.png\" alt=\"\" class=\"wp-image-41616\" width=\"589\" height=\"285\" srcset=\"https:\/\/cj.estrategia.com\/portal\/wp-content\/uploads\/2023\/07\/15115305\/image-11.png 693w, https:\/\/cj.estrategia.com\/portal\/wp-content\/uploads\/2023\/07\/15115305\/image-11-300x145.png 300w, https:\/\/cj.estrategia.com\/portal\/wp-content\/uploads\/2023\/07\/15115305\/image-11-380x184.png 380w, https:\/\/cj.estrategia.com\/portal\/wp-content\/uploads\/2023\/07\/15115305\/image-11-150x73.png 150w\" sizes=\"(max-width: 589px) 100vw, 589px\" \/><\/figure>\n<\/div>\n\n\n<h3 id=\"prova-de-titulos\" class=\"wp-block-heading\">Prova de T\u00edtulos <\/h3>\n\n\n<div class=\"wp-block-image\">\n<figure class=\"aligncenter size-full\"><img decoding=\"async\" width=\"852\" height=\"321\" src=\"https:\/\/cj.estrategia.com\/portal\/wp-content\/uploads\/2023\/07\/15115423\/image-12.png\" alt=\"\" class=\"wp-image-41619\" srcset=\"https:\/\/cj.estrategia.com\/portal\/wp-content\/uploads\/2023\/07\/15115423\/image-12.png 852w, https:\/\/cj.estrategia.com\/portal\/wp-content\/uploads\/2023\/07\/15115423\/image-12-300x113.png 300w, https:\/\/cj.estrategia.com\/portal\/wp-content\/uploads\/2023\/07\/15115423\/image-12-768x289.png 768w, https:\/\/cj.estrategia.com\/portal\/wp-content\/uploads\/2023\/07\/15115423\/image-12-380x143.png 380w, https:\/\/cj.estrategia.com\/portal\/wp-content\/uploads\/2023\/07\/15115423\/image-12-800x301.png 800w, https:\/\/cj.estrategia.com\/portal\/wp-content\/uploads\/2023\/07\/15115423\/image-12-150x57.png 150w\" sizes=\"(max-width: 852px) 100vw, 852px\" \/><\/figure>\n<\/div>\n\n\n<h2 class=\"wp-block-heading has-text-align-center\" id=\"cursos\"><span id=\"quer-saber-tudo-sobre-concursos-previstos-confira-nossos-artigos\">Quer saber tudo sobre concursos previstos? <br>Confira nossos artigos!<\/span><\/h2>\n\n\n\n\n\n<h2 class=\"wp-block-heading has-text-align-center\" id=\"curso\"><span id=\"curso-para-o-concurso\"> <span style=\"font-size: 14pt;\">Curso para o concurso <\/span><\/span><\/h2>\n\n\n\n<div class=\"container\" id=\"boxes\">\n  <div class=\"row\">\n\n    <div class=\"col-sm\">\n      <div class=\"estrategia\" id=\"box-assinatura\">\n        <h3 id=\"assinatura-concursos\" class=\"titulo-assinatura\">Assinatura Concursos<\/h3>\n        <p class=\"subtitulo-assinatura\">Assinatura de 1 ano ou 2 anos<\/p>\n        <div class=\"box-botao\">\n          <a class=\"btn-assinatura\" target=\"_blank\" href=\"https:\/\/www.estrategiaconcursos.com.br\/assinaturas\/\" role=\"button\" rel=\"noopener noreferrer\">ASSINE AGORA<\/a>\n        <\/div>\n      <\/div>\n     \n    <\/div><\/div><\/div>\n\n\n\n<div class=\"wp-block-cover\" style=\"min-height:155px;aspect-ratio:unset;\"><img decoding=\"async\" width=\"1890\" height=\"351\" class=\"wp-block-cover__image-background wp-image-8669\" alt=\"Assinaturas Jur\u00eddicas\" src=\"https:\/\/cj.estrategia.com\/portal\/wp-content\/uploads\/2022\/06\/20151253\/concurso-carreiras-juridicas-assinatura-juridica.jpg\" style=\"object-position:78% 43%\" data-object-fit=\"cover\" data-object-position=\"78% 43%\" srcset=\"https:\/\/cj.estrategia.com\/portal\/wp-content\/uploads\/2022\/06\/20151253\/concurso-carreiras-juridicas-assinatura-juridica.jpg 1890w, https:\/\/cj.estrategia.com\/portal\/wp-content\/uploads\/2022\/06\/20151253\/concurso-carreiras-juridicas-assinatura-juridica-300x56.jpg 300w, https:\/\/cj.estrategia.com\/portal\/wp-content\/uploads\/2022\/06\/20151253\/concurso-carreiras-juridicas-assinatura-juridica-1024x190.jpg 1024w, https:\/\/cj.estrategia.com\/portal\/wp-content\/uploads\/2022\/06\/20151253\/concurso-carreiras-juridicas-assinatura-juridica-768x143.jpg 768w, https:\/\/cj.estrategia.com\/portal\/wp-content\/uploads\/2022\/06\/20151253\/concurso-carreiras-juridicas-assinatura-juridica-1536x285.jpg 1536w, https:\/\/cj.estrategia.com\/portal\/wp-content\/uploads\/2022\/06\/20151253\/concurso-carreiras-juridicas-assinatura-juridica-380x71.jpg 380w, https:\/\/cj.estrategia.com\/portal\/wp-content\/uploads\/2022\/06\/20151253\/concurso-carreiras-juridicas-assinatura-juridica-800x149.jpg 800w, https:\/\/cj.estrategia.com\/portal\/wp-content\/uploads\/2022\/06\/20151253\/concurso-carreiras-juridicas-assinatura-juridica-1160x215.jpg 1160w\" sizes=\"(max-width: 1890px) 100vw, 1890px\" \/><span aria-hidden=\"true\" class=\"wp-block-cover__background has-background-dim\"><\/span><div class=\"wp-block-cover__inner-container is-layout-flow wp-block-cover-is-layout-flow\">\n<h3 id=\"faca-a-sua-assinatura\" class=\"titulo-assinatura\"><span style=\"color: #ffffff;\">Fa\u00e7a a sua assinatura!<\/span><\/h3>\n<p class=\"subtitulo-assinatura\" style=\"display:block!important; line-height: 0;\"><span style=\"color: #ffffff;\">Escolha a sua \u00e1rea.<\/span><\/p>\n<a target=\"_blank\" href=\"https:\/\/www.estrategiaconcursos.com.br\/assinaturas-ecj\/\" rel=\"noopener\"><button style=\"border-radius: 10px; text-transform: capitalize;\">Acessar<\/button><\/a>\n<\/div><\/div>\n\n\n\n<figure class=\"wp-block-image size-large is-resized\"><img decoding=\"async\" src=\"https:\/\/dhg1h5j42swfq.cloudfront.net\/2021\/04\/14141837\/ficha-tecnica-133-1024x632.png\" alt=\"ficha t\u00e9cnica para o concurso advogado carapicu\u00edba\n\" class=\"wp-image-714035\" width=\"168\" height=\"103\"\/><\/figure>\n\n\n\n<h4 class=\"wp-block-heading\" id=\"ficha\"><span id=\"informacoes-sobre-o-concurso-consultor-juridico-camara-de-salto-sp\"><strong><span style=\"font-size: 14pt;\">Informa\u00e7\u00f5es sobre o <\/span>Concurso Consultor Jur\u00eddico C\u00e2mara de Salto SP<\/strong><\/span><\/h4>\n\n\n\n<p>\u25ba<strong>Vagas<\/strong>: 5 CR<br>\u25ba<strong>Cargos<\/strong>: Consultor Jur\u00eddico<br>\u25ba<strong>Banca<\/strong>: Instituto ACCESS<br><strong>Edital<\/strong>: <a href=\"https:\/\/cj.estrategia.com\/portal\/wp-content\/uploads\/2023\/07\/15115848\/kFRN12VEIHUBEddknFoVQRKUEXXioWtC34Agsb7G.pdf\" target=\"_blank\" >Consultor Jur\u00eddico C\u00e2mara de Salto SP 2023<\/a><\/p>\n\n\n\n<p><\/p>\n\n\n\n<p><\/p>\n","protected":false},"excerpt":{"rendered":"A remunera\u00e7\u00e3o inicial do cargo \u00e9 de R$ 9.004,90! Est\u00e3o encerradas as inscri\u00e7\u00f5es do concurso Consultor Jur\u00eddico C\u00e2mara&hellip;\n","protected":false},"author":12,"featured_media":41637,"comment_status":"open","ping_status":"open","sticky":false,"template":"","format":"standard","meta":{"_jetpack_memberships_contains_paid_content":false,"footnotes":""},"categories":[24],"tags":[],"tax_estado":[56],"class_list":{"0":"post-41598","1":"post","2":"type-post","3":"status-publish","4":"format-standard","5":"has-post-thumbnail","7":"category-procuradoria","8":"tax_estado-sp"},"acf":[],"yoast_head":"<!-- This site is optimized with the Yoast SEO Premium plugin v27.5 (Yoast SEO v27.5) - https:\/\/yoast.com\/product\/yoast-seo-premium-wordpress\/ -->\n<title>Consultor Jur\u00eddico C\u00e2mara de Salto SP: inscri\u00e7\u00f5es encerradas!<\/title>\n<meta name=\"description\" content=\"Concurso Consultor Jur\u00eddico C\u00e2mara de Salto SP: inscri\u00e7\u00f5es encerradas! Saiba mais neste artigo.\" \/>\n<meta name=\"robots\" content=\"index, follow, max-snippet:-1, max-image-preview:large, max-video-preview:-1\" \/>\n<link rel=\"canonical\" href=\"https:\/\/cj.estrategia.com\/portal\/concurso-consultor-juridico-camara-de-salto-sp\/\" \/>\n<meta property=\"og:locale\" content=\"pt_BR\" \/>\n<meta property=\"og:type\" content=\"article\" \/>\n<meta property=\"og:title\" content=\"Consultor Jur\u00eddico C\u00e2mara de Salto SP: inscri\u00e7\u00f5es encerradas!\" \/>\n<meta property=\"og:description\" content=\"Concurso Consultor Jur\u00eddico C\u00e2mara de Salto SP: inscri\u00e7\u00f5es encerradas! Saiba mais neste artigo.\" \/>\n<meta property=\"og:url\" content=\"https:\/\/cj.estrategia.com\/portal\/concurso-consultor-juridico-camara-de-salto-sp\/\" \/>\n<meta property=\"og:site_name\" content=\"Blog - Carreiras Jur\u00eddicas - Estrat\u00e9gia\" \/>\n<meta property=\"article:publisher\" content=\"https:\/\/www.facebook.com\/estrategiacarreirajuridica\/\" \/>\n<meta property=\"article:published_time\" content=\"2023-08-06T03:02:00+00:00\" \/>\n<meta property=\"article:modified_time\" content=\"2023-08-07T10:24:59+00:00\" \/>\n<meta property=\"og:image\" content=\"https:\/\/cj.estrategia.com\/portal\/wp-content\/uploads\/2023\/07\/15120727\/8-sessao-noticia.jpg\" \/>\n\t<meta property=\"og:image:width\" content=\"500\" \/>\n\t<meta property=\"og:image:height\" content=\"320\" \/>\n\t<meta property=\"og:image:type\" content=\"image\/jpeg\" \/>\n<meta name=\"author\" content=\"Coordena\u00e7\u00e3o\" \/>\n<meta name=\"twitter:card\" content=\"summary_large_image\" \/>\n<meta name=\"twitter:creator\" content=\"@EstratJuridica\" \/>\n<meta name=\"twitter:site\" content=\"@EstratJuridica\" \/>\n<meta name=\"twitter:label1\" content=\"Escrito por\" \/>\n\t<meta name=\"twitter:data1\" content=\"Coordena\u00e7\u00e3o\" \/>\n\t<meta name=\"twitter:label2\" content=\"Est. tempo de leitura\" \/>\n\t<meta name=\"twitter:data2\" content=\"4 minutos\" \/>\n<script type=\"application\/ld+json\" class=\"yoast-schema-graph\">{\"@context\":\"https:\\\/\\\/schema.org\",\"@graph\":[{\"@type\":\"NewsArticle\",\"@id\":\"https:\\\/\\\/cj.estrategia.com\\\/portal\\\/concurso-consultor-juridico-camara-de-salto-sp\\\/#article\",\"isPartOf\":{\"@id\":\"https:\\\/\\\/cj.estrategia.com\\\/portal\\\/concurso-consultor-juridico-camara-de-salto-sp\\\/\"},\"author\":{\"name\":\"Coordena\u00e7\u00e3o\",\"@id\":\"https:\\\/\\\/cj.estrategia.com\\\/portal\\\/#\\\/schema\\\/person\\\/4d70317d31449932b99102916b6637f5\"},\"headline\":\"Consultor Jur\u00eddico C\u00e2mara de Salto SP: inscri\u00e7\u00f5es encerradas!\",\"datePublished\":\"2023-08-06T03:02:00+00:00\",\"dateModified\":\"2023-08-07T10:24:59+00:00\",\"mainEntityOfPage\":{\"@id\":\"https:\\\/\\\/cj.estrategia.com\\\/portal\\\/concurso-consultor-juridico-camara-de-salto-sp\\\/\"},\"wordCount\":504,\"commentCount\":0,\"publisher\":{\"@id\":\"https:\\\/\\\/cj.estrategia.com\\\/portal\\\/#organization\"},\"image\":{\"@id\":\"https:\\\/\\\/cj.estrategia.com\\\/portal\\\/concurso-consultor-juridico-camara-de-salto-sp\\\/#primaryimage\"},\"thumbnailUrl\":\"https:\\\/\\\/cj.estrategia.com\\\/portal\\\/wp-content\\\/uploads\\\/2023\\\/07\\\/15120727\\\/8-sessao-noticia.jpg\",\"articleSection\":[\"Procuradoria\"],\"inLanguage\":\"pt-BR\",\"potentialAction\":[{\"@type\":\"CommentAction\",\"name\":\"Comment\",\"target\":[\"https:\\\/\\\/cj.estrategia.com\\\/portal\\\/concurso-consultor-juridico-camara-de-salto-sp\\\/#respond\"]}]},{\"@type\":\"WebPage\",\"@id\":\"https:\\\/\\\/cj.estrategia.com\\\/portal\\\/concurso-consultor-juridico-camara-de-salto-sp\\\/\",\"url\":\"https:\\\/\\\/cj.estrategia.com\\\/portal\\\/concurso-consultor-juridico-camara-de-salto-sp\\\/\",\"name\":\"Consultor Jur\u00eddico C\u00e2mara de Salto SP: inscri\u00e7\u00f5es encerradas!\",\"isPartOf\":{\"@id\":\"https:\\\/\\\/cj.estrategia.com\\\/portal\\\/#website\"},\"primaryImageOfPage\":{\"@id\":\"https:\\\/\\\/cj.estrategia.com\\\/portal\\\/concurso-consultor-juridico-camara-de-salto-sp\\\/#primaryimage\"},\"image\":{\"@id\":\"https:\\\/\\\/cj.estrategia.com\\\/portal\\\/concurso-consultor-juridico-camara-de-salto-sp\\\/#primaryimage\"},\"thumbnailUrl\":\"https:\\\/\\\/cj.estrategia.com\\\/portal\\\/wp-content\\\/uploads\\\/2023\\\/07\\\/15120727\\\/8-sessao-noticia.jpg\",\"datePublished\":\"2023-08-06T03:02:00+00:00\",\"dateModified\":\"2023-08-07T10:24:59+00:00\",\"description\":\"Concurso Consultor Jur\u00eddico C\u00e2mara de Salto SP: inscri\u00e7\u00f5es encerradas! Saiba mais neste artigo.\",\"breadcrumb\":{\"@id\":\"https:\\\/\\\/cj.estrategia.com\\\/portal\\\/concurso-consultor-juridico-camara-de-salto-sp\\\/#breadcrumb\"},\"inLanguage\":\"pt-BR\",\"potentialAction\":[{\"@type\":\"ReadAction\",\"target\":[\"https:\\\/\\\/cj.estrategia.com\\\/portal\\\/concurso-consultor-juridico-camara-de-salto-sp\\\/\"]}]},{\"@type\":\"ImageObject\",\"inLanguage\":\"pt-BR\",\"@id\":\"https:\\\/\\\/cj.estrategia.com\\\/portal\\\/concurso-consultor-juridico-camara-de-salto-sp\\\/#primaryimage\",\"url\":\"https:\\\/\\\/cj.estrategia.com\\\/portal\\\/wp-content\\\/uploads\\\/2023\\\/07\\\/15120727\\\/8-sessao-noticia.jpg\",\"contentUrl\":\"https:\\\/\\\/cj.estrategia.com\\\/portal\\\/wp-content\\\/uploads\\\/2023\\\/07\\\/15120727\\\/8-sessao-noticia.jpg\",\"width\":500,\"height\":320,\"caption\":\"c\u00e2mara de salto sp\"},{\"@type\":\"BreadcrumbList\",\"@id\":\"https:\\\/\\\/cj.estrategia.com\\\/portal\\\/concurso-consultor-juridico-camara-de-salto-sp\\\/#breadcrumb\",\"itemListElement\":[{\"@type\":\"ListItem\",\"position\":1,\"name\":\"In\u00edcio\",\"item\":\"https:\\\/\\\/cj.estrategia.com\\\/portal\\\/\"},{\"@type\":\"ListItem\",\"position\":2,\"name\":\"Consultor Jur\u00eddico C\u00e2mara de Salto SP: inscri\u00e7\u00f5es encerradas!\"}]},{\"@type\":\"WebSite\",\"@id\":\"https:\\\/\\\/cj.estrategia.com\\\/portal\\\/#website\",\"url\":\"https:\\\/\\\/cj.estrategia.com\\\/portal\\\/\",\"name\":\"Blog - Carreiras Jur\u00eddicas - Estrat\u00e9gia\",\"description\":\"\",\"publisher\":{\"@id\":\"https:\\\/\\\/cj.estrategia.com\\\/portal\\\/#organization\"},\"potentialAction\":[{\"@type\":\"SearchAction\",\"target\":{\"@type\":\"EntryPoint\",\"urlTemplate\":\"https:\\\/\\\/cj.estrategia.com\\\/portal\\\/?s={search_term_string}\"},\"query-input\":{\"@type\":\"PropertyValueSpecification\",\"valueRequired\":true,\"valueName\":\"search_term_string\"}}],\"inLanguage\":\"pt-BR\"},{\"@type\":\"Organization\",\"@id\":\"https:\\\/\\\/cj.estrategia.com\\\/portal\\\/#organization\",\"name\":\"Estrat\u00e9gia - Carreiras Jur\u00eddicas\",\"url\":\"https:\\\/\\\/cj.estrategia.com\\\/portal\\\/\",\"logo\":{\"@type\":\"ImageObject\",\"inLanguage\":\"pt-BR\",\"@id\":\"https:\\\/\\\/cj.estrategia.com\\\/portal\\\/#\\\/schema\\\/logo\\\/image\\\/\",\"url\":\"https:\\\/\\\/cj.estrategia.com\\\/portal\\\/wp-content\\\/uploads\\\/2022\\\/03\\\/11151052\\\/cj-logo.png\",\"contentUrl\":\"https:\\\/\\\/cj.estrategia.com\\\/portal\\\/wp-content\\\/uploads\\\/2022\\\/03\\\/11151052\\\/cj-logo.png\",\"width\":150,\"height\":39,\"caption\":\"Estrat\u00e9gia - Carreiras Jur\u00eddicas\"},\"image\":{\"@id\":\"https:\\\/\\\/cj.estrategia.com\\\/portal\\\/#\\\/schema\\\/logo\\\/image\\\/\"},\"sameAs\":[\"https:\\\/\\\/www.facebook.com\\\/estrategiacarreirajuridica\\\/\",\"https:\\\/\\\/x.com\\\/EstratJuridica\",\"https:\\\/\\\/www.instagram.com\\\/estrategiacarreirajuridica\\\/\",\"https:\\\/\\\/www.youtube.com\\\/channel\\\/UClbMGuYbj2Mh1m3w144ETWQ\"]},{\"@type\":\"Person\",\"@id\":\"https:\\\/\\\/cj.estrategia.com\\\/portal\\\/#\\\/schema\\\/person\\\/4d70317d31449932b99102916b6637f5\",\"name\":\"Coordena\u00e7\u00e3o\",\"image\":{\"@type\":\"ImageObject\",\"inLanguage\":\"pt-BR\",\"@id\":\"https:\\\/\\\/cj.estrategia.com\\\/portal\\\/wp-content\\\/uploads\\\/2022\\\/05\\\/12164923\\\/estrategia-carreira-juridica-coordenacao-96x96.png\",\"url\":\"https:\\\/\\\/cj.estrategia.com\\\/portal\\\/wp-content\\\/uploads\\\/2022\\\/05\\\/12164923\\\/estrategia-carreira-juridica-coordenacao-96x96.png\",\"contentUrl\":\"https:\\\/\\\/cj.estrategia.com\\\/portal\\\/wp-content\\\/uploads\\\/2022\\\/05\\\/12164923\\\/estrategia-carreira-juridica-coordenacao-96x96.png\",\"caption\":\"Coordena\u00e7\u00e3o\"},\"url\":\"https:\\\/\\\/cj.estrategia.com\\\/portal\\\/author\\\/coordenacao\\\/\"}]}<\/script>\n<!-- \/ Yoast SEO Premium plugin. -->","yoast_head_json":{"title":"Consultor Jur\u00eddico C\u00e2mara de Salto SP: inscri\u00e7\u00f5es encerradas!","description":"Concurso Consultor Jur\u00eddico C\u00e2mara de Salto SP: inscri\u00e7\u00f5es encerradas! Saiba mais neste artigo.","robots":{"index":"index","follow":"follow","max-snippet":"max-snippet:-1","max-image-preview":"max-image-preview:large","max-video-preview":"max-video-preview:-1"},"canonical":"https:\/\/cj.estrategia.com\/portal\/concurso-consultor-juridico-camara-de-salto-sp\/","og_locale":"pt_BR","og_type":"article","og_title":"Consultor Jur\u00eddico C\u00e2mara de Salto SP: inscri\u00e7\u00f5es encerradas!","og_description":"Concurso Consultor Jur\u00eddico C\u00e2mara de Salto SP: inscri\u00e7\u00f5es encerradas! Saiba mais neste artigo.","og_url":"https:\/\/cj.estrategia.com\/portal\/concurso-consultor-juridico-camara-de-salto-sp\/","og_site_name":"Blog - Carreiras Jur\u00eddicas - Estrat\u00e9gia","article_publisher":"https:\/\/www.facebook.com\/estrategiacarreirajuridica\/","article_published_time":"2023-08-06T03:02:00+00:00","article_modified_time":"2023-08-07T10:24:59+00:00","og_image":[{"width":500,"height":320,"url":"https:\/\/cj.estrategia.com\/portal\/wp-content\/uploads\/2023\/07\/15120727\/8-sessao-noticia.jpg","type":"image\/jpeg"}],"author":"Coordena\u00e7\u00e3o","twitter_card":"summary_large_image","twitter_creator":"@EstratJuridica","twitter_site":"@EstratJuridica","twitter_misc":{"Escrito por":"Coordena\u00e7\u00e3o","Est. tempo de leitura":"4 minutos"},"schema":{"@context":"https:\/\/schema.org","@graph":[{"@type":"NewsArticle","@id":"https:\/\/cj.estrategia.com\/portal\/concurso-consultor-juridico-camara-de-salto-sp\/#article","isPartOf":{"@id":"https:\/\/cj.estrategia.com\/portal\/concurso-consultor-juridico-camara-de-salto-sp\/"},"author":{"name":"Coordena\u00e7\u00e3o","@id":"https:\/\/cj.estrategia.com\/portal\/#\/schema\/person\/4d70317d31449932b99102916b6637f5"},"headline":"Consultor Jur\u00eddico C\u00e2mara de Salto SP: inscri\u00e7\u00f5es encerradas!","datePublished":"2023-08-06T03:02:00+00:00","dateModified":"2023-08-07T10:24:59+00:00","mainEntityOfPage":{"@id":"https:\/\/cj.estrategia.com\/portal\/concurso-consultor-juridico-camara-de-salto-sp\/"},"wordCount":504,"commentCount":0,"publisher":{"@id":"https:\/\/cj.estrategia.com\/portal\/#organization"},"image":{"@id":"https:\/\/cj.estrategia.com\/portal\/concurso-consultor-juridico-camara-de-salto-sp\/#primaryimage"},"thumbnailUrl":"https:\/\/cj.estrategia.com\/portal\/wp-content\/uploads\/2023\/07\/15120727\/8-sessao-noticia.jpg","articleSection":["Procuradoria"],"inLanguage":"pt-BR","potentialAction":[{"@type":"CommentAction","name":"Comment","target":["https:\/\/cj.estrategia.com\/portal\/concurso-consultor-juridico-camara-de-salto-sp\/#respond"]}]},{"@type":"WebPage","@id":"https:\/\/cj.estrategia.com\/portal\/concurso-consultor-juridico-camara-de-salto-sp\/","url":"https:\/\/cj.estrategia.com\/portal\/concurso-consultor-juridico-camara-de-salto-sp\/","name":"Consultor Jur\u00eddico C\u00e2mara de Salto SP: inscri\u00e7\u00f5es encerradas!","isPartOf":{"@id":"https:\/\/cj.estrategia.com\/portal\/#website"},"primaryImageOfPage":{"@id":"https:\/\/cj.estrategia.com\/portal\/concurso-consultor-juridico-camara-de-salto-sp\/#primaryimage"},"image":{"@id":"https:\/\/cj.estrategia.com\/portal\/concurso-consultor-juridico-camara-de-salto-sp\/#primaryimage"},"thumbnailUrl":"https:\/\/cj.estrategia.com\/portal\/wp-content\/uploads\/2023\/07\/15120727\/8-sessao-noticia.jpg","datePublished":"2023-08-06T03:02:00+00:00","dateModified":"2023-08-07T10:24:59+00:00","description":"Concurso Consultor Jur\u00eddico C\u00e2mara de Salto SP: inscri\u00e7\u00f5es encerradas! Saiba mais neste artigo.","breadcrumb":{"@id":"https:\/\/cj.estrategia.com\/portal\/concurso-consultor-juridico-camara-de-salto-sp\/#breadcrumb"},"inLanguage":"pt-BR","potentialAction":[{"@type":"ReadAction","target":["https:\/\/cj.estrategia.com\/portal\/concurso-consultor-juridico-camara-de-salto-sp\/"]}]},{"@type":"ImageObject","inLanguage":"pt-BR","@id":"https:\/\/cj.estrategia.com\/portal\/concurso-consultor-juridico-camara-de-salto-sp\/#primaryimage","url":"https:\/\/cj.estrategia.com\/portal\/wp-content\/uploads\/2023\/07\/15120727\/8-sessao-noticia.jpg","contentUrl":"https:\/\/cj.estrategia.com\/portal\/wp-content\/uploads\/2023\/07\/15120727\/8-sessao-noticia.jpg","width":500,"height":320,"caption":"c\u00e2mara de salto sp"},{"@type":"BreadcrumbList","@id":"https:\/\/cj.estrategia.com\/portal\/concurso-consultor-juridico-camara-de-salto-sp\/#breadcrumb","itemListElement":[{"@type":"ListItem","position":1,"name":"In\u00edcio","item":"https:\/\/cj.estrategia.com\/portal\/"},{"@type":"ListItem","position":2,"name":"Consultor Jur\u00eddico C\u00e2mara de Salto SP: inscri\u00e7\u00f5es encerradas!"}]},{"@type":"WebSite","@id":"https:\/\/cj.estrategia.com\/portal\/#website","url":"https:\/\/cj.estrategia.com\/portal\/","name":"Blog - Carreiras Jur\u00eddicas - Estrat\u00e9gia","description":"","publisher":{"@id":"https:\/\/cj.estrategia.com\/portal\/#organization"},"potentialAction":[{"@type":"SearchAction","target":{"@type":"EntryPoint","urlTemplate":"https:\/\/cj.estrategia.com\/portal\/?s={search_term_string}"},"query-input":{"@type":"PropertyValueSpecification","valueRequired":true,"valueName":"search_term_string"}}],"inLanguage":"pt-BR"},{"@type":"Organization","@id":"https:\/\/cj.estrategia.com\/portal\/#organization","name":"Estrat\u00e9gia - Carreiras Jur\u00eddicas","url":"https:\/\/cj.estrategia.com\/portal\/","logo":{"@type":"ImageObject","inLanguage":"pt-BR","@id":"https:\/\/cj.estrategia.com\/portal\/#\/schema\/logo\/image\/","url":"https:\/\/cj.estrategia.com\/portal\/wp-content\/uploads\/2022\/03\/11151052\/cj-logo.png","contentUrl":"https:\/\/cj.estrategia.com\/portal\/wp-content\/uploads\/2022\/03\/11151052\/cj-logo.png","width":150,"height":39,"caption":"Estrat\u00e9gia - Carreiras Jur\u00eddicas"},"image":{"@id":"https:\/\/cj.estrategia.com\/portal\/#\/schema\/logo\/image\/"},"sameAs":["https:\/\/www.facebook.com\/estrategiacarreirajuridica\/","https:\/\/x.com\/EstratJuridica","https:\/\/www.instagram.com\/estrategiacarreirajuridica\/","https:\/\/www.youtube.com\/channel\/UClbMGuYbj2Mh1m3w144ETWQ"]},{"@type":"Person","@id":"https:\/\/cj.estrategia.com\/portal\/#\/schema\/person\/4d70317d31449932b99102916b6637f5","name":"Coordena\u00e7\u00e3o","image":{"@type":"ImageObject","inLanguage":"pt-BR","@id":"https:\/\/cj.estrategia.com\/portal\/wp-content\/uploads\/2022\/05\/12164923\/estrategia-carreira-juridica-coordenacao-96x96.png","url":"https:\/\/cj.estrategia.com\/portal\/wp-content\/uploads\/2022\/05\/12164923\/estrategia-carreira-juridica-coordenacao-96x96.png","contentUrl":"https:\/\/cj.estrategia.com\/portal\/wp-content\/uploads\/2022\/05\/12164923\/estrategia-carreira-juridica-coordenacao-96x96.png","caption":"Coordena\u00e7\u00e3o"},"url":"https:\/\/cj.estrategia.com\/portal\/author\/coordenacao\/"}]}},"jetpack_featured_media_url":"https:\/\/cj.estrategia.com\/portal\/wp-content\/uploads\/2023\/07\/15120727\/8-sessao-noticia.jpg","jetpack_sharing_enabled":true,"_links":{"self":[{"href":"https:\/\/cj.estrategia.com\/portal\/wp-json\/wp\/v2\/posts\/41598","targetHints":{"allow":["GET"]}}],"collection":[{"href":"https:\/\/cj.estrategia.com\/portal\/wp-json\/wp\/v2\/posts"}],"about":[{"href":"https:\/\/cj.estrategia.com\/portal\/wp-json\/wp\/v2\/types\/post"}],"author":[{"embeddable":true,"href":"https:\/\/cj.estrategia.com\/portal\/wp-json\/wp\/v2\/users\/12"}],"replies":[{"embeddable":true,"href":"https:\/\/cj.estrategia.com\/portal\/wp-json\/wp\/v2\/comments?post=41598"}],"version-history":[{"count":0,"href":"https:\/\/cj.estrategia.com\/portal\/wp-json\/wp\/v2\/posts\/41598\/revisions"}],"wp:featuredmedia":[{"embeddable":true,"href":"https:\/\/cj.estrategia.com\/portal\/wp-json\/wp\/v2\/media\/41637"}],"wp:attachment":[{"href":"https:\/\/cj.estrategia.com\/portal\/wp-json\/wp\/v2\/media?parent=41598"}],"wp:term":[{"taxonomy":"category","embeddable":true,"href":"https:\/\/cj.estrategia.com\/portal\/wp-json\/wp\/v2\/categories?post=41598"},{"taxonomy":"post_tag","embeddable":true,"href":"https:\/\/cj.estrategia.com\/portal\/wp-json\/wp\/v2\/tags?post=41598"},{"taxonomy":"tax_estado","embeddable":true,"href":"https:\/\/cj.estrategia.com\/portal\/wp-json\/wp\/v2\/tax_estado?post=41598"}],"curies":[{"name":"wp","href":"https:\/\/api.w.org\/{rel}","templated":true}]}}