{"id":41152,"date":"2023-07-10T16:59:02","date_gmt":"2023-07-10T19:59:02","guid":{"rendered":"https:\/\/cj.estrategia.com\/portal\/?p=41152"},"modified":"2023-07-10T16:59:05","modified_gmt":"2023-07-10T19:59:05","slug":"prova-comentada-direito-civil-delegado-al","status":"publish","type":"post","link":"https:\/\/cj.estrategia.com\/portal\/prova-comentada-direito-civil-delegado-al\/","title":{"rendered":"Prova comentada Direito Civil Delegado AL!"},"content":{"rendered":"\n<p>Ol\u00e1, pessoal, tudo certo?!<\/p>\n\n\n\n<p>Em 09\/07\/2023, foi aplicada a prova objetiva do concurso p\u00fablico para <strong>Delegado de Pol\u00edcia Civil do Estado de Alagoas<\/strong>. Assim que encerrada, nosso time de professores elaborou o gabarito extraoficial, que, agora, ser\u00e1 apresentado juntamente com a nossa <strong>PROVA COMENTADA<\/strong>.<\/p>\n\n\n\n<p>Este material visa a auxili\u00e1-los na aferi\u00e7\u00e3o das notas, elabora\u00e7\u00e3o de eventuais recursos, verifica\u00e7\u00e3o das chances de avan\u00e7o para fase discursiva, bem como na revis\u00e3o do conte\u00fado cobrado no certame.<\/p>\n\n\n\n<p>Desde j\u00e1, destacamos que nosso time de professores identificou 5 quest\u00f5es pass\u00edveis de recurso, por apresentarem diverg\u00eancia, ou estarem incompletas, como veremos adiante. No tipo de prova comentado, trata-se das quest\u00f5es 28, 81, 115, 116 e 117.<\/p>\n\n\n\n<p>De modo complementar, elaboramos tamb\u00e9m o <a href=\"https:\/\/cj.estrategia.com\/cadernos-e-simulados\/simulados\/565463ad-b084-49c7-9e73-0189296ae991\" target=\"_blank\" rel=\"noreferrer noopener nofollow\"><strong>RANKING da PC-AL<\/strong>,<\/a> em que nossos alunos e seguidores poder\u00e3o inserir suas respostas \u00e0 prova, e, ao final, aferir sua nota, de acordo com o gabarito elaborado por nossos professores. Atrav\u00e9s do ranking, tamb\u00e9m poderemos estimar a nota de corte da 1\u00ba fase. Essa ferramenta \u00e9 gratuita e, para participar, basta clicar no link abaixo:<\/p>\n\n\n\n<p>Al\u00e9m disso, montamos um caderno para nossos seguidores, alunos ou n\u00e3o, verem os coment\u00e1rios e comentar as quest\u00f5es da prova:  Clique <strong><a href=\"https:\/\/cj.estrategia.com\/cadernos-e-simulados\/cadernos\/48b5254e-c48f-4184-9181-0526ecbbe941\" target=\"_blank\" rel=\"noreferrer noopener nofollow\">AQUI<\/a> <\/strong>e acesse! <\/p>\n\n\n\n<p>Por fim, comentaremos a prova, as quest\u00f5es mais pol\u00eamicas, as possibilidades de recurso, bem como a estimativa da nota de corte no <a href=\"https:\/\/www.youtube.com\/@EstrategiaCarreiraJuridica\" target=\"_blank\" rel=\"noreferrer noopener nofollow\"><strong>TERM\u00d4METRO P\u00d3S-PROVA<\/strong>,<\/a> no nosso canal do Youtube. Inscreva-se e ative as notifica\u00e7\u00f5es!<\/p>\n\n\n\n<p>Voc\u00eas tamb\u00e9m poder\u00e3o acompanhar todos os eventos atrav\u00e9s deste link:&nbsp;<\/p>\n\n\n\n<p class=\"has-text-align-center\"><a href=\"https:\/\/cj.estrategia.com\/portal\/gabarito-extraoficial-concurso-delegado-al\/\">Gabarito Extraoficial PC-AL Delegado: confira a corre\u00e7\u00e3o!<\/a><\/p>\n\n\n\n<h2 class=\"wp-block-heading\" id=\"h-prova-comentada-direito-civil\"><span id=\"prova-comentada-direito-civil\"><mark style=\"background-color:rgba(0, 0, 0, 0)\" class=\"has-inline-color has-vivid-red-color\">Prova Comentada Direito Civil<\/mark><\/span><\/h2>\n\n\n\n<p><strong>Julgue os itens a seguir, acerca dos neg\u00f3cios jur\u00eddicos.<\/strong><\/p>\n\n\n\n<p><strong>QUEST\u00c3O 83. Agente capaz, objeto l\u00edcito e norma prescrita ou n\u00e3o proibida em lei s\u00e3o requisitos para a validade de um neg\u00f3cio jur\u00eddico.<\/strong><\/p>\n\n\n\n<p><strong>Coment\u00e1rios<\/strong><\/p>\n\n\n\n<p><strong>ERRADO<\/strong><\/p>\n\n\n\n<p>A quest\u00e3o est\u00e1 incorreta. O art. 104 do C\u00f3digo Civil exige \u201cforma prescrita ou n\u00e3o defesa em lei\u201d, e n\u00e3o \u201cnorma prescrita ou n\u00e3o proibida em lei\u201d, como indica a quest\u00e3o. Veja: \u201cArt. 104. A validade do neg\u00f3cio jur\u00eddico requer: I &#8211; agente capaz; II &#8211; objeto l\u00edcito, poss\u00edvel, determinado ou determin\u00e1vel; III &#8211; forma prescrita ou n\u00e3o defesa em lei\u201d.<\/p>\n\n\n\n<p><strong>QUEST\u00c3O 84.<\/strong> <strong>A cl\u00e1usula condicional, que deriva exclusivamente da vontade das partes, condiciona o efeito do neg\u00f3cio jur\u00eddico a evento futuro e incerto.<\/strong><\/p>\n\n\n\n<p><strong>Coment\u00e1rios<\/strong><\/p>\n\n\n\n<p><strong>CERTO<\/strong><\/p>\n\n\n\n<p>A quest\u00e3o est\u00e1 correta. Conforme estabelece o art. 121 do C\u00f3digo Civil, \u201cConsidera-se condi\u00e7\u00e3o a cl\u00e1usula que, derivando exclusivamente da vontade das partes, subordina o efeito do neg\u00f3cio jur\u00eddico a evento futuro e incerto\u201d.<\/p>\n\n\n\n<p><strong>QUEST\u00c3O 85.<\/strong> <strong>A interpreta\u00e7\u00e3o do neg\u00f3cio jur\u00eddico independe da confirma\u00e7\u00e3o de sentido pelo comportamento posterior das partes \u00e0 sua celebra\u00e7\u00e3o.<\/strong><\/p>\n\n\n\n<p><strong>Coment\u00e1rios<\/strong><\/p>\n\n\n\n<p><strong>ERRADO<\/strong><\/p>\n\n\n\n<p>A quest\u00e3o est\u00e1 incorreta. Em 2019, foi editada a Lei n\u00ba 13.874\/2019 que instituiu a Declara\u00e7\u00e3o de Direitos de Liberdade Econ\u00f4mica. Referida legisla\u00e7\u00e3o acrescentou novos dispositivos, inclusive no C\u00f3digo Civil. Dentre eles, foi acrescentado o \u00a71\u00ba ao art. 113, que disp\u00f5e sobre a interpreta\u00e7\u00e3o dos neg\u00f3cios jur\u00eddicos. Com efeito, conforme inc. I do \u00a71\u00ba do art. 113 do CC, a interpreta\u00e7\u00e3o do neg\u00f3cio jur\u00eddico deve sim levar em conta o comportamento das partes ap\u00f3s sua celebra\u00e7\u00e3o: \u201cArt. 113. Os neg\u00f3cios jur\u00eddicos devem ser interpretados conforme a boa-f\u00e9 e os usos do lugar de sua celebra\u00e7\u00e3o. \u00a7 1\u00ba A interpreta\u00e7\u00e3o do neg\u00f3cio jur\u00eddico deve lhe atribuir o sentido que: I &#8211; for confirmado pelo comportamento das partes posterior \u00e0 celebra\u00e7\u00e3o do neg\u00f3cio; [&#8230;]\u201d.<\/p>\n\n\n\n<p><strong>QUEST\u00c3O 86.<\/strong> <strong>O neg\u00f3cio jur\u00eddico \u00e9 nulo por v\u00edcio resultante de dolo ou coa\u00e7\u00e3o.<\/strong><\/p>\n\n\n\n<p><strong>Coment\u00e1rios<\/strong><\/p>\n\n\n\n<p><strong>ERRADO<\/strong><\/p>\n\n\n\n<p>A quest\u00e3o est\u00e1 incorreta. O dolo e a coa\u00e7\u00e3o s\u00e3o v\u00edcios de consentimento que podem gerar a anulabilidade do neg\u00f3cio, ou seja, tornam o neg\u00f3cio anul\u00e1vel, e n\u00e3o nulo. A prop\u00f3sito, o art. 171, inc. II, CC, disp\u00f5e: \u201cArt. 171. Al\u00e9m dos casos expressamente declarados na lei, \u00e9 anul\u00e1vel o neg\u00f3cio jur\u00eddico: [&#8230;] II &#8211; por v\u00edcio resultante de erro, dolo, coa\u00e7\u00e3o, estado de perigo, les\u00e3o ou fraude contra credores\u201d.<\/p>\n\n\n\n<p><strong>QUEST\u00c3O 87.<\/strong> <strong>Haver\u00e1 simula\u00e7\u00e3o no neg\u00f3cio jur\u00eddico quando os instrumentos particulares forem antedatados ou p\u00f3s-datados.<\/strong><\/p>\n\n\n\n<p><strong>Coment\u00e1rios<\/strong><\/p>\n\n\n\n<p><strong>CERTO<\/strong><\/p>\n\n\n\n<p>A quest\u00e3o est\u00e1 correta. De fato, antedatar ou p\u00f3s-datar instrumentos particulares s\u00e3o hip\u00f3teses de simula\u00e7\u00e3o nos neg\u00f3cios jur\u00eddicos, conforme art. 167, \u00a71\u00ba, inc. III, CC: \u201c\u00c9 nulo o neg\u00f3cio jur\u00eddico simulado, mas subsistir\u00e1 o que se dissimulou, se v\u00e1lido for na subst\u00e2ncia e na forma. \u00a7 1\u00ba Haver\u00e1 simula\u00e7\u00e3o nos neg\u00f3cios jur\u00eddicos quando: [&#8230;] III &#8211; os instrumentos particulares forem antedatados, ou p\u00f3s-datados\u201d.<\/p>\n\n\n\n<p><strong>Em rela\u00e7\u00e3o \u00e0 pr\u00e1tica de ato il\u00edcito, julgue os seguintes itens.<\/strong><\/p>\n\n\n\n<p><strong>QUEST\u00c3O 88. Causar dano a outrem, ainda que exclusivamente moral, \u00e9 requisito para a configura\u00e7\u00e3o de ato il\u00edcito.<\/strong><\/p>\n\n\n\n<p><strong>Coment\u00e1rios<\/strong><\/p>\n\n\n\n<p><strong>CERTO<\/strong><\/p>\n\n\n\n<p>A quest\u00e3o est\u00e1 correta. De acordo com o art. 186 do C\u00f3digo Civil, \u201cAquele que, por a\u00e7\u00e3o ou omiss\u00e3o volunt\u00e1ria, neglig\u00eancia ou imprud\u00eancia, violar direito e causar dano a outrem, ainda que exclusivamente moral, comete ato il\u00edcito\u201d.<\/p>\n\n\n\n<p><strong>QUEST\u00c3O 89.<\/strong> <strong>As perdas e os danos pass\u00edveis de indeniza\u00e7\u00e3o em decorr\u00eancia da pr\u00e1tica de ato il\u00edcito compreendem danos emergentes e lucros cessantes.<\/strong><\/p>\n\n\n\n<p><strong>Coment\u00e1rios<\/strong><\/p>\n\n\n\n<p><strong>CERTO<\/strong><\/p>\n\n\n\n<p>A quest\u00e3o est\u00e1 correta. Os danos emergentes s\u00e3o aqueles advindos diretamente da conduta, ou seja, aquilo que efetivamente se perdeu com o evento. Os lucros cessantes s\u00e3o as perdas decorrentes do que a parte deixou de lucros em raz\u00e3o do ato il\u00edcito. Conforme disp\u00f5e o art. 402 do CC: \u201cSalvo as exce\u00e7\u00f5es expressamente previstas em lei, as perdas e danos devidas ao credor abrangem, al\u00e9m do que ele efetivamente perdeu, o que razoavelmente deixou de lucrar\u201d.<\/p>\n\n\n\n<p><strong>QUEST\u00c3O 90.<\/strong> <strong>N\u00e3o constitui il\u00edcito o ato praticado no exerc\u00edcio regular de um direito reconhecido.<\/strong><\/p>\n\n\n\n<p><strong>Coment\u00e1rios<\/strong><\/p>\n\n\n\n<p><strong>CERTO<\/strong><\/p>\n\n\n\n<p>A quest\u00e3o est\u00e1 correta. Conforme disp\u00f5e o art. 188, inc. I, CC: \u201cN\u00e3o constituem atos il\u00edcitos: I &#8211; os praticados em leg\u00edtima defesa ou no exerc\u00edcio regular de um direito reconhecido\u201d.<\/p>\n\n\n\n<p><strong>No que diz respeito aos institutos da prescri\u00e7\u00e3o e da decad\u00eancia, julgue os itens a seguir.<\/strong><\/p>\n\n\n\n<p><strong>QUEST\u00c3O 91. A decad\u00eancia convencional deve ser alegada pela parte a quem aproveita e qualquer grau de jurisdi\u00e7\u00e3o, podendo o juiz suprir a alega\u00e7\u00e3o.<\/strong><\/p>\n\n\n\n<p><strong>Coment\u00e1rios<\/strong><\/p>\n\n\n\n<p><strong>ERRADO<\/strong><\/p>\n\n\n\n<p>A quest\u00e3o est\u00e1 incorreta. O juiz n\u00e3o pode suprir a alega\u00e7\u00e3o da parte. Nestes termos, o art. 211 do CC: \u201cSe a decad\u00eancia for convencional, a parte a quem aproveita pode aleg\u00e1-la em qualquer grau de jurisdi\u00e7\u00e3o, mas o juiz n\u00e3o pode suprir a alega\u00e7\u00e3o\u201d.<\/p>\n\n\n\n<p><strong>QUEST\u00c3O 92.<\/strong> <strong>Prescri\u00e7\u00e3o e decad\u00eancia s\u00e3o institutos extintivos de pretens\u00e3o ou de direitos, cujo objetivo \u00e9 preservar a seguran\u00e7a jur\u00eddica das rela\u00e7\u00f5es sociais.<\/strong><\/p>\n\n\n\n<p><strong>Coment\u00e1rios<\/strong><\/p>\n\n\n\n<p><strong>CERTO<\/strong><\/p>\n\n\n\n<p>A quest\u00e3o est\u00e1 correta. A prescri\u00e7\u00e3o, segundo o artigo 189 do C\u00f3digo Civil, \u00e9 a extin\u00e7\u00e3o da pretens\u00e3o pelo tempo. Por meio da prescri\u00e7\u00e3o, extingue-se o direito de a\u00e7\u00e3o judicial para assegurar um direito. Conforme estabelece o art. 189 do CC, \u201cViolado o direito, nasce para o titular a pretens\u00e3o, a qual se extingue, pela prescri\u00e7\u00e3o, nos prazos a que aludem os arts. 205 e 206\u201d.<\/p>\n\n\n\n<p>Por outro lado, a decad\u00eancia \u00e9 a extin\u00e7\u00e3o do direito em si. Conforme ressalta FLAVIO TARTUCE, \u201cUma das novidades da codifica\u00e7\u00e3o material vigente consiste no tratamento espec\u00edfico dado \u00e0 decad\u00eancia, conceituada como a perda de um direito, em decorr\u00eancia da aus\u00eancia do seu exerc\u00edcio\u201d (Manual de Direito Civil. 8\u00aa ed. Editora M\u00e9todo, 2018)<\/p>\n\n\n\n<p><strong>QUEST\u00c3O 93.<\/strong> <strong>A interrup\u00e7\u00e3o da prescri\u00e7\u00e3o pode ocorrer mediante ato extrajudicial que importe reconhecimento inequ\u00edvoco do direito pelo devedor.<\/strong><\/p>\n\n\n\n<p><strong>Coment\u00e1rios<\/strong><\/p>\n\n\n\n<p><strong>CERTO<\/strong><\/p>\n\n\n\n<p>A quest\u00e3o est\u00e1 correta. Ato do devedor que reconhece o direito do credor \u00e9 causa interruptiva da prescri\u00e7\u00e3o, conforme art. 202, VI, CC: \u201cA interrup\u00e7\u00e3o da prescri\u00e7\u00e3o, que somente poder\u00e1 ocorrer uma vez, dar-se-\u00e1: VI &#8211; por qualquer ato inequ\u00edvoco, ainda que extrajudicial, que importe reconhecimento do direito pelo devedor\u201d.<\/p>\n\n\n\n<p><strong>QUEST\u00c3O 94.<\/strong> <strong>Os prazos prescricionais podem ser alterados por acordo das partes.<\/strong><\/p>\n\n\n\n<p><strong>Coment\u00e1rios<\/strong><\/p>\n\n\n\n<p><strong>ERRADO<\/strong><\/p>\n\n\n\n<p>A quest\u00e3o est\u00e1 incorreta. A prescri\u00e7\u00e3o n\u00e3o se submete \u00e0 conven\u00e7\u00e3o das partes. Conforme art. 192 do CC \u201cOs prazos de prescri\u00e7\u00e3o n\u00e3o podem ser alterados por acordo das partes\u201d.<\/p>\n\n\n\n<p><strong>No tocante \u00e0 responsabilidade civil, julgue os itens que se seguem.<\/strong><\/p>\n\n\n\n<p><strong>QUEST\u00c3O 95. Aquele que, por ato il\u00edcito, independentemente de culpa, causar dano a outrem ficar\u00e1 obrigado a repar\u00e1-lo, quando sua atividade normalmente desenvolvida implicar, por sua natureza, em risco para os direitos de terceiros.<\/strong><\/p>\n\n\n\n<p><strong>Coment\u00e1rios<\/strong><\/p>\n\n\n\n<p><strong>CERTO<\/strong><\/p>\n\n\n\n<p>A quest\u00e3o est\u00e1 correta. A atividade de risco \u00e9 causa de responsabilidade civil objetiva, ou seja, sem an\u00e1lise de culpa, conforme disp\u00f5e o par\u00e1grafo \u00fanico do art. 927 do CC: \u201cAquele que, por ato il\u00edcito (arts. 186 e 187), causar dano a outrem, fica obrigado a repar\u00e1-lo. Par\u00e1grafo \u00fanico. Haver\u00e1 obriga\u00e7\u00e3o de reparar o dano, independentemente de culpa, nos casos especificados em lei, ou quando a atividade normalmente desenvolvida pelo autor do dano implicar, por sua natureza, risco para os direitos de outrem\u201d.<\/p>\n\n\n\n<p><strong>QUEST\u00c3O 96.<\/strong> <strong>A responsabilidade civil \u00e9 independente da criminal, sendo poss\u00edvel questionar a exist\u00eancia do fato na esfera civil depois de discutida a comprovada a quest\u00e3o no ju\u00edzo criminal.&nbsp;<\/strong><\/p>\n\n\n\n<p><strong>Coment\u00e1rios<\/strong><\/p>\n\n\n\n<p><strong>ERRADO<\/strong><\/p>\n\n\n\n<p>A quest\u00e3o est\u00e1 incorreta. A exist\u00eancia do fato e autoria n\u00e3o pode ser rediscutida na esfera c\u00edvel, caso j\u00e1 discutidas no ju\u00edzo criminal. A prop\u00f3sito, o art. 935 do CC estabelece que \u201cA responsabilidade civil \u00e9 independente da criminal, n\u00e3o se podendo questionar mais sobre a exist\u00eancia do fato, ou sobre quem seja o seu autor, quando estas quest\u00f5es se acharem decididas no ju\u00edzo criminal\u201d.<\/p>\n\n\n\n<p class=\"has-text-align-center has-luminous-vivid-amber-to-luminous-vivid-orange-gradient-background has-background\"><a href=\"https:\/\/cj.estrategia.com\/portal\/concurso-delegado-al\/\" target=\"_blank\" rel=\"noreferrer noopener nofollow\">SAIBA MAIS: Concurso Delegado AL<\/a><\/p>\n\n\n\n<h2 class=\"wp-block-heading has-text-align-center\" id=\"cursos\"><span id=\"quer-saber-tudo-sobre-concursos-previstosconfira-nossos-artigos\">Quer saber tudo sobre concursos previstos?<br>Confira nossos artigos!<\/span><\/h2>\n\n\n\n<ul class=\"wp-block-list\">\n<li><a href=\"https:\/\/cj.estrategia.com\/portal\/concursos-abertos-carreiras-juridicas\/\" target=\"_blank\" >Concursos jur\u00eddicos abertos<\/a><\/li>\n\n\n\n<li><a href=\"https:\/\/cj.estrategia.com\/portal\/concursos-2023-carreiras-juridicas\/\" target=\"_blank\" >Concursos jur\u00eddicos 2023<\/a><\/li>\n<\/ul>\n\n\n\n<h2 class=\"wp-block-heading has-text-align-center\" id=\"curso\"><span id=\"cursos-para-o-concurso-pc-al\">Cursos para o concurso PC AL<\/span><\/h2>\n\n\n\n<div class=\"wp-block-cover\" style=\"min-height:155px;aspect-ratio:unset;\"><img decoding=\"async\" width=\"1890\" height=\"351\" class=\"wp-block-cover__image-background wp-image-8669\" alt=\"Assinaturas Jur\u00eddicas\" src=\"https:\/\/cj.estrategia.com\/portal\/wp-content\/uploads\/2022\/06\/20151253\/concurso-carreiras-juridicas-assinatura-juridica.jpg\" style=\"object-position:78% 43%\" data-object-fit=\"cover\" data-object-position=\"78% 43%\" srcset=\"https:\/\/cj.estrategia.com\/portal\/wp-content\/uploads\/2022\/06\/20151253\/concurso-carreiras-juridicas-assinatura-juridica.jpg 1890w, https:\/\/cj.estrategia.com\/portal\/wp-content\/uploads\/2022\/06\/20151253\/concurso-carreiras-juridicas-assinatura-juridica-300x56.jpg 300w, https:\/\/cj.estrategia.com\/portal\/wp-content\/uploads\/2022\/06\/20151253\/concurso-carreiras-juridicas-assinatura-juridica-1024x190.jpg 1024w, https:\/\/cj.estrategia.com\/portal\/wp-content\/uploads\/2022\/06\/20151253\/concurso-carreiras-juridicas-assinatura-juridica-768x143.jpg 768w, https:\/\/cj.estrategia.com\/portal\/wp-content\/uploads\/2022\/06\/20151253\/concurso-carreiras-juridicas-assinatura-juridica-1536x285.jpg 1536w, https:\/\/cj.estrategia.com\/portal\/wp-content\/uploads\/2022\/06\/20151253\/concurso-carreiras-juridicas-assinatura-juridica-380x71.jpg 380w, https:\/\/cj.estrategia.com\/portal\/wp-content\/uploads\/2022\/06\/20151253\/concurso-carreiras-juridicas-assinatura-juridica-800x149.jpg 800w, https:\/\/cj.estrategia.com\/portal\/wp-content\/uploads\/2022\/06\/20151253\/concurso-carreiras-juridicas-assinatura-juridica-1160x215.jpg 1160w\" sizes=\"(max-width: 1890px) 100vw, 1890px\" \/><span aria-hidden=\"true\" class=\"wp-block-cover__background has-background-dim\"><\/span><div class=\"wp-block-cover__inner-container is-layout-flow wp-block-cover-is-layout-flow\">\n<h3 id=\"faca-a-sua-assinatura\" class=\"titulo-assinatura\"><span style=\"color: #ffffff;\">Fa\u00e7a a sua assinatura!<\/span><\/h3>\n<p class=\"subtitulo-assinatura\" style=\"display:block!important; line-height: 0;\"><span style=\"color: #ffffff;\">Escolha a sua \u00e1rea.<\/span><\/p>\n<a target=\"_blank\" href=\"https:\/\/www.estrategiaconcursos.com.br\/assinaturas-ecj\/\" rel=\"noopener\"><button style=\"border-radius: 10px; text-transform: capitalize;\">Acessar<\/button><\/a>\n<\/div><\/div>\n\n\n\n\n\n<p><\/p>\n","protected":false},"excerpt":{"rendered":"Ol\u00e1, pessoal, tudo certo?! Em 09\/07\/2023, foi aplicada a prova objetiva do concurso p\u00fablico para Delegado de Pol\u00edcia&hellip;\n","protected":false},"author":12,"featured_media":32238,"comment_status":"open","ping_status":"open","sticky":false,"template":"","format":"standard","meta":{"_jetpack_memberships_contains_paid_content":false,"footnotes":""},"categories":[28],"tags":[],"tax_estado":[31],"class_list":{"0":"post-41152","1":"post","2":"type-post","3":"status-publish","4":"format-standard","5":"has-post-thumbnail","7":"category-delegado","8":"tax_estado-al"},"acf":[],"yoast_head":"<!-- This site is optimized with the Yoast SEO Premium plugin v27.4 (Yoast SEO v27.4) - https:\/\/yoast.com\/product\/yoast-seo-premium-wordpress\/ -->\n<title>Prova comentada Direito Civil Delegado AL!<\/title>\n<meta name=\"description\" content=\"Prova comentada Direito Civil Delegado AL: confira AQUI a prova comentada e tire suas d\u00favidas!\" \/>\n<meta name=\"robots\" content=\"index, follow, max-snippet:-1, max-image-preview:large, max-video-preview:-1\" \/>\n<link rel=\"canonical\" href=\"https:\/\/cj.estrategia.com\/portal\/prova-comentada-direito-civil-delegado-al\/\" \/>\n<meta property=\"og:locale\" content=\"pt_BR\" \/>\n<meta property=\"og:type\" content=\"article\" \/>\n<meta property=\"og:title\" content=\"Prova comentada Direito Civil Delegado AL!\" \/>\n<meta property=\"og:description\" content=\"Prova comentada Direito Civil Delegado AL: confira AQUI a prova comentada e tire suas d\u00favidas!\" \/>\n<meta property=\"og:url\" content=\"https:\/\/cj.estrategia.com\/portal\/prova-comentada-direito-civil-delegado-al\/\" \/>\n<meta property=\"og:site_name\" content=\"Blog - Carreiras Jur\u00eddicas - Estrat\u00e9gia\" \/>\n<meta property=\"article:publisher\" content=\"https:\/\/www.facebook.com\/estrategiacarreirajuridica\/\" \/>\n<meta property=\"article:published_time\" content=\"2023-07-10T19:59:02+00:00\" \/>\n<meta property=\"article:modified_time\" content=\"2023-07-10T19:59:05+00:00\" \/>\n<meta property=\"og:image\" content=\"https:\/\/cj.estrategia.com\/portal\/wp-content\/uploads\/2023\/02\/27125053\/concurso-delegado-al-carreiras-juridicas.jpg\" \/>\n\t<meta property=\"og:image:width\" content=\"960\" \/>\n\t<meta property=\"og:image:height\" content=\"540\" \/>\n\t<meta property=\"og:image:type\" content=\"image\/jpeg\" \/>\n<meta name=\"author\" content=\"Coordena\u00e7\u00e3o\" \/>\n<meta name=\"twitter:card\" content=\"summary_large_image\" \/>\n<meta name=\"twitter:creator\" content=\"@EstratJuridica\" \/>\n<meta name=\"twitter:site\" content=\"@EstratJuridica\" \/>\n<meta name=\"twitter:label1\" content=\"Escrito por\" \/>\n\t<meta name=\"twitter:data1\" content=\"Coordena\u00e7\u00e3o\" \/>\n\t<meta name=\"twitter:label2\" content=\"Est. tempo de leitura\" \/>\n\t<meta name=\"twitter:data2\" content=\"9 minutos\" \/>\n<script type=\"application\/ld+json\" class=\"yoast-schema-graph\">{\"@context\":\"https:\\\/\\\/schema.org\",\"@graph\":[{\"@type\":\"NewsArticle\",\"@id\":\"https:\\\/\\\/cj.estrategia.com\\\/portal\\\/prova-comentada-direito-civil-delegado-al\\\/#article\",\"isPartOf\":{\"@id\":\"https:\\\/\\\/cj.estrategia.com\\\/portal\\\/prova-comentada-direito-civil-delegado-al\\\/\"},\"author\":{\"name\":\"Coordena\u00e7\u00e3o\",\"@id\":\"https:\\\/\\\/cj.estrategia.com\\\/portal\\\/#\\\/schema\\\/person\\\/4d70317d31449932b99102916b6637f5\"},\"headline\":\"Prova comentada Direito Civil Delegado AL!\",\"datePublished\":\"2023-07-10T19:59:02+00:00\",\"dateModified\":\"2023-07-10T19:59:05+00:00\",\"mainEntityOfPage\":{\"@id\":\"https:\\\/\\\/cj.estrategia.com\\\/portal\\\/prova-comentada-direito-civil-delegado-al\\\/\"},\"wordCount\":1726,\"commentCount\":0,\"publisher\":{\"@id\":\"https:\\\/\\\/cj.estrategia.com\\\/portal\\\/#organization\"},\"image\":{\"@id\":\"https:\\\/\\\/cj.estrategia.com\\\/portal\\\/prova-comentada-direito-civil-delegado-al\\\/#primaryimage\"},\"thumbnailUrl\":\"https:\\\/\\\/cj.estrategia.com\\\/portal\\\/wp-content\\\/uploads\\\/2023\\\/02\\\/27125053\\\/concurso-delegado-al-carreiras-juridicas.jpg\",\"articleSection\":[\"Delegado\"],\"inLanguage\":\"pt-BR\",\"potentialAction\":[{\"@type\":\"CommentAction\",\"name\":\"Comment\",\"target\":[\"https:\\\/\\\/cj.estrategia.com\\\/portal\\\/prova-comentada-direito-civil-delegado-al\\\/#respond\"]}]},{\"@type\":\"WebPage\",\"@id\":\"https:\\\/\\\/cj.estrategia.com\\\/portal\\\/prova-comentada-direito-civil-delegado-al\\\/\",\"url\":\"https:\\\/\\\/cj.estrategia.com\\\/portal\\\/prova-comentada-direito-civil-delegado-al\\\/\",\"name\":\"Prova comentada Direito Civil Delegado AL!\",\"isPartOf\":{\"@id\":\"https:\\\/\\\/cj.estrategia.com\\\/portal\\\/#website\"},\"primaryImageOfPage\":{\"@id\":\"https:\\\/\\\/cj.estrategia.com\\\/portal\\\/prova-comentada-direito-civil-delegado-al\\\/#primaryimage\"},\"image\":{\"@id\":\"https:\\\/\\\/cj.estrategia.com\\\/portal\\\/prova-comentada-direito-civil-delegado-al\\\/#primaryimage\"},\"thumbnailUrl\":\"https:\\\/\\\/cj.estrategia.com\\\/portal\\\/wp-content\\\/uploads\\\/2023\\\/02\\\/27125053\\\/concurso-delegado-al-carreiras-juridicas.jpg\",\"datePublished\":\"2023-07-10T19:59:02+00:00\",\"dateModified\":\"2023-07-10T19:59:05+00:00\",\"description\":\"Prova comentada Direito Civil Delegado AL: confira AQUI a prova comentada e tire suas d\u00favidas!\",\"breadcrumb\":{\"@id\":\"https:\\\/\\\/cj.estrategia.com\\\/portal\\\/prova-comentada-direito-civil-delegado-al\\\/#breadcrumb\"},\"inLanguage\":\"pt-BR\",\"potentialAction\":[{\"@type\":\"ReadAction\",\"target\":[\"https:\\\/\\\/cj.estrategia.com\\\/portal\\\/prova-comentada-direito-civil-delegado-al\\\/\"]}]},{\"@type\":\"ImageObject\",\"inLanguage\":\"pt-BR\",\"@id\":\"https:\\\/\\\/cj.estrategia.com\\\/portal\\\/prova-comentada-direito-civil-delegado-al\\\/#primaryimage\",\"url\":\"https:\\\/\\\/cj.estrategia.com\\\/portal\\\/wp-content\\\/uploads\\\/2023\\\/02\\\/27125053\\\/concurso-delegado-al-carreiras-juridicas.jpg\",\"contentUrl\":\"https:\\\/\\\/cj.estrategia.com\\\/portal\\\/wp-content\\\/uploads\\\/2023\\\/02\\\/27125053\\\/concurso-delegado-al-carreiras-juridicas.jpg\",\"width\":960,\"height\":540,\"caption\":\"Concurso Delegado de Alagoas\"},{\"@type\":\"BreadcrumbList\",\"@id\":\"https:\\\/\\\/cj.estrategia.com\\\/portal\\\/prova-comentada-direito-civil-delegado-al\\\/#breadcrumb\",\"itemListElement\":[{\"@type\":\"ListItem\",\"position\":1,\"name\":\"In\u00edcio\",\"item\":\"https:\\\/\\\/cj.estrategia.com\\\/portal\\\/\"},{\"@type\":\"ListItem\",\"position\":2,\"name\":\"Prova comentada Direito Civil Delegado AL!\"}]},{\"@type\":\"WebSite\",\"@id\":\"https:\\\/\\\/cj.estrategia.com\\\/portal\\\/#website\",\"url\":\"https:\\\/\\\/cj.estrategia.com\\\/portal\\\/\",\"name\":\"Blog - Carreiras Jur\u00eddicas - Estrat\u00e9gia\",\"description\":\"\",\"publisher\":{\"@id\":\"https:\\\/\\\/cj.estrategia.com\\\/portal\\\/#organization\"},\"potentialAction\":[{\"@type\":\"SearchAction\",\"target\":{\"@type\":\"EntryPoint\",\"urlTemplate\":\"https:\\\/\\\/cj.estrategia.com\\\/portal\\\/?s={search_term_string}\"},\"query-input\":{\"@type\":\"PropertyValueSpecification\",\"valueRequired\":true,\"valueName\":\"search_term_string\"}}],\"inLanguage\":\"pt-BR\"},{\"@type\":\"Organization\",\"@id\":\"https:\\\/\\\/cj.estrategia.com\\\/portal\\\/#organization\",\"name\":\"Estrat\u00e9gia - Carreiras Jur\u00eddicas\",\"url\":\"https:\\\/\\\/cj.estrategia.com\\\/portal\\\/\",\"logo\":{\"@type\":\"ImageObject\",\"inLanguage\":\"pt-BR\",\"@id\":\"https:\\\/\\\/cj.estrategia.com\\\/portal\\\/#\\\/schema\\\/logo\\\/image\\\/\",\"url\":\"https:\\\/\\\/cj.estrategia.com\\\/portal\\\/wp-content\\\/uploads\\\/2022\\\/03\\\/11151052\\\/cj-logo.png\",\"contentUrl\":\"https:\\\/\\\/cj.estrategia.com\\\/portal\\\/wp-content\\\/uploads\\\/2022\\\/03\\\/11151052\\\/cj-logo.png\",\"width\":150,\"height\":39,\"caption\":\"Estrat\u00e9gia - Carreiras Jur\u00eddicas\"},\"image\":{\"@id\":\"https:\\\/\\\/cj.estrategia.com\\\/portal\\\/#\\\/schema\\\/logo\\\/image\\\/\"},\"sameAs\":[\"https:\\\/\\\/www.facebook.com\\\/estrategiacarreirajuridica\\\/\",\"https:\\\/\\\/x.com\\\/EstratJuridica\",\"https:\\\/\\\/www.instagram.com\\\/estrategiacarreirajuridica\\\/\",\"https:\\\/\\\/www.youtube.com\\\/channel\\\/UClbMGuYbj2Mh1m3w144ETWQ\"]},{\"@type\":\"Person\",\"@id\":\"https:\\\/\\\/cj.estrategia.com\\\/portal\\\/#\\\/schema\\\/person\\\/4d70317d31449932b99102916b6637f5\",\"name\":\"Coordena\u00e7\u00e3o\",\"image\":{\"@type\":\"ImageObject\",\"inLanguage\":\"pt-BR\",\"@id\":\"https:\\\/\\\/cj.estrategia.com\\\/portal\\\/wp-content\\\/uploads\\\/2022\\\/05\\\/12164923\\\/estrategia-carreira-juridica-coordenacao-96x96.png\",\"url\":\"https:\\\/\\\/cj.estrategia.com\\\/portal\\\/wp-content\\\/uploads\\\/2022\\\/05\\\/12164923\\\/estrategia-carreira-juridica-coordenacao-96x96.png\",\"contentUrl\":\"https:\\\/\\\/cj.estrategia.com\\\/portal\\\/wp-content\\\/uploads\\\/2022\\\/05\\\/12164923\\\/estrategia-carreira-juridica-coordenacao-96x96.png\",\"caption\":\"Coordena\u00e7\u00e3o\"},\"url\":\"https:\\\/\\\/cj.estrategia.com\\\/portal\\\/author\\\/coordenacao\\\/\"}]}<\/script>\n<!-- \/ Yoast SEO Premium plugin. -->","yoast_head_json":{"title":"Prova comentada Direito Civil Delegado AL!","description":"Prova comentada Direito Civil Delegado AL: confira AQUI a prova comentada e tire suas d\u00favidas!","robots":{"index":"index","follow":"follow","max-snippet":"max-snippet:-1","max-image-preview":"max-image-preview:large","max-video-preview":"max-video-preview:-1"},"canonical":"https:\/\/cj.estrategia.com\/portal\/prova-comentada-direito-civil-delegado-al\/","og_locale":"pt_BR","og_type":"article","og_title":"Prova comentada Direito Civil Delegado AL!","og_description":"Prova comentada Direito Civil Delegado AL: confira AQUI a prova comentada e tire suas d\u00favidas!","og_url":"https:\/\/cj.estrategia.com\/portal\/prova-comentada-direito-civil-delegado-al\/","og_site_name":"Blog - Carreiras Jur\u00eddicas - Estrat\u00e9gia","article_publisher":"https:\/\/www.facebook.com\/estrategiacarreirajuridica\/","article_published_time":"2023-07-10T19:59:02+00:00","article_modified_time":"2023-07-10T19:59:05+00:00","og_image":[{"width":960,"height":540,"url":"https:\/\/cj.estrategia.com\/portal\/wp-content\/uploads\/2023\/02\/27125053\/concurso-delegado-al-carreiras-juridicas.jpg","type":"image\/jpeg"}],"author":"Coordena\u00e7\u00e3o","twitter_card":"summary_large_image","twitter_creator":"@EstratJuridica","twitter_site":"@EstratJuridica","twitter_misc":{"Escrito por":"Coordena\u00e7\u00e3o","Est. tempo de leitura":"9 minutos"},"schema":{"@context":"https:\/\/schema.org","@graph":[{"@type":"NewsArticle","@id":"https:\/\/cj.estrategia.com\/portal\/prova-comentada-direito-civil-delegado-al\/#article","isPartOf":{"@id":"https:\/\/cj.estrategia.com\/portal\/prova-comentada-direito-civil-delegado-al\/"},"author":{"name":"Coordena\u00e7\u00e3o","@id":"https:\/\/cj.estrategia.com\/portal\/#\/schema\/person\/4d70317d31449932b99102916b6637f5"},"headline":"Prova comentada Direito Civil Delegado AL!","datePublished":"2023-07-10T19:59:02+00:00","dateModified":"2023-07-10T19:59:05+00:00","mainEntityOfPage":{"@id":"https:\/\/cj.estrategia.com\/portal\/prova-comentada-direito-civil-delegado-al\/"},"wordCount":1726,"commentCount":0,"publisher":{"@id":"https:\/\/cj.estrategia.com\/portal\/#organization"},"image":{"@id":"https:\/\/cj.estrategia.com\/portal\/prova-comentada-direito-civil-delegado-al\/#primaryimage"},"thumbnailUrl":"https:\/\/cj.estrategia.com\/portal\/wp-content\/uploads\/2023\/02\/27125053\/concurso-delegado-al-carreiras-juridicas.jpg","articleSection":["Delegado"],"inLanguage":"pt-BR","potentialAction":[{"@type":"CommentAction","name":"Comment","target":["https:\/\/cj.estrategia.com\/portal\/prova-comentada-direito-civil-delegado-al\/#respond"]}]},{"@type":"WebPage","@id":"https:\/\/cj.estrategia.com\/portal\/prova-comentada-direito-civil-delegado-al\/","url":"https:\/\/cj.estrategia.com\/portal\/prova-comentada-direito-civil-delegado-al\/","name":"Prova comentada Direito Civil Delegado AL!","isPartOf":{"@id":"https:\/\/cj.estrategia.com\/portal\/#website"},"primaryImageOfPage":{"@id":"https:\/\/cj.estrategia.com\/portal\/prova-comentada-direito-civil-delegado-al\/#primaryimage"},"image":{"@id":"https:\/\/cj.estrategia.com\/portal\/prova-comentada-direito-civil-delegado-al\/#primaryimage"},"thumbnailUrl":"https:\/\/cj.estrategia.com\/portal\/wp-content\/uploads\/2023\/02\/27125053\/concurso-delegado-al-carreiras-juridicas.jpg","datePublished":"2023-07-10T19:59:02+00:00","dateModified":"2023-07-10T19:59:05+00:00","description":"Prova comentada Direito Civil Delegado AL: confira AQUI a prova comentada e tire suas d\u00favidas!","breadcrumb":{"@id":"https:\/\/cj.estrategia.com\/portal\/prova-comentada-direito-civil-delegado-al\/#breadcrumb"},"inLanguage":"pt-BR","potentialAction":[{"@type":"ReadAction","target":["https:\/\/cj.estrategia.com\/portal\/prova-comentada-direito-civil-delegado-al\/"]}]},{"@type":"ImageObject","inLanguage":"pt-BR","@id":"https:\/\/cj.estrategia.com\/portal\/prova-comentada-direito-civil-delegado-al\/#primaryimage","url":"https:\/\/cj.estrategia.com\/portal\/wp-content\/uploads\/2023\/02\/27125053\/concurso-delegado-al-carreiras-juridicas.jpg","contentUrl":"https:\/\/cj.estrategia.com\/portal\/wp-content\/uploads\/2023\/02\/27125053\/concurso-delegado-al-carreiras-juridicas.jpg","width":960,"height":540,"caption":"Concurso Delegado de Alagoas"},{"@type":"BreadcrumbList","@id":"https:\/\/cj.estrategia.com\/portal\/prova-comentada-direito-civil-delegado-al\/#breadcrumb","itemListElement":[{"@type":"ListItem","position":1,"name":"In\u00edcio","item":"https:\/\/cj.estrategia.com\/portal\/"},{"@type":"ListItem","position":2,"name":"Prova comentada Direito Civil Delegado AL!"}]},{"@type":"WebSite","@id":"https:\/\/cj.estrategia.com\/portal\/#website","url":"https:\/\/cj.estrategia.com\/portal\/","name":"Blog - Carreiras Jur\u00eddicas - Estrat\u00e9gia","description":"","publisher":{"@id":"https:\/\/cj.estrategia.com\/portal\/#organization"},"potentialAction":[{"@type":"SearchAction","target":{"@type":"EntryPoint","urlTemplate":"https:\/\/cj.estrategia.com\/portal\/?s={search_term_string}"},"query-input":{"@type":"PropertyValueSpecification","valueRequired":true,"valueName":"search_term_string"}}],"inLanguage":"pt-BR"},{"@type":"Organization","@id":"https:\/\/cj.estrategia.com\/portal\/#organization","name":"Estrat\u00e9gia - Carreiras Jur\u00eddicas","url":"https:\/\/cj.estrategia.com\/portal\/","logo":{"@type":"ImageObject","inLanguage":"pt-BR","@id":"https:\/\/cj.estrategia.com\/portal\/#\/schema\/logo\/image\/","url":"https:\/\/cj.estrategia.com\/portal\/wp-content\/uploads\/2022\/03\/11151052\/cj-logo.png","contentUrl":"https:\/\/cj.estrategia.com\/portal\/wp-content\/uploads\/2022\/03\/11151052\/cj-logo.png","width":150,"height":39,"caption":"Estrat\u00e9gia - Carreiras Jur\u00eddicas"},"image":{"@id":"https:\/\/cj.estrategia.com\/portal\/#\/schema\/logo\/image\/"},"sameAs":["https:\/\/www.facebook.com\/estrategiacarreirajuridica\/","https:\/\/x.com\/EstratJuridica","https:\/\/www.instagram.com\/estrategiacarreirajuridica\/","https:\/\/www.youtube.com\/channel\/UClbMGuYbj2Mh1m3w144ETWQ"]},{"@type":"Person","@id":"https:\/\/cj.estrategia.com\/portal\/#\/schema\/person\/4d70317d31449932b99102916b6637f5","name":"Coordena\u00e7\u00e3o","image":{"@type":"ImageObject","inLanguage":"pt-BR","@id":"https:\/\/cj.estrategia.com\/portal\/wp-content\/uploads\/2022\/05\/12164923\/estrategia-carreira-juridica-coordenacao-96x96.png","url":"https:\/\/cj.estrategia.com\/portal\/wp-content\/uploads\/2022\/05\/12164923\/estrategia-carreira-juridica-coordenacao-96x96.png","contentUrl":"https:\/\/cj.estrategia.com\/portal\/wp-content\/uploads\/2022\/05\/12164923\/estrategia-carreira-juridica-coordenacao-96x96.png","caption":"Coordena\u00e7\u00e3o"},"url":"https:\/\/cj.estrategia.com\/portal\/author\/coordenacao\/"}]}},"jetpack_featured_media_url":"https:\/\/cj.estrategia.com\/portal\/wp-content\/uploads\/2023\/02\/27125053\/concurso-delegado-al-carreiras-juridicas.jpg","jetpack_sharing_enabled":true,"_links":{"self":[{"href":"https:\/\/cj.estrategia.com\/portal\/wp-json\/wp\/v2\/posts\/41152","targetHints":{"allow":["GET"]}}],"collection":[{"href":"https:\/\/cj.estrategia.com\/portal\/wp-json\/wp\/v2\/posts"}],"about":[{"href":"https:\/\/cj.estrategia.com\/portal\/wp-json\/wp\/v2\/types\/post"}],"author":[{"embeddable":true,"href":"https:\/\/cj.estrategia.com\/portal\/wp-json\/wp\/v2\/users\/12"}],"replies":[{"embeddable":true,"href":"https:\/\/cj.estrategia.com\/portal\/wp-json\/wp\/v2\/comments?post=41152"}],"version-history":[{"count":1,"href":"https:\/\/cj.estrategia.com\/portal\/wp-json\/wp\/v2\/posts\/41152\/revisions"}],"predecessor-version":[{"id":41153,"href":"https:\/\/cj.estrategia.com\/portal\/wp-json\/wp\/v2\/posts\/41152\/revisions\/41153"}],"wp:featuredmedia":[{"embeddable":true,"href":"https:\/\/cj.estrategia.com\/portal\/wp-json\/wp\/v2\/media\/32238"}],"wp:attachment":[{"href":"https:\/\/cj.estrategia.com\/portal\/wp-json\/wp\/v2\/media?parent=41152"}],"wp:term":[{"taxonomy":"category","embeddable":true,"href":"https:\/\/cj.estrategia.com\/portal\/wp-json\/wp\/v2\/categories?post=41152"},{"taxonomy":"post_tag","embeddable":true,"href":"https:\/\/cj.estrategia.com\/portal\/wp-json\/wp\/v2\/tags?post=41152"},{"taxonomy":"tax_estado","embeddable":true,"href":"https:\/\/cj.estrategia.com\/portal\/wp-json\/wp\/v2\/tax_estado?post=41152"}],"curies":[{"name":"wp","href":"https:\/\/api.w.org\/{rel}","templated":true}]}}