{"id":41144,"date":"2023-07-10T16:43:01","date_gmt":"2023-07-10T19:43:01","guid":{"rendered":"https:\/\/cj.estrategia.com\/portal\/?p=41144"},"modified":"2023-07-10T16:43:03","modified_gmt":"2023-07-10T19:43:03","slug":"prova-comentada-medicina-legal-delegado-al","status":"publish","type":"post","link":"https:\/\/cj.estrategia.com\/portal\/prova-comentada-medicina-legal-delegado-al\/","title":{"rendered":"Prova comentada Medicina Legal Delegado AL!"},"content":{"rendered":"\n<p>Ol\u00e1, pessoal, tudo certo?!<\/p>\n\n\n\n<p>Em 09\/07\/2023, foi aplicada a prova objetiva do concurso p\u00fablico para <strong>Delegado de Pol\u00edcia Civil do Estado de Alagoas<\/strong>. Assim que encerrada, nosso time de professores elaborou o gabarito extraoficial, que, agora, ser\u00e1 apresentado juntamente com a nossa <strong>PROVA COMENTADA<\/strong>.<\/p>\n\n\n\n<p>Este material visa a auxili\u00e1-los na aferi\u00e7\u00e3o das notas, elabora\u00e7\u00e3o de eventuais recursos, verifica\u00e7\u00e3o das chances de avan\u00e7o para fase discursiva, bem como na revis\u00e3o do conte\u00fado cobrado no certame.<\/p>\n\n\n\n<p>Desde j\u00e1, destacamos que nosso time de professores identificou 5 quest\u00f5es pass\u00edveis de recurso, por apresentarem diverg\u00eancia, ou estarem incompletas, como veremos adiante. No tipo de prova comentado, trata-se das quest\u00f5es 28, 81, 115, 116 e 117.<\/p>\n\n\n\n<p>De modo complementar, elaboramos tamb\u00e9m o <a href=\"https:\/\/cj.estrategia.com\/cadernos-e-simulados\/simulados\/565463ad-b084-49c7-9e73-0189296ae991\" target=\"_blank\" rel=\"noreferrer noopener nofollow\"><strong>RANKING da PC-AL<\/strong>,<\/a> em que nossos alunos e seguidores poder\u00e3o inserir suas respostas \u00e0 prova, e, ao final, aferir sua nota, de acordo com o gabarito elaborado por nossos professores. Atrav\u00e9s do ranking, tamb\u00e9m poderemos estimar a nota de corte da 1\u00ba fase. Essa ferramenta \u00e9 gratuita e, para participar, basta clicar no link abaixo:<\/p>\n\n\n\n<p>Al\u00e9m disso, montamos um caderno para nossos seguidores, alunos ou n\u00e3o, verem os coment\u00e1rios e comentar as quest\u00f5es da prova:  Clique <strong><a href=\"https:\/\/cj.estrategia.com\/cadernos-e-simulados\/cadernos\/48b5254e-c48f-4184-9181-0526ecbbe941\" target=\"_blank\" rel=\"noreferrer noopener nofollow\">AQUI<\/a> <\/strong>e acesse! <\/p>\n\n\n\n<p>Por fim, comentaremos a prova, as quest\u00f5es mais pol\u00eamicas, as possibilidades de recurso, bem como a estimativa da nota de corte no <a href=\"https:\/\/www.youtube.com\/@EstrategiaCarreiraJuridica\" target=\"_blank\" rel=\"noreferrer noopener nofollow\"><strong>TERM\u00d4METRO P\u00d3S-PROVA<\/strong>,<\/a> no nosso canal do Youtube. Inscreva-se e ative as notifica\u00e7\u00f5es!<\/p>\n\n\n\n<p>Voc\u00eas tamb\u00e9m poder\u00e3o acompanhar todos os eventos atrav\u00e9s deste link:&nbsp;<\/p>\n\n\n\n<p class=\"has-text-align-center\"><a href=\"https:\/\/cj.estrategia.com\/portal\/gabarito-extraoficial-concurso-delegado-al\/\">Gabarito Extraoficial PC-AL Delegado: confira a corre\u00e7\u00e3o!<\/a><\/p>\n\n\n\n<h2 class=\"wp-block-heading\" id=\"h-prova-comentada-medicina-legal\"><span id=\"prova-comentada-medicina-legal\"><mark style=\"background-color:rgba(0, 0, 0, 0)\" class=\"has-inline-color has-vivid-red-color\">Prova Comentada Medicina Legal <\/mark><\/span><\/h2>\n\n\n\n<p><strong>QUEST\u00c3O 109.&nbsp; De acordo com a divis\u00e3o cl\u00e1ssica da medicina legal, considera-se o indiv\u00edduo em rela\u00e7\u00e3o a si pr\u00f3prio, o indiv\u00edduo em rela\u00e7\u00e3o ao meio e o indiv\u00edduo em rela\u00e7\u00e3o \u00e0s decis\u00f5es dos ju\u00edzes e tribunais.<\/strong><\/p>\n\n\n\n<p><strong>Coment\u00e1rios<\/strong><\/p>\n\n\n\n<p><strong>CERTO<\/strong><\/p>\n\n\n\n<p>A quest\u00e3o est\u00e1 correta. H\u00e9lio Gomes divide a Medicina Legal propriamente dita em tr\u00eas grupos, tomando em considera\u00e7\u00e3o o indiv\u00edduo:<\/p>\n\n\n\n<p>1\u00ba ) o indiv\u00edduo em rela\u00e7\u00e3o a si pr\u00f3prio \u2013 identidade, capacidade e responsabilidade e psicologia da prova, atrav\u00e9s da Antropologia Forense, da Psicologia Forense e da Psicologia Judici\u00e1ria;<\/p>\n\n\n\n<p>2\u00ba) o indiv\u00edduo em rela\u00e7\u00e3o ao meio \u2013 fatos referentes \u00e0 vida, em que, v.g., encontramos a Sexologia Forense, subdividida em raz\u00e3o do casamento (Himeneologia), da procria\u00e7\u00e3o (Obstetr\u00edcia Forense) e do amor (Erotologia Forense); fatos referentes \u00e0 morte, destacando os traumas e acidentes do trabalho (Traumatologia Forense e Infortun\u00edstica), asfixias (Asfixiologia Forense), envenenamentos (Toxicologia Forense) e, por final, a morte em si (Tanatologia Forense);<\/p>\n\n\n\n<p>3\u00ba) o indiv\u00edduo em rela\u00e7\u00e3o \u00e0s decis\u00f5es dos ju\u00edzes e tribunais \u2013 no tocante aos problemas m\u00e9dico-legais e em refer\u00eancia \u00e0s investiga\u00e7\u00f5es policiais, emergindo da\u00ed a Jurisprud\u00eancia M\u00e9dico-legal e a Pol\u00edcia T\u00e9cnica (Policiologia).<\/p>\n\n\n\n<p>Acerca da atua\u00e7\u00e3o profissional no exame de corpo de delito, julgue o item subsequente, \u00e0 luz do disposto no C\u00f3digo de Processo Penal.<\/p>\n\n\n\n<p><strong>QUEST\u00c3O 110.<\/strong> <strong>O assistente t\u00e9cnico atuar\u00e1 a partir de sua admiss\u00e3o pelo membro do Minist\u00e9rio P\u00fablico e durante a realiza\u00e7\u00e3o dos exames.<\/strong><\/p>\n\n\n\n<p><strong>Coment\u00e1rios<\/strong><\/p>\n\n\n\n<p><strong>ERRADO<\/strong><\/p>\n\n\n\n<p>A quest\u00e3o est\u00e1 incorreta, pois a admiss\u00e3o do assistente t\u00e9cnico \u00e9 feita pelo juiz e ap\u00f3s a conclus\u00e3o dos exames e elabora\u00e7\u00e3o dos laudos pelos peritos oficiais, de acordo com a literalidade do Art. 159 do CPP, \u00a74\u00ba: \u201c\u00a7 4o O assistente t\u00e9cnico atuar\u00e1 a partir de sua admiss\u00e3o pelo juiz e ap\u00f3s a conclus\u00e3o dos exames e elabora\u00e7\u00e3o do laudo pelos peritos oficiais, sendo as partes intimadas desta decis\u00e3o\u201d.&nbsp;<\/p>\n\n\n\n<p><strong>Em rela\u00e7\u00e3o aos tipos de documentos utilizados na per\u00edcia bem como aos m\u00e9todos de identifica\u00e7\u00e3o policial ou judici\u00e1ria, julgue os itens que se seguem.<\/strong><\/p>\n\n\n\n<p><strong>QUEST\u00c3O 111.&nbsp; Denomina-se parecer o relat\u00f3rio redigido por um dos peritos logo ap\u00f3s o exame de corpo de delito.&nbsp;<\/strong><\/p>\n\n\n\n<p><strong>Coment\u00e1rios<\/strong><\/p>\n\n\n\n<p><strong>ERRADO<\/strong><\/p>\n\n\n\n<p>A quest\u00e3o est\u00e1 incorreta. Parecer \u00e9 diferente de relat\u00f3rio. Nesse caso seria um laudo m\u00e9dico-legal, e n\u00e3o parecer, que se trata de uma per\u00edcia deducendi. O parecer \u00e9 o documento m\u00e9dico-legal, de natureza subjetiva, que expressa a opini\u00e3o, mesmo que fundamentada, de um profissional. Podem ser meramente oficiosos, particulares e encomendados pelas partes para refor\u00e7ar uma tese e, por isto, devem ser analisados com cautela e raramente se sobrep\u00f5em aos exames oficiais.<\/p>\n\n\n\n<p><strong>QUEST\u00c3O 112.<\/strong>&nbsp; <strong>No sistema dactilosc\u00f3pico de Vucetich, a amputa\u00e7\u00e3o de um dedo \u00e9 assinalada com n\u00famero 0 (zero).<\/strong><\/p>\n\n\n\n<p><strong>Coment\u00e1rios<\/strong><\/p>\n\n\n\n<p><strong>CERTO<\/strong><\/p>\n\n\n\n<p>A quest\u00e3o est\u00e1 correta. No sistema dactilosc\u00f3pico de Vucetich, a amputa\u00e7\u00e3o de um dedo \u00e9 assinalada com n\u00famero 0 (zero) e o dedo cicatrizado \u00e9 assinalado pela letra X.&nbsp;<\/p>\n\n\n\n<p><strong>QUEST\u00c3O 113.<\/strong> <strong>Classifica-se como oficioso o atestado m\u00e9dico apresentado por um agente de pol\u00edcia a seu superior hier\u00e1rquico, por solicita\u00e7\u00e3o da administra\u00e7\u00e3o p\u00fablica, no qual conste o c\u00f3digo internacional de doen\u00e7a (CID).<\/strong><\/p>\n\n\n\n<p><strong>Coment\u00e1rios<\/strong><\/p>\n\n\n\n<p><strong>ERRADO<\/strong><\/p>\n\n\n\n<p>A quest\u00e3o est\u00e1 incorreta. Segundo o Fran\u00e7a, o atestado m\u00e9dico quanto a sua proced\u00eancia ou finalidade pode ser: administrativo, quando serve ao interesse do servi\u00e7o ou do servidor p\u00fablico; judici\u00e1rio, quando por solicita\u00e7\u00e3o da administra\u00e7\u00e3o da justi\u00e7a; e oficioso, quando dado no interesse das pessoas f\u00edsica ou jur\u00eddica de direito privado, como para justificar situa\u00e7\u00f5es menos formais em aus\u00eancia das aulas ou para dispensar alunos da pr\u00e1tica da educa\u00e7\u00e3o f\u00edsica.<\/p>\n\n\n\n<p><strong>No que diz respeito a les\u00f5es por a\u00e7\u00e3o contundente, por armas brancas e de fogo e por proj\u00e9teis de arma de fogo comuns, julgue os pr\u00f3ximos itens.<\/strong><\/p>\n\n\n\n<p><strong>QUEST\u00c3O 114. A \u00e1rea de les\u00e3o decorrente da precess\u00e3o de um proj\u00e9til de arma de fogo pode ser aumentada quando o proj\u00e9til atinge o alvo.<\/strong><\/p>\n\n\n\n<p><strong>Coment\u00e1rios<\/strong><\/p>\n\n\n\n<p><strong>CERTO<\/strong><\/p>\n\n\n\n<p>A quest\u00e3o est\u00e1 correta. O movimento de rota\u00e7\u00e3o do proj\u00e9til tem por fun\u00e7\u00e3o fornecer ao proj\u00e9til maior alcance m\u00e1ximo, maior alcance \u00fatil e melhor estabilidade frente \u00e0 resist\u00eancia do ar. Os tecidos do corpo humano apresentam densidade de 800 a 900 vezes maior que a densidade do ar. Quando o proj\u00e9til muda de meio, do ar para os tecidos do corpo humano, o aumento da densidade leva a um aumento da instabilidade. Como consequ\u00eancia, qualquer \u00e2ngulo oriundo do movimento de precess\u00e3o pode ser consideravelmente aumentado e, dependendo da sua extens\u00e3o, faz\u00ea-lo girar sobre o seu eixo longitudinal, provocando uma maior transfer\u00eancia de energia cin\u00e9tica e uma les\u00e3o de dimens\u00f5es muito superiores.<\/p>\n\n\n\n<p><strong>QUEST\u00c3O 115.<\/strong> <strong>Um bisturi, ao ser manipulado por a\u00e7\u00e3o em linha, deslizando e cortando um tecido, provoca uma les\u00e3o cortante.<\/strong><\/p>\n\n\n\n<p><strong>Coment\u00e1rios<\/strong><\/p>\n\n\n\n<p><strong>CERTO<\/strong><\/p>\n\n\n\n<p>A quest\u00e3o est\u00e1 correta, mas \u00e9 cab\u00edvel recurso. O instrumento \u00e9 cortante e a les\u00e3o \u00e9 incisa, mas o professor Genival Veloso de Fran\u00e7a aceita a express\u00e3o les\u00e3o cortante.&nbsp;<\/p>\n\n\n\n<p><strong>QUEST\u00c3O 116.<\/strong> <strong>A queimadura na pele produzida pela boca do cano de uma arma de fogo caracteriza o sinal de <\/strong><strong><em>Werkgaertner<\/em><\/strong><strong>.<\/strong>&nbsp;<\/p>\n\n\n\n<p><strong>Coment\u00e1rios<\/strong><\/p>\n\n\n\n<p><strong>ERRADO<\/strong><\/p>\n\n\n\n<p>A quest\u00e3o est\u00e1 incorreta, mas \u00e9 cab\u00edvel recurso, pois o correto seria dizer que a queimadura na pele, nesse caso, pode ser produzida pelo desenho da boca e da massa de mira do cano (n\u00e3o seria somente a boca do cano).<\/p>\n\n\n\n<p>Assim, os tiros encostados permitem deixar impresso na pele o chamado sinal de <em>Werkgaertner<\/em>, representado pelo desenho da boca e da massa de mira do cano, produzido por sua a\u00e7\u00e3o contundente ou pelo seu aquecimento.<\/p>\n\n\n\n<p><strong>No que concerne \u00e0 cronotanatognose, julgue os itens que se seguem.<\/strong><\/p>\n\n\n\n<p><strong>QUEST\u00c3O 117. A presen\u00e7a de d\u00edpteros da esp\u00e9cie mosca dom\u00e9stica, <\/strong><strong><em>muscina stabulans e calliphora vomitoria<\/em><\/strong><strong>, em um corpo encontrado em um matagal, indica tempo de morte estimado em tr\u00eas dias.&nbsp;<\/strong><\/p>\n\n\n\n<p><strong>Coment\u00e1rios<\/strong><\/p>\n\n\n\n<p><strong>ERRADO<\/strong><\/p>\n\n\n\n<p>A quest\u00e3o est\u00e1 incorreta, mas \u00e9 cab\u00edvel recurso, pois exige conhecimentos de Entomologia Forense. A primeira legi\u00e3o a surgir no cad\u00e1ver \u00e9 composta dos d\u00edpteros da esp\u00e9cie <em>Musca domestica, Muscina stabulans e Calliphora vomitoria<\/em>, cujo tempo de aparecimento \u00e9 de 8 a 15 dias iniciando a marcha dos trabalhos at\u00e9 o aparecimento dos \u00e1cidos graxos.<\/p>\n\n\n\n<p><strong>QUEST\u00c3O 118.<\/strong> <strong>A presen\u00e7a de cristais no sangue putrefeito, conhecidos como cristais de <\/strong><strong><em>Westenhoffer-Rocha-Valverde<\/em><\/strong><strong>, \u00e9 constatada 24 horas depois da morte.<\/strong><\/p>\n\n\n\n<p><strong>Coment\u00e1rios<\/strong><\/p>\n\n\n\n<p><strong>ERRADO<\/strong><\/p>\n\n\n\n<p>A quest\u00e3o est\u00e1 incorreta. Os chamados cristais de <em>Westenh\u00f6ffer-Rocha-Valverde<\/em> s\u00e3o l\u00e2minas cristaloides muito fr\u00e1geis, entrecruzadas e agrupadas, incolores, que adquirem colora\u00e7\u00e3o azul pelo ferrocianeto de pot\u00e1ssio, e castanha, pelo iodo, pass\u00edveis de ser encontradas a partir do 3.\u00ba dia no sangue putrefato, podendo, segundo Belmiro Valverde, permanecer no mesmo at\u00e9 35 dias ap\u00f3s a morte.<\/p>\n\n\n\n<p><strong>Em rela\u00e7\u00e3o \u00e0s les\u00f5es por a\u00e7\u00e3o t\u00e9rmica e por a\u00e7\u00e3o el\u00e9trica, julgue os itens a seguir.<\/strong><\/p>\n\n\n\n<p><strong>QUEST\u00c3O 119. O sinal de <\/strong><strong><em>Lichtemberg<\/em><\/strong><strong> corresponde ao ponto de contato da energia el\u00e9trica artificial com o corpo humano.<\/strong><\/p>\n\n\n\n<p><strong>Coment\u00e1rios<\/strong><\/p>\n\n\n\n<p><strong>ERRADO<\/strong><\/p>\n\n\n\n<p>A quest\u00e3o est\u00e1 incorreta. O sinal de <em>Lichtemberg<\/em> corresponde ao ponto de contato da energia el\u00e9trica natural com o corpo humano. As les\u00f5es externas tomam aspectos arborifome, conhecida como sinal de <em>Lichtenberg<\/em>, procedente de vasomotores, podendo desaparecer com a sobreviv\u00eancia. Podem surgir outras altera\u00e7\u00f5es, como queimaduras, hemorragias musculares, fraturas \u00f3sseas, etc.<\/p>\n\n\n\n<p><strong>QUEST\u00c3O 120.<\/strong> <strong>De acordo com a classifica\u00e7\u00e3o de <\/strong><strong><em>Lussena-Hoffman<\/em><\/strong><strong>, a presen\u00e7a de flictena e bolhas na pele (sinal de Chamber) caracteriza a queimadura de segundo grau.<\/strong><\/p>\n\n\n\n<p><strong>Coment\u00e1rios<\/strong><\/p>\n\n\n\n<p><strong>CERTO<\/strong><\/p>\n\n\n\n<p>A quest\u00e3o est\u00e1 correta, pois nas queimaduras de 2\u00ba Grau (sinal de <em>Chambert<\/em>), h\u00e1 um ac\u00famulo de l\u00edquido abaixo da epiderme com forma\u00e7\u00e3o de bolhas (flictenas). No ser vivo, as bolhas det\u00e9m um l\u00edquido seroso (plasma). No caso da queimadura \u201cpost mortem\u201d n\u00e3o existe este l\u00edquido seroso nas flictenas.<\/p>\n\n\n\n<p class=\"has-text-align-center has-luminous-vivid-amber-to-luminous-vivid-orange-gradient-background has-background\"><a href=\"https:\/\/cj.estrategia.com\/portal\/concurso-delegado-al\/\" target=\"_blank\" rel=\"noreferrer noopener nofollow\">SAIBA MAIS: Concurso Delegado AL<\/a><\/p>\n\n\n\n<h2 class=\"wp-block-heading has-text-align-center\" id=\"cursos\"><span id=\"quer-saber-tudo-sobre-concursos-previstosconfira-nossos-artigos\">Quer saber tudo sobre concursos previstos?<br>Confira nossos artigos!<\/span><\/h2>\n\n\n\n<ul class=\"wp-block-list\">\n<li><a href=\"https:\/\/cj.estrategia.com\/portal\/concursos-abertos-carreiras-juridicas\/\" target=\"_blank\" >Concursos jur\u00eddicos abertos<\/a><\/li>\n\n\n\n<li><a href=\"https:\/\/cj.estrategia.com\/portal\/concursos-2023-carreiras-juridicas\/\" target=\"_blank\" >Concursos jur\u00eddicos 2023<\/a><\/li>\n<\/ul>\n\n\n\n<h2 class=\"wp-block-heading has-text-align-center\" id=\"curso\"><span id=\"cursos-para-o-concurso-pc-al\">Cursos para o concurso PC AL<\/span><\/h2>\n\n\n\n<div class=\"wp-block-cover\" style=\"min-height:155px;aspect-ratio:unset;\"><img decoding=\"async\" width=\"1890\" height=\"351\" class=\"wp-block-cover__image-background wp-image-8669\" alt=\"Assinaturas Jur\u00eddicas\" src=\"https:\/\/cj.estrategia.com\/portal\/wp-content\/uploads\/2022\/06\/20151253\/concurso-carreiras-juridicas-assinatura-juridica.jpg\" style=\"object-position:78% 43%\" data-object-fit=\"cover\" data-object-position=\"78% 43%\" srcset=\"https:\/\/cj.estrategia.com\/portal\/wp-content\/uploads\/2022\/06\/20151253\/concurso-carreiras-juridicas-assinatura-juridica.jpg 1890w, https:\/\/cj.estrategia.com\/portal\/wp-content\/uploads\/2022\/06\/20151253\/concurso-carreiras-juridicas-assinatura-juridica-300x56.jpg 300w, https:\/\/cj.estrategia.com\/portal\/wp-content\/uploads\/2022\/06\/20151253\/concurso-carreiras-juridicas-assinatura-juridica-1024x190.jpg 1024w, https:\/\/cj.estrategia.com\/portal\/wp-content\/uploads\/2022\/06\/20151253\/concurso-carreiras-juridicas-assinatura-juridica-768x143.jpg 768w, https:\/\/cj.estrategia.com\/portal\/wp-content\/uploads\/2022\/06\/20151253\/concurso-carreiras-juridicas-assinatura-juridica-1536x285.jpg 1536w, https:\/\/cj.estrategia.com\/portal\/wp-content\/uploads\/2022\/06\/20151253\/concurso-carreiras-juridicas-assinatura-juridica-380x71.jpg 380w, https:\/\/cj.estrategia.com\/portal\/wp-content\/uploads\/2022\/06\/20151253\/concurso-carreiras-juridicas-assinatura-juridica-800x149.jpg 800w, https:\/\/cj.estrategia.com\/portal\/wp-content\/uploads\/2022\/06\/20151253\/concurso-carreiras-juridicas-assinatura-juridica-1160x215.jpg 1160w\" sizes=\"(max-width: 1890px) 100vw, 1890px\" \/><span aria-hidden=\"true\" class=\"wp-block-cover__background has-background-dim\"><\/span><div class=\"wp-block-cover__inner-container is-layout-flow wp-block-cover-is-layout-flow\">\n<h3 id=\"faca-a-sua-assinatura\" class=\"titulo-assinatura\"><span style=\"color: #ffffff;\">Fa\u00e7a a sua assinatura!<\/span><\/h3>\n<p class=\"subtitulo-assinatura\" style=\"display:block!important; line-height: 0;\"><span style=\"color: #ffffff;\">Escolha a sua \u00e1rea.<\/span><\/p>\n<a target=\"_blank\" href=\"https:\/\/www.estrategiaconcursos.com.br\/assinaturas-ecj\/\" rel=\"noopener\"><button style=\"border-radius: 10px; text-transform: capitalize;\">Acessar<\/button><\/a>\n<\/div><\/div>\n\n\n\n\n\n<p><\/p>\n","protected":false},"excerpt":{"rendered":"Ol\u00e1, pessoal, tudo certo?! Em 09\/07\/2023, foi aplicada a prova objetiva do concurso p\u00fablico para Delegado de Pol\u00edcia&hellip;\n","protected":false},"author":12,"featured_media":0,"comment_status":"open","ping_status":"open","sticky":false,"template":"","format":"standard","meta":{"_jetpack_memberships_contains_paid_content":false,"footnotes":""},"categories":[28],"tags":[],"tax_estado":[31],"class_list":{"0":"post-41144","1":"post","2":"type-post","3":"status-publish","4":"format-standard","6":"category-delegado","7":"tax_estado-al"},"acf":[],"yoast_head":"<!-- This site is optimized with the Yoast SEO Premium plugin v27.4 (Yoast SEO v27.4) - https:\/\/yoast.com\/product\/yoast-seo-premium-wordpress\/ -->\n<title>Prova comentada Medicina Legal Delegado AL!<\/title>\n<meta name=\"description\" content=\"Prova comentada Medicina Legal Delegado AL: confira AQUI a prova comentada e tire suas d\u00favidas!\" \/>\n<meta name=\"robots\" content=\"index, follow, max-snippet:-1, max-image-preview:large, max-video-preview:-1\" \/>\n<link rel=\"canonical\" href=\"https:\/\/cj.estrategia.com\/portal\/prova-comentada-medicina-legal-delegado-al\/\" \/>\n<meta property=\"og:locale\" content=\"pt_BR\" \/>\n<meta property=\"og:type\" content=\"article\" \/>\n<meta property=\"og:title\" content=\"Prova comentada Medicina Legal Delegado AL!\" \/>\n<meta property=\"og:description\" content=\"Prova comentada Medicina Legal Delegado AL: confira AQUI a prova comentada e tire suas d\u00favidas!\" \/>\n<meta property=\"og:url\" content=\"https:\/\/cj.estrategia.com\/portal\/prova-comentada-medicina-legal-delegado-al\/\" \/>\n<meta property=\"og:site_name\" content=\"Blog - Carreiras Jur\u00eddicas - Estrat\u00e9gia\" \/>\n<meta property=\"article:publisher\" content=\"https:\/\/www.facebook.com\/estrategiacarreirajuridica\/\" \/>\n<meta property=\"article:published_time\" content=\"2023-07-10T19:43:01+00:00\" \/>\n<meta property=\"article:modified_time\" content=\"2023-07-10T19:43:03+00:00\" \/>\n<meta name=\"author\" content=\"Coordena\u00e7\u00e3o\" \/>\n<meta name=\"twitter:card\" content=\"summary_large_image\" \/>\n<meta name=\"twitter:creator\" content=\"@EstratJuridica\" \/>\n<meta name=\"twitter:site\" content=\"@EstratJuridica\" \/>\n<meta name=\"twitter:label1\" content=\"Escrito por\" \/>\n\t<meta name=\"twitter:data1\" content=\"Coordena\u00e7\u00e3o\" \/>\n\t<meta name=\"twitter:label2\" content=\"Est. tempo de leitura\" \/>\n\t<meta name=\"twitter:data2\" content=\"9 minutos\" \/>\n<script type=\"application\/ld+json\" class=\"yoast-schema-graph\">{\"@context\":\"https:\\\/\\\/schema.org\",\"@graph\":[{\"@type\":\"NewsArticle\",\"@id\":\"https:\\\/\\\/cj.estrategia.com\\\/portal\\\/prova-comentada-medicina-legal-delegado-al\\\/#article\",\"isPartOf\":{\"@id\":\"https:\\\/\\\/cj.estrategia.com\\\/portal\\\/prova-comentada-medicina-legal-delegado-al\\\/\"},\"author\":{\"name\":\"Coordena\u00e7\u00e3o\",\"@id\":\"https:\\\/\\\/cj.estrategia.com\\\/portal\\\/#\\\/schema\\\/person\\\/4d70317d31449932b99102916b6637f5\"},\"headline\":\"Prova comentada Medicina Legal Delegado AL!\",\"datePublished\":\"2023-07-10T19:43:01+00:00\",\"dateModified\":\"2023-07-10T19:43:03+00:00\",\"mainEntityOfPage\":{\"@id\":\"https:\\\/\\\/cj.estrategia.com\\\/portal\\\/prova-comentada-medicina-legal-delegado-al\\\/\"},\"wordCount\":1700,\"commentCount\":0,\"publisher\":{\"@id\":\"https:\\\/\\\/cj.estrategia.com\\\/portal\\\/#organization\"},\"articleSection\":[\"Delegado\"],\"inLanguage\":\"pt-BR\",\"potentialAction\":[{\"@type\":\"CommentAction\",\"name\":\"Comment\",\"target\":[\"https:\\\/\\\/cj.estrategia.com\\\/portal\\\/prova-comentada-medicina-legal-delegado-al\\\/#respond\"]}]},{\"@type\":\"WebPage\",\"@id\":\"https:\\\/\\\/cj.estrategia.com\\\/portal\\\/prova-comentada-medicina-legal-delegado-al\\\/\",\"url\":\"https:\\\/\\\/cj.estrategia.com\\\/portal\\\/prova-comentada-medicina-legal-delegado-al\\\/\",\"name\":\"Prova comentada Medicina Legal Delegado AL!\",\"isPartOf\":{\"@id\":\"https:\\\/\\\/cj.estrategia.com\\\/portal\\\/#website\"},\"datePublished\":\"2023-07-10T19:43:01+00:00\",\"dateModified\":\"2023-07-10T19:43:03+00:00\",\"description\":\"Prova comentada Medicina Legal Delegado AL: confira AQUI a prova comentada e tire suas d\u00favidas!\",\"breadcrumb\":{\"@id\":\"https:\\\/\\\/cj.estrategia.com\\\/portal\\\/prova-comentada-medicina-legal-delegado-al\\\/#breadcrumb\"},\"inLanguage\":\"pt-BR\",\"potentialAction\":[{\"@type\":\"ReadAction\",\"target\":[\"https:\\\/\\\/cj.estrategia.com\\\/portal\\\/prova-comentada-medicina-legal-delegado-al\\\/\"]}]},{\"@type\":\"BreadcrumbList\",\"@id\":\"https:\\\/\\\/cj.estrategia.com\\\/portal\\\/prova-comentada-medicina-legal-delegado-al\\\/#breadcrumb\",\"itemListElement\":[{\"@type\":\"ListItem\",\"position\":1,\"name\":\"In\u00edcio\",\"item\":\"https:\\\/\\\/cj.estrategia.com\\\/portal\\\/\"},{\"@type\":\"ListItem\",\"position\":2,\"name\":\"Prova comentada Medicina Legal Delegado AL!\"}]},{\"@type\":\"WebSite\",\"@id\":\"https:\\\/\\\/cj.estrategia.com\\\/portal\\\/#website\",\"url\":\"https:\\\/\\\/cj.estrategia.com\\\/portal\\\/\",\"name\":\"Blog - Carreiras Jur\u00eddicas - Estrat\u00e9gia\",\"description\":\"\",\"publisher\":{\"@id\":\"https:\\\/\\\/cj.estrategia.com\\\/portal\\\/#organization\"},\"potentialAction\":[{\"@type\":\"SearchAction\",\"target\":{\"@type\":\"EntryPoint\",\"urlTemplate\":\"https:\\\/\\\/cj.estrategia.com\\\/portal\\\/?s={search_term_string}\"},\"query-input\":{\"@type\":\"PropertyValueSpecification\",\"valueRequired\":true,\"valueName\":\"search_term_string\"}}],\"inLanguage\":\"pt-BR\"},{\"@type\":\"Organization\",\"@id\":\"https:\\\/\\\/cj.estrategia.com\\\/portal\\\/#organization\",\"name\":\"Estrat\u00e9gia - Carreiras Jur\u00eddicas\",\"url\":\"https:\\\/\\\/cj.estrategia.com\\\/portal\\\/\",\"logo\":{\"@type\":\"ImageObject\",\"inLanguage\":\"pt-BR\",\"@id\":\"https:\\\/\\\/cj.estrategia.com\\\/portal\\\/#\\\/schema\\\/logo\\\/image\\\/\",\"url\":\"https:\\\/\\\/cj.estrategia.com\\\/portal\\\/wp-content\\\/uploads\\\/2022\\\/03\\\/11151052\\\/cj-logo.png\",\"contentUrl\":\"https:\\\/\\\/cj.estrategia.com\\\/portal\\\/wp-content\\\/uploads\\\/2022\\\/03\\\/11151052\\\/cj-logo.png\",\"width\":150,\"height\":39,\"caption\":\"Estrat\u00e9gia - Carreiras Jur\u00eddicas\"},\"image\":{\"@id\":\"https:\\\/\\\/cj.estrategia.com\\\/portal\\\/#\\\/schema\\\/logo\\\/image\\\/\"},\"sameAs\":[\"https:\\\/\\\/www.facebook.com\\\/estrategiacarreirajuridica\\\/\",\"https:\\\/\\\/x.com\\\/EstratJuridica\",\"https:\\\/\\\/www.instagram.com\\\/estrategiacarreirajuridica\\\/\",\"https:\\\/\\\/www.youtube.com\\\/channel\\\/UClbMGuYbj2Mh1m3w144ETWQ\"]},{\"@type\":\"Person\",\"@id\":\"https:\\\/\\\/cj.estrategia.com\\\/portal\\\/#\\\/schema\\\/person\\\/4d70317d31449932b99102916b6637f5\",\"name\":\"Coordena\u00e7\u00e3o\",\"image\":{\"@type\":\"ImageObject\",\"inLanguage\":\"pt-BR\",\"@id\":\"https:\\\/\\\/cj.estrategia.com\\\/portal\\\/wp-content\\\/uploads\\\/2022\\\/05\\\/12164923\\\/estrategia-carreira-juridica-coordenacao-96x96.png\",\"url\":\"https:\\\/\\\/cj.estrategia.com\\\/portal\\\/wp-content\\\/uploads\\\/2022\\\/05\\\/12164923\\\/estrategia-carreira-juridica-coordenacao-96x96.png\",\"contentUrl\":\"https:\\\/\\\/cj.estrategia.com\\\/portal\\\/wp-content\\\/uploads\\\/2022\\\/05\\\/12164923\\\/estrategia-carreira-juridica-coordenacao-96x96.png\",\"caption\":\"Coordena\u00e7\u00e3o\"},\"url\":\"https:\\\/\\\/cj.estrategia.com\\\/portal\\\/author\\\/coordenacao\\\/\"}]}<\/script>\n<!-- \/ Yoast SEO Premium plugin. -->","yoast_head_json":{"title":"Prova comentada Medicina Legal Delegado AL!","description":"Prova comentada Medicina Legal Delegado AL: confira AQUI a prova comentada e tire suas d\u00favidas!","robots":{"index":"index","follow":"follow","max-snippet":"max-snippet:-1","max-image-preview":"max-image-preview:large","max-video-preview":"max-video-preview:-1"},"canonical":"https:\/\/cj.estrategia.com\/portal\/prova-comentada-medicina-legal-delegado-al\/","og_locale":"pt_BR","og_type":"article","og_title":"Prova comentada Medicina Legal Delegado AL!","og_description":"Prova comentada Medicina Legal Delegado AL: confira AQUI a prova comentada e tire suas d\u00favidas!","og_url":"https:\/\/cj.estrategia.com\/portal\/prova-comentada-medicina-legal-delegado-al\/","og_site_name":"Blog - Carreiras Jur\u00eddicas - Estrat\u00e9gia","article_publisher":"https:\/\/www.facebook.com\/estrategiacarreirajuridica\/","article_published_time":"2023-07-10T19:43:01+00:00","article_modified_time":"2023-07-10T19:43:03+00:00","author":"Coordena\u00e7\u00e3o","twitter_card":"summary_large_image","twitter_creator":"@EstratJuridica","twitter_site":"@EstratJuridica","twitter_misc":{"Escrito por":"Coordena\u00e7\u00e3o","Est. tempo de leitura":"9 minutos"},"schema":{"@context":"https:\/\/schema.org","@graph":[{"@type":"NewsArticle","@id":"https:\/\/cj.estrategia.com\/portal\/prova-comentada-medicina-legal-delegado-al\/#article","isPartOf":{"@id":"https:\/\/cj.estrategia.com\/portal\/prova-comentada-medicina-legal-delegado-al\/"},"author":{"name":"Coordena\u00e7\u00e3o","@id":"https:\/\/cj.estrategia.com\/portal\/#\/schema\/person\/4d70317d31449932b99102916b6637f5"},"headline":"Prova comentada Medicina Legal Delegado AL!","datePublished":"2023-07-10T19:43:01+00:00","dateModified":"2023-07-10T19:43:03+00:00","mainEntityOfPage":{"@id":"https:\/\/cj.estrategia.com\/portal\/prova-comentada-medicina-legal-delegado-al\/"},"wordCount":1700,"commentCount":0,"publisher":{"@id":"https:\/\/cj.estrategia.com\/portal\/#organization"},"articleSection":["Delegado"],"inLanguage":"pt-BR","potentialAction":[{"@type":"CommentAction","name":"Comment","target":["https:\/\/cj.estrategia.com\/portal\/prova-comentada-medicina-legal-delegado-al\/#respond"]}]},{"@type":"WebPage","@id":"https:\/\/cj.estrategia.com\/portal\/prova-comentada-medicina-legal-delegado-al\/","url":"https:\/\/cj.estrategia.com\/portal\/prova-comentada-medicina-legal-delegado-al\/","name":"Prova comentada Medicina Legal Delegado AL!","isPartOf":{"@id":"https:\/\/cj.estrategia.com\/portal\/#website"},"datePublished":"2023-07-10T19:43:01+00:00","dateModified":"2023-07-10T19:43:03+00:00","description":"Prova comentada Medicina Legal Delegado AL: confira AQUI a prova comentada e tire suas d\u00favidas!","breadcrumb":{"@id":"https:\/\/cj.estrategia.com\/portal\/prova-comentada-medicina-legal-delegado-al\/#breadcrumb"},"inLanguage":"pt-BR","potentialAction":[{"@type":"ReadAction","target":["https:\/\/cj.estrategia.com\/portal\/prova-comentada-medicina-legal-delegado-al\/"]}]},{"@type":"BreadcrumbList","@id":"https:\/\/cj.estrategia.com\/portal\/prova-comentada-medicina-legal-delegado-al\/#breadcrumb","itemListElement":[{"@type":"ListItem","position":1,"name":"In\u00edcio","item":"https:\/\/cj.estrategia.com\/portal\/"},{"@type":"ListItem","position":2,"name":"Prova comentada Medicina Legal Delegado AL!"}]},{"@type":"WebSite","@id":"https:\/\/cj.estrategia.com\/portal\/#website","url":"https:\/\/cj.estrategia.com\/portal\/","name":"Blog - Carreiras Jur\u00eddicas - Estrat\u00e9gia","description":"","publisher":{"@id":"https:\/\/cj.estrategia.com\/portal\/#organization"},"potentialAction":[{"@type":"SearchAction","target":{"@type":"EntryPoint","urlTemplate":"https:\/\/cj.estrategia.com\/portal\/?s={search_term_string}"},"query-input":{"@type":"PropertyValueSpecification","valueRequired":true,"valueName":"search_term_string"}}],"inLanguage":"pt-BR"},{"@type":"Organization","@id":"https:\/\/cj.estrategia.com\/portal\/#organization","name":"Estrat\u00e9gia - Carreiras Jur\u00eddicas","url":"https:\/\/cj.estrategia.com\/portal\/","logo":{"@type":"ImageObject","inLanguage":"pt-BR","@id":"https:\/\/cj.estrategia.com\/portal\/#\/schema\/logo\/image\/","url":"https:\/\/cj.estrategia.com\/portal\/wp-content\/uploads\/2022\/03\/11151052\/cj-logo.png","contentUrl":"https:\/\/cj.estrategia.com\/portal\/wp-content\/uploads\/2022\/03\/11151052\/cj-logo.png","width":150,"height":39,"caption":"Estrat\u00e9gia - Carreiras Jur\u00eddicas"},"image":{"@id":"https:\/\/cj.estrategia.com\/portal\/#\/schema\/logo\/image\/"},"sameAs":["https:\/\/www.facebook.com\/estrategiacarreirajuridica\/","https:\/\/x.com\/EstratJuridica","https:\/\/www.instagram.com\/estrategiacarreirajuridica\/","https:\/\/www.youtube.com\/channel\/UClbMGuYbj2Mh1m3w144ETWQ"]},{"@type":"Person","@id":"https:\/\/cj.estrategia.com\/portal\/#\/schema\/person\/4d70317d31449932b99102916b6637f5","name":"Coordena\u00e7\u00e3o","image":{"@type":"ImageObject","inLanguage":"pt-BR","@id":"https:\/\/cj.estrategia.com\/portal\/wp-content\/uploads\/2022\/05\/12164923\/estrategia-carreira-juridica-coordenacao-96x96.png","url":"https:\/\/cj.estrategia.com\/portal\/wp-content\/uploads\/2022\/05\/12164923\/estrategia-carreira-juridica-coordenacao-96x96.png","contentUrl":"https:\/\/cj.estrategia.com\/portal\/wp-content\/uploads\/2022\/05\/12164923\/estrategia-carreira-juridica-coordenacao-96x96.png","caption":"Coordena\u00e7\u00e3o"},"url":"https:\/\/cj.estrategia.com\/portal\/author\/coordenacao\/"}]}},"jetpack_featured_media_url":"","jetpack_sharing_enabled":true,"_links":{"self":[{"href":"https:\/\/cj.estrategia.com\/portal\/wp-json\/wp\/v2\/posts\/41144","targetHints":{"allow":["GET"]}}],"collection":[{"href":"https:\/\/cj.estrategia.com\/portal\/wp-json\/wp\/v2\/posts"}],"about":[{"href":"https:\/\/cj.estrategia.com\/portal\/wp-json\/wp\/v2\/types\/post"}],"author":[{"embeddable":true,"href":"https:\/\/cj.estrategia.com\/portal\/wp-json\/wp\/v2\/users\/12"}],"replies":[{"embeddable":true,"href":"https:\/\/cj.estrategia.com\/portal\/wp-json\/wp\/v2\/comments?post=41144"}],"version-history":[{"count":1,"href":"https:\/\/cj.estrategia.com\/portal\/wp-json\/wp\/v2\/posts\/41144\/revisions"}],"predecessor-version":[{"id":41145,"href":"https:\/\/cj.estrategia.com\/portal\/wp-json\/wp\/v2\/posts\/41144\/revisions\/41145"}],"wp:attachment":[{"href":"https:\/\/cj.estrategia.com\/portal\/wp-json\/wp\/v2\/media?parent=41144"}],"wp:term":[{"taxonomy":"category","embeddable":true,"href":"https:\/\/cj.estrategia.com\/portal\/wp-json\/wp\/v2\/categories?post=41144"},{"taxonomy":"post_tag","embeddable":true,"href":"https:\/\/cj.estrategia.com\/portal\/wp-json\/wp\/v2\/tags?post=41144"},{"taxonomy":"tax_estado","embeddable":true,"href":"https:\/\/cj.estrategia.com\/portal\/wp-json\/wp\/v2\/tax_estado?post=41144"}],"curies":[{"name":"wp","href":"https:\/\/api.w.org\/{rel}","templated":true}]}}