{"id":41083,"date":"2023-07-12T18:00:00","date_gmt":"2023-07-12T21:00:00","guid":{"rendered":"https:\/\/cj.estrategia.com\/portal\/?p=41083"},"modified":"2023-07-10T14:18:42","modified_gmt":"2023-07-10T17:18:42","slug":"cursos-exclusivos-para-delta-pf","status":"publish","type":"post","link":"https:\/\/cj.estrategia.com\/portal\/cursos-exclusivos-para-delta-pf\/","title":{"rendered":"Cursos exclusivos para Delta PF\u00a0"},"content":{"rendered":"\n<p>Chegou a hora de intensificar os estudos para chegar preparado no dia do exame do pr\u00f3ximo concurso Delta PF. <\/p>\n\n\n\n<p>Ser\u00e3o 10 aulas completas e gratuitas para voc\u00ea tirar d\u00favidas e ganhar dicas valiosas. Confira abaixo: <\/p>\n\n\n\n<h3 id=\"delta-pf-cronograma\" class=\"wp-block-heading\">Delta PF: Cronograma<\/h3>\n\n\n\n<figure class=\"wp-block-table is-style-stripes\"><table class=\"has-light-green-cyan-background-color has-background\"><tbody><tr><td class=\"has-text-align-center\" data-align=\"center\">Data<\/td><td class=\"has-text-align-center\" data-align=\"center\">Dia<\/td><td class=\"has-text-align-center\" data-align=\"center\">Hor\u00e1rio<\/td><td class=\"has-text-align-center\" data-align=\"center\">Disciplina<\/td><td class=\"has-text-align-center\" data-align=\"center\">Professor<\/td><\/tr><tr><td class=\"has-text-align-center\" data-align=\"center\">12\/07\/23<\/td><td class=\"has-text-align-center\" data-align=\"center\">Quarta-feira<\/td><td class=\"has-text-align-center\" data-align=\"center\">19:00<\/td><td class=\"has-text-align-center\" data-align=\"center\">Direito Empresarial<\/td><td class=\"has-text-align-center\" data-align=\"center\">Alessandro Sanchez<\/td><\/tr><tr><td class=\"has-text-align-center\" data-align=\"center\">13\/07\/23<\/td><td class=\"has-text-align-center\" data-align=\"center\">Quinta-feira<\/td><td class=\"has-text-align-center\" data-align=\"center\">19:00<\/td><td class=\"has-text-align-center\" data-align=\"center\">Direito Empresarial<\/td><td class=\"has-text-align-center\" data-align=\"center\">Alessandro Sanchez<\/td><\/tr><tr><td class=\"has-text-align-center\" data-align=\"center\">14\/07\/23<\/td><td class=\"has-text-align-center\" data-align=\"center\">Sexta-feira<\/td><td class=\"has-text-align-center\" data-align=\"center\">14:00<\/td><td class=\"has-text-align-center\" data-align=\"center\">Direito Previdenci\u00e1rio<\/td><td class=\"has-text-align-center\" data-align=\"center\">Rafael Dantas<\/td><\/tr><tr><td class=\"has-text-align-center\" data-align=\"center\">15\/07\/23<\/td><td class=\"has-text-align-center\" data-align=\"center\">S\u00e1bado<\/td><td class=\"has-text-align-center\" data-align=\"center\">14:00<\/td><td class=\"has-text-align-center\" data-align=\"center\">Direito Previdenci\u00e1rio<\/td><td class=\"has-text-align-center\" data-align=\"center\">Rafael Dantas<\/td><\/tr><tr><td class=\"has-text-align-center\" data-align=\"center\">17\/07\/23<\/td><td class=\"has-text-align-center\" data-align=\"center\">Segunda-feira<\/td><td class=\"has-text-align-center\" data-align=\"center\">19:00<\/td><td class=\"has-text-align-center\" data-align=\"center\">Direito Internacional P\u00fablico e Coopera\u00e7\u00e3o Internacional<\/td><td class=\"has-text-align-center\" data-align=\"center\">Luiz Godoy<\/td><\/tr><tr><td class=\"has-text-align-center\" data-align=\"center\">18\/07\/23<\/td><td class=\"has-text-align-center\" data-align=\"center\">Ter\u00e7a-feira<\/td><td class=\"has-text-align-center\" data-align=\"center\">19:00<\/td><td class=\"has-text-align-center\" data-align=\"center\">Direito Internacional P\u00fablico e Coopera\u00e7\u00e3o Internacional<\/td><td class=\"has-text-align-center\" data-align=\"center\">Luiz Godoy<\/td><\/tr><tr><td class=\"has-text-align-center\" data-align=\"center\">19\/07\/23<\/td><td class=\"has-text-align-center\" data-align=\"center\">Quarta-feira<\/td><td class=\"has-text-align-center\" data-align=\"center\">19:00<\/td><td class=\"has-text-align-center\" data-align=\"center\">Direito Internacional P\u00fablico e Coopera\u00e7\u00e3o Internacional<\/td><td class=\"has-text-align-center\" data-align=\"center\">Luiz Godoy<\/td><\/tr><tr><td class=\"has-text-align-center\" data-align=\"center\">20\/07\/23<\/td><td class=\"has-text-align-center\" data-align=\"center\">Quinta-feira<\/td><td class=\"has-text-align-center\" data-align=\"center\">19:00<\/td><td class=\"has-text-align-center\" data-align=\"center\">Direito Empresarial<\/td><td class=\"has-text-align-center\" data-align=\"center\">Alessandro Sanchez<\/td><\/tr><tr><td class=\"has-text-align-center\" data-align=\"center\">21\/07\/23<\/td><td class=\"has-text-align-center\" data-align=\"center\">Sexta-feira<\/td><td class=\"has-text-align-center\" data-align=\"center\">19:00<\/td><td class=\"has-text-align-center\" data-align=\"center\">Direito Internacional P\u00fablico e Coopera\u00e7\u00e3o Internacional<\/td><td class=\"has-text-align-center\" data-align=\"center\">Luiz Godoy<\/td><\/tr><tr><td class=\"has-text-align-center\" data-align=\"center\">22\/07\/23<\/td><td class=\"has-text-align-center\" data-align=\"center\">S\u00e1bado<\/td><td class=\"has-text-align-center\" data-align=\"center\">08:30<\/td><td class=\"has-text-align-center\" data-align=\"center\">Direito Internacional P\u00fablico e Coopera\u00e7\u00e3o Internacional<\/td><td class=\"has-text-align-center\" data-align=\"center\">Luiz Godoy<\/td><\/tr><\/tbody><\/table><\/figure>\n\n\n\n<h3 id=\"delta-pf-evento-ao-vivo\" class=\"wp-block-heading\">Delta PF: Evento ao vivo <\/h3>\n\n\n\n<p class=\"has-text-align-center has-medium-font-size\"><strong>Delegado PF &#8211; <a href=\"https:\/\/www.youtube.com\/channel\/UClbMGuYbj2Mh1m3w144ETWQ\" target=\"_blank\" >Assista AO VIVO <\/a><\/strong><\/p>\n\n\n\n<h3 id=\"delta-pf-curiosidades\" class=\"wp-block-heading\">Delta PF: Curiosidades<\/h3>\n\n\n\n<p>O edital do&nbsp;<strong>concurso Delegado PF<\/strong>&nbsp;dita os seguintes requisitos para posse do cargo:<\/p>\n\n\n\n<ul class=\"wp-block-list\">\n<li>Diploma de bacharel em Direito, devidamente registrado;<\/li>\n\n\n\n<li>Ter atividade jur\u00eddica ou policial de 3 anos (comprovados);<\/li>\n\n\n\n<li>Ter 18 anos, no m\u00ednimo;<\/li>\n\n\n\n<li>Possuir CNH na categoria \u201cB\u201d ou superior.<\/li>\n<\/ul>\n\n\n\n<p>A atividade jur\u00eddica ou policial deve ser comprovada na data da posse e todos esses&nbsp;<em>devem ser comprovados na data da matr\u00edcula<\/em>.<\/p>\n\n\n\n<p>Al\u00e9m dessas exig\u00eancias, durante o Curso de Forma\u00e7\u00e3o Profissional, o candidato dever\u00e1 comprovar que \u00e9 vi\u00e1vel ter todos os requisitos exigidos at\u00e9 o fim do curso. Este aspecto peculiar cabe ao candidato que n\u00e3o tenha atingido o tempo m\u00ednimo.<\/p>\n\n\n\n<p class=\"has-text-align-center has-luminous-vivid-amber-background-color has-background has-medium-font-size\"><strong>Saiba mais: <a href=\"https:\/\/cj.estrategia.com\/portal\/concurso-delegado-pf\/\" target=\"_blank\" >Concurso Delegado PF<\/a><\/strong><\/p>\n\n\n\n<h2 class=\"wp-block-heading has-text-align-center\" id=\"cursos\"><span id=\"quer-saber-tudo-sobre-concursos-previstos-confira-nossos-artigos\">Quer saber tudo sobre concursos previstos? <br><strong>Confira nossos artigos!<\/strong><\/span><\/h2>\n\n\n\n<ul class=\"wp-block-list\">\n<li><a href=\"https:\/\/cj.estrategia.com\/portal\/concursos-abertos-carreiras-juridicas\/\" target=\"_blank\" >Concursos jur\u00eddicos abertos<\/a><\/li>\n\n\n\n<li><a href=\"https:\/\/cj.estrategia.com\/portal\/concursos-2023-carreiras-juridicas\/\" target=\"_blank\" >Concursos jur\u00eddicos 2023<\/a><\/li>\n<\/ul>\n\n\n\n<h2 class=\"wp-block-heading has-text-align-center\" id=\"cursos\"><span id=\"cursos-para-o-concurso-delegado-pf\">Cursos para o concurso Delegado PF<\/span><\/h2>\n\n\n\n<div class=\"container\" id=\"boxes\">\n  <div class=\"row\">\n\n    <div class=\"col-sm\">\n      <div class=\"banner-estrategia-concursos-juridicos\" id=\"box-assinatura\">\n        <h3 id=\"curso-para-delegado-pf\" class=\"titulo-assinatura\">Curso para Delegado PF<\/h3>\n        <p class=\"subtitulo-assinatura\">Cursos focados no edital do concurso<\/p>\n        <div class=\"box-botao\">\n          <a class=\"btn-assinatura-juridica\" target=\"_blank\" href=\"https:\/\/www.estrategiaconcursos.com.br\/cursosPorConcurso\/promocao-pacote-completo-policia-federal-delegado\/\" role=\"button\" rel=\"noopener noreferrer\">Conhe\u00e7a mais<\/a>\n        <\/div>\n      <\/div>\n  \n    <\/div>\n\n  <\/div>\n<\/div>\n","protected":false},"excerpt":{"rendered":"Chegou a hora de intensificar os estudos para chegar preparado no dia do exame do pr\u00f3ximo concurso Delta&hellip;\n","protected":false},"author":12,"featured_media":40746,"comment_status":"open","ping_status":"open","sticky":false,"template":"","format":"standard","meta":{"_jetpack_memberships_contains_paid_content":false,"footnotes":""},"categories":[28],"tags":[],"tax_estado":[36],"class_list":{"0":"post-41083","1":"post","2":"type-post","3":"status-publish","4":"format-standard","5":"has-post-thumbnail","7":"category-delegado","8":"tax_estado-concursos-federais"},"acf":[],"yoast_head":"<!-- This site is optimized with the Yoast SEO Premium plugin v27.4 (Yoast SEO v27.4) - https:\/\/yoast.com\/product\/yoast-seo-premium-wordpress\/ -->\n<title>Cursos exclusivos para Delta PF\u00a0<\/title>\n<meta name=\"description\" content=\"Reforce sua prepara\u00e7\u00e3o com os Cursos exclusivos para Delta PF!\" \/>\n<meta name=\"robots\" content=\"index, follow, max-snippet:-1, max-image-preview:large, max-video-preview:-1\" \/>\n<link rel=\"canonical\" href=\"https:\/\/cj.estrategia.com\/portal\/cursos-exclusivos-para-delta-pf\/\" \/>\n<meta property=\"og:locale\" content=\"pt_BR\" \/>\n<meta property=\"og:type\" content=\"article\" \/>\n<meta property=\"og:title\" content=\"Cursos exclusivos para Delta PF\u00a0\" \/>\n<meta property=\"og:description\" content=\"Reforce sua prepara\u00e7\u00e3o com os Cursos exclusivos para Delta PF!\" \/>\n<meta property=\"og:url\" content=\"https:\/\/cj.estrategia.com\/portal\/cursos-exclusivos-para-delta-pf\/\" \/>\n<meta property=\"og:site_name\" content=\"Blog - Carreiras Jur\u00eddicas - Estrat\u00e9gia\" \/>\n<meta property=\"article:publisher\" content=\"https:\/\/www.facebook.com\/estrategiacarreirajuridica\/\" \/>\n<meta property=\"article:published_time\" content=\"2023-07-12T21:00:00+00:00\" \/>\n<meta property=\"og:image\" content=\"https:\/\/cj.estrategia.com\/portal\/wp-content\/uploads\/2023\/06\/07102355\/concurso-delegado-pf-policia-federal.jpg\" \/>\n\t<meta property=\"og:image:width\" content=\"768\" \/>\n\t<meta property=\"og:image:height\" content=\"432\" \/>\n\t<meta property=\"og:image:type\" content=\"image\/jpeg\" \/>\n<meta name=\"author\" content=\"Coordena\u00e7\u00e3o\" \/>\n<meta name=\"twitter:card\" content=\"summary_large_image\" \/>\n<meta name=\"twitter:creator\" content=\"@EstratJuridica\" \/>\n<meta name=\"twitter:site\" content=\"@EstratJuridica\" \/>\n<meta name=\"twitter:label1\" content=\"Escrito por\" \/>\n\t<meta name=\"twitter:data1\" content=\"Coordena\u00e7\u00e3o\" \/>\n\t<meta name=\"twitter:label2\" content=\"Est. tempo de leitura\" \/>\n\t<meta name=\"twitter:data2\" content=\"2 minutos\" \/>\n<script type=\"application\/ld+json\" class=\"yoast-schema-graph\">{\"@context\":\"https:\\\/\\\/schema.org\",\"@graph\":[{\"@type\":\"NewsArticle\",\"@id\":\"https:\\\/\\\/cj.estrategia.com\\\/portal\\\/cursos-exclusivos-para-delta-pf\\\/#article\",\"isPartOf\":{\"@id\":\"https:\\\/\\\/cj.estrategia.com\\\/portal\\\/cursos-exclusivos-para-delta-pf\\\/\"},\"author\":{\"name\":\"Coordena\u00e7\u00e3o\",\"@id\":\"https:\\\/\\\/cj.estrategia.com\\\/portal\\\/#\\\/schema\\\/person\\\/4d70317d31449932b99102916b6637f5\"},\"headline\":\"Cursos exclusivos para Delta PF\u00a0\",\"datePublished\":\"2023-07-12T21:00:00+00:00\",\"mainEntityOfPage\":{\"@id\":\"https:\\\/\\\/cj.estrategia.com\\\/portal\\\/cursos-exclusivos-para-delta-pf\\\/\"},\"wordCount\":303,\"commentCount\":0,\"publisher\":{\"@id\":\"https:\\\/\\\/cj.estrategia.com\\\/portal\\\/#organization\"},\"image\":{\"@id\":\"https:\\\/\\\/cj.estrategia.com\\\/portal\\\/cursos-exclusivos-para-delta-pf\\\/#primaryimage\"},\"thumbnailUrl\":\"https:\\\/\\\/cj.estrategia.com\\\/portal\\\/wp-content\\\/uploads\\\/2023\\\/06\\\/07102355\\\/concurso-delegado-pf-policia-federal.jpg\",\"articleSection\":[\"Delegado\"],\"inLanguage\":\"pt-BR\",\"potentialAction\":[{\"@type\":\"CommentAction\",\"name\":\"Comment\",\"target\":[\"https:\\\/\\\/cj.estrategia.com\\\/portal\\\/cursos-exclusivos-para-delta-pf\\\/#respond\"]}]},{\"@type\":\"WebPage\",\"@id\":\"https:\\\/\\\/cj.estrategia.com\\\/portal\\\/cursos-exclusivos-para-delta-pf\\\/\",\"url\":\"https:\\\/\\\/cj.estrategia.com\\\/portal\\\/cursos-exclusivos-para-delta-pf\\\/\",\"name\":\"Cursos exclusivos para Delta PF\u00a0\",\"isPartOf\":{\"@id\":\"https:\\\/\\\/cj.estrategia.com\\\/portal\\\/#website\"},\"primaryImageOfPage\":{\"@id\":\"https:\\\/\\\/cj.estrategia.com\\\/portal\\\/cursos-exclusivos-para-delta-pf\\\/#primaryimage\"},\"image\":{\"@id\":\"https:\\\/\\\/cj.estrategia.com\\\/portal\\\/cursos-exclusivos-para-delta-pf\\\/#primaryimage\"},\"thumbnailUrl\":\"https:\\\/\\\/cj.estrategia.com\\\/portal\\\/wp-content\\\/uploads\\\/2023\\\/06\\\/07102355\\\/concurso-delegado-pf-policia-federal.jpg\",\"datePublished\":\"2023-07-12T21:00:00+00:00\",\"description\":\"Reforce sua prepara\u00e7\u00e3o com os Cursos exclusivos para Delta PF!\",\"breadcrumb\":{\"@id\":\"https:\\\/\\\/cj.estrategia.com\\\/portal\\\/cursos-exclusivos-para-delta-pf\\\/#breadcrumb\"},\"inLanguage\":\"pt-BR\",\"potentialAction\":[{\"@type\":\"ReadAction\",\"target\":[\"https:\\\/\\\/cj.estrategia.com\\\/portal\\\/cursos-exclusivos-para-delta-pf\\\/\"]}]},{\"@type\":\"ImageObject\",\"inLanguage\":\"pt-BR\",\"@id\":\"https:\\\/\\\/cj.estrategia.com\\\/portal\\\/cursos-exclusivos-para-delta-pf\\\/#primaryimage\",\"url\":\"https:\\\/\\\/cj.estrategia.com\\\/portal\\\/wp-content\\\/uploads\\\/2023\\\/06\\\/07102355\\\/concurso-delegado-pf-policia-federal.jpg\",\"contentUrl\":\"https:\\\/\\\/cj.estrategia.com\\\/portal\\\/wp-content\\\/uploads\\\/2023\\\/06\\\/07102355\\\/concurso-delegado-pf-policia-federal.jpg\",\"width\":768,\"height\":432},{\"@type\":\"BreadcrumbList\",\"@id\":\"https:\\\/\\\/cj.estrategia.com\\\/portal\\\/cursos-exclusivos-para-delta-pf\\\/#breadcrumb\",\"itemListElement\":[{\"@type\":\"ListItem\",\"position\":1,\"name\":\"In\u00edcio\",\"item\":\"https:\\\/\\\/cj.estrategia.com\\\/portal\\\/\"},{\"@type\":\"ListItem\",\"position\":2,\"name\":\"Cursos exclusivos para Delta PF\u00a0\"}]},{\"@type\":\"WebSite\",\"@id\":\"https:\\\/\\\/cj.estrategia.com\\\/portal\\\/#website\",\"url\":\"https:\\\/\\\/cj.estrategia.com\\\/portal\\\/\",\"name\":\"Blog - Carreiras Jur\u00eddicas - Estrat\u00e9gia\",\"description\":\"\",\"publisher\":{\"@id\":\"https:\\\/\\\/cj.estrategia.com\\\/portal\\\/#organization\"},\"potentialAction\":[{\"@type\":\"SearchAction\",\"target\":{\"@type\":\"EntryPoint\",\"urlTemplate\":\"https:\\\/\\\/cj.estrategia.com\\\/portal\\\/?s={search_term_string}\"},\"query-input\":{\"@type\":\"PropertyValueSpecification\",\"valueRequired\":true,\"valueName\":\"search_term_string\"}}],\"inLanguage\":\"pt-BR\"},{\"@type\":\"Organization\",\"@id\":\"https:\\\/\\\/cj.estrategia.com\\\/portal\\\/#organization\",\"name\":\"Estrat\u00e9gia - Carreiras Jur\u00eddicas\",\"url\":\"https:\\\/\\\/cj.estrategia.com\\\/portal\\\/\",\"logo\":{\"@type\":\"ImageObject\",\"inLanguage\":\"pt-BR\",\"@id\":\"https:\\\/\\\/cj.estrategia.com\\\/portal\\\/#\\\/schema\\\/logo\\\/image\\\/\",\"url\":\"https:\\\/\\\/cj.estrategia.com\\\/portal\\\/wp-content\\\/uploads\\\/2022\\\/03\\\/11151052\\\/cj-logo.png\",\"contentUrl\":\"https:\\\/\\\/cj.estrategia.com\\\/portal\\\/wp-content\\\/uploads\\\/2022\\\/03\\\/11151052\\\/cj-logo.png\",\"width\":150,\"height\":39,\"caption\":\"Estrat\u00e9gia - Carreiras Jur\u00eddicas\"},\"image\":{\"@id\":\"https:\\\/\\\/cj.estrategia.com\\\/portal\\\/#\\\/schema\\\/logo\\\/image\\\/\"},\"sameAs\":[\"https:\\\/\\\/www.facebook.com\\\/estrategiacarreirajuridica\\\/\",\"https:\\\/\\\/x.com\\\/EstratJuridica\",\"https:\\\/\\\/www.instagram.com\\\/estrategiacarreirajuridica\\\/\",\"https:\\\/\\\/www.youtube.com\\\/channel\\\/UClbMGuYbj2Mh1m3w144ETWQ\"]},{\"@type\":\"Person\",\"@id\":\"https:\\\/\\\/cj.estrategia.com\\\/portal\\\/#\\\/schema\\\/person\\\/4d70317d31449932b99102916b6637f5\",\"name\":\"Coordena\u00e7\u00e3o\",\"image\":{\"@type\":\"ImageObject\",\"inLanguage\":\"pt-BR\",\"@id\":\"https:\\\/\\\/cj.estrategia.com\\\/portal\\\/wp-content\\\/uploads\\\/2022\\\/05\\\/12164923\\\/estrategia-carreira-juridica-coordenacao-96x96.png\",\"url\":\"https:\\\/\\\/cj.estrategia.com\\\/portal\\\/wp-content\\\/uploads\\\/2022\\\/05\\\/12164923\\\/estrategia-carreira-juridica-coordenacao-96x96.png\",\"contentUrl\":\"https:\\\/\\\/cj.estrategia.com\\\/portal\\\/wp-content\\\/uploads\\\/2022\\\/05\\\/12164923\\\/estrategia-carreira-juridica-coordenacao-96x96.png\",\"caption\":\"Coordena\u00e7\u00e3o\"},\"url\":\"https:\\\/\\\/cj.estrategia.com\\\/portal\\\/author\\\/coordenacao\\\/\"}]}<\/script>\n<!-- \/ Yoast SEO Premium plugin. -->","yoast_head_json":{"title":"Cursos exclusivos para Delta PF\u00a0","description":"Reforce sua prepara\u00e7\u00e3o com os Cursos exclusivos para Delta PF!","robots":{"index":"index","follow":"follow","max-snippet":"max-snippet:-1","max-image-preview":"max-image-preview:large","max-video-preview":"max-video-preview:-1"},"canonical":"https:\/\/cj.estrategia.com\/portal\/cursos-exclusivos-para-delta-pf\/","og_locale":"pt_BR","og_type":"article","og_title":"Cursos exclusivos para Delta PF\u00a0","og_description":"Reforce sua prepara\u00e7\u00e3o com os Cursos exclusivos para Delta PF!","og_url":"https:\/\/cj.estrategia.com\/portal\/cursos-exclusivos-para-delta-pf\/","og_site_name":"Blog - Carreiras Jur\u00eddicas - Estrat\u00e9gia","article_publisher":"https:\/\/www.facebook.com\/estrategiacarreirajuridica\/","article_published_time":"2023-07-12T21:00:00+00:00","og_image":[{"width":768,"height":432,"url":"https:\/\/cj.estrategia.com\/portal\/wp-content\/uploads\/2023\/06\/07102355\/concurso-delegado-pf-policia-federal.jpg","type":"image\/jpeg"}],"author":"Coordena\u00e7\u00e3o","twitter_card":"summary_large_image","twitter_creator":"@EstratJuridica","twitter_site":"@EstratJuridica","twitter_misc":{"Escrito por":"Coordena\u00e7\u00e3o","Est. tempo de leitura":"2 minutos"},"schema":{"@context":"https:\/\/schema.org","@graph":[{"@type":"NewsArticle","@id":"https:\/\/cj.estrategia.com\/portal\/cursos-exclusivos-para-delta-pf\/#article","isPartOf":{"@id":"https:\/\/cj.estrategia.com\/portal\/cursos-exclusivos-para-delta-pf\/"},"author":{"name":"Coordena\u00e7\u00e3o","@id":"https:\/\/cj.estrategia.com\/portal\/#\/schema\/person\/4d70317d31449932b99102916b6637f5"},"headline":"Cursos exclusivos para Delta PF\u00a0","datePublished":"2023-07-12T21:00:00+00:00","mainEntityOfPage":{"@id":"https:\/\/cj.estrategia.com\/portal\/cursos-exclusivos-para-delta-pf\/"},"wordCount":303,"commentCount":0,"publisher":{"@id":"https:\/\/cj.estrategia.com\/portal\/#organization"},"image":{"@id":"https:\/\/cj.estrategia.com\/portal\/cursos-exclusivos-para-delta-pf\/#primaryimage"},"thumbnailUrl":"https:\/\/cj.estrategia.com\/portal\/wp-content\/uploads\/2023\/06\/07102355\/concurso-delegado-pf-policia-federal.jpg","articleSection":["Delegado"],"inLanguage":"pt-BR","potentialAction":[{"@type":"CommentAction","name":"Comment","target":["https:\/\/cj.estrategia.com\/portal\/cursos-exclusivos-para-delta-pf\/#respond"]}]},{"@type":"WebPage","@id":"https:\/\/cj.estrategia.com\/portal\/cursos-exclusivos-para-delta-pf\/","url":"https:\/\/cj.estrategia.com\/portal\/cursos-exclusivos-para-delta-pf\/","name":"Cursos exclusivos para Delta PF\u00a0","isPartOf":{"@id":"https:\/\/cj.estrategia.com\/portal\/#website"},"primaryImageOfPage":{"@id":"https:\/\/cj.estrategia.com\/portal\/cursos-exclusivos-para-delta-pf\/#primaryimage"},"image":{"@id":"https:\/\/cj.estrategia.com\/portal\/cursos-exclusivos-para-delta-pf\/#primaryimage"},"thumbnailUrl":"https:\/\/cj.estrategia.com\/portal\/wp-content\/uploads\/2023\/06\/07102355\/concurso-delegado-pf-policia-federal.jpg","datePublished":"2023-07-12T21:00:00+00:00","description":"Reforce sua prepara\u00e7\u00e3o com os Cursos exclusivos para Delta PF!","breadcrumb":{"@id":"https:\/\/cj.estrategia.com\/portal\/cursos-exclusivos-para-delta-pf\/#breadcrumb"},"inLanguage":"pt-BR","potentialAction":[{"@type":"ReadAction","target":["https:\/\/cj.estrategia.com\/portal\/cursos-exclusivos-para-delta-pf\/"]}]},{"@type":"ImageObject","inLanguage":"pt-BR","@id":"https:\/\/cj.estrategia.com\/portal\/cursos-exclusivos-para-delta-pf\/#primaryimage","url":"https:\/\/cj.estrategia.com\/portal\/wp-content\/uploads\/2023\/06\/07102355\/concurso-delegado-pf-policia-federal.jpg","contentUrl":"https:\/\/cj.estrategia.com\/portal\/wp-content\/uploads\/2023\/06\/07102355\/concurso-delegado-pf-policia-federal.jpg","width":768,"height":432},{"@type":"BreadcrumbList","@id":"https:\/\/cj.estrategia.com\/portal\/cursos-exclusivos-para-delta-pf\/#breadcrumb","itemListElement":[{"@type":"ListItem","position":1,"name":"In\u00edcio","item":"https:\/\/cj.estrategia.com\/portal\/"},{"@type":"ListItem","position":2,"name":"Cursos exclusivos para Delta PF\u00a0"}]},{"@type":"WebSite","@id":"https:\/\/cj.estrategia.com\/portal\/#website","url":"https:\/\/cj.estrategia.com\/portal\/","name":"Blog - Carreiras Jur\u00eddicas - Estrat\u00e9gia","description":"","publisher":{"@id":"https:\/\/cj.estrategia.com\/portal\/#organization"},"potentialAction":[{"@type":"SearchAction","target":{"@type":"EntryPoint","urlTemplate":"https:\/\/cj.estrategia.com\/portal\/?s={search_term_string}"},"query-input":{"@type":"PropertyValueSpecification","valueRequired":true,"valueName":"search_term_string"}}],"inLanguage":"pt-BR"},{"@type":"Organization","@id":"https:\/\/cj.estrategia.com\/portal\/#organization","name":"Estrat\u00e9gia - Carreiras Jur\u00eddicas","url":"https:\/\/cj.estrategia.com\/portal\/","logo":{"@type":"ImageObject","inLanguage":"pt-BR","@id":"https:\/\/cj.estrategia.com\/portal\/#\/schema\/logo\/image\/","url":"https:\/\/cj.estrategia.com\/portal\/wp-content\/uploads\/2022\/03\/11151052\/cj-logo.png","contentUrl":"https:\/\/cj.estrategia.com\/portal\/wp-content\/uploads\/2022\/03\/11151052\/cj-logo.png","width":150,"height":39,"caption":"Estrat\u00e9gia - Carreiras Jur\u00eddicas"},"image":{"@id":"https:\/\/cj.estrategia.com\/portal\/#\/schema\/logo\/image\/"},"sameAs":["https:\/\/www.facebook.com\/estrategiacarreirajuridica\/","https:\/\/x.com\/EstratJuridica","https:\/\/www.instagram.com\/estrategiacarreirajuridica\/","https:\/\/www.youtube.com\/channel\/UClbMGuYbj2Mh1m3w144ETWQ"]},{"@type":"Person","@id":"https:\/\/cj.estrategia.com\/portal\/#\/schema\/person\/4d70317d31449932b99102916b6637f5","name":"Coordena\u00e7\u00e3o","image":{"@type":"ImageObject","inLanguage":"pt-BR","@id":"https:\/\/cj.estrategia.com\/portal\/wp-content\/uploads\/2022\/05\/12164923\/estrategia-carreira-juridica-coordenacao-96x96.png","url":"https:\/\/cj.estrategia.com\/portal\/wp-content\/uploads\/2022\/05\/12164923\/estrategia-carreira-juridica-coordenacao-96x96.png","contentUrl":"https:\/\/cj.estrategia.com\/portal\/wp-content\/uploads\/2022\/05\/12164923\/estrategia-carreira-juridica-coordenacao-96x96.png","caption":"Coordena\u00e7\u00e3o"},"url":"https:\/\/cj.estrategia.com\/portal\/author\/coordenacao\/"}]}},"jetpack_featured_media_url":"https:\/\/cj.estrategia.com\/portal\/wp-content\/uploads\/2023\/06\/07102355\/concurso-delegado-pf-policia-federal.jpg","jetpack_sharing_enabled":true,"_links":{"self":[{"href":"https:\/\/cj.estrategia.com\/portal\/wp-json\/wp\/v2\/posts\/41083","targetHints":{"allow":["GET"]}}],"collection":[{"href":"https:\/\/cj.estrategia.com\/portal\/wp-json\/wp\/v2\/posts"}],"about":[{"href":"https:\/\/cj.estrategia.com\/portal\/wp-json\/wp\/v2\/types\/post"}],"author":[{"embeddable":true,"href":"https:\/\/cj.estrategia.com\/portal\/wp-json\/wp\/v2\/users\/12"}],"replies":[{"embeddable":true,"href":"https:\/\/cj.estrategia.com\/portal\/wp-json\/wp\/v2\/comments?post=41083"}],"version-history":[{"count":9,"href":"https:\/\/cj.estrategia.com\/portal\/wp-json\/wp\/v2\/posts\/41083\/revisions"}],"predecessor-version":[{"id":41117,"href":"https:\/\/cj.estrategia.com\/portal\/wp-json\/wp\/v2\/posts\/41083\/revisions\/41117"}],"wp:featuredmedia":[{"embeddable":true,"href":"https:\/\/cj.estrategia.com\/portal\/wp-json\/wp\/v2\/media\/40746"}],"wp:attachment":[{"href":"https:\/\/cj.estrategia.com\/portal\/wp-json\/wp\/v2\/media?parent=41083"}],"wp:term":[{"taxonomy":"category","embeddable":true,"href":"https:\/\/cj.estrategia.com\/portal\/wp-json\/wp\/v2\/categories?post=41083"},{"taxonomy":"post_tag","embeddable":true,"href":"https:\/\/cj.estrategia.com\/portal\/wp-json\/wp\/v2\/tags?post=41083"},{"taxonomy":"tax_estado","embeddable":true,"href":"https:\/\/cj.estrategia.com\/portal\/wp-json\/wp\/v2\/tax_estado?post=41083"}],"curies":[{"name":"wp","href":"https:\/\/api.w.org\/{rel}","templated":true}]}}