{"id":40497,"date":"2023-07-11T16:29:00","date_gmt":"2023-07-11T19:29:00","guid":{"rendered":"https:\/\/cj.estrategia.com\/portal\/?p=40497"},"modified":"2023-07-11T16:59:38","modified_gmt":"2023-07-11T19:59:38","slug":"concurso-pgm-rio-branco-procurador-correcao","status":"publish","type":"post","link":"https:\/\/cj.estrategia.com\/portal\/concurso-pgm-rio-branco-procurador-correcao\/","title":{"rendered":"Concurso PGM Rio Branco Procurador: veja a corre\u00e7\u00e3o!"},"content":{"rendered":"\n<p>Neste domingo (09) foram aplicadas as provas objetivas do <strong>concurso PGM Rio Branco<\/strong> <strong>&#8211; Procurador<\/strong>. A etapa contou com 100 quest\u00f5es de m\u00faltipla escolha. Na parte da tarde ser\u00e1 a vez das discursivas.<\/p>\n\n\n\n<p>S\u00e3o ofertadas<strong> 5 vagas imediatas, mais 10 destinadas \u00e0 forma\u00e7\u00e3o de cadastro reserva, para o cargo de Procurador Municipal. <\/strong>O sal\u00e1rio inicial \u00e9 de <strong>R$ 18.840,00.<\/strong><\/p>\n\n\n\n<p>Para ingressar na carreira o candidato dever\u00e1 apresentar&nbsp;diploma, fornecido por institui\u00e7\u00e3o de ensino superior reconhecida pelo Minist\u00e9rio da Educa\u00e7\u00e3o, comprova\u00e7\u00e3o de experi\u00eancia forense de, no m\u00ednimo, dois anos no exerc\u00edcio da advocacia ou de atividades correlatas ou assemelhadas e registro na Ordem dos Advogados do Brasil (OAB).<\/p>\n\n\n\n<p>Sendo assim, com o objetivo de ajud\u00e1-lo a diminuir um pouco a ansiedade, nossos professores realizar\u00e3o a corre\u00e7\u00e3o extraoficial, divulgando o\u00a0<strong>gabarito extraoficial <\/strong>a partir de 19h do dia 09\/07.<\/p>\n\n\n\n<h3 class=\"wp-block-heading has-text-align-center\" id=\"h-gabarito-extraoficial-concurso-pgm-rio-branco-09-07-19h\"><span id=\"gabarito-extraoficial-concurso-pgm-rio-branco-09-07-19h\">Gabarito Extraoficial Concurso PGM Rio Branco &#8211; 09\/07- 19h<\/span><\/h3>\n\n\n\n<figure class=\"wp-block-embed\"><div class=\"wp-block-embed__wrapper\">\n<div class=\"cs-embed cs-embed-responsive\"><iframe title=\"Gabarito Extraoficial - PGM Rio Branco AC (Procurador)\" width=\"1200\" height=\"675\" src=\"https:\/\/www.youtube.com\/embed\/LzZIzOoaNCg?feature=oembed\" frameborder=\"0\" allow=\"accelerometer; autoplay; clipboard-write; encrypted-media; gyroscope; picture-in-picture; web-share\" allowfullscreen><\/iframe><\/div>\n<\/div><\/figure>\n\n\n\n<p class=\"has-very-light-gray-to-cyan-bluish-gray-gradient-background has-background\"><strong><strong><mark>Mas aten\u00e7\u00e3o:<\/mark>\u00a0<\/strong>Al\u00e9m da corre\u00e7\u00e3o de domingo, nosso super time disponibilizar\u00e1 na segunda-feira, <strong>10 de julho<\/strong>, o gabarito completo, com todas as quest\u00f5es escritas, um link para que voc\u00ea possa inserir seu gabarito e participar do ranking e realizar\u00e1 um webin\u00e1rio<\/strong> <strong>com todas as impress\u00f5es da prova. N\u00c3O PERCA!<\/strong><\/p>\n\n\n\n<p class=\"has-text-align-center has-black-color has-cyan-bluish-gray-background-color has-text-color has-background has-medium-font-size\"><a href=\"https:\/\/cj.estrategia.com\/cadernos-e-simulados\/simulados\/80c0f471-5708-45f2-aeff-55c1f6d9b22d\/\" target=\"_blank\" rel=\"noreferrer noopener nofollow\"><mark style=\"background-color:rgba(0, 0, 0, 0)\" class=\"has-inline-color has-vivid-red-color\">Preencha seu Gabarito<\/mark> <mark style=\"background-color:rgba(0, 0, 0, 0)\" class=\"has-inline-color has-vivid-red-color\">e participe do Ranking<\/mark><\/a><\/p>\n\n\n\n<h2 class=\"wp-block-heading has-text-align-center\" id=\"h-prova-comentada-pgm-rio-branco-procurador\"><span id=\"prova-comentada-pgm-rio-branco-procurador\">Prova Comentada PGM Rio Branco Procurador<\/span><\/h2>\n\n\n\n<p><a href=\"https:\/\/cj.estrategia.com\/portal\/prova-comentada-direito-administrativo-pgm-rio-branco-ac\/\" target=\"_blank\" rel=\"noreferrer noopener nofollow\">Direito Administrativo<\/a><br><a href=\"https:\/\/cj.estrategia.com\/portal\/prova-comentada-fazenda-publica-em-juizo-pgm-rio-branco-ac\/\" target=\"_blank\" rel=\"noreferrer noopener nofollow\">Fazenda P\u00fablica em Ju\u00edzo<\/a><br><a href=\"https:\/\/cj.estrategia.com\/portal\/prova-comentada-direito-constitucional-pgm-rio-branco-ac\/\" target=\"_blank\" rel=\"noreferrer noopener nofollow\">Direito Constitucional<\/a><br><a href=\"https:\/\/cj.estrategia.com\/portal\/prova-comentada-direito-civil-pgm-rio-branco-ac\/\" target=\"_blank\" rel=\"noreferrer noopener nofollow\">Direito Civil<\/a><br><a href=\"https:\/\/cj.estrategia.com\/portal\/prova-comentada-direito-penal-pgm-rio-branco-ac\/\" target=\"_blank\" rel=\"noreferrer noopener nofollow\">Direito Penal<\/a><br><a href=\"https:\/\/cj.estrategia.com\/portal\/prova-comentada-direito-urbanistico-pgm-rio-branco-ac\/\" target=\"_blank\" rel=\"noreferrer noopener nofollow\">Direito Urban\u00edstico<\/a><br><a href=\"https:\/\/cj.estrategia.com\/portal\/prova-comentada-direito-ambiental-pgm-rio-branco-ac\/\" target=\"_blank\" rel=\"noreferrer noopener nofollow\">Direito Ambiental<\/a><br><a href=\"https:\/\/cj.estrategia.com\/portal\/prova-comentada-direito-processual-civil-pgm-rio-branco-ac\/\">Direito Processual Civil<\/a><br><a href=\"https:\/\/cj.estrategia.com\/portal\/prova-comentada-direito-tributario-pgm-rio-branco-ac\/\" target=\"_blank\" rel=\"noreferrer noopener nofollow\">Direito Tribut\u00e1rio<\/a><br><a href=\"https:\/\/cj.estrategia.com\/portal\/prova-comentada-direito-do-trabalho-e-processual-do-trabalho-pgm-rio-branco-ac\/\" target=\"_blank\" rel=\"noreferrer noopener nofollow\">Direito do Trabalho e Processual do Trabalho<\/a><br><a href=\"https:\/\/cj.estrategia.com\/portal\/prova-comentada-direito-financeiro-pgm-rio-branco-ac\/\" target=\"_blank\" rel=\"noreferrer noopener nofollow\">Direito Financeiro<\/a><br><a href=\"https:\/\/cj.estrategia.com\/portal\/prova-comentada-portugues-pgm-rio-branco-ac\/\">Portugu\u00eas<\/a><br><a href=\"https:\/\/cj.estrategia.com\/portal\/prova-comentada-informatica-pgm-rio-branco-ac\/\" target=\"_blank\" rel=\"noreferrer noopener nofollow\">Inform\u00e1tica<\/a><\/p>\n\n\n\n<h2 class=\"wp-block-heading\" id=\"h-gabarito-extraoficial-concurso-pgm-rio-branco\"><span id=\"gabarito-extraoficial-concurso-pgm-rio-branco\">Gabarito Extraoficial Concurso PGM Rio Branco<\/span><\/h2>\n\n\n\n<p>Abaixo, voc\u00ea confere os gabaritos das quest\u00f5es corrigidas pelos nossos professores.<\/p>\n\n\n\n<p class=\"has-medium-font-size\"><strong><span style=\"text-decoration: underline;\">PROVA &#8211; TIPO 03<\/span><\/strong><\/p>\n\n\n\n<figure class=\"wp-block-table is-style-regular cnvs-block-core-table-1682605377518\"><table class=\"has-background has-border-color has-abb-8-c-3-border-color\" style=\"background-color:#fcb90045\"><tbody><tr><td class=\"has-text-align-left\" data-align=\"left\"><strong>QUEST\u00d5ES<\/strong><\/td><td class=\"has-text-align-center\" data-align=\"center\"><strong>RESPOSTAS<\/strong><\/td><td class=\"has-text-align-center\" data-align=\"center\"><strong>COMENT\u00c1RIOS<\/strong><\/td><\/tr><tr><td class=\"has-text-align-left\" data-align=\"left\">1- Para o cronista, as regras de etiqueta&#8230;<\/td><td class=\"has-text-align-center\" data-align=\"center\">A<\/td><td class=\"has-text-align-center\" data-align=\"center\"><\/td><\/tr><tr><td class=\"has-text-align-left\" data-align=\"left\">2 &#8211; No trecho &#8221; N\u00e3o se devolve prato&#8230;&#8221;<\/td><td class=\"has-text-align-center\" data-align=\"center\">C<\/td><td class=\"has-text-align-center\" data-align=\"center\"><\/td><\/tr><tr><td class=\"has-text-align-left\" data-align=\"left\">3 &#8211; Analisando-se o contexto geral&#8230;<\/td><td class=\"has-text-align-center\" data-align=\"center\">B<\/td><td class=\"has-text-align-center\" data-align=\"center\"><\/td><\/tr><tr><td class=\"has-text-align-left\" data-align=\"left\">4 &#8211; No trecho &#8220;O ambiente dos botequins&#8230;&#8221;<\/td><td class=\"has-text-align-center\" data-align=\"center\">E<\/td><td class=\"has-text-align-center\" data-align=\"center\"><\/td><\/tr><tr><td class=\"has-text-align-left\" data-align=\"left\">5 &#8211; No 5\u00ba par\u00e1grafo, em que se l\u00ea&#8230;<\/td><td class=\"has-text-align-center\" data-align=\"center\">D<\/td><td class=\"has-text-align-center\" data-align=\"center\"><\/td><\/tr><tr><td class=\"has-text-align-left\" data-align=\"left\">6 &#8211; Quais s\u00e3o, respectivamente, as classes&#8230;<\/td><td class=\"has-text-align-center\" data-align=\"center\">D<\/td><td class=\"has-text-align-center\" data-align=\"center\"><\/td><\/tr><tr><td class=\"has-text-align-left\" data-align=\"left\">7 &#8211; Assinale a alternativa cuja senten\u00e7a&#8230;<\/td><td class=\"has-text-align-center\" data-align=\"center\">A<\/td><td class=\"has-text-align-center\" data-align=\"center\"><\/td><\/tr><tr><td class=\"has-text-align-left\" data-align=\"left\">8 &#8211; Em qual das senten\u00e7as abaixo&#8230;<\/td><td class=\"has-text-align-center\" data-align=\"center\">B<\/td><td class=\"has-text-align-center\" data-align=\"center\"><\/td><\/tr><tr><td class=\"has-text-align-left\" data-align=\"left\">9 &#8211; Esses conectivos em destaque&#8230;<\/td><td class=\"has-text-align-center\" data-align=\"center\">D<\/td><td class=\"has-text-align-center\" data-align=\"center\"><\/td><\/tr><tr><td class=\"has-text-align-left\" data-align=\"left\">10 &#8211; &#8220;Foi na Inglaterra, na \u00faltima&#8230;&#8221;<\/td><td class=\"has-text-align-center\" data-align=\"center\">A<\/td><td class=\"has-text-align-center\" data-align=\"center\"><\/td><\/tr><tr><td class=\"has-text-align-left\" data-align=\"left\">11 &#8211; Um navegador \u00e9 o programa&#8230;<\/td><td class=\"has-text-align-center\" data-align=\"center\">B<\/td><td class=\"has-text-align-center\" data-align=\"center\"><\/td><\/tr><tr><td class=\"has-text-align-left\" data-align=\"left\">12 &#8211; A alternativa que preenche corretamente&#8230;<\/td><td class=\"has-text-align-center\" data-align=\"center\">D<\/td><td class=\"has-text-align-center\" data-align=\"center\"><\/td><\/tr><tr><td class=\"has-text-align-left\" data-align=\"left\">13 &#8211; A lacuna acima deve ser preenchida&#8230;<\/td><td class=\"has-text-align-center\" data-align=\"center\">E*<\/td><td class=\"has-text-align-center\" data-align=\"center\"><\/td><\/tr><tr><td class=\"has-text-align-left\" data-align=\"left\">14 &#8211; No MS Excel, o atalho&#8230;<\/td><td class=\"has-text-align-center\" data-align=\"center\">C<\/td><td class=\"has-text-align-center\" data-align=\"center\">Cab\u00edvel de recurso<\/td><\/tr><tr><td class=\"has-text-align-left\" data-align=\"left\">15 &#8211; Para que, no MS-Word&#8230;<\/td><td class=\"has-text-align-center\" data-align=\"center\">C<\/td><td class=\"has-text-align-center\" data-align=\"center\"><\/td><\/tr><tr><td class=\"has-text-align-left\" data-align=\"left\">16 &#8211; A arquitetura TCP\/IP \u00e9 organizada&#8230;<\/td><td class=\"has-text-align-center\" data-align=\"center\">D<\/td><td class=\"has-text-align-center\" data-align=\"center\"><\/td><\/tr><tr><td class=\"has-text-align-left\" data-align=\"left\">17 &#8211; &#8220;Nesse tipo de topologia cada n\u00f3&#8230;&#8221;<\/td><td class=\"has-text-align-center\" data-align=\"center\">C<\/td><td class=\"has-text-align-center\" data-align=\"center\"><\/td><\/tr><tr><td class=\"has-text-align-left\" data-align=\"left\">18 &#8211; I &#8211; cria uma c\u00f3pia&#8230;<\/td><td class=\"has-text-align-center\" data-align=\"center\">A*<\/td><td class=\"has-text-align-center\" data-align=\"center\"><\/td><\/tr><tr><td class=\"has-text-align-left\" data-align=\"left\">19 &#8211; O nobreak \u00e9 a ferramenta&#8230;<\/td><td class=\"has-text-align-center\" data-align=\"center\">E<\/td><td class=\"has-text-align-center\" data-align=\"center\"><\/td><\/tr><tr><td class=\"has-text-align-left\" data-align=\"left\">20 &#8211; Das alternativas abaixo, assinale&#8230;<\/td><td class=\"has-text-align-center\" data-align=\"center\">A<\/td><td class=\"has-text-align-center\" data-align=\"center\"><\/td><\/tr><tr><td class=\"has-text-align-left\" data-align=\"left\">21 &#8211; Sobre a Lei da A\u00e7\u00e3o Civil&#8230;<\/td><td class=\"has-text-align-center\" data-align=\"center\">C<\/td><td class=\"has-text-align-center\" data-align=\"center\">Art. 12, LACP<\/td><\/tr><tr><td class=\"has-text-align-left\" data-align=\"left\">22 &#8211; Considerando a reforma trabalhista&#8230;<\/td><td class=\"has-text-align-center\" data-align=\"center\">A<\/td><td class=\"has-text-align-center\" data-align=\"center\"><\/td><\/tr><tr><td class=\"has-text-align-left\" data-align=\"left\">23 &#8211; No \u00e2mbito da Administra\u00e7\u00e3o P\u00fablica&#8230;<\/td><td class=\"has-text-align-center\" data-align=\"center\">E<\/td><td class=\"has-text-align-center\" data-align=\"center\"><\/td><\/tr><tr><td class=\"has-text-align-left\" data-align=\"left\">24 &#8211; Acerca do processo de Responsabilidade&#8230;<\/td><td class=\"has-text-align-center\" data-align=\"center\">C<\/td><td class=\"has-text-align-center\" data-align=\"center\"><\/td><\/tr><tr><td class=\"has-text-align-left\" data-align=\"left\">25 &#8211; Ainda sobre o C\u00f3digo Tribut\u00e1rio&#8230;<\/td><td class=\"has-text-align-center\" data-align=\"center\">E<\/td><td class=\"has-text-align-center\" data-align=\"center\"><\/td><\/tr><tr><td class=\"has-text-align-left\" data-align=\"left\">26 &#8211; Sobre o Plano Diretor previsto&#8230;<\/td><td class=\"has-text-align-center\" data-align=\"center\">C<\/td><td class=\"has-text-align-center\" data-align=\"center\">CF\/88 &#8211; Art. 182<br>Estatuto da Cidade &#8211; Art. 41<\/td><\/tr><tr><td class=\"has-text-align-left\" data-align=\"left\">27 &#8211; Sobre os Deputados e Senadores&#8230;<\/td><td class=\"has-text-align-center\" data-align=\"center\">D<\/td><td class=\"has-text-align-center\" data-align=\"center\"><\/td><\/tr><tr><td class=\"has-text-align-left\" data-align=\"left\">28 &#8211; Acerca da garantia da execu\u00e7\u00e3o&#8230;<\/td><td class=\"has-text-align-center\" data-align=\"center\">D<\/td><td class=\"has-text-align-center\" data-align=\"center\">A penhora sobre bens de terceiro depende de autoriza\u00e7\u00e3o do titular do bem e da expressa concord\u00e2ncia da parte exequente,<br>a teor do art. 9\u00ba , IV, da Lei n.\u00ba 6.830 \/80.<\/td><\/tr><tr><td class=\"has-text-align-left\" data-align=\"left\">29 &#8211; Quanto ao cabimento do Mandando&#8230;<\/td><td class=\"has-text-align-center\" data-align=\"center\">A<\/td><td class=\"has-text-align-center\" data-align=\"center\">Art. 1\u00ba, \u00a7 3\u00ba, LMS. <br>Quando o direito amea\u00e7ado ou violado couber a v\u00e1rias pessoas, qualquer delas poder\u00e1 requerer o mandado de seguran\u00e7a.<\/td><\/tr><tr><td class=\"has-text-align-left\" data-align=\"left\">30 &#8211; No ano de 2021, a Lei de Improbidade&#8230;<\/td><td class=\"has-text-align-center\" data-align=\"center\">E<\/td><td class=\"has-text-align-center\" data-align=\"center\"><\/td><\/tr><tr><td class=\"has-text-align-left\" data-align=\"left\">31 &#8211; Sobre a obriga\u00e7\u00e3o de dar coisa&#8230;<\/td><td class=\"has-text-align-center\" data-align=\"center\">B<\/td><td class=\"has-text-align-center\" data-align=\"center\">art. 235, CC<\/td><\/tr><tr><td class=\"has-text-align-left\" data-align=\"left\">32 &#8211; A despeito das Condutas Vedadas&#8230;<\/td><td class=\"has-text-align-center\" data-align=\"center\">A e D<\/td><td class=\"has-text-align-center\" data-align=\"center\">Anul\u00e1vel porque o enunciado n\u00e3o \u00e9 claro.<\/td><\/tr><tr><td class=\"has-text-align-left\" data-align=\"left\">33 &#8211; A despeito dos Instrumentos&#8230;<\/td><td class=\"has-text-align-center\" data-align=\"center\">A<\/td><td class=\"has-text-align-center\" data-align=\"center\"><\/td><\/tr><tr><td class=\"has-text-align-left\" data-align=\"left\">34 &#8211; Considerando o que disp\u00f5e a Lei&#8230;<\/td><td class=\"has-text-align-center\" data-align=\"center\">B<\/td><td class=\"has-text-align-center\" data-align=\"center\">I e IV<\/td><\/tr><tr><td class=\"has-text-align-left\" data-align=\"left\">35 &#8211; Consoante previsto na Lei do Mandado&#8230;<\/td><td class=\"has-text-align-center\" data-align=\"center\">A ou C<\/td><td class=\"has-text-align-center\" data-align=\"center\">Cab\u00edvel recurso<\/td><\/tr><tr><td class=\"has-text-align-left\" data-align=\"left\">36 &#8211; Sobre o Processo Administrativo&#8230;<\/td><td class=\"has-text-align-center\" data-align=\"center\">C<\/td><td class=\"has-text-align-center\" data-align=\"center\"><\/td><\/tr><tr><td class=\"has-text-align-left\" data-align=\"left\">37 &#8211; No tocante \u00e0 interrup\u00e7\u00e3o e suspens\u00e3o&#8230;<\/td><td class=\"has-text-align-center\" data-align=\"center\">C<\/td><td class=\"has-text-align-center\" data-align=\"center\"><\/td><\/tr><tr><td class=\"has-text-align-left\" data-align=\"left\">38 &#8211; Acerca da composi\u00e7\u00e3o do Poder&#8230;<\/td><td class=\"has-text-align-center\" data-align=\"center\">E<\/td><td class=\"has-text-align-center\" data-align=\"center\"><\/td><\/tr><tr><td class=\"has-text-align-left\" data-align=\"left\">39 &#8211; Considerando o que disp\u00f5e o C\u00f3digo&#8230;<\/td><td class=\"has-text-align-center\" data-align=\"center\">B<\/td><td class=\"has-text-align-center\" data-align=\"center\"><\/td><\/tr><tr><td class=\"has-text-align-left\" data-align=\"left\">40 &#8211; No que diz respeito \u00e0 compet\u00eancia&#8230;<\/td><td class=\"has-text-align-center\" data-align=\"center\">A<\/td><td class=\"has-text-align-center\" data-align=\"center\"><\/td><\/tr><tr><td class=\"has-text-align-left\" data-align=\"left\">41 &#8211; Conforme destacado no Art. 1.196&#8230;<\/td><td class=\"has-text-align-center\" data-align=\"center\">C<\/td><td class=\"has-text-align-center\" data-align=\"center\">Art. 1.212, CC<\/td><\/tr><tr><td class=\"has-text-align-left\" data-align=\"left\">42 &#8211; Acerca da confiss\u00e3o no \u00e2mbito&#8230;<\/td><td class=\"has-text-align-center\" data-align=\"center\">B e C<\/td><td class=\"has-text-align-center\" data-align=\"center\">B (art. 391) e C (art. 392)<\/td><\/tr><tr><td class=\"has-text-align-left\" data-align=\"left\">43 &#8211; Sobre o servi\u00e7o p\u00fablico&#8230;<\/td><td class=\"has-text-align-center\" data-align=\"center\">B<\/td><td class=\"has-text-align-center\" data-align=\"center\"><\/td><\/tr><tr><td class=\"has-text-align-left\" data-align=\"left\">44 &#8211; \u00c9 sabido que a a habita\u00e7\u00e3o&#8230;<\/td><td class=\"has-text-align-center\" data-align=\"center\">D<\/td><td class=\"has-text-align-center\" data-align=\"center\"><\/td><\/tr><tr><td class=\"has-text-align-left\" data-align=\"left\">45 &#8211; A despeito dos limites&#8230;<\/td><td class=\"has-text-align-center\" data-align=\"center\">E<\/td><td class=\"has-text-align-center\" data-align=\"center\">Art. 23, II<br>II &#8211; em mat\u00e9ria de sucess\u00e3o heredit\u00e1ria, proceder \u00e0 confirma\u00e7\u00e3o de testamento particular e ao invent\u00e1rio e \u00e0 partilha de bens situados no Brasil, <br>ainda que o autor da heran\u00e7a seja de nacionalidade estrangeira ou tenha domic\u00edlio fora do territ\u00f3rio nacional;<\/td><\/tr><tr><td class=\"has-text-align-left\" data-align=\"left\">46 &#8211; No tocante ao direito de acesso&#8230;<\/td><td class=\"has-text-align-center\" data-align=\"center\">D<\/td><td class=\"has-text-align-center\" data-align=\"center\"><\/td><\/tr><tr><td class=\"has-text-align-left\" data-align=\"left\">47 &#8211; Conforme previsto no Art. 18&#8230;<\/td><td class=\"has-text-align-center\" data-align=\"center\">E<\/td><td class=\"has-text-align-center\" data-align=\"center\"><\/td><\/tr><tr><td class=\"has-text-align-left\" data-align=\"left\">48 &#8211; Sobre o tempo e o lugar dos atos&#8230;<\/td><td class=\"has-text-align-center\" data-align=\"center\">B<\/td><td class=\"has-text-align-center\" data-align=\"center\">Art. 222<\/td><\/tr><tr><td class=\"has-text-align-left\" data-align=\"left\">49 &#8211; I &#8211; Cada Senador ser\u00e1&#8230;<\/td><td class=\"has-text-align-center\" data-align=\"center\">A<\/td><td class=\"has-text-align-center\" data-align=\"center\"><\/td><\/tr><tr><td class=\"has-text-align-left\" data-align=\"left\">50 &#8211; O controle de constitucionalidade&#8230;<\/td><td class=\"has-text-align-center\" data-align=\"center\">D<\/td><td class=\"has-text-align-center\" data-align=\"center\"><\/td><\/tr><tr><td class=\"has-text-align-left\" data-align=\"left\">51 &#8211; Ainda sobre a senten\u00e7a&#8230;<\/td><td class=\"has-text-align-center\" data-align=\"center\">C<\/td><td class=\"has-text-align-center\" data-align=\"center\">Art. 494. Publicada a senten\u00e7a, o juiz s\u00f3 poder\u00e1 alter\u00e1-la: I &#8211; para corrigir-lhe, de of\u00edcio ou a requerimento da parte, inexatid\u00f5es materiais ou erros de c\u00e1lculo; II &#8211; por meio de embargos de declara\u00e7\u00e3o)<\/td><\/tr><tr><td class=\"has-text-align-left\" data-align=\"left\">52 &#8211; \u00c9 sabido que a Lei n. 6830\/80&#8230;<\/td><td class=\"has-text-align-center\" data-align=\"center\">B<\/td><td class=\"has-text-align-center\" data-align=\"center\"><\/td><\/tr><tr><td class=\"has-text-align-left\" data-align=\"left\">53 &#8211; A despeito das f\u00e9rias&#8230;<\/td><td class=\"has-text-align-center\" data-align=\"center\">E<\/td><td class=\"has-text-align-center\" data-align=\"center\"><\/td><\/tr><tr><td class=\"has-text-align-left\" data-align=\"left\">54 &#8211; Acerca da Compet\u00eancia prevista&#8230;<\/td><td class=\"has-text-align-center\" data-align=\"center\">D<\/td><td class=\"has-text-align-center\" data-align=\"center\">Art. 46<\/td><\/tr><tr><td class=\"has-text-align-left\" data-align=\"left\">55 &#8211; Ainda sobre as Condutas Vedadas&#8230;<\/td><td class=\"has-text-align-center\" data-align=\"center\">D<\/td><td class=\"has-text-align-center\" data-align=\"center\"><\/td><\/tr><tr><td class=\"has-text-align-left\" data-align=\"left\">56 &#8211; A despeito do fen\u00f4meno&#8230;<\/td><td class=\"has-text-align-center\" data-align=\"center\">E<\/td><td class=\"has-text-align-center\" data-align=\"center\"><\/td><\/tr><tr><td class=\"has-text-align-left\" data-align=\"left\">57 &#8211; A despeito dos Contratos&#8230;<\/td><td class=\"has-text-align-center\" data-align=\"center\">B<\/td><td class=\"has-text-align-center\" data-align=\"center\"><\/td><\/tr><tr><td class=\"has-text-align-left\" data-align=\"left\">58 &#8211; A despeito do exerc\u00edcio do direito&#8230;<\/td><td class=\"has-text-align-center\" data-align=\"center\">B<\/td><td class=\"has-text-align-center\" data-align=\"center\"><\/td><\/tr><tr><td class=\"has-text-align-left\" data-align=\"left\">59 &#8211; Considerando o Direito Cemiterial&#8230;<\/td><td class=\"has-text-align-center\" data-align=\"center\">C<\/td><td class=\"has-text-align-center\" data-align=\"center\"><\/td><\/tr><tr><td class=\"has-text-align-left\" data-align=\"left\">60 &#8211; No cumprimento de senten\u00e7a&#8230;<\/td><td class=\"has-text-align-center\" data-align=\"center\">A ou E<\/td><td class=\"has-text-align-center\" data-align=\"center\">A (art. 520, \u00a73\u00ba) ou E (art. 524, \u00a74\u00ba<br>\u00a7 4\u00ba Quando a complementa\u00e7\u00e3o do demonstrativo depender de dados adicionais em poder do executado, o juiz poder\u00e1, a requerimento do exequente, requisit\u00e1-los, fixando prazo de at\u00e9<br>30 dias para o cumprimento da dilig\u00eancia<\/td><\/tr><tr><td class=\"has-text-align-left\" data-align=\"left\">61 &#8211; Sobre a Lei n. 10257\/01&#8230;<\/td><td class=\"has-text-align-center\" data-align=\"center\">E<\/td><td class=\"has-text-align-center\" data-align=\"center\">Estatuto da Cidade &#8211; Art. 29<\/td><\/tr><tr><td class=\"has-text-align-left\" data-align=\"left\">62 &#8211; Acerca da A\u00e7\u00e3o Monit\u00f3ria&#8230;<\/td><td class=\"has-text-align-center\" data-align=\"center\">E<\/td><td class=\"has-text-align-center\" data-align=\"center\">Art. 701, \u00a7 4\u00ba.<br>Sendo a r\u00e9 Fazenda P\u00fablica, n\u00e3o apresentados os embargos previstos no art. 702 , aplicar-se-\u00e1 o disposto no art. 496 , observando-se, a seguir, no que couber, o T\u00edtulo II do Livro I da Parte Especial)<\/td><\/tr><tr><td class=\"has-text-align-left\" data-align=\"left\">63 &#8211; Sobre prova pericial&#8230;<\/td><td class=\"has-text-align-center\" data-align=\"center\">A<\/td><td class=\"has-text-align-center\" data-align=\"center\">Art. 465, \u00a75\u00ba<\/td><\/tr><tr><td class=\"has-text-align-left\" data-align=\"left\">64 &#8211; A Nova Lei de Licita\u00e7\u00f5es&#8230;<\/td><td class=\"has-text-align-center\" data-align=\"center\">A<\/td><td class=\"has-text-align-center\" data-align=\"center\"><\/td><\/tr><tr><td class=\"has-text-align-left\" data-align=\"left\">65 &#8211; Acerca da Penalidade por falta&#8230;<\/td><td class=\"has-text-align-center\" data-align=\"center\">X<\/td><td class=\"has-text-align-center\" data-align=\"center\">Anul\u00e1vel<\/td><\/tr><tr><td class=\"has-text-align-left\" data-align=\"left\">66 &#8211; A despeito das fases processuais&#8230;<\/td><td class=\"has-text-align-center\" data-align=\"center\">A<\/td><td class=\"has-text-align-center\" data-align=\"center\"><\/td><\/tr><tr><td class=\"has-text-align-left\" data-align=\"left\">67 &#8211; As concess\u00f5es de servi\u00e7os&#8230;<\/td><td class=\"has-text-align-center\" data-align=\"center\">B<\/td><td class=\"has-text-align-center\" data-align=\"center\"><\/td><\/tr><tr><td class=\"has-text-align-left\" data-align=\"left\">68 &#8211; Acerca das previs\u00f5es na Lei n. 9099\/95&#8230;<\/td><td class=\"has-text-align-center\" data-align=\"center\">E<\/td><td class=\"has-text-align-center\" data-align=\"center\">Art. 23<\/td><\/tr><tr><td class=\"has-text-align-left\" data-align=\"left\">69 &#8211; Sobre os embargos \u00e0 Execu\u00e7\u00e3o&#8230;<\/td><td class=\"has-text-align-center\" data-align=\"center\">D<\/td><td class=\"has-text-align-center\" data-align=\"center\">Art. 916, \u00a72\u00ba<\/td><\/tr><tr><td class=\"has-text-align-left\" data-align=\"left\">70 &#8211; I &#8211; Oferecida a contesta\u00e7\u00e3o&#8230;<\/td><td class=\"has-text-align-center\" data-align=\"center\">D<\/td><td class=\"has-text-align-center\" data-align=\"center\"><\/td><\/tr><tr><td class=\"has-text-align-left\" data-align=\"left\">71 &#8211; Em se tratando de estabilidade&#8230;<\/td><td class=\"has-text-align-center\" data-align=\"center\">D<\/td><td class=\"has-text-align-center\" data-align=\"center\"><\/td><\/tr><tr><td class=\"has-text-align-left\" data-align=\"left\">72 &#8211; Conforme preceitua o Art. 789\u2026<\/td><td class=\"has-text-align-center\" data-align=\"center\">A<\/td><td class=\"has-text-align-center\" data-align=\"center\">Art. 795. Os bens particulares dos s\u00f3cios n\u00e3o respondem pelas d\u00edvidas da sociedade,<br>sen\u00e3o nos casos previstos em lei.<\/td><\/tr><tr><td class=\"has-text-align-left\" data-align=\"left\">73 &#8211; A Lei n. 12.651\/2012\u2026<\/td><td class=\"has-text-align-center\" data-align=\"center\">D<\/td><td class=\"has-text-align-center\" data-align=\"center\"><\/td><\/tr><tr><td class=\"has-text-align-left\" data-align=\"left\">74 &#8211; No que concerne a admissibilidade&#8230;<\/td><td class=\"has-text-align-center\" data-align=\"center\">D<\/td><td class=\"has-text-align-center\" data-align=\"center\">Art. 447, \u00a74\u00ba<\/td><\/tr><tr><td class=\"has-text-align-left\" data-align=\"left\">75 &#8211; Acerca da peti\u00e7\u00e3o inicial&#8230;<\/td><td class=\"has-text-align-center\" data-align=\"center\">C<\/td><td class=\"has-text-align-center\" data-align=\"center\">Art. 326<\/td><\/tr><tr><td class=\"has-text-align-left\" data-align=\"left\">76 &#8211; I &#8211; N\u00e3o integram o sal\u00e1rio&#8230;<\/td><td class=\"has-text-align-center\" data-align=\"center\">A<\/td><td class=\"has-text-align-center\" data-align=\"center\"><\/td><\/tr><tr><td class=\"has-text-align-left\" data-align=\"left\">77 &#8211; Quanto aos neg\u00f3cios jur\u00eddicos&#8230;<\/td><td class=\"has-text-align-center\" data-align=\"center\">C<\/td><td class=\"has-text-align-center\" data-align=\"center\">Art. 150, CC<\/td><\/tr><tr><td class=\"has-text-align-left\" data-align=\"left\">78 &#8211; \u00c9 sabida a import\u00e2ncia e o qu\u00e3o&#8230;<\/td><td class=\"has-text-align-center\" data-align=\"center\">E<\/td><td class=\"has-text-align-center\" data-align=\"center\">Art. 364.<br>Finda a instru\u00e7\u00e3o, o juiz dar\u00e1 a palavra ao advogado do autor e do r\u00e9u, bem como ao membro  do Minist\u00e9rio P\u00fablico, se for o caso de sua <br>interven\u00e7\u00e3o, sucessivamente, pelo prazo de 20 minutos para cada um, prorrog\u00e1vel por 10 minutos, <br>a crit\u00e9rio do juiz.<\/td><\/tr><tr><td class=\"has-text-align-left\" data-align=\"left\">79 &#8211; Sobre os contratos e sua forma\u00e7\u00e3o&#8230;<\/td><td class=\"has-text-align-center\" data-align=\"center\">C e E<\/td><td class=\"has-text-align-center\" data-align=\"center\">Art. 431 e 424&nbsp;CC) * sujeita a recurso<\/td><\/tr><tr><td class=\"has-text-align-left\" data-align=\"left\">80 &#8211; A despeito dos contratos de concess\u00e3o&#8230;<\/td><td class=\"has-text-align-center\" data-align=\"center\">C<\/td><td class=\"has-text-align-center\" data-align=\"center\"><\/td><\/tr><tr><td class=\"has-text-align-left\" data-align=\"left\">81 &#8211; Informa\u00e7\u00e3o sigilosa \u00e9 aquela submetida&#8230;<\/td><td class=\"has-text-align-center\" data-align=\"center\">B<\/td><td class=\"has-text-align-center\" data-align=\"center\"><\/td><\/tr><tr><td class=\"has-text-align-left\" data-align=\"left\">82 &#8211; Acerca dos institutos da prescri\u00e7\u00e3o&#8230;<\/td><td class=\"has-text-align-center\" data-align=\"center\">D<\/td><td class=\"has-text-align-center\" data-align=\"center\">Art. 209, CC<\/td><\/tr><tr><td class=\"has-text-align-left\" data-align=\"left\">83 &#8211; Est\u00e1 o respons\u00e1vel pelo ato&#8230; <\/td><td class=\"has-text-align-center\" data-align=\"center\">A<\/td><td class=\"has-text-align-center\" data-align=\"center\">E tamb\u00e9m pode ser considerada certa<\/td><\/tr><tr><td class=\"has-text-align-left\" data-align=\"left\">84 &#8211; Sobre o julgamento das propostas&#8230;<\/td><td class=\"has-text-align-center\" data-align=\"center\">D<\/td><td class=\"has-text-align-center\" data-align=\"center\"><\/td><\/tr><tr><td class=\"has-text-align-left\" data-align=\"left\">85 &#8211; No que diz respeito ao Conselho&#8230; <\/td><td class=\"has-text-align-center\" data-align=\"center\">B<\/td><td class=\"has-text-align-center\" data-align=\"center\"><\/td><\/tr><tr><td class=\"has-text-align-left\" data-align=\"left\">86 &#8211; A reforma trabalhista de 2017&#8230; <\/td><td class=\"has-text-align-center\" data-align=\"center\">E<\/td><td class=\"has-text-align-center\" data-align=\"center\"><\/td><\/tr><tr><td class=\"has-text-align-left\" data-align=\"left\">87 &#8211; Sobre o contrato individual&#8230; <\/td><td class=\"has-text-align-center\" data-align=\"center\">C<\/td><td class=\"has-text-align-center\" data-align=\"center\"><\/td><\/tr><tr><td class=\"has-text-align-left\" data-align=\"left\">88 &#8211; Sobre os Recursos em Geral&#8230;<\/td><td class=\"has-text-align-center\" data-align=\"center\">E<\/td><td class=\"has-text-align-center\" data-align=\"center\"><\/td><\/tr><tr><td class=\"has-text-align-left\" data-align=\"left\">89 &#8211; M\u00e9vio, Policial militar, ao se deparar&#8230;<\/td><td class=\"has-text-align-center\" data-align=\"center\">B<\/td><td class=\"has-text-align-center\" data-align=\"center\"><\/td><\/tr><tr><td class=\"has-text-align-left\" data-align=\"left\">90 &#8211; A despeito da responsabilidade&#8230;<\/td><td class=\"has-text-align-center\" data-align=\"center\">B<\/td><td class=\"has-text-align-center\" data-align=\"center\">Art. 931, CC<\/td><\/tr><tr><td class=\"has-text-align-left\" data-align=\"left\">91 &#8211; I &#8211; N\u00e3o cumprida a obriga\u00e7\u00e3o&#8230;<\/td><td class=\"has-text-align-center\" data-align=\"center\">E<\/td><td class=\"has-text-align-center\" data-align=\"center\">I C art. 389 CC; II C art. 393 CC;<br>III E art. 398 CC; E art. 401, I CC<\/td><\/tr><tr><td class=\"has-text-align-left\" data-align=\"left\">92 &#8211; Quanto \u00e0s opera\u00e7\u00f5es de cr\u00e9dito&#8230;<\/td><td class=\"has-text-align-center\" data-align=\"center\">E<\/td><td class=\"has-text-align-center\" data-align=\"center\">Art. 40, \u00a7 10 da LRF<\/td><\/tr><tr><td class=\"has-text-align-left\" data-align=\"left\">93 &#8211; Sobre a capacidade processual&#8230;<\/td><td class=\"has-text-align-center\" data-align=\"center\">A<\/td><td class=\"has-text-align-center\" data-align=\"center\">Art. 73, \u00a72\u00ba<\/td><\/tr><tr><td class=\"has-text-align-left\" data-align=\"left\">94 &#8211; Considerando o que disp\u00f5e&#8230;<\/td><td class=\"has-text-align-center\" data-align=\"center\">D<\/td><td class=\"has-text-align-center\" data-align=\"center\"><\/td><\/tr><tr><td class=\"has-text-align-left\" data-align=\"left\">95 &#8211; Em se tratando de lan\u00e7amento&#8230;<\/td><td class=\"has-text-align-center\" data-align=\"center\">A<\/td><td class=\"has-text-align-center\" data-align=\"center\"><\/td><\/tr><tr><td class=\"has-text-align-left\" data-align=\"left\">96 &#8211; Sobre a servid\u00e3o de passagem&#8230;<\/td><td class=\"has-text-align-center\" data-align=\"center\">D<\/td><td class=\"has-text-align-center\" data-align=\"center\">Art.&nbsp;1.385,&nbsp;\u00a72\u00ba,&nbsp;CC<\/td><\/tr><tr><td class=\"has-text-align-left\" data-align=\"left\">97 &#8211; No tocante ao Procedimento&#8230;<\/td><td class=\"has-text-align-center\" data-align=\"center\">D<\/td><td class=\"has-text-align-center\" data-align=\"center\"><\/td><\/tr><tr><td class=\"has-text-align-left\" data-align=\"left\">98 &#8211; A despeito da equipara\u00e7\u00e3o salarial&#8230;<\/td><td class=\"has-text-align-center\" data-align=\"center\">B<\/td><td class=\"has-text-align-center\" data-align=\"center\"><\/td><\/tr><tr><td class=\"has-text-align-left\" data-align=\"left\">99 &#8211; T\u00e9cio, morador da cidade X&#8230;<\/td><td class=\"has-text-align-center\" data-align=\"center\">A<\/td><td class=\"has-text-align-center\" data-align=\"center\"><\/td><\/tr><tr><td class=\"has-text-align-left\" data-align=\"left\">100 &#8211; I &#8211; Incumbir\u00e1 ao juiz&#8230;<\/td><td class=\"has-text-align-center\" data-align=\"center\">D<\/td><td class=\"has-text-align-center\" data-align=\"center\"><\/td><\/tr><\/tbody><\/table><\/figure>\n\n\n\n<p class=\"has-text-align-center has-very-light-gray-to-cyan-bluish-gray-gradient-background has-background has-medium-font-size\"><a href=\"https:\/\/cj.estrategia.com\/portal\/concurso-pgm-rio-branco-ac\/\" target=\"_blank\" >Concurso PGM Rio Branco Acre (Procurador)<\/a><\/p>\n\n\n\n<h2 class=\"wp-block-heading has-text-align-center\" id=\"concursos-juridicos-assinaturas\"><span id=\"quer-saber-tudo-sobre-concursos-juridicos-previstosconfira-nossos-artigos\">Quer saber tudo sobre concursos jur\u00eddicos previstos?<br>Confira nossos artigos!<\/span><\/h2>\n\n\n\n\n\n<ul class=\"wp-block-list\"><\/ul>\n\n\n\n<ul class=\"wp-block-list\"><\/ul>\n\n\n\n<div class=\"wp-block-cover\" style=\"min-height:155px;aspect-ratio:unset;\"><img decoding=\"async\" width=\"1890\" height=\"351\" class=\"wp-block-cover__image-background wp-image-8669\" alt=\"Assinaturas Jur\u00eddicas\" src=\"https:\/\/cj.estrategia.com\/portal\/wp-content\/uploads\/2022\/06\/20151253\/concurso-carreiras-juridicas-assinatura-juridica.jpg\" style=\"object-position:78% 43%\" data-object-fit=\"cover\" data-object-position=\"78% 43%\" srcset=\"https:\/\/cj.estrategia.com\/portal\/wp-content\/uploads\/2022\/06\/20151253\/concurso-carreiras-juridicas-assinatura-juridica.jpg 1890w, https:\/\/cj.estrategia.com\/portal\/wp-content\/uploads\/2022\/06\/20151253\/concurso-carreiras-juridicas-assinatura-juridica-300x56.jpg 300w, https:\/\/cj.estrategia.com\/portal\/wp-content\/uploads\/2022\/06\/20151253\/concurso-carreiras-juridicas-assinatura-juridica-1024x190.jpg 1024w, https:\/\/cj.estrategia.com\/portal\/wp-content\/uploads\/2022\/06\/20151253\/concurso-carreiras-juridicas-assinatura-juridica-768x143.jpg 768w, https:\/\/cj.estrategia.com\/portal\/wp-content\/uploads\/2022\/06\/20151253\/concurso-carreiras-juridicas-assinatura-juridica-1536x285.jpg 1536w, https:\/\/cj.estrategia.com\/portal\/wp-content\/uploads\/2022\/06\/20151253\/concurso-carreiras-juridicas-assinatura-juridica-380x71.jpg 380w, https:\/\/cj.estrategia.com\/portal\/wp-content\/uploads\/2022\/06\/20151253\/concurso-carreiras-juridicas-assinatura-juridica-800x149.jpg 800w, https:\/\/cj.estrategia.com\/portal\/wp-content\/uploads\/2022\/06\/20151253\/concurso-carreiras-juridicas-assinatura-juridica-1160x215.jpg 1160w\" sizes=\"(max-width: 1890px) 100vw, 1890px\" \/><span aria-hidden=\"true\" class=\"wp-block-cover__background has-background-dim\"><\/span><div class=\"wp-block-cover__inner-container is-layout-flow wp-block-cover-is-layout-flow\">\n<h3 id=\"faca-a-sua-assinatura\" class=\"titulo-assinatura\"><span style=\"color: #ffffff;\">Fa\u00e7a a sua assinatura!<\/span><\/h3>\n<p class=\"subtitulo-assinatura\" style=\"display:block!important; line-height: 0;\"><span style=\"color: #ffffff;\">Escolha a sua \u00e1rea.<\/span><\/p>\n<a target=\"_blank\" href=\"https:\/\/www.estrategiaconcursos.com.br\/assinaturas-ecj\/\" rel=\"noopener\"><button style=\"border-radius: 10px; text-transform: capitalize;\">Acessar<\/button><\/a>\n<\/div><\/div>\n\n\n","protected":false},"excerpt":{"rendered":"Neste domingo (09) foram aplicadas as provas objetivas do concurso PGM Rio Branco &#8211; Procurador. A etapa contou&hellip;\n","protected":false},"author":12,"featured_media":40951,"comment_status":"open","ping_status":"open","sticky":false,"template":"","format":"standard","meta":{"_jetpack_memberships_contains_paid_content":false,"footnotes":""},"categories":[24],"tags":[],"tax_estado":[30],"class_list":{"0":"post-40497","1":"post","2":"type-post","3":"status-publish","4":"format-standard","5":"has-post-thumbnail","7":"category-procuradoria","8":"tax_estado-ac"},"acf":[],"yoast_head":"<!-- This site is optimized with the Yoast SEO Premium plugin v27.4 (Yoast SEO v27.4) - https:\/\/yoast.com\/product\/yoast-seo-premium-wordpress\/ -->\n<title>Concurso PGM Rio Branco Procurador: veja a corre\u00e7\u00e3o!<\/title>\n<meta name=\"description\" content=\"Concurso PGM Rio Branco Procurador: confira a corre\u00e7\u00e3o extraoficial do gabarito. Provas aplicadas em 16 de julho. Confira!\" \/>\n<meta name=\"robots\" content=\"index, follow, max-snippet:-1, max-image-preview:large, max-video-preview:-1\" \/>\n<link rel=\"canonical\" href=\"https:\/\/cj.estrategia.com\/portal\/concurso-pgm-rio-branco-procurador-correcao\/\" \/>\n<meta property=\"og:locale\" content=\"pt_BR\" \/>\n<meta property=\"og:type\" content=\"article\" \/>\n<meta property=\"og:title\" content=\"Concurso PGM Rio Branco Procurador: veja a corre\u00e7\u00e3o!\" \/>\n<meta property=\"og:description\" content=\"Concurso PGM Rio Branco Procurador: confira a corre\u00e7\u00e3o extraoficial do gabarito. Provas aplicadas em 16 de julho. Confira!\" \/>\n<meta property=\"og:url\" content=\"https:\/\/cj.estrategia.com\/portal\/concurso-pgm-rio-branco-procurador-correcao\/\" \/>\n<meta property=\"og:site_name\" content=\"Blog - Carreiras Jur\u00eddicas - Estrat\u00e9gia\" \/>\n<meta property=\"article:publisher\" content=\"https:\/\/www.facebook.com\/estrategiacarreirajuridica\/\" \/>\n<meta property=\"article:published_time\" content=\"2023-07-11T19:29:00+00:00\" \/>\n<meta property=\"article:modified_time\" content=\"2023-07-11T19:59:38+00:00\" \/>\n<meta property=\"og:image\" content=\"https:\/\/cj.estrategia.com\/portal\/wp-content\/uploads\/2023\/07\/09201449\/YTB_.jpg\" \/>\n\t<meta property=\"og:image:width\" content=\"1280\" \/>\n\t<meta property=\"og:image:height\" content=\"720\" \/>\n\t<meta property=\"og:image:type\" content=\"image\/jpeg\" \/>\n<meta name=\"author\" content=\"Coordena\u00e7\u00e3o\" \/>\n<meta name=\"twitter:card\" content=\"summary_large_image\" \/>\n<meta name=\"twitter:creator\" content=\"@EstratJuridica\" \/>\n<meta name=\"twitter:site\" content=\"@EstratJuridica\" \/>\n<meta name=\"twitter:label1\" content=\"Escrito por\" \/>\n\t<meta name=\"twitter:data1\" content=\"Coordena\u00e7\u00e3o\" \/>\n\t<meta name=\"twitter:label2\" content=\"Est. tempo de leitura\" \/>\n\t<meta name=\"twitter:data2\" content=\"8 minutos\" \/>\n<script type=\"application\/ld+json\" class=\"yoast-schema-graph\">{\"@context\":\"https:\\\/\\\/schema.org\",\"@graph\":[{\"@type\":\"NewsArticle\",\"@id\":\"https:\\\/\\\/cj.estrategia.com\\\/portal\\\/concurso-pgm-rio-branco-procurador-correcao\\\/#article\",\"isPartOf\":{\"@id\":\"https:\\\/\\\/cj.estrategia.com\\\/portal\\\/concurso-pgm-rio-branco-procurador-correcao\\\/\"},\"author\":{\"name\":\"Coordena\u00e7\u00e3o\",\"@id\":\"https:\\\/\\\/cj.estrategia.com\\\/portal\\\/#\\\/schema\\\/person\\\/4d70317d31449932b99102916b6637f5\"},\"headline\":\"Concurso PGM Rio Branco Procurador: veja a corre\u00e7\u00e3o!\",\"datePublished\":\"2023-07-11T19:29:00+00:00\",\"dateModified\":\"2023-07-11T19:59:38+00:00\",\"mainEntityOfPage\":{\"@id\":\"https:\\\/\\\/cj.estrategia.com\\\/portal\\\/concurso-pgm-rio-branco-procurador-correcao\\\/\"},\"wordCount\":1463,\"commentCount\":0,\"publisher\":{\"@id\":\"https:\\\/\\\/cj.estrategia.com\\\/portal\\\/#organization\"},\"image\":{\"@id\":\"https:\\\/\\\/cj.estrategia.com\\\/portal\\\/concurso-pgm-rio-branco-procurador-correcao\\\/#primaryimage\"},\"thumbnailUrl\":\"https:\\\/\\\/cj.estrategia.com\\\/portal\\\/wp-content\\\/uploads\\\/2023\\\/07\\\/09201449\\\/YTB_.jpg\",\"articleSection\":[\"Procuradoria\"],\"inLanguage\":\"pt-BR\",\"potentialAction\":[{\"@type\":\"CommentAction\",\"name\":\"Comment\",\"target\":[\"https:\\\/\\\/cj.estrategia.com\\\/portal\\\/concurso-pgm-rio-branco-procurador-correcao\\\/#respond\"]}]},{\"@type\":\"WebPage\",\"@id\":\"https:\\\/\\\/cj.estrategia.com\\\/portal\\\/concurso-pgm-rio-branco-procurador-correcao\\\/\",\"url\":\"https:\\\/\\\/cj.estrategia.com\\\/portal\\\/concurso-pgm-rio-branco-procurador-correcao\\\/\",\"name\":\"Concurso PGM Rio Branco Procurador: veja a corre\u00e7\u00e3o!\",\"isPartOf\":{\"@id\":\"https:\\\/\\\/cj.estrategia.com\\\/portal\\\/#website\"},\"primaryImageOfPage\":{\"@id\":\"https:\\\/\\\/cj.estrategia.com\\\/portal\\\/concurso-pgm-rio-branco-procurador-correcao\\\/#primaryimage\"},\"image\":{\"@id\":\"https:\\\/\\\/cj.estrategia.com\\\/portal\\\/concurso-pgm-rio-branco-procurador-correcao\\\/#primaryimage\"},\"thumbnailUrl\":\"https:\\\/\\\/cj.estrategia.com\\\/portal\\\/wp-content\\\/uploads\\\/2023\\\/07\\\/09201449\\\/YTB_.jpg\",\"datePublished\":\"2023-07-11T19:29:00+00:00\",\"dateModified\":\"2023-07-11T19:59:38+00:00\",\"description\":\"Concurso PGM Rio Branco Procurador: confira a corre\u00e7\u00e3o extraoficial do gabarito. Provas aplicadas em 16 de julho. Confira!\",\"breadcrumb\":{\"@id\":\"https:\\\/\\\/cj.estrategia.com\\\/portal\\\/concurso-pgm-rio-branco-procurador-correcao\\\/#breadcrumb\"},\"inLanguage\":\"pt-BR\",\"potentialAction\":[{\"@type\":\"ReadAction\",\"target\":[\"https:\\\/\\\/cj.estrategia.com\\\/portal\\\/concurso-pgm-rio-branco-procurador-correcao\\\/\"]}]},{\"@type\":\"ImageObject\",\"inLanguage\":\"pt-BR\",\"@id\":\"https:\\\/\\\/cj.estrategia.com\\\/portal\\\/concurso-pgm-rio-branco-procurador-correcao\\\/#primaryimage\",\"url\":\"https:\\\/\\\/cj.estrategia.com\\\/portal\\\/wp-content\\\/uploads\\\/2023\\\/07\\\/09201449\\\/YTB_.jpg\",\"contentUrl\":\"https:\\\/\\\/cj.estrategia.com\\\/portal\\\/wp-content\\\/uploads\\\/2023\\\/07\\\/09201449\\\/YTB_.jpg\",\"width\":1280,\"height\":720},{\"@type\":\"BreadcrumbList\",\"@id\":\"https:\\\/\\\/cj.estrategia.com\\\/portal\\\/concurso-pgm-rio-branco-procurador-correcao\\\/#breadcrumb\",\"itemListElement\":[{\"@type\":\"ListItem\",\"position\":1,\"name\":\"In\u00edcio\",\"item\":\"https:\\\/\\\/cj.estrategia.com\\\/portal\\\/\"},{\"@type\":\"ListItem\",\"position\":2,\"name\":\"Concurso PGM Rio Branco Procurador: veja a corre\u00e7\u00e3o!\"}]},{\"@type\":\"WebSite\",\"@id\":\"https:\\\/\\\/cj.estrategia.com\\\/portal\\\/#website\",\"url\":\"https:\\\/\\\/cj.estrategia.com\\\/portal\\\/\",\"name\":\"Blog - Carreiras Jur\u00eddicas - Estrat\u00e9gia\",\"description\":\"\",\"publisher\":{\"@id\":\"https:\\\/\\\/cj.estrategia.com\\\/portal\\\/#organization\"},\"potentialAction\":[{\"@type\":\"SearchAction\",\"target\":{\"@type\":\"EntryPoint\",\"urlTemplate\":\"https:\\\/\\\/cj.estrategia.com\\\/portal\\\/?s={search_term_string}\"},\"query-input\":{\"@type\":\"PropertyValueSpecification\",\"valueRequired\":true,\"valueName\":\"search_term_string\"}}],\"inLanguage\":\"pt-BR\"},{\"@type\":\"Organization\",\"@id\":\"https:\\\/\\\/cj.estrategia.com\\\/portal\\\/#organization\",\"name\":\"Estrat\u00e9gia - Carreiras Jur\u00eddicas\",\"url\":\"https:\\\/\\\/cj.estrategia.com\\\/portal\\\/\",\"logo\":{\"@type\":\"ImageObject\",\"inLanguage\":\"pt-BR\",\"@id\":\"https:\\\/\\\/cj.estrategia.com\\\/portal\\\/#\\\/schema\\\/logo\\\/image\\\/\",\"url\":\"https:\\\/\\\/cj.estrategia.com\\\/portal\\\/wp-content\\\/uploads\\\/2022\\\/03\\\/11151052\\\/cj-logo.png\",\"contentUrl\":\"https:\\\/\\\/cj.estrategia.com\\\/portal\\\/wp-content\\\/uploads\\\/2022\\\/03\\\/11151052\\\/cj-logo.png\",\"width\":150,\"height\":39,\"caption\":\"Estrat\u00e9gia - Carreiras Jur\u00eddicas\"},\"image\":{\"@id\":\"https:\\\/\\\/cj.estrategia.com\\\/portal\\\/#\\\/schema\\\/logo\\\/image\\\/\"},\"sameAs\":[\"https:\\\/\\\/www.facebook.com\\\/estrategiacarreirajuridica\\\/\",\"https:\\\/\\\/x.com\\\/EstratJuridica\",\"https:\\\/\\\/www.instagram.com\\\/estrategiacarreirajuridica\\\/\",\"https:\\\/\\\/www.youtube.com\\\/channel\\\/UClbMGuYbj2Mh1m3w144ETWQ\"]},{\"@type\":\"Person\",\"@id\":\"https:\\\/\\\/cj.estrategia.com\\\/portal\\\/#\\\/schema\\\/person\\\/4d70317d31449932b99102916b6637f5\",\"name\":\"Coordena\u00e7\u00e3o\",\"image\":{\"@type\":\"ImageObject\",\"inLanguage\":\"pt-BR\",\"@id\":\"https:\\\/\\\/cj.estrategia.com\\\/portal\\\/wp-content\\\/uploads\\\/2022\\\/05\\\/12164923\\\/estrategia-carreira-juridica-coordenacao-96x96.png\",\"url\":\"https:\\\/\\\/cj.estrategia.com\\\/portal\\\/wp-content\\\/uploads\\\/2022\\\/05\\\/12164923\\\/estrategia-carreira-juridica-coordenacao-96x96.png\",\"contentUrl\":\"https:\\\/\\\/cj.estrategia.com\\\/portal\\\/wp-content\\\/uploads\\\/2022\\\/05\\\/12164923\\\/estrategia-carreira-juridica-coordenacao-96x96.png\",\"caption\":\"Coordena\u00e7\u00e3o\"},\"url\":\"https:\\\/\\\/cj.estrategia.com\\\/portal\\\/author\\\/coordenacao\\\/\"}]}<\/script>\n<!-- \/ Yoast SEO Premium plugin. -->","yoast_head_json":{"title":"Concurso PGM Rio Branco Procurador: veja a corre\u00e7\u00e3o!","description":"Concurso PGM Rio Branco Procurador: confira a corre\u00e7\u00e3o extraoficial do gabarito. Provas aplicadas em 16 de julho. Confira!","robots":{"index":"index","follow":"follow","max-snippet":"max-snippet:-1","max-image-preview":"max-image-preview:large","max-video-preview":"max-video-preview:-1"},"canonical":"https:\/\/cj.estrategia.com\/portal\/concurso-pgm-rio-branco-procurador-correcao\/","og_locale":"pt_BR","og_type":"article","og_title":"Concurso PGM Rio Branco Procurador: veja a corre\u00e7\u00e3o!","og_description":"Concurso PGM Rio Branco Procurador: confira a corre\u00e7\u00e3o extraoficial do gabarito. Provas aplicadas em 16 de julho. Confira!","og_url":"https:\/\/cj.estrategia.com\/portal\/concurso-pgm-rio-branco-procurador-correcao\/","og_site_name":"Blog - Carreiras Jur\u00eddicas - Estrat\u00e9gia","article_publisher":"https:\/\/www.facebook.com\/estrategiacarreirajuridica\/","article_published_time":"2023-07-11T19:29:00+00:00","article_modified_time":"2023-07-11T19:59:38+00:00","og_image":[{"width":1280,"height":720,"url":"https:\/\/cj.estrategia.com\/portal\/wp-content\/uploads\/2023\/07\/09201449\/YTB_.jpg","type":"image\/jpeg"}],"author":"Coordena\u00e7\u00e3o","twitter_card":"summary_large_image","twitter_creator":"@EstratJuridica","twitter_site":"@EstratJuridica","twitter_misc":{"Escrito por":"Coordena\u00e7\u00e3o","Est. tempo de leitura":"8 minutos"},"schema":{"@context":"https:\/\/schema.org","@graph":[{"@type":"NewsArticle","@id":"https:\/\/cj.estrategia.com\/portal\/concurso-pgm-rio-branco-procurador-correcao\/#article","isPartOf":{"@id":"https:\/\/cj.estrategia.com\/portal\/concurso-pgm-rio-branco-procurador-correcao\/"},"author":{"name":"Coordena\u00e7\u00e3o","@id":"https:\/\/cj.estrategia.com\/portal\/#\/schema\/person\/4d70317d31449932b99102916b6637f5"},"headline":"Concurso PGM Rio Branco Procurador: veja a corre\u00e7\u00e3o!","datePublished":"2023-07-11T19:29:00+00:00","dateModified":"2023-07-11T19:59:38+00:00","mainEntityOfPage":{"@id":"https:\/\/cj.estrategia.com\/portal\/concurso-pgm-rio-branco-procurador-correcao\/"},"wordCount":1463,"commentCount":0,"publisher":{"@id":"https:\/\/cj.estrategia.com\/portal\/#organization"},"image":{"@id":"https:\/\/cj.estrategia.com\/portal\/concurso-pgm-rio-branco-procurador-correcao\/#primaryimage"},"thumbnailUrl":"https:\/\/cj.estrategia.com\/portal\/wp-content\/uploads\/2023\/07\/09201449\/YTB_.jpg","articleSection":["Procuradoria"],"inLanguage":"pt-BR","potentialAction":[{"@type":"CommentAction","name":"Comment","target":["https:\/\/cj.estrategia.com\/portal\/concurso-pgm-rio-branco-procurador-correcao\/#respond"]}]},{"@type":"WebPage","@id":"https:\/\/cj.estrategia.com\/portal\/concurso-pgm-rio-branco-procurador-correcao\/","url":"https:\/\/cj.estrategia.com\/portal\/concurso-pgm-rio-branco-procurador-correcao\/","name":"Concurso PGM Rio Branco Procurador: veja a corre\u00e7\u00e3o!","isPartOf":{"@id":"https:\/\/cj.estrategia.com\/portal\/#website"},"primaryImageOfPage":{"@id":"https:\/\/cj.estrategia.com\/portal\/concurso-pgm-rio-branco-procurador-correcao\/#primaryimage"},"image":{"@id":"https:\/\/cj.estrategia.com\/portal\/concurso-pgm-rio-branco-procurador-correcao\/#primaryimage"},"thumbnailUrl":"https:\/\/cj.estrategia.com\/portal\/wp-content\/uploads\/2023\/07\/09201449\/YTB_.jpg","datePublished":"2023-07-11T19:29:00+00:00","dateModified":"2023-07-11T19:59:38+00:00","description":"Concurso PGM Rio Branco Procurador: confira a corre\u00e7\u00e3o extraoficial do gabarito. Provas aplicadas em 16 de julho. Confira!","breadcrumb":{"@id":"https:\/\/cj.estrategia.com\/portal\/concurso-pgm-rio-branco-procurador-correcao\/#breadcrumb"},"inLanguage":"pt-BR","potentialAction":[{"@type":"ReadAction","target":["https:\/\/cj.estrategia.com\/portal\/concurso-pgm-rio-branco-procurador-correcao\/"]}]},{"@type":"ImageObject","inLanguage":"pt-BR","@id":"https:\/\/cj.estrategia.com\/portal\/concurso-pgm-rio-branco-procurador-correcao\/#primaryimage","url":"https:\/\/cj.estrategia.com\/portal\/wp-content\/uploads\/2023\/07\/09201449\/YTB_.jpg","contentUrl":"https:\/\/cj.estrategia.com\/portal\/wp-content\/uploads\/2023\/07\/09201449\/YTB_.jpg","width":1280,"height":720},{"@type":"BreadcrumbList","@id":"https:\/\/cj.estrategia.com\/portal\/concurso-pgm-rio-branco-procurador-correcao\/#breadcrumb","itemListElement":[{"@type":"ListItem","position":1,"name":"In\u00edcio","item":"https:\/\/cj.estrategia.com\/portal\/"},{"@type":"ListItem","position":2,"name":"Concurso PGM Rio Branco Procurador: veja a corre\u00e7\u00e3o!"}]},{"@type":"WebSite","@id":"https:\/\/cj.estrategia.com\/portal\/#website","url":"https:\/\/cj.estrategia.com\/portal\/","name":"Blog - Carreiras Jur\u00eddicas - Estrat\u00e9gia","description":"","publisher":{"@id":"https:\/\/cj.estrategia.com\/portal\/#organization"},"potentialAction":[{"@type":"SearchAction","target":{"@type":"EntryPoint","urlTemplate":"https:\/\/cj.estrategia.com\/portal\/?s={search_term_string}"},"query-input":{"@type":"PropertyValueSpecification","valueRequired":true,"valueName":"search_term_string"}}],"inLanguage":"pt-BR"},{"@type":"Organization","@id":"https:\/\/cj.estrategia.com\/portal\/#organization","name":"Estrat\u00e9gia - Carreiras Jur\u00eddicas","url":"https:\/\/cj.estrategia.com\/portal\/","logo":{"@type":"ImageObject","inLanguage":"pt-BR","@id":"https:\/\/cj.estrategia.com\/portal\/#\/schema\/logo\/image\/","url":"https:\/\/cj.estrategia.com\/portal\/wp-content\/uploads\/2022\/03\/11151052\/cj-logo.png","contentUrl":"https:\/\/cj.estrategia.com\/portal\/wp-content\/uploads\/2022\/03\/11151052\/cj-logo.png","width":150,"height":39,"caption":"Estrat\u00e9gia - Carreiras Jur\u00eddicas"},"image":{"@id":"https:\/\/cj.estrategia.com\/portal\/#\/schema\/logo\/image\/"},"sameAs":["https:\/\/www.facebook.com\/estrategiacarreirajuridica\/","https:\/\/x.com\/EstratJuridica","https:\/\/www.instagram.com\/estrategiacarreirajuridica\/","https:\/\/www.youtube.com\/channel\/UClbMGuYbj2Mh1m3w144ETWQ"]},{"@type":"Person","@id":"https:\/\/cj.estrategia.com\/portal\/#\/schema\/person\/4d70317d31449932b99102916b6637f5","name":"Coordena\u00e7\u00e3o","image":{"@type":"ImageObject","inLanguage":"pt-BR","@id":"https:\/\/cj.estrategia.com\/portal\/wp-content\/uploads\/2022\/05\/12164923\/estrategia-carreira-juridica-coordenacao-96x96.png","url":"https:\/\/cj.estrategia.com\/portal\/wp-content\/uploads\/2022\/05\/12164923\/estrategia-carreira-juridica-coordenacao-96x96.png","contentUrl":"https:\/\/cj.estrategia.com\/portal\/wp-content\/uploads\/2022\/05\/12164923\/estrategia-carreira-juridica-coordenacao-96x96.png","caption":"Coordena\u00e7\u00e3o"},"url":"https:\/\/cj.estrategia.com\/portal\/author\/coordenacao\/"}]}},"jetpack_featured_media_url":"https:\/\/cj.estrategia.com\/portal\/wp-content\/uploads\/2023\/07\/09201449\/YTB_.jpg","jetpack_sharing_enabled":true,"_links":{"self":[{"href":"https:\/\/cj.estrategia.com\/portal\/wp-json\/wp\/v2\/posts\/40497","targetHints":{"allow":["GET"]}}],"collection":[{"href":"https:\/\/cj.estrategia.com\/portal\/wp-json\/wp\/v2\/posts"}],"about":[{"href":"https:\/\/cj.estrategia.com\/portal\/wp-json\/wp\/v2\/types\/post"}],"author":[{"embeddable":true,"href":"https:\/\/cj.estrategia.com\/portal\/wp-json\/wp\/v2\/users\/12"}],"replies":[{"embeddable":true,"href":"https:\/\/cj.estrategia.com\/portal\/wp-json\/wp\/v2\/comments?post=40497"}],"version-history":[{"count":47,"href":"https:\/\/cj.estrategia.com\/portal\/wp-json\/wp\/v2\/posts\/40497\/revisions"}],"predecessor-version":[{"id":42272,"href":"https:\/\/cj.estrategia.com\/portal\/wp-json\/wp\/v2\/posts\/40497\/revisions\/42272"}],"wp:featuredmedia":[{"embeddable":true,"href":"https:\/\/cj.estrategia.com\/portal\/wp-json\/wp\/v2\/media\/40951"}],"wp:attachment":[{"href":"https:\/\/cj.estrategia.com\/portal\/wp-json\/wp\/v2\/media?parent=40497"}],"wp:term":[{"taxonomy":"category","embeddable":true,"href":"https:\/\/cj.estrategia.com\/portal\/wp-json\/wp\/v2\/categories?post=40497"},{"taxonomy":"post_tag","embeddable":true,"href":"https:\/\/cj.estrategia.com\/portal\/wp-json\/wp\/v2\/tags?post=40497"},{"taxonomy":"tax_estado","embeddable":true,"href":"https:\/\/cj.estrategia.com\/portal\/wp-json\/wp\/v2\/tax_estado?post=40497"}],"curies":[{"name":"wp","href":"https:\/\/api.w.org\/{rel}","templated":true}]}}