{"id":40240,"date":"2023-07-23T11:00:00","date_gmt":"2023-07-23T14:00:00","guid":{"rendered":"https:\/\/cj.estrategia.com\/portal\/?p=40240"},"modified":"2023-07-04T15:15:31","modified_gmt":"2023-07-04T18:15:31","slug":"cargos-publicos-advogar","status":"publish","type":"post","link":"https:\/\/cj.estrategia.com\/portal\/cargos-publicos-advogar\/","title":{"rendered":"Cargos p\u00fablicos que permitem advogar"},"content":{"rendered":"\n<p>Fala, pessoal, tudo bem? Hoje vamos abordar o assunto acerca dos cargos p\u00fablicos que permitem que o servidor dele ocupante advogue.\u00a0<\/p>\n\n\n\n<p>Para tanto, abordaremos os cargos ocupados por servidores que trabalham na Prefeitura, no Minist\u00e9rio P\u00fablico, no Judici\u00e1rio e em outras atividades sobre as quais h\u00e1 lei ou jurisprud\u00eancia disciplinando o tema.<\/p>\n\n\n\n<p>Al\u00e9m disso, tamb\u00e9m veremos se o servidor concursado, mesmo n\u00e3o tendo OAB, pode advogar.<\/p>\n\n\n\n<p>Vamos l\u00e1!<\/p>\n\n\n\n<figure class=\"wp-block-image is-resized\"><img decoding=\"async\" src=\"https:\/\/lh4.googleusercontent.com\/VIHgfayM7ecmcnSIcr7C84Wh_RH8cKMBjwUCyARBbgE1JA-QxyBZzm6S55oH4NXi16570VGb8g4q8NuqxIOWOZ17Tm-axaRexgNecxKvDXTfIrP7X47ZT0PB9Ci92Rb4EA9KWCmnfZAVk2mh864ruHU\" alt=\"Cargos p\u00fablicos que permitem advogar\" width=\"481\" height=\"320\"\/><\/figure>\n\n\n\n<h2 class=\"wp-block-heading\" id=\"h-consideracoes-iniciais\"><span id=\"consideracoes-iniciais\">Considera\u00e7\u00f5es iniciais<\/span><\/h2>\n\n\n\n<p>Primeiramente, \u00e9 importante destacar que a Constitui\u00e7\u00e3o Federal, em seu artigo 5\u00ba, inciso XIII, veicula a seguinte norma de efic\u00e1cia contida:<\/p>\n\n\n\n<blockquote class=\"wp-block-quote is-layout-flow wp-block-quote-is-layout-flow\">\n<blockquote class=\"wp-block-quote is-layout-flow wp-block-quote-is-layout-flow\">\n<blockquote class=\"wp-block-quote is-layout-flow wp-block-quote-is-layout-flow\">\n<p><em>Art. 5\u00ba. (\u2026)<\/em><\/p>\n\n\n\n<p><em>XIII \u2013 \u00e9 livre o exerc\u00edcio de qualquer trabalho, of\u00edcio ou profiss\u00e3o, atendidas as qualifica\u00e7\u00f5es profissionais que a lei estabelecer;<\/em><\/p>\n<\/blockquote>\n<\/blockquote>\n<\/blockquote>\n\n\n\n<p>Sendo assim, em regra, qualquer pessoa pode exercer qualquer profiss\u00e3o. Todavia, quando a legisla\u00e7\u00e3o exigir determinadas qualifica\u00e7\u00f5es profissionais, o exerc\u00edcio daquele labor fica condicionado ao preenchimento de tais requisitos.<\/p>\n\n\n\n<p>Com efeito, a profiss\u00e3o de advogado n\u00e3o \u00e9 diferente.\u00a0<\/p>\n\n\n\n<p>A Lei 8.906\/1994, que disp\u00f5e sobre o Estatuto da Advocacia e a Ordem dos Advogados do Brasil (OAB), assim estipulou em seu artigo 8\u00ba:<\/p>\n\n\n\n<blockquote class=\"wp-block-quote is-layout-flow wp-block-quote-is-layout-flow\">\n<p><em>Art. 8\u00ba Para inscri\u00e7\u00e3o como advogado \u00e9 necess\u00e1rio:<\/em><\/p>\n\n\n\n<p><em>I \u2013 capacidade civil;<\/em><\/p>\n\n\n\n<p><em>II \u2013 diploma ou certid\u00e3o de gradua\u00e7\u00e3o em direito, obtido em institui\u00e7\u00e3o de ensino oficialmente autorizada e credenciada;<\/em><\/p>\n\n\n\n<p><em>III \u2013 t\u00edtulo de eleitor e quita\u00e7\u00e3o do servi\u00e7o militar, se brasileiro;<\/em><\/p>\n\n\n\n<p><strong><em>IV \u2013 aprova\u00e7\u00e3o em Exame de Ordem;<\/em><\/strong><\/p>\n\n\n\n<p><strong><em>V \u2013 n\u00e3o exercer atividade incompat\u00edvel com a advocacia;<\/em><\/strong><\/p>\n\n\n\n<p><em>VI \u2013 idoneidade moral;<\/em><\/p>\n\n\n\n<p><em>VII \u2013 prestar compromisso perante o conselho.<\/em><\/p>\n\n\n\n<p>Como se v\u00ea, a aprova\u00e7\u00e3o no Exame de Ordem \u00e9 um dos requisitos necess\u00e1rios. Sendo assim, <strong>ainda que se trate de servidor p\u00fablico concurso, se \u201cn\u00e3o tiver OAB\u201d, N\u00c3O poder\u00e1 advogar.<\/strong><\/p>\n<\/blockquote>\n\n\n\n<p>A partir deste momento, vamos focar no inciso V do artigo 8\u00ba, que afirma expressamente que, para ser inscrito como advogado, \u00e9 necess\u00e1rio que o indiv\u00edduo n\u00e3o exer\u00e7a atividade incompat\u00edvel com a advocacia.<\/p>\n\n\n\n<p>Todavia, a pergunta de milh\u00f5es que agora nos resta \u00e9:\u00a0<\/p>\n\n\n\n<p><em>\u2013 O que \u00e9 considerado atividade incompat\u00edvel com a advocacia?<\/em><\/p>\n\n\n\n<p>Al\u00e9m disso, <strong>h\u00e1 casos previstos em lei que, mesmo que n\u00e3o se considere atividade incompat\u00edvel, haver\u00e1 <\/strong><strong>impedimento<\/strong><strong> para o exerc\u00edcio da advocacia.<\/strong><\/p>\n\n\n\n<p>\u00c9 a partir desses questionamentos que prosseguiremos nossa an\u00e1lise. Vamos l\u00e1!<\/p>\n\n\n\n<h2 class=\"wp-block-heading\" id=\"h-servidor-publico-pode-advogar\"><span id=\"servidor-publico-pode-advogar\">Servidor p\u00fablico pode advogar?<\/span><\/h2>\n\n\n\n<p>Pessoal, em regra nossa resposta ser\u00e1 <strong><span style=\"text-decoration: underline;\">SIM<\/span><\/strong>. <strong>Todavia, h\u00e1 diversas exce\u00e7\u00f5es.\u00a0<\/strong><\/p>\n\n\n\n<p>Isso porque os artigos 27 a 30 do Estatuto disciplinam v\u00e1rias hip\u00f3teses em que agentes p\u00fablicos s\u00e3o proibidos de exercer a advocacia.\u00a0<\/p>\n\n\n\n<p>Ademais, para as hip\u00f3teses em que o Estatuto descreve como <strong><span style=\"text-decoration: underline;\">atividade incompat\u00edvel<\/span>, haver\u00e1 <span style=\"text-decoration: underline;\">proibi\u00e7\u00e3o TOTAL<\/span> para o exerc\u00edcio da advocacia.<\/strong><\/p>\n\n\n\n<p>Por outro lado, tratando-se de hip\u00f3tese de<strong> <span style=\"text-decoration: underline;\">impedimento<\/span>, haver\u00e1 <span style=\"text-decoration: underline;\">proibi\u00e7\u00e3o PARCIAL<\/span> para o exerc\u00edcio da advocacia.<\/strong><\/p>\n\n\n\n<h3 class=\"wp-block-heading\" id=\"h-atividades-incompativeis-com-a-advocacia\"><span id=\"atividades-incompativeis-com-a-advocacia\">Atividades incompat\u00edveis com a advocacia<\/span><\/h3>\n\n\n\n<p>A partir de agora iremos elencar e explicar os incisos constantes do artigo 28 da Lei 8.906\/1990:<\/p>\n\n\n\n<h4 id=\"cargos-eletivos\" class=\"wp-block-heading\">Cargos eletivos<\/h4>\n\n\n\n<blockquote class=\"wp-block-quote is-layout-flow wp-block-quote-is-layout-flow\">\n<p><em>I \u2013 Chefe do Poder Executivo e membros da Mesa do Poder Legislativo e seus substitutos legais;<\/em><\/p>\n<\/blockquote>\n\n\n\n<p>\u00c9 o caso do Presidente da Rep\u00fablica, dos Governadores de Estado e DF e dos Prefeitos municipais.\u00a0<\/p>\n\n\n\n<p>Ademais, notem que a outra men\u00e7\u00e3o \u00e9 para os <span style=\"text-decoration: underline;\">membros da Mesa<\/span> do Poder Legislativo e seus substitutos legais, e <span style=\"text-decoration: underline;\">N\u00c3O para qualquer membro<\/span> do Poder Legislativo.<\/p>\n\n\n\n<p>Isso porque <strong>os demais membros do Poder Legislativo continuam mantendo sua capacidade postulat\u00f3ria, ficando apenas <span style=\"text-decoration: underline;\">IMPEDIDOS<\/span> de exercer a advocacia <\/strong>em seus diferentes n\u00edveis, <strong>contra ou a favor <\/strong>das pessoas jur\u00eddicas de direito p\u00fablico, empresas p\u00fablicas, sociedades de economia mista, funda\u00e7\u00f5es p\u00fablicas, entidades paraestatais ou empresas concession\u00e1rias ou permission\u00e1rias de servi\u00e7o p\u00fablico.<\/p>\n\n\n\n<h4 id=\"membros-do-judiciario-ministerio-publico-e-cortes-de-contas\" class=\"wp-block-heading\">M<span style=\"background-color: rgb(225, 190, 231); font-weight: revert;\">embros do Judici\u00e1rio, Minist\u00e9rio P\u00fablico e Cortes de Contas<\/span><\/h4>\n\n\n\n<blockquote class=\"wp-block-quote is-layout-flow wp-block-quote-is-layout-flow\">\n<p><em>II \u2013 Membros de \u00f3rg\u00e3os do Poder Judici\u00e1rio, do Minist\u00e9rio P\u00fablico, dos tribunais e conselhos de contas, dos juizados especiais, da justi\u00e7a de paz, ju\u00edzes classistas, bem como de todos os que exer\u00e7am fun\u00e7\u00e3o de julgamento em \u00f3rg\u00e3os de delibera\u00e7\u00e3o coletiva da administra\u00e7\u00e3o p\u00fablica direta e indireta;\u00a0<\/em><\/p>\n\n\n\n<p><em>IV \u2013 ocupantes de cargos ou fun\u00e7\u00f5es vinculados direta ou indiretamente a qualquer \u00f3rg\u00e3o do Poder Judici\u00e1rio e os que exercem servi\u00e7os notariais e de registro;<\/em><\/p>\n<\/blockquote>\n\n\n\n<p><em><br><\/em>Quando o inciso II fala em \u201cMembros\u201d ele se refere aos cargos \u201cprincipais\u201d de cada um dos \u00f3rg\u00e3os e entidades citados. Sendo assim, membros do Poder Judici\u00e1rio se referem aos ju\u00edzes, desembargadores e ministros; por sua vez, membros do MP s\u00e3o os promotores e procuradores; etc.<\/p>\n\n\n\n<p>Essa veda\u00e7\u00e3o, ali\u00e1s, decorre at\u00e9 mesmo de previs\u00e3o constitucional (art. 95, par\u00e1grafo \u00fanico, V, CF; e art. 128, \u00a7 5\u00ba, II, \u201cb\u201d, CF).<\/p>\n\n\n\n<p>Em seu turno, o inciso IV abrange os servidores desses \u00f3rg\u00e3os, bem assim aqueles que exercem servi\u00e7os notariais e de registro.<\/p>\n\n\n\n<p>Sobre o tema, o STF, no julgamento da <a href=\"https:\/\/redir.stf.jus.br\/paginadorpub\/paginador.jsp?docTP=TP&docID=756246297\" target=\"_blank\" >ADI 5235\/DF<\/a>, firmou o entendimento segundo o qual:<\/p>\n\n\n\n<blockquote class=\"wp-block-quote is-layout-flow wp-block-quote-is-layout-flow\">\n<p><em>(\u2026) 2. As incompatibilidades previstas no Estatuto da Ordem dos Advogados do Brasil (Lei n\u00ba 8.906\/94) restritivas do exerc\u00edcio da advocacia por analistas, t\u00e9cnicos e auxiliares do Poder Judici\u00e1rio e do Minist\u00e9rio P\u00fablico da Uni\u00e3o configuram restri\u00e7\u00f5es adequadas e razo\u00e1veis \u00e0 liberdade de exerc\u00edcio profissional por traduzirem express\u00e3o de valores constitucionalmente protegidos. (\u2026) <\/em><em><br><\/em><em><br><\/em><em>(STF. ADI 5235, Relatora Ministra Rosa Weber, Tribunal Pleno, julgado em 14\/06\/2021, PROCESSO ELETR\u00d4NICO DJe-122\u00a0 DIVULG 23-06-2021\u00a0 PUBLIC 24-06-2021)<\/em><\/p>\n<\/blockquote>\n\n\n\n<p>No mesmo sentido, a Lei 13.316\/2016 disp\u00f5e em seu artigo 21, bem como a revogada Lei 11.415\/2006 dispunha tamb\u00e9m em seu artigo 21.<\/p>\n\n\n\n<p>Entretanto, quando do julgamento da <a href=\"https:\/\/portal.stf.jus.br\/jurisprudencia\/obterInteiroTeor.asp?numero=1127&classe=ADI\" target=\"_blank\" >ADI 1127\/DF<\/a>, o STF entendeu que a incompatibilidade com o exerc\u00edcio da advocacia <strong><span style=\"text-decoration: underline;\">n\u00e3o alcan\u00e7a<\/span> os ju\u00edzes eleitorais e seus suplentes<\/strong>, em face da composi\u00e7\u00e3o da Justi\u00e7a eleitoral estabelecida na Constitui\u00e7\u00e3o.\u00a0<\/p>\n\n\n\n<p>Referida compreens\u00e3o, todavia, vale apenas para os ju\u00edzes eleitorais e suplentes que n\u00e3o exer\u00e7am fun\u00e7\u00f5es judicantes incompat\u00edveis com a advocacia. Exemplo: advogados nomeados para serem ministros do TSE (art. 119, II, CF); desembargadores de TREs (art. 120, \u00a7 1\u00ba, III, CF).<\/p>\n\n\n\n<p>Portanto, temos uma resposta para uma de nossas perguntas principais: <strong>Quem trabalha no Minist\u00e9rio P\u00fablico e no Poder Judici\u00e1rio <span style=\"text-decoration: underline;\">N\u00c3O<\/span> pode advogar.<\/strong><\/p>\n\n\n\n<h4 id=\"demais-atividades-incompativeis\" class=\"wp-block-heading\">Demais atividades incompat\u00edveis<\/h4>\n\n\n\n<p>As demais hip\u00f3teses de atividades incompat\u00edveis s\u00e3o as seguintes, <strong>que visam, principalmente, impedir o exerc\u00edcio da advocacia em conflito de interesses em atividade estatal que, direta ou indiretamente, exer\u00e7a influ\u00eancia na advocacia:<\/strong><\/p>\n\n\n\n<blockquote class=\"wp-block-quote is-layout-flow wp-block-quote-is-layout-flow\">\n<p><em>III \u2013 Ocupantes de cargos ou fun\u00e7\u00f5es de dire\u00e7\u00e3o em \u00d3rg\u00e3os da Administra\u00e7\u00e3o P\u00fablica direta ou indireta, em suas funda\u00e7\u00f5es e em suas empresas controladas ou concession\u00e1rias de servi\u00e7o p\u00fablico;<\/em><\/p>\n\n\n\n<p><em>V \u2013 ocupantes de cargos ou fun\u00e7\u00f5es vinculados direta ou indiretamente a atividade policial de qualquer natureza;<\/em><\/p>\n\n\n\n<p><em>VI \u2013 militares de qualquer natureza, na ativa;<\/em><\/p>\n\n\n\n<p><em>VII \u2013 ocupantes de cargos ou fun\u00e7\u00f5es que tenham compet\u00eancia de lan\u00e7amento, arrecada\u00e7\u00e3o ou fiscaliza\u00e7\u00e3o de tributos e contribui\u00e7\u00f5es parafiscais;<\/em><\/p>\n\n\n\n<p><em>VIII \u2013 ocupantes de fun\u00e7\u00f5es de dire\u00e7\u00e3o e ger\u00eancia em institui\u00e7\u00f5es financeiras, inclusive privadas.<\/em><\/p>\n<\/blockquote>\n\n\n\n<p>Recentemente, no que se refere \u00e0 atividade de <strong>servidor ocupante de cargo p\u00fablico de agente de tr\u00e2nsito<\/strong>, o STJ entendeu-a como inserta no inciso V acima, fixando a seguinte tese jur\u00eddica para o <a href=\"https:\/\/processo.stj.jus.br\/repetitivos\/temas_repetitivos\/pesquisa.jsp?novaConsulta=true&tipo_pesquisa=T&sg_classe=REsp&num_processo_classe=1815461\" target=\"_blank\" >Tema Repetitivo n\u00ba 1.028<\/a>:<\/p>\n\n\n\n<p><em>\u201cO exerc\u00edcio da advocacia, mesmo em causa pr\u00f3pria, \u00e9 incompat\u00edvel com as atividades desempenhadas por servidor ocupante de cargo p\u00fablico de agente de tr\u00e2nsito, nos termos do art. 28, V, da Lei 8.906\/94\u201d.<\/em><\/p>\n\n\n\n<p>Em igual sentido, o STJ entende em rela\u00e7\u00e3o \u00e0 atividade de ocupante do cargo de <a href=\"https:\/\/scon.stj.jus.br\/SCON\/GetInteiroTeorDoAcordao?num_registro=202103799114&dt_publicacao=02\/06\/2022\" target=\"_blank\" >guarda portu\u00e1rio<\/a>, bem assim com o de <a href=\"https:\/\/scon.stj.jus.br\/SCON\/GetInteiroTeorDoAcordao?num_registro=201801710264&dt_publicacao=31\/05\/2019\" target=\"_blank\" >guarda municipal<\/a> e o de <a href=\"https:\/\/scon.stj.jus.br\/SCON\/GetInteiroTeorDoAcordao?num_registro=201602992816&dt_publicacao=21\/05\/2019\" target=\"_blank\" >agente penitenci\u00e1rio<\/a>.<\/p>\n\n\n\n<p>Por fim, \u00e9 importante explicitar que <strong>a advocacia, nos casos acima, \u00e9 VEDADA mesmo que seja em causa pr\u00f3pria<\/strong>.<\/p>\n\n\n\n<p>Outrossim, a incompatibilidade permanece mesmo que o ocupante do cargo ou fun\u00e7\u00e3o deixe de exerc\u00ea-lo temporariamente.<\/p>\n\n\n\n<h3 class=\"wp-block-heading\" id=\"h-atividades-que-geram-impedimento-ao-exercicio-da-advocacia\"><span id=\"atividades-que-geram-impedimento-ao-exercicio-da-advocacia\">Atividades que geram impedimento ao exerc\u00edcio da advocacia<\/span><\/h3>\n\n\n\n<p>Por sua vez, os casos de impedimento ao exerc\u00edcio da advocacia est\u00e3o descritos no artigo 30 do Estatuto da OAB:<\/p>\n\n\n\n<blockquote class=\"wp-block-quote is-layout-flow wp-block-quote-is-layout-flow\">\n<p><em>Art. 30. S\u00e3o impedidos de exercer a advocacia:<\/em><\/p>\n\n\n\n<p><em>I \u2013 os servidores da administra\u00e7\u00e3o direta, indireta e fundacional, contra a Fazenda P\u00fablica que os remunere ou \u00e0 qual seja vinculada a entidade empregadora;<\/em><\/p>\n\n\n\n<p><em>II \u2013 os membros do Poder Legislativo, em seus diferentes n\u00edveis, contra ou a favor das pessoas jur\u00eddicas de direito p\u00fablico, empresas p\u00fablicas, sociedades de economia mista, funda\u00e7\u00f5es p\u00fablicas, entidades paraestatais ou empresas concession\u00e1rias ou permission\u00e1rias de servi\u00e7o p\u00fablico.<\/em><\/p>\n\n\n\n<p><em>Par\u00e1grafo \u00fanico. N\u00e3o se incluem nas hip\u00f3teses do inciso I os docentes dos cursos jur\u00eddicos.<\/em><\/p>\n<\/blockquote>\n\n\n\n<p>Portanto, em regra, os servidores p\u00fablicos da Administra\u00e7\u00e3o Direta e Indireta podem exercer a advocacia, <strong>desde que n\u00e3o o fa\u00e7am contra a Fazenda P\u00fablica que os remunere ou \u00e0 qual seja vinculada a entidade empregadora.<\/strong><\/p>\n\n\n\n<p>Sendo assim, conclui-se que <strong>quem trabalha na Prefeitura pode advogar, desde que N\u00c3O o fa\u00e7a contra a Administra\u00e7\u00e3o Direta<\/strong> (Munic\u00edpio respectivo) <strong>ou Indireta <\/strong>(Autarquias e Funda\u00e7\u00f5es P\u00fablicas) <strong>e desde que suas fun\u00e7\u00f5es N\u00c3O sejam uma daquelas que implicam incompatibilidade com a advocacia, como a de guarda municipal, agente de tr\u00e2nsito, etc.<\/strong><\/p>\n\n\n\n<p>Contudo, a \u201c<strong>exce\u00e7\u00e3o da exce\u00e7\u00e3o<\/strong>\u201d fica por conta dos <strong>docentes dos cursos jur\u00eddicos<\/strong>.<\/p>\n\n\n\n<p>Como forma de exemplo pr\u00e1tico, vejamos o seguinte caso julgado pelo STJ:<\/p>\n\n\n\n<blockquote class=\"wp-block-quote is-layout-flow wp-block-quote-is-layout-flow\">\n<p><em>PROCESSO CIVIL E ADMINISTRATIVO. AGRAVO INTERNO NO AGRAVO EM RECURSO ESPECIAL. ANALISTA DO BANCO CENTRAL DO BRASIL. OFENSA AO ART. 28, III DA LEI 8.906\/1990 (ESTATUTO DA OAB). A ATIVIDADE DE ANALISTA DO BANCO CENTRAL DO BRASIL N\u00c3O \u00c9 INCOMPAT\u00cdVEL COM NENHUM DOS IMPEDIMENTOS, ESTABELECIDOS NO ESTATUTO DA OAB, EXCETO O EXERC\u00cdCIO DA ADVOCACIA CONTRA A FAZENDA P\u00daBLICA QUE O REMUNERA. AGRAVO INTERNO DA OAB\/RJ A QUE SE NEGA PROVIMENTO.<\/em><\/p>\n\n\n\n<p><strong><em>1. A atividade exercida pelo recorrente \u2013 Analista do Banco Central \u2013 n\u00e3o se enquadra nos casos taxativos de incompatibilidade previstos no art. 28 e incisos da referida lei, estando apenas impedido de exercer a advocacia contra a Fazenda P\u00fablica que o remunera (art.<\/em><\/strong> <strong><em>30, I da Lei 8.906\/1994).<\/em><\/strong><\/p>\n\n\n\n<p><em>2. Importante ressaltar que a Lei 9.650\/1998, ao dispor sobre a carreira dos Servidores do Banco Central do Brasil, veda, t\u00e3o somente, o exerc\u00edcio da advocacia aos Procuradores do Banco Central (art. 17-A, I).<\/em><\/p>\n\n\n\n<p><em>3. \u00c9 importante ressaltar que o Judici\u00e1rio deve coibir as condutas em desarmonia com a natureza das coisas, j\u00e1 que os princ\u00edpios da razoabilidade e da proporcionalidade se aplicam como uma mera ao caso concreto, porquanto \u00e9 descabida a proibi\u00e7\u00e3o de um direito \u2013 se adquirido de modo regular (passar na 1a. e 2a. fases da OAB) \u2013 por meras suposi\u00e7\u00f5es, haja vista que, no mundo do poss\u00edvel, tudo \u00e9 realmente prov\u00e1vel. Por outro lado, tamb\u00e9m merece destaque a valiosa orienta\u00e7\u00e3o de que condutas que restrinjam direitos devem ser aplicadas restritivamente, evitando-se os excessos. A regra deve ser, sempre, a liberdade; a proibi\u00e7\u00e3o \u00e9, sempre, a exce\u00e7\u00e3o.<\/em><\/p>\n\n\n\n<p><em>4. Agravo Interno da OAB\/RJ a que se nega provimento.<\/em><\/p>\n\n\n\n<p><em>(STJ, AgInt no AREsp n. 690.589\/RJ, relator Ministro Napole\u00e3o Nunes Maia Filho, Primeira Turma, julgado em 12\/11\/2019, DJe de 22\/11\/2019, grifei)<\/em><\/p>\n<\/blockquote>\n\n\n\n<p>Ademais, a hip\u00f3tese do inciso II j\u00e1 abordamos quando tratamos do inciso II do artigo 28 acima.<\/p>\n\n\n\n<p>Por fim, \u00e9 essencial destacar o artigo 29 do Estatuto:<\/p>\n\n\n\n<blockquote class=\"wp-block-quote is-layout-flow wp-block-quote-is-layout-flow\">\n<p><em>Art. 29. Os Procuradores Gerais, Advogados Gerais, Defensores Gerais e dirigentes de \u00f3rg\u00e3os jur\u00eddicos da Administra\u00e7\u00e3o P\u00fablica direta, indireta e fundacional s\u00e3o exclusivamente legitimados para o exerc\u00edcio da advocacia vinculada \u00e0 fun\u00e7\u00e3o que exer\u00e7am, durante o per\u00edodo da investidura.<\/em><\/p>\n<\/blockquote>\n\n\n\n<h2 class=\"wp-block-heading\" id=\"h-conclusao\"><span id=\"conclusao\">Conclus\u00e3o<\/span><\/h2>\n\n\n\n<p>Portanto, pessoal, esse foi nosso breve estudo acerca de quais cargos p\u00fablicos permitem o exerc\u00edcio da advocacia, com foco nos cargos do Minist\u00e9rio P\u00fablico, Judici\u00e1rio e de Prefeituras.\u00a0<\/p>\n\n\n\n<p>Por fim, n\u00e3o deixe de conferir a literalidade dos dispositivos aqui mencionados.<\/p>\n\n\n\n<p>At\u00e9 a pr\u00f3xima!\u00a0<\/p>\n\n\n\n<p class=\"has-text-align-center\" id=\"h-quer-saber-tudo-sobre-concursos-previstos\"><strong>Quer saber quais ser\u00e3o os pr\u00f3ximos concursos?<\/strong><\/p>\n\n\n\n<p class=\"has-text-align-center\"><strong>Confira nossos artigos!<\/strong><\/p>\n\n\n\n<p class=\"has-text-align-center has-white-color has-pale-cyan-blue-background-color has-text-color has-background\"><a href=\"https:\/\/www.estrategiaconcursos.com.br\/blog\/concursos-abertos\/\" target=\"_blank\" >Confira os concursos p\u00fablicos abertos<\/a><\/p>\n\n\n\n<p class=\"has-text-align-center has-white-color has-pale-cyan-blue-background-color has-text-color has-background\"><a href=\"https:\/\/www.estrategiaconcursos.com.br\/blog\/concursos-2022\/\" target=\"_blank\" >Concursos 2023<\/a><\/p>\n\n\n\n<p class=\"has-text-align-center has-white-color has-pale-cyan-blue-background-color has-text-color has-background\"><a href=\"https:\/\/cj.estrategia.com\/portal\/concursos-abertos-carreiras-juridicas\/\" target=\"_blank\" >Concursos abertos Carreiras Jur\u00eddicas<\/a><\/p>\n\n\n\n<h3 class=\"wp-block-heading\" id=\"assinatura-de-concursos\">Assinatura de Concursos<\/h3>\n\n\n\n<p>Assinatura de 1 ano ou 2 anos <a href=\"https:\/\/www.estrategiaconcursos.com.br\/assinaturas\/\" target=\"_blank\" >ASSINE AGORA<\/a><\/p>\n\n\n\n<p>Al\u00e9m disso, confira as vagas e oportunidades dos\u00a0<strong>concursos 2023<\/strong>\u00a0navegando atrav\u00e9s do \u00edndice abaixo:<\/p>\n\n\n\n<h2 class=\"wp-block-heading\" id=\"concursos-e-vagas-previstas-para-2023\">Concursos e vagas previstas para 2023:<\/h2>\n\n\n\n<p>Ademais, al\u00e9m deste resumo sobre quais Cargos p\u00fablicos que permitem advogar, confira:<\/p>\n\n\n\n<ul class=\"wp-block-list\">\n<li><a href=\"https:\/\/www.estrategiaconcursos.com.br\/blog\/concursos-2023\/#policial\">Concursos Policiais<\/a><\/li>\n\n\n\n<li><a href=\"https:\/\/www.estrategiaconcursos.com.br\/blog\/concursos-2023\/#fiscal\">Concursos Fiscais<\/a><\/li>\n\n\n\n<li><a href=\"https:\/\/www.estrategiaconcursos.com.br\/blog\/concursos-2023\/#controle\">Concursos Controle<\/a><\/li>\n\n\n\n<li><a href=\"https:\/\/www.estrategiaconcursos.com.br\/blog\/concursos-2023\/#tribunais\">Concursos Tribunais<\/a><\/li>\n\n\n\n<li><a href=\"https:\/\/www.estrategiaconcursos.com.br\/blog\/concursos-2023\/#ministerios-publicos\">Concursos em Minist\u00e9rios P\u00fablicos<\/a><\/li>\n\n\n\n<li><a href=\"https:\/\/www.estrategiaconcursos.com.br\/blog\/concursos-2023\/#defensorias-publicas\">Concursos em Defensorias<\/a><\/li>\n\n\n\n<li><a href=\"https:\/\/www.estrategiaconcursos.com.br\/blog\/concursos-2023\/#legislativa\">Concursos Legislativos<\/a><\/li>\n\n\n\n<li><a href=\"https:\/\/www.estrategiaconcursos.com.br\/blog\/concursos-2023\/#saude\">Concursos da \u00e1rea da Sa\u00fade<\/a><\/li>\n\n\n\n<li><a href=\"https:\/\/www.estrategiaconcursos.com.br\/blog\/concursos-2023\/#bancaria\">Concursos da \u00e1rea banc\u00e1ria<\/a><\/li>\n\n\n\n<li><a href=\"https:\/\/www.estrategiaconcursos.com.br\/blog\/concursos-2023\/#educacao\">Concursos da \u00e1rea da Educa\u00e7\u00e3o<\/a><\/li>\n\n\n\n<li><a href=\"https:\/\/www.estrategiaconcursos.com.br\/blog\/concursos-2023\/#prefeituras\">Concursos para Prefeituras<\/a><\/li>\n\n\n\n<li><a href=\"https:\/\/www.estrategiaconcursos.com.br\/blog\/concursos-2023\/#outros\">Concursos outras oportunidades<\/a><\/li>\n\n\n\n<li><a href=\"https:\/\/www.estrategiaconcursos.com.br\/blog\/concursos-2023\/#concursos-estado\">Concursos 2023 por Estado<\/a><\/li>\n<\/ul>\n\n\n\n<p class=\"has-text-align-center has-luminous-vivid-amber-background-color has-background\" style=\"font-size:22px\"><strong>Veja tamb\u00e9m: <a href=\"https:\/\/www.estrategiaconcursos.com.br\/blog\/concursos-abertos\/\" target=\"_blank\" >Concursos Abertos<\/a><\/strong><\/p>\n\n\n\n<p class=\"has-text-align-left\" style=\"font-size:25px\"><em><strong>Quer saber tudo sobre os concursos previstos? Confira nossos artigos completo<\/strong>s:<\/em><\/p>\n\n\n\n<p>Ademais, al\u00e9m deste resumo sobre quais Cargos p\u00fablicos que permitem advogar, confira:<\/p>\n\n\n\n<ul class=\"wp-block-list\">\n<li><a href=\"https:\/\/www.estrategiaconcursos.com.br\/blog\/concursos-2023\/\" target=\"_blank\" >Concursos 2023<\/a><\/li>\n<\/ul>\n","protected":false},"excerpt":{"rendered":"Fala, pessoal, tudo bem? Hoje vamos abordar o assunto acerca dos cargos p\u00fablicos que permitem que o servidor&hellip;\n","protected":false},"author":39,"featured_media":40247,"comment_status":"open","ping_status":"open","sticky":false,"template":"","format":"standard","meta":{"_jetpack_memberships_contains_paid_content":false,"footnotes":""},"categories":[1],"tags":[],"tax_estado":[30,31,32,33,34,35,36,37,38,39,40,41,42,43,44,45,46,47,48,49,50,51,52,53,54,55,56,57],"class_list":{"0":"post-40240","1":"post","2":"type-post","3":"status-publish","4":"format-standard","5":"has-post-thumbnail","7":"category-carreiras-juridicas","8":"tax_estado-ac","9":"tax_estado-al","10":"tax_estado-am","11":"tax_estado-ap","12":"tax_estado-ba","13":"tax_estado-ce","14":"tax_estado-concursos-federais","15":"tax_estado-df","16":"tax_estado-es","17":"tax_estado-go","18":"tax_estado-ma","19":"tax_estado-mg","20":"tax_estado-ms","21":"tax_estado-mt","22":"tax_estado-pa","23":"tax_estado-pb","24":"tax_estado-pe","25":"tax_estado-pi","26":"tax_estado-pr","27":"tax_estado-rj","28":"tax_estado-rn","29":"tax_estado-ro","30":"tax_estado-rr","31":"tax_estado-rs","32":"tax_estado-sc","33":"tax_estado-se","34":"tax_estado-sp","35":"tax_estado-to"},"acf":[],"yoast_head":"<!-- This site is optimized with the Yoast SEO Premium plugin v27.5 (Yoast SEO v27.5) - https:\/\/yoast.com\/product\/yoast-seo-premium-wordpress\/ -->\n<title>Cargos p\u00fablicos que permitem advogar<\/title>\n<meta name=\"description\" content=\"Confira neste artigo quais servidores, detentores de cargos p\u00fablicos, podem advogar, bem como os poss\u00edveis impedimentos e incompatibilidades.\" \/>\n<meta name=\"robots\" content=\"index, follow, max-snippet:-1, max-image-preview:large, max-video-preview:-1\" \/>\n<link rel=\"canonical\" href=\"https:\/\/cj.estrategia.com\/portal\/cargos-publicos-advogar\/\" \/>\n<meta property=\"og:locale\" content=\"pt_BR\" \/>\n<meta property=\"og:type\" content=\"article\" \/>\n<meta property=\"og:title\" content=\"Cargos p\u00fablicos que permitem advogar\" \/>\n<meta property=\"og:description\" content=\"Confira neste artigo quais servidores, detentores de cargos p\u00fablicos, podem advogar, bem como os poss\u00edveis impedimentos e incompatibilidades.\" \/>\n<meta property=\"og:url\" content=\"https:\/\/cj.estrategia.com\/portal\/cargos-publicos-advogar\/\" \/>\n<meta property=\"og:site_name\" content=\"Blog - Carreiras Jur\u00eddicas - Estrat\u00e9gia\" \/>\n<meta property=\"article:publisher\" content=\"https:\/\/www.facebook.com\/estrategiacarreirajuridica\/\" \/>\n<meta property=\"article:published_time\" content=\"2023-07-23T14:00:00+00:00\" \/>\n<meta property=\"og:image\" content=\"https:\/\/cj.estrategia.com\/portal\/wp-content\/uploads\/2023\/06\/30130236\/advogado-scaled.jpg\" \/>\n\t<meta property=\"og:image:width\" content=\"2560\" \/>\n\t<meta property=\"og:image:height\" content=\"1707\" \/>\n\t<meta property=\"og:image:type\" content=\"image\/jpeg\" \/>\n<meta name=\"author\" content=\"Frederico Tadeu Borlot Peixoto\" \/>\n<meta name=\"twitter:card\" content=\"summary_large_image\" \/>\n<meta name=\"twitter:creator\" content=\"@EstratJuridica\" \/>\n<meta name=\"twitter:site\" content=\"@EstratJuridica\" \/>\n<meta name=\"twitter:label1\" content=\"Escrito por\" \/>\n\t<meta name=\"twitter:data1\" content=\"Frederico Tadeu Borlot Peixoto\" \/>\n\t<meta name=\"twitter:label2\" content=\"Est. tempo de leitura\" \/>\n\t<meta name=\"twitter:data2\" content=\"11 minutos\" \/>\n<script type=\"application\/ld+json\" class=\"yoast-schema-graph\">{\"@context\":\"https:\\\/\\\/schema.org\",\"@graph\":[{\"@type\":\"NewsArticle\",\"@id\":\"https:\\\/\\\/cj.estrategia.com\\\/portal\\\/cargos-publicos-advogar\\\/#article\",\"isPartOf\":{\"@id\":\"https:\\\/\\\/cj.estrategia.com\\\/portal\\\/cargos-publicos-advogar\\\/\"},\"author\":{\"name\":\"Frederico Tadeu Borlot Peixoto\",\"@id\":\"https:\\\/\\\/cj.estrategia.com\\\/portal\\\/#\\\/schema\\\/person\\\/74287401cf4654f4fa04e378de7261ec\"},\"headline\":\"Cargos p\u00fablicos que permitem advogar\",\"datePublished\":\"2023-07-23T14:00:00+00:00\",\"mainEntityOfPage\":{\"@id\":\"https:\\\/\\\/cj.estrategia.com\\\/portal\\\/cargos-publicos-advogar\\\/\"},\"wordCount\":2186,\"commentCount\":0,\"publisher\":{\"@id\":\"https:\\\/\\\/cj.estrategia.com\\\/portal\\\/#organization\"},\"image\":{\"@id\":\"https:\\\/\\\/cj.estrategia.com\\\/portal\\\/cargos-publicos-advogar\\\/#primaryimage\"},\"thumbnailUrl\":\"https:\\\/\\\/cj.estrategia.com\\\/portal\\\/wp-content\\\/uploads\\\/2023\\\/06\\\/30130236\\\/advogado-scaled.jpg\",\"articleSection\":[\"Carreiras Jur\u00eddicas\"],\"inLanguage\":\"pt-BR\",\"potentialAction\":[{\"@type\":\"CommentAction\",\"name\":\"Comment\",\"target\":[\"https:\\\/\\\/cj.estrategia.com\\\/portal\\\/cargos-publicos-advogar\\\/#respond\"]}]},{\"@type\":\"WebPage\",\"@id\":\"https:\\\/\\\/cj.estrategia.com\\\/portal\\\/cargos-publicos-advogar\\\/\",\"url\":\"https:\\\/\\\/cj.estrategia.com\\\/portal\\\/cargos-publicos-advogar\\\/\",\"name\":\"Cargos p\u00fablicos que permitem advogar\",\"isPartOf\":{\"@id\":\"https:\\\/\\\/cj.estrategia.com\\\/portal\\\/#website\"},\"primaryImageOfPage\":{\"@id\":\"https:\\\/\\\/cj.estrategia.com\\\/portal\\\/cargos-publicos-advogar\\\/#primaryimage\"},\"image\":{\"@id\":\"https:\\\/\\\/cj.estrategia.com\\\/portal\\\/cargos-publicos-advogar\\\/#primaryimage\"},\"thumbnailUrl\":\"https:\\\/\\\/cj.estrategia.com\\\/portal\\\/wp-content\\\/uploads\\\/2023\\\/06\\\/30130236\\\/advogado-scaled.jpg\",\"datePublished\":\"2023-07-23T14:00:00+00:00\",\"description\":\"Confira neste artigo quais servidores, detentores de cargos p\u00fablicos, podem advogar, bem como os poss\u00edveis impedimentos e incompatibilidades.\",\"breadcrumb\":{\"@id\":\"https:\\\/\\\/cj.estrategia.com\\\/portal\\\/cargos-publicos-advogar\\\/#breadcrumb\"},\"inLanguage\":\"pt-BR\",\"potentialAction\":[{\"@type\":\"ReadAction\",\"target\":[\"https:\\\/\\\/cj.estrategia.com\\\/portal\\\/cargos-publicos-advogar\\\/\"]}]},{\"@type\":\"ImageObject\",\"inLanguage\":\"pt-BR\",\"@id\":\"https:\\\/\\\/cj.estrategia.com\\\/portal\\\/cargos-publicos-advogar\\\/#primaryimage\",\"url\":\"https:\\\/\\\/cj.estrategia.com\\\/portal\\\/wp-content\\\/uploads\\\/2023\\\/06\\\/30130236\\\/advogado-scaled.jpg\",\"contentUrl\":\"https:\\\/\\\/cj.estrategia.com\\\/portal\\\/wp-content\\\/uploads\\\/2023\\\/06\\\/30130236\\\/advogado-scaled.jpg\",\"width\":2560,\"height\":1707},{\"@type\":\"BreadcrumbList\",\"@id\":\"https:\\\/\\\/cj.estrategia.com\\\/portal\\\/cargos-publicos-advogar\\\/#breadcrumb\",\"itemListElement\":[{\"@type\":\"ListItem\",\"position\":1,\"name\":\"In\u00edcio\",\"item\":\"https:\\\/\\\/cj.estrategia.com\\\/portal\\\/\"},{\"@type\":\"ListItem\",\"position\":2,\"name\":\"Cargos p\u00fablicos que permitem advogar\"}]},{\"@type\":\"WebSite\",\"@id\":\"https:\\\/\\\/cj.estrategia.com\\\/portal\\\/#website\",\"url\":\"https:\\\/\\\/cj.estrategia.com\\\/portal\\\/\",\"name\":\"Blog - Carreiras Jur\u00eddicas - Estrat\u00e9gia\",\"description\":\"\",\"publisher\":{\"@id\":\"https:\\\/\\\/cj.estrategia.com\\\/portal\\\/#organization\"},\"potentialAction\":[{\"@type\":\"SearchAction\",\"target\":{\"@type\":\"EntryPoint\",\"urlTemplate\":\"https:\\\/\\\/cj.estrategia.com\\\/portal\\\/?s={search_term_string}\"},\"query-input\":{\"@type\":\"PropertyValueSpecification\",\"valueRequired\":true,\"valueName\":\"search_term_string\"}}],\"inLanguage\":\"pt-BR\"},{\"@type\":\"Organization\",\"@id\":\"https:\\\/\\\/cj.estrategia.com\\\/portal\\\/#organization\",\"name\":\"Estrat\u00e9gia - Carreiras Jur\u00eddicas\",\"url\":\"https:\\\/\\\/cj.estrategia.com\\\/portal\\\/\",\"logo\":{\"@type\":\"ImageObject\",\"inLanguage\":\"pt-BR\",\"@id\":\"https:\\\/\\\/cj.estrategia.com\\\/portal\\\/#\\\/schema\\\/logo\\\/image\\\/\",\"url\":\"https:\\\/\\\/cj.estrategia.com\\\/portal\\\/wp-content\\\/uploads\\\/2022\\\/03\\\/11151052\\\/cj-logo.png\",\"contentUrl\":\"https:\\\/\\\/cj.estrategia.com\\\/portal\\\/wp-content\\\/uploads\\\/2022\\\/03\\\/11151052\\\/cj-logo.png\",\"width\":150,\"height\":39,\"caption\":\"Estrat\u00e9gia - Carreiras Jur\u00eddicas\"},\"image\":{\"@id\":\"https:\\\/\\\/cj.estrategia.com\\\/portal\\\/#\\\/schema\\\/logo\\\/image\\\/\"},\"sameAs\":[\"https:\\\/\\\/www.facebook.com\\\/estrategiacarreirajuridica\\\/\",\"https:\\\/\\\/x.com\\\/EstratJuridica\",\"https:\\\/\\\/www.instagram.com\\\/estrategiacarreirajuridica\\\/\",\"https:\\\/\\\/www.youtube.com\\\/channel\\\/UClbMGuYbj2Mh1m3w144ETWQ\"]},{\"@type\":\"Person\",\"@id\":\"https:\\\/\\\/cj.estrategia.com\\\/portal\\\/#\\\/schema\\\/person\\\/74287401cf4654f4fa04e378de7261ec\",\"name\":\"Frederico Tadeu Borlot Peixoto\",\"image\":{\"@type\":\"ImageObject\",\"inLanguage\":\"pt-BR\",\"@id\":\"https:\\\/\\\/cj.estrategia.com\\\/portal\\\/wp-content\\\/uploads\\\/2023\\\/06\\\/29094204\\\/GBAY0702-96x96.jpg\",\"url\":\"https:\\\/\\\/cj.estrategia.com\\\/portal\\\/wp-content\\\/uploads\\\/2023\\\/06\\\/29094204\\\/GBAY0702-96x96.jpg\",\"contentUrl\":\"https:\\\/\\\/cj.estrategia.com\\\/portal\\\/wp-content\\\/uploads\\\/2023\\\/06\\\/29094204\\\/GBAY0702-96x96.jpg\",\"caption\":\"Frederico Tadeu Borlot Peixoto\"},\"description\":\"Analista Judici\u00e1rio - \u00c1rea Judici\u00e1ria do TRF da 4\u00aa regi\u00e3o. Bacharel em Direito. P\u00f3s-graduado em Direito Administrativo, Legisla\u00e7\u00e3o Penal Especial, Direito Penal e Direito Processual Penal. Tamb\u00e9m nomeado no TRF da 3\u00aa regi\u00e3o (8\u00ba lugar); SPPREV (3\u00ba lugar); IFES (2\u00ba lugar); e PMES. https:\\\/\\\/www.instagram.com\\\/proffrederico\\\/\",\"sameAs\":[\"https:\\\/\\\/www.instagram.com\\\/proffrederico\\\/\"],\"url\":\"https:\\\/\\\/cj.estrategia.com\\\/portal\\\/author\\\/xfrederico\\\/\"}]}<\/script>\n<!-- \/ Yoast SEO Premium plugin. -->","yoast_head_json":{"title":"Cargos p\u00fablicos que permitem advogar","description":"Confira neste artigo quais servidores, detentores de cargos p\u00fablicos, podem advogar, bem como os poss\u00edveis impedimentos e incompatibilidades.","robots":{"index":"index","follow":"follow","max-snippet":"max-snippet:-1","max-image-preview":"max-image-preview:large","max-video-preview":"max-video-preview:-1"},"canonical":"https:\/\/cj.estrategia.com\/portal\/cargos-publicos-advogar\/","og_locale":"pt_BR","og_type":"article","og_title":"Cargos p\u00fablicos que permitem advogar","og_description":"Confira neste artigo quais servidores, detentores de cargos p\u00fablicos, podem advogar, bem como os poss\u00edveis impedimentos e incompatibilidades.","og_url":"https:\/\/cj.estrategia.com\/portal\/cargos-publicos-advogar\/","og_site_name":"Blog - Carreiras Jur\u00eddicas - Estrat\u00e9gia","article_publisher":"https:\/\/www.facebook.com\/estrategiacarreirajuridica\/","article_published_time":"2023-07-23T14:00:00+00:00","og_image":[{"width":2560,"height":1707,"url":"https:\/\/cj.estrategia.com\/portal\/wp-content\/uploads\/2023\/06\/30130236\/advogado-scaled.jpg","type":"image\/jpeg"}],"author":"Frederico Tadeu Borlot Peixoto","twitter_card":"summary_large_image","twitter_creator":"@EstratJuridica","twitter_site":"@EstratJuridica","twitter_misc":{"Escrito por":"Frederico Tadeu Borlot Peixoto","Est. tempo de leitura":"11 minutos"},"schema":{"@context":"https:\/\/schema.org","@graph":[{"@type":"NewsArticle","@id":"https:\/\/cj.estrategia.com\/portal\/cargos-publicos-advogar\/#article","isPartOf":{"@id":"https:\/\/cj.estrategia.com\/portal\/cargos-publicos-advogar\/"},"author":{"name":"Frederico Tadeu Borlot Peixoto","@id":"https:\/\/cj.estrategia.com\/portal\/#\/schema\/person\/74287401cf4654f4fa04e378de7261ec"},"headline":"Cargos p\u00fablicos que permitem advogar","datePublished":"2023-07-23T14:00:00+00:00","mainEntityOfPage":{"@id":"https:\/\/cj.estrategia.com\/portal\/cargos-publicos-advogar\/"},"wordCount":2186,"commentCount":0,"publisher":{"@id":"https:\/\/cj.estrategia.com\/portal\/#organization"},"image":{"@id":"https:\/\/cj.estrategia.com\/portal\/cargos-publicos-advogar\/#primaryimage"},"thumbnailUrl":"https:\/\/cj.estrategia.com\/portal\/wp-content\/uploads\/2023\/06\/30130236\/advogado-scaled.jpg","articleSection":["Carreiras Jur\u00eddicas"],"inLanguage":"pt-BR","potentialAction":[{"@type":"CommentAction","name":"Comment","target":["https:\/\/cj.estrategia.com\/portal\/cargos-publicos-advogar\/#respond"]}]},{"@type":"WebPage","@id":"https:\/\/cj.estrategia.com\/portal\/cargos-publicos-advogar\/","url":"https:\/\/cj.estrategia.com\/portal\/cargos-publicos-advogar\/","name":"Cargos p\u00fablicos que permitem advogar","isPartOf":{"@id":"https:\/\/cj.estrategia.com\/portal\/#website"},"primaryImageOfPage":{"@id":"https:\/\/cj.estrategia.com\/portal\/cargos-publicos-advogar\/#primaryimage"},"image":{"@id":"https:\/\/cj.estrategia.com\/portal\/cargos-publicos-advogar\/#primaryimage"},"thumbnailUrl":"https:\/\/cj.estrategia.com\/portal\/wp-content\/uploads\/2023\/06\/30130236\/advogado-scaled.jpg","datePublished":"2023-07-23T14:00:00+00:00","description":"Confira neste artigo quais servidores, detentores de cargos p\u00fablicos, podem advogar, bem como os poss\u00edveis impedimentos e incompatibilidades.","breadcrumb":{"@id":"https:\/\/cj.estrategia.com\/portal\/cargos-publicos-advogar\/#breadcrumb"},"inLanguage":"pt-BR","potentialAction":[{"@type":"ReadAction","target":["https:\/\/cj.estrategia.com\/portal\/cargos-publicos-advogar\/"]}]},{"@type":"ImageObject","inLanguage":"pt-BR","@id":"https:\/\/cj.estrategia.com\/portal\/cargos-publicos-advogar\/#primaryimage","url":"https:\/\/cj.estrategia.com\/portal\/wp-content\/uploads\/2023\/06\/30130236\/advogado-scaled.jpg","contentUrl":"https:\/\/cj.estrategia.com\/portal\/wp-content\/uploads\/2023\/06\/30130236\/advogado-scaled.jpg","width":2560,"height":1707},{"@type":"BreadcrumbList","@id":"https:\/\/cj.estrategia.com\/portal\/cargos-publicos-advogar\/#breadcrumb","itemListElement":[{"@type":"ListItem","position":1,"name":"In\u00edcio","item":"https:\/\/cj.estrategia.com\/portal\/"},{"@type":"ListItem","position":2,"name":"Cargos p\u00fablicos que permitem advogar"}]},{"@type":"WebSite","@id":"https:\/\/cj.estrategia.com\/portal\/#website","url":"https:\/\/cj.estrategia.com\/portal\/","name":"Blog - Carreiras Jur\u00eddicas - Estrat\u00e9gia","description":"","publisher":{"@id":"https:\/\/cj.estrategia.com\/portal\/#organization"},"potentialAction":[{"@type":"SearchAction","target":{"@type":"EntryPoint","urlTemplate":"https:\/\/cj.estrategia.com\/portal\/?s={search_term_string}"},"query-input":{"@type":"PropertyValueSpecification","valueRequired":true,"valueName":"search_term_string"}}],"inLanguage":"pt-BR"},{"@type":"Organization","@id":"https:\/\/cj.estrategia.com\/portal\/#organization","name":"Estrat\u00e9gia - Carreiras Jur\u00eddicas","url":"https:\/\/cj.estrategia.com\/portal\/","logo":{"@type":"ImageObject","inLanguage":"pt-BR","@id":"https:\/\/cj.estrategia.com\/portal\/#\/schema\/logo\/image\/","url":"https:\/\/cj.estrategia.com\/portal\/wp-content\/uploads\/2022\/03\/11151052\/cj-logo.png","contentUrl":"https:\/\/cj.estrategia.com\/portal\/wp-content\/uploads\/2022\/03\/11151052\/cj-logo.png","width":150,"height":39,"caption":"Estrat\u00e9gia - Carreiras Jur\u00eddicas"},"image":{"@id":"https:\/\/cj.estrategia.com\/portal\/#\/schema\/logo\/image\/"},"sameAs":["https:\/\/www.facebook.com\/estrategiacarreirajuridica\/","https:\/\/x.com\/EstratJuridica","https:\/\/www.instagram.com\/estrategiacarreirajuridica\/","https:\/\/www.youtube.com\/channel\/UClbMGuYbj2Mh1m3w144ETWQ"]},{"@type":"Person","@id":"https:\/\/cj.estrategia.com\/portal\/#\/schema\/person\/74287401cf4654f4fa04e378de7261ec","name":"Frederico Tadeu Borlot Peixoto","image":{"@type":"ImageObject","inLanguage":"pt-BR","@id":"https:\/\/cj.estrategia.com\/portal\/wp-content\/uploads\/2023\/06\/29094204\/GBAY0702-96x96.jpg","url":"https:\/\/cj.estrategia.com\/portal\/wp-content\/uploads\/2023\/06\/29094204\/GBAY0702-96x96.jpg","contentUrl":"https:\/\/cj.estrategia.com\/portal\/wp-content\/uploads\/2023\/06\/29094204\/GBAY0702-96x96.jpg","caption":"Frederico Tadeu Borlot Peixoto"},"description":"Analista Judici\u00e1rio - \u00c1rea Judici\u00e1ria do TRF da 4\u00aa regi\u00e3o. Bacharel em Direito. P\u00f3s-graduado em Direito Administrativo, Legisla\u00e7\u00e3o Penal Especial, Direito Penal e Direito Processual Penal. Tamb\u00e9m nomeado no TRF da 3\u00aa regi\u00e3o (8\u00ba lugar); SPPREV (3\u00ba lugar); IFES (2\u00ba lugar); e PMES. https:\/\/www.instagram.com\/proffrederico\/","sameAs":["https:\/\/www.instagram.com\/proffrederico\/"],"url":"https:\/\/cj.estrategia.com\/portal\/author\/xfrederico\/"}]}},"jetpack_featured_media_url":"https:\/\/cj.estrategia.com\/portal\/wp-content\/uploads\/2023\/06\/30130236\/advogado-scaled.jpg","jetpack_sharing_enabled":true,"_links":{"self":[{"href":"https:\/\/cj.estrategia.com\/portal\/wp-json\/wp\/v2\/posts\/40240","targetHints":{"allow":["GET"]}}],"collection":[{"href":"https:\/\/cj.estrategia.com\/portal\/wp-json\/wp\/v2\/posts"}],"about":[{"href":"https:\/\/cj.estrategia.com\/portal\/wp-json\/wp\/v2\/types\/post"}],"author":[{"embeddable":true,"href":"https:\/\/cj.estrategia.com\/portal\/wp-json\/wp\/v2\/users\/39"}],"replies":[{"embeddable":true,"href":"https:\/\/cj.estrategia.com\/portal\/wp-json\/wp\/v2\/comments?post=40240"}],"version-history":[{"count":0,"href":"https:\/\/cj.estrategia.com\/portal\/wp-json\/wp\/v2\/posts\/40240\/revisions"}],"wp:featuredmedia":[{"embeddable":true,"href":"https:\/\/cj.estrategia.com\/portal\/wp-json\/wp\/v2\/media\/40247"}],"wp:attachment":[{"href":"https:\/\/cj.estrategia.com\/portal\/wp-json\/wp\/v2\/media?parent=40240"}],"wp:term":[{"taxonomy":"category","embeddable":true,"href":"https:\/\/cj.estrategia.com\/portal\/wp-json\/wp\/v2\/categories?post=40240"},{"taxonomy":"post_tag","embeddable":true,"href":"https:\/\/cj.estrategia.com\/portal\/wp-json\/wp\/v2\/tags?post=40240"},{"taxonomy":"tax_estado","embeddable":true,"href":"https:\/\/cj.estrategia.com\/portal\/wp-json\/wp\/v2\/tax_estado?post=40240"}],"curies":[{"name":"wp","href":"https:\/\/api.w.org\/{rel}","templated":true}]}}