{"id":39696,"date":"2023-07-01T10:14:00","date_gmt":"2023-07-01T13:14:00","guid":{"rendered":"https:\/\/cj.estrategia.com\/portal\/?p=39696"},"modified":"2023-07-03T10:09:39","modified_gmt":"2023-07-03T13:09:39","slug":"revisao-de-vespera-promotor-sp","status":"publish","type":"post","link":"https:\/\/cj.estrategia.com\/portal\/revisao-de-vespera-promotor-sp\/","title":{"rendered":"Reforce sua prepara\u00e7\u00e3o com a Revis\u00e3o de V\u00e9spera Promotor SP"},"content":{"rendered":"\n<p>Concurseiro, essa \u00e9 a \u00faltima chance de tirar d\u00favidas, ganhar dicas e repassar os conte\u00fados com os melhores professores do mercado. <\/p>\n\n\n\n<p>Acontece no s\u00e1bado, 8 de julho, a partir das 7h, a Revis\u00e3o de V\u00e9spera do concurso MP SP Promotor. <\/p>\n\n\n\n<p><strong>Confira abaixo:<\/strong><\/p>\n\n\n\n<h3 class=\"wp-block-heading\" id=\"h-revisao-de-vespera-mp-sp-promotor-cronograma\"><span id=\"revisao-de-vespera-mp-sp-promotor-cronograma\">Revis\u00e3o de V\u00e9spera MP SP Promotor &#8211; Cronograma<\/span><\/h3>\n\n\n\n<ul class=\"wp-block-list\">\n<li>Data: 08\/07\/2023<\/li>\n<\/ul>\n\n\n\n<figure class=\"wp-block-table is-style-stripes\"><table class=\"has-pale-pink-background-color has-background\"><tbody><tr><td class=\"has-text-align-center\" data-align=\"center\">Hor\u00e1rio<\/td><td class=\"has-text-align-center\" data-align=\"center\">Disciplina<\/td><td class=\"has-text-align-center\" data-align=\"center\">Professor<\/td><\/tr><tr><td class=\"has-text-align-center\" data-align=\"center\">07:00<\/td><td class=\"has-text-align-center\" data-align=\"center\">Direito Processual Penal<\/td><td class=\"has-text-align-center\" data-align=\"center\">Guilherme Rezende<\/td><\/tr><tr><td class=\"has-text-align-center\" data-align=\"center\">08:00<\/td><td class=\"has-text-align-center\" data-align=\"center\">Direito da Inf\u00e2ncia e da Juventude<\/td><td class=\"has-text-align-center\" data-align=\"center\">Alex Fadel<\/td><\/tr><tr><td class=\"has-text-align-center\" data-align=\"center\">09:00<\/td><td class=\"has-text-align-center\" data-align=\"center\">Direito Administrativo<\/td><td class=\"has-text-align-center\" data-align=\"center\">Rodolfo Penna<\/td><\/tr><tr><td class=\"has-text-align-center\" data-align=\"center\">10:00<\/td><td class=\"has-text-align-center\" data-align=\"center\">Tutela de Interesses Difusos, Coletivos e Individuais Homog\u00eaneos<\/td><td class=\"has-text-align-center\" data-align=\"center\">Henrique da Rosa<\/td><\/tr><tr><td class=\"has-text-align-center\" data-align=\"center\">11:00<\/td><td class=\"has-text-align-center\" data-align=\"center\">Legisla\u00e7\u00e3o Institucional<\/td><td class=\"has-text-align-center\" data-align=\"center\">Henrique da Rosa<\/td><\/tr><tr><td class=\"has-text-align-center\" data-align=\"center\">12:00<\/td><td class=\"has-text-align-center\" data-align=\"center\">Direito Penal<\/td><td class=\"has-text-align-center\" data-align=\"center\">Michael Procopio<\/td><\/tr><tr><td class=\"has-text-align-center\" data-align=\"center\">13:00<\/td><td class=\"has-text-align-center\" data-align=\"center\">Direito Constitucional<\/td><td class=\"has-text-align-center\" data-align=\"center\">Nelma Fontana<\/td><\/tr><tr><td class=\"has-text-align-center\" data-align=\"center\">14:00<\/td><td class=\"has-text-align-center\" data-align=\"center\">Direito Eleitoral<\/td><td class=\"has-text-align-center\" data-align=\"center\">Leonardo Fernandes<\/td><\/tr><tr><td class=\"has-text-align-center\" data-align=\"center\">15:00<\/td><td class=\"has-text-align-center\" data-align=\"center\">Direito Civil<\/td><td class=\"has-text-align-center\" data-align=\"center\">Paulo Souza<\/td><\/tr><tr><td class=\"has-text-align-center\" data-align=\"center\">16:00<\/td><td class=\"has-text-align-center\" data-align=\"center\">Direito Comercial e Empresarial<\/td><td class=\"has-text-align-center\" data-align=\"center\">Alessandro Sanchez<\/td><\/tr><tr><td class=\"has-text-align-center\" data-align=\"center\">17:00<\/td><td class=\"has-text-align-center\" data-align=\"center\">Direito Processual Civil<\/td><td class=\"has-text-align-center\" data-align=\"center\">Rodrigo Vaslin<\/td><\/tr><tr><td class=\"has-text-align-center\" data-align=\"center\">18:00<\/td><td class=\"has-text-align-center\" data-align=\"center\">Direitos Humanos<\/td><td class=\"has-text-align-center\" data-align=\"center\">Rafaela Barreto<\/td><\/tr><\/tbody><\/table><\/figure>\n\n\n\n<h3 id=\"revisao-de-vespera-mp-sp-promotor-evento-ao-vivo\" class=\"wp-block-heading\">Revis\u00e3o de V\u00e9spera MP SP Promotor &#8211; Evento ao vivo <\/h3>\n\n\n\n<p class=\"has-text-align-center has-very-light-gray-to-cyan-bluish-gray-gradient-background has-background has-medium-font-size\">MP SP &#8211; <a href=\"https:\/\/www.youtube.com\/channel\/UClbMGuYbj2Mh1m3w144ETWQ\" target=\"_blank\" >ASSISTA AO VIVO <\/a><\/p>\n\n\n\n<h3 id=\"revisao-de-vespera-mp-sp-promotor-curiosidades\" class=\"wp-block-heading\">Revis\u00e3o de V\u00e9spera MP SP Promotor &#8211; Curiosidades<\/h3>\n\n\n\n<p>A prova preambular do concurso MP SP Promotor conta com 100 quest\u00f5es objetivas com cinco alternativas, com dura\u00e7\u00e3o m\u00e1xima de 5 horas, n\u00e3o sendo admitida nenhuma forma de consulta.<\/p>\n\n\n\n<p>Confira abaixo a distribui\u00e7\u00e3o de quest\u00f5es por disciplina:<\/p>\n\n\n\n<p>I \u2013 Direito Penal: 15 (quinze) quest\u00f5es;<br>II \u2013 Direito Processual Penal: 12 (doze) quest\u00f5es;<br>III \u2013 Direito Civil: 10 (dez) quest\u00f5es;<br>IV \u2013 Direito Processual Civil: 10 (dez) quest\u00f5es;<br>V \u2013 Direito Constitucional: 12 (doze) quest\u00f5es;<br>VI \u2013 Direito da Inf\u00e2ncia e da Juventude: 06 (seis) quest\u00f5es;<br>VII \u2013 Direito Comercial e Empresarial: 04 (quatro) quest\u00f5es;<br>VIII \u2013 Tutela de Interesses Difusos, Coletivos e Individuais Homog\u00eaneos: 14 (quatorze) quest\u00f5es;<br>IX \u2013 Direitos Humanos: 04 (quatro) quest\u00f5es;<br>X \u2013 Direito Administrativo: 10 (dez) quest\u00f5es;<br>XI \u2013 Direito Eleitoral: 03 (tr\u00eas) quest\u00f5es.<\/p>\n\n\n\n<p><\/p>\n\n\n\n<p class=\"has-text-align-center has-luminous-vivid-amber-background-color has-background has-medium-font-size\"><strong>Saiba mais: <a href=\"https:\/\/cj.estrategia.com\/portal\/concurso-mp-sp-promotor\/\" target=\"_blank\" >Concurso MP SP Promotor<\/a><\/strong><\/p>\n\n\n\n<h2 class=\"wp-block-heading has-text-align-center\" id=\"cursos\"><span id=\"quer-saber-tudo-sobre-concursos-previstosconfira-nossos-artigos\">Quer saber tudo sobre concursos previstos?<br><strong>Confira nossos artigos!<\/strong><\/span><\/h2>\n\n\n\n\n\n<h2 class=\"wp-block-heading has-text-align-center\" id=\"cursos-mp-sp\"><span id=\"prepare-se-para-o-concurso-mp-sp-promotor\">Prepare-se para o concurso MP SP Promotor<\/span><\/h2>\n\n\n\n\n\n<div class=\"wp-block-cover\" style=\"min-height:155px;aspect-ratio:unset;\"><img decoding=\"async\" width=\"1890\" height=\"351\" class=\"wp-block-cover__image-background wp-image-8669\" alt=\"Assinaturas Jur\u00eddicas\" src=\"https:\/\/cj.estrategia.com\/portal\/wp-content\/uploads\/2022\/06\/20151253\/concurso-carreiras-juridicas-assinatura-juridica.jpg\" style=\"object-position:78% 43%\" data-object-fit=\"cover\" data-object-position=\"78% 43%\" srcset=\"https:\/\/cj.estrategia.com\/portal\/wp-content\/uploads\/2022\/06\/20151253\/concurso-carreiras-juridicas-assinatura-juridica.jpg 1890w, https:\/\/cj.estrategia.com\/portal\/wp-content\/uploads\/2022\/06\/20151253\/concurso-carreiras-juridicas-assinatura-juridica-300x56.jpg 300w, https:\/\/cj.estrategia.com\/portal\/wp-content\/uploads\/2022\/06\/20151253\/concurso-carreiras-juridicas-assinatura-juridica-1024x190.jpg 1024w, https:\/\/cj.estrategia.com\/portal\/wp-content\/uploads\/2022\/06\/20151253\/concurso-carreiras-juridicas-assinatura-juridica-768x143.jpg 768w, https:\/\/cj.estrategia.com\/portal\/wp-content\/uploads\/2022\/06\/20151253\/concurso-carreiras-juridicas-assinatura-juridica-1536x285.jpg 1536w, https:\/\/cj.estrategia.com\/portal\/wp-content\/uploads\/2022\/06\/20151253\/concurso-carreiras-juridicas-assinatura-juridica-380x71.jpg 380w, https:\/\/cj.estrategia.com\/portal\/wp-content\/uploads\/2022\/06\/20151253\/concurso-carreiras-juridicas-assinatura-juridica-800x149.jpg 800w, https:\/\/cj.estrategia.com\/portal\/wp-content\/uploads\/2022\/06\/20151253\/concurso-carreiras-juridicas-assinatura-juridica-1160x215.jpg 1160w\" sizes=\"(max-width: 1890px) 100vw, 1890px\" \/><span aria-hidden=\"true\" class=\"wp-block-cover__background has-background-dim\"><\/span><div class=\"wp-block-cover__inner-container is-layout-flow wp-block-cover-is-layout-flow\">\n<h3 id=\"faca-a-sua-assinatura\" class=\"titulo-assinatura\"><span style=\"color: #ffffff;\">Fa\u00e7a a sua assinatura!<\/span><\/h3>\n<p class=\"subtitulo-assinatura\" style=\"display:block!important; line-height: 0;\"><span style=\"color: #ffffff;\">Escolha a sua \u00e1rea.<\/span><\/p>\n<a target=\"_blank\" href=\"https:\/\/www.estrategiaconcursos.com.br\/assinaturas-ecj\/\" rel=\"noopener\"><button style=\"border-radius: 10px; text-transform: capitalize;\">Acessar<\/button><\/a>\n<\/div><\/div>\n","protected":false},"excerpt":{"rendered":"Concurseiro, essa \u00e9 a \u00faltima chance de tirar d\u00favidas, ganhar dicas e repassar os conte\u00fados com os melhores&hellip;\n","protected":false},"author":12,"featured_media":30902,"comment_status":"open","ping_status":"open","sticky":false,"template":"","format":"standard","meta":{"_jetpack_memberships_contains_paid_content":false,"footnotes":""},"categories":[1],"tags":[],"tax_estado":[56],"class_list":{"0":"post-39696","1":"post","2":"type-post","3":"status-publish","4":"format-standard","5":"has-post-thumbnail","7":"category-carreiras-juridicas","8":"tax_estado-sp"},"acf":[],"yoast_head":"<!-- This site is optimized with the Yoast SEO Premium plugin v27.4 (Yoast SEO v27.4) - https:\/\/yoast.com\/product\/yoast-seo-premium-wordpress\/ -->\n<title>Reforce sua prepara\u00e7\u00e3o com a Revis\u00e3o de V\u00e9spera Promotor SP<\/title>\n<meta name=\"description\" content=\"Revis\u00e3o de V\u00e9spera Promotor SP, 08 de julho, a partir das 7h. Saiba mais neste artigo.\" \/>\n<meta name=\"robots\" content=\"index, follow, max-snippet:-1, max-image-preview:large, max-video-preview:-1\" \/>\n<link rel=\"canonical\" href=\"https:\/\/cj.estrategia.com\/portal\/revisao-de-vespera-promotor-sp\/\" \/>\n<meta property=\"og:locale\" content=\"pt_BR\" \/>\n<meta property=\"og:type\" content=\"article\" \/>\n<meta property=\"og:title\" content=\"Reforce sua prepara\u00e7\u00e3o com a Revis\u00e3o de V\u00e9spera Promotor SP\" \/>\n<meta property=\"og:description\" content=\"Revis\u00e3o de V\u00e9spera Promotor SP, 08 de julho, a partir das 7h. Saiba mais neste artigo.\" \/>\n<meta property=\"og:url\" content=\"https:\/\/cj.estrategia.com\/portal\/revisao-de-vespera-promotor-sp\/\" \/>\n<meta property=\"og:site_name\" content=\"Blog - Carreiras Jur\u00eddicas - Estrat\u00e9gia\" \/>\n<meta property=\"article:publisher\" content=\"https:\/\/www.facebook.com\/estrategiacarreirajuridica\/\" \/>\n<meta property=\"article:published_time\" content=\"2023-07-01T13:14:00+00:00\" \/>\n<meta property=\"article:modified_time\" content=\"2023-07-03T13:09:39+00:00\" \/>\n<meta property=\"og:image\" content=\"https:\/\/cj.estrategia.com\/portal\/wp-content\/uploads\/2023\/02\/07142359\/concurso-mp-sp-promotor-estado-de-sao-paulo-1.jpg\" \/>\n\t<meta property=\"og:image:width\" content=\"960\" \/>\n\t<meta property=\"og:image:height\" content=\"540\" \/>\n\t<meta property=\"og:image:type\" content=\"image\/jpeg\" \/>\n<meta name=\"author\" content=\"Coordena\u00e7\u00e3o\" \/>\n<meta name=\"twitter:card\" content=\"summary_large_image\" \/>\n<meta name=\"twitter:creator\" content=\"@EstratJuridica\" \/>\n<meta name=\"twitter:site\" content=\"@EstratJuridica\" \/>\n<meta name=\"twitter:label1\" content=\"Escrito por\" \/>\n\t<meta name=\"twitter:data1\" content=\"Coordena\u00e7\u00e3o\" \/>\n\t<meta name=\"twitter:label2\" content=\"Est. tempo de leitura\" \/>\n\t<meta name=\"twitter:data2\" content=\"2 minutos\" \/>\n<script type=\"application\/ld+json\" class=\"yoast-schema-graph\">{\"@context\":\"https:\\\/\\\/schema.org\",\"@graph\":[{\"@type\":\"NewsArticle\",\"@id\":\"https:\\\/\\\/cj.estrategia.com\\\/portal\\\/revisao-de-vespera-promotor-sp\\\/#article\",\"isPartOf\":{\"@id\":\"https:\\\/\\\/cj.estrategia.com\\\/portal\\\/revisao-de-vespera-promotor-sp\\\/\"},\"author\":{\"name\":\"Coordena\u00e7\u00e3o\",\"@id\":\"https:\\\/\\\/cj.estrategia.com\\\/portal\\\/#\\\/schema\\\/person\\\/4d70317d31449932b99102916b6637f5\"},\"headline\":\"Reforce sua prepara\u00e7\u00e3o com a Revis\u00e3o de V\u00e9spera Promotor SP\",\"datePublished\":\"2023-07-01T13:14:00+00:00\",\"dateModified\":\"2023-07-03T13:09:39+00:00\",\"mainEntityOfPage\":{\"@id\":\"https:\\\/\\\/cj.estrategia.com\\\/portal\\\/revisao-de-vespera-promotor-sp\\\/\"},\"wordCount\":314,\"commentCount\":0,\"publisher\":{\"@id\":\"https:\\\/\\\/cj.estrategia.com\\\/portal\\\/#organization\"},\"image\":{\"@id\":\"https:\\\/\\\/cj.estrategia.com\\\/portal\\\/revisao-de-vespera-promotor-sp\\\/#primaryimage\"},\"thumbnailUrl\":\"https:\\\/\\\/cj.estrategia.com\\\/portal\\\/wp-content\\\/uploads\\\/2023\\\/02\\\/07142359\\\/concurso-mp-sp-promotor-estado-de-sao-paulo-1.jpg\",\"articleSection\":[\"Carreiras Jur\u00eddicas\"],\"inLanguage\":\"pt-BR\",\"potentialAction\":[{\"@type\":\"CommentAction\",\"name\":\"Comment\",\"target\":[\"https:\\\/\\\/cj.estrategia.com\\\/portal\\\/revisao-de-vespera-promotor-sp\\\/#respond\"]}]},{\"@type\":\"WebPage\",\"@id\":\"https:\\\/\\\/cj.estrategia.com\\\/portal\\\/revisao-de-vespera-promotor-sp\\\/\",\"url\":\"https:\\\/\\\/cj.estrategia.com\\\/portal\\\/revisao-de-vespera-promotor-sp\\\/\",\"name\":\"Reforce sua prepara\u00e7\u00e3o com a Revis\u00e3o de V\u00e9spera Promotor SP\",\"isPartOf\":{\"@id\":\"https:\\\/\\\/cj.estrategia.com\\\/portal\\\/#website\"},\"primaryImageOfPage\":{\"@id\":\"https:\\\/\\\/cj.estrategia.com\\\/portal\\\/revisao-de-vespera-promotor-sp\\\/#primaryimage\"},\"image\":{\"@id\":\"https:\\\/\\\/cj.estrategia.com\\\/portal\\\/revisao-de-vespera-promotor-sp\\\/#primaryimage\"},\"thumbnailUrl\":\"https:\\\/\\\/cj.estrategia.com\\\/portal\\\/wp-content\\\/uploads\\\/2023\\\/02\\\/07142359\\\/concurso-mp-sp-promotor-estado-de-sao-paulo-1.jpg\",\"datePublished\":\"2023-07-01T13:14:00+00:00\",\"dateModified\":\"2023-07-03T13:09:39+00:00\",\"description\":\"Revis\u00e3o de V\u00e9spera Promotor SP, 08 de julho, a partir das 7h. Saiba mais neste artigo.\",\"breadcrumb\":{\"@id\":\"https:\\\/\\\/cj.estrategia.com\\\/portal\\\/revisao-de-vespera-promotor-sp\\\/#breadcrumb\"},\"inLanguage\":\"pt-BR\",\"potentialAction\":[{\"@type\":\"ReadAction\",\"target\":[\"https:\\\/\\\/cj.estrategia.com\\\/portal\\\/revisao-de-vespera-promotor-sp\\\/\"]}]},{\"@type\":\"ImageObject\",\"inLanguage\":\"pt-BR\",\"@id\":\"https:\\\/\\\/cj.estrategia.com\\\/portal\\\/revisao-de-vespera-promotor-sp\\\/#primaryimage\",\"url\":\"https:\\\/\\\/cj.estrategia.com\\\/portal\\\/wp-content\\\/uploads\\\/2023\\\/02\\\/07142359\\\/concurso-mp-sp-promotor-estado-de-sao-paulo-1.jpg\",\"contentUrl\":\"https:\\\/\\\/cj.estrategia.com\\\/portal\\\/wp-content\\\/uploads\\\/2023\\\/02\\\/07142359\\\/concurso-mp-sp-promotor-estado-de-sao-paulo-1.jpg\",\"width\":960,\"height\":540},{\"@type\":\"BreadcrumbList\",\"@id\":\"https:\\\/\\\/cj.estrategia.com\\\/portal\\\/revisao-de-vespera-promotor-sp\\\/#breadcrumb\",\"itemListElement\":[{\"@type\":\"ListItem\",\"position\":1,\"name\":\"In\u00edcio\",\"item\":\"https:\\\/\\\/cj.estrategia.com\\\/portal\\\/\"},{\"@type\":\"ListItem\",\"position\":2,\"name\":\"Reforce sua prepara\u00e7\u00e3o com a Revis\u00e3o de V\u00e9spera Promotor SP\"}]},{\"@type\":\"WebSite\",\"@id\":\"https:\\\/\\\/cj.estrategia.com\\\/portal\\\/#website\",\"url\":\"https:\\\/\\\/cj.estrategia.com\\\/portal\\\/\",\"name\":\"Blog - Carreiras Jur\u00eddicas - Estrat\u00e9gia\",\"description\":\"\",\"publisher\":{\"@id\":\"https:\\\/\\\/cj.estrategia.com\\\/portal\\\/#organization\"},\"potentialAction\":[{\"@type\":\"SearchAction\",\"target\":{\"@type\":\"EntryPoint\",\"urlTemplate\":\"https:\\\/\\\/cj.estrategia.com\\\/portal\\\/?s={search_term_string}\"},\"query-input\":{\"@type\":\"PropertyValueSpecification\",\"valueRequired\":true,\"valueName\":\"search_term_string\"}}],\"inLanguage\":\"pt-BR\"},{\"@type\":\"Organization\",\"@id\":\"https:\\\/\\\/cj.estrategia.com\\\/portal\\\/#organization\",\"name\":\"Estrat\u00e9gia - Carreiras Jur\u00eddicas\",\"url\":\"https:\\\/\\\/cj.estrategia.com\\\/portal\\\/\",\"logo\":{\"@type\":\"ImageObject\",\"inLanguage\":\"pt-BR\",\"@id\":\"https:\\\/\\\/cj.estrategia.com\\\/portal\\\/#\\\/schema\\\/logo\\\/image\\\/\",\"url\":\"https:\\\/\\\/cj.estrategia.com\\\/portal\\\/wp-content\\\/uploads\\\/2022\\\/03\\\/11151052\\\/cj-logo.png\",\"contentUrl\":\"https:\\\/\\\/cj.estrategia.com\\\/portal\\\/wp-content\\\/uploads\\\/2022\\\/03\\\/11151052\\\/cj-logo.png\",\"width\":150,\"height\":39,\"caption\":\"Estrat\u00e9gia - Carreiras Jur\u00eddicas\"},\"image\":{\"@id\":\"https:\\\/\\\/cj.estrategia.com\\\/portal\\\/#\\\/schema\\\/logo\\\/image\\\/\"},\"sameAs\":[\"https:\\\/\\\/www.facebook.com\\\/estrategiacarreirajuridica\\\/\",\"https:\\\/\\\/x.com\\\/EstratJuridica\",\"https:\\\/\\\/www.instagram.com\\\/estrategiacarreirajuridica\\\/\",\"https:\\\/\\\/www.youtube.com\\\/channel\\\/UClbMGuYbj2Mh1m3w144ETWQ\"]},{\"@type\":\"Person\",\"@id\":\"https:\\\/\\\/cj.estrategia.com\\\/portal\\\/#\\\/schema\\\/person\\\/4d70317d31449932b99102916b6637f5\",\"name\":\"Coordena\u00e7\u00e3o\",\"image\":{\"@type\":\"ImageObject\",\"inLanguage\":\"pt-BR\",\"@id\":\"https:\\\/\\\/cj.estrategia.com\\\/portal\\\/wp-content\\\/uploads\\\/2022\\\/05\\\/12164923\\\/estrategia-carreira-juridica-coordenacao-96x96.png\",\"url\":\"https:\\\/\\\/cj.estrategia.com\\\/portal\\\/wp-content\\\/uploads\\\/2022\\\/05\\\/12164923\\\/estrategia-carreira-juridica-coordenacao-96x96.png\",\"contentUrl\":\"https:\\\/\\\/cj.estrategia.com\\\/portal\\\/wp-content\\\/uploads\\\/2022\\\/05\\\/12164923\\\/estrategia-carreira-juridica-coordenacao-96x96.png\",\"caption\":\"Coordena\u00e7\u00e3o\"},\"url\":\"https:\\\/\\\/cj.estrategia.com\\\/portal\\\/author\\\/coordenacao\\\/\"}]}<\/script>\n<!-- \/ Yoast SEO Premium plugin. -->","yoast_head_json":{"title":"Reforce sua prepara\u00e7\u00e3o com a Revis\u00e3o de V\u00e9spera Promotor SP","description":"Revis\u00e3o de V\u00e9spera Promotor SP, 08 de julho, a partir das 7h. Saiba mais neste artigo.","robots":{"index":"index","follow":"follow","max-snippet":"max-snippet:-1","max-image-preview":"max-image-preview:large","max-video-preview":"max-video-preview:-1"},"canonical":"https:\/\/cj.estrategia.com\/portal\/revisao-de-vespera-promotor-sp\/","og_locale":"pt_BR","og_type":"article","og_title":"Reforce sua prepara\u00e7\u00e3o com a Revis\u00e3o de V\u00e9spera Promotor SP","og_description":"Revis\u00e3o de V\u00e9spera Promotor SP, 08 de julho, a partir das 7h. Saiba mais neste artigo.","og_url":"https:\/\/cj.estrategia.com\/portal\/revisao-de-vespera-promotor-sp\/","og_site_name":"Blog - Carreiras Jur\u00eddicas - Estrat\u00e9gia","article_publisher":"https:\/\/www.facebook.com\/estrategiacarreirajuridica\/","article_published_time":"2023-07-01T13:14:00+00:00","article_modified_time":"2023-07-03T13:09:39+00:00","og_image":[{"width":960,"height":540,"url":"https:\/\/cj.estrategia.com\/portal\/wp-content\/uploads\/2023\/02\/07142359\/concurso-mp-sp-promotor-estado-de-sao-paulo-1.jpg","type":"image\/jpeg"}],"author":"Coordena\u00e7\u00e3o","twitter_card":"summary_large_image","twitter_creator":"@EstratJuridica","twitter_site":"@EstratJuridica","twitter_misc":{"Escrito por":"Coordena\u00e7\u00e3o","Est. tempo de leitura":"2 minutos"},"schema":{"@context":"https:\/\/schema.org","@graph":[{"@type":"NewsArticle","@id":"https:\/\/cj.estrategia.com\/portal\/revisao-de-vespera-promotor-sp\/#article","isPartOf":{"@id":"https:\/\/cj.estrategia.com\/portal\/revisao-de-vespera-promotor-sp\/"},"author":{"name":"Coordena\u00e7\u00e3o","@id":"https:\/\/cj.estrategia.com\/portal\/#\/schema\/person\/4d70317d31449932b99102916b6637f5"},"headline":"Reforce sua prepara\u00e7\u00e3o com a Revis\u00e3o de V\u00e9spera Promotor SP","datePublished":"2023-07-01T13:14:00+00:00","dateModified":"2023-07-03T13:09:39+00:00","mainEntityOfPage":{"@id":"https:\/\/cj.estrategia.com\/portal\/revisao-de-vespera-promotor-sp\/"},"wordCount":314,"commentCount":0,"publisher":{"@id":"https:\/\/cj.estrategia.com\/portal\/#organization"},"image":{"@id":"https:\/\/cj.estrategia.com\/portal\/revisao-de-vespera-promotor-sp\/#primaryimage"},"thumbnailUrl":"https:\/\/cj.estrategia.com\/portal\/wp-content\/uploads\/2023\/02\/07142359\/concurso-mp-sp-promotor-estado-de-sao-paulo-1.jpg","articleSection":["Carreiras Jur\u00eddicas"],"inLanguage":"pt-BR","potentialAction":[{"@type":"CommentAction","name":"Comment","target":["https:\/\/cj.estrategia.com\/portal\/revisao-de-vespera-promotor-sp\/#respond"]}]},{"@type":"WebPage","@id":"https:\/\/cj.estrategia.com\/portal\/revisao-de-vespera-promotor-sp\/","url":"https:\/\/cj.estrategia.com\/portal\/revisao-de-vespera-promotor-sp\/","name":"Reforce sua prepara\u00e7\u00e3o com a Revis\u00e3o de V\u00e9spera Promotor SP","isPartOf":{"@id":"https:\/\/cj.estrategia.com\/portal\/#website"},"primaryImageOfPage":{"@id":"https:\/\/cj.estrategia.com\/portal\/revisao-de-vespera-promotor-sp\/#primaryimage"},"image":{"@id":"https:\/\/cj.estrategia.com\/portal\/revisao-de-vespera-promotor-sp\/#primaryimage"},"thumbnailUrl":"https:\/\/cj.estrategia.com\/portal\/wp-content\/uploads\/2023\/02\/07142359\/concurso-mp-sp-promotor-estado-de-sao-paulo-1.jpg","datePublished":"2023-07-01T13:14:00+00:00","dateModified":"2023-07-03T13:09:39+00:00","description":"Revis\u00e3o de V\u00e9spera Promotor SP, 08 de julho, a partir das 7h. Saiba mais neste artigo.","breadcrumb":{"@id":"https:\/\/cj.estrategia.com\/portal\/revisao-de-vespera-promotor-sp\/#breadcrumb"},"inLanguage":"pt-BR","potentialAction":[{"@type":"ReadAction","target":["https:\/\/cj.estrategia.com\/portal\/revisao-de-vespera-promotor-sp\/"]}]},{"@type":"ImageObject","inLanguage":"pt-BR","@id":"https:\/\/cj.estrategia.com\/portal\/revisao-de-vespera-promotor-sp\/#primaryimage","url":"https:\/\/cj.estrategia.com\/portal\/wp-content\/uploads\/2023\/02\/07142359\/concurso-mp-sp-promotor-estado-de-sao-paulo-1.jpg","contentUrl":"https:\/\/cj.estrategia.com\/portal\/wp-content\/uploads\/2023\/02\/07142359\/concurso-mp-sp-promotor-estado-de-sao-paulo-1.jpg","width":960,"height":540},{"@type":"BreadcrumbList","@id":"https:\/\/cj.estrategia.com\/portal\/revisao-de-vespera-promotor-sp\/#breadcrumb","itemListElement":[{"@type":"ListItem","position":1,"name":"In\u00edcio","item":"https:\/\/cj.estrategia.com\/portal\/"},{"@type":"ListItem","position":2,"name":"Reforce sua prepara\u00e7\u00e3o com a Revis\u00e3o de V\u00e9spera Promotor SP"}]},{"@type":"WebSite","@id":"https:\/\/cj.estrategia.com\/portal\/#website","url":"https:\/\/cj.estrategia.com\/portal\/","name":"Blog - Carreiras Jur\u00eddicas - Estrat\u00e9gia","description":"","publisher":{"@id":"https:\/\/cj.estrategia.com\/portal\/#organization"},"potentialAction":[{"@type":"SearchAction","target":{"@type":"EntryPoint","urlTemplate":"https:\/\/cj.estrategia.com\/portal\/?s={search_term_string}"},"query-input":{"@type":"PropertyValueSpecification","valueRequired":true,"valueName":"search_term_string"}}],"inLanguage":"pt-BR"},{"@type":"Organization","@id":"https:\/\/cj.estrategia.com\/portal\/#organization","name":"Estrat\u00e9gia - Carreiras Jur\u00eddicas","url":"https:\/\/cj.estrategia.com\/portal\/","logo":{"@type":"ImageObject","inLanguage":"pt-BR","@id":"https:\/\/cj.estrategia.com\/portal\/#\/schema\/logo\/image\/","url":"https:\/\/cj.estrategia.com\/portal\/wp-content\/uploads\/2022\/03\/11151052\/cj-logo.png","contentUrl":"https:\/\/cj.estrategia.com\/portal\/wp-content\/uploads\/2022\/03\/11151052\/cj-logo.png","width":150,"height":39,"caption":"Estrat\u00e9gia - Carreiras Jur\u00eddicas"},"image":{"@id":"https:\/\/cj.estrategia.com\/portal\/#\/schema\/logo\/image\/"},"sameAs":["https:\/\/www.facebook.com\/estrategiacarreirajuridica\/","https:\/\/x.com\/EstratJuridica","https:\/\/www.instagram.com\/estrategiacarreirajuridica\/","https:\/\/www.youtube.com\/channel\/UClbMGuYbj2Mh1m3w144ETWQ"]},{"@type":"Person","@id":"https:\/\/cj.estrategia.com\/portal\/#\/schema\/person\/4d70317d31449932b99102916b6637f5","name":"Coordena\u00e7\u00e3o","image":{"@type":"ImageObject","inLanguage":"pt-BR","@id":"https:\/\/cj.estrategia.com\/portal\/wp-content\/uploads\/2022\/05\/12164923\/estrategia-carreira-juridica-coordenacao-96x96.png","url":"https:\/\/cj.estrategia.com\/portal\/wp-content\/uploads\/2022\/05\/12164923\/estrategia-carreira-juridica-coordenacao-96x96.png","contentUrl":"https:\/\/cj.estrategia.com\/portal\/wp-content\/uploads\/2022\/05\/12164923\/estrategia-carreira-juridica-coordenacao-96x96.png","caption":"Coordena\u00e7\u00e3o"},"url":"https:\/\/cj.estrategia.com\/portal\/author\/coordenacao\/"}]}},"jetpack_featured_media_url":"https:\/\/cj.estrategia.com\/portal\/wp-content\/uploads\/2023\/02\/07142359\/concurso-mp-sp-promotor-estado-de-sao-paulo-1.jpg","jetpack_sharing_enabled":true,"_links":{"self":[{"href":"https:\/\/cj.estrategia.com\/portal\/wp-json\/wp\/v2\/posts\/39696","targetHints":{"allow":["GET"]}}],"collection":[{"href":"https:\/\/cj.estrategia.com\/portal\/wp-json\/wp\/v2\/posts"}],"about":[{"href":"https:\/\/cj.estrategia.com\/portal\/wp-json\/wp\/v2\/types\/post"}],"author":[{"embeddable":true,"href":"https:\/\/cj.estrategia.com\/portal\/wp-json\/wp\/v2\/users\/12"}],"replies":[{"embeddable":true,"href":"https:\/\/cj.estrategia.com\/portal\/wp-json\/wp\/v2\/comments?post=39696"}],"version-history":[{"count":9,"href":"https:\/\/cj.estrategia.com\/portal\/wp-json\/wp\/v2\/posts\/39696\/revisions"}],"predecessor-version":[{"id":39705,"href":"https:\/\/cj.estrategia.com\/portal\/wp-json\/wp\/v2\/posts\/39696\/revisions\/39705"}],"wp:featuredmedia":[{"embeddable":true,"href":"https:\/\/cj.estrategia.com\/portal\/wp-json\/wp\/v2\/media\/30902"}],"wp:attachment":[{"href":"https:\/\/cj.estrategia.com\/portal\/wp-json\/wp\/v2\/media?parent=39696"}],"wp:term":[{"taxonomy":"category","embeddable":true,"href":"https:\/\/cj.estrategia.com\/portal\/wp-json\/wp\/v2\/categories?post=39696"},{"taxonomy":"post_tag","embeddable":true,"href":"https:\/\/cj.estrategia.com\/portal\/wp-json\/wp\/v2\/tags?post=39696"},{"taxonomy":"tax_estado","embeddable":true,"href":"https:\/\/cj.estrategia.com\/portal\/wp-json\/wp\/v2\/tax_estado?post=39696"}],"curies":[{"name":"wp","href":"https:\/\/api.w.org\/{rel}","templated":true}]}}