{"id":39350,"date":"2023-06-19T15:19:05","date_gmt":"2023-06-19T18:19:05","guid":{"rendered":"https:\/\/cj.estrategia.com\/portal\/?p=39350"},"modified":"2023-06-19T15:19:07","modified_gmt":"2023-06-19T18:19:07","slug":"prova-comentada-direito-do-trabalho-procurador-pgm-sp","status":"publish","type":"post","link":"https:\/\/cj.estrategia.com\/portal\/prova-comentada-direito-do-trabalho-procurador-pgm-sp\/","title":{"rendered":"Prova comentada Direito do Trabalho Procurador PGM SP"},"content":{"rendered":"\n<p>Ol\u00e1, pessoal, tudo certo?!<\/p>\n\n\n\n<p>Em 18\/06\/2023, foi aplicada a prova objetiva do concurso p\u00fablico para <strong>Procurador PGM SP<\/strong> Assim que encerrada, nosso time de professores elaborou o gabarito extraoficial, que, agora, ser\u00e1 apresentado juntamente com a nossa <strong>PROVA COMENTADA<\/strong>.<\/p>\n\n\n\n<p>Este material visa auxili\u00e1-los na aferi\u00e7\u00e3o das notas, elabora\u00e7\u00e3o de eventuais recursos, verifica\u00e7\u00e3o das chances de avan\u00e7o para fase discursiva, bem como na revis\u00e3o do conte\u00fado cobrado no certame.<\/p>\n\n\n\n<p>De modo complementar, elaboramos tamb\u00e9m o <strong>RANKING PGM SP<\/strong>, em que nossos alunos e seguidores poder\u00e3o inserir suas respostas \u00e0 prova, e, ao final, aferir sua nota, de acordo com o gabarito elaborado por nossos professores. Atrav\u00e9s do ranking, tamb\u00e9m poderemos estimar a nota de corte da 1\u00ba fase. Essa ferramenta \u00e9 gratuita e, para participar, basta acessar o <strong><a href=\"https:\/\/cj.estrategia.com\/portal\/gabarito-extraoficial-pgm-sp-procurador\/\">Gabarito Extraoficial PGM SP Procurador.<\/a><\/strong><\/p>\n\n\n\n<p>Por fim, comentaremos a prova, as quest\u00f5es mais pol\u00eamicas, as possibilidades de recurso, bem como a estimativa da nota de corte no <strong>TERM\u00d4METRO P\u00d3S-PROVA<\/strong>, no nosso canal do Youtube. Inscreva-se e ative as notifica\u00e7\u00f5es!<\/p>\n\n\n\n<p class=\"has-text-align-center\"><a href=\"https:\/\/www.youtube.com\/@EstrategiaCarreiraJuridica\" target=\"_blank\" ><strong>Estrat\u00e9gia Carreira Jur\u00eddica &#8211; YouTube<\/strong><\/a><\/p>\n\n\n\n<p>Todos os eventos poder\u00e3o ser acompanhados pelo artigo: <a href=\"https:\/\/cj.estrategia.com\/portal\/gabarito-extraoficial-pgm-sp-procurador\/\" target=\"_blank\" >Gabarito Extraoficial &#8211; Procurador PGM SP<\/a><\/p>\n\n\n\n<h2 class=\"wp-block-heading\" id=\"h-prova-comentada-direito-do-trabalho-procurador-pgm-sp\"><span id=\"prova-comentada-direito-do-trabalho-procurador-pgm-sp\"><mark style=\"background-color:rgba(0, 0, 0, 0)\" class=\"has-inline-color has-vivid-red-color\">PROVA COMENTADA DIREITO DO TRABALHO <mark style=\"background-color:rgba(0, 0, 0, 0)\" class=\"has-inline-color has-vivid-red-color\">PROCURADOR<\/mark><\/mark> <mark style=\"background-color:rgba(0, 0, 0, 0)\" class=\"has-inline-color has-vivid-red-color\">PGM SP <\/mark><\/span><\/h2>\n\n\n\n<p><strong>QUEST\u00c3O 81. No que tange aos tipos de rela\u00e7\u00e3o de trabalho, assinale a op\u00e7\u00e3o correta.<\/strong><\/p>\n\n\n\n<p><strong>a) O trabalhador em domic\u00edlio, que efetua as atividades em sua habita\u00e7\u00e3o por conta do empregador, possui os mesmos direitos e deveres do trabalhador que realiza atividades na sede da empresa.<\/strong><\/p>\n\n\n\n<p><strong>b) A continuidade e a exclusividade na presta\u00e7\u00e3o de servi\u00e7os impedem a caracteriza\u00e7\u00e3o do contrato de trabalho como aut\u00f4nomo, por serem requisitos da rela\u00e7\u00e3o de emprego.<\/strong><\/p>\n\n\n\n<p><strong>c) A exist\u00eancia de penalidade disciplinar no Estatuto do Policial Militar impede o reconhecimento da rela\u00e7\u00e3o de emprego decorrente do trabalho particular prestado por policial militar diretamente a empresa privada.<\/strong><\/p>\n\n\n\n<p><strong>d) O trabalho tempor\u00e1rio pode ser realizado mediante contrato escrito celebrado entre o trabalhador e a tomadora de servi\u00e7os. desde que para atender a necessidade de substitui\u00e7\u00e3o transit\u00f3ria de pessoal permanente ou demanda complementar de servi\u00e7os.<\/strong><\/p>\n\n\n\n<p><strong>e) \u00c9 vedada a utiliza\u00e7\u00e3o da modalidade de contrato de trabalho tempor\u00e1rio para a atividade fim da contratante.<\/strong><\/p>\n\n\n\n<p><strong>Coment\u00e1rios<\/strong><\/p>\n\n\n\n<p>A quest\u00e3o trata sobre rela\u00e7\u00f5es de trabalho.<\/p>\n\n\n\n<p>A alternativa correta \u00e9 a <strong>Letra A,<\/strong> conforme o art. 6\u00ba da CLT: \u201cN\u00e3o se distingue entre o trabalho realizado no estabelecimento do empregador, o executado no domic\u00edlio do empregado e o realizado a dist\u00e2ncia, desde que estejam caracterizados os pressupostos da rela\u00e7\u00e3o de emprego.\u201d<\/p>\n\n\n\n<p>A alternativa B est\u00e1 incorreta, conforme o art. 442-B, da CLT: \u201cA contrata\u00e7\u00e3o do aut\u00f4nomo, cumpridas por este todas as formalidades legais, com ou sem exclusividade, de forma cont\u00ednua ou n\u00e3o, afasta a qualidade de empregado prevista no art. 3o desta Consolida\u00e7\u00e3o.\u201d<\/p>\n\n\n\n<p>A alternativa C est\u00e1 incorreta, conforme S\u00famula 386 do TST: \u201cPreenchidos os requisitos do art. 3\u00ba da CLT, \u00e9 leg\u00edtimo o reconhecimento de rela\u00e7\u00e3o de emprego entre policial militar e empresa privada, independentemente do eventual cabimento de penalidade disciplinar prevista no Estatuto do Policial Militar.\u201d<\/p>\n\n\n\n<p>A alternativa D est\u00e1 incorreta, pois o contrato de trabalho tempor\u00e1rio \u00e9 celebrado entre o trabalhador e a empresa PRESTADORA de servi\u00e7os, e n\u00e3o com a tomadora.<\/p>\n\n\n\n<p>A alternativa E est\u00e1 incorreta, conforme o Tema de Repercuss\u00e3o Geral n\u00ba 725 do STF: \u201c<strong>Tema 725 &#8211; Terceiriza\u00e7\u00e3o de servi\u00e7os para a consecu\u00e7\u00e3o da atividade-fim da empresa. <\/strong>\u00c9 l\u00edcita a terceiriza\u00e7\u00e3o ou qualquer outra forma de divis\u00e3o do trabalho entre pessoas jur\u00eddicas distintas, independentemente do objeto social das empresas envolvidas, mantida a responsabilidade subsidi\u00e1ria da empresa contratante<strong>.\u201d <\/strong>e art. 9\u00ba, \u00a73\u00ba, da ei n\u00ba 6.019\/74: \u201cO contrato de trabalho tempor\u00e1rio pode versar sobre o desenvolvimento de atividades-meio e atividades-fim a serem executadas na empresa tomadora de servi\u00e7os\u201d.<\/p>\n\n\n\n<p><strong>QUEST\u00c3O 82. No que concerne a sucess\u00e3o trabalhista e grupos econ\u00f4micos, assinale a op\u00e7\u00e3o correta, com base na consolida\u00e7\u00e3o das Leis do Trabalho (CLT) e na jurisprud\u00eancia do Tribunal Superior do Trabalho (TST)&nbsp;<\/strong><\/p>\n\n\n\n<p><strong>a) Na sucess\u00e3o de empresas, os d\u00e9bitos trabalhistas devidos por empresa sucessora que se encontre em liquida\u00e7\u00e3o extrajudicial n\u00e3o sofrem a incid\u00eancia de juros de mora, ficando tamb\u00e9m a empresa sucedida desincumbida de tal \u00f4nus.<\/strong><\/p>\n\n\n\n<p><strong>b) Caracterizar\u00e1 necessariamente grupo econ\u00f4mico o fato de uma ou mais empresas estarem sob controle e administra\u00e7\u00e3o de outra ou, ainda, o fato de haver identidade de s\u00f3cios.<\/strong><\/p>\n\n\n\n<p><strong>c) Altera\u00e7\u00f5es na estrutura jur\u00eddica da empresa n\u00e3o afetam os direitos adquiridos dos empregados, mas os s\u00f3cios retirantes respondem solidariamente pelas obriga\u00e7\u00f5es trabalhistas da sociedade relativas ao per\u00edodo em que figuraram como s\u00f3cios nas a\u00e7\u00f5es ajuizadas pelo prazo de at\u00e9 tr\u00eas anos depois de averbadas as modifica\u00e7\u00f5es contratuais.<\/strong><\/p>\n\n\n\n<p><strong>d) Comprovada a fraude na sucess\u00e3o empresarial, a empresa sucedida responder\u00e1 solidariamente com a sucessora quanto \u00e0s obriga\u00e7\u00f5es trabalhistas.<\/strong><\/p>\n\n\n\n<p><strong>e) Em regra, a presta\u00e7\u00e3o de servi\u00e7os a mais de uma empresa do mesmo grupo econ\u00f4mico durante a mesma jornada de trabalho caracteriza a coexist\u00eancia de mais de um contrato de emprego, conforme jurisprud\u00eancia dominante.<\/strong><\/p>\n\n\n\n<p><strong>Coment\u00e1rios<\/strong><\/p>\n\n\n\n<p>A quest\u00e3o trata sobre sucess\u00e3o empresarial.<\/p>\n\n\n\n<p>A alternativa correta \u00e9 a <strong>Letra D, <\/strong>conforme art. 448-A, da CLT: \u201cCaracterizada a sucess\u00e3o empresarial ou de empregadores prevista nos arts. 10 e 448 desta Consolida\u00e7\u00e3o, as obriga\u00e7\u00f5es trabalhistas, inclusive as contra\u00eddas \u00e0 \u00e9poca em que os empregados trabalhavam para a empresa sucedida, s\u00e3o de responsabilidade do sucessor. Par\u00e1grafo \u00fanico. &nbsp;A empresa sucedida responder\u00e1 solidariamente com a sucessora quando ficar comprovada fraude na transfer\u00eancia. \u201c<\/p>\n\n\n\n<p>A alternativa A est\u00e1 incorreta, nos termos da OJ 408 da SbDI-1 do TST: \u201c\u00c9 devida a incid\u00eancia de juros de mora em rela\u00e7\u00e3o aos d\u00e9bitos trabalhistas de empresa em liquida\u00e7\u00e3o extrajudicial sucedida nos moldes dos&nbsp;arts. 10 e 448 da CLT. O sucessor responde pela obriga\u00e7\u00e3o do sucedido, n\u00e3o se beneficiando de qualquer privil\u00e9gio a este destinado.\u201d<\/p>\n\n\n\n<p>A alternativa B est\u00e1 incorreta, conforme art. 2\u00ba, \u00a73\u00ba, da CLT: \u201c\u00a7 3<sup>o<\/sup>&nbsp;N\u00e3o caracteriza grupo econ\u00f4mico a mera identidade de s\u00f3cios, sendo necess\u00e1rias, para a configura\u00e7\u00e3o do grupo, a demonstra\u00e7\u00e3o do interesse integrado, a efetiva comunh\u00e3o de interesses e a atua\u00e7\u00e3o conjunta das empresas dele integrantes.\u201d<\/p>\n\n\n\n<p>A alternativa C est\u00e1 incorreta, conforme art. 10\u00ba-A, da CLT: \u201cO s\u00f3cio retirante responde subsidiariamente pelas obriga\u00e7\u00f5es trabalhistas da sociedade relativas ao per\u00edodo em que figurou como s\u00f3cio, somente em a\u00e7\u00f5es ajuizadas at\u00e9 dois anos depois de averbada a modifica\u00e7\u00e3o do contrato, observada a seguinte ordem de prefer\u00eancia:\u201d<\/p>\n\n\n\n<p>A alternativa E est\u00e1 incorreta, trata-se da teoria do grupo econ\u00f4mico como empregador \u00fanico prevista na S\u00famula n\u00ba 129 do TST: \u201cA presta\u00e7\u00e3o de servi\u00e7os a mais de uma empresa do mesmo grupo econ\u00f4mico, durante a mesma jornada de trabalho,&nbsp;n\u00e3o caracteriza a coexist\u00eancia de mais de um contrato de trabalho, salvo ajuste em contr\u00e1rio.\u201d<\/p>\n\n\n\n<p><strong>QUEST\u00c3O 83. Acerca de terceiriza\u00e7\u00e3o no servi\u00e7o p\u00fablico, assinale a op\u00e7\u00e3o correta<\/strong><\/p>\n\n\n\n<p><strong>a) Na terceiriza\u00e7\u00e3o do servi\u00e7o p\u00fablico, a empresa contratante transfere ao contratado, pessoa f\u00edsica ou jur\u00eddica prestadora de servi\u00e7os, a execu\u00e7\u00e3o de quaisquer de suas atividades.<\/strong><\/p>\n\n\n\n<p><strong>b) Constatada irregularidade na contrata\u00e7\u00e3o de trabalhador em terceiriza\u00e7\u00e3o trabalhista com ente de administra\u00e7\u00e3o p\u00fablica, ser\u00e1 reconhecido o v\u00ednculo de emprego do obreiro com a tomadora de servi\u00e7o.<\/strong><\/p>\n\n\n\n<p><strong>c) Os empregados da pessoa jur\u00eddica prestadora de servi\u00e7os terceirizados tem direito a atendimento m\u00e9dico ou ambulatorial existente nas depend\u00eancias da contratante, sendo este um dos motivos que ensejam a proibi\u00e7\u00e3o de subcontrata\u00e7\u00e3o de outras empresas para a efetiva realiza\u00e7\u00e3o dos servi\u00e7os da prestadora.<\/strong><\/p>\n\n\n\n<p><strong>d) A administra\u00e7\u00e3o p\u00fablica e o contratado s\u00e3o respons\u00e1veis diretos e solid\u00e1rios pelos encargos trabalhistas e previdenci\u00e1rios resultantes da execu\u00e7\u00e3o do contrato de presta\u00e7\u00e3o de servi\u00e7os terceirizados, sendo que a inadimpl\u00eancia pode restringir o uso de obras e edifica\u00e7\u00f5es.<\/strong><\/p>\n\n\n\n<p><strong>e) Ao contratar servi\u00e7os cont\u00ednuos com regime de dedica\u00e7\u00f5es exclusiva de m\u00e3o de obra, a administra\u00e7\u00e3o pode dispor em edital que os valores destinados a verbas rescis\u00f3rias dos empregados do contratado que participarem da execu\u00e7\u00e3o dos servi\u00e7os ser\u00e3o pagos pelo contratante ao contratado somente na ocorr\u00eancia do fato gerador.<\/strong><\/p>\n\n\n\n<p><strong>Coment\u00e1rios<\/strong><\/p>\n\n\n\n<p>A quest\u00e3o trata sobre terceiriza\u00e7\u00e3o na administra\u00e7\u00e3o p\u00fablica.<\/p>\n\n\n\n<p>A alternativa correta \u00e9 a <strong>Letra E, <\/strong>conforme art. 121, \u00a73\u00ba, V, da Lei n\u00ba 14.133\/21: \u201cSomente o contratado ser\u00e1 respons\u00e1vel pelos encargos trabalhistas, previdenci\u00e1rios, fiscais e comerciais resultantes da execu\u00e7\u00e3o do contrato. \u00a7 3\u00ba Nas contrata\u00e7\u00f5es de servi\u00e7os cont\u00ednuos com regime de dedica\u00e7\u00e3o exclusiva de m\u00e3o de obra, para assegurar o cumprimento de obriga\u00e7\u00f5es trabalhistas pelo contratado, a Administra\u00e7\u00e3o, mediante disposi\u00e7\u00e3o em edital ou em contrato, poder\u00e1, entre outras medidas: V &#8211; estabelecer que os valores destinados a f\u00e9rias, a d\u00e9cimo terceiro sal\u00e1rio, a aus\u00eancias legais e a verbas rescis\u00f3rias dos empregados do contratado que participarem da execu\u00e7\u00e3o dos servi\u00e7os contratados ser\u00e3o pagos pelo contratante ao contratado somente na ocorr\u00eancia do fato gerador.\u201d<\/p>\n\n\n\n<p>A alternativa A est\u00e1 incorreta, pois a terceiriza\u00e7\u00e3o somente pode ser feita a outra pessoa jur\u00eddica, a teor do art. 4\u00ba-A, da Lei n\u00ba 6.019\/74: \u201cConsidera-se presta\u00e7\u00e3o de servi\u00e7os a terceiros a transfer\u00eancia feita pela contratante da execu\u00e7\u00e3o de quaisquer de suas atividades, inclusive sua atividade principal, \u00e0 pessoa jur\u00eddica de direito privado prestadora de servi\u00e7os que possua capacidade econ\u00f4mica compat\u00edvel com a sua execu\u00e7\u00e3o.\u201d<\/p>\n\n\n\n<p>A alternativa B est\u00e1 incorreta, conforme S\u00famula 331, II, do TST: \u201cII &#8211; A contrata\u00e7\u00e3o irregular de trabalhador, mediante empresa interposta, n\u00e3o gera v\u00ednculo de emprego com os \u00f3rg\u00e3os da Administra\u00e7\u00e3o P\u00fablica direta, indireta ou fundacional (art. 37, II, da CF\/1988).\u201d<\/p>\n\n\n\n<p>A alternativa C est\u00e1 incorreta, pois n\u00e3o \u00e9 vedada a subcontrata\u00e7\u00e3o: \u201c\u00a7 1<sup>o<\/sup> A empresa prestadora de servi\u00e7os contrata, remunera e dirige o trabalho realizado por seus trabalhadores, ou subcontrata outras empresas para realiza\u00e7\u00e3o desses servi\u00e7os.\u201d<\/p>\n\n\n\n<p>A alternativa D est\u00e1 incorreta, conforme a S\u00famula n\u00ba 331, V, do TST: \u201cV &#8211; Os entes integrantes da Administra\u00e7\u00e3o P\u00fablica direta e indireta respondem subsidiariamente, nas mesmas condi\u00e7\u00f5es do item IV, caso evidenciada a sua conduta culposa no cumprimento das obriga\u00e7\u00f5es da Lei n.\u00ba 8.666, de 21.06.1993, especialmente na fiscaliza\u00e7\u00e3o do cumprimento das obriga\u00e7\u00f5es contratuais e legais da prestadora de servi\u00e7o como empregadora. A aludida responsabilidade n\u00e3o decorre de mero inadimplemento das obriga\u00e7\u00f5es trabalhistas assumidas pela empresa regularmente contratada.\u201d. Assim, a responsabilidade da administra\u00e7\u00e3o p\u00fablica \u00e9 subsidi\u00e1ria, e n\u00e3o solid\u00e1ria.<\/p>\n\n\n\n<h3 id=\"acesse-todo-o-conteudo-da-prova-em-gabarito-extraoficial-pgm-sp-procurador\" class=\"wp-block-heading has-cyan-bluish-gray-background-color has-background\"><strong>Acesse todo o conte\u00fado da Prova em:&nbsp;<\/strong><a href=\"https:\/\/cj.estrategia.com\/portal\/gabarito-extraoficial-pgm-sp-procurador\/\">Gabarito Extraoficial PGM SP Procurador<\/a><\/h3>\n\n\n\n<p class=\"has-text-align-center has-luminous-vivid-amber-background-color has-background has-medium-font-size\"><strong>Saiba mais: <a href=\"https:\/\/cj.estrategia.com\/portal\/concurso-pgm-sp\/\" target=\"_blank\" >concurso Procurador PGM SP<\/a><\/strong><\/p>\n\n\n\n<h2 class=\"wp-block-heading has-text-align-center\" id=\"cursos-ficha\"><span id=\"quer-estudar-para-concursos-de-direito\">Quer estudar para Concursos de Direito?<\/span><\/h2>\n\n\n\n<p>O Estrat\u00e9gia Carreira Jur\u00eddica \u00e9 campe\u00e3o de aprova\u00e7\u00f5es nos concursos para Carreiras Jur\u00eddicas com um corpo docente qualificado e materiais completos. Conhe\u00e7a nossos cursos e garanta sua aprova\u00e7\u00e3o:<\/p>\n\n\n\n<div class=\"wp-block-cover\" style=\"min-height:142px;aspect-ratio:unset;\"><span aria-hidden=\"true\" class=\"wp-block-cover__background has-background-dim\"><\/span><img decoding=\"async\" width=\"1890\" height=\"351\" class=\"wp-block-cover__image-background wp-image-8669\" alt=\"assinatura carreira jur\u00eddica\" src=\"https:\/\/cj.estrategia.com\/portal\/wp-content\/uploads\/2022\/06\/20151253\/concurso-carreiras-juridicas-assinatura-juridica.jpg\" style=\"object-position:75% 40%\" data-object-fit=\"cover\" data-object-position=\"75% 40%\" srcset=\"https:\/\/cj.estrategia.com\/portal\/wp-content\/uploads\/2022\/06\/20151253\/concurso-carreiras-juridicas-assinatura-juridica.jpg 1890w, https:\/\/cj.estrategia.com\/portal\/wp-content\/uploads\/2022\/06\/20151253\/concurso-carreiras-juridicas-assinatura-juridica-300x56.jpg 300w, https:\/\/cj.estrategia.com\/portal\/wp-content\/uploads\/2022\/06\/20151253\/concurso-carreiras-juridicas-assinatura-juridica-1024x190.jpg 1024w, https:\/\/cj.estrategia.com\/portal\/wp-content\/uploads\/2022\/06\/20151253\/concurso-carreiras-juridicas-assinatura-juridica-768x143.jpg 768w, https:\/\/cj.estrategia.com\/portal\/wp-content\/uploads\/2022\/06\/20151253\/concurso-carreiras-juridicas-assinatura-juridica-1536x285.jpg 1536w, https:\/\/cj.estrategia.com\/portal\/wp-content\/uploads\/2022\/06\/20151253\/concurso-carreiras-juridicas-assinatura-juridica-380x71.jpg 380w, https:\/\/cj.estrategia.com\/portal\/wp-content\/uploads\/2022\/06\/20151253\/concurso-carreiras-juridicas-assinatura-juridica-800x149.jpg 800w, https:\/\/cj.estrategia.com\/portal\/wp-content\/uploads\/2022\/06\/20151253\/concurso-carreiras-juridicas-assinatura-juridica-1160x215.jpg 1160w\" sizes=\"(max-width: 1890px) 100vw, 1890px\" \/><div class=\"wp-block-cover__inner-container is-layout-flow wp-block-cover-is-layout-flow\">\n<h3 id=\"assinatura-juridica\" class=\"titulo-assinatura\">Assinatura Jur\u00eddica <\/h3>\n<p class=\"subtitulo-assinatura\" style=\"display:block!important; line-height: 0;\">Conhe\u00e7a os planos<\/p>\n<a target=\"_blank\" href=\"https:\/\/www.estrategiaconcursos.com.br\/assinaturas-ecj\/\" rel=\"noopener\"><button style=\"border-radius: 10px; text-transform: capitalize;\">Acessar<\/button><\/a>\n<\/div><\/div>\n","protected":false},"excerpt":{"rendered":"Ol\u00e1, pessoal, tudo certo?! Em 18\/06\/2023, foi aplicada a prova objetiva do concurso p\u00fablico para Procurador PGM SP&hellip;\n","protected":false},"author":12,"featured_media":20848,"comment_status":"open","ping_status":"open","sticky":false,"template":"","format":"standard","meta":{"_jetpack_memberships_contains_paid_content":false,"footnotes":""},"categories":[1,24],"tags":[],"tax_estado":[56],"class_list":{"0":"post-39350","1":"post","2":"type-post","3":"status-publish","4":"format-standard","5":"has-post-thumbnail","7":"category-carreiras-juridicas","8":"category-procuradoria","9":"tax_estado-sp"},"acf":[],"yoast_head":"<!-- This site is optimized with the Yoast SEO Premium plugin v27.4 (Yoast SEO v27.4) - https:\/\/yoast.com\/product\/yoast-seo-premium-wordpress\/ -->\n<title>Prova comentada Direito do Trabalho Procurador PGM SP<\/title>\n<meta name=\"description\" content=\"Prova comentada Direito do Trabalho Procurador PGM SP: Saiba como foi a prova e confira os coment\u00e1rios. Saia na frente!\" \/>\n<meta name=\"robots\" content=\"index, follow, max-snippet:-1, max-image-preview:large, max-video-preview:-1\" \/>\n<link rel=\"canonical\" href=\"https:\/\/cj.estrategia.com\/portal\/prova-comentada-direito-do-trabalho-procurador-pgm-sp\/\" \/>\n<meta property=\"og:locale\" content=\"pt_BR\" \/>\n<meta property=\"og:type\" content=\"article\" \/>\n<meta property=\"og:title\" content=\"Prova comentada Direito do Trabalho Procurador PGM SP\" \/>\n<meta property=\"og:description\" content=\"Prova comentada Direito do Trabalho Procurador PGM SP: Saiba como foi a prova e confira os coment\u00e1rios. Saia na frente!\" \/>\n<meta property=\"og:url\" content=\"https:\/\/cj.estrategia.com\/portal\/prova-comentada-direito-do-trabalho-procurador-pgm-sp\/\" \/>\n<meta property=\"og:site_name\" content=\"Blog - Carreiras Jur\u00eddicas - Estrat\u00e9gia\" \/>\n<meta property=\"article:publisher\" content=\"https:\/\/www.facebook.com\/estrategiacarreirajuridica\/\" \/>\n<meta property=\"article:published_time\" content=\"2023-06-19T18:19:05+00:00\" \/>\n<meta property=\"article:modified_time\" content=\"2023-06-19T18:19:07+00:00\" \/>\n<meta property=\"og:image\" content=\"https:\/\/cj.estrategia.com\/portal\/wp-content\/uploads\/2022\/10\/04111030\/PGM-SP.jpg\" \/>\n\t<meta property=\"og:image:width\" content=\"768\" \/>\n\t<meta property=\"og:image:height\" content=\"432\" \/>\n\t<meta property=\"og:image:type\" content=\"image\/jpeg\" \/>\n<meta name=\"author\" content=\"Coordena\u00e7\u00e3o\" \/>\n<meta name=\"twitter:card\" content=\"summary_large_image\" \/>\n<meta name=\"twitter:creator\" content=\"@EstratJuridica\" \/>\n<meta name=\"twitter:site\" content=\"@EstratJuridica\" \/>\n<meta name=\"twitter:label1\" content=\"Escrito por\" \/>\n\t<meta name=\"twitter:data1\" content=\"Coordena\u00e7\u00e3o\" \/>\n\t<meta name=\"twitter:label2\" content=\"Est. tempo de leitura\" \/>\n\t<meta name=\"twitter:data2\" content=\"10 minutos\" \/>\n<script type=\"application\/ld+json\" class=\"yoast-schema-graph\">{\"@context\":\"https:\\\/\\\/schema.org\",\"@graph\":[{\"@type\":\"NewsArticle\",\"@id\":\"https:\\\/\\\/cj.estrategia.com\\\/portal\\\/prova-comentada-direito-do-trabalho-procurador-pgm-sp\\\/#article\",\"isPartOf\":{\"@id\":\"https:\\\/\\\/cj.estrategia.com\\\/portal\\\/prova-comentada-direito-do-trabalho-procurador-pgm-sp\\\/\"},\"author\":{\"name\":\"Coordena\u00e7\u00e3o\",\"@id\":\"https:\\\/\\\/cj.estrategia.com\\\/portal\\\/#\\\/schema\\\/person\\\/4d70317d31449932b99102916b6637f5\"},\"headline\":\"Prova comentada Direito do Trabalho Procurador PGM SP\",\"datePublished\":\"2023-06-19T18:19:05+00:00\",\"dateModified\":\"2023-06-19T18:19:07+00:00\",\"mainEntityOfPage\":{\"@id\":\"https:\\\/\\\/cj.estrategia.com\\\/portal\\\/prova-comentada-direito-do-trabalho-procurador-pgm-sp\\\/\"},\"wordCount\":1919,\"commentCount\":0,\"publisher\":{\"@id\":\"https:\\\/\\\/cj.estrategia.com\\\/portal\\\/#organization\"},\"image\":{\"@id\":\"https:\\\/\\\/cj.estrategia.com\\\/portal\\\/prova-comentada-direito-do-trabalho-procurador-pgm-sp\\\/#primaryimage\"},\"thumbnailUrl\":\"https:\\\/\\\/cj.estrategia.com\\\/portal\\\/wp-content\\\/uploads\\\/2022\\\/10\\\/04111030\\\/PGM-SP.jpg\",\"articleSection\":[\"Carreiras Jur\u00eddicas\",\"Procuradoria\"],\"inLanguage\":\"pt-BR\",\"potentialAction\":[{\"@type\":\"CommentAction\",\"name\":\"Comment\",\"target\":[\"https:\\\/\\\/cj.estrategia.com\\\/portal\\\/prova-comentada-direito-do-trabalho-procurador-pgm-sp\\\/#respond\"]}]},{\"@type\":\"WebPage\",\"@id\":\"https:\\\/\\\/cj.estrategia.com\\\/portal\\\/prova-comentada-direito-do-trabalho-procurador-pgm-sp\\\/\",\"url\":\"https:\\\/\\\/cj.estrategia.com\\\/portal\\\/prova-comentada-direito-do-trabalho-procurador-pgm-sp\\\/\",\"name\":\"Prova comentada Direito do Trabalho Procurador PGM SP\",\"isPartOf\":{\"@id\":\"https:\\\/\\\/cj.estrategia.com\\\/portal\\\/#website\"},\"primaryImageOfPage\":{\"@id\":\"https:\\\/\\\/cj.estrategia.com\\\/portal\\\/prova-comentada-direito-do-trabalho-procurador-pgm-sp\\\/#primaryimage\"},\"image\":{\"@id\":\"https:\\\/\\\/cj.estrategia.com\\\/portal\\\/prova-comentada-direito-do-trabalho-procurador-pgm-sp\\\/#primaryimage\"},\"thumbnailUrl\":\"https:\\\/\\\/cj.estrategia.com\\\/portal\\\/wp-content\\\/uploads\\\/2022\\\/10\\\/04111030\\\/PGM-SP.jpg\",\"datePublished\":\"2023-06-19T18:19:05+00:00\",\"dateModified\":\"2023-06-19T18:19:07+00:00\",\"description\":\"Prova comentada Direito do Trabalho Procurador PGM SP: Saiba como foi a prova e confira os coment\u00e1rios. Saia na frente!\",\"breadcrumb\":{\"@id\":\"https:\\\/\\\/cj.estrategia.com\\\/portal\\\/prova-comentada-direito-do-trabalho-procurador-pgm-sp\\\/#breadcrumb\"},\"inLanguage\":\"pt-BR\",\"potentialAction\":[{\"@type\":\"ReadAction\",\"target\":[\"https:\\\/\\\/cj.estrategia.com\\\/portal\\\/prova-comentada-direito-do-trabalho-procurador-pgm-sp\\\/\"]}]},{\"@type\":\"ImageObject\",\"inLanguage\":\"pt-BR\",\"@id\":\"https:\\\/\\\/cj.estrategia.com\\\/portal\\\/prova-comentada-direito-do-trabalho-procurador-pgm-sp\\\/#primaryimage\",\"url\":\"https:\\\/\\\/cj.estrategia.com\\\/portal\\\/wp-content\\\/uploads\\\/2022\\\/10\\\/04111030\\\/PGM-SP.jpg\",\"contentUrl\":\"https:\\\/\\\/cj.estrategia.com\\\/portal\\\/wp-content\\\/uploads\\\/2022\\\/10\\\/04111030\\\/PGM-SP.jpg\",\"width\":768,\"height\":432,\"caption\":\"Concurso PGM SP\"},{\"@type\":\"BreadcrumbList\",\"@id\":\"https:\\\/\\\/cj.estrategia.com\\\/portal\\\/prova-comentada-direito-do-trabalho-procurador-pgm-sp\\\/#breadcrumb\",\"itemListElement\":[{\"@type\":\"ListItem\",\"position\":1,\"name\":\"In\u00edcio\",\"item\":\"https:\\\/\\\/cj.estrategia.com\\\/portal\\\/\"},{\"@type\":\"ListItem\",\"position\":2,\"name\":\"Prova comentada Direito do Trabalho Procurador PGM SP\"}]},{\"@type\":\"WebSite\",\"@id\":\"https:\\\/\\\/cj.estrategia.com\\\/portal\\\/#website\",\"url\":\"https:\\\/\\\/cj.estrategia.com\\\/portal\\\/\",\"name\":\"Blog - Carreiras Jur\u00eddicas - Estrat\u00e9gia\",\"description\":\"\",\"publisher\":{\"@id\":\"https:\\\/\\\/cj.estrategia.com\\\/portal\\\/#organization\"},\"potentialAction\":[{\"@type\":\"SearchAction\",\"target\":{\"@type\":\"EntryPoint\",\"urlTemplate\":\"https:\\\/\\\/cj.estrategia.com\\\/portal\\\/?s={search_term_string}\"},\"query-input\":{\"@type\":\"PropertyValueSpecification\",\"valueRequired\":true,\"valueName\":\"search_term_string\"}}],\"inLanguage\":\"pt-BR\"},{\"@type\":\"Organization\",\"@id\":\"https:\\\/\\\/cj.estrategia.com\\\/portal\\\/#organization\",\"name\":\"Estrat\u00e9gia - Carreiras Jur\u00eddicas\",\"url\":\"https:\\\/\\\/cj.estrategia.com\\\/portal\\\/\",\"logo\":{\"@type\":\"ImageObject\",\"inLanguage\":\"pt-BR\",\"@id\":\"https:\\\/\\\/cj.estrategia.com\\\/portal\\\/#\\\/schema\\\/logo\\\/image\\\/\",\"url\":\"https:\\\/\\\/cj.estrategia.com\\\/portal\\\/wp-content\\\/uploads\\\/2022\\\/03\\\/11151052\\\/cj-logo.png\",\"contentUrl\":\"https:\\\/\\\/cj.estrategia.com\\\/portal\\\/wp-content\\\/uploads\\\/2022\\\/03\\\/11151052\\\/cj-logo.png\",\"width\":150,\"height\":39,\"caption\":\"Estrat\u00e9gia - Carreiras Jur\u00eddicas\"},\"image\":{\"@id\":\"https:\\\/\\\/cj.estrategia.com\\\/portal\\\/#\\\/schema\\\/logo\\\/image\\\/\"},\"sameAs\":[\"https:\\\/\\\/www.facebook.com\\\/estrategiacarreirajuridica\\\/\",\"https:\\\/\\\/x.com\\\/EstratJuridica\",\"https:\\\/\\\/www.instagram.com\\\/estrategiacarreirajuridica\\\/\",\"https:\\\/\\\/www.youtube.com\\\/channel\\\/UClbMGuYbj2Mh1m3w144ETWQ\"]},{\"@type\":\"Person\",\"@id\":\"https:\\\/\\\/cj.estrategia.com\\\/portal\\\/#\\\/schema\\\/person\\\/4d70317d31449932b99102916b6637f5\",\"name\":\"Coordena\u00e7\u00e3o\",\"image\":{\"@type\":\"ImageObject\",\"inLanguage\":\"pt-BR\",\"@id\":\"https:\\\/\\\/cj.estrategia.com\\\/portal\\\/wp-content\\\/uploads\\\/2022\\\/05\\\/12164923\\\/estrategia-carreira-juridica-coordenacao-96x96.png\",\"url\":\"https:\\\/\\\/cj.estrategia.com\\\/portal\\\/wp-content\\\/uploads\\\/2022\\\/05\\\/12164923\\\/estrategia-carreira-juridica-coordenacao-96x96.png\",\"contentUrl\":\"https:\\\/\\\/cj.estrategia.com\\\/portal\\\/wp-content\\\/uploads\\\/2022\\\/05\\\/12164923\\\/estrategia-carreira-juridica-coordenacao-96x96.png\",\"caption\":\"Coordena\u00e7\u00e3o\"},\"url\":\"https:\\\/\\\/cj.estrategia.com\\\/portal\\\/author\\\/coordenacao\\\/\"}]}<\/script>\n<!-- \/ Yoast SEO Premium plugin. -->","yoast_head_json":{"title":"Prova comentada Direito do Trabalho Procurador PGM SP","description":"Prova comentada Direito do Trabalho Procurador PGM SP: Saiba como foi a prova e confira os coment\u00e1rios. Saia na frente!","robots":{"index":"index","follow":"follow","max-snippet":"max-snippet:-1","max-image-preview":"max-image-preview:large","max-video-preview":"max-video-preview:-1"},"canonical":"https:\/\/cj.estrategia.com\/portal\/prova-comentada-direito-do-trabalho-procurador-pgm-sp\/","og_locale":"pt_BR","og_type":"article","og_title":"Prova comentada Direito do Trabalho Procurador PGM SP","og_description":"Prova comentada Direito do Trabalho Procurador PGM SP: Saiba como foi a prova e confira os coment\u00e1rios. Saia na frente!","og_url":"https:\/\/cj.estrategia.com\/portal\/prova-comentada-direito-do-trabalho-procurador-pgm-sp\/","og_site_name":"Blog - Carreiras Jur\u00eddicas - Estrat\u00e9gia","article_publisher":"https:\/\/www.facebook.com\/estrategiacarreirajuridica\/","article_published_time":"2023-06-19T18:19:05+00:00","article_modified_time":"2023-06-19T18:19:07+00:00","og_image":[{"width":768,"height":432,"url":"https:\/\/cj.estrategia.com\/portal\/wp-content\/uploads\/2022\/10\/04111030\/PGM-SP.jpg","type":"image\/jpeg"}],"author":"Coordena\u00e7\u00e3o","twitter_card":"summary_large_image","twitter_creator":"@EstratJuridica","twitter_site":"@EstratJuridica","twitter_misc":{"Escrito por":"Coordena\u00e7\u00e3o","Est. tempo de leitura":"10 minutos"},"schema":{"@context":"https:\/\/schema.org","@graph":[{"@type":"NewsArticle","@id":"https:\/\/cj.estrategia.com\/portal\/prova-comentada-direito-do-trabalho-procurador-pgm-sp\/#article","isPartOf":{"@id":"https:\/\/cj.estrategia.com\/portal\/prova-comentada-direito-do-trabalho-procurador-pgm-sp\/"},"author":{"name":"Coordena\u00e7\u00e3o","@id":"https:\/\/cj.estrategia.com\/portal\/#\/schema\/person\/4d70317d31449932b99102916b6637f5"},"headline":"Prova comentada Direito do Trabalho Procurador PGM SP","datePublished":"2023-06-19T18:19:05+00:00","dateModified":"2023-06-19T18:19:07+00:00","mainEntityOfPage":{"@id":"https:\/\/cj.estrategia.com\/portal\/prova-comentada-direito-do-trabalho-procurador-pgm-sp\/"},"wordCount":1919,"commentCount":0,"publisher":{"@id":"https:\/\/cj.estrategia.com\/portal\/#organization"},"image":{"@id":"https:\/\/cj.estrategia.com\/portal\/prova-comentada-direito-do-trabalho-procurador-pgm-sp\/#primaryimage"},"thumbnailUrl":"https:\/\/cj.estrategia.com\/portal\/wp-content\/uploads\/2022\/10\/04111030\/PGM-SP.jpg","articleSection":["Carreiras Jur\u00eddicas","Procuradoria"],"inLanguage":"pt-BR","potentialAction":[{"@type":"CommentAction","name":"Comment","target":["https:\/\/cj.estrategia.com\/portal\/prova-comentada-direito-do-trabalho-procurador-pgm-sp\/#respond"]}]},{"@type":"WebPage","@id":"https:\/\/cj.estrategia.com\/portal\/prova-comentada-direito-do-trabalho-procurador-pgm-sp\/","url":"https:\/\/cj.estrategia.com\/portal\/prova-comentada-direito-do-trabalho-procurador-pgm-sp\/","name":"Prova comentada Direito do Trabalho Procurador PGM SP","isPartOf":{"@id":"https:\/\/cj.estrategia.com\/portal\/#website"},"primaryImageOfPage":{"@id":"https:\/\/cj.estrategia.com\/portal\/prova-comentada-direito-do-trabalho-procurador-pgm-sp\/#primaryimage"},"image":{"@id":"https:\/\/cj.estrategia.com\/portal\/prova-comentada-direito-do-trabalho-procurador-pgm-sp\/#primaryimage"},"thumbnailUrl":"https:\/\/cj.estrategia.com\/portal\/wp-content\/uploads\/2022\/10\/04111030\/PGM-SP.jpg","datePublished":"2023-06-19T18:19:05+00:00","dateModified":"2023-06-19T18:19:07+00:00","description":"Prova comentada Direito do Trabalho Procurador PGM SP: Saiba como foi a prova e confira os coment\u00e1rios. Saia na frente!","breadcrumb":{"@id":"https:\/\/cj.estrategia.com\/portal\/prova-comentada-direito-do-trabalho-procurador-pgm-sp\/#breadcrumb"},"inLanguage":"pt-BR","potentialAction":[{"@type":"ReadAction","target":["https:\/\/cj.estrategia.com\/portal\/prova-comentada-direito-do-trabalho-procurador-pgm-sp\/"]}]},{"@type":"ImageObject","inLanguage":"pt-BR","@id":"https:\/\/cj.estrategia.com\/portal\/prova-comentada-direito-do-trabalho-procurador-pgm-sp\/#primaryimage","url":"https:\/\/cj.estrategia.com\/portal\/wp-content\/uploads\/2022\/10\/04111030\/PGM-SP.jpg","contentUrl":"https:\/\/cj.estrategia.com\/portal\/wp-content\/uploads\/2022\/10\/04111030\/PGM-SP.jpg","width":768,"height":432,"caption":"Concurso PGM SP"},{"@type":"BreadcrumbList","@id":"https:\/\/cj.estrategia.com\/portal\/prova-comentada-direito-do-trabalho-procurador-pgm-sp\/#breadcrumb","itemListElement":[{"@type":"ListItem","position":1,"name":"In\u00edcio","item":"https:\/\/cj.estrategia.com\/portal\/"},{"@type":"ListItem","position":2,"name":"Prova comentada Direito do Trabalho Procurador PGM SP"}]},{"@type":"WebSite","@id":"https:\/\/cj.estrategia.com\/portal\/#website","url":"https:\/\/cj.estrategia.com\/portal\/","name":"Blog - Carreiras Jur\u00eddicas - Estrat\u00e9gia","description":"","publisher":{"@id":"https:\/\/cj.estrategia.com\/portal\/#organization"},"potentialAction":[{"@type":"SearchAction","target":{"@type":"EntryPoint","urlTemplate":"https:\/\/cj.estrategia.com\/portal\/?s={search_term_string}"},"query-input":{"@type":"PropertyValueSpecification","valueRequired":true,"valueName":"search_term_string"}}],"inLanguage":"pt-BR"},{"@type":"Organization","@id":"https:\/\/cj.estrategia.com\/portal\/#organization","name":"Estrat\u00e9gia - Carreiras Jur\u00eddicas","url":"https:\/\/cj.estrategia.com\/portal\/","logo":{"@type":"ImageObject","inLanguage":"pt-BR","@id":"https:\/\/cj.estrategia.com\/portal\/#\/schema\/logo\/image\/","url":"https:\/\/cj.estrategia.com\/portal\/wp-content\/uploads\/2022\/03\/11151052\/cj-logo.png","contentUrl":"https:\/\/cj.estrategia.com\/portal\/wp-content\/uploads\/2022\/03\/11151052\/cj-logo.png","width":150,"height":39,"caption":"Estrat\u00e9gia - Carreiras Jur\u00eddicas"},"image":{"@id":"https:\/\/cj.estrategia.com\/portal\/#\/schema\/logo\/image\/"},"sameAs":["https:\/\/www.facebook.com\/estrategiacarreirajuridica\/","https:\/\/x.com\/EstratJuridica","https:\/\/www.instagram.com\/estrategiacarreirajuridica\/","https:\/\/www.youtube.com\/channel\/UClbMGuYbj2Mh1m3w144ETWQ"]},{"@type":"Person","@id":"https:\/\/cj.estrategia.com\/portal\/#\/schema\/person\/4d70317d31449932b99102916b6637f5","name":"Coordena\u00e7\u00e3o","image":{"@type":"ImageObject","inLanguage":"pt-BR","@id":"https:\/\/cj.estrategia.com\/portal\/wp-content\/uploads\/2022\/05\/12164923\/estrategia-carreira-juridica-coordenacao-96x96.png","url":"https:\/\/cj.estrategia.com\/portal\/wp-content\/uploads\/2022\/05\/12164923\/estrategia-carreira-juridica-coordenacao-96x96.png","contentUrl":"https:\/\/cj.estrategia.com\/portal\/wp-content\/uploads\/2022\/05\/12164923\/estrategia-carreira-juridica-coordenacao-96x96.png","caption":"Coordena\u00e7\u00e3o"},"url":"https:\/\/cj.estrategia.com\/portal\/author\/coordenacao\/"}]}},"jetpack_featured_media_url":"https:\/\/cj.estrategia.com\/portal\/wp-content\/uploads\/2022\/10\/04111030\/PGM-SP.jpg","jetpack_sharing_enabled":true,"_links":{"self":[{"href":"https:\/\/cj.estrategia.com\/portal\/wp-json\/wp\/v2\/posts\/39350","targetHints":{"allow":["GET"]}}],"collection":[{"href":"https:\/\/cj.estrategia.com\/portal\/wp-json\/wp\/v2\/posts"}],"about":[{"href":"https:\/\/cj.estrategia.com\/portal\/wp-json\/wp\/v2\/types\/post"}],"author":[{"embeddable":true,"href":"https:\/\/cj.estrategia.com\/portal\/wp-json\/wp\/v2\/users\/12"}],"replies":[{"embeddable":true,"href":"https:\/\/cj.estrategia.com\/portal\/wp-json\/wp\/v2\/comments?post=39350"}],"version-history":[{"count":1,"href":"https:\/\/cj.estrategia.com\/portal\/wp-json\/wp\/v2\/posts\/39350\/revisions"}],"predecessor-version":[{"id":39351,"href":"https:\/\/cj.estrategia.com\/portal\/wp-json\/wp\/v2\/posts\/39350\/revisions\/39351"}],"wp:featuredmedia":[{"embeddable":true,"href":"https:\/\/cj.estrategia.com\/portal\/wp-json\/wp\/v2\/media\/20848"}],"wp:attachment":[{"href":"https:\/\/cj.estrategia.com\/portal\/wp-json\/wp\/v2\/media?parent=39350"}],"wp:term":[{"taxonomy":"category","embeddable":true,"href":"https:\/\/cj.estrategia.com\/portal\/wp-json\/wp\/v2\/categories?post=39350"},{"taxonomy":"post_tag","embeddable":true,"href":"https:\/\/cj.estrategia.com\/portal\/wp-json\/wp\/v2\/tags?post=39350"},{"taxonomy":"tax_estado","embeddable":true,"href":"https:\/\/cj.estrategia.com\/portal\/wp-json\/wp\/v2\/tax_estado?post=39350"}],"curies":[{"name":"wp","href":"https:\/\/api.w.org\/{rel}","templated":true}]}}