{"id":39123,"date":"2023-06-18T18:19:18","date_gmt":"2023-06-18T21:19:18","guid":{"rendered":"https:\/\/cj.estrategia.com\/portal\/?p=39123"},"modified":"2023-06-19T08:30:53","modified_gmt":"2023-06-19T11:30:53","slug":"recurso-e-gabarito-tj-sc-direito-civil-e-legislacao-civil-especial","status":"publish","type":"post","link":"https:\/\/cj.estrategia.com\/portal\/recurso-e-gabarito-tj-sc-direito-civil-e-legislacao-civil-especial\/","title":{"rendered":"RECURSO e Gabarito: TJ\/SC \u2013 Direito Civil e Legisla\u00e7\u00e3o Civil Especial"},"content":{"rendered":"\n<p>Eu, Prof. Paulo Sousa (<a href=\"http:\/\/www.instagram.com.br\/prof.phms\">IG<\/a>\u00a0e\u00a0<a href=\"https:\/\/www.youtube.com\/channel\/UC5BNzTLlcneB_x1aUAhXBAg\">YT<\/a>), vou apresentar o gabarito da prova objetiva de Direito Civil e Legisla\u00e7\u00e3o Civil Especial do TJ\/SC \u2013 Cart\u00f3rio. Vou fazer alguns coment\u00e1rios sobre a prova e analisar a possibilidade de recursos.<\/p>\n\n\n\n<p>Vamos l\u00e1<\/p>\n\n\n\n<figure class=\"wp-block-image size-full\"><img decoding=\"async\" width=\"400\" height=\"210\" src=\"https:\/\/cj.estrategia.com\/portal\/wp-content\/uploads\/2023\/06\/18175042\/WhatsApp-Image-2023-06-18-at-15.18.15.jpeg\" alt=\"\" class=\"wp-image-39124\" srcset=\"https:\/\/cj.estrategia.com\/portal\/wp-content\/uploads\/2023\/06\/18175042\/WhatsApp-Image-2023-06-18-at-15.18.15.jpeg 400w, https:\/\/cj.estrategia.com\/portal\/wp-content\/uploads\/2023\/06\/18175042\/WhatsApp-Image-2023-06-18-at-15.18.15-300x158.jpeg 300w, https:\/\/cj.estrategia.com\/portal\/wp-content\/uploads\/2023\/06\/18175042\/WhatsApp-Image-2023-06-18-at-15.18.15-380x200.jpeg 380w, https:\/\/cj.estrategia.com\/portal\/wp-content\/uploads\/2023\/06\/18175042\/WhatsApp-Image-2023-06-18-at-15.18.15-150x79.jpeg 150w\" sizes=\"(max-width: 400px) 100vw, 400px\" \/><\/figure>\n\n\n\n<p><strong>Coment\u00e1rios<\/strong><\/p>\n\n\n\n<p>Alternativa C correta, conforme art. 2\u00b0, \u00a71\u00b0, da Lei 4.504\/1964: <\/p>\n\n\n\n<p>\u00a0Art. 2\u00b0 \u00c9 assegurada a todos a oportunidade de acesso \u00e0 propriedade da terra, condicionada pela sua fun\u00e7\u00e3o social, na forma prevista nesta Lei.\u00a0\u00a7 1\u00b0 A propriedade da terra desempenha integralmente a sua fun\u00e7\u00e3o social quando, simultaneamente: a) favorece o bem-estar dos propriet\u00e1rios e dos trabalhadores que nela labutam, assim como de suas fam\u00edlias;\u00a0b) mant\u00e9m n\u00edveis satisfat\u00f3rios de produtividade; c) assegura a conserva\u00e7\u00e3o dos recursos naturais;\u00a0d) observa as disposi\u00e7\u00f5es legais que regulam as justas rela\u00e7\u00f5es de trabalho entre os que a possuem e a cultivem.<\/p>\n\n\n\n<figure class=\"wp-block-image size-full\"><img decoding=\"async\" width=\"407\" height=\"157\" src=\"https:\/\/cj.estrategia.com\/portal\/wp-content\/uploads\/2023\/06\/18175252\/WhatsApp-Image-2023-06-18-at-15.18.151.jpeg\" alt=\"\" class=\"wp-image-39126\" srcset=\"https:\/\/cj.estrategia.com\/portal\/wp-content\/uploads\/2023\/06\/18175252\/WhatsApp-Image-2023-06-18-at-15.18.151.jpeg 407w, https:\/\/cj.estrategia.com\/portal\/wp-content\/uploads\/2023\/06\/18175252\/WhatsApp-Image-2023-06-18-at-15.18.151-300x116.jpeg 300w, https:\/\/cj.estrategia.com\/portal\/wp-content\/uploads\/2023\/06\/18175252\/WhatsApp-Image-2023-06-18-at-15.18.151-380x147.jpeg 380w, https:\/\/cj.estrategia.com\/portal\/wp-content\/uploads\/2023\/06\/18175252\/WhatsApp-Image-2023-06-18-at-15.18.151-150x58.jpeg 150w\" sizes=\"(max-width: 407px) 100vw, 407px\" \/><\/figure>\n\n\n\n<p><strong>Coment\u00e1rios<\/strong><\/p>\n\n\n\n<p>Alternativa E correta, conforme arts. 678 e 682 do CC\/1916 e art. 167, inc. I, item 10, da Lei 6.015\/1973:<\/p>\n\n\n\n<p>Art. 678. D\u00e1-se a enfiteuse, aforamento, ou emprazamento, quando por ato entre vivos, ou de \u00faltima vontade, o propriet\u00e1rio atribui \u00e0 outro o dom\u00ednio \u00fatil do im\u00f3vel, pagando a pessoa, que o adquire, e assim se constitui enfiteuta, ao senhorio direto uma pens\u00e3o, ou foro, anual, certo e invari\u00e1vel.<\/p>\n\n\n\n<p>Art. 682. \u00c9 obrigado o enfiteuta a satisfazer os impostos e os \u00f4nus reais que gravarem o im\u00f3vel.<\/p>\n\n\n\n<figure class=\"wp-block-image size-full\"><img decoding=\"async\" width=\"418\" height=\"582\" src=\"https:\/\/cj.estrategia.com\/portal\/wp-content\/uploads\/2023\/06\/18175645\/WhatsApp-Image-2023-06-18-at-15.18.16.jpeg\" alt=\"\" class=\"wp-image-39127\" srcset=\"https:\/\/cj.estrategia.com\/portal\/wp-content\/uploads\/2023\/06\/18175645\/WhatsApp-Image-2023-06-18-at-15.18.16.jpeg 418w, https:\/\/cj.estrategia.com\/portal\/wp-content\/uploads\/2023\/06\/18175645\/WhatsApp-Image-2023-06-18-at-15.18.16-215x300.jpeg 215w, https:\/\/cj.estrategia.com\/portal\/wp-content\/uploads\/2023\/06\/18175645\/WhatsApp-Image-2023-06-18-at-15.18.16-380x529.jpeg 380w, https:\/\/cj.estrategia.com\/portal\/wp-content\/uploads\/2023\/06\/18175645\/WhatsApp-Image-2023-06-18-at-15.18.16-150x209.jpeg 150w\" sizes=\"(max-width: 418px) 100vw, 418px\" \/><\/figure>\n\n\n\n<p><strong>Coment\u00e1rios<\/strong><\/p>\n\n\n\n<p>Alternativa E correta, conforme art. 5\u00ba, inc. I e \u00a75\u00ba, da LGPD: <\/p>\n\n\n\n<p>Art. 5\u00ba Para os fins desta Lei, considera-se:<\/p>\n\n\n\n<p>I \u2013 dado pessoal: informa\u00e7\u00e3o relacionada a pessoa natural identificada ou identific\u00e1vel;<\/p>\n\n\n\n<figure class=\"wp-block-image size-full\"><img decoding=\"async\" width=\"390\" height=\"476\" src=\"https:\/\/cj.estrategia.com\/portal\/wp-content\/uploads\/2023\/06\/18175937\/WhatsApp-Image-2023-06-18-at-15.18.161.jpeg\" alt=\"\" class=\"wp-image-39128\" srcset=\"https:\/\/cj.estrategia.com\/portal\/wp-content\/uploads\/2023\/06\/18175937\/WhatsApp-Image-2023-06-18-at-15.18.161.jpeg 390w, https:\/\/cj.estrategia.com\/portal\/wp-content\/uploads\/2023\/06\/18175937\/WhatsApp-Image-2023-06-18-at-15.18.161-246x300.jpeg 246w, https:\/\/cj.estrategia.com\/portal\/wp-content\/uploads\/2023\/06\/18175937\/WhatsApp-Image-2023-06-18-at-15.18.161-380x464.jpeg 380w, https:\/\/cj.estrategia.com\/portal\/wp-content\/uploads\/2023\/06\/18175937\/WhatsApp-Image-2023-06-18-at-15.18.161-150x183.jpeg 150w\" sizes=\"(max-width: 390px) 100vw, 390px\" \/><\/figure>\n\n\n\n<p><strong>Coment\u00e1rios<\/strong><\/p>\n\n\n\n<p>Alternativa B correta, conforme art. 9\u00ba, \u00a76\u00ba, da Lei 9.434\/1997:<\/p>\n\n\n\n<p>Art. 9<sup>o<\/sup>\u00a0\u00c9 permitida \u00e0 pessoa juridicamente capaz dispor gratuitamente de tecidos, \u00f3rg\u00e3os e partes do pr\u00f3prio corpo vivo, para fins terap\u00eauticos ou para transplantes em c\u00f4njuge ou parentes consang\u00fc\u00edneos at\u00e9 o quarto grau, inclusive, na forma do \u00a7 4<sup>o<\/sup>\u00a0deste artigo, ou em qualquer outra pessoa, mediante autoriza\u00e7\u00e3o judicial, dispensada esta em rela\u00e7\u00e3o \u00e0 medula \u00f3ssea.\u00a0<\/p>\n\n\n\n<p>\u00a7 6\u00ba O indiv\u00edduo juridicamente incapaz, com compatibilidade imunol\u00f3gica comprovada, poder\u00e1 fazer doa\u00e7\u00e3o nos casos de transplante de medula \u00f3ssea, desde que haja consentimento de ambos os pais ou seus respons\u00e1veis legais e autoriza\u00e7\u00e3o judicial e o ato n\u00e3o oferecer risco para a sua sa\u00fade.<\/p>\n\n\n\n<figure class=\"wp-block-image size-full\"><img decoding=\"async\" width=\"380\" height=\"519\" src=\"https:\/\/cj.estrategia.com\/portal\/wp-content\/uploads\/2023\/06\/18180106\/WhatsApp-Image-2023-06-18-at-15.18.162.jpeg\" alt=\"\" class=\"wp-image-39129\" srcset=\"https:\/\/cj.estrategia.com\/portal\/wp-content\/uploads\/2023\/06\/18180106\/WhatsApp-Image-2023-06-18-at-15.18.162.jpeg 380w, https:\/\/cj.estrategia.com\/portal\/wp-content\/uploads\/2023\/06\/18180106\/WhatsApp-Image-2023-06-18-at-15.18.162-220x300.jpeg 220w, https:\/\/cj.estrategia.com\/portal\/wp-content\/uploads\/2023\/06\/18180106\/WhatsApp-Image-2023-06-18-at-15.18.162-150x205.jpeg 150w\" sizes=\"(max-width: 380px) 100vw, 380px\" \/><\/figure>\n\n\n\n<p><strong>Coment\u00e1rios<\/strong><\/p>\n\n\n\n<p>Alternativa A correta, conforme art. 12, \u00a72\u00ba, da Lei 13.<\/p>\n\n\n\n<p>Art. 12. O consentimento pr\u00e9vio, livre e esclarecido da pessoa com defici\u00eancia \u00e9 indispens\u00e1vel para a realiza\u00e7\u00e3o de tratamento, procedimento, hospitaliza\u00e7\u00e3o e pesquisa cient\u00edfica.146\/2015:<\/p>\n\n\n\n<p>\u00a7 2\u00ba A pesquisa cient\u00edfica envolvendo pessoa com defici\u00eancia em situa\u00e7\u00e3o de tutela ou de curatela deve ser realizada, em car\u00e1ter excepcional, apenas quando houver ind\u00edcios de benef\u00edcio direto para sua sa\u00fade ou para a sa\u00fade de outras pessoas com defici\u00eancia e desde que n\u00e3o haja outra op\u00e7\u00e3o de pesquisa de efic\u00e1cia compar\u00e1vel com participantes n\u00e3o tutelados ou curatelados.<\/p>\n\n\n\n<figure class=\"wp-block-image size-full\"><img decoding=\"async\" width=\"409\" height=\"530\" src=\"https:\/\/cj.estrategia.com\/portal\/wp-content\/uploads\/2023\/06\/18180229\/WhatsApp-Image-2023-06-18-at-15.18.17.jpeg\" alt=\"\" class=\"wp-image-39130\" srcset=\"https:\/\/cj.estrategia.com\/portal\/wp-content\/uploads\/2023\/06\/18180229\/WhatsApp-Image-2023-06-18-at-15.18.17.jpeg 409w, https:\/\/cj.estrategia.com\/portal\/wp-content\/uploads\/2023\/06\/18180229\/WhatsApp-Image-2023-06-18-at-15.18.17-232x300.jpeg 232w, https:\/\/cj.estrategia.com\/portal\/wp-content\/uploads\/2023\/06\/18180229\/WhatsApp-Image-2023-06-18-at-15.18.17-380x492.jpeg 380w, https:\/\/cj.estrategia.com\/portal\/wp-content\/uploads\/2023\/06\/18180229\/WhatsApp-Image-2023-06-18-at-15.18.17-150x194.jpeg 150w\" sizes=\"(max-width: 409px) 100vw, 409px\" \/><\/figure>\n\n\n\n<p><strong>Coment\u00e1rios<\/strong><\/p>\n\n\n\n<p>Alternativa A correta, conforme art. 3\u00ba, \u00a71\u00ba; Art. 4\u00ba, \u00a7\u00a71\u00ba e 2\u00ba, do Provimento 16\/2012 do CNJ:<\/p>\n\n\n\n<p>Art. 3\u00ba. O Oficial providenciar\u00e1 o preenchimento de termo, conforme modelo anexo a este Provimento, do qual constar\u00e3o os dadosfornecidos pela m\u00e3e (art. 1\u00ba) ou pelo filho maior (art. 2\u00ba), e colher\u00e1 sua assinatura, firmando-o tamb\u00e9m e zelando pela obten\u00e7\u00e3o do maior n\u00fameroposs\u00edvel de elementos para identifica\u00e7\u00e3o do genitor, especialmente nome, profiss\u00e3o (se conhecida) e endere\u00e7o.<\/p>\n\n\n\n<p>\u00a7 1\u00ba. Para indicar o suposto pai, com preenchimento e assinatura do termo, a pessoa interessada poder\u00e1, facultativamente, comparecera Of\u00edcio de Registro de Pessoas Naturais diverso daquele em que realizado o registro de nascimento.<\/p>\n\n\n\n<p>Art. 4\u00ba. O Oficial perante o qual houver comparecido a pessoa interessada remeter\u00e1 ao seu Juiz Corregedor Permanente, ou ao magistradoda respectiva comarca definido como competente pelas normas locais de organiza\u00e7\u00e3o judici\u00e1ria ou pelo Tribunal de Justi\u00e7a do Estado, o termo mencionado no artigo anterior, acompanhado da certid\u00e3o de nascimento, em original ou c\u00f3pia (art. 3\u00ba, \u00a7\u00a7 2\u00ba e 3\u00ba).<\/p>\n\n\n\n<p>\u00a7 1\u00b0. O Juiz, sempre que poss\u00edvel, ouvir\u00e1 a m\u00e3e sobre a paternidade alegada e mandar\u00e1, em qualquer caso, notificar o suposto pai,independente de seu estado civil, para que se manifeste sobre a paternidade que lhe \u00e9 atribu\u00edda.<\/p>\n\n\n\n<p>\u00a7 2\u00b0. O Juiz, quando entender necess\u00e1rio, determinar\u00e1 que a dilig\u00eancia seja realizada em segredo de justi\u00e7a e, se considerar conveniente,requisitar\u00e1 do Oficial perante o qual realizado o registro de nascimento certid\u00e3o integral.<\/p>\n\n\n\n<figure class=\"wp-block-image size-full\"><img decoding=\"async\" width=\"398\" height=\"469\" src=\"https:\/\/cj.estrategia.com\/portal\/wp-content\/uploads\/2023\/06\/18180355\/WhatsApp-Image-2023-06-18-at-15.18.171.jpeg\" alt=\"\" class=\"wp-image-39134\" srcset=\"https:\/\/cj.estrategia.com\/portal\/wp-content\/uploads\/2023\/06\/18180355\/WhatsApp-Image-2023-06-18-at-15.18.171.jpeg 398w, https:\/\/cj.estrategia.com\/portal\/wp-content\/uploads\/2023\/06\/18180355\/WhatsApp-Image-2023-06-18-at-15.18.171-255x300.jpeg 255w, https:\/\/cj.estrategia.com\/portal\/wp-content\/uploads\/2023\/06\/18180355\/WhatsApp-Image-2023-06-18-at-15.18.171-380x448.jpeg 380w, https:\/\/cj.estrategia.com\/portal\/wp-content\/uploads\/2023\/06\/18180355\/WhatsApp-Image-2023-06-18-at-15.18.171-150x177.jpeg 150w\" sizes=\"(max-width: 398px) 100vw, 398px\" \/><\/figure>\n\n\n\n<p><strong>Coment\u00e1rios<\/strong><\/p>\n\n\n\n<p>Alternativa C correta, conforme art. 2\u00b0 do Provimento 73\/2018 do CNJ:<\/p>\n\n\n\n<p>Art. 2\u00ba Toda pessoa maior de 18 anos completos habilitada \u00e0 pr\u00e1tica de todos os atos da vida civil poder\u00e1 requerer ao of\u00edcio do RCPN a altera\u00e7\u00e3o e a averba\u00e7\u00e3o do prenome e do g\u00eanero, a fim de adequ\u00e1-los \u00e0 identidade autopercebida.<\/p>\n\n\n\n<ul class=\"wp-block-list\">\n<li>1\u00ba A altera\u00e7\u00e3o referida no\u00a0<em>caput<\/em>\u00a0deste artigo poder\u00e1 abranger a inclus\u00e3o ou a exclus\u00e3o de agnomes indicativos de g\u00eanero ou de descend\u00eancia.<\/li>\n\n\n\n<li>2\u00ba A altera\u00e7\u00e3o referida no\u00a0<em>caput<\/em>\u00a0n\u00e3o compreende a altera\u00e7\u00e3o dos nomes de fam\u00edlia e n\u00e3o pode ensejar a identidade de prenome com outro membro da fam\u00edlia.<\/li>\n\n\n\n<li>3\u00ba A altera\u00e7\u00e3o referida no\u00a0<em>caput<\/em>\u00a0poder\u00e1 ser desconstitu\u00edda na via administrativa, mediante autoriza\u00e7\u00e3o do juiz corregedor permanente, ou na via judicial.<\/li>\n<\/ul>\n\n\n\n<figure class=\"wp-block-image size-full\"><img decoding=\"async\" width=\"420\" height=\"639\" src=\"https:\/\/cj.estrategia.com\/portal\/wp-content\/uploads\/2023\/06\/18180516\/WhatsApp-Image-2023-06-18-at-15.18.172.jpeg\" alt=\"\" class=\"wp-image-39135\" srcset=\"https:\/\/cj.estrategia.com\/portal\/wp-content\/uploads\/2023\/06\/18180516\/WhatsApp-Image-2023-06-18-at-15.18.172.jpeg 420w, https:\/\/cj.estrategia.com\/portal\/wp-content\/uploads\/2023\/06\/18180516\/WhatsApp-Image-2023-06-18-at-15.18.172-197x300.jpeg 197w, https:\/\/cj.estrategia.com\/portal\/wp-content\/uploads\/2023\/06\/18180516\/WhatsApp-Image-2023-06-18-at-15.18.172-380x578.jpeg 380w, https:\/\/cj.estrategia.com\/portal\/wp-content\/uploads\/2023\/06\/18180516\/WhatsApp-Image-2023-06-18-at-15.18.172-150x228.jpeg 150w\" sizes=\"(max-width: 420px) 100vw, 420px\" \/><\/figure>\n\n\n\n<p><strong>Coment\u00e1rios<\/strong><\/p>\n\n\n\n<p>Alternativa D correta, conforme art. 1.697 do CC e arts. 11 e 12 da Lei 10.741\/2003:<\/p>\n\n\n\n<p>CC, Art. 1.697. Na falta dos ascendentes cabe a obriga\u00e7\u00e3o aos descendentes, guardada a ordem de sucess\u00e3o e, faltando estes, aos irm\u00e3os, assim germanos como unilaterais.<\/p>\n\n\n\n<p>Estatuto do Idoso, Art. 11. Os alimentos ser\u00e3o prestados \u00e0 pessoa idosa na forma da lei civil.<\/p>\n\n\n\n<p>Art. 12. A obriga\u00e7\u00e3o alimentar \u00e9 solid\u00e1ria, podendo a pessoa idosa optar entre os prestadores.<\/p>\n\n\n\n<figure class=\"wp-block-image size-full\"><img decoding=\"async\" width=\"406\" height=\"597\" src=\"https:\/\/cj.estrategia.com\/portal\/wp-content\/uploads\/2023\/06\/18180746\/WhatsApp-Image-2023-06-18-at-15.18.173.jpeg\" alt=\"\" class=\"wp-image-39136\" srcset=\"https:\/\/cj.estrategia.com\/portal\/wp-content\/uploads\/2023\/06\/18180746\/WhatsApp-Image-2023-06-18-at-15.18.173.jpeg 406w, https:\/\/cj.estrategia.com\/portal\/wp-content\/uploads\/2023\/06\/18180746\/WhatsApp-Image-2023-06-18-at-15.18.173-204x300.jpeg 204w, https:\/\/cj.estrategia.com\/portal\/wp-content\/uploads\/2023\/06\/18180746\/WhatsApp-Image-2023-06-18-at-15.18.173-380x559.jpeg 380w, https:\/\/cj.estrategia.com\/portal\/wp-content\/uploads\/2023\/06\/18180746\/WhatsApp-Image-2023-06-18-at-15.18.173-150x221.jpeg 150w\" sizes=\"(max-width: 406px) 100vw, 406px\" \/><\/figure>\n\n\n\n<p><strong>Coment\u00e1rios<\/strong><\/p>\n\n\n\n<p>Alternativa D correta, conforme art. 40. \u00a7\u00a7 1\u00ba, 2\u00ba e 3\u00ba do CDC:<\/p>\n\n\n\n<p>\u00a0 Art. 40. O fornecedor de servi\u00e7o ser\u00e1 obrigado a entregar ao consumidor or\u00e7amento pr\u00e9vio discriminando o valor da m\u00e3o-de-obra, dos materiais e equipamentos a serem empregados, as condi\u00e7\u00f5es de pagamento, bem como as datas de in\u00edcio e t\u00e9rmino dos servi\u00e7os.<\/p>\n\n\n\n<p>\u00a0\u00a0\u00a0\u00a0\u00a0\u00a0\u00a0 \u00a7 1\u00ba Salvo estipula\u00e7\u00e3o em contr\u00e1rio, o valor or\u00e7ado ter\u00e1 validade pelo prazo de dez dias, contado de seu recebimento pelo consumidor.<\/p>\n\n\n\n<p>\u00a0\u00a0\u00a0\u00a0\u00a0\u00a0\u00a0 \u00a7 2\u00b0 Uma vez aprovado pelo consumidor, o or\u00e7amento obriga os contraentes e somente pode ser alterado mediante livre negocia\u00e7\u00e3o das partes.<\/p>\n\n\n\n<p>\u00a0\u00a0\u00a0\u00a0\u00a0\u00a0\u00a0 \u00a7 3\u00b0 O consumidor n\u00e3o responde por quaisquer \u00f4nus ou acr\u00e9scimos decorrentes da contrata\u00e7\u00e3o de servi\u00e7os de terceiros n\u00e3o previstos no or\u00e7amento pr\u00e9vio.<\/p>\n\n\n\n<figure class=\"wp-block-image size-full\"><img decoding=\"async\" width=\"406\" height=\"251\" src=\"https:\/\/cj.estrategia.com\/portal\/wp-content\/uploads\/2023\/06\/18180843\/WhatsApp-Image-2023-06-18-at-15.18.18.jpeg\" alt=\"\" class=\"wp-image-39137\" srcset=\"https:\/\/cj.estrategia.com\/portal\/wp-content\/uploads\/2023\/06\/18180843\/WhatsApp-Image-2023-06-18-at-15.18.18.jpeg 406w, https:\/\/cj.estrategia.com\/portal\/wp-content\/uploads\/2023\/06\/18180843\/WhatsApp-Image-2023-06-18-at-15.18.18-300x185.jpeg 300w, https:\/\/cj.estrategia.com\/portal\/wp-content\/uploads\/2023\/06\/18180843\/WhatsApp-Image-2023-06-18-at-15.18.18-380x235.jpeg 380w, https:\/\/cj.estrategia.com\/portal\/wp-content\/uploads\/2023\/06\/18180843\/WhatsApp-Image-2023-06-18-at-15.18.18-150x93.jpeg 150w\" sizes=\"(max-width: 406px) 100vw, 406px\" \/><\/figure>\n\n\n\n<p><strong>Coment\u00e1rios<\/strong><\/p>\n\n\n\n<p>Alternativa C correta, conforme art. 206, \u00a71\u00b0, III, do CC:<\/p>\n\n\n\n<p>Art. 206. Prescreve:<\/p>\n\n\n\n<p>\u00a7 1\u00a0<sup><u>o\u00a0<\/u><\/sup>Em um ano:<\/p>\n\n\n\n<p>III \u2013 a pretens\u00e3o dos tabeli\u00e3es, auxiliares da justi\u00e7a, serventu\u00e1rios judiciais, \u00e1rbitros e peritos, pela percep\u00e7\u00e3o de emolumentos, custas e honor\u00e1rios;<\/p>\n\n\n\n<figure class=\"wp-block-image size-full\"><img decoding=\"async\" width=\"401\" height=\"245\" src=\"https:\/\/cj.estrategia.com\/portal\/wp-content\/uploads\/2023\/06\/18181040\/WhatsApp-Image-2023-06-18-at-15.18.181.jpeg\" alt=\"\" class=\"wp-image-39138\" srcset=\"https:\/\/cj.estrategia.com\/portal\/wp-content\/uploads\/2023\/06\/18181040\/WhatsApp-Image-2023-06-18-at-15.18.181.jpeg 401w, https:\/\/cj.estrategia.com\/portal\/wp-content\/uploads\/2023\/06\/18181040\/WhatsApp-Image-2023-06-18-at-15.18.181-300x183.jpeg 300w, https:\/\/cj.estrategia.com\/portal\/wp-content\/uploads\/2023\/06\/18181040\/WhatsApp-Image-2023-06-18-at-15.18.181-380x232.jpeg 380w, https:\/\/cj.estrategia.com\/portal\/wp-content\/uploads\/2023\/06\/18181040\/WhatsApp-Image-2023-06-18-at-15.18.181-150x92.jpeg 150w\" sizes=\"(max-width: 401px) 100vw, 401px\" \/><\/figure>\n\n\n\n<p><strong>Coment\u00e1rios<\/strong><\/p>\n\n\n\n<p>Alternativa E correta, conforme art. 158 e REsp 1.885.750:<\/p>\n\n\n\n<p>CC, Art. 158. Os neg\u00f3cios de transmiss\u00e3o gratuita de bens ou remiss\u00e3o de d\u00edvida, se os praticar o devedor j\u00e1 insolvente, ou por eles reduzido \u00e0 insolv\u00eancia, ainda quando o ignore, poder\u00e3o ser anulados pelos credores quirograf\u00e1rios, como lesivos dos seus direitos.<\/p>\n\n\n\n<p>STJ, Em regra, para que haja fraude, \u00e9 indispens\u00e1vel que tenha havido a cita\u00e7\u00e3o v\u00e1lida do devedor , pois, neste momento, existe a certeza de que tem consci\u00eancia da exist\u00eancia do processo. S\u00e3o exce\u00e7\u00f5es: a) no direito tribut\u00e1rio, a presun\u00e7\u00e3o da fraude ocorre n\u00e3o no momento da cita\u00e7\u00e3o, mas antes, no momento da inscri\u00e7\u00e3o em d\u00edvida ativa (art. 185, CTN); b) mesmo sem cita\u00e7\u00e3o v\u00e1lida, consoante o STJ, haver\u00e1 fraude \u00e0 execu\u00e7\u00e3o se houver comprova\u00e7\u00e3o de que o devedor sabia da pend\u00eancia do processo antes de sua cita\u00e7\u00e3o, seja por conta da averba\u00e7\u00e3o da execu\u00e7\u00e3o nos registros p\u00fablicos (art. 792, I), seja por detec\u00e7\u00e3o da m\u00e1-f\u00e9 por outros meios de prova . A exegese do artigo 792, IV, do CPC\/15 (art. 593, II, do CPC\/73), de se fixar a cita\u00e7\u00e3o como momento a partir do qual estaria configurada a fraude de execu\u00e7\u00e3o, exsurgiu com o n\u00edtido objetivo de proteger terceiros adquirentes de boa-f\u00e9. No caso, n\u00e3o h\u00e1 terceiro de boa-f\u00e9 a ser protegido, havendo elementos nos autos a indicar que a devedora doou intencionalmente e de m\u00e1-f\u00e9 todo o patrim\u00f4nio ao pr\u00f3prio filho, quando ambos j\u00e1 tinham ci\u00eancia da demanda capaz de reduzi-la \u00e0 insolv\u00eancia. Assim, \u00e0 vista das peculiaridades do caso concreto, bem delineadas na decis\u00e3o do Ju\u00edzo a quo, deve ser confirmada a decreta\u00e7\u00e3o da fraude \u00e0 execu\u00e7\u00e3o, mesmo que o ato da transfer\u00eancia dos bens tenha ocorrido antes da cita\u00e7\u00e3o formal da devedora no processo de execu\u00e7\u00e3o. (STJ, 4\u00aa ,T, AgInt no REsp 1885750\/AM, Rel. Min. Raul Ara\u00fajo, d.j. 20\/04\/21)<\/p>\n\n\n\n<p>Assim, h\u00e1 possibilidade de recurso nessa quest\u00e3o, pois se considerarmos apenas o CC, a alternativa D seria a correta, mas, considerando o entendimento do STJ, correta alternativa E.<\/p>\n\n\n\n<figure class=\"wp-block-image size-full\"><img decoding=\"async\" width=\"391\" height=\"656\" src=\"https:\/\/cj.estrategia.com\/portal\/wp-content\/uploads\/2023\/06\/18181411\/WhatsApp-Image-2023-06-18-at-15.29.12.jpeg\" alt=\"\" class=\"wp-image-39139\" srcset=\"https:\/\/cj.estrategia.com\/portal\/wp-content\/uploads\/2023\/06\/18181411\/WhatsApp-Image-2023-06-18-at-15.29.12.jpeg 391w, https:\/\/cj.estrategia.com\/portal\/wp-content\/uploads\/2023\/06\/18181411\/WhatsApp-Image-2023-06-18-at-15.29.12-179x300.jpeg 179w, https:\/\/cj.estrategia.com\/portal\/wp-content\/uploads\/2023\/06\/18181411\/WhatsApp-Image-2023-06-18-at-15.29.12-380x638.jpeg 380w, https:\/\/cj.estrategia.com\/portal\/wp-content\/uploads\/2023\/06\/18181411\/WhatsApp-Image-2023-06-18-at-15.29.12-150x252.jpeg 150w\" sizes=\"(max-width: 391px) 100vw, 391px\" \/><\/figure>\n\n\n\n<p><strong>Coment\u00e1rios<\/strong><\/p>\n\n\n\n<p>Alternativa A correta, conforme arts. 505 e 507, do CC:<\/p>\n\n\n\n<p>Art. 505. O vendedor de coisa im\u00f3vel pode reservar-se o direito de recobr\u00e1-la no prazo m\u00e1ximo de decad\u00eancia de tr\u00eas anos, restituindo o pre\u00e7o recebido e reembolsando as despesas do comprador, inclusive as que, durante o per\u00edodo de resgate, se efetuaram com a sua autoriza\u00e7\u00e3o escrita, ou para a realiza\u00e7\u00e3o de benfeitorias necess\u00e1rias.<\/p>\n\n\n\n<p>Art. 507. O direito de retrato, que \u00e9 cess\u00edvel e transmiss\u00edvel a herdeiros e legat\u00e1rios, poder\u00e1 ser exercido contra o terceiro adquirente.<\/p>\n\n\n\n<p>Assim, visualizei possibilidade de recurso na quest\u00e3o de n\u00famero 49.<\/p>\n\n\n\n<p>Espero que voc\u00ea tenha ido bem na prova!<\/p>\n\n\n\n<p><\/p>\n\n\n\n<p>Abra\u00e7o,<\/p>\n\n\n\n<p><a href=\"https:\/\/www.estrategiaconcursos.com.br\/cursosPorProfessor\/paulo-h-m-sousa-3384\/\">Paulo H M Sousa<\/a><\/p>\n\n\n\n<p><a href=\"http:\/\/www.instagram.com.br\/prof.phms\">Instagram<\/a><\/p>\n\n\n\n<p><a href=\"https:\/\/www.youtube.com\/channel\/UC5BNzTLlcneB_x1aUAhXBAg\">Youtube<\/a><\/p>\n","protected":false},"excerpt":{"rendered":"Eu, Prof. Paulo Sousa (IG\u00a0e\u00a0YT), vou apresentar o gabarito da prova objetiva de Direito Civil e Legisla\u00e7\u00e3o Civil&hellip;\n","protected":false},"author":25,"featured_media":20771,"comment_status":"open","ping_status":"open","sticky":false,"template":"","format":"standard","meta":{"_jetpack_memberships_contains_paid_content":false,"footnotes":""},"categories":[1],"tags":[],"tax_estado":[],"class_list":{"0":"post-39123","1":"post","2":"type-post","3":"status-publish","4":"format-standard","5":"has-post-thumbnail","7":"category-carreiras-juridicas"},"acf":[],"yoast_head":"<!-- This site is optimized with the Yoast SEO Premium plugin v27.5 (Yoast SEO v27.5) - https:\/\/yoast.com\/product\/yoast-seo-premium-wordpress\/ -->\n<title>RECURSO e Gabarito: TJ\/SC \u2013 Direito Civil e Legisla\u00e7\u00e3o Civil Especial<\/title>\n<meta name=\"robots\" content=\"index, follow, max-snippet:-1, max-image-preview:large, max-video-preview:-1\" \/>\n<link rel=\"canonical\" href=\"https:\/\/cj.estrategia.com\/portal\/recurso-e-gabarito-tj-sc-direito-civil-e-legislacao-civil-especial\/\" \/>\n<meta property=\"og:locale\" content=\"pt_BR\" \/>\n<meta property=\"og:type\" content=\"article\" \/>\n<meta property=\"og:title\" content=\"RECURSO e Gabarito: TJ\/SC \u2013 Direito Civil e Legisla\u00e7\u00e3o Civil Especial\" \/>\n<meta property=\"og:description\" content=\"Eu, Prof. Paulo Sousa (IG\u00a0e\u00a0YT), vou apresentar o gabarito da prova objetiva de Direito Civil e Legisla\u00e7\u00e3o Civil&hellip;\" \/>\n<meta property=\"og:url\" content=\"https:\/\/cj.estrategia.com\/portal\/recurso-e-gabarito-tj-sc-direito-civil-e-legislacao-civil-especial\/\" \/>\n<meta property=\"og:site_name\" content=\"Blog - Carreiras Jur\u00eddicas - Estrat\u00e9gia\" \/>\n<meta property=\"article:publisher\" content=\"https:\/\/www.facebook.com\/estrategiacarreirajuridica\/\" \/>\n<meta property=\"article:published_time\" content=\"2023-06-18T21:19:18+00:00\" \/>\n<meta property=\"article:modified_time\" content=\"2023-06-19T11:30:53+00:00\" \/>\n<meta property=\"og:image\" content=\"https:\/\/cj.estrategia.com\/portal\/wp-content\/uploads\/2022\/09\/04101845\/CARTORIO-SC.jpg\" \/>\n\t<meta property=\"og:image:width\" content=\"768\" \/>\n\t<meta property=\"og:image:height\" content=\"432\" \/>\n\t<meta property=\"og:image:type\" content=\"image\/jpeg\" \/>\n<meta name=\"author\" content=\"Paulo Sousa\" \/>\n<meta name=\"twitter:card\" content=\"summary_large_image\" \/>\n<meta name=\"twitter:creator\" content=\"@EstratJuridica\" \/>\n<meta name=\"twitter:site\" content=\"@EstratJuridica\" \/>\n<meta name=\"twitter:label1\" content=\"Escrito por\" \/>\n\t<meta name=\"twitter:data1\" content=\"Paulo Sousa\" \/>\n\t<meta name=\"twitter:label2\" content=\"Est. tempo de leitura\" \/>\n\t<meta name=\"twitter:data2\" content=\"11 minutos\" \/>\n<script type=\"application\/ld+json\" class=\"yoast-schema-graph\">{\"@context\":\"https:\\\/\\\/schema.org\",\"@graph\":[{\"@type\":\"NewsArticle\",\"@id\":\"https:\\\/\\\/cj.estrategia.com\\\/portal\\\/recurso-e-gabarito-tj-sc-direito-civil-e-legislacao-civil-especial\\\/#article\",\"isPartOf\":{\"@id\":\"https:\\\/\\\/cj.estrategia.com\\\/portal\\\/recurso-e-gabarito-tj-sc-direito-civil-e-legislacao-civil-especial\\\/\"},\"author\":{\"name\":\"Paulo Sousa\",\"@id\":\"https:\\\/\\\/cj.estrategia.com\\\/portal\\\/#\\\/schema\\\/person\\\/ca2b1852f3164f34a9c9ada7741ac9ac\"},\"headline\":\"RECURSO e Gabarito: TJ\\\/SC \u2013 Direito Civil e Legisla\u00e7\u00e3o Civil Especial\",\"datePublished\":\"2023-06-18T21:19:18+00:00\",\"dateModified\":\"2023-06-19T11:30:53+00:00\",\"mainEntityOfPage\":{\"@id\":\"https:\\\/\\\/cj.estrategia.com\\\/portal\\\/recurso-e-gabarito-tj-sc-direito-civil-e-legislacao-civil-especial\\\/\"},\"wordCount\":1659,\"commentCount\":0,\"publisher\":{\"@id\":\"https:\\\/\\\/cj.estrategia.com\\\/portal\\\/#organization\"},\"image\":{\"@id\":\"https:\\\/\\\/cj.estrategia.com\\\/portal\\\/recurso-e-gabarito-tj-sc-direito-civil-e-legislacao-civil-especial\\\/#primaryimage\"},\"thumbnailUrl\":\"https:\\\/\\\/cj.estrategia.com\\\/portal\\\/wp-content\\\/uploads\\\/2022\\\/09\\\/04101845\\\/CARTORIO-SC.jpg\",\"articleSection\":[\"Carreiras Jur\u00eddicas\"],\"inLanguage\":\"pt-BR\",\"potentialAction\":[{\"@type\":\"CommentAction\",\"name\":\"Comment\",\"target\":[\"https:\\\/\\\/cj.estrategia.com\\\/portal\\\/recurso-e-gabarito-tj-sc-direito-civil-e-legislacao-civil-especial\\\/#respond\"]}]},{\"@type\":\"WebPage\",\"@id\":\"https:\\\/\\\/cj.estrategia.com\\\/portal\\\/recurso-e-gabarito-tj-sc-direito-civil-e-legislacao-civil-especial\\\/\",\"url\":\"https:\\\/\\\/cj.estrategia.com\\\/portal\\\/recurso-e-gabarito-tj-sc-direito-civil-e-legislacao-civil-especial\\\/\",\"name\":\"RECURSO e Gabarito: TJ\\\/SC \u2013 Direito Civil e Legisla\u00e7\u00e3o Civil Especial\",\"isPartOf\":{\"@id\":\"https:\\\/\\\/cj.estrategia.com\\\/portal\\\/#website\"},\"primaryImageOfPage\":{\"@id\":\"https:\\\/\\\/cj.estrategia.com\\\/portal\\\/recurso-e-gabarito-tj-sc-direito-civil-e-legislacao-civil-especial\\\/#primaryimage\"},\"image\":{\"@id\":\"https:\\\/\\\/cj.estrategia.com\\\/portal\\\/recurso-e-gabarito-tj-sc-direito-civil-e-legislacao-civil-especial\\\/#primaryimage\"},\"thumbnailUrl\":\"https:\\\/\\\/cj.estrategia.com\\\/portal\\\/wp-content\\\/uploads\\\/2022\\\/09\\\/04101845\\\/CARTORIO-SC.jpg\",\"datePublished\":\"2023-06-18T21:19:18+00:00\",\"dateModified\":\"2023-06-19T11:30:53+00:00\",\"breadcrumb\":{\"@id\":\"https:\\\/\\\/cj.estrategia.com\\\/portal\\\/recurso-e-gabarito-tj-sc-direito-civil-e-legislacao-civil-especial\\\/#breadcrumb\"},\"inLanguage\":\"pt-BR\",\"potentialAction\":[{\"@type\":\"ReadAction\",\"target\":[\"https:\\\/\\\/cj.estrategia.com\\\/portal\\\/recurso-e-gabarito-tj-sc-direito-civil-e-legislacao-civil-especial\\\/\"]}]},{\"@type\":\"ImageObject\",\"inLanguage\":\"pt-BR\",\"@id\":\"https:\\\/\\\/cj.estrategia.com\\\/portal\\\/recurso-e-gabarito-tj-sc-direito-civil-e-legislacao-civil-especial\\\/#primaryimage\",\"url\":\"https:\\\/\\\/cj.estrategia.com\\\/portal\\\/wp-content\\\/uploads\\\/2022\\\/09\\\/04101845\\\/CARTORIO-SC.jpg\",\"contentUrl\":\"https:\\\/\\\/cj.estrategia.com\\\/portal\\\/wp-content\\\/uploads\\\/2022\\\/09\\\/04101845\\\/CARTORIO-SC.jpg\",\"width\":768,\"height\":432,\"caption\":\"Concurso Cart\u00f3rio SC\"},{\"@type\":\"BreadcrumbList\",\"@id\":\"https:\\\/\\\/cj.estrategia.com\\\/portal\\\/recurso-e-gabarito-tj-sc-direito-civil-e-legislacao-civil-especial\\\/#breadcrumb\",\"itemListElement\":[{\"@type\":\"ListItem\",\"position\":1,\"name\":\"In\u00edcio\",\"item\":\"https:\\\/\\\/cj.estrategia.com\\\/portal\\\/\"},{\"@type\":\"ListItem\",\"position\":2,\"name\":\"RECURSO e Gabarito: TJ\\\/SC \u2013 Direito Civil e Legisla\u00e7\u00e3o Civil Especial\"}]},{\"@type\":\"WebSite\",\"@id\":\"https:\\\/\\\/cj.estrategia.com\\\/portal\\\/#website\",\"url\":\"https:\\\/\\\/cj.estrategia.com\\\/portal\\\/\",\"name\":\"Blog - Carreiras Jur\u00eddicas - Estrat\u00e9gia\",\"description\":\"\",\"publisher\":{\"@id\":\"https:\\\/\\\/cj.estrategia.com\\\/portal\\\/#organization\"},\"potentialAction\":[{\"@type\":\"SearchAction\",\"target\":{\"@type\":\"EntryPoint\",\"urlTemplate\":\"https:\\\/\\\/cj.estrategia.com\\\/portal\\\/?s={search_term_string}\"},\"query-input\":{\"@type\":\"PropertyValueSpecification\",\"valueRequired\":true,\"valueName\":\"search_term_string\"}}],\"inLanguage\":\"pt-BR\"},{\"@type\":\"Organization\",\"@id\":\"https:\\\/\\\/cj.estrategia.com\\\/portal\\\/#organization\",\"name\":\"Estrat\u00e9gia - Carreiras Jur\u00eddicas\",\"url\":\"https:\\\/\\\/cj.estrategia.com\\\/portal\\\/\",\"logo\":{\"@type\":\"ImageObject\",\"inLanguage\":\"pt-BR\",\"@id\":\"https:\\\/\\\/cj.estrategia.com\\\/portal\\\/#\\\/schema\\\/logo\\\/image\\\/\",\"url\":\"https:\\\/\\\/cj.estrategia.com\\\/portal\\\/wp-content\\\/uploads\\\/2022\\\/03\\\/11151052\\\/cj-logo.png\",\"contentUrl\":\"https:\\\/\\\/cj.estrategia.com\\\/portal\\\/wp-content\\\/uploads\\\/2022\\\/03\\\/11151052\\\/cj-logo.png\",\"width\":150,\"height\":39,\"caption\":\"Estrat\u00e9gia - Carreiras Jur\u00eddicas\"},\"image\":{\"@id\":\"https:\\\/\\\/cj.estrategia.com\\\/portal\\\/#\\\/schema\\\/logo\\\/image\\\/\"},\"sameAs\":[\"https:\\\/\\\/www.facebook.com\\\/estrategiacarreirajuridica\\\/\",\"https:\\\/\\\/x.com\\\/EstratJuridica\",\"https:\\\/\\\/www.instagram.com\\\/estrategiacarreirajuridica\\\/\",\"https:\\\/\\\/www.youtube.com\\\/channel\\\/UClbMGuYbj2Mh1m3w144ETWQ\"]},{\"@type\":\"Person\",\"@id\":\"https:\\\/\\\/cj.estrategia.com\\\/portal\\\/#\\\/schema\\\/person\\\/ca2b1852f3164f34a9c9ada7741ac9ac\",\"name\":\"Paulo Sousa\",\"image\":{\"@type\":\"ImageObject\",\"inLanguage\":\"pt-BR\",\"@id\":\"https:\\\/\\\/cj.estrategia.com\\\/portal\\\/wp-content\\\/uploads\\\/2023\\\/03\\\/30133758\\\/Paulo-96x96.png\",\"url\":\"https:\\\/\\\/cj.estrategia.com\\\/portal\\\/wp-content\\\/uploads\\\/2023\\\/03\\\/30133758\\\/Paulo-96x96.png\",\"contentUrl\":\"https:\\\/\\\/cj.estrategia.com\\\/portal\\\/wp-content\\\/uploads\\\/2023\\\/03\\\/30133758\\\/Paulo-96x96.png\",\"caption\":\"Paulo Sousa\"},\"url\":\"https:\\\/\\\/cj.estrategia.com\\\/portal\\\/author\\\/paulo-sousa\\\/\"}]}<\/script>\n<!-- \/ Yoast SEO Premium plugin. -->","yoast_head_json":{"title":"RECURSO e Gabarito: TJ\/SC \u2013 Direito Civil e Legisla\u00e7\u00e3o Civil Especial","robots":{"index":"index","follow":"follow","max-snippet":"max-snippet:-1","max-image-preview":"max-image-preview:large","max-video-preview":"max-video-preview:-1"},"canonical":"https:\/\/cj.estrategia.com\/portal\/recurso-e-gabarito-tj-sc-direito-civil-e-legislacao-civil-especial\/","og_locale":"pt_BR","og_type":"article","og_title":"RECURSO e Gabarito: TJ\/SC \u2013 Direito Civil e Legisla\u00e7\u00e3o Civil Especial","og_description":"Eu, Prof. Paulo Sousa (IG\u00a0e\u00a0YT), vou apresentar o gabarito da prova objetiva de Direito Civil e Legisla\u00e7\u00e3o Civil&hellip;","og_url":"https:\/\/cj.estrategia.com\/portal\/recurso-e-gabarito-tj-sc-direito-civil-e-legislacao-civil-especial\/","og_site_name":"Blog - Carreiras Jur\u00eddicas - Estrat\u00e9gia","article_publisher":"https:\/\/www.facebook.com\/estrategiacarreirajuridica\/","article_published_time":"2023-06-18T21:19:18+00:00","article_modified_time":"2023-06-19T11:30:53+00:00","og_image":[{"width":768,"height":432,"url":"https:\/\/cj.estrategia.com\/portal\/wp-content\/uploads\/2022\/09\/04101845\/CARTORIO-SC.jpg","type":"image\/jpeg"}],"author":"Paulo Sousa","twitter_card":"summary_large_image","twitter_creator":"@EstratJuridica","twitter_site":"@EstratJuridica","twitter_misc":{"Escrito por":"Paulo Sousa","Est. tempo de leitura":"11 minutos"},"schema":{"@context":"https:\/\/schema.org","@graph":[{"@type":"NewsArticle","@id":"https:\/\/cj.estrategia.com\/portal\/recurso-e-gabarito-tj-sc-direito-civil-e-legislacao-civil-especial\/#article","isPartOf":{"@id":"https:\/\/cj.estrategia.com\/portal\/recurso-e-gabarito-tj-sc-direito-civil-e-legislacao-civil-especial\/"},"author":{"name":"Paulo Sousa","@id":"https:\/\/cj.estrategia.com\/portal\/#\/schema\/person\/ca2b1852f3164f34a9c9ada7741ac9ac"},"headline":"RECURSO e Gabarito: TJ\/SC \u2013 Direito Civil e Legisla\u00e7\u00e3o Civil Especial","datePublished":"2023-06-18T21:19:18+00:00","dateModified":"2023-06-19T11:30:53+00:00","mainEntityOfPage":{"@id":"https:\/\/cj.estrategia.com\/portal\/recurso-e-gabarito-tj-sc-direito-civil-e-legislacao-civil-especial\/"},"wordCount":1659,"commentCount":0,"publisher":{"@id":"https:\/\/cj.estrategia.com\/portal\/#organization"},"image":{"@id":"https:\/\/cj.estrategia.com\/portal\/recurso-e-gabarito-tj-sc-direito-civil-e-legislacao-civil-especial\/#primaryimage"},"thumbnailUrl":"https:\/\/cj.estrategia.com\/portal\/wp-content\/uploads\/2022\/09\/04101845\/CARTORIO-SC.jpg","articleSection":["Carreiras Jur\u00eddicas"],"inLanguage":"pt-BR","potentialAction":[{"@type":"CommentAction","name":"Comment","target":["https:\/\/cj.estrategia.com\/portal\/recurso-e-gabarito-tj-sc-direito-civil-e-legislacao-civil-especial\/#respond"]}]},{"@type":"WebPage","@id":"https:\/\/cj.estrategia.com\/portal\/recurso-e-gabarito-tj-sc-direito-civil-e-legislacao-civil-especial\/","url":"https:\/\/cj.estrategia.com\/portal\/recurso-e-gabarito-tj-sc-direito-civil-e-legislacao-civil-especial\/","name":"RECURSO e Gabarito: TJ\/SC \u2013 Direito Civil e Legisla\u00e7\u00e3o Civil Especial","isPartOf":{"@id":"https:\/\/cj.estrategia.com\/portal\/#website"},"primaryImageOfPage":{"@id":"https:\/\/cj.estrategia.com\/portal\/recurso-e-gabarito-tj-sc-direito-civil-e-legislacao-civil-especial\/#primaryimage"},"image":{"@id":"https:\/\/cj.estrategia.com\/portal\/recurso-e-gabarito-tj-sc-direito-civil-e-legislacao-civil-especial\/#primaryimage"},"thumbnailUrl":"https:\/\/cj.estrategia.com\/portal\/wp-content\/uploads\/2022\/09\/04101845\/CARTORIO-SC.jpg","datePublished":"2023-06-18T21:19:18+00:00","dateModified":"2023-06-19T11:30:53+00:00","breadcrumb":{"@id":"https:\/\/cj.estrategia.com\/portal\/recurso-e-gabarito-tj-sc-direito-civil-e-legislacao-civil-especial\/#breadcrumb"},"inLanguage":"pt-BR","potentialAction":[{"@type":"ReadAction","target":["https:\/\/cj.estrategia.com\/portal\/recurso-e-gabarito-tj-sc-direito-civil-e-legislacao-civil-especial\/"]}]},{"@type":"ImageObject","inLanguage":"pt-BR","@id":"https:\/\/cj.estrategia.com\/portal\/recurso-e-gabarito-tj-sc-direito-civil-e-legislacao-civil-especial\/#primaryimage","url":"https:\/\/cj.estrategia.com\/portal\/wp-content\/uploads\/2022\/09\/04101845\/CARTORIO-SC.jpg","contentUrl":"https:\/\/cj.estrategia.com\/portal\/wp-content\/uploads\/2022\/09\/04101845\/CARTORIO-SC.jpg","width":768,"height":432,"caption":"Concurso Cart\u00f3rio SC"},{"@type":"BreadcrumbList","@id":"https:\/\/cj.estrategia.com\/portal\/recurso-e-gabarito-tj-sc-direito-civil-e-legislacao-civil-especial\/#breadcrumb","itemListElement":[{"@type":"ListItem","position":1,"name":"In\u00edcio","item":"https:\/\/cj.estrategia.com\/portal\/"},{"@type":"ListItem","position":2,"name":"RECURSO e Gabarito: TJ\/SC \u2013 Direito Civil e Legisla\u00e7\u00e3o Civil Especial"}]},{"@type":"WebSite","@id":"https:\/\/cj.estrategia.com\/portal\/#website","url":"https:\/\/cj.estrategia.com\/portal\/","name":"Blog - Carreiras Jur\u00eddicas - Estrat\u00e9gia","description":"","publisher":{"@id":"https:\/\/cj.estrategia.com\/portal\/#organization"},"potentialAction":[{"@type":"SearchAction","target":{"@type":"EntryPoint","urlTemplate":"https:\/\/cj.estrategia.com\/portal\/?s={search_term_string}"},"query-input":{"@type":"PropertyValueSpecification","valueRequired":true,"valueName":"search_term_string"}}],"inLanguage":"pt-BR"},{"@type":"Organization","@id":"https:\/\/cj.estrategia.com\/portal\/#organization","name":"Estrat\u00e9gia - Carreiras Jur\u00eddicas","url":"https:\/\/cj.estrategia.com\/portal\/","logo":{"@type":"ImageObject","inLanguage":"pt-BR","@id":"https:\/\/cj.estrategia.com\/portal\/#\/schema\/logo\/image\/","url":"https:\/\/cj.estrategia.com\/portal\/wp-content\/uploads\/2022\/03\/11151052\/cj-logo.png","contentUrl":"https:\/\/cj.estrategia.com\/portal\/wp-content\/uploads\/2022\/03\/11151052\/cj-logo.png","width":150,"height":39,"caption":"Estrat\u00e9gia - Carreiras Jur\u00eddicas"},"image":{"@id":"https:\/\/cj.estrategia.com\/portal\/#\/schema\/logo\/image\/"},"sameAs":["https:\/\/www.facebook.com\/estrategiacarreirajuridica\/","https:\/\/x.com\/EstratJuridica","https:\/\/www.instagram.com\/estrategiacarreirajuridica\/","https:\/\/www.youtube.com\/channel\/UClbMGuYbj2Mh1m3w144ETWQ"]},{"@type":"Person","@id":"https:\/\/cj.estrategia.com\/portal\/#\/schema\/person\/ca2b1852f3164f34a9c9ada7741ac9ac","name":"Paulo Sousa","image":{"@type":"ImageObject","inLanguage":"pt-BR","@id":"https:\/\/cj.estrategia.com\/portal\/wp-content\/uploads\/2023\/03\/30133758\/Paulo-96x96.png","url":"https:\/\/cj.estrategia.com\/portal\/wp-content\/uploads\/2023\/03\/30133758\/Paulo-96x96.png","contentUrl":"https:\/\/cj.estrategia.com\/portal\/wp-content\/uploads\/2023\/03\/30133758\/Paulo-96x96.png","caption":"Paulo Sousa"},"url":"https:\/\/cj.estrategia.com\/portal\/author\/paulo-sousa\/"}]}},"jetpack_featured_media_url":"https:\/\/cj.estrategia.com\/portal\/wp-content\/uploads\/2022\/09\/04101845\/CARTORIO-SC.jpg","jetpack_sharing_enabled":true,"_links":{"self":[{"href":"https:\/\/cj.estrategia.com\/portal\/wp-json\/wp\/v2\/posts\/39123","targetHints":{"allow":["GET"]}}],"collection":[{"href":"https:\/\/cj.estrategia.com\/portal\/wp-json\/wp\/v2\/posts"}],"about":[{"href":"https:\/\/cj.estrategia.com\/portal\/wp-json\/wp\/v2\/types\/post"}],"author":[{"embeddable":true,"href":"https:\/\/cj.estrategia.com\/portal\/wp-json\/wp\/v2\/users\/25"}],"replies":[{"embeddable":true,"href":"https:\/\/cj.estrategia.com\/portal\/wp-json\/wp\/v2\/comments?post=39123"}],"version-history":[{"count":0,"href":"https:\/\/cj.estrategia.com\/portal\/wp-json\/wp\/v2\/posts\/39123\/revisions"}],"wp:featuredmedia":[{"embeddable":true,"href":"https:\/\/cj.estrategia.com\/portal\/wp-json\/wp\/v2\/media\/20771"}],"wp:attachment":[{"href":"https:\/\/cj.estrategia.com\/portal\/wp-json\/wp\/v2\/media?parent=39123"}],"wp:term":[{"taxonomy":"category","embeddable":true,"href":"https:\/\/cj.estrategia.com\/portal\/wp-json\/wp\/v2\/categories?post=39123"},{"taxonomy":"post_tag","embeddable":true,"href":"https:\/\/cj.estrategia.com\/portal\/wp-json\/wp\/v2\/tags?post=39123"},{"taxonomy":"tax_estado","embeddable":true,"href":"https:\/\/cj.estrategia.com\/portal\/wp-json\/wp\/v2\/tax_estado?post=39123"}],"curies":[{"name":"wp","href":"https:\/\/api.w.org\/{rel}","templated":true}]}}