{"id":38908,"date":"2023-06-19T17:27:00","date_gmt":"2023-06-19T20:27:00","guid":{"rendered":"https:\/\/cj.estrategia.com\/portal\/?p=38908"},"modified":"2023-06-19T17:27:29","modified_gmt":"2023-06-19T20:27:29","slug":"gabarito-extraoficial-cartorio-sc","status":"publish","type":"post","link":"https:\/\/cj.estrategia.com\/portal\/gabarito-extraoficial-cartorio-sc\/","title":{"rendered":"Gabarito Extraoficial &#8211; Cart\u00f3rio SC"},"content":{"rendered":"\n<p>Neste domingo, 18 de junho, foram aplicadas as provas objetivas <strong>(provimento)<\/strong> do<strong>\u00a0concurso Cart\u00f3rio SC<\/strong>.<strong>\u00a0<\/strong><\/p>\n\n\n\n<p>A <strong>prova Objetiva<\/strong>, do tipo Certo ou Errado, teve car\u00e1ter somente eliminat\u00f3rio e constou de <strong>cem quest\u00f5es.<\/strong><\/p>\n\n\n\n<p>S\u00e3o ofertadas 15 vagas para provimento. A remunera\u00e7\u00e3o dos not\u00e1rios e registradores \u00e9 feita por meio de emolumentos e corresponde ao rendimento l\u00edquido dos cart\u00f3rios. A renda m\u00ednima prevista no estado de Santa Catarina \u00e9 de R$ 1.936,12. <\/p>\n\n\n\n<p>Sendo assim, com o objetivo de ajud\u00e1-lo a diminuir um pouco a ansiedade, nossos professores realizaram a corre\u00e7\u00e3o extraoficial, divulgando o\u00a0<strong>gabarito da prova<\/strong>.<\/p>\n\n\n\n<h3 id=\"gabarito-extraoficial-cartorio-sc-18-06-16h\" class=\"wp-block-heading has-text-align-center\">Gabarito Extraoficial Cart\u00f3rio SC \u2013 18\/06- 16h<\/h3>\n\n\n\n<figure class=\"wp-block-embed is-type-video is-provider-youtube wp-block-embed-youtube wp-embed-aspect-16-9 wp-has-aspect-ratio\"><div class=\"wp-block-embed__wrapper\">\n<div class=\"cs-embed cs-embed-responsive\"><iframe title=\"Gabarito Extraoficial - Cart\u00f3rios TJ SC\" width=\"1200\" height=\"675\" src=\"https:\/\/www.youtube.com\/embed\/wSlIjqhOxn0?feature=oembed\" frameborder=\"0\" allow=\"accelerometer; autoplay; clipboard-write; encrypted-media; gyroscope; picture-in-picture; web-share\" allowfullscreen><\/iframe><\/div>\n<\/div><\/figure>\n\n\n\n<p class=\"has-background\" style=\"background-color:#dddcdc\"><strong><strong><mark style=\"background-color:rgba(0, 0, 0, 0)\" class=\"has-inline-color has-vivid-red-color\">Mas aten\u00e7\u00e3o:<\/mark>\u00a0<\/strong>Al\u00e9m da corre\u00e7\u00e3o de domingo, nosso super time disponibilizar\u00e1 na segunda-feira, <strong>19 de junho<\/strong>, o gabarito completo, com todas as quest\u00f5es escritas, um link para que voc\u00ea possa inserir seu gabarito e participar do ranking e realizar\u00e1 um webin\u00e1rio<\/strong> <strong>com todas as impress\u00f5es da prova. N\u00c3O PERCA!<\/strong><\/p>\n\n\n\n<p class=\"has-text-align-center has-black-color has-cyan-bluish-gray-background-color has-text-color has-background has-medium-font-size\"><a href=\"https:\/\/cj.estrategia.com\/cadernos-e-simulados\/simulados\/f8319134-2e1f-4eaf-9258-bdbd0188a775\" target=\"_blank\" ><mark style=\"background-color:rgba(0, 0, 0, 0)\" class=\"has-inline-color has-vivid-red-color\">Preencha seu Gabarito<\/mark> <mark style=\"background-color:rgba(0, 0, 0, 0)\" class=\"has-inline-color has-vivid-red-color\">e participe do Ranking<\/mark><\/a><\/p>\n\n\n\n<h3 class=\"wp-block-heading has-text-align-center\" id=\"h-prova-comentada-cartorio-sc-provimento\"><span id=\"prova-comentada-cartorio-sc-provimento\">Prova comentada \u2013 Cart\u00f3rio SC \u2013 Provimento<\/span><\/h3>\n\n\n\n<p><a href=\"https:\/\/cj.estrategia.com\/portal\/prova-comentada-tabelionato-de-protestos-cartorios-tj-sc\/\" target=\"_blank\" >Tabelionato de Protestos<\/a><br><a href=\"https:\/\/cj.estrategia.com\/portal\/prova-comentada-registro-de-imoveis-cartorios-tj-sc\/\" target=\"_blank\" rel=\"noreferrer noopener nofollow\">Registro de Im\u00f3veis<\/a><br><a href=\"https:\/\/cj.estrategia.com\/portal\/prova-comentada-direito-constitucional-cartorios-tj-sc\/\" target=\"_blank\" rel=\"noreferrer noopener nofollow\">Direito Constitucional<\/a><br><a href=\"https:\/\/cj.estrategia.com\/portal\/prova-comentada-direito-administrativo-cartorios-tj-sc\/\" target=\"_blank\" rel=\"noreferrer noopener nofollow\">Direito Administrativo<\/a><br><a href=\"https:\/\/cj.estrategia.com\/portal\/prova-comentada-direito-penal-cartorios-tj-sc\/\" target=\"_blank\" rel=\"noreferrer noopener nofollow\">Direito Penal<\/a><br><a href=\"https:\/\/cj.estrategia.com\/portal\/prova-comentada-direito-processual-penal-cartorios-tj-sc\/\" target=\"_blank\" rel=\"noreferrer noopener nofollow\">Direito Processual Penal<\/a><br><a href=\"https:\/\/cj.estrategia.com\/portal\/prova-comentada-direito-civil-cartorios-tj-sc\/\" target=\"_blank\" rel=\"noreferrer noopener nofollow\">Direito Civil<\/a><br><a href=\"https:\/\/cj.estrategia.com\/portal\/prova-comentada-direito-processual-civil-cartorios-tj-sc\/\" target=\"_blank\" rel=\"noreferrer noopener nofollow\">Direito Processual Civil<\/a><br><a href=\"https:\/\/cj.estrategia.com\/portal\/prova-comentada-direito-tributario-cartorios-tj-sc\/\" target=\"_blank\" rel=\"noreferrer noopener nofollow\">Direito Tribut\u00e1rio<\/a><br><a href=\"https:\/\/cj.estrategia.com\/portal\/prova-comentada-direito-empresarial-cartorios-tj-sc\/\" target=\"_blank\" rel=\"noreferrer noopener nofollow\">Direito Empresarial<\/a><br><a href=\"https:\/\/cj.estrategia.com\/portal\/prova-comentada-teoria-geral-dos-atos-notariais-e-registrais-cartorios-tj-sc\/\" target=\"_blank\" rel=\"noreferrer noopener nofollow\">Teoria Geral dos Atos Notariais e Registrais<\/a><br><a href=\"https:\/\/cj.estrategia.com\/portal\/prova-comentada-registro-civil-das-pessoas-naturais-cartorios-tj-sc\/\" target=\"_blank\" rel=\"noreferrer noopener nofollow\">Registro Civil das Pessoas Naturais<\/a><br><a href=\"https:\/\/cj.estrategia.com\/portal\/prova-comentada-tabelionato-de-notas-cartorios-tj-sc\/\" target=\"_blank\" rel=\"noreferrer noopener nofollow\">Tabelionato de Notas<\/a><br><a href=\"https:\/\/cj.estrategia.com\/portal\/prova-comentada-conhecimentos-gerais-cartorios-tj-sc\/\">Conhecimentos Gerais<\/a><\/p>\n\n\n\n<h2 id=\"gabarito-extraoficial-cartorio-sc\" class=\"wp-block-heading\">Gabarito Extraoficial Cart\u00f3rio SC<\/h2>\n\n\n\n<p>Abaixo, voc\u00ea confere os gabaritos das quest\u00f5es corrigidas pelos nossos professores. <\/p>\n\n\n\n<p>Usamos essa <a href=\"https:\/\/cj.estrategia.com\/portal\/wp-content\/uploads\/2023\/06\/18180326\/WhatsApp-Image-2023-06-18-at-14.12.29-1-4.pdf\" target=\"_blank\" >PROVA<\/a> como base! <\/p>\n\n\n\n<figure class=\"wp-block-table is-style-regular cnvs-block-core-table-1682605377518\"><table class=\"has-background has-border-color has-abb-8-c-3-border-color\" style=\"background-color:#fcb90045\"><tbody><tr><td class=\"has-text-align-left\" data-align=\"left\"><strong>QUEST\u00d5ES<\/strong><\/td><td class=\"has-text-align-center\" data-align=\"center\"><strong>RESPOSTAS<\/strong><\/td><td class=\"has-text-align-center\" data-align=\"center\"><strong>COMENT\u00c1RIOS<\/strong><\/td><\/tr><tr><td class=\"has-text-align-left\" data-align=\"left\">1- Suponha que o prazo de vig\u00eancia\u2026<\/td><td class=\"has-text-align-center\" data-align=\"center\">D<\/td><td class=\"has-text-align-center\" data-align=\"center\"><\/td><\/tr><tr><td class=\"has-text-align-left\" data-align=\"left\">2 \u2013 Conforme disposi\u00e7\u00e3o expressa da lei\u2026<\/td><td class=\"has-text-align-center\" data-align=\"center\">E<\/td><td class=\"has-text-align-center\" data-align=\"center\">art. 12, Lei n. 8.935\/1994<\/td><\/tr><tr><td class=\"has-text-align-left\" data-align=\"left\">3 \u2013 Ao apurar falta imputada\u2026<\/td><td class=\"has-text-align-center\" data-align=\"center\">A<\/td><td class=\"has-text-align-center\" data-align=\"center\">art. 36, Lei 8.935\/1994<\/td><\/tr><tr><td class=\"has-text-align-left\" data-align=\"left\">4 \u2013 Na situa\u00e7\u00e3o hipot\u00e9tica precedente\u2026<\/td><td class=\"has-text-align-center\" data-align=\"center\">E<\/td><td class=\"has-text-align-center\" data-align=\"center\"><\/td><\/tr><tr><td class=\"has-text-align-left\" data-align=\"left\">5 \u2013 A Lei N\u00ba 9.492\/1997\u2026<\/td><td class=\"has-text-align-center\" data-align=\"center\">B<\/td><td class=\"has-text-align-center\" data-align=\"center\"><\/td><\/tr><tr><td class=\"has-text-align-left\" data-align=\"left\">6 \u2013 Consoante instru\u00e7\u00e3o normativa\u2026<\/td><td class=\"has-text-align-center\" data-align=\"center\">B<\/td><td class=\"has-text-align-center\" data-align=\"center\"><\/td><\/tr><tr><td class=\"has-text-align-left\" data-align=\"left\">7 \u2013 Com base no que a Lei n\u00ba 6.015\/1973\u2026<\/td><td class=\"has-text-align-center\" data-align=\"center\">E<\/td><td class=\"has-text-align-center\" data-align=\"center\"><\/td><\/tr><tr><td class=\"has-text-align-left\" data-align=\"left\">8 \u2013 No que se refere \u00e0 atribui\u00e7\u00e3o dos\u2026<\/td><td class=\"has-text-align-center\" data-align=\"center\">B<\/td><td class=\"has-text-align-center\" data-align=\"center\"><\/td><\/tr><tr><td class=\"has-text-align-left\" data-align=\"left\">9 \u2013 A fun\u00e7\u00e3o social da propriedade terra\u2026<\/td><td class=\"has-text-align-center\" data-align=\"center\">C<\/td><td class=\"has-text-align-center\" data-align=\"center\">(Art. 2\u00b0, \u00a71\u00b0, da Lei 4.504\/1964)<\/td><\/tr><tr><td class=\"has-text-align-left\" data-align=\"left\">10 \u2013 De acordo com o c\u00f3digo de normas\u2026<\/td><td class=\"has-text-align-center\" data-align=\"center\">D<\/td><td class=\"has-text-align-center\" data-align=\"center\">I \u2013 447, V, CN<br>II \u2013 447, VI, CN<br>III \u2013 4477, VII, CN<br>IV \u2013 447, VIII, CN<br>V \u2013 errada<\/td><\/tr><tr><td class=\"has-text-align-left\" data-align=\"left\">11 \u2013 Acerca da aplicabilidade das normas\u2026<\/td><td class=\"has-text-align-center\" data-align=\"center\">B<\/td><td class=\"has-text-align-center\" data-align=\"center\">Doutrina<\/td><\/tr><tr><td class=\"has-text-align-left\" data-align=\"left\">12 \u2013 O Procurador-Geral de Justi\u00e7a\u2026<\/td><td class=\"has-text-align-center\" data-align=\"center\">C<\/td><td class=\"has-text-align-center\" data-align=\"center\">Rcl 383 STF<\/td><\/tr><tr><td class=\"has-text-align-left\" data-align=\"left\">13 \u2013 Em rela\u00e7\u00e3o ao pre\u00e2mbulo da CF\u2026<\/td><td class=\"has-text-align-center\" data-align=\"center\">E<\/td><td class=\"has-text-align-center\" data-align=\"center\">Art. 4\u00b0, PU, CF<\/td><\/tr><tr><td class=\"has-text-align-left\" data-align=\"left\">14 \u2013 A respeito dos direitos fundamentais\u2026<\/td><td class=\"has-text-align-center\" data-align=\"center\">A<\/td><td class=\"has-text-align-center\" data-align=\"center\">ADI 4.434 STF<\/td><\/tr><tr><td class=\"has-text-align-left\" data-align=\"left\">15 \u2013 Quanto \u00e0 organiza\u00e7\u00e3o pol\u00edtico-administrativa\u2026<\/td><td class=\"has-text-align-center\" data-align=\"center\">C<\/td><td class=\"has-text-align-center\" data-align=\"center\">SV 49<\/td><\/tr><tr><td class=\"has-text-align-left\" data-align=\"left\">16 \u2013 O Minist\u00e9rio P\u00fablico ofereceu\u2026<\/td><td class=\"has-text-align-center\" data-align=\"center\">C<\/td><td class=\"has-text-align-center\" data-align=\"center\">AgR na Rcl 10.037<\/td><\/tr><tr><td class=\"has-text-align-left\" data-align=\"left\">17 \u2013 Assinale a op\u00e7\u00e3o correta a respeito da\u2026<\/td><td class=\"has-text-align-center\" data-align=\"center\">B<\/td><td class=\"has-text-align-center\" data-align=\"center\">Art. 58, p. 3, CF<\/td><\/tr><tr><td class=\"has-text-align-left\" data-align=\"left\">18 \u2013 Em rela\u00e7\u00e3o ao poder judici\u00e1rio\u2026<\/td><td class=\"has-text-align-center\" data-align=\"center\">E<\/td><td class=\"has-text-align-center\" data-align=\"center\">Art. 127, p. 1, CF<\/td><\/tr><tr><td class=\"has-text-align-left\" data-align=\"left\">19 \u2013 A respeito do regramento da CF referente a Tributa\u00e7\u00e3o\u2026<\/td><td class=\"has-text-align-center\" data-align=\"center\">D<\/td><td class=\"has-text-align-center\" data-align=\"center\">Art. 177, p.1, da CF (cabe anula\u00e7\u00e3o)<\/td><\/tr><tr><td class=\"has-text-align-left\" data-align=\"left\">20 \u2013 \u00c0 luz das disposi\u00e7\u00f5es\u2026<\/td><td class=\"has-text-align-center\" data-align=\"center\">D<\/td><td class=\"has-text-align-center\" data-align=\"center\">Art. 83, XI, a, CE de SC<\/td><\/tr><tr><td class=\"has-text-align-left\" data-align=\"left\">21 \u2013 No que se refere \u00e0 responsabilidade Civil\u2026<\/td><td class=\"has-text-align-center\" data-align=\"center\">A<\/td><td class=\"has-text-align-center\" data-align=\"center\"><\/td><\/tr><tr><td class=\"has-text-align-left\" data-align=\"left\">22 \u2013 \u00d3rg\u00e3o da administra\u00e7\u00e3o p\u00fablica abriu\u2026<\/td><td class=\"has-text-align-center\" data-align=\"center\">E<\/td><td class=\"has-text-align-center\" data-align=\"center\"><\/td><\/tr><tr><td class=\"has-text-align-left\" data-align=\"left\">23 \u2013 Determinada pessoa jur\u00eddica\u2026<\/td><td class=\"has-text-align-center\" data-align=\"center\">A<\/td><td class=\"has-text-align-center\" data-align=\"center\"><\/td><\/tr><tr><td class=\"has-text-align-left\" data-align=\"left\">24 \u2013 Com base no estatuto dos servidores\u2026<\/td><td class=\"has-text-align-center\" data-align=\"center\">E<\/td><td class=\"has-text-align-center\" data-align=\"center\"><\/td><\/tr><tr><td class=\"has-text-align-left\" data-align=\"left\">25 \u2013 \u00c0 luz do que determina o C\u00f3digo de Normas\u2026<\/td><td class=\"has-text-align-center\" data-align=\"center\">E<\/td><td class=\"has-text-align-center\" data-align=\"center\">437, II, CN<\/td><\/tr><tr><td class=\"has-text-align-left\" data-align=\"left\">26 \u2013 Em rela\u00e7\u00e3o aos conceitos e \u00e0s\u2026<\/td><td class=\"has-text-align-center\" data-align=\"center\">D<\/td><td class=\"has-text-align-center\" data-align=\"center\"><\/td><\/tr><tr><td class=\"has-text-align-left\" data-align=\"left\">27 \u2013 A respeito dos princ\u00edpios que regem\u2026<\/td><td class=\"has-text-align-center\" data-align=\"center\">A<\/td><td class=\"has-text-align-center\" data-align=\"center\"><\/td><\/tr><tr><td class=\"has-text-align-left\" data-align=\"left\">28 \u2013 Assinale a op\u00e7\u00e3o correta conforme a Lei n\u00ba 8.429\/1992\u2026<\/td><td class=\"has-text-align-center\" data-align=\"center\">B<\/td><td class=\"has-text-align-center\" data-align=\"center\"><\/td><\/tr><tr><td class=\"has-text-align-left\" data-align=\"left\">29 \u2013 Com base na Lei n\u00ba 9.784\/1999\u2026<\/td><td class=\"has-text-align-center\" data-align=\"center\">D<\/td><td class=\"has-text-align-center\" data-align=\"center\"><\/td><\/tr><tr><td class=\"has-text-align-left\" data-align=\"left\">30 \u2013 No que se refere aos servi\u00e7os p\u00fablicos\u2026<\/td><td class=\"has-text-align-center\" data-align=\"center\">C<\/td><td class=\"has-text-align-center\" data-align=\"center\"><\/td><\/tr><tr><td class=\"has-text-align-left\" data-align=\"left\">31 \u2013 A disposi\u00e7\u00e3o a respeito de resolu\u00e7\u00e3o\u2026<\/td><td class=\"has-text-align-center\" data-align=\"center\">D<\/td><td class=\"has-text-align-center\" data-align=\"center\">( CF, art. 146, I<\/td><\/tr><tr><td class=\"has-text-align-left\" data-align=\"left\">32 \u2013 Suponha que uma pessoa f\u00edsica\u2026<\/td><td class=\"has-text-align-center\" data-align=\"center\">B<\/td><td class=\"has-text-align-center\" data-align=\"center\">(Lei 7.713\/89, Art. 3\u00ba, \u00a72\u00ba<\/td><\/tr><tr><td class=\"has-text-align-left\" data-align=\"left\">33 \u2013 Acerca de prescri\u00e7\u00e3o e decad\u00eancia\u2026<\/td><td class=\"has-text-align-center\" data-align=\"center\">C<\/td><td class=\"has-text-align-center\" data-align=\"center\">( S\u00famula 653, STJ, conceito de decad\u00eancia e S\u00famula vinculante 8)<\/td><\/tr><tr><td class=\"has-text-align-left\" data-align=\"left\">34 \u2013 O instituto da enfiteuse\u2026<\/td><td class=\"has-text-align-center\" data-align=\"center\">E<\/td><td class=\"has-text-align-center\" data-align=\"center\">(Arts. 678 e 682 do CC\/1916; Art. 167, inc. I, item 10, da Lei 6.015\/1973)<\/td><\/tr><tr><td class=\"has-text-align-left\" data-align=\"left\">35 \u2013 De acordo com a Lei Complementar N\u00ba 116\/2003\u2026<\/td><td class=\"has-text-align-center\" data-align=\"center\">A<\/td><td class=\"has-text-align-center\" data-align=\"center\">( LC 116\/03, art. 2\u00ba, I)<\/td><\/tr><tr><td class=\"has-text-align-left\" data-align=\"left\">36 \u2013 \u00c0 luz da Lei estadual n\u00ba 13.136\/2004, que trata\u2026<\/td><td class=\"has-text-align-center\" data-align=\"center\">E<\/td><td class=\"has-text-align-center\" data-align=\"center\">( I \u2013\u2013 Lei 13.136\/04, art. 2\u00ba, \u00a73\u00ba, I; Lei 13.136\/04, art. 5\u00ba, III; Lei 13.136\/04, Art. 2\u00ba, III)<\/td><\/tr><tr><td class=\"has-text-align-left\" data-align=\"left\">37 \u2013 Assinale a op\u00e7\u00e3o correta de acordo com a Lei n\u00ba 3.807\/1960\u2026 <\/td><td class=\"has-text-align-center\" data-align=\"center\">B<\/td><td class=\"has-text-align-center\" data-align=\"center\">( Lei 3807\/60, art. 5\u00ba , II)<\/td><\/tr><tr><td class=\"has-text-align-left\" data-align=\"left\">38 \u2013 Com base na Lei estadual n\u00ba 10.297\/1966\u2026<\/td><td class=\"has-text-align-center\" data-align=\"center\">D<\/td><td class=\"has-text-align-center\" data-align=\"center\">(Lei Estadual 10.297\/96 , Art. 19, III, \u201cg\u201d)<\/td><\/tr><tr><td class=\"has-text-align-left\" data-align=\"left\">39 \u2013 No que diz respeito \u00e0s formas de integra\u00e7\u00e3o da norma\u2026<\/td><td class=\"has-text-align-center\" data-align=\"center\">E<\/td><td class=\"has-text-align-center\" data-align=\"center\">( CTN, art. 108)<\/td><\/tr><tr><td class=\"has-text-align-left\" data-align=\"left\">40 \u2013 Consoante a Lei Complementar estadual n\u00ba 465\/2009\u2026<\/td><td class=\"has-text-align-center\" data-align=\"center\">A<\/td><td class=\"has-text-align-center\" data-align=\"center\">(Art. 29, caput da LC 465\/09)<\/td><\/tr><tr><td class=\"has-text-align-left\" data-align=\"left\">41 \u2013 Ao realizar compra em uma loja de m\u00f3veis\u2026<\/td><td class=\"has-text-align-center\" data-align=\"center\">E<\/td><td class=\"has-text-align-center\" data-align=\"center\">(Art.\u00a05\u00ba,\u00a0inc. I e \u00a75\u00ba,\u00a0da LGPD)<\/td><\/tr><tr><td class=\"has-text-align-left\" data-align=\"left\">42 \u2013 Andreia foi diagnosticada com leucemia\u2026<\/td><td class=\"has-text-align-center\" data-align=\"center\">B<\/td><td class=\"has-text-align-center\" data-align=\"center\">(art. 9\u00ba, \u00a76\u00ba, da Lei 9.434\/1997)<\/td><\/tr><tr><td class=\"has-text-align-left\" data-align=\"left\">43 \u2013 Ester, de dezenove anos de idade\u2026<\/td><td class=\"has-text-align-center\" data-align=\"center\">A<\/td><td class=\"has-text-align-center\" data-align=\"center\">(art. 12, \u00a72\u00ba, da Lei 13,146\/2015)<\/td><\/tr><tr><td class=\"has-text-align-left\" data-align=\"left\">44 \u2013 Carlos, aos dezenove anos de idade\u2026<\/td><td class=\"has-text-align-center\" data-align=\"center\">A<\/td><td class=\"has-text-align-center\" data-align=\"center\">(Art. 3\u00ba, \u00a71\u00ba; Art. 4\u00ba, \u00a7\u00a71\u00ba e 2\u00ba, do Provimento 16\/2012 do CNJ)<\/td><\/tr><tr><td class=\"has-text-align-left\" data-align=\"left\">45 \u2013 Tom\u00e1s da Silva filho \u00e9 o nome completo\u2026<\/td><td class=\"has-text-align-center\" data-align=\"center\">C<\/td><td class=\"has-text-align-center\" data-align=\"center\">(Art. 2\u00b0 do Provimento 73\/2018 do CNJ)<\/td><\/tr><tr><td class=\"has-text-align-left\" data-align=\"left\">46 \u2013 Carlos \u00e9 um homem vi\u00favo\u2026<\/td><td class=\"has-text-align-center\" data-align=\"center\">D<\/td><td class=\"has-text-align-center\" data-align=\"center\">(Art. 1.697. Arts. 11 e 12 da Lei 10.741\/2003)<\/td><\/tr><tr><td class=\"has-text-align-left\" data-align=\"left\">47 \u2013 Em busca de diversos or\u00e7amentos\u2026<\/td><td class=\"has-text-align-center\" data-align=\"center\">D<\/td><td class=\"has-text-align-center\" data-align=\"center\">(Art. 40. \u00a7\u00a7 1\u00ba, 2\u00ba e 3\u00ba do CDC)<\/td><\/tr><tr><td class=\"has-text-align-left\" data-align=\"left\">48 \u2013  Luiz e Carla foram a uma serventia\u2026<\/td><td class=\"has-text-align-center\" data-align=\"center\">C<\/td><td class=\"has-text-align-center\" data-align=\"center\">(Art.\u00a0206,\u00a0\u00a71\u00b0,\u00a0III)<\/td><\/tr><tr><td class=\"has-text-align-left\" data-align=\"left\">49 \u2013  Sabendo que seria citada em processo\u2026<\/td><td class=\"has-text-align-center\" data-align=\"center\">E (sujeita a recurso)<\/td><td class=\"has-text-align-center\" data-align=\"center\">(Art. 158 e REsp 1.885.750)<\/td><\/tr><tr><td class=\"has-text-align-left\" data-align=\"left\">50 -Mario vendeu um apartamento\u2026<\/td><td class=\"has-text-align-center\" data-align=\"center\">A<\/td><td class=\"has-text-align-center\" data-align=\"center\">(Arts.\u00a0505\u00a0e\u00a0507) Direito Civil<\/td><\/tr><tr><td class=\"has-text-align-left\" data-align=\"left\">51 \u2013 De acordo com o C\u00f3digo de Processo Civil\u2026<\/td><td class=\"has-text-align-center\" data-align=\"center\">B<\/td><td class=\"has-text-align-center\" data-align=\"center\"><\/td><\/tr><tr><td class=\"has-text-align-left\" data-align=\"left\">52 \u2013 De acordo com a Legisla\u00e7\u00e3o Processual\u2026<\/td><td class=\"has-text-align-center\" data-align=\"center\">B<\/td><td class=\"has-text-align-center\" data-align=\"center\"><\/td><\/tr><tr><td class=\"has-text-align-left\" data-align=\"left\">53 \u2013 No que se refere ao entendimento jurisprudencial\u2026 <\/td><td class=\"has-text-align-center\" data-align=\"center\">D<\/td><td class=\"has-text-align-center\" data-align=\"center\"><\/td><\/tr><tr><td class=\"has-text-align-left\" data-align=\"left\">54 \u2013 Renata ajuizou a\u00e7\u00e3o civil\u2026<\/td><td class=\"has-text-align-center\" data-align=\"center\">D<\/td><td class=\"has-text-align-center\" data-align=\"center\"><\/td><\/tr><tr><td class=\"has-text-align-left\" data-align=\"left\">55 \u2013 Em processo de execu\u00e7\u00e3o\u2026<\/td><td class=\"has-text-align-center\" data-align=\"center\">E<\/td><td class=\"has-text-align-center\" data-align=\"center\"><\/td><\/tr><tr><td class=\"has-text-align-left\" data-align=\"left\">56 \u2013 De acordo com o disposto no CPC\u2026<\/td><td class=\"has-text-align-center\" data-align=\"center\">B<\/td><td class=\"has-text-align-center\" data-align=\"center\"><\/td><\/tr><tr><td class=\"has-text-align-left\" data-align=\"left\">57 \u2013 Determinada associa\u00e7\u00e3o de not\u00e1rios e registradores\u2026<\/td><td class=\"has-text-align-center\" data-align=\"center\">B<\/td><td class=\"has-text-align-center\" data-align=\"center\"><\/td><\/tr><tr><td class=\"has-text-align-left\" data-align=\"left\">58 \u2013 Assinale a op\u00e7\u00e3o correta com base nas regras\u2026<\/td><td class=\"has-text-align-center\" data-align=\"center\">A<\/td><td class=\"has-text-align-center\" data-align=\"center\"><\/td><\/tr><tr><td class=\"has-text-align-left\" data-align=\"left\">59 \u2013 Cabe reclama\u00e7\u00e3o constitucional\u2026<\/td><td class=\"has-text-align-center\" data-align=\"center\">B<\/td><td class=\"has-text-align-center\" data-align=\"center\"><\/td><\/tr><tr><td class=\"has-text-align-left\" data-align=\"left\">60 \u2013 Assinale a op\u00e7\u00e3o em que \u00e9 apresentada hip\u00f3tese\u2026<\/td><td class=\"has-text-align-center\" data-align=\"center\">A<\/td><td class=\"has-text-align-center\" data-align=\"center\"><\/td><\/tr><tr><td class=\"has-text-align-left\" data-align=\"left\">61 \u2013 Maria, em raz\u00e3o de ser mulher\u2026<\/td><td class=\"has-text-align-center\" data-align=\"center\">D<\/td><td class=\"has-text-align-center\" data-align=\"center\">Entendimento STJ AgRg na MPUMP 6\/DF<\/td><\/tr><tr><td class=\"has-text-align-left\" data-align=\"left\">62 \u2013 Em determinado Cart\u00f3rio de Notas\u2026<\/td><td class=\"has-text-align-center\" data-align=\"center\">A<\/td><td class=\"has-text-align-center\" data-align=\"center\">Art. 297 do CP<\/td><\/tr><tr><td class=\"has-text-align-left\" data-align=\"left\">63 \u2013 Valendo-se da situa\u00e7\u00e3o de calamidade\u2026<\/td><td class=\"has-text-align-center\" data-align=\"center\">E<\/td><td class=\"has-text-align-center\" data-align=\"center\">Entendimento STJ e STF, art. 61, II, j, do CP<\/td><\/tr><tr><td class=\"has-text-align-left\" data-align=\"left\">64 \u2013 Jos\u00e9, valendo-se da fun\u00e7\u00e3o de\u2026<\/td><td class=\"has-text-align-center\" data-align=\"center\">A<\/td><td class=\"has-text-align-center\" data-align=\"center\">Art. 312 do CP<\/td><\/tr><tr><td class=\"has-text-align-left\" data-align=\"left\">65 \u2013 Fernando e Jo\u00e3o, s\u00f3cios\u2026<\/td><td class=\"has-text-align-center\" data-align=\"center\">D<\/td><td class=\"has-text-align-center\" data-align=\"center\">Art. 7\u00ba, IX, Lei 8137\/90 e Art. 18, \u00a7 6\u00ba, CDC<\/td><\/tr><tr><td class=\"has-text-align-left\" data-align=\"left\">66 \u2013 Considerando a distin\u00e7\u00e3o\u2026<\/td><td class=\"has-text-align-center\" data-align=\"center\">E<\/td><td class=\"has-text-align-center\" data-align=\"center\">Doutrina (frase extra\u00edda do livro do Nucci)<\/td><\/tr><tr><td class=\"has-text-align-left\" data-align=\"left\">67 \u2013 Com base na Lei n\u00ba 9099\/1995\u2026<\/td><td class=\"has-text-align-center\" data-align=\"center\">E<\/td><td class=\"has-text-align-center\" data-align=\"center\"><\/td><\/tr><tr><td class=\"has-text-align-left\" data-align=\"left\">68 \u2013 Assinale\u2026 Lei n\u00ba 13.869\/2019\u2026<\/td><td class=\"has-text-align-center\" data-align=\"center\">E<\/td><td class=\"has-text-align-center\" data-align=\"center\">Art. 9\u00ba, par. \u00fanico, II, Lei 13869\/2019<\/td><\/tr><tr><td class=\"has-text-align-left\" data-align=\"left\">69 \u2013 Agindo com consci\u00eancia e vontade\u2026<\/td><td class=\"has-text-align-center\" data-align=\"center\">C<\/td><td class=\"has-text-align-center\" data-align=\"center\">Art. 296, II, do CP<\/td><\/tr><tr><td class=\"has-text-align-left\" data-align=\"left\">70 \u2013 Pedro e Artur, agindo em comunh\u00e3o\u2026<\/td><td class=\"has-text-align-center\" data-align=\"center\">E<\/td><td class=\"has-text-align-center\" data-align=\"center\">Art. 158, \u00a7 3\u00ba, cc. art. 29, ambos do CP<\/td><\/tr><tr><td class=\"has-text-align-left\" data-align=\"left\">71 \u2013 Jo\u00e3o praticou um crime\u2026<\/td><td class=\"has-text-align-center\" data-align=\"center\">E<\/td><td class=\"has-text-align-center\" data-align=\"center\"><\/td><\/tr><tr><td class=\"has-text-align-left\" data-align=\"left\">72 \u2013 Maria foi v\u00edtima de um crime\u2026<\/td><td class=\"has-text-align-center\" data-align=\"center\">C<\/td><td class=\"has-text-align-center\" data-align=\"center\"><\/td><\/tr><tr><td class=\"has-text-align-left\" data-align=\"left\">73 \u2013 Um juiz criminal\u2026<\/td><td class=\"has-text-align-center\" data-align=\"center\">A<\/td><td class=\"has-text-align-center\" data-align=\"center\"><\/td><\/tr><tr><td class=\"has-text-align-left\" data-align=\"left\">74 \u2013 No processo penal\u2026<\/td><td class=\"has-text-align-center\" data-align=\"center\">B<\/td><td class=\"has-text-align-center\" data-align=\"center\"><\/td><\/tr><tr><td class=\"has-text-align-left\" data-align=\"left\">75 \u2013 A cita\u00e7\u00e3o no processo penal\u2026<\/td><td class=\"has-text-align-center\" data-align=\"center\">D<\/td><td class=\"has-text-align-center\" data-align=\"center\"><\/td><\/tr><tr><td class=\"has-text-align-left\" data-align=\"left\">76 \u2013 Francisco foi v\u00edtima de crime contra honra\u2026<\/td><td class=\"has-text-align-center\" data-align=\"center\">B<\/td><td class=\"has-text-align-center\" data-align=\"center\"><\/td><\/tr><tr><td class=\"has-text-align-left\" data-align=\"left\">77 \u2013 De ac\u00f3rd\u00e3o de tribunal\u2026<\/td><td class=\"has-text-align-center\" data-align=\"center\">E<\/td><td class=\"has-text-align-center\" data-align=\"center\"><\/td><\/tr><tr><td class=\"has-text-align-left\" data-align=\"left\">78 \u2013 A pris\u00e3o tempor\u00e1ria \u00e9\u2026<\/td><td class=\"has-text-align-center\" data-align=\"center\">C<\/td><td class=\"has-text-align-center\" data-align=\"center\"><\/td><\/tr><tr><td class=\"has-text-align-left\" data-align=\"left\">79 \u2013 De acordo com a Lei n\u00ba 9.296\/1996\u2026 intercepta\u00e7\u00e3o\u2026<\/td><td class=\"has-text-align-center\" data-align=\"center\">D<\/td><td class=\"has-text-align-center\" data-align=\"center\"><\/td><\/tr><tr><td class=\"has-text-align-left\" data-align=\"left\">80 \u2013 De acordo com a Lei n\u00ba 12.850\/2013\u2026<\/td><td class=\"has-text-align-center\" data-align=\"center\">E<\/td><td class=\"has-text-align-center\" data-align=\"center\"><\/td><\/tr><tr><td class=\"has-text-align-left\" data-align=\"left\">81 \u2013 De acordo com o c\u00f3digo civil, em sociedade empres\u00e1ria\u2026<\/td><td class=\"has-text-align-center\" data-align=\"center\">E<\/td><td class=\"has-text-align-center\" data-align=\"center\">Art. 1010, p. 1\u00b0, CC<\/td><\/tr><tr><td class=\"has-text-align-left\" data-align=\"left\">82 \u2013 Conforme o c\u00f3digo civil, a produ\u00e7\u00e3o de efeitos\u2026<\/td><td class=\"has-text-align-center\" data-align=\"center\">D<\/td><td class=\"has-text-align-center\" data-align=\"center\">Art. 1.144, CC<\/td><\/tr><tr><td class=\"has-text-align-left\" data-align=\"left\">83 \u2013 Assinale a op\u00e7\u00e3o\u2026 leasing operacional\u2026<\/td><td class=\"has-text-align-center\" data-align=\"center\">A<\/td><td class=\"has-text-align-center\" data-align=\"center\">Art. 6\u00b0, Res. 2309\/96<\/td><\/tr><tr><td class=\"has-text-align-left\" data-align=\"left\">84 \u2013 Em se tratando de despersonaliza\u00e7\u00e3o\u2026<\/td><td class=\"has-text-align-center\" data-align=\"center\">D<\/td><td class=\"has-text-align-center\" data-align=\"center\">Teoria maior duas vertentes<\/td><\/tr><tr><td class=\"has-text-align-left\" data-align=\"left\">85 \u2013 S\u00e3o impedidos de exercer atividade\u2026<\/td><td class=\"has-text-align-center\" data-align=\"center\">A<\/td><td class=\"has-text-align-center\" data-align=\"center\">Art. 36. D. 21.891\/32<\/td><\/tr><tr><td class=\"has-text-align-left\" data-align=\"left\">86 \u2013 Nos t\u00edtulos de cr\u00e9dito\u2026<\/td><td class=\"has-text-align-center\" data-align=\"center\">A<\/td><td class=\"has-text-align-center\" data-align=\"center\">Cartularidade<\/td><\/tr><tr><td class=\"has-text-align-left\" data-align=\"left\">87 \u2013 Determinada sociedade empres\u00e1ria do setor industrial\u2026<\/td><td class=\"has-text-align-center\" data-align=\"center\">B<\/td><td class=\"has-text-align-center\" data-align=\"center\">Anexo 2 simples nacional<\/td><\/tr><tr><td class=\"has-text-align-left\" data-align=\"left\">88 \u2013 De acordo com o c\u00f3digo\u2026 comandita simples\u2026<\/td><td class=\"has-text-align-center\" data-align=\"center\">B<\/td><td class=\"has-text-align-center\" data-align=\"center\">Art. 1.045, CC<\/td><\/tr><tr><td class=\"has-text-align-left\" data-align=\"left\">89 -Considerando\u2026 Lei n\u00ba 11.101\/2005\u2026<\/td><td class=\"has-text-align-center\" data-align=\"center\">C<\/td><td class=\"has-text-align-center\" data-align=\"center\">Art. 3\u00b0, 5\u00b0, I e 6\u00b0, I, lei 11.101\/05<\/td><\/tr><tr><td class=\"has-text-align-left\" data-align=\"left\">90 \u2013 Considerando o entendimento do Superior Tribunal de Justi\u00e7a\u2026<\/td><td class=\"has-text-align-center\" data-align=\"center\">B<\/td><td class=\"has-text-align-center\" data-align=\"center\">I. Errado. Resp. 1.837.435-SP<br>II. Certo. Resp. 1.935.563-SP<br>III. Errado. Resp. 1.991.989-MA<\/td><\/tr><tr><td class=\"has-text-align-left\" data-align=\"left\">91 \u2013 A guerra em curso na Ucr\u00e2nia\u2026<\/td><td class=\"has-text-align-center\" data-align=\"center\">B<\/td><td class=\"has-text-align-center\" data-align=\"center\"><\/td><\/tr><tr><td class=\"has-text-align-left\" data-align=\"left\">92 \u2013 A geopol\u00edtica mundial\u2026<\/td><td class=\"has-text-align-center\" data-align=\"center\">B<\/td><td class=\"has-text-align-center\" data-align=\"center\"><\/td><\/tr><tr><td class=\"has-text-align-left\" data-align=\"left\">93 \u2013 No que concerne \u00e0 regi\u00e3o do Oriente\u2026<\/td><td class=\"has-text-align-center\" data-align=\"center\">B<\/td><td class=\"has-text-align-center\" data-align=\"center\"><\/td><\/tr><tr><td class=\"has-text-align-left\" data-align=\"left\">94 \u2013 Na economia contempor\u00e2nea\u2026<\/td><td class=\"has-text-align-center\" data-align=\"center\">E<\/td><td class=\"has-text-align-center\" data-align=\"center\"><\/td><\/tr><tr><td class=\"has-text-align-left\" data-align=\"left\">95 \u2013 Com rela\u00e7\u00e3o ao atual est\u00e1gio\u2026<\/td><td class=\"has-text-align-center\" data-align=\"center\">A<\/td><td class=\"has-text-align-center\" data-align=\"center\"><\/td><\/tr><tr><td class=\"has-text-align-left\" data-align=\"left\">96 \u2013 Comumente definida como atual\u2026<\/td><td class=\"has-text-align-center\" data-align=\"center\">D<\/td><td class=\"has-text-align-center\" data-align=\"center\"><\/td><\/tr><tr><td class=\"has-text-align-left\" data-align=\"left\">97 \u2013 Quanto \u00e0 realidade da atual era do\u2026<\/td><td class=\"has-text-align-center\" data-align=\"center\">B<\/td><td class=\"has-text-align-center\" data-align=\"center\"><\/td><\/tr><tr><td class=\"has-text-align-left\" data-align=\"left\">98 \u2013 Com rela\u00e7\u00e3o \u00e0 estrutura pol\u00edtica\u2026 <\/td><td class=\"has-text-align-center\" data-align=\"center\">C<\/td><td class=\"has-text-align-center\" data-align=\"center\"><\/td><\/tr><tr><td class=\"has-text-align-left\" data-align=\"left\">99 \u2013 Com rela\u00e7\u00e3o ao papel da educa\u00e7\u00e3o\u2026<\/td><td class=\"has-text-align-center\" data-align=\"center\">A<\/td><td class=\"has-text-align-center\" data-align=\"center\"><\/td><\/tr><tr><td class=\"has-text-align-left\" data-align=\"left\">100 \u2013 Tendo em vista que\u2026<\/td><td class=\"has-text-align-center\" data-align=\"center\">D<\/td><td class=\"has-text-align-center\" data-align=\"center\"><\/td><\/tr><\/tbody><\/table><\/figure>\n\n\n\n<p class=\"has-text-align-center has-luminous-vivid-amber-background-color has-background has-medium-font-size\"><strong>Saiba mais:<\/strong> <a href=\"https:\/\/cj.estrategia.com\/portal\/concurso-cartorio-sc\/\" target=\"_blank\" >Concurso Cart\u00f3rio SC<\/a><\/p>\n\n\n\n<h2 class=\"wp-block-heading has-text-align-center\" id=\"cursos\"><span id=\"quer-saber-tudo-sobre-concursos-previstosconfira-nossos-artigos\">Quer saber tudo sobre concursos previstos?<br><strong>Confira nossos artigos!<\/strong><\/span><\/h2>\n\n\n\n\n\n<h2 class=\"wp-block-heading has-text-align-center\" id=\"curso\"><span id=\"quer-estudar-para-o-concurso-cartorio-sc\">Quer estudar para o concurso Cart\u00f3rio SC?<\/span><\/h2>\n\n\n\n\n\n<div class=\"wp-block-cover\" style=\"min-height:155px;aspect-ratio:unset;\"><img decoding=\"async\" width=\"1890\" height=\"351\" class=\"wp-block-cover__image-background wp-image-8669\" alt=\"Assinaturas Jur\u00eddicas\" src=\"https:\/\/cj.estrategia.com\/portal\/wp-content\/uploads\/2022\/06\/20151253\/concurso-carreiras-juridicas-assinatura-juridica.jpg\" style=\"object-position:78% 43%\" data-object-fit=\"cover\" data-object-position=\"78% 43%\" srcset=\"https:\/\/cj.estrategia.com\/portal\/wp-content\/uploads\/2022\/06\/20151253\/concurso-carreiras-juridicas-assinatura-juridica.jpg 1890w, https:\/\/cj.estrategia.com\/portal\/wp-content\/uploads\/2022\/06\/20151253\/concurso-carreiras-juridicas-assinatura-juridica-300x56.jpg 300w, https:\/\/cj.estrategia.com\/portal\/wp-content\/uploads\/2022\/06\/20151253\/concurso-carreiras-juridicas-assinatura-juridica-1024x190.jpg 1024w, https:\/\/cj.estrategia.com\/portal\/wp-content\/uploads\/2022\/06\/20151253\/concurso-carreiras-juridicas-assinatura-juridica-768x143.jpg 768w, https:\/\/cj.estrategia.com\/portal\/wp-content\/uploads\/2022\/06\/20151253\/concurso-carreiras-juridicas-assinatura-juridica-1536x285.jpg 1536w, https:\/\/cj.estrategia.com\/portal\/wp-content\/uploads\/2022\/06\/20151253\/concurso-carreiras-juridicas-assinatura-juridica-380x71.jpg 380w, https:\/\/cj.estrategia.com\/portal\/wp-content\/uploads\/2022\/06\/20151253\/concurso-carreiras-juridicas-assinatura-juridica-800x149.jpg 800w, https:\/\/cj.estrategia.com\/portal\/wp-content\/uploads\/2022\/06\/20151253\/concurso-carreiras-juridicas-assinatura-juridica-1160x215.jpg 1160w\" sizes=\"(max-width: 1890px) 100vw, 1890px\" \/><span aria-hidden=\"true\" class=\"wp-block-cover__background has-background-dim\"><\/span><div class=\"wp-block-cover__inner-container is-layout-flow wp-block-cover-is-layout-flow\">\n<h3 id=\"faca-a-sua-assinatura\" class=\"titulo-assinatura\"><span style=\"color: #ffffff;\">Fa\u00e7a a sua assinatura!<\/span><\/h3>\n<p class=\"subtitulo-assinatura\" style=\"display:block!important; line-height: 0;\"><span style=\"color: #ffffff;\">Escolha a sua \u00e1rea.<\/span><\/p>\n<a target=\"_blank\" href=\"https:\/\/www.estrategiaconcursos.com.br\/assinaturas-ecj\/\" rel=\"noopener\"><button style=\"border-radius: 10px; text-transform: capitalize;\">Acessar<\/button><\/a>\n<\/div><\/div>\n\n\n\n<p><em>Prepare-se com o melhor material e com quem mais aprova em Concursos P\u00fablicos em todo o pa\u00eds.<\/em><\/p>\n\n\n\n<p><\/p>\n\n\n\n<p><\/p>\n\n\n\n<p><\/p>\n","protected":false},"excerpt":{"rendered":"Neste domingo, 18 de junho, foram aplicadas as provas objetivas (provimento) do\u00a0concurso Cart\u00f3rio SC.\u00a0 A prova Objetiva, do&hellip;\n","protected":false},"author":12,"featured_media":20771,"comment_status":"open","ping_status":"open","sticky":false,"template":"","format":"standard","meta":{"_jetpack_memberships_contains_paid_content":false,"footnotes":""},"categories":[29],"tags":[],"tax_estado":[54],"class_list":{"0":"post-38908","1":"post","2":"type-post","3":"status-publish","4":"format-standard","5":"has-post-thumbnail","7":"category-cartorio","8":"tax_estado-sc"},"acf":[],"yoast_head":"<!-- This site is optimized with the Yoast SEO Premium plugin v27.5 (Yoast SEO v27.5) - https:\/\/yoast.com\/product\/yoast-seo-premium-wordpress\/ -->\n<title>Gabarito Extraoficial - Cart\u00f3rio SC<\/title>\n<meta name=\"description\" content=\"Confira aqui seu desempenho na prova objetiva do concurso Cart\u00f3rio SC.\" \/>\n<meta name=\"robots\" content=\"index, follow, max-snippet:-1, max-image-preview:large, max-video-preview:-1\" \/>\n<link rel=\"canonical\" href=\"https:\/\/cj.estrategia.com\/portal\/gabarito-extraoficial-cartorio-sc\/\" \/>\n<meta property=\"og:locale\" content=\"pt_BR\" \/>\n<meta property=\"og:type\" content=\"article\" \/>\n<meta property=\"og:title\" content=\"Gabarito Extraoficial - Cart\u00f3rio SC\" \/>\n<meta property=\"og:description\" content=\"Confira aqui seu desempenho na prova objetiva do concurso Cart\u00f3rio SC.\" \/>\n<meta property=\"og:url\" content=\"https:\/\/cj.estrategia.com\/portal\/gabarito-extraoficial-cartorio-sc\/\" \/>\n<meta property=\"og:site_name\" content=\"Blog - Carreiras Jur\u00eddicas - Estrat\u00e9gia\" \/>\n<meta property=\"article:publisher\" content=\"https:\/\/www.facebook.com\/estrategiacarreirajuridica\/\" \/>\n<meta property=\"article:published_time\" content=\"2023-06-19T20:27:00+00:00\" \/>\n<meta property=\"article:modified_time\" content=\"2023-06-19T20:27:29+00:00\" \/>\n<meta property=\"og:image\" content=\"https:\/\/cj.estrategia.com\/portal\/wp-content\/uploads\/2022\/09\/04101845\/CARTORIO-SC.jpg\" \/>\n\t<meta property=\"og:image:width\" content=\"768\" \/>\n\t<meta property=\"og:image:height\" content=\"432\" \/>\n\t<meta property=\"og:image:type\" content=\"image\/jpeg\" \/>\n<meta name=\"author\" content=\"Coordena\u00e7\u00e3o\" \/>\n<meta name=\"twitter:card\" content=\"summary_large_image\" \/>\n<meta name=\"twitter:creator\" content=\"@EstratJuridica\" \/>\n<meta name=\"twitter:site\" content=\"@EstratJuridica\" \/>\n<meta name=\"twitter:label1\" content=\"Escrito por\" \/>\n\t<meta name=\"twitter:data1\" content=\"Coordena\u00e7\u00e3o\" \/>\n\t<meta name=\"twitter:label2\" content=\"Est. tempo de leitura\" \/>\n\t<meta name=\"twitter:data2\" content=\"8 minutos\" \/>\n<script type=\"application\/ld+json\" class=\"yoast-schema-graph\">{\"@context\":\"https:\\\/\\\/schema.org\",\"@graph\":[{\"@type\":\"NewsArticle\",\"@id\":\"https:\\\/\\\/cj.estrategia.com\\\/portal\\\/gabarito-extraoficial-cartorio-sc\\\/#article\",\"isPartOf\":{\"@id\":\"https:\\\/\\\/cj.estrategia.com\\\/portal\\\/gabarito-extraoficial-cartorio-sc\\\/\"},\"author\":{\"name\":\"Coordena\u00e7\u00e3o\",\"@id\":\"https:\\\/\\\/cj.estrategia.com\\\/portal\\\/#\\\/schema\\\/person\\\/4d70317d31449932b99102916b6637f5\"},\"headline\":\"Gabarito Extraoficial &#8211; Cart\u00f3rio SC\",\"datePublished\":\"2023-06-19T20:27:00+00:00\",\"dateModified\":\"2023-06-19T20:27:29+00:00\",\"mainEntityOfPage\":{\"@id\":\"https:\\\/\\\/cj.estrategia.com\\\/portal\\\/gabarito-extraoficial-cartorio-sc\\\/\"},\"wordCount\":1388,\"commentCount\":0,\"publisher\":{\"@id\":\"https:\\\/\\\/cj.estrategia.com\\\/portal\\\/#organization\"},\"image\":{\"@id\":\"https:\\\/\\\/cj.estrategia.com\\\/portal\\\/gabarito-extraoficial-cartorio-sc\\\/#primaryimage\"},\"thumbnailUrl\":\"https:\\\/\\\/cj.estrategia.com\\\/portal\\\/wp-content\\\/uploads\\\/2022\\\/09\\\/04101845\\\/CARTORIO-SC.jpg\",\"articleSection\":[\"Cart\u00f3rio\"],\"inLanguage\":\"pt-BR\",\"potentialAction\":[{\"@type\":\"CommentAction\",\"name\":\"Comment\",\"target\":[\"https:\\\/\\\/cj.estrategia.com\\\/portal\\\/gabarito-extraoficial-cartorio-sc\\\/#respond\"]}]},{\"@type\":\"WebPage\",\"@id\":\"https:\\\/\\\/cj.estrategia.com\\\/portal\\\/gabarito-extraoficial-cartorio-sc\\\/\",\"url\":\"https:\\\/\\\/cj.estrategia.com\\\/portal\\\/gabarito-extraoficial-cartorio-sc\\\/\",\"name\":\"Gabarito Extraoficial - Cart\u00f3rio SC\",\"isPartOf\":{\"@id\":\"https:\\\/\\\/cj.estrategia.com\\\/portal\\\/#website\"},\"primaryImageOfPage\":{\"@id\":\"https:\\\/\\\/cj.estrategia.com\\\/portal\\\/gabarito-extraoficial-cartorio-sc\\\/#primaryimage\"},\"image\":{\"@id\":\"https:\\\/\\\/cj.estrategia.com\\\/portal\\\/gabarito-extraoficial-cartorio-sc\\\/#primaryimage\"},\"thumbnailUrl\":\"https:\\\/\\\/cj.estrategia.com\\\/portal\\\/wp-content\\\/uploads\\\/2022\\\/09\\\/04101845\\\/CARTORIO-SC.jpg\",\"datePublished\":\"2023-06-19T20:27:00+00:00\",\"dateModified\":\"2023-06-19T20:27:29+00:00\",\"description\":\"Confira aqui seu desempenho na prova objetiva do concurso Cart\u00f3rio SC.\",\"breadcrumb\":{\"@id\":\"https:\\\/\\\/cj.estrategia.com\\\/portal\\\/gabarito-extraoficial-cartorio-sc\\\/#breadcrumb\"},\"inLanguage\":\"pt-BR\",\"potentialAction\":[{\"@type\":\"ReadAction\",\"target\":[\"https:\\\/\\\/cj.estrategia.com\\\/portal\\\/gabarito-extraoficial-cartorio-sc\\\/\"]}]},{\"@type\":\"ImageObject\",\"inLanguage\":\"pt-BR\",\"@id\":\"https:\\\/\\\/cj.estrategia.com\\\/portal\\\/gabarito-extraoficial-cartorio-sc\\\/#primaryimage\",\"url\":\"https:\\\/\\\/cj.estrategia.com\\\/portal\\\/wp-content\\\/uploads\\\/2022\\\/09\\\/04101845\\\/CARTORIO-SC.jpg\",\"contentUrl\":\"https:\\\/\\\/cj.estrategia.com\\\/portal\\\/wp-content\\\/uploads\\\/2022\\\/09\\\/04101845\\\/CARTORIO-SC.jpg\",\"width\":768,\"height\":432,\"caption\":\"Concurso Cart\u00f3rio SC\"},{\"@type\":\"BreadcrumbList\",\"@id\":\"https:\\\/\\\/cj.estrategia.com\\\/portal\\\/gabarito-extraoficial-cartorio-sc\\\/#breadcrumb\",\"itemListElement\":[{\"@type\":\"ListItem\",\"position\":1,\"name\":\"In\u00edcio\",\"item\":\"https:\\\/\\\/cj.estrategia.com\\\/portal\\\/\"},{\"@type\":\"ListItem\",\"position\":2,\"name\":\"Gabarito Extraoficial &#8211; Cart\u00f3rio SC\"}]},{\"@type\":\"WebSite\",\"@id\":\"https:\\\/\\\/cj.estrategia.com\\\/portal\\\/#website\",\"url\":\"https:\\\/\\\/cj.estrategia.com\\\/portal\\\/\",\"name\":\"Blog - Carreiras Jur\u00eddicas - Estrat\u00e9gia\",\"description\":\"\",\"publisher\":{\"@id\":\"https:\\\/\\\/cj.estrategia.com\\\/portal\\\/#organization\"},\"potentialAction\":[{\"@type\":\"SearchAction\",\"target\":{\"@type\":\"EntryPoint\",\"urlTemplate\":\"https:\\\/\\\/cj.estrategia.com\\\/portal\\\/?s={search_term_string}\"},\"query-input\":{\"@type\":\"PropertyValueSpecification\",\"valueRequired\":true,\"valueName\":\"search_term_string\"}}],\"inLanguage\":\"pt-BR\"},{\"@type\":\"Organization\",\"@id\":\"https:\\\/\\\/cj.estrategia.com\\\/portal\\\/#organization\",\"name\":\"Estrat\u00e9gia - Carreiras Jur\u00eddicas\",\"url\":\"https:\\\/\\\/cj.estrategia.com\\\/portal\\\/\",\"logo\":{\"@type\":\"ImageObject\",\"inLanguage\":\"pt-BR\",\"@id\":\"https:\\\/\\\/cj.estrategia.com\\\/portal\\\/#\\\/schema\\\/logo\\\/image\\\/\",\"url\":\"https:\\\/\\\/cj.estrategia.com\\\/portal\\\/wp-content\\\/uploads\\\/2022\\\/03\\\/11151052\\\/cj-logo.png\",\"contentUrl\":\"https:\\\/\\\/cj.estrategia.com\\\/portal\\\/wp-content\\\/uploads\\\/2022\\\/03\\\/11151052\\\/cj-logo.png\",\"width\":150,\"height\":39,\"caption\":\"Estrat\u00e9gia - Carreiras Jur\u00eddicas\"},\"image\":{\"@id\":\"https:\\\/\\\/cj.estrategia.com\\\/portal\\\/#\\\/schema\\\/logo\\\/image\\\/\"},\"sameAs\":[\"https:\\\/\\\/www.facebook.com\\\/estrategiacarreirajuridica\\\/\",\"https:\\\/\\\/x.com\\\/EstratJuridica\",\"https:\\\/\\\/www.instagram.com\\\/estrategiacarreirajuridica\\\/\",\"https:\\\/\\\/www.youtube.com\\\/channel\\\/UClbMGuYbj2Mh1m3w144ETWQ\"]},{\"@type\":\"Person\",\"@id\":\"https:\\\/\\\/cj.estrategia.com\\\/portal\\\/#\\\/schema\\\/person\\\/4d70317d31449932b99102916b6637f5\",\"name\":\"Coordena\u00e7\u00e3o\",\"image\":{\"@type\":\"ImageObject\",\"inLanguage\":\"pt-BR\",\"@id\":\"https:\\\/\\\/cj.estrategia.com\\\/portal\\\/wp-content\\\/uploads\\\/2022\\\/05\\\/12164923\\\/estrategia-carreira-juridica-coordenacao-96x96.png\",\"url\":\"https:\\\/\\\/cj.estrategia.com\\\/portal\\\/wp-content\\\/uploads\\\/2022\\\/05\\\/12164923\\\/estrategia-carreira-juridica-coordenacao-96x96.png\",\"contentUrl\":\"https:\\\/\\\/cj.estrategia.com\\\/portal\\\/wp-content\\\/uploads\\\/2022\\\/05\\\/12164923\\\/estrategia-carreira-juridica-coordenacao-96x96.png\",\"caption\":\"Coordena\u00e7\u00e3o\"},\"url\":\"https:\\\/\\\/cj.estrategia.com\\\/portal\\\/author\\\/coordenacao\\\/\"}]}<\/script>\n<!-- \/ Yoast SEO Premium plugin. -->","yoast_head_json":{"title":"Gabarito Extraoficial - Cart\u00f3rio SC","description":"Confira aqui seu desempenho na prova objetiva do concurso Cart\u00f3rio SC.","robots":{"index":"index","follow":"follow","max-snippet":"max-snippet:-1","max-image-preview":"max-image-preview:large","max-video-preview":"max-video-preview:-1"},"canonical":"https:\/\/cj.estrategia.com\/portal\/gabarito-extraoficial-cartorio-sc\/","og_locale":"pt_BR","og_type":"article","og_title":"Gabarito Extraoficial - Cart\u00f3rio SC","og_description":"Confira aqui seu desempenho na prova objetiva do concurso Cart\u00f3rio SC.","og_url":"https:\/\/cj.estrategia.com\/portal\/gabarito-extraoficial-cartorio-sc\/","og_site_name":"Blog - Carreiras Jur\u00eddicas - Estrat\u00e9gia","article_publisher":"https:\/\/www.facebook.com\/estrategiacarreirajuridica\/","article_published_time":"2023-06-19T20:27:00+00:00","article_modified_time":"2023-06-19T20:27:29+00:00","og_image":[{"width":768,"height":432,"url":"https:\/\/cj.estrategia.com\/portal\/wp-content\/uploads\/2022\/09\/04101845\/CARTORIO-SC.jpg","type":"image\/jpeg"}],"author":"Coordena\u00e7\u00e3o","twitter_card":"summary_large_image","twitter_creator":"@EstratJuridica","twitter_site":"@EstratJuridica","twitter_misc":{"Escrito por":"Coordena\u00e7\u00e3o","Est. tempo de leitura":"8 minutos"},"schema":{"@context":"https:\/\/schema.org","@graph":[{"@type":"NewsArticle","@id":"https:\/\/cj.estrategia.com\/portal\/gabarito-extraoficial-cartorio-sc\/#article","isPartOf":{"@id":"https:\/\/cj.estrategia.com\/portal\/gabarito-extraoficial-cartorio-sc\/"},"author":{"name":"Coordena\u00e7\u00e3o","@id":"https:\/\/cj.estrategia.com\/portal\/#\/schema\/person\/4d70317d31449932b99102916b6637f5"},"headline":"Gabarito Extraoficial &#8211; Cart\u00f3rio SC","datePublished":"2023-06-19T20:27:00+00:00","dateModified":"2023-06-19T20:27:29+00:00","mainEntityOfPage":{"@id":"https:\/\/cj.estrategia.com\/portal\/gabarito-extraoficial-cartorio-sc\/"},"wordCount":1388,"commentCount":0,"publisher":{"@id":"https:\/\/cj.estrategia.com\/portal\/#organization"},"image":{"@id":"https:\/\/cj.estrategia.com\/portal\/gabarito-extraoficial-cartorio-sc\/#primaryimage"},"thumbnailUrl":"https:\/\/cj.estrategia.com\/portal\/wp-content\/uploads\/2022\/09\/04101845\/CARTORIO-SC.jpg","articleSection":["Cart\u00f3rio"],"inLanguage":"pt-BR","potentialAction":[{"@type":"CommentAction","name":"Comment","target":["https:\/\/cj.estrategia.com\/portal\/gabarito-extraoficial-cartorio-sc\/#respond"]}]},{"@type":"WebPage","@id":"https:\/\/cj.estrategia.com\/portal\/gabarito-extraoficial-cartorio-sc\/","url":"https:\/\/cj.estrategia.com\/portal\/gabarito-extraoficial-cartorio-sc\/","name":"Gabarito Extraoficial - Cart\u00f3rio SC","isPartOf":{"@id":"https:\/\/cj.estrategia.com\/portal\/#website"},"primaryImageOfPage":{"@id":"https:\/\/cj.estrategia.com\/portal\/gabarito-extraoficial-cartorio-sc\/#primaryimage"},"image":{"@id":"https:\/\/cj.estrategia.com\/portal\/gabarito-extraoficial-cartorio-sc\/#primaryimage"},"thumbnailUrl":"https:\/\/cj.estrategia.com\/portal\/wp-content\/uploads\/2022\/09\/04101845\/CARTORIO-SC.jpg","datePublished":"2023-06-19T20:27:00+00:00","dateModified":"2023-06-19T20:27:29+00:00","description":"Confira aqui seu desempenho na prova objetiva do concurso Cart\u00f3rio SC.","breadcrumb":{"@id":"https:\/\/cj.estrategia.com\/portal\/gabarito-extraoficial-cartorio-sc\/#breadcrumb"},"inLanguage":"pt-BR","potentialAction":[{"@type":"ReadAction","target":["https:\/\/cj.estrategia.com\/portal\/gabarito-extraoficial-cartorio-sc\/"]}]},{"@type":"ImageObject","inLanguage":"pt-BR","@id":"https:\/\/cj.estrategia.com\/portal\/gabarito-extraoficial-cartorio-sc\/#primaryimage","url":"https:\/\/cj.estrategia.com\/portal\/wp-content\/uploads\/2022\/09\/04101845\/CARTORIO-SC.jpg","contentUrl":"https:\/\/cj.estrategia.com\/portal\/wp-content\/uploads\/2022\/09\/04101845\/CARTORIO-SC.jpg","width":768,"height":432,"caption":"Concurso Cart\u00f3rio SC"},{"@type":"BreadcrumbList","@id":"https:\/\/cj.estrategia.com\/portal\/gabarito-extraoficial-cartorio-sc\/#breadcrumb","itemListElement":[{"@type":"ListItem","position":1,"name":"In\u00edcio","item":"https:\/\/cj.estrategia.com\/portal\/"},{"@type":"ListItem","position":2,"name":"Gabarito Extraoficial &#8211; Cart\u00f3rio SC"}]},{"@type":"WebSite","@id":"https:\/\/cj.estrategia.com\/portal\/#website","url":"https:\/\/cj.estrategia.com\/portal\/","name":"Blog - Carreiras Jur\u00eddicas - Estrat\u00e9gia","description":"","publisher":{"@id":"https:\/\/cj.estrategia.com\/portal\/#organization"},"potentialAction":[{"@type":"SearchAction","target":{"@type":"EntryPoint","urlTemplate":"https:\/\/cj.estrategia.com\/portal\/?s={search_term_string}"},"query-input":{"@type":"PropertyValueSpecification","valueRequired":true,"valueName":"search_term_string"}}],"inLanguage":"pt-BR"},{"@type":"Organization","@id":"https:\/\/cj.estrategia.com\/portal\/#organization","name":"Estrat\u00e9gia - Carreiras Jur\u00eddicas","url":"https:\/\/cj.estrategia.com\/portal\/","logo":{"@type":"ImageObject","inLanguage":"pt-BR","@id":"https:\/\/cj.estrategia.com\/portal\/#\/schema\/logo\/image\/","url":"https:\/\/cj.estrategia.com\/portal\/wp-content\/uploads\/2022\/03\/11151052\/cj-logo.png","contentUrl":"https:\/\/cj.estrategia.com\/portal\/wp-content\/uploads\/2022\/03\/11151052\/cj-logo.png","width":150,"height":39,"caption":"Estrat\u00e9gia - Carreiras Jur\u00eddicas"},"image":{"@id":"https:\/\/cj.estrategia.com\/portal\/#\/schema\/logo\/image\/"},"sameAs":["https:\/\/www.facebook.com\/estrategiacarreirajuridica\/","https:\/\/x.com\/EstratJuridica","https:\/\/www.instagram.com\/estrategiacarreirajuridica\/","https:\/\/www.youtube.com\/channel\/UClbMGuYbj2Mh1m3w144ETWQ"]},{"@type":"Person","@id":"https:\/\/cj.estrategia.com\/portal\/#\/schema\/person\/4d70317d31449932b99102916b6637f5","name":"Coordena\u00e7\u00e3o","image":{"@type":"ImageObject","inLanguage":"pt-BR","@id":"https:\/\/cj.estrategia.com\/portal\/wp-content\/uploads\/2022\/05\/12164923\/estrategia-carreira-juridica-coordenacao-96x96.png","url":"https:\/\/cj.estrategia.com\/portal\/wp-content\/uploads\/2022\/05\/12164923\/estrategia-carreira-juridica-coordenacao-96x96.png","contentUrl":"https:\/\/cj.estrategia.com\/portal\/wp-content\/uploads\/2022\/05\/12164923\/estrategia-carreira-juridica-coordenacao-96x96.png","caption":"Coordena\u00e7\u00e3o"},"url":"https:\/\/cj.estrategia.com\/portal\/author\/coordenacao\/"}]}},"jetpack_featured_media_url":"https:\/\/cj.estrategia.com\/portal\/wp-content\/uploads\/2022\/09\/04101845\/CARTORIO-SC.jpg","jetpack_sharing_enabled":true,"_links":{"self":[{"href":"https:\/\/cj.estrategia.com\/portal\/wp-json\/wp\/v2\/posts\/38908","targetHints":{"allow":["GET"]}}],"collection":[{"href":"https:\/\/cj.estrategia.com\/portal\/wp-json\/wp\/v2\/posts"}],"about":[{"href":"https:\/\/cj.estrategia.com\/portal\/wp-json\/wp\/v2\/types\/post"}],"author":[{"embeddable":true,"href":"https:\/\/cj.estrategia.com\/portal\/wp-json\/wp\/v2\/users\/12"}],"replies":[{"embeddable":true,"href":"https:\/\/cj.estrategia.com\/portal\/wp-json\/wp\/v2\/comments?post=38908"}],"version-history":[{"count":0,"href":"https:\/\/cj.estrategia.com\/portal\/wp-json\/wp\/v2\/posts\/38908\/revisions"}],"wp:featuredmedia":[{"embeddable":true,"href":"https:\/\/cj.estrategia.com\/portal\/wp-json\/wp\/v2\/media\/20771"}],"wp:attachment":[{"href":"https:\/\/cj.estrategia.com\/portal\/wp-json\/wp\/v2\/media?parent=38908"}],"wp:term":[{"taxonomy":"category","embeddable":true,"href":"https:\/\/cj.estrategia.com\/portal\/wp-json\/wp\/v2\/categories?post=38908"},{"taxonomy":"post_tag","embeddable":true,"href":"https:\/\/cj.estrategia.com\/portal\/wp-json\/wp\/v2\/tags?post=38908"},{"taxonomy":"tax_estado","embeddable":true,"href":"https:\/\/cj.estrategia.com\/portal\/wp-json\/wp\/v2\/tax_estado?post=38908"}],"curies":[{"name":"wp","href":"https:\/\/api.w.org\/{rel}","templated":true}]}}