{"id":38777,"date":"2025-06-17T21:59:00","date_gmt":"2025-06-18T00:59:00","guid":{"rendered":"https:\/\/cj.estrategia.com\/portal\/?p=38777"},"modified":"2026-04-13T21:56:45","modified_gmt":"2026-04-14T00:56:45","slug":"concurso-procurador-ale-rs","status":"publish","type":"post","link":"https:\/\/cj.estrategia.com\/portal\/concurso-procurador-ale-rs\/","title":{"rendered":"Concurso Procurador ALE RS: resultado final homologado! Confira!"},"content":{"rendered":"<a id=\"cta-icon\" href=\"https:\/\/sndflw.com\/i\/procuradorias-grupo\" target=\"blank\" style=\"background:rgb(41,166,26)\">\n            <img decoding=\"async\" src=\"https:\/\/cj.estrategia.com\/portal\/wp-content\/uploads\/2023\/12\/07160657\/whatsapp_1385.webp\" alt=\"\" alt=\"whatsapp_1385\"><span > Acesse agora o Grupo de Estudos para Concurso de Procuradorias <\/span><\/a>\n\n\n\n<p>A Assembleia Legislativa do Estado do Rio Grande do Sul publicou o <strong>Edital n\u00ba 56\/2024<\/strong>, que <strong>homologa o resultado final do Concurso P\u00fablico n\u00ba 01\/2024<\/strong> para o cargo de <strong>Procurador<\/strong>.<\/p>\n\n\n\n<ul class=\"wp-block-list\">\n<li><a href=\"https:\/\/cj.estrategia.com\/portal\/wp-content\/uploads\/2026\/04\/13213648\/872_Edital_56-2024_EditalHomologaAAoFinal_Procurador_6744ab6c560ad.pdf\" target=\"_blank\" >Homologa\u00e7\u00e3o do resultado final<\/a><\/li>\n<\/ul>\n\n\n\n<p>O certame, cujo edital <strong>ofertou uma vaga para o cargo<\/strong>, apresentou vencimento inicial de <strong>R$ 32.993,14<\/strong>. Atualmente, de acordo com o <strong>Portal da Transpar\u00eancia<\/strong>, a remunera\u00e7\u00e3o \u00e9 de <strong>R$ 34.758,27<\/strong>.<\/p>\n\n\n\n<p>De acordo com o certame, para ingressar no cargo de procurador da Assembleia Legislativa do Rio Grande do Sul foi necess\u00e1rio ter curso superior completo de Direito, Registro Profissional no respectivo Conselho ou entidade equivalente &#8211; OAB.<\/p>\n\n\n\n<ul class=\"wp-block-list has-very-light-gray-to-cyan-bluish-gray-gradient-background has-background\">\n<li><strong>Concurso Procurador ALE RS<\/strong><\/li>\n\n\n\n<li><strong>Status<\/strong>: homologado<\/li>\n\n\n\n<li><strong>Banca:<\/strong>&nbsp;<a href=\"https:\/\/www.fundatec.org.br\/portal\/concursos\/index_concursos.php?concurso=872\" target=\"_blank\" >FUNDATEC<\/a> (\u00daltimo edital)<\/li>\n\n\n\n<li><strong>Vagas:<\/strong>&nbsp;1 (\u00daltimo edital)<\/li>\n\n\n\n<li><strong>Sal\u00e1rio:<\/strong>&nbsp; R$ 34.758,27 (Atualizado)<\/li>\n<\/ul>\n\n\n\n<p><\/p>\n\n\n\n<div class=\"container\" id=\"boxes\">\n  <div class=\"row\">\n\n    <div class=\"col-sm\">\n      <div class=\"banner-ecj-procuradorias\" id=\"box-assinatura\">\n        <h2 id=\"cursos-para-concurso-procurador-ale-rs\" class=\"titulo-assinatura\"><span style=\"color: #ffffff; font-size: 23px; \">Cursos para Concurso Procurador ALE RS<\/span><\/h2>\n        <p class=\"subtitulo-assinatura\">Cursos focados no edital!<\/p>\n        <div class=\"box-botao\">\n          <a class=\"btn-assinatura-juridica\" target=\"_blank\" href=\"https:\/\/cj.estrategia.com\/curso\/ale-rs-procurador-pacote-teorico-2024-pos-edital\" role=\"button\" rel=\"noopener noreferrer\">CLIQUE AQUI<\/a>\n        <\/div>\n      <\/div>\n      <p class=\"texto-auxiliar\">Prepare-se com o melhor material e com quem mais aprova em concursos em todo o pa\u00eds. \n<\/p>\n    <\/div>\n\n  <\/div>\n<\/div>\n\n\n\n<ul class=\"wp-block-list\">\n<li><\/li>\n<\/ul>\n\n\n\n<div class=\"wp-block-yoast-seo-table-of-contents yoast-table-of-contents\"><ul><li><a href=\"#ATUAL\" data-level=\"2\">Concurso Procurador ALE RS 2024: situa\u00e7\u00e3o atual<\/a><ul><li><a href=\"#h-quais-foram-as-principais-datas\" data-level=\"3\">Quais foram as principais datas?<\/a><\/li><li><a href=\"#h-resultados\" data-level=\"3\">Resultados<\/a><\/li><\/ul><\/li><li><a href=\"#carreira\" data-level=\"2\">Como \u00e9 a carreira de Procurador na ALE RS?<\/a><ul><li><a href=\"#remunera\u00e7\u00e3o\" data-level=\"3\">Qual \u00e9 a remunera\u00e7\u00e3o do cargo de Procurador<\/a><\/li><li><a href=\"#requisito\" data-level=\"3\">Quais os requisitos do cargo?<\/a><\/li><\/ul><\/li><li><a href=\"#h-concurso-procurador-ale-rs-quais-foram-as-etapas-do-ultimo-certame\" data-level=\"2\">Concurso Procurador ALE RS: quais foram as etapas do \u00faltimo certame?<\/a><ul><li><a href=\"#h-prova-objetiva\" data-level=\"3\">Prova Objetiva<\/a><\/li><li><a href=\"#h-prova-discursiva\" data-level=\"3\">Prova Discursiva<\/a><\/li><li><a href=\"#h-avaliacao-de-titulos\" data-level=\"3\">Avalia\u00e7\u00e3o de T\u00edtulos<\/a><\/li><\/ul><\/li><li><a href=\"#ultimo\" data-level=\"2\">Pen\u00faltimo concurso Procurador ALE RS: como foi?<\/a><\/li><li><a href=\"#h-material-de-estudo\" data-level=\"2\">Material de Estudo<\/a><\/li><li><a href=\"#cursos\" data-level=\"2\">Quer saber tudo sobre concursos previstos? Confira nossos artigos!<\/a><\/li><\/ul><\/div>\n\n\n\n<h2 class=\"wp-block-heading\" id=\"ATUAL\"><span id=\"concurso-procurador-ale-rs-2024-situacao-atual\">Concurso Procurador ALE RS 2024: situa\u00e7\u00e3o atual<\/span><\/h2>\n\n\n\n<h3 class=\"wp-block-heading has-medium-font-size\" id=\"h-quais-foram-as-principais-datas\"><span id=\"quais-foram-as-principais-datas\">Quais foram as principais datas?<\/span><\/h3>\n\n\n\n<ul class=\"wp-block-list has-very-light-gray-to-cyan-bluish-gray-gradient-background has-background\">\n<li><strong>Inscri\u00e7\u00f5es: <\/strong><s>30\/01 a 28\/02\/2024<\/s><\/li>\n\n\n\n<li><strong>Isen\u00e7\u00e3o de Taxa: <\/strong><s>31\/01 a 01\/02\/2024<\/s><\/li>\n\n\n\n<li><strong>Pagamento da taxa: <\/strong>at\u00e9 <s>14\/03\/2024<\/s><\/li>\n\n\n\n<li><strong>Prova Objetiva: <\/strong><s>28\/04\/2024<\/s><\/li>\n\n\n\n<li><strong>Prova discursiva:<\/strong> <s>21\/07\/2024<\/s><\/li>\n<\/ul>\n\n\n\n<h3 class=\"wp-block-heading\" id=\"h-resultados\"><span id=\"resultados\">Resultados <\/span><\/h3>\n\n\n\n<ul class=\"wp-block-list\">\n<li><a href=\"https:\/\/cj.estrategia.com\/portal\/wp-content\/uploads\/2026\/04\/13213648\/872_Edital_56-2024_EditalHomologaAAoFinal_Procurador_6744ab6c560ad.pdf\" target=\"_blank\" >Homologa\u00e7\u00e3o do resultado final<\/a><\/li>\n\n\n\n<li><a href=\"https:\/\/cj.estrategia.com\/portal\/wp-content\/uploads\/2024\/10\/03073357\/ClassificaAAo_TO_872_6686f2e5c973d.pdf\" target=\"_blank\" >Resultado definitivo &#8211; Prova Objetiva<\/a><\/li>\n\n\n\n<li><a href=\"https:\/\/cj.estrategia.com\/portal\/wp-content\/uploads\/2024\/11\/06113648\/872_Edital_36-2024_NotasDefinitivas_Discursiva_ProcuradorREVISADO_66fed26b316bf.pdf\" target=\"_blank\" >Resultado definitivo da Prova discursiva <\/a><\/li>\n<\/ul>\n\n\n\n<h2 class=\"wp-block-heading\" id=\"carreira\"><span id=\"como-e-a-carreira-de-procurador-na-ale-rs\">Como \u00e9 a carreira de Procurador na ALE RS?<\/span><\/h2>\n\n\n\n<h3 class=\"wp-block-heading\" id=\"remunera\u00e7\u00e3o\"><span id=\"qual-e-a-remuneracao-do-cargo-de-procurador\">Qual \u00e9 a remunera\u00e7\u00e3o do cargo de Procurador <\/span><\/h3>\n\n\n\n<figure class=\"wp-block-table is-style-stripes\"><table class=\"has-luminous-vivid-amber-background-color has-background\"><thead><tr><th class=\"has-text-align-center\" data-align=\"center\">Nome do Cargo<\/th><th class=\"has-text-align-center\" data-align=\"center\">Padr\u00e3o<\/th><th class=\"has-text-align-center\" data-align=\"center\">Quantidade Provida<\/th><th class=\"has-text-align-center\" data-align=\"center\">Vencimento do Cargo<\/th><\/tr><\/thead><tbody><tr><td class=\"has-text-align-center\" data-align=\"center\">Procurador<\/td><td class=\"has-text-align-center\" data-align=\"center\">Inicial<\/td><td class=\"has-text-align-center\" data-align=\"center\">0<\/td><td class=\"has-text-align-center\" data-align=\"center\">R$ 34.758,27<\/td><\/tr><tr><td class=\"has-text-align-center\" data-align=\"center\">Procurador<\/td><td class=\"has-text-align-center\" data-align=\"center\">Intermedi\u00e1rio<\/td><td class=\"has-text-align-center\" data-align=\"center\">0<\/td><td class=\"has-text-align-center\" data-align=\"center\">R$ 36.930,64<\/td><\/tr><tr><td class=\"has-text-align-center\" data-align=\"center\">Procurador<\/td><td class=\"has-text-align-center\" data-align=\"center\">Final<\/td><td class=\"has-text-align-center\" data-align=\"center\">1<\/td><td class=\"has-text-align-center\" data-align=\"center\">R$ 39.103,01<\/td><\/tr><tr><td class=\"has-text-align-center\" data-align=\"center\">Procurador<\/td><td class=\"has-text-align-center\" data-align=\"center\">Superior<\/td><td class=\"has-text-align-center\" data-align=\"center\">6<\/td><td class=\"has-text-align-center\" data-align=\"center\">R$ 41.275,47<\/td><\/tr><tr><td class=\"has-text-align-center\" data-align=\"center\">Procurador-Geral Especial<\/td><td class=\"has-text-align-center\" data-align=\"center\">\u2014<\/td><td class=\"has-text-align-center\" data-align=\"center\">1<\/td><td class=\"has-text-align-center\" data-align=\"center\">R$ 43.447,79<\/td><\/tr><\/tbody><\/table><figcaption class=\"wp-element-caption\"><em><strong>Fonte: <a href=\"https:\/\/transparencia.al.rs.gov.br\/\" target=\"_blank\" >Portal da Transpar\u00eancia &#8211; Dados atualizados em 28\/11\/2025<\/a><\/strong><\/em>.<\/figcaption><\/figure>\n\n\n\n<ul class=\"wp-block-list\">\n<li><\/li>\n<\/ul>\n\n\n\n<h3 class=\"wp-block-heading\" id=\"requisito\"><span id=\"quais-os-requisitos-do-cargo\">Quais os requisitos do cargo?<\/span><\/h3>\n\n\n\n<p>Procurador &#8211; N\u00edvel Superior em Direito + OAB<\/p>\n\n\n\n<h2 class=\"wp-block-heading\" id=\"h-concurso-procurador-ale-rs-quais-foram-as-etapas-do-ultimo-certame\"><span id=\"concurso-procurador-ale-rs-quais-foram-as-etapas-do-ultimo-certame\">Concurso Procurador ALE RS: quais foram as etapas do \u00faltimo certame?<\/span><\/h2>\n\n\n\n<p>Os candidatos ao concurso <strong><strong>Procurador ALE RS<\/strong><\/strong> foram avaliados por meio das seguintes etapas:<\/p>\n\n\n\n<ul class=\"wp-block-list\">\n<li><strong>Prova Objetiva<\/strong>, de car\u00e1ter eliminat\u00f3rio e classificat\u00f3rio;<\/li>\n\n\n\n<li><strong>Prova Discursiva,<\/strong>&nbsp;de car\u00e1ter eliminat\u00f3rio e classificat\u00f3rio;<\/li>\n\n\n\n<li><strong>Elabora\u00e7\u00e3o de Parecer,<\/strong> de car\u00e1ter eliminat\u00f3rio e classificat\u00f3rio;<\/li>\n\n\n\n<li><strong>Prova de T\u00edtulos,<\/strong>&nbsp;de car\u00e1ter classificat\u00f3rio<\/li>\n<\/ul>\n\n\n\n<h3 class=\"wp-block-heading\" id=\"h-prova-objetiva\"><span id=\"prova-objetiva\"><strong>Prova Objetiva<\/strong><\/span><\/h3>\n\n\n\n<p><strong>Conhecimentos B\u00e1sicos<\/strong><\/p>\n\n\n\n<ul class=\"wp-block-list\">\n<li>L\u00edngua Portuguesa <\/li>\n\n\n\n<li>Realidade s\u00f3cio-pol\u00edtico-hist\u00f3rica do RS <\/li>\n\n\n\n<li>No\u00e7\u00f5es do Regimento Interno do ALERGS <\/li>\n\n\n\n<li>Direitos Humanos e Cidadania<\/li>\n\n\n\n<li>Ci\u00eancia Pol\u00edtica <\/li>\n<\/ul>\n\n\n\n<p><strong>Conhecimentos Espec\u00edficos<\/strong><\/p>\n\n\n\n<ul class=\"wp-block-list\">\n<li>Direito Administrativo <\/li>\n<\/ul>\n\n\n\n<ul class=\"wp-block-list\">\n<li>Direito Constitucional<\/li>\n\n\n\n<li>Direito Financeiro e Tribut\u00e1rio<\/li>\n\n\n\n<li>Direito Ambiental <\/li>\n\n\n\n<li>Direito Eleitoral<\/li>\n\n\n\n<li>Direito Previdenci\u00e1rio <\/li>\n\n\n\n<li>Direito do Trabalho <\/li>\n\n\n\n<li>Direito Civil e Empresarial<\/li>\n\n\n\n<li>Direito Processual Civil <\/li>\n\n\n\n<li>Direito Penal e Processual Penal<\/li>\n<\/ul>\n\n\n\n<h3 class=\"wp-block-heading\" id=\"h-prova-discursiva\"><span id=\"prova-discursiva\">Prova Discursiva<\/span><\/h3>\n\n\n\n<figure class=\"wp-block-image size-large\"><img decoding=\"async\" width=\"1024\" height=\"328\" src=\"https:\/\/cj.estrategia.com\/portal\/wp-content\/uploads\/2024\/01\/30164857\/image-2-13-1024x328.png\" alt=\"imagem para ilustrar artigo sobre concurso para Procurador da ALE RS\" class=\"wp-image-54414\" srcset=\"https:\/\/cj.estrategia.com\/portal\/wp-content\/uploads\/2024\/01\/30164857\/image-2-13-1024x328.png 1024w, https:\/\/cj.estrategia.com\/portal\/wp-content\/uploads\/2024\/01\/30164857\/image-2-13-300x96.png 300w, https:\/\/cj.estrategia.com\/portal\/wp-content\/uploads\/2024\/01\/30164857\/image-2-13-768x246.png 768w, https:\/\/cj.estrategia.com\/portal\/wp-content\/uploads\/2024\/01\/30164857\/image-2-13-380x122.png 380w, https:\/\/cj.estrategia.com\/portal\/wp-content\/uploads\/2024\/01\/30164857\/image-2-13-800x256.png 800w, https:\/\/cj.estrategia.com\/portal\/wp-content\/uploads\/2024\/01\/30164857\/image-2-13-150x48.png 150w, https:\/\/cj.estrategia.com\/portal\/wp-content\/uploads\/2024\/01\/30164857\/image-2-13.png 1116w\" sizes=\"(max-width: 1024px) 100vw, 1024px\" \/><\/figure>\n\n\n\n<ul class=\"wp-block-list\">\n<li><\/li>\n<\/ul>\n\n\n\n<h3 class=\"wp-block-heading\" id=\"h-avaliacao-de-titulos\"><span id=\"avaliacao-de-titulos\">Avalia\u00e7\u00e3o de T\u00edtulos<\/span><\/h3>\n\n\n\n<figure class=\"wp-block-image size-full\"><img decoding=\"async\" width=\"855\" height=\"694\" src=\"https:\/\/cj.estrategia.com\/portal\/wp-content\/uploads\/2024\/01\/30165018\/image-15.png\" alt=\"imagem para ilustrar artigo sobre concurso para Procurador da ALE RS\" class=\"wp-image-54415\" srcset=\"https:\/\/cj.estrategia.com\/portal\/wp-content\/uploads\/2024\/01\/30165018\/image-15.png 855w, https:\/\/cj.estrategia.com\/portal\/wp-content\/uploads\/2024\/01\/30165018\/image-15-300x244.png 300w, https:\/\/cj.estrategia.com\/portal\/wp-content\/uploads\/2024\/01\/30165018\/image-15-768x623.png 768w, https:\/\/cj.estrategia.com\/portal\/wp-content\/uploads\/2024\/01\/30165018\/image-15-380x308.png 380w, https:\/\/cj.estrategia.com\/portal\/wp-content\/uploads\/2024\/01\/30165018\/image-15-800x649.png 800w, https:\/\/cj.estrategia.com\/portal\/wp-content\/uploads\/2024\/01\/30165018\/image-15-150x122.png 150w\" sizes=\"(max-width: 855px) 100vw, 855px\" \/><\/figure>\n\n\n\n<h2 class=\"wp-block-heading\" id=\"ultimo\"><span id=\"penultimo-concurso-procurador-ale-rs-como-foi\">Pen\u00faltimo concurso Procurador ALE RS: como foi?<\/span><\/h2>\n\n\n\n<p>Sob organiza\u00e7\u00e3o da banca Fepese, o \u00faltimo concurso da Assembleia Legislativa do Rio Grande do Sul (ALE RS) foi realizado em 2018. Foi ofertada 1 vaga para <em>Procurador com remunera\u00e7\u00e3o&nbsp;Inicial de R$&nbsp;23.084,61<\/em>.<\/p>\n\n\n\n<h2 class=\"wp-block-heading\" id=\"h-material-de-estudo\"><span id=\"material-de-estudo\">Material de Estudo <\/span><\/h2>\n\n\n\n<ul class=\"wp-block-list\">\n<li><a href=\"https:\/\/www.youtube.com\/watch?v=fzGU1Qvu6jI\">O m\u00e9todo da aprovada com a 2\u00aa maior nota geral nas provas<\/a><\/li>\n\n\n\n<li><a href=\"https:\/\/www.youtube.com\/watch?v=klDuNfOjKZo\">&nbsp;Plano de Estudos Completo para Procurador<\/a><\/li>\n<\/ul>\n\n\n\n<h2 class=\"wp-block-heading has-text-align-left\" id=\"cursos\"><span id=\"quer-saber-tudo-sobre-concursos-previstosconfira-nossos-artigos\">Quer saber tudo sobre concursos previstos?<br>Confira nossos artigos!<\/span><\/h2>\n\n\n\n<ul class=\"wp-block-list\">\n<li><a href=\"https:\/\/cj.estrategia.com\/portal\/concursos-procuradorias\/\" target=\"_blank\" >Concursos Procuradorias<\/a><\/li>\n\n\n\n<li><a href=\"https:\/\/cj.estrategia.com\/portal\/concursos-abertos-carreiras-juridicas\/\" target=\"_blank\" >Concursos Jur\u00eddicos abertos<\/a><\/li>\n\n\n\n<li><a href=\"https:\/\/cj.estrategia.com\/portal\/concursos-2025-carreiras-juridicas\/\" target=\"_blank\" ><\/a><a href=\"https:\/\/cj.estrategia.com\/portal\/concursos-juridicos-2026-prepare-se-para-os-proximos-editais\/\" target=\"_blank\" >Concursos Jur\u00eddicos 2026<\/a><\/li>\n<\/ul>\n\n\n\n<p><em>Prepare-se com o melhor material e com quem mais aprova em Concursos P\u00fablicos em todo o pa\u00eds.<\/em><\/p>\n\n\n\n<div class=\"wp-block-cover\" style=\"min-height:155px;aspect-ratio:unset;\"><img decoding=\"async\" width=\"1890\" height=\"351\" class=\"wp-block-cover__image-background wp-image-8669\" alt=\"Assinaturas Jur\u00eddicas\" src=\"https:\/\/cj.estrategia.com\/portal\/wp-content\/uploads\/2022\/06\/20151253\/concurso-carreiras-juridicas-assinatura-juridica.jpg\" style=\"object-position:78% 43%\" data-object-fit=\"cover\" data-object-position=\"78% 43%\" srcset=\"https:\/\/cj.estrategia.com\/portal\/wp-content\/uploads\/2022\/06\/20151253\/concurso-carreiras-juridicas-assinatura-juridica.jpg 1890w, https:\/\/cj.estrategia.com\/portal\/wp-content\/uploads\/2022\/06\/20151253\/concurso-carreiras-juridicas-assinatura-juridica-300x56.jpg 300w, https:\/\/cj.estrategia.com\/portal\/wp-content\/uploads\/2022\/06\/20151253\/concurso-carreiras-juridicas-assinatura-juridica-1024x190.jpg 1024w, https:\/\/cj.estrategia.com\/portal\/wp-content\/uploads\/2022\/06\/20151253\/concurso-carreiras-juridicas-assinatura-juridica-768x143.jpg 768w, https:\/\/cj.estrategia.com\/portal\/wp-content\/uploads\/2022\/06\/20151253\/concurso-carreiras-juridicas-assinatura-juridica-1536x285.jpg 1536w, https:\/\/cj.estrategia.com\/portal\/wp-content\/uploads\/2022\/06\/20151253\/concurso-carreiras-juridicas-assinatura-juridica-380x71.jpg 380w, https:\/\/cj.estrategia.com\/portal\/wp-content\/uploads\/2022\/06\/20151253\/concurso-carreiras-juridicas-assinatura-juridica-800x149.jpg 800w, https:\/\/cj.estrategia.com\/portal\/wp-content\/uploads\/2022\/06\/20151253\/concurso-carreiras-juridicas-assinatura-juridica-1160x215.jpg 1160w\" sizes=\"(max-width: 1890px) 100vw, 1890px\" \/><span aria-hidden=\"true\" class=\"wp-block-cover__background has-background-dim\"><\/span><div class=\"wp-block-cover__inner-container is-layout-flow wp-block-cover-is-layout-flow\">\n<h3 id=\"faca-a-sua-assinatura\" class=\"titulo-assinatura\"><span style=\"color: #ffffff;\">Fa\u00e7a a sua assinatura!<\/span><\/h3>\n<p class=\"subtitulo-assinatura\" style=\"display:block!important; line-height: 0;\"><span style=\"color: #ffffff;\">Escolha a sua \u00e1rea.<\/span><\/p>\n<a target=\"_blank\" href=\"https:\/\/www.estrategiaconcursos.com.br\/assinaturas-ecj\/\" rel=\"noopener\"><button style=\"border-radius: 10px; text-transform: capitalize;\">Acessar<\/button><\/a>\n<\/div><\/div>\n\n\n\n<p><\/p>\n\n\n\n<figure class=\"wp-block-image size-large is-resized\"><img decoding=\"async\" src=\"https:\/\/dhg1h5j42swfq.cloudfront.net\/2021\/07\/09085319\/ficha-tecnica-2-1024x632.png\" alt=\"pgm mar\u00edlia sp\" class=\"wp-image-790861\" style=\"width:264px;height:auto\"\/><\/figure>\n\n\n\n<p id=\"ficha\"><strong>Informa\u00e7\u00f5es do \u00faltimo concurso concurso Procurador ALE RS<\/strong><\/p>\n\n\n\n<ul class=\"wp-block-list\">\n<li><strong>Cargos<\/strong>: Procurador <\/li>\n\n\n\n<li><strong>Vagas<\/strong>: 1<\/li>\n\n\n\n<li><strong>Banca<\/strong>: FUNDATEC<\/li>\n\n\n\n<li><strong>Escolaridade<\/strong>: N\u00edvel Superior em Direito + OAB<\/li>\n\n\n\n<li><strong>\u00daltimo edital<\/strong>: <a href=\"https:\/\/cj.estrategia.com\/portal\/wp-content\/uploads\/2024\/01\/30162426\/edital_abertura_87265b947ee926ab.pdf\" target=\"_blank\" >Procurador ALE RS 2024<\/a><\/li>\n\n\n\n<li><strong>Pen\u00faltimo edital:<\/strong>&nbsp;<a href=\"https:\/\/dhg1h5j42swfq.cloudfront.net\/2018\/01\/18115105\/edital_258720009906-1.pdf\" target=\"_blank\" >Procurador ALERS 2018<\/a><\/li>\n<\/ul>\n\n\n\n<p><\/p>\n\n\n\n<p><\/p>\n\n\n\n<p><\/p>\n","protected":false},"excerpt":{"rendered":"Fique por dentro do Concurso Procurador ALE RS, homologado pela Assembleia Legislativa, e suas exig\u00eancias para candidatos.\n","protected":false},"author":12,"featured_media":177715,"comment_status":"open","ping_status":"open","sticky":false,"template":"","format":"standard","meta":{"_jetpack_memberships_contains_paid_content":false,"footnotes":""},"categories":[24],"tags":[],"tax_estado":[53],"class_list":{"0":"post-38777","1":"post","2":"type-post","3":"status-publish","4":"format-standard","5":"has-post-thumbnail","7":"category-procuradoria","8":"tax_estado-rs"},"acf":[],"yoast_head":"<!-- This site is optimized with the Yoast SEO Premium plugin v27.4 (Yoast SEO v27.4) - https:\/\/yoast.com\/product\/yoast-seo-premium-wordpress\/ -->\n<title>Concurso Procurador ALE RS: resultado final homologado! Confira!<\/title>\n<meta name=\"description\" content=\"Fique por dentro do Concurso Procurador ALE RS, homologado pela Assembleia Legislativa, e suas exig\u00eancias para candidatos.\" \/>\n<meta name=\"robots\" content=\"index, follow, max-snippet:-1, max-image-preview:large, max-video-preview:-1\" \/>\n<link rel=\"canonical\" href=\"https:\/\/cj.estrategia.com\/portal\/concurso-procurador-ale-rs\/\" \/>\n<meta property=\"og:locale\" content=\"pt_BR\" \/>\n<meta property=\"og:type\" content=\"article\" \/>\n<meta property=\"og:title\" content=\"Concurso Procurador ALE RS: resultado final homologado! Confira!\" \/>\n<meta property=\"og:description\" content=\"Fique por dentro do Concurso Procurador ALE RS, homologado pela Assembleia Legislativa, e suas exig\u00eancias para candidatos.\" \/>\n<meta property=\"og:url\" content=\"https:\/\/cj.estrategia.com\/portal\/concurso-procurador-ale-rs\/\" \/>\n<meta property=\"og:site_name\" content=\"Blog - Carreiras Jur\u00eddicas - Estrat\u00e9gia\" \/>\n<meta property=\"article:publisher\" content=\"https:\/\/www.facebook.com\/estrategiacarreirajuridica\/\" \/>\n<meta property=\"article:published_time\" content=\"2025-06-18T00:59:00+00:00\" \/>\n<meta property=\"article:modified_time\" content=\"2026-04-14T00:56:45+00:00\" \/>\n<meta property=\"og:image\" content=\"https:\/\/cj.estrategia.com\/portal\/wp-content\/uploads\/2026\/01\/04105643\/procurador.jpg\" \/>\n\t<meta property=\"og:image:width\" content=\"2459\" \/>\n\t<meta property=\"og:image:height\" content=\"1383\" \/>\n\t<meta property=\"og:image:type\" content=\"image\/jpeg\" \/>\n<meta name=\"author\" content=\"Coordena\u00e7\u00e3o\" \/>\n<meta name=\"twitter:card\" content=\"summary_large_image\" \/>\n<meta name=\"twitter:creator\" content=\"@EstratJuridica\" \/>\n<meta name=\"twitter:site\" content=\"@EstratJuridica\" \/>\n<meta name=\"twitter:label1\" content=\"Escrito por\" \/>\n\t<meta name=\"twitter:data1\" content=\"Coordena\u00e7\u00e3o\" \/>\n\t<meta name=\"twitter:label2\" content=\"Est. tempo de leitura\" \/>\n\t<meta name=\"twitter:data2\" content=\"4 minutos\" \/>\n<script type=\"application\/ld+json\" class=\"yoast-schema-graph\">{\"@context\":\"https:\\\/\\\/schema.org\",\"@graph\":[{\"@type\":\"NewsArticle\",\"@id\":\"https:\\\/\\\/cj.estrategia.com\\\/portal\\\/concurso-procurador-ale-rs\\\/#article\",\"isPartOf\":{\"@id\":\"https:\\\/\\\/cj.estrategia.com\\\/portal\\\/concurso-procurador-ale-rs\\\/\"},\"author\":{\"name\":\"Coordena\u00e7\u00e3o\",\"@id\":\"https:\\\/\\\/cj.estrategia.com\\\/portal\\\/#\\\/schema\\\/person\\\/4d70317d31449932b99102916b6637f5\"},\"headline\":\"Concurso Procurador ALE RS: resultado final homologado! Confira!\",\"datePublished\":\"2025-06-18T00:59:00+00:00\",\"dateModified\":\"2026-04-14T00:56:45+00:00\",\"mainEntityOfPage\":{\"@id\":\"https:\\\/\\\/cj.estrategia.com\\\/portal\\\/concurso-procurador-ale-rs\\\/\"},\"wordCount\":616,\"commentCount\":0,\"publisher\":{\"@id\":\"https:\\\/\\\/cj.estrategia.com\\\/portal\\\/#organization\"},\"image\":{\"@id\":\"https:\\\/\\\/cj.estrategia.com\\\/portal\\\/concurso-procurador-ale-rs\\\/#primaryimage\"},\"thumbnailUrl\":\"https:\\\/\\\/cj.estrategia.com\\\/portal\\\/wp-content\\\/uploads\\\/2026\\\/01\\\/04105643\\\/procurador.jpg\",\"articleSection\":[\"Procuradoria\"],\"inLanguage\":\"pt-BR\",\"potentialAction\":[{\"@type\":\"CommentAction\",\"name\":\"Comment\",\"target\":[\"https:\\\/\\\/cj.estrategia.com\\\/portal\\\/concurso-procurador-ale-rs\\\/#respond\"]}],\"accessibilityFeature\":[\"tableOfContents\"]},{\"@type\":\"WebPage\",\"@id\":\"https:\\\/\\\/cj.estrategia.com\\\/portal\\\/concurso-procurador-ale-rs\\\/\",\"url\":\"https:\\\/\\\/cj.estrategia.com\\\/portal\\\/concurso-procurador-ale-rs\\\/\",\"name\":\"Concurso Procurador ALE RS: resultado final homologado! Confira!\",\"isPartOf\":{\"@id\":\"https:\\\/\\\/cj.estrategia.com\\\/portal\\\/#website\"},\"primaryImageOfPage\":{\"@id\":\"https:\\\/\\\/cj.estrategia.com\\\/portal\\\/concurso-procurador-ale-rs\\\/#primaryimage\"},\"image\":{\"@id\":\"https:\\\/\\\/cj.estrategia.com\\\/portal\\\/concurso-procurador-ale-rs\\\/#primaryimage\"},\"thumbnailUrl\":\"https:\\\/\\\/cj.estrategia.com\\\/portal\\\/wp-content\\\/uploads\\\/2026\\\/01\\\/04105643\\\/procurador.jpg\",\"datePublished\":\"2025-06-18T00:59:00+00:00\",\"dateModified\":\"2026-04-14T00:56:45+00:00\",\"description\":\"Fique por dentro do Concurso Procurador ALE RS, homologado pela Assembleia Legislativa, e suas exig\u00eancias para candidatos.\",\"breadcrumb\":{\"@id\":\"https:\\\/\\\/cj.estrategia.com\\\/portal\\\/concurso-procurador-ale-rs\\\/#breadcrumb\"},\"inLanguage\":\"pt-BR\",\"potentialAction\":[{\"@type\":\"ReadAction\",\"target\":[\"https:\\\/\\\/cj.estrategia.com\\\/portal\\\/concurso-procurador-ale-rs\\\/\"]}]},{\"@type\":\"ImageObject\",\"inLanguage\":\"pt-BR\",\"@id\":\"https:\\\/\\\/cj.estrategia.com\\\/portal\\\/concurso-procurador-ale-rs\\\/#primaryimage\",\"url\":\"https:\\\/\\\/cj.estrategia.com\\\/portal\\\/wp-content\\\/uploads\\\/2026\\\/01\\\/04105643\\\/procurador.jpg\",\"contentUrl\":\"https:\\\/\\\/cj.estrategia.com\\\/portal\\\/wp-content\\\/uploads\\\/2026\\\/01\\\/04105643\\\/procurador.jpg\",\"width\":2459,\"height\":1383},{\"@type\":\"BreadcrumbList\",\"@id\":\"https:\\\/\\\/cj.estrategia.com\\\/portal\\\/concurso-procurador-ale-rs\\\/#breadcrumb\",\"itemListElement\":[{\"@type\":\"ListItem\",\"position\":1,\"name\":\"In\u00edcio\",\"item\":\"https:\\\/\\\/cj.estrategia.com\\\/portal\\\/\"},{\"@type\":\"ListItem\",\"position\":2,\"name\":\"Concurso Procurador ALE RS: resultado final homologado! Confira!\"}]},{\"@type\":\"WebSite\",\"@id\":\"https:\\\/\\\/cj.estrategia.com\\\/portal\\\/#website\",\"url\":\"https:\\\/\\\/cj.estrategia.com\\\/portal\\\/\",\"name\":\"Blog - Carreiras Jur\u00eddicas - Estrat\u00e9gia\",\"description\":\"\",\"publisher\":{\"@id\":\"https:\\\/\\\/cj.estrategia.com\\\/portal\\\/#organization\"},\"potentialAction\":[{\"@type\":\"SearchAction\",\"target\":{\"@type\":\"EntryPoint\",\"urlTemplate\":\"https:\\\/\\\/cj.estrategia.com\\\/portal\\\/?s={search_term_string}\"},\"query-input\":{\"@type\":\"PropertyValueSpecification\",\"valueRequired\":true,\"valueName\":\"search_term_string\"}}],\"inLanguage\":\"pt-BR\"},{\"@type\":\"Organization\",\"@id\":\"https:\\\/\\\/cj.estrategia.com\\\/portal\\\/#organization\",\"name\":\"Estrat\u00e9gia - Carreiras Jur\u00eddicas\",\"url\":\"https:\\\/\\\/cj.estrategia.com\\\/portal\\\/\",\"logo\":{\"@type\":\"ImageObject\",\"inLanguage\":\"pt-BR\",\"@id\":\"https:\\\/\\\/cj.estrategia.com\\\/portal\\\/#\\\/schema\\\/logo\\\/image\\\/\",\"url\":\"https:\\\/\\\/cj.estrategia.com\\\/portal\\\/wp-content\\\/uploads\\\/2022\\\/03\\\/11151052\\\/cj-logo.png\",\"contentUrl\":\"https:\\\/\\\/cj.estrategia.com\\\/portal\\\/wp-content\\\/uploads\\\/2022\\\/03\\\/11151052\\\/cj-logo.png\",\"width\":150,\"height\":39,\"caption\":\"Estrat\u00e9gia - Carreiras Jur\u00eddicas\"},\"image\":{\"@id\":\"https:\\\/\\\/cj.estrategia.com\\\/portal\\\/#\\\/schema\\\/logo\\\/image\\\/\"},\"sameAs\":[\"https:\\\/\\\/www.facebook.com\\\/estrategiacarreirajuridica\\\/\",\"https:\\\/\\\/x.com\\\/EstratJuridica\",\"https:\\\/\\\/www.instagram.com\\\/estrategiacarreirajuridica\\\/\",\"https:\\\/\\\/www.youtube.com\\\/channel\\\/UClbMGuYbj2Mh1m3w144ETWQ\"]},{\"@type\":\"Person\",\"@id\":\"https:\\\/\\\/cj.estrategia.com\\\/portal\\\/#\\\/schema\\\/person\\\/4d70317d31449932b99102916b6637f5\",\"name\":\"Coordena\u00e7\u00e3o\",\"image\":{\"@type\":\"ImageObject\",\"inLanguage\":\"pt-BR\",\"@id\":\"https:\\\/\\\/cj.estrategia.com\\\/portal\\\/wp-content\\\/uploads\\\/2022\\\/05\\\/12164923\\\/estrategia-carreira-juridica-coordenacao-96x96.png\",\"url\":\"https:\\\/\\\/cj.estrategia.com\\\/portal\\\/wp-content\\\/uploads\\\/2022\\\/05\\\/12164923\\\/estrategia-carreira-juridica-coordenacao-96x96.png\",\"contentUrl\":\"https:\\\/\\\/cj.estrategia.com\\\/portal\\\/wp-content\\\/uploads\\\/2022\\\/05\\\/12164923\\\/estrategia-carreira-juridica-coordenacao-96x96.png\",\"caption\":\"Coordena\u00e7\u00e3o\"},\"url\":\"https:\\\/\\\/cj.estrategia.com\\\/portal\\\/author\\\/coordenacao\\\/\"}]}<\/script>\n<!-- \/ Yoast SEO Premium plugin. -->","yoast_head_json":{"title":"Concurso Procurador ALE RS: resultado final homologado! Confira!","description":"Fique por dentro do Concurso Procurador ALE RS, homologado pela Assembleia Legislativa, e suas exig\u00eancias para candidatos.","robots":{"index":"index","follow":"follow","max-snippet":"max-snippet:-1","max-image-preview":"max-image-preview:large","max-video-preview":"max-video-preview:-1"},"canonical":"https:\/\/cj.estrategia.com\/portal\/concurso-procurador-ale-rs\/","og_locale":"pt_BR","og_type":"article","og_title":"Concurso Procurador ALE RS: resultado final homologado! Confira!","og_description":"Fique por dentro do Concurso Procurador ALE RS, homologado pela Assembleia Legislativa, e suas exig\u00eancias para candidatos.","og_url":"https:\/\/cj.estrategia.com\/portal\/concurso-procurador-ale-rs\/","og_site_name":"Blog - Carreiras Jur\u00eddicas - Estrat\u00e9gia","article_publisher":"https:\/\/www.facebook.com\/estrategiacarreirajuridica\/","article_published_time":"2025-06-18T00:59:00+00:00","article_modified_time":"2026-04-14T00:56:45+00:00","og_image":[{"width":2459,"height":1383,"url":"https:\/\/cj.estrategia.com\/portal\/wp-content\/uploads\/2026\/01\/04105643\/procurador.jpg","type":"image\/jpeg"}],"author":"Coordena\u00e7\u00e3o","twitter_card":"summary_large_image","twitter_creator":"@EstratJuridica","twitter_site":"@EstratJuridica","twitter_misc":{"Escrito por":"Coordena\u00e7\u00e3o","Est. tempo de leitura":"4 minutos"},"schema":{"@context":"https:\/\/schema.org","@graph":[{"@type":"NewsArticle","@id":"https:\/\/cj.estrategia.com\/portal\/concurso-procurador-ale-rs\/#article","isPartOf":{"@id":"https:\/\/cj.estrategia.com\/portal\/concurso-procurador-ale-rs\/"},"author":{"name":"Coordena\u00e7\u00e3o","@id":"https:\/\/cj.estrategia.com\/portal\/#\/schema\/person\/4d70317d31449932b99102916b6637f5"},"headline":"Concurso Procurador ALE RS: resultado final homologado! Confira!","datePublished":"2025-06-18T00:59:00+00:00","dateModified":"2026-04-14T00:56:45+00:00","mainEntityOfPage":{"@id":"https:\/\/cj.estrategia.com\/portal\/concurso-procurador-ale-rs\/"},"wordCount":616,"commentCount":0,"publisher":{"@id":"https:\/\/cj.estrategia.com\/portal\/#organization"},"image":{"@id":"https:\/\/cj.estrategia.com\/portal\/concurso-procurador-ale-rs\/#primaryimage"},"thumbnailUrl":"https:\/\/cj.estrategia.com\/portal\/wp-content\/uploads\/2026\/01\/04105643\/procurador.jpg","articleSection":["Procuradoria"],"inLanguage":"pt-BR","potentialAction":[{"@type":"CommentAction","name":"Comment","target":["https:\/\/cj.estrategia.com\/portal\/concurso-procurador-ale-rs\/#respond"]}],"accessibilityFeature":["tableOfContents"]},{"@type":"WebPage","@id":"https:\/\/cj.estrategia.com\/portal\/concurso-procurador-ale-rs\/","url":"https:\/\/cj.estrategia.com\/portal\/concurso-procurador-ale-rs\/","name":"Concurso Procurador ALE RS: resultado final homologado! Confira!","isPartOf":{"@id":"https:\/\/cj.estrategia.com\/portal\/#website"},"primaryImageOfPage":{"@id":"https:\/\/cj.estrategia.com\/portal\/concurso-procurador-ale-rs\/#primaryimage"},"image":{"@id":"https:\/\/cj.estrategia.com\/portal\/concurso-procurador-ale-rs\/#primaryimage"},"thumbnailUrl":"https:\/\/cj.estrategia.com\/portal\/wp-content\/uploads\/2026\/01\/04105643\/procurador.jpg","datePublished":"2025-06-18T00:59:00+00:00","dateModified":"2026-04-14T00:56:45+00:00","description":"Fique por dentro do Concurso Procurador ALE RS, homologado pela Assembleia Legislativa, e suas exig\u00eancias para candidatos.","breadcrumb":{"@id":"https:\/\/cj.estrategia.com\/portal\/concurso-procurador-ale-rs\/#breadcrumb"},"inLanguage":"pt-BR","potentialAction":[{"@type":"ReadAction","target":["https:\/\/cj.estrategia.com\/portal\/concurso-procurador-ale-rs\/"]}]},{"@type":"ImageObject","inLanguage":"pt-BR","@id":"https:\/\/cj.estrategia.com\/portal\/concurso-procurador-ale-rs\/#primaryimage","url":"https:\/\/cj.estrategia.com\/portal\/wp-content\/uploads\/2026\/01\/04105643\/procurador.jpg","contentUrl":"https:\/\/cj.estrategia.com\/portal\/wp-content\/uploads\/2026\/01\/04105643\/procurador.jpg","width":2459,"height":1383},{"@type":"BreadcrumbList","@id":"https:\/\/cj.estrategia.com\/portal\/concurso-procurador-ale-rs\/#breadcrumb","itemListElement":[{"@type":"ListItem","position":1,"name":"In\u00edcio","item":"https:\/\/cj.estrategia.com\/portal\/"},{"@type":"ListItem","position":2,"name":"Concurso Procurador ALE RS: resultado final homologado! Confira!"}]},{"@type":"WebSite","@id":"https:\/\/cj.estrategia.com\/portal\/#website","url":"https:\/\/cj.estrategia.com\/portal\/","name":"Blog - Carreiras Jur\u00eddicas - Estrat\u00e9gia","description":"","publisher":{"@id":"https:\/\/cj.estrategia.com\/portal\/#organization"},"potentialAction":[{"@type":"SearchAction","target":{"@type":"EntryPoint","urlTemplate":"https:\/\/cj.estrategia.com\/portal\/?s={search_term_string}"},"query-input":{"@type":"PropertyValueSpecification","valueRequired":true,"valueName":"search_term_string"}}],"inLanguage":"pt-BR"},{"@type":"Organization","@id":"https:\/\/cj.estrategia.com\/portal\/#organization","name":"Estrat\u00e9gia - Carreiras Jur\u00eddicas","url":"https:\/\/cj.estrategia.com\/portal\/","logo":{"@type":"ImageObject","inLanguage":"pt-BR","@id":"https:\/\/cj.estrategia.com\/portal\/#\/schema\/logo\/image\/","url":"https:\/\/cj.estrategia.com\/portal\/wp-content\/uploads\/2022\/03\/11151052\/cj-logo.png","contentUrl":"https:\/\/cj.estrategia.com\/portal\/wp-content\/uploads\/2022\/03\/11151052\/cj-logo.png","width":150,"height":39,"caption":"Estrat\u00e9gia - Carreiras Jur\u00eddicas"},"image":{"@id":"https:\/\/cj.estrategia.com\/portal\/#\/schema\/logo\/image\/"},"sameAs":["https:\/\/www.facebook.com\/estrategiacarreirajuridica\/","https:\/\/x.com\/EstratJuridica","https:\/\/www.instagram.com\/estrategiacarreirajuridica\/","https:\/\/www.youtube.com\/channel\/UClbMGuYbj2Mh1m3w144ETWQ"]},{"@type":"Person","@id":"https:\/\/cj.estrategia.com\/portal\/#\/schema\/person\/4d70317d31449932b99102916b6637f5","name":"Coordena\u00e7\u00e3o","image":{"@type":"ImageObject","inLanguage":"pt-BR","@id":"https:\/\/cj.estrategia.com\/portal\/wp-content\/uploads\/2022\/05\/12164923\/estrategia-carreira-juridica-coordenacao-96x96.png","url":"https:\/\/cj.estrategia.com\/portal\/wp-content\/uploads\/2022\/05\/12164923\/estrategia-carreira-juridica-coordenacao-96x96.png","contentUrl":"https:\/\/cj.estrategia.com\/portal\/wp-content\/uploads\/2022\/05\/12164923\/estrategia-carreira-juridica-coordenacao-96x96.png","caption":"Coordena\u00e7\u00e3o"},"url":"https:\/\/cj.estrategia.com\/portal\/author\/coordenacao\/"}]}},"jetpack_featured_media_url":"https:\/\/cj.estrategia.com\/portal\/wp-content\/uploads\/2026\/01\/04105643\/procurador.jpg","jetpack_sharing_enabled":true,"_links":{"self":[{"href":"https:\/\/cj.estrategia.com\/portal\/wp-json\/wp\/v2\/posts\/38777","targetHints":{"allow":["GET"]}}],"collection":[{"href":"https:\/\/cj.estrategia.com\/portal\/wp-json\/wp\/v2\/posts"}],"about":[{"href":"https:\/\/cj.estrategia.com\/portal\/wp-json\/wp\/v2\/types\/post"}],"author":[{"embeddable":true,"href":"https:\/\/cj.estrategia.com\/portal\/wp-json\/wp\/v2\/users\/12"}],"replies":[{"embeddable":true,"href":"https:\/\/cj.estrategia.com\/portal\/wp-json\/wp\/v2\/comments?post=38777"}],"version-history":[{"count":70,"href":"https:\/\/cj.estrategia.com\/portal\/wp-json\/wp\/v2\/posts\/38777\/revisions"}],"predecessor-version":[{"id":186330,"href":"https:\/\/cj.estrategia.com\/portal\/wp-json\/wp\/v2\/posts\/38777\/revisions\/186330"}],"wp:featuredmedia":[{"embeddable":true,"href":"https:\/\/cj.estrategia.com\/portal\/wp-json\/wp\/v2\/media\/177715"}],"wp:attachment":[{"href":"https:\/\/cj.estrategia.com\/portal\/wp-json\/wp\/v2\/media?parent=38777"}],"wp:term":[{"taxonomy":"category","embeddable":true,"href":"https:\/\/cj.estrategia.com\/portal\/wp-json\/wp\/v2\/categories?post=38777"},{"taxonomy":"post_tag","embeddable":true,"href":"https:\/\/cj.estrategia.com\/portal\/wp-json\/wp\/v2\/tags?post=38777"},{"taxonomy":"tax_estado","embeddable":true,"href":"https:\/\/cj.estrategia.com\/portal\/wp-json\/wp\/v2\/tax_estado?post=38777"}],"curies":[{"name":"wp","href":"https:\/\/api.w.org\/{rel}","templated":true}]}}