{"id":38751,"date":"2023-07-13T00:28:00","date_gmt":"2023-07-13T03:28:00","guid":{"rendered":"https:\/\/cj.estrategia.com\/portal\/?p=38751"},"modified":"2023-07-14T08:30:31","modified_gmt":"2023-07-14T11:30:31","slug":"concurso-pgm-araraquara-sp","status":"publish","type":"post","link":"https:\/\/cj.estrategia.com\/portal\/concurso-pgm-araraquara-sp\/","title":{"rendered":"Concurso PGM Araraquara SP: inscri\u00e7\u00f5es encerradas!"},"content":{"rendered":"\n<h3 id=\"a-remuneracao-inicial-do-cargo-e-de-r-7-50873\" class=\"wp-block-heading\">A remunera\u00e7\u00e3o inicial do cargo \u00e9 de <strong>R$ 7.508,73.<\/strong><\/h3>\n\n\n\n<p>Est\u00e3o encerradas as inscri\u00e7\u00f5es do concurso PGM Araraquara SP. O edital oferta (1) vaga para o cargo de <strong>Procurador Geral do Munic\u00edpio.<\/strong><\/p>\n\n\n\n<p>A remunera\u00e7\u00e3o inicial ser\u00e1 <strong>R$ 7.508,73<\/strong>, al\u00e9m dos benef\u00edcios ofertado pelo \u00f3rg\u00e3o. A prova objetiva est\u00e1 prevista para acontecer no dia 13\/08\/2023! <\/p>\n\n\n\n<p>Confira abaixo os principais detalhes desta sele\u00e7\u00e3o:<\/p>\n\n\n\n<p class=\"has-very-light-gray-to-cyan-bluish-gray-gradient-background has-background\"><strong>Concurso PGM Araraquara SP<\/strong><br><strong>Status:<\/strong> EDITAL PUBLICADO\/ inscri\u00e7\u00f5es encerradas<br><strong>Banca:<\/strong> INSTITUTO CONSULPAM<br><strong>Vagas:<\/strong> 1<br><strong>Sal\u00e1rio inicial: <\/strong>R$ 7.508,73.<br><a href=\"https:\/\/cj.estrategia.com\/portal\/wp-content\/uploads\/2023\/06\/14173051\/Edital-PGM-Araraquara-SP.pdf\" target=\"_blank\" rel=\"noreferrer noopener nofollow\">Edital PGM Araraquara SP<\/a><\/p>\n\n\n\n<p>Navegue pelo \u00edndice abaixo e confira todos os detalhes do concurso <strong>PGM Araraquara SP<\/strong>:<\/p>\n\n\n\n<ul class=\"wp-block-list\">\n<li><a href=\"#h-situacao-atual\">Situa\u00e7\u00e3o Atual<\/a><\/li>\n<\/ul>\n\n\n\n<ul class=\"wp-block-list\">\n<li><a href=\"#h-inscricoes\">Inscri\u00e7\u00f5es<\/a><\/li>\n<\/ul>\n\n\n\n<ul class=\"wp-block-list\">\n<li><a href=\"#h-cargos-e-vagas\">Cargos e Vagas<\/a><\/li>\n<\/ul>\n\n\n\n<ul class=\"wp-block-list\">\n<li><a href=\"#h-requisitos-e-remuneracao\">Requisitos e Remunera\u00e7\u00e3o<\/a><\/li>\n<\/ul>\n\n\n\n<ul class=\"wp-block-list\">\n<li><a href=\"#h-etapas\">Etapas<\/a><\/li>\n<\/ul>\n\n\n\n<ul class=\"wp-block-list\">\n<li><a href=\"#cursos\">Concursos e Assinaturas<\/a><\/li>\n<\/ul>\n\n\n\n<ul class=\"wp-block-list\">\n<li><a href=\"#ficha\">Ficha T\u00e9cnica<\/a><\/li>\n<\/ul>\n\n\n\n<h2 class=\"wp-block-heading\" id=\"h-situacao-atual\"><span id=\"situacao-atual\">Situa\u00e7\u00e3o Atual:<\/span><\/h2>\n\n\n\n<p class=\"has-medium-font-size\"><strong>Principais datas<\/strong><\/p>\n\n\n\n<p class=\"has-pale-ocean-gradient-background has-background\"><strong>Inscri\u00e7\u00f5es: <\/strong><s>16\/06 a 13\/07\/2023<\/s><br><strong>\u00daltimo dia para pagamento da taxa:<\/strong> 14\/07\/2023<br><strong>Provas:<\/strong> 13\/08\/2023<\/p>\n\n\n\n<h2 class=\"wp-block-heading\" id=\"h-cargos-e-vagas\"><span id=\"cargos-e-vagas\">Cargos e Vagas<\/span><\/h2>\n\n\n\n<p>A vaga ofertada no <strong>Concurso <strong>PGM Araraquara SP<\/strong><\/strong> ser\u00e1 destinada aos cargo de Procurador Jur\u00eddico.<\/p>\n\n\n\n<h2 class=\"wp-block-heading\" id=\"h-requisitos-e-remuneracao\"><span id=\"requisitos-e-remuneracao\">Requisitos e Remunera\u00e7\u00e3o<\/span><\/h2>\n\n\n\n<p>Para participar do <strong>Concurso <strong>PGM Araraquara SP<\/strong><\/strong> os candidatos precisam ter conclu\u00eddo o Curso Superior Completo em Direito, ter inscri\u00e7\u00e3o na OAB \u2013 Ordem dos Advogados do Brasil e comprova\u00e7\u00e3o de experi\u00eancia profissional de pelo menos 2 (dois) anos na \u00e1rea jur\u00eddica.<\/p>\n\n\n\n<p>A remunera\u00e7\u00e3o inicial ser\u00e1 <strong>R$ 7.508,73<\/strong>, al\u00e9m dos benef\u00edcios ofertado pelo \u00f3rg\u00e3o.<\/p>\n\n\n\n<h2 class=\"wp-block-heading\" id=\"h-etapas\"><span id=\"etapas\">Etapas<\/span><\/h2>\n\n\n\n<p>Os candidatos ter\u00e3o que passar por duas etapas, s\u00e3o elas:<\/p>\n\n\n\n<ul class=\"wp-block-list\">\n<li>Prova objetiva <\/li>\n<\/ul>\n\n\n\n<ul class=\"wp-block-list\">\n<li>Prova dissertativas<\/li>\n<\/ul>\n\n\n\n<p>A provas objetivas e dissertativas ser\u00e3o de car\u00e1ter eliminat\u00f3rio e classificat\u00f3rio.<\/p>\n\n\n\n<p class=\"has-medium-font-size\"><strong>Prova Objetiva<\/strong><\/p>\n\n\n\n<p>A prova objetiva se constituir\u00e1 de quest\u00f5es objetivas de m\u00faltipla escolha. Cada quest\u00e3o apresentar\u00e1 4 (quatro) op\u00e7\u00f5es de respostas, sendo somente 01 (uma) correta.<\/p>\n\n\n\n<p>Ser\u00e1 considerado habilitado na prova objetiva o candidato que obtiver no m\u00ednimo 60% (sessenta por cento) dos pontos m\u00e1ximos previstos e estiver entre os 80 (oitenta) candidatos com melhor nota na prova objetiva, acrescidos dos empatados na \u00faltima nota considerada para este fim.<\/p>\n\n\n\n<p>Os candidato ser\u00e3o avaliado apor meio das seguintes disciplinas<\/p>\n\n\n\n<ul class=\"wp-block-list\">\n<li>L\u00edngua Portuguesa \u2013 05 quest\u00f5es objetivas<\/li>\n\n\n\n<li>Conhecimentos Matem\u00e1ticos \u2013 05 quest\u00f5es objetivas<\/li>\n\n\n\n<li>Conhecimentos Espec\u00edficos \u2013 50 quest\u00f5es objetivas<\/li>\n<\/ul>\n\n\n\n<p class=\"has-medium-font-size\"><strong>Provas Dissertativas <\/strong><\/p>\n\n\n\n<p>Nesta fase os candidatos responder\u00e3o a <strong>5 quest\u00f5es dissertativas,<\/strong> que ser\u00e3o avaliadas conforme os itens abaixo:<\/p>\n\n\n\n<figure class=\"wp-block-image size-large\"><img decoding=\"async\" width=\"1024\" height=\"519\" src=\"https:\/\/cj.estrategia.com\/portal\/wp-content\/uploads\/2023\/06\/14172349\/avaliacao-discursiva-pgm--1024x519.png\" alt=\"\" class=\"wp-image-38752\" srcset=\"https:\/\/cj.estrategia.com\/portal\/wp-content\/uploads\/2023\/06\/14172349\/avaliacao-discursiva-pgm--1024x519.png 1024w, https:\/\/cj.estrategia.com\/portal\/wp-content\/uploads\/2023\/06\/14172349\/avaliacao-discursiva-pgm--300x152.png 300w, https:\/\/cj.estrategia.com\/portal\/wp-content\/uploads\/2023\/06\/14172349\/avaliacao-discursiva-pgm--768x389.png 768w, https:\/\/cj.estrategia.com\/portal\/wp-content\/uploads\/2023\/06\/14172349\/avaliacao-discursiva-pgm--1536x778.png 1536w, https:\/\/cj.estrategia.com\/portal\/wp-content\/uploads\/2023\/06\/14172349\/avaliacao-discursiva-pgm--2048x1038.png 2048w, https:\/\/cj.estrategia.com\/portal\/wp-content\/uploads\/2023\/06\/14172349\/avaliacao-discursiva-pgm--380x193.png 380w, https:\/\/cj.estrategia.com\/portal\/wp-content\/uploads\/2023\/06\/14172349\/avaliacao-discursiva-pgm--800x405.png 800w, https:\/\/cj.estrategia.com\/portal\/wp-content\/uploads\/2023\/06\/14172349\/avaliacao-discursiva-pgm--1160x588.png 1160w, https:\/\/cj.estrategia.com\/portal\/wp-content\/uploads\/2023\/06\/14172349\/avaliacao-discursiva-pgm--150x76.png 150w, https:\/\/cj.estrategia.com\/portal\/wp-content\/uploads\/2023\/06\/14172349\/avaliacao-discursiva-pgm-.png 2643w\" sizes=\"(max-width: 1024px) 100vw, 1024px\" \/><\/figure>\n\n\n\n<h2 class=\"wp-block-heading has-text-align-center\" id=\"cursos\"><span id=\"quer-saber-tudo-sobre-concursos-previstosconfira-nossos-artigos\">Quer saber tudo sobre concursos previstos?<br><strong>Confira nossos artigos!<\/strong><\/span><\/h2>\n\n\n\n\n\n<h2 class=\"wp-block-heading has-text-align-center\" id=\"cursos\"><span id=\"quer-estudar-para-pgm-araraquara-sp\">Quer estudar para <strong><strong>PGM Araraquara SP<\/strong><\/strong>?<\/span><\/h2>\n\n\n\n<p class=\"has-text-align-center\"><em>Gostou desta oportunidade e deseja come\u00e7ar se preparar agora mesmo? Ent\u00e3o, confira os nossos cursos e comece a estudar:<\/em><\/p>\n\n\n\n<div class=\"container\" id=\"boxes\">\n  <div class=\"row\">\n\n    <div class=\"col-sm\">\n      <div class=\"banner-ecj\" id=\"box-assinatura\">\n        <h3 id=\"assinatura-de-procuradorias\" class=\"titulo-assinatura\">Assinatura de Procuradorias <\/h3>\n        <p class=\"subtitulo-assinatura\">Conhe\u00e7a os planos<\/p>\n        <div class=\"box-botao\">\n          <a class=\"btn-assinatura\" target=\"_blank\" href=\"https:\/\/www.estrategiaconcursos.com.br\/assinaturas-procuradorias\/\" role=\"button\" rel=\"noopener noreferrer\">Conhe\u00e7a mais<\/a>\n        <\/div>\n      <\/div>\n      <p class=\"texto-auxiliar\">Prepare-se com o melhor material e com quem mais aprova em Concursos P\u00fablicos em todo o pa\u00eds. \n<\/p>\n    <\/div>\n\n  <\/div>\n<\/div>\n\n\n\n<div class=\"wp-block-cover\" style=\"min-height:155px;aspect-ratio:unset;\"><img decoding=\"async\" width=\"1890\" height=\"351\" class=\"wp-block-cover__image-background wp-image-8669\" alt=\"Assinaturas Jur\u00eddicas\" src=\"https:\/\/cj.estrategia.com\/portal\/wp-content\/uploads\/2022\/06\/20151253\/concurso-carreiras-juridicas-assinatura-juridica.jpg\" style=\"object-position:78% 43%\" data-object-fit=\"cover\" data-object-position=\"78% 43%\" srcset=\"https:\/\/cj.estrategia.com\/portal\/wp-content\/uploads\/2022\/06\/20151253\/concurso-carreiras-juridicas-assinatura-juridica.jpg 1890w, https:\/\/cj.estrategia.com\/portal\/wp-content\/uploads\/2022\/06\/20151253\/concurso-carreiras-juridicas-assinatura-juridica-300x56.jpg 300w, https:\/\/cj.estrategia.com\/portal\/wp-content\/uploads\/2022\/06\/20151253\/concurso-carreiras-juridicas-assinatura-juridica-1024x190.jpg 1024w, https:\/\/cj.estrategia.com\/portal\/wp-content\/uploads\/2022\/06\/20151253\/concurso-carreiras-juridicas-assinatura-juridica-768x143.jpg 768w, https:\/\/cj.estrategia.com\/portal\/wp-content\/uploads\/2022\/06\/20151253\/concurso-carreiras-juridicas-assinatura-juridica-1536x285.jpg 1536w, https:\/\/cj.estrategia.com\/portal\/wp-content\/uploads\/2022\/06\/20151253\/concurso-carreiras-juridicas-assinatura-juridica-380x71.jpg 380w, https:\/\/cj.estrategia.com\/portal\/wp-content\/uploads\/2022\/06\/20151253\/concurso-carreiras-juridicas-assinatura-juridica-800x149.jpg 800w, https:\/\/cj.estrategia.com\/portal\/wp-content\/uploads\/2022\/06\/20151253\/concurso-carreiras-juridicas-assinatura-juridica-1160x215.jpg 1160w\" sizes=\"(max-width: 1890px) 100vw, 1890px\" \/><span aria-hidden=\"true\" class=\"wp-block-cover__background has-background-dim\"><\/span><div class=\"wp-block-cover__inner-container is-layout-flow wp-block-cover-is-layout-flow\">\n<h3 id=\"faca-a-sua-assinatura\" class=\"titulo-assinatura\"><span style=\"color: #ffffff;\">Fa\u00e7a a sua assinatura!<\/span><\/h3>\n<p class=\"subtitulo-assinatura\" style=\"display:block!important; line-height: 0;\"><span style=\"color: #ffffff;\">Escolha a sua \u00e1rea.<\/span><\/p>\n<a target=\"_blank\" href=\"https:\/\/www.estrategiaconcursos.com.br\/assinaturas-ecj\/\" rel=\"noopener\"><button style=\"border-radius: 10px; text-transform: capitalize;\">Acessar<\/button><\/a>\n<\/div><\/div>\n\n\n\n<figure class=\"wp-block-image size-large is-resized\"><img decoding=\"async\" src=\"https:\/\/dhg1h5j42swfq.cloudfront.net\/2021\/04\/21143859\/ficha-tecnica-161-1024x632.png\" alt=\"concurso tjm mg ficha t\u00e9cnica\" class=\"wp-image-720407\" width=\"162\" height=\"100\"\/><\/figure>\n\n\n\n<p id=\"ficha\"><strong><span style=\"font-size: 14pt; color: #000000;\">Informa\u00e7\u00f5es do<\/span> <strong>Concurso PGM Araraquara SP<\/strong><\/strong><br><span style=\"color: #000000;\"> \u25baData das provas:<\/span> 13\/08\/2023<br><span style=\"color: #000000;\"> \u25baVagas:<\/span> 1<br><span style=\"color: #000000;\"> \u25baLota\u00e7\u00f5es: <\/span><strong><strong>Araraquara SP<\/strong><\/strong><br><span style=\"color: #000000;\"> \u25baBanca: <\/span>INSTITUTO CONSULPAM<br><span style=\"color: #000000;\"> \u25baEscolaridade: n\u00edvel superior<\/span> em direito + Registro na OAB + 2 (dois) anos de experiencia na \u00e1rea jur\u00eddica.<br> <span style=\"color: #000000;\">\u25ba<\/span><strong><a href=\"https:\/\/cj.estrategia.com\/portal\/wp-content\/uploads\/2023\/06\/14173051\/Edital-PGM-Araraquara-SP.pdf\" target=\"_blank\" rel=\"noreferrer noopener nofollow\">Edital PGM Araraquara SP<\/a><\/strong><\/p>\n","protected":false},"excerpt":{"rendered":"A remunera\u00e7\u00e3o inicial do cargo \u00e9 de R$ 7.508,73. Est\u00e3o encerradas as inscri\u00e7\u00f5es do concurso PGM Araraquara SP.&hellip;\n","protected":false},"author":12,"featured_media":30994,"comment_status":"open","ping_status":"open","sticky":false,"template":"","format":"standard","meta":{"_jetpack_memberships_contains_paid_content":false,"footnotes":""},"categories":[24],"tags":[],"tax_estado":[56],"class_list":{"0":"post-38751","1":"post","2":"type-post","3":"status-publish","4":"format-standard","5":"has-post-thumbnail","7":"category-procuradoria","8":"tax_estado-sp"},"acf":[],"yoast_head":"<!-- This site is optimized with the Yoast SEO Premium plugin v27.5 (Yoast SEO v27.5) - https:\/\/yoast.com\/product\/yoast-seo-premium-wordpress\/ -->\n<title>Concurso PGM Araraquara SP: inscri\u00e7\u00f5es encerradas!<\/title>\n<meta name=\"description\" content=\"PGM Araraquara SP: confira AQUI os detalhes desta sele\u00e7\u00e3o com uma vaga para Procurador Geral do Munic\u00edpio.\" \/>\n<meta name=\"robots\" content=\"index, follow, max-snippet:-1, max-image-preview:large, max-video-preview:-1\" \/>\n<link rel=\"canonical\" href=\"https:\/\/cj.estrategia.com\/portal\/concurso-pgm-araraquara-sp\/\" \/>\n<meta property=\"og:locale\" content=\"pt_BR\" \/>\n<meta property=\"og:type\" content=\"article\" \/>\n<meta property=\"og:title\" content=\"Concurso PGM Araraquara SP: inscri\u00e7\u00f5es encerradas!\" \/>\n<meta property=\"og:description\" content=\"PGM Araraquara SP: confira AQUI os detalhes desta sele\u00e7\u00e3o com uma vaga para Procurador Geral do Munic\u00edpio.\" \/>\n<meta property=\"og:url\" content=\"https:\/\/cj.estrategia.com\/portal\/concurso-pgm-araraquara-sp\/\" \/>\n<meta property=\"og:site_name\" content=\"Blog - Carreiras Jur\u00eddicas - Estrat\u00e9gia\" \/>\n<meta property=\"article:publisher\" content=\"https:\/\/www.facebook.com\/estrategiacarreirajuridica\/\" \/>\n<meta property=\"article:published_time\" content=\"2023-07-13T03:28:00+00:00\" \/>\n<meta property=\"article:modified_time\" content=\"2023-07-14T11:30:31+00:00\" \/>\n<meta property=\"og:image\" content=\"https:\/\/cj.estrategia.com\/portal\/wp-content\/uploads\/2023\/03\/08100121\/concursos-pgm-procuradoria-geral.jpg\" \/>\n\t<meta property=\"og:image:width\" content=\"960\" \/>\n\t<meta property=\"og:image:height\" content=\"540\" \/>\n\t<meta property=\"og:image:type\" content=\"image\/jpeg\" \/>\n<meta name=\"author\" content=\"Coordena\u00e7\u00e3o\" \/>\n<meta name=\"twitter:card\" content=\"summary_large_image\" \/>\n<meta name=\"twitter:creator\" content=\"@EstratJuridica\" \/>\n<meta name=\"twitter:site\" content=\"@EstratJuridica\" \/>\n<meta name=\"twitter:label1\" content=\"Escrito por\" \/>\n\t<meta name=\"twitter:data1\" content=\"Coordena\u00e7\u00e3o\" \/>\n\t<meta name=\"twitter:label2\" content=\"Est. tempo de leitura\" \/>\n\t<meta name=\"twitter:data2\" content=\"3 minutos\" \/>\n<script type=\"application\/ld+json\" class=\"yoast-schema-graph\">{\"@context\":\"https:\\\/\\\/schema.org\",\"@graph\":[{\"@type\":\"NewsArticle\",\"@id\":\"https:\\\/\\\/cj.estrategia.com\\\/portal\\\/concurso-pgm-araraquara-sp\\\/#article\",\"isPartOf\":{\"@id\":\"https:\\\/\\\/cj.estrategia.com\\\/portal\\\/concurso-pgm-araraquara-sp\\\/\"},\"author\":{\"name\":\"Coordena\u00e7\u00e3o\",\"@id\":\"https:\\\/\\\/cj.estrategia.com\\\/portal\\\/#\\\/schema\\\/person\\\/4d70317d31449932b99102916b6637f5\"},\"headline\":\"Concurso PGM Araraquara SP: inscri\u00e7\u00f5es encerradas!\",\"datePublished\":\"2023-07-13T03:28:00+00:00\",\"dateModified\":\"2023-07-14T11:30:31+00:00\",\"mainEntityOfPage\":{\"@id\":\"https:\\\/\\\/cj.estrategia.com\\\/portal\\\/concurso-pgm-araraquara-sp\\\/\"},\"wordCount\":483,\"commentCount\":0,\"publisher\":{\"@id\":\"https:\\\/\\\/cj.estrategia.com\\\/portal\\\/#organization\"},\"image\":{\"@id\":\"https:\\\/\\\/cj.estrategia.com\\\/portal\\\/concurso-pgm-araraquara-sp\\\/#primaryimage\"},\"thumbnailUrl\":\"https:\\\/\\\/cj.estrategia.com\\\/portal\\\/wp-content\\\/uploads\\\/2023\\\/03\\\/08100121\\\/concursos-pgm-procuradoria-geral.jpg\",\"articleSection\":[\"Procuradoria\"],\"inLanguage\":\"pt-BR\",\"potentialAction\":[{\"@type\":\"CommentAction\",\"name\":\"Comment\",\"target\":[\"https:\\\/\\\/cj.estrategia.com\\\/portal\\\/concurso-pgm-araraquara-sp\\\/#respond\"]}]},{\"@type\":\"WebPage\",\"@id\":\"https:\\\/\\\/cj.estrategia.com\\\/portal\\\/concurso-pgm-araraquara-sp\\\/\",\"url\":\"https:\\\/\\\/cj.estrategia.com\\\/portal\\\/concurso-pgm-araraquara-sp\\\/\",\"name\":\"Concurso PGM Araraquara SP: inscri\u00e7\u00f5es encerradas!\",\"isPartOf\":{\"@id\":\"https:\\\/\\\/cj.estrategia.com\\\/portal\\\/#website\"},\"primaryImageOfPage\":{\"@id\":\"https:\\\/\\\/cj.estrategia.com\\\/portal\\\/concurso-pgm-araraquara-sp\\\/#primaryimage\"},\"image\":{\"@id\":\"https:\\\/\\\/cj.estrategia.com\\\/portal\\\/concurso-pgm-araraquara-sp\\\/#primaryimage\"},\"thumbnailUrl\":\"https:\\\/\\\/cj.estrategia.com\\\/portal\\\/wp-content\\\/uploads\\\/2023\\\/03\\\/08100121\\\/concursos-pgm-procuradoria-geral.jpg\",\"datePublished\":\"2023-07-13T03:28:00+00:00\",\"dateModified\":\"2023-07-14T11:30:31+00:00\",\"description\":\"PGM Araraquara SP: confira AQUI os detalhes desta sele\u00e7\u00e3o com uma vaga para Procurador Geral do Munic\u00edpio.\",\"breadcrumb\":{\"@id\":\"https:\\\/\\\/cj.estrategia.com\\\/portal\\\/concurso-pgm-araraquara-sp\\\/#breadcrumb\"},\"inLanguage\":\"pt-BR\",\"potentialAction\":[{\"@type\":\"ReadAction\",\"target\":[\"https:\\\/\\\/cj.estrategia.com\\\/portal\\\/concurso-pgm-araraquara-sp\\\/\"]}]},{\"@type\":\"ImageObject\",\"inLanguage\":\"pt-BR\",\"@id\":\"https:\\\/\\\/cj.estrategia.com\\\/portal\\\/concurso-pgm-araraquara-sp\\\/#primaryimage\",\"url\":\"https:\\\/\\\/cj.estrategia.com\\\/portal\\\/wp-content\\\/uploads\\\/2023\\\/03\\\/08100121\\\/concursos-pgm-procuradoria-geral.jpg\",\"contentUrl\":\"https:\\\/\\\/cj.estrategia.com\\\/portal\\\/wp-content\\\/uploads\\\/2023\\\/03\\\/08100121\\\/concursos-pgm-procuradoria-geral.jpg\",\"width\":960,\"height\":540,\"caption\":\"concursos da procuradoria geral\"},{\"@type\":\"BreadcrumbList\",\"@id\":\"https:\\\/\\\/cj.estrategia.com\\\/portal\\\/concurso-pgm-araraquara-sp\\\/#breadcrumb\",\"itemListElement\":[{\"@type\":\"ListItem\",\"position\":1,\"name\":\"In\u00edcio\",\"item\":\"https:\\\/\\\/cj.estrategia.com\\\/portal\\\/\"},{\"@type\":\"ListItem\",\"position\":2,\"name\":\"Concurso PGM Araraquara SP: inscri\u00e7\u00f5es encerradas!\"}]},{\"@type\":\"WebSite\",\"@id\":\"https:\\\/\\\/cj.estrategia.com\\\/portal\\\/#website\",\"url\":\"https:\\\/\\\/cj.estrategia.com\\\/portal\\\/\",\"name\":\"Blog - Carreiras Jur\u00eddicas - Estrat\u00e9gia\",\"description\":\"\",\"publisher\":{\"@id\":\"https:\\\/\\\/cj.estrategia.com\\\/portal\\\/#organization\"},\"potentialAction\":[{\"@type\":\"SearchAction\",\"target\":{\"@type\":\"EntryPoint\",\"urlTemplate\":\"https:\\\/\\\/cj.estrategia.com\\\/portal\\\/?s={search_term_string}\"},\"query-input\":{\"@type\":\"PropertyValueSpecification\",\"valueRequired\":true,\"valueName\":\"search_term_string\"}}],\"inLanguage\":\"pt-BR\"},{\"@type\":\"Organization\",\"@id\":\"https:\\\/\\\/cj.estrategia.com\\\/portal\\\/#organization\",\"name\":\"Estrat\u00e9gia - Carreiras Jur\u00eddicas\",\"url\":\"https:\\\/\\\/cj.estrategia.com\\\/portal\\\/\",\"logo\":{\"@type\":\"ImageObject\",\"inLanguage\":\"pt-BR\",\"@id\":\"https:\\\/\\\/cj.estrategia.com\\\/portal\\\/#\\\/schema\\\/logo\\\/image\\\/\",\"url\":\"https:\\\/\\\/cj.estrategia.com\\\/portal\\\/wp-content\\\/uploads\\\/2022\\\/03\\\/11151052\\\/cj-logo.png\",\"contentUrl\":\"https:\\\/\\\/cj.estrategia.com\\\/portal\\\/wp-content\\\/uploads\\\/2022\\\/03\\\/11151052\\\/cj-logo.png\",\"width\":150,\"height\":39,\"caption\":\"Estrat\u00e9gia - Carreiras Jur\u00eddicas\"},\"image\":{\"@id\":\"https:\\\/\\\/cj.estrategia.com\\\/portal\\\/#\\\/schema\\\/logo\\\/image\\\/\"},\"sameAs\":[\"https:\\\/\\\/www.facebook.com\\\/estrategiacarreirajuridica\\\/\",\"https:\\\/\\\/x.com\\\/EstratJuridica\",\"https:\\\/\\\/www.instagram.com\\\/estrategiacarreirajuridica\\\/\",\"https:\\\/\\\/www.youtube.com\\\/channel\\\/UClbMGuYbj2Mh1m3w144ETWQ\"]},{\"@type\":\"Person\",\"@id\":\"https:\\\/\\\/cj.estrategia.com\\\/portal\\\/#\\\/schema\\\/person\\\/4d70317d31449932b99102916b6637f5\",\"name\":\"Coordena\u00e7\u00e3o\",\"image\":{\"@type\":\"ImageObject\",\"inLanguage\":\"pt-BR\",\"@id\":\"https:\\\/\\\/cj.estrategia.com\\\/portal\\\/wp-content\\\/uploads\\\/2022\\\/05\\\/12164923\\\/estrategia-carreira-juridica-coordenacao-96x96.png\",\"url\":\"https:\\\/\\\/cj.estrategia.com\\\/portal\\\/wp-content\\\/uploads\\\/2022\\\/05\\\/12164923\\\/estrategia-carreira-juridica-coordenacao-96x96.png\",\"contentUrl\":\"https:\\\/\\\/cj.estrategia.com\\\/portal\\\/wp-content\\\/uploads\\\/2022\\\/05\\\/12164923\\\/estrategia-carreira-juridica-coordenacao-96x96.png\",\"caption\":\"Coordena\u00e7\u00e3o\"},\"url\":\"https:\\\/\\\/cj.estrategia.com\\\/portal\\\/author\\\/coordenacao\\\/\"}]}<\/script>\n<!-- \/ Yoast SEO Premium plugin. -->","yoast_head_json":{"title":"Concurso PGM Araraquara SP: inscri\u00e7\u00f5es encerradas!","description":"PGM Araraquara SP: confira AQUI os detalhes desta sele\u00e7\u00e3o com uma vaga para Procurador Geral do Munic\u00edpio.","robots":{"index":"index","follow":"follow","max-snippet":"max-snippet:-1","max-image-preview":"max-image-preview:large","max-video-preview":"max-video-preview:-1"},"canonical":"https:\/\/cj.estrategia.com\/portal\/concurso-pgm-araraquara-sp\/","og_locale":"pt_BR","og_type":"article","og_title":"Concurso PGM Araraquara SP: inscri\u00e7\u00f5es encerradas!","og_description":"PGM Araraquara SP: confira AQUI os detalhes desta sele\u00e7\u00e3o com uma vaga para Procurador Geral do Munic\u00edpio.","og_url":"https:\/\/cj.estrategia.com\/portal\/concurso-pgm-araraquara-sp\/","og_site_name":"Blog - Carreiras Jur\u00eddicas - Estrat\u00e9gia","article_publisher":"https:\/\/www.facebook.com\/estrategiacarreirajuridica\/","article_published_time":"2023-07-13T03:28:00+00:00","article_modified_time":"2023-07-14T11:30:31+00:00","og_image":[{"width":960,"height":540,"url":"https:\/\/cj.estrategia.com\/portal\/wp-content\/uploads\/2023\/03\/08100121\/concursos-pgm-procuradoria-geral.jpg","type":"image\/jpeg"}],"author":"Coordena\u00e7\u00e3o","twitter_card":"summary_large_image","twitter_creator":"@EstratJuridica","twitter_site":"@EstratJuridica","twitter_misc":{"Escrito por":"Coordena\u00e7\u00e3o","Est. tempo de leitura":"3 minutos"},"schema":{"@context":"https:\/\/schema.org","@graph":[{"@type":"NewsArticle","@id":"https:\/\/cj.estrategia.com\/portal\/concurso-pgm-araraquara-sp\/#article","isPartOf":{"@id":"https:\/\/cj.estrategia.com\/portal\/concurso-pgm-araraquara-sp\/"},"author":{"name":"Coordena\u00e7\u00e3o","@id":"https:\/\/cj.estrategia.com\/portal\/#\/schema\/person\/4d70317d31449932b99102916b6637f5"},"headline":"Concurso PGM Araraquara SP: inscri\u00e7\u00f5es encerradas!","datePublished":"2023-07-13T03:28:00+00:00","dateModified":"2023-07-14T11:30:31+00:00","mainEntityOfPage":{"@id":"https:\/\/cj.estrategia.com\/portal\/concurso-pgm-araraquara-sp\/"},"wordCount":483,"commentCount":0,"publisher":{"@id":"https:\/\/cj.estrategia.com\/portal\/#organization"},"image":{"@id":"https:\/\/cj.estrategia.com\/portal\/concurso-pgm-araraquara-sp\/#primaryimage"},"thumbnailUrl":"https:\/\/cj.estrategia.com\/portal\/wp-content\/uploads\/2023\/03\/08100121\/concursos-pgm-procuradoria-geral.jpg","articleSection":["Procuradoria"],"inLanguage":"pt-BR","potentialAction":[{"@type":"CommentAction","name":"Comment","target":["https:\/\/cj.estrategia.com\/portal\/concurso-pgm-araraquara-sp\/#respond"]}]},{"@type":"WebPage","@id":"https:\/\/cj.estrategia.com\/portal\/concurso-pgm-araraquara-sp\/","url":"https:\/\/cj.estrategia.com\/portal\/concurso-pgm-araraquara-sp\/","name":"Concurso PGM Araraquara SP: inscri\u00e7\u00f5es encerradas!","isPartOf":{"@id":"https:\/\/cj.estrategia.com\/portal\/#website"},"primaryImageOfPage":{"@id":"https:\/\/cj.estrategia.com\/portal\/concurso-pgm-araraquara-sp\/#primaryimage"},"image":{"@id":"https:\/\/cj.estrategia.com\/portal\/concurso-pgm-araraquara-sp\/#primaryimage"},"thumbnailUrl":"https:\/\/cj.estrategia.com\/portal\/wp-content\/uploads\/2023\/03\/08100121\/concursos-pgm-procuradoria-geral.jpg","datePublished":"2023-07-13T03:28:00+00:00","dateModified":"2023-07-14T11:30:31+00:00","description":"PGM Araraquara SP: confira AQUI os detalhes desta sele\u00e7\u00e3o com uma vaga para Procurador Geral do Munic\u00edpio.","breadcrumb":{"@id":"https:\/\/cj.estrategia.com\/portal\/concurso-pgm-araraquara-sp\/#breadcrumb"},"inLanguage":"pt-BR","potentialAction":[{"@type":"ReadAction","target":["https:\/\/cj.estrategia.com\/portal\/concurso-pgm-araraquara-sp\/"]}]},{"@type":"ImageObject","inLanguage":"pt-BR","@id":"https:\/\/cj.estrategia.com\/portal\/concurso-pgm-araraquara-sp\/#primaryimage","url":"https:\/\/cj.estrategia.com\/portal\/wp-content\/uploads\/2023\/03\/08100121\/concursos-pgm-procuradoria-geral.jpg","contentUrl":"https:\/\/cj.estrategia.com\/portal\/wp-content\/uploads\/2023\/03\/08100121\/concursos-pgm-procuradoria-geral.jpg","width":960,"height":540,"caption":"concursos da procuradoria geral"},{"@type":"BreadcrumbList","@id":"https:\/\/cj.estrategia.com\/portal\/concurso-pgm-araraquara-sp\/#breadcrumb","itemListElement":[{"@type":"ListItem","position":1,"name":"In\u00edcio","item":"https:\/\/cj.estrategia.com\/portal\/"},{"@type":"ListItem","position":2,"name":"Concurso PGM Araraquara SP: inscri\u00e7\u00f5es encerradas!"}]},{"@type":"WebSite","@id":"https:\/\/cj.estrategia.com\/portal\/#website","url":"https:\/\/cj.estrategia.com\/portal\/","name":"Blog - Carreiras Jur\u00eddicas - Estrat\u00e9gia","description":"","publisher":{"@id":"https:\/\/cj.estrategia.com\/portal\/#organization"},"potentialAction":[{"@type":"SearchAction","target":{"@type":"EntryPoint","urlTemplate":"https:\/\/cj.estrategia.com\/portal\/?s={search_term_string}"},"query-input":{"@type":"PropertyValueSpecification","valueRequired":true,"valueName":"search_term_string"}}],"inLanguage":"pt-BR"},{"@type":"Organization","@id":"https:\/\/cj.estrategia.com\/portal\/#organization","name":"Estrat\u00e9gia - Carreiras Jur\u00eddicas","url":"https:\/\/cj.estrategia.com\/portal\/","logo":{"@type":"ImageObject","inLanguage":"pt-BR","@id":"https:\/\/cj.estrategia.com\/portal\/#\/schema\/logo\/image\/","url":"https:\/\/cj.estrategia.com\/portal\/wp-content\/uploads\/2022\/03\/11151052\/cj-logo.png","contentUrl":"https:\/\/cj.estrategia.com\/portal\/wp-content\/uploads\/2022\/03\/11151052\/cj-logo.png","width":150,"height":39,"caption":"Estrat\u00e9gia - Carreiras Jur\u00eddicas"},"image":{"@id":"https:\/\/cj.estrategia.com\/portal\/#\/schema\/logo\/image\/"},"sameAs":["https:\/\/www.facebook.com\/estrategiacarreirajuridica\/","https:\/\/x.com\/EstratJuridica","https:\/\/www.instagram.com\/estrategiacarreirajuridica\/","https:\/\/www.youtube.com\/channel\/UClbMGuYbj2Mh1m3w144ETWQ"]},{"@type":"Person","@id":"https:\/\/cj.estrategia.com\/portal\/#\/schema\/person\/4d70317d31449932b99102916b6637f5","name":"Coordena\u00e7\u00e3o","image":{"@type":"ImageObject","inLanguage":"pt-BR","@id":"https:\/\/cj.estrategia.com\/portal\/wp-content\/uploads\/2022\/05\/12164923\/estrategia-carreira-juridica-coordenacao-96x96.png","url":"https:\/\/cj.estrategia.com\/portal\/wp-content\/uploads\/2022\/05\/12164923\/estrategia-carreira-juridica-coordenacao-96x96.png","contentUrl":"https:\/\/cj.estrategia.com\/portal\/wp-content\/uploads\/2022\/05\/12164923\/estrategia-carreira-juridica-coordenacao-96x96.png","caption":"Coordena\u00e7\u00e3o"},"url":"https:\/\/cj.estrategia.com\/portal\/author\/coordenacao\/"}]}},"jetpack_featured_media_url":"https:\/\/cj.estrategia.com\/portal\/wp-content\/uploads\/2023\/03\/08100121\/concursos-pgm-procuradoria-geral.jpg","jetpack_sharing_enabled":true,"_links":{"self":[{"href":"https:\/\/cj.estrategia.com\/portal\/wp-json\/wp\/v2\/posts\/38751","targetHints":{"allow":["GET"]}}],"collection":[{"href":"https:\/\/cj.estrategia.com\/portal\/wp-json\/wp\/v2\/posts"}],"about":[{"href":"https:\/\/cj.estrategia.com\/portal\/wp-json\/wp\/v2\/types\/post"}],"author":[{"embeddable":true,"href":"https:\/\/cj.estrategia.com\/portal\/wp-json\/wp\/v2\/users\/12"}],"replies":[{"embeddable":true,"href":"https:\/\/cj.estrategia.com\/portal\/wp-json\/wp\/v2\/comments?post=38751"}],"version-history":[{"count":0,"href":"https:\/\/cj.estrategia.com\/portal\/wp-json\/wp\/v2\/posts\/38751\/revisions"}],"wp:featuredmedia":[{"embeddable":true,"href":"https:\/\/cj.estrategia.com\/portal\/wp-json\/wp\/v2\/media\/30994"}],"wp:attachment":[{"href":"https:\/\/cj.estrategia.com\/portal\/wp-json\/wp\/v2\/media?parent=38751"}],"wp:term":[{"taxonomy":"category","embeddable":true,"href":"https:\/\/cj.estrategia.com\/portal\/wp-json\/wp\/v2\/categories?post=38751"},{"taxonomy":"post_tag","embeddable":true,"href":"https:\/\/cj.estrategia.com\/portal\/wp-json\/wp\/v2\/tags?post=38751"},{"taxonomy":"tax_estado","embeddable":true,"href":"https:\/\/cj.estrategia.com\/portal\/wp-json\/wp\/v2\/tax_estado?post=38751"}],"curies":[{"name":"wp","href":"https:\/\/api.w.org\/{rel}","templated":true}]}}