{"id":37446,"date":"2023-05-26T10:47:00","date_gmt":"2023-05-26T13:47:00","guid":{"rendered":"https:\/\/cj.estrategia.com\/portal\/?p=37446"},"modified":"2023-05-26T10:47:16","modified_gmt":"2023-05-26T13:47:16","slug":"requisitos-concurso-magistratura-rj","status":"publish","type":"post","link":"https:\/\/cj.estrategia.com\/portal\/requisitos-concurso-magistratura-rj\/","title":{"rendered":"Requisitos Concurso Magistratura RJ: veja o que \u00e9 necess\u00e1rio para participar da sele\u00e7\u00e3o!"},"content":{"rendered":"\n<p>O t\u00e3o aguardado <strong>concurso magistratura RJ<\/strong> Juiz est\u00e1 com o edital publicado, oferecendo uma excelente oportunidade para aqueles que almejam uma carreira na magistratura. <\/p>\n\n\n\n<p>A organiza\u00e7\u00e3o do certame ficar\u00e1 a cargo da <a href=\"https:\/\/www.vunesp.com.br\/\" target=\"_blank\" >Funda\u00e7\u00e3o VUNESP<\/a>, renomada institui\u00e7\u00e3o respons\u00e1vel pela sele\u00e7\u00e3o de candidatos para o Tribunal de Justi\u00e7a do Estado do Rio de Janeiro. O concurso \u00e9 destinado \u00e0 f<strong>orma\u00e7\u00e3o de cadastro de reserva<\/strong>, com uma remunera\u00e7\u00e3o inicial atrativa de <strong>R$ 33.924,93<\/strong>. \ud83d\udcb8 \ud83d\udcb0<\/p>\n\n\n\n<div class=\"wp-block-cover\" style=\"min-height:116px;aspect-ratio:unset;\"><span aria-hidden=\"true\" class=\"wp-block-cover__background has-background-dim-0 has-background-dim\"><\/span><img decoding=\"async\" width=\"1890\" height=\"351\" class=\"wp-block-cover__image-background wp-image-36154\" alt=\"\" src=\"https:\/\/cj.estrategia.com\/portal\/wp-content\/uploads\/2023\/05\/12105204\/assinatura-vitalicia-carreiras-juridicas-estrategia-concursos-juridicos.jpg\" style=\"object-position:75% 44%\" data-object-fit=\"cover\" data-object-position=\"75% 44%\" srcset=\"https:\/\/cj.estrategia.com\/portal\/wp-content\/uploads\/2023\/05\/12105204\/assinatura-vitalicia-carreiras-juridicas-estrategia-concursos-juridicos.jpg 1890w, https:\/\/cj.estrategia.com\/portal\/wp-content\/uploads\/2023\/05\/12105204\/assinatura-vitalicia-carreiras-juridicas-estrategia-concursos-juridicos-300x56.jpg 300w, https:\/\/cj.estrategia.com\/portal\/wp-content\/uploads\/2023\/05\/12105204\/assinatura-vitalicia-carreiras-juridicas-estrategia-concursos-juridicos-1024x190.jpg 1024w, https:\/\/cj.estrategia.com\/portal\/wp-content\/uploads\/2023\/05\/12105204\/assinatura-vitalicia-carreiras-juridicas-estrategia-concursos-juridicos-768x143.jpg 768w, https:\/\/cj.estrategia.com\/portal\/wp-content\/uploads\/2023\/05\/12105204\/assinatura-vitalicia-carreiras-juridicas-estrategia-concursos-juridicos-1536x285.jpg 1536w, https:\/\/cj.estrategia.com\/portal\/wp-content\/uploads\/2023\/05\/12105204\/assinatura-vitalicia-carreiras-juridicas-estrategia-concursos-juridicos-380x71.jpg 380w, https:\/\/cj.estrategia.com\/portal\/wp-content\/uploads\/2023\/05\/12105204\/assinatura-vitalicia-carreiras-juridicas-estrategia-concursos-juridicos-800x149.jpg 800w, https:\/\/cj.estrategia.com\/portal\/wp-content\/uploads\/2023\/05\/12105204\/assinatura-vitalicia-carreiras-juridicas-estrategia-concursos-juridicos-1160x215.jpg 1160w, https:\/\/cj.estrategia.com\/portal\/wp-content\/uploads\/2023\/05\/12105204\/assinatura-vitalicia-carreiras-juridicas-estrategia-concursos-juridicos-150x28.jpg 150w\" sizes=\"(max-width: 1890px) 100vw, 1890px\" \/><div class=\"wp-block-cover__inner-container is-layout-flow wp-block-cover-is-layout-flow\">\n<h3 id=\"assinatura-vitalicia\" class=\"titulo-assinatura\">Assinatura Vital\u00edcia<\/h3>\n<p class=\"subtitulo-assinatura\" style=\"display:block!important; line-height: 0;\">Acesso vital\u00edcio aos Cursos Jur\u00eddicos!<\/p>\n<a target=\"_blank\" href=\"https:\/\/www.estrategiaconcursos.com.br\/promocoes\/vitalicia-ecj\/\" rel=\"noopener\"><button style=\"border-radius: 10px; text-transform: capitalize;\">QUERO PARTICIPAR<\/button><\/a>\n<\/div><\/div>\n\n\n\n<p class=\"has-very-light-gray-to-cyan-bluish-gray-gradient-background has-background\"><strong>Concurso Magistratura RJ<\/strong><br><strong>Status:<\/strong> Edital publicado<br><strong>Inscri\u00e7\u00f5es:<\/strong> de 12\/06\/2023 a 13\/07\/2023<br><strong>Banca:<\/strong> VUNESP<br><strong>Vagas: <\/strong>cadastro reserva<br><strong>Sal\u00e1rio inicial:<\/strong> <strong>R$ 33.924,93!<\/strong><br><strong>Data da Prova:<\/strong> 03\/09\/2023<br><a href=\"https:\/\/cj.estrategia.com\/portal\/wp-content\/uploads\/2023\/05\/25210017\/Edital-Magistratura-RJ.pdf\" target=\"_blank\" rel=\"noreferrer noopener nofollow\">Edital Magistratura RJ<\/a><\/p>\n\n\n\n<p>No entanto, antes de iniciar sua jornada rumo \u00e0 magistratura, \u00e9 fundamental estar ciente dos <strong>requisitos necess\u00e1rios<\/strong> para participar do concurso. Neste artigo, abordaremos os principais <strong>requisitos<\/strong>, desde a <strong>nacionalidade brasileira<\/strong> at\u00e9 a <strong>idade m\u00e1xima permitida<\/strong>. Continue lendo e prepare-se para conquistar sua vaga como <strong>juiz <\/strong>no <strong>TJ RJ<\/strong>!<\/p>\n\n\n\n<h2 id=\"requisitos-para-concurso-de-juiz-rj\" class=\"wp-block-heading\">Requisitos para concurso de Juiz RJ<\/h2>\n\n\n\n<ol class=\"wp-block-list\">\n<li><strong>Nacionalidade brasileira:<\/strong> \u00c9 preciso ser cidad\u00e3o brasileiro.<\/li>\n\n\n\n<li><strong>Regularidade eleitoral e militar: <\/strong>Estar em dia com as obriga\u00e7\u00f5es eleitorais \u00e9 fundamental. No caso dos candidatos do sexo masculino, tamb\u00e9m \u00e9 necess\u00e1rio estar em dia com as obriga\u00e7\u00f5es militares.<\/li>\n\n\n\n<li><strong>Bacharel em Direito: <\/strong>Ter conclu\u00eddo o curso de Direito em uma institui\u00e7\u00e3o de ensino superior oficial ou reconhecida, com diploma registrado pelo Minist\u00e9rio da Educa\u00e7\u00e3o, h\u00e1 pelo menos 3 anos.<\/li>\n\n\n\n<li><strong>Experi\u00eancia jur\u00eddica: <\/strong>Ter exercido <a href=\"https:\/\/cj.estrategia.com\/portal\/atividade-juridica\/\" target=\"_blank\" >atividade jur\u00eddica<\/a> por 3 anos, a partir da conclus\u00e3o do curso de Direito, conforme definido pela Constitui\u00e7\u00e3o da Rep\u00fablica (art. 93, I) e pela Resolu\u00e7\u00e3o n.\u00ba 75\/2009 do Conselho Nacional de Justi\u00e7a. Essa experi\u00eancia deve ser comprovada por meio de documentos e certid\u00f5es.<\/li>\n\n\n\n<li><strong>Aptid\u00e3o f\u00edsica e mental:<\/strong> Ser capaz f\u00edsica e mentalmente para desempenhar as atribui\u00e7\u00f5es do cargo de juiz.<\/li>\n\n\n\n<li><strong>Aus\u00eancia de antecedentes criminais: <\/strong>N\u00e3o possuir registros criminais que desabonem a conduta.<\/li>\n\n\n\n<li><strong>Conduta profissional \u00edntegra: <\/strong>N\u00e3o estar sendo processado e nem ter sofrido penalidades por atos desabonadores no exerc\u00edcio da profiss\u00e3o.<\/li>\n\n\n\n<li>I<strong>dade m\u00e1xima de 65 anos: <\/strong>ter at\u00e9 65 anos na data de inscri\u00e7\u00e3o definitiva.<\/li>\n<\/ol>\n\n\n\n<p>Cumprir esses requisitos \u00e9 essencial para participar da sele\u00e7\u00e3o e concorrer \u00e0 vaga de juiz no TJ RJ.<\/p>\n\n\n\n<h2 class=\"wp-block-heading\" id=\"h-edital-magistratura-rj-saiba-mais\"><span id=\"edital-magistratura-rj-saiba-mais\">Edital Magistratura RJ: SAIBA MAIS<\/span><\/h2>\n\n\n\n<p>Quer saber mais sobre o <strong>Concurso Magistratura RJ<\/strong>? Preparamos uma mat\u00e9ria inteira com todos os detalhes deste certame que ofertar\u00e1 cadastro reserva para o cargo de Juiz Substituto!<\/p>\n\n\n\n<p class=\"has-text-align-center has-black-color has-luminous-vivid-amber-to-luminous-vivid-orange-gradient-background has-text-color has-background\"><strong><a href=\"https:\/\/cj.estrategia.com\/portal\/concurso-magistratura-rj\/\" target=\"_blank\" >Concurso Magistratura RJ<\/a><\/strong><\/p>\n\n\n\n<h2 class=\"wp-block-heading has-text-align-center\" id=\"cursos\"><span id=\"quer-saber-tudo-sobre-concursos-previstos-confira-nossos-artigos\">Quer saber tudo sobre concursos previstos? <br>Confira nossos artigos!<\/span><\/h2>\n\n\n\n\n\n<h2 class=\"wp-block-heading has-text-align-center\" id=\"CURSO\"><span id=\"cursos-e-assinaturas\">CURSOS E ASSINATURAS<\/span><\/h2>\n\n\n\n<div class=\"wp-block-cover\" style=\"min-height:155px;aspect-ratio:unset;\"><img decoding=\"async\" width=\"1890\" height=\"351\" class=\"wp-block-cover__image-background wp-image-8669\" alt=\"Assinaturas Jur\u00eddicas\" src=\"https:\/\/cj.estrategia.com\/portal\/wp-content\/uploads\/2022\/06\/20151253\/concurso-carreiras-juridicas-assinatura-juridica.jpg\" style=\"object-position:78% 43%\" data-object-fit=\"cover\" data-object-position=\"78% 43%\" srcset=\"https:\/\/cj.estrategia.com\/portal\/wp-content\/uploads\/2022\/06\/20151253\/concurso-carreiras-juridicas-assinatura-juridica.jpg 1890w, https:\/\/cj.estrategia.com\/portal\/wp-content\/uploads\/2022\/06\/20151253\/concurso-carreiras-juridicas-assinatura-juridica-300x56.jpg 300w, https:\/\/cj.estrategia.com\/portal\/wp-content\/uploads\/2022\/06\/20151253\/concurso-carreiras-juridicas-assinatura-juridica-1024x190.jpg 1024w, https:\/\/cj.estrategia.com\/portal\/wp-content\/uploads\/2022\/06\/20151253\/concurso-carreiras-juridicas-assinatura-juridica-768x143.jpg 768w, https:\/\/cj.estrategia.com\/portal\/wp-content\/uploads\/2022\/06\/20151253\/concurso-carreiras-juridicas-assinatura-juridica-1536x285.jpg 1536w, https:\/\/cj.estrategia.com\/portal\/wp-content\/uploads\/2022\/06\/20151253\/concurso-carreiras-juridicas-assinatura-juridica-380x71.jpg 380w, https:\/\/cj.estrategia.com\/portal\/wp-content\/uploads\/2022\/06\/20151253\/concurso-carreiras-juridicas-assinatura-juridica-800x149.jpg 800w, https:\/\/cj.estrategia.com\/portal\/wp-content\/uploads\/2022\/06\/20151253\/concurso-carreiras-juridicas-assinatura-juridica-1160x215.jpg 1160w\" sizes=\"(max-width: 1890px) 100vw, 1890px\" \/><span aria-hidden=\"true\" class=\"wp-block-cover__background has-background-dim\"><\/span><div class=\"wp-block-cover__inner-container is-layout-flow wp-block-cover-is-layout-flow\">\n<h3 id=\"faca-a-sua-assinatura\" class=\"titulo-assinatura\"><span style=\"color: #ffffff;\">Fa\u00e7a a sua assinatura!<\/span><\/h3>\n<p class=\"subtitulo-assinatura\" style=\"display:block!important; line-height: 0;\"><span style=\"color: #ffffff;\">Escolha a sua \u00e1rea.<\/span><\/p>\n<a target=\"_blank\" href=\"https:\/\/www.estrategiaconcursos.com.br\/assinaturas-ecj\/\" rel=\"noopener\"><button style=\"border-radius: 10px; text-transform: capitalize;\">Acessar<\/button><\/a>\n<\/div><\/div>\n\n\n\n<p><\/p>\n\n\n\n<div class=\"container\" id=\"boxes\">\n  <div class=\"row\">\n\n    <div class=\"col-sm\">\n      <div class=\"banner-estrategia-concursos-juridicos\" id=\"box-assinatura\">\n        <h3 id=\"curso-para-magistratura-rj\" class=\"titulo-assinatura\">Curso para Magistratura RJ <\/h3>\n        <p class=\"subtitulo-assinatura\">Cursos focados no edital do concurso<\/p>\n        <div class=\"box-botao\">\n          <a class=\"btn-assinatura-juridica\" target=\"_blank\" href=\"https:\/\/cj.estrategia.com\/curso\/tj-rj-juiz-substituto-pacote-teorico\/\" role=\"button\" rel=\"noopener noreferrer\">Conhe\u00e7a mais<\/a>\n        <\/div>\n      <\/div>\n      <p class=\"texto-auxiliar\">Prepare-se com o melhor material e com quem mais aprova em concursos de Procuradorias em todo o pa\u00eds. \n<\/p>\n    <\/div>\n\n  <\/div>\n<\/div>\n\n\n\n<p><em><strong>Leia tamb\u00e9m:<\/strong><\/em><\/p>\n\n\n\n<ul class=\"wp-block-list\">\n<li><a href=\"https:\/\/cj.estrategia.com\/portal\/magistratura-es-salario\/\" target=\"_blank\" >Quanto ganha um Juiz Substituto do TJ ES?<\/a><\/li>\n\n\n\n<li><a href=\"https:\/\/cj.estrategia.com\/portal\/quanto-ganha-um-juiz-estadual\/\" target=\"_blank\" >Quanto ganha um Juiz Estadual?<\/a><\/li>\n\n\n\n<li><a href=\"https:\/\/cj.estrategia.com\/portal\/concurso-juiz-do-trabalho-salario\/\" target=\"_blank\" >Quanto ganha um Juiz do Trabalho?<\/a><\/li>\n<\/ul>\n","protected":false},"excerpt":{"rendered":"O t\u00e3o aguardado concurso magistratura RJ Juiz est\u00e1 com o edital publicado, oferecendo uma excelente oportunidade para aqueles&hellip;\n","protected":false},"author":12,"featured_media":20815,"comment_status":"open","ping_status":"open","sticky":false,"template":"","format":"standard","meta":{"_jetpack_memberships_contains_paid_content":false,"footnotes":""},"categories":[26],"tags":[],"tax_estado":[49],"class_list":{"0":"post-37446","1":"post","2":"type-post","3":"status-publish","4":"format-standard","5":"has-post-thumbnail","7":"category-magistratura","8":"tax_estado-rj"},"acf":[],"yoast_head":"<!-- This site is optimized with the Yoast SEO Premium plugin v27.4 (Yoast SEO v27.4) - https:\/\/yoast.com\/product\/yoast-seo-premium-wordpress\/ -->\n<title>Concurso Magistratura RJ: descubra quais s\u00e3o os requisitos!<\/title>\n<meta name=\"description\" content=\"Confira neste artigo todos os detalhes dos requisitos para participar da sele\u00e7\u00e3o do concurso magistratura RJ desde nacionalidade at\u00e9 idade!\" \/>\n<meta name=\"robots\" content=\"index, follow, max-snippet:-1, max-image-preview:large, max-video-preview:-1\" \/>\n<link rel=\"canonical\" href=\"https:\/\/cj.estrategia.com\/portal\/requisitos-concurso-magistratura-rj\/\" \/>\n<meta property=\"og:locale\" content=\"pt_BR\" \/>\n<meta property=\"og:type\" content=\"article\" \/>\n<meta property=\"og:title\" content=\"Requisitos Concurso Magistratura RJ: veja o que \u00e9 necess\u00e1rio para participar da sele\u00e7\u00e3o!\" \/>\n<meta property=\"og:description\" content=\"Confira neste artigo todos os detalhes dos requisitos para participar da sele\u00e7\u00e3o do concurso magistratura RJ desde nacionalidade at\u00e9 idade!\" \/>\n<meta property=\"og:url\" content=\"https:\/\/cj.estrategia.com\/portal\/requisitos-concurso-magistratura-rj\/\" \/>\n<meta property=\"og:site_name\" content=\"Blog - Carreiras Jur\u00eddicas - Estrat\u00e9gia\" \/>\n<meta property=\"article:publisher\" content=\"https:\/\/www.facebook.com\/estrategiacarreirajuridica\/\" \/>\n<meta property=\"article:published_time\" content=\"2023-05-26T13:47:00+00:00\" \/>\n<meta property=\"article:modified_time\" content=\"2023-05-26T13:47:16+00:00\" \/>\n<meta property=\"og:image\" content=\"https:\/\/cj.estrategia.com\/portal\/wp-content\/uploads\/2022\/10\/04104559\/Magistratura-RJ.jpg\" \/>\n\t<meta property=\"og:image:width\" content=\"768\" \/>\n\t<meta property=\"og:image:height\" content=\"432\" \/>\n\t<meta property=\"og:image:type\" content=\"image\/jpeg\" \/>\n<meta name=\"author\" content=\"Coordena\u00e7\u00e3o\" \/>\n<meta name=\"twitter:card\" content=\"summary_large_image\" \/>\n<meta name=\"twitter:creator\" content=\"@EstratJuridica\" \/>\n<meta name=\"twitter:site\" content=\"@EstratJuridica\" \/>\n<meta name=\"twitter:label1\" content=\"Escrito por\" \/>\n\t<meta name=\"twitter:data1\" content=\"Coordena\u00e7\u00e3o\" \/>\n\t<meta name=\"twitter:label2\" content=\"Est. tempo de leitura\" \/>\n\t<meta name=\"twitter:data2\" content=\"3 minutos\" \/>\n<script type=\"application\/ld+json\" class=\"yoast-schema-graph\">{\"@context\":\"https:\\\/\\\/schema.org\",\"@graph\":[{\"@type\":\"NewsArticle\",\"@id\":\"https:\\\/\\\/cj.estrategia.com\\\/portal\\\/requisitos-concurso-magistratura-rj\\\/#article\",\"isPartOf\":{\"@id\":\"https:\\\/\\\/cj.estrategia.com\\\/portal\\\/requisitos-concurso-magistratura-rj\\\/\"},\"author\":{\"name\":\"Coordena\u00e7\u00e3o\",\"@id\":\"https:\\\/\\\/cj.estrategia.com\\\/portal\\\/#\\\/schema\\\/person\\\/4d70317d31449932b99102916b6637f5\"},\"headline\":\"Requisitos Concurso Magistratura RJ: veja o que \u00e9 necess\u00e1rio para participar da sele\u00e7\u00e3o!\",\"datePublished\":\"2023-05-26T13:47:00+00:00\",\"dateModified\":\"2023-05-26T13:47:16+00:00\",\"mainEntityOfPage\":{\"@id\":\"https:\\\/\\\/cj.estrategia.com\\\/portal\\\/requisitos-concurso-magistratura-rj\\\/\"},\"wordCount\":487,\"commentCount\":0,\"publisher\":{\"@id\":\"https:\\\/\\\/cj.estrategia.com\\\/portal\\\/#organization\"},\"image\":{\"@id\":\"https:\\\/\\\/cj.estrategia.com\\\/portal\\\/requisitos-concurso-magistratura-rj\\\/#primaryimage\"},\"thumbnailUrl\":\"https:\\\/\\\/cj.estrategia.com\\\/portal\\\/wp-content\\\/uploads\\\/2022\\\/10\\\/04104559\\\/Magistratura-RJ.jpg\",\"articleSection\":[\"Magistratura\"],\"inLanguage\":\"pt-BR\",\"potentialAction\":[{\"@type\":\"CommentAction\",\"name\":\"Comment\",\"target\":[\"https:\\\/\\\/cj.estrategia.com\\\/portal\\\/requisitos-concurso-magistratura-rj\\\/#respond\"]}]},{\"@type\":\"WebPage\",\"@id\":\"https:\\\/\\\/cj.estrategia.com\\\/portal\\\/requisitos-concurso-magistratura-rj\\\/\",\"url\":\"https:\\\/\\\/cj.estrategia.com\\\/portal\\\/requisitos-concurso-magistratura-rj\\\/\",\"name\":\"Concurso Magistratura RJ: descubra quais s\u00e3o os requisitos!\",\"isPartOf\":{\"@id\":\"https:\\\/\\\/cj.estrategia.com\\\/portal\\\/#website\"},\"primaryImageOfPage\":{\"@id\":\"https:\\\/\\\/cj.estrategia.com\\\/portal\\\/requisitos-concurso-magistratura-rj\\\/#primaryimage\"},\"image\":{\"@id\":\"https:\\\/\\\/cj.estrategia.com\\\/portal\\\/requisitos-concurso-magistratura-rj\\\/#primaryimage\"},\"thumbnailUrl\":\"https:\\\/\\\/cj.estrategia.com\\\/portal\\\/wp-content\\\/uploads\\\/2022\\\/10\\\/04104559\\\/Magistratura-RJ.jpg\",\"datePublished\":\"2023-05-26T13:47:00+00:00\",\"dateModified\":\"2023-05-26T13:47:16+00:00\",\"description\":\"Confira neste artigo todos os detalhes dos requisitos para participar da sele\u00e7\u00e3o do concurso magistratura RJ desde nacionalidade at\u00e9 idade!\",\"breadcrumb\":{\"@id\":\"https:\\\/\\\/cj.estrategia.com\\\/portal\\\/requisitos-concurso-magistratura-rj\\\/#breadcrumb\"},\"inLanguage\":\"pt-BR\",\"potentialAction\":[{\"@type\":\"ReadAction\",\"target\":[\"https:\\\/\\\/cj.estrategia.com\\\/portal\\\/requisitos-concurso-magistratura-rj\\\/\"]}]},{\"@type\":\"ImageObject\",\"inLanguage\":\"pt-BR\",\"@id\":\"https:\\\/\\\/cj.estrategia.com\\\/portal\\\/requisitos-concurso-magistratura-rj\\\/#primaryimage\",\"url\":\"https:\\\/\\\/cj.estrategia.com\\\/portal\\\/wp-content\\\/uploads\\\/2022\\\/10\\\/04104559\\\/Magistratura-RJ.jpg\",\"contentUrl\":\"https:\\\/\\\/cj.estrategia.com\\\/portal\\\/wp-content\\\/uploads\\\/2022\\\/10\\\/04104559\\\/Magistratura-RJ.jpg\",\"width\":768,\"height\":432,\"caption\":\"Concurso Juiz RJ\"},{\"@type\":\"BreadcrumbList\",\"@id\":\"https:\\\/\\\/cj.estrategia.com\\\/portal\\\/requisitos-concurso-magistratura-rj\\\/#breadcrumb\",\"itemListElement\":[{\"@type\":\"ListItem\",\"position\":1,\"name\":\"In\u00edcio\",\"item\":\"https:\\\/\\\/cj.estrategia.com\\\/portal\\\/\"},{\"@type\":\"ListItem\",\"position\":2,\"name\":\"Requisitos Concurso Magistratura RJ: veja o que \u00e9 necess\u00e1rio para participar da sele\u00e7\u00e3o!\"}]},{\"@type\":\"WebSite\",\"@id\":\"https:\\\/\\\/cj.estrategia.com\\\/portal\\\/#website\",\"url\":\"https:\\\/\\\/cj.estrategia.com\\\/portal\\\/\",\"name\":\"Blog - Carreiras Jur\u00eddicas - Estrat\u00e9gia\",\"description\":\"\",\"publisher\":{\"@id\":\"https:\\\/\\\/cj.estrategia.com\\\/portal\\\/#organization\"},\"potentialAction\":[{\"@type\":\"SearchAction\",\"target\":{\"@type\":\"EntryPoint\",\"urlTemplate\":\"https:\\\/\\\/cj.estrategia.com\\\/portal\\\/?s={search_term_string}\"},\"query-input\":{\"@type\":\"PropertyValueSpecification\",\"valueRequired\":true,\"valueName\":\"search_term_string\"}}],\"inLanguage\":\"pt-BR\"},{\"@type\":\"Organization\",\"@id\":\"https:\\\/\\\/cj.estrategia.com\\\/portal\\\/#organization\",\"name\":\"Estrat\u00e9gia - Carreiras Jur\u00eddicas\",\"url\":\"https:\\\/\\\/cj.estrategia.com\\\/portal\\\/\",\"logo\":{\"@type\":\"ImageObject\",\"inLanguage\":\"pt-BR\",\"@id\":\"https:\\\/\\\/cj.estrategia.com\\\/portal\\\/#\\\/schema\\\/logo\\\/image\\\/\",\"url\":\"https:\\\/\\\/cj.estrategia.com\\\/portal\\\/wp-content\\\/uploads\\\/2022\\\/03\\\/11151052\\\/cj-logo.png\",\"contentUrl\":\"https:\\\/\\\/cj.estrategia.com\\\/portal\\\/wp-content\\\/uploads\\\/2022\\\/03\\\/11151052\\\/cj-logo.png\",\"width\":150,\"height\":39,\"caption\":\"Estrat\u00e9gia - Carreiras Jur\u00eddicas\"},\"image\":{\"@id\":\"https:\\\/\\\/cj.estrategia.com\\\/portal\\\/#\\\/schema\\\/logo\\\/image\\\/\"},\"sameAs\":[\"https:\\\/\\\/www.facebook.com\\\/estrategiacarreirajuridica\\\/\",\"https:\\\/\\\/x.com\\\/EstratJuridica\",\"https:\\\/\\\/www.instagram.com\\\/estrategiacarreirajuridica\\\/\",\"https:\\\/\\\/www.youtube.com\\\/channel\\\/UClbMGuYbj2Mh1m3w144ETWQ\"]},{\"@type\":\"Person\",\"@id\":\"https:\\\/\\\/cj.estrategia.com\\\/portal\\\/#\\\/schema\\\/person\\\/4d70317d31449932b99102916b6637f5\",\"name\":\"Coordena\u00e7\u00e3o\",\"image\":{\"@type\":\"ImageObject\",\"inLanguage\":\"pt-BR\",\"@id\":\"https:\\\/\\\/cj.estrategia.com\\\/portal\\\/wp-content\\\/uploads\\\/2022\\\/05\\\/12164923\\\/estrategia-carreira-juridica-coordenacao-96x96.png\",\"url\":\"https:\\\/\\\/cj.estrategia.com\\\/portal\\\/wp-content\\\/uploads\\\/2022\\\/05\\\/12164923\\\/estrategia-carreira-juridica-coordenacao-96x96.png\",\"contentUrl\":\"https:\\\/\\\/cj.estrategia.com\\\/portal\\\/wp-content\\\/uploads\\\/2022\\\/05\\\/12164923\\\/estrategia-carreira-juridica-coordenacao-96x96.png\",\"caption\":\"Coordena\u00e7\u00e3o\"},\"url\":\"https:\\\/\\\/cj.estrategia.com\\\/portal\\\/author\\\/coordenacao\\\/\"}]}<\/script>\n<!-- \/ Yoast SEO Premium plugin. -->","yoast_head_json":{"title":"Concurso Magistratura RJ: descubra quais s\u00e3o os requisitos!","description":"Confira neste artigo todos os detalhes dos requisitos para participar da sele\u00e7\u00e3o do concurso magistratura RJ desde nacionalidade at\u00e9 idade!","robots":{"index":"index","follow":"follow","max-snippet":"max-snippet:-1","max-image-preview":"max-image-preview:large","max-video-preview":"max-video-preview:-1"},"canonical":"https:\/\/cj.estrategia.com\/portal\/requisitos-concurso-magistratura-rj\/","og_locale":"pt_BR","og_type":"article","og_title":"Requisitos Concurso Magistratura RJ: veja o que \u00e9 necess\u00e1rio para participar da sele\u00e7\u00e3o!","og_description":"Confira neste artigo todos os detalhes dos requisitos para participar da sele\u00e7\u00e3o do concurso magistratura RJ desde nacionalidade at\u00e9 idade!","og_url":"https:\/\/cj.estrategia.com\/portal\/requisitos-concurso-magistratura-rj\/","og_site_name":"Blog - Carreiras Jur\u00eddicas - Estrat\u00e9gia","article_publisher":"https:\/\/www.facebook.com\/estrategiacarreirajuridica\/","article_published_time":"2023-05-26T13:47:00+00:00","article_modified_time":"2023-05-26T13:47:16+00:00","og_image":[{"width":768,"height":432,"url":"https:\/\/cj.estrategia.com\/portal\/wp-content\/uploads\/2022\/10\/04104559\/Magistratura-RJ.jpg","type":"image\/jpeg"}],"author":"Coordena\u00e7\u00e3o","twitter_card":"summary_large_image","twitter_creator":"@EstratJuridica","twitter_site":"@EstratJuridica","twitter_misc":{"Escrito por":"Coordena\u00e7\u00e3o","Est. tempo de leitura":"3 minutos"},"schema":{"@context":"https:\/\/schema.org","@graph":[{"@type":"NewsArticle","@id":"https:\/\/cj.estrategia.com\/portal\/requisitos-concurso-magistratura-rj\/#article","isPartOf":{"@id":"https:\/\/cj.estrategia.com\/portal\/requisitos-concurso-magistratura-rj\/"},"author":{"name":"Coordena\u00e7\u00e3o","@id":"https:\/\/cj.estrategia.com\/portal\/#\/schema\/person\/4d70317d31449932b99102916b6637f5"},"headline":"Requisitos Concurso Magistratura RJ: veja o que \u00e9 necess\u00e1rio para participar da sele\u00e7\u00e3o!","datePublished":"2023-05-26T13:47:00+00:00","dateModified":"2023-05-26T13:47:16+00:00","mainEntityOfPage":{"@id":"https:\/\/cj.estrategia.com\/portal\/requisitos-concurso-magistratura-rj\/"},"wordCount":487,"commentCount":0,"publisher":{"@id":"https:\/\/cj.estrategia.com\/portal\/#organization"},"image":{"@id":"https:\/\/cj.estrategia.com\/portal\/requisitos-concurso-magistratura-rj\/#primaryimage"},"thumbnailUrl":"https:\/\/cj.estrategia.com\/portal\/wp-content\/uploads\/2022\/10\/04104559\/Magistratura-RJ.jpg","articleSection":["Magistratura"],"inLanguage":"pt-BR","potentialAction":[{"@type":"CommentAction","name":"Comment","target":["https:\/\/cj.estrategia.com\/portal\/requisitos-concurso-magistratura-rj\/#respond"]}]},{"@type":"WebPage","@id":"https:\/\/cj.estrategia.com\/portal\/requisitos-concurso-magistratura-rj\/","url":"https:\/\/cj.estrategia.com\/portal\/requisitos-concurso-magistratura-rj\/","name":"Concurso Magistratura RJ: descubra quais s\u00e3o os requisitos!","isPartOf":{"@id":"https:\/\/cj.estrategia.com\/portal\/#website"},"primaryImageOfPage":{"@id":"https:\/\/cj.estrategia.com\/portal\/requisitos-concurso-magistratura-rj\/#primaryimage"},"image":{"@id":"https:\/\/cj.estrategia.com\/portal\/requisitos-concurso-magistratura-rj\/#primaryimage"},"thumbnailUrl":"https:\/\/cj.estrategia.com\/portal\/wp-content\/uploads\/2022\/10\/04104559\/Magistratura-RJ.jpg","datePublished":"2023-05-26T13:47:00+00:00","dateModified":"2023-05-26T13:47:16+00:00","description":"Confira neste artigo todos os detalhes dos requisitos para participar da sele\u00e7\u00e3o do concurso magistratura RJ desde nacionalidade at\u00e9 idade!","breadcrumb":{"@id":"https:\/\/cj.estrategia.com\/portal\/requisitos-concurso-magistratura-rj\/#breadcrumb"},"inLanguage":"pt-BR","potentialAction":[{"@type":"ReadAction","target":["https:\/\/cj.estrategia.com\/portal\/requisitos-concurso-magistratura-rj\/"]}]},{"@type":"ImageObject","inLanguage":"pt-BR","@id":"https:\/\/cj.estrategia.com\/portal\/requisitos-concurso-magistratura-rj\/#primaryimage","url":"https:\/\/cj.estrategia.com\/portal\/wp-content\/uploads\/2022\/10\/04104559\/Magistratura-RJ.jpg","contentUrl":"https:\/\/cj.estrategia.com\/portal\/wp-content\/uploads\/2022\/10\/04104559\/Magistratura-RJ.jpg","width":768,"height":432,"caption":"Concurso Juiz RJ"},{"@type":"BreadcrumbList","@id":"https:\/\/cj.estrategia.com\/portal\/requisitos-concurso-magistratura-rj\/#breadcrumb","itemListElement":[{"@type":"ListItem","position":1,"name":"In\u00edcio","item":"https:\/\/cj.estrategia.com\/portal\/"},{"@type":"ListItem","position":2,"name":"Requisitos Concurso Magistratura RJ: veja o que \u00e9 necess\u00e1rio para participar da sele\u00e7\u00e3o!"}]},{"@type":"WebSite","@id":"https:\/\/cj.estrategia.com\/portal\/#website","url":"https:\/\/cj.estrategia.com\/portal\/","name":"Blog - Carreiras Jur\u00eddicas - Estrat\u00e9gia","description":"","publisher":{"@id":"https:\/\/cj.estrategia.com\/portal\/#organization"},"potentialAction":[{"@type":"SearchAction","target":{"@type":"EntryPoint","urlTemplate":"https:\/\/cj.estrategia.com\/portal\/?s={search_term_string}"},"query-input":{"@type":"PropertyValueSpecification","valueRequired":true,"valueName":"search_term_string"}}],"inLanguage":"pt-BR"},{"@type":"Organization","@id":"https:\/\/cj.estrategia.com\/portal\/#organization","name":"Estrat\u00e9gia - Carreiras Jur\u00eddicas","url":"https:\/\/cj.estrategia.com\/portal\/","logo":{"@type":"ImageObject","inLanguage":"pt-BR","@id":"https:\/\/cj.estrategia.com\/portal\/#\/schema\/logo\/image\/","url":"https:\/\/cj.estrategia.com\/portal\/wp-content\/uploads\/2022\/03\/11151052\/cj-logo.png","contentUrl":"https:\/\/cj.estrategia.com\/portal\/wp-content\/uploads\/2022\/03\/11151052\/cj-logo.png","width":150,"height":39,"caption":"Estrat\u00e9gia - Carreiras Jur\u00eddicas"},"image":{"@id":"https:\/\/cj.estrategia.com\/portal\/#\/schema\/logo\/image\/"},"sameAs":["https:\/\/www.facebook.com\/estrategiacarreirajuridica\/","https:\/\/x.com\/EstratJuridica","https:\/\/www.instagram.com\/estrategiacarreirajuridica\/","https:\/\/www.youtube.com\/channel\/UClbMGuYbj2Mh1m3w144ETWQ"]},{"@type":"Person","@id":"https:\/\/cj.estrategia.com\/portal\/#\/schema\/person\/4d70317d31449932b99102916b6637f5","name":"Coordena\u00e7\u00e3o","image":{"@type":"ImageObject","inLanguage":"pt-BR","@id":"https:\/\/cj.estrategia.com\/portal\/wp-content\/uploads\/2022\/05\/12164923\/estrategia-carreira-juridica-coordenacao-96x96.png","url":"https:\/\/cj.estrategia.com\/portal\/wp-content\/uploads\/2022\/05\/12164923\/estrategia-carreira-juridica-coordenacao-96x96.png","contentUrl":"https:\/\/cj.estrategia.com\/portal\/wp-content\/uploads\/2022\/05\/12164923\/estrategia-carreira-juridica-coordenacao-96x96.png","caption":"Coordena\u00e7\u00e3o"},"url":"https:\/\/cj.estrategia.com\/portal\/author\/coordenacao\/"}]}},"jetpack_featured_media_url":"https:\/\/cj.estrategia.com\/portal\/wp-content\/uploads\/2022\/10\/04104559\/Magistratura-RJ.jpg","jetpack_sharing_enabled":true,"_links":{"self":[{"href":"https:\/\/cj.estrategia.com\/portal\/wp-json\/wp\/v2\/posts\/37446","targetHints":{"allow":["GET"]}}],"collection":[{"href":"https:\/\/cj.estrategia.com\/portal\/wp-json\/wp\/v2\/posts"}],"about":[{"href":"https:\/\/cj.estrategia.com\/portal\/wp-json\/wp\/v2\/types\/post"}],"author":[{"embeddable":true,"href":"https:\/\/cj.estrategia.com\/portal\/wp-json\/wp\/v2\/users\/12"}],"replies":[{"embeddable":true,"href":"https:\/\/cj.estrategia.com\/portal\/wp-json\/wp\/v2\/comments?post=37446"}],"version-history":[{"count":3,"href":"https:\/\/cj.estrategia.com\/portal\/wp-json\/wp\/v2\/posts\/37446\/revisions"}],"predecessor-version":[{"id":37454,"href":"https:\/\/cj.estrategia.com\/portal\/wp-json\/wp\/v2\/posts\/37446\/revisions\/37454"}],"wp:featuredmedia":[{"embeddable":true,"href":"https:\/\/cj.estrategia.com\/portal\/wp-json\/wp\/v2\/media\/20815"}],"wp:attachment":[{"href":"https:\/\/cj.estrategia.com\/portal\/wp-json\/wp\/v2\/media?parent=37446"}],"wp:term":[{"taxonomy":"category","embeddable":true,"href":"https:\/\/cj.estrategia.com\/portal\/wp-json\/wp\/v2\/categories?post=37446"},{"taxonomy":"post_tag","embeddable":true,"href":"https:\/\/cj.estrategia.com\/portal\/wp-json\/wp\/v2\/tags?post=37446"},{"taxonomy":"tax_estado","embeddable":true,"href":"https:\/\/cj.estrategia.com\/portal\/wp-json\/wp\/v2\/tax_estado?post=37446"}],"curies":[{"name":"wp","href":"https:\/\/api.w.org\/{rel}","templated":true}]}}