{"id":37011,"date":"2023-05-22T16:13:29","date_gmt":"2023-05-22T19:13:29","guid":{"rendered":"https:\/\/cj.estrategia.com\/portal\/?p=37011"},"modified":"2023-05-22T16:13:32","modified_gmt":"2023-05-22T19:13:32","slug":"prova-comentada-direito-civil-pgfn","status":"publish","type":"post","link":"https:\/\/cj.estrategia.com\/portal\/prova-comentada-direito-civil-pgfn\/","title":{"rendered":"Prova comentada Direito Civil PGFN"},"content":{"rendered":"\n<p>Ol\u00e1, pessoal, tudo certo?!<\/p>\n\n\n\n<p>Em 21\/05\/2023, foi aplicada a prova objetiva do concurso p\u00fablico para <strong>Procurador da Fazenda Nacional<\/strong>. Assim que encerrada, nosso time de professores elaborou o gabarito extraoficial, que, agora, ser\u00e1 apresentado juntamente com a nossa <strong>PROVA COMENTADA<\/strong>.<\/p>\n\n\n\n<p>Este material visa auxili\u00e1-los na aferi\u00e7\u00e3o das notas, elabora\u00e7\u00e3o de eventuais recursos, verifica\u00e7\u00e3o das chances de avan\u00e7o para fase discursiva, bem como na revis\u00e3o do conte\u00fado cobrado no certame.<\/p>\n\n\n\n<p>Desde j\u00e1, destacamos que nosso time de professores identificou 2 quest\u00f5es pass\u00edveis de anula\u00e7\u00e3o, por apresentar duas ou nenhuma alternativa correta, como veremos adiante. No tipo de prova comentado, tratam-se das quest\u00f5es 64 e 97.<\/p>\n\n\n\n<p>De modo complementar, elaboramos tamb\u00e9m o <strong>RANKING de Procurador da Fazenda Nacional<\/strong>, em que nossos alunos e seguidores poder\u00e3o inserir suas respostas \u00e0 prova, e, ao final, aferir sua nota, de acordo com o gabarito elaborado por nossos professores. Atrav\u00e9s do ranking, tamb\u00e9m poderemos estimar a nota de corte da 1\u00ba fase. Essa ferramenta \u00e9 gratuita e, para participar, basta acessar o <strong><a href=\"https:\/\/cj.estrategia.com\/portal\/gabarito-extraoficial-procurador-da-fazenda-nacional-pfn-agu\/\" target=\"_blank\" >Gabarito Extraoficial PGFN<\/a>.<\/strong><\/p>\n\n\n\n<p>Por fim, comentaremos a prova, as quest\u00f5es mais pol\u00eamicas, as possibilidades de recurso, bem como a estimativa da nota de corte no <strong>TERM\u00d4METRO P\u00d3S-PROVA<\/strong>, no nosso canal do Youtube. Inscreva-se e ative as notifica\u00e7\u00f5es!<\/p>\n\n\n\n<p class=\"has-text-align-center\"><a href=\"https:\/\/www.youtube.com\/@EstrategiaCarreiraJuridica\" target=\"_blank\" ><strong>Estrat\u00e9gia Carreira Jur\u00eddica &#8211; YouTube<\/strong><\/a><\/p>\n\n\n\n<p>Todos os eventos poder\u00e3o ser acompanhados pelo artigo: <a href=\"https:\/\/cj.estrategia.com\/portal\/gabarito-extraoficial-procurador-da-fazenda-nacional-pfn-agu\/\">Gabarito Extraoficial &#8211; Procurador da Fazenda Nacional &#8211; PFN (AGU) (estrategia.com)<\/a><\/p>\n\n\n\n<h2 class=\"wp-block-heading\" id=\"h-prova-comentada-direito-civil-pgfn\"><span id=\"prova-comentada-direito-civil-pgfn\"><mark style=\"background-color:rgba(0, 0, 0, 0)\" class=\"has-inline-color has-vivid-red-color\">PROVA COMENTADA DIREITO CIVIL PGFN<\/mark> <\/span><\/h2>\n\n\n\n<p><strong>QUEST\u00c3O 55. O neg\u00f3cio conclu\u00eddo pelo representante em conflito de interesses com o representado, quando o fato deveria ser conhecido por quem tratou com o representante, ser\u00e1<\/strong><\/p>\n\n\n\n<p><strong>a) V\u00e1lido.&nbsp;<\/strong><\/p>\n\n\n\n<p><strong>b) Nulo.&nbsp;<\/strong><\/p>\n\n\n\n<p><strong>c)Inexistente.&nbsp;<\/strong><\/p>\n\n\n\n<p><strong>d)Anul\u00e1vel.&nbsp;<\/strong><\/p>\n\n\n\n<p><strong>e) Ineficaz.<\/strong><\/p>\n\n\n\n<p><strong>Coment\u00e1rios<\/strong><\/p>\n\n\n\n<p>A alternativa correta \u00e9 a <strong>letra D<\/strong>.<\/p>\n\n\n\n<p>A quest\u00e3o trata da representa\u00e7\u00e3o nos neg\u00f3cios jur\u00eddicos, disciplinada nos arts. 115 a 120 do C\u00f3digo Civil.&nbsp;<\/p>\n\n\n\n<p>A situa\u00e7\u00e3o se refere a neg\u00f3cio jur\u00eddico que conflita com os interesses do representado, a respeito de fato do qual a pessoa com quem o representante tratou devia ter conhecimento.&nbsp;<\/p>\n\n\n\n<p>Trata-se de hip\u00f3tese integralmente regulada pelo art. 119 do C\u00f3digo Civil, segundo o qual: \u201c\u00c9 anul\u00e1vel o neg\u00f3cio conclu\u00eddo pelo representante em conflito de interesses com o representado, se tal fato era ou devia ser do conhecimento de quem com aquele tratou\u201d.<\/p>\n\n\n\n<p>Assim, em sendo expressa a previs\u00e3o de anulabilidade do referido neg\u00f3cio jur\u00eddico, depreende-se que a \u00fanica alternativa correta \u00e9 a letra D.<\/p>\n\n\n\n<p><strong>QUEST\u00c3O 56. Assinale a op\u00e7\u00e3o que indica o prazo m\u00ednimo, a partir da pr\u00e1tica do ato interruptivo, durante o qual a prescri\u00e7\u00e3o em favor da fazenda p\u00fablica recome\u00e7a a correr.<\/strong><\/p>\n\n\n\n<p><strong>a) Um ano e meio.<\/strong><\/p>\n\n\n\n<p><strong>b) Cinco anos.<\/strong><\/p>\n\n\n\n<p><strong>c) Tr\u00eas anos.&nbsp;<\/strong><\/p>\n\n\n\n<p><strong>d) Dois anos e meio.&nbsp;<\/strong><\/p>\n\n\n\n<p><strong>e) Dois anos.&nbsp;<\/strong><\/p>\n\n\n\n<p><strong>Coment\u00e1rios.&nbsp;<\/strong><\/p>\n\n\n\n<p>A alternativa correta \u00e9 a <strong>letra D<\/strong>.<\/p>\n\n\n\n<p>A quest\u00e3o trata do prazo prescricional m\u00ednimo que deve se contar em favor da Fazenda P\u00fablica, a partir de ato interruptivo referente \u00e0 demanda contra a Uni\u00e3o, Estados e Munic\u00edpios.<\/p>\n\n\n\n<p>Muito embora, nas rela\u00e7\u00f5es jur\u00eddicas em geral, o ato interruptivo devolve integralmente ao credor o prazo prescricional, que se reiniciar\u00e1 a partir de ent\u00e3o (art. 202, par\u00e1grafo \u00fanico, do C\u00f3digo Civil), quando a Fazenda P\u00fablica figure como devedora, caso o prazo prescricional para ajuizamento da a\u00e7\u00e3o venha a ser interrompido, ser\u00e1 devolvido ao credor apenas dois anos e meio.<\/p>\n\n\n\n<p>Trata-se de conte\u00fado extra\u00eddo do art. 9\u00ba do Decreto 20.910\/32: \u201cA prescri\u00e7\u00e3o interrompida recome\u00e7a a correr, pela metade do prazo, da data do ato que a interrompeu ou do \u00faltimo ato ou termo do respectivo processo\u201d.<\/p>\n\n\n\n<p>Al\u00e9m disso, disp\u00f5e a S\u00famula 383 do STF: \u201cA prescri\u00e7\u00e3o em favor da Fazenda P\u00fablica recome\u00e7a a correr, por dois anos e meio, a partir do ato interruptivo, mas n\u00e3o fica reduzida aqu\u00e9m de cinco anos, embora o titular do direito a interrompa durante a primeira metade do prazo\u201d.<\/p>\n\n\n\n<p>Diante do exposto, a \u00fanica alternativa correta \u00e9 a letra D.&nbsp;<\/p>\n\n\n\n<p><strong>QUEST\u00c3O 57. Assinale a op\u00e7\u00e3o que apresenta o princ\u00edpio ou instituto jur\u00eddico incidente no julgamento de recurso especial interposto contra decis\u00e3o exarada ainda na vig\u00eancia do CPC de 1973 que atraia as regras de cabimento e demais pressupostos de admissibilidade da legisla\u00e7\u00e3o processual civil j\u00e1 revogada, apesar de o julgamento ocorrer sob a \u00e9gide do CPC de 2015.<\/strong><\/p>\n\n\n\n<p><strong>a) Singularidade recursal.&nbsp;<\/strong><\/p>\n\n\n\n<p><strong>b) Ultratividade.&nbsp;<\/strong><\/p>\n\n\n\n<p><strong>c) Aplica\u00e7\u00e3o da norma mais favor\u00e1vel.&nbsp;<\/strong><\/p>\n\n\n\n<p><strong>d) Veda\u00e7\u00e3o da <em>reformatio in pejus<\/em>.<\/strong><\/p>\n\n\n\n<p><strong>e) Seguran\u00e7a jur\u00eddica.&nbsp;<\/strong><strong><\/strong><\/p>\n\n\n\n<p><strong>Coment\u00e1rios.&nbsp;<\/strong><\/p>\n\n\n\n<p>A alternativa correta \u00e9 a <strong>letra B<\/strong>.<\/p>\n\n\n\n<p>A quest\u00e3o trata da produ\u00e7\u00e3o dos efeitos de normas no ordenamento brasileiro.<\/p>\n\n\n\n<p>Em regra, uma norma passa a produzir efeitos desde a sua vig\u00eancia, nos termos do art. 6\u00ba da Lei de Introdu\u00e7\u00e3o \u00e0s Normas do Direito Brasileiro (LINDB): \u201cA Lei em vigor ter\u00e1 efeito imediato e geral, respeitados o ato jur\u00eddico perfeito, o direito adquirido e a coisa julgada\u201d.&nbsp;&nbsp;&nbsp;&nbsp;&nbsp;&nbsp;&nbsp;&nbsp;<\/p>\n\n\n\n<p>Al\u00e9m disso, a entrada em vigor de uma lei nova revoga a lei anterior, nos seguintes termos: \u201cA lei posterior revoga a anterior quando expressamente o declare, quando seja com ela incompat\u00edvel ou quando regule inteiramente a mat\u00e9ria de que tratava a lei anterior\u201d (art. 2\u00ba, \u00a7 1\u00ba, da LINDB).<\/p>\n\n\n\n<p>No entanto, em algumas situa\u00e7\u00f5es, muito embora haja uma norma nova em vigor, cujos efeitos est\u00e3o surtindo normalmente, admite-se que norma anterior produza efeitos em momento posterior \u00e0 sua revoga\u00e7\u00e3o. Trata-se da ultratividade, segundo a qual h\u00e1 a prolonga\u00e7\u00e3o dos efeitos de uma norma para al\u00e9m do prazo de sua vig\u00eancia.<\/p>\n\n\n\n<p>Referido fen\u00f4meno \u00e9 pass\u00edvel de aplica\u00e7\u00e3o, conforme entendimento fixado pelo STJ, em situa\u00e7\u00e3o em que h\u00e1 a publica\u00e7\u00e3o de senten\u00e7a sob a \u00e9gide do CPC\/73, devendo o seu respectivo recurso observar as regras do antigo diploma processual no que tange ao seu processamento e pressupostos de admissibilidade, a despeito da vig\u00eancia do CPC\/15.&nbsp;<\/p>\n\n\n\n<p>Nestes termos: \u201cA decis\u00e3o recorrida foi publicada sob a \u00e9gide da legisla\u00e7\u00e3o processual civil anterior. Por isso, em rela\u00e7\u00e3o ao cabimento, processamento e pressupostos de admissibilidade dos recursos, observam-se as regras do C\u00f3digo de Processo Civil de 1973, diante do fen\u00f4meno da ultratividade e do Enunciado Administrativo n. 2 do Superior Tribunal de Justi\u00e7a\u201d (STJ, AgInt no AREsp 1220398\/SP, Min. Rel. Francisco Falc\u00e3o, julgado em 01\/12\/2020).<\/p>\n\n\n\n<p>Nestes termos, depreende-se que a \u00fanica alternativa correta \u00e9 a letra B.&nbsp;&nbsp;&nbsp;&nbsp;&nbsp;<\/p>\n\n\n\n<p><strong>QUEST\u00c3O 58. Nos termos da Lei n<\/strong><strong><sup>o<\/sup><\/strong><strong> 9.610\/1998, que versa sobre direito autorais, s\u00e3o obras intelectuais protegidas<\/strong><\/p>\n\n\n\n<p><strong>I&nbsp; esbo\u00e7os concernentes \u00e0 topografia.<\/strong><\/p>\n\n\n\n<p><strong>II confer\u00eancias.<\/strong><\/p>\n\n\n\n<p><strong>III serm\u00f5es.&nbsp;<\/strong><\/p>\n\n\n\n<p><strong>IV programas de computador.&nbsp;<\/strong><\/p>\n\n\n\n<p><strong>V alocu\u00e7\u00f5es.<\/strong><\/p>\n\n\n\n<p><strong>Assinale a op\u00e7\u00e3o correta.<\/strong><\/p>\n\n\n\n<p><strong>a) Apenas os itens I e V est\u00e3o certos.&nbsp;<\/strong><\/p>\n\n\n\n<p><strong>b) Apenas os itens II e III est\u00e3o certos.&nbsp;<\/strong><\/p>\n\n\n\n<p><strong>c) Apenas os itens I, IV e V est\u00e3o certos.&nbsp;<\/strong><\/p>\n\n\n\n<p><strong>d) Apenas os itens II, III e IV est\u00e3o certos.&nbsp;<\/strong><\/p>\n\n\n\n<p><strong>e) Todos os itens est\u00e3o certos.<\/strong><\/p>\n\n\n\n<p><strong>Coment\u00e1rios.&nbsp;<\/strong><\/p>\n\n\n\n<p>A alternativa correta \u00e9 a <strong>letra E<\/strong>.<\/p>\n\n\n\n<p>O item I est\u00e1 correto, pelo fato de os esbo\u00e7os concernentes \u00e0 topografia serem enquadrados como obras intelectuais protegidas, nos termos do art. 7\u00ba, inc. X, da Lei n<sup>o<\/sup> 9.610\/1998: \u201cS\u00e3o obras intelectuais protegidas as cria\u00e7\u00f5es do esp\u00edrito, expressas por qualquer meio ou fixadas em qualquer suporte, tang\u00edvel ou intang\u00edvel, conhecido ou que se invente no futuro, tais como: (&#8230;) X &#8211; os projetos, esbo\u00e7os e obras pl\u00e1sticas concernentes \u00e0 geografia, engenharia, topografia, arquitetura, paisagismo, cenografia e ci\u00eancia\u201d.&nbsp;<\/p>\n\n\n\n<p>O item II est\u00e1 correto, pelo fato de as confer\u00eancias serem enquadradas como obras intelectuais protegidas, nos termos do art. 7\u00ba, inc. II, da Lei n<sup>o<\/sup> 9.610\/1998: \u201cS\u00e3o obras intelectuais protegidas as cria\u00e7\u00f5es do esp\u00edrito, expressas por qualquer meio ou fixadas em qualquer suporte, tang\u00edvel ou intang\u00edvel, conhecido ou que se invente no futuro, tais como: (&#8230;) II &#8211; as confer\u00eancias, alocu\u00e7\u00f5es, serm\u00f5es e outras obras da mesma natureza\u201d.&nbsp;<\/p>\n\n\n\n<p>O item III est\u00e1 correto, pelo fato de os serm\u00f5es serem enquadrados como obras intelectuais protegidas, nos termos do art. 7\u00ba, inc. II, da Lei n<sup>o<\/sup> 9.610\/1998: \u201cS\u00e3o obras intelectuais protegidas as cria\u00e7\u00f5es do esp\u00edrito, expressas por qualquer meio ou fixadas em qualquer suporte, tang\u00edvel ou intang\u00edvel, conhecido ou que se invente no futuro, tais como: (&#8230;) II &#8211; as confer\u00eancias, alocu\u00e7\u00f5es, serm\u00f5es e outras obras da mesma natureza\u201d.&nbsp;<\/p>\n\n\n\n<p>O item IV est\u00e1 correto, pelo fato de os programas de computador serem enquadrados como obras intelectuais protegidas, nos termos do art. 7\u00ba, inc. XII, da Lei n<sup>o<\/sup> 9.610\/1998: \u201cS\u00e3o obras intelectuais protegidas as cria\u00e7\u00f5es do esp\u00edrito, expressas por qualquer meio ou fixadas em qualquer suporte, tang\u00edvel ou intang\u00edvel, conhecido ou que se invente no futuro, tais como: (&#8230;) XII &#8211; os programas de computador\u201d.<\/p>\n\n\n\n<p>O item V est\u00e1 correto, pelo fato de as alocu\u00e7\u00f5es serem enquadradas como obras intelectuais protegidas, nos termos do art. 7\u00ba, inc. II, da Lei n<sup>o<\/sup> 9.610\/1998: \u201cS\u00e3o obras intelectuais protegidas as cria\u00e7\u00f5es do esp\u00edrito, expressas por qualquer meio ou fixadas em qualquer suporte, tang\u00edvel ou intang\u00edvel, conhecido ou que se invente no futuro, tais como: (&#8230;) II &#8211; as confer\u00eancias, alocu\u00e7\u00f5es, serm\u00f5es e outras obras da mesma natureza\u201d.&nbsp;<\/p>\n\n\n\n<p>Considerando que todos os itens est\u00e3o corretos, depreende-se que a alternativa correta \u00e9 a letra E.&nbsp;<\/p>\n\n\n\n<p><strong>QUEST\u00c3O 59. Determinada cidade do interior do estado do Rio Grande do Sul \u00e9 mundialmente conhecida como a cidade dos g\u00eameos. Um \u00f3rg\u00e3o oficial realizou uma pesquisa para apurar a raz\u00e3o pela qual os nascimentos gemelares ocorrem em maior propor\u00e7\u00e3o naquela localidade. Na pesquisa, a popula\u00e7\u00e3o local respondeu a diversos questionamentos, inclusive referentes a ra\u00e7a e orienta\u00e7\u00e3o sexual.<\/strong><\/p>\n\n\n\n<p><strong>Em rela\u00e7\u00e3o a essa situa\u00e7\u00e3o hipot\u00e9tica, assinale a op\u00e7\u00e3o correta segundo a Lei n<\/strong><strong><sup>o<\/sup><\/strong><strong> 13.709\/2018 (Lei Geral de Prote\u00e7\u00e3o de Dados &#8211; LGPD).<\/strong><\/p>\n\n\n\n<p><strong>a) O \u00f3rg\u00e3o poder\u00e1 realizar o tratamento dos dados fornecidos na pesquisa, desde que o respectivo titular forne\u00e7a termo de consentimento por escrito, uma vez que est\u00e3o em pauta dados pessoais sens\u00edveis.&nbsp;<\/strong><\/p>\n\n\n\n<p><strong>b) O \u00f3rg\u00e3o poder\u00e1 realizar o tratamento de dados pessoais sens\u00edveis, sendo obrigat\u00f3ria a anonimiza\u00e7\u00e3o dos titulares dos dados.<\/strong><\/p>\n\n\n\n<p><strong>c) O \u00f3rg\u00e3o n\u00e3o poder\u00e1 realizar o tratamento de dados pessoais sens\u00edveis, mas apenas o tratamento de dados pessoais, nos termos da LGPD.<\/strong><\/p>\n\n\n\n<p><strong>d) O \u00f3rg\u00e3o poder\u00e1 realizar o tratamento de dados pessoais sens\u00edveis, independentemente do consentimento do titular, garantida, sempre que poss\u00edvel, a sua anonimiza\u00e7\u00e3o.<\/strong><\/p>\n\n\n\n<p><strong>e) A pesquisa n\u00e3o envolve dados pessoais sens\u00edveis, mas apenas dados pessoais, raz\u00e3o pela qual n\u00e3o h\u00e1 que se falar em impossibilidade de tratamento dos dados coletados.<\/strong><strong><\/strong><\/p>\n\n\n\n<p><strong>Coment\u00e1rios<\/strong><\/p>\n\n\n\n<p>A alternativa correta \u00e9 a <strong>letra A<\/strong>.<\/p>\n\n\n\n<p>A quest\u00e3o trata do regime de tratamento de dados sens\u00edveis, previsto no 13.709\/2018 (Lei Geral de Prote\u00e7\u00e3o de Dados &#8211; LGPD).<\/p>\n\n\n\n<p>Inicialmente, deve-se destacar que os dados atinentes \u00e0 ra\u00e7a e orienta\u00e7\u00e3o sexual s\u00e3o considerados sens\u00edveis, nos termos do art. 5\u00ba, inc. II, da LGPD: \u201cPara os fins desta Lei, considera-se: (&#8230;) II &#8211; dado pessoal sens\u00edvel: dado pessoal sobre origem racial ou \u00e9tnica, convic\u00e7\u00e3o religiosa, opini\u00e3o pol\u00edtica, filia\u00e7\u00e3o a sindicato ou a organiza\u00e7\u00e3o de car\u00e1ter religioso, filos\u00f3fico ou pol\u00edtico, dado referente \u00e0 sa\u00fade ou \u00e0 vida sexual, dado gen\u00e9tico ou biom\u00e9trico, quando vinculado a uma pessoa natural\u201d.<\/p>\n\n\n\n<p>Referida informa\u00e7\u00e3o \u00e9 importante, na medida em que determina a aplica\u00e7\u00e3o de um regime de tratamento de dados mais r\u00edgido quando em compara\u00e7\u00e3o com os demais dados pessoais.&nbsp;<\/p>\n\n\n\n<p>Nestes termos, tem-se:&nbsp;<\/p>\n\n\n\n<p>A alternativa A est\u00e1 correta, uma vez que o tratamento dos dados sens\u00edveis requer, em regra, o consentimento do seu titular ou respons\u00e1vel legal, conforme disp\u00f5e o art. 11, inc. I, da LGPD: \u201cO tratamento de dados pessoais sens\u00edveis somente poder\u00e1 ocorrer nas seguintes hip\u00f3teses: I &#8211; quando o titular ou seu respons\u00e1vel legal consentir, de forma espec\u00edfica e destacada, para finalidades espec\u00edficas\u201d.&nbsp;<\/p>\n\n\n\n<p>A alternativa B est\u00e1 incorreta, uma vez que o tratamento dos dados sens\u00edveis \u00e9 feito de forma restritiva \u2013 e n\u00e3o genericamente tal qual afirmado na assertiva -, devendo-se observar, para tanto, as seguintes exig\u00eancias: o consentimento, em regra, do titular dos dados, conforme art. 11, inc. I, da LGPD; a dispensa do referido consentimento t\u00e3o somente quando verificadas as hip\u00f3teses taxativamente previstas no art. art. 11, inc. II, da LGPD.&nbsp;<\/p>\n\n\n\n<p>A alternativa C est\u00e1 incorreta, pois se admite o tratamento de dados sens\u00edveis, muito embora nos limites do art. 11 da LGPD.&nbsp;<\/p>\n\n\n\n<p>A alternativa D est\u00e1 incorreta, na medida em que o tratamento de dados sens\u00edveis independe do consentimento do titular apenas e t\u00e3o somente nas hip\u00f3teses previstas no art. 11, inc. II, da LGPD, segundo o qual: \u201cO tratamento de dados pessoais sens\u00edveis somente poder\u00e1 ocorrer nas seguintes hip\u00f3teses: (&#8230;) II &#8211; sem fornecimento de consentimento do titular, nas hip\u00f3teses em que for indispens\u00e1vel para: a) cumprimento de obriga\u00e7\u00e3o legal ou regulat\u00f3ria pelo controlador; b) tratamento compartilhado de dados necess\u00e1rios \u00e0 execu\u00e7\u00e3o, pela administra\u00e7\u00e3o p\u00fablica, de pol\u00edticas p\u00fablicas previstas em leis ou regulamentos; c) realiza\u00e7\u00e3o de estudos por \u00f3rg\u00e3o de pesquisa, garantida, sempre que poss\u00edvel, a anonimiza\u00e7\u00e3o dos dados pessoais sens\u00edveis; d) exerc\u00edcio regular de direitos, inclusive em contrato e em processo judicial, administrativo e arbitral, este \u00faltimo nos termos da Lei n\u00ba 9.307, de 23 de setembro de 1996 (Lei de Arbitragem); e) prote\u00e7\u00e3o da vida ou da incolumidade f\u00edsica do titular ou de terceiro; f) tutela da sa\u00fade, exclusivamente, em procedimento realizado por profissionais de sa\u00fade, servi\u00e7os de sa\u00fade ou autoridade sanit\u00e1ria; ou&nbsp;g) garantia da preven\u00e7\u00e3o \u00e0 fraude e \u00e0 seguran\u00e7a do titular, nos processos de identifica\u00e7\u00e3o e autentica\u00e7\u00e3o de cadastro em sistemas eletr\u00f4nicos, resguardados os direitos mencionados no art. 9\u00ba desta Lei e exceto no caso de prevalecerem direitos e liberdades fundamentais do titular que exijam a prote\u00e7\u00e3o dos dados pessoais\u201d.&nbsp;&nbsp;&nbsp;&nbsp;&nbsp;<\/p>\n\n\n\n<p>A alternativa E est\u00e1 incorreta, na&nbsp;medida em que a pesquisa diz respeito a dados pessoais sens\u00edveis, nos termos do art. 5\u00ba, inc. II, da LGPD, supracitado.&nbsp;<\/p>\n\n\n\n<h3 id=\"acesse-todo-o-conteudo-da-prova-em-gabarito-extraoficial-pgfn\" class=\"wp-block-heading has-cyan-bluish-gray-background-color has-background\"><strong>Acesse todo o conte\u00fado da Prova em:&nbsp;<\/strong><a href=\"https:\/\/cj.estrategia.com\/portal\/gabarito-extraoficial-procurador-da-fazenda-nacional-pfn-agu\/\" target=\"_blank\" >Gabarito Extraoficial PGFN<\/a><\/h3>\n\n\n\n<p class=\"has-text-align-center has-luminous-vivid-amber-background-color has-background has-medium-font-size\"><strong>Saiba mais: <a href=\"https:\/\/cj.estrategia.com\/portal\/concurso-pgfn\/\" target=\"_blank\" >concurso PGFN<\/a><\/strong><\/p>\n\n\n\n<h2 class=\"wp-block-heading has-text-align-center\" id=\"cursos-ficha\"><span id=\"quer-estudar-para-concursos-de-direito\">Quer estudar para Concursos de Direito?<\/span><\/h2>\n\n\n\n<p>O Estrat\u00e9gia Carreira Jur\u00eddica \u00e9 campe\u00e3o de aprova\u00e7\u00f5es nos concursos para Carreiras Jur\u00eddicas com um corpo docente qualificado e materiais completos. Conhe\u00e7a nossos cursos e garanta sua aprova\u00e7\u00e3o:<\/p>\n\n\n\n<div class=\"wp-block-cover\" style=\"min-height:142px;aspect-ratio:unset;\"><span aria-hidden=\"true\" class=\"wp-block-cover__background has-background-dim\"><\/span><img decoding=\"async\" width=\"1890\" height=\"351\" class=\"wp-block-cover__image-background wp-image-8669\" alt=\"assinatura carreira jur\u00eddica\" src=\"https:\/\/cj.estrategia.com\/portal\/wp-content\/uploads\/2022\/06\/20151253\/concurso-carreiras-juridicas-assinatura-juridica.jpg\" style=\"object-position:75% 40%\" data-object-fit=\"cover\" data-object-position=\"75% 40%\" srcset=\"https:\/\/cj.estrategia.com\/portal\/wp-content\/uploads\/2022\/06\/20151253\/concurso-carreiras-juridicas-assinatura-juridica.jpg 1890w, https:\/\/cj.estrategia.com\/portal\/wp-content\/uploads\/2022\/06\/20151253\/concurso-carreiras-juridicas-assinatura-juridica-300x56.jpg 300w, https:\/\/cj.estrategia.com\/portal\/wp-content\/uploads\/2022\/06\/20151253\/concurso-carreiras-juridicas-assinatura-juridica-1024x190.jpg 1024w, https:\/\/cj.estrategia.com\/portal\/wp-content\/uploads\/2022\/06\/20151253\/concurso-carreiras-juridicas-assinatura-juridica-768x143.jpg 768w, https:\/\/cj.estrategia.com\/portal\/wp-content\/uploads\/2022\/06\/20151253\/concurso-carreiras-juridicas-assinatura-juridica-1536x285.jpg 1536w, https:\/\/cj.estrategia.com\/portal\/wp-content\/uploads\/2022\/06\/20151253\/concurso-carreiras-juridicas-assinatura-juridica-380x71.jpg 380w, https:\/\/cj.estrategia.com\/portal\/wp-content\/uploads\/2022\/06\/20151253\/concurso-carreiras-juridicas-assinatura-juridica-800x149.jpg 800w, https:\/\/cj.estrategia.com\/portal\/wp-content\/uploads\/2022\/06\/20151253\/concurso-carreiras-juridicas-assinatura-juridica-1160x215.jpg 1160w\" sizes=\"(max-width: 1890px) 100vw, 1890px\" \/><div class=\"wp-block-cover__inner-container is-layout-flow wp-block-cover-is-layout-flow\">\n<h3 id=\"assinatura-juridica\" class=\"titulo-assinatura\">Assinatura Jur\u00eddica <\/h3>\n<p class=\"subtitulo-assinatura\" style=\"display:block!important; line-height: 0;\">Conhe\u00e7a os planos<\/p>\n<a target=\"_blank\" href=\"https:\/\/www.estrategiaconcursos.com.br\/assinaturas-ecj\/\" rel=\"noopener\"><button style=\"border-radius: 10px; text-transform: capitalize;\">Acessar<\/button><\/a>\n<\/div><\/div>\n","protected":false},"excerpt":{"rendered":"Ol\u00e1, pessoal, tudo certo?! Em 21\/05\/2023, foi aplicada a prova objetiva do concurso p\u00fablico para Procurador da Fazenda&hellip;\n","protected":false},"author":12,"featured_media":20853,"comment_status":"open","ping_status":"open","sticky":false,"template":"","format":"standard","meta":{"_jetpack_memberships_contains_paid_content":false,"footnotes":""},"categories":[1,24],"tags":[],"tax_estado":[36],"class_list":{"0":"post-37011","1":"post","2":"type-post","3":"status-publish","4":"format-standard","5":"has-post-thumbnail","7":"category-carreiras-juridicas","8":"category-procuradoria","9":"tax_estado-concursos-federais"},"acf":[],"yoast_head":"<!-- This site is optimized with the Yoast SEO Premium plugin v27.4 (Yoast SEO v27.4) - https:\/\/yoast.com\/product\/yoast-seo-premium-wordpress\/ -->\n<title>Prova comentada Direito Civil PGFN<\/title>\n<meta name=\"description\" content=\"Prova comentada Direito Civil PGFN: Confira seu desempenho na prova e saia na frente com essa grande oportunidade!\" \/>\n<meta name=\"robots\" content=\"index, follow, max-snippet:-1, max-image-preview:large, max-video-preview:-1\" \/>\n<link rel=\"canonical\" href=\"https:\/\/cj.estrategia.com\/portal\/prova-comentada-direito-civil-pgfn\/\" \/>\n<meta property=\"og:locale\" content=\"pt_BR\" \/>\n<meta property=\"og:type\" content=\"article\" \/>\n<meta property=\"og:title\" content=\"Prova comentada Direito Civil PGFN\" \/>\n<meta property=\"og:description\" content=\"Prova comentada Direito Civil PGFN: Confira seu desempenho na prova e saia na frente com essa grande oportunidade!\" \/>\n<meta property=\"og:url\" content=\"https:\/\/cj.estrategia.com\/portal\/prova-comentada-direito-civil-pgfn\/\" \/>\n<meta property=\"og:site_name\" content=\"Blog - Carreiras Jur\u00eddicas - Estrat\u00e9gia\" \/>\n<meta property=\"article:publisher\" content=\"https:\/\/www.facebook.com\/estrategiacarreirajuridica\/\" \/>\n<meta property=\"article:published_time\" content=\"2023-05-22T19:13:29+00:00\" \/>\n<meta property=\"article:modified_time\" content=\"2023-05-22T19:13:32+00:00\" \/>\n<meta property=\"og:image\" content=\"https:\/\/cj.estrategia.com\/portal\/wp-content\/uploads\/2022\/09\/04111503\/PROCURADOR-DA-FAZENDA-NACIONAL-PGFN.jpg\" \/>\n\t<meta property=\"og:image:width\" content=\"768\" \/>\n\t<meta property=\"og:image:height\" content=\"432\" \/>\n\t<meta property=\"og:image:type\" content=\"image\/jpeg\" \/>\n<meta name=\"author\" content=\"Coordena\u00e7\u00e3o\" \/>\n<meta name=\"twitter:card\" content=\"summary_large_image\" \/>\n<meta name=\"twitter:creator\" content=\"@EstratJuridica\" \/>\n<meta name=\"twitter:site\" content=\"@EstratJuridica\" \/>\n<meta name=\"twitter:label1\" content=\"Escrito por\" \/>\n\t<meta name=\"twitter:data1\" content=\"Coordena\u00e7\u00e3o\" \/>\n\t<meta name=\"twitter:label2\" content=\"Est. tempo de leitura\" \/>\n\t<meta name=\"twitter:data2\" content=\"13 minutos\" \/>\n<script type=\"application\/ld+json\" class=\"yoast-schema-graph\">{\"@context\":\"https:\\\/\\\/schema.org\",\"@graph\":[{\"@type\":\"NewsArticle\",\"@id\":\"https:\\\/\\\/cj.estrategia.com\\\/portal\\\/prova-comentada-direito-civil-pgfn\\\/#article\",\"isPartOf\":{\"@id\":\"https:\\\/\\\/cj.estrategia.com\\\/portal\\\/prova-comentada-direito-civil-pgfn\\\/\"},\"author\":{\"name\":\"Coordena\u00e7\u00e3o\",\"@id\":\"https:\\\/\\\/cj.estrategia.com\\\/portal\\\/#\\\/schema\\\/person\\\/4d70317d31449932b99102916b6637f5\"},\"headline\":\"Prova comentada Direito Civil PGFN\",\"datePublished\":\"2023-05-22T19:13:29+00:00\",\"dateModified\":\"2023-05-22T19:13:32+00:00\",\"mainEntityOfPage\":{\"@id\":\"https:\\\/\\\/cj.estrategia.com\\\/portal\\\/prova-comentada-direito-civil-pgfn\\\/\"},\"wordCount\":2535,\"commentCount\":0,\"publisher\":{\"@id\":\"https:\\\/\\\/cj.estrategia.com\\\/portal\\\/#organization\"},\"image\":{\"@id\":\"https:\\\/\\\/cj.estrategia.com\\\/portal\\\/prova-comentada-direito-civil-pgfn\\\/#primaryimage\"},\"thumbnailUrl\":\"https:\\\/\\\/cj.estrategia.com\\\/portal\\\/wp-content\\\/uploads\\\/2022\\\/09\\\/04111503\\\/PROCURADOR-DA-FAZENDA-NACIONAL-PGFN.jpg\",\"articleSection\":[\"Carreiras Jur\u00eddicas\",\"Procuradoria\"],\"inLanguage\":\"pt-BR\",\"potentialAction\":[{\"@type\":\"CommentAction\",\"name\":\"Comment\",\"target\":[\"https:\\\/\\\/cj.estrategia.com\\\/portal\\\/prova-comentada-direito-civil-pgfn\\\/#respond\"]}]},{\"@type\":\"WebPage\",\"@id\":\"https:\\\/\\\/cj.estrategia.com\\\/portal\\\/prova-comentada-direito-civil-pgfn\\\/\",\"url\":\"https:\\\/\\\/cj.estrategia.com\\\/portal\\\/prova-comentada-direito-civil-pgfn\\\/\",\"name\":\"Prova comentada Direito Civil PGFN\",\"isPartOf\":{\"@id\":\"https:\\\/\\\/cj.estrategia.com\\\/portal\\\/#website\"},\"primaryImageOfPage\":{\"@id\":\"https:\\\/\\\/cj.estrategia.com\\\/portal\\\/prova-comentada-direito-civil-pgfn\\\/#primaryimage\"},\"image\":{\"@id\":\"https:\\\/\\\/cj.estrategia.com\\\/portal\\\/prova-comentada-direito-civil-pgfn\\\/#primaryimage\"},\"thumbnailUrl\":\"https:\\\/\\\/cj.estrategia.com\\\/portal\\\/wp-content\\\/uploads\\\/2022\\\/09\\\/04111503\\\/PROCURADOR-DA-FAZENDA-NACIONAL-PGFN.jpg\",\"datePublished\":\"2023-05-22T19:13:29+00:00\",\"dateModified\":\"2023-05-22T19:13:32+00:00\",\"description\":\"Prova comentada Direito Civil PGFN: Confira seu desempenho na prova e saia na frente com essa grande oportunidade!\",\"breadcrumb\":{\"@id\":\"https:\\\/\\\/cj.estrategia.com\\\/portal\\\/prova-comentada-direito-civil-pgfn\\\/#breadcrumb\"},\"inLanguage\":\"pt-BR\",\"potentialAction\":[{\"@type\":\"ReadAction\",\"target\":[\"https:\\\/\\\/cj.estrategia.com\\\/portal\\\/prova-comentada-direito-civil-pgfn\\\/\"]}]},{\"@type\":\"ImageObject\",\"inLanguage\":\"pt-BR\",\"@id\":\"https:\\\/\\\/cj.estrategia.com\\\/portal\\\/prova-comentada-direito-civil-pgfn\\\/#primaryimage\",\"url\":\"https:\\\/\\\/cj.estrategia.com\\\/portal\\\/wp-content\\\/uploads\\\/2022\\\/09\\\/04111503\\\/PROCURADOR-DA-FAZENDA-NACIONAL-PGFN.jpg\",\"contentUrl\":\"https:\\\/\\\/cj.estrategia.com\\\/portal\\\/wp-content\\\/uploads\\\/2022\\\/09\\\/04111503\\\/PROCURADOR-DA-FAZENDA-NACIONAL-PGFN.jpg\",\"width\":768,\"height\":432,\"caption\":\"Prova comentada\"},{\"@type\":\"BreadcrumbList\",\"@id\":\"https:\\\/\\\/cj.estrategia.com\\\/portal\\\/prova-comentada-direito-civil-pgfn\\\/#breadcrumb\",\"itemListElement\":[{\"@type\":\"ListItem\",\"position\":1,\"name\":\"In\u00edcio\",\"item\":\"https:\\\/\\\/cj.estrategia.com\\\/portal\\\/\"},{\"@type\":\"ListItem\",\"position\":2,\"name\":\"Prova comentada Direito Civil PGFN\"}]},{\"@type\":\"WebSite\",\"@id\":\"https:\\\/\\\/cj.estrategia.com\\\/portal\\\/#website\",\"url\":\"https:\\\/\\\/cj.estrategia.com\\\/portal\\\/\",\"name\":\"Blog - Carreiras Jur\u00eddicas - Estrat\u00e9gia\",\"description\":\"\",\"publisher\":{\"@id\":\"https:\\\/\\\/cj.estrategia.com\\\/portal\\\/#organization\"},\"potentialAction\":[{\"@type\":\"SearchAction\",\"target\":{\"@type\":\"EntryPoint\",\"urlTemplate\":\"https:\\\/\\\/cj.estrategia.com\\\/portal\\\/?s={search_term_string}\"},\"query-input\":{\"@type\":\"PropertyValueSpecification\",\"valueRequired\":true,\"valueName\":\"search_term_string\"}}],\"inLanguage\":\"pt-BR\"},{\"@type\":\"Organization\",\"@id\":\"https:\\\/\\\/cj.estrategia.com\\\/portal\\\/#organization\",\"name\":\"Estrat\u00e9gia - Carreiras Jur\u00eddicas\",\"url\":\"https:\\\/\\\/cj.estrategia.com\\\/portal\\\/\",\"logo\":{\"@type\":\"ImageObject\",\"inLanguage\":\"pt-BR\",\"@id\":\"https:\\\/\\\/cj.estrategia.com\\\/portal\\\/#\\\/schema\\\/logo\\\/image\\\/\",\"url\":\"https:\\\/\\\/cj.estrategia.com\\\/portal\\\/wp-content\\\/uploads\\\/2022\\\/03\\\/11151052\\\/cj-logo.png\",\"contentUrl\":\"https:\\\/\\\/cj.estrategia.com\\\/portal\\\/wp-content\\\/uploads\\\/2022\\\/03\\\/11151052\\\/cj-logo.png\",\"width\":150,\"height\":39,\"caption\":\"Estrat\u00e9gia - Carreiras Jur\u00eddicas\"},\"image\":{\"@id\":\"https:\\\/\\\/cj.estrategia.com\\\/portal\\\/#\\\/schema\\\/logo\\\/image\\\/\"},\"sameAs\":[\"https:\\\/\\\/www.facebook.com\\\/estrategiacarreirajuridica\\\/\",\"https:\\\/\\\/x.com\\\/EstratJuridica\",\"https:\\\/\\\/www.instagram.com\\\/estrategiacarreirajuridica\\\/\",\"https:\\\/\\\/www.youtube.com\\\/channel\\\/UClbMGuYbj2Mh1m3w144ETWQ\"]},{\"@type\":\"Person\",\"@id\":\"https:\\\/\\\/cj.estrategia.com\\\/portal\\\/#\\\/schema\\\/person\\\/4d70317d31449932b99102916b6637f5\",\"name\":\"Coordena\u00e7\u00e3o\",\"image\":{\"@type\":\"ImageObject\",\"inLanguage\":\"pt-BR\",\"@id\":\"https:\\\/\\\/cj.estrategia.com\\\/portal\\\/wp-content\\\/uploads\\\/2022\\\/05\\\/12164923\\\/estrategia-carreira-juridica-coordenacao-96x96.png\",\"url\":\"https:\\\/\\\/cj.estrategia.com\\\/portal\\\/wp-content\\\/uploads\\\/2022\\\/05\\\/12164923\\\/estrategia-carreira-juridica-coordenacao-96x96.png\",\"contentUrl\":\"https:\\\/\\\/cj.estrategia.com\\\/portal\\\/wp-content\\\/uploads\\\/2022\\\/05\\\/12164923\\\/estrategia-carreira-juridica-coordenacao-96x96.png\",\"caption\":\"Coordena\u00e7\u00e3o\"},\"url\":\"https:\\\/\\\/cj.estrategia.com\\\/portal\\\/author\\\/coordenacao\\\/\"}]}<\/script>\n<!-- \/ Yoast SEO Premium plugin. -->","yoast_head_json":{"title":"Prova comentada Direito Civil PGFN","description":"Prova comentada Direito Civil PGFN: Confira seu desempenho na prova e saia na frente com essa grande oportunidade!","robots":{"index":"index","follow":"follow","max-snippet":"max-snippet:-1","max-image-preview":"max-image-preview:large","max-video-preview":"max-video-preview:-1"},"canonical":"https:\/\/cj.estrategia.com\/portal\/prova-comentada-direito-civil-pgfn\/","og_locale":"pt_BR","og_type":"article","og_title":"Prova comentada Direito Civil PGFN","og_description":"Prova comentada Direito Civil PGFN: Confira seu desempenho na prova e saia na frente com essa grande oportunidade!","og_url":"https:\/\/cj.estrategia.com\/portal\/prova-comentada-direito-civil-pgfn\/","og_site_name":"Blog - Carreiras Jur\u00eddicas - Estrat\u00e9gia","article_publisher":"https:\/\/www.facebook.com\/estrategiacarreirajuridica\/","article_published_time":"2023-05-22T19:13:29+00:00","article_modified_time":"2023-05-22T19:13:32+00:00","og_image":[{"width":768,"height":432,"url":"https:\/\/cj.estrategia.com\/portal\/wp-content\/uploads\/2022\/09\/04111503\/PROCURADOR-DA-FAZENDA-NACIONAL-PGFN.jpg","type":"image\/jpeg"}],"author":"Coordena\u00e7\u00e3o","twitter_card":"summary_large_image","twitter_creator":"@EstratJuridica","twitter_site":"@EstratJuridica","twitter_misc":{"Escrito por":"Coordena\u00e7\u00e3o","Est. tempo de leitura":"13 minutos"},"schema":{"@context":"https:\/\/schema.org","@graph":[{"@type":"NewsArticle","@id":"https:\/\/cj.estrategia.com\/portal\/prova-comentada-direito-civil-pgfn\/#article","isPartOf":{"@id":"https:\/\/cj.estrategia.com\/portal\/prova-comentada-direito-civil-pgfn\/"},"author":{"name":"Coordena\u00e7\u00e3o","@id":"https:\/\/cj.estrategia.com\/portal\/#\/schema\/person\/4d70317d31449932b99102916b6637f5"},"headline":"Prova comentada Direito Civil PGFN","datePublished":"2023-05-22T19:13:29+00:00","dateModified":"2023-05-22T19:13:32+00:00","mainEntityOfPage":{"@id":"https:\/\/cj.estrategia.com\/portal\/prova-comentada-direito-civil-pgfn\/"},"wordCount":2535,"commentCount":0,"publisher":{"@id":"https:\/\/cj.estrategia.com\/portal\/#organization"},"image":{"@id":"https:\/\/cj.estrategia.com\/portal\/prova-comentada-direito-civil-pgfn\/#primaryimage"},"thumbnailUrl":"https:\/\/cj.estrategia.com\/portal\/wp-content\/uploads\/2022\/09\/04111503\/PROCURADOR-DA-FAZENDA-NACIONAL-PGFN.jpg","articleSection":["Carreiras Jur\u00eddicas","Procuradoria"],"inLanguage":"pt-BR","potentialAction":[{"@type":"CommentAction","name":"Comment","target":["https:\/\/cj.estrategia.com\/portal\/prova-comentada-direito-civil-pgfn\/#respond"]}]},{"@type":"WebPage","@id":"https:\/\/cj.estrategia.com\/portal\/prova-comentada-direito-civil-pgfn\/","url":"https:\/\/cj.estrategia.com\/portal\/prova-comentada-direito-civil-pgfn\/","name":"Prova comentada Direito Civil PGFN","isPartOf":{"@id":"https:\/\/cj.estrategia.com\/portal\/#website"},"primaryImageOfPage":{"@id":"https:\/\/cj.estrategia.com\/portal\/prova-comentada-direito-civil-pgfn\/#primaryimage"},"image":{"@id":"https:\/\/cj.estrategia.com\/portal\/prova-comentada-direito-civil-pgfn\/#primaryimage"},"thumbnailUrl":"https:\/\/cj.estrategia.com\/portal\/wp-content\/uploads\/2022\/09\/04111503\/PROCURADOR-DA-FAZENDA-NACIONAL-PGFN.jpg","datePublished":"2023-05-22T19:13:29+00:00","dateModified":"2023-05-22T19:13:32+00:00","description":"Prova comentada Direito Civil PGFN: Confira seu desempenho na prova e saia na frente com essa grande oportunidade!","breadcrumb":{"@id":"https:\/\/cj.estrategia.com\/portal\/prova-comentada-direito-civil-pgfn\/#breadcrumb"},"inLanguage":"pt-BR","potentialAction":[{"@type":"ReadAction","target":["https:\/\/cj.estrategia.com\/portal\/prova-comentada-direito-civil-pgfn\/"]}]},{"@type":"ImageObject","inLanguage":"pt-BR","@id":"https:\/\/cj.estrategia.com\/portal\/prova-comentada-direito-civil-pgfn\/#primaryimage","url":"https:\/\/cj.estrategia.com\/portal\/wp-content\/uploads\/2022\/09\/04111503\/PROCURADOR-DA-FAZENDA-NACIONAL-PGFN.jpg","contentUrl":"https:\/\/cj.estrategia.com\/portal\/wp-content\/uploads\/2022\/09\/04111503\/PROCURADOR-DA-FAZENDA-NACIONAL-PGFN.jpg","width":768,"height":432,"caption":"Prova comentada"},{"@type":"BreadcrumbList","@id":"https:\/\/cj.estrategia.com\/portal\/prova-comentada-direito-civil-pgfn\/#breadcrumb","itemListElement":[{"@type":"ListItem","position":1,"name":"In\u00edcio","item":"https:\/\/cj.estrategia.com\/portal\/"},{"@type":"ListItem","position":2,"name":"Prova comentada Direito Civil PGFN"}]},{"@type":"WebSite","@id":"https:\/\/cj.estrategia.com\/portal\/#website","url":"https:\/\/cj.estrategia.com\/portal\/","name":"Blog - Carreiras Jur\u00eddicas - Estrat\u00e9gia","description":"","publisher":{"@id":"https:\/\/cj.estrategia.com\/portal\/#organization"},"potentialAction":[{"@type":"SearchAction","target":{"@type":"EntryPoint","urlTemplate":"https:\/\/cj.estrategia.com\/portal\/?s={search_term_string}"},"query-input":{"@type":"PropertyValueSpecification","valueRequired":true,"valueName":"search_term_string"}}],"inLanguage":"pt-BR"},{"@type":"Organization","@id":"https:\/\/cj.estrategia.com\/portal\/#organization","name":"Estrat\u00e9gia - Carreiras Jur\u00eddicas","url":"https:\/\/cj.estrategia.com\/portal\/","logo":{"@type":"ImageObject","inLanguage":"pt-BR","@id":"https:\/\/cj.estrategia.com\/portal\/#\/schema\/logo\/image\/","url":"https:\/\/cj.estrategia.com\/portal\/wp-content\/uploads\/2022\/03\/11151052\/cj-logo.png","contentUrl":"https:\/\/cj.estrategia.com\/portal\/wp-content\/uploads\/2022\/03\/11151052\/cj-logo.png","width":150,"height":39,"caption":"Estrat\u00e9gia - Carreiras Jur\u00eddicas"},"image":{"@id":"https:\/\/cj.estrategia.com\/portal\/#\/schema\/logo\/image\/"},"sameAs":["https:\/\/www.facebook.com\/estrategiacarreirajuridica\/","https:\/\/x.com\/EstratJuridica","https:\/\/www.instagram.com\/estrategiacarreirajuridica\/","https:\/\/www.youtube.com\/channel\/UClbMGuYbj2Mh1m3w144ETWQ"]},{"@type":"Person","@id":"https:\/\/cj.estrategia.com\/portal\/#\/schema\/person\/4d70317d31449932b99102916b6637f5","name":"Coordena\u00e7\u00e3o","image":{"@type":"ImageObject","inLanguage":"pt-BR","@id":"https:\/\/cj.estrategia.com\/portal\/wp-content\/uploads\/2022\/05\/12164923\/estrategia-carreira-juridica-coordenacao-96x96.png","url":"https:\/\/cj.estrategia.com\/portal\/wp-content\/uploads\/2022\/05\/12164923\/estrategia-carreira-juridica-coordenacao-96x96.png","contentUrl":"https:\/\/cj.estrategia.com\/portal\/wp-content\/uploads\/2022\/05\/12164923\/estrategia-carreira-juridica-coordenacao-96x96.png","caption":"Coordena\u00e7\u00e3o"},"url":"https:\/\/cj.estrategia.com\/portal\/author\/coordenacao\/"}]}},"jetpack_featured_media_url":"https:\/\/cj.estrategia.com\/portal\/wp-content\/uploads\/2022\/09\/04111503\/PROCURADOR-DA-FAZENDA-NACIONAL-PGFN.jpg","jetpack_sharing_enabled":true,"_links":{"self":[{"href":"https:\/\/cj.estrategia.com\/portal\/wp-json\/wp\/v2\/posts\/37011","targetHints":{"allow":["GET"]}}],"collection":[{"href":"https:\/\/cj.estrategia.com\/portal\/wp-json\/wp\/v2\/posts"}],"about":[{"href":"https:\/\/cj.estrategia.com\/portal\/wp-json\/wp\/v2\/types\/post"}],"author":[{"embeddable":true,"href":"https:\/\/cj.estrategia.com\/portal\/wp-json\/wp\/v2\/users\/12"}],"replies":[{"embeddable":true,"href":"https:\/\/cj.estrategia.com\/portal\/wp-json\/wp\/v2\/comments?post=37011"}],"version-history":[{"count":2,"href":"https:\/\/cj.estrategia.com\/portal\/wp-json\/wp\/v2\/posts\/37011\/revisions"}],"predecessor-version":[{"id":37013,"href":"https:\/\/cj.estrategia.com\/portal\/wp-json\/wp\/v2\/posts\/37011\/revisions\/37013"}],"wp:featuredmedia":[{"embeddable":true,"href":"https:\/\/cj.estrategia.com\/portal\/wp-json\/wp\/v2\/media\/20853"}],"wp:attachment":[{"href":"https:\/\/cj.estrategia.com\/portal\/wp-json\/wp\/v2\/media?parent=37011"}],"wp:term":[{"taxonomy":"category","embeddable":true,"href":"https:\/\/cj.estrategia.com\/portal\/wp-json\/wp\/v2\/categories?post=37011"},{"taxonomy":"post_tag","embeddable":true,"href":"https:\/\/cj.estrategia.com\/portal\/wp-json\/wp\/v2\/tags?post=37011"},{"taxonomy":"tax_estado","embeddable":true,"href":"https:\/\/cj.estrategia.com\/portal\/wp-json\/wp\/v2\/tax_estado?post=37011"}],"curies":[{"name":"wp","href":"https:\/\/api.w.org\/{rel}","templated":true}]}}