{"id":36533,"date":"2023-05-22T12:30:00","date_gmt":"2023-05-22T15:30:00","guid":{"rendered":"https:\/\/cj.estrategia.com\/portal\/?p=36533"},"modified":"2023-05-22T19:02:35","modified_gmt":"2023-05-22T22:02:35","slug":"gabarito-extraoficial-procurador-da-fazenda-nacional-pfn-agu","status":"publish","type":"post","link":"https:\/\/cj.estrategia.com\/portal\/gabarito-extraoficial-procurador-da-fazenda-nacional-pfn-agu\/","title":{"rendered":"Gabarito Extraoficial &#8211; Procurador da Fazenda Nacional &#8211; PFN (AGU)\u00a0"},"content":{"rendered":"\n<p>Neste domingo, 21 de maio, foram aplicadas as provas objetivas do<strong>&nbsp;concurso Procurador da Fazenda Nacional (PFN)<\/strong>.<strong>&nbsp;<\/strong>A etapa contou com 100 quest\u00f5es de m\u00faltipla escolha, com 05 alternativas cada e apenas uma resposta correta.<\/p>\n\n\n\n<p>S\u00e3o ofertadas 100 vagas para o cargo de <strong>Procurador da Fazenda<\/strong>. O sal\u00e1rio inicial da carreira \u00e9 de <strong>R$ 22.905,79<\/strong>. <\/p>\n\n\n\n<p>Sendo assim, com o objetivo de ajud\u00e1-lo a diminuir um pouco a ansiedade, nossos professores realizaram a corre\u00e7\u00e3o extraoficial, divulgando o&nbsp;<strong>gabarito da prova Procurador Federal<\/strong>.<\/p>\n\n\n\n<p class=\"has-background\" style=\"background-color:#dddcdc\"><strong><strong><mark style=\"background-color:rgba(0, 0, 0, 0)\" class=\"has-inline-color has-vivid-red-color\">Mas aten\u00e7\u00e3o:<\/mark>&nbsp;<\/strong>Al\u00e9m da corre\u00e7\u00e3o de domingo, nosso super time disponibilizar\u00e1 na segunda-feira, <strong>22 de maio<\/strong>, o gabarito completo, com todas as quest\u00f5es escritas, um link para que voc\u00ea possa inserir seu gabarito e participar do ranking e realizar\u00e1 um webin\u00e1rio, no dia 23 de maio, com todas as impress\u00f5es da prova. N\u00c3O PERCA!<\/strong><\/p>\n\n\n\n<p class=\"has-text-align-center has-pale-pink-background-color has-background has-medium-font-size\"><strong><a href=\"https:\/\/cj.estrategia.com\/cadernos-e-simulados\/simulados\/2365a8ca-6c9f-4ac6-8d99-491c40c9141c\" target=\"_blank\" >PARTICIPE DO RANKING!<\/a><\/strong><\/p>\n\n\n\n<figure class=\"wp-block-embed is-type-video is-provider-youtube wp-block-embed-youtube wp-embed-aspect-16-9 wp-has-aspect-ratio\"><div class=\"wp-block-embed__wrapper\">\n<div class=\"cs-embed cs-embed-responsive\"><iframe title=\"Gabarito Extraoficial - Procurador da Fazenda Nacional (AGU)\" width=\"1200\" height=\"675\" src=\"https:\/\/www.youtube.com\/embed\/d2uWI_ibjPs?feature=oembed\" frameborder=\"0\" allow=\"accelerometer; autoplay; clipboard-write; encrypted-media; gyroscope; picture-in-picture; web-share\" allowfullscreen><\/iframe><\/div>\n<\/div><\/figure>\n\n\n\n<ul class=\"wp-block-list\">\n<li><a href=\"https:\/\/cj.estrategia.com\/portal\/prova-comentada-direito-tributario-pgfn\/\" target=\"_blank\" >Prova Comentada Direito Tribut\u00e1rio<\/a><\/li>\n\n\n\n<li><a href=\"https:\/\/cj.estrategia.com\/portal\/prova-comentada-direitofinanceiro-e-economico-pgfn\/\" target=\"_blank\" >Prova Comentada Direito Financeiro e Econ\u00f4mico<\/a><\/li>\n\n\n\n<li><a href=\"https:\/\/cj.estrategia.com\/portal\/prova-comentada-seguridade-social-pgfn\/\" target=\"_blank\" >Prova Comentada Seguridade Social <\/a><\/li>\n\n\n\n<li><a href=\"https:\/\/cj.estrategia.com\/portal\/prova-comentada-direito-processual-civil-pgfn\/\" target=\"_blank\" >Prova Comentada Direito Processual Civil<\/a><\/li>\n\n\n\n<li><a href=\"https:\/\/cj.estrategia.com\/portal\/prova-comentada-direito-civil-pgfn\/\" target=\"_blank\" >Prova Comentada Direito Civil<\/a><\/li>\n\n\n\n<li><a href=\"https:\/\/cj.estrategia.com\/portal\/prova-comentada-direito-empresarial-pgfn\/\" target=\"_blank\" >Prova Comentada Direito Empresarial<\/a><\/li>\n\n\n\n<li><a href=\"https:\/\/cj.estrategia.com\/portal\/prova-comentada-direito-penal-e-processo-penal-pgfn\/\" target=\"_blank\" >Prova Comentada Direito Penal e Processo Penal<\/a><\/li>\n\n\n\n<li><a href=\"https:\/\/cj.estrategia.com\/portal\/prova-comentada-direito-do-trabalho-e-processo-do-trabalho-pgfn\/\" target=\"_blank\" >Prova Comentada Direito do Trabalho e Processo do Trabalho<\/a><\/li>\n\n\n\n<li><a href=\"https:\/\/cj.estrategia.com\/portal\/prova-comentada-direito-constitucional-pgfn\/\" target=\"_blank\" >Prova Comentada Direito Constitucional<\/a><\/li>\n\n\n\n<li><a href=\"https:\/\/cj.estrategia.com\/portal\/prova-comentada-direito-administrativo-pgfn\/\" target=\"_blank\" >Prova Comentada Direito Administrativo<\/a><\/li>\n\n\n\n<li><a href=\"https:\/\/cj.estrategia.com\/portal\/prova-comentada-direito-internacional-publico-pgfn\/\" target=\"_blank\" >Prova Comentada Direito Internacional P\u00fablico<\/a><\/li>\n<\/ul>\n\n\n\n<h2 id=\"gabarito-extraoficial-procurador-da-fazenda-nacional\" class=\"wp-block-heading\">Gabarito Extraoficial Procurador da Fazenda Nacional<\/h2>\n\n\n\n<p>Abaixo, voc\u00ea confere os gabaritos das quest\u00f5es corrigidas pelos nossos professores. <a href=\"https:\/\/cj.estrategia.com\/portal\/wp-content\/uploads\/2023\/05\/21150253\/PFN_completa.pdf\" target=\"_blank\" rel=\"noreferrer noopener nofollow\">Confira a prova utilizada na corre\u00e7\u00e3o<\/a><\/p>\n\n\n\n<figure class=\"wp-block-table\"><table class=\"has-background\" style=\"background-color:#fcb900b3\"><tbody><tr><td class=\"has-text-align-left\" data-align=\"left\"><strong>QUEST\u00d5ES<\/strong><\/td><td class=\"has-text-align-center\" data-align=\"center\"><strong>RESPOSTAS<\/strong><\/td><td class=\"has-text-align-left\" data-align=\"left\"><strong>COMENT\u00c1RIOS<\/strong><\/td><\/tr><tr><td class=\"has-text-align-left\" data-align=\"left\">1 &#8211; No que se refere ao sistema tribut\u00e1rio nacional&#8230;<\/td><td class=\"has-text-align-center\" data-align=\"center\">D<\/td><td class=\"has-text-align-left\" data-align=\"left\">ART 3 e 4 do CTN<\/td><\/tr><tr><td class=\"has-text-align-left\" data-align=\"left\">2 &#8211; Assinale a op\u00e7\u00e3o correta a respeito do regime tribut\u00e1rio das autarquias&#8230;<\/td><td class=\"has-text-align-center\" data-align=\"center\">C<\/td><td class=\"has-text-align-left\" data-align=\"left\">Jurisprud\u00eancia do STF &#8211; ACO 3410, Tema 1140<\/td><\/tr><tr><td class=\"has-text-align-left\" data-align=\"left\">3 &#8211; Julgue os itens subsequentes, a respeito da compet\u00eancia tribut\u00e1ria da Uni\u00e3o&#8230;<\/td><td class=\"has-text-align-center\" data-align=\"center\">A<\/td><td class=\"has-text-align-left\" data-align=\"left\">Art. 153 da CF e art 7 do CTN<\/td><\/tr><tr><td class=\"has-text-align-left\" data-align=\"left\">4 -No que diz respeito \u00e0 imunidade tribut\u00e1ria de contribui\u00e7\u00f5es&#8230;<\/td><td class=\"has-text-align-center\" data-align=\"center\">E<\/td><td class=\"has-text-align-left\" data-align=\"left\"><\/td><\/tr><tr><td class=\"has-text-align-left\" data-align=\"left\">5 &#8211; O Minist\u00e9rio da Fazenda, a fim de obter recursos&#8230;<\/td><td class=\"has-text-align-center\" data-align=\"center\">E<\/td><td class=\"has-text-align-left\" data-align=\"left\">Taxa SISCOMEX<\/td><\/tr><tr><td class=\"has-text-align-left\" data-align=\"left\">6 &#8211; Determinada pessoa jur\u00eddica foi dissolvida irregularmente&#8230;<\/td><td class=\"has-text-align-center\" data-align=\"center\">D<\/td><td class=\"has-text-align-left\" data-align=\"left\"><\/td><\/tr><tr><td class=\"has-text-align-left\" data-align=\"left\">7 &#8211; Em sede de embargos \u00e0 execu\u00e7\u00e3o, o executado questionou&#8230;<\/td><td class=\"has-text-align-center\" data-align=\"center\">A<\/td><td class=\"has-text-align-left\" data-align=\"left\"><\/td><\/tr><tr><td class=\"has-text-align-left\" data-align=\"left\">8 &#8211; O STF e o STJ reconhecem a validade da tributa\u00e7\u00e3o de rendimentos&#8230;<\/td><td class=\"has-text-align-center\" data-align=\"center\">D<\/td><td class=\"has-text-align-left\" data-align=\"left\"><\/td><\/tr><tr><td class=\"has-text-align-left\" data-align=\"left\">9 &#8211; A respeito da transa\u00e7\u00e3o tribut\u00e1ria&#8230;<\/td><td class=\"has-text-align-center\" data-align=\"center\">D<\/td><td class=\"has-text-align-left\" data-align=\"left\">Art 12 da lei 13.988<\/td><\/tr><tr><td class=\"has-text-align-left\" data-align=\"left\">10 &#8211; A Uni\u00e3o publicou edital com proposta de transa\u00e7\u00e3o&#8230;<\/td><td class=\"has-text-align-center\" data-align=\"center\">A<\/td><td class=\"has-text-align-left\" data-align=\"left\">art 17 da lei 13.988 III &#8211; estabelecer\u00e1 a necessidade de<\/td><\/tr><tr><td class=\"has-text-align-left\" data-align=\"left\">11 &#8211; Em mar\u00e7o de 2018, determinado contribuinte impetrou mandado de seguran\u00e7a&#8230;<\/td><td class=\"has-text-align-center\" data-align=\"center\">A<\/td><td class=\"has-text-align-left\" data-align=\"left\"><\/td><\/tr><tr><td class=\"has-text-align-left\" data-align=\"left\">12 &#8211; Determinada empresa brasileira constitu\u00edda sob forma de sociedade por a\u00e7\u00f5es&#8230;<\/td><td class=\"has-text-align-center\" data-align=\"center\">C<\/td><td class=\"has-text-align-left\" data-align=\"left\"><\/td><\/tr><tr><td class=\"has-text-align-left\" data-align=\"left\">13 &#8211; A respeito da disciplina legal atinente aos pre\u00e7os&#8230;<\/td><td class=\"has-text-align-center\" data-align=\"center\">E<\/td><td class=\"has-text-align-left\" data-align=\"left\"><\/td><\/tr><tr><td class=\"has-text-align-left\" data-align=\"left\">14 -A respeito da cobran\u00e7a dos cr\u00e9ditos tribut\u00e1rios&#8230;<\/td><td class=\"has-text-align-center\" data-align=\"center\">C<\/td><td class=\"has-text-align-left\" data-align=\"left\"><\/td><\/tr><tr><td class=\"has-text-align-left\" data-align=\"left\">15 &#8211; Com base no disposto na Portaria PGFN n\u00b0 33\/2018&#8230;<\/td><td class=\"has-text-align-center\" data-align=\"center\">B<\/td><td class=\"has-text-align-left\" data-align=\"left\"><\/td><\/tr><tr><td class=\"has-text-align-left\" data-align=\"left\">16 &#8211; Proposta de execu\u00e7\u00e3o fiscal para a cobran\u00e7a de d\u00e9bitos tribut\u00e1rios&#8230;<\/td><td class=\"has-text-align-center\" data-align=\"center\">E<\/td><td class=\"has-text-align-left\" data-align=\"left\"><\/td><\/tr><tr><td class=\"has-text-align-left\" data-align=\"left\">17 &#8211; A contribui\u00e7\u00e3o devida pelo empregador em caso de desligamento de empregado sem justa causa&#8230;<\/td><td class=\"has-text-align-center\" data-align=\"center\">B<\/td><td class=\"has-text-align-left\" data-align=\"left\"><\/td><\/tr><tr><td class=\"has-text-align-left\" data-align=\"left\">18 &#8211; No que tange \u00e0 n\u00e3o cumulatividade das contribui\u00e7\u00f5es&#8230;<\/td><td class=\"has-text-align-center\" data-align=\"center\">B<\/td><td class=\"has-text-align-left\" data-align=\"left\"><\/td><\/tr><tr><td class=\"has-text-align-left\" data-align=\"left\">19 &#8211; A respeito do Simples Nacional&#8230;<\/td><td class=\"has-text-align-center\" data-align=\"center\">A<\/td><td class=\"has-text-align-left\" data-align=\"left\"><\/td><\/tr><tr><td class=\"has-text-align-left\" data-align=\"left\">20 &#8211; Acerca do IPI, assinale a op\u00e7\u00e3o correta&#8230;<\/td><td class=\"has-text-align-center\" data-align=\"center\">D<\/td><td class=\"has-text-align-left\" data-align=\"left\"><\/td><\/tr><tr><td class=\"has-text-align-left\" data-align=\"left\">21 &#8211; \u00c0 luz da disciplina legal das receitas p\u00fablicas&#8230;<\/td><td class=\"has-text-align-center\" data-align=\"center\">C<\/td><td class=\"has-text-align-left\" data-align=\"left\"><\/td><\/tr><tr><td class=\"has-text-align-left\" data-align=\"left\">22 &#8211; No que se refere \u00e0s transfer\u00eancias volunt\u00e1rias&#8230;<\/td><td class=\"has-text-align-center\" data-align=\"center\">D<\/td><td class=\"has-text-align-left\" data-align=\"left\"><\/td><\/tr><tr><td class=\"has-text-align-left\" data-align=\"left\">23 &#8211; Durante a execu\u00e7\u00e3o de conv\u00eanio celebrado entre a Uni\u00e3o&#8230;<\/td><td class=\"has-text-align-center\" data-align=\"center\">C<\/td><td class=\"has-text-align-left\" data-align=\"left\"><\/td><\/tr><tr><td class=\"has-text-align-left\" data-align=\"left\">24 &#8211; A respeito do endividamento p\u00fablico&#8230;<\/td><td class=\"has-text-align-center\" data-align=\"center\">B<\/td><td class=\"has-text-align-left\" data-align=\"left\"><\/td><\/tr><tr><td class=\"has-text-align-left\" data-align=\"left\">25 &#8211; O esp\u00f3lio de Francisco, portador de cardiopatia grave&#8230;<\/td><td class=\"has-text-align-center\" data-align=\"center\">B<\/td><td class=\"has-text-align-left\" data-align=\"left\"><\/td><\/tr><tr><td class=\"has-text-align-left\" data-align=\"left\">26 &#8211; Em rela\u00e7\u00e3o ao Sistema Financeiro Nacional (SFN)&#8230;<\/td><td class=\"has-text-align-center\" data-align=\"center\">A<\/td><td class=\"has-text-align-left\" data-align=\"left\"><\/td><\/tr><tr><td class=\"has-text-align-left\" data-align=\"left\">27 &#8211; No que se refere \u00e0 estrutura\u00e7\u00e3o do SFN&#8230;<\/td><td class=\"has-text-align-center\" data-align=\"center\">C<\/td><td class=\"has-text-align-left\" data-align=\"left\"><\/td><\/tr><tr><td class=\"has-text-align-left\" data-align=\"left\">28 &#8211; A respeito do processo administrativo sancionador&#8230;<\/td><td class=\"has-text-align-center\" data-align=\"center\">C<\/td><td class=\"has-text-align-left\" data-align=\"left\"><\/td><\/tr><tr><td class=\"has-text-align-left\" data-align=\"left\">29 &#8211; Julgue os itens a seguir, considerando o Sistema Brasileiro de Defesa da Concorr\u00eancia (SBDC)&#8230;<\/td><td class=\"has-text-align-center\" data-align=\"center\">A<\/td><td class=\"has-text-align-left\" data-align=\"left\"><\/td><\/tr><tr><td class=\"has-text-align-left\" data-align=\"left\">30 &#8211; Quanto ao Acordo Geral sobre Tarifas Aduaneiras e Com\u00e9rcio&#8230;<\/td><td class=\"has-text-align-center\" data-align=\"center\">D<\/td><td class=\"has-text-align-left\" data-align=\"left\"><\/td><\/tr><tr><td class=\"has-text-align-left\" data-align=\"left\">31 &#8211; No que diz respeito \u00e0 incid\u00eancia de contribui\u00e7\u00e3o previdenci\u00e1ria&#8230;<\/td><td class=\"has-text-align-center\" data-align=\"center\">B<\/td><td class=\"has-text-align-left\" data-align=\"left\"><\/td><\/tr><tr><td class=\"has-text-align-left\" data-align=\"left\">32 &#8211; Carla \u00e9 membro de instituto de vida consagrada&#8230;<\/td><td class=\"has-text-align-center\" data-align=\"center\">C<\/td><td class=\"has-text-align-left\" data-align=\"left\"><\/td><\/tr><tr><td class=\"has-text-align-left\" data-align=\"left\">33 &#8211; Em 2010, Teresa aposentou-se pelo RGPS&#8230;<\/td><td class=\"has-text-align-center\" data-align=\"center\">C<\/td><td class=\"has-text-align-left\" data-align=\"left\"><\/td><\/tr><tr><td class=\"has-text-align-left\" data-align=\"left\">34 &#8211; \u00c0 luz das normas estabelecidas pela EC n\u00b0 103\/2019<\/td><td class=\"has-text-align-center\" data-align=\"center\">E<\/td><td class=\"has-text-align-left\" data-align=\"left\"><\/td><\/tr><tr><td class=\"has-text-align-left\" data-align=\"left\">35 &#8211; A respeito das regras processuais civis relacionadas \u00e0 atua\u00e7\u00e3o das partes&#8230;<\/td><td class=\"has-text-align-center\" data-align=\"center\">B<\/td><td class=\"has-text-align-left\" data-align=\"left\"><\/td><\/tr><tr><td class=\"has-text-align-left\" data-align=\"left\">36 &#8211; De acordo com o regime jur\u00eddico de atua\u00e7\u00e3o expressamente estabelecido pelo CPC&#8230;<\/td><td class=\"has-text-align-center\" data-align=\"center\">D<\/td><td class=\"has-text-align-left\" data-align=\"left\"><\/td><\/tr><tr><td class=\"has-text-align-left\" data-align=\"left\">37 -Em que pese a possibilidade de participa\u00e7\u00e3o da Uni\u00e3o&#8230;<\/td><td class=\"has-text-align-center\" data-align=\"center\">D<\/td><td class=\"has-text-align-left\" data-align=\"left\"><\/td><\/tr><tr><td class=\"has-text-align-left\" data-align=\"left\">38 &#8211; Na perspectiva do sistema de justi\u00e7a multiportas&#8230;<\/td><td class=\"has-text-align-center\" data-align=\"center\">C<\/td><td class=\"has-text-align-left\" data-align=\"left\"><\/td><\/tr><tr><td class=\"has-text-align-left\" data-align=\"left\">39 &#8211; A respeito da tutela provis\u00f3ria&#8230;<\/td><td class=\"has-text-align-center\" data-align=\"center\">B<\/td><td class=\"has-text-align-left\" data-align=\"left\"><\/td><\/tr><tr><td class=\"has-text-align-left\" data-align=\"left\">40 &#8211; De acordo com o entendimento do STJ, o pedido de gratuidade de justi\u00e7a&#8230;<\/td><td class=\"has-text-align-center\" data-align=\"center\">C<\/td><td class=\"has-text-align-left\" data-align=\"left\"><\/td><\/tr><tr><td class=\"has-text-align-left\" data-align=\"left\">41 &#8211; Consoante jurisprud\u00eancia dominante do STJ no que tange ao regramento referente \u00e0 atua\u00e7\u00e3o da fazenda p\u00fablica&#8230;<\/td><td class=\"has-text-align-center\" data-align=\"center\">E<\/td><td class=\"has-text-align-left\" data-align=\"left\"><\/td><\/tr><tr><td class=\"has-text-align-left\" data-align=\"left\">42 &#8211; Assinale a op\u00e7\u00e3o correta \u00e0 luz da doutrina processual referente \u00e0 designa\u00e7\u00e3o de audi\u00eancia&#8230;<\/td><td class=\"has-text-align-center\" data-align=\"center\">A<\/td><td class=\"has-text-align-left\" data-align=\"left\"><\/td><\/tr><tr><td class=\"has-text-align-left\" data-align=\"left\">43 &#8211; A efic\u00e1cia temporal da coisa julgada&#8230;<\/td><td class=\"has-text-align-center\" data-align=\"center\">E<\/td><td class=\"has-text-align-left\" data-align=\"left\"><\/td><\/tr><tr><td class=\"has-text-align-left\" data-align=\"left\">44 &#8211; Conforme as normas do CPC que tratam da comunica\u00e7\u00e3o dos atos&#8230;<\/td><td class=\"has-text-align-center\" data-align=\"center\">D<\/td><td class=\"has-text-align-left\" data-align=\"left\"><\/td><\/tr><tr><td class=\"has-text-align-left\" data-align=\"left\">45 &#8211; O vice-presidente de determinado tribunal regional federal&#8230;<\/td><td class=\"has-text-align-center\" data-align=\"center\">E<\/td><td class=\"has-text-align-left\" data-align=\"left\"><\/td><\/tr><tr><td class=\"has-text-align-left\" data-align=\"left\">46 &#8211; Acerca da modula\u00e7\u00e3o de efeitos no \u00e2mbito dos tribunais superiores&#8230;<\/td><td class=\"has-text-align-center\" data-align=\"center\">C<\/td><td class=\"has-text-align-left\" data-align=\"left\"><\/td><\/tr><tr><td class=\"has-text-align-left\" data-align=\"left\">47 &#8211; A respeito da reclama\u00e7\u00e3o constitucional&#8230;<\/td><td class=\"has-text-align-center\" data-align=\"center\">C<\/td><td class=\"has-text-align-left\" data-align=\"left\"><\/td><\/tr><tr><td class=\"has-text-align-left\" data-align=\"left\">48 &#8211; De acordo com a CF, o CPC e a jurisprud\u00eancia do STF&#8230;<\/td><td class=\"has-text-align-center\" data-align=\"center\">B<\/td><td class=\"has-text-align-left\" data-align=\"left\"><\/td><\/tr><tr><td class=\"has-text-align-left\" data-align=\"left\">49 &#8211; Diante de senten\u00e7a que julgou procedente pedido de contribuinte&#8230;<\/td><td class=\"has-text-align-center\" data-align=\"center\">C<\/td><td class=\"has-text-align-left\" data-align=\"left\"><\/td><\/tr><tr><td class=\"has-text-align-left\" data-align=\"left\">50 &#8211; A respeito dos juizados especiais federais&#8230;<\/td><td class=\"has-text-align-center\" data-align=\"center\">B<\/td><td class=\"has-text-align-left\" data-align=\"left\"><\/td><\/tr><tr><td class=\"has-text-align-left\" data-align=\"left\">51 &#8211; No que se refere ao cumprimento de obriga\u00e7\u00e3o&#8230;<\/td><td class=\"has-text-align-center\" data-align=\"center\">B<\/td><td class=\"has-text-align-left\" data-align=\"left\"><\/td><\/tr><tr><td class=\"has-text-align-left\" data-align=\"left\">52 &#8211; Em rela\u00e7\u00e3o aos julgamentos virtuais&#8230;<\/td><td class=\"has-text-align-center\" data-align=\"center\">B<\/td><td class=\"has-text-align-left\" data-align=\"left\"><\/td><\/tr><tr><td class=\"has-text-align-left\" data-align=\"left\">53 &#8211; No que se refere \u00e0 efic\u00e1cia normativa e executiva&#8230;<\/td><td class=\"has-text-align-center\" data-align=\"center\">B<\/td><td class=\"has-text-align-left\" data-align=\"left\"><\/td><\/tr><tr><td class=\"has-text-align-left\" data-align=\"left\">54 &#8211; No que se refere \u00e0s a\u00e7\u00f5es coletivas&#8230;<\/td><td class=\"has-text-align-center\" data-align=\"center\">B<\/td><td class=\"has-text-align-left\" data-align=\"left\"><\/td><\/tr><tr><td class=\"has-text-align-left\" data-align=\"left\">55 &#8211; O neg\u00f3cio conclu\u00eddo pelo representante em conflito&#8230;<\/td><td class=\"has-text-align-center\" data-align=\"center\">D<\/td><td class=\"has-text-align-left\" data-align=\"left\">Art. 119. \u00c9 anul\u00e1vel o neg\u00f3cio conclu\u00eddo pelo representante em conflito de interesses com o representado, se tal fato era ou devia ser do conhecimento de quem com aquele tratou.<\/td><\/tr><tr><td class=\"has-text-align-left\" data-align=\"left\">56 &#8211; Assinale a op\u00e7\u00e3o que indica o prazo m\u00ednimo&#8230;<\/td><td class=\"has-text-align-center\" data-align=\"center\">D<\/td><td class=\"has-text-align-left\" data-align=\"left\">A prescri\u00e7\u00e3o em favor da Fazenda P\u00fablica recome\u00e7a a correr, por dois anos e meio, a partir do ato interruptivo, mas n\u00e3o fica reduzida aqu\u00e9m de cinco anos, embora o titular do direito a interrompa durante a primeira metade do prazo. S\u00famula 383 STF.<\/td><\/tr><tr><td class=\"has-text-align-left\" data-align=\"left\">57 &#8211; Assinale a op\u00e7\u00e3o que apresenta o princ\u00edpio ou instituto jur\u00eddico&#8230;<\/td><td class=\"has-text-align-center\" data-align=\"center\">B<\/td><td class=\"has-text-align-left\" data-align=\"left\">O princ\u00edpio da ultratividade consiste na prolonga\u00e7\u00e3o dos efeitos de uma norma \u2013 no caso, uma conven\u00e7\u00e3o ou um acordo coletivo de trabalho \u2013 para al\u00e9m do prazo de sua vig\u00eancia<\/td><\/tr><tr><td class=\"has-text-align-left\" data-align=\"left\">58 &#8211; Nos termos da Lei n.\u00b0 9.610\/1998&#8230;<\/td><td class=\"has-text-align-center\" data-align=\"center\">E<\/td><td class=\"has-text-align-left\" data-align=\"left\">Art. 7\u00ba S\u00e3o obras intelectuais protegidas as cria\u00e7\u00f5es do esp\u00edrito, expressas por qualquer meio ou fixadas em qualquer suporte, tang\u00edvel ou intang\u00edvel, conhecido ou que se invente no futuro, tais como: X &#8211; os projetos, esbo\u00e7os e obras pl\u00e1sticas concernentes \u00e0 geografia, engenharia, topografia, arquitetura, paisagismo, cenografia e ci\u00eancia; II &#8211; as confer\u00eancias, alocu\u00e7\u00f5es, serm\u00f5es e outras obras da mesma natureza; XII &#8211; os programas de computador<\/td><\/tr><tr><td class=\"has-text-align-left\" data-align=\"left\">59 &#8211; Determinada cidade do interior do estado do Rio Grande do Sul&#8230;<\/td><td class=\"has-text-align-center\" data-align=\"center\">A<\/td><td class=\"has-text-align-left\" data-align=\"left\">Art. 11. O tratamento de dados pessoais sens\u00edveis somente poder\u00e1 ocorrer nas seguintes hip\u00f3teses: I &#8211; quando o titular ou seu respons\u00e1vel legal consentir, de forma espec\u00edfica e destacada, para finalidades espec\u00edficas<\/td><\/tr><tr><td class=\"has-text-align-left\" data-align=\"left\">60 &#8211; No que se refere \u00e0 teoria da empresa e ao empres\u00e1rio&#8230;<\/td><td class=\"has-text-align-center\" data-align=\"center\">E<\/td><td class=\"has-text-align-left\" data-align=\"left\">Art. 969, CC. O empres\u00e1rio que instituir sucursal, filial ou ag\u00eancia, em lugar sujeito \u00e0 jurisdi\u00e7\u00e3o de outro Registro P\u00fablico de Empresas Mercantis, neste dever\u00e1 tamb\u00e9m inscrev\u00ea-la, com a prova da inscri\u00e7\u00e3o origin\u00e1ria.<\/td><\/tr><tr><td class=\"has-text-align-left\" data-align=\"left\">61 &#8211; Com base nas disposi\u00e7\u00f5es do C\u00f3digo Civil em vigor&#8230;<\/td><td class=\"has-text-align-center\" data-align=\"center\">E<\/td><td class=\"has-text-align-left\" data-align=\"left\">Art. 1.039, CC. Somente pessoas f\u00edsicas podem tomar parte na sociedade em nome coletivo, respondendo todos os s\u00f3cios, solid\u00e1ria e ilimitadamente, pelas obriga\u00e7\u00f5es sociais.<\/td><\/tr><tr><td class=\"has-text-align-left\" data-align=\"left\">62 &#8211; Acerca das sociedades por a\u00e7\u00f5es&#8230;<\/td><td class=\"has-text-align-center\" data-align=\"center\">C<\/td><td class=\"has-text-align-left\" data-align=\"left\">Art. 110, \u00a71\u00ba, Lei 6.404\/76<\/td><\/tr><tr><td class=\"has-text-align-left\" data-align=\"left\">63 &#8211; Em rela\u00e7\u00e3o aos contratos empresariais&#8230;<\/td><td class=\"has-text-align-center\" data-align=\"center\">A<\/td><td class=\"has-text-align-left\" data-align=\"left\">Apenas o item I est\u00e1 correto. Sumula 369, STJ.<\/td><\/tr><tr><td class=\"has-text-align-left\" data-align=\"left\">64 &#8211; Considerando o regime falimentar&#8230;<\/td><td class=\"has-text-align-center\" data-align=\"center\">E<\/td><td class=\"has-text-align-left\" data-align=\"left\">Art. 94, II, Lei 11.101\/05<\/td><\/tr><tr><td class=\"has-text-align-left\" data-align=\"left\">65 &#8211; Determinado funcion\u00e1rio p\u00fablico, com 24 anos de idade&#8230;<\/td><td class=\"has-text-align-center\" data-align=\"center\">E<\/td><td class=\"has-text-align-left\" data-align=\"left\"><\/td><\/tr><tr><td class=\"has-text-align-left\" data-align=\"left\">66 &#8211; Com base no que disp\u00f5e o C\u00f3digo de Processo Penal (CPP)&#8230;<\/td><td class=\"has-text-align-center\" data-align=\"center\">B<\/td><td class=\"has-text-align-left\" data-align=\"left\"><\/td><\/tr><tr><td class=\"has-text-align-left\" data-align=\"left\">67 &#8211; Luiz mantinha v\u00ednculo formal de emprego&#8230;<\/td><td class=\"has-text-align-center\" data-align=\"center\">C<\/td><td class=\"has-text-align-left\" data-align=\"left\">ART. 614, (\u2026) \u00a7 3\u00ba, CLT. N\u00e3o ser\u00e1 permitido estipular dura\u00e7\u00e3o de conven\u00e7\u00e3o coletiva ou acordo coletivo de trabalho superior a dois anos, sendo vedada a ultratividade. + Jurisprud\u00eancia do STF (ADPF 323)<\/td><\/tr><tr><td class=\"has-text-align-left\" data-align=\"left\">68 &#8211; Em rela\u00e7\u00e3o ao recurso de revista do processo do trabalho&#8230;<\/td><td class=\"has-text-align-center\" data-align=\"center\">C<\/td><td class=\"has-text-align-left\" data-align=\"left\">Art. 896, \u00a71\u00ba-A, \u00a7 1o-A. Sob pena de n\u00e3o conhecimento, \u00e9 \u00f4nus da parte: (\u2026)III &#8211; expor as raz\u00f5es do pedido de reforma, impugnando todos os fundamentos jur\u00eddicos da decis\u00e3o recorrida, inclusive mediante demonstra\u00e7\u00e3o anal\u00edtica de cada dispositivo de lei, da Constitui\u00e7\u00e3o Federal, de s\u00famula ou orienta\u00e7\u00e3o jurisprudencial cuja contrariedade aponte.<\/td><\/tr><tr><td class=\"has-text-align-left\" data-align=\"left\">69 &#8211; Considerando a interpreta\u00e7\u00e3o do texto constitucional pelo STF&#8230;<\/td><td class=\"has-text-align-center\" data-align=\"center\">B<\/td><td class=\"has-text-align-left\" data-align=\"left\"><\/td><\/tr><tr><td class=\"has-text-align-left\" data-align=\"left\">70 &#8211; Com rela\u00e7\u00e3o \u00e0 interven\u00e7\u00e3o do Estado na ordem social&#8230;<\/td><td class=\"has-text-align-center\" data-align=\"center\">E<\/td><td class=\"has-text-align-left\" data-align=\"left\"><\/td><\/tr><tr><td class=\"has-text-align-left\" data-align=\"left\">71 &#8211; Em determinada localidade tradicionalmente ocupada por popula\u00e7\u00e3o ind\u00edgena&#8230;<\/td><td class=\"has-text-align-center\" data-align=\"center\">A<\/td><td class=\"has-text-align-left\" data-align=\"left\"><\/td><\/tr><tr><td class=\"has-text-align-left\" data-align=\"left\">72 &#8211; Caio, s\u00f3cio-gerente e respons\u00e1vel legal&#8230;<\/td><td class=\"has-text-align-center\" data-align=\"center\">B<\/td><td class=\"has-text-align-left\" data-align=\"left\"><\/td><\/tr><tr><td class=\"has-text-align-left\" data-align=\"left\">73 &#8211; S\u00e3o legitimados para propor, apenas, incidentalmente&#8230;<\/td><td class=\"has-text-align-center\" data-align=\"center\">E<\/td><td class=\"has-text-align-left\" data-align=\"left\"><\/td><\/tr><tr><td class=\"has-text-align-left\" data-align=\"left\">74 &#8211; A empresa ABC, regularmente inscrita em d\u00edvida ativa&#8230;<\/td><td class=\"has-text-align-center\" data-align=\"center\">C<\/td><td class=\"has-text-align-left\" data-align=\"left\"><\/td><\/tr><tr><td class=\"has-text-align-left\" data-align=\"left\">75 &#8211; Ao final de seu mandato de deputado distrital, Jo\u00e3o&#8230;<\/td><td class=\"has-text-align-center\" data-align=\"center\">D<\/td><td class=\"has-text-align-left\" data-align=\"left\"><\/td><\/tr><tr><td class=\"has-text-align-left\" data-align=\"left\">76 &#8211; Acerca dos direitos e das garantias fundamentais, em especial no que se refere \u00e0 liberdade de express\u00e3o&#8230;<\/td><td class=\"has-text-align-center\" data-align=\"center\">D<\/td><td class=\"has-text-align-left\" data-align=\"left\"><\/td><\/tr><tr><td class=\"has-text-align-left\" data-align=\"left\">77 &#8211; Com base no princ\u00edpio da igualdade previsto na CF&#8230;<\/td><td class=\"has-text-align-center\" data-align=\"center\">D<\/td><td class=\"has-text-align-left\" data-align=\"left\"><\/td><\/tr><tr><td class=\"has-text-align-left\" data-align=\"left\">78 &#8211; A respeito da reclama\u00e7\u00e3o constitucional, julgue os itens&#8230; <\/td><td class=\"has-text-align-center\" data-align=\"center\">A<\/td><td class=\"has-text-align-left\" data-align=\"left\"><\/td><\/tr><tr><td class=\"has-text-align-left\" data-align=\"left\">79 &#8211; Entidade de classe de \u00e2mbito estadual&#8230;<\/td><td class=\"has-text-align-center\" data-align=\"center\">E<\/td><td class=\"has-text-align-left\" data-align=\"left\"><\/td><\/tr><tr><td class=\"has-text-align-left\" data-align=\"left\">80 &#8211; Acerca do controle concentrado de constitucionalidade&#8230;<\/td><td class=\"has-text-align-center\" data-align=\"center\">B<\/td><td class=\"has-text-align-left\" data-align=\"left\"><\/td><\/tr><tr><td class=\"has-text-align-left\" data-align=\"left\">81 &#8211; Tendo em vista que o STF foi instado a se pronunciar sobre a constitucionalidade&#8230;<\/td><td class=\"has-text-align-center\" data-align=\"center\">D<\/td><td class=\"has-text-align-left\" data-align=\"left\"><\/td><\/tr><tr><td class=\"has-text-align-left\" data-align=\"left\">82 &#8211; A respeito da previs\u00e3o normativa segundo a qual a proposi\u00e7\u00e3o legislativa&#8230;<\/td><td class=\"has-text-align-center\" data-align=\"center\">E<\/td><td class=\"has-text-align-left\" data-align=\"left\"><\/td><\/tr><tr><td class=\"has-text-align-left\" data-align=\"left\">83 &#8211; Considerando as regras constitucionais aplic\u00e1veis ao processo legislativo&#8230;<\/td><td class=\"has-text-align-center\" data-align=\"center\">D<\/td><td class=\"has-text-align-left\" data-align=\"left\"><\/td><\/tr><tr><td class=\"has-text-align-left\" data-align=\"left\">84 &#8211; Com rela\u00e7\u00e3o \u00e0s medidas provis\u00f3rias&#8230;<\/td><td class=\"has-text-align-center\" data-align=\"center\">A<\/td><td class=\"has-text-align-left\" data-align=\"left\"><\/td><\/tr><tr><td class=\"has-text-align-left\" data-align=\"left\">85 &#8211; De acordo com a CF e com o entendimento do STF a respeito da educa\u00e7\u00e3o e do ensino&#8230;<\/td><td class=\"has-text-align-center\" data-align=\"center\">E<\/td><td class=\"has-text-align-left\" data-align=\"left\"><\/td><\/tr><tr><td class=\"has-text-align-left\" data-align=\"left\">86 &#8211; A respeito de emendas constitucionais, do pre\u00e2mbulo da CF&#8230;<\/td><td class=\"has-text-align-center\" data-align=\"center\">A<\/td><td class=\"has-text-align-left\" data-align=\"left\"><\/td><\/tr><tr><td class=\"has-text-align-left\" data-align=\"left\">87 &#8211; Acerca da tributa\u00e7\u00e3o e do or\u00e7amento&#8230;<\/td><td class=\"has-text-align-center\" data-align=\"center\">C<\/td><td class=\"has-text-align-left\" data-align=\"left\"><\/td><\/tr><tr><td class=\"has-text-align-left\" data-align=\"left\">88 &#8211; No que se refere \u00e0 reparti\u00e7\u00e3o constitucional de compet\u00eancias e \u00e0 regula\u00e7\u00e3o&#8230;<\/td><td class=\"has-text-align-center\" data-align=\"center\">A<\/td><td class=\"has-text-align-left\" data-align=\"left\"><\/td><\/tr><tr><td class=\"has-text-align-left\" data-align=\"left\">89 &#8211; Um \u00f3rg\u00e3o da administra\u00e7\u00e3o p\u00fablica necessita realizar contrata\u00e7\u00f5es&#8230;<\/td><td class=\"has-text-align-center\" data-align=\"center\">C<\/td><td class=\"has-text-align-left\" data-align=\"left\">arts. 6\u00ba, XLI e XLIII, 79 e 80, Lei 14.133\/2021<\/td><\/tr><tr><td class=\"has-text-align-left\" data-align=\"left\">90 &#8211; O <em>sandbox<\/em> regulat\u00f3rio&#8230;<\/td><td class=\"has-text-align-center\" data-align=\"center\">C<\/td><td class=\"has-text-align-left\" data-align=\"left\">doutrina<\/td><\/tr><tr><td class=\"has-text-align-left\" data-align=\"left\">91 &#8211; Determinada banca de jornal foi instalada regularmente&#8230;<\/td><td class=\"has-text-align-center\" data-align=\"center\">C<\/td><td class=\"has-text-align-left\" data-align=\"left\">permiss\u00e3o de uso de bem p\u00fablico \u00e9 ato prec\u00e1rio e pode ser revogado a qualquer tempo<\/td><\/tr><tr><td class=\"has-text-align-left\" data-align=\"left\">92 &#8211; Conforme o disposto na Lei n\u00b0 13.848\/2019&#8230;<\/td><td class=\"has-text-align-center\" data-align=\"center\">A<\/td><td class=\"has-text-align-left\" data-align=\"left\">art. 6\u00ba, Lei 13.848\/2019<\/td><\/tr><tr><td class=\"has-text-align-left\" data-align=\"left\">93 &#8211; Determinada empresa do setor de constru\u00e7\u00e3o civil participou de licita\u00e7\u00e3o&#8230;<\/td><td class=\"has-text-align-center\" data-align=\"center\">E<\/td><td class=\"has-text-align-left\" data-align=\"left\">Art. 67, \u00a76\u00ba<\/td><\/tr><tr><td class=\"has-text-align-left\" data-align=\"left\">94 &#8211; Um \u00f4nibus da empresa concession\u00e1ria de transporte p\u00fablico&#8230;<\/td><td class=\"has-text-align-center\" data-align=\"center\">B<\/td><td class=\"has-text-align-left\" data-align=\"left\">art. 37, \u00a76\u00ba, CF e RE 591874<\/td><\/tr><tr><td class=\"has-text-align-left\" data-align=\"left\">95 &#8211; Quanto \u00e0s hip\u00f3teses de contrata\u00e7\u00e3o direta&#8230;<\/td><td class=\"has-text-align-center\" data-align=\"center\">D<\/td><td class=\"has-text-align-left\" data-align=\"left\">arts 74, I e II e 75, IV, \u201cm\u201d<\/td><\/tr><tr><td class=\"has-text-align-left\" data-align=\"left\">96 &#8211; Bernardo, jogador de futebol profissional aposentado&#8230;<\/td><td class=\"has-text-align-center\" data-align=\"center\">A<\/td><td class=\"has-text-align-left\" data-align=\"left\"><\/td><\/tr><tr><td class=\"has-text-align-left\" data-align=\"left\">97 &#8211; Ao analisar um contrato administrativo celebrado para presta\u00e7\u00e3o de servi\u00e7os p\u00fablicos&#8230;<\/td><td class=\"has-text-align-center\" data-align=\"center\"><strong>ANULA\u00c7\u00c3O<\/strong><\/td><td class=\"has-text-align-left\" data-align=\"left\"><\/td><\/tr><tr><td class=\"has-text-align-left\" data-align=\"left\">98 &#8211; No curso de inqu\u00e9rito administrativo em processo administrativo disciplinar (PAD)&#8230;<\/td><td class=\"has-text-align-center\" data-align=\"center\">E<\/td><td class=\"has-text-align-left\" data-align=\"left\"><\/td><\/tr><tr><td class=\"has-text-align-left\" data-align=\"left\">99 &#8211; Acerca da Conven\u00e7\u00e3o sobre Assist\u00eancia M\u00fatua Administrativa&#8230;<\/td><td class=\"has-text-align-center\" data-align=\"center\">D<\/td><td class=\"has-text-align-left\" data-align=\"left\"><\/td><\/tr><tr><td class=\"has-text-align-left\" data-align=\"left\">100 &#8211; Julgue os itens a seguir, relativos \u00e0s imunidades e isen\u00e7\u00f5es&#8230;<\/td><td class=\"has-text-align-center\" data-align=\"center\">C<\/td><td class=\"has-text-align-left\" data-align=\"left\"><\/td><\/tr><\/tbody><\/table><\/figure>\n\n\n\n<p class=\"has-text-align-center has-luminous-vivid-amber-background-color has-background has-medium-font-size\"><strong><a href=\"https:\/\/cj.estrategia.com\/portal\/concurso-pgfn\/\" target=\"_blank\" >Saiba mais: concurso Procurador da Fazenda Nacional &#8211; PGFN<\/a><\/strong><\/p>\n\n\n\n<p class=\"has-white-color has-text-color\">Concurso Procurador Federal demanda de inscritos<\/p>\n\n\n\n<h2 class=\"wp-block-heading has-text-align-center\" id=\"cursos-ficha\"><span id=\"quer-estudar-para-concursos-de-direito\">Quer estudar para Concursos de Direito?<\/span><\/h2>\n\n\n\n<p>O Estrat\u00e9gia Carreira Jur\u00eddica \u00e9 campe\u00e3o de aprova\u00e7\u00f5es nos concursos para Carreiras Jur\u00eddicas com um corpo docente qualificado e materiais completos. Conhe\u00e7a nossos cursos e garanta sua aprova\u00e7\u00e3o:<\/p>\n\n\n\n<div class=\"wp-block-cover\" style=\"min-height:142px;aspect-ratio:unset;\"><span aria-hidden=\"true\" class=\"wp-block-cover__background has-background-dim\"><\/span><img decoding=\"async\" width=\"1890\" height=\"351\" class=\"wp-block-cover__image-background wp-image-8669\" alt=\"assinatura carreira jur\u00eddica\" src=\"https:\/\/cj.estrategia.com\/portal\/wp-content\/uploads\/2022\/06\/20151253\/concurso-carreiras-juridicas-assinatura-juridica.jpg\" style=\"object-position:75% 40%\" data-object-fit=\"cover\" data-object-position=\"75% 40%\" srcset=\"https:\/\/cj.estrategia.com\/portal\/wp-content\/uploads\/2022\/06\/20151253\/concurso-carreiras-juridicas-assinatura-juridica.jpg 1890w, https:\/\/cj.estrategia.com\/portal\/wp-content\/uploads\/2022\/06\/20151253\/concurso-carreiras-juridicas-assinatura-juridica-300x56.jpg 300w, https:\/\/cj.estrategia.com\/portal\/wp-content\/uploads\/2022\/06\/20151253\/concurso-carreiras-juridicas-assinatura-juridica-1024x190.jpg 1024w, https:\/\/cj.estrategia.com\/portal\/wp-content\/uploads\/2022\/06\/20151253\/concurso-carreiras-juridicas-assinatura-juridica-768x143.jpg 768w, https:\/\/cj.estrategia.com\/portal\/wp-content\/uploads\/2022\/06\/20151253\/concurso-carreiras-juridicas-assinatura-juridica-1536x285.jpg 1536w, https:\/\/cj.estrategia.com\/portal\/wp-content\/uploads\/2022\/06\/20151253\/concurso-carreiras-juridicas-assinatura-juridica-380x71.jpg 380w, https:\/\/cj.estrategia.com\/portal\/wp-content\/uploads\/2022\/06\/20151253\/concurso-carreiras-juridicas-assinatura-juridica-800x149.jpg 800w, https:\/\/cj.estrategia.com\/portal\/wp-content\/uploads\/2022\/06\/20151253\/concurso-carreiras-juridicas-assinatura-juridica-1160x215.jpg 1160w\" sizes=\"(max-width: 1890px) 100vw, 1890px\" \/><div class=\"wp-block-cover__inner-container is-layout-flow wp-block-cover-is-layout-flow\">\n<h3 id=\"assinatura-juridica\" class=\"titulo-assinatura\">Assinatura Jur\u00eddica <\/h3>\n<p class=\"subtitulo-assinatura\" style=\"display:block!important; line-height: 0;\">Conhe\u00e7a os planos<\/p>\n<a target=\"_blank\" href=\"https:\/\/www.estrategiaconcursos.com.br\/assinaturas-ecj\/\" rel=\"noopener\"><button style=\"border-radius: 10px; text-transform: capitalize;\">Acessar<\/button><\/a>\n<\/div><\/div>\n","protected":false},"excerpt":{"rendered":"Neste domingo, 21 de maio, foram aplicadas as provas objetivas do&nbsp;concurso Procurador da Fazenda Nacional (PFN).&nbsp;A etapa contou&hellip;\n","protected":false},"author":12,"featured_media":20853,"comment_status":"open","ping_status":"open","sticky":false,"template":"","format":"standard","meta":{"_jetpack_memberships_contains_paid_content":false,"footnotes":""},"categories":[1,24],"tags":[],"tax_estado":[36],"class_list":{"0":"post-36533","1":"post","2":"type-post","3":"status-publish","4":"format-standard","5":"has-post-thumbnail","7":"category-carreiras-juridicas","8":"category-procuradoria","9":"tax_estado-concursos-federais"},"acf":[],"yoast_head":"<!-- This site is optimized with the Yoast SEO Premium plugin v27.4 (Yoast SEO v27.4) - https:\/\/yoast.com\/product\/yoast-seo-premium-wordpress\/ -->\n<title>Gabarito Extraoficial - Procurador da Fazenda Nacional - PFN (AGU)\u00a0<\/title>\n<meta name=\"description\" content=\"Gabarito Extraoficial - Procurador da Fazenda Nacional - PFN (AGU): Participe neste domingo, 21 de maio e saia na frente!\" \/>\n<meta name=\"robots\" content=\"index, follow, max-snippet:-1, max-image-preview:large, max-video-preview:-1\" \/>\n<link rel=\"canonical\" href=\"https:\/\/cj.estrategia.com\/portal\/gabarito-extraoficial-procurador-da-fazenda-nacional-pfn-agu\/\" \/>\n<meta property=\"og:locale\" content=\"pt_BR\" \/>\n<meta property=\"og:type\" content=\"article\" \/>\n<meta property=\"og:title\" content=\"Gabarito Extraoficial - Procurador da Fazenda Nacional - PFN (AGU)\u00a0\" \/>\n<meta property=\"og:description\" content=\"Gabarito Extraoficial - Procurador da Fazenda Nacional - PFN (AGU): Participe neste domingo, 21 de maio e saia na frente!\" \/>\n<meta property=\"og:url\" content=\"https:\/\/cj.estrategia.com\/portal\/gabarito-extraoficial-procurador-da-fazenda-nacional-pfn-agu\/\" \/>\n<meta property=\"og:site_name\" content=\"Blog - Carreiras Jur\u00eddicas - Estrat\u00e9gia\" \/>\n<meta property=\"article:publisher\" content=\"https:\/\/www.facebook.com\/estrategiacarreirajuridica\/\" \/>\n<meta property=\"article:published_time\" content=\"2023-05-22T15:30:00+00:00\" \/>\n<meta property=\"article:modified_time\" content=\"2023-05-22T22:02:35+00:00\" \/>\n<meta property=\"og:image\" content=\"https:\/\/cj.estrategia.com\/portal\/wp-content\/uploads\/2022\/09\/04111503\/PROCURADOR-DA-FAZENDA-NACIONAL-PGFN.jpg\" \/>\n\t<meta property=\"og:image:width\" content=\"768\" \/>\n\t<meta property=\"og:image:height\" content=\"432\" \/>\n\t<meta property=\"og:image:type\" content=\"image\/jpeg\" \/>\n<meta name=\"author\" content=\"Coordena\u00e7\u00e3o\" \/>\n<meta name=\"twitter:card\" content=\"summary_large_image\" \/>\n<meta name=\"twitter:creator\" content=\"@EstratJuridica\" \/>\n<meta name=\"twitter:site\" content=\"@EstratJuridica\" \/>\n<meta name=\"twitter:label1\" content=\"Escrito por\" \/>\n\t<meta name=\"twitter:data1\" content=\"Coordena\u00e7\u00e3o\" \/>\n\t<meta name=\"twitter:label2\" content=\"Est. tempo de leitura\" \/>\n\t<meta name=\"twitter:data2\" content=\"11 minutos\" \/>\n<script type=\"application\/ld+json\" class=\"yoast-schema-graph\">{\"@context\":\"https:\\\/\\\/schema.org\",\"@graph\":[{\"@type\":\"NewsArticle\",\"@id\":\"https:\\\/\\\/cj.estrategia.com\\\/portal\\\/gabarito-extraoficial-procurador-da-fazenda-nacional-pfn-agu\\\/#article\",\"isPartOf\":{\"@id\":\"https:\\\/\\\/cj.estrategia.com\\\/portal\\\/gabarito-extraoficial-procurador-da-fazenda-nacional-pfn-agu\\\/\"},\"author\":{\"name\":\"Coordena\u00e7\u00e3o\",\"@id\":\"https:\\\/\\\/cj.estrategia.com\\\/portal\\\/#\\\/schema\\\/person\\\/4d70317d31449932b99102916b6637f5\"},\"headline\":\"Gabarito Extraoficial &#8211; Procurador da Fazenda Nacional &#8211; PFN (AGU)\u00a0\",\"datePublished\":\"2023-05-22T15:30:00+00:00\",\"dateModified\":\"2023-05-22T22:02:35+00:00\",\"mainEntityOfPage\":{\"@id\":\"https:\\\/\\\/cj.estrategia.com\\\/portal\\\/gabarito-extraoficial-procurador-da-fazenda-nacional-pfn-agu\\\/\"},\"wordCount\":1945,\"commentCount\":0,\"publisher\":{\"@id\":\"https:\\\/\\\/cj.estrategia.com\\\/portal\\\/#organization\"},\"image\":{\"@id\":\"https:\\\/\\\/cj.estrategia.com\\\/portal\\\/gabarito-extraoficial-procurador-da-fazenda-nacional-pfn-agu\\\/#primaryimage\"},\"thumbnailUrl\":\"https:\\\/\\\/cj.estrategia.com\\\/portal\\\/wp-content\\\/uploads\\\/2022\\\/09\\\/04111503\\\/PROCURADOR-DA-FAZENDA-NACIONAL-PGFN.jpg\",\"articleSection\":[\"Carreiras Jur\u00eddicas\",\"Procuradoria\"],\"inLanguage\":\"pt-BR\",\"potentialAction\":[{\"@type\":\"CommentAction\",\"name\":\"Comment\",\"target\":[\"https:\\\/\\\/cj.estrategia.com\\\/portal\\\/gabarito-extraoficial-procurador-da-fazenda-nacional-pfn-agu\\\/#respond\"]}]},{\"@type\":\"WebPage\",\"@id\":\"https:\\\/\\\/cj.estrategia.com\\\/portal\\\/gabarito-extraoficial-procurador-da-fazenda-nacional-pfn-agu\\\/\",\"url\":\"https:\\\/\\\/cj.estrategia.com\\\/portal\\\/gabarito-extraoficial-procurador-da-fazenda-nacional-pfn-agu\\\/\",\"name\":\"Gabarito Extraoficial - Procurador da Fazenda Nacional - PFN (AGU)\u00a0\",\"isPartOf\":{\"@id\":\"https:\\\/\\\/cj.estrategia.com\\\/portal\\\/#website\"},\"primaryImageOfPage\":{\"@id\":\"https:\\\/\\\/cj.estrategia.com\\\/portal\\\/gabarito-extraoficial-procurador-da-fazenda-nacional-pfn-agu\\\/#primaryimage\"},\"image\":{\"@id\":\"https:\\\/\\\/cj.estrategia.com\\\/portal\\\/gabarito-extraoficial-procurador-da-fazenda-nacional-pfn-agu\\\/#primaryimage\"},\"thumbnailUrl\":\"https:\\\/\\\/cj.estrategia.com\\\/portal\\\/wp-content\\\/uploads\\\/2022\\\/09\\\/04111503\\\/PROCURADOR-DA-FAZENDA-NACIONAL-PGFN.jpg\",\"datePublished\":\"2023-05-22T15:30:00+00:00\",\"dateModified\":\"2023-05-22T22:02:35+00:00\",\"description\":\"Gabarito Extraoficial - Procurador da Fazenda Nacional - PFN (AGU): Participe neste domingo, 21 de maio e saia na frente!\",\"breadcrumb\":{\"@id\":\"https:\\\/\\\/cj.estrategia.com\\\/portal\\\/gabarito-extraoficial-procurador-da-fazenda-nacional-pfn-agu\\\/#breadcrumb\"},\"inLanguage\":\"pt-BR\",\"potentialAction\":[{\"@type\":\"ReadAction\",\"target\":[\"https:\\\/\\\/cj.estrategia.com\\\/portal\\\/gabarito-extraoficial-procurador-da-fazenda-nacional-pfn-agu\\\/\"]}]},{\"@type\":\"ImageObject\",\"inLanguage\":\"pt-BR\",\"@id\":\"https:\\\/\\\/cj.estrategia.com\\\/portal\\\/gabarito-extraoficial-procurador-da-fazenda-nacional-pfn-agu\\\/#primaryimage\",\"url\":\"https:\\\/\\\/cj.estrategia.com\\\/portal\\\/wp-content\\\/uploads\\\/2022\\\/09\\\/04111503\\\/PROCURADOR-DA-FAZENDA-NACIONAL-PGFN.jpg\",\"contentUrl\":\"https:\\\/\\\/cj.estrategia.com\\\/portal\\\/wp-content\\\/uploads\\\/2022\\\/09\\\/04111503\\\/PROCURADOR-DA-FAZENDA-NACIONAL-PGFN.jpg\",\"width\":768,\"height\":432,\"caption\":\"Prova comentada\"},{\"@type\":\"BreadcrumbList\",\"@id\":\"https:\\\/\\\/cj.estrategia.com\\\/portal\\\/gabarito-extraoficial-procurador-da-fazenda-nacional-pfn-agu\\\/#breadcrumb\",\"itemListElement\":[{\"@type\":\"ListItem\",\"position\":1,\"name\":\"In\u00edcio\",\"item\":\"https:\\\/\\\/cj.estrategia.com\\\/portal\\\/\"},{\"@type\":\"ListItem\",\"position\":2,\"name\":\"Gabarito Extraoficial &#8211; Procurador da Fazenda Nacional &#8211; PFN (AGU)\u00a0\"}]},{\"@type\":\"WebSite\",\"@id\":\"https:\\\/\\\/cj.estrategia.com\\\/portal\\\/#website\",\"url\":\"https:\\\/\\\/cj.estrategia.com\\\/portal\\\/\",\"name\":\"Blog - Carreiras Jur\u00eddicas - Estrat\u00e9gia\",\"description\":\"\",\"publisher\":{\"@id\":\"https:\\\/\\\/cj.estrategia.com\\\/portal\\\/#organization\"},\"potentialAction\":[{\"@type\":\"SearchAction\",\"target\":{\"@type\":\"EntryPoint\",\"urlTemplate\":\"https:\\\/\\\/cj.estrategia.com\\\/portal\\\/?s={search_term_string}\"},\"query-input\":{\"@type\":\"PropertyValueSpecification\",\"valueRequired\":true,\"valueName\":\"search_term_string\"}}],\"inLanguage\":\"pt-BR\"},{\"@type\":\"Organization\",\"@id\":\"https:\\\/\\\/cj.estrategia.com\\\/portal\\\/#organization\",\"name\":\"Estrat\u00e9gia - Carreiras Jur\u00eddicas\",\"url\":\"https:\\\/\\\/cj.estrategia.com\\\/portal\\\/\",\"logo\":{\"@type\":\"ImageObject\",\"inLanguage\":\"pt-BR\",\"@id\":\"https:\\\/\\\/cj.estrategia.com\\\/portal\\\/#\\\/schema\\\/logo\\\/image\\\/\",\"url\":\"https:\\\/\\\/cj.estrategia.com\\\/portal\\\/wp-content\\\/uploads\\\/2022\\\/03\\\/11151052\\\/cj-logo.png\",\"contentUrl\":\"https:\\\/\\\/cj.estrategia.com\\\/portal\\\/wp-content\\\/uploads\\\/2022\\\/03\\\/11151052\\\/cj-logo.png\",\"width\":150,\"height\":39,\"caption\":\"Estrat\u00e9gia - Carreiras Jur\u00eddicas\"},\"image\":{\"@id\":\"https:\\\/\\\/cj.estrategia.com\\\/portal\\\/#\\\/schema\\\/logo\\\/image\\\/\"},\"sameAs\":[\"https:\\\/\\\/www.facebook.com\\\/estrategiacarreirajuridica\\\/\",\"https:\\\/\\\/x.com\\\/EstratJuridica\",\"https:\\\/\\\/www.instagram.com\\\/estrategiacarreirajuridica\\\/\",\"https:\\\/\\\/www.youtube.com\\\/channel\\\/UClbMGuYbj2Mh1m3w144ETWQ\"]},{\"@type\":\"Person\",\"@id\":\"https:\\\/\\\/cj.estrategia.com\\\/portal\\\/#\\\/schema\\\/person\\\/4d70317d31449932b99102916b6637f5\",\"name\":\"Coordena\u00e7\u00e3o\",\"image\":{\"@type\":\"ImageObject\",\"inLanguage\":\"pt-BR\",\"@id\":\"https:\\\/\\\/cj.estrategia.com\\\/portal\\\/wp-content\\\/uploads\\\/2022\\\/05\\\/12164923\\\/estrategia-carreira-juridica-coordenacao-96x96.png\",\"url\":\"https:\\\/\\\/cj.estrategia.com\\\/portal\\\/wp-content\\\/uploads\\\/2022\\\/05\\\/12164923\\\/estrategia-carreira-juridica-coordenacao-96x96.png\",\"contentUrl\":\"https:\\\/\\\/cj.estrategia.com\\\/portal\\\/wp-content\\\/uploads\\\/2022\\\/05\\\/12164923\\\/estrategia-carreira-juridica-coordenacao-96x96.png\",\"caption\":\"Coordena\u00e7\u00e3o\"},\"url\":\"https:\\\/\\\/cj.estrategia.com\\\/portal\\\/author\\\/coordenacao\\\/\"}]}<\/script>\n<!-- \/ Yoast SEO Premium plugin. -->","yoast_head_json":{"title":"Gabarito Extraoficial - Procurador da Fazenda Nacional - PFN (AGU)\u00a0","description":"Gabarito Extraoficial - Procurador da Fazenda Nacional - PFN (AGU): Participe neste domingo, 21 de maio e saia na frente!","robots":{"index":"index","follow":"follow","max-snippet":"max-snippet:-1","max-image-preview":"max-image-preview:large","max-video-preview":"max-video-preview:-1"},"canonical":"https:\/\/cj.estrategia.com\/portal\/gabarito-extraoficial-procurador-da-fazenda-nacional-pfn-agu\/","og_locale":"pt_BR","og_type":"article","og_title":"Gabarito Extraoficial - Procurador da Fazenda Nacional - PFN (AGU)\u00a0","og_description":"Gabarito Extraoficial - Procurador da Fazenda Nacional - PFN (AGU): Participe neste domingo, 21 de maio e saia na frente!","og_url":"https:\/\/cj.estrategia.com\/portal\/gabarito-extraoficial-procurador-da-fazenda-nacional-pfn-agu\/","og_site_name":"Blog - Carreiras Jur\u00eddicas - Estrat\u00e9gia","article_publisher":"https:\/\/www.facebook.com\/estrategiacarreirajuridica\/","article_published_time":"2023-05-22T15:30:00+00:00","article_modified_time":"2023-05-22T22:02:35+00:00","og_image":[{"width":768,"height":432,"url":"https:\/\/cj.estrategia.com\/portal\/wp-content\/uploads\/2022\/09\/04111503\/PROCURADOR-DA-FAZENDA-NACIONAL-PGFN.jpg","type":"image\/jpeg"}],"author":"Coordena\u00e7\u00e3o","twitter_card":"summary_large_image","twitter_creator":"@EstratJuridica","twitter_site":"@EstratJuridica","twitter_misc":{"Escrito por":"Coordena\u00e7\u00e3o","Est. tempo de leitura":"11 minutos"},"schema":{"@context":"https:\/\/schema.org","@graph":[{"@type":"NewsArticle","@id":"https:\/\/cj.estrategia.com\/portal\/gabarito-extraoficial-procurador-da-fazenda-nacional-pfn-agu\/#article","isPartOf":{"@id":"https:\/\/cj.estrategia.com\/portal\/gabarito-extraoficial-procurador-da-fazenda-nacional-pfn-agu\/"},"author":{"name":"Coordena\u00e7\u00e3o","@id":"https:\/\/cj.estrategia.com\/portal\/#\/schema\/person\/4d70317d31449932b99102916b6637f5"},"headline":"Gabarito Extraoficial &#8211; Procurador da Fazenda Nacional &#8211; PFN (AGU)\u00a0","datePublished":"2023-05-22T15:30:00+00:00","dateModified":"2023-05-22T22:02:35+00:00","mainEntityOfPage":{"@id":"https:\/\/cj.estrategia.com\/portal\/gabarito-extraoficial-procurador-da-fazenda-nacional-pfn-agu\/"},"wordCount":1945,"commentCount":0,"publisher":{"@id":"https:\/\/cj.estrategia.com\/portal\/#organization"},"image":{"@id":"https:\/\/cj.estrategia.com\/portal\/gabarito-extraoficial-procurador-da-fazenda-nacional-pfn-agu\/#primaryimage"},"thumbnailUrl":"https:\/\/cj.estrategia.com\/portal\/wp-content\/uploads\/2022\/09\/04111503\/PROCURADOR-DA-FAZENDA-NACIONAL-PGFN.jpg","articleSection":["Carreiras Jur\u00eddicas","Procuradoria"],"inLanguage":"pt-BR","potentialAction":[{"@type":"CommentAction","name":"Comment","target":["https:\/\/cj.estrategia.com\/portal\/gabarito-extraoficial-procurador-da-fazenda-nacional-pfn-agu\/#respond"]}]},{"@type":"WebPage","@id":"https:\/\/cj.estrategia.com\/portal\/gabarito-extraoficial-procurador-da-fazenda-nacional-pfn-agu\/","url":"https:\/\/cj.estrategia.com\/portal\/gabarito-extraoficial-procurador-da-fazenda-nacional-pfn-agu\/","name":"Gabarito Extraoficial - Procurador da Fazenda Nacional - PFN (AGU)\u00a0","isPartOf":{"@id":"https:\/\/cj.estrategia.com\/portal\/#website"},"primaryImageOfPage":{"@id":"https:\/\/cj.estrategia.com\/portal\/gabarito-extraoficial-procurador-da-fazenda-nacional-pfn-agu\/#primaryimage"},"image":{"@id":"https:\/\/cj.estrategia.com\/portal\/gabarito-extraoficial-procurador-da-fazenda-nacional-pfn-agu\/#primaryimage"},"thumbnailUrl":"https:\/\/cj.estrategia.com\/portal\/wp-content\/uploads\/2022\/09\/04111503\/PROCURADOR-DA-FAZENDA-NACIONAL-PGFN.jpg","datePublished":"2023-05-22T15:30:00+00:00","dateModified":"2023-05-22T22:02:35+00:00","description":"Gabarito Extraoficial - Procurador da Fazenda Nacional - PFN (AGU): Participe neste domingo, 21 de maio e saia na frente!","breadcrumb":{"@id":"https:\/\/cj.estrategia.com\/portal\/gabarito-extraoficial-procurador-da-fazenda-nacional-pfn-agu\/#breadcrumb"},"inLanguage":"pt-BR","potentialAction":[{"@type":"ReadAction","target":["https:\/\/cj.estrategia.com\/portal\/gabarito-extraoficial-procurador-da-fazenda-nacional-pfn-agu\/"]}]},{"@type":"ImageObject","inLanguage":"pt-BR","@id":"https:\/\/cj.estrategia.com\/portal\/gabarito-extraoficial-procurador-da-fazenda-nacional-pfn-agu\/#primaryimage","url":"https:\/\/cj.estrategia.com\/portal\/wp-content\/uploads\/2022\/09\/04111503\/PROCURADOR-DA-FAZENDA-NACIONAL-PGFN.jpg","contentUrl":"https:\/\/cj.estrategia.com\/portal\/wp-content\/uploads\/2022\/09\/04111503\/PROCURADOR-DA-FAZENDA-NACIONAL-PGFN.jpg","width":768,"height":432,"caption":"Prova comentada"},{"@type":"BreadcrumbList","@id":"https:\/\/cj.estrategia.com\/portal\/gabarito-extraoficial-procurador-da-fazenda-nacional-pfn-agu\/#breadcrumb","itemListElement":[{"@type":"ListItem","position":1,"name":"In\u00edcio","item":"https:\/\/cj.estrategia.com\/portal\/"},{"@type":"ListItem","position":2,"name":"Gabarito Extraoficial &#8211; Procurador da Fazenda Nacional &#8211; PFN (AGU)\u00a0"}]},{"@type":"WebSite","@id":"https:\/\/cj.estrategia.com\/portal\/#website","url":"https:\/\/cj.estrategia.com\/portal\/","name":"Blog - Carreiras Jur\u00eddicas - Estrat\u00e9gia","description":"","publisher":{"@id":"https:\/\/cj.estrategia.com\/portal\/#organization"},"potentialAction":[{"@type":"SearchAction","target":{"@type":"EntryPoint","urlTemplate":"https:\/\/cj.estrategia.com\/portal\/?s={search_term_string}"},"query-input":{"@type":"PropertyValueSpecification","valueRequired":true,"valueName":"search_term_string"}}],"inLanguage":"pt-BR"},{"@type":"Organization","@id":"https:\/\/cj.estrategia.com\/portal\/#organization","name":"Estrat\u00e9gia - Carreiras Jur\u00eddicas","url":"https:\/\/cj.estrategia.com\/portal\/","logo":{"@type":"ImageObject","inLanguage":"pt-BR","@id":"https:\/\/cj.estrategia.com\/portal\/#\/schema\/logo\/image\/","url":"https:\/\/cj.estrategia.com\/portal\/wp-content\/uploads\/2022\/03\/11151052\/cj-logo.png","contentUrl":"https:\/\/cj.estrategia.com\/portal\/wp-content\/uploads\/2022\/03\/11151052\/cj-logo.png","width":150,"height":39,"caption":"Estrat\u00e9gia - Carreiras Jur\u00eddicas"},"image":{"@id":"https:\/\/cj.estrategia.com\/portal\/#\/schema\/logo\/image\/"},"sameAs":["https:\/\/www.facebook.com\/estrategiacarreirajuridica\/","https:\/\/x.com\/EstratJuridica","https:\/\/www.instagram.com\/estrategiacarreirajuridica\/","https:\/\/www.youtube.com\/channel\/UClbMGuYbj2Mh1m3w144ETWQ"]},{"@type":"Person","@id":"https:\/\/cj.estrategia.com\/portal\/#\/schema\/person\/4d70317d31449932b99102916b6637f5","name":"Coordena\u00e7\u00e3o","image":{"@type":"ImageObject","inLanguage":"pt-BR","@id":"https:\/\/cj.estrategia.com\/portal\/wp-content\/uploads\/2022\/05\/12164923\/estrategia-carreira-juridica-coordenacao-96x96.png","url":"https:\/\/cj.estrategia.com\/portal\/wp-content\/uploads\/2022\/05\/12164923\/estrategia-carreira-juridica-coordenacao-96x96.png","contentUrl":"https:\/\/cj.estrategia.com\/portal\/wp-content\/uploads\/2022\/05\/12164923\/estrategia-carreira-juridica-coordenacao-96x96.png","caption":"Coordena\u00e7\u00e3o"},"url":"https:\/\/cj.estrategia.com\/portal\/author\/coordenacao\/"}]}},"jetpack_featured_media_url":"https:\/\/cj.estrategia.com\/portal\/wp-content\/uploads\/2022\/09\/04111503\/PROCURADOR-DA-FAZENDA-NACIONAL-PGFN.jpg","jetpack_sharing_enabled":true,"_links":{"self":[{"href":"https:\/\/cj.estrategia.com\/portal\/wp-json\/wp\/v2\/posts\/36533","targetHints":{"allow":["GET"]}}],"collection":[{"href":"https:\/\/cj.estrategia.com\/portal\/wp-json\/wp\/v2\/posts"}],"about":[{"href":"https:\/\/cj.estrategia.com\/portal\/wp-json\/wp\/v2\/types\/post"}],"author":[{"embeddable":true,"href":"https:\/\/cj.estrategia.com\/portal\/wp-json\/wp\/v2\/users\/12"}],"replies":[{"embeddable":true,"href":"https:\/\/cj.estrategia.com\/portal\/wp-json\/wp\/v2\/comments?post=36533"}],"version-history":[{"count":21,"href":"https:\/\/cj.estrategia.com\/portal\/wp-json\/wp\/v2\/posts\/36533\/revisions"}],"predecessor-version":[{"id":38911,"href":"https:\/\/cj.estrategia.com\/portal\/wp-json\/wp\/v2\/posts\/36533\/revisions\/38911"}],"wp:featuredmedia":[{"embeddable":true,"href":"https:\/\/cj.estrategia.com\/portal\/wp-json\/wp\/v2\/media\/20853"}],"wp:attachment":[{"href":"https:\/\/cj.estrategia.com\/portal\/wp-json\/wp\/v2\/media?parent=36533"}],"wp:term":[{"taxonomy":"category","embeddable":true,"href":"https:\/\/cj.estrategia.com\/portal\/wp-json\/wp\/v2\/categories?post=36533"},{"taxonomy":"post_tag","embeddable":true,"href":"https:\/\/cj.estrategia.com\/portal\/wp-json\/wp\/v2\/tags?post=36533"},{"taxonomy":"tax_estado","embeddable":true,"href":"https:\/\/cj.estrategia.com\/portal\/wp-json\/wp\/v2\/tax_estado?post=36533"}],"curies":[{"name":"wp","href":"https:\/\/api.w.org\/{rel}","templated":true}]}}