{"id":36186,"date":"2026-02-01T17:28:00","date_gmt":"2026-02-01T20:28:00","guid":{"rendered":"https:\/\/cj.estrategia.com\/portal\/?p=36186"},"modified":"2026-04-27T10:29:49","modified_gmt":"2026-04-27T13:29:49","slug":"residencia-tj-ap","status":"publish","type":"post","link":"https:\/\/cj.estrategia.com\/portal\/residencia-tj-ap\/","title":{"rendered":"Resid\u00eancia Jur\u00eddica TJ AP: resultado homologado!"},"content":{"rendered":"\n<p>O <strong>resultado final do Programa de Resid\u00eancia Jur\u00eddica do Tribunal de Justi\u00e7a do Amap\u00e1 (TJ AP) foi homologado<\/strong>. Confira o documento:<\/p>\n\n\n\n<ul class=\"wp-block-list\">\n<li><a href=\"https:\/\/old.tjap.jus.br\/portal\/images\/stories\/documentos\/degesp\/concursos\/Resid_Juridica\/Homologacao_Resultado__Portaria_69446_GP.pdf\" target=\"_blank\" >Homologa\u00e7\u00e3o \u2013 Resultado.<\/a><\/li>\n<\/ul>\n\n\n\n<p>O Processo Seletivo ofertou <strong>30 vagas<\/strong>, mais forma\u00e7\u00e3o de cadastro reserva para<strong>. <\/strong>Veja os detalhes no artigo a seguir!<\/p>\n\n\n\n<ul class=\"wp-block-list has-very-light-gray-to-cyan-bluish-gray-gradient-background has-background\">\n<li><strong>Resid\u00eancia Jur\u00eddica TJ AP<\/strong><\/li>\n\n\n\n<li><strong>Status:<\/strong> homologado<\/li>\n\n\n\n<li><strong>Banca:<\/strong> <a href=\"https:\/\/old.tjap.jus.br\/portal\/residencia-juridica\/51-tjap\/intranet\/degesp\/13945-1%C2%BA-processo-seletivo-para-resid%C3%AAncia-jur%C3%ADdica-do-tjap.html\" target=\"_blank\" >Escola Judicial do Amap\u00e1 (EJAP)<\/a><\/li>\n\n\n\n<li><strong>Vagas: <\/strong>30 + CR<\/li>\n<\/ul>\n\n\n\n<div class=\"container\" id=\"boxes\">\n  <div class=\"row\">\n\n    <div class=\"col-sm\">\n      <div class=\"banner-ecj-magistratura\" id=\"box-assinatura\">\n        <h2 id=\"cursos-para-residencia-juridica-tj-ap\" class=\"titulo-assinatura\"><span style=\"color: #ffffff; font-size: 23px; \">Cursos para Resid\u00eancia Jur\u00eddica TJ AP<\/span><\/h2>\n        <p class=\"subtitulo-assinatura\">Cursos focados no edital!<\/p>\n        <div class=\"box-botao\">\n          <a class=\"btn-assinatura-juridica\" target=\"_blank\" href=\"https:\/\/cj.estrategia.com\/concurso\/cursos-regulares\" role=\"button\" rel=\"noopener noreferrer\">CLIQUE AQUI<\/a>\n        <\/div>\n      <\/div>\n      <p class=\"texto-auxiliar\">Prepare-se com o melhor material e com quem mais aprova em concursos em todo o pa\u00eds. \n<\/p>\n    <\/div>\n\n  <\/div>\n<\/div>\n\n\n\n<div class=\"wp-block-yoast-seo-table-of-contents yoast-table-of-contents\"><ul><li><a href=\"#h-residencia-tj-ap-situacao-atual\" data-level=\"2\">Resid\u00eancia TJ AP: situa\u00e7\u00e3o atual<\/a><\/li><li><a href=\"#h-principais-datas\" data-level=\"2\">Principais datas<\/a><ul><li><a href=\"#h-resultados\" data-level=\"3\">Resultados<\/a><\/li><li><a href=\"#h-gabarito-e-caderno-de-prova\" data-level=\"3\">Gabarito e Caderno de Prova<\/a><\/li><\/ul><\/li><li><a href=\"#cargos-e-vagas-camara-valenca-procurador\" data-level=\"2\">Requisitos<\/a><\/li><li><a href=\"#requisitos-e-remuneracao-procurador\" data-level=\"2\">Remunera\u00e7\u00e3o<\/a><\/li><li><a href=\"#etapas-e-provas-concurso-camara-valenca\" data-level=\"2\">Etapas e Provas<\/a><\/li><li><a href=\"#h-provas-objetivas\" data-level=\"2\">Provas objetivas<\/a><\/li><li><a href=\"#h-prova-discursiva\" data-level=\"2\">Prova discursiva<\/a><\/li><li><a href=\"#h-material-de-estudo\" data-level=\"2\">Material de Estudo<\/a><\/li><li><a href=\"#concursos-juridicos-assinaturas\" data-level=\"2\">Quer saber tudo sobre concursos jur\u00eddicos previstos? Confira nossos artigos!<\/a><\/li><\/ul><\/div>\n\n\n\n<h2 class=\"wp-block-heading\" id=\"h-residencia-tj-ap-situacao-atual\"><span id=\"residencia-tj-ap-situacao-atual\">Resid\u00eancia TJ AP: situa\u00e7\u00e3o atual<\/span><\/h2>\n\n\n\n<h2 class=\"wp-block-heading has-medium-font-size\" id=\"h-principais-datas\"><span id=\"principais-datas\">Principais datas<\/span><\/h2>\n\n\n\n<p class=\"has-very-light-gray-to-cyan-bluish-gray-gradient-background has-background\"><strong>Inscri\u00e7\u00f5es:<\/strong> <s>de 16\/05\/2023 a 09\/06\/2023<\/s><br><strong>Data da Prova:<\/strong> <s>09\/07\/2023<\/s><\/p>\n\n\n\n<h3 class=\"wp-block-heading\" id=\"h-resultados\"><span id=\"resultados\">Resultados <\/span><\/h3>\n\n\n\n<ul class=\"wp-block-list\">\n<li><a href=\"https:\/\/old.tjap.jus.br\/portal\/images\/stories\/documentos\/degesp\/concursos\/Resid_Juridica\/Homologacao_Resultado__Portaria_69446_GP.pdf\" target=\"_blank\" >Homologa\u00e7\u00e3o do resultado e designa\u00e7\u00e3o<\/a>;<\/li>\n\n\n\n<li><a href=\"https:\/\/old.tjap.jus.br\/portal\/images\/stories\/documentos\/degesp\/concursos\/Resid_Juridica\/EDITAL_011_2023_EJAP_RESULTADO_FINAL.pdf\" target=\"_blank\" >Resultado final<\/a>.<\/li>\n<\/ul>\n\n\n\n<ul class=\"wp-block-list\">\n<li><a href=\"https:\/\/old.tjap.jus.br\/portal\/images\/ejap\/Residencia_Juridica_-_Edital_010_Resultado_Exame_Documental.pdf\" target=\"_blank\" >Resultado do exame documental<\/a>;<\/li>\n\n\n\n<li><a href=\"https:\/\/old.tjap.jus.br\/portal\/images\/Edital_n._009-2023_-_EJAP_Residencia_Juridica.docx.pdf\" target=\"_blank\" >Edital n.\u00ba 009\/2023 \u2013 Altera\u00e7\u00e3o do Edital n.\u00ba 008\/2023<\/a>.<\/li>\n<\/ul>\n\n\n\n<ul class=\"wp-block-list\">\n<li><a href=\"https:\/\/old.tjap.jus.br\/portal\/images\/ejap\/Residencia_Juridica_Edital_008-2023-TJAP_EJAP-Respostas_Comissao_Quanto_Impugnacoes.pdf\" target=\"_blank\" >Edital n.\u00ba 008\/2023 \u2013 Respostas da comiss\u00e3o quanto \u00e0s impugna\u00e7\u00f5es<\/a>;<\/li>\n\n\n\n<li><a href=\"https:\/\/old.tjap.jus.br\/portal\/images\/ejap\/Residencia_Juridica_Edital_007-2023-EJAP-Resultado_Prova_Ojetiva_Discursiva.pdf\" target=\"_blank\" >Edital n.\u00ba 007\/2023 \u2013 Resultado das provas objetivas e discursivas<\/a>;<\/li>\n\n\n\n<li><a href=\"https:\/\/old.tjap.jus.br\/portal\/images\/ejap\/edital_6_ejap_residencia.pdf\" target=\"_blank\" >Edital n.\u00ba 006\/2023 \u2013 Recursos quanto \u00e0s quest\u00f5es objetivas e discursivas.<br><\/a><\/li>\n<\/ul>\n\n\n\n<h3 class=\"wp-block-heading\" id=\"h-gabarito-e-caderno-de-prova\"><span id=\"gabarito-e-caderno-de-prova\">Gabarito e Caderno de Prova<\/span><\/h3>\n\n\n\n<ul class=\"wp-block-list\">\n<li><a href=\"https:\/\/old.tjap.jus.br\/portal\/images\/ejap\/GABARITO_DA_PROVA_DISCURSIVA_-_RESIDENCIA_JURIDICA_DO_TJAP.pdf\" target=\"_blank\" >Gabarito da prova discursiva<\/a>;<\/li>\n\n\n\n<li><a href=\"https:\/\/old.tjap.jus.br\/portal\/images\/ejap\/GABARITO_PRELIMINAR.pdf\" target=\"_blank\" >Gabarito \u2013 Cargo: Residente<\/a>;<\/li>\n\n\n\n<li><a href=\"https:\/\/old.tjap.jus.br\/portal\/images\/ejap\/CADERNO_DE_PROVA_compressed.pdf\" target=\"_blank\" >Caderno de prova \u2013 Cargo: Residente<\/a>.<\/li>\n<\/ul>\n\n\n\n<h2 class=\"wp-block-heading\" id=\"cargos-e-vagas-camara-valenca-procurador\"><span id=\"requisitos\">Requisitos<\/span><\/h2>\n\n\n\n<p>O processo seletivo visou a admiss\u00e3o de Estudantes-Residentes no Programa de Resid\u00eancia Jur\u00eddica, portadores de Diploma de Bacharel em Direito, e que:<\/p>\n\n\n\n<ul class=\"wp-block-list\">\n<li>Estivessem regularmente matriculados(as) e cursando Especializa\u00e7\u00e3o, Mestrado, Doutorado, ou P\u00f3s-Doutorado; ou,<\/li>\n\n\n\n<li>Que tivessem conclu\u00eddo o curso de Gradua\u00e7\u00e3o h\u00e1 no m\u00e1ximo cinco anos.<\/li>\n<\/ul>\n\n\n\n<h2 class=\"wp-block-heading\" id=\"requisitos-e-remuneracao-procurador\"><span id=\"remuneracao\">Remunera\u00e7\u00e3o<\/span><\/h2>\n\n\n\n<p>No edital n\u00e3o foi divulgado o valor que os alunos recebem de bolsa resid\u00eancia. Mas, levando em conta outros editas de resid\u00eancia jur\u00eddica, o valores variam de de R$ 2.000,00 a R$ 3.000.<\/p>\n\n\n\n<h2 class=\"wp-block-heading\" id=\"etapas-e-provas-concurso-camara-valenca\"><span id=\"etapas-e-provas\">Etapas e Provas<\/span><\/h2>\n\n\n\n<p>Os candidatos foram avaliados por meio de duas etapas:<\/p>\n\n\n\n<ul class=\"wp-block-list\">\n<li><strong>Prova objetiva e prova discursiva<\/strong>;<\/li>\n<\/ul>\n\n\n\n<ul class=\"wp-block-list\">\n<li><strong>Exame documental<\/strong>.<\/li>\n<\/ul>\n\n\n\n<h2 class=\"wp-block-heading\" id=\"h-provas-objetivas\"><span id=\"provas-objetivas\">Provas  objetivas<\/span><\/h2>\n\n\n\n<figure class=\"wp-block-image size-large\"><img decoding=\"async\" width=\"1024\" height=\"543\" src=\"https:\/\/cj.estrategia.com\/portal\/wp-content\/uploads\/2023\/05\/13111640\/prova-tj-ap-1024x543.png\" alt=\"\" class=\"wp-image-36192\" srcset=\"https:\/\/cj.estrategia.com\/portal\/wp-content\/uploads\/2023\/05\/13111640\/prova-tj-ap-1024x543.png 1024w, https:\/\/cj.estrategia.com\/portal\/wp-content\/uploads\/2023\/05\/13111640\/prova-tj-ap-300x159.png 300w, https:\/\/cj.estrategia.com\/portal\/wp-content\/uploads\/2023\/05\/13111640\/prova-tj-ap-768x407.png 768w, https:\/\/cj.estrategia.com\/portal\/wp-content\/uploads\/2023\/05\/13111640\/prova-tj-ap-1536x814.png 1536w, https:\/\/cj.estrategia.com\/portal\/wp-content\/uploads\/2023\/05\/13111640\/prova-tj-ap-2048x1085.png 2048w, https:\/\/cj.estrategia.com\/portal\/wp-content\/uploads\/2023\/05\/13111640\/prova-tj-ap-380x201.png 380w, https:\/\/cj.estrategia.com\/portal\/wp-content\/uploads\/2023\/05\/13111640\/prova-tj-ap-800x424.png 800w, https:\/\/cj.estrategia.com\/portal\/wp-content\/uploads\/2023\/05\/13111640\/prova-tj-ap-1160x615.png 1160w, https:\/\/cj.estrategia.com\/portal\/wp-content\/uploads\/2023\/05\/13111640\/prova-tj-ap-150x79.png 150w, https:\/\/cj.estrategia.com\/portal\/wp-content\/uploads\/2023\/05\/13111640\/prova-tj-ap.png 3703w\" sizes=\"(max-width: 1024px) 100vw, 1024px\" \/><\/figure>\n\n\n\n<p>A Prova Objetiva teve 50 quest\u00f5es objetivas. As quest\u00f5es objetivas tiveram pesos diferenciados por disciplina de acordo com a tabela acima.<\/p>\n\n\n\n<h2 class=\"wp-block-heading\" id=\"h-prova-discursiva\"><span id=\"prova-discursiva\">Prova discursiva<\/span><\/h2>\n\n\n\n<p>Na prova discursiva os candidatos tiveram que responder a duas quest\u00f5es discursivas, para exame de situa\u00e7\u00e3o hipot\u00e9tica sobre incidente processual, e resposta quanto \u00e0 Decis\u00e3o Interlocut\u00f3ria cab\u00edvel, minimamente fundamentada, especificamente sobre as Disciplinas de Direito Processual Civil ou Direito Processual Penal.<\/p>\n\n\n\n<p>As quest\u00f5es discursivas valiam 12,5 pontos cada, totalizando 25 pontos; Em cada quest\u00e3o, 10 pontos foram aferidos quanto ao exame jur\u00eddico da situa\u00e7\u00e3o hipot\u00e9tica, a, fundamenta\u00e7\u00e3o apresentada e a decis\u00e3o sugerida.<\/p>\n\n\n\n<p>Em cada quest\u00e3o, 2,5 pontos foram aferidos quanto \u00e0 escrita, pontua\u00e7\u00e3o, sintaxe, conjuga\u00e7\u00e3o nominal e verbal, e demais aspectos quanto \u00e0 norma culta de escrita.<\/p>\n\n\n\n<h2 class=\"wp-block-heading\" id=\"h-material-de-estudo\"><span id=\"material-de-estudo\">Material de Estudo <\/span><\/h2>\n\n\n\n<ul class=\"wp-block-list\">\n<li><a href=\"https:\/\/cj.estrategia.com\/portal\/provas-comentadas-de-carreiras-juridicas\/\" target=\"_blank\" >Provas comentadas de carreiras jur\u00eddicas<\/a><\/li>\n<\/ul>\n\n\n\n<h2 class=\"wp-block-heading has-text-align-left\" id=\"concursos-juridicos-assinaturas\"><span id=\"quer-saber-tudo-sobre-concursos-juridicos-previstosconfira-nossos-artigos\">Quer saber tudo sobre concursos jur\u00eddicos previstos?<br>Confira nossos artigos!<\/span><\/h2>\n\n\n\n<ul class=\"wp-block-list\">\n<li><a href=\"https:\/\/cj.estrategia.com\/portal\/concursos-abertos-carreiras-juridicas\/\" target=\"_blank\" ><strong>Concursos jur\u00eddicos abertos<\/strong><\/a><\/li>\n\n\n\n<li><a href=\"https:\/\/cj.estrategia.com\/portal\/concursos-juridicos-2026-prepare-se-para-os-proximos-editais\/\" target=\"_blank\" >Concursos Jur\u00eddicos 2026<\/a><\/li>\n\n\n\n<li><strong><a href=\"https:\/\/cj.estrategia.com\/portal\/concursos-magistratura\/\" target=\"_blank\" >Concursos Magistratura<\/a><\/strong><\/li>\n<\/ul>\n\n\n\n<div class=\"wp-block-cover\" style=\"min-height:155px;aspect-ratio:unset;\"><img decoding=\"async\" width=\"1890\" height=\"351\" class=\"wp-block-cover__image-background wp-image-8669\" alt=\"Assinaturas Jur\u00eddicas\" src=\"https:\/\/cj.estrategia.com\/portal\/wp-content\/uploads\/2022\/06\/20151253\/concurso-carreiras-juridicas-assinatura-juridica.jpg\" style=\"object-position:78% 43%\" data-object-fit=\"cover\" data-object-position=\"78% 43%\" srcset=\"https:\/\/cj.estrategia.com\/portal\/wp-content\/uploads\/2022\/06\/20151253\/concurso-carreiras-juridicas-assinatura-juridica.jpg 1890w, https:\/\/cj.estrategia.com\/portal\/wp-content\/uploads\/2022\/06\/20151253\/concurso-carreiras-juridicas-assinatura-juridica-300x56.jpg 300w, https:\/\/cj.estrategia.com\/portal\/wp-content\/uploads\/2022\/06\/20151253\/concurso-carreiras-juridicas-assinatura-juridica-1024x190.jpg 1024w, https:\/\/cj.estrategia.com\/portal\/wp-content\/uploads\/2022\/06\/20151253\/concurso-carreiras-juridicas-assinatura-juridica-768x143.jpg 768w, https:\/\/cj.estrategia.com\/portal\/wp-content\/uploads\/2022\/06\/20151253\/concurso-carreiras-juridicas-assinatura-juridica-1536x285.jpg 1536w, https:\/\/cj.estrategia.com\/portal\/wp-content\/uploads\/2022\/06\/20151253\/concurso-carreiras-juridicas-assinatura-juridica-380x71.jpg 380w, https:\/\/cj.estrategia.com\/portal\/wp-content\/uploads\/2022\/06\/20151253\/concurso-carreiras-juridicas-assinatura-juridica-800x149.jpg 800w, https:\/\/cj.estrategia.com\/portal\/wp-content\/uploads\/2022\/06\/20151253\/concurso-carreiras-juridicas-assinatura-juridica-1160x215.jpg 1160w\" sizes=\"(max-width: 1890px) 100vw, 1890px\" \/><span aria-hidden=\"true\" class=\"wp-block-cover__background has-background-dim\"><\/span><div class=\"wp-block-cover__inner-container is-layout-flow wp-block-cover-is-layout-flow\">\n<h3 id=\"faca-a-sua-assinatura\" class=\"titulo-assinatura\"><span style=\"color: #ffffff;\">Fa\u00e7a a sua assinatura!<\/span><\/h3>\n<p class=\"subtitulo-assinatura\" style=\"display:block!important; line-height: 0;\"><span style=\"color: #ffffff;\">Escolha a sua \u00e1rea.<\/span><\/p>\n<a target=\"_blank\" href=\"https:\/\/www.estrategiaconcursos.com.br\/assinaturas-ecj\/\" rel=\"noopener\"><button style=\"border-radius: 10px; text-transform: capitalize;\">Acessar<\/button><\/a>\n<\/div><\/div>\n\n\n\n<figure class=\"wp-block-image is-resized\" id=\"block-3b8bacaa-0670-4296-b2f0-212db5343bcc\"><img decoding=\"async\" src=\"https:\/\/dhg1h5j42swfq.cloudfront.net\/2021\/04\/21143859\/ficha-tecnica-161-1024x632.png\" alt=\"concurso pss resid\u00eancia jur\u00eddica PGM POA\" style=\"width:187px;height:115px\"\/><\/figure>\n\n\n\n<p><strong>Informa\u00e7\u00f5es do <strong>Resid\u00eancia TJ <\/strong>AP<\/strong><\/p>\n\n\n\n<ul class=\"wp-block-list\">\n<li><strong>Data da prova<\/strong>: <s>09\/07\/2023.<\/s><\/li>\n\n\n\n<li><strong>Vagas: <\/strong>30+CR<\/li>\n\n\n\n<li><strong>Lota\u00e7\u00f5es: <\/strong>Amap\u00e1<\/li>\n\n\n\n<li><strong>Banca:<\/strong> Escola Judicial do Amap\u00e1 (EJAP)<\/li>\n\n\n\n<li><strong>Escolaridade: <\/strong>n\u00edvel superior em direito<\/li>\n\n\n\n<li><a href=\"https:\/\/cj.estrategia.com\/portal\/wp-content\/uploads\/2023\/05\/13113600\/Edital-Residencia-TJ-AP.pdf\" target=\"_blank\" rel=\"noreferrer noopener nofollow\"><span>Edital <\/span>Resid\u00eancia TJ AP 2023<\/a><\/li>\n<\/ul>\n","protected":false},"excerpt":{"rendered":"O resultado final do Programa de Resid\u00eancia Jur\u00eddica do Tribunal de Justi\u00e7a do Amap\u00e1 (TJ AP) foi homologado.&hellip;\n","protected":false},"author":12,"featured_media":177745,"comment_status":"open","ping_status":"open","sticky":false,"template":"","format":"standard","meta":{"_jetpack_memberships_contains_paid_content":false,"footnotes":""},"categories":[1],"tags":[],"tax_estado":[33],"class_list":{"0":"post-36186","1":"post","2":"type-post","3":"status-publish","4":"format-standard","5":"has-post-thumbnail","7":"category-carreiras-juridicas","8":"tax_estado-ap"},"acf":[],"yoast_head":"<!-- This site is optimized with the Yoast SEO Premium plugin v27.5 (Yoast SEO v27.5) - https:\/\/yoast.com\/product\/yoast-seo-premium-wordpress\/ -->\n<title>Resid\u00eancia Jur\u00eddica TJ AP: resultado homologado!<\/title>\n<meta name=\"description\" content=\"Resid\u00eancia TJ AP: homologado! confira AQUI os detalhes deste edital que ofertou 30 vagas para estudantes residentes!\" \/>\n<meta name=\"robots\" content=\"index, follow, max-snippet:-1, max-image-preview:large, max-video-preview:-1\" \/>\n<link rel=\"canonical\" href=\"https:\/\/cj.estrategia.com\/portal\/residencia-tj-ap\/\" \/>\n<meta property=\"og:locale\" content=\"pt_BR\" \/>\n<meta property=\"og:type\" content=\"article\" \/>\n<meta property=\"og:title\" content=\"Resid\u00eancia Jur\u00eddica TJ AP: resultado homologado!\" \/>\n<meta property=\"og:description\" content=\"Resid\u00eancia TJ AP: homologado! confira AQUI os detalhes deste edital que ofertou 30 vagas para estudantes residentes!\" \/>\n<meta property=\"og:url\" content=\"https:\/\/cj.estrategia.com\/portal\/residencia-tj-ap\/\" \/>\n<meta property=\"og:site_name\" content=\"Blog - Carreiras Jur\u00eddicas - Estrat\u00e9gia\" \/>\n<meta property=\"article:publisher\" content=\"https:\/\/www.facebook.com\/estrategiacarreirajuridica\/\" \/>\n<meta property=\"article:published_time\" content=\"2026-02-01T20:28:00+00:00\" \/>\n<meta property=\"article:modified_time\" content=\"2026-04-27T13:29:49+00:00\" \/>\n<meta property=\"og:image\" content=\"https:\/\/cj.estrategia.com\/portal\/wp-content\/uploads\/2026\/02\/04110838\/juiz.jpg\" \/>\n\t<meta property=\"og:image:width\" content=\"2459\" \/>\n\t<meta property=\"og:image:height\" content=\"1383\" \/>\n\t<meta property=\"og:image:type\" content=\"image\/jpeg\" \/>\n<meta name=\"author\" content=\"Coordena\u00e7\u00e3o\" \/>\n<meta name=\"twitter:card\" content=\"summary_large_image\" \/>\n<meta name=\"twitter:creator\" content=\"@EstratJuridica\" \/>\n<meta name=\"twitter:site\" content=\"@EstratJuridica\" \/>\n<meta name=\"twitter:label1\" content=\"Escrito por\" \/>\n\t<meta name=\"twitter:data1\" content=\"Coordena\u00e7\u00e3o\" \/>\n\t<meta name=\"twitter:label2\" content=\"Est. tempo de leitura\" \/>\n\t<meta name=\"twitter:data2\" content=\"4 minutos\" \/>\n<script type=\"application\/ld+json\" class=\"yoast-schema-graph\">{\"@context\":\"https:\\\/\\\/schema.org\",\"@graph\":[{\"@type\":\"NewsArticle\",\"@id\":\"https:\\\/\\\/cj.estrategia.com\\\/portal\\\/residencia-tj-ap\\\/#article\",\"isPartOf\":{\"@id\":\"https:\\\/\\\/cj.estrategia.com\\\/portal\\\/residencia-tj-ap\\\/\"},\"author\":{\"name\":\"Coordena\u00e7\u00e3o\",\"@id\":\"https:\\\/\\\/cj.estrategia.com\\\/portal\\\/#\\\/schema\\\/person\\\/4d70317d31449932b99102916b6637f5\"},\"headline\":\"Resid\u00eancia Jur\u00eddica TJ AP: resultado homologado!\",\"datePublished\":\"2026-02-01T20:28:00+00:00\",\"dateModified\":\"2026-04-27T13:29:49+00:00\",\"mainEntityOfPage\":{\"@id\":\"https:\\\/\\\/cj.estrategia.com\\\/portal\\\/residencia-tj-ap\\\/\"},\"wordCount\":527,\"commentCount\":0,\"publisher\":{\"@id\":\"https:\\\/\\\/cj.estrategia.com\\\/portal\\\/#organization\"},\"image\":{\"@id\":\"https:\\\/\\\/cj.estrategia.com\\\/portal\\\/residencia-tj-ap\\\/#primaryimage\"},\"thumbnailUrl\":\"https:\\\/\\\/cj.estrategia.com\\\/portal\\\/wp-content\\\/uploads\\\/2026\\\/02\\\/04110838\\\/juiz.jpg\",\"articleSection\":[\"Carreiras Jur\u00eddicas\"],\"inLanguage\":\"pt-BR\",\"potentialAction\":[{\"@type\":\"CommentAction\",\"name\":\"Comment\",\"target\":[\"https:\\\/\\\/cj.estrategia.com\\\/portal\\\/residencia-tj-ap\\\/#respond\"]}],\"accessibilityFeature\":[\"tableOfContents\"]},{\"@type\":\"WebPage\",\"@id\":\"https:\\\/\\\/cj.estrategia.com\\\/portal\\\/residencia-tj-ap\\\/\",\"url\":\"https:\\\/\\\/cj.estrategia.com\\\/portal\\\/residencia-tj-ap\\\/\",\"name\":\"Resid\u00eancia Jur\u00eddica TJ AP: resultado homologado!\",\"isPartOf\":{\"@id\":\"https:\\\/\\\/cj.estrategia.com\\\/portal\\\/#website\"},\"primaryImageOfPage\":{\"@id\":\"https:\\\/\\\/cj.estrategia.com\\\/portal\\\/residencia-tj-ap\\\/#primaryimage\"},\"image\":{\"@id\":\"https:\\\/\\\/cj.estrategia.com\\\/portal\\\/residencia-tj-ap\\\/#primaryimage\"},\"thumbnailUrl\":\"https:\\\/\\\/cj.estrategia.com\\\/portal\\\/wp-content\\\/uploads\\\/2026\\\/02\\\/04110838\\\/juiz.jpg\",\"datePublished\":\"2026-02-01T20:28:00+00:00\",\"dateModified\":\"2026-04-27T13:29:49+00:00\",\"description\":\"Resid\u00eancia TJ AP: homologado! confira AQUI os detalhes deste edital que ofertou 30 vagas para estudantes residentes!\",\"breadcrumb\":{\"@id\":\"https:\\\/\\\/cj.estrategia.com\\\/portal\\\/residencia-tj-ap\\\/#breadcrumb\"},\"inLanguage\":\"pt-BR\",\"potentialAction\":[{\"@type\":\"ReadAction\",\"target\":[\"https:\\\/\\\/cj.estrategia.com\\\/portal\\\/residencia-tj-ap\\\/\"]}]},{\"@type\":\"ImageObject\",\"inLanguage\":\"pt-BR\",\"@id\":\"https:\\\/\\\/cj.estrategia.com\\\/portal\\\/residencia-tj-ap\\\/#primaryimage\",\"url\":\"https:\\\/\\\/cj.estrategia.com\\\/portal\\\/wp-content\\\/uploads\\\/2026\\\/02\\\/04110838\\\/juiz.jpg\",\"contentUrl\":\"https:\\\/\\\/cj.estrategia.com\\\/portal\\\/wp-content\\\/uploads\\\/2026\\\/02\\\/04110838\\\/juiz.jpg\",\"width\":2459,\"height\":1383},{\"@type\":\"BreadcrumbList\",\"@id\":\"https:\\\/\\\/cj.estrategia.com\\\/portal\\\/residencia-tj-ap\\\/#breadcrumb\",\"itemListElement\":[{\"@type\":\"ListItem\",\"position\":1,\"name\":\"In\u00edcio\",\"item\":\"https:\\\/\\\/cj.estrategia.com\\\/portal\\\/\"},{\"@type\":\"ListItem\",\"position\":2,\"name\":\"Resid\u00eancia Jur\u00eddica TJ AP: resultado homologado!\"}]},{\"@type\":\"WebSite\",\"@id\":\"https:\\\/\\\/cj.estrategia.com\\\/portal\\\/#website\",\"url\":\"https:\\\/\\\/cj.estrategia.com\\\/portal\\\/\",\"name\":\"Blog - Carreiras Jur\u00eddicas - Estrat\u00e9gia\",\"description\":\"\",\"publisher\":{\"@id\":\"https:\\\/\\\/cj.estrategia.com\\\/portal\\\/#organization\"},\"potentialAction\":[{\"@type\":\"SearchAction\",\"target\":{\"@type\":\"EntryPoint\",\"urlTemplate\":\"https:\\\/\\\/cj.estrategia.com\\\/portal\\\/?s={search_term_string}\"},\"query-input\":{\"@type\":\"PropertyValueSpecification\",\"valueRequired\":true,\"valueName\":\"search_term_string\"}}],\"inLanguage\":\"pt-BR\"},{\"@type\":\"Organization\",\"@id\":\"https:\\\/\\\/cj.estrategia.com\\\/portal\\\/#organization\",\"name\":\"Estrat\u00e9gia - Carreiras Jur\u00eddicas\",\"url\":\"https:\\\/\\\/cj.estrategia.com\\\/portal\\\/\",\"logo\":{\"@type\":\"ImageObject\",\"inLanguage\":\"pt-BR\",\"@id\":\"https:\\\/\\\/cj.estrategia.com\\\/portal\\\/#\\\/schema\\\/logo\\\/image\\\/\",\"url\":\"https:\\\/\\\/cj.estrategia.com\\\/portal\\\/wp-content\\\/uploads\\\/2022\\\/03\\\/11151052\\\/cj-logo.png\",\"contentUrl\":\"https:\\\/\\\/cj.estrategia.com\\\/portal\\\/wp-content\\\/uploads\\\/2022\\\/03\\\/11151052\\\/cj-logo.png\",\"width\":150,\"height\":39,\"caption\":\"Estrat\u00e9gia - Carreiras Jur\u00eddicas\"},\"image\":{\"@id\":\"https:\\\/\\\/cj.estrategia.com\\\/portal\\\/#\\\/schema\\\/logo\\\/image\\\/\"},\"sameAs\":[\"https:\\\/\\\/www.facebook.com\\\/estrategiacarreirajuridica\\\/\",\"https:\\\/\\\/x.com\\\/EstratJuridica\",\"https:\\\/\\\/www.instagram.com\\\/estrategiacarreirajuridica\\\/\",\"https:\\\/\\\/www.youtube.com\\\/channel\\\/UClbMGuYbj2Mh1m3w144ETWQ\"]},{\"@type\":\"Person\",\"@id\":\"https:\\\/\\\/cj.estrategia.com\\\/portal\\\/#\\\/schema\\\/person\\\/4d70317d31449932b99102916b6637f5\",\"name\":\"Coordena\u00e7\u00e3o\",\"image\":{\"@type\":\"ImageObject\",\"inLanguage\":\"pt-BR\",\"@id\":\"https:\\\/\\\/cj.estrategia.com\\\/portal\\\/wp-content\\\/uploads\\\/2022\\\/05\\\/12164923\\\/estrategia-carreira-juridica-coordenacao-96x96.png\",\"url\":\"https:\\\/\\\/cj.estrategia.com\\\/portal\\\/wp-content\\\/uploads\\\/2022\\\/05\\\/12164923\\\/estrategia-carreira-juridica-coordenacao-96x96.png\",\"contentUrl\":\"https:\\\/\\\/cj.estrategia.com\\\/portal\\\/wp-content\\\/uploads\\\/2022\\\/05\\\/12164923\\\/estrategia-carreira-juridica-coordenacao-96x96.png\",\"caption\":\"Coordena\u00e7\u00e3o\"},\"url\":\"https:\\\/\\\/cj.estrategia.com\\\/portal\\\/author\\\/coordenacao\\\/\"}]}<\/script>\n<!-- \/ Yoast SEO Premium plugin. -->","yoast_head_json":{"title":"Resid\u00eancia Jur\u00eddica TJ AP: resultado homologado!","description":"Resid\u00eancia TJ AP: homologado! confira AQUI os detalhes deste edital que ofertou 30 vagas para estudantes residentes!","robots":{"index":"index","follow":"follow","max-snippet":"max-snippet:-1","max-image-preview":"max-image-preview:large","max-video-preview":"max-video-preview:-1"},"canonical":"https:\/\/cj.estrategia.com\/portal\/residencia-tj-ap\/","og_locale":"pt_BR","og_type":"article","og_title":"Resid\u00eancia Jur\u00eddica TJ AP: resultado homologado!","og_description":"Resid\u00eancia TJ AP: homologado! confira AQUI os detalhes deste edital que ofertou 30 vagas para estudantes residentes!","og_url":"https:\/\/cj.estrategia.com\/portal\/residencia-tj-ap\/","og_site_name":"Blog - Carreiras Jur\u00eddicas - Estrat\u00e9gia","article_publisher":"https:\/\/www.facebook.com\/estrategiacarreirajuridica\/","article_published_time":"2026-02-01T20:28:00+00:00","article_modified_time":"2026-04-27T13:29:49+00:00","og_image":[{"width":2459,"height":1383,"url":"https:\/\/cj.estrategia.com\/portal\/wp-content\/uploads\/2026\/02\/04110838\/juiz.jpg","type":"image\/jpeg"}],"author":"Coordena\u00e7\u00e3o","twitter_card":"summary_large_image","twitter_creator":"@EstratJuridica","twitter_site":"@EstratJuridica","twitter_misc":{"Escrito por":"Coordena\u00e7\u00e3o","Est. tempo de leitura":"4 minutos"},"schema":{"@context":"https:\/\/schema.org","@graph":[{"@type":"NewsArticle","@id":"https:\/\/cj.estrategia.com\/portal\/residencia-tj-ap\/#article","isPartOf":{"@id":"https:\/\/cj.estrategia.com\/portal\/residencia-tj-ap\/"},"author":{"name":"Coordena\u00e7\u00e3o","@id":"https:\/\/cj.estrategia.com\/portal\/#\/schema\/person\/4d70317d31449932b99102916b6637f5"},"headline":"Resid\u00eancia Jur\u00eddica TJ AP: resultado homologado!","datePublished":"2026-02-01T20:28:00+00:00","dateModified":"2026-04-27T13:29:49+00:00","mainEntityOfPage":{"@id":"https:\/\/cj.estrategia.com\/portal\/residencia-tj-ap\/"},"wordCount":527,"commentCount":0,"publisher":{"@id":"https:\/\/cj.estrategia.com\/portal\/#organization"},"image":{"@id":"https:\/\/cj.estrategia.com\/portal\/residencia-tj-ap\/#primaryimage"},"thumbnailUrl":"https:\/\/cj.estrategia.com\/portal\/wp-content\/uploads\/2026\/02\/04110838\/juiz.jpg","articleSection":["Carreiras Jur\u00eddicas"],"inLanguage":"pt-BR","potentialAction":[{"@type":"CommentAction","name":"Comment","target":["https:\/\/cj.estrategia.com\/portal\/residencia-tj-ap\/#respond"]}],"accessibilityFeature":["tableOfContents"]},{"@type":"WebPage","@id":"https:\/\/cj.estrategia.com\/portal\/residencia-tj-ap\/","url":"https:\/\/cj.estrategia.com\/portal\/residencia-tj-ap\/","name":"Resid\u00eancia Jur\u00eddica TJ AP: resultado homologado!","isPartOf":{"@id":"https:\/\/cj.estrategia.com\/portal\/#website"},"primaryImageOfPage":{"@id":"https:\/\/cj.estrategia.com\/portal\/residencia-tj-ap\/#primaryimage"},"image":{"@id":"https:\/\/cj.estrategia.com\/portal\/residencia-tj-ap\/#primaryimage"},"thumbnailUrl":"https:\/\/cj.estrategia.com\/portal\/wp-content\/uploads\/2026\/02\/04110838\/juiz.jpg","datePublished":"2026-02-01T20:28:00+00:00","dateModified":"2026-04-27T13:29:49+00:00","description":"Resid\u00eancia TJ AP: homologado! confira AQUI os detalhes deste edital que ofertou 30 vagas para estudantes residentes!","breadcrumb":{"@id":"https:\/\/cj.estrategia.com\/portal\/residencia-tj-ap\/#breadcrumb"},"inLanguage":"pt-BR","potentialAction":[{"@type":"ReadAction","target":["https:\/\/cj.estrategia.com\/portal\/residencia-tj-ap\/"]}]},{"@type":"ImageObject","inLanguage":"pt-BR","@id":"https:\/\/cj.estrategia.com\/portal\/residencia-tj-ap\/#primaryimage","url":"https:\/\/cj.estrategia.com\/portal\/wp-content\/uploads\/2026\/02\/04110838\/juiz.jpg","contentUrl":"https:\/\/cj.estrategia.com\/portal\/wp-content\/uploads\/2026\/02\/04110838\/juiz.jpg","width":2459,"height":1383},{"@type":"BreadcrumbList","@id":"https:\/\/cj.estrategia.com\/portal\/residencia-tj-ap\/#breadcrumb","itemListElement":[{"@type":"ListItem","position":1,"name":"In\u00edcio","item":"https:\/\/cj.estrategia.com\/portal\/"},{"@type":"ListItem","position":2,"name":"Resid\u00eancia Jur\u00eddica TJ AP: resultado homologado!"}]},{"@type":"WebSite","@id":"https:\/\/cj.estrategia.com\/portal\/#website","url":"https:\/\/cj.estrategia.com\/portal\/","name":"Blog - Carreiras Jur\u00eddicas - Estrat\u00e9gia","description":"","publisher":{"@id":"https:\/\/cj.estrategia.com\/portal\/#organization"},"potentialAction":[{"@type":"SearchAction","target":{"@type":"EntryPoint","urlTemplate":"https:\/\/cj.estrategia.com\/portal\/?s={search_term_string}"},"query-input":{"@type":"PropertyValueSpecification","valueRequired":true,"valueName":"search_term_string"}}],"inLanguage":"pt-BR"},{"@type":"Organization","@id":"https:\/\/cj.estrategia.com\/portal\/#organization","name":"Estrat\u00e9gia - Carreiras Jur\u00eddicas","url":"https:\/\/cj.estrategia.com\/portal\/","logo":{"@type":"ImageObject","inLanguage":"pt-BR","@id":"https:\/\/cj.estrategia.com\/portal\/#\/schema\/logo\/image\/","url":"https:\/\/cj.estrategia.com\/portal\/wp-content\/uploads\/2022\/03\/11151052\/cj-logo.png","contentUrl":"https:\/\/cj.estrategia.com\/portal\/wp-content\/uploads\/2022\/03\/11151052\/cj-logo.png","width":150,"height":39,"caption":"Estrat\u00e9gia - Carreiras Jur\u00eddicas"},"image":{"@id":"https:\/\/cj.estrategia.com\/portal\/#\/schema\/logo\/image\/"},"sameAs":["https:\/\/www.facebook.com\/estrategiacarreirajuridica\/","https:\/\/x.com\/EstratJuridica","https:\/\/www.instagram.com\/estrategiacarreirajuridica\/","https:\/\/www.youtube.com\/channel\/UClbMGuYbj2Mh1m3w144ETWQ"]},{"@type":"Person","@id":"https:\/\/cj.estrategia.com\/portal\/#\/schema\/person\/4d70317d31449932b99102916b6637f5","name":"Coordena\u00e7\u00e3o","image":{"@type":"ImageObject","inLanguage":"pt-BR","@id":"https:\/\/cj.estrategia.com\/portal\/wp-content\/uploads\/2022\/05\/12164923\/estrategia-carreira-juridica-coordenacao-96x96.png","url":"https:\/\/cj.estrategia.com\/portal\/wp-content\/uploads\/2022\/05\/12164923\/estrategia-carreira-juridica-coordenacao-96x96.png","contentUrl":"https:\/\/cj.estrategia.com\/portal\/wp-content\/uploads\/2022\/05\/12164923\/estrategia-carreira-juridica-coordenacao-96x96.png","caption":"Coordena\u00e7\u00e3o"},"url":"https:\/\/cj.estrategia.com\/portal\/author\/coordenacao\/"}]}},"jetpack_featured_media_url":"https:\/\/cj.estrategia.com\/portal\/wp-content\/uploads\/2026\/02\/04110838\/juiz.jpg","jetpack_sharing_enabled":true,"_links":{"self":[{"href":"https:\/\/cj.estrategia.com\/portal\/wp-json\/wp\/v2\/posts\/36186","targetHints":{"allow":["GET"]}}],"collection":[{"href":"https:\/\/cj.estrategia.com\/portal\/wp-json\/wp\/v2\/posts"}],"about":[{"href":"https:\/\/cj.estrategia.com\/portal\/wp-json\/wp\/v2\/types\/post"}],"author":[{"embeddable":true,"href":"https:\/\/cj.estrategia.com\/portal\/wp-json\/wp\/v2\/users\/12"}],"replies":[{"embeddable":true,"href":"https:\/\/cj.estrategia.com\/portal\/wp-json\/wp\/v2\/comments?post=36186"}],"version-history":[{"count":0,"href":"https:\/\/cj.estrategia.com\/portal\/wp-json\/wp\/v2\/posts\/36186\/revisions"}],"wp:featuredmedia":[{"embeddable":true,"href":"https:\/\/cj.estrategia.com\/portal\/wp-json\/wp\/v2\/media\/177745"}],"wp:attachment":[{"href":"https:\/\/cj.estrategia.com\/portal\/wp-json\/wp\/v2\/media?parent=36186"}],"wp:term":[{"taxonomy":"category","embeddable":true,"href":"https:\/\/cj.estrategia.com\/portal\/wp-json\/wp\/v2\/categories?post=36186"},{"taxonomy":"post_tag","embeddable":true,"href":"https:\/\/cj.estrategia.com\/portal\/wp-json\/wp\/v2\/tags?post=36186"},{"taxonomy":"tax_estado","embeddable":true,"href":"https:\/\/cj.estrategia.com\/portal\/wp-json\/wp\/v2\/tax_estado?post=36186"}],"curies":[{"name":"wp","href":"https:\/\/api.w.org\/{rel}","templated":true}]}}