{"id":35831,"date":"2023-05-08T16:38:14","date_gmt":"2023-05-08T19:38:14","guid":{"rendered":"https:\/\/cj.estrategia.com\/portal\/?p=35831"},"modified":"2023-05-08T16:38:22","modified_gmt":"2023-05-08T19:38:22","slug":"prova-comentada-direito-internacional-publico-procurador-federal-agu","status":"publish","type":"post","link":"https:\/\/cj.estrategia.com\/portal\/prova-comentada-direito-internacional-publico-procurador-federal-agu\/","title":{"rendered":"Prova comentada Direito Internacional P\u00fablico Procurador Federal (AGU)"},"content":{"rendered":"\n<p>Ol\u00e1, pessoal, tudo certo?!<\/p>\n\n\n\n<p>Em 07\/05\/2023, foi aplicada a prova objetiva do concurso p\u00fablico para&nbsp; <strong>Procurador Federal<\/strong>. Assim que encerrada, nosso time de professores elaborou o gabarito extraoficial, que, agora, ser\u00e1 apresentado juntamente com a nossa <strong>PROVA COMENTADA<\/strong>.<\/p>\n\n\n\n<p>Este material visa auxili\u00e1-los na aferi\u00e7\u00e3o das notas, elabora\u00e7\u00e3o de eventuais recursos, verifica\u00e7\u00e3o das chances de avan\u00e7o para fase discursiva, bem como na revis\u00e3o do conte\u00fado cobrado no certame.<\/p>\n\n\n\n<p>Desde j\u00e1, destacamos que nosso time de professores identificou 1 quest\u00e3o pass\u00edvel de anula\u00e7\u00e3o, por apresentar duas alternativas corretas, como veremos adiante. No tipo de prova comentado, trata-se da quest\u00e3o 34.<\/p>\n\n\n\n<p>De modo complementar, elaboramos tamb\u00e9m o <strong>RANKING de Procurador Federal<\/strong>, em que nossos alunos e seguidores poder\u00e3o inserir suas respostas \u00e0 prova, e, ao final, aferir sua nota, de acordo com o gabarito elaborado por nossos professores. Atrav\u00e9s do ranking, tamb\u00e9m poderemos estimar a nota de corte da 1\u00ba fase. Essa ferramenta \u00e9 gratuita e, para participar, basta acessar o artigo: <strong><a href=\"https:\/\/cj.estrategia.com\/portal\/gabarito-extraoficial-procurador-federal-agu\/\" target=\"_blank\" >Gabarito Extraoficial Procurador Federal (AGU)<\/a><\/strong><\/p>\n\n\n\n<p>Por fim, comentaremos a prova, as quest\u00f5es mais pol\u00eamicas, as possibilidades de recurso, bem como a estimativa da nota de corte no <strong>TERM\u00d4METRO P\u00d3S-PROVA<\/strong>, no nosso canal do Youtube. Inscreva-se e ative as notifica\u00e7\u00f5es!<\/p>\n\n\n\n<p class=\"has-text-align-center\"><a href=\"https:\/\/www.youtube.com\/@EstrategiaCarreiraJuridica\"><strong>Estrat\u00e9gia Carreira Jur\u00eddica &#8211; YouTube<\/strong><\/a><strong><\/strong><\/p>\n\n\n\n<p>Todos os eventos poder\u00e3o ser acompanhados atrav\u00e9s do artigo <a href=\"https:\/\/cj.estrategia.com\/portal\/gabarito-extraoficial-procurador-federal-agu\/\">Gabarito Extraoficial Procurador Federal (AGU): veja a corre\u00e7\u00e3o<\/a><\/p>\n\n\n\n<p>Esperamos que gostem do material e de todos os novos projetos que preparamos para que avancem rumo \u00e0 aprova\u00e7\u00e3o.<\/p>\n\n\n\n<h2 class=\"wp-block-heading\" id=\"h-prova-comentada-direito-internacional\"><span id=\"prova-comentada-direito-internacional\"><strong><mark style=\"background-color:rgba(0, 0, 0, 0)\" class=\"has-inline-color has-vivid-red-color\">PROVA COMENTADA DIREITO INTERNACIONAL<\/mark><\/strong><\/span><\/h2>\n\n\n\n<p><strong>QUEST\u00c3O 84. De acordo com a Conven\u00e7\u00e3o sobre Privil\u00e9gios e Imunidades das Na\u00e7\u00f5es Unidas, promulgada no Brasil pelo Decreto n.\u00ba 27.784\/1950, e a Conven\u00e7\u00e3o sobre Privil\u00e9gios e Imunidades das Ag\u00eancias Especializadas das Na\u00e7\u00f5es Unidas, promulgada no Brasil pelo Decreto n\u00ba 52.288\/1963, o organismo internacional criado por tratado firmado pelo Brasil e internalizado na ordem jur\u00eddica brasileira estabelece, entre outros privil\u00e9gios, a imunidade de jurisdi\u00e7\u00e3o. Acerca dessa imunidade e da possibilidade de demanda, entende o STF que:<\/strong><\/p>\n\n\n\n<p><strong>a) as referidas conven\u00e7\u00f5es, no \u00e2mbito do direito interno, t\u00eam natureza equivalente \u00e0 das leis ordin\u00e1rias, mas n\u00e3o se aplicam \u00e0s lides trabalhistas.<\/strong><\/p>\n\n\n\n<p><strong>b) a pessoa jur\u00eddica de direito internacional que integra a Organiza\u00e7\u00e3o das Na\u00e7\u00f5es Unidas (ONU) possui imunidade de jurisdi\u00e7\u00e3o, \u00e0 exce\u00e7\u00e3o das causas trabalhistas.<\/strong><\/p>\n\n\n\n<p><strong>c) a pessoa jur\u00eddica de direito internacional n\u00e3o pode ser demandada em ju\u00edzo, salvo em caso de ren\u00fancia expressa a essa imunidade.<\/strong><\/p>\n\n\n\n<p><strong>d) as referidas conven\u00e7\u00f5es, no \u00e2mbito do direito interno, t\u00eam natureza equivalente \u00e0 das leis complementares e aplicam-se \u00e0s lides trabalhistas.<\/strong><\/p>\n\n\n\n<p><strong>e) a pessoa jur\u00eddica de direito internacional que n\u00e3o integra a Organiza\u00e7\u00e3o das Na\u00e7\u00f5es Unidas (ONU) tem direito \u00e0 imunidade de jurisdi\u00e7\u00e3o e de execu\u00e7\u00e3o quanto \u00e0s causas<br>trabalhistas.<\/strong><\/p>\n\n\n\n<p><strong>Coment\u00e1rios<\/strong><\/p>\n\n\n\n<p>A alternativa correta \u00e9 a <strong>letra C<\/strong>.<\/p>\n\n\n\n<p>A alternativa A est\u00e1 incorreta, conforme o entendimento do STF (RE 578.543): \u201c(&#8230;) 1. Segundo estabelece a \u2018Conven\u00e7\u00e3o sobre Privil\u00e9gios e Imunidades das Na\u00e7\u00f5es Unidas\u2019, promulgada no Brasil pelo Decreto 27.784, de 16 de fevereiro de 1950, \u2018A Organiza\u00e7\u00e3o das Na\u00e7\u00f5es Unidas, seus bens e haveres, qualquer que seja seu detentor, gozar\u00e3o de imunidade de jurisdi\u00e7\u00e3o, salvo na medida em que a Organiza\u00e7\u00e3o a ela tiver renunciado em determinado caso. Fica, todavia, entendido que a ren\u00fancia n\u00e3o pode compreender medidas executivas\u2019. 2. Esse preceito normativo, que no direito interno tem natureza equivalente \u00e0 das leis ordin\u00e1rias, aplica-se tamb\u00e9m \u00e0s demandas de natureza trabalhista. 3. Recurso extraordin\u00e1rio provido\u201d.<\/p>\n\n\n\n<p>A alternativa B est\u00e1 incorreta, conforme o entendimento do STF (AI 744.777-AgR): \u201c(&#8230;) Em decis\u00e3o recente, no julgamento do RE 578.543, redator para o ac\u00f3rd\u00e3o Ministro Teori Zavaski, o Supremo Tribunal Federal fixou entendimento no sentido de que a Organiza\u00e7\u00e3o das Na\u00e7\u00f5es Unidas (ONU) e os organismos que dela fazem parte t\u00eam direito \u00e0 imunidade de jurisdi\u00e7\u00e3o e de execu\u00e7\u00e3o, quanto \u00e0s causas trabalhistas\u201d.<\/p>\n\n\n\n<p>A alternativa C est\u00e1 correta, conforme a tese fixada pelo STF em Repercuss\u00e3o Geral (RE 1034840 RG\/DF): \u201cO organismo internacional que tenha garantida a imunidade de jurisdi\u00e7\u00e3o em tratado firmado pelo Brasil e internalizado na ordem jur\u00eddica brasileira n\u00e3o pode ser demandado em ju\u00edzo, salvo em caso de ren\u00fancia expressa a essa imunidade\u201d.<\/p>\n\n\n\n<p>A alternativa D est\u00e1 incorreta, conforme o fundamento exposto na alternativa A.<\/p>\n\n\n\n<p>A alternativa E est\u00e1 incorreta, conforme o fundamento exposto na alternativa B.<\/p>\n\n\n\n<p><strong>QUEST\u00c3O 85. S\u00e3o fontes das quais a Corte Internacional de Justi\u00e7a poder\u00e1 se valer para decidir sobre as controv\u00e9rsias que lhe s\u00e3o submetidas conforme o seu estatuto:<\/strong><\/p>\n\n\n\n<p><strong>I conven\u00e7\u00f5es internacionais, quer gerais, quer especiais, que estabele\u00e7am regras expressamente reconhecidas pelos Estados litigantes.<\/strong><\/p>\n\n\n\n<p><strong>II decis\u00f5es judici\u00e1rias e a doutrina dos juristas mais qualificados das diferentes na\u00e7\u00f5es, como meio para a determina\u00e7\u00e3o das regras de direito, sendo a decis\u00e3o da Corte vinculante para todos os pa\u00edses membros.<\/strong><\/p>\n\n\n\n<p><strong>III princ\u00edpios gerais de direito reconhecidos pelas na\u00e7\u00f5es civilizadas.<\/strong><\/p>\n\n\n\n<p><strong>IV costume internacional, como prova de uma pr\u00e1tica geral aceita como sendo o direito.<\/strong><\/p>\n\n\n\n<p><strong>Est\u00e3o certos apenas os itens:<\/strong><\/p>\n\n\n\n<p><strong>a) I e II.<\/strong><\/p>\n\n\n\n<p><strong>b) I e IV.<\/strong><\/p>\n\n\n\n<p><strong>c) II e III.<\/strong><\/p>\n\n\n\n<p><strong>d) I, III e IV.<\/strong><\/p>\n\n\n\n<p><strong>e) II, III e IV.<\/strong><\/p>\n\n\n\n<p><strong>Coment\u00e1rios<\/strong><\/p>\n\n\n\n<p>A alternativa correta \u00e9 a <strong>letra D<\/strong>, porque apenas os itens I, III e IV est\u00e3o corretos.<\/p>\n\n\n\n<p>O item I est\u00e1 correto, conforme a previs\u00e3o do art. 38, al\u00ednea \u2018a\u2019, do Estatuto da Corte Internacional de Justi\u00e7a: \u201cA Corte, cuja fun\u00e7\u00e3o \u00e9 decidir de acordo com o direito internacional as controv\u00e9rsias que lhe forem submetidas, aplicar\u00e1: a. as conven\u00e7\u00f5es internacionais, quer gerais, quer especiais, que estabele\u00e7am regras expressamente reconhecidas pelos Estados litigantes\u201d.&nbsp;<\/p>\n\n\n\n<p>O item II est\u00e1 incorreto, conforme a previs\u00e3o do art. 38, al\u00ednea \u2018d\u2019 e do art. 59, ambos do Estatuto da Corte Internacional de Justi\u00e7a, respectivamente: \u201c(&#8230;) d. sob ressalva da disposi\u00e7\u00e3o do Artigo 59, as decis\u00f5es judici\u00e1rias e a doutrina dos juristas mais qualificados das diferentes na\u00e7\u00f5es, como meio auxiliar para a determina\u00e7\u00e3o das regras de direito\u201d; \u201cA decis\u00e3o da Corte s\u00f3 ser\u00e1 obrigat\u00f3ria para as partes litigantes e a respeito do caso em quest\u00e3o\u201d.<\/p>\n\n\n\n<p>O item III est\u00e1 correto, conforme a previs\u00e3o do art. 38, al\u00ednea \u2018c\u2019, do Estatuto da Corte Internacional de Justi\u00e7a: \u201c(&#8230;) c. os princ\u00edpios gerais de direito, reconhecidos pelas na\u00e7\u00f5es civilizadas\u201d.<\/p>\n\n\n\n<p>O item IV est\u00e1 correto, conforme a previs\u00e3o do art. 38, al\u00ednea \u2018b\u2019, do Estatuto da Corte Internacional de Justi\u00e7a: \u201c(&#8230;) b. o costume internacional, como prova de uma pr\u00e1tica geral aceita como sendo o direito\u201d.<\/p>\n\n\n\n<p><strong>QUEST\u00c3O 86. Assinale a op\u00e7\u00e3o correta no que concerne \u00e0 naturaliza\u00e7\u00e3o, conforme disposto na Lei n.\u00ba 13.445\/2017 &#8211; Lei de Migra\u00e7\u00e3o.<\/strong><\/p>\n\n\n\n<p><strong>a) A naturaliza\u00e7\u00e3o extraordin\u00e1ria ser\u00e1 concedida ao estrangeiro que se tenha se fixado no Brasil por mais de 10 anos ininterruptos e sem condena\u00e7\u00e3o penal, devendo ser requerida pelo interessado.<\/strong><\/p>\n\n\n\n<p><strong>b) A naturaliza\u00e7\u00e3o especial \u00e9 concedida ao estrangeiro que seja c\u00f4njuge ou companheiro, h\u00e1 mais de 3 anos, de integrante do servi\u00e7o exterior brasileiro em atividade ou de pessoa a servi\u00e7o do Estado brasileiro no exterior; ou que seja ou tenha sido empregado em miss\u00e3o diplom\u00e1tica ou em reparti\u00e7\u00e3o consular do Brasil por mais de 5 anos, de forma alternada.<\/strong><\/p>\n\n\n\n<p><strong>c) Entre os requisitos para obter a naturaliza\u00e7\u00e3o ordin\u00e1ria, o naturalizando deve possuir capacidade civil, segundo a lei brasileira, ter resid\u00eancia em territ\u00f3rio nacional, pelo prazo m\u00ednimo de 4 anos, sendo esse prazo reduzido para, no m\u00ednimo, 1 ano caso o naturalizando tenha prestado servi\u00e7o relevante ao Brasil.<\/strong><\/p>\n\n\n\n<p><strong>d) A naturaliza\u00e7\u00e3o provis\u00f3ria \u00e9 concedida ao migrante crian\u00e7a ou adolescente que tenha fixado resid\u00eancia em territ\u00f3rio nacional at\u00e9 os 12 anos de idade e requerida por interm\u00e9dio de seu representante legal, podendo a naturaliza\u00e7\u00e3o ser convertida em definitiva se o naturalizando assim o requerer no prazo de 1 ano ap\u00f3s atingir a maioridade.<\/strong><\/p>\n\n\n\n<p><strong>e) No curso do processo de naturaliza\u00e7\u00e3o, o naturalizando poder\u00e1 solicitar a tradu\u00e7\u00e3o ou a adapta\u00e7\u00e3o de seu nome \u00e0 l\u00edngua portuguesa, o qual integrar\u00e1 cadastro com o nome traduzido ou adaptado associado ao nome anterior; do pedido de naturaliza\u00e7\u00e3o apresentado e processado n\u00e3o caber\u00e1 recurso em caso de denega\u00e7\u00e3o.<\/strong><\/p>\n\n\n\n<p><strong>Coment\u00e1rios<\/strong><\/p>\n\n\n\n<p>A alternativa correta \u00e9 a <strong>letra C<\/strong>.<\/p>\n\n\n\n<p>A alternativa A est\u00e1 incorreta, conforme a previs\u00e3o do art. 67 da Lei de Migra\u00e7\u00e3o: \u201cA naturaliza\u00e7\u00e3o extraordin\u00e1ria ser\u00e1 concedida a pessoa de qualquer nacionalidade fixada no Brasil h\u00e1 mais de 15 (quinze) anos ininterruptos e sem condena\u00e7\u00e3o penal, desde que requeira a nacionalidade brasileira\u201d.<\/p>\n\n\n\n<p>A alternativa B est\u00e1 incorreta, conforme a previs\u00e3o do art. 68, incisos I e II, da Lei de Migra\u00e7\u00e3o: \u201cA naturaliza\u00e7\u00e3o especial poder\u00e1 ser concedida ao estrangeiro que se encontre em uma das seguintes situa\u00e7\u00f5es: I &#8211; seja c\u00f4njuge ou companheiro, h\u00e1 mais de 5 (cinco) anos, de integrante do Servi\u00e7o Exterior Brasileiro em atividade ou de pessoa a servi\u00e7o do Estado brasileiro no exterior; ou II &#8211; seja ou tenha sido empregado em miss\u00e3o diplom\u00e1tica ou em reparti\u00e7\u00e3o consular do Brasil por mais de 10 (dez) anos ininterruptos\u201d.<\/p>\n\n\n\n<p>A alternativa C est\u00e1 correta, conforme a previs\u00e3o do art. 65, incisos I e II e do art. 66, inciso V, ambos da Lei de Migra\u00e7\u00e3o, respectivamente: \u201cSer\u00e1 concedida a naturaliza\u00e7\u00e3o ordin\u00e1ria \u00e0quele que preencher as seguintes condi\u00e7\u00f5es: I &#8211; ter capacidade civil, segundo a lei brasileira; II &#8211; ter resid\u00eancia em territ\u00f3rio nacional, pelo prazo m\u00ednimo de 4 (quatro) anos\u201d; \u201cO prazo de resid\u00eancia fixado no inciso II do&nbsp;caput&nbsp;do art. 65 ser\u00e1 reduzido para, no m\u00ednimo, 1 (um) ano se o naturalizando preencher quaisquer das seguintes condi\u00e7\u00f5es: V &#8211; haver prestado ou poder prestar servi\u00e7o relevante ao Brasil\u201d.<\/p>\n\n\n\n<p>A alternativa D est\u00e1 incorreta, conforme a previs\u00e3o do art. 70 da Lei de Migra\u00e7\u00e3o: \u201cA naturaliza\u00e7\u00e3o provis\u00f3ria poder\u00e1 ser concedida ao migrante crian\u00e7a ou adolescente que tenha fixado resid\u00eancia em territ\u00f3rio nacional antes de completar 10 (dez) anos de idade e dever\u00e1 ser requerida por interm\u00e9dio de seu representante legal. Par\u00e1grafo \u00fanico. A naturaliza\u00e7\u00e3o prevista no&nbsp;caput&nbsp;ser\u00e1 convertida em definitiva se o naturalizando expressamente assim o requerer no prazo de 2 (dois) anos ap\u00f3s atingir a maioridade\u201d.<\/p>\n\n\n\n<p>A alternativa E est\u00e1 incorreta, conforme a previs\u00e3o do art. 71 da Lei de Migra\u00e7\u00e3o: \u201cO pedido de naturaliza\u00e7\u00e3o ser\u00e1 apresentado e processado na forma prevista pelo \u00f3rg\u00e3o competente do Poder Executivo, sendo cab\u00edvel recurso em caso de denega\u00e7\u00e3o. \u00a7 1\u00ba No curso do processo de naturaliza\u00e7\u00e3o, o naturalizando poder\u00e1 requerer a tradu\u00e7\u00e3o ou a adapta\u00e7\u00e3o de seu nome \u00e0 l\u00edngua portuguesa. \u00a7 2\u00ba Ser\u00e1 mantido cadastro com o nome traduzido ou adaptado associado ao nome anterior\u201d.<\/p>\n\n\n\n<h3 id=\"acesse-todo-o-conteudo-da-prova-tj-ms-juiz-em-gabarito-extraoficial-pgf\" class=\"wp-block-heading has-cyan-bluish-gray-background-color has-background\"><strong>Acesse todo o conte\u00fado da Prova TJ MS Juiz em:&nbsp;<\/strong><a href=\"https:\/\/cj.estrategia.com\/portal\/gabarito-extraoficial-procurador-federal-agu\/\" target=\"_blank\" >Gabarito Extraoficial PGF<\/a><\/h3>\n\n\n\n<p class=\"has-text-align-center has-luminous-vivid-amber-background-color has-background has-medium-font-size\"><a href=\"https:\/\/cj.estrategia.com\/portal\/concurso-procurador-federal\/\" target=\"_blank\" rel=\"noreferrer noopener nofollow\"><strong>Saiba mais: concurso Procurador Federal<\/strong><\/a><\/p>\n\n\n\n<h2 class=\"wp-block-heading has-text-align-center\" id=\"cursos-ficha\"><span id=\"quer-estudar-para-concursos-de-direito\">Quer estudar para Concursos de Direito?<\/span><\/h2>\n\n\n\n<p>O Estrat\u00e9gia Carreira Jur\u00eddica \u00e9 campe\u00e3o de aprova\u00e7\u00f5es nos concursos para Carreiras Jur\u00eddicas com um corpo docente qualificado e materiais completos. Conhe\u00e7a nossos cursos e garanta sua aprova\u00e7\u00e3o:<\/p>\n\n\n\n<div class=\"wp-block-cover\" style=\"min-height:142px;aspect-ratio:unset;\"><span aria-hidden=\"true\" class=\"wp-block-cover__background has-background-dim\"><\/span><img decoding=\"async\" width=\"1890\" height=\"351\" class=\"wp-block-cover__image-background wp-image-8669\" alt=\"assinatura carreira jur\u00eddica\" src=\"https:\/\/cj.estrategia.com\/portal\/wp-content\/uploads\/2022\/06\/20151253\/concurso-carreiras-juridicas-assinatura-juridica.jpg\" style=\"object-position:75% 40%\" data-object-fit=\"cover\" data-object-position=\"75% 40%\" srcset=\"https:\/\/cj.estrategia.com\/portal\/wp-content\/uploads\/2022\/06\/20151253\/concurso-carreiras-juridicas-assinatura-juridica.jpg 1890w, https:\/\/cj.estrategia.com\/portal\/wp-content\/uploads\/2022\/06\/20151253\/concurso-carreiras-juridicas-assinatura-juridica-300x56.jpg 300w, https:\/\/cj.estrategia.com\/portal\/wp-content\/uploads\/2022\/06\/20151253\/concurso-carreiras-juridicas-assinatura-juridica-1024x190.jpg 1024w, https:\/\/cj.estrategia.com\/portal\/wp-content\/uploads\/2022\/06\/20151253\/concurso-carreiras-juridicas-assinatura-juridica-768x143.jpg 768w, https:\/\/cj.estrategia.com\/portal\/wp-content\/uploads\/2022\/06\/20151253\/concurso-carreiras-juridicas-assinatura-juridica-1536x285.jpg 1536w, https:\/\/cj.estrategia.com\/portal\/wp-content\/uploads\/2022\/06\/20151253\/concurso-carreiras-juridicas-assinatura-juridica-380x71.jpg 380w, https:\/\/cj.estrategia.com\/portal\/wp-content\/uploads\/2022\/06\/20151253\/concurso-carreiras-juridicas-assinatura-juridica-800x149.jpg 800w, https:\/\/cj.estrategia.com\/portal\/wp-content\/uploads\/2022\/06\/20151253\/concurso-carreiras-juridicas-assinatura-juridica-1160x215.jpg 1160w\" sizes=\"(max-width: 1890px) 100vw, 1890px\" \/><div class=\"wp-block-cover__inner-container is-layout-flow wp-block-cover-is-layout-flow\">\n<h3 id=\"assinatura-juridica\" class=\"titulo-assinatura\">Assinatura Jur\u00eddica <\/h3>\n<p class=\"subtitulo-assinatura\" style=\"display:block!important; line-height: 0;\">Conhe\u00e7a os planos<\/p>\n<a target=\"_blank\" href=\"https:\/\/www.estrategiaconcursos.com.br\/assinaturas-ecj\/\" rel=\"noopener\"><button style=\"border-radius: 10px; text-transform: capitalize;\">Acessar<\/button><\/a>\n<\/div><\/div>\n","protected":false},"excerpt":{"rendered":"Ol\u00e1, pessoal, tudo certo?! Em 07\/05\/2023, foi aplicada a prova objetiva do concurso p\u00fablico para&nbsp; Procurador Federal. Assim&hellip;\n","protected":false},"author":12,"featured_media":20857,"comment_status":"open","ping_status":"open","sticky":false,"template":"","format":"standard","meta":{"_jetpack_memberships_contains_paid_content":false,"footnotes":""},"categories":[1,24],"tags":[],"tax_estado":[36],"class_list":{"0":"post-35831","1":"post","2":"type-post","3":"status-publish","4":"format-standard","5":"has-post-thumbnail","7":"category-carreiras-juridicas","8":"category-procuradoria","9":"tax_estado-concursos-federais"},"acf":[],"yoast_head":"<!-- This site is optimized with the Yoast SEO Premium plugin v27.4 (Yoast SEO v27.4) - https:\/\/yoast.com\/product\/yoast-seo-premium-wordpress\/ -->\n<title>Prova comentada Direito Internacional P\u00fablico Procurador Federal (AGU)<\/title>\n<meta name=\"description\" content=\"Prova comentada Direito Internacional P\u00fablico Procurador Federal (AGU): Confira seu desempenho na prova e saia na frente!\" \/>\n<meta name=\"robots\" content=\"index, follow, max-snippet:-1, max-image-preview:large, max-video-preview:-1\" \/>\n<link rel=\"canonical\" href=\"https:\/\/cj.estrategia.com\/portal\/prova-comentada-direito-internacional-publico-procurador-federal-agu\/\" \/>\n<meta property=\"og:locale\" content=\"pt_BR\" \/>\n<meta property=\"og:type\" content=\"article\" \/>\n<meta property=\"og:title\" content=\"Prova comentada Direito Internacional P\u00fablico Procurador Federal (AGU)\" \/>\n<meta property=\"og:description\" content=\"Prova comentada Direito Internacional P\u00fablico Procurador Federal (AGU): Confira seu desempenho na prova e saia na frente!\" \/>\n<meta property=\"og:url\" content=\"https:\/\/cj.estrategia.com\/portal\/prova-comentada-direito-internacional-publico-procurador-federal-agu\/\" \/>\n<meta property=\"og:site_name\" content=\"Blog - Carreiras Jur\u00eddicas - Estrat\u00e9gia\" \/>\n<meta property=\"article:publisher\" content=\"https:\/\/www.facebook.com\/estrategiacarreirajuridica\/\" \/>\n<meta property=\"article:published_time\" content=\"2023-05-08T19:38:14+00:00\" \/>\n<meta property=\"article:modified_time\" content=\"2023-05-08T19:38:22+00:00\" \/>\n<meta property=\"og:image\" content=\"https:\/\/cj.estrategia.com\/portal\/wp-content\/uploads\/2022\/09\/04111654\/PROCURADOR-FEDERAL.jpg\" \/>\n\t<meta property=\"og:image:width\" content=\"768\" \/>\n\t<meta property=\"og:image:height\" content=\"432\" \/>\n\t<meta property=\"og:image:type\" content=\"image\/jpeg\" \/>\n<meta name=\"author\" content=\"Coordena\u00e7\u00e3o\" \/>\n<meta name=\"twitter:card\" content=\"summary_large_image\" \/>\n<meta name=\"twitter:creator\" content=\"@EstratJuridica\" \/>\n<meta name=\"twitter:site\" content=\"@EstratJuridica\" \/>\n<meta name=\"twitter:label1\" content=\"Escrito por\" \/>\n\t<meta name=\"twitter:data1\" content=\"Coordena\u00e7\u00e3o\" \/>\n\t<meta name=\"twitter:label2\" content=\"Est. tempo de leitura\" \/>\n\t<meta name=\"twitter:data2\" content=\"10 minutos\" \/>\n<script type=\"application\/ld+json\" class=\"yoast-schema-graph\">{\"@context\":\"https:\\\/\\\/schema.org\",\"@graph\":[{\"@type\":\"NewsArticle\",\"@id\":\"https:\\\/\\\/cj.estrategia.com\\\/portal\\\/prova-comentada-direito-internacional-publico-procurador-federal-agu\\\/#article\",\"isPartOf\":{\"@id\":\"https:\\\/\\\/cj.estrategia.com\\\/portal\\\/prova-comentada-direito-internacional-publico-procurador-federal-agu\\\/\"},\"author\":{\"name\":\"Coordena\u00e7\u00e3o\",\"@id\":\"https:\\\/\\\/cj.estrategia.com\\\/portal\\\/#\\\/schema\\\/person\\\/4d70317d31449932b99102916b6637f5\"},\"headline\":\"Prova comentada Direito Internacional P\u00fablico Procurador Federal (AGU)\",\"datePublished\":\"2023-05-08T19:38:14+00:00\",\"dateModified\":\"2023-05-08T19:38:22+00:00\",\"mainEntityOfPage\":{\"@id\":\"https:\\\/\\\/cj.estrategia.com\\\/portal\\\/prova-comentada-direito-internacional-publico-procurador-federal-agu\\\/\"},\"wordCount\":1925,\"commentCount\":0,\"publisher\":{\"@id\":\"https:\\\/\\\/cj.estrategia.com\\\/portal\\\/#organization\"},\"image\":{\"@id\":\"https:\\\/\\\/cj.estrategia.com\\\/portal\\\/prova-comentada-direito-internacional-publico-procurador-federal-agu\\\/#primaryimage\"},\"thumbnailUrl\":\"https:\\\/\\\/cj.estrategia.com\\\/portal\\\/wp-content\\\/uploads\\\/2022\\\/09\\\/04111654\\\/PROCURADOR-FEDERAL.jpg\",\"articleSection\":[\"Carreiras Jur\u00eddicas\",\"Procuradoria\"],\"inLanguage\":\"pt-BR\",\"potentialAction\":[{\"@type\":\"CommentAction\",\"name\":\"Comment\",\"target\":[\"https:\\\/\\\/cj.estrategia.com\\\/portal\\\/prova-comentada-direito-internacional-publico-procurador-federal-agu\\\/#respond\"]}]},{\"@type\":\"WebPage\",\"@id\":\"https:\\\/\\\/cj.estrategia.com\\\/portal\\\/prova-comentada-direito-internacional-publico-procurador-federal-agu\\\/\",\"url\":\"https:\\\/\\\/cj.estrategia.com\\\/portal\\\/prova-comentada-direito-internacional-publico-procurador-federal-agu\\\/\",\"name\":\"Prova comentada Direito Internacional P\u00fablico Procurador Federal (AGU)\",\"isPartOf\":{\"@id\":\"https:\\\/\\\/cj.estrategia.com\\\/portal\\\/#website\"},\"primaryImageOfPage\":{\"@id\":\"https:\\\/\\\/cj.estrategia.com\\\/portal\\\/prova-comentada-direito-internacional-publico-procurador-federal-agu\\\/#primaryimage\"},\"image\":{\"@id\":\"https:\\\/\\\/cj.estrategia.com\\\/portal\\\/prova-comentada-direito-internacional-publico-procurador-federal-agu\\\/#primaryimage\"},\"thumbnailUrl\":\"https:\\\/\\\/cj.estrategia.com\\\/portal\\\/wp-content\\\/uploads\\\/2022\\\/09\\\/04111654\\\/PROCURADOR-FEDERAL.jpg\",\"datePublished\":\"2023-05-08T19:38:14+00:00\",\"dateModified\":\"2023-05-08T19:38:22+00:00\",\"description\":\"Prova comentada Direito Internacional P\u00fablico Procurador Federal (AGU): Confira seu desempenho na prova e saia na frente!\",\"breadcrumb\":{\"@id\":\"https:\\\/\\\/cj.estrategia.com\\\/portal\\\/prova-comentada-direito-internacional-publico-procurador-federal-agu\\\/#breadcrumb\"},\"inLanguage\":\"pt-BR\",\"potentialAction\":[{\"@type\":\"ReadAction\",\"target\":[\"https:\\\/\\\/cj.estrategia.com\\\/portal\\\/prova-comentada-direito-internacional-publico-procurador-federal-agu\\\/\"]}]},{\"@type\":\"ImageObject\",\"inLanguage\":\"pt-BR\",\"@id\":\"https:\\\/\\\/cj.estrategia.com\\\/portal\\\/prova-comentada-direito-internacional-publico-procurador-federal-agu\\\/#primaryimage\",\"url\":\"https:\\\/\\\/cj.estrategia.com\\\/portal\\\/wp-content\\\/uploads\\\/2022\\\/09\\\/04111654\\\/PROCURADOR-FEDERAL.jpg\",\"contentUrl\":\"https:\\\/\\\/cj.estrategia.com\\\/portal\\\/wp-content\\\/uploads\\\/2022\\\/09\\\/04111654\\\/PROCURADOR-FEDERAL.jpg\",\"width\":768,\"height\":432,\"caption\":\"Prova comentada\"},{\"@type\":\"BreadcrumbList\",\"@id\":\"https:\\\/\\\/cj.estrategia.com\\\/portal\\\/prova-comentada-direito-internacional-publico-procurador-federal-agu\\\/#breadcrumb\",\"itemListElement\":[{\"@type\":\"ListItem\",\"position\":1,\"name\":\"In\u00edcio\",\"item\":\"https:\\\/\\\/cj.estrategia.com\\\/portal\\\/\"},{\"@type\":\"ListItem\",\"position\":2,\"name\":\"Prova comentada Direito Internacional P\u00fablico Procurador Federal (AGU)\"}]},{\"@type\":\"WebSite\",\"@id\":\"https:\\\/\\\/cj.estrategia.com\\\/portal\\\/#website\",\"url\":\"https:\\\/\\\/cj.estrategia.com\\\/portal\\\/\",\"name\":\"Blog - Carreiras Jur\u00eddicas - Estrat\u00e9gia\",\"description\":\"\",\"publisher\":{\"@id\":\"https:\\\/\\\/cj.estrategia.com\\\/portal\\\/#organization\"},\"potentialAction\":[{\"@type\":\"SearchAction\",\"target\":{\"@type\":\"EntryPoint\",\"urlTemplate\":\"https:\\\/\\\/cj.estrategia.com\\\/portal\\\/?s={search_term_string}\"},\"query-input\":{\"@type\":\"PropertyValueSpecification\",\"valueRequired\":true,\"valueName\":\"search_term_string\"}}],\"inLanguage\":\"pt-BR\"},{\"@type\":\"Organization\",\"@id\":\"https:\\\/\\\/cj.estrategia.com\\\/portal\\\/#organization\",\"name\":\"Estrat\u00e9gia - Carreiras Jur\u00eddicas\",\"url\":\"https:\\\/\\\/cj.estrategia.com\\\/portal\\\/\",\"logo\":{\"@type\":\"ImageObject\",\"inLanguage\":\"pt-BR\",\"@id\":\"https:\\\/\\\/cj.estrategia.com\\\/portal\\\/#\\\/schema\\\/logo\\\/image\\\/\",\"url\":\"https:\\\/\\\/cj.estrategia.com\\\/portal\\\/wp-content\\\/uploads\\\/2022\\\/03\\\/11151052\\\/cj-logo.png\",\"contentUrl\":\"https:\\\/\\\/cj.estrategia.com\\\/portal\\\/wp-content\\\/uploads\\\/2022\\\/03\\\/11151052\\\/cj-logo.png\",\"width\":150,\"height\":39,\"caption\":\"Estrat\u00e9gia - Carreiras Jur\u00eddicas\"},\"image\":{\"@id\":\"https:\\\/\\\/cj.estrategia.com\\\/portal\\\/#\\\/schema\\\/logo\\\/image\\\/\"},\"sameAs\":[\"https:\\\/\\\/www.facebook.com\\\/estrategiacarreirajuridica\\\/\",\"https:\\\/\\\/x.com\\\/EstratJuridica\",\"https:\\\/\\\/www.instagram.com\\\/estrategiacarreirajuridica\\\/\",\"https:\\\/\\\/www.youtube.com\\\/channel\\\/UClbMGuYbj2Mh1m3w144ETWQ\"]},{\"@type\":\"Person\",\"@id\":\"https:\\\/\\\/cj.estrategia.com\\\/portal\\\/#\\\/schema\\\/person\\\/4d70317d31449932b99102916b6637f5\",\"name\":\"Coordena\u00e7\u00e3o\",\"image\":{\"@type\":\"ImageObject\",\"inLanguage\":\"pt-BR\",\"@id\":\"https:\\\/\\\/cj.estrategia.com\\\/portal\\\/wp-content\\\/uploads\\\/2022\\\/05\\\/12164923\\\/estrategia-carreira-juridica-coordenacao-96x96.png\",\"url\":\"https:\\\/\\\/cj.estrategia.com\\\/portal\\\/wp-content\\\/uploads\\\/2022\\\/05\\\/12164923\\\/estrategia-carreira-juridica-coordenacao-96x96.png\",\"contentUrl\":\"https:\\\/\\\/cj.estrategia.com\\\/portal\\\/wp-content\\\/uploads\\\/2022\\\/05\\\/12164923\\\/estrategia-carreira-juridica-coordenacao-96x96.png\",\"caption\":\"Coordena\u00e7\u00e3o\"},\"url\":\"https:\\\/\\\/cj.estrategia.com\\\/portal\\\/author\\\/coordenacao\\\/\"}]}<\/script>\n<!-- \/ Yoast SEO Premium plugin. -->","yoast_head_json":{"title":"Prova comentada Direito Internacional P\u00fablico Procurador Federal (AGU)","description":"Prova comentada Direito Internacional P\u00fablico Procurador Federal (AGU): Confira seu desempenho na prova e saia na frente!","robots":{"index":"index","follow":"follow","max-snippet":"max-snippet:-1","max-image-preview":"max-image-preview:large","max-video-preview":"max-video-preview:-1"},"canonical":"https:\/\/cj.estrategia.com\/portal\/prova-comentada-direito-internacional-publico-procurador-federal-agu\/","og_locale":"pt_BR","og_type":"article","og_title":"Prova comentada Direito Internacional P\u00fablico Procurador Federal (AGU)","og_description":"Prova comentada Direito Internacional P\u00fablico Procurador Federal (AGU): Confira seu desempenho na prova e saia na frente!","og_url":"https:\/\/cj.estrategia.com\/portal\/prova-comentada-direito-internacional-publico-procurador-federal-agu\/","og_site_name":"Blog - Carreiras Jur\u00eddicas - Estrat\u00e9gia","article_publisher":"https:\/\/www.facebook.com\/estrategiacarreirajuridica\/","article_published_time":"2023-05-08T19:38:14+00:00","article_modified_time":"2023-05-08T19:38:22+00:00","og_image":[{"width":768,"height":432,"url":"https:\/\/cj.estrategia.com\/portal\/wp-content\/uploads\/2022\/09\/04111654\/PROCURADOR-FEDERAL.jpg","type":"image\/jpeg"}],"author":"Coordena\u00e7\u00e3o","twitter_card":"summary_large_image","twitter_creator":"@EstratJuridica","twitter_site":"@EstratJuridica","twitter_misc":{"Escrito por":"Coordena\u00e7\u00e3o","Est. tempo de leitura":"10 minutos"},"schema":{"@context":"https:\/\/schema.org","@graph":[{"@type":"NewsArticle","@id":"https:\/\/cj.estrategia.com\/portal\/prova-comentada-direito-internacional-publico-procurador-federal-agu\/#article","isPartOf":{"@id":"https:\/\/cj.estrategia.com\/portal\/prova-comentada-direito-internacional-publico-procurador-federal-agu\/"},"author":{"name":"Coordena\u00e7\u00e3o","@id":"https:\/\/cj.estrategia.com\/portal\/#\/schema\/person\/4d70317d31449932b99102916b6637f5"},"headline":"Prova comentada Direito Internacional P\u00fablico Procurador Federal (AGU)","datePublished":"2023-05-08T19:38:14+00:00","dateModified":"2023-05-08T19:38:22+00:00","mainEntityOfPage":{"@id":"https:\/\/cj.estrategia.com\/portal\/prova-comentada-direito-internacional-publico-procurador-federal-agu\/"},"wordCount":1925,"commentCount":0,"publisher":{"@id":"https:\/\/cj.estrategia.com\/portal\/#organization"},"image":{"@id":"https:\/\/cj.estrategia.com\/portal\/prova-comentada-direito-internacional-publico-procurador-federal-agu\/#primaryimage"},"thumbnailUrl":"https:\/\/cj.estrategia.com\/portal\/wp-content\/uploads\/2022\/09\/04111654\/PROCURADOR-FEDERAL.jpg","articleSection":["Carreiras Jur\u00eddicas","Procuradoria"],"inLanguage":"pt-BR","potentialAction":[{"@type":"CommentAction","name":"Comment","target":["https:\/\/cj.estrategia.com\/portal\/prova-comentada-direito-internacional-publico-procurador-federal-agu\/#respond"]}]},{"@type":"WebPage","@id":"https:\/\/cj.estrategia.com\/portal\/prova-comentada-direito-internacional-publico-procurador-federal-agu\/","url":"https:\/\/cj.estrategia.com\/portal\/prova-comentada-direito-internacional-publico-procurador-federal-agu\/","name":"Prova comentada Direito Internacional P\u00fablico Procurador Federal (AGU)","isPartOf":{"@id":"https:\/\/cj.estrategia.com\/portal\/#website"},"primaryImageOfPage":{"@id":"https:\/\/cj.estrategia.com\/portal\/prova-comentada-direito-internacional-publico-procurador-federal-agu\/#primaryimage"},"image":{"@id":"https:\/\/cj.estrategia.com\/portal\/prova-comentada-direito-internacional-publico-procurador-federal-agu\/#primaryimage"},"thumbnailUrl":"https:\/\/cj.estrategia.com\/portal\/wp-content\/uploads\/2022\/09\/04111654\/PROCURADOR-FEDERAL.jpg","datePublished":"2023-05-08T19:38:14+00:00","dateModified":"2023-05-08T19:38:22+00:00","description":"Prova comentada Direito Internacional P\u00fablico Procurador Federal (AGU): Confira seu desempenho na prova e saia na frente!","breadcrumb":{"@id":"https:\/\/cj.estrategia.com\/portal\/prova-comentada-direito-internacional-publico-procurador-federal-agu\/#breadcrumb"},"inLanguage":"pt-BR","potentialAction":[{"@type":"ReadAction","target":["https:\/\/cj.estrategia.com\/portal\/prova-comentada-direito-internacional-publico-procurador-federal-agu\/"]}]},{"@type":"ImageObject","inLanguage":"pt-BR","@id":"https:\/\/cj.estrategia.com\/portal\/prova-comentada-direito-internacional-publico-procurador-federal-agu\/#primaryimage","url":"https:\/\/cj.estrategia.com\/portal\/wp-content\/uploads\/2022\/09\/04111654\/PROCURADOR-FEDERAL.jpg","contentUrl":"https:\/\/cj.estrategia.com\/portal\/wp-content\/uploads\/2022\/09\/04111654\/PROCURADOR-FEDERAL.jpg","width":768,"height":432,"caption":"Prova comentada"},{"@type":"BreadcrumbList","@id":"https:\/\/cj.estrategia.com\/portal\/prova-comentada-direito-internacional-publico-procurador-federal-agu\/#breadcrumb","itemListElement":[{"@type":"ListItem","position":1,"name":"In\u00edcio","item":"https:\/\/cj.estrategia.com\/portal\/"},{"@type":"ListItem","position":2,"name":"Prova comentada Direito Internacional P\u00fablico Procurador Federal (AGU)"}]},{"@type":"WebSite","@id":"https:\/\/cj.estrategia.com\/portal\/#website","url":"https:\/\/cj.estrategia.com\/portal\/","name":"Blog - Carreiras Jur\u00eddicas - Estrat\u00e9gia","description":"","publisher":{"@id":"https:\/\/cj.estrategia.com\/portal\/#organization"},"potentialAction":[{"@type":"SearchAction","target":{"@type":"EntryPoint","urlTemplate":"https:\/\/cj.estrategia.com\/portal\/?s={search_term_string}"},"query-input":{"@type":"PropertyValueSpecification","valueRequired":true,"valueName":"search_term_string"}}],"inLanguage":"pt-BR"},{"@type":"Organization","@id":"https:\/\/cj.estrategia.com\/portal\/#organization","name":"Estrat\u00e9gia - Carreiras Jur\u00eddicas","url":"https:\/\/cj.estrategia.com\/portal\/","logo":{"@type":"ImageObject","inLanguage":"pt-BR","@id":"https:\/\/cj.estrategia.com\/portal\/#\/schema\/logo\/image\/","url":"https:\/\/cj.estrategia.com\/portal\/wp-content\/uploads\/2022\/03\/11151052\/cj-logo.png","contentUrl":"https:\/\/cj.estrategia.com\/portal\/wp-content\/uploads\/2022\/03\/11151052\/cj-logo.png","width":150,"height":39,"caption":"Estrat\u00e9gia - Carreiras Jur\u00eddicas"},"image":{"@id":"https:\/\/cj.estrategia.com\/portal\/#\/schema\/logo\/image\/"},"sameAs":["https:\/\/www.facebook.com\/estrategiacarreirajuridica\/","https:\/\/x.com\/EstratJuridica","https:\/\/www.instagram.com\/estrategiacarreirajuridica\/","https:\/\/www.youtube.com\/channel\/UClbMGuYbj2Mh1m3w144ETWQ"]},{"@type":"Person","@id":"https:\/\/cj.estrategia.com\/portal\/#\/schema\/person\/4d70317d31449932b99102916b6637f5","name":"Coordena\u00e7\u00e3o","image":{"@type":"ImageObject","inLanguage":"pt-BR","@id":"https:\/\/cj.estrategia.com\/portal\/wp-content\/uploads\/2022\/05\/12164923\/estrategia-carreira-juridica-coordenacao-96x96.png","url":"https:\/\/cj.estrategia.com\/portal\/wp-content\/uploads\/2022\/05\/12164923\/estrategia-carreira-juridica-coordenacao-96x96.png","contentUrl":"https:\/\/cj.estrategia.com\/portal\/wp-content\/uploads\/2022\/05\/12164923\/estrategia-carreira-juridica-coordenacao-96x96.png","caption":"Coordena\u00e7\u00e3o"},"url":"https:\/\/cj.estrategia.com\/portal\/author\/coordenacao\/"}]}},"jetpack_featured_media_url":"https:\/\/cj.estrategia.com\/portal\/wp-content\/uploads\/2022\/09\/04111654\/PROCURADOR-FEDERAL.jpg","jetpack_sharing_enabled":true,"_links":{"self":[{"href":"https:\/\/cj.estrategia.com\/portal\/wp-json\/wp\/v2\/posts\/35831","targetHints":{"allow":["GET"]}}],"collection":[{"href":"https:\/\/cj.estrategia.com\/portal\/wp-json\/wp\/v2\/posts"}],"about":[{"href":"https:\/\/cj.estrategia.com\/portal\/wp-json\/wp\/v2\/types\/post"}],"author":[{"embeddable":true,"href":"https:\/\/cj.estrategia.com\/portal\/wp-json\/wp\/v2\/users\/12"}],"replies":[{"embeddable":true,"href":"https:\/\/cj.estrategia.com\/portal\/wp-json\/wp\/v2\/comments?post=35831"}],"version-history":[{"count":1,"href":"https:\/\/cj.estrategia.com\/portal\/wp-json\/wp\/v2\/posts\/35831\/revisions"}],"predecessor-version":[{"id":35832,"href":"https:\/\/cj.estrategia.com\/portal\/wp-json\/wp\/v2\/posts\/35831\/revisions\/35832"}],"wp:featuredmedia":[{"embeddable":true,"href":"https:\/\/cj.estrategia.com\/portal\/wp-json\/wp\/v2\/media\/20857"}],"wp:attachment":[{"href":"https:\/\/cj.estrategia.com\/portal\/wp-json\/wp\/v2\/media?parent=35831"}],"wp:term":[{"taxonomy":"category","embeddable":true,"href":"https:\/\/cj.estrategia.com\/portal\/wp-json\/wp\/v2\/categories?post=35831"},{"taxonomy":"post_tag","embeddable":true,"href":"https:\/\/cj.estrategia.com\/portal\/wp-json\/wp\/v2\/tags?post=35831"},{"taxonomy":"tax_estado","embeddable":true,"href":"https:\/\/cj.estrategia.com\/portal\/wp-json\/wp\/v2\/tax_estado?post=35831"}],"curies":[{"name":"wp","href":"https:\/\/api.w.org\/{rel}","templated":true}]}}