{"id":35825,"date":"2023-05-08T16:26:06","date_gmt":"2023-05-08T19:26:06","guid":{"rendered":"https:\/\/cj.estrategia.com\/portal\/?p=35825"},"modified":"2023-05-08T16:26:08","modified_gmt":"2023-05-08T19:26:08","slug":"prova-comentada-direito-civil-procurador-federal-agu","status":"publish","type":"post","link":"https:\/\/cj.estrategia.com\/portal\/prova-comentada-direito-civil-procurador-federal-agu\/","title":{"rendered":"Prova comentada Direito Civil Procurador Federal (AGU)"},"content":{"rendered":"\n<p>Ol\u00e1, pessoal, tudo certo?!<\/p>\n\n\n\n<p>Em 07\/05\/2023, foi aplicada a prova objetiva do concurso p\u00fablico para&nbsp; <strong>Procurador Federal<\/strong>. Assim que encerrada, nosso time de professores elaborou o gabarito extraoficial, que, agora, ser\u00e1 apresentado juntamente com a nossa <strong>PROVA COMENTADA<\/strong>.<\/p>\n\n\n\n<p>Este material visa auxili\u00e1-los na aferi\u00e7\u00e3o das notas, elabora\u00e7\u00e3o de eventuais recursos, verifica\u00e7\u00e3o das chances de avan\u00e7o para fase discursiva, bem como na revis\u00e3o do conte\u00fado cobrado no certame.<\/p>\n\n\n\n<p>Desde j\u00e1, destacamos que nosso time de professores identificou 1 quest\u00e3o pass\u00edvel de anula\u00e7\u00e3o, por apresentar duas alternativas corretas, como veremos adiante. No tipo de prova comentado, trata-se da quest\u00e3o 34.<\/p>\n\n\n\n<p>De modo complementar, elaboramos tamb\u00e9m o <strong>RANKING de Procurador Federal<\/strong>, em que nossos alunos e seguidores poder\u00e3o inserir suas respostas \u00e0 prova, e, ao final, aferir sua nota, de acordo com o gabarito elaborado por nossos professores. Atrav\u00e9s do ranking, tamb\u00e9m poderemos estimar a nota de corte da 1\u00ba fase. Essa ferramenta \u00e9 gratuita e, para participar, basta acessar o artigo: <strong><a href=\"https:\/\/cj.estrategia.com\/portal\/gabarito-extraoficial-procurador-federal-agu\/\" target=\"_blank\" >Gabarito Extraoficial Procurador Federal (AGU)<\/a><\/strong><\/p>\n\n\n\n<p>Por fim, comentaremos a prova, as quest\u00f5es mais pol\u00eamicas, as possibilidades de recurso, bem como a estimativa da nota de corte no <strong>TERM\u00d4METRO P\u00d3S-PROVA<\/strong>, no nosso canal do Youtube. Inscreva-se e ative as notifica\u00e7\u00f5es!<\/p>\n\n\n\n<p class=\"has-text-align-center\"><a href=\"https:\/\/www.youtube.com\/@EstrategiaCarreiraJuridica\"><strong>Estrat\u00e9gia Carreira Jur\u00eddica &#8211; YouTube<\/strong><\/a><strong><\/strong><\/p>\n\n\n\n<p>Todos os eventos poder\u00e3o ser acompanhados atrav\u00e9s do artigo <a href=\"https:\/\/cj.estrategia.com\/portal\/gabarito-extraoficial-procurador-federal-agu\/\">Gabarito Extraoficial Procurador Federal (AGU): veja a corre\u00e7\u00e3o<\/a><\/p>\n\n\n\n<p>Esperamos que gostem do material e de todos os novos projetos que preparamos para que avancem rumo \u00e0 aprova\u00e7\u00e3o.<\/p>\n\n\n\n<h2 class=\"wp-block-heading\" id=\"h-prova-comentada-direito-civil\"><span id=\"prova-comentada-direito-civil\"><strong><mark style=\"background-color:rgba(0, 0, 0, 0)\" class=\"has-inline-color has-vivid-red-color\">PROVA COMENTADA DIREITO CIVIL<\/mark><\/strong><\/span><\/h2>\n\n\n\n<p><strong>QUEST\u00c3O 59. Nos termos do Estatuto da Pessoa Idosa, a institui\u00e7\u00e3o dedicada ao atendimento \u00e0 pessoa idosa onde n\u00e3o haja identifica\u00e7\u00e3o externa vis\u00edvel se sujeitar\u00e1 \u00e0 pena de<\/strong><\/p>\n\n\n\n<p><strong>a) afastamento provis\u00f3rio dos dirigentes.<\/strong><\/p>\n\n\n\n<p><strong>b) interdi\u00e7\u00e3o.<\/strong><\/p>\n\n\n\n<p><strong>c)<\/strong> <strong>suspens\u00e3o tempor\u00e1ria do repasse de verbas p\u00fablicas.<\/strong><\/p>\n\n\n\n<p><strong>d) suspens\u00e3o do programa.<\/strong><\/p>\n\n\n\n<p><strong>e) multa, exclusivamente.<\/strong><\/p>\n\n\n\n<p><strong>Coment\u00e1rios<\/strong><\/p>\n\n\n\n<p>A alternativa correta \u00e9 a <strong>letra B<\/strong>.<\/p>\n\n\n\n<p>Com base no teor do art. Art. 37, \u00a7 2\u00ba, da Lei n\u00ba 10.741\/03 (Estatuto do Idoso): \u201cToda institui\u00e7\u00e3o dedicada ao atendimento \u00e0 pessoa idosa fica obrigada a manter identifica\u00e7\u00e3o externa vis\u00edvel, sob pena de interdi\u00e7\u00e3o, al\u00e9m de atender toda a legisla\u00e7\u00e3o pertinente\u201d.<\/p>\n\n\n\n<p>As alternativas \u201ca\u201d, \u201cc\u201d, \u201cd\u201d e \u201ce\u201d est\u00e3o incorretas, conforme prescri\u00e7\u00e3o do artigo transcrito acima.<\/p>\n\n\n\n<p><strong>QUEST\u00c3O 60. Para efeito de registro p\u00fablico, o im\u00f3vel deve ser plenamente identificado, a partir de indica\u00e7\u00e3o exatas de suas medidas, caracter\u00edsticas e confronta\u00e7\u00f5es, em atendimento ao princ\u00edpio da<\/strong><\/p>\n\n\n\n<p><strong>a) tipicidade.<\/strong><\/p>\n\n\n\n<p><strong>b) continuidade.<\/strong><\/p>\n\n\n\n<p><strong>c) inst\u00e2ncia.<\/strong><\/p>\n\n\n\n<p><strong>d) especialidade.<\/strong><\/p>\n\n\n\n<p><strong>e) continuidade.<\/strong><\/p>\n\n\n\n<p><strong>Coment\u00e1rios<\/strong><\/p>\n\n\n\n<p>A alternativa correta \u00e9 a <strong>letra D<\/strong>.<\/p>\n\n\n\n<p>O princ\u00edpio que da especialidade pode ser definido como \u201caquele que imp\u00f5e a perfeita individualiza\u00e7\u00e3o das pessoas e do objeto do registro, de modo que os atos praticados no assento devem estar minuciosamente descritos, contendo todos os elementos de identifica\u00e7\u00e3o da Lei n\u00ba 6.015\/1973. Assim, as partes (sujeitos) e o ato registr\u00e1rio (objeto) devem constar de forma perfeita, individualizada, conforme determina a lei e as normas, a fim de efetivar os direitos ali consignados\u201d. (K\u00dcMPEL, Vitor Frederico et. al., Tratado Notarial e Registral vol. II, 1\u00aa ed, S\u00e3o Paulo: YK Editora, 2017, p. 371\/379)<\/p>\n\n\n\n<p>Tal princ\u00edpio encontra previs\u00e3o no art. 225, caput, da Lei n\u00ba 6.015\/1973: \u201cOs tabeli\u00e3es, escriv\u00e3es e ju\u00edzes far\u00e3o com que, nas escrituras e nos autos judiciais, as partes indiquem, com precis\u00e3o, os caracter\u00edsticos, as confronta\u00e7\u00f5es e as localiza\u00e7\u00f5es dos im\u00f3veis, mencionando os nomes dos confrontantes e, ainda, quando se tratar s\u00f3 de terreno, se esse fica do lado par ou do lado \u00edmpar do logradouro, em que quadra e a que dist\u00e2ncia m\u00e9trica da edifica\u00e7\u00e3o ou da esquina mais pr\u00f3xima, exigindo dos interessados certid\u00e3o do registro imobili\u00e1rio\u201d.<\/p>\n\n\n\n<p>As alternativas \u201ca\u201d, \u201cb\u201d \u201cc\u201d e \u201ce\u201d est\u00e3o incorretas, uma vez que tratam de princ\u00edpios que n\u00e3o atendem ao comando do enunciado.<\/p>\n\n\n\n<p><strong>QUEST\u00c3O 61.<\/strong> <strong>Fernanda concedeu a Marcos, mediante escritura p\u00fablica registrada em cart\u00f3rio de im\u00f3veis, o direito de ele plantar em terreno de propriedade dela, durante dez anos.<\/strong> <strong>Nessa situa\u00e7\u00e3o hipot\u00e9tica, Marcos adquiriu.<\/strong><\/p>\n\n\n\n<p><strong>a) direito de uso e usufruto de propriedade alheia.<\/strong><\/p>\n\n\n\n<p><strong>b) direito de superf\u00edcie.<\/strong><\/p>\n\n\n\n<p><strong>c)<\/strong> <strong>concess\u00e3o de uso especial<\/strong><\/p>\n\n\n\n<p><strong>d) concess\u00e3o por avuls\u00e3o.<\/strong><\/p>\n\n\n\n<p><strong>e)<\/strong> <strong>direito de usufruto limitado.<\/strong><\/p>\n\n\n\n<p><strong>Coment\u00e1rios<\/strong><\/p>\n\n\n\n<p>A alternativa correta \u00e9 a <strong>letra B<\/strong>.<\/p>\n\n\n\n<p>Disp\u00f5e o Art. 1.369, do C\u00f3digo Civil: \u201cO propriet\u00e1rio pode conceder a outrem o direito de construir ou de plantar em seu terreno, por tempo determinado, mediante escritura p\u00fablica devidamente registrada no Cart\u00f3rio de Registro de Im\u00f3veis.\u201d<\/p>\n\n\n\n<p>A alternativa \u201ca\u201d est\u00e1 incorreta. O Direito de uso encontra previs\u00e3o no Art. 1.412, do C\u00f3digo Civil: O usu\u00e1rio usar\u00e1 da coisa e perceber\u00e1 os seus frutos, quanto o exigirem as necessidades suas e de sua fam\u00edlia. Por sua vez, o usufruto encontra previs\u00e3o no art. 1.390 e seguintes do C\u00f3digo Civil.&nbsp;<\/p>\n\n\n\n<p>A alternativa \u201cc\u201d est\u00e1 incorreta, uma vez que o instituto da concess\u00e3o de uso especial, previsto no art. 1\u00ba da medida provis\u00f3ria no 2.220\/01, n\u00e3o se coaduna com o comando da quest\u00e3o.<\/p>\n\n\n\n<p>A alternativa \u201cd\u201d est\u00e1 incorreta, conforme teor do Art. 1.251, do C\u00f3digo Civil, que conceitua a avuls\u00e3o: \u201cQuando, por for\u00e7a natural violenta, uma por\u00e7\u00e3o de terra se destacar de um pr\u00e9dio e se juntar a outro, o dono deste adquirir\u00e1 a propriedade do acr\u00e9scimo, se indenizar o dono do primeiro ou, sem indeniza\u00e7\u00e3o, se, em um ano, ningu\u00e9m houver reclamado\u201d.<\/p>\n\n\n\n<p>A alternativa \u201ce\u201d est\u00e1 incorreta, nos termos do art. 1.390 e seguintes, do C\u00f3digo Civil, que tratam do usufruto.<\/p>\n\n\n\n<p><strong>QUEST\u00c3O 62.<\/strong> <strong>Consoante a jurisprud\u00eancia do STJ acerca do direito das obriga\u00e7\u00f5es, no que se refere aos atos unilaterais, caracteriza enriquecimento sem causa<\/strong><\/p>\n\n\n\n<p><strong>a) a explora\u00e7\u00e3o il\u00edcita de parte do patrim\u00f4nio p\u00fablico imaterial.<\/strong><\/p>\n\n\n\n<p><strong>b) a exist\u00eancia de causas jur\u00eddicas distintas para a resolu\u00e7\u00e3o contratual e para a indeniza\u00e7\u00e3o por lucros cessantes.<\/strong><\/p>\n\n\n\n<p><strong>c)<\/strong> <strong>o aumento, determinado pelo juiz, da multa coercitiva destinada ao cumprimento de decis\u00e3o judicial.<\/strong><\/p>\n\n\n\n<p><strong>d) a estipula\u00e7\u00e3o contratual de multa cominat\u00f3ria com valor elevado<\/strong><\/p>\n\n\n\n<p><strong>e) a rescis\u00e3o de promessa de compra e venda por iniciativa do promitente-comprador no caso de terreno n\u00e3o edificado.<\/strong><\/p>\n\n\n\n<p><strong>Coment\u00e1rios<\/strong><\/p>\n\n\n\n<p>A alternativa correta \u00e9 a <strong>letra A<\/strong>.<\/p>\n\n\n\n<p>A alternativa \u201ca\u201d est\u00e1 correta, nos termos da jurisprud\u00eancia do Superior Tribunal de Justi\u00e7a que fixou o seguinte entendimento: \u201c[&#8230;] 3. Nos termos do art. 884 do C\u00f3digo Civil, caracteriza enriquecimento sem causa ocupar, usar, fruir ou explorar ilicitamente a totalidade ou parte do patrim\u00f4nio p\u00fablico, material e imaterial. \u00c0 luz do princ\u00edpio da indisponibilidade do interesse p\u00fablico, eventual omiss\u00e3o do Estado no exerc\u00edcio do seu poder de pol\u00edcia &#8211; ao deixar de fiscalizar e adotar medidas cab\u00edveis para se opor ou reagir \u00e0 apropria\u00e7\u00e3o irregular de bem p\u00fablico &#8211; n\u00e3o transforma o errado em certo, irrelevante ademais que a injuricidade ocorra \u00e0s vistas do Administrador ou com a sua in\u00e9rcia, coniv\u00eancia ou mesmo (inconceb\u00edvel) aceita\u00e7\u00e3o t\u00e1cita. Toler\u00e2ncia administrativa n\u00e3o converte em boa-f\u00e9 aquilo que a lei qualifica como m\u00e1-f\u00e9, pois admitir-se o contr\u00e1rio seria o mesmo que reconhecer a servidores p\u00fablicos a possibilidade de, por meio de um simples fechar de olhos, rasgarem a norma e a vontade do legislador. 4. Recurso Especial provido. (REsp n. 1.986.143\/DF, relator Ministro Herman Benjamin, Segunda Turma, julgado em 6\/12\/2022, DJe de 19\/12\/2022.)<\/p>\n\n\n\n<p>As alternativas \u201cb\u201d, \u201cc\u201d, \u201cd\u201d e \u201ce\u201d est\u00e3o incorretas, com base nos entendimentos fixados em jurisprud\u00eancia do STJ acerca do direito das obriga\u00e7\u00f5es.<\/p>\n\n\n\n<p><strong>&nbsp;QUEST\u00c3O 63.<\/strong> <strong>De acordo com o que disp\u00f5e o C\u00f3digo Civil acerca dos defeitos do neg\u00f3cio jur\u00eddico, se o devedor ao perdoar uma d\u00edvida, for reduzido \u00e0 insolv\u00eancia, o ato de perd\u00e3o da d\u00edvida poder\u00e1 ser anulado sob a alega\u00e7\u00e3o de<\/strong><\/p>\n\n\n\n<p><strong>a) dolo<\/strong><\/p>\n\n\n\n<p><strong>b) abuso de direito&nbsp;<\/strong><\/p>\n\n\n\n<p><strong>c) les\u00e3o<\/strong><\/p>\n\n\n\n<p><strong>d) erro<\/strong><\/p>\n\n\n\n<p><strong>e) fraude contra credores<\/strong><\/p>\n\n\n\n<p><strong>Coment\u00e1rios<\/strong><\/p>\n\n\n\n<p>A alternativa correta \u00e9 a <strong>letra E<\/strong>.<\/p>\n\n\n\n<p>Determina o Art. 158, do C\u00f3digo Civil, acerca da fraude contra credores: \u201cOs neg\u00f3cios de transmiss\u00e3o gratuita de bens ou remiss\u00e3o de d\u00edvida, se os praticar o devedor j\u00e1 insolvente, ou por eles reduzido \u00e0 insolv\u00eancia, ainda quando o ignore, poder\u00e3o ser anulados pelos credores quirograf\u00e1rios, como lesivos dos seus direitos.\u201d&nbsp;<\/p>\n\n\n\n<p>A alternativa \u201ca\u201d est\u00e1 incorreta, conforme Art. 145 e seguintes, do C\u00f3digo Civil.<\/p>\n\n\n\n<p>A alternativa \u201cb\u201d est\u00e1 incorreta, com base no que disp\u00f5e o Art. 187, do C\u00f3digo Civil.<\/p>\n\n\n\n<p>A alternativa \u201cc\u201d est\u00e1 incorreta, com base no teor do Art. 157, do C\u00f3digo Civil.<\/p>\n\n\n\n<p>A alternativa \u201cd\u201d est\u00e1 incorreta, nos termos do Art. 138 e seguintes, do C\u00f3digo Civil.<\/p>\n\n\n\n<p><strong>QUEST\u00c3O 64.<\/strong> <strong>Acerca do bem de fam\u00edlia, assinale a op\u00e7\u00e3o correta, considerando o entendimento jurisprudencial do Superior Tribunal de Justi\u00e7a (STJ).<\/strong><\/p>\n\n\n\n<p><strong>a) \u00c9 penhor\u00e1vel o bem de fam\u00edlia oferecido por pessoa f\u00edsica como garantia em contrato de m\u00fatuo em benef\u00edcio de pessoa jur\u00eddica.<\/strong><\/p>\n\n\n\n<p><strong>b) A impenhorabilidade legal tem o objetivo de proteger o devedor contra suas d\u00edvidas.<\/strong><\/p>\n\n\n\n<p><strong>c) benef\u00edcio da impenhorabilidade n\u00e3o alcan\u00e7a o casal que tenha mais de um bem im\u00f3vel.<\/strong><\/p>\n\n\n\n<p><strong>d) \u00c9 impenhor\u00e1vel o bem de fam\u00edlia quando os \u00fanicos s\u00f3cios da empresa devedora s\u00e3o os titulares do im\u00f3vel hipotecado.<\/strong><\/p>\n\n\n\n<p><strong>e) Vaga de garagem que possua matr\u00edcula pr\u00f3pria no registro de im\u00f3veis constitui bem de fam\u00edlia para efeito de penhora<\/strong><\/p>\n\n\n\n<p><strong>Coment\u00e1rios<\/strong><\/p>\n\n\n\n<p>A alternativa correta \u00e9 a <strong>letra A<\/strong>.<\/p>\n\n\n\n<p>Conforme jurisprud\u00eancia do Superior Tribunal de Justi\u00e7a (STJ), cuja ementa disp\u00f5e: \u201c[&#8230;]. Nos termos da orienta\u00e7\u00e3o firmada nos autos do REsp. 1.559.348\/DF, com o prop\u00f3sito de vedar a ocorr\u00eancia de comportamento contradit\u00f3rio, prestigiando o princ\u00edpio da boa-f\u00e9 contratual, este Superior Tribunal de Justi\u00e7a passou a reconhecer a possibilidade de penhora incidente sobre bem de fam\u00edlia oferecido por pessoa f\u00edsica como garantia em contrato de m\u00fatuo em benef\u00edcio de pessoa jur\u00eddica. 2. Agravo interno desprovido. (AgInt nos EDcl no AREsp n. 1.507.594\/MG, relator Ministro Marco Buzzi, Quarta Turma, julgado em 30\/3\/2020, DJe de 1\/4\/2020.)\u201d<\/p>\n\n\n\n<p>A alternativa \u201cb\u201d est\u00e1 incorreta. Sobre o tema, a jurisprud\u00eancia do STJ \u00e9 no sentido de que a Lei n. 8.009\/1990 destina-se a proteger, n\u00e3o o devedor, mas a sua fam\u00edlia. (REsp 169.239-SP).<\/p>\n\n\n\n<p>A alternativa \u201cc\u201d est\u00e1 incorreta, conforme teor do par\u00e1grafo \u00fanico do art. 5\u00ba , da lei 8.009\/90: \u201cNa hip\u00f3tese de o casal, ou entidade familiar, ser possuidor de v\u00e1rios im\u00f3veis utilizados como resid\u00eancia, a impenhorabilidade recair\u00e1 sobre o de menor valor, salvo se outro tiver sido registrado, para esse fim, no Registro de Im\u00f3veis e na forma do&nbsp;art. 70 do C\u00f3digo Civil.\u201d<\/p>\n\n\n\n<p>A alternativa \u201cd\u201d est\u00e1 incorreta, pois a jurisprud\u00eancia fixada pelo STJ \u00e9 no sentido de que o bem de fam\u00edlia \u00e9 penhor\u00e1vel quando \u00fanicos s\u00f3cios da empresa devedora s\u00e3o donos do im\u00f3vel hipotecado (EAREsp 848498).<\/p>\n\n\n\n<p>A alternativa \u201ce\u201d est\u00e1 incorreta, conforme entendimento da s\u00famula 449 do STJ: \u201cA vaga de garagem que possui matr\u00edcula pr\u00f3pria no registro de im\u00f3veis n\u00e3o constitui bem de fam\u00edlia para efeito de penhora.\u201d.<\/p>\n\n\n\n<p><strong>QUEST\u00c3O 65. As decis\u00f5es tomadas pela pessoa jur\u00eddica que tiver administra\u00e7\u00e3o coletiva, por maioria de votos, poder\u00e3o ser anuladas se decorrerem de<\/strong><\/p>\n\n\n\n<p><strong>I viola\u00e7\u00e3o do estatuto da pessoa jur\u00eddica.<\/strong><\/p>\n\n\n\n<p><strong>II erro.<\/strong><\/p>\n\n\n\n<p><strong>III dolo.<\/strong><\/p>\n\n\n\n<p><strong>IV simula\u00e7\u00e3o.<\/strong><\/p>\n\n\n\n<p><strong>V fraude.<\/strong><\/p>\n\n\n\n<p><strong>Assinale a op\u00e7\u00e3o correta.<\/strong><\/p>\n\n\n\n<p><strong>a) apenas os itens I e ll est\u00e3o certos.<\/strong><\/p>\n\n\n\n<p><strong>b) apenas os itens II e IV est\u00e3o certos.<\/strong><\/p>\n\n\n\n<p><strong>c)<\/strong> <strong>apenas os itens lll e V est\u00e3o certos.<\/strong><\/p>\n\n\n\n<p><strong>d) apenas os itens I, III, IV, e V est\u00e3o certos.<\/strong><\/p>\n\n\n\n<p><strong>e) todos os itens est\u00e3o certos.<\/strong><\/p>\n\n\n\n<p><strong>Coment\u00e1rios<\/strong><\/p>\n\n\n\n<p>A alternativa correta \u00e9 a <strong>letra E<\/strong>.&nbsp;<\/p>\n\n\n\n<p>Disp\u00f5e o Art. 48 do C\u00f3digo Civil: \u201cSe a pessoa jur\u00eddica tiver administra\u00e7\u00e3o coletiva, as decis\u00f5es se tomar\u00e3o pela maioria de votos dos presentes, salvo se o ato constitutivo dispuser de modo diverso. Par\u00e1grafo \u00fanico. Decai em tr\u00eas anos o direito de anular as decis\u00f5es a que se refere este artigo, quando violarem a lei ou estatuto, ou forem eivadas de erro, dolo, simula\u00e7\u00e3o ou fraude.\u201d<\/p>\n\n\n\n<p>As alternativas \u201ca\u201d, \u201cb\u201d, \u201cc\u201d e \u201cd\u201d est\u00e3o incorretas, conforme teor do artigo supracitado.<\/p>\n\n\n\n<h3 id=\"acesse-todo-o-conteudo-da-prova-tj-ms-juiz-em-gabarito-extraoficial-pgf\" class=\"wp-block-heading has-cyan-bluish-gray-background-color has-background\"><strong>Acesse todo o conte\u00fado da Prova TJ MS Juiz em:&nbsp;<\/strong><a href=\"https:\/\/cj.estrategia.com\/portal\/gabarito-extraoficial-procurador-federal-agu\/\" target=\"_blank\" >Gabarito Extraoficial PGF<\/a><\/h3>\n\n\n\n<p class=\"has-text-align-center has-luminous-vivid-amber-background-color has-background has-medium-font-size\"><a href=\"https:\/\/cj.estrategia.com\/portal\/concurso-procurador-federal\/\" target=\"_blank\" rel=\"noreferrer noopener nofollow\"><strong>Saiba mais: concurso Procurador Federal<\/strong><\/a><\/p>\n\n\n\n<h2 class=\"wp-block-heading has-text-align-center\" id=\"cursos-ficha\"><span id=\"quer-estudar-para-concursos-de-direito\">Quer estudar para Concursos de Direito?<\/span><\/h2>\n\n\n\n<p>O Estrat\u00e9gia Carreira Jur\u00eddica \u00e9 campe\u00e3o de aprova\u00e7\u00f5es nos concursos para Carreiras Jur\u00eddicas com um corpo docente qualificado e materiais completos. Conhe\u00e7a nossos cursos e garanta sua aprova\u00e7\u00e3o:<\/p>\n\n\n\n<div class=\"wp-block-cover\" style=\"min-height:142px;aspect-ratio:unset;\"><span aria-hidden=\"true\" class=\"wp-block-cover__background has-background-dim\"><\/span><img decoding=\"async\" width=\"1890\" height=\"351\" class=\"wp-block-cover__image-background wp-image-8669\" alt=\"assinatura carreira jur\u00eddica\" src=\"https:\/\/cj.estrategia.com\/portal\/wp-content\/uploads\/2022\/06\/20151253\/concurso-carreiras-juridicas-assinatura-juridica.jpg\" style=\"object-position:75% 40%\" data-object-fit=\"cover\" data-object-position=\"75% 40%\" srcset=\"https:\/\/cj.estrategia.com\/portal\/wp-content\/uploads\/2022\/06\/20151253\/concurso-carreiras-juridicas-assinatura-juridica.jpg 1890w, https:\/\/cj.estrategia.com\/portal\/wp-content\/uploads\/2022\/06\/20151253\/concurso-carreiras-juridicas-assinatura-juridica-300x56.jpg 300w, https:\/\/cj.estrategia.com\/portal\/wp-content\/uploads\/2022\/06\/20151253\/concurso-carreiras-juridicas-assinatura-juridica-1024x190.jpg 1024w, https:\/\/cj.estrategia.com\/portal\/wp-content\/uploads\/2022\/06\/20151253\/concurso-carreiras-juridicas-assinatura-juridica-768x143.jpg 768w, https:\/\/cj.estrategia.com\/portal\/wp-content\/uploads\/2022\/06\/20151253\/concurso-carreiras-juridicas-assinatura-juridica-1536x285.jpg 1536w, https:\/\/cj.estrategia.com\/portal\/wp-content\/uploads\/2022\/06\/20151253\/concurso-carreiras-juridicas-assinatura-juridica-380x71.jpg 380w, https:\/\/cj.estrategia.com\/portal\/wp-content\/uploads\/2022\/06\/20151253\/concurso-carreiras-juridicas-assinatura-juridica-800x149.jpg 800w, https:\/\/cj.estrategia.com\/portal\/wp-content\/uploads\/2022\/06\/20151253\/concurso-carreiras-juridicas-assinatura-juridica-1160x215.jpg 1160w\" sizes=\"(max-width: 1890px) 100vw, 1890px\" \/><div class=\"wp-block-cover__inner-container is-layout-flow wp-block-cover-is-layout-flow\">\n<h3 id=\"assinatura-juridica\" class=\"titulo-assinatura\">Assinatura Jur\u00eddica <\/h3>\n<p class=\"subtitulo-assinatura\" style=\"display:block!important; line-height: 0;\">Conhe\u00e7a os planos<\/p>\n<a target=\"_blank\" href=\"https:\/\/www.estrategiaconcursos.com.br\/assinaturas-ecj\/\" rel=\"noopener\"><button style=\"border-radius: 10px; text-transform: capitalize;\">Acessar<\/button><\/a>\n<\/div><\/div>\n","protected":false},"excerpt":{"rendered":"Ol\u00e1, pessoal, tudo certo?! Em 07\/05\/2023, foi aplicada a prova objetiva do concurso p\u00fablico para&nbsp; Procurador Federal. Assim&hellip;\n","protected":false},"author":12,"featured_media":20857,"comment_status":"open","ping_status":"open","sticky":false,"template":"","format":"standard","meta":{"_jetpack_memberships_contains_paid_content":false,"footnotes":""},"categories":[1,24],"tags":[],"tax_estado":[36],"class_list":{"0":"post-35825","1":"post","2":"type-post","3":"status-publish","4":"format-standard","5":"has-post-thumbnail","7":"category-carreiras-juridicas","8":"category-procuradoria","9":"tax_estado-concursos-federais"},"acf":[],"yoast_head":"<!-- This site is optimized with the Yoast SEO Premium plugin v27.4 (Yoast SEO v27.4) - https:\/\/yoast.com\/product\/yoast-seo-premium-wordpress\/ -->\n<title>Prova comentada Direito Civil Procurador Federal (AGU)<\/title>\n<meta name=\"description\" content=\"Prova comentada Direito Civil Procurador Federal (AGU): Confira seu desempenho na prova e saia na frente!\" \/>\n<meta name=\"robots\" content=\"index, follow, max-snippet:-1, max-image-preview:large, max-video-preview:-1\" \/>\n<link rel=\"canonical\" href=\"https:\/\/cj.estrategia.com\/portal\/prova-comentada-direito-civil-procurador-federal-agu\/\" \/>\n<meta property=\"og:locale\" content=\"pt_BR\" \/>\n<meta property=\"og:type\" content=\"article\" \/>\n<meta property=\"og:title\" content=\"Prova comentada Direito Civil Procurador Federal (AGU)\" \/>\n<meta property=\"og:description\" content=\"Prova comentada Direito Civil Procurador Federal (AGU): Confira seu desempenho na prova e saia na frente!\" \/>\n<meta property=\"og:url\" content=\"https:\/\/cj.estrategia.com\/portal\/prova-comentada-direito-civil-procurador-federal-agu\/\" \/>\n<meta property=\"og:site_name\" content=\"Blog - Carreiras Jur\u00eddicas - Estrat\u00e9gia\" \/>\n<meta property=\"article:publisher\" content=\"https:\/\/www.facebook.com\/estrategiacarreirajuridica\/\" \/>\n<meta property=\"article:published_time\" content=\"2023-05-08T19:26:06+00:00\" \/>\n<meta property=\"article:modified_time\" content=\"2023-05-08T19:26:08+00:00\" \/>\n<meta property=\"og:image\" content=\"https:\/\/cj.estrategia.com\/portal\/wp-content\/uploads\/2022\/09\/04111654\/PROCURADOR-FEDERAL.jpg\" \/>\n\t<meta property=\"og:image:width\" content=\"768\" \/>\n\t<meta property=\"og:image:height\" content=\"432\" \/>\n\t<meta property=\"og:image:type\" content=\"image\/jpeg\" \/>\n<meta name=\"author\" content=\"Coordena\u00e7\u00e3o\" \/>\n<meta name=\"twitter:card\" content=\"summary_large_image\" \/>\n<meta name=\"twitter:creator\" content=\"@EstratJuridica\" \/>\n<meta name=\"twitter:site\" content=\"@EstratJuridica\" \/>\n<meta name=\"twitter:label1\" content=\"Escrito por\" \/>\n\t<meta name=\"twitter:data1\" content=\"Coordena\u00e7\u00e3o\" \/>\n\t<meta name=\"twitter:label2\" content=\"Est. tempo de leitura\" \/>\n\t<meta name=\"twitter:data2\" content=\"12 minutos\" \/>\n<script type=\"application\/ld+json\" class=\"yoast-schema-graph\">{\"@context\":\"https:\\\/\\\/schema.org\",\"@graph\":[{\"@type\":\"NewsArticle\",\"@id\":\"https:\\\/\\\/cj.estrategia.com\\\/portal\\\/prova-comentada-direito-civil-procurador-federal-agu\\\/#article\",\"isPartOf\":{\"@id\":\"https:\\\/\\\/cj.estrategia.com\\\/portal\\\/prova-comentada-direito-civil-procurador-federal-agu\\\/\"},\"author\":{\"name\":\"Coordena\u00e7\u00e3o\",\"@id\":\"https:\\\/\\\/cj.estrategia.com\\\/portal\\\/#\\\/schema\\\/person\\\/4d70317d31449932b99102916b6637f5\"},\"headline\":\"Prova comentada Direito Civil Procurador Federal (AGU)\",\"datePublished\":\"2023-05-08T19:26:06+00:00\",\"dateModified\":\"2023-05-08T19:26:08+00:00\",\"mainEntityOfPage\":{\"@id\":\"https:\\\/\\\/cj.estrategia.com\\\/portal\\\/prova-comentada-direito-civil-procurador-federal-agu\\\/\"},\"wordCount\":2189,\"commentCount\":0,\"publisher\":{\"@id\":\"https:\\\/\\\/cj.estrategia.com\\\/portal\\\/#organization\"},\"image\":{\"@id\":\"https:\\\/\\\/cj.estrategia.com\\\/portal\\\/prova-comentada-direito-civil-procurador-federal-agu\\\/#primaryimage\"},\"thumbnailUrl\":\"https:\\\/\\\/cj.estrategia.com\\\/portal\\\/wp-content\\\/uploads\\\/2022\\\/09\\\/04111654\\\/PROCURADOR-FEDERAL.jpg\",\"articleSection\":[\"Carreiras Jur\u00eddicas\",\"Procuradoria\"],\"inLanguage\":\"pt-BR\",\"potentialAction\":[{\"@type\":\"CommentAction\",\"name\":\"Comment\",\"target\":[\"https:\\\/\\\/cj.estrategia.com\\\/portal\\\/prova-comentada-direito-civil-procurador-federal-agu\\\/#respond\"]}]},{\"@type\":\"WebPage\",\"@id\":\"https:\\\/\\\/cj.estrategia.com\\\/portal\\\/prova-comentada-direito-civil-procurador-federal-agu\\\/\",\"url\":\"https:\\\/\\\/cj.estrategia.com\\\/portal\\\/prova-comentada-direito-civil-procurador-federal-agu\\\/\",\"name\":\"Prova comentada Direito Civil Procurador Federal (AGU)\",\"isPartOf\":{\"@id\":\"https:\\\/\\\/cj.estrategia.com\\\/portal\\\/#website\"},\"primaryImageOfPage\":{\"@id\":\"https:\\\/\\\/cj.estrategia.com\\\/portal\\\/prova-comentada-direito-civil-procurador-federal-agu\\\/#primaryimage\"},\"image\":{\"@id\":\"https:\\\/\\\/cj.estrategia.com\\\/portal\\\/prova-comentada-direito-civil-procurador-federal-agu\\\/#primaryimage\"},\"thumbnailUrl\":\"https:\\\/\\\/cj.estrategia.com\\\/portal\\\/wp-content\\\/uploads\\\/2022\\\/09\\\/04111654\\\/PROCURADOR-FEDERAL.jpg\",\"datePublished\":\"2023-05-08T19:26:06+00:00\",\"dateModified\":\"2023-05-08T19:26:08+00:00\",\"description\":\"Prova comentada Direito Civil Procurador Federal (AGU): Confira seu desempenho na prova e saia na frente!\",\"breadcrumb\":{\"@id\":\"https:\\\/\\\/cj.estrategia.com\\\/portal\\\/prova-comentada-direito-civil-procurador-federal-agu\\\/#breadcrumb\"},\"inLanguage\":\"pt-BR\",\"potentialAction\":[{\"@type\":\"ReadAction\",\"target\":[\"https:\\\/\\\/cj.estrategia.com\\\/portal\\\/prova-comentada-direito-civil-procurador-federal-agu\\\/\"]}]},{\"@type\":\"ImageObject\",\"inLanguage\":\"pt-BR\",\"@id\":\"https:\\\/\\\/cj.estrategia.com\\\/portal\\\/prova-comentada-direito-civil-procurador-federal-agu\\\/#primaryimage\",\"url\":\"https:\\\/\\\/cj.estrategia.com\\\/portal\\\/wp-content\\\/uploads\\\/2022\\\/09\\\/04111654\\\/PROCURADOR-FEDERAL.jpg\",\"contentUrl\":\"https:\\\/\\\/cj.estrategia.com\\\/portal\\\/wp-content\\\/uploads\\\/2022\\\/09\\\/04111654\\\/PROCURADOR-FEDERAL.jpg\",\"width\":768,\"height\":432,\"caption\":\"Prova comentada\"},{\"@type\":\"BreadcrumbList\",\"@id\":\"https:\\\/\\\/cj.estrategia.com\\\/portal\\\/prova-comentada-direito-civil-procurador-federal-agu\\\/#breadcrumb\",\"itemListElement\":[{\"@type\":\"ListItem\",\"position\":1,\"name\":\"In\u00edcio\",\"item\":\"https:\\\/\\\/cj.estrategia.com\\\/portal\\\/\"},{\"@type\":\"ListItem\",\"position\":2,\"name\":\"Prova comentada Direito Civil Procurador Federal (AGU)\"}]},{\"@type\":\"WebSite\",\"@id\":\"https:\\\/\\\/cj.estrategia.com\\\/portal\\\/#website\",\"url\":\"https:\\\/\\\/cj.estrategia.com\\\/portal\\\/\",\"name\":\"Blog - Carreiras Jur\u00eddicas - Estrat\u00e9gia\",\"description\":\"\",\"publisher\":{\"@id\":\"https:\\\/\\\/cj.estrategia.com\\\/portal\\\/#organization\"},\"potentialAction\":[{\"@type\":\"SearchAction\",\"target\":{\"@type\":\"EntryPoint\",\"urlTemplate\":\"https:\\\/\\\/cj.estrategia.com\\\/portal\\\/?s={search_term_string}\"},\"query-input\":{\"@type\":\"PropertyValueSpecification\",\"valueRequired\":true,\"valueName\":\"search_term_string\"}}],\"inLanguage\":\"pt-BR\"},{\"@type\":\"Organization\",\"@id\":\"https:\\\/\\\/cj.estrategia.com\\\/portal\\\/#organization\",\"name\":\"Estrat\u00e9gia - Carreiras Jur\u00eddicas\",\"url\":\"https:\\\/\\\/cj.estrategia.com\\\/portal\\\/\",\"logo\":{\"@type\":\"ImageObject\",\"inLanguage\":\"pt-BR\",\"@id\":\"https:\\\/\\\/cj.estrategia.com\\\/portal\\\/#\\\/schema\\\/logo\\\/image\\\/\",\"url\":\"https:\\\/\\\/cj.estrategia.com\\\/portal\\\/wp-content\\\/uploads\\\/2022\\\/03\\\/11151052\\\/cj-logo.png\",\"contentUrl\":\"https:\\\/\\\/cj.estrategia.com\\\/portal\\\/wp-content\\\/uploads\\\/2022\\\/03\\\/11151052\\\/cj-logo.png\",\"width\":150,\"height\":39,\"caption\":\"Estrat\u00e9gia - Carreiras Jur\u00eddicas\"},\"image\":{\"@id\":\"https:\\\/\\\/cj.estrategia.com\\\/portal\\\/#\\\/schema\\\/logo\\\/image\\\/\"},\"sameAs\":[\"https:\\\/\\\/www.facebook.com\\\/estrategiacarreirajuridica\\\/\",\"https:\\\/\\\/x.com\\\/EstratJuridica\",\"https:\\\/\\\/www.instagram.com\\\/estrategiacarreirajuridica\\\/\",\"https:\\\/\\\/www.youtube.com\\\/channel\\\/UClbMGuYbj2Mh1m3w144ETWQ\"]},{\"@type\":\"Person\",\"@id\":\"https:\\\/\\\/cj.estrategia.com\\\/portal\\\/#\\\/schema\\\/person\\\/4d70317d31449932b99102916b6637f5\",\"name\":\"Coordena\u00e7\u00e3o\",\"image\":{\"@type\":\"ImageObject\",\"inLanguage\":\"pt-BR\",\"@id\":\"https:\\\/\\\/cj.estrategia.com\\\/portal\\\/wp-content\\\/uploads\\\/2022\\\/05\\\/12164923\\\/estrategia-carreira-juridica-coordenacao-96x96.png\",\"url\":\"https:\\\/\\\/cj.estrategia.com\\\/portal\\\/wp-content\\\/uploads\\\/2022\\\/05\\\/12164923\\\/estrategia-carreira-juridica-coordenacao-96x96.png\",\"contentUrl\":\"https:\\\/\\\/cj.estrategia.com\\\/portal\\\/wp-content\\\/uploads\\\/2022\\\/05\\\/12164923\\\/estrategia-carreira-juridica-coordenacao-96x96.png\",\"caption\":\"Coordena\u00e7\u00e3o\"},\"url\":\"https:\\\/\\\/cj.estrategia.com\\\/portal\\\/author\\\/coordenacao\\\/\"}]}<\/script>\n<!-- \/ Yoast SEO Premium plugin. -->","yoast_head_json":{"title":"Prova comentada Direito Civil Procurador Federal (AGU)","description":"Prova comentada Direito Civil Procurador Federal (AGU): Confira seu desempenho na prova e saia na frente!","robots":{"index":"index","follow":"follow","max-snippet":"max-snippet:-1","max-image-preview":"max-image-preview:large","max-video-preview":"max-video-preview:-1"},"canonical":"https:\/\/cj.estrategia.com\/portal\/prova-comentada-direito-civil-procurador-federal-agu\/","og_locale":"pt_BR","og_type":"article","og_title":"Prova comentada Direito Civil Procurador Federal (AGU)","og_description":"Prova comentada Direito Civil Procurador Federal (AGU): Confira seu desempenho na prova e saia na frente!","og_url":"https:\/\/cj.estrategia.com\/portal\/prova-comentada-direito-civil-procurador-federal-agu\/","og_site_name":"Blog - Carreiras Jur\u00eddicas - Estrat\u00e9gia","article_publisher":"https:\/\/www.facebook.com\/estrategiacarreirajuridica\/","article_published_time":"2023-05-08T19:26:06+00:00","article_modified_time":"2023-05-08T19:26:08+00:00","og_image":[{"width":768,"height":432,"url":"https:\/\/cj.estrategia.com\/portal\/wp-content\/uploads\/2022\/09\/04111654\/PROCURADOR-FEDERAL.jpg","type":"image\/jpeg"}],"author":"Coordena\u00e7\u00e3o","twitter_card":"summary_large_image","twitter_creator":"@EstratJuridica","twitter_site":"@EstratJuridica","twitter_misc":{"Escrito por":"Coordena\u00e7\u00e3o","Est. tempo de leitura":"12 minutos"},"schema":{"@context":"https:\/\/schema.org","@graph":[{"@type":"NewsArticle","@id":"https:\/\/cj.estrategia.com\/portal\/prova-comentada-direito-civil-procurador-federal-agu\/#article","isPartOf":{"@id":"https:\/\/cj.estrategia.com\/portal\/prova-comentada-direito-civil-procurador-federal-agu\/"},"author":{"name":"Coordena\u00e7\u00e3o","@id":"https:\/\/cj.estrategia.com\/portal\/#\/schema\/person\/4d70317d31449932b99102916b6637f5"},"headline":"Prova comentada Direito Civil Procurador Federal (AGU)","datePublished":"2023-05-08T19:26:06+00:00","dateModified":"2023-05-08T19:26:08+00:00","mainEntityOfPage":{"@id":"https:\/\/cj.estrategia.com\/portal\/prova-comentada-direito-civil-procurador-federal-agu\/"},"wordCount":2189,"commentCount":0,"publisher":{"@id":"https:\/\/cj.estrategia.com\/portal\/#organization"},"image":{"@id":"https:\/\/cj.estrategia.com\/portal\/prova-comentada-direito-civil-procurador-federal-agu\/#primaryimage"},"thumbnailUrl":"https:\/\/cj.estrategia.com\/portal\/wp-content\/uploads\/2022\/09\/04111654\/PROCURADOR-FEDERAL.jpg","articleSection":["Carreiras Jur\u00eddicas","Procuradoria"],"inLanguage":"pt-BR","potentialAction":[{"@type":"CommentAction","name":"Comment","target":["https:\/\/cj.estrategia.com\/portal\/prova-comentada-direito-civil-procurador-federal-agu\/#respond"]}]},{"@type":"WebPage","@id":"https:\/\/cj.estrategia.com\/portal\/prova-comentada-direito-civil-procurador-federal-agu\/","url":"https:\/\/cj.estrategia.com\/portal\/prova-comentada-direito-civil-procurador-federal-agu\/","name":"Prova comentada Direito Civil Procurador Federal (AGU)","isPartOf":{"@id":"https:\/\/cj.estrategia.com\/portal\/#website"},"primaryImageOfPage":{"@id":"https:\/\/cj.estrategia.com\/portal\/prova-comentada-direito-civil-procurador-federal-agu\/#primaryimage"},"image":{"@id":"https:\/\/cj.estrategia.com\/portal\/prova-comentada-direito-civil-procurador-federal-agu\/#primaryimage"},"thumbnailUrl":"https:\/\/cj.estrategia.com\/portal\/wp-content\/uploads\/2022\/09\/04111654\/PROCURADOR-FEDERAL.jpg","datePublished":"2023-05-08T19:26:06+00:00","dateModified":"2023-05-08T19:26:08+00:00","description":"Prova comentada Direito Civil Procurador Federal (AGU): Confira seu desempenho na prova e saia na frente!","breadcrumb":{"@id":"https:\/\/cj.estrategia.com\/portal\/prova-comentada-direito-civil-procurador-federal-agu\/#breadcrumb"},"inLanguage":"pt-BR","potentialAction":[{"@type":"ReadAction","target":["https:\/\/cj.estrategia.com\/portal\/prova-comentada-direito-civil-procurador-federal-agu\/"]}]},{"@type":"ImageObject","inLanguage":"pt-BR","@id":"https:\/\/cj.estrategia.com\/portal\/prova-comentada-direito-civil-procurador-federal-agu\/#primaryimage","url":"https:\/\/cj.estrategia.com\/portal\/wp-content\/uploads\/2022\/09\/04111654\/PROCURADOR-FEDERAL.jpg","contentUrl":"https:\/\/cj.estrategia.com\/portal\/wp-content\/uploads\/2022\/09\/04111654\/PROCURADOR-FEDERAL.jpg","width":768,"height":432,"caption":"Prova comentada"},{"@type":"BreadcrumbList","@id":"https:\/\/cj.estrategia.com\/portal\/prova-comentada-direito-civil-procurador-federal-agu\/#breadcrumb","itemListElement":[{"@type":"ListItem","position":1,"name":"In\u00edcio","item":"https:\/\/cj.estrategia.com\/portal\/"},{"@type":"ListItem","position":2,"name":"Prova comentada Direito Civil Procurador Federal (AGU)"}]},{"@type":"WebSite","@id":"https:\/\/cj.estrategia.com\/portal\/#website","url":"https:\/\/cj.estrategia.com\/portal\/","name":"Blog - Carreiras Jur\u00eddicas - Estrat\u00e9gia","description":"","publisher":{"@id":"https:\/\/cj.estrategia.com\/portal\/#organization"},"potentialAction":[{"@type":"SearchAction","target":{"@type":"EntryPoint","urlTemplate":"https:\/\/cj.estrategia.com\/portal\/?s={search_term_string}"},"query-input":{"@type":"PropertyValueSpecification","valueRequired":true,"valueName":"search_term_string"}}],"inLanguage":"pt-BR"},{"@type":"Organization","@id":"https:\/\/cj.estrategia.com\/portal\/#organization","name":"Estrat\u00e9gia - Carreiras Jur\u00eddicas","url":"https:\/\/cj.estrategia.com\/portal\/","logo":{"@type":"ImageObject","inLanguage":"pt-BR","@id":"https:\/\/cj.estrategia.com\/portal\/#\/schema\/logo\/image\/","url":"https:\/\/cj.estrategia.com\/portal\/wp-content\/uploads\/2022\/03\/11151052\/cj-logo.png","contentUrl":"https:\/\/cj.estrategia.com\/portal\/wp-content\/uploads\/2022\/03\/11151052\/cj-logo.png","width":150,"height":39,"caption":"Estrat\u00e9gia - Carreiras Jur\u00eddicas"},"image":{"@id":"https:\/\/cj.estrategia.com\/portal\/#\/schema\/logo\/image\/"},"sameAs":["https:\/\/www.facebook.com\/estrategiacarreirajuridica\/","https:\/\/x.com\/EstratJuridica","https:\/\/www.instagram.com\/estrategiacarreirajuridica\/","https:\/\/www.youtube.com\/channel\/UClbMGuYbj2Mh1m3w144ETWQ"]},{"@type":"Person","@id":"https:\/\/cj.estrategia.com\/portal\/#\/schema\/person\/4d70317d31449932b99102916b6637f5","name":"Coordena\u00e7\u00e3o","image":{"@type":"ImageObject","inLanguage":"pt-BR","@id":"https:\/\/cj.estrategia.com\/portal\/wp-content\/uploads\/2022\/05\/12164923\/estrategia-carreira-juridica-coordenacao-96x96.png","url":"https:\/\/cj.estrategia.com\/portal\/wp-content\/uploads\/2022\/05\/12164923\/estrategia-carreira-juridica-coordenacao-96x96.png","contentUrl":"https:\/\/cj.estrategia.com\/portal\/wp-content\/uploads\/2022\/05\/12164923\/estrategia-carreira-juridica-coordenacao-96x96.png","caption":"Coordena\u00e7\u00e3o"},"url":"https:\/\/cj.estrategia.com\/portal\/author\/coordenacao\/"}]}},"jetpack_featured_media_url":"https:\/\/cj.estrategia.com\/portal\/wp-content\/uploads\/2022\/09\/04111654\/PROCURADOR-FEDERAL.jpg","jetpack_sharing_enabled":true,"_links":{"self":[{"href":"https:\/\/cj.estrategia.com\/portal\/wp-json\/wp\/v2\/posts\/35825","targetHints":{"allow":["GET"]}}],"collection":[{"href":"https:\/\/cj.estrategia.com\/portal\/wp-json\/wp\/v2\/posts"}],"about":[{"href":"https:\/\/cj.estrategia.com\/portal\/wp-json\/wp\/v2\/types\/post"}],"author":[{"embeddable":true,"href":"https:\/\/cj.estrategia.com\/portal\/wp-json\/wp\/v2\/users\/12"}],"replies":[{"embeddable":true,"href":"https:\/\/cj.estrategia.com\/portal\/wp-json\/wp\/v2\/comments?post=35825"}],"version-history":[{"count":1,"href":"https:\/\/cj.estrategia.com\/portal\/wp-json\/wp\/v2\/posts\/35825\/revisions"}],"predecessor-version":[{"id":35826,"href":"https:\/\/cj.estrategia.com\/portal\/wp-json\/wp\/v2\/posts\/35825\/revisions\/35826"}],"wp:featuredmedia":[{"embeddable":true,"href":"https:\/\/cj.estrategia.com\/portal\/wp-json\/wp\/v2\/media\/20857"}],"wp:attachment":[{"href":"https:\/\/cj.estrategia.com\/portal\/wp-json\/wp\/v2\/media?parent=35825"}],"wp:term":[{"taxonomy":"category","embeddable":true,"href":"https:\/\/cj.estrategia.com\/portal\/wp-json\/wp\/v2\/categories?post=35825"},{"taxonomy":"post_tag","embeddable":true,"href":"https:\/\/cj.estrategia.com\/portal\/wp-json\/wp\/v2\/tags?post=35825"},{"taxonomy":"tax_estado","embeddable":true,"href":"https:\/\/cj.estrategia.com\/portal\/wp-json\/wp\/v2\/tax_estado?post=35825"}],"curies":[{"name":"wp","href":"https:\/\/api.w.org\/{rel}","templated":true}]}}