{"id":35705,"date":"2023-05-09T14:00:00","date_gmt":"2023-05-09T17:00:00","guid":{"rendered":"https:\/\/cj.estrategia.com\/portal\/?p=35705"},"modified":"2023-05-12T07:55:36","modified_gmt":"2023-05-12T10:55:36","slug":"gabarito-extraoficial-procurador-federal-agu","status":"publish","type":"post","link":"https:\/\/cj.estrategia.com\/portal\/gabarito-extraoficial-procurador-federal-agu\/","title":{"rendered":"Gabarito Extraoficial Procurador Federal (AGU): Confira como foi a prova!"},"content":{"rendered":"\n<p>Neste domingo, 07 de maio, foram aplicadas as provas objetivas do<strong>\u00a0concurso Procurador Federal<\/strong>.<strong>\u00a0<\/strong>A etapa contou com 100 quest\u00f5es de m\u00faltipla escolha, com 05 alternativas cada e apenas uma resposta correta.<\/p>\n\n\n\n<p>S\u00e3o ofertadas 100 vagas para o cargo de <strong>Procurador Federal<\/strong> <strong>de 2\u00aa Categoria<\/strong>. O sal\u00e1rio inicial da carreira \u00e9 de <strong>R$ 21.014,49<\/strong>. Al\u00e9m disso, como membros da <a href=\"https:\/\/www.gov.br\/agu\/pt-br\" target=\"_blank\" >AGU<\/a>, os procuradores federais t\u00eam direito ao recebimento de <strong>honor\u00e1rios\u00a0de\u00a0sucumb\u00eancia<\/strong>.<\/p>\n\n\n\n<p>Sendo assim, com o objetivo de ajud\u00e1-lo a diminuir um pouco a ansiedade, nossos professores realizaram a corre\u00e7\u00e3o extraoficial, divulgando o\u00a0<strong>gabarito da prova Procurador Federal.<\/strong><\/p>\n\n\n\n<p class=\"has-background\" style=\"background-color:#dddcdc\"><strong><strong><mark style=\"background-color:rgba(0, 0, 0, 0)\" class=\"has-inline-color has-vivid-red-color\">Mas aten\u00e7\u00e3o:<\/mark>\u00a0<\/strong>Al\u00e9m da corre\u00e7\u00e3o de domingo, nosso super time disponibilizar\u00e1 na segunda-feira, <strong>08 de maio<\/strong>, o gabarito completo, com todas as quest\u00f5es escritas, um link para que voc\u00ea possa inserir seu gabarito e participar do ranking e realizar\u00e1 um webin\u00e1rio, no dia 09 de maio, com todas as impress\u00f5es da prova. N\u00c3O PERCA!<\/strong><\/p>\n\n\n\n<h2 class=\"wp-block-heading has-text-align-center has-cyan-bluish-gray-background-color has-background\" id=\"h-preencha-seu-gabarito-e-participe-do-ranking\"><span id=\"preencha-seu-gabarito-e-participe-do-ranking\"><a href=\"https:\/\/cj.estrategia.com\/cadernos-e-simulados\/simulados\/f9236050-8af7-49aa-9c49-e4f478f6cddf\" target=\"_blank\" ><mark style=\"background-color:rgba(0, 0, 0, 0)\" class=\"has-inline-color has-vivid-red-color\">Preencha seu Gabarito<\/mark> <mark style=\"background-color:rgba(0, 0, 0, 0)\" class=\"has-inline-color has-vivid-red-color\">e participe do Ranking<\/mark><\/a><\/span><\/h2>\n\n\n\n<h2 id=\"termometro-procurador-federal-09-05-21h\" class=\"wp-block-heading\">Term\u00f4metro Procurador Federal \u2013 09\/05 \u2013 21h<\/h2>\n\n\n\n<figure class=\"wp-block-embed is-type-video is-provider-youtube wp-block-embed-youtube wp-embed-aspect-16-9 wp-has-aspect-ratio\"><div class=\"wp-block-embed__wrapper\">\n<div class=\"cs-embed cs-embed-responsive\"><iframe title=\"AGU - Procurador Federal: Term\u00f4metro P\u00f3s-Prova\" width=\"1200\" height=\"675\" src=\"https:\/\/www.youtube.com\/embed\/GLy_ij_vDSI?feature=oembed\" frameborder=\"0\" allow=\"accelerometer; autoplay; clipboard-write; encrypted-media; gyroscope; picture-in-picture; web-share\" allowfullscreen><\/iframe><\/div>\n<\/div><\/figure>\n\n\n\n<h2 id=\"gabarito-extraoficial-procurador-federal-07-05-as-13h\" class=\"wp-block-heading\">Gabarito Extraoficial Procurador Federal \u2013 07\/05 \u2013 \u00e0s 13h<\/h2>\n\n\n\n<figure class=\"wp-block-embed is-type-video is-provider-youtube wp-block-embed-youtube wp-embed-aspect-16-9 wp-has-aspect-ratio\"><div class=\"wp-block-embed__wrapper\">\n<div class=\"cs-embed cs-embed-responsive\"><iframe title=\"Gabarito Extraoficial - Procurador Federal (AGU)\" width=\"1200\" height=\"675\" src=\"https:\/\/www.youtube.com\/embed\/nKbe3EhO95A?feature=oembed\" frameborder=\"0\" allow=\"accelerometer; autoplay; clipboard-write; encrypted-media; gyroscope; picture-in-picture; web-share\" allowfullscreen><\/iframe><\/div>\n<\/div><figcaption class=\"wp-element-caption\"><a href=\"https:\/\/cj.estrategia.com\/portal\/prova-comentada-direito-constitucional-procurador-federal-agu\/\" target=\"_blank\" >Prova comentada Direito Constitucional<br><\/a><a href=\"https:\/\/cj.estrategia.com\/portal\/prova-comentada-direito-administrativo-procurador-federal-agu\/\" target=\"_blank\" >Prova comentada Direito Administrativo<br><\/a><a href=\"https:\/\/cj.estrategia.com\/portal\/prova-comentada-direito-financeiro-e-economico-procurador-federal-agu\/\" target=\"_blank\" >Prova comentada Direito Financeiro e Econ\u00f4mico<br><\/a><a href=\"https:\/\/cj.estrategia.com\/portal\/prova-comentada-direito-tributario-procurador-federal-agu\/\" target=\"_blank\" >Prova comentada Direito Tribut\u00e1rio<br><\/a><a href=\"https:\/\/cj.estrategia.com\/portal\/prova-comentada-seguridade-social-procurador-federal-agu\/\" target=\"_blank\" >Prova comentada Seguridade Social<br><\/a><a href=\"https:\/\/cj.estrategia.com\/portal\/prova-comentada-direito-ambiental-procurador-federal-agu\/\" target=\"_blank\" >Prova comentada Direito Ambiental<br><\/a><a href=\"https:\/\/cj.estrategia.com\/portal\/prova-comentada-direito-civil-procurador-federal-agu\/\" target=\"_blank\" >Prova comentada Direito Civil<br><\/a><a href=\"https:\/\/cj.estrategia.com\/portal\/prova-comentada-direito-processual-civil-procurador-federal-agu\/\" target=\"_blank\" >Prova comentada Direito Processual Civil<br><\/a><a href=\"https:\/\/cj.estrategia.com\/portal\/prova-comentada-direito-empresarial-procurador-federal-agu\/\" target=\"_blank\" >Prova comentada Direito Empresarial<br><\/a><a href=\"https:\/\/cj.estrategia.com\/portal\/prova-comentada-direito-internacional-publico-procurador-federal-agu\/\" target=\"_blank\" >Prova comentada Direito Internacional P\u00fablico<br><\/a><a href=\"https:\/\/cj.estrategia.com\/portal\/prova-comentada-direito-penal-e-processual-penal-procurador-federal-agu\/\" target=\"_blank\" >Prova comentada Direito Penal e Processual Penal<br><\/a><a href=\"https:\/\/cj.estrategia.com\/portal\/prova-comentada-direito-do-trabalho-e-processo-do-trabalho-procurador-federal-agu\/\" target=\"_blank\" >Prova comentada Direito do Trabalho e Processo do Trabalho<br><\/a><a href=\"https:\/\/cj.estrategia.com\/portal\/prova-comentada-direito-agrario-procurador-federal-agu\/\" target=\"_blank\" >Prova comentada Direito Agr\u00e1rio<br><\/a><a href=\"https:\/\/cj.estrategia.com\/portal\/prova-comentada-legislacao-de-educacao-ciencia-tecnologia-e-inovacao-procurador-federal-agu\/\" target=\"_blank\" >Prova comentada Legisla\u00e7\u00e3o de Educa\u00e7\u00e3o, Ci\u00eancia, Tecnologia e Inova\u00e7\u00e3o<br><\/a><\/figcaption><\/figure>\n\n\n\n<h3 id=\"gabarito-extraoficial-procurador-federalfrase-do-tipo-de-prova-se-os-homens-fossem-constantes-seriam-perfeitos\" class=\"wp-block-heading\">Gabarito Extraoficial Procurador Federal<br>Frase do Tipo de prova: \u201cSe os homens fossem constantes seriam perfeitos\u201d.<\/h3>\n\n\n\n<p>Abaixo, voc\u00ea confere os gabaritos das quest\u00f5es corrigidas pelos nossos professores.<\/p>\n\n\n\n<figure class=\"wp-block-table\"><table class=\"has-background\" style=\"background-color:#e3cd93\"><tbody><tr><td class=\"has-text-align-left\" data-align=\"left\"><strong>QUEST\u00d5ES<\/strong><\/td><td class=\"has-text-align-center\" data-align=\"center\"><strong>RESPOSTAS<\/strong><\/td><td class=\"has-text-align-left\" data-align=\"left\"><strong>COMENT\u00c1RIOS<\/strong><\/td><\/tr><tr><td class=\"has-text-align-left\" data-align=\"left\">1 \u2013 No campo da hermen\u00eautica constitucional\u2026<\/td><td class=\"has-text-align-center\" data-align=\"center\">B<\/td><td class=\"has-text-align-left\" data-align=\"left\">Quest\u00e3o doutrin\u00e1ria<\/td><\/tr><tr><td class=\"has-text-align-left\" data-align=\"left\">2 \u2013 Com rela\u00e7\u00e3o ao princ\u00edpio da simetria\u2026<\/td><td class=\"has-text-align-center\" data-align=\"center\">E<\/td><td class=\"has-text-align-left\" data-align=\"left\">Art. 75, CF + ADI 4541<\/td><\/tr><tr><td class=\"has-text-align-left\" data-align=\"left\">3 \u2013 Acerca do princ\u00edpio da laicidade\u2026<\/td><td class=\"has-text-align-center\" data-align=\"center\">D<\/td><td class=\"has-text-align-left\" data-align=\"left\">Art. 5\u00ba VIII, CF<\/td><\/tr><tr><td class=\"has-text-align-left\" data-align=\"left\">4 \u2013 No tocante aos direitos sociais\u2026<\/td><td class=\"has-text-align-center\" data-align=\"center\">B<\/td><td class=\"has-text-align-left\" data-align=\"left\">ADPF 651 + AgReg no RE com Agravo 761.127<\/td><\/tr><tr><td class=\"has-text-align-left\" data-align=\"left\">5 \u2013 No que concerne \u00e0s medidas provis\u00f3rias\u2026<\/td><td class=\"has-text-align-center\" data-align=\"center\">A<\/td><td class=\"has-text-align-left\" data-align=\"left\">Art. 62, \u00a7 3\u00ba, CF<\/td><\/tr><tr><td class=\"has-text-align-left\" data-align=\"left\">6 \u2013 Assinale a op\u00e7\u00e3o correta em rela\u00e7\u00e3o \u00e0 justi\u00e7a\u2026<\/td><td class=\"has-text-align-center\" data-align=\"center\">D<\/td><td class=\"has-text-align-left\" data-align=\"left\"> S\u00famula 736 STF<\/td><\/tr><tr><td class=\"has-text-align-left\" data-align=\"left\">7 \u2013 A respeito do direito de sa\u00fade\u2026<\/td><td class=\"has-text-align-center\" data-align=\"center\">C<\/td><td class=\"has-text-align-left\" data-align=\"left\">Art. 200, VI e VII, CF<\/td><\/tr><tr><td class=\"has-text-align-left\" data-align=\"left\">8 \u2013 No que se refere ao papel do advogado\u2026<\/td><td class=\"has-text-align-center\" data-align=\"center\">A<\/td><td class=\"has-text-align-left\" data-align=\"left\">ADI 3.916 e 1.616<\/td><\/tr><tr><td class=\"has-text-align-left\" data-align=\"left\">9 \u2013 No que tange \u00e0s cl\u00e1usulas p\u00e9treas\u2026<\/td><td class=\"has-text-align-center\" data-align=\"center\">E<\/td><td class=\"has-text-align-left\" data-align=\"left\">ADI 939<\/td><\/tr><tr><td class=\"has-text-align-left\" data-align=\"left\">10 \u2013 Em rela\u00e7\u00e3o aos efeitos transcendentes\u2026<\/td><td class=\"has-text-align-center\" data-align=\"center\">C<\/td><td class=\"has-text-align-left\" data-align=\"left\">RCL 8.168<\/td><\/tr><tr><td class=\"has-text-align-left\" data-align=\"left\">11 \u2013 No que se refere ao im\u00f3vel cuja \u00e1rea\u2026<\/td><td class=\"has-text-align-center\" data-align=\"center\">B<\/td><td class=\"has-text-align-left\" data-align=\"left\">Art. 232, \u00a7  4\u00ba e 6\u00ba, CF<\/td><\/tr><tr><td class=\"has-text-align-left\" data-align=\"left\">12 \u2013 O Decreto n\u00ba 4.887\/200,, que regulamenta\u2026<\/td><td class=\"has-text-align-center\" data-align=\"center\">B<\/td><td class=\"has-text-align-left\" data-align=\"left\">ADI 3.239<\/td><\/tr><tr><td class=\"has-text-align-left\" data-align=\"left\">13 \u2013 Em fiscaliza\u00e7\u00e3o executada pelo Instituto\u2026<\/td><td class=\"has-text-align-center\" data-align=\"center\">C<\/td><td class=\"has-text-align-left\" data-align=\"left\">RESP 1.615.821<\/td><\/tr><tr><td class=\"has-text-align-left\" data-align=\"left\">14 \u2013 A reda\u00e7\u00e3o original do art. 243\u2026<\/td><td class=\"has-text-align-center\" data-align=\"center\">B<\/td><td class=\"has-text-align-left\" data-align=\"left\">ADO 77<\/td><\/tr><tr><td class=\"has-text-align-left\" data-align=\"left\">15 \u2013 Quanto ao que preconiza a jurisprud\u00eancia\u2026<\/td><td class=\"has-text-align-center\" data-align=\"center\">E<\/td><td class=\"has-text-align-left\" data-align=\"left\">S\u00famula n\u00ba 643 STF<\/td><\/tr><tr><td class=\"has-text-align-left\" data-align=\"left\">16 \u2013 No que diz respeito \u00e0 prote\u00e7\u00e3o\u2026<\/td><td class=\"has-text-align-center\" data-align=\"center\">C<\/td><td class=\"has-text-align-left\" data-align=\"left\"><\/td><\/tr><tr><td class=\"has-text-align-left\" data-align=\"left\">17 \u2013 Com base no disposto na Lei n\u00ba 14.133\/2021\u2026<\/td><td class=\"has-text-align-center\" data-align=\"center\">B<\/td><td class=\"has-text-align-left\" data-align=\"left\">Art. 5\u00ba, Lei n\u00ba 14.133<\/td><\/tr><tr><td class=\"has-text-align-left\" data-align=\"left\">18 \u2013 Considerando as disposi\u00e7\u00f5es contidas no\u2026<\/td><td class=\"has-text-align-center\" data-align=\"center\">D<\/td><td class=\"has-text-align-left\" data-align=\"left\">Art. 4\u00ba, par\u00e1grafo \u00fanico, DL 200\/67<\/td><\/tr><tr><td class=\"has-text-align-left\" data-align=\"left\">19 \u2013 Julgue os seguintes itens\u2026<\/td><td class=\"has-text-align-center\" data-align=\"center\">B<\/td><td class=\"has-text-align-left\" data-align=\"left\">Todos incisos do art. 37 da CF<\/td><\/tr><tr><td class=\"has-text-align-left\" data-align=\"left\">20 \u2013 No que se refere \u00e0 declara\u00e7\u00e3o de nulidade\u2026<\/td><td class=\"has-text-align-center\" data-align=\"center\">A<\/td><td class=\"has-text-align-left\" data-align=\"left\">S\u00famula 346 STF<\/td><\/tr><tr><td class=\"has-text-align-left\" data-align=\"left\">21 \u2013 Assinale a op\u00e7\u00e3o correta com base\u2026<\/td><td class=\"has-text-align-center\" data-align=\"center\">E<\/td><td class=\"has-text-align-left\" data-align=\"left\">Art. 1\u00ba, \u00a7  3\u00ba, Lei n\u00ba 11.107<\/td><\/tr><tr><td class=\"has-text-align-left\" data-align=\"left\">22 \u2013 Assinale a op\u00e7\u00e3o correta de acordo\u2026<\/td><td class=\"has-text-align-center\" data-align=\"center\">B<\/td><td class=\"has-text-align-left\" data-align=\"left\">Art. 12, III e \u00a7 3\u00ba, Lei n\u00ba 11.079<\/td><\/tr><tr><td class=\"has-text-align-left\" data-align=\"left\">23 \u2013 Considerando as disposi\u00e7\u00f5es da Lei Anticorrup\u00e7\u00e3o\u2026<\/td><td class=\"has-text-align-center\" data-align=\"center\">C<\/td><td class=\"has-text-align-left\" data-align=\"left\">Art. 16, \u00a7  10, Lei n\u00ba 12.846<\/td><\/tr><tr><td class=\"has-text-align-left\" data-align=\"left\">24 \u2013 Considerando o disposto na Lei n\u00ba 9.784\/1999\u2026<\/td><td class=\"has-text-align-center\" data-align=\"center\">E<\/td><td class=\"has-text-align-left\" data-align=\"left\">Art. 21, Lei n\u00ba 9.784<\/td><\/tr><tr><td class=\"has-text-align-left\" data-align=\"left\">25 \u2013 Assinale a op\u00e7\u00e3o correta acerca da anula\u00e7\u00e3o\u2026<\/td><td class=\"has-text-align-center\" data-align=\"center\">A<\/td><td class=\"has-text-align-left\" data-align=\"left\">Demais incorretas letra de lei. Lei n\u00ba 9.784 \u2013 trocam decad\u00eancia por prescri\u00e7\u00e3o<\/td><\/tr><tr><td class=\"has-text-align-left\" data-align=\"left\">26 \u2013 Assinale a op\u00e7\u00e3o correta no que se refere\u2026<\/td><td class=\"has-text-align-center\" data-align=\"center\">B<\/td><td class=\"has-text-align-left\" data-align=\"left\">Art. 4\u00ba, Lei n\u00ba 13.303<\/td><\/tr><tr><td class=\"has-text-align-left\" data-align=\"left\">27 \u2013 Acerca do prazo prescricional da pretens\u00e3o\u2026<\/td><td class=\"has-text-align-center\" data-align=\"center\">A<\/td><td class=\"has-text-align-left\" data-align=\"left\">S\u00famula 635 \u2013 STJ<\/td><\/tr><tr><td class=\"has-text-align-left\" data-align=\"left\">28 \u2013 De acordo com o disposto na Lei n\u00ba 10.480\/2002\u2026<\/td><td class=\"has-text-align-center\" data-align=\"center\">C<\/td><td class=\"has-text-align-left\" data-align=\"left\"> Art. 11, \u00a7  2\u00ba, VI, Lei n\u00ba 10.480<\/td><\/tr><tr><td class=\"has-text-align-left\" data-align=\"left\">29 \u2013 Assinale a op\u00e7\u00e3o correta no que diz respeito ao posicionamento\u2026<\/td><td class=\"has-text-align-center\" data-align=\"center\">D<\/td><td class=\"has-text-align-left\" data-align=\"left\">ARE 843989\/PR \u2013 Tema 1.199 RG<\/td><\/tr><tr><td class=\"has-text-align-left\" data-align=\"left\">30 \u2013 Um ente da administra\u00e7\u00e3o p\u00fablica indireta\u2026<\/td><td class=\"has-text-align-center\" data-align=\"center\">D<\/td><td class=\"has-text-align-left\" data-align=\"left\"><\/td><\/tr><tr><td class=\"has-text-align-left\" data-align=\"left\">31 \u2013 Considerando o que estabelece o regime jur\u00eddico\u2026<\/td><td class=\"has-text-align-center\" data-align=\"center\">D<\/td><td class=\"has-text-align-left\" data-align=\"left\">Art. 33, Lei n\u00ba 8.112<\/td><\/tr><tr><td class=\"has-text-align-left\" data-align=\"left\">32 \u2013 No que se refere \u00e0 gest\u00e3o\u2026<\/td><td class=\"has-text-align-center\" data-align=\"center\">C<\/td><td class=\"has-text-align-left\" data-align=\"left\">Art. 3\u00ba, Lei n\u00ba 13.848<\/td><\/tr><tr><td class=\"has-text-align-left\" data-align=\"left\">33 \u2013 Entre os princ\u00edpios or\u00e7ament\u00e1rios que regem\u2026<\/td><td class=\"has-text-align-center\" data-align=\"center\">D<\/td><td class=\"has-text-align-left\" data-align=\"left\">Art. 167, IV, CF<\/td><\/tr><tr><td class=\"has-text-align-left\" data-align=\"left\">34 \u2013 Por for\u00e7a da inova\u00e7\u00e3o legislativa\u2026<\/td><td class=\"has-text-align-center\" data-align=\"center\">A ou C (pass\u00edvel de anula\u00e7\u00e3o)<\/td><td class=\"has-text-align-left\" data-align=\"left\">Art. 100, \u00a7 11, I, CF<\/td><\/tr><tr><td class=\"has-text-align-left\" data-align=\"left\">35 \u2013 Acerca das contribui\u00e7\u00f5es de interven\u00e7\u00e3o\u2026<\/td><td class=\"has-text-align-center\" data-align=\"center\">B<\/td><td class=\"has-text-align-left\" data-align=\"left\">Art. 149, III, a, CF<\/td><\/tr><tr><td class=\"has-text-align-left\" data-align=\"left\">36 \u2013 Segundo a Lei n\u00ba 12.529\/2011\u2026<\/td><td class=\"has-text-align-center\" data-align=\"center\">E<\/td><td class=\"has-text-align-left\" data-align=\"left\">Art. 13, IV, Lei do Cade<\/td><\/tr><tr><td class=\"has-text-align-left\" data-align=\"left\">37 \u2013 Um procurador federal recebeu uma cita\u00e7\u00e3o\u2026<\/td><td class=\"has-text-align-center\" data-align=\"center\">B<\/td><td class=\"has-text-align-left\" data-align=\"left\">Art. 19 da Lei n\u00ba 10.522\/2002<\/td><\/tr><tr><td class=\"has-text-align-left\" data-align=\"left\">38 \u2013 A obriga\u00e7\u00e3o que decorre da legisla\u00e7\u00e3o\u2026<\/td><td class=\"has-text-align-center\" data-align=\"center\">E<\/td><td class=\"has-text-align-left\" data-align=\"left\">Art. 115 do CTN<\/td><\/tr><tr><td class=\"has-text-align-left\" data-align=\"left\">39 \u2013 De acordo com o C\u00f3digo Tribut\u00e1rio Nacional\u2026<\/td><td class=\"has-text-align-center\" data-align=\"center\">D<\/td><td class=\"has-text-align-left\" data-align=\"left\">Art. 100 do CTN<\/td><\/tr><tr><td class=\"has-text-align-left\" data-align=\"left\">40 \u2013 Uma empresa em d\u00e9bito com a Ag\u00eancia\u2026<\/td><td class=\"has-text-align-center\" data-align=\"center\">A<\/td><td class=\"has-text-align-left\" data-align=\"left\">Art. 185 do CTN<\/td><\/tr><tr><td class=\"has-text-align-left\" data-align=\"left\">41 \u2013 A prefeitura de determinado munic\u00edpio\u2026<\/td><td class=\"has-text-align-center\" data-align=\"center\">D<\/td><td class=\"has-text-align-left\" data-align=\"left\">Entendimento an\u00e1logo da S\u00famula n\u00ba 724 do STF, SV 52<\/td><\/tr><tr><td class=\"has-text-align-left\" data-align=\"left\">42 \u2013 Acerca da obriga\u00e7\u00e3o tribut\u00e1ria\u2026<\/td><td class=\"has-text-align-center\" data-align=\"center\">B<\/td><td class=\"has-text-align-left\" data-align=\"left\">Arts. 121 e 124 do CTN<\/td><\/tr><tr><td class=\"has-text-align-left\" data-align=\"left\">43 \u2013 Julgue os itens a seguir, acerca da manuten\u00e7\u00e3o\u2026<\/td><td class=\"has-text-align-center\" data-align=\"center\">B<\/td><td class=\"has-text-align-left\" data-align=\"left\"><\/td><\/tr><tr><td class=\"has-text-align-left\" data-align=\"left\">44 \u2013 Em 2020, Joana tinha 40 anos de idade\u2026<\/td><td class=\"has-text-align-center\" data-align=\"center\">A<\/td><td class=\"has-text-align-left\" data-align=\"left\"><\/td><\/tr><tr><td class=\"has-text-align-left\" data-align=\"left\">45 \u2013 Raul, argentino, com 66 anos de idade\u2026<\/td><td class=\"has-text-align-center\" data-align=\"center\">C<\/td><td class=\"has-text-align-left\" data-align=\"left\"><\/td><\/tr><tr><td class=\"has-text-align-left\" data-align=\"left\">46 \u2013 Tendo em vista o disposto na Lei n\u00ba 8.212\/1991\u2026<\/td><td class=\"has-text-align-center\" data-align=\"center\">A<\/td><td class=\"has-text-align-left\" data-align=\"left\"><\/td><\/tr><tr><td class=\"has-text-align-left\" data-align=\"left\">47 \u2013 Julgue os itens seguintes, relativos a acidente\u2026<\/td><td class=\"has-text-align-center\" data-align=\"center\">C<\/td><td class=\"has-text-align-left\" data-align=\"left\"><\/td><\/tr><tr><td class=\"has-text-align-left\" data-align=\"left\">48 \u2013 Assinale a op\u00e7\u00e3o correta acerca da aposentadoria\u2026<\/td><td class=\"has-text-align-center\" data-align=\"center\">A<\/td><td class=\"has-text-align-left\" data-align=\"left\"><\/td><\/tr><tr><td class=\"has-text-align-left\" data-align=\"left\">49 \u2013 Marcos, que trabalha na iniciativa privada\u2026<\/td><td class=\"has-text-align-center\" data-align=\"center\">E<\/td><td class=\"has-text-align-left\" data-align=\"left\"><\/td><\/tr><tr><td class=\"has-text-align-left\" data-align=\"left\">50 \u2013 Em rela\u00e7\u00e3o ao aux\u00edlio-inclus\u00e3o\u2026<\/td><td class=\"has-text-align-center\" data-align=\"center\">B<\/td><td class=\"has-text-align-left\" data-align=\"left\"><\/td><\/tr><tr><td class=\"has-text-align-left\" data-align=\"left\">51 \u2013 Julgue os itens subsequentes, relativos ao benef\u00edcio\u2026<\/td><td class=\"has-text-align-center\" data-align=\"center\">B<\/td><td class=\"has-text-align-left\" data-align=\"left\"><\/td><\/tr><tr><td class=\"has-text-align-left\" data-align=\"left\">52 \u2013 Considerando as altera\u00e7\u00f5es promovidas\u2026<\/td><td class=\"has-text-align-center\" data-align=\"center\">D<\/td><td class=\"has-text-align-left\" data-align=\"left\"><\/td><\/tr><tr><td class=\"has-text-align-left\" data-align=\"left\">53 \u2013 O C\u00f3digo Florestal protege\u2026<\/td><td class=\"has-text-align-center\" data-align=\"center\">E<\/td><td class=\"has-text-align-left\" data-align=\"left\"><\/td><\/tr><tr><td class=\"has-text-align-left\" data-align=\"left\">54 \u2013 Acerca do regime de prote\u00e7\u00e3o das \u00e1reas\u2026<\/td><td class=\"has-text-align-center\" data-align=\"center\">B<\/td><td class=\"has-text-align-left\" data-align=\"left\"><\/td><\/tr><tr><td class=\"has-text-align-left\" data-align=\"left\">55 \u2013 Assinale a op\u00e7\u00e3o que apresenta instrumento(s)\u2026<\/td><td class=\"has-text-align-center\" data-align=\"center\">D<\/td><td class=\"has-text-align-left\" data-align=\"left\"><\/td><\/tr><tr><td class=\"has-text-align-left\" data-align=\"left\">56 \u2013 Considerando-se as a\u00e7\u00f5es de coopera\u00e7\u00e3o\u2026<\/td><td class=\"has-text-align-center\" data-align=\"center\">D<\/td><td class=\"has-text-align-left\" data-align=\"left\"><\/td><\/tr><tr><td class=\"has-text-align-left\" data-align=\"left\">57 \u2013 Aplica-se ao Estado a responsabilidade\u2026<\/td><td class=\"has-text-align-center\" data-align=\"center\">B<\/td><td class=\"has-text-align-left\" data-align=\"left\"><\/td><\/tr><tr><td class=\"has-text-align-left\" data-align=\"left\">58 \u2013 Segundo a jurisprud\u00eancia do STJ, por eventuais\u2026<\/td><td class=\"has-text-align-center\" data-align=\"center\">C<\/td><td class=\"has-text-align-left\" data-align=\"left\"><\/td><\/tr><tr><td class=\"has-text-align-left\" data-align=\"left\">59 \u2013 Nos termos do Estatuto da Pessoa Idosa\u2026<\/td><td class=\"has-text-align-center\" data-align=\"center\">B<\/td><td class=\"has-text-align-left\" data-align=\"left\"><\/td><\/tr><tr><td class=\"has-text-align-left\" data-align=\"left\">60 \u2013 Para efeito de registro p\u00fablico, o im\u00f3vel\u2026<\/td><td class=\"has-text-align-center\" data-align=\"center\">D<\/td><td class=\"has-text-align-left\" data-align=\"left\"><\/td><\/tr><tr><td class=\"has-text-align-left\" data-align=\"left\">61 \u2013 Fernanda concedeu a Marcos, mediante escritura\u2026<\/td><td class=\"has-text-align-center\" data-align=\"center\">B<\/td><td class=\"has-text-align-left\" data-align=\"left\"><\/td><\/tr><tr><td class=\"has-text-align-left\" data-align=\"left\">62 \u2013 Consoante a jurisprud\u00eancia do STJ acerca do direito das obriga\u00e7\u00f5es\u2026<\/td><td class=\"has-text-align-center\" data-align=\"center\">A<\/td><td class=\"has-text-align-left\" data-align=\"left\"><\/td><\/tr><tr><td class=\"has-text-align-left\" data-align=\"left\">63 \u2013 De acordo com o que disp\u00f5e o C\u00f3digo Civil\u2026<\/td><td class=\"has-text-align-center\" data-align=\"center\">E<\/td><td class=\"has-text-align-left\" data-align=\"left\"><\/td><\/tr><tr><td class=\"has-text-align-left\" data-align=\"left\">64 \u2013 Acerca do bem de fam\u00edlia, assinale a op\u00e7\u00e3o\u2026<\/td><td class=\"has-text-align-center\" data-align=\"center\">A<\/td><td class=\"has-text-align-left\" data-align=\"left\"><\/td><\/tr><tr><td class=\"has-text-align-left\" data-align=\"left\">65 \u2013 As decis\u00f5es tomadas pela pessoa jur\u00eddica\u2026<\/td><td class=\"has-text-align-center\" data-align=\"center\">E<\/td><td class=\"has-text-align-left\" data-align=\"left\"><\/td><\/tr><tr><td class=\"has-text-align-left\" data-align=\"left\">66 \u2013 Quando o juiz, por permiss\u00e3o legal\u2026<\/td><td class=\"has-text-align-center\" data-align=\"center\">B<\/td><td class=\"has-text-align-left\" data-align=\"left\"><\/td><\/tr><tr><td class=\"has-text-align-left\" data-align=\"left\">67 \u2013 De acordo com o C\u00f3digo de Processo Civil\u2026<\/td><td class=\"has-text-align-center\" data-align=\"center\">D<\/td><td class=\"has-text-align-left\" data-align=\"left\"><\/td><\/tr><tr><td class=\"has-text-align-left\" data-align=\"left\">68 \u2013 Um cidad\u00e3o ajuizou a\u00e7\u00e3o declarat\u00f3ria\u2026<\/td><td class=\"has-text-align-center\" data-align=\"center\">B<\/td><td class=\"has-text-align-left\" data-align=\"left\"><\/td><\/tr><tr><td class=\"has-text-align-left\" data-align=\"left\">69 \u2013 Juscelino, brasileiro, casado sob o regime\u2026<\/td><td class=\"has-text-align-center\" data-align=\"center\">E<\/td><td class=\"has-text-align-left\" data-align=\"left\"><\/td><\/tr><tr><td class=\"has-text-align-left\" data-align=\"left\">70 \u2013 Acerca do agravo interno interposto\u2026<\/td><td class=\"has-text-align-center\" data-align=\"center\">E<\/td><td class=\"has-text-align-left\" data-align=\"left\"><\/td><\/tr><tr><td class=\"has-text-align-left\" data-align=\"left\">71 \u2013 Conforme a jurisprud\u00eancia dominante do Superior\u2026<\/td><td class=\"has-text-align-center\" data-align=\"center\">B<\/td><td class=\"has-text-align-left\" data-align=\"left\"><\/td><\/tr><tr><td class=\"has-text-align-left\" data-align=\"left\">72 \u2013 De acordo com a legisla\u00e7\u00e3o processual civil em vigor\u2026<\/td><td class=\"has-text-align-center\" data-align=\"center\">A<\/td><td class=\"has-text-align-left\" data-align=\"left\"><\/td><\/tr><tr><td class=\"has-text-align-left\" data-align=\"left\">73 \u2013 A Lei n\u00ba 13.463\/2017 cont\u00e9m dispositivo\u2026<\/td><td class=\"has-text-align-center\" data-align=\"center\">B<\/td><td class=\"has-text-align-left\" data-align=\"left\"><\/td><\/tr><tr><td class=\"has-text-align-left\" data-align=\"left\">74 \u2013 Determinada autarquia federal deseja\u2026<\/td><td class=\"has-text-align-center\" data-align=\"center\">B<\/td><td class=\"has-text-align-left\" data-align=\"left\"><\/td><\/tr><tr><td class=\"has-text-align-left\" data-align=\"left\">75 \u2013 Em sede de cumprimento de senten\u00e7a\u2026<\/td><td class=\"has-text-align-center\" data-align=\"center\">C<\/td><td class=\"has-text-align-left\" data-align=\"left\"><\/td><\/tr><tr><td class=\"has-text-align-left\" data-align=\"left\">76 \u2013 Consoante o estabelecido no C\u00f3digo de Processo\u2026<\/td><td class=\"has-text-align-center\" data-align=\"center\">C<\/td><td class=\"has-text-align-left\" data-align=\"left\"><\/td><\/tr><tr><td class=\"has-text-align-left\" data-align=\"left\">77 \u2013 Conforme a legisla\u00e7\u00e3o processual civil\u2026<\/td><td class=\"has-text-align-center\" data-align=\"center\">D<\/td><td class=\"has-text-align-left\" data-align=\"left\"><\/td><\/tr><tr><td class=\"has-text-align-left\" data-align=\"left\">78 \u2013 De acordo com a jurisprud\u00eancia do STF\u2026<\/td><td class=\"has-text-align-center\" data-align=\"center\">E<\/td><td class=\"has-text-align-left\" data-align=\"left\"><\/td><\/tr><tr><td class=\"has-text-align-left\" data-align=\"left\">79 \u2013 A prerrogativa processual de prazo em dobro\u2026<\/td><td class=\"has-text-align-center\" data-align=\"center\">C<\/td><td class=\"has-text-align-left\" data-align=\"left\"><\/td><\/tr><tr><td class=\"has-text-align-left\" data-align=\"left\">80 \u2013 Conforme o C\u00f3digo Civil e a Lei n\u00ba 6.404\/1976\u2026<\/td><td class=\"has-text-align-center\" data-align=\"center\">E<\/td><td class=\"has-text-align-left\" data-align=\"left\">Art. 1039, CC<\/td><\/tr><tr><td class=\"has-text-align-left\" data-align=\"left\">81 \u2013 Assinale a op\u00e7\u00e3o correta no tocante \u00e0 sociedade limitada.<\/td><td class=\"has-text-align-center\" data-align=\"center\">A<\/td><td class=\"has-text-align-left\" data-align=\"left\">Art. 1052, CC<\/td><\/tr><tr><td class=\"has-text-align-left\" data-align=\"left\">82 \u2013 Assinale a op\u00e7\u00e3o correta acerca de registro\u2026<\/td><td class=\"has-text-align-center\" data-align=\"center\">C<\/td><td class=\"has-text-align-left\" data-align=\"left\">Art. 10, VIII, Lei N\u00ba 9.279\/96<\/td><\/tr><tr><td class=\"has-text-align-left\" data-align=\"left\">83 \u2013 Acerca da interven\u00e7\u00e3o extrajudicial\u2026<\/td><td class=\"has-text-align-center\" data-align=\"center\">D<\/td><td class=\"has-text-align-left\" data-align=\"left\">Art. 7, c, Lei N\u00ba 6.024\/74<\/td><\/tr><tr><td class=\"has-text-align-left\" data-align=\"left\">84 \u2013 De acordo com a Conven\u00e7\u00e3o sobre Privil\u00e9gios\u2026<\/td><td class=\"has-text-align-center\" data-align=\"center\">C<\/td><td class=\"has-text-align-left\" data-align=\"left\">Repercuss\u00e3o geral \u2013 RE 1034840 RG\/DF)<\/td><\/tr><tr><td class=\"has-text-align-left\" data-align=\"left\">85 \u2013 S\u00e3o fontes das quais a Corte Internacional\u2026<\/td><td class=\"has-text-align-center\" data-align=\"center\">D<\/td><td class=\"has-text-align-left\" data-align=\"left\">Art. 38 e 59, Estatuto da CIJ<\/td><\/tr><tr><td class=\"has-text-align-left\" data-align=\"left\">86 \u2013 Assinale a op\u00e7\u00e3o correta no que concerne \u00e0 naturaliza\u00e7\u00e3o\u2026<\/td><td class=\"has-text-align-center\" data-align=\"center\">C<\/td><td class=\"has-text-align-left\" data-align=\"left\">Art. 65, Lei de Migra\u00e7\u00e3o<\/td><\/tr><tr><td class=\"has-text-align-left\" data-align=\"left\">87 \u2013 Em rela\u00e7\u00e3o \u00e0 restitui\u00e7\u00e3o de coisas\u2026<\/td><td class=\"has-text-align-center\" data-align=\"center\">E<\/td><td class=\"has-text-align-left\" data-align=\"left\"><\/td><\/tr><tr><td class=\"has-text-align-left\" data-align=\"left\">88 \u2013 A evas\u00e3o de dividas do Brasil\u2026<\/td><td class=\"has-text-align-center\" data-align=\"center\">C<\/td><td class=\"has-text-align-left\" data-align=\"left\"><\/td><\/tr><tr><td class=\"has-text-align-left\" data-align=\"left\">89 \u2013 Quanto aos crimes em licita\u00e7\u00f5es\u2026<\/td><td class=\"has-text-align-center\" data-align=\"center\">D<\/td><td class=\"has-text-align-left\" data-align=\"left\"><\/td><\/tr><tr><td class=\"has-text-align-left\" data-align=\"left\">90 \u2013 No que se refere ao trabalho em condi\u00e7\u00f5es an\u00e1logas\u2026<\/td><td class=\"has-text-align-center\" data-align=\"center\">C<\/td><td class=\"has-text-align-left\" data-align=\"left\"><\/td><\/tr><tr><td class=\"has-text-align-left\" data-align=\"left\">91 \u2013 Com rela\u00e7\u00e3o \u00e0 a\u00e7\u00e3o rescis\u00f3ria\u2026<\/td><td class=\"has-text-align-center\" data-align=\"center\">D<\/td><td class=\"has-text-align-left\" data-align=\"left\">S\u00famula 100, IX, TST<\/td><\/tr><tr><td class=\"has-text-align-left\" data-align=\"left\">92 \u2013 Considerando o entendimento do TST\u2026<\/td><td class=\"has-text-align-center\" data-align=\"center\">D<\/td><td class=\"has-text-align-left\" data-align=\"left\">AIRO-22201-23.2018.5.04.0000, Subse\u00e7\u00e3o II Especializada em Diss\u00eddios Individuais, Relator Ministro Alexandre de Souza Agra Belmonte, DEJT 04\/10\/2019<\/td><\/tr><tr><td class=\"has-text-align-left\" data-align=\"left\">93 \u2013 Assinale a op\u00e7\u00e3o correta acerca da desapropria\u00e7\u00e3o\u2026<\/td><td class=\"has-text-align-center\" data-align=\"center\">B<\/td><td class=\"has-text-align-left\" data-align=\"left\"><\/td><\/tr><tr><td class=\"has-text-align-left\" data-align=\"left\">94 \u2013 No que se refere ao procedimento judicial\u2026<\/td><td class=\"has-text-align-center\" data-align=\"center\">A<\/td><td class=\"has-text-align-left\" data-align=\"left\"><\/td><\/tr><tr><td class=\"has-text-align-left\" data-align=\"left\">95 \u2013 Acerca das terras ocupadas pelos remanescentes\u2026<\/td><td class=\"has-text-align-center\" data-align=\"center\">E<\/td><td class=\"has-text-align-left\" data-align=\"left\"><\/td><\/tr><tr><td class=\"has-text-align-left\" data-align=\"left\">96 \u2013 Quanto ao regime jur\u00eddico dos im\u00f3veis\u2026<\/td><td class=\"has-text-align-center\" data-align=\"center\">C<\/td><td class=\"has-text-align-left\" data-align=\"left\"><\/td><\/tr><tr><td class=\"has-text-align-left\" data-align=\"left\">97 \u2013 Considerando as disposi\u00e7\u00f5es da Lei n\u00ba 10.973\/2004\u2026<\/td><td class=\"has-text-align-center\" data-align=\"center\">A<\/td><td class=\"has-text-align-left\" data-align=\"left\">Art. 3 da Lei n\u00ba 10.973\/2004<\/td><\/tr><tr><td class=\"has-text-align-left\" data-align=\"left\">98 \u2013 Com base no que disp\u00f5e a Lei de Diretrizes\u2026<\/td><td class=\"has-text-align-center\" data-align=\"center\">C<\/td><td class=\"has-text-align-left\" data-align=\"left\"><\/td><\/tr><tr><td class=\"has-text-align-left\" data-align=\"left\">99 \u2013 Considerando o entendimento do STF a respeito da cobran\u00e7a\u2026<\/td><td class=\"has-text-align-center\" data-align=\"center\">C<\/td><td class=\"has-text-align-left\" data-align=\"left\">S\u00famula Vinculante 12 e RE 597.854, Tema 535<\/td><\/tr><tr><td class=\"has-text-align-left\" data-align=\"left\">100 \u2013 A CF consagra \u00e0s universidades\u2026<\/td><td class=\"has-text-align-center\" data-align=\"center\">C<\/td><td class=\"has-text-align-left\" data-align=\"left\">ADPF 548<\/td><\/tr><\/tbody><\/table><\/figure>\n\n\n\n<p class=\"has-text-align-center has-luminous-vivid-amber-background-color has-background has-medium-font-size\"><a href=\"https:\/\/cj.estrategia.com\/portal\/concurso-procurador-federal\/\" target=\"_blank\" rel=\"noreferrer noopener nofollow\"><strong>Saiba mais: concurso Procurador Federal<\/strong><\/a><\/p>\n\n\n\n<p class=\"has-white-color has-text-color\">Concurso Procurador Federal demanda de inscritos<\/p>\n\n\n\n<h2 class=\"wp-block-heading has-text-align-center\" id=\"cursos-ficha\"><span id=\"quer-estudar-para-concursos-de-direito\">Quer estudar para Concursos de Direito?<\/span><\/h2>\n\n\n\n<p>O Estrat\u00e9gia Carreira Jur\u00eddica \u00e9 campe\u00e3o de aprova\u00e7\u00f5es nos concursos para Carreiras Jur\u00eddicas com um corpo docente qualificado e materiais completos. Conhe\u00e7a nossos cursos e garanta sua aprova\u00e7\u00e3o:<\/p>\n\n\n\n<div class=\"wp-block-cover\" style=\"min-height:142px;aspect-ratio:unset;\"><span aria-hidden=\"true\" class=\"wp-block-cover__background has-background-dim\"><\/span><img decoding=\"async\" width=\"1890\" height=\"351\" class=\"wp-block-cover__image-background wp-image-8669\" alt=\"assinatura carreira jur\u00eddica\" src=\"https:\/\/cj.estrategia.com\/portal\/wp-content\/uploads\/2022\/06\/20151253\/concurso-carreiras-juridicas-assinatura-juridica.jpg\" style=\"object-position:75% 40%\" data-object-fit=\"cover\" data-object-position=\"75% 40%\" srcset=\"https:\/\/cj.estrategia.com\/portal\/wp-content\/uploads\/2022\/06\/20151253\/concurso-carreiras-juridicas-assinatura-juridica.jpg 1890w, https:\/\/cj.estrategia.com\/portal\/wp-content\/uploads\/2022\/06\/20151253\/concurso-carreiras-juridicas-assinatura-juridica-300x56.jpg 300w, https:\/\/cj.estrategia.com\/portal\/wp-content\/uploads\/2022\/06\/20151253\/concurso-carreiras-juridicas-assinatura-juridica-1024x190.jpg 1024w, https:\/\/cj.estrategia.com\/portal\/wp-content\/uploads\/2022\/06\/20151253\/concurso-carreiras-juridicas-assinatura-juridica-768x143.jpg 768w, https:\/\/cj.estrategia.com\/portal\/wp-content\/uploads\/2022\/06\/20151253\/concurso-carreiras-juridicas-assinatura-juridica-1536x285.jpg 1536w, https:\/\/cj.estrategia.com\/portal\/wp-content\/uploads\/2022\/06\/20151253\/concurso-carreiras-juridicas-assinatura-juridica-380x71.jpg 380w, https:\/\/cj.estrategia.com\/portal\/wp-content\/uploads\/2022\/06\/20151253\/concurso-carreiras-juridicas-assinatura-juridica-800x149.jpg 800w, https:\/\/cj.estrategia.com\/portal\/wp-content\/uploads\/2022\/06\/20151253\/concurso-carreiras-juridicas-assinatura-juridica-1160x215.jpg 1160w\" sizes=\"(max-width: 1890px) 100vw, 1890px\" \/><div class=\"wp-block-cover__inner-container is-layout-flow wp-block-cover-is-layout-flow\">\n<h3 id=\"assinatura-juridica\" class=\"titulo-assinatura\">Assinatura Jur\u00eddica <\/h3>\n<p class=\"subtitulo-assinatura\" style=\"display:block!important; line-height: 0;\">Conhe\u00e7a os planos<\/p>\n<a target=\"_blank\" href=\"https:\/\/www.estrategiaconcursos.com.br\/assinaturas-ecj\/\" rel=\"noopener\"><button style=\"border-radius: 10px; text-transform: capitalize;\">Acessar<\/button><\/a>\n<\/div><\/div>\n\n\n\n<div class=\"wp-block-cover\" style=\"min-height:155px;aspect-ratio:unset;\"><img decoding=\"async\" width=\"1890\" height=\"351\" class=\"wp-block-cover__image-background wp-image-8669\" alt=\"Assinaturas Jur\u00eddicas\" src=\"https:\/\/cj.estrategia.com\/portal\/wp-content\/uploads\/2022\/06\/20151253\/concurso-carreiras-juridicas-assinatura-juridica.jpg\" style=\"object-position:78% 43%\" data-object-fit=\"cover\" data-object-position=\"78% 43%\" srcset=\"https:\/\/cj.estrategia.com\/portal\/wp-content\/uploads\/2022\/06\/20151253\/concurso-carreiras-juridicas-assinatura-juridica.jpg 1890w, https:\/\/cj.estrategia.com\/portal\/wp-content\/uploads\/2022\/06\/20151253\/concurso-carreiras-juridicas-assinatura-juridica-300x56.jpg 300w, https:\/\/cj.estrategia.com\/portal\/wp-content\/uploads\/2022\/06\/20151253\/concurso-carreiras-juridicas-assinatura-juridica-1024x190.jpg 1024w, https:\/\/cj.estrategia.com\/portal\/wp-content\/uploads\/2022\/06\/20151253\/concurso-carreiras-juridicas-assinatura-juridica-768x143.jpg 768w, https:\/\/cj.estrategia.com\/portal\/wp-content\/uploads\/2022\/06\/20151253\/concurso-carreiras-juridicas-assinatura-juridica-1536x285.jpg 1536w, https:\/\/cj.estrategia.com\/portal\/wp-content\/uploads\/2022\/06\/20151253\/concurso-carreiras-juridicas-assinatura-juridica-380x71.jpg 380w, https:\/\/cj.estrategia.com\/portal\/wp-content\/uploads\/2022\/06\/20151253\/concurso-carreiras-juridicas-assinatura-juridica-800x149.jpg 800w, https:\/\/cj.estrategia.com\/portal\/wp-content\/uploads\/2022\/06\/20151253\/concurso-carreiras-juridicas-assinatura-juridica-1160x215.jpg 1160w\" sizes=\"(max-width: 1890px) 100vw, 1890px\" \/><span aria-hidden=\"true\" class=\"wp-block-cover__background has-background-dim\"><\/span><div class=\"wp-block-cover__inner-container is-layout-flow wp-block-cover-is-layout-flow\">\n<h3 id=\"faca-a-sua-assinatura\" class=\"titulo-assinatura\"><span style=\"color: #ffffff;\">Fa\u00e7a a sua assinatura!<\/span><\/h3>\n<p class=\"subtitulo-assinatura\" style=\"display:block!important; line-height: 0;\"><span style=\"color: #ffffff;\">Escolha a sua \u00e1rea.<\/span><\/p>\n<a target=\"_blank\" href=\"https:\/\/www.estrategiaconcursos.com.br\/assinaturas-ecj\/\" rel=\"noopener\"><button style=\"border-radius: 10px; text-transform: capitalize;\">Acessar<\/button><\/a>\n<\/div><\/div>\n","protected":false},"excerpt":{"rendered":"Neste domingo, 07 de maio, foram aplicadas as provas objetivas do\u00a0concurso Procurador Federal.\u00a0A etapa contou com 100 quest\u00f5es&hellip;\n","protected":false},"author":12,"featured_media":35720,"comment_status":"open","ping_status":"open","sticky":false,"template":"","format":"standard","meta":{"_jetpack_memberships_contains_paid_content":false,"footnotes":""},"categories":[24],"tags":[],"tax_estado":[36],"class_list":{"0":"post-35705","1":"post","2":"type-post","3":"status-publish","4":"format-standard","5":"has-post-thumbnail","7":"category-procuradoria","8":"tax_estado-concursos-federais"},"acf":[],"yoast_head":"<!-- This site is optimized with the Yoast SEO Premium plugin v27.5 (Yoast SEO v27.5) - https:\/\/yoast.com\/product\/yoast-seo-premium-wordpress\/ -->\n<title>Gabarito Extraoficial Procurador Federal (AGU): Confira como foi a prova!<\/title>\n<meta name=\"description\" content=\"Gabarito Extraoficial Procurador Federal (AGU): confira neste artigo a corre\u00e7\u00e3o, a partir das 13h, em nosso canal do Youtube!\" \/>\n<meta name=\"robots\" content=\"index, follow, max-snippet:-1, max-image-preview:large, max-video-preview:-1\" \/>\n<link rel=\"canonical\" href=\"https:\/\/cj.estrategia.com\/portal\/gabarito-extraoficial-procurador-federal-agu\/\" \/>\n<meta property=\"og:locale\" content=\"pt_BR\" \/>\n<meta property=\"og:type\" content=\"article\" \/>\n<meta property=\"og:title\" content=\"Gabarito Extraoficial Procurador Federal (AGU): Confira como foi a prova!\" \/>\n<meta property=\"og:description\" content=\"Gabarito Extraoficial Procurador Federal (AGU): confira neste artigo a corre\u00e7\u00e3o, a partir das 13h, em nosso canal do Youtube!\" \/>\n<meta property=\"og:url\" content=\"https:\/\/cj.estrategia.com\/portal\/gabarito-extraoficial-procurador-federal-agu\/\" \/>\n<meta property=\"og:site_name\" content=\"Blog - Carreiras Jur\u00eddicas - Estrat\u00e9gia\" \/>\n<meta property=\"article:publisher\" content=\"https:\/\/www.facebook.com\/estrategiacarreirajuridica\/\" \/>\n<meta property=\"article:published_time\" content=\"2023-05-09T17:00:00+00:00\" \/>\n<meta property=\"article:modified_time\" content=\"2023-05-12T10:55:36+00:00\" \/>\n<meta property=\"og:image\" content=\"https:\/\/cj.estrategia.com\/portal\/wp-content\/uploads\/2023\/05\/07111955\/gabarito-procurador-federal.jpg\" \/>\n\t<meta property=\"og:image:width\" content=\"1586\" \/>\n\t<meta property=\"og:image:height\" content=\"884\" \/>\n\t<meta property=\"og:image:type\" content=\"image\/jpeg\" \/>\n<meta name=\"author\" content=\"Coordena\u00e7\u00e3o\" \/>\n<meta name=\"twitter:card\" content=\"summary_large_image\" \/>\n<meta name=\"twitter:creator\" content=\"@EstratJuridica\" \/>\n<meta name=\"twitter:site\" content=\"@EstratJuridica\" \/>\n<meta name=\"twitter:label1\" content=\"Escrito por\" \/>\n\t<meta name=\"twitter:data1\" content=\"Coordena\u00e7\u00e3o\" \/>\n\t<meta name=\"twitter:label2\" content=\"Est. tempo de leitura\" \/>\n\t<meta name=\"twitter:data2\" content=\"9 minutos\" \/>\n<script type=\"application\/ld+json\" class=\"yoast-schema-graph\">{\"@context\":\"https:\\\/\\\/schema.org\",\"@graph\":[{\"@type\":\"NewsArticle\",\"@id\":\"https:\\\/\\\/cj.estrategia.com\\\/portal\\\/gabarito-extraoficial-procurador-federal-agu\\\/#article\",\"isPartOf\":{\"@id\":\"https:\\\/\\\/cj.estrategia.com\\\/portal\\\/gabarito-extraoficial-procurador-federal-agu\\\/\"},\"author\":{\"name\":\"Coordena\u00e7\u00e3o\",\"@id\":\"https:\\\/\\\/cj.estrategia.com\\\/portal\\\/#\\\/schema\\\/person\\\/4d70317d31449932b99102916b6637f5\"},\"headline\":\"Gabarito Extraoficial Procurador Federal (AGU): Confira como foi a prova!\",\"datePublished\":\"2023-05-09T17:00:00+00:00\",\"dateModified\":\"2023-05-12T10:55:36+00:00\",\"mainEntityOfPage\":{\"@id\":\"https:\\\/\\\/cj.estrategia.com\\\/portal\\\/gabarito-extraoficial-procurador-federal-agu\\\/\"},\"wordCount\":1539,\"commentCount\":0,\"publisher\":{\"@id\":\"https:\\\/\\\/cj.estrategia.com\\\/portal\\\/#organization\"},\"image\":{\"@id\":\"https:\\\/\\\/cj.estrategia.com\\\/portal\\\/gabarito-extraoficial-procurador-federal-agu\\\/#primaryimage\"},\"thumbnailUrl\":\"https:\\\/\\\/cj.estrategia.com\\\/portal\\\/wp-content\\\/uploads\\\/2023\\\/05\\\/07111955\\\/gabarito-procurador-federal.jpg\",\"articleSection\":[\"Procuradoria\"],\"inLanguage\":\"pt-BR\",\"potentialAction\":[{\"@type\":\"CommentAction\",\"name\":\"Comment\",\"target\":[\"https:\\\/\\\/cj.estrategia.com\\\/portal\\\/gabarito-extraoficial-procurador-federal-agu\\\/#respond\"]}]},{\"@type\":\"WebPage\",\"@id\":\"https:\\\/\\\/cj.estrategia.com\\\/portal\\\/gabarito-extraoficial-procurador-federal-agu\\\/\",\"url\":\"https:\\\/\\\/cj.estrategia.com\\\/portal\\\/gabarito-extraoficial-procurador-federal-agu\\\/\",\"name\":\"Gabarito Extraoficial Procurador Federal (AGU): Confira como foi a prova!\",\"isPartOf\":{\"@id\":\"https:\\\/\\\/cj.estrategia.com\\\/portal\\\/#website\"},\"primaryImageOfPage\":{\"@id\":\"https:\\\/\\\/cj.estrategia.com\\\/portal\\\/gabarito-extraoficial-procurador-federal-agu\\\/#primaryimage\"},\"image\":{\"@id\":\"https:\\\/\\\/cj.estrategia.com\\\/portal\\\/gabarito-extraoficial-procurador-federal-agu\\\/#primaryimage\"},\"thumbnailUrl\":\"https:\\\/\\\/cj.estrategia.com\\\/portal\\\/wp-content\\\/uploads\\\/2023\\\/05\\\/07111955\\\/gabarito-procurador-federal.jpg\",\"datePublished\":\"2023-05-09T17:00:00+00:00\",\"dateModified\":\"2023-05-12T10:55:36+00:00\",\"description\":\"Gabarito Extraoficial Procurador Federal (AGU): confira neste artigo a corre\u00e7\u00e3o, a partir das 13h, em nosso canal do Youtube!\",\"breadcrumb\":{\"@id\":\"https:\\\/\\\/cj.estrategia.com\\\/portal\\\/gabarito-extraoficial-procurador-federal-agu\\\/#breadcrumb\"},\"inLanguage\":\"pt-BR\",\"potentialAction\":[{\"@type\":\"ReadAction\",\"target\":[\"https:\\\/\\\/cj.estrategia.com\\\/portal\\\/gabarito-extraoficial-procurador-federal-agu\\\/\"]}]},{\"@type\":\"ImageObject\",\"inLanguage\":\"pt-BR\",\"@id\":\"https:\\\/\\\/cj.estrategia.com\\\/portal\\\/gabarito-extraoficial-procurador-federal-agu\\\/#primaryimage\",\"url\":\"https:\\\/\\\/cj.estrategia.com\\\/portal\\\/wp-content\\\/uploads\\\/2023\\\/05\\\/07111955\\\/gabarito-procurador-federal.jpg\",\"contentUrl\":\"https:\\\/\\\/cj.estrategia.com\\\/portal\\\/wp-content\\\/uploads\\\/2023\\\/05\\\/07111955\\\/gabarito-procurador-federal.jpg\",\"width\":1586,\"height\":884},{\"@type\":\"BreadcrumbList\",\"@id\":\"https:\\\/\\\/cj.estrategia.com\\\/portal\\\/gabarito-extraoficial-procurador-federal-agu\\\/#breadcrumb\",\"itemListElement\":[{\"@type\":\"ListItem\",\"position\":1,\"name\":\"In\u00edcio\",\"item\":\"https:\\\/\\\/cj.estrategia.com\\\/portal\\\/\"},{\"@type\":\"ListItem\",\"position\":2,\"name\":\"Gabarito Extraoficial Procurador Federal (AGU): Confira como foi a prova!\"}]},{\"@type\":\"WebSite\",\"@id\":\"https:\\\/\\\/cj.estrategia.com\\\/portal\\\/#website\",\"url\":\"https:\\\/\\\/cj.estrategia.com\\\/portal\\\/\",\"name\":\"Blog - Carreiras Jur\u00eddicas - Estrat\u00e9gia\",\"description\":\"\",\"publisher\":{\"@id\":\"https:\\\/\\\/cj.estrategia.com\\\/portal\\\/#organization\"},\"potentialAction\":[{\"@type\":\"SearchAction\",\"target\":{\"@type\":\"EntryPoint\",\"urlTemplate\":\"https:\\\/\\\/cj.estrategia.com\\\/portal\\\/?s={search_term_string}\"},\"query-input\":{\"@type\":\"PropertyValueSpecification\",\"valueRequired\":true,\"valueName\":\"search_term_string\"}}],\"inLanguage\":\"pt-BR\"},{\"@type\":\"Organization\",\"@id\":\"https:\\\/\\\/cj.estrategia.com\\\/portal\\\/#organization\",\"name\":\"Estrat\u00e9gia - Carreiras Jur\u00eddicas\",\"url\":\"https:\\\/\\\/cj.estrategia.com\\\/portal\\\/\",\"logo\":{\"@type\":\"ImageObject\",\"inLanguage\":\"pt-BR\",\"@id\":\"https:\\\/\\\/cj.estrategia.com\\\/portal\\\/#\\\/schema\\\/logo\\\/image\\\/\",\"url\":\"https:\\\/\\\/cj.estrategia.com\\\/portal\\\/wp-content\\\/uploads\\\/2022\\\/03\\\/11151052\\\/cj-logo.png\",\"contentUrl\":\"https:\\\/\\\/cj.estrategia.com\\\/portal\\\/wp-content\\\/uploads\\\/2022\\\/03\\\/11151052\\\/cj-logo.png\",\"width\":150,\"height\":39,\"caption\":\"Estrat\u00e9gia - Carreiras Jur\u00eddicas\"},\"image\":{\"@id\":\"https:\\\/\\\/cj.estrategia.com\\\/portal\\\/#\\\/schema\\\/logo\\\/image\\\/\"},\"sameAs\":[\"https:\\\/\\\/www.facebook.com\\\/estrategiacarreirajuridica\\\/\",\"https:\\\/\\\/x.com\\\/EstratJuridica\",\"https:\\\/\\\/www.instagram.com\\\/estrategiacarreirajuridica\\\/\",\"https:\\\/\\\/www.youtube.com\\\/channel\\\/UClbMGuYbj2Mh1m3w144ETWQ\"]},{\"@type\":\"Person\",\"@id\":\"https:\\\/\\\/cj.estrategia.com\\\/portal\\\/#\\\/schema\\\/person\\\/4d70317d31449932b99102916b6637f5\",\"name\":\"Coordena\u00e7\u00e3o\",\"image\":{\"@type\":\"ImageObject\",\"inLanguage\":\"pt-BR\",\"@id\":\"https:\\\/\\\/cj.estrategia.com\\\/portal\\\/wp-content\\\/uploads\\\/2022\\\/05\\\/12164923\\\/estrategia-carreira-juridica-coordenacao-96x96.png\",\"url\":\"https:\\\/\\\/cj.estrategia.com\\\/portal\\\/wp-content\\\/uploads\\\/2022\\\/05\\\/12164923\\\/estrategia-carreira-juridica-coordenacao-96x96.png\",\"contentUrl\":\"https:\\\/\\\/cj.estrategia.com\\\/portal\\\/wp-content\\\/uploads\\\/2022\\\/05\\\/12164923\\\/estrategia-carreira-juridica-coordenacao-96x96.png\",\"caption\":\"Coordena\u00e7\u00e3o\"},\"url\":\"https:\\\/\\\/cj.estrategia.com\\\/portal\\\/author\\\/coordenacao\\\/\"}]}<\/script>\n<!-- \/ Yoast SEO Premium plugin. -->","yoast_head_json":{"title":"Gabarito Extraoficial Procurador Federal (AGU): Confira como foi a prova!","description":"Gabarito Extraoficial Procurador Federal (AGU): confira neste artigo a corre\u00e7\u00e3o, a partir das 13h, em nosso canal do Youtube!","robots":{"index":"index","follow":"follow","max-snippet":"max-snippet:-1","max-image-preview":"max-image-preview:large","max-video-preview":"max-video-preview:-1"},"canonical":"https:\/\/cj.estrategia.com\/portal\/gabarito-extraoficial-procurador-federal-agu\/","og_locale":"pt_BR","og_type":"article","og_title":"Gabarito Extraoficial Procurador Federal (AGU): Confira como foi a prova!","og_description":"Gabarito Extraoficial Procurador Federal (AGU): confira neste artigo a corre\u00e7\u00e3o, a partir das 13h, em nosso canal do Youtube!","og_url":"https:\/\/cj.estrategia.com\/portal\/gabarito-extraoficial-procurador-federal-agu\/","og_site_name":"Blog - Carreiras Jur\u00eddicas - Estrat\u00e9gia","article_publisher":"https:\/\/www.facebook.com\/estrategiacarreirajuridica\/","article_published_time":"2023-05-09T17:00:00+00:00","article_modified_time":"2023-05-12T10:55:36+00:00","og_image":[{"width":1586,"height":884,"url":"https:\/\/cj.estrategia.com\/portal\/wp-content\/uploads\/2023\/05\/07111955\/gabarito-procurador-federal.jpg","type":"image\/jpeg"}],"author":"Coordena\u00e7\u00e3o","twitter_card":"summary_large_image","twitter_creator":"@EstratJuridica","twitter_site":"@EstratJuridica","twitter_misc":{"Escrito por":"Coordena\u00e7\u00e3o","Est. tempo de leitura":"9 minutos"},"schema":{"@context":"https:\/\/schema.org","@graph":[{"@type":"NewsArticle","@id":"https:\/\/cj.estrategia.com\/portal\/gabarito-extraoficial-procurador-federal-agu\/#article","isPartOf":{"@id":"https:\/\/cj.estrategia.com\/portal\/gabarito-extraoficial-procurador-federal-agu\/"},"author":{"name":"Coordena\u00e7\u00e3o","@id":"https:\/\/cj.estrategia.com\/portal\/#\/schema\/person\/4d70317d31449932b99102916b6637f5"},"headline":"Gabarito Extraoficial Procurador Federal (AGU): Confira como foi a prova!","datePublished":"2023-05-09T17:00:00+00:00","dateModified":"2023-05-12T10:55:36+00:00","mainEntityOfPage":{"@id":"https:\/\/cj.estrategia.com\/portal\/gabarito-extraoficial-procurador-federal-agu\/"},"wordCount":1539,"commentCount":0,"publisher":{"@id":"https:\/\/cj.estrategia.com\/portal\/#organization"},"image":{"@id":"https:\/\/cj.estrategia.com\/portal\/gabarito-extraoficial-procurador-federal-agu\/#primaryimage"},"thumbnailUrl":"https:\/\/cj.estrategia.com\/portal\/wp-content\/uploads\/2023\/05\/07111955\/gabarito-procurador-federal.jpg","articleSection":["Procuradoria"],"inLanguage":"pt-BR","potentialAction":[{"@type":"CommentAction","name":"Comment","target":["https:\/\/cj.estrategia.com\/portal\/gabarito-extraoficial-procurador-federal-agu\/#respond"]}]},{"@type":"WebPage","@id":"https:\/\/cj.estrategia.com\/portal\/gabarito-extraoficial-procurador-federal-agu\/","url":"https:\/\/cj.estrategia.com\/portal\/gabarito-extraoficial-procurador-federal-agu\/","name":"Gabarito Extraoficial Procurador Federal (AGU): Confira como foi a prova!","isPartOf":{"@id":"https:\/\/cj.estrategia.com\/portal\/#website"},"primaryImageOfPage":{"@id":"https:\/\/cj.estrategia.com\/portal\/gabarito-extraoficial-procurador-federal-agu\/#primaryimage"},"image":{"@id":"https:\/\/cj.estrategia.com\/portal\/gabarito-extraoficial-procurador-federal-agu\/#primaryimage"},"thumbnailUrl":"https:\/\/cj.estrategia.com\/portal\/wp-content\/uploads\/2023\/05\/07111955\/gabarito-procurador-federal.jpg","datePublished":"2023-05-09T17:00:00+00:00","dateModified":"2023-05-12T10:55:36+00:00","description":"Gabarito Extraoficial Procurador Federal (AGU): confira neste artigo a corre\u00e7\u00e3o, a partir das 13h, em nosso canal do Youtube!","breadcrumb":{"@id":"https:\/\/cj.estrategia.com\/portal\/gabarito-extraoficial-procurador-federal-agu\/#breadcrumb"},"inLanguage":"pt-BR","potentialAction":[{"@type":"ReadAction","target":["https:\/\/cj.estrategia.com\/portal\/gabarito-extraoficial-procurador-federal-agu\/"]}]},{"@type":"ImageObject","inLanguage":"pt-BR","@id":"https:\/\/cj.estrategia.com\/portal\/gabarito-extraoficial-procurador-federal-agu\/#primaryimage","url":"https:\/\/cj.estrategia.com\/portal\/wp-content\/uploads\/2023\/05\/07111955\/gabarito-procurador-federal.jpg","contentUrl":"https:\/\/cj.estrategia.com\/portal\/wp-content\/uploads\/2023\/05\/07111955\/gabarito-procurador-federal.jpg","width":1586,"height":884},{"@type":"BreadcrumbList","@id":"https:\/\/cj.estrategia.com\/portal\/gabarito-extraoficial-procurador-federal-agu\/#breadcrumb","itemListElement":[{"@type":"ListItem","position":1,"name":"In\u00edcio","item":"https:\/\/cj.estrategia.com\/portal\/"},{"@type":"ListItem","position":2,"name":"Gabarito Extraoficial Procurador Federal (AGU): Confira como foi a prova!"}]},{"@type":"WebSite","@id":"https:\/\/cj.estrategia.com\/portal\/#website","url":"https:\/\/cj.estrategia.com\/portal\/","name":"Blog - Carreiras Jur\u00eddicas - Estrat\u00e9gia","description":"","publisher":{"@id":"https:\/\/cj.estrategia.com\/portal\/#organization"},"potentialAction":[{"@type":"SearchAction","target":{"@type":"EntryPoint","urlTemplate":"https:\/\/cj.estrategia.com\/portal\/?s={search_term_string}"},"query-input":{"@type":"PropertyValueSpecification","valueRequired":true,"valueName":"search_term_string"}}],"inLanguage":"pt-BR"},{"@type":"Organization","@id":"https:\/\/cj.estrategia.com\/portal\/#organization","name":"Estrat\u00e9gia - Carreiras Jur\u00eddicas","url":"https:\/\/cj.estrategia.com\/portal\/","logo":{"@type":"ImageObject","inLanguage":"pt-BR","@id":"https:\/\/cj.estrategia.com\/portal\/#\/schema\/logo\/image\/","url":"https:\/\/cj.estrategia.com\/portal\/wp-content\/uploads\/2022\/03\/11151052\/cj-logo.png","contentUrl":"https:\/\/cj.estrategia.com\/portal\/wp-content\/uploads\/2022\/03\/11151052\/cj-logo.png","width":150,"height":39,"caption":"Estrat\u00e9gia - Carreiras Jur\u00eddicas"},"image":{"@id":"https:\/\/cj.estrategia.com\/portal\/#\/schema\/logo\/image\/"},"sameAs":["https:\/\/www.facebook.com\/estrategiacarreirajuridica\/","https:\/\/x.com\/EstratJuridica","https:\/\/www.instagram.com\/estrategiacarreirajuridica\/","https:\/\/www.youtube.com\/channel\/UClbMGuYbj2Mh1m3w144ETWQ"]},{"@type":"Person","@id":"https:\/\/cj.estrategia.com\/portal\/#\/schema\/person\/4d70317d31449932b99102916b6637f5","name":"Coordena\u00e7\u00e3o","image":{"@type":"ImageObject","inLanguage":"pt-BR","@id":"https:\/\/cj.estrategia.com\/portal\/wp-content\/uploads\/2022\/05\/12164923\/estrategia-carreira-juridica-coordenacao-96x96.png","url":"https:\/\/cj.estrategia.com\/portal\/wp-content\/uploads\/2022\/05\/12164923\/estrategia-carreira-juridica-coordenacao-96x96.png","contentUrl":"https:\/\/cj.estrategia.com\/portal\/wp-content\/uploads\/2022\/05\/12164923\/estrategia-carreira-juridica-coordenacao-96x96.png","caption":"Coordena\u00e7\u00e3o"},"url":"https:\/\/cj.estrategia.com\/portal\/author\/coordenacao\/"}]}},"jetpack_featured_media_url":"https:\/\/cj.estrategia.com\/portal\/wp-content\/uploads\/2023\/05\/07111955\/gabarito-procurador-federal.jpg","jetpack_sharing_enabled":true,"_links":{"self":[{"href":"https:\/\/cj.estrategia.com\/portal\/wp-json\/wp\/v2\/posts\/35705","targetHints":{"allow":["GET"]}}],"collection":[{"href":"https:\/\/cj.estrategia.com\/portal\/wp-json\/wp\/v2\/posts"}],"about":[{"href":"https:\/\/cj.estrategia.com\/portal\/wp-json\/wp\/v2\/types\/post"}],"author":[{"embeddable":true,"href":"https:\/\/cj.estrategia.com\/portal\/wp-json\/wp\/v2\/users\/12"}],"replies":[{"embeddable":true,"href":"https:\/\/cj.estrategia.com\/portal\/wp-json\/wp\/v2\/comments?post=35705"}],"version-history":[{"count":0,"href":"https:\/\/cj.estrategia.com\/portal\/wp-json\/wp\/v2\/posts\/35705\/revisions"}],"wp:featuredmedia":[{"embeddable":true,"href":"https:\/\/cj.estrategia.com\/portal\/wp-json\/wp\/v2\/media\/35720"}],"wp:attachment":[{"href":"https:\/\/cj.estrategia.com\/portal\/wp-json\/wp\/v2\/media?parent=35705"}],"wp:term":[{"taxonomy":"category","embeddable":true,"href":"https:\/\/cj.estrategia.com\/portal\/wp-json\/wp\/v2\/categories?post=35705"},{"taxonomy":"post_tag","embeddable":true,"href":"https:\/\/cj.estrategia.com\/portal\/wp-json\/wp\/v2\/tags?post=35705"},{"taxonomy":"tax_estado","embeddable":true,"href":"https:\/\/cj.estrategia.com\/portal\/wp-json\/wp\/v2\/tax_estado?post=35705"}],"curies":[{"name":"wp","href":"https:\/\/api.w.org\/{rel}","templated":true}]}}