{"id":35249,"date":"2023-05-01T17:33:52","date_gmt":"2023-05-01T20:33:52","guid":{"rendered":"https:\/\/cj.estrategia.com\/portal\/?p=35249"},"modified":"2023-05-01T17:35:02","modified_gmt":"2023-05-01T20:35:02","slug":"prova-comentada-humanistica-tj-ms-juiz","status":"publish","type":"post","link":"https:\/\/cj.estrategia.com\/portal\/prova-comentada-humanistica-tj-ms-juiz\/","title":{"rendered":"Prova comentada Human\u00edstica TJ MS Juiz"},"content":{"rendered":"\n<p>Neste domingo, 30 de abril, foi aplicada a prova objetiva do concurso p\u00fablico para Juiz Substituto do TJMS. <\/p>\n\n\n\n<p>Nosso time de professores elaborou o <a href=\"https:\/\/cj.estrategia.com\/portal\/gabarito-extraoficial-tj-ms-juiz\/\" target=\"_blank\" >gabarito extraoficial<\/a>, que, agora, ser\u00e1 apresentado juntamente com a nossa <strong>Prova comentada Human\u00edstica TJ MS Juiz<\/strong>.<\/p>\n\n\n\n<p>Este material visa auxili\u00e1-los na aferi\u00e7\u00e3o das notas, elabora\u00e7\u00e3o de eventuais recursos, verifica\u00e7\u00e3o das chances de avan\u00e7o para fase discursiva, bem como na revis\u00e3o do conte\u00fado cobrado no. certame.<\/p>\n\n\n\n<p>Desde j\u00e1, destacamos que nosso time de professores identificou 3 quest\u00f5es pass\u00edveis de anula\u00e7\u00e3o pela banca examinadora. No tipo de prova comentado, s\u00e3o elas: <strong>41, 70 e 97.<\/strong><\/p>\n\n\n\n<p>De modo complementar, elaboramos tamb\u00e9m o <mark style=\"background-color:rgba(0, 0, 0, 0)\" class=\"has-inline-color has-vivid-red-color\">RANKING do TJMS<\/mark>, onde voc\u00ea poder\u00e1 inserir suas respostas \u00e0 prova, e, ao final, verificar sua poss\u00edvel nota, de acordo com o gabarito elaborado por nossos professores. Atrav\u00e9s do ranking, tamb\u00e9m poderemos estimar<br>a prov\u00e1vel nota de corte da 1\u00ba fase, que ser\u00e1 apresentada e comentada no nosso <a href=\"https:\/\/youtu.be\/kythQ-3yxGk\" target=\"_blank\" >Term\u00f4metro de Prova<\/a>, \u00e0s 19h desta segunda-feira, 01 de maio.<\/p>\n\n\n\n<p><strong>Confira abaixo a Prova comentada Human\u00edstica TJ MS Juiz<\/strong>:<\/p>\n\n\n\n<p><strong><mark style=\"background-color:rgba(0, 0, 0, 0)\" class=\"has-inline-color has-vivid-red-color\">QUEST\u00c3O 97 &#8211;<\/mark><\/strong> Para melhorar a agilidade e a produtividade na presta\u00e7\u00e3o jurisdicional, o CNJ incluiu na Estrat\u00e9gia Nacional do Poder Judici\u00e1rio 2021-2026 alguns indicadores de desempenho.<\/p>\n\n\n\n<p>Dentro do indicador Tempo de Tramita\u00e7\u00e3o dos Processos Pendentes, est\u00e1 previsto o \u00cdndice de Atendimento \u00e0 Demanda.<\/p>\n\n\n\n<p><strong>\u00c9 correto afirmar que esse \u00edndice:<\/strong><\/p>\n\n\n\n<p>A) Analisa os focos de conflitos repetitivos existentes na sociedade a fim de antever a demanda futura e preparar os \u00f3rg\u00e3os do judici\u00e1rio para atend\u00ea-la;<\/p>\n\n\n\n<p>B) Calcula em meses o tempo m\u00e9dio de dura\u00e7\u00e3o do processo no 1\u00ba e 2\u00ba graus para avaliar se tal tempo atende as exig\u00eancias do que pode ser considerado dura\u00e7\u00e3o razo\u00e1vel do processo;<\/p>\n\n\n\n<p>C) Mede a rela\u00e7\u00e3o entre o n\u00famero de processos baixados e o n\u00famero de casos novos apresentados no mesmo per\u00edodo, medidos separadamente no 1\u00ba e 2\u00ba graus;<\/p>\n\n\n\n<p>D) Afere a qualidade da administra\u00e7\u00e3o do Poder Judici\u00e1rio por meio da avalia\u00e7\u00e3o do desempenho dos seus respectivos \u00f3rg\u00e3os de gest\u00e3o e daqueles que os integram;<\/p>\n\n\n\n<p>E) Avalia, com dados objetivos, o grau de informa\u00e7\u00e3o que os tribunais e conselhos disponibilizam aos cidad\u00e3os, tendo em vista consolidar um Ranking da Transpar\u00eancia do Poder Judici\u00e1rio.<\/p>\n\n\n\n<p><strong>Coment\u00e1rios<\/strong><\/p>\n\n\n\n<p>A alternativa correta \u00e9 a <strong>letra C.<\/strong> Todavia, a quest\u00e3o \u00e9 <strong>pass\u00edvel de anula\u00e7\u00e3o<\/strong>, pois o conte\u00fado n\u00e3o foi expressamente previsto em edital; a Resolu\u00e7\u00e3o n\u00ba 325 do CNJ instituiu a Estrat\u00e9gia Nacional do Poder Judici\u00e1rio para o sex\u00eanio 2021-2026, traz em seu anexo II gloss\u00e1rio acerca dos indicadores e \u00edndices, contudo n\u00e3o h\u00e1 uma descri\u00e7\u00e3o precisa de qual seu significado.<\/p>\n\n\n\n<p>Conforme dados presentes em portal do CNJ, \u00e9 poss\u00edvel entender que o \u00cdndice de Atendimento da Demanda \u00e9 aquele &#8220;que mede a rela\u00e7\u00e3o entre o n\u00famero de processos baixados e o n\u00famero de casos novos apresentados no mesmo per\u00edodo, medidos separadamente no 1\u00ba e 2\u00ba grau&#8221;.<\/p>\n\n\n\n<p><strong><mark style=\"background-color:rgba(0, 0, 0, 0)\" class=\"has-inline-color has-vivid-red-color\">QUEST\u00c3O 98 &#8211;<\/mark><\/strong> Jo\u00e3o, juiz de Direito no \u00e2mbito do Estado Alfa, em atua\u00e7\u00e3o na entr\u00e2ncia inicial, pretendia concorrer \u00e0 promo\u00e7\u00e3o para a entr\u00e2ncia intermedi\u00e1ria da carreira com base no crit\u00e9rio de antiguidade, que deveria ser observado na pr\u00f3xima promo\u00e7\u00e3o que seria ofertada. Maria, por outro lado, tamb\u00e9m ju\u00edza de Direito e que j\u00e1 se encontrava na entr\u00e2ncia intermedi\u00e1ria, pretendia concorrer \u00e0 remo\u00e7\u00e3o. Ao vagar a unidade judici\u00e1ria XX, tanto Jo\u00e3o como Maria almejavam poder vir a ocup\u00e1-la<\/p>\n\n\n\n<p><strong>\u00c0 luz da sistem\u00e1tica vigente, \u00e9 correto afirmar que a unidade judici\u00e1ria XX deve ser primeiro oferecida \u00e0:<\/strong><\/p>\n\n\n\n<p>A) promo\u00e7\u00e3o ou remo\u00e7\u00e3o, conforme ato discricion\u00e1rio do Pleno do Tribunal de Justi\u00e7a do Estado Alfa;<\/p>\n\n\n\n<p>B) promo\u00e7\u00e3o por antiguidade, o que n\u00e3o ocorreria caso se tratasse de promo\u00e7\u00e3o por merecimento;<\/p>\n\n\n\n<p>C) remo\u00e7\u00e3o, conclus\u00e3o que seria alterada caso a hip\u00f3tese versasse sobre promo\u00e7\u00e3o por merecimento;<\/p>\n\n\n\n<p>D) promo\u00e7\u00e3o por antiguidade, conclus\u00e3o que permaneceria inalterada ainda que se tratasse de promo\u00e7\u00e3o por merecimento;<\/p>\n\n\n\n<p>E) remo\u00e7\u00e3o, conclus\u00e3o que somente seria alterada em se tratando de provimento inicial, por antiguidade ou por merecimento.<\/p>\n\n\n\n<p><strong>Coment\u00e1rios<\/strong><\/p>\n\n\n\n<p>A alternativa correta \u00e9 a <strong>letra B.<\/strong><\/p>\n\n\n\n<p>Conforme disp\u00f5e o artigo 81 da Loman, a remo\u00e7\u00e3o preceder\u00e1 ao provimento inicial e \u00e0 promo\u00e7\u00e3o por merecimento, n\u00e3o tendo prevalecendo \u00e0 promo\u00e7\u00e3o por antiguidade.<\/p>\n\n\n\n<p>Ainda, em Lei Org\u00e2nica da magistratura nacional interpretada, Editora Juarez de Oliveira, 2\u00aa edi\u00e7\u00e3o, 2002, p. 120 preleciona: \u201cPercebe-se que s\u00f3 a vaga a ser provida por antiguidade fica preservada, n\u00e3o podendo ser prejudicada por remo\u00e7\u00e3o ou transfer\u00eancia no plano horizontal da carreira. Tratando-se, por\u00e9m, da nomea\u00e7\u00e3o inicial para o ingresso na carreira, quer dizer, do provimento inicial, ou de promo\u00e7\u00e3o por merecimento, que traduz eleva\u00e7\u00e3o no plano vertical da carreira, a prefer\u00eancia ser\u00e1 para a eventual remo\u00e7\u00e3o.\u201d<\/p>\n\n\n\n<p><strong><mark style=\"background-color:rgba(0, 0, 0, 0)\" class=\"has-inline-color has-vivid-red-color\">QUEST\u00c3O 99 <\/mark><\/strong>&#8211; A equidade \u00e9 um tema correlato da justi\u00e7a que diz respeito \u00e0 atividade jurisdicional. Trata-se de um conceito da filosofia do direito que remete a Arist\u00f3teles.<\/p>\n\n\n\n<p><strong>Segundo esse autor, em seu livro <em>\u00c9tica a Nic\u00f4maco<\/em>, a equidade deve ser entendida como:<\/strong><\/p>\n\n\n\n<p>A) uma corre\u00e7\u00e3o da lei quando ela \u00e9 deficiente em raz\u00e3o de sua universalidade e, por isso, n\u00e3o consegue abranger as peculiaridades do caso concreto;<\/p>\n\n\n\n<p>B) a aplica\u00e7\u00e3o da justi\u00e7a corretiva que distribui posses comuns, sendo caracterizada como aquilo que \u00e9 um posicionamento intermedi\u00e1rio entre a perda e o ganho;<\/p>\n\n\n\n<p>C) uma forma de decis\u00e3o que se baseia nas convic\u00e7\u00f5es morais e filos\u00f3ficas da autoridade jurisdicional, de modo que prevale\u00e7a um sentimento subjetivo de justi\u00e7a;<\/p>\n\n\n\n<p>D) uma forma de decidir um caso concreto baseada na aplica\u00e7\u00e3o da lei nos termos de seu enunciado, afinal o homem sem lei \u00e9 o homem \u00edmprobo;<\/p>\n\n\n\n<p>E) o princ\u00edpio geral do direito por meio do qual as antinomias das leis podem ser sanadas, assegurando-se, dessa forma, a decis\u00e3o justa para o caso concreto.<\/p>\n\n\n\n<p><strong>Coment\u00e1rios<\/strong><\/p>\n\n\n\n<p>A alternativa correta \u00e9 a <strong>letra A.<\/strong><\/p>\n\n\n\n<p>\u201cO que faz surgir o problema \u00e9 que o equitativo \u00e9 justo, por\u00e9m n\u00e3o o legalmente justo, e sim uma corre\u00e7\u00e3o da justi\u00e7a legal. A raz\u00e3o disto \u00e9 que toda lei \u00e9 universal, mas a respeito de certas coisas n\u00e3o \u00e9 poss\u00edvel fazer uma afirma\u00e7\u00e3o universal que seja correta. Nos casos, pois, em que \u00e9 necess\u00e1rio falar de modo universal, mas n\u00e3o \u00e9 poss\u00edvel faz\u00ea-lo corretamente, a lei considera o caso mais usual, se bem que n\u00e3o ignore a possibilidade de erro. E nem por isso tal modo de proceder deixa de ser correto, pois o erro n\u00e3o est\u00e1 na lei, nem no legislador, mas na natureza da pr\u00f3pria coisa, j\u00e1 que os assuntos pr\u00e1ticos s\u00e3o dessa esp\u00e9cie por natureza.<\/p>\n\n\n\n<p>Portanto, quando a lei se expressa universalmente e surge um caso que n\u00e3o \u00e9 abrangido pela declara\u00e7\u00e3o universal, \u00e9 justo, uma vez que o legislador falhou e errou por excesso de simplicidade, corrigir a omiss\u00e3o \u2014 era outras palavras, dizer o que o pr\u00f3prio legislador teria dito se estivesse presente, e que teria inclu\u00eddo na lei se tivesse conhecimento do caso.\u201d<\/p>\n\n\n\n<p>(Arist\u00f3teles, \u00c9tica a Nic\u00f4maco)<\/p>\n\n\n\n<p><strong><mark style=\"background-color:rgba(0, 0, 0, 0)\" class=\"has-inline-color has-vivid-red-color\">QUEST\u00c3O 100 &#8211;<\/mark><\/strong> Ant\u00f4nia, professora e estudiosa do instituto do whistleblower, se deparou com o texto de um articulista sobre essa tem\u00e1tica. No texto, o articulista afirmava que o instituto, em sua ess\u00eancia, era caracterizado pela ado\u00e7\u00e3o de medidas que impedissem retalia\u00e7\u00f5es em rela\u00e7\u00e3o \u00e0quele que, por ter conhecimento de ilicitudes, no ambiente p\u00fablico ou privado, colabore com as autoridades constitu\u00eddas. A partir dessas no\u00e7\u00f5es b\u00e1sicas, Ant\u00f4nia questionou In\u00eas, sua aluna, a respeito de aspectos espec\u00edficos dessa tem\u00e1tica.<\/p>\n\n\n\n<p><strong>In\u00eas respondeu, corretamente, que:<\/strong><\/p>\n\n\n\n<p>A) o instituto foi absorvido, na legisla\u00e7\u00e3o brasileira, pela figura da colabora\u00e7\u00e3o premiada, de modo que o colaborador deve oferecer informa\u00e7\u00f5es \u00fateis ao deslinde de infra\u00e7\u00f5es penais, sendo alcan\u00e7ado pelas medidas de incentivo e de prote\u00e7\u00e3o que venham a ser pactuadas;<\/p>\n\n\n\n<p>B) s\u00e3o elementos essenciais do instituto as normas de incentivo, como se verifica em rela\u00e7\u00e3o \u00e0s recompensas em dinheiro, e as normas de prote\u00e7\u00e3o, de modo a garantir a integridade da esfera jur\u00eddica do colaborador, sendo que a legisla\u00e7\u00e3o brasileira adotou apenas as primeiras;<\/p>\n\n\n\n<p>C) aquele que colabora com as autoridades constitu\u00eddas \u00e9 normalmente um insider, mas a lei brasileira que trata do oferecimento de informa\u00e7\u00f5es \u00fateis \u00e9 aplic\u00e1vel a qualquer pessoa, tendo ainda incursionado nos comandos de prote\u00e7\u00e3o e previsto a possibilidade de todos os entes federativos oferecerem recompensas;<\/p>\n\n\n\n<p>D) o instituto \u00e9 caracterizado pelo fato de o colaborador, apesar do envolvimento direto na pr\u00e1tica do il\u00edcito, poder se beneficiar da consensualidade de pura reprimenda, aceitando a aplica\u00e7\u00e3o da san\u00e7\u00e3o proposta pelo Estado, ou da consensualidade de colabora\u00e7\u00e3o, oferecendo informa\u00e7\u00f5es para a obten\u00e7\u00e3o de um benef\u00edcio;<\/p>\n\n\n\n<p>E) as normas de incentivo e de prote\u00e7\u00e3o podem ser vistas como elementos essenciais do instituto, que \u00e9 precipuamente direcionado tanto ao <em>insider<\/em> como ao outsider, embora a legisla\u00e7\u00e3o brasileira sobre a tem\u00e1tica tenha tratado apenas do primeiro, que deve ter um liame com a estrutura p\u00fablica ou privada na qual ocorreu o il\u00edcito.<\/p>\n\n\n\n<p><strong>Coment\u00e1rios<\/strong><\/p>\n\n\n\n<p>A alternativa correta \u00e9 a <strong>letra C.<\/strong><\/p>\n\n\n\n<p>O Whistleblower (ou \u201csoprador do apito\u201d) refere-se \u00e0 hip\u00f3tese, por meio da qual o cidad\u00e3o, n\u00e3o envolvido na atividade criminosa, resolve auxiliar e \u201cdenunciar\u201d irregularidades administrativas e il\u00edcitos criminais \u00e0s autoridades p\u00fablicas, recebendo, em contrapartida, uma retribui\u00e7\u00e3o financeira intitulada \u201crecompensa\u201d ou \u201cpr\u00eamio\u201d.<\/p>\n\n\n\n<p>A Lei n.\u00ba 13.608\/2018 expressamente previu, em prol do \u201cdenunciante\u201d, o qual se distingue, contudo, do \u201ccolaborador\u201d na \u201ccolabora\u00e7\u00e3o premiada\u201d, porquanto nesta o colaborador encontra-se envolvido na atividade criminosa, e, ao tempo em que admite sua participa\u00e7\u00e3o nos fatos, decide \u201cdelatar\u201d os outros envolvidos (part\u00edcipes e coautores) at\u00e9 ent\u00e3o desconhecidos da organiza\u00e7\u00e3o ou atividade criminosa. Assim estabelecem seus art. 3\u00ba e 4\u00ba: \u201cO informante que se identificar ter\u00e1 assegurado, pelo \u00f3rg\u00e3o que receber a den\u00fancia, o sigilo dos seus dados. &nbsp;A Uni\u00e3o, os Estados, o Distrito Federal e os Munic\u00edpios, no \u00e2mbito de suas compet\u00eancias, poder\u00e3o estabelecer formas de recompensa pelo oferecimento de informa\u00e7\u00f5es que sejam \u00fateis para a preven\u00e7\u00e3o, a repress\u00e3o ou a apura\u00e7\u00e3o de crimes ou il\u00edcitos administrativos. Par\u00e1grafo \u00fanico. Entre as recompensas a serem estabelecidas, poder\u00e1 ser institu\u00eddo o pagamento de valores em esp\u00e9cie.\u201d<\/p>\n\n\n\n<p><br><\/p>\n\n\n\n<p class=\"has-cyan-bluish-gray-background-color has-background\"><strong>Acesse todo o conte\u00fado da Prova TJ MS Juiz em: <a href=\"https:\/\/cj.estrategia.com\/portal\/gabarito-extraoficial-tj-ms-juiz\/\" target=\"_blank\" >GABARITO EXTRAOFICIAL TJ MS JUIZ<\/a><\/strong><\/p>\n\n\n\n<p class=\"has-text-align-center has-luminous-vivid-amber-background-color has-background has-medium-font-size\"><strong>Saiba mais:<\/strong> <a href=\"https:\/\/cj.estrategia.com\/portal\/concurso-magistratura-ms\/\" target=\"_blank\" >Magistratura MS <\/a><\/p>\n\n\n\n<h2 class=\"has-text-align-center wp-block-heading\" id=\"cursos\"><span id=\"quer-saber-tudo-sobre-concursos-previstosconfira-nossos-artigos\">Quer saber tudo sobre concursos previstos?<br><strong>Confira nossos artigos!<\/strong><\/span><\/h2>\n\n\n\n\n\n<h2 class=\"has-text-align-center wp-block-heading\" id=\"cursos\"><span id=\"prepare-se-para-o-concurso-magistratura-ms\">Prepare-se para o concurso Magistratura MS<\/span><\/h2>\n\n\n\n<div class=\"wp-block-cover\" style=\"min-height:155px;aspect-ratio:unset;\"><img decoding=\"async\" width=\"1890\" height=\"351\" class=\"wp-block-cover__image-background wp-image-8669\" alt=\"Assinaturas Jur\u00eddicas\" src=\"https:\/\/cj.estrategia.com\/portal\/wp-content\/uploads\/2022\/06\/20151253\/concurso-carreiras-juridicas-assinatura-juridica.jpg\" style=\"object-position:78% 43%\" data-object-fit=\"cover\" data-object-position=\"78% 43%\" srcset=\"https:\/\/cj.estrategia.com\/portal\/wp-content\/uploads\/2022\/06\/20151253\/concurso-carreiras-juridicas-assinatura-juridica.jpg 1890w, https:\/\/cj.estrategia.com\/portal\/wp-content\/uploads\/2022\/06\/20151253\/concurso-carreiras-juridicas-assinatura-juridica-300x56.jpg 300w, https:\/\/cj.estrategia.com\/portal\/wp-content\/uploads\/2022\/06\/20151253\/concurso-carreiras-juridicas-assinatura-juridica-1024x190.jpg 1024w, https:\/\/cj.estrategia.com\/portal\/wp-content\/uploads\/2022\/06\/20151253\/concurso-carreiras-juridicas-assinatura-juridica-768x143.jpg 768w, https:\/\/cj.estrategia.com\/portal\/wp-content\/uploads\/2022\/06\/20151253\/concurso-carreiras-juridicas-assinatura-juridica-1536x285.jpg 1536w, https:\/\/cj.estrategia.com\/portal\/wp-content\/uploads\/2022\/06\/20151253\/concurso-carreiras-juridicas-assinatura-juridica-380x71.jpg 380w, https:\/\/cj.estrategia.com\/portal\/wp-content\/uploads\/2022\/06\/20151253\/concurso-carreiras-juridicas-assinatura-juridica-800x149.jpg 800w, https:\/\/cj.estrategia.com\/portal\/wp-content\/uploads\/2022\/06\/20151253\/concurso-carreiras-juridicas-assinatura-juridica-1160x215.jpg 1160w\" sizes=\"(max-width: 1890px) 100vw, 1890px\" \/><span aria-hidden=\"true\" class=\"wp-block-cover__background has-background-dim\"><\/span><div class=\"wp-block-cover__inner-container is-layout-flow wp-block-cover-is-layout-flow\">\n<h3 id=\"faca-a-sua-assinatura\" class=\"titulo-assinatura\"><span style=\"color: #ffffff;\">Fa\u00e7a a sua assinatura!<\/span><\/h3>\n<p class=\"subtitulo-assinatura\" style=\"display:block!important; line-height: 0;\"><span style=\"color: #ffffff;\">Escolha a sua \u00e1rea.<\/span><\/p>\n<a target=\"_blank\" href=\"https:\/\/www.estrategiaconcursos.com.br\/assinaturas-ecj\/\" rel=\"noopener\"><button style=\"border-radius: 10px; text-transform: capitalize;\">Acessar<\/button><\/a>\n<\/div><\/div>\n","protected":false},"excerpt":{"rendered":"Neste domingo, 30 de abril, foi aplicada a prova objetiva do concurso p\u00fablico para Juiz Substituto do TJMS.&hellip;\n","protected":false},"author":12,"featured_media":32087,"comment_status":"open","ping_status":"open","sticky":false,"template":"","format":"standard","meta":{"_jetpack_memberships_contains_paid_content":false,"footnotes":""},"categories":[1,26],"tags":[],"tax_estado":[42],"class_list":{"0":"post-35249","1":"post","2":"type-post","3":"status-publish","4":"format-standard","5":"has-post-thumbnail","7":"category-carreiras-juridicas","8":"category-magistratura","9":"tax_estado-ms"},"acf":[],"yoast_head":"<!-- This site is optimized with the Yoast SEO Premium plugin v27.4 (Yoast SEO v27.4) - https:\/\/yoast.com\/product\/yoast-seo-premium-wordpress\/ -->\n<title>Prova comentada Human\u00edstica TJ MS Juiz<\/title>\n<meta name=\"description\" content=\"Prova comentada Human\u00edstica TJ MS Juiz: Confira e saiba como foi seu desempenho! Saia na frente e garanta sua vaga!\" \/>\n<meta name=\"robots\" content=\"index, follow, max-snippet:-1, max-image-preview:large, max-video-preview:-1\" \/>\n<link rel=\"canonical\" href=\"https:\/\/cj.estrategia.com\/portal\/prova-comentada-humanistica-tj-ms-juiz\/\" \/>\n<meta property=\"og:locale\" content=\"pt_BR\" \/>\n<meta property=\"og:type\" content=\"article\" \/>\n<meta property=\"og:title\" content=\"Prova comentada Human\u00edstica TJ MS Juiz\" \/>\n<meta property=\"og:description\" content=\"Prova comentada Human\u00edstica TJ MS Juiz: Confira e saiba como foi seu desempenho! Saia na frente e garanta sua vaga!\" \/>\n<meta property=\"og:url\" content=\"https:\/\/cj.estrategia.com\/portal\/prova-comentada-humanistica-tj-ms-juiz\/\" \/>\n<meta property=\"og:site_name\" content=\"Blog - Carreiras Jur\u00eddicas - Estrat\u00e9gia\" \/>\n<meta property=\"article:publisher\" content=\"https:\/\/www.facebook.com\/estrategiacarreirajuridica\/\" \/>\n<meta property=\"article:published_time\" content=\"2023-05-01T20:33:52+00:00\" \/>\n<meta property=\"article:modified_time\" content=\"2023-05-01T20:35:02+00:00\" \/>\n<meta property=\"og:image\" content=\"https:\/\/cj.estrategia.com\/portal\/wp-content\/uploads\/2023\/03\/24175536\/concurso-juiz-ms-ecj-magistratura.jpg\" \/>\n\t<meta property=\"og:image:width\" content=\"960\" \/>\n\t<meta property=\"og:image:height\" content=\"540\" \/>\n\t<meta property=\"og:image:type\" content=\"image\/jpeg\" \/>\n<meta name=\"author\" content=\"Coordena\u00e7\u00e3o\" \/>\n<meta name=\"twitter:card\" content=\"summary_large_image\" \/>\n<meta name=\"twitter:creator\" content=\"@EstratJuridica\" \/>\n<meta name=\"twitter:site\" content=\"@EstratJuridica\" \/>\n<meta name=\"twitter:label1\" content=\"Escrito por\" \/>\n\t<meta name=\"twitter:data1\" content=\"Coordena\u00e7\u00e3o\" \/>\n\t<meta name=\"twitter:label2\" content=\"Est. tempo de leitura\" \/>\n\t<meta name=\"twitter:data2\" content=\"10 minutos\" \/>\n<script type=\"application\/ld+json\" class=\"yoast-schema-graph\">{\"@context\":\"https:\\\/\\\/schema.org\",\"@graph\":[{\"@type\":\"NewsArticle\",\"@id\":\"https:\\\/\\\/cj.estrategia.com\\\/portal\\\/prova-comentada-humanistica-tj-ms-juiz\\\/#article\",\"isPartOf\":{\"@id\":\"https:\\\/\\\/cj.estrategia.com\\\/portal\\\/prova-comentada-humanistica-tj-ms-juiz\\\/\"},\"author\":{\"name\":\"Coordena\u00e7\u00e3o\",\"@id\":\"https:\\\/\\\/cj.estrategia.com\\\/portal\\\/#\\\/schema\\\/person\\\/4d70317d31449932b99102916b6637f5\"},\"headline\":\"Prova comentada Human\u00edstica TJ MS Juiz\",\"datePublished\":\"2023-05-01T20:33:52+00:00\",\"dateModified\":\"2023-05-01T20:35:02+00:00\",\"mainEntityOfPage\":{\"@id\":\"https:\\\/\\\/cj.estrategia.com\\\/portal\\\/prova-comentada-humanistica-tj-ms-juiz\\\/\"},\"wordCount\":1832,\"commentCount\":0,\"publisher\":{\"@id\":\"https:\\\/\\\/cj.estrategia.com\\\/portal\\\/#organization\"},\"image\":{\"@id\":\"https:\\\/\\\/cj.estrategia.com\\\/portal\\\/prova-comentada-humanistica-tj-ms-juiz\\\/#primaryimage\"},\"thumbnailUrl\":\"https:\\\/\\\/cj.estrategia.com\\\/portal\\\/wp-content\\\/uploads\\\/2023\\\/03\\\/24175536\\\/concurso-juiz-ms-ecj-magistratura.jpg\",\"articleSection\":[\"Carreiras Jur\u00eddicas\",\"Magistratura\"],\"inLanguage\":\"pt-BR\",\"potentialAction\":[{\"@type\":\"CommentAction\",\"name\":\"Comment\",\"target\":[\"https:\\\/\\\/cj.estrategia.com\\\/portal\\\/prova-comentada-humanistica-tj-ms-juiz\\\/#respond\"]}]},{\"@type\":\"WebPage\",\"@id\":\"https:\\\/\\\/cj.estrategia.com\\\/portal\\\/prova-comentada-humanistica-tj-ms-juiz\\\/\",\"url\":\"https:\\\/\\\/cj.estrategia.com\\\/portal\\\/prova-comentada-humanistica-tj-ms-juiz\\\/\",\"name\":\"Prova comentada Human\u00edstica TJ MS Juiz\",\"isPartOf\":{\"@id\":\"https:\\\/\\\/cj.estrategia.com\\\/portal\\\/#website\"},\"primaryImageOfPage\":{\"@id\":\"https:\\\/\\\/cj.estrategia.com\\\/portal\\\/prova-comentada-humanistica-tj-ms-juiz\\\/#primaryimage\"},\"image\":{\"@id\":\"https:\\\/\\\/cj.estrategia.com\\\/portal\\\/prova-comentada-humanistica-tj-ms-juiz\\\/#primaryimage\"},\"thumbnailUrl\":\"https:\\\/\\\/cj.estrategia.com\\\/portal\\\/wp-content\\\/uploads\\\/2023\\\/03\\\/24175536\\\/concurso-juiz-ms-ecj-magistratura.jpg\",\"datePublished\":\"2023-05-01T20:33:52+00:00\",\"dateModified\":\"2023-05-01T20:35:02+00:00\",\"description\":\"Prova comentada Human\u00edstica TJ MS Juiz: Confira e saiba como foi seu desempenho! Saia na frente e garanta sua vaga!\",\"breadcrumb\":{\"@id\":\"https:\\\/\\\/cj.estrategia.com\\\/portal\\\/prova-comentada-humanistica-tj-ms-juiz\\\/#breadcrumb\"},\"inLanguage\":\"pt-BR\",\"potentialAction\":[{\"@type\":\"ReadAction\",\"target\":[\"https:\\\/\\\/cj.estrategia.com\\\/portal\\\/prova-comentada-humanistica-tj-ms-juiz\\\/\"]}]},{\"@type\":\"ImageObject\",\"inLanguage\":\"pt-BR\",\"@id\":\"https:\\\/\\\/cj.estrategia.com\\\/portal\\\/prova-comentada-humanistica-tj-ms-juiz\\\/#primaryimage\",\"url\":\"https:\\\/\\\/cj.estrategia.com\\\/portal\\\/wp-content\\\/uploads\\\/2023\\\/03\\\/24175536\\\/concurso-juiz-ms-ecj-magistratura.jpg\",\"contentUrl\":\"https:\\\/\\\/cj.estrategia.com\\\/portal\\\/wp-content\\\/uploads\\\/2023\\\/03\\\/24175536\\\/concurso-juiz-ms-ecj-magistratura.jpg\",\"width\":960,\"height\":540,\"caption\":\"Prova comentada TJ MS\"},{\"@type\":\"BreadcrumbList\",\"@id\":\"https:\\\/\\\/cj.estrategia.com\\\/portal\\\/prova-comentada-humanistica-tj-ms-juiz\\\/#breadcrumb\",\"itemListElement\":[{\"@type\":\"ListItem\",\"position\":1,\"name\":\"In\u00edcio\",\"item\":\"https:\\\/\\\/cj.estrategia.com\\\/portal\\\/\"},{\"@type\":\"ListItem\",\"position\":2,\"name\":\"Prova comentada Human\u00edstica TJ MS Juiz\"}]},{\"@type\":\"WebSite\",\"@id\":\"https:\\\/\\\/cj.estrategia.com\\\/portal\\\/#website\",\"url\":\"https:\\\/\\\/cj.estrategia.com\\\/portal\\\/\",\"name\":\"Blog - Carreiras Jur\u00eddicas - Estrat\u00e9gia\",\"description\":\"\",\"publisher\":{\"@id\":\"https:\\\/\\\/cj.estrategia.com\\\/portal\\\/#organization\"},\"potentialAction\":[{\"@type\":\"SearchAction\",\"target\":{\"@type\":\"EntryPoint\",\"urlTemplate\":\"https:\\\/\\\/cj.estrategia.com\\\/portal\\\/?s={search_term_string}\"},\"query-input\":{\"@type\":\"PropertyValueSpecification\",\"valueRequired\":true,\"valueName\":\"search_term_string\"}}],\"inLanguage\":\"pt-BR\"},{\"@type\":\"Organization\",\"@id\":\"https:\\\/\\\/cj.estrategia.com\\\/portal\\\/#organization\",\"name\":\"Estrat\u00e9gia - Carreiras Jur\u00eddicas\",\"url\":\"https:\\\/\\\/cj.estrategia.com\\\/portal\\\/\",\"logo\":{\"@type\":\"ImageObject\",\"inLanguage\":\"pt-BR\",\"@id\":\"https:\\\/\\\/cj.estrategia.com\\\/portal\\\/#\\\/schema\\\/logo\\\/image\\\/\",\"url\":\"https:\\\/\\\/cj.estrategia.com\\\/portal\\\/wp-content\\\/uploads\\\/2022\\\/03\\\/11151052\\\/cj-logo.png\",\"contentUrl\":\"https:\\\/\\\/cj.estrategia.com\\\/portal\\\/wp-content\\\/uploads\\\/2022\\\/03\\\/11151052\\\/cj-logo.png\",\"width\":150,\"height\":39,\"caption\":\"Estrat\u00e9gia - Carreiras Jur\u00eddicas\"},\"image\":{\"@id\":\"https:\\\/\\\/cj.estrategia.com\\\/portal\\\/#\\\/schema\\\/logo\\\/image\\\/\"},\"sameAs\":[\"https:\\\/\\\/www.facebook.com\\\/estrategiacarreirajuridica\\\/\",\"https:\\\/\\\/x.com\\\/EstratJuridica\",\"https:\\\/\\\/www.instagram.com\\\/estrategiacarreirajuridica\\\/\",\"https:\\\/\\\/www.youtube.com\\\/channel\\\/UClbMGuYbj2Mh1m3w144ETWQ\"]},{\"@type\":\"Person\",\"@id\":\"https:\\\/\\\/cj.estrategia.com\\\/portal\\\/#\\\/schema\\\/person\\\/4d70317d31449932b99102916b6637f5\",\"name\":\"Coordena\u00e7\u00e3o\",\"image\":{\"@type\":\"ImageObject\",\"inLanguage\":\"pt-BR\",\"@id\":\"https:\\\/\\\/cj.estrategia.com\\\/portal\\\/wp-content\\\/uploads\\\/2022\\\/05\\\/12164923\\\/estrategia-carreira-juridica-coordenacao-96x96.png\",\"url\":\"https:\\\/\\\/cj.estrategia.com\\\/portal\\\/wp-content\\\/uploads\\\/2022\\\/05\\\/12164923\\\/estrategia-carreira-juridica-coordenacao-96x96.png\",\"contentUrl\":\"https:\\\/\\\/cj.estrategia.com\\\/portal\\\/wp-content\\\/uploads\\\/2022\\\/05\\\/12164923\\\/estrategia-carreira-juridica-coordenacao-96x96.png\",\"caption\":\"Coordena\u00e7\u00e3o\"},\"url\":\"https:\\\/\\\/cj.estrategia.com\\\/portal\\\/author\\\/coordenacao\\\/\"}]}<\/script>\n<!-- \/ Yoast SEO Premium plugin. -->","yoast_head_json":{"title":"Prova comentada Human\u00edstica TJ MS Juiz","description":"Prova comentada Human\u00edstica TJ MS Juiz: Confira e saiba como foi seu desempenho! Saia na frente e garanta sua vaga!","robots":{"index":"index","follow":"follow","max-snippet":"max-snippet:-1","max-image-preview":"max-image-preview:large","max-video-preview":"max-video-preview:-1"},"canonical":"https:\/\/cj.estrategia.com\/portal\/prova-comentada-humanistica-tj-ms-juiz\/","og_locale":"pt_BR","og_type":"article","og_title":"Prova comentada Human\u00edstica TJ MS Juiz","og_description":"Prova comentada Human\u00edstica TJ MS Juiz: Confira e saiba como foi seu desempenho! Saia na frente e garanta sua vaga!","og_url":"https:\/\/cj.estrategia.com\/portal\/prova-comentada-humanistica-tj-ms-juiz\/","og_site_name":"Blog - Carreiras Jur\u00eddicas - Estrat\u00e9gia","article_publisher":"https:\/\/www.facebook.com\/estrategiacarreirajuridica\/","article_published_time":"2023-05-01T20:33:52+00:00","article_modified_time":"2023-05-01T20:35:02+00:00","og_image":[{"width":960,"height":540,"url":"https:\/\/cj.estrategia.com\/portal\/wp-content\/uploads\/2023\/03\/24175536\/concurso-juiz-ms-ecj-magistratura.jpg","type":"image\/jpeg"}],"author":"Coordena\u00e7\u00e3o","twitter_card":"summary_large_image","twitter_creator":"@EstratJuridica","twitter_site":"@EstratJuridica","twitter_misc":{"Escrito por":"Coordena\u00e7\u00e3o","Est. tempo de leitura":"10 minutos"},"schema":{"@context":"https:\/\/schema.org","@graph":[{"@type":"NewsArticle","@id":"https:\/\/cj.estrategia.com\/portal\/prova-comentada-humanistica-tj-ms-juiz\/#article","isPartOf":{"@id":"https:\/\/cj.estrategia.com\/portal\/prova-comentada-humanistica-tj-ms-juiz\/"},"author":{"name":"Coordena\u00e7\u00e3o","@id":"https:\/\/cj.estrategia.com\/portal\/#\/schema\/person\/4d70317d31449932b99102916b6637f5"},"headline":"Prova comentada Human\u00edstica TJ MS Juiz","datePublished":"2023-05-01T20:33:52+00:00","dateModified":"2023-05-01T20:35:02+00:00","mainEntityOfPage":{"@id":"https:\/\/cj.estrategia.com\/portal\/prova-comentada-humanistica-tj-ms-juiz\/"},"wordCount":1832,"commentCount":0,"publisher":{"@id":"https:\/\/cj.estrategia.com\/portal\/#organization"},"image":{"@id":"https:\/\/cj.estrategia.com\/portal\/prova-comentada-humanistica-tj-ms-juiz\/#primaryimage"},"thumbnailUrl":"https:\/\/cj.estrategia.com\/portal\/wp-content\/uploads\/2023\/03\/24175536\/concurso-juiz-ms-ecj-magistratura.jpg","articleSection":["Carreiras Jur\u00eddicas","Magistratura"],"inLanguage":"pt-BR","potentialAction":[{"@type":"CommentAction","name":"Comment","target":["https:\/\/cj.estrategia.com\/portal\/prova-comentada-humanistica-tj-ms-juiz\/#respond"]}]},{"@type":"WebPage","@id":"https:\/\/cj.estrategia.com\/portal\/prova-comentada-humanistica-tj-ms-juiz\/","url":"https:\/\/cj.estrategia.com\/portal\/prova-comentada-humanistica-tj-ms-juiz\/","name":"Prova comentada Human\u00edstica TJ MS Juiz","isPartOf":{"@id":"https:\/\/cj.estrategia.com\/portal\/#website"},"primaryImageOfPage":{"@id":"https:\/\/cj.estrategia.com\/portal\/prova-comentada-humanistica-tj-ms-juiz\/#primaryimage"},"image":{"@id":"https:\/\/cj.estrategia.com\/portal\/prova-comentada-humanistica-tj-ms-juiz\/#primaryimage"},"thumbnailUrl":"https:\/\/cj.estrategia.com\/portal\/wp-content\/uploads\/2023\/03\/24175536\/concurso-juiz-ms-ecj-magistratura.jpg","datePublished":"2023-05-01T20:33:52+00:00","dateModified":"2023-05-01T20:35:02+00:00","description":"Prova comentada Human\u00edstica TJ MS Juiz: Confira e saiba como foi seu desempenho! Saia na frente e garanta sua vaga!","breadcrumb":{"@id":"https:\/\/cj.estrategia.com\/portal\/prova-comentada-humanistica-tj-ms-juiz\/#breadcrumb"},"inLanguage":"pt-BR","potentialAction":[{"@type":"ReadAction","target":["https:\/\/cj.estrategia.com\/portal\/prova-comentada-humanistica-tj-ms-juiz\/"]}]},{"@type":"ImageObject","inLanguage":"pt-BR","@id":"https:\/\/cj.estrategia.com\/portal\/prova-comentada-humanistica-tj-ms-juiz\/#primaryimage","url":"https:\/\/cj.estrategia.com\/portal\/wp-content\/uploads\/2023\/03\/24175536\/concurso-juiz-ms-ecj-magistratura.jpg","contentUrl":"https:\/\/cj.estrategia.com\/portal\/wp-content\/uploads\/2023\/03\/24175536\/concurso-juiz-ms-ecj-magistratura.jpg","width":960,"height":540,"caption":"Prova comentada TJ MS"},{"@type":"BreadcrumbList","@id":"https:\/\/cj.estrategia.com\/portal\/prova-comentada-humanistica-tj-ms-juiz\/#breadcrumb","itemListElement":[{"@type":"ListItem","position":1,"name":"In\u00edcio","item":"https:\/\/cj.estrategia.com\/portal\/"},{"@type":"ListItem","position":2,"name":"Prova comentada Human\u00edstica TJ MS Juiz"}]},{"@type":"WebSite","@id":"https:\/\/cj.estrategia.com\/portal\/#website","url":"https:\/\/cj.estrategia.com\/portal\/","name":"Blog - Carreiras Jur\u00eddicas - Estrat\u00e9gia","description":"","publisher":{"@id":"https:\/\/cj.estrategia.com\/portal\/#organization"},"potentialAction":[{"@type":"SearchAction","target":{"@type":"EntryPoint","urlTemplate":"https:\/\/cj.estrategia.com\/portal\/?s={search_term_string}"},"query-input":{"@type":"PropertyValueSpecification","valueRequired":true,"valueName":"search_term_string"}}],"inLanguage":"pt-BR"},{"@type":"Organization","@id":"https:\/\/cj.estrategia.com\/portal\/#organization","name":"Estrat\u00e9gia - Carreiras Jur\u00eddicas","url":"https:\/\/cj.estrategia.com\/portal\/","logo":{"@type":"ImageObject","inLanguage":"pt-BR","@id":"https:\/\/cj.estrategia.com\/portal\/#\/schema\/logo\/image\/","url":"https:\/\/cj.estrategia.com\/portal\/wp-content\/uploads\/2022\/03\/11151052\/cj-logo.png","contentUrl":"https:\/\/cj.estrategia.com\/portal\/wp-content\/uploads\/2022\/03\/11151052\/cj-logo.png","width":150,"height":39,"caption":"Estrat\u00e9gia - Carreiras Jur\u00eddicas"},"image":{"@id":"https:\/\/cj.estrategia.com\/portal\/#\/schema\/logo\/image\/"},"sameAs":["https:\/\/www.facebook.com\/estrategiacarreirajuridica\/","https:\/\/x.com\/EstratJuridica","https:\/\/www.instagram.com\/estrategiacarreirajuridica\/","https:\/\/www.youtube.com\/channel\/UClbMGuYbj2Mh1m3w144ETWQ"]},{"@type":"Person","@id":"https:\/\/cj.estrategia.com\/portal\/#\/schema\/person\/4d70317d31449932b99102916b6637f5","name":"Coordena\u00e7\u00e3o","image":{"@type":"ImageObject","inLanguage":"pt-BR","@id":"https:\/\/cj.estrategia.com\/portal\/wp-content\/uploads\/2022\/05\/12164923\/estrategia-carreira-juridica-coordenacao-96x96.png","url":"https:\/\/cj.estrategia.com\/portal\/wp-content\/uploads\/2022\/05\/12164923\/estrategia-carreira-juridica-coordenacao-96x96.png","contentUrl":"https:\/\/cj.estrategia.com\/portal\/wp-content\/uploads\/2022\/05\/12164923\/estrategia-carreira-juridica-coordenacao-96x96.png","caption":"Coordena\u00e7\u00e3o"},"url":"https:\/\/cj.estrategia.com\/portal\/author\/coordenacao\/"}]}},"jetpack_featured_media_url":"https:\/\/cj.estrategia.com\/portal\/wp-content\/uploads\/2023\/03\/24175536\/concurso-juiz-ms-ecj-magistratura.jpg","jetpack_sharing_enabled":true,"_links":{"self":[{"href":"https:\/\/cj.estrategia.com\/portal\/wp-json\/wp\/v2\/posts\/35249","targetHints":{"allow":["GET"]}}],"collection":[{"href":"https:\/\/cj.estrategia.com\/portal\/wp-json\/wp\/v2\/posts"}],"about":[{"href":"https:\/\/cj.estrategia.com\/portal\/wp-json\/wp\/v2\/types\/post"}],"author":[{"embeddable":true,"href":"https:\/\/cj.estrategia.com\/portal\/wp-json\/wp\/v2\/users\/12"}],"replies":[{"embeddable":true,"href":"https:\/\/cj.estrategia.com\/portal\/wp-json\/wp\/v2\/comments?post=35249"}],"version-history":[{"count":2,"href":"https:\/\/cj.estrategia.com\/portal\/wp-json\/wp\/v2\/posts\/35249\/revisions"}],"predecessor-version":[{"id":35251,"href":"https:\/\/cj.estrategia.com\/portal\/wp-json\/wp\/v2\/posts\/35249\/revisions\/35251"}],"wp:featuredmedia":[{"embeddable":true,"href":"https:\/\/cj.estrategia.com\/portal\/wp-json\/wp\/v2\/media\/32087"}],"wp:attachment":[{"href":"https:\/\/cj.estrategia.com\/portal\/wp-json\/wp\/v2\/media?parent=35249"}],"wp:term":[{"taxonomy":"category","embeddable":true,"href":"https:\/\/cj.estrategia.com\/portal\/wp-json\/wp\/v2\/categories?post=35249"},{"taxonomy":"post_tag","embeddable":true,"href":"https:\/\/cj.estrategia.com\/portal\/wp-json\/wp\/v2\/tags?post=35249"},{"taxonomy":"tax_estado","embeddable":true,"href":"https:\/\/cj.estrategia.com\/portal\/wp-json\/wp\/v2\/tax_estado?post=35249"}],"curies":[{"name":"wp","href":"https:\/\/api.w.org\/{rel}","templated":true}]}}