{"id":35242,"date":"2023-05-01T17:29:57","date_gmt":"2023-05-01T20:29:57","guid":{"rendered":"https:\/\/cj.estrategia.com\/portal\/?p=35242"},"modified":"2023-05-01T17:29:59","modified_gmt":"2023-05-01T20:29:59","slug":"prova-comentada-direito-ambiental-tj-ms-juiz","status":"publish","type":"post","link":"https:\/\/cj.estrategia.com\/portal\/prova-comentada-direito-ambiental-tj-ms-juiz\/","title":{"rendered":"Prova comentada Direito Ambiental TJ MS Juiz"},"content":{"rendered":"\n<p>Neste domingo, 30 de abril, foi aplicada a prova objetiva do concurso p\u00fablico para Juiz Substituto do TJMS. <\/p>\n\n\n\n<p>Nosso time de professores elaborou o <a href=\"https:\/\/cj.estrategia.com\/portal\/gabarito-extraoficial-tj-ms-juiz\/\" target=\"_blank\" >gabarito extraoficial<\/a>, que, agora, ser\u00e1 apresentado juntamente com a nossa <strong>Prova comentada Direito Ambiental TJ MS Juiz<\/strong>.<\/p>\n\n\n\n<p>Este material visa auxili\u00e1-los na aferi\u00e7\u00e3o das notas, elabora\u00e7\u00e3o de eventuais recursos, verifica\u00e7\u00e3o das chances de avan\u00e7o para fase discursiva, bem como na revis\u00e3o do conte\u00fado cobrado no. certame.<\/p>\n\n\n\n<p>Desde j\u00e1, destacamos que nosso time de professores identificou 3 quest\u00f5es pass\u00edveis de anula\u00e7\u00e3o pela banca examinadora. No tipo de prova comentado, s\u00e3o elas: <strong>41, 70 e 97.<\/strong><\/p>\n\n\n\n<p>De modo complementar, elaboramos tamb\u00e9m o <mark style=\"background-color:rgba(0, 0, 0, 0)\" class=\"has-inline-color has-vivid-red-color\">RANKING do TJMS<\/mark>, onde voc\u00ea poder\u00e1 inserir suas respostas \u00e0 prova, e, ao final, verificar sua poss\u00edvel nota, de acordo com o gabarito elaborado por nossos professores. Atrav\u00e9s do ranking, tamb\u00e9m poderemos estimar<br>a prov\u00e1vel nota de corte da 1\u00ba fase, que ser\u00e1 apresentada e comentada no nosso <a href=\"https:\/\/youtu.be\/kythQ-3yxGk\" target=\"_blank\" >Term\u00f4metro de Prova<\/a>, \u00e0s 19h desta segunda-feira, 01 de maio.<\/p>\n\n\n\n<p><strong>Confira abaixo a Prova comentada Direito Ambiental TJ MS Juiz<\/strong>:<\/p>\n\n\n\n<p><strong><mark style=\"background-color:rgba(0, 0, 0, 0)\" class=\"has-inline-color has-vivid-red-color\">QUEST\u00c3O 86 \u2013 Em<\/mark><\/strong> janeiro de 2023, o Estado Alfa editou lei estadual ampliando os casos de ocupa\u00e7\u00e3o antr\u00f3pica em \u00e1reas de preserva\u00e7\u00e3o permanente. previstos na legisla\u00e7\u00e3o federal vigente, Assim, a Citada lei estadual passou a legitimar ocupa\u00e7\u00f5es em solo urbano de APPs, fora das situa\u00e7\u00f5es previstas em normas gerais editadas pela Uni\u00e3o. Consoante entendimento do Supremo Tribunal Federal, tal legisla\u00e7\u00e3o estadual \u00e9:<\/p>\n\n\n\n<p>(A) constitucional, pois compete \u00e0 Uni\u00e3o, aos Estados e ao Distrito Federal legislar concorrentemente sobre conserva\u00e7\u00e3o da natureza, defesa do solo e dos recursos naturais, prote\u00e7\u00e3o do meio ambiente e controle da polui\u00e7\u00e3o;<\/p>\n\n\n\n<p>(B) constitucional, pois \u00e9 compet\u00eancia comum da Uni\u00e3o, dos Estados, do Distrito Federal e dos Munic\u00edpios proteger o meio ambiente e combater a polui\u00e7\u00e3o em qualquer de suas formas, bem como preservar as florestas, a fauna e a flora;<\/p>\n\n\n\n<p>(C) inconstitucional, pois compete privativamente \u00e0 Uni\u00e3o legislar sobre florestas, ca\u00e7a, pesca, fauna, conserva\u00e7\u00e3o da natureza, defesa do solo e dos recursos naturais, prote\u00e7\u00e3o do meio ambiente e controle da polui\u00e7\u00e3o;<\/p>\n\n\n\n<p>(D) inconstitucional, pois, em tema de compet\u00eancia legislativa concorrente, em linha de princ\u00edpio, admitir-se-ia que o Estado Alfa editasse norma mais protetiva ao meio ambiente, com fundamento em suas peculiaridades regionais e na preponder\u00e2ncia de seu interesse, e n\u00e3o menos protetiva como o fez, em descompasso com o conjunto normativo elaborado pela Uni\u00e3o;<\/p>\n\n\n\n<p>(E) inconstitucional, pois, em tema de compet\u00eancia legislativa sobre espa\u00e7os territoriais e seus componentes a serem especialmente protegidos em mat\u00e9ria ambiental, o Estado Alfa n\u00e3o poderia editar norma mais ou menos protetiva ao meio ambiente, ainda que com fundamento em suas peculiaridades regionais e na preponder\u00e2ncia de seu interesse, sob pena de viola\u00e7\u00e3o de compet\u00eancia da Uni\u00e3o.<\/p>\n\n\n\n<p><strong>Coment\u00e1rios<\/strong><\/p>\n\n\n\n<p>Aalternativa correta \u00e9 a<strong> letra D<\/strong>.<\/p>\n\n\n\n<p>A quest\u00e3o trata sobre compet\u00eancia legislativa em mat\u00e9ria ambiental.<\/p>\n\n\n\n<p>Na linha do entendimento do Supremo Tribunal Federal, \u00e9 permitido que as legisla\u00e7\u00f5es estaduais e municipais versem sobre Direito Ambiental, de forma diversa da legisla\u00e7\u00e3o federal, desde que esta AMPLIE a prote\u00e7\u00e3o ambiental, jamais podendo dispor de forma menos protetiva: \u201c(\u2026) 4. A sobreposi\u00e7\u00e3o de op\u00e7\u00f5es pol\u00edticas por graus vari\u00e1veis de prote\u00e7\u00e3o ambiental constitui circunst\u00e2ncia pr\u00f3pria do estabelecimento de compet\u00eancia concorrente sobre a mat\u00e9ria. Em linha de princ\u00edpio, admitese que os Estados editem normas mais protetivas ao meio ambiente, com fundamento em suas peculiaridades regionais e na preponder\u00e2ncia de seu interesse, conforme o caso. Precedentes. (STF. Plen\u00e1rio. ADI 5.996\/AM. Rel. Min. Alexandre de Moraes.) Os arts. 2\u00ba, III; 3\u00ba, II, \u201cc\u201d; e 17, da Lei n\u00ba 20.922\/2013, do Estado de Minas Gerais, ampliaram os casos de ocupa\u00e7\u00e3o antr\u00f3pica em \u00e1reas de preserva\u00e7\u00e3o permanente previstos na norma federal vigente \u00e0 \u00e9poca (no caso, a Lei n\u00ba 11.977\/2009, revogada pela Lei n\u00ba 13.465\/2017). Com isso, essa lei estadual, al\u00e9m de estar em descompasso com o conjunto normativo elaborado pela Uni\u00e3o, flexibilizou a prote\u00e7\u00e3o ao meio ambiente local, tornando-o mais propenso a sofrer danos.<br>A legisla\u00e7\u00e3o mineira, ao flexibilizar os casos de ocupa\u00e7\u00e3o antr\u00f3pica em \u00e1reas de Preserva\u00e7\u00e3o Permanente, invadiu a compet\u00eancia da Uni\u00e3o, que j\u00e1 havia editado norma que tratava da regulariza\u00e7\u00e3o e ocupa\u00e7\u00e3o fundi\u00e1ria em APPs.\u201d (STF. Plen\u00e1rio\u00a0ADI\u00a05675\/MG, Rel. Min. Ricardo Lewandowski, julgado em 17\/12\/2021 (Info 1042))<\/p>\n\n\n\n<p><strong><mark style=\"background-color:rgba(0, 0, 0, 0)\" class=\"has-inline-color has-vivid-red-color\">QUEST\u00c3O 87 \u2013 <\/mark><\/strong>Em mat\u00e9ria de coopera\u00e7\u00e3o entre a Uni\u00e3o, os Estados, o Distrito Federal e os Munic\u00edpios nas a\u00e7\u00f5es administrativas decorrentes do exerc\u00edcio da compet\u00eancia comum relativas \u00e0 prote\u00e7\u00e3o das paisagens naturais not\u00e1veis, \u00e0 prote\u00e7\u00e3o do meio ambiente, ao combate \u00e0 polui\u00e7\u00e3o em qualquer de suas formas e \u00e0 preserva\u00e7\u00e3o das florestas, da fauna e da flora, de acordo com a lei Complementar (LC) n\u00ba 140\/2011, os entes federativos podem valer-se de alguns instrumentos de coopera\u00e7\u00e3o Institucional. Entre tais instrumentos, respeitados os requisitos previstos nesta LC, est\u00e3o as delega\u00e7\u00f5es de atribui\u00e7\u00f5es e da execu\u00e7\u00e3o de a\u00e7\u00f5es administrativas de um ente federativo a outro. Conforme entendimento do Supremo Tribunal Federal, as normas que estabelecem tais delega\u00e7\u00f5es s\u00e3o:<\/p>\n\n\n\n<p>(A) constitucionais, mas o ente federativo n\u00e3o poder\u00e1 delegar a outro, mediante conv\u00eanio, a execu\u00e7\u00e3o de a\u00e7\u00f5es administrativas a ele atribu\u00eddas nesta LC, salvo se houver pr\u00e9via decis\u00e3o judicial autorizando a delega\u00e7\u00e3o;<\/p>\n\n\n\n<p>(B) inconstitucionais, e o ente federativo n\u00e3o poder\u00e1 delegar a outro, mediante conv\u00eanio, a execu\u00e7\u00e3o de a\u00e7\u00f5es administrativas a ele atribu\u00eddas nesta LC, salvo se houver lei espec\u00edfica de efeitos concretos autorizando a delega\u00e7\u00e3o;<\/p>\n\n\n\n<p>(C) inconstitucionais, por viola\u00e7\u00e3o ao pacto federativo e desvirtuamento da compet\u00eancia administrativa estabelecida na Constitui\u00e7\u00e3o da Rep\u00fablica de 1988, de maneira que o ente federativo n\u00e3o poder\u00e1 delegar a outro, mediante conv\u00eanio, a execu\u00e7\u00e3o de a\u00e7\u00f5es administrativas a ele atribu\u00eddas nesta LC;<\/p>\n\n\n\n<p>(D) inconstitucionais quando considerada delega\u00e7\u00e3o feita pela Uni\u00e3o, porque a delega\u00e7\u00e3o dessas compet\u00eancias privativas para entes subnacionais fragiliza a prote\u00e7\u00e3o ao meio ambiente, na medida em que os \u00f3rg\u00e3os ambientais estaduais, distritais e municipais s\u00e3o carentes de infraestrutura e preparo para o desempenho de suas fun\u00e7\u00f5es;<\/p>\n\n\n\n<p>(E) constitucionais, e a citada LC disp\u00f5e que o ente federativo poder\u00e1 delegar, mediante conv\u00eanio, a execu\u00e7\u00e3o de a\u00e7\u00f5es administrativas a ele atribu\u00eddas nesta LC, desde que o ente destinat\u00e1rio da delega\u00e7\u00e3o disponha de \u00f3rg\u00e3o ambiental capacidade a executar as a\u00e7\u00f5es administrativas a serem delegadas e de conselho de meio ambiente.<\/p>\n\n\n\n<p><strong>Coment\u00e1rios<\/strong><\/p>\n\n\n\n<p>Aalternativa correta \u00e9 a<strong> letra E<\/strong>.<\/p>\n\n\n\n<p>A quest\u00e3o trata sobre delega\u00e7\u00e3o de atribui\u00e7\u00f5es e a\u00e7\u00f5es administrativas de um ente federativo a outro em mat\u00e9ria ambiental. Tal mat\u00e9ria \u00e9 regulada pela Lei Complementar 140\/2011.<\/p>\n\n\n\n<p>O Artigo 4\u00ba da referida lei assim disp\u00f5e: \u201cOs entes federativos podem valer-se, entre outros, dos seguintes instrumentos de coopera\u00e7\u00e3o institucional:\u00a0[\u2026] V \u2013 delega\u00e7\u00e3o de atribui\u00e7\u00f5es de um ente federativo a outro, respeitados os requisitos previstos nesta Lei Complementar;\u00a0<a><\/a>VI \u2013 delega\u00e7\u00e3o da execu\u00e7\u00e3o de a\u00e7\u00f5es administrativas de um ente federativo a outro, respeitados os requisitos previstos nesta Lei Complementar.\u201d<\/p>\n\n\n\n<p>O artigo 5\u00ba ainda disp\u00f5e sobre o assunto: \u201cO ente federativo poder\u00e1 delegar, mediante conv\u00eanio, a execu\u00e7\u00e3o de a\u00e7\u00f5es administrativas a ele atribu\u00eddas nesta Lei Complementar, desde que o ente destinat\u00e1rio da delega\u00e7\u00e3o disponha de \u00f3rg\u00e3o ambiental capacitado a executar as a\u00e7\u00f5es administrativas a serem delegadas e de conselho de meio ambiente.\u201d<\/p>\n\n\n\n<p><strong><mark style=\"background-color:rgba(0, 0, 0, 0)\" class=\"has-inline-color has-vivid-red-color\">QUEST\u00c3O 88 \u2013<\/mark><\/strong> Maria, visando ao manejo conservacionista da vegeta\u00e7\u00e3o nativa, cujas caracter\u00edsticas ecol\u00f3gicas est\u00e3o associadas evolutivamente \u00e0 ocorr\u00eancia do fogo, pretende valer-se do emprego da queima controlada em determinada Unidade de Conserva\u00e7\u00e3o (UC).<\/p>\n\n\n\n<p>De acordo com a Lei n\u00ba 12.651\/2012, o intento de Maria \u00e9:<\/p>\n\n\n\n<p>(A) Proibido, na medida em que o C\u00f3digo Florestal veda o uso de fogo na vegeta\u00e7\u00e3o, em qualquer hip\u00f3tese;<\/p>\n\n\n\n<p>(B) Poss\u00edvel, desde que em conformidade com o respectivo plano de manejo e mediante pr\u00e9via aprova\u00e7\u00e3o do \u00f3rg\u00e3o gestor da Unidade de Conserva\u00e7\u00e3o;<\/p>\n\n\n\n<p>(C) Proibido, pois, apesar de o C\u00f3digo Florestal excepcionalmente autorizar o uso de fogo na vegeta\u00e7\u00e3o em certas hip\u00f3teses, a veda\u00e7\u00e3o \u00e9 absoluta no que tange a Unidades de Conserva\u00e7\u00e3o;<\/p>\n\n\n\n<p>(D) Poss\u00edvel, desde que mediante pr\u00e9via aprova\u00e7\u00e3o do chefe do Poder Executivo, no \u00e2mbito do ente federativo que criou a Unidade de Conserva\u00e7\u00e3o;<\/p>\n\n\n\n<p>(E) Poss\u00edvel, desde que mediante pr\u00e9via extin\u00e7\u00e3o ou transforma\u00e7\u00e3o da Unidade de Conserva\u00e7\u00e3o, por lei ou decreto.<\/p>\n\n\n\n<p><strong>Coment\u00e1rios<\/strong><\/p>\n\n\n\n<p>Aalternativa correta \u00e9 a<strong> letra B<\/strong>.<\/p>\n\n\n\n<p>A quest\u00e3o trata sobre a utiliza\u00e7\u00e3o de queima controlada, sob a \u00f3tica do C\u00f3digo Florestal (Lei n\u00ba 12.651\/2012).<\/p>\n\n\n\n<p>Consoante o artigo 38, II, do C\u00f3digo Florestal, \u00e9 permitida a queima controlada em unidade de conserva\u00e7\u00e3o: \u201c\u00c9 proibido o uso de fogo na vegeta\u00e7\u00e3o, exceto nas seguintes situa\u00e7\u00f5es: [\u2026] II \u2013 emprego da queima controlada em Unidades de Conserva\u00e7\u00e3o, em conformidade com o respectivo plano de manejo e mediante pr\u00e9via aprova\u00e7\u00e3o do \u00f3rg\u00e3o gestor da Unidade de Conserva\u00e7\u00e3o, visando ao manejo conservacionista da vegeta\u00e7\u00e3o nativa, cujas caracter\u00edsticas ecol\u00f3gicas estejam associadas evolutivamente \u00e0 ocorr\u00eancia do fogo;\u201d<\/p>\n\n\n\n<p class=\"has-cyan-bluish-gray-background-color has-background\"><strong>Acesse todo o conte\u00fado da Prova TJ MS Juiz em: <a href=\"https:\/\/cj.estrategia.com\/portal\/gabarito-extraoficial-tj-ms-juiz\/\" target=\"_blank\" >GABARITO EXTRAOFICIAL TJ MS JUIZ<\/a><\/strong><\/p>\n\n\n\n<p class=\"has-text-align-center has-luminous-vivid-amber-background-color has-background has-medium-font-size\"><strong>Saiba mais:<\/strong> <a href=\"https:\/\/cj.estrategia.com\/portal\/concurso-magistratura-ms\/\" target=\"_blank\" >Magistratura MS <\/a><\/p>\n\n\n\n<h2 class=\"has-text-align-center wp-block-heading\" id=\"cursos\"><span id=\"quer-saber-tudo-sobre-concursos-previstosconfira-nossos-artigos\">Quer saber tudo sobre concursos previstos?<br><strong>Confira nossos artigos!<\/strong><\/span><\/h2>\n\n\n\n\n\n<h2 class=\"has-text-align-center wp-block-heading\" id=\"cursos\"><span id=\"prepare-se-para-o-concurso-magistratura-ms\">Prepare-se para o concurso Magistratura MS<\/span><\/h2>\n\n\n\n<div class=\"wp-block-cover\" style=\"min-height:155px;aspect-ratio:unset;\"><img decoding=\"async\" width=\"1890\" height=\"351\" class=\"wp-block-cover__image-background wp-image-8669\" alt=\"Assinaturas Jur\u00eddicas\" src=\"https:\/\/cj.estrategia.com\/portal\/wp-content\/uploads\/2022\/06\/20151253\/concurso-carreiras-juridicas-assinatura-juridica.jpg\" style=\"object-position:78% 43%\" data-object-fit=\"cover\" data-object-position=\"78% 43%\" srcset=\"https:\/\/cj.estrategia.com\/portal\/wp-content\/uploads\/2022\/06\/20151253\/concurso-carreiras-juridicas-assinatura-juridica.jpg 1890w, https:\/\/cj.estrategia.com\/portal\/wp-content\/uploads\/2022\/06\/20151253\/concurso-carreiras-juridicas-assinatura-juridica-300x56.jpg 300w, https:\/\/cj.estrategia.com\/portal\/wp-content\/uploads\/2022\/06\/20151253\/concurso-carreiras-juridicas-assinatura-juridica-1024x190.jpg 1024w, https:\/\/cj.estrategia.com\/portal\/wp-content\/uploads\/2022\/06\/20151253\/concurso-carreiras-juridicas-assinatura-juridica-768x143.jpg 768w, https:\/\/cj.estrategia.com\/portal\/wp-content\/uploads\/2022\/06\/20151253\/concurso-carreiras-juridicas-assinatura-juridica-1536x285.jpg 1536w, https:\/\/cj.estrategia.com\/portal\/wp-content\/uploads\/2022\/06\/20151253\/concurso-carreiras-juridicas-assinatura-juridica-380x71.jpg 380w, https:\/\/cj.estrategia.com\/portal\/wp-content\/uploads\/2022\/06\/20151253\/concurso-carreiras-juridicas-assinatura-juridica-800x149.jpg 800w, https:\/\/cj.estrategia.com\/portal\/wp-content\/uploads\/2022\/06\/20151253\/concurso-carreiras-juridicas-assinatura-juridica-1160x215.jpg 1160w\" sizes=\"(max-width: 1890px) 100vw, 1890px\" \/><span aria-hidden=\"true\" class=\"wp-block-cover__background has-background-dim\"><\/span><div class=\"wp-block-cover__inner-container is-layout-flow wp-block-cover-is-layout-flow\">\n<h3 id=\"faca-a-sua-assinatura\" class=\"titulo-assinatura\"><span style=\"color: #ffffff;\">Fa\u00e7a a sua assinatura!<\/span><\/h3>\n<p class=\"subtitulo-assinatura\" style=\"display:block!important; line-height: 0;\"><span style=\"color: #ffffff;\">Escolha a sua \u00e1rea.<\/span><\/p>\n<a target=\"_blank\" href=\"https:\/\/www.estrategiaconcursos.com.br\/assinaturas-ecj\/\" rel=\"noopener\"><button style=\"border-radius: 10px; text-transform: capitalize;\">Acessar<\/button><\/a>\n<\/div><\/div>\n","protected":false},"excerpt":{"rendered":"Neste domingo, 30 de abril, foi aplicada a prova objetiva do concurso p\u00fablico para Juiz Substituto do TJMS.&hellip;\n","protected":false},"author":12,"featured_media":32087,"comment_status":"open","ping_status":"open","sticky":false,"template":"","format":"standard","meta":{"_jetpack_memberships_contains_paid_content":false,"footnotes":""},"categories":[1,26],"tags":[],"tax_estado":[42],"class_list":{"0":"post-35242","1":"post","2":"type-post","3":"status-publish","4":"format-standard","5":"has-post-thumbnail","7":"category-carreiras-juridicas","8":"category-magistratura","9":"tax_estado-ms"},"acf":[],"yoast_head":"<!-- This site is optimized with the Yoast SEO Premium plugin v27.5 (Yoast SEO v27.5) - https:\/\/yoast.com\/product\/yoast-seo-premium-wordpress\/ -->\n<title>Prova comentada Direito Ambiental TJ MS Juiz<\/title>\n<meta name=\"description\" content=\"Prova comentada Direito Ambiental TJ MS Juiz: Confira e saiba como foi seu desempenho! Saia na frente e garanta sua vaga!\" \/>\n<meta name=\"robots\" content=\"index, follow, max-snippet:-1, max-image-preview:large, max-video-preview:-1\" \/>\n<link rel=\"canonical\" href=\"https:\/\/cj.estrategia.com\/portal\/prova-comentada-direito-ambiental-tj-ms-juiz\/\" \/>\n<meta property=\"og:locale\" content=\"pt_BR\" \/>\n<meta property=\"og:type\" content=\"article\" \/>\n<meta property=\"og:title\" content=\"Prova comentada Direito Ambiental TJ MS Juiz\" \/>\n<meta property=\"og:description\" content=\"Prova comentada Direito Ambiental TJ MS Juiz: Confira e saiba como foi seu desempenho! Saia na frente e garanta sua vaga!\" \/>\n<meta property=\"og:url\" content=\"https:\/\/cj.estrategia.com\/portal\/prova-comentada-direito-ambiental-tj-ms-juiz\/\" \/>\n<meta property=\"og:site_name\" content=\"Blog - Carreiras Jur\u00eddicas - Estrat\u00e9gia\" \/>\n<meta property=\"article:publisher\" content=\"https:\/\/www.facebook.com\/estrategiacarreirajuridica\/\" \/>\n<meta property=\"article:published_time\" content=\"2023-05-01T20:29:57+00:00\" \/>\n<meta property=\"article:modified_time\" content=\"2023-05-01T20:29:59+00:00\" \/>\n<meta property=\"og:image\" content=\"https:\/\/cj.estrategia.com\/portal\/wp-content\/uploads\/2023\/03\/24175536\/concurso-juiz-ms-ecj-magistratura.jpg\" \/>\n\t<meta property=\"og:image:width\" content=\"960\" \/>\n\t<meta property=\"og:image:height\" content=\"540\" \/>\n\t<meta property=\"og:image:type\" content=\"image\/jpeg\" \/>\n<meta name=\"author\" content=\"Coordena\u00e7\u00e3o\" \/>\n<meta name=\"twitter:card\" content=\"summary_large_image\" \/>\n<meta name=\"twitter:creator\" content=\"@EstratJuridica\" \/>\n<meta name=\"twitter:site\" content=\"@EstratJuridica\" \/>\n<meta name=\"twitter:label1\" content=\"Escrito por\" \/>\n\t<meta name=\"twitter:data1\" content=\"Coordena\u00e7\u00e3o\" \/>\n\t<meta name=\"twitter:label2\" content=\"Est. tempo de leitura\" \/>\n\t<meta name=\"twitter:data2\" content=\"8 minutos\" \/>\n<script type=\"application\/ld+json\" class=\"yoast-schema-graph\">{\"@context\":\"https:\\\/\\\/schema.org\",\"@graph\":[{\"@type\":\"NewsArticle\",\"@id\":\"https:\\\/\\\/cj.estrategia.com\\\/portal\\\/prova-comentada-direito-ambiental-tj-ms-juiz\\\/#article\",\"isPartOf\":{\"@id\":\"https:\\\/\\\/cj.estrategia.com\\\/portal\\\/prova-comentada-direito-ambiental-tj-ms-juiz\\\/\"},\"author\":{\"name\":\"Coordena\u00e7\u00e3o\",\"@id\":\"https:\\\/\\\/cj.estrategia.com\\\/portal\\\/#\\\/schema\\\/person\\\/4d70317d31449932b99102916b6637f5\"},\"headline\":\"Prova comentada Direito Ambiental TJ MS Juiz\",\"datePublished\":\"2023-05-01T20:29:57+00:00\",\"dateModified\":\"2023-05-01T20:29:59+00:00\",\"mainEntityOfPage\":{\"@id\":\"https:\\\/\\\/cj.estrategia.com\\\/portal\\\/prova-comentada-direito-ambiental-tj-ms-juiz\\\/\"},\"wordCount\":1631,\"commentCount\":0,\"publisher\":{\"@id\":\"https:\\\/\\\/cj.estrategia.com\\\/portal\\\/#organization\"},\"image\":{\"@id\":\"https:\\\/\\\/cj.estrategia.com\\\/portal\\\/prova-comentada-direito-ambiental-tj-ms-juiz\\\/#primaryimage\"},\"thumbnailUrl\":\"https:\\\/\\\/cj.estrategia.com\\\/portal\\\/wp-content\\\/uploads\\\/2023\\\/03\\\/24175536\\\/concurso-juiz-ms-ecj-magistratura.jpg\",\"articleSection\":[\"Carreiras Jur\u00eddicas\",\"Magistratura\"],\"inLanguage\":\"pt-BR\",\"potentialAction\":[{\"@type\":\"CommentAction\",\"name\":\"Comment\",\"target\":[\"https:\\\/\\\/cj.estrategia.com\\\/portal\\\/prova-comentada-direito-ambiental-tj-ms-juiz\\\/#respond\"]}]},{\"@type\":\"WebPage\",\"@id\":\"https:\\\/\\\/cj.estrategia.com\\\/portal\\\/prova-comentada-direito-ambiental-tj-ms-juiz\\\/\",\"url\":\"https:\\\/\\\/cj.estrategia.com\\\/portal\\\/prova-comentada-direito-ambiental-tj-ms-juiz\\\/\",\"name\":\"Prova comentada Direito Ambiental TJ MS Juiz\",\"isPartOf\":{\"@id\":\"https:\\\/\\\/cj.estrategia.com\\\/portal\\\/#website\"},\"primaryImageOfPage\":{\"@id\":\"https:\\\/\\\/cj.estrategia.com\\\/portal\\\/prova-comentada-direito-ambiental-tj-ms-juiz\\\/#primaryimage\"},\"image\":{\"@id\":\"https:\\\/\\\/cj.estrategia.com\\\/portal\\\/prova-comentada-direito-ambiental-tj-ms-juiz\\\/#primaryimage\"},\"thumbnailUrl\":\"https:\\\/\\\/cj.estrategia.com\\\/portal\\\/wp-content\\\/uploads\\\/2023\\\/03\\\/24175536\\\/concurso-juiz-ms-ecj-magistratura.jpg\",\"datePublished\":\"2023-05-01T20:29:57+00:00\",\"dateModified\":\"2023-05-01T20:29:59+00:00\",\"description\":\"Prova comentada Direito Ambiental TJ MS Juiz: Confira e saiba como foi seu desempenho! Saia na frente e garanta sua vaga!\",\"breadcrumb\":{\"@id\":\"https:\\\/\\\/cj.estrategia.com\\\/portal\\\/prova-comentada-direito-ambiental-tj-ms-juiz\\\/#breadcrumb\"},\"inLanguage\":\"pt-BR\",\"potentialAction\":[{\"@type\":\"ReadAction\",\"target\":[\"https:\\\/\\\/cj.estrategia.com\\\/portal\\\/prova-comentada-direito-ambiental-tj-ms-juiz\\\/\"]}]},{\"@type\":\"ImageObject\",\"inLanguage\":\"pt-BR\",\"@id\":\"https:\\\/\\\/cj.estrategia.com\\\/portal\\\/prova-comentada-direito-ambiental-tj-ms-juiz\\\/#primaryimage\",\"url\":\"https:\\\/\\\/cj.estrategia.com\\\/portal\\\/wp-content\\\/uploads\\\/2023\\\/03\\\/24175536\\\/concurso-juiz-ms-ecj-magistratura.jpg\",\"contentUrl\":\"https:\\\/\\\/cj.estrategia.com\\\/portal\\\/wp-content\\\/uploads\\\/2023\\\/03\\\/24175536\\\/concurso-juiz-ms-ecj-magistratura.jpg\",\"width\":960,\"height\":540,\"caption\":\"Prova comentada TJ MS\"},{\"@type\":\"BreadcrumbList\",\"@id\":\"https:\\\/\\\/cj.estrategia.com\\\/portal\\\/prova-comentada-direito-ambiental-tj-ms-juiz\\\/#breadcrumb\",\"itemListElement\":[{\"@type\":\"ListItem\",\"position\":1,\"name\":\"In\u00edcio\",\"item\":\"https:\\\/\\\/cj.estrategia.com\\\/portal\\\/\"},{\"@type\":\"ListItem\",\"position\":2,\"name\":\"Prova comentada Direito Ambiental TJ MS Juiz\"}]},{\"@type\":\"WebSite\",\"@id\":\"https:\\\/\\\/cj.estrategia.com\\\/portal\\\/#website\",\"url\":\"https:\\\/\\\/cj.estrategia.com\\\/portal\\\/\",\"name\":\"Blog - Carreiras Jur\u00eddicas - Estrat\u00e9gia\",\"description\":\"\",\"publisher\":{\"@id\":\"https:\\\/\\\/cj.estrategia.com\\\/portal\\\/#organization\"},\"potentialAction\":[{\"@type\":\"SearchAction\",\"target\":{\"@type\":\"EntryPoint\",\"urlTemplate\":\"https:\\\/\\\/cj.estrategia.com\\\/portal\\\/?s={search_term_string}\"},\"query-input\":{\"@type\":\"PropertyValueSpecification\",\"valueRequired\":true,\"valueName\":\"search_term_string\"}}],\"inLanguage\":\"pt-BR\"},{\"@type\":\"Organization\",\"@id\":\"https:\\\/\\\/cj.estrategia.com\\\/portal\\\/#organization\",\"name\":\"Estrat\u00e9gia - Carreiras Jur\u00eddicas\",\"url\":\"https:\\\/\\\/cj.estrategia.com\\\/portal\\\/\",\"logo\":{\"@type\":\"ImageObject\",\"inLanguage\":\"pt-BR\",\"@id\":\"https:\\\/\\\/cj.estrategia.com\\\/portal\\\/#\\\/schema\\\/logo\\\/image\\\/\",\"url\":\"https:\\\/\\\/cj.estrategia.com\\\/portal\\\/wp-content\\\/uploads\\\/2022\\\/03\\\/11151052\\\/cj-logo.png\",\"contentUrl\":\"https:\\\/\\\/cj.estrategia.com\\\/portal\\\/wp-content\\\/uploads\\\/2022\\\/03\\\/11151052\\\/cj-logo.png\",\"width\":150,\"height\":39,\"caption\":\"Estrat\u00e9gia - Carreiras Jur\u00eddicas\"},\"image\":{\"@id\":\"https:\\\/\\\/cj.estrategia.com\\\/portal\\\/#\\\/schema\\\/logo\\\/image\\\/\"},\"sameAs\":[\"https:\\\/\\\/www.facebook.com\\\/estrategiacarreirajuridica\\\/\",\"https:\\\/\\\/x.com\\\/EstratJuridica\",\"https:\\\/\\\/www.instagram.com\\\/estrategiacarreirajuridica\\\/\",\"https:\\\/\\\/www.youtube.com\\\/channel\\\/UClbMGuYbj2Mh1m3w144ETWQ\"]},{\"@type\":\"Person\",\"@id\":\"https:\\\/\\\/cj.estrategia.com\\\/portal\\\/#\\\/schema\\\/person\\\/4d70317d31449932b99102916b6637f5\",\"name\":\"Coordena\u00e7\u00e3o\",\"image\":{\"@type\":\"ImageObject\",\"inLanguage\":\"pt-BR\",\"@id\":\"https:\\\/\\\/cj.estrategia.com\\\/portal\\\/wp-content\\\/uploads\\\/2022\\\/05\\\/12164923\\\/estrategia-carreira-juridica-coordenacao-96x96.png\",\"url\":\"https:\\\/\\\/cj.estrategia.com\\\/portal\\\/wp-content\\\/uploads\\\/2022\\\/05\\\/12164923\\\/estrategia-carreira-juridica-coordenacao-96x96.png\",\"contentUrl\":\"https:\\\/\\\/cj.estrategia.com\\\/portal\\\/wp-content\\\/uploads\\\/2022\\\/05\\\/12164923\\\/estrategia-carreira-juridica-coordenacao-96x96.png\",\"caption\":\"Coordena\u00e7\u00e3o\"},\"url\":\"https:\\\/\\\/cj.estrategia.com\\\/portal\\\/author\\\/coordenacao\\\/\"}]}<\/script>\n<!-- \/ Yoast SEO Premium plugin. -->","yoast_head_json":{"title":"Prova comentada Direito Ambiental TJ MS Juiz","description":"Prova comentada Direito Ambiental TJ MS Juiz: Confira e saiba como foi seu desempenho! Saia na frente e garanta sua vaga!","robots":{"index":"index","follow":"follow","max-snippet":"max-snippet:-1","max-image-preview":"max-image-preview:large","max-video-preview":"max-video-preview:-1"},"canonical":"https:\/\/cj.estrategia.com\/portal\/prova-comentada-direito-ambiental-tj-ms-juiz\/","og_locale":"pt_BR","og_type":"article","og_title":"Prova comentada Direito Ambiental TJ MS Juiz","og_description":"Prova comentada Direito Ambiental TJ MS Juiz: Confira e saiba como foi seu desempenho! Saia na frente e garanta sua vaga!","og_url":"https:\/\/cj.estrategia.com\/portal\/prova-comentada-direito-ambiental-tj-ms-juiz\/","og_site_name":"Blog - Carreiras Jur\u00eddicas - Estrat\u00e9gia","article_publisher":"https:\/\/www.facebook.com\/estrategiacarreirajuridica\/","article_published_time":"2023-05-01T20:29:57+00:00","article_modified_time":"2023-05-01T20:29:59+00:00","og_image":[{"width":960,"height":540,"url":"https:\/\/cj.estrategia.com\/portal\/wp-content\/uploads\/2023\/03\/24175536\/concurso-juiz-ms-ecj-magistratura.jpg","type":"image\/jpeg"}],"author":"Coordena\u00e7\u00e3o","twitter_card":"summary_large_image","twitter_creator":"@EstratJuridica","twitter_site":"@EstratJuridica","twitter_misc":{"Escrito por":"Coordena\u00e7\u00e3o","Est. tempo de leitura":"8 minutos"},"schema":{"@context":"https:\/\/schema.org","@graph":[{"@type":"NewsArticle","@id":"https:\/\/cj.estrategia.com\/portal\/prova-comentada-direito-ambiental-tj-ms-juiz\/#article","isPartOf":{"@id":"https:\/\/cj.estrategia.com\/portal\/prova-comentada-direito-ambiental-tj-ms-juiz\/"},"author":{"name":"Coordena\u00e7\u00e3o","@id":"https:\/\/cj.estrategia.com\/portal\/#\/schema\/person\/4d70317d31449932b99102916b6637f5"},"headline":"Prova comentada Direito Ambiental TJ MS Juiz","datePublished":"2023-05-01T20:29:57+00:00","dateModified":"2023-05-01T20:29:59+00:00","mainEntityOfPage":{"@id":"https:\/\/cj.estrategia.com\/portal\/prova-comentada-direito-ambiental-tj-ms-juiz\/"},"wordCount":1631,"commentCount":0,"publisher":{"@id":"https:\/\/cj.estrategia.com\/portal\/#organization"},"image":{"@id":"https:\/\/cj.estrategia.com\/portal\/prova-comentada-direito-ambiental-tj-ms-juiz\/#primaryimage"},"thumbnailUrl":"https:\/\/cj.estrategia.com\/portal\/wp-content\/uploads\/2023\/03\/24175536\/concurso-juiz-ms-ecj-magistratura.jpg","articleSection":["Carreiras Jur\u00eddicas","Magistratura"],"inLanguage":"pt-BR","potentialAction":[{"@type":"CommentAction","name":"Comment","target":["https:\/\/cj.estrategia.com\/portal\/prova-comentada-direito-ambiental-tj-ms-juiz\/#respond"]}]},{"@type":"WebPage","@id":"https:\/\/cj.estrategia.com\/portal\/prova-comentada-direito-ambiental-tj-ms-juiz\/","url":"https:\/\/cj.estrategia.com\/portal\/prova-comentada-direito-ambiental-tj-ms-juiz\/","name":"Prova comentada Direito Ambiental TJ MS Juiz","isPartOf":{"@id":"https:\/\/cj.estrategia.com\/portal\/#website"},"primaryImageOfPage":{"@id":"https:\/\/cj.estrategia.com\/portal\/prova-comentada-direito-ambiental-tj-ms-juiz\/#primaryimage"},"image":{"@id":"https:\/\/cj.estrategia.com\/portal\/prova-comentada-direito-ambiental-tj-ms-juiz\/#primaryimage"},"thumbnailUrl":"https:\/\/cj.estrategia.com\/portal\/wp-content\/uploads\/2023\/03\/24175536\/concurso-juiz-ms-ecj-magistratura.jpg","datePublished":"2023-05-01T20:29:57+00:00","dateModified":"2023-05-01T20:29:59+00:00","description":"Prova comentada Direito Ambiental TJ MS Juiz: Confira e saiba como foi seu desempenho! Saia na frente e garanta sua vaga!","breadcrumb":{"@id":"https:\/\/cj.estrategia.com\/portal\/prova-comentada-direito-ambiental-tj-ms-juiz\/#breadcrumb"},"inLanguage":"pt-BR","potentialAction":[{"@type":"ReadAction","target":["https:\/\/cj.estrategia.com\/portal\/prova-comentada-direito-ambiental-tj-ms-juiz\/"]}]},{"@type":"ImageObject","inLanguage":"pt-BR","@id":"https:\/\/cj.estrategia.com\/portal\/prova-comentada-direito-ambiental-tj-ms-juiz\/#primaryimage","url":"https:\/\/cj.estrategia.com\/portal\/wp-content\/uploads\/2023\/03\/24175536\/concurso-juiz-ms-ecj-magistratura.jpg","contentUrl":"https:\/\/cj.estrategia.com\/portal\/wp-content\/uploads\/2023\/03\/24175536\/concurso-juiz-ms-ecj-magistratura.jpg","width":960,"height":540,"caption":"Prova comentada TJ MS"},{"@type":"BreadcrumbList","@id":"https:\/\/cj.estrategia.com\/portal\/prova-comentada-direito-ambiental-tj-ms-juiz\/#breadcrumb","itemListElement":[{"@type":"ListItem","position":1,"name":"In\u00edcio","item":"https:\/\/cj.estrategia.com\/portal\/"},{"@type":"ListItem","position":2,"name":"Prova comentada Direito Ambiental TJ MS Juiz"}]},{"@type":"WebSite","@id":"https:\/\/cj.estrategia.com\/portal\/#website","url":"https:\/\/cj.estrategia.com\/portal\/","name":"Blog - Carreiras Jur\u00eddicas - Estrat\u00e9gia","description":"","publisher":{"@id":"https:\/\/cj.estrategia.com\/portal\/#organization"},"potentialAction":[{"@type":"SearchAction","target":{"@type":"EntryPoint","urlTemplate":"https:\/\/cj.estrategia.com\/portal\/?s={search_term_string}"},"query-input":{"@type":"PropertyValueSpecification","valueRequired":true,"valueName":"search_term_string"}}],"inLanguage":"pt-BR"},{"@type":"Organization","@id":"https:\/\/cj.estrategia.com\/portal\/#organization","name":"Estrat\u00e9gia - Carreiras Jur\u00eddicas","url":"https:\/\/cj.estrategia.com\/portal\/","logo":{"@type":"ImageObject","inLanguage":"pt-BR","@id":"https:\/\/cj.estrategia.com\/portal\/#\/schema\/logo\/image\/","url":"https:\/\/cj.estrategia.com\/portal\/wp-content\/uploads\/2022\/03\/11151052\/cj-logo.png","contentUrl":"https:\/\/cj.estrategia.com\/portal\/wp-content\/uploads\/2022\/03\/11151052\/cj-logo.png","width":150,"height":39,"caption":"Estrat\u00e9gia - Carreiras Jur\u00eddicas"},"image":{"@id":"https:\/\/cj.estrategia.com\/portal\/#\/schema\/logo\/image\/"},"sameAs":["https:\/\/www.facebook.com\/estrategiacarreirajuridica\/","https:\/\/x.com\/EstratJuridica","https:\/\/www.instagram.com\/estrategiacarreirajuridica\/","https:\/\/www.youtube.com\/channel\/UClbMGuYbj2Mh1m3w144ETWQ"]},{"@type":"Person","@id":"https:\/\/cj.estrategia.com\/portal\/#\/schema\/person\/4d70317d31449932b99102916b6637f5","name":"Coordena\u00e7\u00e3o","image":{"@type":"ImageObject","inLanguage":"pt-BR","@id":"https:\/\/cj.estrategia.com\/portal\/wp-content\/uploads\/2022\/05\/12164923\/estrategia-carreira-juridica-coordenacao-96x96.png","url":"https:\/\/cj.estrategia.com\/portal\/wp-content\/uploads\/2022\/05\/12164923\/estrategia-carreira-juridica-coordenacao-96x96.png","contentUrl":"https:\/\/cj.estrategia.com\/portal\/wp-content\/uploads\/2022\/05\/12164923\/estrategia-carreira-juridica-coordenacao-96x96.png","caption":"Coordena\u00e7\u00e3o"},"url":"https:\/\/cj.estrategia.com\/portal\/author\/coordenacao\/"}]}},"jetpack_featured_media_url":"https:\/\/cj.estrategia.com\/portal\/wp-content\/uploads\/2023\/03\/24175536\/concurso-juiz-ms-ecj-magistratura.jpg","jetpack_sharing_enabled":true,"_links":{"self":[{"href":"https:\/\/cj.estrategia.com\/portal\/wp-json\/wp\/v2\/posts\/35242","targetHints":{"allow":["GET"]}}],"collection":[{"href":"https:\/\/cj.estrategia.com\/portal\/wp-json\/wp\/v2\/posts"}],"about":[{"href":"https:\/\/cj.estrategia.com\/portal\/wp-json\/wp\/v2\/types\/post"}],"author":[{"embeddable":true,"href":"https:\/\/cj.estrategia.com\/portal\/wp-json\/wp\/v2\/users\/12"}],"replies":[{"embeddable":true,"href":"https:\/\/cj.estrategia.com\/portal\/wp-json\/wp\/v2\/comments?post=35242"}],"version-history":[{"count":0,"href":"https:\/\/cj.estrategia.com\/portal\/wp-json\/wp\/v2\/posts\/35242\/revisions"}],"wp:featuredmedia":[{"embeddable":true,"href":"https:\/\/cj.estrategia.com\/portal\/wp-json\/wp\/v2\/media\/32087"}],"wp:attachment":[{"href":"https:\/\/cj.estrategia.com\/portal\/wp-json\/wp\/v2\/media?parent=35242"}],"wp:term":[{"taxonomy":"category","embeddable":true,"href":"https:\/\/cj.estrategia.com\/portal\/wp-json\/wp\/v2\/categories?post=35242"},{"taxonomy":"post_tag","embeddable":true,"href":"https:\/\/cj.estrategia.com\/portal\/wp-json\/wp\/v2\/tags?post=35242"},{"taxonomy":"tax_estado","embeddable":true,"href":"https:\/\/cj.estrategia.com\/portal\/wp-json\/wp\/v2\/tax_estado?post=35242"}],"curies":[{"name":"wp","href":"https:\/\/api.w.org\/{rel}","templated":true}]}}