{"id":34718,"date":"2023-05-01T13:00:00","date_gmt":"2023-05-01T16:00:00","guid":{"rendered":"https:\/\/cj.estrategia.com\/portal\/?p=34718"},"modified":"2023-05-03T08:42:15","modified_gmt":"2023-05-03T11:42:15","slug":"gabarito-extraoficial-agu-advogado-da-uniao","status":"publish","type":"post","link":"https:\/\/cj.estrategia.com\/portal\/gabarito-extraoficial-agu-advogado-da-uniao\/","title":{"rendered":"Gabarito Extraoficial &#8211; AGU (Advogado da Uni\u00e3o) &#8211; Confira seu desempenho!"},"content":{"rendered":"\n<p>Neste domingo, 30 de abril, foram aplicadas as provas do<strong>\u00a0Concurso AGU (Advogado da Uni\u00e3o).\u00a0<\/strong>A prova contou com 100 (cem) quest\u00f5es de m\u00faltipla escolha, numeradas sequencialmente, com 05 (cinco) alternativas e apenas uma resposta correta.<\/p>\n\n\n\n<p>O concurso AGU traz a oferta de 300 vagas imediatas, al\u00e9m de forma\u00e7\u00e3o de cadastro reserva. Do total de ofertas, 225 s\u00e3o para ampla concorr\u00eancia, 15 reservadas a pessoas com defici\u00eancia e 60 aos negros.<\/p>\n\n\n\n<p>Para o cargo de Advogado Geral da Uni\u00e3o s\u00e3o ofertadas 100 vagas e remunera\u00e7\u00e3o de R$ 21.014,49, para jornada de trabalho de 40 horas semanais.\u00a0<\/p>\n\n\n\n<p>Por isso, o Estrat\u00e9gia Carreiras Jur\u00eddicas realizou no domingo, 30 de abril, <strong>o Gabarito Extraoficial \u2013 AGU (Advogado da Uni\u00e3o)<\/strong> para que voc\u00ea possa saber como foi o seu desempenho.<\/p>\n\n\n\n<p>Nosso professores corrigiram AO VIVO as quest\u00f5es da prova, dando a voc\u00ea o gabarito extraoficial e j\u00e1 destacando quais quest\u00f5es podem ser impetradas com recurso.<\/p>\n\n\n\n<p>Os coment\u00e1rios tamb\u00e9m podem ser conferidos nos links abaixo:<\/p>\n\n\n\n<ul class=\"wp-block-list\">\n<li><a href=\"https:\/\/cj.estrategia.com\/portal\/prova-comentada-direito-constitucional-agu-advogado-da-uniao\/\" target=\"_blank\" >Prova comentada Direito Constitucional<\/a> <\/li>\n\n\n\n<li><a href=\"https:\/\/cj.estrategia.com\/portal\/prova-comentada-direito-administrativo-agu-advogado-da-uniao\/\" target=\"_blank\" >Prova comentada Direito Administrativo<\/a><\/li>\n\n\n\n<li><a href=\"https:\/\/cj.estrategia.com\/portal\/prova-comentada-direito-tributario-agu-advogado-da-uniao\/\" target=\"_blank\" >Prova comentada  Direito Tribut\u00e1rio<\/a> <\/li>\n\n\n\n<li><a href=\"https:\/\/cj.estrategia.com\/portal\/prova-comentada-legislacao-da-agu-advogado-da-uniao\/\" target=\"_blank\" >Legisla\u00e7\u00e3o da AGU <\/a><\/li>\n\n\n\n<li><a href=\"https:\/\/cj.estrategia.com\/portal\/prova-comentada-direito-financeiro-e-economico-agu-advogado-da-uniao\/\" target=\"_blank\" >Direito Financeiro e Econ\u00f4mico<\/a> <\/li>\n\n\n\n<li><a href=\"https:\/\/cj.estrategia.com\/portal\/prova-comentada-direito-ambiental-agu-advogado-da-uniao\/\" target=\"_blank\" >Direito Ambiental<\/a> <\/li>\n\n\n\n<li><a href=\"https:\/\/cj.estrategia.com\/portal\/prova-comentada-direito-civil-agu-advogado-da-uniao\/\" target=\"_blank\" >Direito Civil<\/a> <\/li>\n\n\n\n<li><a href=\"https:\/\/cj.estrategia.com\/portal\/prova-comentada-processual-civil-agu-advogado-da-uniao\/\" target=\"_blank\" >Processo Civil <\/a><\/li>\n\n\n\n<li><a href=\"https:\/\/cj.estrategia.com\/portal\/prova-comentada-direito-empresarial-agu-advogado-da-uniao\/\" target=\"_blank\" >Direito Empresarial<\/a><\/li>\n\n\n\n<li><a href=\"https:\/\/cj.estrategia.com\/portal\/prova-comentada-direito-internacional-e-previdenciario-agu\/\" target=\"_blank\" >Direito Internacional P\u00fablico e privado <\/a><\/li>\n\n\n\n<li><a href=\"https:\/\/cj.estrategia.com\/portal\/prova-comentada-direito-penal-e-processo-penal-agu\/\" target=\"_blank\" >Direito Penal e Processo Penal<\/a> <\/li>\n\n\n\n<li><a href=\"https:\/\/cj.estrategia.com\/portal\/prova-comentada-direito-do-trabalho-e-processo-do-trabalho-agu\/\" target=\"_blank\" >Direito do Trabalho e Processo do Trabalho<\/a> <\/li>\n\n\n\n<li><a href=\"https:\/\/cj.estrategia.com\/portal\/prova-comentada-seguridade-social-agu\/\" target=\"_blank\" >Seguridade Social <\/a><\/li>\n\n\n\n<li><a href=\"https:\/\/cj.estrategia.com\/portal\/prova-comentada-direito-eleitoral-agu-advogado-da-uniao\/\" target=\"_blank\" >Direito eleitoral<\/a> <\/li>\n<\/ul>\n\n\n\n<p class=\"wp-embed-aspect-16-9 wp-has-aspect-ratio has-cyan-bluish-gray-background-color has-background\"><strong><mark style=\"background-color:rgba(0, 0, 0, 0)\" class=\"has-inline-color has-vivid-red-color\">Mas aten\u00e7\u00e3o:<\/mark>\u00a0<\/strong>Al\u00e9m da corre\u00e7\u00e3o de domingo, nosso super time disponibilizar\u00e1 na segunda-feira, <strong>01 de maio<\/strong>, o gabarito completo, com todas as quest\u00f5es escritas, um link para que voc\u00ea possa inserir seu gabarito e participar do ranking e realizar\u00e1 um webin\u00e1rio com todas as impress\u00f5es da prova. N\u00c3O PERCA!<\/p>\n\n\n\n<h2 id=\"preencha-seu-gabarito-e-participe-do-ranking\" class=\"has-text-align-center has-background wp-block-heading\" style=\"background-color:#abb7c26e\"><a href=\"https:\/\/cj.estrategia.com\/cadernos-e-simulados\/simulados\/65ce0982-8c38-4a9e-8f87-79c047aea822\" target=\"_blank\" ><mark style=\"background-color:rgba(0, 0, 0, 0)\" class=\"has-inline-color has-vivid-red-color\">Preencha seu Gabarito<\/mark> <mark style=\"background-color:rgba(0, 0, 0, 0)\" class=\"has-inline-color has-vivid-red-color\">e participe do Ranking<\/mark><\/a><\/h2>\n\n\n\n<h2 id=\"termometro-pos-prova-agu-advogado-geral-da-uniao-01-05-19h\" class=\"wp-block-heading\">Term\u00f4metro P\u00f3s Prova \u2013 AGU (Advogado Geral da Uni\u00e3o)- 01\/05 \u2013 19h <\/h2>\n\n\n\n<figure class=\"wp-block-embed is-type-video is-provider-youtube wp-block-embed-youtube wp-embed-aspect-16-9 wp-has-aspect-ratio\"><div class=\"wp-block-embed__wrapper\">\n<div class=\"cs-embed cs-embed-responsive\"><iframe title=\"AGU - Term\u00f4metro P\u00f3s-Prova\" width=\"1200\" height=\"675\" src=\"https:\/\/www.youtube.com\/embed\/PbyiDO1lxLw?feature=oembed\" frameborder=\"0\" allow=\"accelerometer; autoplay; clipboard-write; encrypted-media; gyroscope; picture-in-picture; web-share\" allowfullscreen><\/iframe><\/div>\n<\/div><\/figure>\n\n\n\n<h3 class=\"wp-embed-aspect-16-9 wp-has-aspect-ratio wp-block-heading\" id=\"h-gabarito-extraoficial-agu-advogado-geral-da-uniao-30-04\"><span id=\"gabarito-extraoficial-agu-advogado-geral-da-uniao-30-04\">Gabarito Extraoficial \u2013 AGU (Advogado Geral da Uni\u00e3o) \u2013 30\/04<\/span><\/h3>\n\n\n\n<figure class=\"wp-block-embed is-type-video is-provider-youtube wp-block-embed-youtube wp-embed-aspect-16-9 wp-has-aspect-ratio\"><div class=\"wp-block-embed__wrapper\">\n<div class=\"cs-embed cs-embed-responsive\"><iframe title=\"Gabarito Extraoficial - AGU (Advogado da Uni\u00e3o)\" width=\"1200\" height=\"675\" src=\"https:\/\/www.youtube.com\/embed\/MMIT3YhxsZg?feature=oembed\" frameborder=\"0\" allow=\"accelerometer; autoplay; clipboard-write; encrypted-media; gyroscope; picture-in-picture; web-share\" allowfullscreen><\/iframe><\/div>\n<\/div><\/figure>\n\n\n\n<h3 class=\"wp-block-heading\" id=\"h-gabarito-extraoficial-agu-advogado-da-uniao\"><span id=\"gabarito-extraoficial-agu-advogado-da-uniao\">Gabarito Extraoficial AGU (Advogado da Uni\u00e3o) <\/span><\/h3>\n\n\n\n<p>Abaixo, voc\u00ea confere os gabaritos das quest\u00f5es corrigidas pelos nossos professores. \u00c0 medida em que as corre\u00e7\u00f5es forem realizadas, o artigo ser\u00e1 atualizado. Verifique o in\u00edcio da quest\u00e3o e in\u00edcio do gabarito.<\/p>\n\n\n\n<p>Para a corre\u00e7\u00e3o foram consideradas as quest\u00f5es do seguinte caderno: <a href=\"http:\/\/estrategi.ac\/a14fk3\" target=\"_blank\" >consulte aqui!<\/a><\/p>\n\n\n\n<ul class=\"wp-block-list\">\n<li><strong>Quest\u00e3o \u2013<\/strong> A respeito da a\u00e7\u00e3o declarat\u00f3ria de constitucionalidade (ADC). assinale a op\u00e7\u00e3o correta. Nesse sentido, considere que a sigla CF, sempre que empregada, se refere \u00e0 Constitui\u00e7\u00e3o Federal de 1988.<\/li>\n\n\n\n<li>Resposta: A<\/li>\n<\/ul>\n\n\n\n<ul class=\"wp-block-list\">\n<li><strong>Quest\u00e3o \u2013<\/strong> Com rela\u00e7\u00e3o ao controle de constitucionalidade, julgue os pr\u00f3ximos itens \u00e0 luz da CF e da jurisprud\u00eancia do Supremo Tribunal Federal (STF).<br><strong><em>Resposta:<\/em><\/strong> X (pass\u00edvel de anula\u00e7\u00e3o)<\/li>\n<\/ul>\n\n\n\n<ul class=\"wp-block-list\">\n<li><strong>Quest\u00e3o <\/strong>\u2013 O poder constituinte origin\u00e1rio \u00e9\u2026<br><strong><em>Resposta:<\/em><\/strong> E<\/li>\n<\/ul>\n\n\n\n<ul class=\"wp-block-list\">\n<li><strong>Quest\u00e3o <\/strong>\u2013 O fragmento apresentado diz respeito ao m\u00e9todo interpretativo\u2026<br><strong><em>Resposta:<\/em><\/strong> C<\/li>\n<\/ul>\n\n\n\n<ul class=\"wp-block-list\">\n<li><strong>Quest\u00e3o <\/strong>\u2013 De acordo com o entendimento do STF, o questionamento quanto \u00e0 compatibilidade\u2026<br><strong><em>Resposta:<\/em><\/strong> C<\/li>\n<\/ul>\n\n\n\n<ul class=\"wp-block-list\">\n<li><strong>Quest\u00e3o <\/strong>\u2013 A respeito do controle difuso de constitucionalidade\u2026<br><strong><em>Resposta:<\/em><\/strong> B<\/li>\n<\/ul>\n\n\n\n<ul class=\"wp-block-list\">\n<li><strong>Quest\u00e3o <\/strong>\u2013 Acerca do reconhecimento da uni\u00e3o homoafetiva no Brasil\u2026<br><strong><em>Resposta:<\/em><\/strong> E<\/li>\n<\/ul>\n\n\n\n<ul class=\"wp-block-list\">\n<li><strong>Quest\u00e3o <\/strong>\u2013 No que concerne aos rem\u00e9dios constitucionais\u2026<br><strong><em>Resposta:<\/em><\/strong> B<\/li>\n<\/ul>\n\n\n\n<ul class=\"wp-block-list\">\n<li><strong>Quest\u00e3o <\/strong>\u2013 Em rela\u00e7\u00e3o ao constitucionalismo e ao sistema constitucional\u2026<br><strong><em>Resposta:<\/em><\/strong> C<\/li>\n<\/ul>\n\n\n\n<ul class=\"wp-block-list\">\n<li><strong>Quest\u00e3o <\/strong>\u2013 Quanto ao poder judici\u00e1rio assinale a op\u00e7\u00e3o correta\u2026<br><strong><em>Resposta:<\/em><\/strong> A<\/li>\n<\/ul>\n\n\n\n<ul class=\"wp-block-list\">\n<li><strong>Quest\u00e3o <\/strong>\u2013 A \u00e1rea t\u00e9cnica do Minist\u00e9rio do Desenvolvimento Regional constatou\u2026<br><strong><em>Resposta:<\/em><\/strong> D<\/li>\n<\/ul>\n\n\n\n<ul class=\"wp-block-list\">\n<li><strong>Quest\u00e3o <\/strong>\u2013 De acordo com as disposi\u00e7\u00f5es constitucionais a respeito da ordem \u2026<br><strong><em>Resposta:<\/em><\/strong> E<\/li>\n<\/ul>\n\n\n\n<ul class=\"wp-block-list\">\n<li><strong>Quest\u00e3o <\/strong>\u2013 Conforme a Constitui\u00e7\u00e3o Federal de 1988\u2026<br><strong><em>Resposta:<\/em><\/strong> C<\/li>\n<\/ul>\n\n\n\n<ul class=\"wp-block-list\">\n<li><strong>Quest\u00e3o <\/strong>\u2013 Considerando as normas da CF e a jurisprud\u00eancia\u2026<br><strong><em>Resposta:<\/em><\/strong> E<\/li>\n<\/ul>\n\n\n\n<ul class=\"wp-block-list\">\n<li><strong>Quest\u00e3o <\/strong>\u2013 Em rela\u00e7\u00e3o aos Direito Pol\u00edticos\u2026<br><strong><em>Resposta:<\/em><\/strong> E<\/li>\n<\/ul>\n\n\n\n<ul class=\"wp-block-list\">\n<li><strong>Quest\u00e3o <\/strong>\u2013 Considerando o que disp\u00f5e a Lei n\u00ba 13.848\/2019 \u2026<br><strong><em>Resposta:<\/em><\/strong> C<\/li>\n<\/ul>\n\n\n\n<ul class=\"wp-block-list\">\n<li><strong>Quest\u00e3o <\/strong>\u2013 De acordo com a Lei n\u00ba 13.303\/2016\u2026<br><strong><em>Resposta:<\/em><\/strong> D<\/li>\n<\/ul>\n\n\n\n<ul class=\"wp-block-list\">\n<li><strong>Quest\u00e3o <\/strong>\u2013 Com base no que disp\u00f5e a Lei n\u00ba 14.133\/2021\u2026<br><strong><em>Resposta:<\/em><\/strong> D<\/li>\n<\/ul>\n\n\n\n<ul class=\"wp-block-list\">\n<li><strong>Quest\u00e3o <\/strong>\u2013 Em rela\u00e7\u00e3o a contratos de parceria p\u00fablico-privada\u2026 <br><strong><em>Resposta:<\/em><\/strong> C<\/li>\n<\/ul>\n\n\n\n<ul class=\"wp-block-list\">\n<li><strong>Quest\u00e3o <\/strong>\u2013 A luz da Lei n\u00ba  12.846\/2013\u2026<br><strong><em>Resposta:<\/em><\/strong> C<\/li>\n<\/ul>\n\n\n\n<ul class=\"wp-block-list\">\n<li><strong>Quest\u00e3o <\/strong>\u2013 Com base nas disposi\u00e7\u00f5es da LINDB\u2026<br><strong><em>Resposta:<\/em><\/strong> E<\/li>\n<\/ul>\n\n\n\n<ul class=\"wp-block-list\">\n<li><strong>Quest\u00e3o <\/strong>\u2013 Em rela\u00e7\u00e3o ao dom\u00ednio p\u00fablico terrestre\u2026<br><strong><em>Resposta:<\/em><\/strong> A<\/li>\n<\/ul>\n\n\n\n<ul class=\"wp-block-list\">\n<li><strong>Quest\u00e3o <\/strong>\u2013 De acordo com o disposto na Lei N\u00ba 9.84\/1999\u2026<br><strong><em>Resposta:<\/em><\/strong> B<\/li>\n<\/ul>\n\n\n\n<ul class=\"wp-block-list\">\n<li><strong>Quest\u00e3o <\/strong>\u2013 O ato de improbidade administrativa\u2026<br><strong><em>Resposta<\/em><\/strong> X (cabe anula\u00e7\u00e3o)<\/li>\n<\/ul>\n\n\n\n<ul class=\"wp-block-list\">\n<li><strong>Quest\u00e3o <\/strong>\u2013 Assinale a op\u00e7\u00e3o correta em respeito da prescri\u00e7\u00e3o administrativa\u2026<br><strong><em>Resposta:<\/em><\/strong>  B<\/li>\n<\/ul>\n\n\n\n<ul class=\"wp-block-list\">\n<li><strong>Quest\u00e3o<\/strong> \u2013 Suponha-se que a Uni\u00e3o conceda por meio de lei\u2026<br><strong><em>Resposta:<\/em><\/strong> D<\/li>\n<\/ul>\n\n\n\n<ul class=\"wp-block-list\">\n<li><strong>Quest\u00e3o <\/strong>\u2013 Considerando o Disposto da Constitui\u00e7\u00e3o Federal e no C\u00f3digo Tribut\u00e1rio Nacional\u2026<br><strong><em>Resposta:<\/em><\/strong> C<\/li>\n<\/ul>\n\n\n\n<ul class=\"wp-block-list\">\n<li><strong>Quest\u00e3o <\/strong>\u2013 Considere-se que, no \u00e2mbito da condu\u00e7\u00e3o da pol\u00edtica tribut\u00e1ria\u2026<br><strong><em>Resposta:<\/em><\/strong> A<\/li>\n<\/ul>\n\n\n\n<ul class=\"wp-block-list\">\n<li><strong>Quest\u00e3o <\/strong>\u2013 A Presid\u00eancia da Rep\u00fablica editou a Medida Provis\u00f3ria X\u2026<br><strong><em>Resposta:<\/em><\/strong> D<\/li>\n<\/ul>\n\n\n\n<ul class=\"wp-block-list\">\n<li><strong>Quest\u00e3o <\/strong>\u2013 Considerando o disposto na CF e no CTN bem como a jurisprud\u00eancia dos tribunais\u2026<br><strong><em>Resposta:<\/em><\/strong> X (cabe recurso)<\/li>\n<\/ul>\n\n\n\n<ul class=\"wp-block-list\">\n<li><strong>Quest\u00e3o <\/strong>\u2013 No ano de 2021, Emanoel, no exerc\u00edcio de cargo comissionado\u2026<br><strong><em>Resposta:<\/em><\/strong> C<\/li>\n<\/ul>\n\n\n\n<ul class=\"wp-block-list\">\n<li><strong>Quest\u00e3o <\/strong>\u2013 \u00c0 luz da legisla\u00e7\u00e3o e jurisprud\u00eancia pertinentes \u00e0 organiza\u00e7\u00e3o administrativa e ao funcionamento da AGU\u2026<br><strong><em>Resposta:<\/em><\/strong> D<\/li>\n<\/ul>\n\n\n\n<ul class=\"wp-block-list\">\n<li><strong>Quest\u00e3o<\/strong> \u2013 Ap\u00f3s regular procedimento licitat\u00f3rio, o Minist\u00e9rio dos Transportes\u2026<br><strong><em>Resposta<\/em><\/strong>: E<\/li>\n<\/ul>\n\n\n\n<ul class=\"wp-block-list\">\n<li><strong>Quest\u00e3o <\/strong>\u2013 De acordo com a Lei 13.140\/2015\u2026<br><strong><em>Resposta:<\/em><\/strong> D<\/li>\n<\/ul>\n\n\n\n<ul class=\"wp-block-list\">\n<li><strong>Quest\u00e3o <\/strong>\u2013 Com rela\u00e7\u00e3o ao procedimento de celebra\u00e7\u00e3o de acordos\u2026<br><strong><em>Resposta:<\/em><\/strong> X (cabe recurso)<\/li>\n<\/ul>\n\n\n\n<ul class=\"wp-block-list\">\n<li><strong>Quest\u00e3o <\/strong>\u2013 Relativamente \u00e0s manifesta\u00e7\u00f5es elaboradas pelos membros da AGU\u2026<br><strong><em>Resposta:<\/em><\/strong> D<\/li>\n<\/ul>\n\n\n\n<ul class=\"wp-block-list\">\n<li><strong>Quest\u00e3o <\/strong>\u2013 Acerca das prerrogativas da AGU<br><strong><em>Resposta:<\/em><\/strong> C<\/li>\n<\/ul>\n\n\n\n<ul class=\"wp-block-list\">\n<li><strong>Quest\u00e3o <\/strong>\u2013 Assinale a op\u00e7\u00e3o de trata do princ\u00edpio expresso da governan\u00e7a p\u00fablica\u2026<br><strong><em>Resposta:<\/em><\/strong> E<\/li>\n<\/ul>\n\n\n\n<ul class=\"wp-block-list\">\n<li><strong>Quest\u00e3o <\/strong>\u2013 Considerando o que disp\u00f5e a Lei Complementar n\u00ba 101\/2000\u2026<br><strong><em>Resposta:<\/em><\/strong> A<\/li>\n<\/ul>\n\n\n\n<ul class=\"wp-block-list\">\n<li><strong>Quest\u00e3o <\/strong>\u2013 O Or\u00e7amento dever\u00e1 prever todas as receitas e despesas\u2026<br><strong><em>Resposta:<\/em><\/strong> B<\/li>\n<\/ul>\n\n\n\n<ul class=\"wp-block-list\">\n<li><strong>Quest\u00e3o<\/strong> \u2013 A respeito da despesa e da receita p\u00fablicas\u2026<br><strong><em>Resposta:<\/em><\/strong> C<\/li>\n<\/ul>\n\n\n\n<ul class=\"wp-block-list\">\n<li><strong>Quest\u00e3o <\/strong>\u2013 Com base nas previs\u00f5es da CF e na jurisprud\u00eancia do STF\u2026<br><strong><em>Resposta:<\/em><\/strong> A<\/li>\n<\/ul>\n\n\n\n<ul class=\"wp-block-list\">\n<li><strong>Quest\u00e3o <\/strong>\u2013 A Ind\u00fastria X, licenciada pelo estado Y, causou um derramamento de \u00f3leo\u2026<br><strong><em>Resposta:<\/em><\/strong> C<\/li>\n<\/ul>\n\n\n\n<ul class=\"wp-block-list\">\n<li><strong>Quest\u00e3o <\/strong>\u2013 Considerando que determinado fiscal ambiental tenha flagrado\u2026<br><strong><em>Resposta:<\/em><\/strong> B<\/li>\n<\/ul>\n\n\n\n<ul class=\"wp-block-list\">\n<li><strong>Quest\u00e3o <\/strong>\u2013 Considerando legisla\u00e7\u00e3o ambiental pertinente, a compet\u00eancia para aprovar\u2026<br><strong><em>Resposta:<\/em><\/strong> B<\/li>\n<\/ul>\n\n\n\n<ul class=\"wp-block-list\">\n<li><strong>Quest\u00e3o <\/strong>\u2013 Considerando ao artigo 225 da Constitui\u00e7\u00e3o Federal de 1988\u2026<br><strong><em>Resposta:<\/em><\/strong> E<\/li>\n<\/ul>\n\n\n\n<ul class=\"wp-block-list\">\n<li><strong>Quest\u00e3o <\/strong>\u2013 Assinale a op\u00e7\u00e3o que indica corretamente o conjunto de teorias\u2026<br><strong><em>Resposta:<\/em><\/strong> A<\/li>\n<\/ul>\n\n\n\n<ul class=\"wp-block-list\">\n<li><strong>Quest\u00e3o <\/strong>\u2013 Assinale a op\u00e7\u00e3o correta no que tange aos contratos regulados\u2026<br><strong><em>Resposta:<\/em><\/strong> C<\/li>\n<\/ul>\n\n\n\n<ul class=\"wp-block-list\">\n<li><strong>Quest\u00e3o <\/strong>\u2013 Acerca da responsabilidade civil, de acordo com o C\u00f3digo Civil\u2026<br><strong><em>Resposta:<\/em><\/strong> E<\/li>\n<\/ul>\n\n\n\n<ul class=\"wp-block-list\">\n<li><strong>Quest\u00e3o <\/strong>\u2013 Assinale a op\u00e7\u00e3o correta a respeito de posse, propriedade e condom\u00ednio\u2026<br><strong><em>Resposta:<\/em><\/strong> A<\/li>\n<\/ul>\n\n\n\n<ul class=\"wp-block-list\">\n<li><strong>Quest\u00e3o<\/strong> \u2013 Assinale a op\u00e7\u00e3o que corresponde ao instituto jur\u00eddico relativo \u00e0\u2026<br><strong><em>Resposta:<\/em><\/strong> B<\/li>\n<\/ul>\n\n\n\n<ul class=\"wp-block-list\">\n<li><strong>Quest\u00e3o <\/strong>\u2013 Com rela\u00e7\u00e3o ao neg\u00f3cio jur\u00eddico e ao ato il\u00edcito\u2026<br><strong><em>Resposta:<\/em><\/strong> B<\/li>\n<\/ul>\n\n\n\n<ul class=\"wp-block-list\">\n<li><strong>Quest\u00e3o <\/strong>\u2013 Considerando as disposi\u00e7\u00f5es do C\u00f3digo Civil e jurisprud\u00eancias do STJ\u2026<br><strong><em>Resposta:<\/em><\/strong> B<\/li>\n<\/ul>\n\n\n\n<ul class=\"wp-block-list\">\n<li><strong>Quest\u00e3o <\/strong>\u2013 Julgue os itens.. relativos a pessoas\u2026<br><strong><em>Resposta:<\/em><\/strong> A<\/li>\n<\/ul>\n\n\n\n<ul class=\"wp-block-list\">\n<li><strong>Quest\u00e3o <\/strong>\u2013 No que tange \u00e0s especificidades dos contratos em esp\u00e9cie\u2026<br><strong><em>Resposta:<\/em><\/strong> B<\/li>\n<\/ul>\n\n\n\n<ul class=\"wp-block-list\">\n<li><strong>Quest\u00e3o <\/strong>\u2013 Julgue os itens a seguir, relativos a contratos e pessoas, al\u00e9m do Marco Civil da Internet\u2026<br><strong><em>Resposta:<\/em><\/strong> B<\/li>\n<\/ul>\n\n\n\n<ul class=\"wp-block-list\">\n<li><strong>Quest\u00e3o <\/strong>\u2013 No que concerne aos princ\u00edpios processuais\u2026 <br><strong><em>Resposta:<\/em><\/strong> A<\/li>\n<\/ul>\n\n\n\n<ul class=\"wp-block-list\">\n<li><strong>Quest\u00e3o <\/strong>\u2013 Acerca da fazenda p\u00fablica em ju\u00edzo\u2026<br><strong><em>Resposta:<\/em><\/strong>  C<\/li>\n<\/ul>\n\n\n\n<ul class=\"wp-block-list\">\n<li><strong>Quest\u00e3o<\/strong> \u2013 A respeito do processo de conhecimento\u2026<br><strong><em>Resposta:<\/em><\/strong> A<\/li>\n<\/ul>\n\n\n\n<ul class=\"wp-block-list\">\n<li><strong>Quest\u00e3o <\/strong>\u2013 Quanto aos limites da jurisdi\u00e7\u00e3o Nacional\u2026<br><strong><em>Resposta:<\/em><\/strong> D<\/li>\n<\/ul>\n\n\n\n<ul class=\"wp-block-list\">\n<li><strong>Quest\u00e3o:<\/strong> No que concerne aos procedimentos especiais\u2026<br><strong><em>Resposta:<\/em><\/strong> C<\/li>\n<\/ul>\n\n\n\n<ul class=\"wp-block-list\">\n<li><strong>Quest\u00e3o <\/strong>\u2013 Considerando a teoria geral do processo\u2026<br><strong><em>Resposta:<\/em><\/strong> D<\/li>\n<\/ul>\n\n\n\n<ul class=\"wp-block-list\">\n<li><strong>Quest\u00e3o<\/strong> \u2013 Com base nas disposi\u00e7\u00f5es do CPC e na jurisprud\u00eancia do STJ\u2026<br><strong><em>Resposta:<\/em><\/strong> B<\/li>\n<\/ul>\n\n\n\n<ul class=\"wp-block-list\">\n<li><strong>Quest\u00e3o <\/strong>\u2013 Quanto a honor\u00e1rios advocat\u00edcios\u2026<br><strong><em>Resposta:<\/em><\/strong> A<\/li>\n<\/ul>\n\n\n\n<ul class=\"wp-block-list\">\n<li><strong>Quest\u00e3o <\/strong>\u2013 Acerca do incidente de resolu\u00e7\u00e3o de demandas\u2026<br><strong><em>Resposta:<\/em><\/strong> B (pass\u00edvel de anula\u00e7\u00e3o)<\/li>\n<\/ul>\n\n\n\n<ul class=\"wp-block-list\">\n<li><strong>Quest\u00e3o <\/strong>\u2013 No que se refere ao cumprimento de senten\u00e7a\u2026<br><strong><em>Resposta:<\/em><\/strong> E<\/li>\n<\/ul>\n\n\n\n<ul class=\"wp-block-list\">\n<li><strong>Quest\u00e3o <\/strong>\u2013 A respeito da repercuss\u00e3o geral no recurso\u2026<br><strong><em>Resposta:<\/em><\/strong> B<\/li>\n<\/ul>\n\n\n\n<ul class=\"wp-block-list\">\n<li><strong>Quest\u00e3o <\/strong>\u2013 No que se refere a suspens\u00e3o de seguran\u00e7a\u2026<br><strong><em>Resposta:<\/em><\/strong> A<\/li>\n<\/ul>\n\n\n\n<ul class=\"wp-block-list\">\n<li><strong>Quest\u00e3o <\/strong>\u2013 Acerca de reclama\u00e7\u00e3o e da a\u00e7\u00e3o rescis\u00f3ria\u2026<br><strong><em>Resposta:<\/em><\/strong> A<\/li>\n<\/ul>\n\n\n\n<ul class=\"wp-block-list\">\n<li><strong>Quest\u00e3o <\/strong>\u2013 No que diz respeito ao recurso especial repetitivo\u2026<br><strong><em>Resposta:<\/em><\/strong> B<\/li>\n<\/ul>\n\n\n\n<ul class=\"wp-block-list\">\n<li><strong>Quest\u00e3o <\/strong>\u2013 Tendo em vista que no tocante ao processo coletivo\u2026<br><strong><em>Resposta:<\/em><\/strong> C<\/li>\n<\/ul>\n\n\n\n<ul class=\"wp-block-list\">\n<li><strong>Quest\u00e3o <\/strong>\u2013 Acerca do juizado especial federal\u2026<br><strong><em>Resposta:<\/em><\/strong> E<\/li>\n<\/ul>\n\n\n\n<ul class=\"wp-block-list\">\n<li><strong>Quest\u00e3o <\/strong>\u2013 Acerca das responsabilidades dos s\u00f3cios e administrativos\u2026<br><strong><em>Resposta:<\/em><\/strong> B<\/li>\n<\/ul>\n\n\n\n<ul class=\"wp-block-list\">\n<li><strong>Quest\u00e3o <\/strong>\u2013 \u2026no que se refere a estabelecimento empresarial\u2026<br><strong><em>Resposta:<\/em><\/strong> C<\/li>\n<\/ul>\n\n\n\n<ul class=\"wp-block-list\">\n<li><strong>Quest\u00e3o <\/strong>\u2013 No que diz respeito \u00e0 fal\u00eancia e \u00e0 recupera\u00e7\u00e3o judicial\u2026<br><strong><em>Resposta:<\/em><\/strong> E<\/li>\n<\/ul>\n\n\n\n<ul class=\"wp-block-list\">\n<li><strong>Quest\u00e3o <\/strong>\u2013 No que se refere \u00e0s sociedades empres\u00e1rias\u2026<br><strong><em>Resposta:<\/em><\/strong> C<\/li>\n<\/ul>\n\n\n\n<ul class=\"wp-block-list\">\n<li><strong>Quest\u00e3o <\/strong>\u2013 No caso Vladmir Herzog versus Brasil\u2026<br><strong><em>Resposta:<\/em><\/strong> B<\/li>\n<\/ul>\n\n\n\n<ul class=\"wp-block-list\">\n<li><strong>Quest\u00e3o <\/strong>\u2013 Os irm\u00e3o Caetano e Beatriz\u2026<br><strong><em>Resposta:<\/em><\/strong> D<\/li>\n<\/ul>\n\n\n\n<ul class=\"wp-block-list\">\n<li><strong>Quest\u00e3o <\/strong>\u2013 A Conven\u00e7\u00e3o da Organiza\u00e7\u00e3o das Na\u00e7\u00f5es Unidas\u2026<br><strong><em>Resposta:<\/em><\/strong> B<\/li>\n<\/ul>\n\n\n\n<ul class=\"wp-block-list\">\n<li><strong>Quest\u00e3o <\/strong>\u2013 No que se refere \u00e0 responsabilidade internacional do Estado\u2026<br><strong><em>Resposta:<\/em><\/strong> A<\/li>\n<\/ul>\n\n\n\n<ul class=\"wp-block-list\">\n<li><strong>Quest\u00e3o <\/strong>\u2013 Acerca da teoria geral do Direito Penal\u2026<br><strong><em>Resposta:<\/em><\/strong> B<\/li>\n<\/ul>\n\n\n\n<ul class=\"wp-block-list\">\n<li><strong>Quest\u00e3o <\/strong>\u2013 Considere as situa\u00e7\u00f5es hipot\u00e9ticas\u2026 S\u00e3o situa\u00e7\u00f5es poss\u00edveis de responsabiliza\u00e7\u00e3o\u2026 <br><strong><em>Resposta:<\/em><\/strong> D<\/li>\n<\/ul>\n\n\n\n<ul class=\"wp-block-list\">\n<li><strong>Quest\u00e3o <\/strong>\u2013 A respeito do crime re corrup\u00e7\u00e3o e suas especificidades \u2026<br><strong><em>Resposta:<\/em><\/strong> A<\/li>\n<\/ul>\n\n\n\n<ul class=\"wp-block-list\">\n<li><strong>Quest\u00e3o <\/strong>\u2013 Determinado servidor p\u00fablico, respons\u00e1vel pela gest\u00e3o do pagamento\u2026<br><strong><em>Resposta:<\/em><\/strong> A<\/li>\n<\/ul>\n\n\n\n<ul class=\"wp-block-list\">\n<li><strong>Quest\u00e3o <\/strong>\u2013 A audi\u00eancia de cust\u00f3dia dever\u00e1 ser realizada em at\u00e9\u2026<br><strong><em>Resposta:<\/em><\/strong> D<\/li>\n<\/ul>\n\n\n\n<ul class=\"wp-block-list\">\n<li><strong>Quest\u00e3o <\/strong>\u2013 Acerca do trabalho em condi\u00e7\u00f5es an\u00e1logas \u00e0s de escravo\u2026<br><strong><em>Resposta:<\/em><\/strong> D<\/li>\n<\/ul>\n\n\n\n<ul class=\"wp-block-list\">\n<li><strong>Quest\u00e3o<\/strong> \u2013<strong> <\/strong>Com refer\u00eancia \u00e0 presta\u00e7\u00e3o de servi\u00e7os pelo empregado em regime de teletrabalho, assinale a op\u00e7\u00e3o correta de acordo com a CLT\u2026<br><strong><em>Resposta:<\/em><\/strong> E<\/li>\n<\/ul>\n\n\n\n<ul class=\"wp-block-list\">\n<li><strong>Quest\u00e3o <\/strong>\u2013 Acerca da terceiriza\u00e7\u00e3o de servi\u00e7os no \u00e2mbito da administra\u00e7\u00e3o p\u00fablica, de acordo com a jurisprud\u00eancia majorit\u00e1ria do TST\u2026<br><strong><em>Resposta:<\/em><\/strong> E<\/li>\n<\/ul>\n\n\n\n<ul class=\"wp-block-list\">\n<li><strong>Quest\u00e3o <\/strong>\u2013 Acerca do cabimento de recurso de revista (RR) para o Tribunal Superior do Trabalho (TST), assinale a op\u00e7\u00e3o correta de acordo com a legisla\u00e7\u00e3o vigente \u2026<br><strong><em>Resposta:<\/em><\/strong> C<\/li>\n<\/ul>\n\n\n\n<ul class=\"wp-block-list\">\n<li><strong>Quest\u00e3o <\/strong>\u2013 De acordo com as disposi\u00e7\u00f5es da Constitui\u00e7\u00e3o Federal de 1988 e da CLT e considerando a jurisprud\u00eancia do STF e do TST, a justi\u00e7a do trabalho\u2026<br><strong><em>Resposta:<\/em><\/strong> D<\/li>\n<\/ul>\n\n\n\n<ul class=\"wp-block-list\">\n<li><strong>Quest\u00e3o <\/strong>\u2013 Tarsila, enfermeira, faleceu em 10\/12\/2022\u2026<br><strong><em>Resposta:<\/em><\/strong> D<\/li>\n<\/ul>\n\n\n\n<ul class=\"wp-block-list\">\n<li><strong>Quest\u00e3o <\/strong>\u2013 Conforme as regras legais do RGPS\u2026<br><strong><em>Resposta:<\/em><\/strong> C<\/li>\n<\/ul>\n\n\n\n<ul class=\"wp-block-list\">\n<li><strong>Quest\u00e3o <\/strong>\u2013 Lucas matem\u00e1tica rela\u00e7\u00e3o de emprego com a Ind\u00fastria de beneficiamento \u2026\u00a0<br><strong><em>Resposta:<\/em><\/strong> E<\/li>\n<\/ul>\n\n\n\n<ul class=\"wp-block-list\">\n<li><strong>Quest\u00e3o <\/strong>\u2013 Considerando a jurisprud\u00eancia do STF, a Lei n\u00ba 8.213\/1991\u2026<br><strong><em>Resposta:<\/em><\/strong> C<\/li>\n<\/ul>\n\n\n\n<ul class=\"wp-block-list\">\n<li><strong>Quest\u00e3o <\/strong>\u2013 No que se refere aos regimes de previd\u00eancia privada\u2026<br><strong><em>Resposta:<\/em><\/strong> B<\/li>\n<\/ul>\n\n\n\n<ul class=\"wp-block-list\">\n<li><strong>Quest\u00e3o<\/strong> \u2013 Seis meses antes das elei\u00e7\u00f5es em que o Presidente da Rep\u00fablica disputaria a reelei\u00e7\u00e3o, um estagi\u00e1rio de p\u00f3s-gradua\u00e7\u00e3o\u2026<br><strong><em>Resposta:<\/em><\/strong> C<\/li>\n<\/ul>\n\n\n\n<ul class=\"wp-block-list\">\n<li><strong>Quest\u00e3o <\/strong>\u2013 Um \u00f3rg\u00e3o p\u00fablico federal, antes dos tr\u00eas meses que antecediam as elei\u00e7\u00f5es, consultou a AGU sobre a possibilidade\u2026<br><strong><em>Resposta:<\/em><\/strong> B<\/li>\n<\/ul>\n\n\n\n<ul class=\"wp-block-list\">\n<li><strong>Quest\u00e3o \u2013 <\/strong>A Presid\u00eancia da Rep\u00fablica consultou a AGU sobre a possibilidade de o chefe do Poder Executivo federal \u2026<br><strong><em>Resposta:<\/em><\/strong> B<\/li>\n<\/ul>\n\n\n\n<ul class=\"wp-block-list\">\n<li><strong>Quest\u00e3o <\/strong>\u2013 Acerca da propaganda eleitoral irregular, considerando a jurisprud\u00eancia do TSE, a configura\u00e7\u00e3o do abuso de poder\u2026<br><strong><em>Resposta:<\/em><\/strong> A<\/li>\n<\/ul>\n\n\n\n<ul class=\"wp-block-list\">\n<li><strong>Quest\u00e3o <\/strong>\u2013 Acerca das san\u00e7\u00f5es aplicadas em raz\u00e3o da pr\u00e1tica de conduta vedada aos agentes p\u00fablicos em elei\u00e7\u00f5es\u2026<br><strong><em>Resposta:<\/em><\/strong> E<\/li>\n<\/ul>\n\n\n\n<p class=\"has-text-align-center has-background\" style=\"background:linear-gradient(135deg,rgb(252,185,0) 52%,rgb(255,105,0) 100%)\"><a href=\"https:\/\/cj.estrategia.com\/portal\/concurso-agu\/\" target=\"_blank\" >SAIBA MAIS: Concurso AGU<\/a><\/p>\n\n\n\n<h2 class=\"has-text-align-center wp-block-heading\" id=\"cursos\"><span id=\"quer-saber-tudo-sobre-concursos-previstosconfira-nossos-artigos\">Quer saber tudo sobre concursos previstos?<br><strong>Confira nossos artigos!<\/strong><\/span><\/h2>\n\n\n\n\n\n<h2 class=\"has-text-align-center wp-block-heading\" id=\"cursos\"><span id=\"cursos-para-o-concurso-agu\">Cursos para o concurso AGU<\/span><\/h2>\n\n\n\n<div class=\"wp-block-cover\" style=\"min-height:155px;aspect-ratio:unset;\"><img decoding=\"async\" width=\"1890\" height=\"351\" class=\"wp-block-cover__image-background wp-image-8669\" alt=\"Assinaturas Jur\u00eddicas\" src=\"https:\/\/cj.estrategia.com\/portal\/wp-content\/uploads\/2022\/06\/20151253\/concurso-carreiras-juridicas-assinatura-juridica.jpg\" style=\"object-position:78% 43%\" data-object-fit=\"cover\" data-object-position=\"78% 43%\" srcset=\"https:\/\/cj.estrategia.com\/portal\/wp-content\/uploads\/2022\/06\/20151253\/concurso-carreiras-juridicas-assinatura-juridica.jpg 1890w, https:\/\/cj.estrategia.com\/portal\/wp-content\/uploads\/2022\/06\/20151253\/concurso-carreiras-juridicas-assinatura-juridica-300x56.jpg 300w, https:\/\/cj.estrategia.com\/portal\/wp-content\/uploads\/2022\/06\/20151253\/concurso-carreiras-juridicas-assinatura-juridica-1024x190.jpg 1024w, https:\/\/cj.estrategia.com\/portal\/wp-content\/uploads\/2022\/06\/20151253\/concurso-carreiras-juridicas-assinatura-juridica-768x143.jpg 768w, https:\/\/cj.estrategia.com\/portal\/wp-content\/uploads\/2022\/06\/20151253\/concurso-carreiras-juridicas-assinatura-juridica-1536x285.jpg 1536w, https:\/\/cj.estrategia.com\/portal\/wp-content\/uploads\/2022\/06\/20151253\/concurso-carreiras-juridicas-assinatura-juridica-380x71.jpg 380w, https:\/\/cj.estrategia.com\/portal\/wp-content\/uploads\/2022\/06\/20151253\/concurso-carreiras-juridicas-assinatura-juridica-800x149.jpg 800w, https:\/\/cj.estrategia.com\/portal\/wp-content\/uploads\/2022\/06\/20151253\/concurso-carreiras-juridicas-assinatura-juridica-1160x215.jpg 1160w\" sizes=\"(max-width: 1890px) 100vw, 1890px\" \/><span aria-hidden=\"true\" class=\"wp-block-cover__background has-background-dim\"><\/span><div class=\"wp-block-cover__inner-container is-layout-flow wp-block-cover-is-layout-flow\">\n<h3 id=\"faca-a-sua-assinatura\" class=\"titulo-assinatura\"><span style=\"color: #ffffff;\">Fa\u00e7a a sua assinatura!<\/span><\/h3>\n<p class=\"subtitulo-assinatura\" style=\"display:block!important; line-height: 0;\"><span style=\"color: #ffffff;\">Escolha a sua \u00e1rea.<\/span><\/p>\n<a target=\"_blank\" href=\"https:\/\/www.estrategiaconcursos.com.br\/assinaturas-ecj\/\" rel=\"noopener\"><button style=\"border-radius: 10px; text-transform: capitalize;\">Acessar<\/button><\/a>\n<\/div><\/div>\n","protected":false},"excerpt":{"rendered":"Neste domingo, 30 de abril, foram aplicadas as provas do\u00a0Concurso AGU (Advogado da Uni\u00e3o).\u00a0A prova contou com 100&hellip;\n","protected":false},"author":12,"featured_media":20760,"comment_status":"open","ping_status":"open","sticky":false,"template":"","format":"standard","meta":{"_jetpack_memberships_contains_paid_content":false,"footnotes":""},"categories":[1],"tags":[],"tax_estado":[36],"class_list":{"0":"post-34718","1":"post","2":"type-post","3":"status-publish","4":"format-standard","5":"has-post-thumbnail","7":"category-carreiras-juridicas","8":"tax_estado-concursos-federais"},"acf":[],"yoast_head":"<!-- This site is optimized with the Yoast SEO Premium plugin v27.5 (Yoast SEO v27.5) - https:\/\/yoast.com\/product\/yoast-seo-premium-wordpress\/ -->\n<title>Gabarito Extraoficial - AGU (Advogado da Uni\u00e3o) - Confira seu desempenho!<\/title>\n<meta name=\"description\" content=\"Gabarito Extraoficial - AGU (Advogado da Uni\u00e3o): Saiba neste domingo, 30 de abril, como foi o seu desempenho!\" \/>\n<meta name=\"robots\" content=\"index, follow, max-snippet:-1, max-image-preview:large, max-video-preview:-1\" \/>\n<link rel=\"canonical\" href=\"https:\/\/cj.estrategia.com\/portal\/gabarito-extraoficial-agu-advogado-da-uniao\/\" \/>\n<meta property=\"og:locale\" content=\"pt_BR\" \/>\n<meta property=\"og:type\" content=\"article\" \/>\n<meta property=\"og:title\" content=\"Gabarito Extraoficial - AGU (Advogado da Uni\u00e3o) - Confira seu desempenho!\" \/>\n<meta property=\"og:description\" content=\"Gabarito Extraoficial - AGU (Advogado da Uni\u00e3o): Saiba neste domingo, 30 de abril, como foi o seu desempenho!\" \/>\n<meta property=\"og:url\" content=\"https:\/\/cj.estrategia.com\/portal\/gabarito-extraoficial-agu-advogado-da-uniao\/\" \/>\n<meta property=\"og:site_name\" content=\"Blog - Carreiras Jur\u00eddicas - Estrat\u00e9gia\" \/>\n<meta property=\"article:publisher\" content=\"https:\/\/www.facebook.com\/estrategiacarreirajuridica\/\" \/>\n<meta property=\"article:published_time\" content=\"2023-05-01T16:00:00+00:00\" \/>\n<meta property=\"article:modified_time\" content=\"2023-05-03T11:42:15+00:00\" \/>\n<meta property=\"og:image\" content=\"https:\/\/cj.estrategia.com\/portal\/wp-content\/uploads\/2022\/09\/04100738\/AGU.jpg\" \/>\n\t<meta property=\"og:image:width\" content=\"768\" \/>\n\t<meta property=\"og:image:height\" content=\"432\" \/>\n\t<meta property=\"og:image:type\" content=\"image\/jpeg\" \/>\n<meta name=\"author\" content=\"Coordena\u00e7\u00e3o\" \/>\n<meta name=\"twitter:card\" content=\"summary_large_image\" \/>\n<meta name=\"twitter:creator\" content=\"@EstratJuridica\" \/>\n<meta name=\"twitter:site\" content=\"@EstratJuridica\" \/>\n<meta name=\"twitter:label1\" content=\"Escrito por\" \/>\n\t<meta name=\"twitter:data1\" content=\"Coordena\u00e7\u00e3o\" \/>\n\t<meta name=\"twitter:label2\" content=\"Est. tempo de leitura\" \/>\n\t<meta name=\"twitter:data2\" content=\"9 minutos\" \/>\n<script type=\"application\/ld+json\" class=\"yoast-schema-graph\">{\"@context\":\"https:\\\/\\\/schema.org\",\"@graph\":[{\"@type\":\"NewsArticle\",\"@id\":\"https:\\\/\\\/cj.estrategia.com\\\/portal\\\/gabarito-extraoficial-agu-advogado-da-uniao\\\/#article\",\"isPartOf\":{\"@id\":\"https:\\\/\\\/cj.estrategia.com\\\/portal\\\/gabarito-extraoficial-agu-advogado-da-uniao\\\/\"},\"author\":{\"name\":\"Coordena\u00e7\u00e3o\",\"@id\":\"https:\\\/\\\/cj.estrategia.com\\\/portal\\\/#\\\/schema\\\/person\\\/4d70317d31449932b99102916b6637f5\"},\"headline\":\"Gabarito Extraoficial &#8211; AGU (Advogado da Uni\u00e3o) &#8211; Confira seu desempenho!\",\"datePublished\":\"2023-05-01T16:00:00+00:00\",\"dateModified\":\"2023-05-03T11:42:15+00:00\",\"mainEntityOfPage\":{\"@id\":\"https:\\\/\\\/cj.estrategia.com\\\/portal\\\/gabarito-extraoficial-agu-advogado-da-uniao\\\/\"},\"wordCount\":2016,\"commentCount\":0,\"publisher\":{\"@id\":\"https:\\\/\\\/cj.estrategia.com\\\/portal\\\/#organization\"},\"image\":{\"@id\":\"https:\\\/\\\/cj.estrategia.com\\\/portal\\\/gabarito-extraoficial-agu-advogado-da-uniao\\\/#primaryimage\"},\"thumbnailUrl\":\"https:\\\/\\\/cj.estrategia.com\\\/portal\\\/wp-content\\\/uploads\\\/2022\\\/09\\\/04100738\\\/AGU.jpg\",\"articleSection\":[\"Carreiras Jur\u00eddicas\"],\"inLanguage\":\"pt-BR\",\"potentialAction\":[{\"@type\":\"CommentAction\",\"name\":\"Comment\",\"target\":[\"https:\\\/\\\/cj.estrategia.com\\\/portal\\\/gabarito-extraoficial-agu-advogado-da-uniao\\\/#respond\"]}]},{\"@type\":\"WebPage\",\"@id\":\"https:\\\/\\\/cj.estrategia.com\\\/portal\\\/gabarito-extraoficial-agu-advogado-da-uniao\\\/\",\"url\":\"https:\\\/\\\/cj.estrategia.com\\\/portal\\\/gabarito-extraoficial-agu-advogado-da-uniao\\\/\",\"name\":\"Gabarito Extraoficial - AGU (Advogado da Uni\u00e3o) - Confira seu desempenho!\",\"isPartOf\":{\"@id\":\"https:\\\/\\\/cj.estrategia.com\\\/portal\\\/#website\"},\"primaryImageOfPage\":{\"@id\":\"https:\\\/\\\/cj.estrategia.com\\\/portal\\\/gabarito-extraoficial-agu-advogado-da-uniao\\\/#primaryimage\"},\"image\":{\"@id\":\"https:\\\/\\\/cj.estrategia.com\\\/portal\\\/gabarito-extraoficial-agu-advogado-da-uniao\\\/#primaryimage\"},\"thumbnailUrl\":\"https:\\\/\\\/cj.estrategia.com\\\/portal\\\/wp-content\\\/uploads\\\/2022\\\/09\\\/04100738\\\/AGU.jpg\",\"datePublished\":\"2023-05-01T16:00:00+00:00\",\"dateModified\":\"2023-05-03T11:42:15+00:00\",\"description\":\"Gabarito Extraoficial - AGU (Advogado da Uni\u00e3o): Saiba neste domingo, 30 de abril, como foi o seu desempenho!\",\"breadcrumb\":{\"@id\":\"https:\\\/\\\/cj.estrategia.com\\\/portal\\\/gabarito-extraoficial-agu-advogado-da-uniao\\\/#breadcrumb\"},\"inLanguage\":\"pt-BR\",\"potentialAction\":[{\"@type\":\"ReadAction\",\"target\":[\"https:\\\/\\\/cj.estrategia.com\\\/portal\\\/gabarito-extraoficial-agu-advogado-da-uniao\\\/\"]}]},{\"@type\":\"ImageObject\",\"inLanguage\":\"pt-BR\",\"@id\":\"https:\\\/\\\/cj.estrategia.com\\\/portal\\\/gabarito-extraoficial-agu-advogado-da-uniao\\\/#primaryimage\",\"url\":\"https:\\\/\\\/cj.estrategia.com\\\/portal\\\/wp-content\\\/uploads\\\/2022\\\/09\\\/04100738\\\/AGU.jpg\",\"contentUrl\":\"https:\\\/\\\/cj.estrategia.com\\\/portal\\\/wp-content\\\/uploads\\\/2022\\\/09\\\/04100738\\\/AGU.jpg\",\"width\":768,\"height\":432,\"caption\":\"Concurso Agu\"},{\"@type\":\"BreadcrumbList\",\"@id\":\"https:\\\/\\\/cj.estrategia.com\\\/portal\\\/gabarito-extraoficial-agu-advogado-da-uniao\\\/#breadcrumb\",\"itemListElement\":[{\"@type\":\"ListItem\",\"position\":1,\"name\":\"In\u00edcio\",\"item\":\"https:\\\/\\\/cj.estrategia.com\\\/portal\\\/\"},{\"@type\":\"ListItem\",\"position\":2,\"name\":\"Gabarito Extraoficial &#8211; AGU (Advogado da Uni\u00e3o) &#8211; Confira seu desempenho!\"}]},{\"@type\":\"WebSite\",\"@id\":\"https:\\\/\\\/cj.estrategia.com\\\/portal\\\/#website\",\"url\":\"https:\\\/\\\/cj.estrategia.com\\\/portal\\\/\",\"name\":\"Blog - Carreiras Jur\u00eddicas - Estrat\u00e9gia\",\"description\":\"\",\"publisher\":{\"@id\":\"https:\\\/\\\/cj.estrategia.com\\\/portal\\\/#organization\"},\"potentialAction\":[{\"@type\":\"SearchAction\",\"target\":{\"@type\":\"EntryPoint\",\"urlTemplate\":\"https:\\\/\\\/cj.estrategia.com\\\/portal\\\/?s={search_term_string}\"},\"query-input\":{\"@type\":\"PropertyValueSpecification\",\"valueRequired\":true,\"valueName\":\"search_term_string\"}}],\"inLanguage\":\"pt-BR\"},{\"@type\":\"Organization\",\"@id\":\"https:\\\/\\\/cj.estrategia.com\\\/portal\\\/#organization\",\"name\":\"Estrat\u00e9gia - Carreiras Jur\u00eddicas\",\"url\":\"https:\\\/\\\/cj.estrategia.com\\\/portal\\\/\",\"logo\":{\"@type\":\"ImageObject\",\"inLanguage\":\"pt-BR\",\"@id\":\"https:\\\/\\\/cj.estrategia.com\\\/portal\\\/#\\\/schema\\\/logo\\\/image\\\/\",\"url\":\"https:\\\/\\\/cj.estrategia.com\\\/portal\\\/wp-content\\\/uploads\\\/2022\\\/03\\\/11151052\\\/cj-logo.png\",\"contentUrl\":\"https:\\\/\\\/cj.estrategia.com\\\/portal\\\/wp-content\\\/uploads\\\/2022\\\/03\\\/11151052\\\/cj-logo.png\",\"width\":150,\"height\":39,\"caption\":\"Estrat\u00e9gia - Carreiras Jur\u00eddicas\"},\"image\":{\"@id\":\"https:\\\/\\\/cj.estrategia.com\\\/portal\\\/#\\\/schema\\\/logo\\\/image\\\/\"},\"sameAs\":[\"https:\\\/\\\/www.facebook.com\\\/estrategiacarreirajuridica\\\/\",\"https:\\\/\\\/x.com\\\/EstratJuridica\",\"https:\\\/\\\/www.instagram.com\\\/estrategiacarreirajuridica\\\/\",\"https:\\\/\\\/www.youtube.com\\\/channel\\\/UClbMGuYbj2Mh1m3w144ETWQ\"]},{\"@type\":\"Person\",\"@id\":\"https:\\\/\\\/cj.estrategia.com\\\/portal\\\/#\\\/schema\\\/person\\\/4d70317d31449932b99102916b6637f5\",\"name\":\"Coordena\u00e7\u00e3o\",\"image\":{\"@type\":\"ImageObject\",\"inLanguage\":\"pt-BR\",\"@id\":\"https:\\\/\\\/cj.estrategia.com\\\/portal\\\/wp-content\\\/uploads\\\/2022\\\/05\\\/12164923\\\/estrategia-carreira-juridica-coordenacao-96x96.png\",\"url\":\"https:\\\/\\\/cj.estrategia.com\\\/portal\\\/wp-content\\\/uploads\\\/2022\\\/05\\\/12164923\\\/estrategia-carreira-juridica-coordenacao-96x96.png\",\"contentUrl\":\"https:\\\/\\\/cj.estrategia.com\\\/portal\\\/wp-content\\\/uploads\\\/2022\\\/05\\\/12164923\\\/estrategia-carreira-juridica-coordenacao-96x96.png\",\"caption\":\"Coordena\u00e7\u00e3o\"},\"url\":\"https:\\\/\\\/cj.estrategia.com\\\/portal\\\/author\\\/coordenacao\\\/\"}]}<\/script>\n<!-- \/ Yoast SEO Premium plugin. -->","yoast_head_json":{"title":"Gabarito Extraoficial - AGU (Advogado da Uni\u00e3o) - Confira seu desempenho!","description":"Gabarito Extraoficial - AGU (Advogado da Uni\u00e3o): Saiba neste domingo, 30 de abril, como foi o seu desempenho!","robots":{"index":"index","follow":"follow","max-snippet":"max-snippet:-1","max-image-preview":"max-image-preview:large","max-video-preview":"max-video-preview:-1"},"canonical":"https:\/\/cj.estrategia.com\/portal\/gabarito-extraoficial-agu-advogado-da-uniao\/","og_locale":"pt_BR","og_type":"article","og_title":"Gabarito Extraoficial - AGU (Advogado da Uni\u00e3o) - Confira seu desempenho!","og_description":"Gabarito Extraoficial - AGU (Advogado da Uni\u00e3o): Saiba neste domingo, 30 de abril, como foi o seu desempenho!","og_url":"https:\/\/cj.estrategia.com\/portal\/gabarito-extraoficial-agu-advogado-da-uniao\/","og_site_name":"Blog - Carreiras Jur\u00eddicas - Estrat\u00e9gia","article_publisher":"https:\/\/www.facebook.com\/estrategiacarreirajuridica\/","article_published_time":"2023-05-01T16:00:00+00:00","article_modified_time":"2023-05-03T11:42:15+00:00","og_image":[{"width":768,"height":432,"url":"https:\/\/cj.estrategia.com\/portal\/wp-content\/uploads\/2022\/09\/04100738\/AGU.jpg","type":"image\/jpeg"}],"author":"Coordena\u00e7\u00e3o","twitter_card":"summary_large_image","twitter_creator":"@EstratJuridica","twitter_site":"@EstratJuridica","twitter_misc":{"Escrito por":"Coordena\u00e7\u00e3o","Est. tempo de leitura":"9 minutos"},"schema":{"@context":"https:\/\/schema.org","@graph":[{"@type":"NewsArticle","@id":"https:\/\/cj.estrategia.com\/portal\/gabarito-extraoficial-agu-advogado-da-uniao\/#article","isPartOf":{"@id":"https:\/\/cj.estrategia.com\/portal\/gabarito-extraoficial-agu-advogado-da-uniao\/"},"author":{"name":"Coordena\u00e7\u00e3o","@id":"https:\/\/cj.estrategia.com\/portal\/#\/schema\/person\/4d70317d31449932b99102916b6637f5"},"headline":"Gabarito Extraoficial &#8211; AGU (Advogado da Uni\u00e3o) &#8211; Confira seu desempenho!","datePublished":"2023-05-01T16:00:00+00:00","dateModified":"2023-05-03T11:42:15+00:00","mainEntityOfPage":{"@id":"https:\/\/cj.estrategia.com\/portal\/gabarito-extraoficial-agu-advogado-da-uniao\/"},"wordCount":2016,"commentCount":0,"publisher":{"@id":"https:\/\/cj.estrategia.com\/portal\/#organization"},"image":{"@id":"https:\/\/cj.estrategia.com\/portal\/gabarito-extraoficial-agu-advogado-da-uniao\/#primaryimage"},"thumbnailUrl":"https:\/\/cj.estrategia.com\/portal\/wp-content\/uploads\/2022\/09\/04100738\/AGU.jpg","articleSection":["Carreiras Jur\u00eddicas"],"inLanguage":"pt-BR","potentialAction":[{"@type":"CommentAction","name":"Comment","target":["https:\/\/cj.estrategia.com\/portal\/gabarito-extraoficial-agu-advogado-da-uniao\/#respond"]}]},{"@type":"WebPage","@id":"https:\/\/cj.estrategia.com\/portal\/gabarito-extraoficial-agu-advogado-da-uniao\/","url":"https:\/\/cj.estrategia.com\/portal\/gabarito-extraoficial-agu-advogado-da-uniao\/","name":"Gabarito Extraoficial - AGU (Advogado da Uni\u00e3o) - Confira seu desempenho!","isPartOf":{"@id":"https:\/\/cj.estrategia.com\/portal\/#website"},"primaryImageOfPage":{"@id":"https:\/\/cj.estrategia.com\/portal\/gabarito-extraoficial-agu-advogado-da-uniao\/#primaryimage"},"image":{"@id":"https:\/\/cj.estrategia.com\/portal\/gabarito-extraoficial-agu-advogado-da-uniao\/#primaryimage"},"thumbnailUrl":"https:\/\/cj.estrategia.com\/portal\/wp-content\/uploads\/2022\/09\/04100738\/AGU.jpg","datePublished":"2023-05-01T16:00:00+00:00","dateModified":"2023-05-03T11:42:15+00:00","description":"Gabarito Extraoficial - AGU (Advogado da Uni\u00e3o): Saiba neste domingo, 30 de abril, como foi o seu desempenho!","breadcrumb":{"@id":"https:\/\/cj.estrategia.com\/portal\/gabarito-extraoficial-agu-advogado-da-uniao\/#breadcrumb"},"inLanguage":"pt-BR","potentialAction":[{"@type":"ReadAction","target":["https:\/\/cj.estrategia.com\/portal\/gabarito-extraoficial-agu-advogado-da-uniao\/"]}]},{"@type":"ImageObject","inLanguage":"pt-BR","@id":"https:\/\/cj.estrategia.com\/portal\/gabarito-extraoficial-agu-advogado-da-uniao\/#primaryimage","url":"https:\/\/cj.estrategia.com\/portal\/wp-content\/uploads\/2022\/09\/04100738\/AGU.jpg","contentUrl":"https:\/\/cj.estrategia.com\/portal\/wp-content\/uploads\/2022\/09\/04100738\/AGU.jpg","width":768,"height":432,"caption":"Concurso Agu"},{"@type":"BreadcrumbList","@id":"https:\/\/cj.estrategia.com\/portal\/gabarito-extraoficial-agu-advogado-da-uniao\/#breadcrumb","itemListElement":[{"@type":"ListItem","position":1,"name":"In\u00edcio","item":"https:\/\/cj.estrategia.com\/portal\/"},{"@type":"ListItem","position":2,"name":"Gabarito Extraoficial &#8211; AGU (Advogado da Uni\u00e3o) &#8211; Confira seu desempenho!"}]},{"@type":"WebSite","@id":"https:\/\/cj.estrategia.com\/portal\/#website","url":"https:\/\/cj.estrategia.com\/portal\/","name":"Blog - Carreiras Jur\u00eddicas - Estrat\u00e9gia","description":"","publisher":{"@id":"https:\/\/cj.estrategia.com\/portal\/#organization"},"potentialAction":[{"@type":"SearchAction","target":{"@type":"EntryPoint","urlTemplate":"https:\/\/cj.estrategia.com\/portal\/?s={search_term_string}"},"query-input":{"@type":"PropertyValueSpecification","valueRequired":true,"valueName":"search_term_string"}}],"inLanguage":"pt-BR"},{"@type":"Organization","@id":"https:\/\/cj.estrategia.com\/portal\/#organization","name":"Estrat\u00e9gia - Carreiras Jur\u00eddicas","url":"https:\/\/cj.estrategia.com\/portal\/","logo":{"@type":"ImageObject","inLanguage":"pt-BR","@id":"https:\/\/cj.estrategia.com\/portal\/#\/schema\/logo\/image\/","url":"https:\/\/cj.estrategia.com\/portal\/wp-content\/uploads\/2022\/03\/11151052\/cj-logo.png","contentUrl":"https:\/\/cj.estrategia.com\/portal\/wp-content\/uploads\/2022\/03\/11151052\/cj-logo.png","width":150,"height":39,"caption":"Estrat\u00e9gia - Carreiras Jur\u00eddicas"},"image":{"@id":"https:\/\/cj.estrategia.com\/portal\/#\/schema\/logo\/image\/"},"sameAs":["https:\/\/www.facebook.com\/estrategiacarreirajuridica\/","https:\/\/x.com\/EstratJuridica","https:\/\/www.instagram.com\/estrategiacarreirajuridica\/","https:\/\/www.youtube.com\/channel\/UClbMGuYbj2Mh1m3w144ETWQ"]},{"@type":"Person","@id":"https:\/\/cj.estrategia.com\/portal\/#\/schema\/person\/4d70317d31449932b99102916b6637f5","name":"Coordena\u00e7\u00e3o","image":{"@type":"ImageObject","inLanguage":"pt-BR","@id":"https:\/\/cj.estrategia.com\/portal\/wp-content\/uploads\/2022\/05\/12164923\/estrategia-carreira-juridica-coordenacao-96x96.png","url":"https:\/\/cj.estrategia.com\/portal\/wp-content\/uploads\/2022\/05\/12164923\/estrategia-carreira-juridica-coordenacao-96x96.png","contentUrl":"https:\/\/cj.estrategia.com\/portal\/wp-content\/uploads\/2022\/05\/12164923\/estrategia-carreira-juridica-coordenacao-96x96.png","caption":"Coordena\u00e7\u00e3o"},"url":"https:\/\/cj.estrategia.com\/portal\/author\/coordenacao\/"}]}},"jetpack_featured_media_url":"https:\/\/cj.estrategia.com\/portal\/wp-content\/uploads\/2022\/09\/04100738\/AGU.jpg","jetpack_sharing_enabled":true,"_links":{"self":[{"href":"https:\/\/cj.estrategia.com\/portal\/wp-json\/wp\/v2\/posts\/34718","targetHints":{"allow":["GET"]}}],"collection":[{"href":"https:\/\/cj.estrategia.com\/portal\/wp-json\/wp\/v2\/posts"}],"about":[{"href":"https:\/\/cj.estrategia.com\/portal\/wp-json\/wp\/v2\/types\/post"}],"author":[{"embeddable":true,"href":"https:\/\/cj.estrategia.com\/portal\/wp-json\/wp\/v2\/users\/12"}],"replies":[{"embeddable":true,"href":"https:\/\/cj.estrategia.com\/portal\/wp-json\/wp\/v2\/comments?post=34718"}],"version-history":[{"count":0,"href":"https:\/\/cj.estrategia.com\/portal\/wp-json\/wp\/v2\/posts\/34718\/revisions"}],"wp:featuredmedia":[{"embeddable":true,"href":"https:\/\/cj.estrategia.com\/portal\/wp-json\/wp\/v2\/media\/20760"}],"wp:attachment":[{"href":"https:\/\/cj.estrategia.com\/portal\/wp-json\/wp\/v2\/media?parent=34718"}],"wp:term":[{"taxonomy":"category","embeddable":true,"href":"https:\/\/cj.estrategia.com\/portal\/wp-json\/wp\/v2\/categories?post=34718"},{"taxonomy":"post_tag","embeddable":true,"href":"https:\/\/cj.estrategia.com\/portal\/wp-json\/wp\/v2\/tags?post=34718"},{"taxonomy":"tax_estado","embeddable":true,"href":"https:\/\/cj.estrategia.com\/portal\/wp-json\/wp\/v2\/tax_estado?post=34718"}],"curies":[{"name":"wp","href":"https:\/\/api.w.org\/{rel}","templated":true}]}}