{"id":33419,"date":"2026-01-22T19:15:54","date_gmt":"2026-01-22T22:15:54","guid":{"rendered":"https:\/\/cj.estrategia.com\/portal\/?p=33419"},"modified":"2026-02-05T11:19:37","modified_gmt":"2026-02-05T14:19:37","slug":"concurso-dpe-pe-defensor","status":"publish","type":"post","link":"https:\/\/cj.estrategia.com\/portal\/concurso-dpe-pe-defensor\/","title":{"rendered":"Concurso DPE PE Defensor: veja o resultado final de aprovados!"},"content":{"rendered":"<a id=\"cta-icon\" href=\"https:\/\/sndflw.com\/i\/defensorias-grupo\" target=\"blank\" style=\"background:rgb(41,166,26)\">\n            <img decoding=\"async\" src=\"https:\/\/cj.estrategia.com\/portal\/wp-content\/uploads\/2023\/12\/07160657\/whatsapp_1385.webp\" alt=\"\" alt=\"whatsapp_1385\"><span > Acesse agora o Grupo de Estudos para Concursos em Defensoria<\/span><\/a>\n\n\n\n<p>A <strong>Defensoria P\u00fablica do Estado de Pernambuco (DPE PE)<\/strong> divulgou, por meio da Funda\u00e7\u00e3o Getulio Vargas (FGV), o <strong>resultado final de aprovados no certame. <\/strong>Veja o documento:<\/p>\n\n\n\n<ul class=\"wp-block-list\">\n<li>Resultado Final de Aprovados: <a href=\"https:\/\/cj.estrategia.com\/portal\/wp-content\/uploads\/2026\/01\/22191029\/165_dpe-pe-resultado-final-de-aprovados-trans-2026-01-21.pdf\" target=\"_blank\" >candidatos trans<\/a> \u2013 <a href=\"https:\/\/cj.estrategia.com\/portal\/wp-content\/uploads\/2026\/01\/22191030\/165_dpe-pe-resultado-final-de-aprovados-negros-e-indigenas-2026-01-21.pdf\" target=\"_blank\" >candidatos negros (pretos e pardos) e ind\u00edgenas)<\/a> \u2013 <a href=\"https:\/\/cj.estrategia.com\/portal\/wp-content\/uploads\/2026\/01\/22191032\/165_dpe-pe-resultado-final-de-aprovados-pcd-2026-01-21.pdf\" target=\"_blank\" >candidatos com defici\u00eancia<\/a> \u2013 <a href=\"https:\/\/cj.estrategia.com\/portal\/wp-content\/uploads\/2026\/01\/22191035\/165_dpe-pe-resultado-final-de-aprovados-2026-01-21.pdf\" target=\"_blank\" >ampla concorr\u00eancia<\/a>.<\/li>\n<\/ul>\n\n\n\n<p>O certame<strong> <\/strong>ofertou <strong>20 vagas, al\u00e9m de forma\u00e7\u00e3o de cadastro reserva, <\/strong>para a fun\u00e7\u00e3o<strong>.<\/strong> Os aprovados far\u00e3o jus a uma remunera\u00e7\u00e3o inicial no valor de <strong>R$ 25.879,50<\/strong> com regime de trabalho de 40 horas semanais.<\/p>\n\n\n\n<p>Confira mais detalhes no artigo!<\/p>\n\n\n\n<ul class=\"wp-block-list has-very-light-gray-to-cyan-bluish-gray-gradient-background has-background\">\n<li><strong>Concurso DPE PE Defensor<\/strong><\/li>\n\n\n\n<li><strong>Status:<\/strong>\u00a0resultado final dispon\u00edvel<\/li>\n\n\n\n<li><strong>Banca:<\/strong> <a href=\"https:\/\/conhecimento.fgv.br\/concursos\/dpe-pe\" target=\"_blank\" >FGV<\/a><\/li>\n\n\n\n<li><strong>Vagas:\u00a0<\/strong>20 + CR<\/li>\n\n\n\n<li><strong>Sal\u00e1rio inicial<\/strong>:\u00a0R$ 25.879,50<\/li>\n<\/ul>\n\n\n\n<p><\/p>\n\n\n\n<div class=\"container\" id=\"boxes\">\n  <div class=\"row\">\n\n    <div class=\"col-sm\">\n      <div class=\"banner-ecj-defensorias\" id=\"box-assinatura\">\n        <h2 id=\"cursos-para-concurso-dpe-pe\" class=\"titulo-assinatura\"><span style=\"color: #ffffff; font-size: 23px; \">Cursos para Concurso DPE PE<\/span><\/h2>\n        <p class=\"subtitulo-assinatura\">Cursos focados no edital!<\/p>\n        <div class=\"box-botao\">\n          <a class=\"btn-assinatura-juridica\" target=\"_blank\" href=\"https:\/\/cj.estrategia.com\/concurso\/dpe-pe-defensor-publico\" role=\"button\" rel=\"noopener noreferrer\">CLIQUE AQUI<\/a>\n        <\/div>\n      <\/div>\n      <p class=\"texto-auxiliar\">Prepare-se com o melhor material e com quem mais aprova em concursos em todo o pa\u00eds. \n<\/p>\n    <\/div>\n\n  <\/div>\n<\/div>\n\n\n\n<p><\/p>\n\n\n\n<h4 class=\"wp-block-heading has-text-align-left\" id=\"h-analise-do-edital-2025\"><span id=\"analise-do-edital-2025\">An\u00e1lise do edital 2025<\/span><\/h4>\n\n\n\n<figure class=\"wp-block-embed is-type-video is-provider-youtube wp-block-embed-youtube wp-embed-aspect-16-9 wp-has-aspect-ratio\"><div class=\"wp-block-embed__wrapper\">\n<div class=\"cs-embed cs-embed-responsive\"><iframe title=\"Defensor DPE PE - Edital publicado com 20 vagas e inicial de R$ 25.000\/m\u00eas!\" width=\"1200\" height=\"675\" src=\"https:\/\/www.youtube.com\/embed\/PAqp-gQ5s0s?feature=oembed\" frameborder=\"0\" allow=\"accelerometer; autoplay; clipboard-write; encrypted-media; gyroscope; picture-in-picture; web-share\" referrerpolicy=\"strict-origin-when-cross-origin\" allowfullscreen><\/iframe><\/div>\n<\/div><\/figure>\n\n\n\n<div class=\"wp-block-yoast-seo-table-of-contents yoast-table-of-contents\"><h3 id=\"o-que-voce-vai-encontrar-neste-artigo\">O que voc\u00ea vai encontrar neste artigo?<\/h3><ul><li><a href=\"#atual\" data-level=\"2\">Concurso DPE PE Defensor: situa\u00e7\u00e3o atual<\/a><ul><li><a href=\"#h-retificacao\" data-level=\"3\">Retifica\u00e7\u00e3o<\/a><\/li><li><a href=\"#h-documentos-importantes-e-resultados\" data-level=\"3\">Documentos importantes e resultados<\/a><\/li><\/ul><\/li><li><a href=\"#carreira\" data-level=\"2\">Carreira de Defensor na DPE PE<\/a><ul><li><a href=\"#requisito\" data-level=\"3\">Requisitos<\/a><\/li><li><a href=\"#sal\u00e1rio\" data-level=\"3\">Sal\u00e1rios e Benef\u00edcios<\/a><\/li><\/ul><\/li><li><a href=\"#etapa\" data-level=\"2\">Etapas do concurso DPE PE Defensor<\/a><ul><li><a href=\"#prova\" data-level=\"3\">Prova objetiva<\/a><\/li><li><a href=\"#h-prova-escrita\" data-level=\"3\">Prova Escrita<\/a><\/li><li><a href=\"#h-prova-oral\" data-level=\"3\">Prova Oral<\/a><\/li><li><a href=\"#h-avaliacao-de-titulos\" data-level=\"3\">Avalia\u00e7\u00e3o de T\u00edtulos<\/a><\/li><\/ul><\/li><li><a href=\"#ultimo\" data-level=\"2\">\u00daltimo concurso DPE PE Defensor<\/a><ul><li><a href=\"#h-provas-comentadas\" data-level=\"3\">Provas comentadas<\/a><\/li><li><a href=\"#h-materiais-de-estudo\" data-level=\"3\">Materiais de estudo<\/a><\/li><\/ul><\/li><li><a href=\"#cursos\" data-level=\"2\">Quer saber tudo sobre concursos previstos? Confira nossos artigos!<\/a><\/li><\/ul><\/div>\n\n\n\n<h2 class=\"wp-block-heading\" id=\"atual\"><span id=\"concurso-dpe-pe-defensor-situacao-atual\">Concurso DPE PE Defensor: situa\u00e7\u00e3o atual<\/span><\/h2>\n\n\n\n<h3 class=\"wp-block-heading\" id=\"h-retificacao\"><span id=\"retificacao\">Retifica\u00e7\u00e3o<\/span><\/h3>\n\n\n\n<ul class=\"wp-block-list\">\n<li><a href=\"https:\/\/cj.estrategia.com\/portal\/wp-content\/uploads\/2025\/05\/14203458\/retificacao-13.05.pdf\" target=\"_blank\" rel=\"noreferrer noopener nofollow\"><\/a><a href=\"https:\/\/cj.estrategia.com\/portal\/wp-content\/uploads\/2025\/05\/14203458\/retificacao-13.05.pdf\" target=\"_blank\" rel=\"noreferrer noopener nofollow\">Avalia\u00e7\u00e3o de t\u00edtulos retificada<\/a>.<\/li>\n<\/ul>\n\n\n\n<h3 class=\"wp-block-heading\" id=\"h-documentos-importantes-e-resultados\"><span id=\"documentos-importantes-e-resultados\">Documentos importantes e resultados <\/span><\/h3>\n\n\n\n<ul class=\"wp-block-list\">\n<li><a href=\"https:\/\/cj.estrategia.com\/portal\/wp-content\/uploads\/2026\/01\/22191029\/165_dpe-pe-resultado-final-de-aprovados-trans-2026-01-21.pdf\" target=\"_blank\" >Resultado Final de Aprovados (espec\u00edfico para candidatos trans)<\/a>;<\/li>\n\n\n\n<li><a href=\"https:\/\/cj.estrategia.com\/portal\/wp-content\/uploads\/2026\/01\/22191030\/165_dpe-pe-resultado-final-de-aprovados-negros-e-indigenas-2026-01-21.pdf\" target=\"_blank\" >Resultado Final de Aprovados (espec\u00edfico para candidatos negros (pretos e pardos) e ind\u00edgenas)<\/a>;<\/li>\n\n\n\n<li><a href=\"https:\/\/cj.estrategia.com\/portal\/wp-content\/uploads\/2026\/01\/22191032\/165_dpe-pe-resultado-final-de-aprovados-pcd-2026-01-21.pdf\" target=\"_blank\" >Resultado Final de Aprovados (espec\u00edfico para candidatos com defici\u00eancia)<\/a>;<\/li>\n\n\n\n<li><a href=\"https:\/\/cj.estrategia.com\/portal\/wp-content\/uploads\/2026\/01\/22191035\/165_dpe-pe-resultado-final-de-aprovados-2026-01-21.pdf\" target=\"_blank\" >Resultado Final de Aprovados<\/a>;<\/li>\n\n\n\n<li><a href=\"https:\/\/cj.estrategia.com\/portal\/wp-content\/uploads\/2026\/01\/22191519\/165_dpe-pe-resultado-definitivo-avaliacao-de-titulos-2026-01-21.pdf\" target=\"_blank\" >Resultado final da avalia\u00e7\u00e3o de t\u00edtulos<\/a>;<\/li>\n\n\n\n<li><a href=\"https:\/\/cj.estrategia.com\/portal\/wp-content\/uploads\/2025\/12\/18141720\/165_dpe-pe-resultado-definitivo-prova-oral-2025-10-17.pdf\" target=\"_blank\" rel=\"noreferrer noopener nofollow\">Resultado definitivo da prova oral<\/a>;<\/li>\n\n\n\n<li><a href=\"https:\/\/cj.estrategia.com\/portal\/wp-content\/uploads\/2025\/10\/15165928\/165_dpe-pe-resultado-definitivo-prova-discursiva-2025-10-15.pdf\" target=\"_blank\" >Resultado definitivo da prova discursiva<\/a>;<\/li>\n\n\n\n<li><a href=\"https:\/\/cj.estrategia.com\/portal\/wp-content\/uploads\/2025\/07\/14152126\/165_dpe-pe-resultado-definitivo-prova-objetiva-2025-07-11.pdf\" target=\"_blank\" >Resultado definitivo da prova objetiva<\/a>;<\/li>\n\n\n\n<li><a href=\"https:\/\/cj.estrategia.com\/portal\/wp-content\/uploads\/2025\/06\/30183715\/defensor-publico.pdf\" target=\"_blank\" >Gabarito oficial definitivo<\/a>;<\/li>\n\n\n\n<li><a href=\"https:\/\/cj.estrategia.com\/portal\/wp-content\/uploads\/2025\/05\/08111229\/165_dpe_pe_demanda-por-vaga.pdf\" target=\"_blank\" >Demanda de inscritos<\/a>.<\/li>\n<\/ul>\n\n\n\n<h2 class=\"wp-block-heading\" id=\"carreira\"><span id=\"carreira-de-defensor-na-dpe-pe\">Carreira de Defensor na DPE PE <\/span><\/h2>\n\n\n\n<h3 class=\"wp-block-heading\" id=\"requisito\"><span id=\"requisitos\">Requisitos <\/span><\/h3>\n\n\n\n<p><span style=\"color: #000000;\">O requisito m\u00ednimo para o cargo de Defensor P\u00fablico de Pernambuco \u00e9 ter gradua\u00e7\u00e3o de n\u00edvel superior (bacharelado) no curso de Direito, inscri\u00e7\u00e3o na Ordem dos Advogados do Brasil (OAB) e tr\u00eas anos de atividade jur\u00eddica. O regime de trabalho \u00e9 de 40 horas semanais.<\/span><\/p>\n\n\n\n<h3 class=\"wp-block-heading\" id=\"sal\u00e1rio\"><span id=\"salarios-e-beneficios\">Sal\u00e1rios e Benef\u00edcios <\/span><\/h3>\n\n\n\n<figure class=\"wp-block-table is-style-stripes\"><table class=\"has-very-light-gray-to-cyan-bluish-gray-gradient-background has-background\"><thead><tr><th class=\"has-text-align-center\" data-align=\"center\">CATEGORIA<\/th><th class=\"has-text-align-center\" data-align=\"center\">A partir de 1\u00b0\/07\/2025<\/th><th class=\"has-text-align-center\" data-align=\"center\">A partir de 1\u00b0\/07\/2026<\/th><\/tr><\/thead><tbody><tr><td class=\"has-text-align-center\" data-align=\"center\">Defensor P\u00fablico Especial<\/td><td class=\"has-text-align-center\" data-align=\"center\">\u00a0R$ 39.700,00<\/td><td class=\"has-text-align-center\" data-align=\"center\">\u00a0R$ 41.845,48<\/td><\/tr><tr><td class=\"has-text-align-center\" data-align=\"center\">Defensor P\u00fablico Final<\/td><td class=\"has-text-align-center\" data-align=\"center\">\u00a0R$ 35.730,00<\/td><td class=\"has-text-align-center\" data-align=\"center\">\u00a0R$ 37.660,93<\/td><\/tr><tr><td class=\"has-text-align-center\" data-align=\"center\">Defensor P\u00fablico Intermedi\u00e1rio<\/td><td class=\"has-text-align-center\" data-align=\"center\">\u00a0R$ 32.157,00<\/td><td class=\"has-text-align-center\" data-align=\"center\">\u00a0R$ 33.894,84<\/td><\/tr><tr><td class=\"has-text-align-center\" data-align=\"center\">Defensor P\u00fablico Inicial<\/td><td class=\"has-text-align-center\" data-align=\"center\">\u00a0R$ 28.941,30<\/td><td class=\"has-text-align-center\" data-align=\"center\">\u00a0R$ 30.505,35<\/td><\/tr><\/tbody><\/table><\/figure>\n\n\n\n<h2 class=\"wp-block-heading\" id=\"etapa\"><span id=\"etapas-do-concurso-dpe-pe-defensor\">Etapas do concurso DPE PE Defensor<\/span><\/h2>\n\n\n\n<p>O certame contar\u00e1 com quatro etapas:<\/p>\n\n\n\n<ul class=\"wp-block-list\">\n<li>Primeira Etapa: <strong>Prova Objetiva<\/strong>, de car\u00e1ter eliminat\u00f3rio e classificat\u00f3rio;<\/li>\n<\/ul>\n\n\n\n<ul class=\"wp-block-list\">\n<li>Segunda Etapa: <strong>Prova Escrita<\/strong>, de car\u00e1ter eliminat\u00f3rio e classificat\u00f3rio;<\/li>\n<\/ul>\n\n\n\n<ul class=\"wp-block-list\">\n<li>Terceira Etapa: <strong>Prova Oral<\/strong>, de car\u00e1ter eliminat\u00f3rio e classificat\u00f3rio;<\/li>\n<\/ul>\n\n\n\n<ul class=\"wp-block-list\">\n<li>Quarta Etapa: <strong>Avalia\u00e7\u00e3o de T\u00edtulos<\/strong>, de car\u00e1ter classificat\u00f3rio.<\/li>\n<\/ul>\n\n\n\n<h3 class=\"wp-block-heading\" id=\"prova\"><span id=\"prova-objetiva\">Prova objetiva<\/span><\/h3>\n\n\n\n<p>A prova objetiva, com car\u00e1ter eliminat\u00f3rio, compreendeu a formula\u00e7\u00e3o de 100 quest\u00f5es, cujo conte\u00fado program\u00e1tico deveria abranger as seguintes disciplinas jur\u00eddicas:<\/p>\n\n\n\n<ul class=\"wp-block-list\">\n<li><strong>I <\/strong>\u2013 direito constitucional;<\/li>\n\n\n\n<li><strong>II <\/strong>\u2013 direito administrativo; <\/li>\n\n\n\n<li><strong>III <\/strong>\u2013 direito civil;<\/li>\n\n\n\n<li><strong>IV <\/strong>\u2013 direito processual civil; <\/li>\n\n\n\n<li><strong>V <\/strong>\u2013 direito penal;<\/li>\n\n\n\n<li><strong>VI <\/strong>\u2013 direito processual penal;<\/li>\n\n\n\n<li><strong>VII <\/strong>\u2013 direito das execu\u00e7\u00f5es penais;<\/li>\n\n\n\n<li><strong>VIII <\/strong>\u2013 direito do consumidor;<\/li>\n\n\n\n<li><strong>IX <\/strong>\u2013 direito da crian\u00e7a e do adolescente;<\/li>\n\n\n\n<li><strong>X <\/strong>\u2013 direitos humanos;<\/li>\n\n\n\n<li><strong>XI <\/strong>\u2013 direito institucional.<\/li>\n<\/ul>\n\n\n\n<p>Foram considerados(as) aprovados(as) na Primeira Fase os(as) candidatos(as) que, concomitantemente:<\/p>\n\n\n\n<ul class=\"wp-block-list\">\n<li><strong>I <\/strong>\u2013 obtiverem 50% de acertos na prova objetiva;<\/li>\n\n\n\n<li><strong>II <\/strong>\u2013 obtiverem no m\u00ednimo de 20% de acertos em cada disciplina de conhecimentos jur\u00eddicos;<\/li>\n\n\n\n<li><strong>III <\/strong>\u2013 estiverem classificados at\u00e9 a 400\u00aa posi\u00e7\u00e3o.<\/li>\n<\/ul>\n\n\n\n<h3 class=\"wp-block-heading\" id=\"h-prova-escrita\"><span id=\"prova-escrita\">Prova Escrita<\/span><\/h3>\n\n\n\n<p>As Provas Discursivas foram compostas por duas quest\u00f5es espec\u00edficas e uma pe\u00e7a processual, sendo relacionadas a qualquer das disciplinas jur\u00eddicas constantes no edital. O tempo de dura\u00e7\u00e3o da prova foi de 5 horas.<\/p>\n\n\n\n<h3 class=\"wp-block-heading\" id=\"h-prova-oral\"><span id=\"prova-oral\">Prova Oral<\/span><\/h3>\n\n\n\n<p>Somente foram convocados os candidatos aprovados na Segunda Fase e habilitados na inscri\u00e7\u00e3o definitiva.<\/p>\n\n\n\n<p>A Prova Oral foi realizada em sess\u00e3o p\u00fablica e versou sobre as seguintes disciplinas jur\u00eddicas:<\/p>\n\n\n\n<ul class=\"wp-block-list\">\n<li>Grupo I Direitos Humanos, Direito Constitucional e Direito Administrativo<\/li>\n\n\n\n<li>Grupo II Direito Penal, Direito Processual Penal e Direito das Execu\u00e7\u00f5es Penais<\/li>\n\n\n\n<li>Grupo III Direito Civil, Direito do Consumidor e Direito Processual Civil<\/li>\n\n\n\n<li>Grupo IV Direito da Crian\u00e7a e do Adolescente e Direito Institucional<\/li>\n<\/ul>\n\n\n\n<h3 class=\"wp-block-heading\" id=\"h-avaliacao-de-titulos\"><span id=\"avaliacao-de-titulos\">Avalia\u00e7\u00e3o de T\u00edtulos<\/span><\/h3>\n\n\n\n<figure class=\"wp-block-image size-large\"><img decoding=\"async\" width=\"1024\" height=\"685\" src=\"https:\/\/cj.estrategia.com\/portal\/wp-content\/uploads\/2025\/05\/14203718\/image-9-1024x685.png\" alt=\"\" class=\"wp-image-120391\" srcset=\"https:\/\/cj.estrategia.com\/portal\/wp-content\/uploads\/2025\/05\/14203718\/image-9-1024x685.png 1024w, https:\/\/cj.estrategia.com\/portal\/wp-content\/uploads\/2025\/05\/14203718\/image-9-300x201.png 300w, https:\/\/cj.estrategia.com\/portal\/wp-content\/uploads\/2025\/05\/14203718\/image-9-768x513.png 768w, https:\/\/cj.estrategia.com\/portal\/wp-content\/uploads\/2025\/05\/14203718\/image-9-380x254.png 380w, https:\/\/cj.estrategia.com\/portal\/wp-content\/uploads\/2025\/05\/14203718\/image-9-800x535.png 800w, https:\/\/cj.estrategia.com\/portal\/wp-content\/uploads\/2025\/05\/14203718\/image-9-150x100.png 150w, https:\/\/cj.estrategia.com\/portal\/wp-content\/uploads\/2025\/05\/14203718\/image-9.png 1044w\" sizes=\"(max-width: 1024px) 100vw, 1024px\" \/><\/figure>\n\n\n\n<h2 class=\"wp-block-heading\" id=\"ultimo\"><span id=\"ultimo-concurso-dpe-pe-defensor\">\u00daltimo concurso DPE PE Defensor<\/span><\/h2>\n\n\n\n<p>O \u00faltimo concurso ocorreu em <strong>2017<\/strong> com <strong>50 vagas<\/strong> para o cargo. A banca organizadora foi o Cebraspe.<\/p>\n\n\n\n<h3 class=\"wp-block-heading\" id=\"h-provas-comentadas\"><span id=\"provas-comentadas\">Provas comentadas<\/span><\/h3>\n\n\n\n<ul class=\"wp-block-list\">\n<li><a href=\"https:\/\/cj.estrategia.com\/portal\/wp-content\/uploads\/2025\/09\/26195533\/Prova-comentada-DPE-PE-1.pdf\" target=\"_blank\" >Prova comentada \u2013 DPE PE<\/a><\/li>\n\n\n\n<li><a href=\"https:\/\/cj.estrategia.com\/portal\/provas-comentadas-de-defensorias\/\" target=\"_blank\" >Provas Comentadas de Defensorias<\/a><\/li>\n<\/ul>\n\n\n\n<h3 class=\"wp-block-heading\" id=\"h-materiais-de-estudo\"><span id=\"materiais-de-estudo\">Materiais de estudo<\/span><\/h3>\n\n\n\n<ul class=\"wp-block-list\">\n<li><a href=\"https:\/\/youtu.be\/ZFNY9KrYFKg\" target=\"_blank\" rel=\"noreferrer noopener nofollow\">Maratona Estrat\u00e9gia Carreira Jur\u00eddica do \u00faltimo concurso DPE PE (Defensor)<\/a><\/li>\n\n\n\n<li><a href=\"https:\/\/www.youtube.com\/watch?v=9STiLG0Pk1Y\" target=\"_blank\" >Curso Hora da Verdade DPE PE (Defensor): Direito Constitucional \u2013 Professora Nelma Fontana<\/a><\/li>\n\n\n\n<li><a href=\"https:\/\/www.youtube.com\/watch?v=T2HmKnl77Og\" target=\"_blank\" >Curso Hora da Verdade DPE PE (Defensor): Direito Civil \u2013 Professora Maria Eduarda<\/a><\/li>\n\n\n\n<li><a href=\"https:\/\/www.youtube.com\/watch?v=rjsBWJDs3sc\" target=\"_blank\" >Curso Hora da Verdade DPE PE (Defensor): Direitos Humanos \u2013 Professor Vin\u00edcius Zoponi<\/a><\/li>\n\n\n\n<li><a href=\"https:\/\/www.youtube.com\/watch?v=GGycyP0ipww\" target=\"_blank\" >Curso Hora da Verdade DPE PE (Defensor): Execu\u00e7\u00e3o Penal \u2013 Professor Allan Joos<\/a><\/li>\n\n\n\n<li><a href=\"https:\/\/www.youtube.com\/watch?v=JahNnTeKR5M\" target=\"_blank\" >Curso Hora da Verdade DPE PE (Defensor)<\/a><a href=\"https:\/\/www.youtube.com\/c\/Estrat%C3%A9giaCarreiraJur%C3%ADdica\"><\/a><\/li>\n<\/ul>\n\n\n\n<h2 class=\"wp-block-heading has-text-align-center\" id=\"cursos\"><span id=\"quer-saber-tudo-sobre-concursos-previstosconfira-nossos-artigos\">Quer saber tudo sobre concursos previstos?<br><strong>Confira nossos artigos!<\/strong><\/span><\/h2>\n\n\n\n<ul class=\"wp-block-list\">\n<li><a href=\"https:\/\/cj.estrategia.com\/portal\/concursos-abertos-carreiras-juridicas\/\" target=\"_blank\" >Concursos jur\u00eddicos abertos<\/a><\/li>\n\n\n\n<li><a href=\"https:\/\/cj.estrategia.com\/portal\/concursos-juridicos-2026\/\" target=\"_blank\" >Concursos jur\u00eddicos 2026<\/a><\/li>\n\n\n\n<li><a href=\"https:\/\/cj.estrategia.com\/portal\/concursos-defensorias\/\" target=\"_blank\" >Concursos defensorias<\/a><\/li>\n<\/ul>\n\n\n\n<p class=\"has-text-align-center\"><em>Gostou desta oportunidade e quer come\u00e7ar a se preparar agora mesmo para este concurso? Clique na imagem abaixo e confira os cursos espec\u00edficos para este concurso e reforce seus estudos.<\/em><\/p>\n\n\n\n<div class=\"wp-block-cover\" style=\"min-height:155px;aspect-ratio:unset;\"><img decoding=\"async\" width=\"1890\" height=\"351\" class=\"wp-block-cover__image-background wp-image-8669\" alt=\"Assinaturas Jur\u00eddicas\" src=\"https:\/\/cj.estrategia.com\/portal\/wp-content\/uploads\/2022\/06\/20151253\/concurso-carreiras-juridicas-assinatura-juridica.jpg\" style=\"object-position:78% 43%\" data-object-fit=\"cover\" data-object-position=\"78% 43%\" srcset=\"https:\/\/cj.estrategia.com\/portal\/wp-content\/uploads\/2022\/06\/20151253\/concurso-carreiras-juridicas-assinatura-juridica.jpg 1890w, https:\/\/cj.estrategia.com\/portal\/wp-content\/uploads\/2022\/06\/20151253\/concurso-carreiras-juridicas-assinatura-juridica-300x56.jpg 300w, https:\/\/cj.estrategia.com\/portal\/wp-content\/uploads\/2022\/06\/20151253\/concurso-carreiras-juridicas-assinatura-juridica-1024x190.jpg 1024w, https:\/\/cj.estrategia.com\/portal\/wp-content\/uploads\/2022\/06\/20151253\/concurso-carreiras-juridicas-assinatura-juridica-768x143.jpg 768w, https:\/\/cj.estrategia.com\/portal\/wp-content\/uploads\/2022\/06\/20151253\/concurso-carreiras-juridicas-assinatura-juridica-1536x285.jpg 1536w, https:\/\/cj.estrategia.com\/portal\/wp-content\/uploads\/2022\/06\/20151253\/concurso-carreiras-juridicas-assinatura-juridica-380x71.jpg 380w, https:\/\/cj.estrategia.com\/portal\/wp-content\/uploads\/2022\/06\/20151253\/concurso-carreiras-juridicas-assinatura-juridica-800x149.jpg 800w, https:\/\/cj.estrategia.com\/portal\/wp-content\/uploads\/2022\/06\/20151253\/concurso-carreiras-juridicas-assinatura-juridica-1160x215.jpg 1160w\" sizes=\"(max-width: 1890px) 100vw, 1890px\" \/><span aria-hidden=\"true\" class=\"wp-block-cover__background has-background-dim\"><\/span><div class=\"wp-block-cover__inner-container is-layout-flow wp-block-cover-is-layout-flow\">\n<h3 id=\"faca-a-sua-assinatura\" class=\"titulo-assinatura\"><span style=\"color: #ffffff;\">Fa\u00e7a a sua assinatura!<\/span><\/h3>\n<p class=\"subtitulo-assinatura\" style=\"display:block!important; line-height: 0;\"><span style=\"color: #ffffff;\">Escolha a sua \u00e1rea.<\/span><\/p>\n<a target=\"_blank\" href=\"https:\/\/www.estrategiaconcursos.com.br\/assinaturas-ecj\/\" rel=\"noopener\"><button style=\"border-radius: 10px; text-transform: capitalize;\">Acessar<\/button><\/a>\n<\/div><\/div>\n\n\n\n<p><em><strong>Leia tamb\u00e9m os nossos outros artigos:<\/strong><\/em><\/p>\n\n\n\n<ul class=\"wp-block-list\">\n<li><a href=\"https:\/\/cj.estrategia.com\/portal\/o-que-e-defensoria-publica\/\" target=\"_blank\" >O que \u00e9 Defensoria P\u00fablica<\/a>;<\/li>\n<\/ul>\n\n\n\n<figure class=\"wp-block-image size-full is-resized\"><img decoding=\"async\" width=\"1024\" height=\"632\" src=\"https:\/\/cj.estrategia.com\/portal\/wp-content\/uploads\/2023\/04\/12131611\/ficha-tecnica-concursos-estrategia-carreira-juridica.png\" alt=\"Ficha T\u00e9cnica concursos\" class=\"wp-image-33414\" style=\"width:165px;height:101px\" srcset=\"https:\/\/cj.estrategia.com\/portal\/wp-content\/uploads\/2023\/04\/12131611\/ficha-tecnica-concursos-estrategia-carreira-juridica.png 1024w, https:\/\/cj.estrategia.com\/portal\/wp-content\/uploads\/2023\/04\/12131611\/ficha-tecnica-concursos-estrategia-carreira-juridica-300x185.png 300w, https:\/\/cj.estrategia.com\/portal\/wp-content\/uploads\/2023\/04\/12131611\/ficha-tecnica-concursos-estrategia-carreira-juridica-768x474.png 768w, https:\/\/cj.estrategia.com\/portal\/wp-content\/uploads\/2023\/04\/12131611\/ficha-tecnica-concursos-estrategia-carreira-juridica-380x235.png 380w, https:\/\/cj.estrategia.com\/portal\/wp-content\/uploads\/2023\/04\/12131611\/ficha-tecnica-concursos-estrategia-carreira-juridica-800x494.png 800w, https:\/\/cj.estrategia.com\/portal\/wp-content\/uploads\/2023\/04\/12131611\/ficha-tecnica-concursos-estrategia-carreira-juridica-150x93.png 150w\" sizes=\"(max-width: 1024px) 100vw, 1024px\" \/><\/figure>\n\n\n\n<h4 class=\"wp-block-heading\" id=\"h-informacoes-do-concurso-dpe-pe-defensor-2025\"><span id=\"informacoes-do-concurso-dpe-pe-defensor-2025\">Informa\u00e7\u00f5es do Concurso DPE PE Defensor \u2013 2025<\/span><\/h4>\n\n\n\n<ul class=\"wp-block-list\">\n<li><strong>Vagas: <\/strong>20 + CR<\/li>\n\n\n\n<li><strong>Lota\u00e7\u00f5es:<\/strong> Pernambuco<\/li>\n\n\n\n<li><strong>Banca:<\/strong> FGV<\/li>\n\n\n\n<li><strong>Edital:<\/strong>\u00a0<a href=\"https:\/\/cj.estrategia.com\/portal\/wp-content\/uploads\/2025\/02\/28121551\/edital-dpe-pe.pdf\" target=\"_blank\" >DPE PE Defensor 2025<\/a> \/ <a href=\"https:\/\/cj.estrategia.com\/portal\/wp-content\/uploads\/2025\/05\/14203458\/retificacao-13.05.pdf\" target=\"_blank\" rel=\"noreferrer noopener nofollow\">Avalia\u00e7\u00e3o de t\u00edtulos retificada<\/a><\/li>\n\n\n\n<li><strong>Edital anterior:<\/strong> <a href=\"https:\/\/dhg1h5j42swfq.cloudfront.net\/2017\/09\/23113543\/DefensoriaPublica20170923.pdf\" target=\"_blank\" rel=\"noreferrer noopener nofollow\">DPE PE Defensor 2017<\/a><\/li>\n<\/ul>\n","protected":false},"excerpt":{"rendered":"A Defensoria P\u00fablica do Estado de Pernambuco (DPE PE) divulgou, por meio da Funda\u00e7\u00e3o Getulio Vargas (FGV), o&hellip;\n","protected":false},"author":12,"featured_media":177771,"comment_status":"open","ping_status":"open","sticky":false,"template":"","format":"standard","meta":{"_jetpack_memberships_contains_paid_content":false,"footnotes":""},"categories":[27],"tags":[],"tax_estado":[46],"class_list":{"0":"post-33419","1":"post","2":"type-post","3":"status-publish","4":"format-standard","5":"has-post-thumbnail","7":"category-defensoria","8":"tax_estado-pe"},"acf":[],"yoast_head":"<!-- This site is optimized with the Yoast SEO Premium plugin v27.5 (Yoast SEO v27.5) - https:\/\/yoast.com\/product\/yoast-seo-premium-wordpress\/ -->\n<title>Concurso DPE PE Defensor: veja o resultado final de aprovados!<\/title>\n<meta name=\"description\" content=\"Concurso DPE PE Defensor: edital oferta 20 vagas + CR com remunera\u00e7\u00e3o de R$ 25,8 mil. Resultado final dispon\u00edvel!\" \/>\n<meta name=\"robots\" content=\"index, follow, max-snippet:-1, max-image-preview:large, max-video-preview:-1\" \/>\n<link rel=\"canonical\" href=\"https:\/\/cj.estrategia.com\/portal\/concurso-dpe-pe-defensor\/\" \/>\n<meta property=\"og:locale\" content=\"pt_BR\" \/>\n<meta property=\"og:type\" content=\"article\" \/>\n<meta property=\"og:title\" content=\"Concurso DPE PE Defensor: veja o resultado final de aprovados!\" \/>\n<meta property=\"og:description\" content=\"Concurso DPE PE Defensor: edital oferta 20 vagas + CR com remunera\u00e7\u00e3o de R$ 25,8 mil. Resultado final dispon\u00edvel!\" \/>\n<meta property=\"og:url\" content=\"https:\/\/cj.estrategia.com\/portal\/concurso-dpe-pe-defensor\/\" \/>\n<meta property=\"og:site_name\" content=\"Blog - Carreiras Jur\u00eddicas - Estrat\u00e9gia\" \/>\n<meta property=\"article:publisher\" content=\"https:\/\/www.facebook.com\/estrategiacarreirajuridica\/\" \/>\n<meta property=\"article:published_time\" content=\"2026-01-22T22:15:54+00:00\" \/>\n<meta property=\"article:modified_time\" content=\"2026-02-05T14:19:37+00:00\" \/>\n<meta property=\"og:image\" content=\"https:\/\/cj.estrategia.com\/portal\/wp-content\/uploads\/2025\/12\/04114740\/defensorias.jpg\" \/>\n\t<meta property=\"og:image:width\" content=\"2459\" \/>\n\t<meta property=\"og:image:height\" content=\"1383\" \/>\n\t<meta property=\"og:image:type\" content=\"image\/jpeg\" \/>\n<meta name=\"author\" content=\"Coordena\u00e7\u00e3o\" \/>\n<meta name=\"twitter:card\" content=\"summary_large_image\" \/>\n<meta name=\"twitter:creator\" content=\"@EstratJuridica\" \/>\n<meta name=\"twitter:site\" content=\"@EstratJuridica\" \/>\n<meta name=\"twitter:label1\" content=\"Escrito por\" \/>\n\t<meta name=\"twitter:data1\" content=\"Coordena\u00e7\u00e3o\" \/>\n\t<meta name=\"twitter:label2\" content=\"Est. tempo de leitura\" \/>\n\t<meta name=\"twitter:data2\" content=\"6 minutos\" \/>\n<script type=\"application\/ld+json\" class=\"yoast-schema-graph\">{\"@context\":\"https:\\\/\\\/schema.org\",\"@graph\":[{\"@type\":\"NewsArticle\",\"@id\":\"https:\\\/\\\/cj.estrategia.com\\\/portal\\\/concurso-dpe-pe-defensor\\\/#article\",\"isPartOf\":{\"@id\":\"https:\\\/\\\/cj.estrategia.com\\\/portal\\\/concurso-dpe-pe-defensor\\\/\"},\"author\":{\"name\":\"Coordena\u00e7\u00e3o\",\"@id\":\"https:\\\/\\\/cj.estrategia.com\\\/portal\\\/#\\\/schema\\\/person\\\/4d70317d31449932b99102916b6637f5\"},\"headline\":\"Concurso DPE PE Defensor: veja o resultado final de aprovados!\",\"datePublished\":\"2026-01-22T22:15:54+00:00\",\"dateModified\":\"2026-02-05T14:19:37+00:00\",\"mainEntityOfPage\":{\"@id\":\"https:\\\/\\\/cj.estrategia.com\\\/portal\\\/concurso-dpe-pe-defensor\\\/\"},\"wordCount\":928,\"commentCount\":0,\"publisher\":{\"@id\":\"https:\\\/\\\/cj.estrategia.com\\\/portal\\\/#organization\"},\"image\":{\"@id\":\"https:\\\/\\\/cj.estrategia.com\\\/portal\\\/concurso-dpe-pe-defensor\\\/#primaryimage\"},\"thumbnailUrl\":\"https:\\\/\\\/cj.estrategia.com\\\/portal\\\/wp-content\\\/uploads\\\/2025\\\/12\\\/04114740\\\/defensorias.jpg\",\"articleSection\":[\"Defensoria\"],\"inLanguage\":\"pt-BR\",\"potentialAction\":[{\"@type\":\"CommentAction\",\"name\":\"Comment\",\"target\":[\"https:\\\/\\\/cj.estrategia.com\\\/portal\\\/concurso-dpe-pe-defensor\\\/#respond\"]}],\"accessibilityFeature\":[\"tableOfContents\"]},{\"@type\":\"WebPage\",\"@id\":\"https:\\\/\\\/cj.estrategia.com\\\/portal\\\/concurso-dpe-pe-defensor\\\/\",\"url\":\"https:\\\/\\\/cj.estrategia.com\\\/portal\\\/concurso-dpe-pe-defensor\\\/\",\"name\":\"Concurso DPE PE Defensor: veja o resultado final de aprovados!\",\"isPartOf\":{\"@id\":\"https:\\\/\\\/cj.estrategia.com\\\/portal\\\/#website\"},\"primaryImageOfPage\":{\"@id\":\"https:\\\/\\\/cj.estrategia.com\\\/portal\\\/concurso-dpe-pe-defensor\\\/#primaryimage\"},\"image\":{\"@id\":\"https:\\\/\\\/cj.estrategia.com\\\/portal\\\/concurso-dpe-pe-defensor\\\/#primaryimage\"},\"thumbnailUrl\":\"https:\\\/\\\/cj.estrategia.com\\\/portal\\\/wp-content\\\/uploads\\\/2025\\\/12\\\/04114740\\\/defensorias.jpg\",\"datePublished\":\"2026-01-22T22:15:54+00:00\",\"dateModified\":\"2026-02-05T14:19:37+00:00\",\"description\":\"Concurso DPE PE Defensor: edital oferta 20 vagas + CR com remunera\u00e7\u00e3o de R$ 25,8 mil. Resultado final dispon\u00edvel!\",\"breadcrumb\":{\"@id\":\"https:\\\/\\\/cj.estrategia.com\\\/portal\\\/concurso-dpe-pe-defensor\\\/#breadcrumb\"},\"inLanguage\":\"pt-BR\",\"potentialAction\":[{\"@type\":\"ReadAction\",\"target\":[\"https:\\\/\\\/cj.estrategia.com\\\/portal\\\/concurso-dpe-pe-defensor\\\/\"]}]},{\"@type\":\"ImageObject\",\"inLanguage\":\"pt-BR\",\"@id\":\"https:\\\/\\\/cj.estrategia.com\\\/portal\\\/concurso-dpe-pe-defensor\\\/#primaryimage\",\"url\":\"https:\\\/\\\/cj.estrategia.com\\\/portal\\\/wp-content\\\/uploads\\\/2025\\\/12\\\/04114740\\\/defensorias.jpg\",\"contentUrl\":\"https:\\\/\\\/cj.estrategia.com\\\/portal\\\/wp-content\\\/uploads\\\/2025\\\/12\\\/04114740\\\/defensorias.jpg\",\"width\":2459,\"height\":1383},{\"@type\":\"BreadcrumbList\",\"@id\":\"https:\\\/\\\/cj.estrategia.com\\\/portal\\\/concurso-dpe-pe-defensor\\\/#breadcrumb\",\"itemListElement\":[{\"@type\":\"ListItem\",\"position\":1,\"name\":\"In\u00edcio\",\"item\":\"https:\\\/\\\/cj.estrategia.com\\\/portal\\\/\"},{\"@type\":\"ListItem\",\"position\":2,\"name\":\"Concurso DPE PE Defensor: veja o resultado final de aprovados!\"}]},{\"@type\":\"WebSite\",\"@id\":\"https:\\\/\\\/cj.estrategia.com\\\/portal\\\/#website\",\"url\":\"https:\\\/\\\/cj.estrategia.com\\\/portal\\\/\",\"name\":\"Blog - Carreiras Jur\u00eddicas - Estrat\u00e9gia\",\"description\":\"\",\"publisher\":{\"@id\":\"https:\\\/\\\/cj.estrategia.com\\\/portal\\\/#organization\"},\"potentialAction\":[{\"@type\":\"SearchAction\",\"target\":{\"@type\":\"EntryPoint\",\"urlTemplate\":\"https:\\\/\\\/cj.estrategia.com\\\/portal\\\/?s={search_term_string}\"},\"query-input\":{\"@type\":\"PropertyValueSpecification\",\"valueRequired\":true,\"valueName\":\"search_term_string\"}}],\"inLanguage\":\"pt-BR\"},{\"@type\":\"Organization\",\"@id\":\"https:\\\/\\\/cj.estrategia.com\\\/portal\\\/#organization\",\"name\":\"Estrat\u00e9gia - Carreiras Jur\u00eddicas\",\"url\":\"https:\\\/\\\/cj.estrategia.com\\\/portal\\\/\",\"logo\":{\"@type\":\"ImageObject\",\"inLanguage\":\"pt-BR\",\"@id\":\"https:\\\/\\\/cj.estrategia.com\\\/portal\\\/#\\\/schema\\\/logo\\\/image\\\/\",\"url\":\"https:\\\/\\\/cj.estrategia.com\\\/portal\\\/wp-content\\\/uploads\\\/2022\\\/03\\\/11151052\\\/cj-logo.png\",\"contentUrl\":\"https:\\\/\\\/cj.estrategia.com\\\/portal\\\/wp-content\\\/uploads\\\/2022\\\/03\\\/11151052\\\/cj-logo.png\",\"width\":150,\"height\":39,\"caption\":\"Estrat\u00e9gia - Carreiras Jur\u00eddicas\"},\"image\":{\"@id\":\"https:\\\/\\\/cj.estrategia.com\\\/portal\\\/#\\\/schema\\\/logo\\\/image\\\/\"},\"sameAs\":[\"https:\\\/\\\/www.facebook.com\\\/estrategiacarreirajuridica\\\/\",\"https:\\\/\\\/x.com\\\/EstratJuridica\",\"https:\\\/\\\/www.instagram.com\\\/estrategiacarreirajuridica\\\/\",\"https:\\\/\\\/www.youtube.com\\\/channel\\\/UClbMGuYbj2Mh1m3w144ETWQ\"]},{\"@type\":\"Person\",\"@id\":\"https:\\\/\\\/cj.estrategia.com\\\/portal\\\/#\\\/schema\\\/person\\\/4d70317d31449932b99102916b6637f5\",\"name\":\"Coordena\u00e7\u00e3o\",\"image\":{\"@type\":\"ImageObject\",\"inLanguage\":\"pt-BR\",\"@id\":\"https:\\\/\\\/cj.estrategia.com\\\/portal\\\/wp-content\\\/uploads\\\/2022\\\/05\\\/12164923\\\/estrategia-carreira-juridica-coordenacao-96x96.png\",\"url\":\"https:\\\/\\\/cj.estrategia.com\\\/portal\\\/wp-content\\\/uploads\\\/2022\\\/05\\\/12164923\\\/estrategia-carreira-juridica-coordenacao-96x96.png\",\"contentUrl\":\"https:\\\/\\\/cj.estrategia.com\\\/portal\\\/wp-content\\\/uploads\\\/2022\\\/05\\\/12164923\\\/estrategia-carreira-juridica-coordenacao-96x96.png\",\"caption\":\"Coordena\u00e7\u00e3o\"},\"url\":\"https:\\\/\\\/cj.estrategia.com\\\/portal\\\/author\\\/coordenacao\\\/\"}]}<\/script>\n<!-- \/ Yoast SEO Premium plugin. -->","yoast_head_json":{"title":"Concurso DPE PE Defensor: veja o resultado final de aprovados!","description":"Concurso DPE PE Defensor: edital oferta 20 vagas + CR com remunera\u00e7\u00e3o de R$ 25,8 mil. Resultado final dispon\u00edvel!","robots":{"index":"index","follow":"follow","max-snippet":"max-snippet:-1","max-image-preview":"max-image-preview:large","max-video-preview":"max-video-preview:-1"},"canonical":"https:\/\/cj.estrategia.com\/portal\/concurso-dpe-pe-defensor\/","og_locale":"pt_BR","og_type":"article","og_title":"Concurso DPE PE Defensor: veja o resultado final de aprovados!","og_description":"Concurso DPE PE Defensor: edital oferta 20 vagas + CR com remunera\u00e7\u00e3o de R$ 25,8 mil. Resultado final dispon\u00edvel!","og_url":"https:\/\/cj.estrategia.com\/portal\/concurso-dpe-pe-defensor\/","og_site_name":"Blog - Carreiras Jur\u00eddicas - Estrat\u00e9gia","article_publisher":"https:\/\/www.facebook.com\/estrategiacarreirajuridica\/","article_published_time":"2026-01-22T22:15:54+00:00","article_modified_time":"2026-02-05T14:19:37+00:00","og_image":[{"width":2459,"height":1383,"url":"https:\/\/cj.estrategia.com\/portal\/wp-content\/uploads\/2025\/12\/04114740\/defensorias.jpg","type":"image\/jpeg"}],"author":"Coordena\u00e7\u00e3o","twitter_card":"summary_large_image","twitter_creator":"@EstratJuridica","twitter_site":"@EstratJuridica","twitter_misc":{"Escrito por":"Coordena\u00e7\u00e3o","Est. tempo de leitura":"6 minutos"},"schema":{"@context":"https:\/\/schema.org","@graph":[{"@type":"NewsArticle","@id":"https:\/\/cj.estrategia.com\/portal\/concurso-dpe-pe-defensor\/#article","isPartOf":{"@id":"https:\/\/cj.estrategia.com\/portal\/concurso-dpe-pe-defensor\/"},"author":{"name":"Coordena\u00e7\u00e3o","@id":"https:\/\/cj.estrategia.com\/portal\/#\/schema\/person\/4d70317d31449932b99102916b6637f5"},"headline":"Concurso DPE PE Defensor: veja o resultado final de aprovados!","datePublished":"2026-01-22T22:15:54+00:00","dateModified":"2026-02-05T14:19:37+00:00","mainEntityOfPage":{"@id":"https:\/\/cj.estrategia.com\/portal\/concurso-dpe-pe-defensor\/"},"wordCount":928,"commentCount":0,"publisher":{"@id":"https:\/\/cj.estrategia.com\/portal\/#organization"},"image":{"@id":"https:\/\/cj.estrategia.com\/portal\/concurso-dpe-pe-defensor\/#primaryimage"},"thumbnailUrl":"https:\/\/cj.estrategia.com\/portal\/wp-content\/uploads\/2025\/12\/04114740\/defensorias.jpg","articleSection":["Defensoria"],"inLanguage":"pt-BR","potentialAction":[{"@type":"CommentAction","name":"Comment","target":["https:\/\/cj.estrategia.com\/portal\/concurso-dpe-pe-defensor\/#respond"]}],"accessibilityFeature":["tableOfContents"]},{"@type":"WebPage","@id":"https:\/\/cj.estrategia.com\/portal\/concurso-dpe-pe-defensor\/","url":"https:\/\/cj.estrategia.com\/portal\/concurso-dpe-pe-defensor\/","name":"Concurso DPE PE Defensor: veja o resultado final de aprovados!","isPartOf":{"@id":"https:\/\/cj.estrategia.com\/portal\/#website"},"primaryImageOfPage":{"@id":"https:\/\/cj.estrategia.com\/portal\/concurso-dpe-pe-defensor\/#primaryimage"},"image":{"@id":"https:\/\/cj.estrategia.com\/portal\/concurso-dpe-pe-defensor\/#primaryimage"},"thumbnailUrl":"https:\/\/cj.estrategia.com\/portal\/wp-content\/uploads\/2025\/12\/04114740\/defensorias.jpg","datePublished":"2026-01-22T22:15:54+00:00","dateModified":"2026-02-05T14:19:37+00:00","description":"Concurso DPE PE Defensor: edital oferta 20 vagas + CR com remunera\u00e7\u00e3o de R$ 25,8 mil. Resultado final dispon\u00edvel!","breadcrumb":{"@id":"https:\/\/cj.estrategia.com\/portal\/concurso-dpe-pe-defensor\/#breadcrumb"},"inLanguage":"pt-BR","potentialAction":[{"@type":"ReadAction","target":["https:\/\/cj.estrategia.com\/portal\/concurso-dpe-pe-defensor\/"]}]},{"@type":"ImageObject","inLanguage":"pt-BR","@id":"https:\/\/cj.estrategia.com\/portal\/concurso-dpe-pe-defensor\/#primaryimage","url":"https:\/\/cj.estrategia.com\/portal\/wp-content\/uploads\/2025\/12\/04114740\/defensorias.jpg","contentUrl":"https:\/\/cj.estrategia.com\/portal\/wp-content\/uploads\/2025\/12\/04114740\/defensorias.jpg","width":2459,"height":1383},{"@type":"BreadcrumbList","@id":"https:\/\/cj.estrategia.com\/portal\/concurso-dpe-pe-defensor\/#breadcrumb","itemListElement":[{"@type":"ListItem","position":1,"name":"In\u00edcio","item":"https:\/\/cj.estrategia.com\/portal\/"},{"@type":"ListItem","position":2,"name":"Concurso DPE PE Defensor: veja o resultado final de aprovados!"}]},{"@type":"WebSite","@id":"https:\/\/cj.estrategia.com\/portal\/#website","url":"https:\/\/cj.estrategia.com\/portal\/","name":"Blog - Carreiras Jur\u00eddicas - Estrat\u00e9gia","description":"","publisher":{"@id":"https:\/\/cj.estrategia.com\/portal\/#organization"},"potentialAction":[{"@type":"SearchAction","target":{"@type":"EntryPoint","urlTemplate":"https:\/\/cj.estrategia.com\/portal\/?s={search_term_string}"},"query-input":{"@type":"PropertyValueSpecification","valueRequired":true,"valueName":"search_term_string"}}],"inLanguage":"pt-BR"},{"@type":"Organization","@id":"https:\/\/cj.estrategia.com\/portal\/#organization","name":"Estrat\u00e9gia - Carreiras Jur\u00eddicas","url":"https:\/\/cj.estrategia.com\/portal\/","logo":{"@type":"ImageObject","inLanguage":"pt-BR","@id":"https:\/\/cj.estrategia.com\/portal\/#\/schema\/logo\/image\/","url":"https:\/\/cj.estrategia.com\/portal\/wp-content\/uploads\/2022\/03\/11151052\/cj-logo.png","contentUrl":"https:\/\/cj.estrategia.com\/portal\/wp-content\/uploads\/2022\/03\/11151052\/cj-logo.png","width":150,"height":39,"caption":"Estrat\u00e9gia - Carreiras Jur\u00eddicas"},"image":{"@id":"https:\/\/cj.estrategia.com\/portal\/#\/schema\/logo\/image\/"},"sameAs":["https:\/\/www.facebook.com\/estrategiacarreirajuridica\/","https:\/\/x.com\/EstratJuridica","https:\/\/www.instagram.com\/estrategiacarreirajuridica\/","https:\/\/www.youtube.com\/channel\/UClbMGuYbj2Mh1m3w144ETWQ"]},{"@type":"Person","@id":"https:\/\/cj.estrategia.com\/portal\/#\/schema\/person\/4d70317d31449932b99102916b6637f5","name":"Coordena\u00e7\u00e3o","image":{"@type":"ImageObject","inLanguage":"pt-BR","@id":"https:\/\/cj.estrategia.com\/portal\/wp-content\/uploads\/2022\/05\/12164923\/estrategia-carreira-juridica-coordenacao-96x96.png","url":"https:\/\/cj.estrategia.com\/portal\/wp-content\/uploads\/2022\/05\/12164923\/estrategia-carreira-juridica-coordenacao-96x96.png","contentUrl":"https:\/\/cj.estrategia.com\/portal\/wp-content\/uploads\/2022\/05\/12164923\/estrategia-carreira-juridica-coordenacao-96x96.png","caption":"Coordena\u00e7\u00e3o"},"url":"https:\/\/cj.estrategia.com\/portal\/author\/coordenacao\/"}]}},"jetpack_featured_media_url":"https:\/\/cj.estrategia.com\/portal\/wp-content\/uploads\/2025\/12\/04114740\/defensorias.jpg","jetpack_sharing_enabled":true,"_links":{"self":[{"href":"https:\/\/cj.estrategia.com\/portal\/wp-json\/wp\/v2\/posts\/33419","targetHints":{"allow":["GET"]}}],"collection":[{"href":"https:\/\/cj.estrategia.com\/portal\/wp-json\/wp\/v2\/posts"}],"about":[{"href":"https:\/\/cj.estrategia.com\/portal\/wp-json\/wp\/v2\/types\/post"}],"author":[{"embeddable":true,"href":"https:\/\/cj.estrategia.com\/portal\/wp-json\/wp\/v2\/users\/12"}],"replies":[{"embeddable":true,"href":"https:\/\/cj.estrategia.com\/portal\/wp-json\/wp\/v2\/comments?post=33419"}],"version-history":[{"count":0,"href":"https:\/\/cj.estrategia.com\/portal\/wp-json\/wp\/v2\/posts\/33419\/revisions"}],"wp:featuredmedia":[{"embeddable":true,"href":"https:\/\/cj.estrategia.com\/portal\/wp-json\/wp\/v2\/media\/177771"}],"wp:attachment":[{"href":"https:\/\/cj.estrategia.com\/portal\/wp-json\/wp\/v2\/media?parent=33419"}],"wp:term":[{"taxonomy":"category","embeddable":true,"href":"https:\/\/cj.estrategia.com\/portal\/wp-json\/wp\/v2\/categories?post=33419"},{"taxonomy":"post_tag","embeddable":true,"href":"https:\/\/cj.estrategia.com\/portal\/wp-json\/wp\/v2\/tags?post=33419"},{"taxonomy":"tax_estado","embeddable":true,"href":"https:\/\/cj.estrategia.com\/portal\/wp-json\/wp\/v2\/tax_estado?post=33419"}],"curies":[{"name":"wp","href":"https:\/\/api.w.org\/{rel}","templated":true}]}}