{"id":33008,"date":"2023-06-10T13:33:00","date_gmt":"2023-06-10T16:33:00","guid":{"rendered":"https:\/\/cj.estrategia.com\/portal\/?p=33008"},"modified":"2024-02-16T09:18:21","modified_gmt":"2024-02-16T12:18:21","slug":"edital-cartorio-am-publicado","status":"publish","type":"post","link":"https:\/\/cj.estrategia.com\/portal\/edital-cartorio-am-publicado\/","title":{"rendered":"Edital Cart\u00f3rio AM: provas realizadas!"},"content":{"rendered":"<a id=\"cta-icon\" href=\"https:\/\/sndflw.com\/i\/cartorios-grupo\" target=\"blank\" style=\"background:rgb(41,166,26)\">\n            <img decoding=\"async\" src=\"https:\/\/cj.estrategia.com\/portal\/wp-content\/uploads\/2023\/12\/07160657\/whatsapp_1385.webp\" alt=\"\" alt=\"whatsapp_1385\"><span > Acesse agora o Grupo de Estudos para Concursos Cart\u00f3rio <\/span><\/a>\n\n\n\n<p>As provas do concurso Cart\u00f3rio AM foram realizadas. Os candidatos j\u00e1 possuem acesso ao resultado da prova objetiva<a href=\"http:\/\/www.cartorio.tjam2023.ieses.org\/consultas\/resposta_recursos_geral.htm\"> aqui<\/a>. <\/p>\n\n\n\n<p>Al\u00e9m disso, foram divulgado os gabaritos finais para <a href=\"http:\/\/www.cartorio.tjam2023.ieses.org\/documentos\/ARQUIVOS\/gabaritos\/6015.pdf\">Ingresso por Provimento<\/a> e <a href=\"http:\/\/www.cartorio.tjam2023.ieses.org\/documentos\/ARQUIVOS\/gabaritos\/6104.pdf\">Ingresso por Remo\u00e7\u00e3o. <\/a><\/p>\n\n\n\n<p>As <strong>provas escrita\/pr\u00e1tica<\/strong> do concurso Cart\u00f3rio AM foram realizadas em <strong>17\/12\/2023<\/strong>. S\u00e3o ofertadas <strong>10 vagas para provimento e 4 para remo\u00e7\u00e3o<\/strong>. <\/p>\n\n\n\n<p>Confira abaixo os principais detalhes desta sele\u00e7\u00e3o:<\/p>\n\n\n\n<p>Confira abaixo mais detalhes desta sele\u00e7\u00e3o!<\/p>\n\n\n\n<ul class=\"has-very-light-gray-to-cyan-bluish-gray-gradient-background has-background wp-block-list\">\n<li><strong>Concurso Cart\u00f3rio AM <\/strong><\/li>\n\n\n\n<li><strong>Status:<\/strong> provas realizadas <\/li>\n\n\n\n<li><strong>Banca:\u00a0<\/strong>IESES <\/li>\n\n\n\n<li><strong>Vagas:\u00a0<\/strong>14 <\/li>\n\n\n\n<li><strong>Sal\u00e1rio inicial:<\/strong>\u00a0rendimento l\u00edquido do cart\u00f3rio<\/li>\n\n\n\n<li><a href=\"https:\/\/dhg1h5j42swfq.cloudfront.net\/2023\/04\/04053612\/edital-amazonas-2023.pdf\" target=\"_blank\" rel=\"noreferrer noopener nofollow\">Edital TJ AM Cart\u00f3rios 2023<\/a><\/li>\n<\/ul>\n\n\n\n<h2 class=\"wp-block-heading\" id=\"requisitos\">Requisitos<\/h2>\n\n\n\n<h3 class=\"wp-block-heading\" id=\"h-requisitos-para-provimento\"><span id=\"requisitos-para-provimento\">Requisitos para Provimento<\/span><\/h3>\n\n\n\n<p>O candidato ao concurso cujo <a href=\"https:\/\/www.estrategiaconcursos.com.br\/blog\/resumo-das-formas-de-provimento-em-cargo-publico\/\" target=\"_blank\" >provimento<\/a> se d\u00ea por ingresso dever\u00e1 comprovar:<\/p>\n\n\n\n<p>a. conclus\u00e3o do curso de bacharel em Direito, atrav\u00e9s do respectivo diploma, de certificado de conclus\u00e3o do curso ou certificado de cola\u00e7\u00e3o de grau ou;<br><br>b. prova de que tenha completado dez anos de exerc\u00edcio em servi\u00e7o notarial ou de registro, at\u00e9 a data da primeira publica\u00e7\u00e3o deste Edital no Di\u00e1rio de Justi\u00e7a do Estado do Amazonas, acompanhado de certid\u00e3o da respectiva Corregedoria Geral da Justi\u00e7a que, no exerc\u00edcio de delega\u00e7\u00e3o de serventia extrajudicial de que n\u00e3o foi punido nos 3 anos anteriores \u00e0 mesma data.<\/p>\n\n\n\n<h3 class=\"wp-block-heading\" id=\"h-requisitos-para-remocao\"><span id=\"requisitos-para-remocao\">Requisitos para Remo\u00e7\u00e3o<\/span><\/h3>\n\n\n\n<p>O candidato ao concurso cujo provimento se d\u00ea por remo\u00e7\u00e3o dever\u00e1 comprovar:<br><br>a. Ter exercido, por mais de 2 anos e estar exercendo, a titularidade de atividade notarial ou de registro, contados da data do efetivo exerc\u00edcio da atividade at\u00e9 a publica\u00e7\u00e3o do primeiro edital, por certid\u00e3o expedida pela Corregedoria Geral de Justi\u00e7a do Estado do Amazonas.<br><br>b. Regularidade da serventia, mediante certid\u00f5es negativas das receitas Federal (inclusive Previd\u00eancia Social), Estadual e Municipal, FGTS e d\u00e9bitos trabalhistas<br><br>c. Certid\u00e3o expedida pela Corregedoria Geral da Justi\u00e7a de que n\u00e3o foi punido nos 3<br>(tr\u00eas) anos anteriores \u00e0 data da primeira publica\u00e7\u00e3o deste edital no Di\u00e1rio da Justi\u00e7a<br>Eletr\u00f4nico do Estado do Amazonas, com pena mais gravosa que multa.<\/p>\n\n\n\n<h2 class=\"wp-block-heading\" id=\"etapas-do-concurso\"><span id=\"concurso-cartorio-am-etapas\">Concurso Cart\u00f3rio AM: Etapas<\/span><\/h2>\n\n\n\n<p>O certame conta, ao todo, com <strong>quatro etapas<\/strong>, divididas da seguinte forma:<\/p>\n\n\n\n<ol class=\"wp-block-list\">\n<li><strong>Prova objetiva de sele\u00e7\u00e3o <\/strong>(eliminat\u00f3ria);<\/li>\n\n\n\n<li><strong>Prova escrita e pr\u00e1tica <\/strong>(eliminat\u00f3ria e classificat\u00f3ria);<\/li>\n\n\n\n<li><strong>Prova oral <\/strong>(eliminat\u00f3ria e classificat\u00f3ria); <\/li>\n\n\n\n<li><strong>Avalia\u00e7\u00e3o de t\u00edtulos<\/strong> (classificat\u00f3rio).<\/li>\n<\/ol>\n\n\n\n<p class=\"has-text-align-center has-luminous-vivid-amber-background-color has-background has-medium-font-size\">Saiba mais: <a href=\"https:\/\/cj.estrategia.com\/portal\/concurso-cartorio-am\/\" target=\"_blank\" >Concurso Cart\u00f3rio AM<\/a><\/p>\n\n\n\n<h2 class=\"wp-block-heading has-text-align-center\" id=\"cursos\"><span id=\"quer-saber-tudo-sobre-concursos-previstosconfira-nossos-artigos\">Quer saber tudo sobre concursos previstos?<br><strong>Confira nossos artigos!<\/strong><\/span><\/h2>\n\n\n\n\n\n<h2 class=\"wp-block-heading has-text-align-center\" id=\"cursos\"><span id=\"cursos-e-assinaturas\"><strong>Cursos e Assinaturas<\/strong><\/span><\/h2>\n\n\n\n\n\n<div class=\"wp-block-cover\" style=\"min-height:155px;aspect-ratio:unset;\"><img decoding=\"async\" width=\"1890\" height=\"351\" class=\"wp-block-cover__image-background wp-image-8669\" alt=\"Assinaturas Jur\u00eddicas\" src=\"https:\/\/cj.estrategia.com\/portal\/wp-content\/uploads\/2022\/06\/20151253\/concurso-carreiras-juridicas-assinatura-juridica.jpg\" style=\"object-position:78% 43%\" data-object-fit=\"cover\" data-object-position=\"78% 43%\" srcset=\"https:\/\/cj.estrategia.com\/portal\/wp-content\/uploads\/2022\/06\/20151253\/concurso-carreiras-juridicas-assinatura-juridica.jpg 1890w, https:\/\/cj.estrategia.com\/portal\/wp-content\/uploads\/2022\/06\/20151253\/concurso-carreiras-juridicas-assinatura-juridica-300x56.jpg 300w, https:\/\/cj.estrategia.com\/portal\/wp-content\/uploads\/2022\/06\/20151253\/concurso-carreiras-juridicas-assinatura-juridica-1024x190.jpg 1024w, https:\/\/cj.estrategia.com\/portal\/wp-content\/uploads\/2022\/06\/20151253\/concurso-carreiras-juridicas-assinatura-juridica-768x143.jpg 768w, https:\/\/cj.estrategia.com\/portal\/wp-content\/uploads\/2022\/06\/20151253\/concurso-carreiras-juridicas-assinatura-juridica-1536x285.jpg 1536w, https:\/\/cj.estrategia.com\/portal\/wp-content\/uploads\/2022\/06\/20151253\/concurso-carreiras-juridicas-assinatura-juridica-380x71.jpg 380w, https:\/\/cj.estrategia.com\/portal\/wp-content\/uploads\/2022\/06\/20151253\/concurso-carreiras-juridicas-assinatura-juridica-800x149.jpg 800w, https:\/\/cj.estrategia.com\/portal\/wp-content\/uploads\/2022\/06\/20151253\/concurso-carreiras-juridicas-assinatura-juridica-1160x215.jpg 1160w\" sizes=\"(max-width: 1890px) 100vw, 1890px\" \/><span aria-hidden=\"true\" class=\"wp-block-cover__background has-background-dim\"><\/span><div class=\"wp-block-cover__inner-container is-layout-flow wp-block-cover-is-layout-flow\">\n<h3 id=\"faca-a-sua-assinatura\" class=\"titulo-assinatura\"><span style=\"color: #ffffff;\">Fa\u00e7a a sua assinatura!<\/span><\/h3>\n<p class=\"subtitulo-assinatura\" style=\"display:block!important; line-height: 0;\"><span style=\"color: #ffffff;\">Escolha a sua \u00e1rea.<\/span><\/p>\n<a target=\"_blank\" href=\"https:\/\/www.estrategiaconcursos.com.br\/assinaturas-ecj\/\" rel=\"noopener\"><button style=\"border-radius: 10px; text-transform: capitalize;\">Acessar<\/button><\/a>\n<\/div><\/div>\n","protected":false},"excerpt":{"rendered":"As provas do concurso Cart\u00f3rio AM foram realizadas. Os candidatos j\u00e1 possuem acesso ao resultado da prova objetiva&hellip;\n","protected":false},"author":12,"featured_media":20763,"comment_status":"open","ping_status":"open","sticky":false,"template":"","format":"standard","meta":{"_jetpack_memberships_contains_paid_content":false,"footnotes":""},"categories":[29],"tags":[],"tax_estado":[32],"class_list":{"0":"post-33008","1":"post","2":"type-post","3":"status-publish","4":"format-standard","5":"has-post-thumbnail","7":"category-cartorio","8":"tax_estado-am"},"acf":[],"yoast_head":"<!-- This site is optimized with the Yoast SEO Premium plugin v27.5 (Yoast SEO v27.5) - https:\/\/yoast.com\/product\/yoast-seo-premium-wordpress\/ -->\n<title>Edital Cart\u00f3rio AM: provas realizadas!<\/title>\n<meta name=\"description\" content=\"Concurso Cart\u00f3rio AM oferta 10 vagas para provimento e 4 para remo\u00e7\u00e3o. Saiba mais informa\u00e7\u00f5es neste artigo!\" \/>\n<meta name=\"robots\" content=\"index, follow, max-snippet:-1, max-image-preview:large, max-video-preview:-1\" \/>\n<link rel=\"canonical\" href=\"https:\/\/cj.estrategia.com\/portal\/edital-cartorio-am-publicado\/\" \/>\n<meta property=\"og:locale\" content=\"pt_BR\" \/>\n<meta property=\"og:type\" content=\"article\" \/>\n<meta property=\"og:title\" content=\"Edital Cart\u00f3rio AM: provas realizadas!\" \/>\n<meta property=\"og:description\" content=\"Concurso Cart\u00f3rio AM oferta 10 vagas para provimento e 4 para remo\u00e7\u00e3o. Saiba mais informa\u00e7\u00f5es neste artigo!\" \/>\n<meta property=\"og:url\" content=\"https:\/\/cj.estrategia.com\/portal\/edital-cartorio-am-publicado\/\" \/>\n<meta property=\"og:site_name\" content=\"Blog - Carreiras Jur\u00eddicas - Estrat\u00e9gia\" \/>\n<meta property=\"article:publisher\" content=\"https:\/\/www.facebook.com\/estrategiacarreirajuridica\/\" \/>\n<meta property=\"article:published_time\" content=\"2023-06-10T16:33:00+00:00\" \/>\n<meta property=\"article:modified_time\" content=\"2024-02-16T12:18:21+00:00\" \/>\n<meta property=\"og:image\" content=\"https:\/\/cj.estrategia.com\/portal\/wp-content\/uploads\/2022\/03\/04101117\/CARTORIO-AM.jpg\" \/>\n\t<meta property=\"og:image:width\" content=\"768\" \/>\n\t<meta property=\"og:image:height\" content=\"432\" \/>\n\t<meta property=\"og:image:type\" content=\"image\/jpeg\" \/>\n<meta name=\"author\" content=\"Coordena\u00e7\u00e3o\" \/>\n<meta name=\"twitter:card\" content=\"summary_large_image\" \/>\n<meta name=\"twitter:creator\" content=\"@EstratJuridica\" \/>\n<meta name=\"twitter:site\" content=\"@EstratJuridica\" \/>\n<meta name=\"twitter:label1\" content=\"Escrito por\" \/>\n\t<meta name=\"twitter:data1\" content=\"Coordena\u00e7\u00e3o\" \/>\n\t<meta name=\"twitter:label2\" content=\"Est. tempo de leitura\" \/>\n\t<meta name=\"twitter:data2\" content=\"3 minutos\" \/>\n<script type=\"application\/ld+json\" class=\"yoast-schema-graph\">{\"@context\":\"https:\\\/\\\/schema.org\",\"@graph\":[{\"@type\":\"NewsArticle\",\"@id\":\"https:\\\/\\\/cj.estrategia.com\\\/portal\\\/edital-cartorio-am-publicado\\\/#article\",\"isPartOf\":{\"@id\":\"https:\\\/\\\/cj.estrategia.com\\\/portal\\\/edital-cartorio-am-publicado\\\/\"},\"author\":{\"name\":\"Coordena\u00e7\u00e3o\",\"@id\":\"https:\\\/\\\/cj.estrategia.com\\\/portal\\\/#\\\/schema\\\/person\\\/4d70317d31449932b99102916b6637f5\"},\"headline\":\"Edital Cart\u00f3rio AM: provas realizadas!\",\"datePublished\":\"2023-06-10T16:33:00+00:00\",\"dateModified\":\"2024-02-16T12:18:21+00:00\",\"mainEntityOfPage\":{\"@id\":\"https:\\\/\\\/cj.estrategia.com\\\/portal\\\/edital-cartorio-am-publicado\\\/\"},\"wordCount\":424,\"commentCount\":0,\"publisher\":{\"@id\":\"https:\\\/\\\/cj.estrategia.com\\\/portal\\\/#organization\"},\"image\":{\"@id\":\"https:\\\/\\\/cj.estrategia.com\\\/portal\\\/edital-cartorio-am-publicado\\\/#primaryimage\"},\"thumbnailUrl\":\"https:\\\/\\\/cj.estrategia.com\\\/portal\\\/wp-content\\\/uploads\\\/2022\\\/03\\\/04101117\\\/CARTORIO-AM.jpg\",\"articleSection\":[\"Cart\u00f3rio\"],\"inLanguage\":\"pt-BR\",\"potentialAction\":[{\"@type\":\"CommentAction\",\"name\":\"Comment\",\"target\":[\"https:\\\/\\\/cj.estrategia.com\\\/portal\\\/edital-cartorio-am-publicado\\\/#respond\"]}]},{\"@type\":\"WebPage\",\"@id\":\"https:\\\/\\\/cj.estrategia.com\\\/portal\\\/edital-cartorio-am-publicado\\\/\",\"url\":\"https:\\\/\\\/cj.estrategia.com\\\/portal\\\/edital-cartorio-am-publicado\\\/\",\"name\":\"Edital Cart\u00f3rio AM: provas realizadas!\",\"isPartOf\":{\"@id\":\"https:\\\/\\\/cj.estrategia.com\\\/portal\\\/#website\"},\"primaryImageOfPage\":{\"@id\":\"https:\\\/\\\/cj.estrategia.com\\\/portal\\\/edital-cartorio-am-publicado\\\/#primaryimage\"},\"image\":{\"@id\":\"https:\\\/\\\/cj.estrategia.com\\\/portal\\\/edital-cartorio-am-publicado\\\/#primaryimage\"},\"thumbnailUrl\":\"https:\\\/\\\/cj.estrategia.com\\\/portal\\\/wp-content\\\/uploads\\\/2022\\\/03\\\/04101117\\\/CARTORIO-AM.jpg\",\"datePublished\":\"2023-06-10T16:33:00+00:00\",\"dateModified\":\"2024-02-16T12:18:21+00:00\",\"description\":\"Concurso Cart\u00f3rio AM oferta 10 vagas para provimento e 4 para remo\u00e7\u00e3o. Saiba mais informa\u00e7\u00f5es neste artigo!\",\"breadcrumb\":{\"@id\":\"https:\\\/\\\/cj.estrategia.com\\\/portal\\\/edital-cartorio-am-publicado\\\/#breadcrumb\"},\"inLanguage\":\"pt-BR\",\"potentialAction\":[{\"@type\":\"ReadAction\",\"target\":[\"https:\\\/\\\/cj.estrategia.com\\\/portal\\\/edital-cartorio-am-publicado\\\/\"]}]},{\"@type\":\"ImageObject\",\"inLanguage\":\"pt-BR\",\"@id\":\"https:\\\/\\\/cj.estrategia.com\\\/portal\\\/edital-cartorio-am-publicado\\\/#primaryimage\",\"url\":\"https:\\\/\\\/cj.estrategia.com\\\/portal\\\/wp-content\\\/uploads\\\/2022\\\/03\\\/04101117\\\/CARTORIO-AM.jpg\",\"contentUrl\":\"https:\\\/\\\/cj.estrategia.com\\\/portal\\\/wp-content\\\/uploads\\\/2022\\\/03\\\/04101117\\\/CARTORIO-AM.jpg\",\"width\":768,\"height\":432,\"caption\":\"Concurso de Cart\u00f3rio Amazonia\"},{\"@type\":\"BreadcrumbList\",\"@id\":\"https:\\\/\\\/cj.estrategia.com\\\/portal\\\/edital-cartorio-am-publicado\\\/#breadcrumb\",\"itemListElement\":[{\"@type\":\"ListItem\",\"position\":1,\"name\":\"In\u00edcio\",\"item\":\"https:\\\/\\\/cj.estrategia.com\\\/portal\\\/\"},{\"@type\":\"ListItem\",\"position\":2,\"name\":\"Edital Cart\u00f3rio AM: provas realizadas!\"}]},{\"@type\":\"WebSite\",\"@id\":\"https:\\\/\\\/cj.estrategia.com\\\/portal\\\/#website\",\"url\":\"https:\\\/\\\/cj.estrategia.com\\\/portal\\\/\",\"name\":\"Blog - Carreiras Jur\u00eddicas - Estrat\u00e9gia\",\"description\":\"\",\"publisher\":{\"@id\":\"https:\\\/\\\/cj.estrategia.com\\\/portal\\\/#organization\"},\"potentialAction\":[{\"@type\":\"SearchAction\",\"target\":{\"@type\":\"EntryPoint\",\"urlTemplate\":\"https:\\\/\\\/cj.estrategia.com\\\/portal\\\/?s={search_term_string}\"},\"query-input\":{\"@type\":\"PropertyValueSpecification\",\"valueRequired\":true,\"valueName\":\"search_term_string\"}}],\"inLanguage\":\"pt-BR\"},{\"@type\":\"Organization\",\"@id\":\"https:\\\/\\\/cj.estrategia.com\\\/portal\\\/#organization\",\"name\":\"Estrat\u00e9gia - Carreiras Jur\u00eddicas\",\"url\":\"https:\\\/\\\/cj.estrategia.com\\\/portal\\\/\",\"logo\":{\"@type\":\"ImageObject\",\"inLanguage\":\"pt-BR\",\"@id\":\"https:\\\/\\\/cj.estrategia.com\\\/portal\\\/#\\\/schema\\\/logo\\\/image\\\/\",\"url\":\"https:\\\/\\\/cj.estrategia.com\\\/portal\\\/wp-content\\\/uploads\\\/2022\\\/03\\\/11151052\\\/cj-logo.png\",\"contentUrl\":\"https:\\\/\\\/cj.estrategia.com\\\/portal\\\/wp-content\\\/uploads\\\/2022\\\/03\\\/11151052\\\/cj-logo.png\",\"width\":150,\"height\":39,\"caption\":\"Estrat\u00e9gia - Carreiras Jur\u00eddicas\"},\"image\":{\"@id\":\"https:\\\/\\\/cj.estrategia.com\\\/portal\\\/#\\\/schema\\\/logo\\\/image\\\/\"},\"sameAs\":[\"https:\\\/\\\/www.facebook.com\\\/estrategiacarreirajuridica\\\/\",\"https:\\\/\\\/x.com\\\/EstratJuridica\",\"https:\\\/\\\/www.instagram.com\\\/estrategiacarreirajuridica\\\/\",\"https:\\\/\\\/www.youtube.com\\\/channel\\\/UClbMGuYbj2Mh1m3w144ETWQ\"]},{\"@type\":\"Person\",\"@id\":\"https:\\\/\\\/cj.estrategia.com\\\/portal\\\/#\\\/schema\\\/person\\\/4d70317d31449932b99102916b6637f5\",\"name\":\"Coordena\u00e7\u00e3o\",\"image\":{\"@type\":\"ImageObject\",\"inLanguage\":\"pt-BR\",\"@id\":\"https:\\\/\\\/cj.estrategia.com\\\/portal\\\/wp-content\\\/uploads\\\/2022\\\/05\\\/12164923\\\/estrategia-carreira-juridica-coordenacao-96x96.png\",\"url\":\"https:\\\/\\\/cj.estrategia.com\\\/portal\\\/wp-content\\\/uploads\\\/2022\\\/05\\\/12164923\\\/estrategia-carreira-juridica-coordenacao-96x96.png\",\"contentUrl\":\"https:\\\/\\\/cj.estrategia.com\\\/portal\\\/wp-content\\\/uploads\\\/2022\\\/05\\\/12164923\\\/estrategia-carreira-juridica-coordenacao-96x96.png\",\"caption\":\"Coordena\u00e7\u00e3o\"},\"url\":\"https:\\\/\\\/cj.estrategia.com\\\/portal\\\/author\\\/coordenacao\\\/\"}]}<\/script>\n<!-- \/ Yoast SEO Premium plugin. -->","yoast_head_json":{"title":"Edital Cart\u00f3rio AM: provas realizadas!","description":"Concurso Cart\u00f3rio AM oferta 10 vagas para provimento e 4 para remo\u00e7\u00e3o. Saiba mais informa\u00e7\u00f5es neste artigo!","robots":{"index":"index","follow":"follow","max-snippet":"max-snippet:-1","max-image-preview":"max-image-preview:large","max-video-preview":"max-video-preview:-1"},"canonical":"https:\/\/cj.estrategia.com\/portal\/edital-cartorio-am-publicado\/","og_locale":"pt_BR","og_type":"article","og_title":"Edital Cart\u00f3rio AM: provas realizadas!","og_description":"Concurso Cart\u00f3rio AM oferta 10 vagas para provimento e 4 para remo\u00e7\u00e3o. Saiba mais informa\u00e7\u00f5es neste artigo!","og_url":"https:\/\/cj.estrategia.com\/portal\/edital-cartorio-am-publicado\/","og_site_name":"Blog - Carreiras Jur\u00eddicas - Estrat\u00e9gia","article_publisher":"https:\/\/www.facebook.com\/estrategiacarreirajuridica\/","article_published_time":"2023-06-10T16:33:00+00:00","article_modified_time":"2024-02-16T12:18:21+00:00","og_image":[{"width":768,"height":432,"url":"https:\/\/cj.estrategia.com\/portal\/wp-content\/uploads\/2022\/03\/04101117\/CARTORIO-AM.jpg","type":"image\/jpeg"}],"author":"Coordena\u00e7\u00e3o","twitter_card":"summary_large_image","twitter_creator":"@EstratJuridica","twitter_site":"@EstratJuridica","twitter_misc":{"Escrito por":"Coordena\u00e7\u00e3o","Est. tempo de leitura":"3 minutos"},"schema":{"@context":"https:\/\/schema.org","@graph":[{"@type":"NewsArticle","@id":"https:\/\/cj.estrategia.com\/portal\/edital-cartorio-am-publicado\/#article","isPartOf":{"@id":"https:\/\/cj.estrategia.com\/portal\/edital-cartorio-am-publicado\/"},"author":{"name":"Coordena\u00e7\u00e3o","@id":"https:\/\/cj.estrategia.com\/portal\/#\/schema\/person\/4d70317d31449932b99102916b6637f5"},"headline":"Edital Cart\u00f3rio AM: provas realizadas!","datePublished":"2023-06-10T16:33:00+00:00","dateModified":"2024-02-16T12:18:21+00:00","mainEntityOfPage":{"@id":"https:\/\/cj.estrategia.com\/portal\/edital-cartorio-am-publicado\/"},"wordCount":424,"commentCount":0,"publisher":{"@id":"https:\/\/cj.estrategia.com\/portal\/#organization"},"image":{"@id":"https:\/\/cj.estrategia.com\/portal\/edital-cartorio-am-publicado\/#primaryimage"},"thumbnailUrl":"https:\/\/cj.estrategia.com\/portal\/wp-content\/uploads\/2022\/03\/04101117\/CARTORIO-AM.jpg","articleSection":["Cart\u00f3rio"],"inLanguage":"pt-BR","potentialAction":[{"@type":"CommentAction","name":"Comment","target":["https:\/\/cj.estrategia.com\/portal\/edital-cartorio-am-publicado\/#respond"]}]},{"@type":"WebPage","@id":"https:\/\/cj.estrategia.com\/portal\/edital-cartorio-am-publicado\/","url":"https:\/\/cj.estrategia.com\/portal\/edital-cartorio-am-publicado\/","name":"Edital Cart\u00f3rio AM: provas realizadas!","isPartOf":{"@id":"https:\/\/cj.estrategia.com\/portal\/#website"},"primaryImageOfPage":{"@id":"https:\/\/cj.estrategia.com\/portal\/edital-cartorio-am-publicado\/#primaryimage"},"image":{"@id":"https:\/\/cj.estrategia.com\/portal\/edital-cartorio-am-publicado\/#primaryimage"},"thumbnailUrl":"https:\/\/cj.estrategia.com\/portal\/wp-content\/uploads\/2022\/03\/04101117\/CARTORIO-AM.jpg","datePublished":"2023-06-10T16:33:00+00:00","dateModified":"2024-02-16T12:18:21+00:00","description":"Concurso Cart\u00f3rio AM oferta 10 vagas para provimento e 4 para remo\u00e7\u00e3o. Saiba mais informa\u00e7\u00f5es neste artigo!","breadcrumb":{"@id":"https:\/\/cj.estrategia.com\/portal\/edital-cartorio-am-publicado\/#breadcrumb"},"inLanguage":"pt-BR","potentialAction":[{"@type":"ReadAction","target":["https:\/\/cj.estrategia.com\/portal\/edital-cartorio-am-publicado\/"]}]},{"@type":"ImageObject","inLanguage":"pt-BR","@id":"https:\/\/cj.estrategia.com\/portal\/edital-cartorio-am-publicado\/#primaryimage","url":"https:\/\/cj.estrategia.com\/portal\/wp-content\/uploads\/2022\/03\/04101117\/CARTORIO-AM.jpg","contentUrl":"https:\/\/cj.estrategia.com\/portal\/wp-content\/uploads\/2022\/03\/04101117\/CARTORIO-AM.jpg","width":768,"height":432,"caption":"Concurso de Cart\u00f3rio Amazonia"},{"@type":"BreadcrumbList","@id":"https:\/\/cj.estrategia.com\/portal\/edital-cartorio-am-publicado\/#breadcrumb","itemListElement":[{"@type":"ListItem","position":1,"name":"In\u00edcio","item":"https:\/\/cj.estrategia.com\/portal\/"},{"@type":"ListItem","position":2,"name":"Edital Cart\u00f3rio AM: provas realizadas!"}]},{"@type":"WebSite","@id":"https:\/\/cj.estrategia.com\/portal\/#website","url":"https:\/\/cj.estrategia.com\/portal\/","name":"Blog - Carreiras Jur\u00eddicas - Estrat\u00e9gia","description":"","publisher":{"@id":"https:\/\/cj.estrategia.com\/portal\/#organization"},"potentialAction":[{"@type":"SearchAction","target":{"@type":"EntryPoint","urlTemplate":"https:\/\/cj.estrategia.com\/portal\/?s={search_term_string}"},"query-input":{"@type":"PropertyValueSpecification","valueRequired":true,"valueName":"search_term_string"}}],"inLanguage":"pt-BR"},{"@type":"Organization","@id":"https:\/\/cj.estrategia.com\/portal\/#organization","name":"Estrat\u00e9gia - Carreiras Jur\u00eddicas","url":"https:\/\/cj.estrategia.com\/portal\/","logo":{"@type":"ImageObject","inLanguage":"pt-BR","@id":"https:\/\/cj.estrategia.com\/portal\/#\/schema\/logo\/image\/","url":"https:\/\/cj.estrategia.com\/portal\/wp-content\/uploads\/2022\/03\/11151052\/cj-logo.png","contentUrl":"https:\/\/cj.estrategia.com\/portal\/wp-content\/uploads\/2022\/03\/11151052\/cj-logo.png","width":150,"height":39,"caption":"Estrat\u00e9gia - Carreiras Jur\u00eddicas"},"image":{"@id":"https:\/\/cj.estrategia.com\/portal\/#\/schema\/logo\/image\/"},"sameAs":["https:\/\/www.facebook.com\/estrategiacarreirajuridica\/","https:\/\/x.com\/EstratJuridica","https:\/\/www.instagram.com\/estrategiacarreirajuridica\/","https:\/\/www.youtube.com\/channel\/UClbMGuYbj2Mh1m3w144ETWQ"]},{"@type":"Person","@id":"https:\/\/cj.estrategia.com\/portal\/#\/schema\/person\/4d70317d31449932b99102916b6637f5","name":"Coordena\u00e7\u00e3o","image":{"@type":"ImageObject","inLanguage":"pt-BR","@id":"https:\/\/cj.estrategia.com\/portal\/wp-content\/uploads\/2022\/05\/12164923\/estrategia-carreira-juridica-coordenacao-96x96.png","url":"https:\/\/cj.estrategia.com\/portal\/wp-content\/uploads\/2022\/05\/12164923\/estrategia-carreira-juridica-coordenacao-96x96.png","contentUrl":"https:\/\/cj.estrategia.com\/portal\/wp-content\/uploads\/2022\/05\/12164923\/estrategia-carreira-juridica-coordenacao-96x96.png","caption":"Coordena\u00e7\u00e3o"},"url":"https:\/\/cj.estrategia.com\/portal\/author\/coordenacao\/"}]}},"jetpack_featured_media_url":"https:\/\/cj.estrategia.com\/portal\/wp-content\/uploads\/2022\/03\/04101117\/CARTORIO-AM.jpg","jetpack_sharing_enabled":true,"_links":{"self":[{"href":"https:\/\/cj.estrategia.com\/portal\/wp-json\/wp\/v2\/posts\/33008","targetHints":{"allow":["GET"]}}],"collection":[{"href":"https:\/\/cj.estrategia.com\/portal\/wp-json\/wp\/v2\/posts"}],"about":[{"href":"https:\/\/cj.estrategia.com\/portal\/wp-json\/wp\/v2\/types\/post"}],"author":[{"embeddable":true,"href":"https:\/\/cj.estrategia.com\/portal\/wp-json\/wp\/v2\/users\/12"}],"replies":[{"embeddable":true,"href":"https:\/\/cj.estrategia.com\/portal\/wp-json\/wp\/v2\/comments?post=33008"}],"version-history":[{"count":0,"href":"https:\/\/cj.estrategia.com\/portal\/wp-json\/wp\/v2\/posts\/33008\/revisions"}],"wp:featuredmedia":[{"embeddable":true,"href":"https:\/\/cj.estrategia.com\/portal\/wp-json\/wp\/v2\/media\/20763"}],"wp:attachment":[{"href":"https:\/\/cj.estrategia.com\/portal\/wp-json\/wp\/v2\/media?parent=33008"}],"wp:term":[{"taxonomy":"category","embeddable":true,"href":"https:\/\/cj.estrategia.com\/portal\/wp-json\/wp\/v2\/categories?post=33008"},{"taxonomy":"post_tag","embeddable":true,"href":"https:\/\/cj.estrategia.com\/portal\/wp-json\/wp\/v2\/tags?post=33008"},{"taxonomy":"tax_estado","embeddable":true,"href":"https:\/\/cj.estrategia.com\/portal\/wp-json\/wp\/v2\/tax_estado?post=33008"}],"curies":[{"name":"wp","href":"https:\/\/api.w.org\/{rel}","templated":true}]}}