{"id":32134,"date":"2023-03-26T16:58:59","date_gmt":"2023-03-26T19:58:59","guid":{"rendered":"https:\/\/cj.estrategia.com\/portal\/?p=32134"},"modified":"2023-03-26T18:27:25","modified_gmt":"2023-03-26T21:27:25","slug":"gabarito-extraoficial-pge-es-procurador","status":"publish","type":"post","link":"https:\/\/cj.estrategia.com\/portal\/gabarito-extraoficial-pge-es-procurador\/","title":{"rendered":"Gabarito Extraoficial PGE ES Procurador: veja seu desempenho!"},"content":{"rendered":"\n<p class=\"wp-embed-aspect-16-9 wp-has-aspect-ratio\">Neste domingo, 26 de mar\u00e7o de 2023, foram aplicadas as provas da Procuradoria-Geral do Estado do Esp\u00edrito Santo (<strong>concurso PGE ES<\/strong>) para o cargo de Procurador.  <\/p>\n\n\n\n<p class=\"wp-embed-aspect-16-9 wp-has-aspect-ratio\">Sob organiza\u00e7\u00e3o do Cebraspe, a sele\u00e7\u00e3o oferta <strong>oito (8) vagas<\/strong>&nbsp;mais forma\u00e7\u00e3o de cadastro reserva. As oportunidades s\u00e3o de n\u00edvel superior de forma\u00e7\u00e3o e oferecem sal\u00e1rios iniciais de <strong>R$ 22.016,07<\/strong>.<\/p>\n\n\n\n<p class=\"wp-embed-aspect-16-9 wp-has-aspect-ratio\">Com o objetivo de ajud\u00e1-los em todas as etapas do certame e, claro, diminuir um pouco a ansiedade para saber seu desempenho, <strong>nossos professores realizaram o<\/strong>&nbsp;&#8216;<strong>Gabarito Extraoficial PGE ES Procurador&#8217;<\/strong>, com a resolu\u00e7\u00e3o da prova.<\/p>\n\n\n\n<p class=\"wp-embed-aspect-16-9 wp-has-aspect-ratio\">Agora \u00e9 a hora! Confira seu desempenho e ainda receba dicas de recursos (se houver necessidade, \u00e9 claro)! Lembrando que o&nbsp;gabarito oficial preliminar ser\u00e1 publicado pela banca organizadora.  <\/p>\n\n\n\n<h2 class=\"has-text-align-left wp-block-heading\" id=\"h-correcao-e-gabarito-extraoficial-pge-es-procurador\"><span id=\"correcao-e-gabarito-extraoficial-pge-es-procurador\">Corre\u00e7\u00e3o e Gabarito Extraoficial: PGE ES Procurador<\/span><\/h2>\n\n\n\n<figure class=\"wp-block-table is-style-stripes\"><table class=\"has-background\" style=\"background:linear-gradient(135deg,rgb(252,185,0) 0%,rgb(217,150,101) 100%)\"><tbody><tr><td class=\"has-text-align-center\" data-align=\"center\"><strong>Disciplina<\/strong><\/td><td class=\"has-text-align-center\" data-align=\"center\"><strong>Professor<\/strong><\/td><\/tr><tr><td class=\"has-text-align-center\" data-align=\"center\">\u00c2ncora<\/td><td class=\"has-text-align-center\" data-align=\"center\">Igor Maciel<\/td><\/tr><tr><td class=\"has-text-align-center\" data-align=\"center\">Direito Administrativo<\/td><td class=\"has-text-align-center\" data-align=\"center\">Rodolfo Penna<\/td><\/tr><tr><td class=\"has-text-align-center\" data-align=\"center\">Direito Constitucional<\/td><td class=\"has-text-align-center\" data-align=\"center\">Nelma Fontana<\/td><\/tr><tr><td class=\"has-text-align-center\" data-align=\"center\">Direito Tribut\u00e1rio<\/td><td class=\"has-text-align-center\" data-align=\"center\">Felipe Duque<\/td><\/tr><tr><td class=\"has-text-align-center\" data-align=\"center\">Direito Processual Civil<\/td><td class=\"has-text-align-center\" data-align=\"center\">Rodrigo Vaslin<\/td><\/tr><tr><td class=\"has-text-align-center\" data-align=\"center\">Direito Civil<\/td><td class=\"has-text-align-center\" data-align=\"center\">Paulo Sousa<\/td><\/tr><tr><td class=\"has-text-align-center\" data-align=\"center\">Direito Previdenci\u00e1rio<\/td><td class=\"has-text-align-center\" data-align=\"center\">Rubens Mauricio<\/td><\/tr><tr><td class=\"has-text-align-center\" data-align=\"center\">Direito do Trabalho<\/td><td class=\"has-text-align-center\" data-align=\"center\">Felipe Fernandes<\/td><\/tr><tr><td class=\"has-text-align-center\" data-align=\"center\">Direito Processual do Trabalho<\/td><td class=\"has-text-align-center\" data-align=\"center\">Lucas Pessoa<\/td><\/tr><tr><td class=\"has-text-align-center\" data-align=\"center\">Direito Ambiental<\/td><td class=\"has-text-align-center\" data-align=\"center\">Thiago Leite<\/td><\/tr><tr><td class=\"has-text-align-center\" data-align=\"center\">Fazenda P\u00fablica em Ju\u00edz<\/td><td class=\"has-text-align-center\" data-align=\"center\">Igor Maciel<\/td><\/tr><\/tbody><\/table><\/figure>\n\n\n\n<figure class=\"wp-block-embed aligncenter is-type-video is-provider-youtube wp-block-embed-youtube wp-embed-aspect-16-9 wp-has-aspect-ratio\"><div class=\"wp-block-embed__wrapper\">\n<div class=\"cs-embed cs-embed-responsive\"><iframe title=\"Gabarito Extraoficial - PGE ES  Procurador\" width=\"1200\" height=\"675\" src=\"https:\/\/www.youtube.com\/embed\/lWMY7G1vJDc?feature=oembed\" frameborder=\"0\" allow=\"accelerometer; autoplay; clipboard-write; encrypted-media; gyroscope; picture-in-picture; web-share\" allowfullscreen><\/iframe><\/div>\n<\/div><\/figure>\n\n\n\n<h2 class=\"wp-block-heading\" id=\"h-gabarito-extraoficial-pge-es-procurador\"><span id=\"gabarito-extraoficial-pge-es-procurador\">Gabarito extraoficial: PGE ES Procurador<\/span><\/h2>\n\n\n\n<p>Abaixo, voc\u00ea confere os gabaritos das quest\u00f5es corrigidas pelos nossos professores. Como existem diferentes tipos de provas, voc\u00ea pode conferindo o in\u00edcio da quest\u00e3o.<\/p>\n\n\n\n<p><strong>Quest\u00e3o 1:&nbsp;<\/strong>Acerca da interven\u00e7\u00e3o nos entes&#8230;<br><strong><em>Resposta:<\/em><\/strong> D<\/p>\n\n\n\n<p><strong>Quest\u00e3o 2<\/strong>: A respeito das compet\u00eancias dos entes&#8230;<br><strong><em>Resposta:<\/em><\/strong> E<\/p>\n\n\n\n<p><strong>Quest\u00e3o 3:&nbsp;<\/strong>No que concerne \u00e0 comiss\u00e3o parlamentar&#8230;<br><strong><em>Resposta:<\/em><\/strong> D<\/p>\n\n\n\n<p><strong>Quest\u00e3o 4:<\/strong> No que se refere ao conceito de constitui\u00e7\u00e3o&#8230;<br><strong><em>Resposta:<\/em><\/strong> D<\/p>\n\n\n\n<p><strong>Quest\u00e3o 5:&nbsp;<\/strong>A respeitos dos direitos sociais previstos na CF&#8230;<br><strong><em>Resposta:<\/em><\/strong> C<\/p>\n\n\n\n<p><strong>Quest\u00e3o 6:&nbsp;<\/strong>T\u00falio, servidor p\u00fablico estadual&#8230;<br><strong><em>Resposta:<\/em><\/strong> B<\/p>\n\n\n\n<p><strong>Quest\u00e3o 7:&nbsp;<\/strong>Ao identificar a necessidade de melhorar&#8230;<br><strong><em>Resposta:<\/em><\/strong> B<\/p>\n\n\n\n<p><strong>Quest\u00e3o 8:&nbsp;<\/strong>Da senten\u00e7a da condena\u00e7\u00e3o de servidor&#8230;<br><strong><em>Resposta:<\/em><\/strong> A<\/p>\n\n\n\n<p><strong>Quest\u00e3o 9:&nbsp;<\/strong>De acordo com a CF, o Banco Central do Brasil&#8230;<br><strong><em>Resposta:<\/em><\/strong> E<\/p>\n\n\n\n<p><strong>Quest\u00e3o 10:&nbsp;<\/strong>Acerca das regras constitucionais&#8230;<br><strong><em>Resposta:<\/em><\/strong> B<\/p>\n\n\n\n<p><strong>Quest\u00e3o 11:&nbsp;<\/strong>No que diz respeito \u00e0s disposi\u00e7\u00f5es&#8230;<br><strong><em>Resposta:<\/em><\/strong> D<\/p>\n\n\n\n<p><strong>Quest\u00e3o 12:&nbsp;<\/strong>Considerando o entendimento jurisprudencial&#8230;<br><strong><em>Resposta:<\/em><\/strong> C<\/p>\n\n\n\n<p><strong>Quest\u00e3o 13:&nbsp;<\/strong>Ant\u00f4nio, r\u00e9u em processo criminal&#8230;<br><strong><em>Resposta:<\/em><\/strong> D<\/p>\n\n\n\n<p><strong>Quest\u00e3o 14:&nbsp;<\/strong>A aliena\u00e7\u00e3o de \u00e1rea remanescente de obra&#8230;<br><strong><em>Resposta:<\/em><\/strong> A<\/p>\n\n\n\n<p><strong>Quest\u00e3o 15:&nbsp;<\/strong>Ao servidor do estado do Esp\u00edrito Santo&#8230;<br><strong><em>Resposta:<\/em><\/strong> A<\/p>\n\n\n\n<p><strong>Quest\u00e3o 16:&nbsp;<\/strong>Considerando o entendimento recente do STF&#8230;<br><strong><em>Resposta:<\/em><\/strong> B<\/p>\n\n\n\n<p><strong>Quest\u00e3o 17:&nbsp;<\/strong>De acordo com a lei, a autoridade&#8230;<br><strong><em>Resposta:<\/em><\/strong> A<\/p>\n\n\n\n<p><strong>Quest\u00e3o 18:&nbsp;<\/strong>De acordo com a nova Lei de Licita\u00e7\u00e3o e Contratos Administrativos&#8230;<br><strong><em>Resposta:<\/em><\/strong> A<\/p>\n\n\n\n<p><strong>Quest\u00e3o 19:&nbsp;<\/strong>Para fins da lei que institui normas&#8230;<br><strong><em>Resposta:<\/em><\/strong> E<\/p>\n\n\n\n<p><strong>Quest\u00e3o 20:&nbsp;<\/strong>De acordo com a legisla\u00e7\u00e3o espec\u00edfica, O Funda Garantidor&#8230;<br><strong><em>Resposta:<\/em><\/strong> E<\/p>\n\n\n\n<p><strong>Quest\u00e3o 21:&nbsp;<\/strong>De acordo com a Lei do Processo Administrativo&#8230;<br><strong><em>Resposta:<\/em><\/strong> A<\/p>\n\n\n\n<p><strong>Quest\u00e3o 22:&nbsp;<\/strong>Se o benefici\u00e1rio descumprir as condi\u00e7\u00f5es&#8230;<br><strong><em>Resposta:<\/em><\/strong> C<\/p>\n\n\n\n<p><strong>Quest\u00e3o 23<\/strong>: Ao estabelecer que, nos processos administrativos&#8230;<br><strong><em>Resposta:<\/em><\/strong> C<\/p>\n\n\n\n<p><strong>Quest\u00e3o 24:&nbsp;<\/strong>Aqueles que consideram o direito administrativo&#8230;<br><strong><em>Resposta:<\/em><\/strong> B<\/p>\n\n\n\n<p><strong>Quest\u00e3o 25:<\/strong> No Sistema Tribut\u00e1rio Nacional, parte&#8230;<br><strong><em>Resposta:<\/em><\/strong> ANUL\u00c1VEL &#8211; professor marcaria B, mas reitera que <strong>A e B est\u00e3o certas<\/strong>! N\u00e3o h\u00e1 divis\u00e3o de reparti\u00e7\u00e3o tanto da receita de impostos de importa\u00e7\u00e3o como de exporta\u00e7\u00e3o.<\/p>\n\n\n\n<p><strong>Quest\u00e3o 26:&nbsp;<\/strong>De acordo com o C\u00f3digo Tribut\u00e1rio Nacional&#8230;<br><strong><em>Resposta:<\/em><\/strong> B<\/p>\n\n\n\n<p><strong>Quest\u00e3o 27:&nbsp;<\/strong>\u00c0 luz das normas constitucionais&#8230;<br><strong><em>Resposta:<\/em><\/strong> ANUL\u00c1VEL &#8211; professor marcaria B, mas reitera que <strong>B, C, D e E est\u00e3o certas<\/strong>! Tamb\u00e9m nessas alternativas existem imunidades subjetivas.<\/p>\n\n\n\n<p><strong>Quest\u00e3o 28:&nbsp;<\/strong>Na aus\u00eancia de disposi\u00e7\u00e3o normativa&#8230;<br><strong><em>Resposta:<\/em><\/strong> D<\/p>\n\n\n\n<p><strong>Quest\u00e3o 29:&nbsp;<\/strong>Uma pessoa f\u00edsica que esteja submetida&#8230;<br><strong><em>Resposta:<\/em><\/strong> E<\/p>\n\n\n\n<p><strong>Quest\u00e3o 30:&nbsp;<\/strong>Ocorrer\u00e1 exclus\u00e3o do cr\u00e9dito tribut\u00e1rio&#8230;<br><strong><em>Resposta:<\/em><\/strong> A<\/p>\n\n\n\n<p><strong>Quest\u00e3o 31:&nbsp;<\/strong>Concurso a CF, o ICMS&#8230;<br><strong><em>Resposta:<\/em><\/strong> A<\/p>\n\n\n\n<p><strong>Quest\u00e3o 32<\/strong>: O IPTU pode&#8230;<br><strong><em>Resposta:<\/em><\/strong> C<\/p>\n\n\n\n<p><strong>Quest\u00e3o 33:&nbsp;<\/strong>Consoante a Lei n\u00ba 6.830\/1980&#8230;<br><strong><em>Resposta:<\/em><\/strong> E<\/p>\n\n\n\n<p><strong>Quest\u00e3o 34:&nbsp;<\/strong>Em conformidade com a Lei Complementar n\u00ba 116&#8230; <br><strong><em>Resposta:<\/em><\/strong> A<\/p>\n\n\n\n<p><strong>Quest\u00e3o 35:&nbsp;<\/strong>Conforme a CF, a seguridade social&#8230;<br><strong><em>Resposta:<\/em><\/strong> E<\/p>\n\n\n\n<p><strong>Quest\u00e3o 36:&nbsp;<\/strong>De acordo com a CF, compete ao poder p\u00fablico&#8230;<br><strong><em>Resposta:<\/em><\/strong> B<\/p>\n\n\n\n<p><strong>Quest\u00e3o 37:&nbsp;<\/strong>Acerca do custeio da seguridade social&#8230;<br><strong><em>Resposta:<\/em><\/strong> B<\/p>\n\n\n\n<p><strong>Quest\u00e3o 38:&nbsp;<\/strong>No que diz respeito aos segurados&#8230;<br><strong><em>Resposta:<\/em><\/strong> B<\/p>\n\n\n\n<p><strong>Quest\u00e3o 39:&nbsp;<\/strong>No que concerne \u00e0 prescri\u00e7\u00e3o&#8230;<br><strong><em>Resposta:<\/em><\/strong> C<\/p>\n\n\n\n<p><strong>Quest\u00e3o 40:&nbsp;<\/strong>Com base na Lei n\u00ba 8.213\/1991&#8230;<br><strong><em>Resposta:<\/em><\/strong> E<\/p>\n\n\n\n<p><strong>Quest\u00e3o 41:&nbsp;<\/strong>A respeito do regime pr\u00f3prio de previd\u00eancia&#8230;<br><strong><em>Resposta:<\/em><\/strong> E<\/p>\n\n\n\n<p><strong>Quest\u00e3o 42:&nbsp;<\/strong>\u00c0 luz das disposi\u00e7\u00f5es constitucionais&#8230;<br><strong><em>Resposta:<\/em><\/strong> E<\/p>\n\n\n\n<p><strong>Quest\u00e3o 43:&nbsp;<\/strong>Acerca da contagem rec\u00edproca&#8230;<br><strong><em>Resposta:<\/em><\/strong> B<\/p>\n\n\n\n<p><strong>Quest\u00e3o 44:<\/strong> No que concerne \u00e0s disposi\u00e7\u00f5es constitucionais&#8230;<br><strong><em>Resposta:<\/em><\/strong> D<\/p>\n\n\n\n<p><strong>Quest\u00e3o 45<\/strong>: Em a\u00e7\u00e3o de invent\u00e1rio, o ju\u00edzo&#8230;<br><strong><em>Resposta:<\/em><\/strong> C<\/p>\n\n\n\n<p><strong>Quest\u00e3o 46:\u00a0<\/strong>Segundo a jurisprud\u00eancia do STJ, na hip\u00f3tese&#8230;<br><strong><em>Resposta:<\/em><\/strong> B<\/p>\n\n\n\n<p><strong>Quest\u00e3o 47<\/strong>: Conforme o entendimento recente do STJ&#8230;<br><strong><em>Resposta:<\/em><\/strong> C<\/p>\n\n\n\n<p><strong>Quest\u00e3o 48:\u00a0<\/strong>De acordo com o STJ, a aplica\u00e7\u00e3o&#8230;<br><strong><em>Resposta:<\/em><\/strong> A<\/p>\n\n\n\n<p><strong>Quest\u00e3o 49:\u00a0<\/strong>De acordo com o C\u00f3digo Civil&#8230;<br><strong><em>Resposta<\/em><\/strong>: D<\/p>\n\n\n\n<p><strong>Quest\u00e3o 50:\u00a0<\/strong>Conforme entendimento do STJ&#8230;<br><strong><em>Resposta:<\/em><\/strong> A<\/p>\n\n\n\n<p><strong>Quest\u00e3o 51:\u00a0<\/strong>Em determinada rela\u00e7\u00e3o jur\u00eddica&#8230;<br><strong><em>Resposta:<\/em><\/strong> D<\/p>\n\n\n\n<p><strong>Quest\u00e3o 52:\u00a0<\/strong>Durante a vig\u00eancia de contrato&#8230;<br><strong><em>Resposta:<\/em><\/strong> E<\/p>\n\n\n\n<p><strong>Quest\u00e3o 53:\u00a0<\/strong>Segundo a Lei n\u00ba 8.245\/1991\u2026<br><strong><em>Resposta:<\/em><\/strong> C<\/p>\n\n\n\n<p><strong>Quest\u00e3o 54:\u00a0<\/strong>De acordo com a Lei n\u00ba 8.245\/1991&#8230;<br><strong><em>Resposta:<\/em><\/strong> C<\/p>\n\n\n\n<p><strong>Quest\u00e3o 55:\u00a0<\/strong>Acerca do entendimento do STJ relativo&#8230;<br><strong><em>Resposta:<\/em><\/strong> B<\/p>\n\n\n\n<p><strong>Quest\u00e3o 56:\u00a0<\/strong>Com rela\u00e7\u00e3o \u00e0 cl\u00e1usula resolutiva&#8230;<br><strong><em>Resposta:<\/em><\/strong> B<\/p>\n\n\n\n<p><strong>Quest\u00e3o 57:&nbsp;<\/strong>Possui legitimidade ativa para propor&#8230;<br><strong><em>Resposta:<\/em><\/strong> B<\/p>\n\n\n\n<p><strong>Quest\u00e3o 58:&nbsp;<\/strong>O incidente de desconsidera\u00e7\u00e3o&#8230;<br><strong><em>Resposta:<\/em><\/strong> C<\/p>\n\n\n\n<p><strong>Quest\u00e3o 59:&nbsp;<\/strong>Acerca do prazo para a interposi\u00e7\u00e3o de recurso&#8230;<br><strong><em>Resposta:<\/em><\/strong> E<\/p>\n\n\n\n<p><strong>Quest\u00e3o 60:&nbsp;<\/strong>Uma empresa de presta\u00e7\u00e3o de servi\u00e7os&#8230;<br><strong><em>Resposta:<\/em><\/strong> A<\/p>\n\n\n\n<p><strong>Quest\u00e3o 61:&nbsp;<\/strong>M\u00e1rio ajuizou a\u00e7\u00e3o reivindicat\u00f3ria&#8230;<br><strong><em>Resposta:<\/em><\/strong> C<\/p>\n\n\n\n<p><strong>Quest\u00e3o 62<\/strong>: Suponha que, ap\u00f3s a instru\u00e7\u00e3o processual&#8230;<br><strong><em>Resposta:<\/em><\/strong> A<\/p>\n\n\n\n<p><strong>Quest\u00e3o 63:&nbsp;<\/strong>A PGE\/ES prop\u00f4s a\u00e7\u00e3o&#8230;<br><strong><em>Resposta:<\/em><\/strong> C<\/p>\n\n\n\n<p><strong>Quest\u00e3o 64:<\/strong> A Fazenda P\u00fablica do Estado do Esp\u00edrito Santo&#8230;<br><strong><em>Resposta:<\/em><\/strong> E<\/p>\n\n\n\n<p><strong>Quest\u00e3o 65:&nbsp;<\/strong>No curso de a\u00e7\u00e3o de execu\u00e7\u00e3o&#8230;<br><strong><em>Resposta:<\/em><\/strong> B<\/p>\n\n\n\n<p><strong>Quest\u00e3o 66:&nbsp;<\/strong>A PGE\/ES recorreu contra&#8230;<br><strong><em>Resposta:<\/em><\/strong> D<\/p>\n\n\n\n<p><strong>Quest\u00e3o 67:&nbsp;<\/strong>Julgue os itens a seguir&#8230;<br><strong><em>Resposta:<\/em><\/strong> B<\/p>\n\n\n\n<p><strong>Quest\u00e3o 68:&nbsp;<\/strong>No que diz respeito ao mandado de seguran\u00e7a&#8230;<br><strong><em>Resposta:<\/em><\/strong> D<\/p>\n\n\n\n<p><strong>Quest\u00e3o 69:&nbsp;<\/strong>No que diz respeito ao intervalo para repouso&#8230;<br><strong><em>Resposta:<\/em><\/strong> C<\/p>\n\n\n\n<p><strong>Quest\u00e3o 70:&nbsp;<\/strong>Um empregado foi demitido sem justa causa&#8230;<br><strong><em>Resposta:<\/em><\/strong> C<\/p>\n\n\n\n<p><strong>Quest\u00e3o 71:&nbsp;<\/strong>Acerca dos adicionais de insalubridade&#8230;<br><strong><em>Resposta:<\/em><\/strong> E<\/p>\n\n\n\n<p><strong>Quest\u00e3o 72:&nbsp;<\/strong>Assinale a op\u00e7\u00e3o correta no que&#8230;<br><strong><em>Resposta:<\/em><\/strong> E<\/p>\n\n\n\n<p><strong>Quest\u00e3o 73:&nbsp;<\/strong>Os exemplos de interrup\u00e7\u00e3o do contrato&#8230;<br><strong><em>Resposta:<\/em><\/strong> D<\/p>\n\n\n\n<p><strong>Quest\u00e3o 74:&nbsp;<\/strong>Ter\u00e1 a garantia ao emprego por estabilidade&#8230;<br><strong><em>Resposta:<\/em><\/strong> D<\/p>\n\n\n\n<p><strong>Quest\u00e3o 75:&nbsp;<\/strong>No que se refere ao disposto na Conven\u00e7\u00e3o&#8230;<br><strong><em>Resposta:<\/em><\/strong> A<\/p>\n\n\n\n<p><strong>Quest\u00e3o 76:&nbsp;<\/strong>Assinale a op\u00e7\u00e3o correta com refer\u00eancia&#8230;<br><strong><em>Resposta:<\/em><\/strong> E<\/p>\n\n\n\n<p><strong>Quest\u00e3o 77:&nbsp;<\/strong>A respeito da rescis\u00e3o do contrato&#8230;<br><strong><em>Resposta:<\/em><\/strong> D<\/p>\n\n\n\n<p><strong>Quest\u00e3o 78:&nbsp;<\/strong>Assinale a op\u00e7\u00e3o correta a respeito da comiss\u00e3o&#8230;<br><strong><em>Resposta:<\/em><\/strong> C<\/p>\n\n\n\n<p><strong>Quest\u00e3o 79:&nbsp;<\/strong>A respeito do direito coletivo&#8230;<br><strong><em>Resposta:<\/em><\/strong> B<\/p>\n\n\n\n<p><strong>Quest\u00e3o 80:&nbsp;<\/strong>Assinale a op\u00e7\u00e3o correta a respeito&#8230;<br><strong><em>Resposta:<\/em><\/strong> A<\/p>\n\n\n\n<p><strong>Quest\u00e3o 81:&nbsp;<\/strong>Segundo o TST, o <em>jus<\/em>&#8230;<br><strong><em>Resposta:<\/em><\/strong> C<\/p>\n\n\n\n<p><strong>Quest\u00e3o 82:&nbsp;<\/strong>Contra decis\u00e3o do TRT em mandado&#8230;<br><strong><em>Resposta:<\/em><\/strong> E<\/p>\n\n\n\n<p><strong>Quest\u00e3o 83<\/strong>: Segundo a jurisprud\u00eancia do TST, contra pessoa&#8230;<br><strong><em>Resposta:<\/em><\/strong> C<\/p>\n\n\n\n<p><strong>Quest\u00e3o 84:&nbsp;<\/strong>O procedimento sumar\u00edssimo no processo&#8230;<br><strong><em>Resposta:<\/em><\/strong> B<\/p>\n\n\n\n<p><strong>Quest\u00e3o 85:&nbsp;<\/strong>Segundo entendimento sumulado do TST&#8230;<br><strong><em>Resposta:<\/em><\/strong> D<\/p>\n\n\n\n<p><strong>Quest\u00e3o 86:&nbsp;<\/strong>Considerando a jurisprud\u00eancia do TST acerca&#8230;<br><strong><em>Resposta:<\/em><\/strong> D<\/p>\n\n\n\n<p><strong>Quest\u00e3o 87:&nbsp;<\/strong>No rito ordin\u00e1rio de uma a\u00e7\u00e3o&#8230;<br><strong><em>Resposta:<\/em><\/strong> C<\/p>\n\n\n\n<p><strong>Quest\u00e3o 88:&nbsp;<\/strong>No processo do trabalho, contra&#8230;<br><strong><em>Resposta:<\/em><\/strong> C<\/p>\n\n\n\n<p><strong>Quest\u00e3o 89:&nbsp;<\/strong>Em rela\u00e7\u00e3o \u00e0 jurisprud\u00eancia do TST&#8230;<br><strong><em>Resposta:<\/em><\/strong> A<\/p>\n\n\n\n<p><strong>Quest\u00e3o 90:&nbsp;<\/strong>De acordo com a jurisprud\u00eancia do TST&#8230;<br><strong><em>Resposta:<\/em><\/strong> A<\/p>\n\n\n\n<p><strong>Quest\u00e3o 91:&nbsp;<\/strong>As diretrizes que expressamente instruem&#8230;<br><strong><em>Resposta:<\/em><\/strong> D<\/p>\n\n\n\n<p><strong>Quest\u00e3o 92<\/strong>: De acordo com a PNPSA, as modalidades\u2026<br><strong><em>Resposta:<\/em><\/strong> E<\/p>\n\n\n\n<p><strong>Quest\u00e3o 93:&nbsp;<\/strong>A lei que instituiu a PNPSA&#8230;<br><strong><em>Resposta:<\/em><\/strong> A<\/p>\n\n\n\n<p><strong>Quest\u00e3o 94:&nbsp;<\/strong>Conforme a Lei n\u00ba 11.445\/2007\u2026<br><strong><em>Resposta:<\/em><\/strong> C<\/p>\n\n\n\n<p><strong>Quest\u00e3o 95:&nbsp;<\/strong>Al\u00e9m das cl\u00e1usulas-essenciais previstas&#8230;<br><strong><em>Resposta:<\/em><\/strong> B<\/p>\n\n\n\n<p><strong>Quest\u00e3o 96:&nbsp;<\/strong>De acordo com a Resolu\u00e7\u00e3o n\u00ba 16\/2001&#8230;<br><strong><em>Resposta:<\/em><\/strong> B<\/p>\n\n\n\n<p><strong>Quest\u00e3o 97:&nbsp;<\/strong>Entre os processos que regem a Pol\u00edtica&#8230;<br><strong><em>Resposta:<\/em><\/strong> D<\/p>\n\n\n\n<p><strong>Quest\u00e3o 98:&nbsp;<\/strong>Os instrumentos expressos da Pol\u00edtica&#8230;<br><strong><em>Resposta:<\/em><\/strong> C<\/p>\n\n\n\n<p><strong>Quest\u00e3o 99:&nbsp;<\/strong>No exerc\u00edcio da compet\u00eancia comum&#8230;<br><strong><em>Resposta:<\/em><\/strong> C<\/p>\n\n\n\n<p><strong>Quest\u00e3o 100:&nbsp;<\/strong>Na gest\u00e3o das florestas p\u00fablicas&#8230;<br><strong><em>Resposta:<\/em><\/strong> E<\/p>\n\n\n\n<h2 class=\"has-text-align-center has-luminous-vivid-amber-background-color has-background has-medium-font-size wp-block-heading\" id=\"saiba-mais-concurso-pge-am-procurador\"><span id=\"saiba-mais-concurso-pge-es-procurador\">Saiba mais: <a href=\"https:\/\/cj.estrategia.com\/portal\/concurso-pge-es-procurador\/\" target=\"_blank\" >concurso PGE ES Procurador<\/a><\/span><\/h2>\n\n\n\n<h2 class=\"has-text-align-center wp-block-heading\" id=\"cursos\"><span id=\"quer-saber-tudo-sobre-concursos-previstosconfira-nossos-artigos\">Quer saber tudo sobre concursos previstos?<br>Confira nossos artigos!<\/span><\/h2>\n\n\n\n<ul class=\"wp-block-list\">\n<li><a href=\"https:\/\/cj.estrategia.com\/portal\/concursos-abertos-carreiras-juridicas\/\" target=\"_blank\" ><\/a><a href=\"https:\/\/cj.estrategia.com\/portal\/concursos-abertos-carreiras-juridicas\/\" target=\"_blank\" >Concursos jur\u00eddicos abertos<\/a><\/li>\n\n\n\n<li><a href=\"https:\/\/cj.estrategia.com\/portal\/concursos-abertos-carreiras-juridicas\/\" target=\"_blank\" ><\/a><a href=\"https:\/\/cj.estrategia.com\/portal\/concursos-2023-carreiras-juridicas\/\" target=\"_blank\" >Concursos jur\u00eddicos 2023<\/a><\/li>\n<\/ul>\n\n\n\n<h2 class=\"has-text-align-center wp-block-heading\" id=\"curso\"><span id=\"cursos-e-assinaturas\">Cursos e Assinaturas<\/span><\/h2>\n\n\n\n<p>O Estrat\u00e9gia Carreira Jur\u00eddica \u00e9 campe\u00e3o de aprova\u00e7\u00f5es nos concursos para Carreiras Jur\u00eddicas com um corpo docente qualificado e materiais completos. Conhe\u00e7a nossos cursos e garanta sua aprova\u00e7\u00e3o:<\/p>\n\n\n\n<div class=\"wp-block-cover\" style=\"min-height:155px;aspect-ratio:unset;\"><img decoding=\"async\" width=\"1890\" height=\"351\" class=\"wp-block-cover__image-background wp-image-8669\" alt=\"Assinaturas Jur\u00eddicas\" src=\"https:\/\/cj.estrategia.com\/portal\/wp-content\/uploads\/2022\/06\/20151253\/concurso-carreiras-juridicas-assinatura-juridica.jpg\" style=\"object-position:78% 43%\" data-object-fit=\"cover\" data-object-position=\"78% 43%\" srcset=\"https:\/\/cj.estrategia.com\/portal\/wp-content\/uploads\/2022\/06\/20151253\/concurso-carreiras-juridicas-assinatura-juridica.jpg 1890w, https:\/\/cj.estrategia.com\/portal\/wp-content\/uploads\/2022\/06\/20151253\/concurso-carreiras-juridicas-assinatura-juridica-300x56.jpg 300w, https:\/\/cj.estrategia.com\/portal\/wp-content\/uploads\/2022\/06\/20151253\/concurso-carreiras-juridicas-assinatura-juridica-1024x190.jpg 1024w, https:\/\/cj.estrategia.com\/portal\/wp-content\/uploads\/2022\/06\/20151253\/concurso-carreiras-juridicas-assinatura-juridica-768x143.jpg 768w, https:\/\/cj.estrategia.com\/portal\/wp-content\/uploads\/2022\/06\/20151253\/concurso-carreiras-juridicas-assinatura-juridica-1536x285.jpg 1536w, https:\/\/cj.estrategia.com\/portal\/wp-content\/uploads\/2022\/06\/20151253\/concurso-carreiras-juridicas-assinatura-juridica-380x71.jpg 380w, https:\/\/cj.estrategia.com\/portal\/wp-content\/uploads\/2022\/06\/20151253\/concurso-carreiras-juridicas-assinatura-juridica-800x149.jpg 800w, https:\/\/cj.estrategia.com\/portal\/wp-content\/uploads\/2022\/06\/20151253\/concurso-carreiras-juridicas-assinatura-juridica-1160x215.jpg 1160w\" sizes=\"(max-width: 1890px) 100vw, 1890px\" \/><span aria-hidden=\"true\" class=\"wp-block-cover__background has-background-dim\"><\/span><div class=\"wp-block-cover__inner-container is-layout-flow wp-block-cover-is-layout-flow\">\n<h3 id=\"faca-a-sua-assinatura\" class=\"titulo-assinatura\"><span style=\"color: #ffffff;\">Fa\u00e7a a sua assinatura!<\/span><\/h3>\n<p class=\"subtitulo-assinatura\" style=\"display:block!important; line-height: 0;\"><span style=\"color: #ffffff;\">Escolha a sua \u00e1rea.<\/span><\/p>\n<a target=\"_blank\" href=\"https:\/\/www.estrategiaconcursos.com.br\/assinaturas-ecj\/\" rel=\"noopener\"><button style=\"border-radius: 10px; text-transform: capitalize;\">Acessar<\/button><\/a>\n<\/div><\/div>\n\n\n","protected":false},"excerpt":{"rendered":"Neste domingo, 26 de mar\u00e7o de 2023, foram aplicadas as provas da Procuradoria-Geral do Estado do Esp\u00edrito Santo&hellip;\n","protected":false},"author":12,"featured_media":32140,"comment_status":"open","ping_status":"open","sticky":false,"template":"","format":"standard","meta":{"_jetpack_memberships_contains_paid_content":false,"footnotes":""},"categories":[24],"tags":[],"tax_estado":[38],"class_list":{"0":"post-32134","1":"post","2":"type-post","3":"status-publish","4":"format-standard","5":"has-post-thumbnail","7":"category-procuradoria","8":"tax_estado-es"},"acf":[],"yoast_head":"<!-- This site is optimized with the Yoast SEO Premium plugin v27.4 (Yoast SEO v27.4) - https:\/\/yoast.com\/product\/yoast-seo-premium-wordpress\/ -->\n<title>Gabarito Extraoficial PGE ES Procurador: veja seu desempenho!<\/title>\n<meta name=\"description\" content=\"Acompanhe a transmiss\u00e3o do evento &#039;Gabarito Extraoficial PGE ES Procurador&#039;!\" \/>\n<meta name=\"robots\" content=\"index, follow, max-snippet:-1, max-image-preview:large, max-video-preview:-1\" \/>\n<link rel=\"canonical\" href=\"https:\/\/cj.estrategia.com\/portal\/gabarito-extraoficial-pge-es-procurador\/\" \/>\n<meta property=\"og:locale\" content=\"pt_BR\" \/>\n<meta property=\"og:type\" content=\"article\" \/>\n<meta property=\"og:title\" content=\"Gabarito Extraoficial PGE ES Procurador: veja seu desempenho!\" \/>\n<meta property=\"og:description\" content=\"Acompanhe a transmiss\u00e3o do evento &#039;Gabarito Extraoficial PGE ES Procurador&#039;!\" \/>\n<meta property=\"og:url\" content=\"https:\/\/cj.estrategia.com\/portal\/gabarito-extraoficial-pge-es-procurador\/\" \/>\n<meta property=\"og:site_name\" content=\"Blog - Carreiras Jur\u00eddicas - Estrat\u00e9gia\" \/>\n<meta property=\"article:publisher\" content=\"https:\/\/www.facebook.com\/estrategiacarreirajuridica\/\" \/>\n<meta property=\"article:published_time\" content=\"2023-03-26T19:58:59+00:00\" \/>\n<meta property=\"article:modified_time\" content=\"2023-03-26T21:27:25+00:00\" \/>\n<meta property=\"og:image\" content=\"https:\/\/cj.estrategia.com\/portal\/wp-content\/uploads\/2023\/03\/26162416\/1280-720-max-2.png\" \/>\n\t<meta property=\"og:image:width\" content=\"1280\" \/>\n\t<meta property=\"og:image:height\" content=\"720\" \/>\n\t<meta property=\"og:image:type\" content=\"image\/png\" \/>\n<meta name=\"author\" content=\"Coordena\u00e7\u00e3o\" \/>\n<meta name=\"twitter:card\" content=\"summary_large_image\" \/>\n<meta name=\"twitter:creator\" content=\"@EstratJuridica\" \/>\n<meta name=\"twitter:site\" content=\"@EstratJuridica\" \/>\n<meta name=\"twitter:label1\" content=\"Escrito por\" \/>\n\t<meta name=\"twitter:data1\" content=\"Coordena\u00e7\u00e3o\" \/>\n\t<meta name=\"twitter:label2\" content=\"Est. tempo de leitura\" \/>\n\t<meta name=\"twitter:data2\" content=\"8 minutos\" \/>\n<script type=\"application\/ld+json\" class=\"yoast-schema-graph\">{\"@context\":\"https:\\\/\\\/schema.org\",\"@graph\":[{\"@type\":\"NewsArticle\",\"@id\":\"https:\\\/\\\/cj.estrategia.com\\\/portal\\\/gabarito-extraoficial-pge-es-procurador\\\/#article\",\"isPartOf\":{\"@id\":\"https:\\\/\\\/cj.estrategia.com\\\/portal\\\/gabarito-extraoficial-pge-es-procurador\\\/\"},\"author\":{\"name\":\"Coordena\u00e7\u00e3o\",\"@id\":\"https:\\\/\\\/cj.estrategia.com\\\/portal\\\/#\\\/schema\\\/person\\\/4d70317d31449932b99102916b6637f5\"},\"headline\":\"Gabarito Extraoficial PGE ES Procurador: veja seu desempenho!\",\"datePublished\":\"2023-03-26T19:58:59+00:00\",\"dateModified\":\"2023-03-26T21:27:25+00:00\",\"mainEntityOfPage\":{\"@id\":\"https:\\\/\\\/cj.estrategia.com\\\/portal\\\/gabarito-extraoficial-pge-es-procurador\\\/\"},\"wordCount\":1513,\"commentCount\":0,\"publisher\":{\"@id\":\"https:\\\/\\\/cj.estrategia.com\\\/portal\\\/#organization\"},\"image\":{\"@id\":\"https:\\\/\\\/cj.estrategia.com\\\/portal\\\/gabarito-extraoficial-pge-es-procurador\\\/#primaryimage\"},\"thumbnailUrl\":\"https:\\\/\\\/cj.estrategia.com\\\/portal\\\/wp-content\\\/uploads\\\/2023\\\/03\\\/26162416\\\/1280-720-max-2.png\",\"articleSection\":[\"Procuradoria\"],\"inLanguage\":\"pt-BR\",\"potentialAction\":[{\"@type\":\"CommentAction\",\"name\":\"Comment\",\"target\":[\"https:\\\/\\\/cj.estrategia.com\\\/portal\\\/gabarito-extraoficial-pge-es-procurador\\\/#respond\"]}]},{\"@type\":\"WebPage\",\"@id\":\"https:\\\/\\\/cj.estrategia.com\\\/portal\\\/gabarito-extraoficial-pge-es-procurador\\\/\",\"url\":\"https:\\\/\\\/cj.estrategia.com\\\/portal\\\/gabarito-extraoficial-pge-es-procurador\\\/\",\"name\":\"Gabarito Extraoficial PGE ES Procurador: veja seu desempenho!\",\"isPartOf\":{\"@id\":\"https:\\\/\\\/cj.estrategia.com\\\/portal\\\/#website\"},\"primaryImageOfPage\":{\"@id\":\"https:\\\/\\\/cj.estrategia.com\\\/portal\\\/gabarito-extraoficial-pge-es-procurador\\\/#primaryimage\"},\"image\":{\"@id\":\"https:\\\/\\\/cj.estrategia.com\\\/portal\\\/gabarito-extraoficial-pge-es-procurador\\\/#primaryimage\"},\"thumbnailUrl\":\"https:\\\/\\\/cj.estrategia.com\\\/portal\\\/wp-content\\\/uploads\\\/2023\\\/03\\\/26162416\\\/1280-720-max-2.png\",\"datePublished\":\"2023-03-26T19:58:59+00:00\",\"dateModified\":\"2023-03-26T21:27:25+00:00\",\"description\":\"Acompanhe a transmiss\u00e3o do evento 'Gabarito Extraoficial PGE ES Procurador'!\",\"breadcrumb\":{\"@id\":\"https:\\\/\\\/cj.estrategia.com\\\/portal\\\/gabarito-extraoficial-pge-es-procurador\\\/#breadcrumb\"},\"inLanguage\":\"pt-BR\",\"potentialAction\":[{\"@type\":\"ReadAction\",\"target\":[\"https:\\\/\\\/cj.estrategia.com\\\/portal\\\/gabarito-extraoficial-pge-es-procurador\\\/\"]}]},{\"@type\":\"ImageObject\",\"inLanguage\":\"pt-BR\",\"@id\":\"https:\\\/\\\/cj.estrategia.com\\\/portal\\\/gabarito-extraoficial-pge-es-procurador\\\/#primaryimage\",\"url\":\"https:\\\/\\\/cj.estrategia.com\\\/portal\\\/wp-content\\\/uploads\\\/2023\\\/03\\\/26162416\\\/1280-720-max-2.png\",\"contentUrl\":\"https:\\\/\\\/cj.estrategia.com\\\/portal\\\/wp-content\\\/uploads\\\/2023\\\/03\\\/26162416\\\/1280-720-max-2.png\",\"width\":1280,\"height\":720},{\"@type\":\"BreadcrumbList\",\"@id\":\"https:\\\/\\\/cj.estrategia.com\\\/portal\\\/gabarito-extraoficial-pge-es-procurador\\\/#breadcrumb\",\"itemListElement\":[{\"@type\":\"ListItem\",\"position\":1,\"name\":\"In\u00edcio\",\"item\":\"https:\\\/\\\/cj.estrategia.com\\\/portal\\\/\"},{\"@type\":\"ListItem\",\"position\":2,\"name\":\"Gabarito Extraoficial PGE ES Procurador: veja seu desempenho!\"}]},{\"@type\":\"WebSite\",\"@id\":\"https:\\\/\\\/cj.estrategia.com\\\/portal\\\/#website\",\"url\":\"https:\\\/\\\/cj.estrategia.com\\\/portal\\\/\",\"name\":\"Blog - Carreiras Jur\u00eddicas - Estrat\u00e9gia\",\"description\":\"\",\"publisher\":{\"@id\":\"https:\\\/\\\/cj.estrategia.com\\\/portal\\\/#organization\"},\"potentialAction\":[{\"@type\":\"SearchAction\",\"target\":{\"@type\":\"EntryPoint\",\"urlTemplate\":\"https:\\\/\\\/cj.estrategia.com\\\/portal\\\/?s={search_term_string}\"},\"query-input\":{\"@type\":\"PropertyValueSpecification\",\"valueRequired\":true,\"valueName\":\"search_term_string\"}}],\"inLanguage\":\"pt-BR\"},{\"@type\":\"Organization\",\"@id\":\"https:\\\/\\\/cj.estrategia.com\\\/portal\\\/#organization\",\"name\":\"Estrat\u00e9gia - Carreiras Jur\u00eddicas\",\"url\":\"https:\\\/\\\/cj.estrategia.com\\\/portal\\\/\",\"logo\":{\"@type\":\"ImageObject\",\"inLanguage\":\"pt-BR\",\"@id\":\"https:\\\/\\\/cj.estrategia.com\\\/portal\\\/#\\\/schema\\\/logo\\\/image\\\/\",\"url\":\"https:\\\/\\\/cj.estrategia.com\\\/portal\\\/wp-content\\\/uploads\\\/2022\\\/03\\\/11151052\\\/cj-logo.png\",\"contentUrl\":\"https:\\\/\\\/cj.estrategia.com\\\/portal\\\/wp-content\\\/uploads\\\/2022\\\/03\\\/11151052\\\/cj-logo.png\",\"width\":150,\"height\":39,\"caption\":\"Estrat\u00e9gia - Carreiras Jur\u00eddicas\"},\"image\":{\"@id\":\"https:\\\/\\\/cj.estrategia.com\\\/portal\\\/#\\\/schema\\\/logo\\\/image\\\/\"},\"sameAs\":[\"https:\\\/\\\/www.facebook.com\\\/estrategiacarreirajuridica\\\/\",\"https:\\\/\\\/x.com\\\/EstratJuridica\",\"https:\\\/\\\/www.instagram.com\\\/estrategiacarreirajuridica\\\/\",\"https:\\\/\\\/www.youtube.com\\\/channel\\\/UClbMGuYbj2Mh1m3w144ETWQ\"]},{\"@type\":\"Person\",\"@id\":\"https:\\\/\\\/cj.estrategia.com\\\/portal\\\/#\\\/schema\\\/person\\\/4d70317d31449932b99102916b6637f5\",\"name\":\"Coordena\u00e7\u00e3o\",\"image\":{\"@type\":\"ImageObject\",\"inLanguage\":\"pt-BR\",\"@id\":\"https:\\\/\\\/cj.estrategia.com\\\/portal\\\/wp-content\\\/uploads\\\/2022\\\/05\\\/12164923\\\/estrategia-carreira-juridica-coordenacao-96x96.png\",\"url\":\"https:\\\/\\\/cj.estrategia.com\\\/portal\\\/wp-content\\\/uploads\\\/2022\\\/05\\\/12164923\\\/estrategia-carreira-juridica-coordenacao-96x96.png\",\"contentUrl\":\"https:\\\/\\\/cj.estrategia.com\\\/portal\\\/wp-content\\\/uploads\\\/2022\\\/05\\\/12164923\\\/estrategia-carreira-juridica-coordenacao-96x96.png\",\"caption\":\"Coordena\u00e7\u00e3o\"},\"url\":\"https:\\\/\\\/cj.estrategia.com\\\/portal\\\/author\\\/coordenacao\\\/\"}]}<\/script>\n<!-- \/ Yoast SEO Premium plugin. -->","yoast_head_json":{"title":"Gabarito Extraoficial PGE ES Procurador: veja seu desempenho!","description":"Acompanhe a transmiss\u00e3o do evento 'Gabarito Extraoficial PGE ES Procurador'!","robots":{"index":"index","follow":"follow","max-snippet":"max-snippet:-1","max-image-preview":"max-image-preview:large","max-video-preview":"max-video-preview:-1"},"canonical":"https:\/\/cj.estrategia.com\/portal\/gabarito-extraoficial-pge-es-procurador\/","og_locale":"pt_BR","og_type":"article","og_title":"Gabarito Extraoficial PGE ES Procurador: veja seu desempenho!","og_description":"Acompanhe a transmiss\u00e3o do evento 'Gabarito Extraoficial PGE ES Procurador'!","og_url":"https:\/\/cj.estrategia.com\/portal\/gabarito-extraoficial-pge-es-procurador\/","og_site_name":"Blog - Carreiras Jur\u00eddicas - Estrat\u00e9gia","article_publisher":"https:\/\/www.facebook.com\/estrategiacarreirajuridica\/","article_published_time":"2023-03-26T19:58:59+00:00","article_modified_time":"2023-03-26T21:27:25+00:00","og_image":[{"width":1280,"height":720,"url":"https:\/\/cj.estrategia.com\/portal\/wp-content\/uploads\/2023\/03\/26162416\/1280-720-max-2.png","type":"image\/png"}],"author":"Coordena\u00e7\u00e3o","twitter_card":"summary_large_image","twitter_creator":"@EstratJuridica","twitter_site":"@EstratJuridica","twitter_misc":{"Escrito por":"Coordena\u00e7\u00e3o","Est. tempo de leitura":"8 minutos"},"schema":{"@context":"https:\/\/schema.org","@graph":[{"@type":"NewsArticle","@id":"https:\/\/cj.estrategia.com\/portal\/gabarito-extraoficial-pge-es-procurador\/#article","isPartOf":{"@id":"https:\/\/cj.estrategia.com\/portal\/gabarito-extraoficial-pge-es-procurador\/"},"author":{"name":"Coordena\u00e7\u00e3o","@id":"https:\/\/cj.estrategia.com\/portal\/#\/schema\/person\/4d70317d31449932b99102916b6637f5"},"headline":"Gabarito Extraoficial PGE ES Procurador: veja seu desempenho!","datePublished":"2023-03-26T19:58:59+00:00","dateModified":"2023-03-26T21:27:25+00:00","mainEntityOfPage":{"@id":"https:\/\/cj.estrategia.com\/portal\/gabarito-extraoficial-pge-es-procurador\/"},"wordCount":1513,"commentCount":0,"publisher":{"@id":"https:\/\/cj.estrategia.com\/portal\/#organization"},"image":{"@id":"https:\/\/cj.estrategia.com\/portal\/gabarito-extraoficial-pge-es-procurador\/#primaryimage"},"thumbnailUrl":"https:\/\/cj.estrategia.com\/portal\/wp-content\/uploads\/2023\/03\/26162416\/1280-720-max-2.png","articleSection":["Procuradoria"],"inLanguage":"pt-BR","potentialAction":[{"@type":"CommentAction","name":"Comment","target":["https:\/\/cj.estrategia.com\/portal\/gabarito-extraoficial-pge-es-procurador\/#respond"]}]},{"@type":"WebPage","@id":"https:\/\/cj.estrategia.com\/portal\/gabarito-extraoficial-pge-es-procurador\/","url":"https:\/\/cj.estrategia.com\/portal\/gabarito-extraoficial-pge-es-procurador\/","name":"Gabarito Extraoficial PGE ES Procurador: veja seu desempenho!","isPartOf":{"@id":"https:\/\/cj.estrategia.com\/portal\/#website"},"primaryImageOfPage":{"@id":"https:\/\/cj.estrategia.com\/portal\/gabarito-extraoficial-pge-es-procurador\/#primaryimage"},"image":{"@id":"https:\/\/cj.estrategia.com\/portal\/gabarito-extraoficial-pge-es-procurador\/#primaryimage"},"thumbnailUrl":"https:\/\/cj.estrategia.com\/portal\/wp-content\/uploads\/2023\/03\/26162416\/1280-720-max-2.png","datePublished":"2023-03-26T19:58:59+00:00","dateModified":"2023-03-26T21:27:25+00:00","description":"Acompanhe a transmiss\u00e3o do evento 'Gabarito Extraoficial PGE ES Procurador'!","breadcrumb":{"@id":"https:\/\/cj.estrategia.com\/portal\/gabarito-extraoficial-pge-es-procurador\/#breadcrumb"},"inLanguage":"pt-BR","potentialAction":[{"@type":"ReadAction","target":["https:\/\/cj.estrategia.com\/portal\/gabarito-extraoficial-pge-es-procurador\/"]}]},{"@type":"ImageObject","inLanguage":"pt-BR","@id":"https:\/\/cj.estrategia.com\/portal\/gabarito-extraoficial-pge-es-procurador\/#primaryimage","url":"https:\/\/cj.estrategia.com\/portal\/wp-content\/uploads\/2023\/03\/26162416\/1280-720-max-2.png","contentUrl":"https:\/\/cj.estrategia.com\/portal\/wp-content\/uploads\/2023\/03\/26162416\/1280-720-max-2.png","width":1280,"height":720},{"@type":"BreadcrumbList","@id":"https:\/\/cj.estrategia.com\/portal\/gabarito-extraoficial-pge-es-procurador\/#breadcrumb","itemListElement":[{"@type":"ListItem","position":1,"name":"In\u00edcio","item":"https:\/\/cj.estrategia.com\/portal\/"},{"@type":"ListItem","position":2,"name":"Gabarito Extraoficial PGE ES Procurador: veja seu desempenho!"}]},{"@type":"WebSite","@id":"https:\/\/cj.estrategia.com\/portal\/#website","url":"https:\/\/cj.estrategia.com\/portal\/","name":"Blog - Carreiras Jur\u00eddicas - Estrat\u00e9gia","description":"","publisher":{"@id":"https:\/\/cj.estrategia.com\/portal\/#organization"},"potentialAction":[{"@type":"SearchAction","target":{"@type":"EntryPoint","urlTemplate":"https:\/\/cj.estrategia.com\/portal\/?s={search_term_string}"},"query-input":{"@type":"PropertyValueSpecification","valueRequired":true,"valueName":"search_term_string"}}],"inLanguage":"pt-BR"},{"@type":"Organization","@id":"https:\/\/cj.estrategia.com\/portal\/#organization","name":"Estrat\u00e9gia - Carreiras Jur\u00eddicas","url":"https:\/\/cj.estrategia.com\/portal\/","logo":{"@type":"ImageObject","inLanguage":"pt-BR","@id":"https:\/\/cj.estrategia.com\/portal\/#\/schema\/logo\/image\/","url":"https:\/\/cj.estrategia.com\/portal\/wp-content\/uploads\/2022\/03\/11151052\/cj-logo.png","contentUrl":"https:\/\/cj.estrategia.com\/portal\/wp-content\/uploads\/2022\/03\/11151052\/cj-logo.png","width":150,"height":39,"caption":"Estrat\u00e9gia - Carreiras Jur\u00eddicas"},"image":{"@id":"https:\/\/cj.estrategia.com\/portal\/#\/schema\/logo\/image\/"},"sameAs":["https:\/\/www.facebook.com\/estrategiacarreirajuridica\/","https:\/\/x.com\/EstratJuridica","https:\/\/www.instagram.com\/estrategiacarreirajuridica\/","https:\/\/www.youtube.com\/channel\/UClbMGuYbj2Mh1m3w144ETWQ"]},{"@type":"Person","@id":"https:\/\/cj.estrategia.com\/portal\/#\/schema\/person\/4d70317d31449932b99102916b6637f5","name":"Coordena\u00e7\u00e3o","image":{"@type":"ImageObject","inLanguage":"pt-BR","@id":"https:\/\/cj.estrategia.com\/portal\/wp-content\/uploads\/2022\/05\/12164923\/estrategia-carreira-juridica-coordenacao-96x96.png","url":"https:\/\/cj.estrategia.com\/portal\/wp-content\/uploads\/2022\/05\/12164923\/estrategia-carreira-juridica-coordenacao-96x96.png","contentUrl":"https:\/\/cj.estrategia.com\/portal\/wp-content\/uploads\/2022\/05\/12164923\/estrategia-carreira-juridica-coordenacao-96x96.png","caption":"Coordena\u00e7\u00e3o"},"url":"https:\/\/cj.estrategia.com\/portal\/author\/coordenacao\/"}]}},"jetpack_featured_media_url":"https:\/\/cj.estrategia.com\/portal\/wp-content\/uploads\/2023\/03\/26162416\/1280-720-max-2.png","jetpack_sharing_enabled":true,"_links":{"self":[{"href":"https:\/\/cj.estrategia.com\/portal\/wp-json\/wp\/v2\/posts\/32134","targetHints":{"allow":["GET"]}}],"collection":[{"href":"https:\/\/cj.estrategia.com\/portal\/wp-json\/wp\/v2\/posts"}],"about":[{"href":"https:\/\/cj.estrategia.com\/portal\/wp-json\/wp\/v2\/types\/post"}],"author":[{"embeddable":true,"href":"https:\/\/cj.estrategia.com\/portal\/wp-json\/wp\/v2\/users\/12"}],"replies":[{"embeddable":true,"href":"https:\/\/cj.estrategia.com\/portal\/wp-json\/wp\/v2\/comments?post=32134"}],"version-history":[{"count":45,"href":"https:\/\/cj.estrategia.com\/portal\/wp-json\/wp\/v2\/posts\/32134\/revisions"}],"predecessor-version":[{"id":32388,"href":"https:\/\/cj.estrategia.com\/portal\/wp-json\/wp\/v2\/posts\/32134\/revisions\/32388"}],"wp:featuredmedia":[{"embeddable":true,"href":"https:\/\/cj.estrategia.com\/portal\/wp-json\/wp\/v2\/media\/32140"}],"wp:attachment":[{"href":"https:\/\/cj.estrategia.com\/portal\/wp-json\/wp\/v2\/media?parent=32134"}],"wp:term":[{"taxonomy":"category","embeddable":true,"href":"https:\/\/cj.estrategia.com\/portal\/wp-json\/wp\/v2\/categories?post=32134"},{"taxonomy":"post_tag","embeddable":true,"href":"https:\/\/cj.estrategia.com\/portal\/wp-json\/wp\/v2\/tags?post=32134"},{"taxonomy":"tax_estado","embeddable":true,"href":"https:\/\/cj.estrategia.com\/portal\/wp-json\/wp\/v2\/tax_estado?post=32134"}],"curies":[{"name":"wp","href":"https:\/\/api.w.org\/{rel}","templated":true}]}}