{"id":32128,"date":"2023-03-27T18:10:00","date_gmt":"2023-03-27T21:10:00","guid":{"rendered":"https:\/\/cj.estrategia.com\/portal\/?p=32128"},"modified":"2023-03-26T23:00:07","modified_gmt":"2023-03-27T02:00:07","slug":"evento-ecj-curso-intensivo-de-reta-final-pgm-sp","status":"publish","type":"post","link":"https:\/\/cj.estrategia.com\/portal\/evento-ecj-curso-intensivo-de-reta-final-pgm-sp\/","title":{"rendered":"Curso Intensivo de Reta Final PGM SP! PARTICIPE!"},"content":{"rendered":"\n<p>Vai come\u00e7ar a <strong>RETA FINAL<\/strong> de prepara\u00e7\u00e3o para o concurso <strong>Procurador PGM SP.<\/strong> S\u00e3o 32 vagas  com vencimento inicial de <strong>R$ 10.402,37. <\/strong><\/p>\n\n\n\n<p>E para te ajudar, a equipe do<strong> Estrat\u00e9gia Carreiras Jur\u00eddicas<\/strong> preparou 17 encontro de muito conte\u00fado, dicas e materiais exclusivos para te colocar na lista de aprovados do concurso <strong>Procurador PGM SP.<\/strong><\/p>\n\n\n\n<p>Ent\u00e3o, <strong>ANOTA A\u00cd<\/strong>: HOJE, 27 de mar\u00e7o, \u00e0s 19h, daremos in\u00edcio a esta jornada com o professor Felipe Duque.<\/p>\n\n\n\n<p>Clique no v\u00eddeo abaixo e acompanhe <em>AO VIVO:<\/em><\/p>\n\n\n\n<figure class=\"wp-block-embed is-type-video is-provider-youtube wp-block-embed-youtube wp-embed-aspect-16-9 wp-has-aspect-ratio\"><div class=\"wp-block-embed__wrapper\">\n<div class=\"cs-embed cs-embed-responsive\"><iframe title=\"Curso Intensivo de Reta Final: PGM SP (P\u00f3s-edital) - Direito Tribut\u00e1rio - Prof. Felipe Duque\" width=\"1200\" height=\"675\" src=\"https:\/\/www.youtube.com\/embed\/mSJxckqMQF8?feature=oembed\" frameborder=\"0\" allow=\"accelerometer; autoplay; clipboard-write; encrypted-media; gyroscope; picture-in-picture; web-share\" allowfullscreen><\/iframe><\/div>\n<\/div><\/figure>\n\n\n\n<p><\/p>\n\n\n\n<h2 class=\"wp-block-heading\" id=\"h-programacao\"><span id=\"programacao\">Programa\u00e7\u00e3o<\/span><\/h2>\n\n\n\n<p>Confira baixo a programa\u00e7\u00e3o completa:<\/p>\n\n\n\n<figure class=\"wp-block-table is-style-stripes\"><table><tbody><tr><td>Data<\/td><td>Dia<\/td><td>Hor\u00e1rio<\/td><td>Disciplina<\/td><td>Professor<\/td><\/tr><tr><td>27\/03\/23<\/td><td>Segunda-feira<\/td><td>19:00<\/td><td>Direito Tribut\u00e1rio<\/td><td>Felipe Duque<\/td><\/tr><tr><td>27\/03\/23<\/td><td>Segunda-feira<\/td><td>20:30<\/td><td>Direito Administrativo<\/td><td>Rodolfo Penna<\/td><\/tr><tr><td>28\/03\/23<\/td><td>Ter\u00e7a-feira<\/td><td>19:00<\/td><td>Tributos Municipais<\/td><td>Felipe Duque<\/td><\/tr><tr><td>28\/03\/23<\/td><td>Ter\u00e7a-feira<\/td><td>20:30<\/td><td>Processo do Trabalho<\/td><td>Lucas Pessoa<\/td><\/tr><tr><td>29\/03\/23<\/td><td>Quarta-feira<\/td><td>19:00<\/td><td>Fazenda P\u00fablica em Ju\u00edzo<\/td><td>Igor Maciel<\/td><\/tr><tr><td>29\/03\/23<\/td><td>Quarta-feira<\/td><td>20:30<\/td><td>Direito Previdenci\u00e1rio<\/td><td>Rubens Maur\u00edcio<\/td><\/tr><tr><td>30\/03\/23<\/td><td>Quinta-feira<\/td><td>19:00<\/td><td>Direito Civil<\/td><td>Josias Barcelos<\/td><\/tr><tr><td>30\/03\/23<\/td><td>Quinta-feira<\/td><td>20:30<\/td><td>Direito do Trabalho<\/td><td>Felipe Fernandes<\/td><\/tr><tr><td>31\/03\/23<\/td><td>Sexta-feira<\/td><td>19:00<\/td><td>Direito Financeiro<\/td><td>Marcel Torres<\/td><\/tr><tr><td>31\/03\/23<\/td><td>Sexta-feira<\/td><td>20:30<\/td><td>Difusos e Coletivos (foco em Ambiental )<\/td><td>Thiago Leite<\/td><\/tr><tr><td>03\/04\/23<\/td><td>Segunda-feira<\/td><td>19:00<\/td><td>Difusos e Coletivos (foco em Ambiental )<\/td><td>Thiago Leite<\/td><\/tr><tr><td>03\/04\/23<\/td><td>Segunda-feira<\/td><td>20:30<\/td><td>Direito Constitucional<\/td><td>Nelma Fontana<\/td><\/tr><tr><td>04\/04\/23<\/td><td>Ter\u00e7a-feira<\/td><td>19:00<\/td><td>Fazenda P\u00fablica em Ju\u00edzo<\/td><td>Igor Maciel<\/td><\/tr><tr><td>04\/04\/23<\/td><td>Ter\u00e7a-feira<\/td><td>20:30<\/td><td>Direito Constitucional<\/td><td>Nelma Fontana<\/td><\/tr><tr><td>05\/04\/23<\/td><td>Quarta-feira<\/td><td>19:00<\/td><td>Direito Constitucional<\/td><td>Nelma Fontana<\/td><\/tr><tr><td>05\/04\/23<\/td><td>Quarta-feira<\/td><td>20:30<\/td><td>Direito Administrativo<\/td><td>Rodolfo Penna<\/td><\/tr><tr><td>06\/04\/23<\/td><td>Quinta-feira<\/td><td>19:00<\/td><td>Difusos e Coletivos (foco em Urban\u00edstico )<\/td><td>Joana Portela<\/td><\/tr><tr><td>06\/04\/23<\/td><td>Quinta-feira<\/td><td>20:30<\/td><td>Direito Administrativo<\/td><td>Rodolfo Penna<\/td><\/tr><tr><td>07\/04\/23<\/td><td>Sexta-feira<\/td><td>19:00<\/td><td>Direito Administrativo<\/td><td>Rodolfo Penna<\/td><\/tr><tr><td>07\/04\/23<\/td><td>Sexta-feira<\/td><td>20:30<\/td><td>Direito Administrativo<\/td><td>Rodolfo Penna<\/td><\/tr><tr><td>10\/04\/23<\/td><td>Segunda-feira<\/td><td>19:00<\/td><td>Direito Processual Civil<\/td><td>Rodrigo Vaslin<\/td><\/tr><tr><td>10\/04\/23<\/td><td>Segunda-feira<\/td><td>20:30<\/td><td>Direito Processual Civil<\/td><td>Rodrigo Vaslin<\/td><\/tr><\/tbody><\/table><\/figure>\n\n\n\n<h2 class=\"wp-block-heading\" id=\"h-concurso-pgm-sp-detalhes\"><span id=\"concurso-pgm-sp-detalhes\">Concurso PGM SP: detalhes<\/span><\/h2>\n\n\n\n<p>A Procuradoria Geral do Munic\u00edpio de S\u00e3o Paulo (PGM-SP) publicou o edital para o seu concurso p\u00fablico, com oferta de 32 vagas para o cargo de Procurador do Munic\u00edpio. O certame est\u00e1 sendo organizado pelo Cebraspe.<\/p>\n\n\n\n<p>A remunera\u00e7\u00e3o inicial oferecida \u00e9 de R$ 10.402,37 mensais. A carreira de Procurador do Munic\u00edpio de S\u00e3o Paulo se organiza em\u00a0<strong><em>tr\u00eas n\u00edveis<\/em><\/strong>, <\/p>\n\n\n\n<ul class=\"wp-block-list\">\n<li>Procurador I (classe inicial), <\/li>\n\n\n\n<li>Procurador II e <\/li>\n\n\n\n<li>Procurador III. <\/li>\n<\/ul>\n\n\n\n<p>Al\u00e9m da progress\u00e3o vertical, o cargo conta com uma progress\u00e3o horizontal, em\u00a0<strong><em>cinco n\u00edveis<\/em><\/strong>, ou seja, no caso de Procurador III o concursado poder\u00e1 atingir remunera\u00e7\u00e3o de <strong>R$ 35.462,22 <\/strong>de acordo com o Portal da Transpar\u00eancia de S\u00e3o Paulo.<\/p>\n\n\n\n<p class=\"has-text-align-center has-background has-medium-font-size\" style=\"background:linear-gradient(135deg,rgb(202,248,128) 67%,rgb(113,206,126) 100%)\"><strong>Saiba mais:<\/strong> <a href=\"https:\/\/cj.estrategia.com\/portal\/concurso-pgm-sp\/\" target=\"_blank\" >Concurso PGM SP<\/a><\/p>\n\n\n\n<h2 class=\"has-text-align-center wp-block-heading\" id=\"cursos\"><span id=\"quer-saber-tudo-sobre-concursos-previstosconfira-nossos-artigos\">Quer saber tudo sobre concursos previstos?<br>Confira nossos artigos!<\/span><\/h2>\n\n\n\n\n\n<h2 class=\"has-text-align-center wp-block-heading\" id=\"assinatura-cursos-pgm-sp\"><span id=\"quer-se-preparar-para-o-concurso-pgm-sp\">Quer se preparar para o concurso PGM SP?<\/span><\/h2>\n\n\n\n\n\n<div class=\"wp-block-cover\" style=\"min-height:155px;aspect-ratio:unset;\"><img decoding=\"async\" width=\"1890\" height=\"351\" class=\"wp-block-cover__image-background wp-image-8669\" alt=\"Assinaturas Jur\u00eddicas\" src=\"https:\/\/cj.estrategia.com\/portal\/wp-content\/uploads\/2022\/06\/20151253\/concurso-carreiras-juridicas-assinatura-juridica.jpg\" style=\"object-position:78% 43%\" data-object-fit=\"cover\" data-object-position=\"78% 43%\" srcset=\"https:\/\/cj.estrategia.com\/portal\/wp-content\/uploads\/2022\/06\/20151253\/concurso-carreiras-juridicas-assinatura-juridica.jpg 1890w, https:\/\/cj.estrategia.com\/portal\/wp-content\/uploads\/2022\/06\/20151253\/concurso-carreiras-juridicas-assinatura-juridica-300x56.jpg 300w, https:\/\/cj.estrategia.com\/portal\/wp-content\/uploads\/2022\/06\/20151253\/concurso-carreiras-juridicas-assinatura-juridica-1024x190.jpg 1024w, https:\/\/cj.estrategia.com\/portal\/wp-content\/uploads\/2022\/06\/20151253\/concurso-carreiras-juridicas-assinatura-juridica-768x143.jpg 768w, https:\/\/cj.estrategia.com\/portal\/wp-content\/uploads\/2022\/06\/20151253\/concurso-carreiras-juridicas-assinatura-juridica-1536x285.jpg 1536w, https:\/\/cj.estrategia.com\/portal\/wp-content\/uploads\/2022\/06\/20151253\/concurso-carreiras-juridicas-assinatura-juridica-380x71.jpg 380w, https:\/\/cj.estrategia.com\/portal\/wp-content\/uploads\/2022\/06\/20151253\/concurso-carreiras-juridicas-assinatura-juridica-800x149.jpg 800w, https:\/\/cj.estrategia.com\/portal\/wp-content\/uploads\/2022\/06\/20151253\/concurso-carreiras-juridicas-assinatura-juridica-1160x215.jpg 1160w\" sizes=\"(max-width: 1890px) 100vw, 1890px\" \/><span aria-hidden=\"true\" class=\"wp-block-cover__background has-background-dim\"><\/span><div class=\"wp-block-cover__inner-container is-layout-flow wp-block-cover-is-layout-flow\">\n<h3 id=\"faca-a-sua-assinatura\" class=\"titulo-assinatura\"><span style=\"color: #ffffff;\">Fa\u00e7a a sua assinatura!<\/span><\/h3>\n<p class=\"subtitulo-assinatura\" style=\"display:block!important; line-height: 0;\"><span style=\"color: #ffffff;\">Escolha a sua \u00e1rea.<\/span><\/p>\n<a target=\"_blank\" href=\"https:\/\/www.estrategiaconcursos.com.br\/assinaturas-ecj\/\" rel=\"noopener\"><button style=\"border-radius: 10px; text-transform: capitalize;\">Acessar<\/button><\/a>\n<\/div><\/div>\n","protected":false},"excerpt":{"rendered":"Vai come\u00e7ar a RETA FINAL de prepara\u00e7\u00e3o para o concurso Procurador PGM SP. S\u00e3o 32 vagas com vencimento&hellip;\n","protected":false},"author":12,"featured_media":32129,"comment_status":"open","ping_status":"open","sticky":false,"template":"","format":"standard","meta":{"_jetpack_memberships_contains_paid_content":false,"footnotes":""},"categories":[24],"tags":[],"tax_estado":[56],"class_list":{"0":"post-32128","1":"post","2":"type-post","3":"status-publish","4":"format-standard","5":"has-post-thumbnail","7":"category-procuradoria","8":"tax_estado-sp"},"acf":[],"yoast_head":"<!-- This site is optimized with the Yoast SEO Premium plugin v27.5 (Yoast SEO v27.5) - https:\/\/yoast.com\/product\/yoast-seo-premium-wordpress\/ -->\n<title>Curso Intensivo de Reta Final PGM SP! PARTICIPE!<\/title>\n<meta name=\"description\" content=\"O Estrat\u00e9gia Carreiras Jur\u00eddicas preparou 17 encontros visando te colocar na lista de aprovados do concurso Procurador PGM SP. PARTICIPE!\" \/>\n<meta name=\"robots\" content=\"index, follow, max-snippet:-1, max-image-preview:large, max-video-preview:-1\" \/>\n<link rel=\"canonical\" href=\"https:\/\/cj.estrategia.com\/portal\/evento-ecj-curso-intensivo-de-reta-final-pgm-sp\/\" \/>\n<meta property=\"og:locale\" content=\"pt_BR\" \/>\n<meta property=\"og:type\" content=\"article\" \/>\n<meta property=\"og:title\" content=\"Curso Intensivo de Reta Final PGM SP! PARTICIPE!\" \/>\n<meta property=\"og:description\" content=\"O Estrat\u00e9gia Carreiras Jur\u00eddicas preparou 17 encontros visando te colocar na lista de aprovados do concurso Procurador PGM SP. PARTICIPE!\" \/>\n<meta property=\"og:url\" content=\"https:\/\/cj.estrategia.com\/portal\/evento-ecj-curso-intensivo-de-reta-final-pgm-sp\/\" \/>\n<meta property=\"og:site_name\" content=\"Blog - Carreiras Jur\u00eddicas - Estrat\u00e9gia\" \/>\n<meta property=\"article:publisher\" content=\"https:\/\/www.facebook.com\/estrategiacarreirajuridica\/\" \/>\n<meta property=\"article:published_time\" content=\"2023-03-27T21:10:00+00:00\" \/>\n<meta property=\"og:image\" content=\"https:\/\/cj.estrategia.com\/portal\/wp-content\/uploads\/2023\/03\/24220043\/reta-final-pgm-sp.jpg\" \/>\n\t<meta property=\"og:image:width\" content=\"1280\" \/>\n\t<meta property=\"og:image:height\" content=\"720\" \/>\n\t<meta property=\"og:image:type\" content=\"image\/jpeg\" \/>\n<meta name=\"author\" content=\"Coordena\u00e7\u00e3o\" \/>\n<meta name=\"twitter:card\" content=\"summary_large_image\" \/>\n<meta name=\"twitter:creator\" content=\"@EstratJuridica\" \/>\n<meta name=\"twitter:site\" content=\"@EstratJuridica\" \/>\n<meta name=\"twitter:label1\" content=\"Escrito por\" \/>\n\t<meta name=\"twitter:data1\" content=\"Coordena\u00e7\u00e3o\" \/>\n\t<meta name=\"twitter:label2\" content=\"Est. tempo de leitura\" \/>\n\t<meta name=\"twitter:data2\" content=\"3 minutos\" \/>\n<script type=\"application\/ld+json\" class=\"yoast-schema-graph\">{\"@context\":\"https:\\\/\\\/schema.org\",\"@graph\":[{\"@type\":\"NewsArticle\",\"@id\":\"https:\\\/\\\/cj.estrategia.com\\\/portal\\\/evento-ecj-curso-intensivo-de-reta-final-pgm-sp\\\/#article\",\"isPartOf\":{\"@id\":\"https:\\\/\\\/cj.estrategia.com\\\/portal\\\/evento-ecj-curso-intensivo-de-reta-final-pgm-sp\\\/\"},\"author\":{\"name\":\"Coordena\u00e7\u00e3o\",\"@id\":\"https:\\\/\\\/cj.estrategia.com\\\/portal\\\/#\\\/schema\\\/person\\\/4d70317d31449932b99102916b6637f5\"},\"headline\":\"Curso Intensivo de Reta Final PGM SP! PARTICIPE!\",\"datePublished\":\"2023-03-27T21:10:00+00:00\",\"mainEntityOfPage\":{\"@id\":\"https:\\\/\\\/cj.estrategia.com\\\/portal\\\/evento-ecj-curso-intensivo-de-reta-final-pgm-sp\\\/\"},\"wordCount\":405,\"commentCount\":0,\"publisher\":{\"@id\":\"https:\\\/\\\/cj.estrategia.com\\\/portal\\\/#organization\"},\"image\":{\"@id\":\"https:\\\/\\\/cj.estrategia.com\\\/portal\\\/evento-ecj-curso-intensivo-de-reta-final-pgm-sp\\\/#primaryimage\"},\"thumbnailUrl\":\"https:\\\/\\\/cj.estrategia.com\\\/portal\\\/wp-content\\\/uploads\\\/2023\\\/03\\\/24220043\\\/reta-final-pgm-sp.jpg\",\"articleSection\":[\"Procuradoria\"],\"inLanguage\":\"pt-BR\",\"potentialAction\":[{\"@type\":\"CommentAction\",\"name\":\"Comment\",\"target\":[\"https:\\\/\\\/cj.estrategia.com\\\/portal\\\/evento-ecj-curso-intensivo-de-reta-final-pgm-sp\\\/#respond\"]}]},{\"@type\":\"WebPage\",\"@id\":\"https:\\\/\\\/cj.estrategia.com\\\/portal\\\/evento-ecj-curso-intensivo-de-reta-final-pgm-sp\\\/\",\"url\":\"https:\\\/\\\/cj.estrategia.com\\\/portal\\\/evento-ecj-curso-intensivo-de-reta-final-pgm-sp\\\/\",\"name\":\"Curso Intensivo de Reta Final PGM SP! PARTICIPE!\",\"isPartOf\":{\"@id\":\"https:\\\/\\\/cj.estrategia.com\\\/portal\\\/#website\"},\"primaryImageOfPage\":{\"@id\":\"https:\\\/\\\/cj.estrategia.com\\\/portal\\\/evento-ecj-curso-intensivo-de-reta-final-pgm-sp\\\/#primaryimage\"},\"image\":{\"@id\":\"https:\\\/\\\/cj.estrategia.com\\\/portal\\\/evento-ecj-curso-intensivo-de-reta-final-pgm-sp\\\/#primaryimage\"},\"thumbnailUrl\":\"https:\\\/\\\/cj.estrategia.com\\\/portal\\\/wp-content\\\/uploads\\\/2023\\\/03\\\/24220043\\\/reta-final-pgm-sp.jpg\",\"datePublished\":\"2023-03-27T21:10:00+00:00\",\"description\":\"O Estrat\u00e9gia Carreiras Jur\u00eddicas preparou 17 encontros visando te colocar na lista de aprovados do concurso Procurador PGM SP. PARTICIPE!\",\"breadcrumb\":{\"@id\":\"https:\\\/\\\/cj.estrategia.com\\\/portal\\\/evento-ecj-curso-intensivo-de-reta-final-pgm-sp\\\/#breadcrumb\"},\"inLanguage\":\"pt-BR\",\"potentialAction\":[{\"@type\":\"ReadAction\",\"target\":[\"https:\\\/\\\/cj.estrategia.com\\\/portal\\\/evento-ecj-curso-intensivo-de-reta-final-pgm-sp\\\/\"]}]},{\"@type\":\"ImageObject\",\"inLanguage\":\"pt-BR\",\"@id\":\"https:\\\/\\\/cj.estrategia.com\\\/portal\\\/evento-ecj-curso-intensivo-de-reta-final-pgm-sp\\\/#primaryimage\",\"url\":\"https:\\\/\\\/cj.estrategia.com\\\/portal\\\/wp-content\\\/uploads\\\/2023\\\/03\\\/24220043\\\/reta-final-pgm-sp.jpg\",\"contentUrl\":\"https:\\\/\\\/cj.estrategia.com\\\/portal\\\/wp-content\\\/uploads\\\/2023\\\/03\\\/24220043\\\/reta-final-pgm-sp.jpg\",\"width\":1280,\"height\":720},{\"@type\":\"BreadcrumbList\",\"@id\":\"https:\\\/\\\/cj.estrategia.com\\\/portal\\\/evento-ecj-curso-intensivo-de-reta-final-pgm-sp\\\/#breadcrumb\",\"itemListElement\":[{\"@type\":\"ListItem\",\"position\":1,\"name\":\"In\u00edcio\",\"item\":\"https:\\\/\\\/cj.estrategia.com\\\/portal\\\/\"},{\"@type\":\"ListItem\",\"position\":2,\"name\":\"Curso Intensivo de Reta Final PGM SP! PARTICIPE!\"}]},{\"@type\":\"WebSite\",\"@id\":\"https:\\\/\\\/cj.estrategia.com\\\/portal\\\/#website\",\"url\":\"https:\\\/\\\/cj.estrategia.com\\\/portal\\\/\",\"name\":\"Blog - Carreiras Jur\u00eddicas - Estrat\u00e9gia\",\"description\":\"\",\"publisher\":{\"@id\":\"https:\\\/\\\/cj.estrategia.com\\\/portal\\\/#organization\"},\"potentialAction\":[{\"@type\":\"SearchAction\",\"target\":{\"@type\":\"EntryPoint\",\"urlTemplate\":\"https:\\\/\\\/cj.estrategia.com\\\/portal\\\/?s={search_term_string}\"},\"query-input\":{\"@type\":\"PropertyValueSpecification\",\"valueRequired\":true,\"valueName\":\"search_term_string\"}}],\"inLanguage\":\"pt-BR\"},{\"@type\":\"Organization\",\"@id\":\"https:\\\/\\\/cj.estrategia.com\\\/portal\\\/#organization\",\"name\":\"Estrat\u00e9gia - Carreiras Jur\u00eddicas\",\"url\":\"https:\\\/\\\/cj.estrategia.com\\\/portal\\\/\",\"logo\":{\"@type\":\"ImageObject\",\"inLanguage\":\"pt-BR\",\"@id\":\"https:\\\/\\\/cj.estrategia.com\\\/portal\\\/#\\\/schema\\\/logo\\\/image\\\/\",\"url\":\"https:\\\/\\\/cj.estrategia.com\\\/portal\\\/wp-content\\\/uploads\\\/2022\\\/03\\\/11151052\\\/cj-logo.png\",\"contentUrl\":\"https:\\\/\\\/cj.estrategia.com\\\/portal\\\/wp-content\\\/uploads\\\/2022\\\/03\\\/11151052\\\/cj-logo.png\",\"width\":150,\"height\":39,\"caption\":\"Estrat\u00e9gia - Carreiras Jur\u00eddicas\"},\"image\":{\"@id\":\"https:\\\/\\\/cj.estrategia.com\\\/portal\\\/#\\\/schema\\\/logo\\\/image\\\/\"},\"sameAs\":[\"https:\\\/\\\/www.facebook.com\\\/estrategiacarreirajuridica\\\/\",\"https:\\\/\\\/x.com\\\/EstratJuridica\",\"https:\\\/\\\/www.instagram.com\\\/estrategiacarreirajuridica\\\/\",\"https:\\\/\\\/www.youtube.com\\\/channel\\\/UClbMGuYbj2Mh1m3w144ETWQ\"]},{\"@type\":\"Person\",\"@id\":\"https:\\\/\\\/cj.estrategia.com\\\/portal\\\/#\\\/schema\\\/person\\\/4d70317d31449932b99102916b6637f5\",\"name\":\"Coordena\u00e7\u00e3o\",\"image\":{\"@type\":\"ImageObject\",\"inLanguage\":\"pt-BR\",\"@id\":\"https:\\\/\\\/cj.estrategia.com\\\/portal\\\/wp-content\\\/uploads\\\/2022\\\/05\\\/12164923\\\/estrategia-carreira-juridica-coordenacao-96x96.png\",\"url\":\"https:\\\/\\\/cj.estrategia.com\\\/portal\\\/wp-content\\\/uploads\\\/2022\\\/05\\\/12164923\\\/estrategia-carreira-juridica-coordenacao-96x96.png\",\"contentUrl\":\"https:\\\/\\\/cj.estrategia.com\\\/portal\\\/wp-content\\\/uploads\\\/2022\\\/05\\\/12164923\\\/estrategia-carreira-juridica-coordenacao-96x96.png\",\"caption\":\"Coordena\u00e7\u00e3o\"},\"url\":\"https:\\\/\\\/cj.estrategia.com\\\/portal\\\/author\\\/coordenacao\\\/\"}]}<\/script>\n<!-- \/ Yoast SEO Premium plugin. -->","yoast_head_json":{"title":"Curso Intensivo de Reta Final PGM SP! PARTICIPE!","description":"O Estrat\u00e9gia Carreiras Jur\u00eddicas preparou 17 encontros visando te colocar na lista de aprovados do concurso Procurador PGM SP. PARTICIPE!","robots":{"index":"index","follow":"follow","max-snippet":"max-snippet:-1","max-image-preview":"max-image-preview:large","max-video-preview":"max-video-preview:-1"},"canonical":"https:\/\/cj.estrategia.com\/portal\/evento-ecj-curso-intensivo-de-reta-final-pgm-sp\/","og_locale":"pt_BR","og_type":"article","og_title":"Curso Intensivo de Reta Final PGM SP! PARTICIPE!","og_description":"O Estrat\u00e9gia Carreiras Jur\u00eddicas preparou 17 encontros visando te colocar na lista de aprovados do concurso Procurador PGM SP. PARTICIPE!","og_url":"https:\/\/cj.estrategia.com\/portal\/evento-ecj-curso-intensivo-de-reta-final-pgm-sp\/","og_site_name":"Blog - Carreiras Jur\u00eddicas - Estrat\u00e9gia","article_publisher":"https:\/\/www.facebook.com\/estrategiacarreirajuridica\/","article_published_time":"2023-03-27T21:10:00+00:00","og_image":[{"width":1280,"height":720,"url":"https:\/\/cj.estrategia.com\/portal\/wp-content\/uploads\/2023\/03\/24220043\/reta-final-pgm-sp.jpg","type":"image\/jpeg"}],"author":"Coordena\u00e7\u00e3o","twitter_card":"summary_large_image","twitter_creator":"@EstratJuridica","twitter_site":"@EstratJuridica","twitter_misc":{"Escrito por":"Coordena\u00e7\u00e3o","Est. tempo de leitura":"3 minutos"},"schema":{"@context":"https:\/\/schema.org","@graph":[{"@type":"NewsArticle","@id":"https:\/\/cj.estrategia.com\/portal\/evento-ecj-curso-intensivo-de-reta-final-pgm-sp\/#article","isPartOf":{"@id":"https:\/\/cj.estrategia.com\/portal\/evento-ecj-curso-intensivo-de-reta-final-pgm-sp\/"},"author":{"name":"Coordena\u00e7\u00e3o","@id":"https:\/\/cj.estrategia.com\/portal\/#\/schema\/person\/4d70317d31449932b99102916b6637f5"},"headline":"Curso Intensivo de Reta Final PGM SP! PARTICIPE!","datePublished":"2023-03-27T21:10:00+00:00","mainEntityOfPage":{"@id":"https:\/\/cj.estrategia.com\/portal\/evento-ecj-curso-intensivo-de-reta-final-pgm-sp\/"},"wordCount":405,"commentCount":0,"publisher":{"@id":"https:\/\/cj.estrategia.com\/portal\/#organization"},"image":{"@id":"https:\/\/cj.estrategia.com\/portal\/evento-ecj-curso-intensivo-de-reta-final-pgm-sp\/#primaryimage"},"thumbnailUrl":"https:\/\/cj.estrategia.com\/portal\/wp-content\/uploads\/2023\/03\/24220043\/reta-final-pgm-sp.jpg","articleSection":["Procuradoria"],"inLanguage":"pt-BR","potentialAction":[{"@type":"CommentAction","name":"Comment","target":["https:\/\/cj.estrategia.com\/portal\/evento-ecj-curso-intensivo-de-reta-final-pgm-sp\/#respond"]}]},{"@type":"WebPage","@id":"https:\/\/cj.estrategia.com\/portal\/evento-ecj-curso-intensivo-de-reta-final-pgm-sp\/","url":"https:\/\/cj.estrategia.com\/portal\/evento-ecj-curso-intensivo-de-reta-final-pgm-sp\/","name":"Curso Intensivo de Reta Final PGM SP! PARTICIPE!","isPartOf":{"@id":"https:\/\/cj.estrategia.com\/portal\/#website"},"primaryImageOfPage":{"@id":"https:\/\/cj.estrategia.com\/portal\/evento-ecj-curso-intensivo-de-reta-final-pgm-sp\/#primaryimage"},"image":{"@id":"https:\/\/cj.estrategia.com\/portal\/evento-ecj-curso-intensivo-de-reta-final-pgm-sp\/#primaryimage"},"thumbnailUrl":"https:\/\/cj.estrategia.com\/portal\/wp-content\/uploads\/2023\/03\/24220043\/reta-final-pgm-sp.jpg","datePublished":"2023-03-27T21:10:00+00:00","description":"O Estrat\u00e9gia Carreiras Jur\u00eddicas preparou 17 encontros visando te colocar na lista de aprovados do concurso Procurador PGM SP. PARTICIPE!","breadcrumb":{"@id":"https:\/\/cj.estrategia.com\/portal\/evento-ecj-curso-intensivo-de-reta-final-pgm-sp\/#breadcrumb"},"inLanguage":"pt-BR","potentialAction":[{"@type":"ReadAction","target":["https:\/\/cj.estrategia.com\/portal\/evento-ecj-curso-intensivo-de-reta-final-pgm-sp\/"]}]},{"@type":"ImageObject","inLanguage":"pt-BR","@id":"https:\/\/cj.estrategia.com\/portal\/evento-ecj-curso-intensivo-de-reta-final-pgm-sp\/#primaryimage","url":"https:\/\/cj.estrategia.com\/portal\/wp-content\/uploads\/2023\/03\/24220043\/reta-final-pgm-sp.jpg","contentUrl":"https:\/\/cj.estrategia.com\/portal\/wp-content\/uploads\/2023\/03\/24220043\/reta-final-pgm-sp.jpg","width":1280,"height":720},{"@type":"BreadcrumbList","@id":"https:\/\/cj.estrategia.com\/portal\/evento-ecj-curso-intensivo-de-reta-final-pgm-sp\/#breadcrumb","itemListElement":[{"@type":"ListItem","position":1,"name":"In\u00edcio","item":"https:\/\/cj.estrategia.com\/portal\/"},{"@type":"ListItem","position":2,"name":"Curso Intensivo de Reta Final PGM SP! PARTICIPE!"}]},{"@type":"WebSite","@id":"https:\/\/cj.estrategia.com\/portal\/#website","url":"https:\/\/cj.estrategia.com\/portal\/","name":"Blog - Carreiras Jur\u00eddicas - Estrat\u00e9gia","description":"","publisher":{"@id":"https:\/\/cj.estrategia.com\/portal\/#organization"},"potentialAction":[{"@type":"SearchAction","target":{"@type":"EntryPoint","urlTemplate":"https:\/\/cj.estrategia.com\/portal\/?s={search_term_string}"},"query-input":{"@type":"PropertyValueSpecification","valueRequired":true,"valueName":"search_term_string"}}],"inLanguage":"pt-BR"},{"@type":"Organization","@id":"https:\/\/cj.estrategia.com\/portal\/#organization","name":"Estrat\u00e9gia - Carreiras Jur\u00eddicas","url":"https:\/\/cj.estrategia.com\/portal\/","logo":{"@type":"ImageObject","inLanguage":"pt-BR","@id":"https:\/\/cj.estrategia.com\/portal\/#\/schema\/logo\/image\/","url":"https:\/\/cj.estrategia.com\/portal\/wp-content\/uploads\/2022\/03\/11151052\/cj-logo.png","contentUrl":"https:\/\/cj.estrategia.com\/portal\/wp-content\/uploads\/2022\/03\/11151052\/cj-logo.png","width":150,"height":39,"caption":"Estrat\u00e9gia - Carreiras Jur\u00eddicas"},"image":{"@id":"https:\/\/cj.estrategia.com\/portal\/#\/schema\/logo\/image\/"},"sameAs":["https:\/\/www.facebook.com\/estrategiacarreirajuridica\/","https:\/\/x.com\/EstratJuridica","https:\/\/www.instagram.com\/estrategiacarreirajuridica\/","https:\/\/www.youtube.com\/channel\/UClbMGuYbj2Mh1m3w144ETWQ"]},{"@type":"Person","@id":"https:\/\/cj.estrategia.com\/portal\/#\/schema\/person\/4d70317d31449932b99102916b6637f5","name":"Coordena\u00e7\u00e3o","image":{"@type":"ImageObject","inLanguage":"pt-BR","@id":"https:\/\/cj.estrategia.com\/portal\/wp-content\/uploads\/2022\/05\/12164923\/estrategia-carreira-juridica-coordenacao-96x96.png","url":"https:\/\/cj.estrategia.com\/portal\/wp-content\/uploads\/2022\/05\/12164923\/estrategia-carreira-juridica-coordenacao-96x96.png","contentUrl":"https:\/\/cj.estrategia.com\/portal\/wp-content\/uploads\/2022\/05\/12164923\/estrategia-carreira-juridica-coordenacao-96x96.png","caption":"Coordena\u00e7\u00e3o"},"url":"https:\/\/cj.estrategia.com\/portal\/author\/coordenacao\/"}]}},"jetpack_featured_media_url":"https:\/\/cj.estrategia.com\/portal\/wp-content\/uploads\/2023\/03\/24220043\/reta-final-pgm-sp.jpg","jetpack_sharing_enabled":true,"_links":{"self":[{"href":"https:\/\/cj.estrategia.com\/portal\/wp-json\/wp\/v2\/posts\/32128","targetHints":{"allow":["GET"]}}],"collection":[{"href":"https:\/\/cj.estrategia.com\/portal\/wp-json\/wp\/v2\/posts"}],"about":[{"href":"https:\/\/cj.estrategia.com\/portal\/wp-json\/wp\/v2\/types\/post"}],"author":[{"embeddable":true,"href":"https:\/\/cj.estrategia.com\/portal\/wp-json\/wp\/v2\/users\/12"}],"replies":[{"embeddable":true,"href":"https:\/\/cj.estrategia.com\/portal\/wp-json\/wp\/v2\/comments?post=32128"}],"version-history":[{"count":0,"href":"https:\/\/cj.estrategia.com\/portal\/wp-json\/wp\/v2\/posts\/32128\/revisions"}],"wp:featuredmedia":[{"embeddable":true,"href":"https:\/\/cj.estrategia.com\/portal\/wp-json\/wp\/v2\/media\/32129"}],"wp:attachment":[{"href":"https:\/\/cj.estrategia.com\/portal\/wp-json\/wp\/v2\/media?parent=32128"}],"wp:term":[{"taxonomy":"category","embeddable":true,"href":"https:\/\/cj.estrategia.com\/portal\/wp-json\/wp\/v2\/categories?post=32128"},{"taxonomy":"post_tag","embeddable":true,"href":"https:\/\/cj.estrategia.com\/portal\/wp-json\/wp\/v2\/tags?post=32128"},{"taxonomy":"tax_estado","embeddable":true,"href":"https:\/\/cj.estrategia.com\/portal\/wp-json\/wp\/v2\/tax_estado?post=32128"}],"curies":[{"name":"wp","href":"https:\/\/api.w.org\/{rel}","templated":true}]}}