{"id":30479,"date":"2023-06-23T16:05:00","date_gmt":"2023-06-23T19:05:00","guid":{"rendered":"https:\/\/cj.estrategia.com\/portal\/?p=30479"},"modified":"2024-03-07T21:40:33","modified_gmt":"2024-03-08T00:40:33","slug":"concurso-previdencia-osasco-procurador","status":"publish","type":"post","link":"https:\/\/cj.estrategia.com\/portal\/concurso-previdencia-osasco-procurador\/","title":{"rendered":"Concurso Previd\u00eancia Osasco: classifica\u00e7\u00e3o final divulgada!"},"content":{"rendered":"<a id=\"cta-icon\" href=\"https:\/\/sndflw.com\/i\/procuradorias-grupo\" target=\"blank\" style=\"background:rgb(41,166,26)\">\n            <img decoding=\"async\" src=\"https:\/\/cj.estrategia.com\/portal\/wp-content\/uploads\/2023\/12\/07160657\/whatsapp_1385.webp\" alt=\"\" alt=\"whatsapp_1385\"><span > Acesse agora o Grupo de Estudos para Concurso de Procuradorias <\/span><\/a>\n\n\n\n<p>O Presidente do Instituto de Previd\u00eancia do Munic\u00edpio de Osasco \u2013 IPMO, por meio da RBO, banca respons\u00e1vel pela organiza\u00e7\u00e3o do Concurso Previd\u00eancia Osasco publicou o edital de classifica\u00e7\u00e3o final no certame. Confira documento completo abaixo: <\/p>\n\n\n\n<ul class=\"wp-block-list\">\n<li><a href=\"https:\/\/www.concursosrbo.com.br\/Projetos\/abrir-link.aspx?id=N2u2nZMpcHM=\" target=\"_blank\" >Edital de Classifica\u00e7\u00e3o Final<\/a><\/li>\n<\/ul>\n\n\n\n<p>O edital do concurso oferta 1 vaga imediata + cadastro de reserva para o cargo de Procurador. <\/p>\n\n\n\n<ul class=\"has-very-light-gray-to-cyan-bluish-gray-gradient-background has-background wp-block-list\">\n<li><strong>Concurso Previd\u00eancia Osasco Procurador <\/strong><\/li>\n\n\n\n<li><strong>Status:\u00a0<\/strong>edital publicado<\/li>\n\n\n\n<li><strong>Banca:\u00a0<\/strong>RBO<\/li>\n\n\n\n<li><strong>Vagas:\u00a0<\/strong>01 + CR<\/li>\n\n\n\n<li><strong>Sal\u00e1rio inicial:<\/strong>\u00a0R$ 7.370,72<\/li>\n\n\n\n<li><a href=\"https:\/\/cj.estrategia.com\/portal\/wp-content\/uploads\/2023\/02\/28090318\/3700-78P.pdf\" target=\"_blank\" >Edital Previd\u00eancia Osasco Procurador <\/a><\/li>\n<\/ul>\n\n\n\n<ul class=\"wp-block-list\">\n<li><a href=\"#atual\">Situa\u00e7\u00e3o atual<\/a><\/li>\n\n\n\n<li><a href=\"#carreira\">Carreira<\/a><\/li>\n\n\n\n<li><a href=\"#cargo\">Cargos e Vagas<\/a><\/li>\n\n\n\n<li><a href=\"#remunera\u00e7\u00e3o\">Remunera\u00e7\u00e3o<\/a><\/li>\n\n\n\n<li><a href=\"#requsitos\">Requisitos<\/a><\/li>\n\n\n\n<li><a href=\"#etapas\">Etapas<\/a> <\/li>\n\n\n\n<li><a href=\"#curso\">Cursos e Assinaturas<\/a><\/li>\n\n\n\n<li><a href=\"#ficha\">Ficha T\u00e9cnica<\/a><\/li>\n<\/ul>\n\n\n\n<h2 class=\"wp-block-heading\" id=\"atual\"><span id=\"concurso-previdencia-osasco-situacao-atual\">Concurso Previd\u00eancia Osasco: situa\u00e7\u00e3o atual<\/span><\/h2>\n\n\n\n<p><\/p>\n\n\n\n<h2 class=\"wp-block-heading\" id=\"h-resultados\"><span id=\"resultados\">Resultados<\/span><\/h2>\n\n\n\n<p><a href=\"https:\/\/www.concursosrbo.com.br\/Projetos\/abrir-link.aspx?id=N2u2nZMpcHM=\" target=\"_blank\" >Edital de Classifica\u00e7\u00e3o Final<\/a><\/p>\n\n\n\n<p><a href=\"https:\/\/www.concursosrbo.com.br\/Projetos\/abrir-link.aspx?id=SVJt+1h8BDU=\" target=\"_blank\" >Edital de Homologa\u00e7\u00e3o<\/a><\/p>\n\n\n\n<p><a href=\"https:\/\/www.concursosrbo.com.br\/Projetos\/abrir-link.aspx?id=FYck2RTpAnE=\" target=\"_blank\" >Edital de Notas das Provas Objetivas<\/a><\/p>\n\n\n\n<p><a href=\"https:\/\/www.concursosrbo.com.br\/Projetos\/abrir-link.aspx?id=rfpK+lYCUcI=\" target=\"_blank\" >Edital de Classifica\u00e7\u00e3o Preliminar<\/a><\/p>\n\n\n\n<p><a href=\"https:\/\/www.concursosrbo.com.br\/Projetos\/abrir-link.aspx?id=VQlLhwBI794=\" target=\"_blank\" >Gabarito Oficial ap\u00f3s Recursos<\/a><\/p>\n\n\n\n<h2 class=\"wp-block-heading\" id=\"h-principais-datas\"><span id=\"principais-datas\">Principais datas<\/span><\/h2>\n\n\n\n<p class=\"has-pale-ocean-gradient-background has-background\"><strong>Inscri\u00e7\u00f5es: <s>27\/02 a 31\/03\/2023<\/s><br>Taxa: R$ 60<br>Prova: 30\/04\/2023<\/strong><\/p>\n\n\n\n<h2 class=\"wp-block-heading\" id=\"carreira\"><span id=\"concurso-previdencia-osasco-carreira\">Concurso Previd\u00eancia Osasco: carreira<\/span><\/h2>\n\n\n\n<h3 class=\"wp-block-heading\" id=\"cargo\"><span id=\"cargos-e-vagas\">Cargos e Vagas<\/span><\/h3>\n\n\n\n<ul class=\"wp-block-list\">\n<li>PROCURADOR \u2013 1 + CR<\/li>\n<\/ul>\n\n\n\n<h3 class=\"wp-block-heading\" id=\"remunera\u00e7\u00e3o\"><span id=\"remuneracao-do-cargo-de-procurador\">Remunera\u00e7\u00e3o do cargo de Procurador <\/span><\/h3>\n\n\n\n<ul class=\"wp-block-list\">\n<li>PROCURADOR \u2013 R$ 7.370,72<\/li>\n<\/ul>\n\n\n\n<h3 class=\"wp-block-heading\" id=\"requisitos\">Requisitos <\/h3>\n\n\n\n<p>Ensino superior completo em Direito e registro na OAB.<\/p>\n\n\n\n<h2 class=\"wp-block-heading\" id=\"etapa\"><span id=\"concurso-previdencia-osasco-etapas\">Concurso Previd\u00eancia Osasco: etapas<\/span><\/h2>\n\n\n<div class=\"wp-block-image\">\n<figure class=\"aligncenter size-full\"><img decoding=\"async\" width=\"942\" height=\"171\" src=\"https:\/\/cj.estrategia.com\/portal\/wp-content\/uploads\/2023\/02\/28085458\/image-9.png\" alt=\"\" class=\"wp-image-30489\" srcset=\"https:\/\/cj.estrategia.com\/portal\/wp-content\/uploads\/2023\/02\/28085458\/image-9.png 942w, https:\/\/cj.estrategia.com\/portal\/wp-content\/uploads\/2023\/02\/28085458\/image-9-300x54.png 300w, https:\/\/cj.estrategia.com\/portal\/wp-content\/uploads\/2023\/02\/28085458\/image-9-768x139.png 768w, https:\/\/cj.estrategia.com\/portal\/wp-content\/uploads\/2023\/02\/28085458\/image-9-380x69.png 380w, https:\/\/cj.estrategia.com\/portal\/wp-content\/uploads\/2023\/02\/28085458\/image-9-800x145.png 800w, https:\/\/cj.estrategia.com\/portal\/wp-content\/uploads\/2023\/02\/28085458\/image-9-150x27.png 150w\" sizes=\"(max-width: 942px) 100vw, 942px\" \/><figcaption class=\"wp-element-caption\">Etapas do concurso IMPO Procurador <\/figcaption><\/figure>\n<\/div>\n\n\n<h3 id=\"prova-objetiva\" class=\"wp-block-heading\">PROVA OBJETIVA<\/h3>\n\n\n\n<p>A Prova Objetiva ser\u00e1 avaliada na escala de 0 (zero) a 100 (cem) pontos e ter\u00e1 car\u00e1ter eliminat\u00f3rio e classificat\u00f3rio.<\/p>\n\n\n\n<p>Ser\u00e1 considerado habilitado na Prova Objetiva o candidato que obtiver total de pontos igual ou superior a 50 (cinquenta).<\/p>\n\n\n\n<h3 id=\"disciplinas\" class=\"wp-block-heading\">Disciplinas<\/h3>\n\n\n\n<p>L\u00cdNGUA PORTUGUESA <br>Direito Administrativo<br>Direito Constitucional<br>Direito Tribut\u00e1rio<br>Direito Civil<br>Direito Processual Civil<br>Direito Penal e Processo Penal<br>Direito do Trabalho<br>Legisla\u00e7\u00e3o Municipal<br>Direito Previdenci\u00e1rio<br><\/p>\n\n\n\n<h3 id=\"prova-dissertativa\" class=\"wp-block-heading\">PROVA DISSERTATIVA<\/h3>\n\n\n\n<p>A prova dissertativa ser\u00e1 aplicada o cargo de Procurador, na mesma data, hor\u00e1rio e local da prova objetiva.<\/p>\n\n\n<div class=\"wp-block-image\">\n<figure class=\"aligncenter size-large\"><img decoding=\"async\" width=\"1024\" height=\"103\" src=\"https:\/\/cj.estrategia.com\/portal\/wp-content\/uploads\/2023\/02\/28085726\/image-10-1024x103.png\" alt=\"\" class=\"wp-image-30494\" srcset=\"https:\/\/cj.estrategia.com\/portal\/wp-content\/uploads\/2023\/02\/28085726\/image-10-1024x103.png 1024w, https:\/\/cj.estrategia.com\/portal\/wp-content\/uploads\/2023\/02\/28085726\/image-10-300x30.png 300w, https:\/\/cj.estrategia.com\/portal\/wp-content\/uploads\/2023\/02\/28085726\/image-10-768x77.png 768w, https:\/\/cj.estrategia.com\/portal\/wp-content\/uploads\/2023\/02\/28085726\/image-10-380x38.png 380w, https:\/\/cj.estrategia.com\/portal\/wp-content\/uploads\/2023\/02\/28085726\/image-10-800x80.png 800w, https:\/\/cj.estrategia.com\/portal\/wp-content\/uploads\/2023\/02\/28085726\/image-10-150x15.png 150w, https:\/\/cj.estrategia.com\/portal\/wp-content\/uploads\/2023\/02\/28085726\/image-10.png 1088w\" sizes=\"(max-width: 1024px) 100vw, 1024px\" \/><figcaption class=\"wp-element-caption\">Prova Dissertativa<\/figcaption><\/figure>\n<\/div>\n\n\n<p>A Prova dissertativa consistir\u00e1 na elabora\u00e7\u00e3o de 1 (uma) quest\u00e3o te\u00f3rico-pr\u00e1tica, que dever\u00e1 ser respondida com um texto dissertativo argumentativo, que versar\u00e1 sobre o conte\u00fado program\u00e1tico.<\/p>\n\n\n\n<p>A prova dissertativa ter\u00e1 car\u00e1ter eliminat\u00f3rio e classificat\u00f3rio e ser\u00e1 avaliada na escala de 0 (zero) a 10 (dez) pontos.<\/p>\n\n\n\n<p>Ser\u00e1 considerado habilitado na Prova Dissertativa o candidato que obtiver total de pontos igual ou superior a 5 (cinco).<\/p>\n\n\n\n<p class=\"has-text-align-center has-luminous-vivid-amber-background-color has-background has-medium-font-size\"><strong>Concursos de Procuradorias: <a href=\"https:\/\/www.youtube.com\/channel\/UClbMGuYbj2Mh1m3w144ETWQ\" target=\"_blank\" >Youtube Estrat\u00e9gia Carreiras Jur\u00eddicas<\/a><\/strong><\/p>\n\n\n\n<h2 class=\"wp-block-heading has-text-align-center\" id=\"curso\"><span id=\"cursos-para-concursos-de-procuradorias\"><em><strong>Cursos para concursos de Procuradorias<\/strong><\/em><\/span><\/h2>\n\n\n\n\n\n<div class=\"container\" id=\"boxes\">\n  <div class=\"row\">\n\n    <div class=\"col-sm\">\n      <div class=\"banner-estrategia-concursos-juridicos\" id=\"box-assinatura\">\n        <h3 id=\"curso-para-procuradorias\" class=\"titulo-assinatura\">Curso para Procuradorias <\/h3>\n        <p class=\"subtitulo-assinatura\">Cursos focados no edital do concurso<\/p>\n        <div class=\"box-botao\">\n          <a class=\"btn-assinatura-juridica\" target=\"_blank\" href=\"https:\/\/www.estrategiaconcursos.com.br\/cursosPorConcurso\/assinaturas-carreira-juridica\/\" role=\"button\" rel=\"noopener noreferrer\">Conhe\u00e7a mais<\/a>\n        <\/div>\n      <\/div>\n      <p class=\"texto-auxiliar\">Prepare-se com o melhor material e com quem mais aprova em concursos de Procuradorias em todo o pa\u00eds. \n<\/p>\n    <\/div>\n\n  <\/div>\n<\/div>\n\n\n\n<figure class=\"wp-block-image size-large is-resized\"><img decoding=\"async\" src=\"https:\/\/dhg1h5j42swfq.cloudfront.net\/2021\/08\/03075659\/ficha-tecnica-1-1024x632.png\" alt=\"\" class=\"wp-image-827472\" style=\"width:297px;height:183px\"\/><\/figure>\n\n\n\n<p id=\"ficha\"><span style=\"font-size: 14pt;\"><strong>Informa\u00e7\u00f5es do concurso P<\/strong><\/span><strong>revid\u00eancia Osasco Procurador<\/strong><\/p>\n\n\n\n<p>\u25ba<strong>Data prevista<\/strong>: 30\/04\/2023<br>\u25ba<strong>Vagas<\/strong>: 1 + CR<br>\u25ba<strong>Cargos<\/strong>: Procurador <br>\u25ba<strong>Banca<\/strong>: RBO<br>\u25ba<strong>Escolaridade<\/strong>: Bacharelado em Direito <strong>+<\/strong> OAB<br>\u25ba<strong>Edital<\/strong>: <a href=\"https:\/\/cj.estrategia.com\/portal\/wp-content\/uploads\/2023\/02\/28090318\/3700-78P.pdf\" target=\"_blank\" >Edital Previd\u00eancia Osasco Procurador <\/a><\/p>\n\n\n\n<p><\/p>\n","protected":false},"excerpt":{"rendered":"O Presidente do Instituto de Previd\u00eancia do Munic\u00edpio de Osasco \u2013 IPMO, por meio da RBO, banca respons\u00e1vel&hellip;\n","protected":false},"author":12,"featured_media":32651,"comment_status":"open","ping_status":"open","sticky":false,"template":"","format":"standard","meta":{"_jetpack_memberships_contains_paid_content":false,"footnotes":""},"categories":[24],"tags":[],"tax_estado":[56],"class_list":{"0":"post-30479","1":"post","2":"type-post","3":"status-publish","4":"format-standard","5":"has-post-thumbnail","7":"category-procuradoria","8":"tax_estado-sp"},"acf":[],"yoast_head":"<!-- This site is optimized with the Yoast SEO Premium plugin v27.5 (Yoast SEO v27.5) - https:\/\/yoast.com\/product\/yoast-seo-premium-wordpress\/ -->\n<title>Concurso Previd\u00eancia Osasco: classifica\u00e7\u00e3o final divulgada!<\/title>\n<meta name=\"description\" content=\"Concurso Previd\u00eancia Osasco: edital publicado para Procurador!\" \/>\n<meta name=\"robots\" content=\"index, follow, max-snippet:-1, max-image-preview:large, max-video-preview:-1\" \/>\n<link rel=\"canonical\" href=\"https:\/\/cj.estrategia.com\/portal\/concurso-previdencia-osasco-procurador\/\" \/>\n<meta property=\"og:locale\" content=\"pt_BR\" \/>\n<meta property=\"og:type\" content=\"article\" \/>\n<meta property=\"og:title\" content=\"Concurso Previd\u00eancia Osasco: classifica\u00e7\u00e3o final divulgada!\" \/>\n<meta property=\"og:description\" content=\"Concurso Previd\u00eancia Osasco: edital publicado para Procurador!\" \/>\n<meta property=\"og:url\" content=\"https:\/\/cj.estrategia.com\/portal\/concurso-previdencia-osasco-procurador\/\" \/>\n<meta property=\"og:site_name\" content=\"Blog - Carreiras Jur\u00eddicas - Estrat\u00e9gia\" \/>\n<meta property=\"article:publisher\" content=\"https:\/\/www.facebook.com\/estrategiacarreirajuridica\/\" \/>\n<meta property=\"article:published_time\" content=\"2023-06-23T19:05:00+00:00\" \/>\n<meta property=\"article:modified_time\" content=\"2024-03-08T00:40:33+00:00\" \/>\n<meta property=\"og:image\" content=\"https:\/\/cj.estrategia.com\/portal\/wp-content\/uploads\/2023\/02\/31071441\/1629216015201.jpg\" \/>\n\t<meta property=\"og:image:width\" content=\"362\" \/>\n\t<meta property=\"og:image:height\" content=\"362\" \/>\n\t<meta property=\"og:image:type\" content=\"image\/jpeg\" \/>\n<meta name=\"author\" content=\"Coordena\u00e7\u00e3o\" \/>\n<meta name=\"twitter:card\" content=\"summary_large_image\" \/>\n<meta name=\"twitter:creator\" content=\"@EstratJuridica\" \/>\n<meta name=\"twitter:site\" content=\"@EstratJuridica\" \/>\n<meta name=\"twitter:label1\" content=\"Escrito por\" \/>\n\t<meta name=\"twitter:data1\" content=\"Coordena\u00e7\u00e3o\" \/>\n\t<meta name=\"twitter:label2\" content=\"Est. tempo de leitura\" \/>\n\t<meta name=\"twitter:data2\" content=\"3 minutos\" \/>\n<script type=\"application\/ld+json\" class=\"yoast-schema-graph\">{\"@context\":\"https:\\\/\\\/schema.org\",\"@graph\":[{\"@type\":\"NewsArticle\",\"@id\":\"https:\\\/\\\/cj.estrategia.com\\\/portal\\\/concurso-previdencia-osasco-procurador\\\/#article\",\"isPartOf\":{\"@id\":\"https:\\\/\\\/cj.estrategia.com\\\/portal\\\/concurso-previdencia-osasco-procurador\\\/\"},\"author\":{\"name\":\"Coordena\u00e7\u00e3o\",\"@id\":\"https:\\\/\\\/cj.estrategia.com\\\/portal\\\/#\\\/schema\\\/person\\\/4d70317d31449932b99102916b6637f5\"},\"headline\":\"Concurso Previd\u00eancia Osasco: classifica\u00e7\u00e3o final divulgada!\",\"datePublished\":\"2023-06-23T19:05:00+00:00\",\"dateModified\":\"2024-03-08T00:40:33+00:00\",\"mainEntityOfPage\":{\"@id\":\"https:\\\/\\\/cj.estrategia.com\\\/portal\\\/concurso-previdencia-osasco-procurador\\\/\"},\"wordCount\":425,\"commentCount\":0,\"publisher\":{\"@id\":\"https:\\\/\\\/cj.estrategia.com\\\/portal\\\/#organization\"},\"image\":{\"@id\":\"https:\\\/\\\/cj.estrategia.com\\\/portal\\\/concurso-previdencia-osasco-procurador\\\/#primaryimage\"},\"thumbnailUrl\":\"https:\\\/\\\/cj.estrategia.com\\\/portal\\\/wp-content\\\/uploads\\\/2023\\\/02\\\/31071441\\\/1629216015201.jpg\",\"articleSection\":[\"Procuradoria\"],\"inLanguage\":\"pt-BR\",\"potentialAction\":[{\"@type\":\"CommentAction\",\"name\":\"Comment\",\"target\":[\"https:\\\/\\\/cj.estrategia.com\\\/portal\\\/concurso-previdencia-osasco-procurador\\\/#respond\"]}]},{\"@type\":\"WebPage\",\"@id\":\"https:\\\/\\\/cj.estrategia.com\\\/portal\\\/concurso-previdencia-osasco-procurador\\\/\",\"url\":\"https:\\\/\\\/cj.estrategia.com\\\/portal\\\/concurso-previdencia-osasco-procurador\\\/\",\"name\":\"Concurso Previd\u00eancia Osasco: classifica\u00e7\u00e3o final divulgada!\",\"isPartOf\":{\"@id\":\"https:\\\/\\\/cj.estrategia.com\\\/portal\\\/#website\"},\"primaryImageOfPage\":{\"@id\":\"https:\\\/\\\/cj.estrategia.com\\\/portal\\\/concurso-previdencia-osasco-procurador\\\/#primaryimage\"},\"image\":{\"@id\":\"https:\\\/\\\/cj.estrategia.com\\\/portal\\\/concurso-previdencia-osasco-procurador\\\/#primaryimage\"},\"thumbnailUrl\":\"https:\\\/\\\/cj.estrategia.com\\\/portal\\\/wp-content\\\/uploads\\\/2023\\\/02\\\/31071441\\\/1629216015201.jpg\",\"datePublished\":\"2023-06-23T19:05:00+00:00\",\"dateModified\":\"2024-03-08T00:40:33+00:00\",\"description\":\"Concurso Previd\u00eancia Osasco: edital publicado para Procurador!\",\"breadcrumb\":{\"@id\":\"https:\\\/\\\/cj.estrategia.com\\\/portal\\\/concurso-previdencia-osasco-procurador\\\/#breadcrumb\"},\"inLanguage\":\"pt-BR\",\"potentialAction\":[{\"@type\":\"ReadAction\",\"target\":[\"https:\\\/\\\/cj.estrategia.com\\\/portal\\\/concurso-previdencia-osasco-procurador\\\/\"]}]},{\"@type\":\"ImageObject\",\"inLanguage\":\"pt-BR\",\"@id\":\"https:\\\/\\\/cj.estrategia.com\\\/portal\\\/concurso-previdencia-osasco-procurador\\\/#primaryimage\",\"url\":\"https:\\\/\\\/cj.estrategia.com\\\/portal\\\/wp-content\\\/uploads\\\/2023\\\/02\\\/31071441\\\/1629216015201.jpg\",\"contentUrl\":\"https:\\\/\\\/cj.estrategia.com\\\/portal\\\/wp-content\\\/uploads\\\/2023\\\/02\\\/31071441\\\/1629216015201.jpg\",\"width\":362,\"height\":362},{\"@type\":\"BreadcrumbList\",\"@id\":\"https:\\\/\\\/cj.estrategia.com\\\/portal\\\/concurso-previdencia-osasco-procurador\\\/#breadcrumb\",\"itemListElement\":[{\"@type\":\"ListItem\",\"position\":1,\"name\":\"In\u00edcio\",\"item\":\"https:\\\/\\\/cj.estrategia.com\\\/portal\\\/\"},{\"@type\":\"ListItem\",\"position\":2,\"name\":\"Concurso Previd\u00eancia Osasco: classifica\u00e7\u00e3o final divulgada!\"}]},{\"@type\":\"WebSite\",\"@id\":\"https:\\\/\\\/cj.estrategia.com\\\/portal\\\/#website\",\"url\":\"https:\\\/\\\/cj.estrategia.com\\\/portal\\\/\",\"name\":\"Blog - Carreiras Jur\u00eddicas - Estrat\u00e9gia\",\"description\":\"\",\"publisher\":{\"@id\":\"https:\\\/\\\/cj.estrategia.com\\\/portal\\\/#organization\"},\"potentialAction\":[{\"@type\":\"SearchAction\",\"target\":{\"@type\":\"EntryPoint\",\"urlTemplate\":\"https:\\\/\\\/cj.estrategia.com\\\/portal\\\/?s={search_term_string}\"},\"query-input\":{\"@type\":\"PropertyValueSpecification\",\"valueRequired\":true,\"valueName\":\"search_term_string\"}}],\"inLanguage\":\"pt-BR\"},{\"@type\":\"Organization\",\"@id\":\"https:\\\/\\\/cj.estrategia.com\\\/portal\\\/#organization\",\"name\":\"Estrat\u00e9gia - Carreiras Jur\u00eddicas\",\"url\":\"https:\\\/\\\/cj.estrategia.com\\\/portal\\\/\",\"logo\":{\"@type\":\"ImageObject\",\"inLanguage\":\"pt-BR\",\"@id\":\"https:\\\/\\\/cj.estrategia.com\\\/portal\\\/#\\\/schema\\\/logo\\\/image\\\/\",\"url\":\"https:\\\/\\\/cj.estrategia.com\\\/portal\\\/wp-content\\\/uploads\\\/2022\\\/03\\\/11151052\\\/cj-logo.png\",\"contentUrl\":\"https:\\\/\\\/cj.estrategia.com\\\/portal\\\/wp-content\\\/uploads\\\/2022\\\/03\\\/11151052\\\/cj-logo.png\",\"width\":150,\"height\":39,\"caption\":\"Estrat\u00e9gia - Carreiras Jur\u00eddicas\"},\"image\":{\"@id\":\"https:\\\/\\\/cj.estrategia.com\\\/portal\\\/#\\\/schema\\\/logo\\\/image\\\/\"},\"sameAs\":[\"https:\\\/\\\/www.facebook.com\\\/estrategiacarreirajuridica\\\/\",\"https:\\\/\\\/x.com\\\/EstratJuridica\",\"https:\\\/\\\/www.instagram.com\\\/estrategiacarreirajuridica\\\/\",\"https:\\\/\\\/www.youtube.com\\\/channel\\\/UClbMGuYbj2Mh1m3w144ETWQ\"]},{\"@type\":\"Person\",\"@id\":\"https:\\\/\\\/cj.estrategia.com\\\/portal\\\/#\\\/schema\\\/person\\\/4d70317d31449932b99102916b6637f5\",\"name\":\"Coordena\u00e7\u00e3o\",\"image\":{\"@type\":\"ImageObject\",\"inLanguage\":\"pt-BR\",\"@id\":\"https:\\\/\\\/cj.estrategia.com\\\/portal\\\/wp-content\\\/uploads\\\/2022\\\/05\\\/12164923\\\/estrategia-carreira-juridica-coordenacao-96x96.png\",\"url\":\"https:\\\/\\\/cj.estrategia.com\\\/portal\\\/wp-content\\\/uploads\\\/2022\\\/05\\\/12164923\\\/estrategia-carreira-juridica-coordenacao-96x96.png\",\"contentUrl\":\"https:\\\/\\\/cj.estrategia.com\\\/portal\\\/wp-content\\\/uploads\\\/2022\\\/05\\\/12164923\\\/estrategia-carreira-juridica-coordenacao-96x96.png\",\"caption\":\"Coordena\u00e7\u00e3o\"},\"url\":\"https:\\\/\\\/cj.estrategia.com\\\/portal\\\/author\\\/coordenacao\\\/\"}]}<\/script>\n<!-- \/ Yoast SEO Premium plugin. -->","yoast_head_json":{"title":"Concurso Previd\u00eancia Osasco: classifica\u00e7\u00e3o final divulgada!","description":"Concurso Previd\u00eancia Osasco: edital publicado para Procurador!","robots":{"index":"index","follow":"follow","max-snippet":"max-snippet:-1","max-image-preview":"max-image-preview:large","max-video-preview":"max-video-preview:-1"},"canonical":"https:\/\/cj.estrategia.com\/portal\/concurso-previdencia-osasco-procurador\/","og_locale":"pt_BR","og_type":"article","og_title":"Concurso Previd\u00eancia Osasco: classifica\u00e7\u00e3o final divulgada!","og_description":"Concurso Previd\u00eancia Osasco: edital publicado para Procurador!","og_url":"https:\/\/cj.estrategia.com\/portal\/concurso-previdencia-osasco-procurador\/","og_site_name":"Blog - Carreiras Jur\u00eddicas - Estrat\u00e9gia","article_publisher":"https:\/\/www.facebook.com\/estrategiacarreirajuridica\/","article_published_time":"2023-06-23T19:05:00+00:00","article_modified_time":"2024-03-08T00:40:33+00:00","og_image":[{"width":362,"height":362,"url":"https:\/\/cj.estrategia.com\/portal\/wp-content\/uploads\/2023\/02\/31071441\/1629216015201.jpg","type":"image\/jpeg"}],"author":"Coordena\u00e7\u00e3o","twitter_card":"summary_large_image","twitter_creator":"@EstratJuridica","twitter_site":"@EstratJuridica","twitter_misc":{"Escrito por":"Coordena\u00e7\u00e3o","Est. tempo de leitura":"3 minutos"},"schema":{"@context":"https:\/\/schema.org","@graph":[{"@type":"NewsArticle","@id":"https:\/\/cj.estrategia.com\/portal\/concurso-previdencia-osasco-procurador\/#article","isPartOf":{"@id":"https:\/\/cj.estrategia.com\/portal\/concurso-previdencia-osasco-procurador\/"},"author":{"name":"Coordena\u00e7\u00e3o","@id":"https:\/\/cj.estrategia.com\/portal\/#\/schema\/person\/4d70317d31449932b99102916b6637f5"},"headline":"Concurso Previd\u00eancia Osasco: classifica\u00e7\u00e3o final divulgada!","datePublished":"2023-06-23T19:05:00+00:00","dateModified":"2024-03-08T00:40:33+00:00","mainEntityOfPage":{"@id":"https:\/\/cj.estrategia.com\/portal\/concurso-previdencia-osasco-procurador\/"},"wordCount":425,"commentCount":0,"publisher":{"@id":"https:\/\/cj.estrategia.com\/portal\/#organization"},"image":{"@id":"https:\/\/cj.estrategia.com\/portal\/concurso-previdencia-osasco-procurador\/#primaryimage"},"thumbnailUrl":"https:\/\/cj.estrategia.com\/portal\/wp-content\/uploads\/2023\/02\/31071441\/1629216015201.jpg","articleSection":["Procuradoria"],"inLanguage":"pt-BR","potentialAction":[{"@type":"CommentAction","name":"Comment","target":["https:\/\/cj.estrategia.com\/portal\/concurso-previdencia-osasco-procurador\/#respond"]}]},{"@type":"WebPage","@id":"https:\/\/cj.estrategia.com\/portal\/concurso-previdencia-osasco-procurador\/","url":"https:\/\/cj.estrategia.com\/portal\/concurso-previdencia-osasco-procurador\/","name":"Concurso Previd\u00eancia Osasco: classifica\u00e7\u00e3o final divulgada!","isPartOf":{"@id":"https:\/\/cj.estrategia.com\/portal\/#website"},"primaryImageOfPage":{"@id":"https:\/\/cj.estrategia.com\/portal\/concurso-previdencia-osasco-procurador\/#primaryimage"},"image":{"@id":"https:\/\/cj.estrategia.com\/portal\/concurso-previdencia-osasco-procurador\/#primaryimage"},"thumbnailUrl":"https:\/\/cj.estrategia.com\/portal\/wp-content\/uploads\/2023\/02\/31071441\/1629216015201.jpg","datePublished":"2023-06-23T19:05:00+00:00","dateModified":"2024-03-08T00:40:33+00:00","description":"Concurso Previd\u00eancia Osasco: edital publicado para Procurador!","breadcrumb":{"@id":"https:\/\/cj.estrategia.com\/portal\/concurso-previdencia-osasco-procurador\/#breadcrumb"},"inLanguage":"pt-BR","potentialAction":[{"@type":"ReadAction","target":["https:\/\/cj.estrategia.com\/portal\/concurso-previdencia-osasco-procurador\/"]}]},{"@type":"ImageObject","inLanguage":"pt-BR","@id":"https:\/\/cj.estrategia.com\/portal\/concurso-previdencia-osasco-procurador\/#primaryimage","url":"https:\/\/cj.estrategia.com\/portal\/wp-content\/uploads\/2023\/02\/31071441\/1629216015201.jpg","contentUrl":"https:\/\/cj.estrategia.com\/portal\/wp-content\/uploads\/2023\/02\/31071441\/1629216015201.jpg","width":362,"height":362},{"@type":"BreadcrumbList","@id":"https:\/\/cj.estrategia.com\/portal\/concurso-previdencia-osasco-procurador\/#breadcrumb","itemListElement":[{"@type":"ListItem","position":1,"name":"In\u00edcio","item":"https:\/\/cj.estrategia.com\/portal\/"},{"@type":"ListItem","position":2,"name":"Concurso Previd\u00eancia Osasco: classifica\u00e7\u00e3o final divulgada!"}]},{"@type":"WebSite","@id":"https:\/\/cj.estrategia.com\/portal\/#website","url":"https:\/\/cj.estrategia.com\/portal\/","name":"Blog - Carreiras Jur\u00eddicas - Estrat\u00e9gia","description":"","publisher":{"@id":"https:\/\/cj.estrategia.com\/portal\/#organization"},"potentialAction":[{"@type":"SearchAction","target":{"@type":"EntryPoint","urlTemplate":"https:\/\/cj.estrategia.com\/portal\/?s={search_term_string}"},"query-input":{"@type":"PropertyValueSpecification","valueRequired":true,"valueName":"search_term_string"}}],"inLanguage":"pt-BR"},{"@type":"Organization","@id":"https:\/\/cj.estrategia.com\/portal\/#organization","name":"Estrat\u00e9gia - Carreiras Jur\u00eddicas","url":"https:\/\/cj.estrategia.com\/portal\/","logo":{"@type":"ImageObject","inLanguage":"pt-BR","@id":"https:\/\/cj.estrategia.com\/portal\/#\/schema\/logo\/image\/","url":"https:\/\/cj.estrategia.com\/portal\/wp-content\/uploads\/2022\/03\/11151052\/cj-logo.png","contentUrl":"https:\/\/cj.estrategia.com\/portal\/wp-content\/uploads\/2022\/03\/11151052\/cj-logo.png","width":150,"height":39,"caption":"Estrat\u00e9gia - Carreiras Jur\u00eddicas"},"image":{"@id":"https:\/\/cj.estrategia.com\/portal\/#\/schema\/logo\/image\/"},"sameAs":["https:\/\/www.facebook.com\/estrategiacarreirajuridica\/","https:\/\/x.com\/EstratJuridica","https:\/\/www.instagram.com\/estrategiacarreirajuridica\/","https:\/\/www.youtube.com\/channel\/UClbMGuYbj2Mh1m3w144ETWQ"]},{"@type":"Person","@id":"https:\/\/cj.estrategia.com\/portal\/#\/schema\/person\/4d70317d31449932b99102916b6637f5","name":"Coordena\u00e7\u00e3o","image":{"@type":"ImageObject","inLanguage":"pt-BR","@id":"https:\/\/cj.estrategia.com\/portal\/wp-content\/uploads\/2022\/05\/12164923\/estrategia-carreira-juridica-coordenacao-96x96.png","url":"https:\/\/cj.estrategia.com\/portal\/wp-content\/uploads\/2022\/05\/12164923\/estrategia-carreira-juridica-coordenacao-96x96.png","contentUrl":"https:\/\/cj.estrategia.com\/portal\/wp-content\/uploads\/2022\/05\/12164923\/estrategia-carreira-juridica-coordenacao-96x96.png","caption":"Coordena\u00e7\u00e3o"},"url":"https:\/\/cj.estrategia.com\/portal\/author\/coordenacao\/"}]}},"jetpack_featured_media_url":"https:\/\/cj.estrategia.com\/portal\/wp-content\/uploads\/2023\/02\/31071441\/1629216015201.jpg","jetpack_sharing_enabled":true,"_links":{"self":[{"href":"https:\/\/cj.estrategia.com\/portal\/wp-json\/wp\/v2\/posts\/30479","targetHints":{"allow":["GET"]}}],"collection":[{"href":"https:\/\/cj.estrategia.com\/portal\/wp-json\/wp\/v2\/posts"}],"about":[{"href":"https:\/\/cj.estrategia.com\/portal\/wp-json\/wp\/v2\/types\/post"}],"author":[{"embeddable":true,"href":"https:\/\/cj.estrategia.com\/portal\/wp-json\/wp\/v2\/users\/12"}],"replies":[{"embeddable":true,"href":"https:\/\/cj.estrategia.com\/portal\/wp-json\/wp\/v2\/comments?post=30479"}],"version-history":[{"count":0,"href":"https:\/\/cj.estrategia.com\/portal\/wp-json\/wp\/v2\/posts\/30479\/revisions"}],"wp:featuredmedia":[{"embeddable":true,"href":"https:\/\/cj.estrategia.com\/portal\/wp-json\/wp\/v2\/media\/32651"}],"wp:attachment":[{"href":"https:\/\/cj.estrategia.com\/portal\/wp-json\/wp\/v2\/media?parent=30479"}],"wp:term":[{"taxonomy":"category","embeddable":true,"href":"https:\/\/cj.estrategia.com\/portal\/wp-json\/wp\/v2\/categories?post=30479"},{"taxonomy":"post_tag","embeddable":true,"href":"https:\/\/cj.estrategia.com\/portal\/wp-json\/wp\/v2\/tags?post=30479"},{"taxonomy":"tax_estado","embeddable":true,"href":"https:\/\/cj.estrategia.com\/portal\/wp-json\/wp\/v2\/tax_estado?post=30479"}],"curies":[{"name":"wp","href":"https:\/\/api.w.org\/{rel}","templated":true}]}}