{"id":29739,"date":"2023-07-28T05:00:00","date_gmt":"2023-07-28T08:00:00","guid":{"rendered":"https:\/\/cj.estrategia.com\/portal\/?p=29739"},"modified":"2023-07-28T08:03:13","modified_gmt":"2023-07-28T11:03:13","slug":"concurso-pgm-ibatiba-es","status":"publish","type":"post","link":"https:\/\/cj.estrategia.com\/portal\/concurso-pgm-ibatiba-es\/","title":{"rendered":"Concurso PGM Ibatiba ES: publicada rescis\u00e3o de contrato com a banca IDCAP"},"content":{"rendered":"\n<p>O Instituto de Desenvolvimento e Capacita\u00e7\u00e3o (IDCAP) n\u00e3o ser\u00e1 mais o respons\u00e1vel pela organiza\u00e7\u00e3o do <strong>Concurso PGM Ibatiba ES.<\/strong><\/p>\n\n\n\n<p>O extrato do termo de rescis\u00e3o de contrato j\u00e1 foi publicado. Confira abaixo: <\/p>\n\n\n<div class=\"wp-block-image\">\n<figure class=\"aligncenter size-full is-resized\"><img decoding=\"async\" src=\"https:\/\/cj.estrategia.com\/portal\/wp-content\/uploads\/2023\/07\/28074953\/image-2023-07-28T075616.542.png\" alt=\"\" class=\"wp-image-42927\" width=\"344\" height=\"342\" srcset=\"https:\/\/cj.estrategia.com\/portal\/wp-content\/uploads\/2023\/07\/28074953\/image-2023-07-28T075616.542.png 392w, https:\/\/cj.estrategia.com\/portal\/wp-content\/uploads\/2023\/07\/28074953\/image-2023-07-28T075616.542-300x298.png 300w, https:\/\/cj.estrategia.com\/portal\/wp-content\/uploads\/2023\/07\/28074953\/image-2023-07-28T075616.542-150x149.png 150w, https:\/\/cj.estrategia.com\/portal\/wp-content\/uploads\/2023\/07\/28074953\/image-2023-07-28T075616.542-80x80.png 80w, https:\/\/cj.estrategia.com\/portal\/wp-content\/uploads\/2023\/07\/28074953\/image-2023-07-28T075616.542-380x378.png 380w, https:\/\/cj.estrategia.com\/portal\/wp-content\/uploads\/2023\/07\/28074953\/image-2023-07-28T075616.542-24x24.png 24w, https:\/\/cj.estrategia.com\/portal\/wp-content\/uploads\/2023\/07\/28074953\/image-2023-07-28T075616.542-48x48.png 48w, https:\/\/cj.estrategia.com\/portal\/wp-content\/uploads\/2023\/07\/28074953\/image-2023-07-28T075616.542-96x96.png 96w\" sizes=\"(max-width: 344px) 100vw, 344px\" \/><\/figure>\n<\/div>\n\n\n<p><\/p>\n\n\n\n<p>As provas estavam marcadas para o dia 7 de maio de 2023, mas por motivo de problemas t\u00e9cnicos elas n\u00e3o foram realizadas.<\/p>\n\n\n\n<p>O <strong>concurso PGM Ibatiba ES <\/strong>ofertava <strong>2 vagas<\/strong> mais forma\u00e7\u00e3o de cadastro de reserva para o cargo Procurador Judicial. <strong>(Concurso PGM Ibatiba ES)<\/strong><\/p>\n\n\n\n<p>A remunera\u00e7\u00e3o inicial \u00e9 de <strong>R$ 3.410,63<\/strong>. Para participar desta sele\u00e7\u00e3o o candidato precisa ter n\u00edvel superior em Direito com registro na OAB.<\/p>\n\n\n\n<p>Confira abaixo as principais informa\u00e7\u00f5es deste concurso:<\/p>\n\n\n\n<p class=\"has-very-light-gray-to-cyan-bluish-gray-gradient-background has-background\"><strong>Concurso PGM Ibatiba ES<\/strong><br><strong>Status:<\/strong>\u00a0avalia\u00e7\u00f5es suspensas <br><strong>Banca:<\/strong>\u00a0IDCAP<br><strong>Vagas:\u00a0<\/strong>2+CR<br><strong>Cargos: <\/strong>Procurador Judicial <br><strong>Sal\u00e1rio inicial:<\/strong>\u00a0R$ 3.410,63<br><strong>Data da Prova:<\/strong>\u00a007\/05\/2023<br><a href=\"https:\/\/cj.estrategia.com\/portal\/wp-content\/uploads\/2023\/02\/15101746\/Edital-PGM-Ibatiba-ES-2023.pdf\" target=\"_blank\" rel=\"noreferrer noopener nofollow\">Edital PGM Ibatiba ES<\/a><br><a href=\"https:\/\/cj.estrategia.com\/portal\/wp-content\/uploads\/2023\/02\/15101815\/Edital-PGM-Ibatiba-ES-cronograma.pdf\" target=\"_blank\" rel=\"noreferrer noopener nofollow\">Cronograma<\/a><br><a href=\"https:\/\/cj.estrategia.com\/portal\/wp-content\/uploads\/2023\/02\/15101839\/Edital-PGM-Ibatiba-ES-Conteudo.pdf\" target=\"_blank\" rel=\"noreferrer noopener nofollow\">Conte\u00fado Program\u00e1tico<\/a><\/p>\n\n\n\n<p>Navegue pelo \u00edndice abaixo e confira os detalhes desta sele\u00e7\u00e3o:<\/p>\n\n\n\n<ul class=\"wp-block-list\">\n<li><strong><a href=\"#h-situacao-atual\" target=\"_blank\" rel=\"noreferrer noopener nofollow\">Situa\u00e7\u00e3o atual<\/a><\/strong>\n<ul class=\"wp-block-list\">\n<li><a href=\"https:\/\/cj.estrategia.com\/portal\/wp-admin\/post.php?post=29085&action=edit#h-principais-datas\" target=\"_blank\" ><strong>Principais datas<\/strong><\/a><\/li>\n<\/ul>\n<\/li>\n\n\n\n<li><strong><a href=\"#h-remuneracao\" target=\"_blank\" rel=\"noreferrer noopener nofollow\">Remunera\u00e7\u00e3o\u00a0<\/a><\/strong><\/li>\n\n\n\n<li><strong><a href=\"#h-etapas\" target=\"_blank\" rel=\"noreferrer noopener nofollow\">Etapas<\/a><\/strong>\n<ul class=\"wp-block-list\">\n<li><strong><a href=\"https:\/\/cj.estrategia.com\/portal\/wp-admin\/post.php?post=29085&action=edit#h-prova-teorico-objetiva\" target=\"_blank\" >Prova Te\u00f3rico-Objetiva<\/a><\/strong><\/li>\n\n\n\n<li><a href=\"#h-prova-discursiva\"><strong>Prova discursiva<\/strong><\/a><\/li>\n\n\n\n<li><strong><a href=\"https:\/\/cj.estrategia.com\/portal\/wp-admin\/post.php?post=29085&action=edit#h-avaliacao-de-titulos\" target=\"_blank\" >Avalia\u00e7\u00e3o de T\u00edtulos<\/a><\/strong><\/li>\n<\/ul>\n<\/li>\n<\/ul>\n\n\n\n<ul class=\"wp-block-list\">\n<li><strong><a href=\"#h-cargos-e-vagas\" target=\"_blank\" rel=\"noreferrer noopener nofollow\">Cargos e vagas<\/a><\/strong><\/li>\n\n\n\n<li><strong><a href=\"#h-requisitos\" target=\"_blank\" rel=\"noreferrer noopener nofollow\">Requisitos<\/a><\/strong><\/li>\n\n\n\n<li><strong><a href=\"#h-atribuicoes\" target=\"_blank\" rel=\"noreferrer noopener nofollow\">Atribui\u00e7\u00f5es<\/a><\/strong><\/li>\n\n\n\n<li><a href=\"#cursos\" target=\"_blank\" rel=\"noreferrer noopener nofollow\"><strong>Se prepare com quem mais aprova<\/strong>!<\/a><\/li>\n\n\n\n<li><a href=\"#ficha\" target=\"_blank\" rel=\"noreferrer noopener nofollow\"><strong>Ficha T\u00e9cnica<\/strong><\/a><\/li>\n<\/ul>\n\n\n\n<h2 class=\"wp-block-heading\" id=\"h-situacao-atual\"><span id=\"situacao-atual\"><strong>Situa\u00e7\u00e3o atual<\/strong><\/span><\/h2>\n\n\n\n<h3 class=\"wp-block-heading\" id=\"h-principais-datas\"><span id=\"principais-datas\">Principais datas<\/span><\/h3>\n\n\n\n<p class=\"has-light-green-cyan-background-color has-background\"><strong>Inscri\u00e7\u00f5es:<\/strong>\u00a0<s>de 27\/02\/2023 a 27\/03\/2023<\/s> \/<s> Reabertura 11 a 17\/04\/2023<\/s><br><strong>\u00daltimo dia para pagar a taxa de inscri\u00e7\u00e3o: <\/strong><s>28\/03\/2023<\/s><br><strong>Data das Provas objetiva e discursiva:<\/strong>\u00a0<s>07\/05\/2023<\/s><br><strong>Per\u00edodo para Entrega dos T\u00edtulos: <\/strong><s>27\/02\/2023 e 28\/03\/2023<\/s><\/p>\n\n\n\n<h2 class=\"wp-block-heading\" id=\"h-remuneracao\"><span id=\"remuneracao\"><strong>Remunera\u00e7\u00e3o\u00a0<\/strong><\/span><\/h2>\n\n\n\n<p>Os candidatos aprovados no <strong><strong><strong>Concurso PGM Ibatiba ES<\/strong><\/strong><\/strong> ter\u00e3o vencimento inicial de <strong>R$ 3.410,63<\/strong> al\u00e9m de alguns benef\u00edcios oferecidos pelo \u00f3rg\u00e3o.<\/p>\n\n\n\n<h2 class=\"wp-block-heading\" id=\"h-etapas\"><span id=\"etapas\"><strong>Etapas<\/strong><\/span><\/h2>\n\n\n\n<p>Os candidatos ser\u00e3o avaliados por meio de provas objetiva, discursiva e de t\u00edtulos.\u00a0<\/p>\n\n\n\n<h3 class=\"wp-block-heading\" id=\"h-prova-teorico-objetiva\"><span id=\"prova-teorico-objetiva\">Prova Te\u00f3rico-Objetiva<\/span><\/h3>\n\n\n\n<p>A Prova Te\u00f3rico-Objetiva est\u00e1 marcada para o dia <strong>7 de maio de 2023 <\/strong>e ter\u00e1 dura\u00e7\u00e3o de 5 horas.  Os candidatos ser\u00e3o avaliados por meio de quest\u00f5es objetivas das seguintes mat\u00e9rias:<\/p>\n\n\n\n<p>Direito Constitucional <br>Direito Administrativo<br>Direito Civil <br>Direito Processual Civil <br>Direito Empresarial <br>Direito do Trabalho e Processo do Trabalho <br>Direito Ambiental <br>Direito Tribut\u00e1rio <br>Direito Financeiro <br>Direito do Consumidor <br>Lei Org\u00e2nica do Munic\u00edpio de Ibatiba <\/p>\n\n\n\n<p>A Prova Objetiva ser\u00e1 avaliada na escala de 0 (zero) a 100 (cem) pontos, considerando-se classificado nesta etapa o candidato que, tenha acertado, no m\u00ednimo, 50% (cinquenta por cento) na totalidade da pontua\u00e7\u00e3o da prova.<\/p>\n\n\n\n<h3 class=\"wp-block-heading\" id=\"h-prova-discursiva\"><span id=\"prova-discursiva\">Prova Discursiva<\/span><\/h3>\n\n\n\n<p>A Prova Discursiva ser\u00e1 aplicada no mesmo dia e hor\u00e1rio da Prova Objetiva, dentro das 5 (cinco)<br>horas previstas.<\/p>\n\n\n\n<p>A Prova Discursiva ser\u00e1 composta por 1 (uma) Pe\u00e7a Profissional, e destinar-se-\u00e1 a avaliar o dom\u00ednio do conte\u00fado dos temas abordados, baseada em t\u00f3picos do conte\u00fado de Conhecimentos Espec\u00edficos.<\/p>\n\n\n\n<p>A Prova Discursiva ser\u00e1 avaliada na escala de 0 (zero) a 30 (trinta) pontos. <\/p>\n\n\n\n<h3 class=\"wp-block-heading\" id=\"h-avaliacao-de-titulos\"><span id=\"avaliacao-de-titulos\"><strong>Avalia\u00e7\u00e3o de T\u00edtulos<\/strong><\/span><\/h3>\n\n\n\n<p>A Prova de T\u00edtulos ser\u00e1 aplicada aos candidatos aprovados na prova objetiva e discursiva. Ser\u00e3o considerados os seguintes t\u00edtulos:<\/p>\n\n\n\n<figure class=\"wp-block-image size-large\"><img decoding=\"async\" width=\"1024\" height=\"687\" src=\"https:\/\/cj.estrategia.com\/portal\/wp-content\/uploads\/2023\/02\/15100947\/Titulo-PGM-Ibatiba-1024x687.jpg\" alt=\"\" class=\"wp-image-29741\" srcset=\"https:\/\/cj.estrategia.com\/portal\/wp-content\/uploads\/2023\/02\/15100947\/Titulo-PGM-Ibatiba-1024x687.jpg 1024w, https:\/\/cj.estrategia.com\/portal\/wp-content\/uploads\/2023\/02\/15100947\/Titulo-PGM-Ibatiba-300x201.jpg 300w, https:\/\/cj.estrategia.com\/portal\/wp-content\/uploads\/2023\/02\/15100947\/Titulo-PGM-Ibatiba-768x515.jpg 768w, https:\/\/cj.estrategia.com\/portal\/wp-content\/uploads\/2023\/02\/15100947\/Titulo-PGM-Ibatiba-1536x1030.jpg 1536w, https:\/\/cj.estrategia.com\/portal\/wp-content\/uploads\/2023\/02\/15100947\/Titulo-PGM-Ibatiba-380x255.jpg 380w, https:\/\/cj.estrategia.com\/portal\/wp-content\/uploads\/2023\/02\/15100947\/Titulo-PGM-Ibatiba-800x537.jpg 800w, https:\/\/cj.estrategia.com\/portal\/wp-content\/uploads\/2023\/02\/15100947\/Titulo-PGM-Ibatiba-1160x778.jpg 1160w, https:\/\/cj.estrategia.com\/portal\/wp-content\/uploads\/2023\/02\/15100947\/Titulo-PGM-Ibatiba-150x101.jpg 150w, https:\/\/cj.estrategia.com\/portal\/wp-content\/uploads\/2023\/02\/15100947\/Titulo-PGM-Ibatiba.jpg 1610w\" sizes=\"(max-width: 1024px) 100vw, 1024px\" \/><\/figure>\n\n\n\n<h2 class=\"wp-block-heading\" id=\"h-cargos-e-vagas\"><span id=\"cargos-e-vagas\"><strong>Cargos e vagas<\/strong><\/span><\/h2>\n\n\n\n<figure class=\"wp-block-table is-style-stripes\"><table><tbody><tr><td>Cargos<\/td><td>Vagas <\/td><td>Remunera\u00e7\u00e3o<\/td><td><\/td><\/tr><tr><td>Procurador Judicial<\/td><td>2 + CR<\/td><td><strong>R$ 3.410,63<\/strong><\/td><td><\/td><\/tr><\/tbody><\/table><\/figure>\n\n\n\n<h2 class=\"wp-block-heading\" id=\"h-requisitos\"><span id=\"requisitos\"><strong>Requisitos<\/strong><\/span><\/h2>\n\n\n\n<p>Para participar deste certame, o candidato precisa ter n\u00edvel superior completo em Direito e estar inscrito como Advogado na Ordem dos Advogados do Brasil (OAB).<\/p>\n\n\n\n<h2 class=\"wp-block-heading\" id=\"h-atribuicoes\"><span id=\"atribuicoes\"><strong>Atribui\u00e7\u00f5es<\/strong><\/span><\/h2>\n\n\n\n<p> I a defesa em ju\u00edzo, ou fora dele, dos direitos e interesses do Munic\u00edpio;<br>II \u2013 a promo\u00e7\u00e3o de cobran\u00e7a judicial da D\u00edvida Ativa e outras rendas que, por Lei, devam ser exigidas judicialmente dos contribuintes;<br>III \u2013 a assessorar o Prefeito no estudo, interposi\u00e7\u00e3o, encaminhamento e solu\u00e7\u00e3o das quest\u00f5es jur\u00eddico-administrativas, pol\u00edticas e legislativas;<br>IV \u2013 a sele\u00e7\u00e3o de informa\u00e7\u00f5es sobe leis, projetos legislativos Federal e Estadual;<br>V \u2013 promo\u00e7\u00e3o de medidas extras ou judiciais para prote\u00e7\u00e3o do patrim\u00f4nio do Munic\u00edpio;<br>VI \u2013 organizar e manter atualizadas colet\u00e2neas de legisla\u00e7\u00e3o federal, estadual e municipal, bem como de jurisprud\u00eancia dos tribunais, em a\u00e7\u00e3o conjunta com a Controladoria;<br>VII \u2013 solicitar assinatura de peri\u00f3dicos, revista jur\u00eddica especializada ou informativo virtual equivalente;<br>VIII \u2013 organizar e manter atualizada a colet\u00e2nea de pareceres normativos da Assessoria Jur\u00eddica do Munic\u00edpio;<br>IX \u2013 efetuar, quando solicitada, a digita\u00e7\u00e3o e a formata\u00e7\u00e3o de pe\u00e7as e arrazoados, bem como de minutas de atos e instrumentos jur\u00eddicos;<br>X \u2013 acompanhar a publica\u00e7\u00e3o de atos e despachos judiciais, dando ci\u00eancia imediata ao Procurador da causa;<br>XI \u2013 manter controle do andamento dos processos judiciais em que a Prefeitura seja parte;<br>XII \u2013 providenciar a devolu\u00e7\u00e3o de autos ao ju\u00edzo competente, quando for o caso<\/p>\n\n\n\n<h2 class=\"wp-block-heading has-text-align-center\" id=\"cursos\"><span id=\"quer-saber-tudo-sobre-concursos-previstosconfira-nossos-artigos\">Quer saber tudo sobre concursos previstos?<br><strong>Confira nossos artigos!<\/strong><\/span><\/h2>\n\n\n\n\n\n<h2 class=\"wp-block-heading has-text-align-center\" id=\"cursos\"><span id=\"quer-estudar-para-o-concurso-concurso-pgm-ibatiba-es\">Quer estudar para o concurso Concurso PGM Ibatiba ES?<\/span><\/h2>\n\n\n\n<p class=\"has-text-align-center\"><em>Gostou desta oportunidade e deseja se preparar? <\/em><br><em>Ent\u00e3o, confira abaixo nosso curso exclusivo e inicie seus estudos agora mesmo:<\/em><\/p>\n\n\n\n\n\n<div class=\"wp-block-cover\" style=\"min-height:155px;aspect-ratio:unset;\"><img decoding=\"async\" width=\"1890\" height=\"351\" class=\"wp-block-cover__image-background wp-image-8669\" alt=\"Assinaturas Jur\u00eddicas\" src=\"https:\/\/cj.estrategia.com\/portal\/wp-content\/uploads\/2022\/06\/20151253\/concurso-carreiras-juridicas-assinatura-juridica.jpg\" style=\"object-position:78% 43%\" data-object-fit=\"cover\" data-object-position=\"78% 43%\" srcset=\"https:\/\/cj.estrategia.com\/portal\/wp-content\/uploads\/2022\/06\/20151253\/concurso-carreiras-juridicas-assinatura-juridica.jpg 1890w, https:\/\/cj.estrategia.com\/portal\/wp-content\/uploads\/2022\/06\/20151253\/concurso-carreiras-juridicas-assinatura-juridica-300x56.jpg 300w, https:\/\/cj.estrategia.com\/portal\/wp-content\/uploads\/2022\/06\/20151253\/concurso-carreiras-juridicas-assinatura-juridica-1024x190.jpg 1024w, https:\/\/cj.estrategia.com\/portal\/wp-content\/uploads\/2022\/06\/20151253\/concurso-carreiras-juridicas-assinatura-juridica-768x143.jpg 768w, https:\/\/cj.estrategia.com\/portal\/wp-content\/uploads\/2022\/06\/20151253\/concurso-carreiras-juridicas-assinatura-juridica-1536x285.jpg 1536w, https:\/\/cj.estrategia.com\/portal\/wp-content\/uploads\/2022\/06\/20151253\/concurso-carreiras-juridicas-assinatura-juridica-380x71.jpg 380w, https:\/\/cj.estrategia.com\/portal\/wp-content\/uploads\/2022\/06\/20151253\/concurso-carreiras-juridicas-assinatura-juridica-800x149.jpg 800w, https:\/\/cj.estrategia.com\/portal\/wp-content\/uploads\/2022\/06\/20151253\/concurso-carreiras-juridicas-assinatura-juridica-1160x215.jpg 1160w\" sizes=\"(max-width: 1890px) 100vw, 1890px\" \/><span aria-hidden=\"true\" class=\"wp-block-cover__background has-background-dim\"><\/span><div class=\"wp-block-cover__inner-container is-layout-flow wp-block-cover-is-layout-flow\">\n<h3 id=\"faca-a-sua-assinatura\" class=\"titulo-assinatura\"><span style=\"color: #ffffff;\">Fa\u00e7a a sua assinatura!<\/span><\/h3>\n<p class=\"subtitulo-assinatura\" style=\"display:block!important; line-height: 0;\"><span style=\"color: #ffffff;\">Escolha a sua \u00e1rea.<\/span><\/p>\n<a target=\"_blank\" href=\"https:\/\/www.estrategiaconcursos.com.br\/assinaturas-ecj\/\" rel=\"noopener\"><button style=\"border-radius: 10px; text-transform: capitalize;\">Acessar<\/button><\/a>\n<\/div><\/div>\n\n\n\n<figure class=\"wp-block-image size-large is-resized\"><img decoding=\"async\" src=\"https:\/\/dhg1h5j42swfq.cloudfront.net\/2021\/05\/07084717\/ficha-tecnica-15-1024x632.png\" alt=\"\" class=\"wp-image-733714\" width=\"178\" height=\"110\"\/><\/figure>\n\n\n\n<h4 class=\"wp-block-heading\" id=\"ficha\"><span id=\"informacoes-do-concurso-pgm-ibatiba-es\"><strong>Informa\u00e7\u00f5es do <\/strong>Concurso PGM Ibatiba ES<\/span><\/h4>\n\n\n\n<p><strong>Data:<\/strong> <s>07\/05\/2023<\/s><\/p>\n\n\n\n<p><strong>Banca<\/strong>: IDCAP<\/p>\n\n\n\n<p><strong>Cargos<\/strong>: Procurador Judicial<\/p>\n\n\n\n<p><strong>Lota\u00e7\u00f5es<\/strong>: Ibatiba ES<\/p>\n\n\n\n<p><strong>Escolaridade<\/strong>: N\u00edvel superior em Direito <strong>+<\/strong> inscri\u00e7\u00e3o na OAB <\/p>\n\n\n\n<p><strong>Edital de abertura<\/strong>: <a href=\"https:\/\/cj.estrategia.com\/portal\/wp-content\/uploads\/2023\/02\/15101746\/Edital-PGM-Ibatiba-ES-2023.pdf\" target=\"_blank\" rel=\"noreferrer noopener nofollow\">Edital PGM Ibatiba ES<\/a><\/p>\n","protected":false},"excerpt":{"rendered":"O Instituto de Desenvolvimento e Capacita\u00e7\u00e3o (IDCAP) n\u00e3o ser\u00e1 mais o respons\u00e1vel pela organiza\u00e7\u00e3o do Concurso PGM Ibatiba&hellip;\n","protected":false},"author":12,"featured_media":20782,"comment_status":"open","ping_status":"open","sticky":false,"template":"","format":"standard","meta":{"_jetpack_memberships_contains_paid_content":false,"footnotes":""},"categories":[24],"tags":[],"tax_estado":[38],"class_list":{"0":"post-29739","1":"post","2":"type-post","3":"status-publish","4":"format-standard","5":"has-post-thumbnail","7":"category-procuradoria","8":"tax_estado-es"},"acf":[],"yoast_head":"<!-- This site is optimized with the Yoast SEO Premium plugin v27.5 (Yoast SEO v27.5) - https:\/\/yoast.com\/product\/yoast-seo-premium-wordpress\/ -->\n<title>Concurso PGM Ibatiba ES: publicada rescis\u00e3o de contrato com a banca IDCAP<\/title>\n<meta name=\"description\" content=\"Concurso PGM Ibatiba ES: contrato com a banca \u00e9 rescindido. Confira mais detalhes AQUI!\" \/>\n<meta name=\"robots\" content=\"index, follow, max-snippet:-1, max-image-preview:large, max-video-preview:-1\" \/>\n<link rel=\"canonical\" href=\"https:\/\/cj.estrategia.com\/portal\/concurso-pgm-ibatiba-es\/\" \/>\n<meta property=\"og:locale\" content=\"pt_BR\" \/>\n<meta property=\"og:type\" content=\"article\" \/>\n<meta property=\"og:title\" content=\"Concurso PGM Ibatiba ES: publicada rescis\u00e3o de contrato com a banca IDCAP\" \/>\n<meta property=\"og:description\" content=\"Concurso PGM Ibatiba ES: contrato com a banca \u00e9 rescindido. Confira mais detalhes AQUI!\" \/>\n<meta property=\"og:url\" content=\"https:\/\/cj.estrategia.com\/portal\/concurso-pgm-ibatiba-es\/\" \/>\n<meta property=\"og:site_name\" content=\"Blog - Carreiras Jur\u00eddicas - Estrat\u00e9gia\" \/>\n<meta property=\"article:publisher\" content=\"https:\/\/www.facebook.com\/estrategiacarreirajuridica\/\" \/>\n<meta property=\"article:published_time\" content=\"2023-07-28T08:00:00+00:00\" \/>\n<meta property=\"article:modified_time\" content=\"2023-07-28T11:03:13+00:00\" \/>\n<meta property=\"og:image\" content=\"https:\/\/cj.estrategia.com\/portal\/wp-content\/uploads\/2022\/09\/04102635\/Concursos-Procuradorias.jpg\" \/>\n\t<meta property=\"og:image:width\" content=\"768\" \/>\n\t<meta property=\"og:image:height\" content=\"432\" \/>\n\t<meta property=\"og:image:type\" content=\"image\/jpeg\" \/>\n<meta name=\"author\" content=\"Coordena\u00e7\u00e3o\" \/>\n<meta name=\"twitter:card\" content=\"summary_large_image\" \/>\n<meta name=\"twitter:creator\" content=\"@EstratJuridica\" \/>\n<meta name=\"twitter:site\" content=\"@EstratJuridica\" \/>\n<meta name=\"twitter:label1\" content=\"Escrito por\" \/>\n\t<meta name=\"twitter:data1\" content=\"Coordena\u00e7\u00e3o\" \/>\n\t<meta name=\"twitter:label2\" content=\"Est. tempo de leitura\" \/>\n\t<meta name=\"twitter:data2\" content=\"5 minutos\" \/>\n<script type=\"application\/ld+json\" class=\"yoast-schema-graph\">{\"@context\":\"https:\\\/\\\/schema.org\",\"@graph\":[{\"@type\":\"NewsArticle\",\"@id\":\"https:\\\/\\\/cj.estrategia.com\\\/portal\\\/concurso-pgm-ibatiba-es\\\/#article\",\"isPartOf\":{\"@id\":\"https:\\\/\\\/cj.estrategia.com\\\/portal\\\/concurso-pgm-ibatiba-es\\\/\"},\"author\":{\"name\":\"Coordena\u00e7\u00e3o\",\"@id\":\"https:\\\/\\\/cj.estrategia.com\\\/portal\\\/#\\\/schema\\\/person\\\/4d70317d31449932b99102916b6637f5\"},\"headline\":\"Concurso PGM Ibatiba ES: publicada rescis\u00e3o de contrato com a banca IDCAP\",\"datePublished\":\"2023-07-28T08:00:00+00:00\",\"dateModified\":\"2023-07-28T11:03:13+00:00\",\"mainEntityOfPage\":{\"@id\":\"https:\\\/\\\/cj.estrategia.com\\\/portal\\\/concurso-pgm-ibatiba-es\\\/\"},\"wordCount\":831,\"commentCount\":0,\"publisher\":{\"@id\":\"https:\\\/\\\/cj.estrategia.com\\\/portal\\\/#organization\"},\"image\":{\"@id\":\"https:\\\/\\\/cj.estrategia.com\\\/portal\\\/concurso-pgm-ibatiba-es\\\/#primaryimage\"},\"thumbnailUrl\":\"https:\\\/\\\/cj.estrategia.com\\\/portal\\\/wp-content\\\/uploads\\\/2022\\\/09\\\/04102635\\\/Concursos-Procuradorias.jpg\",\"articleSection\":[\"Procuradoria\"],\"inLanguage\":\"pt-BR\",\"potentialAction\":[{\"@type\":\"CommentAction\",\"name\":\"Comment\",\"target\":[\"https:\\\/\\\/cj.estrategia.com\\\/portal\\\/concurso-pgm-ibatiba-es\\\/#respond\"]}]},{\"@type\":\"WebPage\",\"@id\":\"https:\\\/\\\/cj.estrategia.com\\\/portal\\\/concurso-pgm-ibatiba-es\\\/\",\"url\":\"https:\\\/\\\/cj.estrategia.com\\\/portal\\\/concurso-pgm-ibatiba-es\\\/\",\"name\":\"Concurso PGM Ibatiba ES: publicada rescis\u00e3o de contrato com a banca IDCAP\",\"isPartOf\":{\"@id\":\"https:\\\/\\\/cj.estrategia.com\\\/portal\\\/#website\"},\"primaryImageOfPage\":{\"@id\":\"https:\\\/\\\/cj.estrategia.com\\\/portal\\\/concurso-pgm-ibatiba-es\\\/#primaryimage\"},\"image\":{\"@id\":\"https:\\\/\\\/cj.estrategia.com\\\/portal\\\/concurso-pgm-ibatiba-es\\\/#primaryimage\"},\"thumbnailUrl\":\"https:\\\/\\\/cj.estrategia.com\\\/portal\\\/wp-content\\\/uploads\\\/2022\\\/09\\\/04102635\\\/Concursos-Procuradorias.jpg\",\"datePublished\":\"2023-07-28T08:00:00+00:00\",\"dateModified\":\"2023-07-28T11:03:13+00:00\",\"description\":\"Concurso PGM Ibatiba ES: contrato com a banca \u00e9 rescindido. Confira mais detalhes AQUI!\",\"breadcrumb\":{\"@id\":\"https:\\\/\\\/cj.estrategia.com\\\/portal\\\/concurso-pgm-ibatiba-es\\\/#breadcrumb\"},\"inLanguage\":\"pt-BR\",\"potentialAction\":[{\"@type\":\"ReadAction\",\"target\":[\"https:\\\/\\\/cj.estrategia.com\\\/portal\\\/concurso-pgm-ibatiba-es\\\/\"]}]},{\"@type\":\"ImageObject\",\"inLanguage\":\"pt-BR\",\"@id\":\"https:\\\/\\\/cj.estrategia.com\\\/portal\\\/concurso-pgm-ibatiba-es\\\/#primaryimage\",\"url\":\"https:\\\/\\\/cj.estrategia.com\\\/portal\\\/wp-content\\\/uploads\\\/2022\\\/09\\\/04102635\\\/Concursos-Procuradorias.jpg\",\"contentUrl\":\"https:\\\/\\\/cj.estrategia.com\\\/portal\\\/wp-content\\\/uploads\\\/2022\\\/09\\\/04102635\\\/Concursos-Procuradorias.jpg\",\"width\":768,\"height\":432,\"caption\":\"Concurso de procuradorias\"},{\"@type\":\"BreadcrumbList\",\"@id\":\"https:\\\/\\\/cj.estrategia.com\\\/portal\\\/concurso-pgm-ibatiba-es\\\/#breadcrumb\",\"itemListElement\":[{\"@type\":\"ListItem\",\"position\":1,\"name\":\"In\u00edcio\",\"item\":\"https:\\\/\\\/cj.estrategia.com\\\/portal\\\/\"},{\"@type\":\"ListItem\",\"position\":2,\"name\":\"Concurso PGM Ibatiba ES: publicada rescis\u00e3o de contrato com a banca IDCAP\"}]},{\"@type\":\"WebSite\",\"@id\":\"https:\\\/\\\/cj.estrategia.com\\\/portal\\\/#website\",\"url\":\"https:\\\/\\\/cj.estrategia.com\\\/portal\\\/\",\"name\":\"Blog - Carreiras Jur\u00eddicas - Estrat\u00e9gia\",\"description\":\"\",\"publisher\":{\"@id\":\"https:\\\/\\\/cj.estrategia.com\\\/portal\\\/#organization\"},\"potentialAction\":[{\"@type\":\"SearchAction\",\"target\":{\"@type\":\"EntryPoint\",\"urlTemplate\":\"https:\\\/\\\/cj.estrategia.com\\\/portal\\\/?s={search_term_string}\"},\"query-input\":{\"@type\":\"PropertyValueSpecification\",\"valueRequired\":true,\"valueName\":\"search_term_string\"}}],\"inLanguage\":\"pt-BR\"},{\"@type\":\"Organization\",\"@id\":\"https:\\\/\\\/cj.estrategia.com\\\/portal\\\/#organization\",\"name\":\"Estrat\u00e9gia - Carreiras Jur\u00eddicas\",\"url\":\"https:\\\/\\\/cj.estrategia.com\\\/portal\\\/\",\"logo\":{\"@type\":\"ImageObject\",\"inLanguage\":\"pt-BR\",\"@id\":\"https:\\\/\\\/cj.estrategia.com\\\/portal\\\/#\\\/schema\\\/logo\\\/image\\\/\",\"url\":\"https:\\\/\\\/cj.estrategia.com\\\/portal\\\/wp-content\\\/uploads\\\/2022\\\/03\\\/11151052\\\/cj-logo.png\",\"contentUrl\":\"https:\\\/\\\/cj.estrategia.com\\\/portal\\\/wp-content\\\/uploads\\\/2022\\\/03\\\/11151052\\\/cj-logo.png\",\"width\":150,\"height\":39,\"caption\":\"Estrat\u00e9gia - Carreiras Jur\u00eddicas\"},\"image\":{\"@id\":\"https:\\\/\\\/cj.estrategia.com\\\/portal\\\/#\\\/schema\\\/logo\\\/image\\\/\"},\"sameAs\":[\"https:\\\/\\\/www.facebook.com\\\/estrategiacarreirajuridica\\\/\",\"https:\\\/\\\/x.com\\\/EstratJuridica\",\"https:\\\/\\\/www.instagram.com\\\/estrategiacarreirajuridica\\\/\",\"https:\\\/\\\/www.youtube.com\\\/channel\\\/UClbMGuYbj2Mh1m3w144ETWQ\"]},{\"@type\":\"Person\",\"@id\":\"https:\\\/\\\/cj.estrategia.com\\\/portal\\\/#\\\/schema\\\/person\\\/4d70317d31449932b99102916b6637f5\",\"name\":\"Coordena\u00e7\u00e3o\",\"image\":{\"@type\":\"ImageObject\",\"inLanguage\":\"pt-BR\",\"@id\":\"https:\\\/\\\/cj.estrategia.com\\\/portal\\\/wp-content\\\/uploads\\\/2022\\\/05\\\/12164923\\\/estrategia-carreira-juridica-coordenacao-96x96.png\",\"url\":\"https:\\\/\\\/cj.estrategia.com\\\/portal\\\/wp-content\\\/uploads\\\/2022\\\/05\\\/12164923\\\/estrategia-carreira-juridica-coordenacao-96x96.png\",\"contentUrl\":\"https:\\\/\\\/cj.estrategia.com\\\/portal\\\/wp-content\\\/uploads\\\/2022\\\/05\\\/12164923\\\/estrategia-carreira-juridica-coordenacao-96x96.png\",\"caption\":\"Coordena\u00e7\u00e3o\"},\"url\":\"https:\\\/\\\/cj.estrategia.com\\\/portal\\\/author\\\/coordenacao\\\/\"}]}<\/script>\n<!-- \/ Yoast SEO Premium plugin. -->","yoast_head_json":{"title":"Concurso PGM Ibatiba ES: publicada rescis\u00e3o de contrato com a banca IDCAP","description":"Concurso PGM Ibatiba ES: contrato com a banca \u00e9 rescindido. Confira mais detalhes AQUI!","robots":{"index":"index","follow":"follow","max-snippet":"max-snippet:-1","max-image-preview":"max-image-preview:large","max-video-preview":"max-video-preview:-1"},"canonical":"https:\/\/cj.estrategia.com\/portal\/concurso-pgm-ibatiba-es\/","og_locale":"pt_BR","og_type":"article","og_title":"Concurso PGM Ibatiba ES: publicada rescis\u00e3o de contrato com a banca IDCAP","og_description":"Concurso PGM Ibatiba ES: contrato com a banca \u00e9 rescindido. Confira mais detalhes AQUI!","og_url":"https:\/\/cj.estrategia.com\/portal\/concurso-pgm-ibatiba-es\/","og_site_name":"Blog - Carreiras Jur\u00eddicas - Estrat\u00e9gia","article_publisher":"https:\/\/www.facebook.com\/estrategiacarreirajuridica\/","article_published_time":"2023-07-28T08:00:00+00:00","article_modified_time":"2023-07-28T11:03:13+00:00","og_image":[{"width":768,"height":432,"url":"https:\/\/cj.estrategia.com\/portal\/wp-content\/uploads\/2022\/09\/04102635\/Concursos-Procuradorias.jpg","type":"image\/jpeg"}],"author":"Coordena\u00e7\u00e3o","twitter_card":"summary_large_image","twitter_creator":"@EstratJuridica","twitter_site":"@EstratJuridica","twitter_misc":{"Escrito por":"Coordena\u00e7\u00e3o","Est. tempo de leitura":"5 minutos"},"schema":{"@context":"https:\/\/schema.org","@graph":[{"@type":"NewsArticle","@id":"https:\/\/cj.estrategia.com\/portal\/concurso-pgm-ibatiba-es\/#article","isPartOf":{"@id":"https:\/\/cj.estrategia.com\/portal\/concurso-pgm-ibatiba-es\/"},"author":{"name":"Coordena\u00e7\u00e3o","@id":"https:\/\/cj.estrategia.com\/portal\/#\/schema\/person\/4d70317d31449932b99102916b6637f5"},"headline":"Concurso PGM Ibatiba ES: publicada rescis\u00e3o de contrato com a banca IDCAP","datePublished":"2023-07-28T08:00:00+00:00","dateModified":"2023-07-28T11:03:13+00:00","mainEntityOfPage":{"@id":"https:\/\/cj.estrategia.com\/portal\/concurso-pgm-ibatiba-es\/"},"wordCount":831,"commentCount":0,"publisher":{"@id":"https:\/\/cj.estrategia.com\/portal\/#organization"},"image":{"@id":"https:\/\/cj.estrategia.com\/portal\/concurso-pgm-ibatiba-es\/#primaryimage"},"thumbnailUrl":"https:\/\/cj.estrategia.com\/portal\/wp-content\/uploads\/2022\/09\/04102635\/Concursos-Procuradorias.jpg","articleSection":["Procuradoria"],"inLanguage":"pt-BR","potentialAction":[{"@type":"CommentAction","name":"Comment","target":["https:\/\/cj.estrategia.com\/portal\/concurso-pgm-ibatiba-es\/#respond"]}]},{"@type":"WebPage","@id":"https:\/\/cj.estrategia.com\/portal\/concurso-pgm-ibatiba-es\/","url":"https:\/\/cj.estrategia.com\/portal\/concurso-pgm-ibatiba-es\/","name":"Concurso PGM Ibatiba ES: publicada rescis\u00e3o de contrato com a banca IDCAP","isPartOf":{"@id":"https:\/\/cj.estrategia.com\/portal\/#website"},"primaryImageOfPage":{"@id":"https:\/\/cj.estrategia.com\/portal\/concurso-pgm-ibatiba-es\/#primaryimage"},"image":{"@id":"https:\/\/cj.estrategia.com\/portal\/concurso-pgm-ibatiba-es\/#primaryimage"},"thumbnailUrl":"https:\/\/cj.estrategia.com\/portal\/wp-content\/uploads\/2022\/09\/04102635\/Concursos-Procuradorias.jpg","datePublished":"2023-07-28T08:00:00+00:00","dateModified":"2023-07-28T11:03:13+00:00","description":"Concurso PGM Ibatiba ES: contrato com a banca \u00e9 rescindido. Confira mais detalhes AQUI!","breadcrumb":{"@id":"https:\/\/cj.estrategia.com\/portal\/concurso-pgm-ibatiba-es\/#breadcrumb"},"inLanguage":"pt-BR","potentialAction":[{"@type":"ReadAction","target":["https:\/\/cj.estrategia.com\/portal\/concurso-pgm-ibatiba-es\/"]}]},{"@type":"ImageObject","inLanguage":"pt-BR","@id":"https:\/\/cj.estrategia.com\/portal\/concurso-pgm-ibatiba-es\/#primaryimage","url":"https:\/\/cj.estrategia.com\/portal\/wp-content\/uploads\/2022\/09\/04102635\/Concursos-Procuradorias.jpg","contentUrl":"https:\/\/cj.estrategia.com\/portal\/wp-content\/uploads\/2022\/09\/04102635\/Concursos-Procuradorias.jpg","width":768,"height":432,"caption":"Concurso de procuradorias"},{"@type":"BreadcrumbList","@id":"https:\/\/cj.estrategia.com\/portal\/concurso-pgm-ibatiba-es\/#breadcrumb","itemListElement":[{"@type":"ListItem","position":1,"name":"In\u00edcio","item":"https:\/\/cj.estrategia.com\/portal\/"},{"@type":"ListItem","position":2,"name":"Concurso PGM Ibatiba ES: publicada rescis\u00e3o de contrato com a banca IDCAP"}]},{"@type":"WebSite","@id":"https:\/\/cj.estrategia.com\/portal\/#website","url":"https:\/\/cj.estrategia.com\/portal\/","name":"Blog - Carreiras Jur\u00eddicas - Estrat\u00e9gia","description":"","publisher":{"@id":"https:\/\/cj.estrategia.com\/portal\/#organization"},"potentialAction":[{"@type":"SearchAction","target":{"@type":"EntryPoint","urlTemplate":"https:\/\/cj.estrategia.com\/portal\/?s={search_term_string}"},"query-input":{"@type":"PropertyValueSpecification","valueRequired":true,"valueName":"search_term_string"}}],"inLanguage":"pt-BR"},{"@type":"Organization","@id":"https:\/\/cj.estrategia.com\/portal\/#organization","name":"Estrat\u00e9gia - Carreiras Jur\u00eddicas","url":"https:\/\/cj.estrategia.com\/portal\/","logo":{"@type":"ImageObject","inLanguage":"pt-BR","@id":"https:\/\/cj.estrategia.com\/portal\/#\/schema\/logo\/image\/","url":"https:\/\/cj.estrategia.com\/portal\/wp-content\/uploads\/2022\/03\/11151052\/cj-logo.png","contentUrl":"https:\/\/cj.estrategia.com\/portal\/wp-content\/uploads\/2022\/03\/11151052\/cj-logo.png","width":150,"height":39,"caption":"Estrat\u00e9gia - Carreiras Jur\u00eddicas"},"image":{"@id":"https:\/\/cj.estrategia.com\/portal\/#\/schema\/logo\/image\/"},"sameAs":["https:\/\/www.facebook.com\/estrategiacarreirajuridica\/","https:\/\/x.com\/EstratJuridica","https:\/\/www.instagram.com\/estrategiacarreirajuridica\/","https:\/\/www.youtube.com\/channel\/UClbMGuYbj2Mh1m3w144ETWQ"]},{"@type":"Person","@id":"https:\/\/cj.estrategia.com\/portal\/#\/schema\/person\/4d70317d31449932b99102916b6637f5","name":"Coordena\u00e7\u00e3o","image":{"@type":"ImageObject","inLanguage":"pt-BR","@id":"https:\/\/cj.estrategia.com\/portal\/wp-content\/uploads\/2022\/05\/12164923\/estrategia-carreira-juridica-coordenacao-96x96.png","url":"https:\/\/cj.estrategia.com\/portal\/wp-content\/uploads\/2022\/05\/12164923\/estrategia-carreira-juridica-coordenacao-96x96.png","contentUrl":"https:\/\/cj.estrategia.com\/portal\/wp-content\/uploads\/2022\/05\/12164923\/estrategia-carreira-juridica-coordenacao-96x96.png","caption":"Coordena\u00e7\u00e3o"},"url":"https:\/\/cj.estrategia.com\/portal\/author\/coordenacao\/"}]}},"jetpack_featured_media_url":"https:\/\/cj.estrategia.com\/portal\/wp-content\/uploads\/2022\/09\/04102635\/Concursos-Procuradorias.jpg","jetpack_sharing_enabled":true,"_links":{"self":[{"href":"https:\/\/cj.estrategia.com\/portal\/wp-json\/wp\/v2\/posts\/29739","targetHints":{"allow":["GET"]}}],"collection":[{"href":"https:\/\/cj.estrategia.com\/portal\/wp-json\/wp\/v2\/posts"}],"about":[{"href":"https:\/\/cj.estrategia.com\/portal\/wp-json\/wp\/v2\/types\/post"}],"author":[{"embeddable":true,"href":"https:\/\/cj.estrategia.com\/portal\/wp-json\/wp\/v2\/users\/12"}],"replies":[{"embeddable":true,"href":"https:\/\/cj.estrategia.com\/portal\/wp-json\/wp\/v2\/comments?post=29739"}],"version-history":[{"count":0,"href":"https:\/\/cj.estrategia.com\/portal\/wp-json\/wp\/v2\/posts\/29739\/revisions"}],"wp:featuredmedia":[{"embeddable":true,"href":"https:\/\/cj.estrategia.com\/portal\/wp-json\/wp\/v2\/media\/20782"}],"wp:attachment":[{"href":"https:\/\/cj.estrategia.com\/portal\/wp-json\/wp\/v2\/media?parent=29739"}],"wp:term":[{"taxonomy":"category","embeddable":true,"href":"https:\/\/cj.estrategia.com\/portal\/wp-json\/wp\/v2\/categories?post=29739"},{"taxonomy":"post_tag","embeddable":true,"href":"https:\/\/cj.estrategia.com\/portal\/wp-json\/wp\/v2\/tags?post=29739"},{"taxonomy":"tax_estado","embeddable":true,"href":"https:\/\/cj.estrategia.com\/portal\/wp-json\/wp\/v2\/tax_estado?post=29739"}],"curies":[{"name":"wp","href":"https:\/\/api.w.org\/{rel}","templated":true}]}}