{"id":29051,"date":"2023-02-07T18:00:00","date_gmt":"2023-02-07T21:00:00","guid":{"rendered":"https:\/\/cj.estrategia.com\/portal\/?p=29051"},"modified":"2023-02-07T08:41:37","modified_gmt":"2023-02-07T11:41:37","slug":"concursos-pcdf-e-pcsc-intensivo-de-jurisprudencia","status":"publish","type":"post","link":"https:\/\/cj.estrategia.com\/portal\/concursos-pcdf-e-pcsc-intensivo-de-jurisprudencia\/","title":{"rendered":"Concursos PCDF e PCSC: Intensivo de Jurisprud\u00eancia"},"content":{"rendered":"\n<p>Acontece do dia 07 a 10\/02\/2023, o Intensivo de Jurisprud\u00eancia dos concursos PCDF e PCSC. <\/p>\n\n\n\n<p>Ser\u00e3o quatro encontros de 3 horas e 30 minutos de dura\u00e7\u00e3o para refor\u00e7ar os estudos e ganhar dicas valiosas. Veja abaixo: <\/p>\n\n\n\n<h2 class=\"wp-block-heading\" id=\"h-concursos-pcdf-e-pcsc-cronograma\"><span id=\"concursos-pcdf-e-pcsc-cronograma\">Concursos PCDF e PCSC: cronograma<\/span><\/h2>\n\n\n<div class=\"wp-block-image\">\n<figure class=\"aligncenter size-large\"><img decoding=\"async\" width=\"1024\" height=\"230\" src=\"https:\/\/cj.estrategia.com\/portal\/wp-content\/uploads\/2023\/02\/07083848\/Captura-de-Tela-2023-02-06-as-13.57.46-1024x230.png\" alt=\"\" class=\"wp-image-29056\" srcset=\"https:\/\/cj.estrategia.com\/portal\/wp-content\/uploads\/2023\/02\/07083848\/Captura-de-Tela-2023-02-06-as-13.57.46-1024x230.png 1024w, https:\/\/cj.estrategia.com\/portal\/wp-content\/uploads\/2023\/02\/07083848\/Captura-de-Tela-2023-02-06-as-13.57.46-300x67.png 300w, https:\/\/cj.estrategia.com\/portal\/wp-content\/uploads\/2023\/02\/07083848\/Captura-de-Tela-2023-02-06-as-13.57.46-768x172.png 768w, https:\/\/cj.estrategia.com\/portal\/wp-content\/uploads\/2023\/02\/07083848\/Captura-de-Tela-2023-02-06-as-13.57.46-380x85.png 380w, https:\/\/cj.estrategia.com\/portal\/wp-content\/uploads\/2023\/02\/07083848\/Captura-de-Tela-2023-02-06-as-13.57.46-800x180.png 800w, https:\/\/cj.estrategia.com\/portal\/wp-content\/uploads\/2023\/02\/07083848\/Captura-de-Tela-2023-02-06-as-13.57.46-1160x260.png 1160w, https:\/\/cj.estrategia.com\/portal\/wp-content\/uploads\/2023\/02\/07083848\/Captura-de-Tela-2023-02-06-as-13.57.46-150x34.png 150w, https:\/\/cj.estrategia.com\/portal\/wp-content\/uploads\/2023\/02\/07083848\/Captura-de-Tela-2023-02-06-as-13.57.46.png 1524w\" sizes=\"(max-width: 1024px) 100vw, 1024px\" \/><figcaption class=\"wp-element-caption\">Cronograma<\/figcaption><\/figure>\n<\/div>\n\n\n<h2 id=\"concursos-pcdf-e-pcsc-evento-ao-vivo\" class=\"wp-block-heading\">Concursos PCDF e PCSC: evento ao vivo <\/h2>\n\n\n\n<p class=\"has-text-align-center has-light-green-cyan-background-color has-background has-medium-font-size\"><strong>PC DF e PC SC &#8211; <a href=\"https:\/\/www.youtube.com\/channel\/UClbMGuYbj2Mh1m3w144ETWQ\" target=\"_blank\" >Assista AO VIVO <\/a><\/strong><\/p>\n\n\n\n<h2 id=\"concursos-pcdf-e-pcsc-curiosidades\" class=\"wp-block-heading\">Concursos PCDF e PCSC: curiosidades <\/h2>\n\n\n\n<h4 class=\"wp-block-heading\" id=\"requisitos\"><span id=\"quais-sao-os-requisitos-para-ser-delta-de-sc\">Quais s\u00e3o os requisitos para ser delta de SC?<\/span><\/h4>\n\n\n\n<p>\u00c9 necess\u00e1rio possuir o diploma de bacharel em Direito, reconhecido pelo Minist\u00e9rio da Educa\u00e7\u00e3o, com Diploma registrado na institui\u00e7\u00e3o que o expedir, ou em institui\u00e7\u00e3o autorizada por lei. A Lei Complementar 737\/2019 passou a exigir a comprova\u00e7\u00e3o de\u00a0<strong>tr\u00eas anos de atividade jur\u00eddica ou policial.<\/strong>\u00a0Al\u00e9m disso, exige-se a capacidade f\u00edsica e aptid\u00e3o psicol\u00f3gica compat\u00edveis com o cargo pretendido e a posse de carteira nacional de habilita\u00e7\u00e3o.<\/p>\n\n\n\n<h4 id=\"salario-do-concurso-delegado-df\" class=\"wp-block-heading\">Sal\u00e1rio do concurso Delegado DF<\/h4>\n\n\n\n<h3 class=\"wp-block-heading\" id=\"salario\"><span id=\"salarios-e-beneficios\">Sal\u00e1rios e Benef\u00edcios<\/span><\/h3>\n\n\n\n<p><strong><em>Delegado de Pol\u00edcia<\/em><\/strong><\/p>\n\n\n\n<ul class=\"wp-block-list\">\n<li>Especial \u2013 R$ 24.629,40<\/li>\n\n\n\n<li>Primeira \u2013 R$ 21.877,12<\/li>\n\n\n\n<li>Segunda -R$ 18.716,77<\/li>\n\n\n\n<li>Terceira \u2013 R$ 18.177,32<\/li>\n<\/ul>\n\n\n\n<p>Al\u00e9m do subs\u00eddio, os servidores da PCDF tamb\u00e9m recebem:<\/p>\n\n\n\n<ul class=\"wp-block-list\">\n<li>aux\u00edlio-alimenta\u00e7\u00e3o, no valor de R$ 458,00;<\/li>\n\n\n\n<li>aux\u00edlio-creche; e<\/li>\n\n\n\n<li>aux\u00edlio plano de sa\u00fade.<\/li>\n<\/ul>\n\n\n\n<p class=\"has-text-align-center has-luminous-vivid-amber-background-color has-background has-medium-font-size\"><strong>Saiba mais: <a href=\"https:\/\/cj.estrategia.com\/portal\/concurso-delegado-sc\/\" target=\"_blank\" >Concurso Delegado SC<\/a> \/ <a href=\"https:\/\/cj.estrategia.com\/portal\/concurso-delegado-df\/\" target=\"_blank\" >Concurso Delegado DF<\/a><\/strong><\/p>\n\n\n\n<p><\/p>\n\n\n\n<p><\/p>\n\n\n\n<p><\/p>\n\n\n\n<p><\/p>\n\n\n\n<p><\/p>\n\n\n\n<p><\/p>\n\n\n\n<p><\/p>\n\n\n\n<p><\/p>\n\n\n\n<ul class=\"wp-block-list\">\n<li><\/li>\n<\/ul>\n","protected":false},"excerpt":{"rendered":"Acontece do dia 07 a 10\/02\/2023, o Intensivo de Jurisprud\u00eancia dos concursos PCDF e PCSC. Ser\u00e3o quatro encontros&hellip;\n","protected":false},"author":12,"featured_media":20779,"comment_status":"open","ping_status":"open","sticky":false,"template":"","format":"standard","meta":{"_jetpack_memberships_contains_paid_content":false,"footnotes":""},"categories":[1,28],"tags":[],"tax_estado":[37,54],"class_list":{"0":"post-29051","1":"post","2":"type-post","3":"status-publish","4":"format-standard","5":"has-post-thumbnail","7":"category-carreiras-juridicas","8":"category-delegado","9":"tax_estado-df","10":"tax_estado-sc"},"acf":[],"yoast_head":"<!-- This site is optimized with the Yoast SEO Premium plugin v27.4 (Yoast SEO v27.4) - https:\/\/yoast.com\/product\/yoast-seo-premium-wordpress\/ -->\n<title>Concursos PCDF e PCSC: Intensivo de Jurisprud\u00eancia<\/title>\n<meta name=\"description\" content=\"Concursos PCDF e PCSC: Intensivo de Jurisprud\u00eancia!\" \/>\n<meta name=\"robots\" content=\"index, follow, max-snippet:-1, max-image-preview:large, max-video-preview:-1\" \/>\n<link rel=\"canonical\" href=\"https:\/\/cj.estrategia.com\/portal\/concursos-pcdf-e-pcsc-intensivo-de-jurisprudencia\/\" \/>\n<meta property=\"og:locale\" content=\"pt_BR\" \/>\n<meta property=\"og:type\" content=\"article\" \/>\n<meta property=\"og:title\" content=\"Concursos PCDF e PCSC: Intensivo de Jurisprud\u00eancia\" \/>\n<meta property=\"og:description\" content=\"Concursos PCDF e PCSC: Intensivo de Jurisprud\u00eancia!\" \/>\n<meta property=\"og:url\" content=\"https:\/\/cj.estrategia.com\/portal\/concursos-pcdf-e-pcsc-intensivo-de-jurisprudencia\/\" \/>\n<meta property=\"og:site_name\" content=\"Blog - Carreiras Jur\u00eddicas - Estrat\u00e9gia\" \/>\n<meta property=\"article:publisher\" content=\"https:\/\/www.facebook.com\/estrategiacarreirajuridica\/\" \/>\n<meta property=\"article:published_time\" content=\"2023-02-07T21:00:00+00:00\" \/>\n<meta property=\"og:image\" content=\"https:\/\/cj.estrategia.com\/portal\/wp-content\/uploads\/2022\/09\/04102455\/Concursos-Delegado.jpg\" \/>\n\t<meta property=\"og:image:width\" content=\"768\" \/>\n\t<meta property=\"og:image:height\" content=\"432\" \/>\n\t<meta property=\"og:image:type\" content=\"image\/jpeg\" \/>\n<meta name=\"author\" content=\"Coordena\u00e7\u00e3o\" \/>\n<meta name=\"twitter:card\" content=\"summary_large_image\" \/>\n<meta name=\"twitter:creator\" content=\"@EstratJuridica\" \/>\n<meta name=\"twitter:site\" content=\"@EstratJuridica\" \/>\n<meta name=\"twitter:label1\" content=\"Escrito por\" \/>\n\t<meta name=\"twitter:data1\" content=\"Coordena\u00e7\u00e3o\" \/>\n\t<meta name=\"twitter:label2\" content=\"Est. tempo de leitura\" \/>\n\t<meta name=\"twitter:data2\" content=\"2 minutos\" \/>\n<script type=\"application\/ld+json\" class=\"yoast-schema-graph\">{\"@context\":\"https:\\\/\\\/schema.org\",\"@graph\":[{\"@type\":\"NewsArticle\",\"@id\":\"https:\\\/\\\/cj.estrategia.com\\\/portal\\\/concursos-pcdf-e-pcsc-intensivo-de-jurisprudencia\\\/#article\",\"isPartOf\":{\"@id\":\"https:\\\/\\\/cj.estrategia.com\\\/portal\\\/concursos-pcdf-e-pcsc-intensivo-de-jurisprudencia\\\/\"},\"author\":{\"name\":\"Coordena\u00e7\u00e3o\",\"@id\":\"https:\\\/\\\/cj.estrategia.com\\\/portal\\\/#\\\/schema\\\/person\\\/4d70317d31449932b99102916b6637f5\"},\"headline\":\"Concursos PCDF e PCSC: Intensivo de Jurisprud\u00eancia\",\"datePublished\":\"2023-02-07T21:00:00+00:00\",\"mainEntityOfPage\":{\"@id\":\"https:\\\/\\\/cj.estrategia.com\\\/portal\\\/concursos-pcdf-e-pcsc-intensivo-de-jurisprudencia\\\/\"},\"wordCount\":219,\"commentCount\":0,\"publisher\":{\"@id\":\"https:\\\/\\\/cj.estrategia.com\\\/portal\\\/#organization\"},\"image\":{\"@id\":\"https:\\\/\\\/cj.estrategia.com\\\/portal\\\/concursos-pcdf-e-pcsc-intensivo-de-jurisprudencia\\\/#primaryimage\"},\"thumbnailUrl\":\"https:\\\/\\\/cj.estrategia.com\\\/portal\\\/wp-content\\\/uploads\\\/2022\\\/09\\\/04102455\\\/Concursos-Delegado.jpg\",\"articleSection\":[\"Carreiras Jur\u00eddicas\",\"Delegado\"],\"inLanguage\":\"pt-BR\",\"potentialAction\":[{\"@type\":\"CommentAction\",\"name\":\"Comment\",\"target\":[\"https:\\\/\\\/cj.estrategia.com\\\/portal\\\/concursos-pcdf-e-pcsc-intensivo-de-jurisprudencia\\\/#respond\"]}]},{\"@type\":\"WebPage\",\"@id\":\"https:\\\/\\\/cj.estrategia.com\\\/portal\\\/concursos-pcdf-e-pcsc-intensivo-de-jurisprudencia\\\/\",\"url\":\"https:\\\/\\\/cj.estrategia.com\\\/portal\\\/concursos-pcdf-e-pcsc-intensivo-de-jurisprudencia\\\/\",\"name\":\"Concursos PCDF e PCSC: Intensivo de Jurisprud\u00eancia\",\"isPartOf\":{\"@id\":\"https:\\\/\\\/cj.estrategia.com\\\/portal\\\/#website\"},\"primaryImageOfPage\":{\"@id\":\"https:\\\/\\\/cj.estrategia.com\\\/portal\\\/concursos-pcdf-e-pcsc-intensivo-de-jurisprudencia\\\/#primaryimage\"},\"image\":{\"@id\":\"https:\\\/\\\/cj.estrategia.com\\\/portal\\\/concursos-pcdf-e-pcsc-intensivo-de-jurisprudencia\\\/#primaryimage\"},\"thumbnailUrl\":\"https:\\\/\\\/cj.estrategia.com\\\/portal\\\/wp-content\\\/uploads\\\/2022\\\/09\\\/04102455\\\/Concursos-Delegado.jpg\",\"datePublished\":\"2023-02-07T21:00:00+00:00\",\"description\":\"Concursos PCDF e PCSC: Intensivo de Jurisprud\u00eancia!\",\"breadcrumb\":{\"@id\":\"https:\\\/\\\/cj.estrategia.com\\\/portal\\\/concursos-pcdf-e-pcsc-intensivo-de-jurisprudencia\\\/#breadcrumb\"},\"inLanguage\":\"pt-BR\",\"potentialAction\":[{\"@type\":\"ReadAction\",\"target\":[\"https:\\\/\\\/cj.estrategia.com\\\/portal\\\/concursos-pcdf-e-pcsc-intensivo-de-jurisprudencia\\\/\"]}]},{\"@type\":\"ImageObject\",\"inLanguage\":\"pt-BR\",\"@id\":\"https:\\\/\\\/cj.estrategia.com\\\/portal\\\/concursos-pcdf-e-pcsc-intensivo-de-jurisprudencia\\\/#primaryimage\",\"url\":\"https:\\\/\\\/cj.estrategia.com\\\/portal\\\/wp-content\\\/uploads\\\/2022\\\/09\\\/04102455\\\/Concursos-Delegado.jpg\",\"contentUrl\":\"https:\\\/\\\/cj.estrategia.com\\\/portal\\\/wp-content\\\/uploads\\\/2022\\\/09\\\/04102455\\\/Concursos-Delegado.jpg\",\"width\":768,\"height\":432,\"caption\":\"Concurso de delegado\"},{\"@type\":\"BreadcrumbList\",\"@id\":\"https:\\\/\\\/cj.estrategia.com\\\/portal\\\/concursos-pcdf-e-pcsc-intensivo-de-jurisprudencia\\\/#breadcrumb\",\"itemListElement\":[{\"@type\":\"ListItem\",\"position\":1,\"name\":\"In\u00edcio\",\"item\":\"https:\\\/\\\/cj.estrategia.com\\\/portal\\\/\"},{\"@type\":\"ListItem\",\"position\":2,\"name\":\"Concursos PCDF e PCSC: Intensivo de Jurisprud\u00eancia\"}]},{\"@type\":\"WebSite\",\"@id\":\"https:\\\/\\\/cj.estrategia.com\\\/portal\\\/#website\",\"url\":\"https:\\\/\\\/cj.estrategia.com\\\/portal\\\/\",\"name\":\"Blog - Carreiras Jur\u00eddicas - Estrat\u00e9gia\",\"description\":\"\",\"publisher\":{\"@id\":\"https:\\\/\\\/cj.estrategia.com\\\/portal\\\/#organization\"},\"potentialAction\":[{\"@type\":\"SearchAction\",\"target\":{\"@type\":\"EntryPoint\",\"urlTemplate\":\"https:\\\/\\\/cj.estrategia.com\\\/portal\\\/?s={search_term_string}\"},\"query-input\":{\"@type\":\"PropertyValueSpecification\",\"valueRequired\":true,\"valueName\":\"search_term_string\"}}],\"inLanguage\":\"pt-BR\"},{\"@type\":\"Organization\",\"@id\":\"https:\\\/\\\/cj.estrategia.com\\\/portal\\\/#organization\",\"name\":\"Estrat\u00e9gia - Carreiras Jur\u00eddicas\",\"url\":\"https:\\\/\\\/cj.estrategia.com\\\/portal\\\/\",\"logo\":{\"@type\":\"ImageObject\",\"inLanguage\":\"pt-BR\",\"@id\":\"https:\\\/\\\/cj.estrategia.com\\\/portal\\\/#\\\/schema\\\/logo\\\/image\\\/\",\"url\":\"https:\\\/\\\/cj.estrategia.com\\\/portal\\\/wp-content\\\/uploads\\\/2022\\\/03\\\/11151052\\\/cj-logo.png\",\"contentUrl\":\"https:\\\/\\\/cj.estrategia.com\\\/portal\\\/wp-content\\\/uploads\\\/2022\\\/03\\\/11151052\\\/cj-logo.png\",\"width\":150,\"height\":39,\"caption\":\"Estrat\u00e9gia - Carreiras Jur\u00eddicas\"},\"image\":{\"@id\":\"https:\\\/\\\/cj.estrategia.com\\\/portal\\\/#\\\/schema\\\/logo\\\/image\\\/\"},\"sameAs\":[\"https:\\\/\\\/www.facebook.com\\\/estrategiacarreirajuridica\\\/\",\"https:\\\/\\\/x.com\\\/EstratJuridica\",\"https:\\\/\\\/www.instagram.com\\\/estrategiacarreirajuridica\\\/\",\"https:\\\/\\\/www.youtube.com\\\/channel\\\/UClbMGuYbj2Mh1m3w144ETWQ\"]},{\"@type\":\"Person\",\"@id\":\"https:\\\/\\\/cj.estrategia.com\\\/portal\\\/#\\\/schema\\\/person\\\/4d70317d31449932b99102916b6637f5\",\"name\":\"Coordena\u00e7\u00e3o\",\"image\":{\"@type\":\"ImageObject\",\"inLanguage\":\"pt-BR\",\"@id\":\"https:\\\/\\\/cj.estrategia.com\\\/portal\\\/wp-content\\\/uploads\\\/2022\\\/05\\\/12164923\\\/estrategia-carreira-juridica-coordenacao-96x96.png\",\"url\":\"https:\\\/\\\/cj.estrategia.com\\\/portal\\\/wp-content\\\/uploads\\\/2022\\\/05\\\/12164923\\\/estrategia-carreira-juridica-coordenacao-96x96.png\",\"contentUrl\":\"https:\\\/\\\/cj.estrategia.com\\\/portal\\\/wp-content\\\/uploads\\\/2022\\\/05\\\/12164923\\\/estrategia-carreira-juridica-coordenacao-96x96.png\",\"caption\":\"Coordena\u00e7\u00e3o\"},\"url\":\"https:\\\/\\\/cj.estrategia.com\\\/portal\\\/author\\\/coordenacao\\\/\"}]}<\/script>\n<!-- \/ Yoast SEO Premium plugin. -->","yoast_head_json":{"title":"Concursos PCDF e PCSC: Intensivo de Jurisprud\u00eancia","description":"Concursos PCDF e PCSC: Intensivo de Jurisprud\u00eancia!","robots":{"index":"index","follow":"follow","max-snippet":"max-snippet:-1","max-image-preview":"max-image-preview:large","max-video-preview":"max-video-preview:-1"},"canonical":"https:\/\/cj.estrategia.com\/portal\/concursos-pcdf-e-pcsc-intensivo-de-jurisprudencia\/","og_locale":"pt_BR","og_type":"article","og_title":"Concursos PCDF e PCSC: Intensivo de Jurisprud\u00eancia","og_description":"Concursos PCDF e PCSC: Intensivo de Jurisprud\u00eancia!","og_url":"https:\/\/cj.estrategia.com\/portal\/concursos-pcdf-e-pcsc-intensivo-de-jurisprudencia\/","og_site_name":"Blog - Carreiras Jur\u00eddicas - Estrat\u00e9gia","article_publisher":"https:\/\/www.facebook.com\/estrategiacarreirajuridica\/","article_published_time":"2023-02-07T21:00:00+00:00","og_image":[{"width":768,"height":432,"url":"https:\/\/cj.estrategia.com\/portal\/wp-content\/uploads\/2022\/09\/04102455\/Concursos-Delegado.jpg","type":"image\/jpeg"}],"author":"Coordena\u00e7\u00e3o","twitter_card":"summary_large_image","twitter_creator":"@EstratJuridica","twitter_site":"@EstratJuridica","twitter_misc":{"Escrito por":"Coordena\u00e7\u00e3o","Est. tempo de leitura":"2 minutos"},"schema":{"@context":"https:\/\/schema.org","@graph":[{"@type":"NewsArticle","@id":"https:\/\/cj.estrategia.com\/portal\/concursos-pcdf-e-pcsc-intensivo-de-jurisprudencia\/#article","isPartOf":{"@id":"https:\/\/cj.estrategia.com\/portal\/concursos-pcdf-e-pcsc-intensivo-de-jurisprudencia\/"},"author":{"name":"Coordena\u00e7\u00e3o","@id":"https:\/\/cj.estrategia.com\/portal\/#\/schema\/person\/4d70317d31449932b99102916b6637f5"},"headline":"Concursos PCDF e PCSC: Intensivo de Jurisprud\u00eancia","datePublished":"2023-02-07T21:00:00+00:00","mainEntityOfPage":{"@id":"https:\/\/cj.estrategia.com\/portal\/concursos-pcdf-e-pcsc-intensivo-de-jurisprudencia\/"},"wordCount":219,"commentCount":0,"publisher":{"@id":"https:\/\/cj.estrategia.com\/portal\/#organization"},"image":{"@id":"https:\/\/cj.estrategia.com\/portal\/concursos-pcdf-e-pcsc-intensivo-de-jurisprudencia\/#primaryimage"},"thumbnailUrl":"https:\/\/cj.estrategia.com\/portal\/wp-content\/uploads\/2022\/09\/04102455\/Concursos-Delegado.jpg","articleSection":["Carreiras Jur\u00eddicas","Delegado"],"inLanguage":"pt-BR","potentialAction":[{"@type":"CommentAction","name":"Comment","target":["https:\/\/cj.estrategia.com\/portal\/concursos-pcdf-e-pcsc-intensivo-de-jurisprudencia\/#respond"]}]},{"@type":"WebPage","@id":"https:\/\/cj.estrategia.com\/portal\/concursos-pcdf-e-pcsc-intensivo-de-jurisprudencia\/","url":"https:\/\/cj.estrategia.com\/portal\/concursos-pcdf-e-pcsc-intensivo-de-jurisprudencia\/","name":"Concursos PCDF e PCSC: Intensivo de Jurisprud\u00eancia","isPartOf":{"@id":"https:\/\/cj.estrategia.com\/portal\/#website"},"primaryImageOfPage":{"@id":"https:\/\/cj.estrategia.com\/portal\/concursos-pcdf-e-pcsc-intensivo-de-jurisprudencia\/#primaryimage"},"image":{"@id":"https:\/\/cj.estrategia.com\/portal\/concursos-pcdf-e-pcsc-intensivo-de-jurisprudencia\/#primaryimage"},"thumbnailUrl":"https:\/\/cj.estrategia.com\/portal\/wp-content\/uploads\/2022\/09\/04102455\/Concursos-Delegado.jpg","datePublished":"2023-02-07T21:00:00+00:00","description":"Concursos PCDF e PCSC: Intensivo de Jurisprud\u00eancia!","breadcrumb":{"@id":"https:\/\/cj.estrategia.com\/portal\/concursos-pcdf-e-pcsc-intensivo-de-jurisprudencia\/#breadcrumb"},"inLanguage":"pt-BR","potentialAction":[{"@type":"ReadAction","target":["https:\/\/cj.estrategia.com\/portal\/concursos-pcdf-e-pcsc-intensivo-de-jurisprudencia\/"]}]},{"@type":"ImageObject","inLanguage":"pt-BR","@id":"https:\/\/cj.estrategia.com\/portal\/concursos-pcdf-e-pcsc-intensivo-de-jurisprudencia\/#primaryimage","url":"https:\/\/cj.estrategia.com\/portal\/wp-content\/uploads\/2022\/09\/04102455\/Concursos-Delegado.jpg","contentUrl":"https:\/\/cj.estrategia.com\/portal\/wp-content\/uploads\/2022\/09\/04102455\/Concursos-Delegado.jpg","width":768,"height":432,"caption":"Concurso de delegado"},{"@type":"BreadcrumbList","@id":"https:\/\/cj.estrategia.com\/portal\/concursos-pcdf-e-pcsc-intensivo-de-jurisprudencia\/#breadcrumb","itemListElement":[{"@type":"ListItem","position":1,"name":"In\u00edcio","item":"https:\/\/cj.estrategia.com\/portal\/"},{"@type":"ListItem","position":2,"name":"Concursos PCDF e PCSC: Intensivo de Jurisprud\u00eancia"}]},{"@type":"WebSite","@id":"https:\/\/cj.estrategia.com\/portal\/#website","url":"https:\/\/cj.estrategia.com\/portal\/","name":"Blog - Carreiras Jur\u00eddicas - Estrat\u00e9gia","description":"","publisher":{"@id":"https:\/\/cj.estrategia.com\/portal\/#organization"},"potentialAction":[{"@type":"SearchAction","target":{"@type":"EntryPoint","urlTemplate":"https:\/\/cj.estrategia.com\/portal\/?s={search_term_string}"},"query-input":{"@type":"PropertyValueSpecification","valueRequired":true,"valueName":"search_term_string"}}],"inLanguage":"pt-BR"},{"@type":"Organization","@id":"https:\/\/cj.estrategia.com\/portal\/#organization","name":"Estrat\u00e9gia - Carreiras Jur\u00eddicas","url":"https:\/\/cj.estrategia.com\/portal\/","logo":{"@type":"ImageObject","inLanguage":"pt-BR","@id":"https:\/\/cj.estrategia.com\/portal\/#\/schema\/logo\/image\/","url":"https:\/\/cj.estrategia.com\/portal\/wp-content\/uploads\/2022\/03\/11151052\/cj-logo.png","contentUrl":"https:\/\/cj.estrategia.com\/portal\/wp-content\/uploads\/2022\/03\/11151052\/cj-logo.png","width":150,"height":39,"caption":"Estrat\u00e9gia - Carreiras Jur\u00eddicas"},"image":{"@id":"https:\/\/cj.estrategia.com\/portal\/#\/schema\/logo\/image\/"},"sameAs":["https:\/\/www.facebook.com\/estrategiacarreirajuridica\/","https:\/\/x.com\/EstratJuridica","https:\/\/www.instagram.com\/estrategiacarreirajuridica\/","https:\/\/www.youtube.com\/channel\/UClbMGuYbj2Mh1m3w144ETWQ"]},{"@type":"Person","@id":"https:\/\/cj.estrategia.com\/portal\/#\/schema\/person\/4d70317d31449932b99102916b6637f5","name":"Coordena\u00e7\u00e3o","image":{"@type":"ImageObject","inLanguage":"pt-BR","@id":"https:\/\/cj.estrategia.com\/portal\/wp-content\/uploads\/2022\/05\/12164923\/estrategia-carreira-juridica-coordenacao-96x96.png","url":"https:\/\/cj.estrategia.com\/portal\/wp-content\/uploads\/2022\/05\/12164923\/estrategia-carreira-juridica-coordenacao-96x96.png","contentUrl":"https:\/\/cj.estrategia.com\/portal\/wp-content\/uploads\/2022\/05\/12164923\/estrategia-carreira-juridica-coordenacao-96x96.png","caption":"Coordena\u00e7\u00e3o"},"url":"https:\/\/cj.estrategia.com\/portal\/author\/coordenacao\/"}]}},"jetpack_featured_media_url":"https:\/\/cj.estrategia.com\/portal\/wp-content\/uploads\/2022\/09\/04102455\/Concursos-Delegado.jpg","jetpack_sharing_enabled":true,"_links":{"self":[{"href":"https:\/\/cj.estrategia.com\/portal\/wp-json\/wp\/v2\/posts\/29051","targetHints":{"allow":["GET"]}}],"collection":[{"href":"https:\/\/cj.estrategia.com\/portal\/wp-json\/wp\/v2\/posts"}],"about":[{"href":"https:\/\/cj.estrategia.com\/portal\/wp-json\/wp\/v2\/types\/post"}],"author":[{"embeddable":true,"href":"https:\/\/cj.estrategia.com\/portal\/wp-json\/wp\/v2\/users\/12"}],"replies":[{"embeddable":true,"href":"https:\/\/cj.estrategia.com\/portal\/wp-json\/wp\/v2\/comments?post=29051"}],"version-history":[{"count":8,"href":"https:\/\/cj.estrategia.com\/portal\/wp-json\/wp\/v2\/posts\/29051\/revisions"}],"predecessor-version":[{"id":29061,"href":"https:\/\/cj.estrategia.com\/portal\/wp-json\/wp\/v2\/posts\/29051\/revisions\/29061"}],"wp:featuredmedia":[{"embeddable":true,"href":"https:\/\/cj.estrategia.com\/portal\/wp-json\/wp\/v2\/media\/20779"}],"wp:attachment":[{"href":"https:\/\/cj.estrategia.com\/portal\/wp-json\/wp\/v2\/media?parent=29051"}],"wp:term":[{"taxonomy":"category","embeddable":true,"href":"https:\/\/cj.estrategia.com\/portal\/wp-json\/wp\/v2\/categories?post=29051"},{"taxonomy":"post_tag","embeddable":true,"href":"https:\/\/cj.estrategia.com\/portal\/wp-json\/wp\/v2\/tags?post=29051"},{"taxonomy":"tax_estado","embeddable":true,"href":"https:\/\/cj.estrategia.com\/portal\/wp-json\/wp\/v2\/tax_estado?post=29051"}],"curies":[{"name":"wp","href":"https:\/\/api.w.org\/{rel}","templated":true}]}}