{"id":28929,"date":"2023-02-05T18:32:18","date_gmt":"2023-02-05T21:32:18","guid":{"rendered":"https:\/\/cj.estrategia.com\/portal\/?p=28929"},"modified":"2023-02-24T08:45:41","modified_gmt":"2023-02-24T11:45:41","slug":"concurso-mp-am-promotor-gabarito-extraoficial","status":"publish","type":"post","link":"https:\/\/cj.estrategia.com\/portal\/concurso-mp-am-promotor-gabarito-extraoficial\/","title":{"rendered":"Concurso MP AM Promotor: confira o gabarito extraoficial!"},"content":{"rendered":"\n<p class=\"wp-embed-aspect-16-9 wp-has-aspect-ratio\">Neste domingo, 05 de fevereiro, foram aplicadas as provas do <strong>concurso MP AM Promotor.&nbsp;<\/strong><\/p>\n\n\n\n<p class=\"wp-embed-aspect-16-9 wp-has-aspect-ratio\">As quest\u00f5es da prova objetiva foram do tipo m\u00faltipla escolha, com cinco op\u00e7\u00f5es (A, B, C, D e E), sendo uma \u00fanica resposta correta.<\/p>\n\n\n\n<p>Ao todo, s\u00e3o ofertadas <strong>18 vagas para Promotor<\/strong>, cuja remunera\u00e7\u00e3o inicial \u00e9 de R$ 32.004,66.<\/p>\n\n\n\n<p class=\"wp-embed-aspect-16-9 wp-has-aspect-ratio\">E com o objetivo de ajud\u00e1-lo a diminuir um pouco a ansiedade de saber se foi bem ou n\u00e3o em um concurso t\u00e3o visado e importante,&nbsp;<strong>nossos professores realizar\u00e3o a corre\u00e7\u00e3o dando o<\/strong>&nbsp;<strong>gabarito extraoficial da prova concurso MP AM Promotor<\/strong> <strong>\u00e0s 19:00<\/strong>.<\/p>\n\n\n\n<p class=\"wp-embed-aspect-16-9 wp-has-aspect-ratio\">Portanto, confira, antecipadamente, seu desempenho e ainda receba dicas de recursos (se houver necessidade, claro!). <\/p>\n\n\n\n<p class=\"wp-embed-aspect-16-9 wp-has-aspect-ratio\">Lembrando que o&nbsp;<strong>gabarito oficial preliminar<\/strong> ser\u00e1 publicado pela banca organizadora, o <strong>Cebraspe<\/strong>.<\/p>\n\n\n\n<figure class=\"wp-block-embed aligncenter is-type-video is-provider-youtube wp-block-embed-youtube wp-embed-aspect-16-9 wp-has-aspect-ratio\"><div class=\"wp-block-embed__wrapper\">\n<div class=\"cs-embed cs-embed-responsive\"><iframe title=\"Gabarito Extraoficial - MP AM (Promotor)\" width=\"1200\" height=\"675\" src=\"https:\/\/www.youtube.com\/embed\/0lY1PpqoaK4?feature=oembed\" frameborder=\"0\" allow=\"accelerometer; autoplay; clipboard-write; encrypted-media; gyroscope; picture-in-picture; web-share\" allowfullscreen><\/iframe><\/div>\n<\/div><\/figure>\n\n\n\n<h3 id=\"correcao-e-gabarito-extraoficial-mp-am-promotor\" class=\"wp-embed-aspect-16-9 wp-has-aspect-ratio wp-block-heading\">Corre\u00e7\u00e3o e Gabarito Extraoficial &#8211; MP AM Promotor<\/h3>\n\n\n\n<figure class=\"wp-block-table is-style-stripes\"><table class=\"has-fixed-layout\"><tbody><tr><td class=\"has-text-align-center\" data-align=\"center\"><strong>Disciplina<\/strong><\/td><td class=\"has-text-align-center\" data-align=\"center\"><strong>Professor<\/strong><\/td><\/tr><tr><td class=\"has-text-align-center\" data-align=\"center\">\u00c2ncora<\/td><td class=\"has-text-align-center\" data-align=\"center\">Guilherme Rezende<\/td><\/tr><tr><td class=\"has-text-align-center\" data-align=\"center\">Direito Constitucional&nbsp;<\/td><td class=\"has-text-align-center\" data-align=\"center\">Nelma Fontana<\/td><\/tr><tr><td class=\"has-text-align-center\" data-align=\"center\">Direito Administrativo<\/td><td class=\"has-text-align-center\" data-align=\"center\">Rodolfo Pena<\/td><\/tr><tr><td class=\"has-text-align-center\" data-align=\"center\">Direito Eleitoral&nbsp;<\/td><td class=\"has-text-align-center\" data-align=\"center\">Leonardo Fernandes<\/td><\/tr><tr><td class=\"has-text-align-center\" data-align=\"center\">Direito Civil&nbsp;<\/td><td class=\"has-text-align-center\" data-align=\"center\">Paulo Sousa<\/td><\/tr><tr><td class=\"has-text-align-center\" data-align=\"center\">Direito Processual Civil<\/td><td class=\"has-text-align-center\" data-align=\"center\">Rodrigo Vaslin<\/td><\/tr><tr><td class=\"has-text-align-center\" data-align=\"center\">Direito Penal&nbsp;<\/td><td class=\"has-text-align-center\" data-align=\"center\">Fl\u00e1vio Milhomem<\/td><\/tr><tr><td class=\"has-text-align-center\" data-align=\"center\">Direito Processual Penal<\/td><td class=\"has-text-align-center\" data-align=\"center\">Guilherme Rezende<\/td><\/tr><tr><td class=\"has-text-align-center\" data-align=\"center\">Legisla\u00e7\u00e3o Referente ao Minist\u00e9rio P\u00fablico<\/td><td class=\"has-text-align-center\" data-align=\"center\">Henrique da Rosa<\/td><\/tr><tr><td class=\"has-text-align-center\" data-align=\"center\">Tutela Dos Interesses Difusos, Coletivos e Individuais Homog\u00eaneos \u2013 Meio Ambiente, Patrim\u00f4nio Cultural, Consumidor, Patrim\u00f4nio P\u00fablico, Deficientes e Idosos&nbsp;<\/td><td class=\"has-text-align-center\" data-align=\"center\">Henrique da Rosa<\/td><\/tr><tr><td class=\"has-text-align-center\" data-align=\"center\">Promo\u00e7\u00e3o da Igualdade \u00c9tnicoRacial e Legisla\u00e7\u00e3o Espec\u00edfica Correspondente<\/td><td class=\"has-text-align-center\" data-align=\"center\">Vinicius Zoponi<\/td><\/tr><tr><td class=\"has-text-align-center\" data-align=\"center\">Direito da Inf\u00e2ncia e da Juventude<\/td><td class=\"has-text-align-center\" data-align=\"center\">Alex Fadel<\/td><\/tr><tr><td class=\"has-text-align-center\" data-align=\"center\">Legisla\u00e7\u00e3o penal especial<\/td><td class=\"has-text-align-center\" data-align=\"center\">Alex Fadel<\/td><\/tr><tr><td class=\"has-text-align-center\" data-align=\"center\">Direito Ambiental<\/td><td class=\"has-text-align-center\" data-align=\"center\">Tiago Leite<\/td><\/tr><\/tbody><\/table><\/figure>\n\n\n\n<h2 id=\"gabarito-extraoficial-concurso-mp-am-promotor\" class=\"wp-block-heading\">Gabarito extraoficial concurso MP AM Promotor:<\/h2>\n\n\n\n<figure class=\"wp-block-table is-style-stripes\"><table class=\"has-background\" style=\"background-color:#fcb90069\"><tbody><tr><td class=\"has-text-align-center\" data-align=\"center\"><strong>Quest\u00f5es<\/strong><\/td><td class=\"has-text-align-center\" data-align=\"center\"><strong>Alternativas<\/strong><\/td><\/tr><tr><td class=\"has-text-align-center\" data-align=\"center\">1 &#8211; Quanto ao poder constituinte&#8230; <\/td><td class=\"has-text-align-center\" data-align=\"center\">A<\/td><\/tr><tr><td class=\"has-text-align-center\" data-align=\"center\">2 &#8211; Em rela\u00e7\u00e3o ao mandado de seguran\u00e7a&#8230;<\/td><td class=\"has-text-align-center\" data-align=\"center\">C<\/td><\/tr><tr><td class=\"has-text-align-center\" data-align=\"center\">3 &#8211; A respeito da nacionalidade&#8230; <\/td><td class=\"has-text-align-center\" data-align=\"center\">E<\/td><\/tr><tr><td class=\"has-text-align-center\" data-align=\"center\">4 &#8211; No que se refere aos mun\u00edcipios&#8230; <\/td><td class=\"has-text-align-center\" data-align=\"center\">B<\/td><\/tr><tr><td class=\"has-text-align-center\" data-align=\"center\">5 &#8211; Assinale a op\u00e7\u00e3o correta&#8230; <\/td><td class=\"has-text-align-center\" data-align=\"center\">D<\/td><\/tr><tr><td class=\"has-text-align-center\" data-align=\"center\">6 &#8211; No que se refere ao processo legislativo&#8230; <\/td><td class=\"has-text-align-center\" data-align=\"center\">E<\/td><\/tr><tr><td class=\"has-text-align-center\" data-align=\"center\">7 &#8211; Acerca da organiza\u00e7\u00e3o&#8230;<\/td><td class=\"has-text-align-center\" data-align=\"center\">A<\/td><\/tr><tr><td class=\"has-text-align-center\" data-align=\"center\">8 &#8211; Considerando a jurisprud\u00eancia&#8230; <\/td><td class=\"has-text-align-center\" data-align=\"center\">D<\/td><\/tr><tr><td class=\"has-text-align-center\" data-align=\"center\">9 &#8211; A respeito do Poder Judici\u00e1rio&#8230; <\/td><td class=\"has-text-align-center\" data-align=\"center\">B<\/td><\/tr><tr><td class=\"has-text-align-center\" data-align=\"center\">10 &#8211; No que tange \u00e0 defesa do Estado&#8230;<\/td><td class=\"has-text-align-center\" data-align=\"center\">C<\/td><\/tr><tr><td class=\"has-text-align-center\" data-align=\"center\">11 &#8211; Com base no entendimento do STF&#8230;<\/td><td class=\"has-text-align-center\" data-align=\"center\">E<\/td><\/tr><tr><td class=\"has-text-align-center\" data-align=\"center\">12 &#8211; No que concerne a pol\u00edtica urbana&#8230;<\/td><td class=\"has-text-align-center\" data-align=\"center\">B<\/td><\/tr><tr><td class=\"has-text-align-center\" data-align=\"center\">13 &#8211; A respeito das finan\u00e7as p\u00fablicas&#8230;<\/td><td class=\"has-text-align-center\" data-align=\"center\">A<\/td><\/tr><tr><td class=\"has-text-align-center\" data-align=\"center\">14 &#8211; Um profissional de imprensa cobria&#8230;<\/td><td class=\"has-text-align-center\" data-align=\"center\">E<\/td><\/tr><tr><td class=\"has-text-align-center\" data-align=\"center\">15 &#8211; Uma empresa concession\u00e1ria&#8230; <\/td><td class=\"has-text-align-center\" data-align=\"center\">A<\/td><\/tr><tr><td class=\"has-text-align-center\" data-align=\"center\">16 &#8211; A disciplina jur\u00eddica&#8230;<\/td><td class=\"has-text-align-center\" data-align=\"center\">E<\/td><\/tr><tr><td class=\"has-text-align-center\" data-align=\"center\">17 &#8211; Assinale a op\u00e7\u00e3o que apresenta&#8230;<\/td><td class=\"has-text-align-center\" data-align=\"center\">B<\/td><\/tr><tr><td class=\"has-text-align-center\" data-align=\"center\">18 &#8211; Um cidad\u00e3o que integra o conselho&#8230;<\/td><td class=\"has-text-align-center\" data-align=\"center\">D<\/td><\/tr><tr><td class=\"has-text-align-center\" data-align=\"center\">19 &#8211; Com base na Lei&#8230;<\/td><td class=\"has-text-align-center\" data-align=\"center\">A<\/td><\/tr><tr><td class=\"has-text-align-center\" data-align=\"center\">20 &#8211; No que diz respeito ao sistema&#8230;<\/td><td class=\"has-text-align-center\" data-align=\"center\">B<\/td><\/tr><tr><td class=\"has-text-align-center\" data-align=\"center\">21 &#8211; Quanto \u00e0 altera\u00e7\u00e3o dos contratos&#8230;<\/td><td class=\"has-text-align-center\" data-align=\"center\">A<\/td><\/tr><tr><td class=\"has-text-align-center\" data-align=\"center\">22 &#8211; Com rela\u00e7\u00e3o ao disposto&#8230;<\/td><td class=\"has-text-align-center\" data-align=\"center\">B<\/td><\/tr><tr><td class=\"has-text-align-center\" data-align=\"center\">23 &#8211; Acerca do processo administrativo&#8230; <\/td><td class=\"has-text-align-center\" data-align=\"center\">D<\/td><\/tr><tr><td class=\"has-text-align-center\" data-align=\"center\">24 &#8211; Considerando os requisitos para a caracteriza\u00e7\u00e3o&#8230;<\/td><td class=\"has-text-align-center\" data-align=\"center\">C<\/td><\/tr><tr><td class=\"has-text-align-center\" data-align=\"center\">25 &#8211; Em rela\u00e7\u00e3o ao direito de regresso&#8230;<\/td><td class=\"has-text-align-center\" data-align=\"center\">A<\/td><\/tr><tr><td class=\"has-text-align-center\" data-align=\"center\">26 &#8211; No direito eleitoral&#8230;<\/td><td class=\"has-text-align-center\" data-align=\"center\">C<\/td><\/tr><tr><td class=\"has-text-align-center\" data-align=\"center\">27 &#8211; \u00c9 efeito jur\u00eddico da perda&#8230;<\/td><td class=\"has-text-align-center\" data-align=\"center\">E<\/td><\/tr><tr><td class=\"has-text-align-center\" data-align=\"center\">28 &#8211; A respeito do sufr\u00e1gio&#8230; <\/td><td class=\"has-text-align-center\" data-align=\"center\">C<\/td><\/tr><tr><td class=\"has-text-align-center\" data-align=\"center\">29 &#8211; No que se refere ao Minist\u00e9rio P\u00fablico Eleitoral<\/td><td class=\"has-text-align-center\" data-align=\"center\">D<\/td><\/tr><tr><td class=\"has-text-align-center\" data-align=\"center\">30 &#8211; Em rela\u00e7\u00e3o \u00e0 justi\u00e7a eleitoral&#8230;<\/td><td class=\"has-text-align-center\" data-align=\"center\">A<\/td><\/tr><tr><td class=\"has-text-align-center\" data-align=\"center\">31 &#8211; Acerca dos crit\u00e9rios de elegibilidade&#8230; <\/td><td class=\"has-text-align-center\" data-align=\"center\">A<\/td><\/tr><tr><td class=\"has-text-align-center\" data-align=\"center\">32 &#8211; Considerando a legisla\u00e7\u00e3o vigente&#8230;<\/td><td class=\"has-text-align-center\" data-align=\"center\">E<\/td><\/tr><tr><td class=\"has-text-align-center\" data-align=\"center\">33 &#8211; A Lei n\u00ba 9.504\/1997&#8230;<\/td><td class=\"has-text-align-center\" data-align=\"center\">C<\/td><\/tr><tr><td class=\"has-text-align-center\" data-align=\"center\">34 &#8211; A luz da Lei&#8230;<\/td><td class=\"has-text-align-center\" data-align=\"center\">B<\/td><\/tr><tr><td class=\"has-text-align-center\" data-align=\"center\">35 &#8211; Tendo como refer\u00eancia o modelo&#8230;<\/td><td class=\"has-text-align-center\" data-align=\"center\">D<\/td><\/tr><tr><td class=\"has-text-align-center\" data-align=\"center\">36 &#8211; De acordo com a Lei&#8230;<\/td><td class=\"has-text-align-center\" data-align=\"center\">E<\/td><\/tr><tr><td class=\"has-text-align-center\" data-align=\"center\">37 &#8211; Com base nos dispositivos da Lei&#8230;<\/td><td class=\"has-text-align-center\" data-align=\"center\">C<\/td><\/tr><tr><td class=\"has-text-align-center\" data-align=\"center\">38 &#8211; A lei civil quer criar&#8230;<\/td><td class=\"has-text-align-center\" data-align=\"center\">E<\/td><\/tr><tr><td class=\"has-text-align-center\" data-align=\"center\">39 &#8211; Um rico empres\u00e1rio pretende destinar&#8230;<\/td><td class=\"has-text-align-center\" data-align=\"center\">D<\/td><\/tr><tr><td class=\"has-text-align-center\" data-align=\"center\">40 &#8211; No dia do vel\u00f3rio de Cl\u00e1udio&#8230; <\/td><td class=\"has-text-align-center\" data-align=\"center\">B<\/td><\/tr><tr><td class=\"has-text-align-center\" data-align=\"center\">41 &#8211; Luiz era credor de Armando&#8230;<\/td><td class=\"has-text-align-center\" data-align=\"center\">D<\/td><\/tr><tr><td class=\"has-text-align-center\" data-align=\"center\">42 &#8211; Por cerca de doze anos&#8230;<\/td><td class=\"has-text-align-center\" data-align=\"center\">E<\/td><\/tr><tr><td class=\"has-text-align-center\" data-align=\"center\">43 &#8211; No que se refere \u00e0 obriga\u00e7\u00e3o de fazer&#8230;<\/td><td class=\"has-text-align-center\" data-align=\"center\">A<\/td><\/tr><tr><td class=\"has-text-align-center\" data-align=\"center\">44 &#8211; De acordo com as regras previstas&#8230;<\/td><td class=\"has-text-align-center\" data-align=\"center\">E<\/td><\/tr><tr><td class=\"has-text-align-center\" data-align=\"center\">45 &#8211; Segundo a jurisprud\u00eancia&#8230;<\/td><td class=\"has-text-align-center\" data-align=\"center\">A<\/td><\/tr><tr><td class=\"has-text-align-center\" data-align=\"center\">46 &#8211; Renato, nascido em 20\/02\/1985&#8230;<\/td><td class=\"has-text-align-center\" data-align=\"center\">E<\/td><\/tr><tr><td class=\"has-text-align-center\" data-align=\"center\">47 &#8211; Conforme a jurisprud\u00eancia&#8230; <\/td><td class=\"has-text-align-center\" data-align=\"center\">E<\/td><\/tr><tr><td class=\"has-text-align-center\" data-align=\"center\">48 &#8211; Com rela\u00e7\u00e3o aos exclu\u00eddos&#8230; <\/td><td class=\"has-text-align-center\" data-align=\"center\">C<\/td><\/tr><tr><td class=\"has-text-align-center\" data-align=\"center\">49 &#8211; A regra da Lei&#8230;<\/td><td class=\"has-text-align-center\" data-align=\"center\">B<\/td><\/tr><tr><td class=\"has-text-align-center\" data-align=\"center\">50 &#8211; Uma associa\u00e7\u00e3o ajuizou&#8230; <\/td><td class=\"has-text-align-center\" data-align=\"center\">E<\/td><\/tr><tr><td class=\"has-text-align-center\" data-align=\"center\">51 &#8211; Consoante os dispositivos legais&#8230;<\/td><td class=\"has-text-align-center\" data-align=\"center\">D<\/td><\/tr><tr><td class=\"has-text-align-center\" data-align=\"center\">52 &#8211; Quando h\u00e1 interven\u00e7\u00e3o no processo&#8230;<\/td><td class=\"has-text-align-center\" data-align=\"center\">B<\/td><\/tr><tr><td class=\"has-text-align-center\" data-align=\"center\">53 &#8211; De acordo com o C\u00f3digo de Processo Civil&#8230;<\/td><td class=\"has-text-align-center\" data-align=\"center\">B<\/td><\/tr><tr><td class=\"has-text-align-center\" data-align=\"center\">54 &#8211; A luz da legisla\u00e7\u00e3o&#8230; <\/td><td class=\"has-text-align-center\" data-align=\"center\">D<\/td><\/tr><tr><td class=\"has-text-align-center\" data-align=\"center\">55 &#8211; Conforme as disposi\u00e7\u00f5es&#8230;<\/td><td class=\"has-text-align-center\" data-align=\"center\">A<\/td><\/tr><tr><td class=\"has-text-align-center\" data-align=\"center\">56 &#8211; A respeito do cumprimento de senten\u00e7a&#8230;<\/td><td class=\"has-text-align-center\" data-align=\"center\">D<\/td><\/tr><tr><td class=\"has-text-align-center\" data-align=\"center\">57 &#8211; Jo\u00e3o ajuizou medida de produ\u00e7\u00e3o&#8230;<\/td><td class=\"has-text-align-center\" data-align=\"center\">B<\/td><\/tr><tr><td class=\"has-text-align-center\" data-align=\"center\">58 &#8211; A Emenda Constitucional&#8230; <\/td><td class=\"has-text-align-center\" data-align=\"center\">C<\/td><\/tr><tr><td class=\"has-text-align-center\" data-align=\"center\">59 &#8211; Conforme as regras previstas&#8230;<\/td><td class=\"has-text-align-center\" data-align=\"center\">D<\/td><\/tr><tr><td class=\"has-text-align-center\" data-align=\"center\">60 &#8211; De acordo com o c\u00f3digo de Processo Civil&#8230;<\/td><td class=\"has-text-align-center\" data-align=\"center\">C<\/td><\/tr><tr><td class=\"has-text-align-center\" data-align=\"center\">61 &#8211; Determina associa\u00e7\u00e3o de defesa&#8230; <\/td><td class=\"has-text-align-center\" data-align=\"center\">E<\/td><\/tr><tr><td class=\"has-text-align-center\" data-align=\"center\">62 &#8211; A respeito dos efeitos da condena\u00e7\u00e3o&#8230; <\/td><td class=\"has-text-align-center\" data-align=\"center\">C<\/td><\/tr><tr><td class=\"has-text-align-center\" data-align=\"center\">63 &#8211; No que se refere \u00e0s disposi\u00e7\u00f5es&#8230;<\/td><td class=\"has-text-align-center\" data-align=\"center\">E<\/td><\/tr><tr><td class=\"has-text-align-center\" data-align=\"center\">64 &#8211; Considerando os modelos de conceitua\u00e7\u00e3o&#8230;<\/td><td class=\"has-text-align-center\" data-align=\"center\">E<\/td><\/tr><tr><td class=\"has-text-align-center\" data-align=\"center\">65 &#8211; Todos os crimes de periclita\u00e7\u00e3o&#8230; <\/td><td class=\"has-text-align-center\" data-align=\"center\">A<\/td><\/tr><tr><td class=\"has-text-align-center\" data-align=\"center\">66 &#8211; Em rela\u00e7\u00e3o aos crimes de tr\u00e2nsito&#8230;<\/td><td class=\"has-text-align-center\" data-align=\"center\">D<\/td><\/tr><tr><td class=\"has-text-align-center\" data-align=\"center\">67 &#8211;  Em rela\u00e7\u00e3o aos crimes contra a dignidade sexual&#8230;<\/td><td class=\"has-text-align-center\" data-align=\"center\">C<\/td><\/tr><tr><td class=\"has-text-align-center\" data-align=\"center\">68 &#8211; Marcos e Sueli foram presos&#8230;<\/td><td class=\"has-text-align-center\" data-align=\"center\">C<\/td><\/tr><tr><td class=\"has-text-align-center\" data-align=\"center\">69 &#8211; Cleber \u00e9 investigado pela pr\u00e1tica&#8230;<\/td><td class=\"has-text-align-center\" data-align=\"center\">B<\/td><\/tr><tr><td class=\"has-text-align-center\" data-align=\"center\">70 &#8211; Suspeito de ter atentado contra a pr\u00f3pria vida&#8230;<\/td><td class=\"has-text-align-center\" data-align=\"center\">B<\/td><\/tr><tr><td class=\"has-text-align-center\" data-align=\"center\">71 &#8211; Tendo como refer\u00eancia a situa\u00e7\u00e3o&#8230;<\/td><td class=\"has-text-align-center\" data-align=\"center\">E<\/td><\/tr><tr><td class=\"has-text-align-center\" data-align=\"center\">72 &#8211; Ainda considerando a situa\u00e7\u00e3o hipot\u00e9tica&#8230;<\/td><td class=\"has-text-align-center\" data-align=\"center\">A<\/td><\/tr><tr><td class=\"has-text-align-center\" data-align=\"center\">73 &#8211; Com base nas disposi\u00e7\u00f5es da Lei&#8230;<\/td><td class=\"has-text-align-center\" data-align=\"center\">A<\/td><\/tr><tr><td class=\"has-text-align-center\" data-align=\"center\">74 &#8211; De acordo com as disposi\u00e7\u00f5es&#8230;<\/td><td class=\"has-text-align-center\" data-align=\"center\">C<\/td><\/tr><tr><td class=\"has-text-align-center\" data-align=\"center\">75 &#8211; No que se refere \u00e0 execu\u00e7\u00e3o penal&#8230;<\/td><td class=\"has-text-align-center\" data-align=\"center\">E<\/td><\/tr><tr><td class=\"has-text-align-center\" data-align=\"center\">76 &#8211; A respeito das medidas cautelares&#8230;<\/td><td class=\"has-text-align-center\" data-align=\"center\">C<\/td><\/tr><tr><td class=\"has-text-align-center\" data-align=\"center\">77 &#8211; Considerando o CPP&#8230;<\/td><td class=\"has-text-align-center\" data-align=\"center\">E<\/td><\/tr><tr><td class=\"has-text-align-center\" data-align=\"center\">78 &#8211; A respeito da busca domiciliar&#8230; <\/td><td class=\"has-text-align-center\" data-align=\"center\">E<\/td><\/tr><tr><td class=\"has-text-align-center\" data-align=\"center\">79 &#8211; Quanto ao procedimento especial&#8230;<\/td><td class=\"has-text-align-center\" data-align=\"center\">D<\/td><\/tr><tr><td class=\"has-text-align-center\" data-align=\"center\">80 &#8211; Acerca das pris\u00f5es&#8230;<\/td><td class=\"has-text-align-center\" data-align=\"center\">F<\/td><\/tr><tr><td class=\"has-text-align-center\" data-align=\"center\">81 &#8211; A respeito das comunica\u00e7\u00f5es&#8230;<\/td><td class=\"has-text-align-center\" data-align=\"center\">D<\/td><\/tr><tr><td class=\"has-text-align-center\" data-align=\"center\">82 &#8211; T\u00falio, advogado de um r\u00e9u&#8230; <\/td><td class=\"has-text-align-center\" data-align=\"center\">B<\/td><\/tr><tr><td class=\"has-text-align-center\" data-align=\"center\">83 &#8211; Acerca das regras do processo comum&#8230;<\/td><td class=\"has-text-align-center\" data-align=\"center\">E<\/td><\/tr><tr><td class=\"has-text-align-center\" data-align=\"center\">84 &#8211; No que tange aos juizados especiais&#8230;<\/td><td class=\"has-text-align-center\" data-align=\"center\">B<\/td><\/tr><tr><td class=\"has-text-align-center\" data-align=\"center\">85 &#8211; No que se refere \u00e0 execu\u00e7\u00e3o penal&#8230; <\/td><td class=\"has-text-align-center\" data-align=\"center\">D<\/td><\/tr><tr><td class=\"has-text-align-center\" data-align=\"center\">86 &#8211; \u00c9 vedado ao membro do MP&#8230;<\/td><td class=\"has-text-align-center\" data-align=\"center\">B<\/td><\/tr><tr><td class=\"has-text-align-center\" data-align=\"center\">87 &#8211; Para fins de aplica\u00e7\u00e3o da pena&#8230;<\/td><td class=\"has-text-align-center\" data-align=\"center\">D<\/td><\/tr><tr><td class=\"has-text-align-center\" data-align=\"center\">88 &#8211; No caso de vac\u00e2ncia do cargo&#8230;<\/td><td class=\"has-text-align-center\" data-align=\"center\">E<\/td><\/tr><tr><td class=\"has-text-align-center\" data-align=\"center\">89 &#8211; Conforme a Lei Org\u00e2nica&#8230;<\/td><td class=\"has-text-align-center\" data-align=\"center\">A<\/td><\/tr><tr><td class=\"has-text-align-center\" data-align=\"center\">90 &#8211; O prazo para a posse dos promotores&#8230;<\/td><td class=\"has-text-align-center\" data-align=\"center\">A<\/td><\/tr><tr><td class=\"has-text-align-center\" data-align=\"center\">91 &#8211; Uma empresa hoteleira&#8230; <\/td><td class=\"has-text-align-center\" data-align=\"center\">E<\/td><\/tr><tr><td class=\"has-text-align-center\" data-align=\"center\">92 &#8211; No que se refere \u00e0 coisa julgada&#8230;<\/td><td class=\"has-text-align-center\" data-align=\"center\">A<\/td><\/tr><tr><td class=\"has-text-align-center\" data-align=\"center\">93 &#8211; A luz da Pol\u00edtica Nacional de Recursos H\u00eddricos&#8230; <\/td><td class=\"has-text-align-center\" data-align=\"center\">D<\/td><\/tr><tr><td class=\"has-text-align-center\" data-align=\"center\">94 &#8211; Assinale a op\u00e7\u00e3o correta&#8230;<\/td><td class=\"has-text-align-center\" data-align=\"center\">B<\/td><\/tr><tr><td class=\"has-text-align-center\" data-align=\"center\">95 &#8211; De acordo com o ECA&#8230;<\/td><td class=\"has-text-align-center\" data-align=\"center\">B<\/td><\/tr><tr><td class=\"has-text-align-center\" data-align=\"center\">96 &#8211; Jo\u00e3o estava em uma festa com tr\u00eas colegas&#8230;<\/td><td class=\"has-text-align-center\" data-align=\"center\">C<\/td><\/tr><tr><td class=\"has-text-align-center\" data-align=\"center\">97 &#8211; No dia 25\/11\/2022&#8230;<\/td><td class=\"has-text-align-center\" data-align=\"center\">C<\/td><\/tr><tr><td class=\"has-text-align-center\" data-align=\"center\">98 &#8211; Em 2019, o quadro Orix\u00e1s<\/td><td class=\"has-text-align-center\" data-align=\"center\">A<\/td><\/tr><tr><td class=\"has-text-align-center\" data-align=\"center\">99 &#8211; A respeito das a\u00e7\u00f5es afirmativas adotadas&#8230;<\/td><td class=\"has-text-align-center\" data-align=\"center\">A<\/td><\/tr><tr><td class=\"has-text-align-center\" data-align=\"center\">100 &#8211; Em rela\u00e7\u00e3o ao papel do MP&#8230;<\/td><td class=\"has-text-align-center\" data-align=\"center\">D<\/td><\/tr><\/tbody><\/table><\/figure>\n\n\n\n<p class=\"has-text-align-center has-luminous-vivid-amber-background-color has-background has-medium-font-size\"><strong>Saiba mais: <a href=\"https:\/\/cj.estrategia.com\/portal\/concurso-mp-am-promotor\/#h-etapas-do-concurso-mp-am-promotor\" target=\"_blank\" >concurso MP AM Promotor<\/a><\/strong><\/p>\n\n\n\n<h2 class=\"has-text-align-center wp-block-heading\" id=\"cursos\"><span id=\"quer-saber-tudo-sobre-concursos-previstosconfira-nossos-artigos\">Quer saber tudo sobre concursos previstos?<br><strong>Confira nossos artigos!<\/strong><\/span><\/h2>\n\n\n\n\n\n<h2 class=\"has-text-align-center wp-block-heading\" id=\"cursos-assinatura\"><span id=\"quer-estudar-para-o-concurso-mp-am-promotor\">Quer estudar para o concurso MP AM Promotor?<\/span><\/h2>\n\n\n\n\n\n<div class=\"wp-block-cover\" style=\"min-height:155px;aspect-ratio:unset;\"><img decoding=\"async\" width=\"1890\" height=\"351\" class=\"wp-block-cover__image-background wp-image-8669\" alt=\"Assinaturas Jur\u00eddicas\" src=\"https:\/\/cj.estrategia.com\/portal\/wp-content\/uploads\/2022\/06\/20151253\/concurso-carreiras-juridicas-assinatura-juridica.jpg\" style=\"object-position:78% 43%\" data-object-fit=\"cover\" data-object-position=\"78% 43%\" srcset=\"https:\/\/cj.estrategia.com\/portal\/wp-content\/uploads\/2022\/06\/20151253\/concurso-carreiras-juridicas-assinatura-juridica.jpg 1890w, https:\/\/cj.estrategia.com\/portal\/wp-content\/uploads\/2022\/06\/20151253\/concurso-carreiras-juridicas-assinatura-juridica-300x56.jpg 300w, https:\/\/cj.estrategia.com\/portal\/wp-content\/uploads\/2022\/06\/20151253\/concurso-carreiras-juridicas-assinatura-juridica-1024x190.jpg 1024w, https:\/\/cj.estrategia.com\/portal\/wp-content\/uploads\/2022\/06\/20151253\/concurso-carreiras-juridicas-assinatura-juridica-768x143.jpg 768w, https:\/\/cj.estrategia.com\/portal\/wp-content\/uploads\/2022\/06\/20151253\/concurso-carreiras-juridicas-assinatura-juridica-1536x285.jpg 1536w, https:\/\/cj.estrategia.com\/portal\/wp-content\/uploads\/2022\/06\/20151253\/concurso-carreiras-juridicas-assinatura-juridica-380x71.jpg 380w, https:\/\/cj.estrategia.com\/portal\/wp-content\/uploads\/2022\/06\/20151253\/concurso-carreiras-juridicas-assinatura-juridica-800x149.jpg 800w, https:\/\/cj.estrategia.com\/portal\/wp-content\/uploads\/2022\/06\/20151253\/concurso-carreiras-juridicas-assinatura-juridica-1160x215.jpg 1160w\" sizes=\"(max-width: 1890px) 100vw, 1890px\" \/><span aria-hidden=\"true\" class=\"wp-block-cover__background has-background-dim\"><\/span><div class=\"wp-block-cover__inner-container is-layout-flow wp-block-cover-is-layout-flow\">\n<h3 id=\"faca-a-sua-assinatura\" class=\"titulo-assinatura\"><span style=\"color: #ffffff;\">Fa\u00e7a a sua assinatura!<\/span><\/h3>\n<p class=\"subtitulo-assinatura\" style=\"display:block!important; line-height: 0;\"><span style=\"color: #ffffff;\">Escolha a sua \u00e1rea.<\/span><\/p>\n<a target=\"_blank\" href=\"https:\/\/www.estrategiaconcursos.com.br\/assinaturas-ecj\/\" rel=\"noopener\"><button style=\"border-radius: 10px; text-transform: capitalize;\">Acessar<\/button><\/a>\n<\/div><\/div>\n","protected":false},"excerpt":{"rendered":"Neste domingo, 05 de fevereiro, foram aplicadas as provas do concurso MP AM Promotor.&nbsp; As quest\u00f5es da prova&hellip;\n","protected":false},"author":12,"featured_media":20818,"comment_status":"open","ping_status":"open","sticky":false,"template":"","format":"standard","meta":{"_jetpack_memberships_contains_paid_content":false,"footnotes":""},"categories":[1,25],"tags":[],"tax_estado":[32],"class_list":{"0":"post-28929","1":"post","2":"type-post","3":"status-publish","4":"format-standard","5":"has-post-thumbnail","7":"category-carreiras-juridicas","8":"category-promotoria","9":"tax_estado-am"},"acf":[],"yoast_head":"<!-- This site is optimized with the Yoast SEO Premium plugin v27.4 (Yoast SEO v27.4) - https:\/\/yoast.com\/product\/yoast-seo-premium-wordpress\/ -->\n<title>Concurso MP AM Promotor: confira o gabarito extraoficial!<\/title>\n<meta name=\"description\" content=\"Fez as provas do concurso MP AM Promotor? Confira, a partir das 19h, o gabarito extraoficial e a nossa corre\u00e7\u00e3o AO VIVO!\" \/>\n<meta name=\"robots\" content=\"index, follow, max-snippet:-1, max-image-preview:large, max-video-preview:-1\" \/>\n<link rel=\"canonical\" href=\"https:\/\/cj.estrategia.com\/portal\/concurso-mp-am-promotor-gabarito-extraoficial\/\" \/>\n<meta property=\"og:locale\" content=\"pt_BR\" \/>\n<meta property=\"og:type\" content=\"article\" \/>\n<meta property=\"og:title\" content=\"Concurso MP AM Promotor: confira o gabarito extraoficial!\" \/>\n<meta property=\"og:description\" content=\"Fez as provas do concurso MP AM Promotor? Confira, a partir das 19h, o gabarito extraoficial e a nossa corre\u00e7\u00e3o AO VIVO!\" \/>\n<meta property=\"og:url\" content=\"https:\/\/cj.estrategia.com\/portal\/concurso-mp-am-promotor-gabarito-extraoficial\/\" \/>\n<meta property=\"og:site_name\" content=\"Blog - Carreiras Jur\u00eddicas - Estrat\u00e9gia\" \/>\n<meta property=\"article:publisher\" content=\"https:\/\/www.facebook.com\/estrategiacarreirajuridica\/\" \/>\n<meta property=\"article:published_time\" content=\"2023-02-05T21:32:18+00:00\" \/>\n<meta property=\"article:modified_time\" content=\"2023-02-24T11:45:41+00:00\" \/>\n<meta property=\"og:image\" content=\"https:\/\/cj.estrategia.com\/portal\/wp-content\/uploads\/2022\/08\/04104729\/MP-AM-PROMOTOR.jpg\" \/>\n\t<meta property=\"og:image:width\" content=\"768\" \/>\n\t<meta property=\"og:image:height\" content=\"432\" \/>\n\t<meta property=\"og:image:type\" content=\"image\/jpeg\" \/>\n<meta name=\"author\" content=\"Coordena\u00e7\u00e3o\" \/>\n<meta name=\"twitter:card\" content=\"summary_large_image\" \/>\n<meta name=\"twitter:creator\" content=\"@EstratJuridica\" \/>\n<meta name=\"twitter:site\" content=\"@EstratJuridica\" \/>\n<meta name=\"twitter:label1\" content=\"Escrito por\" \/>\n\t<meta name=\"twitter:data1\" content=\"Coordena\u00e7\u00e3o\" \/>\n\t<meta name=\"twitter:label2\" content=\"Est. tempo de leitura\" \/>\n\t<meta name=\"twitter:data2\" content=\"6 minutos\" \/>\n<script type=\"application\/ld+json\" class=\"yoast-schema-graph\">{\"@context\":\"https:\\\/\\\/schema.org\",\"@graph\":[{\"@type\":\"NewsArticle\",\"@id\":\"https:\\\/\\\/cj.estrategia.com\\\/portal\\\/concurso-mp-am-promotor-gabarito-extraoficial\\\/#article\",\"isPartOf\":{\"@id\":\"https:\\\/\\\/cj.estrategia.com\\\/portal\\\/concurso-mp-am-promotor-gabarito-extraoficial\\\/\"},\"author\":{\"name\":\"Coordena\u00e7\u00e3o\",\"@id\":\"https:\\\/\\\/cj.estrategia.com\\\/portal\\\/#\\\/schema\\\/person\\\/4d70317d31449932b99102916b6637f5\"},\"headline\":\"Concurso MP AM Promotor: confira o gabarito extraoficial!\",\"datePublished\":\"2023-02-05T21:32:18+00:00\",\"dateModified\":\"2023-02-24T11:45:41+00:00\",\"mainEntityOfPage\":{\"@id\":\"https:\\\/\\\/cj.estrategia.com\\\/portal\\\/concurso-mp-am-promotor-gabarito-extraoficial\\\/\"},\"wordCount\":1072,\"commentCount\":0,\"publisher\":{\"@id\":\"https:\\\/\\\/cj.estrategia.com\\\/portal\\\/#organization\"},\"image\":{\"@id\":\"https:\\\/\\\/cj.estrategia.com\\\/portal\\\/concurso-mp-am-promotor-gabarito-extraoficial\\\/#primaryimage\"},\"thumbnailUrl\":\"https:\\\/\\\/cj.estrategia.com\\\/portal\\\/wp-content\\\/uploads\\\/2022\\\/08\\\/04104729\\\/MP-AM-PROMOTOR.jpg\",\"articleSection\":[\"Carreiras Jur\u00eddicas\",\"Promotoria\"],\"inLanguage\":\"pt-BR\",\"potentialAction\":[{\"@type\":\"CommentAction\",\"name\":\"Comment\",\"target\":[\"https:\\\/\\\/cj.estrategia.com\\\/portal\\\/concurso-mp-am-promotor-gabarito-extraoficial\\\/#respond\"]}]},{\"@type\":\"WebPage\",\"@id\":\"https:\\\/\\\/cj.estrategia.com\\\/portal\\\/concurso-mp-am-promotor-gabarito-extraoficial\\\/\",\"url\":\"https:\\\/\\\/cj.estrategia.com\\\/portal\\\/concurso-mp-am-promotor-gabarito-extraoficial\\\/\",\"name\":\"Concurso MP AM Promotor: confira o gabarito extraoficial!\",\"isPartOf\":{\"@id\":\"https:\\\/\\\/cj.estrategia.com\\\/portal\\\/#website\"},\"primaryImageOfPage\":{\"@id\":\"https:\\\/\\\/cj.estrategia.com\\\/portal\\\/concurso-mp-am-promotor-gabarito-extraoficial\\\/#primaryimage\"},\"image\":{\"@id\":\"https:\\\/\\\/cj.estrategia.com\\\/portal\\\/concurso-mp-am-promotor-gabarito-extraoficial\\\/#primaryimage\"},\"thumbnailUrl\":\"https:\\\/\\\/cj.estrategia.com\\\/portal\\\/wp-content\\\/uploads\\\/2022\\\/08\\\/04104729\\\/MP-AM-PROMOTOR.jpg\",\"datePublished\":\"2023-02-05T21:32:18+00:00\",\"dateModified\":\"2023-02-24T11:45:41+00:00\",\"description\":\"Fez as provas do concurso MP AM Promotor? Confira, a partir das 19h, o gabarito extraoficial e a nossa corre\u00e7\u00e3o AO VIVO!\",\"breadcrumb\":{\"@id\":\"https:\\\/\\\/cj.estrategia.com\\\/portal\\\/concurso-mp-am-promotor-gabarito-extraoficial\\\/#breadcrumb\"},\"inLanguage\":\"pt-BR\",\"potentialAction\":[{\"@type\":\"ReadAction\",\"target\":[\"https:\\\/\\\/cj.estrategia.com\\\/portal\\\/concurso-mp-am-promotor-gabarito-extraoficial\\\/\"]}]},{\"@type\":\"ImageObject\",\"inLanguage\":\"pt-BR\",\"@id\":\"https:\\\/\\\/cj.estrategia.com\\\/portal\\\/concurso-mp-am-promotor-gabarito-extraoficial\\\/#primaryimage\",\"url\":\"https:\\\/\\\/cj.estrategia.com\\\/portal\\\/wp-content\\\/uploads\\\/2022\\\/08\\\/04104729\\\/MP-AM-PROMOTOR.jpg\",\"contentUrl\":\"https:\\\/\\\/cj.estrategia.com\\\/portal\\\/wp-content\\\/uploads\\\/2022\\\/08\\\/04104729\\\/MP-AM-PROMOTOR.jpg\",\"width\":768,\"height\":432,\"caption\":\"Concurso MP AM Promotor\"},{\"@type\":\"BreadcrumbList\",\"@id\":\"https:\\\/\\\/cj.estrategia.com\\\/portal\\\/concurso-mp-am-promotor-gabarito-extraoficial\\\/#breadcrumb\",\"itemListElement\":[{\"@type\":\"ListItem\",\"position\":1,\"name\":\"In\u00edcio\",\"item\":\"https:\\\/\\\/cj.estrategia.com\\\/portal\\\/\"},{\"@type\":\"ListItem\",\"position\":2,\"name\":\"Concurso MP AM Promotor: confira o gabarito extraoficial!\"}]},{\"@type\":\"WebSite\",\"@id\":\"https:\\\/\\\/cj.estrategia.com\\\/portal\\\/#website\",\"url\":\"https:\\\/\\\/cj.estrategia.com\\\/portal\\\/\",\"name\":\"Blog - Carreiras Jur\u00eddicas - Estrat\u00e9gia\",\"description\":\"\",\"publisher\":{\"@id\":\"https:\\\/\\\/cj.estrategia.com\\\/portal\\\/#organization\"},\"potentialAction\":[{\"@type\":\"SearchAction\",\"target\":{\"@type\":\"EntryPoint\",\"urlTemplate\":\"https:\\\/\\\/cj.estrategia.com\\\/portal\\\/?s={search_term_string}\"},\"query-input\":{\"@type\":\"PropertyValueSpecification\",\"valueRequired\":true,\"valueName\":\"search_term_string\"}}],\"inLanguage\":\"pt-BR\"},{\"@type\":\"Organization\",\"@id\":\"https:\\\/\\\/cj.estrategia.com\\\/portal\\\/#organization\",\"name\":\"Estrat\u00e9gia - Carreiras Jur\u00eddicas\",\"url\":\"https:\\\/\\\/cj.estrategia.com\\\/portal\\\/\",\"logo\":{\"@type\":\"ImageObject\",\"inLanguage\":\"pt-BR\",\"@id\":\"https:\\\/\\\/cj.estrategia.com\\\/portal\\\/#\\\/schema\\\/logo\\\/image\\\/\",\"url\":\"https:\\\/\\\/cj.estrategia.com\\\/portal\\\/wp-content\\\/uploads\\\/2022\\\/03\\\/11151052\\\/cj-logo.png\",\"contentUrl\":\"https:\\\/\\\/cj.estrategia.com\\\/portal\\\/wp-content\\\/uploads\\\/2022\\\/03\\\/11151052\\\/cj-logo.png\",\"width\":150,\"height\":39,\"caption\":\"Estrat\u00e9gia - Carreiras Jur\u00eddicas\"},\"image\":{\"@id\":\"https:\\\/\\\/cj.estrategia.com\\\/portal\\\/#\\\/schema\\\/logo\\\/image\\\/\"},\"sameAs\":[\"https:\\\/\\\/www.facebook.com\\\/estrategiacarreirajuridica\\\/\",\"https:\\\/\\\/x.com\\\/EstratJuridica\",\"https:\\\/\\\/www.instagram.com\\\/estrategiacarreirajuridica\\\/\",\"https:\\\/\\\/www.youtube.com\\\/channel\\\/UClbMGuYbj2Mh1m3w144ETWQ\"]},{\"@type\":\"Person\",\"@id\":\"https:\\\/\\\/cj.estrategia.com\\\/portal\\\/#\\\/schema\\\/person\\\/4d70317d31449932b99102916b6637f5\",\"name\":\"Coordena\u00e7\u00e3o\",\"image\":{\"@type\":\"ImageObject\",\"inLanguage\":\"pt-BR\",\"@id\":\"https:\\\/\\\/cj.estrategia.com\\\/portal\\\/wp-content\\\/uploads\\\/2022\\\/05\\\/12164923\\\/estrategia-carreira-juridica-coordenacao-96x96.png\",\"url\":\"https:\\\/\\\/cj.estrategia.com\\\/portal\\\/wp-content\\\/uploads\\\/2022\\\/05\\\/12164923\\\/estrategia-carreira-juridica-coordenacao-96x96.png\",\"contentUrl\":\"https:\\\/\\\/cj.estrategia.com\\\/portal\\\/wp-content\\\/uploads\\\/2022\\\/05\\\/12164923\\\/estrategia-carreira-juridica-coordenacao-96x96.png\",\"caption\":\"Coordena\u00e7\u00e3o\"},\"url\":\"https:\\\/\\\/cj.estrategia.com\\\/portal\\\/author\\\/coordenacao\\\/\"}]}<\/script>\n<!-- \/ Yoast SEO Premium plugin. -->","yoast_head_json":{"title":"Concurso MP AM Promotor: confira o gabarito extraoficial!","description":"Fez as provas do concurso MP AM Promotor? Confira, a partir das 19h, o gabarito extraoficial e a nossa corre\u00e7\u00e3o AO VIVO!","robots":{"index":"index","follow":"follow","max-snippet":"max-snippet:-1","max-image-preview":"max-image-preview:large","max-video-preview":"max-video-preview:-1"},"canonical":"https:\/\/cj.estrategia.com\/portal\/concurso-mp-am-promotor-gabarito-extraoficial\/","og_locale":"pt_BR","og_type":"article","og_title":"Concurso MP AM Promotor: confira o gabarito extraoficial!","og_description":"Fez as provas do concurso MP AM Promotor? Confira, a partir das 19h, o gabarito extraoficial e a nossa corre\u00e7\u00e3o AO VIVO!","og_url":"https:\/\/cj.estrategia.com\/portal\/concurso-mp-am-promotor-gabarito-extraoficial\/","og_site_name":"Blog - Carreiras Jur\u00eddicas - Estrat\u00e9gia","article_publisher":"https:\/\/www.facebook.com\/estrategiacarreirajuridica\/","article_published_time":"2023-02-05T21:32:18+00:00","article_modified_time":"2023-02-24T11:45:41+00:00","og_image":[{"width":768,"height":432,"url":"https:\/\/cj.estrategia.com\/portal\/wp-content\/uploads\/2022\/08\/04104729\/MP-AM-PROMOTOR.jpg","type":"image\/jpeg"}],"author":"Coordena\u00e7\u00e3o","twitter_card":"summary_large_image","twitter_creator":"@EstratJuridica","twitter_site":"@EstratJuridica","twitter_misc":{"Escrito por":"Coordena\u00e7\u00e3o","Est. tempo de leitura":"6 minutos"},"schema":{"@context":"https:\/\/schema.org","@graph":[{"@type":"NewsArticle","@id":"https:\/\/cj.estrategia.com\/portal\/concurso-mp-am-promotor-gabarito-extraoficial\/#article","isPartOf":{"@id":"https:\/\/cj.estrategia.com\/portal\/concurso-mp-am-promotor-gabarito-extraoficial\/"},"author":{"name":"Coordena\u00e7\u00e3o","@id":"https:\/\/cj.estrategia.com\/portal\/#\/schema\/person\/4d70317d31449932b99102916b6637f5"},"headline":"Concurso MP AM Promotor: confira o gabarito extraoficial!","datePublished":"2023-02-05T21:32:18+00:00","dateModified":"2023-02-24T11:45:41+00:00","mainEntityOfPage":{"@id":"https:\/\/cj.estrategia.com\/portal\/concurso-mp-am-promotor-gabarito-extraoficial\/"},"wordCount":1072,"commentCount":0,"publisher":{"@id":"https:\/\/cj.estrategia.com\/portal\/#organization"},"image":{"@id":"https:\/\/cj.estrategia.com\/portal\/concurso-mp-am-promotor-gabarito-extraoficial\/#primaryimage"},"thumbnailUrl":"https:\/\/cj.estrategia.com\/portal\/wp-content\/uploads\/2022\/08\/04104729\/MP-AM-PROMOTOR.jpg","articleSection":["Carreiras Jur\u00eddicas","Promotoria"],"inLanguage":"pt-BR","potentialAction":[{"@type":"CommentAction","name":"Comment","target":["https:\/\/cj.estrategia.com\/portal\/concurso-mp-am-promotor-gabarito-extraoficial\/#respond"]}]},{"@type":"WebPage","@id":"https:\/\/cj.estrategia.com\/portal\/concurso-mp-am-promotor-gabarito-extraoficial\/","url":"https:\/\/cj.estrategia.com\/portal\/concurso-mp-am-promotor-gabarito-extraoficial\/","name":"Concurso MP AM Promotor: confira o gabarito extraoficial!","isPartOf":{"@id":"https:\/\/cj.estrategia.com\/portal\/#website"},"primaryImageOfPage":{"@id":"https:\/\/cj.estrategia.com\/portal\/concurso-mp-am-promotor-gabarito-extraoficial\/#primaryimage"},"image":{"@id":"https:\/\/cj.estrategia.com\/portal\/concurso-mp-am-promotor-gabarito-extraoficial\/#primaryimage"},"thumbnailUrl":"https:\/\/cj.estrategia.com\/portal\/wp-content\/uploads\/2022\/08\/04104729\/MP-AM-PROMOTOR.jpg","datePublished":"2023-02-05T21:32:18+00:00","dateModified":"2023-02-24T11:45:41+00:00","description":"Fez as provas do concurso MP AM Promotor? Confira, a partir das 19h, o gabarito extraoficial e a nossa corre\u00e7\u00e3o AO VIVO!","breadcrumb":{"@id":"https:\/\/cj.estrategia.com\/portal\/concurso-mp-am-promotor-gabarito-extraoficial\/#breadcrumb"},"inLanguage":"pt-BR","potentialAction":[{"@type":"ReadAction","target":["https:\/\/cj.estrategia.com\/portal\/concurso-mp-am-promotor-gabarito-extraoficial\/"]}]},{"@type":"ImageObject","inLanguage":"pt-BR","@id":"https:\/\/cj.estrategia.com\/portal\/concurso-mp-am-promotor-gabarito-extraoficial\/#primaryimage","url":"https:\/\/cj.estrategia.com\/portal\/wp-content\/uploads\/2022\/08\/04104729\/MP-AM-PROMOTOR.jpg","contentUrl":"https:\/\/cj.estrategia.com\/portal\/wp-content\/uploads\/2022\/08\/04104729\/MP-AM-PROMOTOR.jpg","width":768,"height":432,"caption":"Concurso MP AM Promotor"},{"@type":"BreadcrumbList","@id":"https:\/\/cj.estrategia.com\/portal\/concurso-mp-am-promotor-gabarito-extraoficial\/#breadcrumb","itemListElement":[{"@type":"ListItem","position":1,"name":"In\u00edcio","item":"https:\/\/cj.estrategia.com\/portal\/"},{"@type":"ListItem","position":2,"name":"Concurso MP AM Promotor: confira o gabarito extraoficial!"}]},{"@type":"WebSite","@id":"https:\/\/cj.estrategia.com\/portal\/#website","url":"https:\/\/cj.estrategia.com\/portal\/","name":"Blog - Carreiras Jur\u00eddicas - Estrat\u00e9gia","description":"","publisher":{"@id":"https:\/\/cj.estrategia.com\/portal\/#organization"},"potentialAction":[{"@type":"SearchAction","target":{"@type":"EntryPoint","urlTemplate":"https:\/\/cj.estrategia.com\/portal\/?s={search_term_string}"},"query-input":{"@type":"PropertyValueSpecification","valueRequired":true,"valueName":"search_term_string"}}],"inLanguage":"pt-BR"},{"@type":"Organization","@id":"https:\/\/cj.estrategia.com\/portal\/#organization","name":"Estrat\u00e9gia - Carreiras Jur\u00eddicas","url":"https:\/\/cj.estrategia.com\/portal\/","logo":{"@type":"ImageObject","inLanguage":"pt-BR","@id":"https:\/\/cj.estrategia.com\/portal\/#\/schema\/logo\/image\/","url":"https:\/\/cj.estrategia.com\/portal\/wp-content\/uploads\/2022\/03\/11151052\/cj-logo.png","contentUrl":"https:\/\/cj.estrategia.com\/portal\/wp-content\/uploads\/2022\/03\/11151052\/cj-logo.png","width":150,"height":39,"caption":"Estrat\u00e9gia - Carreiras Jur\u00eddicas"},"image":{"@id":"https:\/\/cj.estrategia.com\/portal\/#\/schema\/logo\/image\/"},"sameAs":["https:\/\/www.facebook.com\/estrategiacarreirajuridica\/","https:\/\/x.com\/EstratJuridica","https:\/\/www.instagram.com\/estrategiacarreirajuridica\/","https:\/\/www.youtube.com\/channel\/UClbMGuYbj2Mh1m3w144ETWQ"]},{"@type":"Person","@id":"https:\/\/cj.estrategia.com\/portal\/#\/schema\/person\/4d70317d31449932b99102916b6637f5","name":"Coordena\u00e7\u00e3o","image":{"@type":"ImageObject","inLanguage":"pt-BR","@id":"https:\/\/cj.estrategia.com\/portal\/wp-content\/uploads\/2022\/05\/12164923\/estrategia-carreira-juridica-coordenacao-96x96.png","url":"https:\/\/cj.estrategia.com\/portal\/wp-content\/uploads\/2022\/05\/12164923\/estrategia-carreira-juridica-coordenacao-96x96.png","contentUrl":"https:\/\/cj.estrategia.com\/portal\/wp-content\/uploads\/2022\/05\/12164923\/estrategia-carreira-juridica-coordenacao-96x96.png","caption":"Coordena\u00e7\u00e3o"},"url":"https:\/\/cj.estrategia.com\/portal\/author\/coordenacao\/"}]}},"jetpack_featured_media_url":"https:\/\/cj.estrategia.com\/portal\/wp-content\/uploads\/2022\/08\/04104729\/MP-AM-PROMOTOR.jpg","jetpack_sharing_enabled":true,"_links":{"self":[{"href":"https:\/\/cj.estrategia.com\/portal\/wp-json\/wp\/v2\/posts\/28929","targetHints":{"allow":["GET"]}}],"collection":[{"href":"https:\/\/cj.estrategia.com\/portal\/wp-json\/wp\/v2\/posts"}],"about":[{"href":"https:\/\/cj.estrategia.com\/portal\/wp-json\/wp\/v2\/types\/post"}],"author":[{"embeddable":true,"href":"https:\/\/cj.estrategia.com\/portal\/wp-json\/wp\/v2\/users\/12"}],"replies":[{"embeddable":true,"href":"https:\/\/cj.estrategia.com\/portal\/wp-json\/wp\/v2\/comments?post=28929"}],"version-history":[{"count":39,"href":"https:\/\/cj.estrategia.com\/portal\/wp-json\/wp\/v2\/posts\/28929\/revisions"}],"predecessor-version":[{"id":29013,"href":"https:\/\/cj.estrategia.com\/portal\/wp-json\/wp\/v2\/posts\/28929\/revisions\/29013"}],"wp:featuredmedia":[{"embeddable":true,"href":"https:\/\/cj.estrategia.com\/portal\/wp-json\/wp\/v2\/media\/20818"}],"wp:attachment":[{"href":"https:\/\/cj.estrategia.com\/portal\/wp-json\/wp\/v2\/media?parent=28929"}],"wp:term":[{"taxonomy":"category","embeddable":true,"href":"https:\/\/cj.estrategia.com\/portal\/wp-json\/wp\/v2\/categories?post=28929"},{"taxonomy":"post_tag","embeddable":true,"href":"https:\/\/cj.estrategia.com\/portal\/wp-json\/wp\/v2\/tags?post=28929"},{"taxonomy":"tax_estado","embeddable":true,"href":"https:\/\/cj.estrategia.com\/portal\/wp-json\/wp\/v2\/tax_estado?post=28929"}],"curies":[{"name":"wp","href":"https:\/\/api.w.org\/{rel}","templated":true}]}}