{"id":2888,"date":"2026-09-03T10:19:00","date_gmt":"2026-09-03T13:19:00","guid":{"rendered":"https:\/\/cj.estrategia.com\/portal\/?p=2888"},"modified":"2026-09-03T14:49:49","modified_gmt":"2026-09-03T17:49:49","slug":"concursos-juridicos-nordeste","status":"publish","type":"post","link":"https:\/\/cj.estrategia.com\/portal\/concursos-juridicos-nordeste\/","title":{"rendered":"Concursos Jur\u00eddicos Nordeste: oportunidades para 2026"},"content":{"rendered":"\n<p class=\"has-medium-font-size wp-block-paragraph\"><em><strong>Confira os concursos previstos de Carreiras Jur\u00eddicas para profissionais da \u00e1rea de Direito no Nordeste!<\/strong><\/em><\/p>\n\n\n\n<p class=\"wp-block-paragraph\"><strong>Neste artigo voc\u00ea encontrar\u00e1 diversas oportunidades para as carreiras jur\u00eddicas<\/strong> nos nove estados que comp\u00f5em a regi\u00e3o nordeste. Isso porque s\u00e3o muitas vagas previstas em <strong>concursos p\u00fablicos<\/strong>.<\/p>\n\n\n\n<p class=\"wp-block-paragraph\">A <strong>regi\u00e3o nordeste conta com \u00f3timos certames<\/strong> que podem fazer voc\u00ea mudar de vida. Atualmente, os profissionais buscam estabilidade profissional e no mundo dos concursos, essa op\u00e7\u00e3o \u00e9 vi\u00e1vel.<\/p>\n\n\n\n<p class=\"wp-block-paragraph\">Por isso, no artigo<strong> Concursos Jur\u00eddicos Nordeste<\/strong>, reunimos as principais sele\u00e7\u00f5es que est\u00e3o em est\u00e1gio avan\u00e7ado de organiza\u00e7\u00e3o, detalhando a situa\u00e7\u00e3o de cada estado.<\/p>\n\n\n\n<div class=\"wp-block-yoast-seo-table-of-contents yoast-table-of-contents\"><h2 id=\"navegue-pelo-estado\">Navegue pelo estado:<\/h2><ul><li><a href=\"#concursos-nordeste-alagoas\" data-level=\"2\">Concursos Jur\u00eddicos Nordeste: Alagoas<\/a><\/li><li><a href=\"#concursos-juridicos-nordeste-bahia\" data-level=\"2\">Concursos Jur\u00eddicos Nordeste: Bahia<\/a><\/li><li><a href=\"#concursos-juridicos-nordeste-ceara\" data-level=\"2\">Concursos Jur\u00eddicos Nordeste: Cear\u00e1<\/a><\/li><li><a href=\"#concursos-juridicos-nordeste-maranhao\" data-level=\"2\">Concursos Jur\u00eddicos Nordeste: Maranh\u00e3o<\/a><\/li><li><a href=\"#concursos-nordeste-paraiba\" data-level=\"2\">Concursos Jur\u00eddicos Nordeste: Para\u00edba<\/a><\/li><li><a href=\"#concursos-juridicos-nordeste-pernambuco\" data-level=\"2\">Concursos Jur\u00eddicos Nordeste: Pernambuco<\/a><\/li><li><a href=\"#concursos-juridicos-nordeste-piaui\" data-level=\"2\">Concursos Jur\u00eddicos Nordeste: Piau\u00ed<\/a><\/li><li><a href=\"#concursos-juridicos-nordeste-rio-grande-do-norte\" data-level=\"2\">Concursos Jur\u00eddicos Nordeste: Rio Grande do Norte<\/a><\/li><li><a href=\"#concursos-nordeste-sergipe\" data-level=\"2\">Concursos Jur\u00eddicos Nordeste: Sergipe<\/a><\/li><\/ul><\/div>\n\n\n\n<div id=\"boxes\" class=\"container\">\n<div class=\"row\">\n<div class=\"col-sm\">\n<div id=\"box-assinatura\" class=\"banner-estrategia-concursos-juridicos\">\n<h3 id=\"curso-para-concursos-juridicos\" class=\"titulo-assinatura\">Curso para Concursos Jur\u00eddicos<\/h3>\n<p class=\"subtitulo-assinatura\">Conhe\u00e7a os planos<\/p>\n<div class=\"box-botao\"><a class=\"btn-assinatura-juridica\" role=\"button\" href=\"https:\/\/cj.estrategia.com\/\" target=\"_blank\" rel=\"noopener noreferrer\">Conhe\u00e7a mais<\/a><\/div>\n<\/div>\n<\/div>\n<\/div>\n<\/div>\n\n\n\n<h2 id=\"concursos-nordeste-alagoas\" class=\"wp-block-heading has-black-color has-luminous-vivid-amber-to-luminous-vivid-orange-gradient-background has-text-color has-background has-link-color wp-elements-1\"><span id=\"concursos-juridicos-nordeste-alagoas\"><a href=\"https:\/\/cj.estrategia.com\/portal\/concursos-juridicos-alagoas\/\" target=\"_blank\" >Concursos Jur\u00eddicos Nordeste: Alagoas<\/a><\/span><\/h2>\n\n\n\n<h3 id=\"h-concurso-pgm-maceio-al\" class=\"wp-block-heading\"><span id=\"concurso-pgm-maceio-al\"><a href=\"https:\/\/cj.estrategia.com\/portal\/concurso-pgm-maceio-al\/\" target=\"_blank\" >Concurso PGM Macei\u00f3 AL<\/a><\/span><\/h3>\n\n\n\n<ul class=\"wp-block-list\">\n<li><strong>Status:<\/strong> previsto<\/li>\n\n\n\n<li><strong>Forma\u00e7\u00e3o<\/strong>: n\u00edvel superior em direito + OAB<\/li>\n\n\n\n<li><strong>Banca:<\/strong> a definir<\/li>\n\n\n\n<li><strong>Vagas<\/strong>: a definir<\/li>\n\n\n\n<li><strong>Sal\u00e1rio inicial:<\/strong> a definir<\/li>\n\n\n\n<li><a href=\"https:\/\/www.estrategiaconcursos.com.br\/assinaturas-ecj\/\" target=\"_blank\" >Curso PGM Macei\u00f3 AL<\/a><\/li>\n<\/ul>\n\n\n\n<h3 id=\"h-concurso-magistratura-al\" class=\"wp-block-heading\"><span id=\"concurso-magistratura-al\"><a href=\"https:\/\/cj.estrategia.com\/portal\/concurso-magistratura-al\/\" target=\"_blank\" >Concurso Magistratura AL<\/a><\/span><\/h3>\n\n\n\n<ul class=\"wp-block-list\">\n<li><strong>Status<\/strong>: previsto<\/li>\n\n\n\n<li><strong>Forma\u00e7\u00e3o<\/strong>: Bacharelado em Direito + 3 anos de atividade jur\u00eddica.<\/li>\n\n\n\n<li><strong>Banca<\/strong>: a definir<\/li>\n\n\n\n<li><strong>Sal\u00e1rio inicial<\/strong>: R$ 35.877,28<\/li>\n\n\n\n<li><strong>Vagas<\/strong>: a definir<\/li>\n\n\n\n<li><a href=\"https:\/\/cj.estrategia.com\/curso\/tj-al-juiz-substituto-pacote-teorico\/\">Curso TJ AL<\/a><\/li>\n<\/ul>\n\n\n\n<h3 id=\"h-concurso-mp-al-promotor\" class=\"wp-block-heading\"><span id=\"concurso-mp-al-promotor\"><a href=\"https:\/\/cj.estrategia.com\/portal\/concurso-mp-al-promotor\/\" target=\"_blank\" >Concurso MP AL Promotor<\/a><\/span><\/h3>\n\n\n\n<ul class=\"wp-block-list\">\n<li><strong>Status:<\/strong>&nbsp;previsto para 2026<\/li>\n\n\n\n<li><strong>Banca:&nbsp;<\/strong>a definir<\/li>\n\n\n\n<li><strong>Forma\u00e7\u00e3o:<\/strong>&nbsp;bacharel em Direito e contar com pelo menos&nbsp;tr\u00eas anos de atividade jur\u00eddica<\/li>\n\n\n\n<li><strong>Vagas:&nbsp;<\/strong>a definir<\/li>\n\n\n\n<li><strong>Sal\u00e1rio inicial:<\/strong>&nbsp;R$ 35.877,25<\/li>\n\n\n\n<li><a href=\"https:\/\/cj.estrategia.com\/curso\/mp-al-promotor-de-justica-pacote-teorico\/\">Curso MP AL Promotor<\/a><\/li>\n<\/ul>\n\n\n\n<h3 id=\"concurso-dpe-al-defensor\" class=\"wp-block-heading\"><a href=\"https:\/\/cj.estrategia.com\/portal\/concurso-dpe-al-defensor\/\" target=\"_blank\" >Concurso DPE AL Defensor<\/a><\/h3>\n\n\n\n<ul class=\"wp-block-list\">\n<li><strong>Status<\/strong>: comiss\u00e3o formada<\/li>\n\n\n\n<li><strong>Forma\u00e7\u00e3o:&nbsp;<\/strong>Bacharelado em Direito&nbsp;<strong>+<\/strong>&nbsp;tr\u00eas anos de atividade jur\u00eddica<\/li>\n\n\n\n<li><strong>Banca:&nbsp;<\/strong>a definir<\/li>\n\n\n\n<li><strong>Vagas:&nbsp;<\/strong>a definir<\/li>\n\n\n\n<li><strong><strong><strong>Sal\u00e1rio inicial<\/strong><\/strong>:&nbsp;<\/strong>R$ 35.877,25<\/li>\n\n\n\n<li><a href=\"https:\/\/cj.estrategia.com\/curso\/dpe-al-defensor-publico-pacote-teorico\/\" target=\"_blank\" >Curso DPE AL<\/a><\/li>\n<\/ul>\n\n\n\n<h2 id=\"concursos-juridicos-nordeste-bahia\" class=\"wp-block-heading has-black-color has-luminous-vivid-amber-to-luminous-vivid-orange-gradient-background has-text-color has-background has-link-color wp-elements-2\"><a href=\"https:\/\/cj.estrategia.com\/portal\/concursos-juridicos-bahia\/\" target=\"_blank\" >Concursos Jur\u00eddicos Nordeste: Bahia<\/a><\/h2>\n\n\n\n<h3 id=\"h-concurso-pgm-juazeiro-ba\" class=\"wp-block-heading\"><span id=\"concurso-pgm-juazeiro-ba\"><a href=\"https:\/\/cj.estrategia.com\/portal\/concurso-pgm-juazeiro-ba\/\" target=\"_blank\" >Concurso PGM Juazeiro BA<\/a><\/span><\/h3>\n\n\n\n<ul class=\"wp-block-list\">\n<li><strong>Status<\/strong>: edital previsto em 2026<\/li>\n\n\n\n<li><strong>Forma\u00e7\u00e3o<\/strong>: Bacharelado em Direito&nbsp;<\/li>\n\n\n\n<li><strong>Banca<\/strong>: a definir<\/li>\n\n\n\n<li><strong>Vagas<\/strong>: a definir<\/li>\n\n\n\n<li><strong>Sal\u00e1rio inicial<\/strong>: R$ 6.552,56<\/li>\n\n\n\n<li><a href=\"https:\/\/cj.estrategia.com\/concurso\/resultado-pesquisa?search=concurso+pgm\" target=\"_blank\" >Curso PGM Juazeiro BA<\/a><\/li>\n<\/ul>\n\n\n\n<h3 id=\"h-concurso-pge-ba-procurador\" class=\"wp-block-heading\"><span id=\"concurso-pge-ba-procurador\"><a href=\"https:\/\/cj.estrategia.com\/portal\/concurso-pge-ba-procurador\/\" target=\"_blank\" >Concurso PGE BA Procurador<\/a><\/span><\/h3>\n\n\n\n<ul class=\"wp-block-list\">\n<li><strong>Status:<\/strong>\u00a0banca definida<\/li>\n\n\n\n<li><strong>Forma\u00e7\u00e3o:&nbsp;<\/strong>Bacharelado em Direito&nbsp;<\/li>\n\n\n\n<li><strong>Banca:\u00a0<\/strong>FCC<\/li>\n\n\n\n<li><strong>Vagas:&nbsp;<\/strong>20<\/li>\n\n\n\n<li><strong>Sal\u00e1rio inicial:&nbsp;<\/strong>A remunera\u00e7\u00e3o inicial pode chegar a R$ 33,5 mil<\/li>\n\n\n\n<li><a href=\"https:\/\/cj.estrategia.com\/curso\/pge-ba-procurador-do-estado-pacote-teorico\/\" target=\"_blank\" >Curso PGE BA<\/a><\/li>\n<\/ul>\n\n\n\n<h2 id=\"concursos-juridicos-nordeste-ceara\" class=\"wp-block-heading has-black-color has-luminous-vivid-amber-to-luminous-vivid-orange-gradient-background has-text-color has-background has-link-color wp-elements-3\"><a href=\"https:\/\/cj.estrategia.com\/portal\/concursos-juridicos-ceara\/\" target=\"_blank\" >Concursos Jur\u00eddicos Nordeste: Cear\u00e1<\/a><\/h2>\n\n\n\n<h3 id=\"h-concurso-pgm-fortaleza-ce\" class=\"wp-block-heading\"><span id=\"concurso-pgm-fortaleza-ce\"><a href=\"https:\/\/cj.estrategia.com\/portal\/concurso-pgm-fortaleza-ce\/\" target=\"_blank\" >Concurso PGM Fortaleza CE<\/a><\/span><\/h3>\n\n\n\n<ul class=\"wp-block-list\">\n<li><strong>Status:<\/strong>&nbsp;comiss\u00e3o formada<\/li>\n\n\n\n<li><strong>Forma\u00e7\u00e3o:<\/strong>&nbsp;Bacharelado em Direito&nbsp;+ OAB<\/li>\n\n\n\n<li><strong>Banca:&nbsp;<\/strong>a definir<\/li>\n\n\n\n<li><strong>Vagas:&nbsp;<\/strong>5 [criadas]<\/li>\n\n\n\n<li><strong>Sal\u00e1rio inicial:&nbsp;<\/strong>a definir<\/li>\n\n\n\n<li><a href=\"https:\/\/www.estrategiaconcursos.com.br\/assinaturas-ecj\/\" target=\"_blank\" >Curso PGM Fortaleza<\/a><\/li>\n<\/ul>\n\n\n\n<h3 id=\"h-concurso-pgm-camocim-ce\" class=\"wp-block-heading\"><span id=\"concurso-pgm-camocim-ce\"><a href=\"https:\/\/cj.estrategia.com\/portal\/concurso-pgm-camocim-ce\/\" target=\"_blank\" >Concurso PGM Camocim CE<\/a><\/span><\/h3>\n\n\n\n<ul class=\"wp-block-list\">\n<li><strong>Status:<\/strong>&nbsp;edital recomendado pelo MPCE<\/li>\n\n\n\n<li><strong>Forma\u00e7\u00e3o:<\/strong>&nbsp;ensino superior em direito + OAB<\/li>\n\n\n\n<li><strong>Banca:<\/strong>&nbsp;a definir<\/li>\n\n\n\n<li><strong>Vagas:<\/strong>&nbsp;a definir<\/li>\n\n\n\n<li><strong>Sal\u00e1rio:<\/strong>&nbsp;a definir<\/li>\n\n\n\n<li><a href=\"https:\/\/cj.estrategia.com\/curso\" target=\"_blank\" >Curso PGM Camocim CE<\/a><\/li>\n<\/ul>\n\n\n\n<h2 id=\"concursos-juridicos-nordeste-maranhao\" class=\"wp-block-heading has-black-color has-luminous-vivid-amber-to-luminous-vivid-orange-gradient-background has-text-color has-background has-link-color wp-elements-4\"><a href=\"https:\/\/cj.estrategia.com\/portal\/concursos-juridicos-maranhao\/\" target=\"_blank\" >Concursos Jur\u00eddicos Nordeste: Maranh\u00e3o<\/a><\/h2>\n\n\n\n<h3 id=\"h-concurso-pge-ma-procurador\" class=\"wp-block-heading\"><span id=\"concurso-pge-ma-procurador\"><a href=\"https:\/\/cj.estrategia.com\/portal\/concurso-pge-ma-procurador\/\" target=\"_blank\" >Concurso PGE MA Procurador<\/a><\/span><\/h3>\n\n\n\n<ul class=\"wp-block-list\">\n<li><strong>Status:<\/strong>&nbsp;regulamento publicado<\/li>\n\n\n\n<li><strong>Forma\u00e7\u00e3o:&nbsp;<\/strong>Bacharelado em Direito&nbsp;<\/li>\n\n\n\n<li><strong>Banca:&nbsp;<\/strong>a definir<\/li>\n\n\n\n<li><strong>Vagas:&nbsp;<\/strong>10 + CR<\/li>\n\n\n\n<li><strong>Sal\u00e1rio inicial:&nbsp;<\/strong>&nbsp;a definir<\/li>\n\n\n\n<li><a href=\"https:\/\/cj.estrategia.com\/curso\/pge-ma-procurador-do-estado-pacote-teorico\/\" target=\"_blank\" >Curso PGE MA<\/a><\/li>\n<\/ul>\n\n\n\n<h3 id=\"h-concurso-procurador-mpc-ma\" class=\"wp-block-heading\"><span id=\"concurso-procurador-mpc-ma\"><a href=\"https:\/\/cj.estrategia.com\/portal\/concurso-procurador-mpc-ma\/\" target=\"_blank\" >Concurso Procurador MPC MA<\/a><\/span><\/h3>\n\n\n\n<ul class=\"wp-block-list\">\n<li><strong>Status:&nbsp;<\/strong>banca definida<\/li>\n\n\n\n<li><strong>Forma\u00e7\u00e3o:&nbsp;<\/strong>bacharelado em direito<\/li>\n\n\n\n<li><strong>Banca:&nbsp;<\/strong>Cebraspe<\/li>\n\n\n\n<li><strong>Vagas:&nbsp;<\/strong>1<\/li>\n\n\n\n<li><strong>Sal\u00e1rio inicial:&nbsp;<\/strong>R$ 35.462,28<\/li>\n\n\n\n<li><a href=\"https:\/\/cj.estrategia.com\/curso\/mpc-ma-procurador-pacote-teorico\/\" target=\"_blank\" >Curso Procurador MPC MA<\/a><\/li>\n<\/ul>\n\n\n\n<h2 id=\"concursos-nordeste-paraiba\" class=\"wp-block-heading has-black-color has-luminous-vivid-amber-to-luminous-vivid-orange-gradient-background has-text-color has-background has-link-color wp-elements-5\"><span id=\"concursos-juridicos-nordeste-paraiba\"><a href=\"https:\/\/cj.estrategia.com\/portal\/concursos-juridicos-paraiba\/\" target=\"_blank\" >Concursos Jur\u00eddicos Nordeste: Para\u00edba<\/a><\/span><\/h2>\n\n\n\n<h3 id=\"h-concurso-procurador-camara-de-joao-pessoa\" class=\"wp-block-heading\"><span id=\"concurso-procurador-camara-de-joao-pessoa\"><a href=\"https:\/\/cj.estrategia.com\/portal\/concurso-procurador-camara-de-joao-pessoa\/\" target=\"_blank\" >Concurso Procurador C\u00e2mara de Jo\u00e3o Pessoa<\/a><\/span><\/h3>\n\n\n\n<ul class=\"wp-block-list\">\n<li><strong>Status<\/strong>:<strong> <\/strong>previsto<\/li>\n\n\n\n<li><strong>Forma\u00e7\u00e3o:&nbsp;<\/strong>N\u00edvel Superior em Direito + OAB<\/li>\n\n\n\n<li><strong>Banca:&nbsp;<\/strong>a definir<\/li>\n\n\n\n<li><strong>Vagas:<\/strong>&nbsp;a definir<\/li>\n\n\n\n<li><strong>Sal\u00e1rio inicial:<\/strong>&nbsp;a definir<\/li>\n\n\n\n<li><a href=\"https:\/\/www.estrategiaconcursos.com.br\/assinaturas-ecj\/\" target=\"_blank\" >Curso Procurador C\u00e2mara de Jo\u00e3o Pessoa<\/a><\/li>\n<\/ul>\n\n\n\n<h3 id=\"h-concurso-mp-pb-promotor\" class=\"wp-block-heading\"><span id=\"concurso-mp-pb-promotor\"><a href=\"https:\/\/cj.estrategia.com\/portal\/concurso-mp-pb-promotor\/\">Concurso MP PB Promotor<\/a><\/span><\/h3>\n\n\n\n<ul class=\"wp-block-list\">\n<li><strong>Status:<\/strong>&nbsp;previsto<\/li>\n\n\n\n<li><strong>Forma\u00e7\u00e3o:<\/strong>&nbsp;Bacharelado em Direito&nbsp;+ tr\u00eas anos de atividade jur\u00eddica<\/li>\n\n\n\n<li><strong>Banca:<\/strong> a definir<\/li>\n\n\n\n<li><strong>Vagas:&nbsp;<\/strong>10<\/li>\n\n\n\n<li><strong>Sal\u00e1rio inicial:&nbsp;<\/strong>R$ 35.877,26<\/li>\n\n\n\n<li><a href=\"https:\/\/cj.estrategia.com\/curso\/mp-pb-promotor-de-justica-pacote-teorico\/\" target=\"_blank\" rel=\"noreferrer noopener nofollow\">Curso MP PB Promotor<\/a><\/li>\n<\/ul>\n\n\n\n<h3 id=\"h-concurso-dpe-pb-defensor\" class=\"wp-block-heading\"><span id=\"concurso-dpe-pb-defensor\"><a href=\"https:\/\/cj.estrategia.com\/portal\/concurso-dpe-pb-defensor\/\">Concurso DPE PB Defensor<\/a><\/span><\/h3>\n\n\n\n<ul class=\"wp-block-list\">\n<li><strong>Status:<\/strong>&nbsp;previsto<\/li>\n\n\n\n<li><strong>Forma\u00e7\u00e3o:<\/strong>&nbsp;Bacharelado em Direito&nbsp;+ OAB + 2 anos de atividade jur\u00eddica<\/li>\n\n\n\n<li><strong>Banca:&nbsp;<\/strong>a definir<\/li>\n\n\n\n<li><strong>Vagas:&nbsp;<\/strong>a definir<\/li>\n\n\n\n<li><strong>Sal\u00e1rio inicial:<\/strong>&nbsp;R$ 20.488,79<\/li>\n\n\n\n<li><a href=\"https:\/\/cj.estrategia.com\/curso\/dpe-pb-defensor-publico-pacote-teorico\/\" target=\"_blank\" >Curso DPE PB Defensor<\/a><\/li>\n<\/ul>\n\n\n\n<h3 id=\"h-concurso-magistratura-pb\" class=\"wp-block-heading\"><span id=\"concurso-magistratura-pb\"><a href=\"https:\/\/cj.estrategia.com\/portal\/concurso-magistratura-pb\/\">Concurso Magistratura PB<\/a><\/span><\/h3>\n\n\n\n<ul class=\"wp-block-list\">\n<li><strong>Status:<\/strong>&nbsp;previsto <\/li>\n\n\n\n<li><strong>Forma\u00e7\u00e3o:<\/strong>&nbsp;bacharel em Direito + 3 anos de atividade jur\u00eddica<\/li>\n\n\n\n<li><strong>Banca:<\/strong>&nbsp;a definir<\/li>\n\n\n\n<li><strong>Vagas:&nbsp;<\/strong>A definir<\/li>\n\n\n\n<li><strong>Sal\u00e1rio inicial:<\/strong>&nbsp;&nbsp;R$ 35.877,28<\/li>\n\n\n\n<li><a href=\"https:\/\/cj.estrategia.com\/curso\/tj-pb-juiz-substituto-pacote-teorico\/\">Curso TJ PB<\/a><\/li>\n<\/ul>\n\n\n\n<h2 id=\"concursos-juridicos-nordeste-pernambuco\" class=\"wp-block-heading has-black-color has-luminous-vivid-amber-to-luminous-vivid-orange-gradient-background has-text-color has-background has-link-color wp-elements-6\"><a href=\"https:\/\/cj.estrategia.com\/portal\/concursos-juridicos-pernambuco\/\" target=\"_blank\" >Concursos Jur\u00eddicos Nordeste: Pernambuco<\/a><\/h2>\n\n\n\n<h3 id=\"h-concurso-nbsp-procurador-camara-de-petrolina-pe\" class=\"wp-block-heading\"><span id=\"concurso-procurador-camara-de-petrolina-pe\"><a href=\"https:\/\/cj.estrategia.com\/portal\/concurso-procurador-camara-de-petrolina-pe\/\" target=\"_blank\" >Concurso&nbsp;Procurador C\u00e2mara de Petrolina PE<\/a><\/span><\/h3>\n\n\n\n<ul class=\"wp-block-list\">\n<li><strong>Status<\/strong>: banca definida<\/li>\n\n\n\n<li><strong>Forma\u00e7\u00e3o<\/strong>: n\u00edvel superior em Direito<\/li>\n\n\n\n<li><strong>Banca<\/strong>: IDECAN<\/li>\n\n\n\n<li><strong>Vagas<\/strong>: 1 + 3 CR<\/li>\n\n\n\n<li><strong>Sal\u00e1rio inicial<\/strong>: R$ 8.561,42<\/li>\n\n\n\n<li><a href=\"https:\/\/cj.estrategia.com\/concurso\/resultado-pesquisa?search=procurador+camara+de+petrolina+pe\" target=\"_blank\" >Curso Procurador C\u00e2mara de Petrolina<\/a><br><\/li>\n<\/ul>\n\n\n\n<h3 id=\"h-concurso-delegado-pe\" class=\"wp-block-heading\"><span id=\"concurso-delegado-pe\"><a href=\"https:\/\/cj.estrategia.com\/portal\/concurso-delegado-pe\/\" target=\"_blank\" >Concurso Delegado PE<\/a><\/span><\/h3>\n\n\n\n<ul class=\"wp-block-list\">\n<li><strong>Status<\/strong>: comiss\u00e3o formada<\/li>\n\n\n\n<li><strong>Forma\u00e7\u00e3o:<\/strong> N\u00edvel Superior em Direito + 3 anos de pr\u00e1tica forense ou atividade policial<\/li>\n\n\n\n<li><strong>Banca:<\/strong> a definir<\/li>\n\n\n\n<li><strong>Vagas:<\/strong> 45<\/li>\n\n\n\n<li><strong>Sal\u00e1rio inicial:<\/strong> R$ 13.560,00<\/li>\n\n\n\n<li><a href=\"https:\/\/cj.estrategia.com\/concurso\/pc-pe\" target=\"_blank\" >Curso Delegado PE<\/a><\/li>\n<\/ul>\n\n\n\n<h3 id=\"h-concurso-pgm-olinda-pe\" class=\"wp-block-heading\"><span id=\"concurso-pgm-olinda-pe\"><a href=\"https:\/\/cj.estrategia.com\/portal\/concurso-pgm-olinda-pe\/\">Concurso PGM Olinda PE<\/a><\/span><\/h3>\n\n\n\n<ul class=\"wp-block-list\">\n<li><strong>Status:<\/strong>&nbsp;banca definida<\/li>\n\n\n\n<li><strong>Forma\u00e7\u00e3o:<\/strong>&nbsp;Bacharelado em Direito&nbsp;+ OAB<\/li>\n\n\n\n<li><strong>Banca:&nbsp;<\/strong>IAUPE<\/li>\n\n\n\n<li><strong>Vagas:&nbsp;<\/strong>a definir<\/li>\n\n\n\n<li><strong>Sal\u00e1rio inicial:&nbsp;<\/strong>a definir<\/li>\n\n\n\n<li><a href=\"https:\/\/cj.estrategia.com\/cursos\/busca\/pgm\/\" target=\"_blank\" >Curso PGM Olinda<\/a><\/li>\n<\/ul>\n\n\n\n<h3 id=\"concurso-pge-pe-procurador\" class=\"wp-block-heading\"><a href=\"https:\/\/cj.estrategia.com\/portal\/concurso-pge-pe-procurador\/\" target=\"_blank\" >Concurso PGE PE Procurador<\/a><\/h3>\n\n\n\n<ul class=\"wp-block-list\">\n<li><strong>Status:<\/strong>&nbsp;previsto<\/li>\n\n\n\n<li><strong>Forma\u00e7\u00e3o:&nbsp;<\/strong>Bacharelado em Direito&nbsp; + OAB<\/li>\n\n\n\n<li><strong>Banca:&nbsp;<\/strong>a definir<\/li>\n\n\n\n<li><strong>Vagas:&nbsp;<\/strong>a definir<\/li>\n\n\n\n<li><strong>Sal\u00e1rio inicial:&nbsp;<\/strong>R$ 36.249,92<\/li>\n\n\n\n<li><a href=\"https:\/\/cj.estrategia.com\/curso\/pge-pe-procurador-do-estado-pacote-teorico\/\" target=\"_blank\" >Curso PGE PE<\/a><\/li>\n<\/ul>\n\n\n\n<h3 id=\"h-concurso-mp-pe-promotor\" class=\"wp-block-heading\"><span id=\"concurso-mp-pe-promotor\"><a href=\"https:\/\/cj.estrategia.com\/portal\/concurso-mp-pe-promotor\/\" target=\"_blank\" >Concurso MP PE Promotor<\/a><\/span><\/h3>\n\n\n\n<ul class=\"wp-block-list\">\n<li><strong>Status:<\/strong>&nbsp;previsto<\/li>\n\n\n\n<li><strong>Banca:&nbsp;<\/strong>a definir<\/li>\n\n\n\n<li><strong>Forma\u00e7\u00e3o:<\/strong>&nbsp;N\u00edvel Superior em Direito + 3 anos de atividade jur\u00eddica<\/li>\n\n\n\n<li><strong>Vagas:&nbsp;<\/strong>a definir<\/li>\n\n\n\n<li><strong>Sal\u00e1rio inicial:<\/strong> R$ 35.877,28<\/li>\n\n\n\n<li><a href=\"https:\/\/cj.estrategia.com\/?utm_source=google&amp;utm_medium=cpc&amp;utm_campaign=ecj-jur-vd-gsh-inst-x-x&amp;gad_source=1&amp;gad_campaignid=1674110612&amp;gbraid=0AAAAADpTrcfVtG--UG_sXcTNELddoEBXf&amp;gclid=CjwKCAjwu53SBhAhEiwAJzSLNmCpYuxKWCitgexHmYJlp7AuejbYr6xdgLP0yLV6i1Ynhs_nHnCuZRoC0W0QAvD_BwE\" target=\"_blank\" >Curso MP PE Promotor<\/a><\/li>\n<\/ul>\n\n\n\n<h2 id=\"concursos-juridicos-nordeste-piaui\" class=\"wp-block-heading has-black-color has-luminous-vivid-amber-to-luminous-vivid-orange-gradient-background has-text-color has-background has-link-color wp-elements-7\"><a href=\"https:\/\/cj.estrategia.com\/portal\/concursos-juridicos-piaui\/\" target=\"_blank\" >Concursos Jur\u00eddicos Nordeste: Piau\u00ed<\/a><\/h2>\n\n\n\n<h3 id=\"h-concurso-magistratura-pi\" class=\"wp-block-heading\"><span id=\"concurso-magistratura-pi\"><a href=\"https:\/\/cj.estrategia.com\/portal\/concurso-magistratura-pi\/\" target=\"_blank\" >Concurso Magistratura PI<\/a><\/span><\/h3>\n\n\n\n<ul class=\"wp-block-list\">\n<li><strong>Status<\/strong>: previsto<\/li>\n\n\n\n<li><strong>Forma\u00e7\u00e3o:&nbsp;<\/strong>Bacharelado em Direito <\/li>\n\n\n\n<li><strong>Banca:<\/strong> a definir<\/li>\n\n\n\n<li><strong>Vagas:<\/strong>&nbsp;a definir<\/li>\n\n\n\n<li><strong>Sal\u00e1rio:<\/strong>&nbsp;R$ 30.617,24<\/li>\n\n\n\n<li><a href=\"https:\/\/cj.estrategia.com\/curso\/tj-pi-juiz-substituto-pacote-teorico\/\" target=\"_blank\" >Curso TJ PI<\/a><\/li>\n<\/ul>\n\n\n\n<h3 id=\"h-concurso-mp-pi-promotor\" class=\"wp-block-heading\"><span id=\"concurso-mp-pi-promotor\"><a href=\"https:\/\/cj.estrategia.com\/portal\/concurso-mp-pi-promotor\/\" target=\"_blank\" >Concurso MP PI Promotor<\/a><\/span><\/h3>\n\n\n\n<ul class=\"wp-block-list\">\n<li><strong>Status:<\/strong>&nbsp;previsto<\/li>\n\n\n\n<li><strong>Banca:&nbsp;<\/strong>a definir<\/li>\n\n\n\n<li><strong>Forma\u00e7\u00e3o:<\/strong>&nbsp;N\u00edvel Superior em Direito + 3 anos de atividade jur\u00eddica<\/li>\n\n\n\n<li><strong>Vagas:&nbsp;<\/strong>a definir<\/li>\n\n\n\n<li><strong>Sal\u00e1rio inicial:<\/strong> R$ 34.083,40<\/li>\n\n\n\n<li><a href=\"https:\/\/cj.estrategia.com\/?utm_source=google&amp;utm_medium=cpc&amp;utm_campaign=ecj-jur-vd-gsh-inst-x-x&amp;gad_source=1&amp;gad_campaignid=1674110612&amp;gbraid=0AAAAADpTrcfVtG--UG_sXcTNELddoEBXf&amp;gclid=CjwKCAjwu53SBhAhEiwAJzSLNmCpYuxKWCitgexHmYJlp7AuejbYr6xdgLP0yLV6i1Ynhs_nHnCuZRoC0W0QAvD_BwE\" target=\"_blank\" >Curso MP PI Promotor<\/a><\/li>\n<\/ul>\n\n\n\n<h2 id=\"concursos-juridicos-nordeste-rio-grande-do-norte\" class=\"wp-block-heading has-black-color has-luminous-vivid-amber-to-luminous-vivid-orange-gradient-background has-text-color has-background has-link-color wp-elements-8\"><a href=\"https:\/\/cj.estrategia.com\/portal\/concursos-juridicos-rio-grande-do-norte\/\" target=\"_blank\" >Concursos Jur\u00eddicos Nordeste: Rio Grande do Norte<\/a><\/h2>\n\n\n\n<h3 id=\"h-concurso-pge-rn-procurador\" class=\"wp-block-heading\"><span id=\"concurso-pge-rn-procurador\"><a href=\"https:\/\/cj.estrategia.com\/portal\/concurso-pge-rn-procurador\/\" target=\"_blank\" >Concurso PGE RN Procurador<\/a><\/span><\/h3>\n\n\n\n<ul class=\"wp-block-list\">\n<li><strong>Status<\/strong>: previsto <\/li>\n\n\n\n<li><strong>Forma\u00e7\u00e3o:<\/strong> Bacharelado em Direito&nbsp;+ OAB<\/li>\n\n\n\n<li><strong>Banca<\/strong>: a definir<\/li>\n\n\n\n<li><strong>Vagas<\/strong>: a definir<\/li>\n\n\n\n<li><strong>Sal\u00e1rio inicial:<\/strong> R$ 33.924,93 (\u00faltimo edital)<\/li>\n\n\n\n<li><a href=\"https:\/\/www.estrategiaconcursos.com.br\/assinaturas-ecj\/\" target=\"_blank\" >Curso PGE RN<\/a><\/li>\n<\/ul>\n\n\n\n<h3 id=\"h-concurso-dpe-rn-defensor\" class=\"wp-block-heading\"><span id=\"concurso-dpe-rn-defensor\"><a href=\"https:\/\/cj.estrategia.com\/portal\/concurso-dpe-rn-defensor\/\" target=\"_blank\" >Concurso DPE RN Defensor<\/a><\/span><\/h3>\n\n\n\n<ul class=\"wp-block-list\">\n<li><strong>Status:<\/strong>&nbsp;banca definida<\/li>\n\n\n\n<li><strong>Forma\u00e7\u00e3o:<\/strong> bacharelado em Direito e inscri\u00e7\u00e3o na OAB<\/li>\n\n\n\n<li><strong>Banca: <\/strong>Cebraspe<\/li>\n\n\n\n<li><strong>Vagas:<\/strong>&nbsp;10 + CR<\/li>\n\n\n\n<li><strong>Sal\u00e1rio inicial:<\/strong> R$ 32.379,22<\/li>\n\n\n\n<li><a href=\"https:\/\/cj.estrategia.com\/curso\/dpe-rn-defensor-publico-pacote-teorico\/\" target=\"_blank\" >Curso DPE RN<\/a><\/li>\n<\/ul>\n\n\n\n<h3 id=\"h-residencia-juridica-tj-rn\" class=\"wp-block-heading\"><span id=\"residencia-juridica-tj-rn\"><a href=\"https:\/\/cj.estrategia.com\/portal\/residencia-juridica-tj-rn\/\" target=\"_blank\" >Resid\u00eancia Jur\u00eddica TJ RN<\/a><\/span><\/h3>\n\n\n\n<ul class=\"wp-block-list\">\n<li><strong>Status<\/strong>: previsto <\/li>\n\n\n\n<li><strong>Forma\u00e7\u00e3o:<\/strong> a definir<\/li>\n\n\n\n<li><strong>Banca<\/strong>: a definir<\/li>\n\n\n\n<li><strong>Vagas<\/strong>: a definir<\/li>\n\n\n\n<li><strong>Sal\u00e1rio inicial:<\/strong> a definir<\/li>\n\n\n\n<li><a href=\"https:\/\/www.estrategiaconcursos.com.br\/assinaturas-ecj\/\" target=\"_blank\" >Curso Resid\u00eancia Jur\u00eddica TJ RN<\/a><\/li>\n<\/ul>\n\n\n\n<h3 id=\"h-concurso-mp-rn-promotor\" class=\"wp-block-heading\"><span id=\"concurso-mp-rn-promotor\"><a href=\"https:\/\/cj.estrategia.com\/portal\/concurso-mp-rn-promotor\/\" target=\"_blank\" >Concurso MP RN Promotor<\/a><\/span><\/h3>\n\n\n\n<ul class=\"wp-block-list\">\n<li><strong>Status:<\/strong>&nbsp;previsto<\/li>\n\n\n\n<li><strong>Banca:&nbsp;<\/strong>a definir<\/li>\n\n\n\n<li><strong>Forma\u00e7\u00e3o:<\/strong>&nbsp;N\u00edvel Superior em Direito + 3 anos de atividade jur\u00eddica<\/li>\n\n\n\n<li><strong>Vagas:&nbsp;<\/strong>a definir<\/li>\n\n\n\n<li><strong>Sal\u00e1rio inicial:<\/strong> R$ 34.083,41<\/li>\n\n\n\n<li><a href=\"https:\/\/cj.estrategia.com\/?utm_source=google&amp;utm_medium=cpc&amp;utm_campaign=ecj-jur-vd-gsh-inst-x-x&amp;gad_source=1&amp;gad_campaignid=1674110612&amp;gbraid=0AAAAADpTrcfVtG--UG_sXcTNELddoEBXf&amp;gclid=CjwKCAjwu53SBhAhEiwAJzSLNmCpYuxKWCitgexHmYJlp7AuejbYr6xdgLP0yLV6i1Ynhs_nHnCuZRoC0W0QAvD_BwE\" target=\"_blank\" >Curso MP RN Promotor<\/a><\/li>\n<\/ul>\n\n\n\n<h3 id=\"concurso-delegado-ap\" class=\"wp-block-heading\"><span id=\"concurso-delegado-rn\"><a href=\"https:\/\/cj.estrategia.com\/portal\/concurso-delegado-rn\/\" target=\"_blank\" >Concurso Delegado RN<\/a><\/span><\/h3>\n\n\n\n<ul class=\"wp-block-list\">\n<li><strong>Status:<\/strong>&nbsp;previsto<\/li>\n\n\n\n<li><strong>Forma\u00e7\u00e3o:<\/strong>&nbsp;N\u00edvel Superior em Direito<\/li>\n\n\n\n<li><strong>Banca:&nbsp;<\/strong>a definir<\/li>\n\n\n\n<li><strong>Vagas:&nbsp;<\/strong>a definir<\/li>\n\n\n\n<li><strong>Sal\u00e1rio inicial<\/strong>: R$ 16.987,67<\/li>\n\n\n\n<li><a href=\"https:\/\/cj.estrategia.com\/curso\/pc-ap-delegado-pacote-teorico\/\" target=\"_blank\" >Curso Delegado RN<\/a><\/li>\n<\/ul>\n\n\n\n<h2 id=\"concursos-nordeste-sergipe\" class=\"wp-block-heading has-black-color has-luminous-vivid-amber-to-luminous-vivid-orange-gradient-background has-text-color has-background has-link-color wp-elements-9\"><span id=\"concursos-juridicos-nordeste-sergipe\"><a href=\"https:\/\/cj.estrategia.com\/portal\/concursos-juridicos-sergipe\/\" target=\"_blank\" >Concursos Jur\u00eddicos Nordeste: Sergipe<\/a><\/span><\/h2>\n\n\n\n<ul class=\"wp-block-list\">\n<li><em>Sem concursos previstos no momento.<\/em><\/li>\n<\/ul>\n\n\n\n<hr class=\"wp-block-separator has-alpha-channel-opacity\"\/>\n\n\n\n<p class=\"has-text-align-center wp-block-paragraph\" id=\"h-quer-saber-tudo-sobre-concursos-previstos-confira-nossos-artigos\" style=\"font-size:26px\"><strong>Quer saber tudo sobre concursos previstos?<br>Confira nossos artigos!<\/strong><\/p>\n\n\n\n<ul class=\"wp-block-list\">\n<li><a href=\"https:\/\/cj.estrategia.com\/portal\/concursos-abertos-carreiras-juridicas\/\" target=\"_blank\" ><strong>Concursos jur\u00eddicos abertos<\/strong><\/a><\/li>\n\n\n\n<li><a href=\"https:\/\/cj.estrategia.com\/portal\/concursos-juridicos-2026\/\" type=\"link\" id=\"https:\/\/cj.estrategia.com\/portal\/concursos-juridicos-2026\/\" target=\"_blank\" ><strong>Concursos Jur\u00eddicos 2026<\/strong><\/a><\/li>\n\n\n\n<li><a href=\"https:\/\/cj.estrategia.com\/portal\/concursos-juridicos-2027\/\" target=\"_blank\" ><strong>Concursos Jur\u00eddicos 2027<\/strong><\/a><\/li>\n<\/ul>\n\n\n\n<p class=\"has-text-align-center wp-block-paragraph\" id=\"cursos-ficha\" style=\"font-size:26px\"><strong>Quer estudar para Concursos de Direito?<\/strong><\/p>\n\n\n\n<p class=\"has-text-align-center wp-block-paragraph\"><em>O Estrat\u00e9gia Carreira Jur\u00eddica \u00e9 campe\u00e3o de aprova\u00e7\u00f5es nos concursos para Carreiras Jur\u00eddicas com um corpo docente qualificado e materiais completos. Conhe\u00e7a nossos cursos e garanta sua aprova\u00e7\u00e3o:<\/em><\/p>\n\n\n\n<div class=\"wp-block-cover\" style=\"min-height:155px;aspect-ratio:unset;\"><img decoding=\"async\" width=\"1890\" height=\"351\" class=\"wp-block-cover__image-background wp-image-8669\" alt=\"Assinaturas Jur\u00eddicas\" src=\"https:\/\/cj.estrategia.com\/portal\/wp-content\/uploads\/2022\/06\/20151253\/concurso-carreiras-juridicas-assinatura-juridica.jpg\" style=\"object-position:78% 43%\" data-object-fit=\"cover\" data-object-position=\"78% 43%\" srcset=\"https:\/\/cdn-blog-cj.estrategia.com\/portal\/wp-content\/uploads\/2022\/06\/20151253\/concurso-carreiras-juridicas-assinatura-juridica.jpg 1890w, https:\/\/cdn-blog-cj.estrategia.com\/portal\/wp-content\/uploads\/2022\/06\/20151253\/concurso-carreiras-juridicas-assinatura-juridica-300x56.jpg 300w, https:\/\/cdn-blog-cj.estrategia.com\/portal\/wp-content\/uploads\/2022\/06\/20151253\/concurso-carreiras-juridicas-assinatura-juridica-1024x190.jpg 1024w, https:\/\/cdn-blog-cj.estrategia.com\/portal\/wp-content\/uploads\/2022\/06\/20151253\/concurso-carreiras-juridicas-assinatura-juridica-768x143.jpg 768w, https:\/\/cdn-blog-cj.estrategia.com\/portal\/wp-content\/uploads\/2022\/06\/20151253\/concurso-carreiras-juridicas-assinatura-juridica-1536x285.jpg 1536w, https:\/\/cdn-blog-cj.estrategia.com\/portal\/wp-content\/uploads\/2022\/06\/20151253\/concurso-carreiras-juridicas-assinatura-juridica-380x71.jpg 380w, https:\/\/cdn-blog-cj.estrategia.com\/portal\/wp-content\/uploads\/2022\/06\/20151253\/concurso-carreiras-juridicas-assinatura-juridica-800x149.jpg 800w, https:\/\/cdn-blog-cj.estrategia.com\/portal\/wp-content\/uploads\/2022\/06\/20151253\/concurso-carreiras-juridicas-assinatura-juridica-1160x215.jpg 1160w\" sizes=\"(max-width: 1890px) 100vw, 1890px\" \/><span aria-hidden=\"true\" class=\"wp-block-cover__background has-background-dim\"><\/span><div class=\"wp-block-cover__inner-container is-layout-flow wp-block-cover-is-layout-flow\">\n<h3 id=\"faca-a-sua-assinatura\" class=\"titulo-assinatura\"><span style=\"color: #ffffff;\">Fa\u00e7a a sua assinatura!<\/span><\/h3>\n<p class=\"subtitulo-assinatura\" style=\"display:block!important; line-height: 0;\"><span style=\"color: #ffffff;\">Escolha a sua \u00e1rea.<\/span><\/p>\n<a target=\"_blank\" href=\"https:\/\/www.estrategiaconcursos.com.br\/assinaturas-ecj\/\" rel=\"noopener\"><button style=\"border-radius: 10px; text-transform: capitalize;\">Acessar<\/button><\/a>\n<\/div><\/div>\n\n\n\n<p class=\"has-text-align-center wp-block-paragraph\" id=\"h-whatsapp-ecj-clique-na-sua-carreira-e-participe\" style=\"font-size:26px\"><strong>Whatsapp ECJ:&nbsp;Clique na sua carreira e PARTICIPE!<\/strong><\/p>\n\n\n\n<p class=\"has-text-align-center wp-block-paragraph\">Com o&nbsp;<strong>Whatsapp ECJ<\/strong>&nbsp;vamos transformar a maneira como os estudantes se preparam para os concursos p\u00fablicos do momento e do futuro. <\/p>\n\n\n\n<p class=\"has-text-align-center wp-block-paragraph\"><strong>Esta plataforma n\u00e3o apenas oferece suporte para tirar d\u00favidas cruciais, mas tamb\u00e9m fornece dicas valiosas para alcan\u00e7ar o sucesso nas provas<\/strong>, abrangendo todas as \u00e1reas da carreira jur\u00eddica.<\/p>\n\n\n\n<h3 id=\"h-cartorios\" class=\"wp-block-heading\"><span id=\"cartorios\">Cart\u00f3rios<\/span><\/h3>\n\n\n<a id=\"cta-icon\" href=\"https:\/\/sndflw.com\/i\/cartorios-grupo\" target=\"blank\" style=\"background:rgb(41,166,26)\">\n            <img decoding=\"async\" src=\"https:\/\/cdn-blog-cj.estrategia.com\/portal\/wp-content\/uploads\/2023\/12\/07160657\/whatsapp_1385.webp\" alt=\"\" alt=\"whatsapp_1385\"><span > Acesse agora o Grupo de Estudos para Concursos Cart\u00f3rio <\/span><\/a>\n\n\n\n<h3 id=\"h-defensorias\" class=\"wp-block-heading\"><span id=\"defensorias\">Defensorias<\/span><\/h3>\n\n\n<a id=\"cta-icon\" href=\"https:\/\/sndflw.com\/i\/defensorias-grupo\" target=\"blank\" style=\"background:rgb(41,166,26)\">\n            <img decoding=\"async\" src=\"https:\/\/cdn-blog-cj.estrategia.com\/portal\/wp-content\/uploads\/2023\/12\/07160657\/whatsapp_1385.webp\" alt=\"\" alt=\"whatsapp_1385\"><span > Acesse agora o Grupo de Estudos para Concursos em Defensoria<\/span><\/a>\n\n\n\n<h3 id=\"h-delegado\" class=\"wp-block-heading\"><span id=\"delegado\">Delegado<\/span><\/h3>\n\n\n<a id=\"cta-icon\" href=\"https:\/\/sndflw.com\/i\/delegado-civil-grupo\" target=\"blank\" style=\"background:rgb(41,166,26)\">\n            <img decoding=\"async\" src=\"https:\/\/cdn-blog-cj.estrategia.com\/portal\/wp-content\/uploads\/2023\/12\/07160657\/whatsapp_1385.webp\" alt=\"\" alt=\"whatsapp_1385\"><span > Acesse agora o Grupo de Estudos para Delegado Civil<\/span><\/a>\n\n\n\n<h3 id=\"h-magistratura-estadual\" class=\"wp-block-heading\"><span id=\"magistratura-estadual\">Magistratura Estadual<\/span><\/h3>\n\n\n<a id=\"cta-icon\" href=\"https:\/\/sndflw.com\/i\/magistratura-estadual-grupo\" target=\"blank\" style=\"background:rgb(41,166,26)\">\n            <img decoding=\"async\" src=\"https:\/\/cdn-blog-cj.estrategia.com\/portal\/wp-content\/uploads\/2023\/12\/07160657\/whatsapp_1385.webp\" alt=\"\" alt=\"whatsapp_1385\"><span > Acesse agora o Grupo de Estudos para Magistratura Estadual <\/span><\/a>\n\n\n\n<h3 id=\"h-magistratura-federal\" class=\"wp-block-heading\"><span id=\"magistratura-federal\">Magistratura Federal<\/span><\/h3>\n\n\n<a id=\"cta-icon\" href=\"https:\/\/sndflw.com\/i\/magistratura-federal-grupo\" target=\"blank\" style=\"background:rgb(41,166,26)\">\n            <img decoding=\"async\" src=\"https:\/\/cdn-blog-cj.estrategia.com\/portal\/wp-content\/uploads\/2023\/12\/07160657\/whatsapp_1385.webp\" alt=\"\" alt=\"whatsapp_1385\"><span > Acesse agora o Grupo de Estudos para Magistratura Federal <\/span><\/a>\n\n\n\n<h3 id=\"h-procuradorias\" class=\"wp-block-heading\"><span id=\"procuradorias\">Procuradorias<\/span><\/h3>\n\n\n<a id=\"cta-icon\" href=\"https:\/\/sndflw.com\/i\/procuradorias-grupo\" target=\"blank\" style=\"background:rgb(41,166,26)\">\n            <img decoding=\"async\" src=\"https:\/\/cdn-blog-cj.estrategia.com\/portal\/wp-content\/uploads\/2023\/12\/07160657\/whatsapp_1385.webp\" alt=\"\" alt=\"whatsapp_1385\"><span > Acesse agora o Grupo de Estudos para Concurso de Procuradorias <\/span><\/a>\n\n\n\n<h3 id=\"h-promotorias\" class=\"wp-block-heading\"><span id=\"promotorias\">Promotorias<\/span><\/h3>\n\n\n<a id=\"cta-icon\" href=\"https:\/\/sndflw.com\/i\/promotorias-grupo\" target=\"blank\" style=\"background:rgb(83,193,88)\">\n            <img decoding=\"async\" src=\"https:\/\/cdn-blog-cj.estrategia.com\/portal\/wp-content\/uploads\/2023\/12\/07160657\/whatsapp_1385.webp\" alt=\"\" alt=\"whatsapp_1385\"><span > Acesse agora o Grupo de Estudos para Concurso de Promotorias <\/span><\/a>\n\n\n\n<p class=\"wp-block-paragraph\"><\/p>\n\n\n\n<p class=\"wp-block-paragraph\"><\/p>\n\n\n\n<p class=\"wp-block-paragraph\"><\/p>\n","protected":false},"excerpt":{"rendered":"Confira os concursos previstos de Carreiras Jur\u00eddicas para profissionais da \u00e1rea de Direito no Nordeste! Neste artigo voc\u00ea&hellip;\n","protected":false},"author":12,"featured_media":31960,"comment_status":"open","ping_status":"open","sticky":false,"template":"","format":"standard","meta":{"_acf_changed":false,"_jetpack_newsletter_access":"","_jetpack_dont_email_post_to_subs":false,"_jetpack_newsletter_tier_id":0,"_jetpack_memberships_contains_paywalled_content":false,"_jetpack_feature_clip_id":0,"_jetpack_memberships_contains_paid_content":false,"footnotes":"","jetpack_post_was_ever_published":false},"categories":[29,27,28,26,24,25],"tags":[],"tax_estado":[31,34,35,40,45,46,47,50,55],"class_list":["post-2888","post","type-post","status-publish","format-standard","has-post-thumbnail","category-cartorio","category-defensoria","category-delegado","category-magistratura","category-procuradoria","category-promotoria","tax_estado-al","tax_estado-ba","tax_estado-ce","tax_estado-ma","tax_estado-pb","tax_estado-pe","tax_estado-pi","tax_estado-rn","tax_estado-se"],"acf":[],"yoast_head":"<!-- This site is optimized with the Yoast SEO Premium plugin v28.3 (Yoast SEO v28.3) - https:\/\/yoast.com\/product\/yoast-seo-premium-wordpress\/ -->\n<title>Concursos Jur\u00eddicos Nordeste: oportunidades para 2026<\/title>\n<meta name=\"description\" content=\"Confira os concursos previstos de Carreiras Jur\u00eddicas para profissionais da \u00e1rea de Direito no Nordeste. Acesse para mais detalhes!\" \/>\n<meta name=\"robots\" content=\"index, follow, max-snippet:-1, max-image-preview:large, max-video-preview:-1\" \/>\n<link rel=\"canonical\" href=\"https:\/\/cj.estrategia.com\/portal\/concursos-juridicos-nordeste\/\" \/>\n<meta property=\"og:locale\" content=\"pt_BR\" \/>\n<meta property=\"og:type\" content=\"article\" \/>\n<meta property=\"og:title\" content=\"Concursos Jur\u00eddicos Nordeste: oportunidades para 2026\" \/>\n<meta property=\"og:description\" content=\"Confira os concursos previstos de Carreiras Jur\u00eddicas para profissionais da \u00e1rea de Direito no Nordeste. Acesse para mais detalhes!\" \/>\n<meta property=\"og:url\" content=\"https:\/\/cj.estrategia.com\/portal\/concursos-juridicos-nordeste\/\" \/>\n<meta property=\"og:site_name\" content=\"Blog - Carreiras Jur\u00eddicas - Estrat\u00e9gia\" \/>\n<meta property=\"article:publisher\" content=\"https:\/\/www.facebook.com\/estrategiacarreirajuridica\/\" \/>\n<meta property=\"article:published_time\" content=\"2026-09-03T13:19:00+00:00\" \/>\n<meta property=\"article:modified_time\" content=\"2026-09-03T17:49:49+00:00\" \/>\n<meta property=\"og:image\" content=\"https:\/\/cdn-blog-cj.estrategia.com\/portal\/wp-content\/uploads\/2023\/02\/23175948\/concursos-juridicos-na-regiao-do-nordeste.jpg\" \/>\n\t<meta property=\"og:image:width\" content=\"960\" \/>\n\t<meta property=\"og:image:height\" content=\"540\" \/>\n\t<meta property=\"og:image:type\" content=\"image\/jpeg\" \/>\n<meta name=\"author\" content=\"Coordena\u00e7\u00e3o\" \/>\n<meta name=\"twitter:card\" content=\"summary_large_image\" \/>\n<meta name=\"twitter:creator\" content=\"@EstratJuridica\" \/>\n<meta name=\"twitter:site\" content=\"@EstratJuridica\" \/>\n<meta name=\"twitter:label1\" content=\"Escrito por\" \/>\n\t<meta name=\"twitter:data1\" content=\"Coordena\u00e7\u00e3o\" \/>\n\t<meta name=\"twitter:label2\" content=\"Est. tempo de leitura\" \/>\n\t<meta name=\"twitter:data2\" content=\"11 minutos\" \/>\n<script type=\"application\/ld+json\" class=\"yoast-schema-graph\">{\"@context\":\"https:\\\/\\\/schema.org\",\"@graph\":[{\"@type\":\"NewsArticle\",\"@id\":\"https:\\\/\\\/cj.estrategia.com\\\/portal\\\/concursos-juridicos-nordeste\\\/#article\",\"isPartOf\":{\"@id\":\"https:\\\/\\\/cj.estrategia.com\\\/portal\\\/concursos-juridicos-nordeste\\\/\"},\"author\":{\"name\":\"Coordena\u00e7\u00e3o\",\"@id\":\"https:\\\/\\\/cj.estrategia.com\\\/portal\\\/#\\\/schema\\\/person\\\/4d70317d31449932b99102916b6637f5\"},\"headline\":\"Concursos Jur\u00eddicos Nordeste: oportunidades para 2026\",\"datePublished\":\"2026-09-03T13:19:00+00:00\",\"dateModified\":\"2026-09-03T17:49:49+00:00\",\"mainEntityOfPage\":{\"@id\":\"https:\\\/\\\/cj.estrategia.com\\\/portal\\\/concursos-juridicos-nordeste\\\/\"},\"wordCount\":1248,\"commentCount\":0,\"publisher\":{\"@id\":\"https:\\\/\\\/cj.estrategia.com\\\/portal\\\/#organization\"},\"image\":{\"@id\":\"https:\\\/\\\/cj.estrategia.com\\\/portal\\\/concursos-juridicos-nordeste\\\/#primaryimage\"},\"thumbnailUrl\":\"https:\\\/\\\/cdn-blog-cj.estrategia.com\\\/portal\\\/wp-content\\\/uploads\\\/2023\\\/02\\\/23175948\\\/concursos-juridicos-na-regiao-do-nordeste.jpg\",\"articleSection\":[\"Cart\u00f3rio\",\"Defensoria\",\"Delegado\",\"Magistratura\",\"Procuradoria\",\"Promotoria\"],\"inLanguage\":\"pt-BR\",\"potentialAction\":[{\"@type\":\"CommentAction\",\"name\":\"Comment\",\"target\":[\"https:\\\/\\\/cj.estrategia.com\\\/portal\\\/concursos-juridicos-nordeste\\\/#respond\"]}],\"accessibilityFeature\":[\"tableOfContents\"]},{\"@type\":\"WebPage\",\"@id\":\"https:\\\/\\\/cj.estrategia.com\\\/portal\\\/concursos-juridicos-nordeste\\\/\",\"url\":\"https:\\\/\\\/cj.estrategia.com\\\/portal\\\/concursos-juridicos-nordeste\\\/\",\"name\":\"Concursos Jur\u00eddicos Nordeste: oportunidades para 2026\",\"isPartOf\":{\"@id\":\"https:\\\/\\\/cj.estrategia.com\\\/portal\\\/#website\"},\"primaryImageOfPage\":{\"@id\":\"https:\\\/\\\/cj.estrategia.com\\\/portal\\\/concursos-juridicos-nordeste\\\/#primaryimage\"},\"image\":{\"@id\":\"https:\\\/\\\/cj.estrategia.com\\\/portal\\\/concursos-juridicos-nordeste\\\/#primaryimage\"},\"thumbnailUrl\":\"https:\\\/\\\/cdn-blog-cj.estrategia.com\\\/portal\\\/wp-content\\\/uploads\\\/2023\\\/02\\\/23175948\\\/concursos-juridicos-na-regiao-do-nordeste.jpg\",\"datePublished\":\"2026-09-03T13:19:00+00:00\",\"dateModified\":\"2026-09-03T17:49:49+00:00\",\"description\":\"Confira os concursos previstos de Carreiras Jur\u00eddicas para profissionais da \u00e1rea de Direito no Nordeste. Acesse para mais detalhes!\",\"breadcrumb\":{\"@id\":\"https:\\\/\\\/cj.estrategia.com\\\/portal\\\/concursos-juridicos-nordeste\\\/#breadcrumb\"},\"inLanguage\":\"pt-BR\",\"potentialAction\":[{\"@type\":\"ReadAction\",\"target\":[\"https:\\\/\\\/cj.estrategia.com\\\/portal\\\/concursos-juridicos-nordeste\\\/\"]}]},{\"@type\":\"ImageObject\",\"inLanguage\":\"pt-BR\",\"@id\":\"https:\\\/\\\/cj.estrategia.com\\\/portal\\\/concursos-juridicos-nordeste\\\/#primaryimage\",\"url\":\"https:\\\/\\\/cdn-blog-cj.estrategia.com\\\/portal\\\/wp-content\\\/uploads\\\/2023\\\/02\\\/23175948\\\/concursos-juridicos-na-regiao-do-nordeste.jpg\",\"contentUrl\":\"https:\\\/\\\/cdn-blog-cj.estrategia.com\\\/portal\\\/wp-content\\\/uploads\\\/2023\\\/02\\\/23175948\\\/concursos-juridicos-na-regiao-do-nordeste.jpg\",\"width\":960,\"height\":540,\"caption\":\"Concursos Jur\u00eddicos na Regi\u00e3o do Nordeste\"},{\"@type\":\"BreadcrumbList\",\"@id\":\"https:\\\/\\\/cj.estrategia.com\\\/portal\\\/concursos-juridicos-nordeste\\\/#breadcrumb\",\"itemListElement\":[{\"@type\":\"ListItem\",\"position\":1,\"name\":\"In\u00edcio\",\"item\":\"https:\\\/\\\/cj.estrategia.com\\\/portal\\\/\"},{\"@type\":\"ListItem\",\"position\":2,\"name\":\"Concursos Jur\u00eddicos Nordeste: oportunidades para 2026\"}]},{\"@type\":\"WebSite\",\"@id\":\"https:\\\/\\\/cj.estrategia.com\\\/portal\\\/#website\",\"url\":\"https:\\\/\\\/cj.estrategia.com\\\/portal\\\/\",\"name\":\"Blog - Carreiras Jur\u00eddicas - Estrat\u00e9gia\",\"description\":\"\",\"publisher\":{\"@id\":\"https:\\\/\\\/cj.estrategia.com\\\/portal\\\/#organization\"},\"potentialAction\":[{\"@type\":\"SearchAction\",\"target\":{\"@type\":\"EntryPoint\",\"urlTemplate\":\"https:\\\/\\\/cj.estrategia.com\\\/portal\\\/?s={search_term_string}\"},\"query-input\":{\"@type\":\"PropertyValueSpecification\",\"valueRequired\":true,\"valueName\":\"search_term_string\"}}],\"inLanguage\":\"pt-BR\"},{\"@type\":\"Organization\",\"@id\":\"https:\\\/\\\/cj.estrategia.com\\\/portal\\\/#organization\",\"name\":\"Estrat\u00e9gia - Carreiras Jur\u00eddicas\",\"url\":\"https:\\\/\\\/cj.estrategia.com\\\/portal\\\/\",\"logo\":{\"@type\":\"ImageObject\",\"inLanguage\":\"pt-BR\",\"@id\":\"https:\\\/\\\/cj.estrategia.com\\\/portal\\\/#\\\/schema\\\/logo\\\/image\\\/\",\"url\":\"https:\\\/\\\/cj.estrategia.com\\\/portal\\\/wp-content\\\/uploads\\\/2022\\\/03\\\/11151052\\\/cj-logo.png\",\"contentUrl\":\"https:\\\/\\\/cj.estrategia.com\\\/portal\\\/wp-content\\\/uploads\\\/2022\\\/03\\\/11151052\\\/cj-logo.png\",\"width\":150,\"height\":39,\"caption\":\"Estrat\u00e9gia - Carreiras Jur\u00eddicas\"},\"image\":{\"@id\":\"https:\\\/\\\/cj.estrategia.com\\\/portal\\\/#\\\/schema\\\/logo\\\/image\\\/\"},\"sameAs\":[\"https:\\\/\\\/www.facebook.com\\\/estrategiacarreirajuridica\\\/\",\"https:\\\/\\\/x.com\\\/EstratJuridica\",\"https:\\\/\\\/www.instagram.com\\\/estrategiacarreirajuridica\\\/\",\"https:\\\/\\\/www.youtube.com\\\/channel\\\/UClbMGuYbj2Mh1m3w144ETWQ\"]},{\"@type\":\"Person\",\"@id\":\"https:\\\/\\\/cj.estrategia.com\\\/portal\\\/#\\\/schema\\\/person\\\/4d70317d31449932b99102916b6637f5\",\"name\":\"Coordena\u00e7\u00e3o\",\"image\":{\"@type\":\"ImageObject\",\"inLanguage\":\"pt-BR\",\"@id\":\"https:\\\/\\\/cdn-blog-cj.estrategia.com\\\/portal\\\/wp-content\\\/uploads\\\/2022\\\/05\\\/12164923\\\/estrategia-carreira-juridica-coordenacao-96x96.png\",\"url\":\"https:\\\/\\\/cdn-blog-cj.estrategia.com\\\/portal\\\/wp-content\\\/uploads\\\/2022\\\/05\\\/12164923\\\/estrategia-carreira-juridica-coordenacao-96x96.png\",\"contentUrl\":\"https:\\\/\\\/cdn-blog-cj.estrategia.com\\\/portal\\\/wp-content\\\/uploads\\\/2022\\\/05\\\/12164923\\\/estrategia-carreira-juridica-coordenacao-96x96.png\",\"caption\":\"Coordena\u00e7\u00e3o\"},\"url\":\"https:\\\/\\\/cj.estrategia.com\\\/portal\\\/author\\\/coordenacao\\\/\"}]}<\/script>\n<!-- \/ Yoast SEO Premium plugin. -->","yoast_head_json":{"title":"Concursos Jur\u00eddicos Nordeste: oportunidades para 2026","description":"Confira os concursos previstos de Carreiras Jur\u00eddicas para profissionais da \u00e1rea de Direito no Nordeste. Acesse para mais detalhes!","robots":{"index":"index","follow":"follow","max-snippet":"max-snippet:-1","max-image-preview":"max-image-preview:large","max-video-preview":"max-video-preview:-1"},"canonical":"https:\/\/cj.estrategia.com\/portal\/concursos-juridicos-nordeste\/","og_locale":"pt_BR","og_type":"article","og_title":"Concursos Jur\u00eddicos Nordeste: oportunidades para 2026","og_description":"Confira os concursos previstos de Carreiras Jur\u00eddicas para profissionais da \u00e1rea de Direito no Nordeste. Acesse para mais detalhes!","og_url":"https:\/\/cj.estrategia.com\/portal\/concursos-juridicos-nordeste\/","og_site_name":"Blog - Carreiras Jur\u00eddicas - Estrat\u00e9gia","article_publisher":"https:\/\/www.facebook.com\/estrategiacarreirajuridica\/","article_published_time":"2026-09-03T13:19:00+00:00","article_modified_time":"2026-09-03T17:49:49+00:00","og_image":[{"width":960,"height":540,"url":"https:\/\/cdn-blog-cj.estrategia.com\/portal\/wp-content\/uploads\/2023\/02\/23175948\/concursos-juridicos-na-regiao-do-nordeste.jpg","type":"image\/jpeg"}],"author":"Coordena\u00e7\u00e3o","twitter_card":"summary_large_image","twitter_creator":"@EstratJuridica","twitter_site":"@EstratJuridica","twitter_misc":{"Escrito por":"Coordena\u00e7\u00e3o","Est. tempo de leitura":"11 minutos"},"schema":{"@context":"https:\/\/schema.org","@graph":[{"@type":"NewsArticle","@id":"https:\/\/cj.estrategia.com\/portal\/concursos-juridicos-nordeste\/#article","isPartOf":{"@id":"https:\/\/cj.estrategia.com\/portal\/concursos-juridicos-nordeste\/"},"author":{"name":"Coordena\u00e7\u00e3o","@id":"https:\/\/cj.estrategia.com\/portal\/#\/schema\/person\/4d70317d31449932b99102916b6637f5"},"headline":"Concursos Jur\u00eddicos Nordeste: oportunidades para 2026","datePublished":"2026-09-03T13:19:00+00:00","dateModified":"2026-09-03T17:49:49+00:00","mainEntityOfPage":{"@id":"https:\/\/cj.estrategia.com\/portal\/concursos-juridicos-nordeste\/"},"wordCount":1248,"commentCount":0,"publisher":{"@id":"https:\/\/cj.estrategia.com\/portal\/#organization"},"image":{"@id":"https:\/\/cj.estrategia.com\/portal\/concursos-juridicos-nordeste\/#primaryimage"},"thumbnailUrl":"https:\/\/cdn-blog-cj.estrategia.com\/portal\/wp-content\/uploads\/2023\/02\/23175948\/concursos-juridicos-na-regiao-do-nordeste.jpg","articleSection":["Cart\u00f3rio","Defensoria","Delegado","Magistratura","Procuradoria","Promotoria"],"inLanguage":"pt-BR","potentialAction":[{"@type":"CommentAction","name":"Comment","target":["https:\/\/cj.estrategia.com\/portal\/concursos-juridicos-nordeste\/#respond"]}],"accessibilityFeature":["tableOfContents"]},{"@type":"WebPage","@id":"https:\/\/cj.estrategia.com\/portal\/concursos-juridicos-nordeste\/","url":"https:\/\/cj.estrategia.com\/portal\/concursos-juridicos-nordeste\/","name":"Concursos Jur\u00eddicos Nordeste: oportunidades para 2026","isPartOf":{"@id":"https:\/\/cj.estrategia.com\/portal\/#website"},"primaryImageOfPage":{"@id":"https:\/\/cj.estrategia.com\/portal\/concursos-juridicos-nordeste\/#primaryimage"},"image":{"@id":"https:\/\/cj.estrategia.com\/portal\/concursos-juridicos-nordeste\/#primaryimage"},"thumbnailUrl":"https:\/\/cdn-blog-cj.estrategia.com\/portal\/wp-content\/uploads\/2023\/02\/23175948\/concursos-juridicos-na-regiao-do-nordeste.jpg","datePublished":"2026-09-03T13:19:00+00:00","dateModified":"2026-09-03T17:49:49+00:00","description":"Confira os concursos previstos de Carreiras Jur\u00eddicas para profissionais da \u00e1rea de Direito no Nordeste. Acesse para mais detalhes!","breadcrumb":{"@id":"https:\/\/cj.estrategia.com\/portal\/concursos-juridicos-nordeste\/#breadcrumb"},"inLanguage":"pt-BR","potentialAction":[{"@type":"ReadAction","target":["https:\/\/cj.estrategia.com\/portal\/concursos-juridicos-nordeste\/"]}]},{"@type":"ImageObject","inLanguage":"pt-BR","@id":"https:\/\/cj.estrategia.com\/portal\/concursos-juridicos-nordeste\/#primaryimage","url":"https:\/\/cdn-blog-cj.estrategia.com\/portal\/wp-content\/uploads\/2023\/02\/23175948\/concursos-juridicos-na-regiao-do-nordeste.jpg","contentUrl":"https:\/\/cdn-blog-cj.estrategia.com\/portal\/wp-content\/uploads\/2023\/02\/23175948\/concursos-juridicos-na-regiao-do-nordeste.jpg","width":960,"height":540,"caption":"Concursos Jur\u00eddicos na Regi\u00e3o do Nordeste"},{"@type":"BreadcrumbList","@id":"https:\/\/cj.estrategia.com\/portal\/concursos-juridicos-nordeste\/#breadcrumb","itemListElement":[{"@type":"ListItem","position":1,"name":"In\u00edcio","item":"https:\/\/cj.estrategia.com\/portal\/"},{"@type":"ListItem","position":2,"name":"Concursos Jur\u00eddicos Nordeste: oportunidades para 2026"}]},{"@type":"WebSite","@id":"https:\/\/cj.estrategia.com\/portal\/#website","url":"https:\/\/cj.estrategia.com\/portal\/","name":"Blog - Carreiras Jur\u00eddicas - Estrat\u00e9gia","description":"","publisher":{"@id":"https:\/\/cj.estrategia.com\/portal\/#organization"},"potentialAction":[{"@type":"SearchAction","target":{"@type":"EntryPoint","urlTemplate":"https:\/\/cj.estrategia.com\/portal\/?s={search_term_string}"},"query-input":{"@type":"PropertyValueSpecification","valueRequired":true,"valueName":"search_term_string"}}],"inLanguage":"pt-BR"},{"@type":"Organization","@id":"https:\/\/cj.estrategia.com\/portal\/#organization","name":"Estrat\u00e9gia - Carreiras Jur\u00eddicas","url":"https:\/\/cj.estrategia.com\/portal\/","logo":{"@type":"ImageObject","inLanguage":"pt-BR","@id":"https:\/\/cj.estrategia.com\/portal\/#\/schema\/logo\/image\/","url":"https:\/\/cj.estrategia.com\/portal\/wp-content\/uploads\/2022\/03\/11151052\/cj-logo.png","contentUrl":"https:\/\/cj.estrategia.com\/portal\/wp-content\/uploads\/2022\/03\/11151052\/cj-logo.png","width":150,"height":39,"caption":"Estrat\u00e9gia - Carreiras Jur\u00eddicas"},"image":{"@id":"https:\/\/cj.estrategia.com\/portal\/#\/schema\/logo\/image\/"},"sameAs":["https:\/\/www.facebook.com\/estrategiacarreirajuridica\/","https:\/\/x.com\/EstratJuridica","https:\/\/www.instagram.com\/estrategiacarreirajuridica\/","https:\/\/www.youtube.com\/channel\/UClbMGuYbj2Mh1m3w144ETWQ"]},{"@type":"Person","@id":"https:\/\/cj.estrategia.com\/portal\/#\/schema\/person\/4d70317d31449932b99102916b6637f5","name":"Coordena\u00e7\u00e3o","image":{"@type":"ImageObject","inLanguage":"pt-BR","@id":"https:\/\/cdn-blog-cj.estrategia.com\/portal\/wp-content\/uploads\/2022\/05\/12164923\/estrategia-carreira-juridica-coordenacao-96x96.png","url":"https:\/\/cdn-blog-cj.estrategia.com\/portal\/wp-content\/uploads\/2022\/05\/12164923\/estrategia-carreira-juridica-coordenacao-96x96.png","contentUrl":"https:\/\/cdn-blog-cj.estrategia.com\/portal\/wp-content\/uploads\/2022\/05\/12164923\/estrategia-carreira-juridica-coordenacao-96x96.png","caption":"Coordena\u00e7\u00e3o"},"url":"https:\/\/cj.estrategia.com\/portal\/author\/coordenacao\/"}]}},"jetpack_sharing_enabled":true,"jetpack_featured_media_url":"https:\/\/cdn-blog-cj.estrategia.com\/portal\/wp-content\/uploads\/2023\/02\/23175948\/concursos-juridicos-na-regiao-do-nordeste.jpg","_links":{"self":[{"href":"https:\/\/cj.estrategia.com\/portal\/wp-json\/wp\/v2\/posts\/2888","targetHints":{"allow":["GET"]}}],"collection":[{"href":"https:\/\/cj.estrategia.com\/portal\/wp-json\/wp\/v2\/posts"}],"about":[{"href":"https:\/\/cj.estrategia.com\/portal\/wp-json\/wp\/v2\/types\/post"}],"author":[{"embeddable":true,"href":"https:\/\/cj.estrategia.com\/portal\/wp-json\/wp\/v2\/users\/12"}],"replies":[{"embeddable":true,"href":"https:\/\/cj.estrategia.com\/portal\/wp-json\/wp\/v2\/comments?post=2888"}],"version-history":[{"count":17,"href":"https:\/\/cj.estrategia.com\/portal\/wp-json\/wp\/v2\/posts\/2888\/revisions"}],"predecessor-version":[{"id":197161,"href":"https:\/\/cj.estrategia.com\/portal\/wp-json\/wp\/v2\/posts\/2888\/revisions\/197161"}],"wp:featuredmedia":[{"embeddable":true,"href":"https:\/\/cj.estrategia.com\/portal\/wp-json\/wp\/v2\/media\/31960"}],"wp:attachment":[{"href":"https:\/\/cj.estrategia.com\/portal\/wp-json\/wp\/v2\/media?parent=2888"}],"wp:term":[{"taxonomy":"category","embeddable":true,"href":"https:\/\/cj.estrategia.com\/portal\/wp-json\/wp\/v2\/categories?post=2888"},{"taxonomy":"post_tag","embeddable":true,"href":"https:\/\/cj.estrategia.com\/portal\/wp-json\/wp\/v2\/tags?post=2888"},{"taxonomy":"tax_estado","embeddable":true,"href":"https:\/\/cj.estrategia.com\/portal\/wp-json\/wp\/v2\/tax_estado?post=2888"}],"curies":[{"name":"wp","href":"https:\/\/api.w.org\/{rel}","templated":true}]}}