{"id":2888,"date":"2026-04-24T21:09:47","date_gmt":"2026-04-25T00:09:47","guid":{"rendered":"https:\/\/cj.estrategia.com\/portal\/?p=2888"},"modified":"2026-04-24T21:10:07","modified_gmt":"2026-04-25T00:10:07","slug":"concursos-juridicos-nordeste","status":"publish","type":"post","link":"https:\/\/cj.estrategia.com\/portal\/concursos-juridicos-nordeste\/","title":{"rendered":"Concursos Jur\u00eddicos Nordeste: oportunidades para 2026"},"content":{"rendered":"\n<p><strong>Neste artigo voc\u00ea encontrar\u00e1 diversas oportunidades para as carreiras jur\u00eddicas.<\/strong> Os nove estados que comp\u00f5em a regi\u00e3o nordeste\u00a0prometem para <strong>2026<\/strong> muitas novas vagas em <strong>concursos p\u00fablicos<\/strong>.<\/p>\n\n\n\n<p>A <strong>regi\u00e3o nordeste conta com \u00f3timos concursos<\/strong> que podem fazer voc\u00ea mudar de vida. Atualmente, os profissionais buscam estabilidade profissional e no mundo dos concursos, essa op\u00e7\u00e3o \u00e9 vi\u00e1vel. <\/p>\n\n\n\n<p>Por isso, no artigo<strong> Concursos Jur\u00eddicos Nordeste<\/strong>, reunimos as principais sele\u00e7\u00f5es que est\u00e3o em est\u00e1gio avan\u00e7ado de organiza\u00e7\u00e3o, detalhando a situa\u00e7\u00e3o de cada estado.<\/p>\n\n\n\n<div class=\"wp-block-yoast-seo-table-of-contents yoast-table-of-contents\"><h2 id=\"navegue-pelo-estado\">Navegue pelo estado:<\/h2><ul><li><a href=\"#concursos-nordeste-alagoas\" data-level=\"2\">Concursos Nordeste: Alagoas<\/a><\/li><li><a href=\"#concursos-juridicos-nordeste-bahia\" data-level=\"2\">Concursos Jur\u00eddicos Nordeste: Bahia<\/a><\/li><li><a href=\"#concursos-juridicos-nordeste-ceara\" data-level=\"2\">Concursos Jur\u00eddicos Nordeste: Cear\u00e1<\/a><\/li><li><a href=\"#concursos-juridicos-nordeste-maranhao\" data-level=\"2\">Concursos Jur\u00eddicos Nordeste: Maranh\u00e3o<\/a><\/li><li><a href=\"#concursos-nordeste-paraiba\" data-level=\"2\">Concursos Nordeste: Para\u00edba<\/a><\/li><li><a href=\"#concursos-juridicos-nordeste-pernambuco\" data-level=\"2\">Concursos Jur\u00eddicos Nordeste: Pernambuco<\/a><\/li><li><a href=\"#concursos-juridicos-nordeste-piaui\" data-level=\"2\">Concursos Jur\u00eddicos Nordeste: Piau\u00ed<\/a><\/li><li><a href=\"#concursos-juridicos-nordeste-rio-grande-do-norte\" data-level=\"2\">Concursos Jur\u00eddicos Nordeste: Rio Grande do Norte<\/a><\/li><li><a href=\"#concursos-nordeste-sergipe\" data-level=\"2\">Concursos Nordeste: Sergipe<\/a><\/li><li><a href=\"#h-concursos-nordeste-magistratura-federal\" data-level=\"2\">Concursos Nordeste: Magistratura Federal<\/a><\/li><\/ul><\/div>\n\n\n\n<p><\/p>\n\n\n\n<p class=\"has-text-align-center\"><strong>Confira abaixo as oportunidades e comece a se preparar desde j\u00e1!<\/strong><\/p>\n\n\n\n<h2 class=\"wp-block-heading has-black-color has-luminous-vivid-amber-to-luminous-vivid-orange-gradient-background has-text-color has-background has-link-color wp-elements-4f92cf23fc58cf1e88c3e894097cd493\" id=\"concursos-nordeste-alagoas\"><a href=\"https:\/\/cj.estrategia.com\/portal\/concursos-juridicos-alagoas\/\" target=\"_blank\" >Concursos Nordeste: Alagoas<\/a><\/h2>\n\n\n\n<h3 class=\"wp-block-heading\" id=\"h-concurso-pgm-maceio-al\"><span id=\"concurso-pgm-maceio-al\"><a href=\"https:\/\/cj.estrategia.com\/portal\/concurso-pgm-maceio-al\/\" target=\"_blank\" >Concurso PGM Macei\u00f3 AL<\/a><\/span><\/h3>\n\n\n\n<ul class=\"wp-block-list\">\n<li><strong>Status:<\/strong> previsto<\/li>\n\n\n\n<li><strong>Forma\u00e7\u00e3o<\/strong>: n\u00edvel superior em direito + OAB<\/li>\n\n\n\n<li><strong>Banca:<\/strong> a definir<\/li>\n\n\n\n<li><strong>Vagas<\/strong>: a definir<\/li>\n\n\n\n<li><strong>Sal\u00e1rio inicial:<\/strong> a definir<\/li>\n\n\n\n<li><a href=\"https:\/\/www.estrategiaconcursos.com.br\/assinaturas-ecj\/\" target=\"_blank\" >Curso PGM Macei\u00f3 AL<\/a><\/li>\n<\/ul>\n\n\n\n<h3 class=\"wp-block-heading\" id=\"h-concurso-magistratura-al\"><span id=\"concurso-magistratura-al\"><a href=\"https:\/\/cj.estrategia.com\/portal\/concurso-magistratura-al\/\">Concurso Magistratura AL<\/a><\/span><\/h3>\n\n\n\n<ul class=\"wp-block-list\">\n<li><strong>Status<\/strong>: previsto<\/li>\n\n\n\n<li><strong>Forma\u00e7\u00e3o<\/strong>: Bacharelado em Direito + 3 anos de atividade jur\u00eddica.<\/li>\n\n\n\n<li><strong>Banca<\/strong>: a definir<\/li>\n\n\n\n<li><strong>Sal\u00e1rio inicial<\/strong>: R$ 35.877,28<\/li>\n\n\n\n<li><strong>Vagas<\/strong>: a definir<\/li>\n\n\n\n<li><a href=\"https:\/\/cj.estrategia.com\/curso\/tj-al-juiz-substituto-pacote-teorico\/\">Curso TJ AL<\/a><\/li>\n<\/ul>\n\n\n\n<h3 class=\"wp-block-heading\" id=\"h-concurso-mp-al-promotor\"><span id=\"concurso-mp-al-promotor\"><a href=\"https:\/\/cj.estrategia.com\/portal\/concurso-mp-al-promotor\/\">Concurso MP AL Promotor<\/a><\/span><\/h3>\n\n\n\n<ul class=\"wp-block-list\">\n<li><strong>Status:<\/strong>\u00a0previsto para 2026<\/li>\n\n\n\n<li><strong>Banca:\u00a0<\/strong>a definir<\/li>\n\n\n\n<li><strong>Forma\u00e7\u00e3o:<\/strong>\u00a0bacharel em Direito e contar com pelo menos\u00a0tr\u00eas anos de atividade jur\u00eddica<\/li>\n\n\n\n<li><strong>Vagas:\u00a0<\/strong>a definir<\/li>\n\n\n\n<li><strong>Sal\u00e1rio inicial:<\/strong>\u00a0R$ 35.877,25<\/li>\n\n\n\n<li><a href=\"https:\/\/cj.estrategia.com\/curso\/mp-al-promotor-de-justica-pacote-teorico\/\">Curso MP AL Promotor<\/a><\/li>\n<\/ul>\n\n\n\n<h3 class=\"wp-block-heading\" id=\"h-concurso-cartorio-al\"><span id=\"concurso-cartorio-al\"><a href=\"https:\/\/cj.estrategia.com\/portal\/concurso-cartorio-al\/\" target=\"_blank\" >Concurso Cart\u00f3rio AL<\/a><\/span><\/h3>\n\n\n\n<ul class=\"wp-block-list\">\n<li><strong>Status:<\/strong> comiss\u00e3o formada<\/li>\n\n\n\n<li><strong>Forma\u00e7\u00e3o:<\/strong> Bacharel em Direito ou 10 anos de experi\u00eancia<\/li>\n\n\n\n<li><strong>Banca:<\/strong> a definir<\/li>\n\n\n\n<li><strong>Sal\u00e1rio inicial:<\/strong>\u00a0emolumentos cobrados em raz\u00e3o do of\u00edcio (renda m\u00ednima de R$ 1.200,00)<\/li>\n\n\n\n<li><a href=\"https:\/\/cj.estrategia.com\/curso\/cartorios-do-tj-al-pacote-teorico-pre-edital\/?utm_source=blog&utm_medium=banner&utm_campaign=cartorio_ecjal\" target=\"_blank\" >Curso TJ AL Cart\u00f3rio<\/a><\/li>\n<\/ul>\n\n\n\n<h3 class=\"wp-block-heading\" id=\"concurso-dpe-al-defensor\"><a href=\"https:\/\/cj.estrategia.com\/portal\/concurso-dpe-al-defensor\/\" target=\"_blank\" >Concurso DPE AL Defensor<\/a><\/h3>\n\n\n\n<ul class=\"wp-block-list\">\n<li><strong>Status<\/strong>: Previsto<\/li>\n\n\n\n<li><strong>Forma\u00e7\u00e3o:\u00a0<\/strong>Bacharelado em Direito\u00a0<strong>+<\/strong>\u00a0tr\u00eas anos de atividade jur\u00eddica<\/li>\n\n\n\n<li><strong>Banca:\u00a0<\/strong>a definir<\/li>\n\n\n\n<li><strong>Vagas:\u00a0<\/strong>a definir<\/li>\n\n\n\n<li><strong><strong><strong>Sal\u00e1rio inicial<\/strong><\/strong>:\u00a0<\/strong>R$ 35.877,25<\/li>\n\n\n\n<li><a href=\"https:\/\/cj.estrategia.com\/curso\/dpe-al-defensor-publico-pacote-teorico\/\" target=\"_blank\" >Curso DPE AL<\/a><\/li>\n<\/ul>\n\n\n\n<h3 class=\"wp-block-heading\" id=\"h-concurso-pge-al-procurador\"><span id=\"concurso-pge-al-procurador\"><a href=\"https:\/\/cj.estrategia.com\/portal\/concurso-pge-al-procurador\/\" target=\"_blank\" >Concurso PGE AL Procurador<\/a><\/span><\/h3>\n\n\n\n<ul class=\"wp-block-list\">\n<li><strong>Status:<\/strong>\u00a0comiss\u00e3o formada\/ autorizado \/ previsto para dezembro de 2025<\/li>\n\n\n\n<li><strong>Forma\u00e7\u00e3o:\u00a0<\/strong>Bacharelado em Direito\u00a0<\/li>\n\n\n\n<li><strong>Banca:\u00a0<\/strong>a definir<\/li>\n\n\n\n<li><strong>Vagas:\u00a0<\/strong>10 + 10 CR<\/li>\n\n\n\n<li><strong>Sal\u00e1rio inicial:\u00a0<\/strong>R$ 30.404,42<\/li>\n\n\n\n<li><a href=\"https:\/\/cj.estrategia.com\/curso\/pge-al-procurador-do-estado-pacote-teorico\/\" target=\"_blank\" >Curso PGE AL<\/a><\/li>\n<\/ul>\n\n\n\n<h2 class=\"wp-block-heading has-black-color has-luminous-vivid-amber-to-luminous-vivid-orange-gradient-background has-text-color has-background has-link-color wp-elements-88bc13313ec3e63884bb0592f3541d30\" id=\"concursos-juridicos-nordeste-bahia\"><a href=\"https:\/\/cj.estrategia.com\/portal\/concursos-juridicos-bahia\/\" target=\"_blank\" >Concursos Jur\u00eddicos Nordeste: Bahia<\/a><\/h2>\n\n\n\n<h3 class=\"wp-block-heading\" id=\"h-concurso-pge-ba\"><span id=\"concurso-pge-ba\"><a href=\"https:\/\/cj.estrategia.com\/portal\/concurso-pge-ba-procurador\/\" target=\"_blank\" >Concurso PGE BA<\/a><\/span><\/h3>\n\n\n\n<ul class=\"wp-block-list\">\n<li><strong>Status:<\/strong>\u00a0edital previsto para julho<\/li>\n\n\n\n<li><strong>Forma\u00e7\u00e3o:\u00a0<\/strong>Bacharelado em Direito\u00a0<\/li>\n\n\n\n<li><strong>Banca:\u00a0<\/strong>a definir<\/li>\n\n\n\n<li><strong>Vagas:\u00a0<\/strong>20<\/li>\n\n\n\n<li><strong>Sal\u00e1rio inicial:\u00a0<\/strong>Ap\u00f3s as gratifica\u00e7\u00f5es o sal\u00e1rio pode passar os R$ 22.783,11<\/li>\n\n\n\n<li><a href=\"https:\/\/cj.estrategia.com\/curso\/pge-ba-procurador-do-estado-pacote-teorico\/\" target=\"_blank\" >Curso PGE BA<\/a><\/li>\n<\/ul>\n\n\n\n<h3 class=\"wp-block-heading\" id=\"h-concurso-delegado-ba\"><span id=\"concurso-delegado-ba\"><a href=\"https:\/\/cj.estrategia.com\/portal\/concurso-delegado-ba\/\" target=\"_blank\" >Concurso Delegado BA<\/a><\/span><\/h3>\n\n\n\n<ul class=\"wp-block-list\">\n<li><strong>Status:<\/strong>\u00a0banca definida\/edital previsto para maio<\/li>\n\n\n\n<li><strong>Forma\u00e7\u00e3o:\u00a0<\/strong>Bacharelado em Direito + 3 anos de atividade jur\u00eddica ou policial.<\/li>\n\n\n\n<li><strong>Banca:<\/strong>\u00a0a definir<\/li>\n\n\n\n<li><strong>Vagas:<\/strong>\u00a0100<\/li>\n\n\n\n<li><strong>Sal\u00e1rio inicial:<\/strong> R$ 6.042,79 + gratifica\u00e7\u00e3o<\/li>\n\n\n\n<li><a href=\"https:\/\/cj.estrategia.com\/curso\/pc-ba-delegado-pacote-teorico\/\" target=\"_blank\" >Curso Delegado BA<\/a><\/li>\n<\/ul>\n\n\n\n<h3 class=\"wp-block-heading\" id=\"h-residencia-juridica-tj-ba\"><span id=\"residencia-juridica-tj-ba\"><a href=\"https:\/\/cj.estrategia.com\/portal\/residencia-juridica-tj-ba\/\" target=\"_blank\" >Resid\u00eancia Jur\u00eddica TJ BA<\/a><\/span><\/h3>\n\n\n\n<ul class=\"wp-block-list\">\n<li><strong>Status:\u00a0<\/strong>Previsto 2025<\/li>\n\n\n\n<li><strong>Forma\u00e7\u00e3o:\u00a0<\/strong>Bacharelado em Direito\u00a0<\/li>\n\n\n\n<li><strong>Banca:<\/strong>\u00a0A definir<\/li>\n\n\n\n<li><strong>Vagas:\u00a0<\/strong>a definir<\/li>\n\n\n\n<li><strong>Sal\u00e1rio inicial:\u00a0<\/strong>a definir<\/li>\n\n\n\n<li><a href=\"https:\/\/www.estrategiaconcursos.com.br\/assinaturas-ecj\/\" target=\"_blank\" >Curso Resid\u00eancia TJ BA<\/a><\/li>\n<\/ul>\n\n\n\n<h2 class=\"wp-block-heading has-black-color has-luminous-vivid-amber-to-luminous-vivid-orange-gradient-background has-text-color has-background has-link-color wp-elements-e2f668e91838c8656f346c1dd4b02b30\" id=\"concursos-juridicos-nordeste-ceara\"><a href=\"https:\/\/cj.estrategia.com\/portal\/concursos-juridicos-ceara\/\" target=\"_blank\" >Concursos Jur\u00eddicos Nordeste: Cear\u00e1<\/a><\/h2>\n\n\n\n<h3 class=\"wp-block-heading\" id=\"h-concurso-mp-ce-promotor\"><span id=\"concurso-mp-ce-promotor\"><a href=\"https:\/\/cj.estrategia.com\/portal\/concurso-mp-ce-promotor\/\" target=\"_blank\" >Concurso MP CE Promotor<\/a><\/span><\/h3>\n\n\n\n<ul class=\"wp-block-list\">\n<li><strong>Status:<\/strong>\u00a0previsto<\/li>\n\n\n\n<li><strong>Forma\u00e7\u00e3o:\u00a0<\/strong>Bacharelado em Direito\u00a0+ 3 anos de atividade jur\u00eddica.<\/li>\n\n\n\n<li><strong>Banca:<\/strong>\u00a0a definir<\/li>\n\n\n\n<li><strong>Vagas:<\/strong>\u00a0a definir<\/li>\n\n\n\n<li><strong>Sal\u00e1rio inicial:\u00a0<\/strong>R$ 35.877,27<\/li>\n\n\n\n<li><a href=\"https:\/\/cj.estrategia.com\/curso\/mp-ce-promotor-de-justica-pacote-teorico\/\" target=\"_blank\" >Curso MP CE<\/a><\/li>\n<\/ul>\n\n\n\n<h3 class=\"wp-block-heading\" id=\"h-concurso-pgm-fortaleza\"><span id=\"concurso-pgm-fortaleza\"><a href=\"https:\/\/cj.estrategia.com\/portal\/concurso-pgm-fortaleza-ce\/\">Concurso PGM Fortaleza<\/a><\/span><\/h3>\n\n\n\n<ul class=\"wp-block-list\">\n<li><strong>Status:<\/strong>\u00a0comiss\u00e3o formada<\/li>\n\n\n\n<li><strong>Forma\u00e7\u00e3o:<\/strong>\u00a0Bacharelado em Direito\u00a0+ OAB<\/li>\n\n\n\n<li><strong>Banca:\u00a0<\/strong>a definir<\/li>\n\n\n\n<li><strong>Vagas:\u00a0<\/strong>5 [criadas]<\/li>\n\n\n\n<li><strong>Sal\u00e1rio inicial:\u00a0<\/strong>a definir<\/li>\n\n\n\n<li><a href=\"https:\/\/www.estrategiaconcursos.com.br\/assinaturas-ecj\/\" target=\"_blank\" >Curso PGM Fortaleza<\/a><\/li>\n<\/ul>\n\n\n\n<h3 class=\"wp-block-heading\" id=\"h-concurso-pgm-camocim-ce\"><span id=\"concurso-pgm-camocim-ce\"><a href=\"https:\/\/cj.estrategia.com\/portal\/concurso-pgm-camocim-ce\/\" target=\"_blank\" >Concurso PGM Camocim CE<\/a><\/span><\/h3>\n\n\n\n<ul class=\"wp-block-list\">\n<li><strong>Status:<\/strong>\u00a0edital recomendado pelo MPCE<\/li>\n\n\n\n<li><strong>Forma\u00e7\u00e3o:<\/strong>\u00a0ensino superior em direito + OAB<\/li>\n\n\n\n<li><strong>Banca:<\/strong>\u00a0a definir<\/li>\n\n\n\n<li><strong>Vagas:<\/strong>\u00a0a definir<\/li>\n\n\n\n<li><strong>Sal\u00e1rio:<\/strong>\u00a0a definir<\/li>\n\n\n\n<li><a href=\"https:\/\/cj.estrategia.com\/curso\" target=\"_blank\" >Curso PGM Camocim CE<\/a><\/li>\n<\/ul>\n\n\n\n<h2 class=\"wp-block-heading has-black-color has-luminous-vivid-amber-to-luminous-vivid-orange-gradient-background has-text-color has-background has-link-color wp-elements-9095d8c1c6f4274920033b0044cc38b2\" id=\"concursos-juridicos-nordeste-maranhao\"><a href=\"https:\/\/cj.estrategia.com\/portal\/concursos-juridicos-maranhao\/\" target=\"_blank\" >Concursos Jur\u00eddicos Nordeste: Maranh\u00e3o<\/a><\/h2>\n\n\n\n<h3 class=\"wp-block-heading\" id=\"h-concurso-delegado-ma\"><span id=\"concurso-delegado-ma\"><a href=\"https:\/\/cj.estrategia.com\/portal\/concurso-delegado-ma\/\" target=\"_blank\" >Concurso Delegado MA<\/a><\/span><\/h3>\n\n\n\n<ul class=\"wp-block-list\">\n<li><strong>Status:<\/strong>\u00a0banca em fase de contrata\u00e7\u00e3o<\/li>\n<\/ul>\n\n\n\n<ul class=\"wp-block-list\">\n<li><strong>Forma\u00e7\u00e3o:<\/strong>\u00a0Superior em Direito + Carteira Nacional de Habilita\u00e7\u00e3o, categoria B\u00a0+ 3 (tr\u00eas) anos de atividade jur\u00eddica ou policial.<\/li>\n<\/ul>\n\n\n\n<ul class=\"wp-block-list\">\n<li><strong>Banca<\/strong>:\u00a0a definir<\/li>\n<\/ul>\n\n\n\n<ul class=\"wp-block-list\">\n<li><strong>Vagas<\/strong>: a definir<\/li>\n<\/ul>\n\n\n\n<ul class=\"wp-block-list\">\n<li><strong>Sal\u00e1rio inicial<\/strong>: R$ 22.048,53<\/li>\n\n\n\n<li><a href=\"https:\/\/cj.estrategia.com\/curso\/pc-ma-delegado-pacote-teorico\/\" target=\"_blank\" >Curso Delegado MA<\/a><\/li>\n<\/ul>\n\n\n\n<h3 class=\"wp-block-heading\" id=\"h-concurso-pge-ma-procurador\"><span id=\"concurso-pge-ma-procurador\"><a href=\"https:\/\/cj.estrategia.com\/portal\/concurso-pge-ma-procurador\/\" target=\"_blank\" >Concurso PGE MA Procurador<\/a><\/span><\/h3>\n\n\n\n<ul class=\"wp-block-list\">\n<li><strong>Status:<\/strong>\u00a0regulamento publicado<\/li>\n\n\n\n<li><strong>Forma\u00e7\u00e3o:\u00a0<\/strong>Bacharelado em Direito\u00a0<\/li>\n\n\n\n<li><strong>Banca:\u00a0<\/strong>a definir<\/li>\n\n\n\n<li><strong>Vagas:\u00a0<\/strong>10 + CR<\/li>\n\n\n\n<li><strong>Sal\u00e1rio inicial:\u00a0<\/strong>\u00a0a definir<\/li>\n\n\n\n<li><a href=\"https:\/\/cj.estrategia.com\/curso\/pge-ma-procurador-do-estado-pacote-teorico\/\" target=\"_blank\" >Curso PGE MA<\/a><\/li>\n<\/ul>\n\n\n\n<h3 class=\"wp-block-heading\" id=\"h-concurso-procurador-mpc-ma\"><span id=\"concurso-procurador-mpc-ma\"><a href=\"https:\/\/cj.estrategia.com\/portal\/concurso-procurador-mpc-ma\/\" target=\"_blank\" >Concurso Procurador MPC MA<\/a><\/span><\/h3>\n\n\n\n<ul class=\"wp-block-list\">\n<li><strong>Status:\u00a0<\/strong>autorizado\/comiss\u00e3o formada<\/li>\n\n\n\n<li><strong>Forma\u00e7\u00e3o:\u00a0<\/strong>bacharelado em direito<\/li>\n\n\n\n<li><strong>Banca:\u00a0<\/strong>a definir<\/li>\n\n\n\n<li><strong>Vagas:\u00a0<\/strong>a definir<\/li>\n\n\n\n<li><strong>Sal\u00e1rio inicial:\u00a0<\/strong>a definir<\/li>\n\n\n\n<li><a href=\"https:\/\/cj.estrategia.com\/curso\/mpc-ma-procurador-pacote-teorico\/\" target=\"_blank\" >Curso Procurador MPC MA<\/a><\/li>\n<\/ul>\n\n\n\n<h2 class=\"wp-block-heading has-black-color has-luminous-vivid-amber-to-luminous-vivid-orange-gradient-background has-text-color has-background has-link-color wp-elements-eefd6bb268312341d423f098649bf082\" id=\"concursos-nordeste-paraiba\"><a href=\"https:\/\/cj.estrategia.com\/portal\/concursos-juridicos-paraiba\/\" target=\"_blank\" >Concursos Nordeste: Para\u00edba<\/a><\/h2>\n\n\n\n<h3 class=\"wp-block-heading\" id=\"h-concurso-cartorio-pb\"><span id=\"concurso-cartorio-pb\"><a href=\"https:\/\/cj.estrategia.com\/portal\/concurso-cartorio-pb\/\" target=\"_blank\" >Concurso Cart\u00f3rio PB<\/a><\/span><\/h3>\n\n\n\n<ul class=\"wp-block-list\">\n<li><strong>Status:<\/strong>\u00a0comiss\u00e3o formada<\/li>\n\n\n\n<li><strong>Forma\u00e7\u00e3o:\u00a0<\/strong>Bacharelado em Direito ou 10 anos de atividade notarial ou de registro<\/li>\n\n\n\n<li><strong>Banca:\u00a0<\/strong><a href=\"https:\/\/www.consulplan.net\/concurso\/index\/1758\" target=\"_blank\" >Consulplan<\/a><\/li>\n\n\n\n<li><strong>Vagas:<\/strong>\u00a060<\/li>\n\n\n\n<li><strong>Sal\u00e1rio inicial:\u00a0<\/strong>os not\u00e1rios e os registradores t\u00eam direito, a t\u00edtulo de remunera\u00e7\u00e3o, aos emolumentos fixados na Lei de Custas e Emolumentos do Estado da Para\u00edba e nas leis espec\u00edficas em vigor, a serem pagos pelo interessado no ato do requerimento ou no da apresenta\u00e7\u00e3o do t\u00edtulo.<\/li>\n\n\n\n<li><a href=\"https:\/\/cj.estrategia.com\/cursos\/\" target=\"_blank\" >Curso Cart\u00f3rio PB<\/a><\/li>\n<\/ul>\n\n\n\n<h3 class=\"wp-block-heading\" id=\"h-concurso-pgm-campina-grande-pb\"><span id=\"concurso-pgm-campina-grande-pb\"><a href=\"https:\/\/cj.estrategia.com\/portal\/concurso-pgm-campina-grande-pb\/\" target=\"_blank\" >Concurso PGM Campina Grande PB<\/a><\/span><\/h3>\n\n\n\n<ul class=\"wp-block-list\">\n<li><strong>Status:\u00a0<\/strong>anunciado<\/li>\n\n\n\n<li><strong>Forma\u00e7\u00e3o:\u00a0<\/strong>Bacharelado em Direito\u00a0<strong>+<\/strong>\u00a0OAB<\/li>\n\n\n\n<li><strong>Banca:<\/strong>\u00a0a definir<\/li>\n\n\n\n<li><strong>Vagas:\u00a0<\/strong>a definir<\/li>\n\n\n\n<li><strong>Sal\u00e1rio inicial:<\/strong>\u00a0a definir<\/li>\n\n\n\n<li><a href=\"https:\/\/www.estrategiaconcursos.com.br\/assinaturas-ecj\/\" target=\"_blank\" >Curso PGM Campina Grande<\/a><\/li>\n<\/ul>\n\n\n\n<h3 class=\"wp-block-heading\" id=\"h-concurso-procurador-camara-de-joao-pessoa\"><span id=\"concurso-procurador-camara-de-joao-pessoa\"><a href=\"https:\/\/cj.estrategia.com\/portal\/concurso-procurador-camara-de-joao-pessoa\/\" target=\"_blank\" >Concurso Procurador C\u00e2mara de Jo\u00e3o Pessoa<\/a><\/span><\/h3>\n\n\n\n<ul class=\"wp-block-list\">\n<li><strong>Status<\/strong>: previsto<\/li>\n\n\n\n<li><strong>Forma\u00e7\u00e3o:\u00a0<\/strong>N\u00edvel Superior em Direito + OAB<\/li>\n\n\n\n<li><strong>Banca:\u00a0<\/strong>a definir<\/li>\n\n\n\n<li><strong>Vagas:<\/strong>\u00a0a definir<\/li>\n\n\n\n<li><strong>Sal\u00e1rio inicial:<\/strong>\u00a0a definir<\/li>\n\n\n\n<li><a href=\"https:\/\/www.estrategiaconcursos.com.br\/assinaturas-ecj\/\" target=\"_blank\" >Curso Procurador C\u00e2mara de Jo\u00e3o Pessoa<\/a><\/li>\n<\/ul>\n\n\n\n<h3 class=\"wp-block-heading\" id=\"h-concurso-mp-pb-promotor\"><span id=\"concurso-mp-pb-promotor\"><a href=\"https:\/\/cj.estrategia.com\/portal\/concurso-mp-pb-promotor\/\">Concurso MP PB Promotor<\/a><\/span><\/h3>\n\n\n\n<ul class=\"wp-block-list\">\n<li><strong>Status:<\/strong>\u00a0previsto para 2026<\/li>\n\n\n\n<li><strong>Banca:\u00a0<\/strong>a definir<\/li>\n\n\n\n<li><strong>Forma\u00e7\u00e3o:<\/strong>\u00a0bacharel em Direito e contar com pelo menos\u00a0tr\u00eas anos de atividade jur\u00eddica<\/li>\n\n\n\n<li><strong>Vagas:\u00a0<\/strong>a definir<\/li>\n\n\n\n<li><strong>Sal\u00e1rio inicial:<\/strong>\u00a0R$ 35.877,26<\/li>\n\n\n\n<li><a href=\"https:\/\/cj.estrategia.com\/curso\/mp-pb-promotor-de-justica-pacote-teorico\/\">Curso MP PB Promotor<\/a><\/li>\n<\/ul>\n\n\n\n<h3 class=\"wp-block-heading\" id=\"h-concurso-dpe-pb-defensor\"><span id=\"concurso-dpe-pb-defensor\"><a href=\"https:\/\/cj.estrategia.com\/portal\/concurso-dpe-pb-defensor\/\">Concurso DPE PB Defensor<\/a><\/span><\/h3>\n\n\n\n<ul class=\"wp-block-list\">\n<li><strong>Status:<\/strong>\u00a0Previsto na LDO<\/li>\n\n\n\n<li><strong>Forma\u00e7\u00e3o:<\/strong>\u00a0Bacharelado em Direito\u00a0+ OAB + Ter no m\u00ednimo 2 anos de atividade jur\u00eddica comprovada<\/li>\n\n\n\n<li><strong>Banca:\u00a0<\/strong>a definir<\/li>\n\n\n\n<li><strong>Vagas:\u00a0<\/strong>a definir<\/li>\n\n\n\n<li><strong>Sal\u00e1rio inicial:<\/strong>\u00a0R$ 20.488,79<\/li>\n\n\n\n<li><a href=\"https:\/\/cj.estrategia.com\/curso\/dpe-pb-defensor-publico-pacote-teorico\/\" target=\"_blank\" >Curso DPE PB Defensor<\/a><\/li>\n<\/ul>\n\n\n\n<h3 class=\"wp-block-heading\" id=\"h-concurso-magistratura-pb\"><span id=\"concurso-magistratura-pb\"><a href=\"https:\/\/cj.estrategia.com\/portal\/concurso-magistratura-pb\/\">Concurso Magistratura PB<\/a><\/span><\/h3>\n\n\n\n<ul class=\"wp-block-list\">\n<li><strong>Status:<\/strong>\u00a0Previsto LDO 2026<\/li>\n\n\n\n<li><strong>Forma\u00e7\u00e3o:<\/strong>\u00a0bacharel em Direito + 3 anos de atividade jur\u00eddica<\/li>\n\n\n\n<li><strong>Banca:<\/strong>\u00a0a definir<\/li>\n\n\n\n<li><strong>Vagas:\u00a0<\/strong>A definir<\/li>\n\n\n\n<li><strong>Sal\u00e1rio inicial:<\/strong>\u00a0\u00a0R$ 35.877,27\u00a0<\/li>\n\n\n\n<li><a href=\"https:\/\/cj.estrategia.com\/curso\/tj-pb-juiz-substituto-pacote-teorico\/\">Curso TJ PB<\/a><\/li>\n<\/ul>\n\n\n\n<h2 class=\"wp-block-heading has-black-color has-luminous-vivid-amber-to-luminous-vivid-orange-gradient-background has-text-color has-background has-link-color wp-elements-1bc00bd836ac4738ef8a8371b94ef839\" id=\"concursos-juridicos-nordeste-pernambuco\"><a href=\"https:\/\/cj.estrategia.com\/portal\/concursos-juridicos-pernambuco\/\" target=\"_blank\" >Concursos Jur\u00eddicos Nordeste: Pernambuco<\/a><\/h2>\n\n\n\n<h3 class=\"wp-block-heading\" id=\"h-concurso-procurador-camara-de-petrolina-pe\"><span id=\"concurso-procurador-camara-de-petrolina-pe\"><a href=\"https:\/\/cj.estrategia.com\/portal\/concurso-procurador-camara-de-petrolina-pe\/\" target=\"_blank\" >Concurso Procurador C\u00e2mara de Petrolina PE<\/a><\/span><\/h3>\n\n\n\n<ul class=\"wp-block-list\">\n<li><strong>Status:<\/strong>\u00a0previsto<\/li>\n\n\n\n<li><strong>Forma\u00e7\u00e3o:<\/strong>\u00a0a definir<\/li>\n\n\n\n<li><strong>Banca:\u00a0<\/strong>a definir<\/li>\n\n\n\n<li><strong>Vagas:\u00a0<\/strong>a definir<\/li>\n\n\n\n<li><strong>Sal\u00e1rio inicial:\u00a0<\/strong>R$ 8.561,42<\/li>\n\n\n\n<li><a href=\"https:\/\/cj.estrategia.com\/cursos\/busca\/pgm\/\" target=\"_blank\" >Curso Procurador C\u00e2mara de Petrolina PE<\/a><\/li>\n<\/ul>\n\n\n\n<p><\/p>\n\n\n\n<h3 class=\"wp-block-heading\" id=\"h-concurso-magistratura-pe\"><span id=\"concurso-magistratura-pe\"><a href=\"https:\/\/cj.estrategia.com\/portal\/concurso-magistratura-pe\/\" target=\"_blank\" >Concurso Magistratura PE<\/a><\/span><\/h3>\n\n\n\n<ul class=\"wp-block-list\">\n<li><strong>Status<\/strong>: banca definda<\/li>\n\n\n\n<li><strong>Forma\u00e7\u00e3o<\/strong>: Bacharelado em Direito + 3 anos de atividade jur\u00eddica<\/li>\n\n\n\n<li><strong>Banca<\/strong>: FGV<\/li>\n\n\n\n<li><strong>Vagas<\/strong>: a definir<\/li>\n\n\n\n<li><strong>Sal\u00e1rio inicial<\/strong>: R$ 35.877,28<\/li>\n\n\n\n<li><a href=\"https:\/\/cj.estrategia.com\/concurso\/cursos-para-magistratura\" target=\"_blank\" >Curso Magistratura PE<\/a><\/li>\n<\/ul>\n\n\n\n<h3 class=\"wp-block-heading\" id=\"h-concurso-delegado-pe\"><span id=\"concurso-delegado-pe\"><a href=\"https:\/\/cj.estrategia.com\/portal\/concurso-delegado-pe\/\" target=\"_blank\" >Concurso Delegado PE<\/a><\/span><\/h3>\n\n\n\n<ul class=\"wp-block-list\">\n<li><strong>Status<\/strong>: banca em fase de escolha<\/li>\n\n\n\n<li><strong>Forma\u00e7\u00e3o:<\/strong> N\u00edvel Superior em Direito + 3 anos de pr\u00e1tica forense ou atividade policial<\/li>\n\n\n\n<li><strong>Banca:<\/strong> a definir<\/li>\n\n\n\n<li><strong>Vagas:<\/strong> a definir<\/li>\n\n\n\n<li><strong>Sal\u00e1rio inicial:<\/strong> R$ 12.200,00<\/li>\n\n\n\n<li><a href=\"https:\/\/cj.estrategia.com\/concurso\/pc-pe\" target=\"_blank\" >Curso Delegado PE<\/a><\/li>\n<\/ul>\n\n\n\n<h3 class=\"wp-block-heading\" id=\"h-concurso-pgm-olinda-pe\"><span id=\"concurso-pgm-olinda-pe\"><a href=\"https:\/\/cj.estrategia.com\/portal\/concurso-pgm-olinda-pe\/\">Concurso PGM Olinda PE<\/a><\/span><\/h3>\n\n\n\n<ul class=\"wp-block-list\">\n<li><strong>Status:<\/strong>\u00a0Banca definida<\/li>\n\n\n\n<li><strong>Forma\u00e7\u00e3o:<\/strong>\u00a0Bacharelado em Direito\u00a0+ OAB<\/li>\n\n\n\n<li><strong>Banca:\u00a0<\/strong>IAUPE<\/li>\n\n\n\n<li><strong>Vagas:\u00a0<\/strong>a definir<\/li>\n\n\n\n<li><strong>Sal\u00e1rio inicial:\u00a0<\/strong>a definir<\/li>\n\n\n\n<li><a href=\"https:\/\/cj.estrategia.com\/cursos\/busca\/pgm\/\" target=\"_blank\" >Curso PGM Olinda<\/a><\/li>\n<\/ul>\n\n\n\n<h3 class=\"wp-block-heading\" id=\"concurso-pge-pe-procurador\"><a href=\"https:\/\/cj.estrategia.com\/portal\/concurso-pge-pe-procurador\/\" target=\"_blank\" >Concurso PGE PE Procurador<\/a><\/h3>\n\n\n\n<ul class=\"wp-block-list\">\n<li><strong>Status:<\/strong>\u00a0Previsto<\/li>\n\n\n\n<li><strong>Forma\u00e7\u00e3o:\u00a0<\/strong>Bacharelado em Direito\u00a0 + OAB<\/li>\n\n\n\n<li><strong>Banca:\u00a0<\/strong>a definir<\/li>\n\n\n\n<li><strong>Vagas:\u00a0<\/strong>a definir<\/li>\n\n\n\n<li><strong>Sal\u00e1rio inicial:\u00a0<\/strong>R$ 13.648,64 [\u00faltimo edital]<\/li>\n\n\n\n<li><a href=\"https:\/\/cj.estrategia.com\/curso\/pge-pe-procurador-do-estado-pacote-teorico\/\" target=\"_blank\" >Curso PGE PE<\/a><\/li>\n<\/ul>\n\n\n\n<h2 class=\"wp-block-heading has-black-color has-luminous-vivid-amber-to-luminous-vivid-orange-gradient-background has-text-color has-background has-link-color wp-elements-7560eb79b6a1f6e90648e7b6eaed47f8\" id=\"concursos-juridicos-nordeste-piaui\"><a href=\"https:\/\/cj.estrategia.com\/portal\/concursos-juridicos-piaui\/\" target=\"_blank\" >Concursos Jur\u00eddicos Nordeste: Piau\u00ed<\/a><\/h2>\n\n\n\n<ul class=\"wp-block-list\">\n<li><em>Mais detalhes em breve!<\/em><\/li>\n<\/ul>\n\n\n\n<h2 class=\"wp-block-heading has-black-color has-luminous-vivid-amber-to-luminous-vivid-orange-gradient-background has-text-color has-background has-link-color wp-elements-5f70bc253413456eaf1f87114213c064\" id=\"concursos-juridicos-nordeste-rio-grande-do-norte\"><a href=\"https:\/\/cj.estrategia.com\/portal\/concursos-juridicos-rio-grande-do-norte\/\" target=\"_blank\" >Concursos Jur\u00eddicos Nordeste: Rio Grande do Norte<\/a><\/h2>\n\n\n\n<h3 class=\"wp-block-heading\" id=\"h-concurso-pge-rn-procurador\"><span id=\"concurso-pge-rn-procurador\"><a href=\"https:\/\/cj.estrategia.com\/portal\/concurso-pge-rn-procurador\/\" target=\"_blank\" >Concurso PGE RN Procurador<\/a><\/span><\/h3>\n\n\n\n<ul class=\"wp-block-list\">\n<li><strong>Status<\/strong>: Previsto no PPA 2024-2027<\/li>\n\n\n\n<li><strong>Forma\u00e7\u00e3o:<\/strong> a definir<\/li>\n\n\n\n<li><strong>Banca<\/strong>: a definir<\/li>\n\n\n\n<li><strong>Vagas<\/strong>: a definir<\/li>\n\n\n\n<li><strong>Sal\u00e1rio inicial:<\/strong> R$ 33.924,93 (\u00faltimo edital)<\/li>\n\n\n\n<li><a href=\"https:\/\/www.estrategiaconcursos.com.br\/assinaturas-ecj\/\" target=\"_blank\" >Curso PGE RN<\/a><\/li>\n<\/ul>\n\n\n\n<h3 class=\"wp-block-heading\" id=\"h-concurso-dpe-rn-defensor\"><span id=\"concurso-dpe-rn-defensor\"><a href=\"https:\/\/cj.estrategia.com\/portal\/concurso-dpe-rn-defensor\/\" target=\"_blank\" >Concurso DPE RN Defensor<\/a><\/span><\/h3>\n\n\n\n<ul class=\"wp-block-list\">\n<li><strong>Status:<\/strong>\u00a0regulamento aprovado<\/li>\n\n\n\n<li><strong>Forma\u00e7\u00e3o:<\/strong>\u00a0bacharelado em Direito e inscri\u00e7\u00e3o na OAB<\/li>\n\n\n\n<li><strong>Banca:\u00a0<\/strong>a definir<\/li>\n\n\n\n<li><strong>Vagas:<\/strong>\u00a0a definir<\/li>\n\n\n\n<li><strong>Sal\u00e1rio inicial:<\/strong>\u00a0R$ 23.429,63<\/li>\n\n\n\n<li><a href=\"https:\/\/cj.estrategia.com\/curso\/dpe-rn-defensor-publico-pacote-teorico\/\" target=\"_blank\" >Curso DPE RN<\/a><\/li>\n<\/ul>\n\n\n\n<h3 class=\"wp-block-heading\" id=\"h-residencia-juridica-tj-rn\"><span id=\"residencia-juridica-tj-rn\"><a href=\"https:\/\/cj.estrategia.com\/portal\/residencia-juridica-tj-rn\/\" target=\"_blank\" >Resid\u00eancia Jur\u00eddica TJ RN<\/a><\/span><\/h3>\n\n\n\n<ul class=\"wp-block-list\">\n<li><strong>Status<\/strong>: Previsto no PPA 2024-2027<\/li>\n\n\n\n<li><strong>Forma\u00e7\u00e3o:<\/strong> a definir<\/li>\n\n\n\n<li><strong>Banca<\/strong>: a definir<\/li>\n\n\n\n<li><strong>Vagas<\/strong>: a definir<\/li>\n\n\n\n<li><strong>Sal\u00e1rio inicial:<\/strong> a definir<\/li>\n\n\n\n<li><a href=\"https:\/\/www.estrategiaconcursos.com.br\/assinaturas-ecj\/\" target=\"_blank\" >Curso Resid\u00eancia Jur\u00eddica TJ RN<\/a><\/li>\n<\/ul>\n\n\n\n<h2 class=\"wp-block-heading has-black-color has-luminous-vivid-amber-to-luminous-vivid-orange-gradient-background has-text-color has-background has-link-color wp-elements-17381bafd770bea310ab5ae9cde1914b\" id=\"concursos-nordeste-sergipe\"><a href=\"https:\/\/cj.estrategia.com\/portal\/concursos-juridicos-sergipe\/\" target=\"_blank\" >Concursos Nordeste: Sergipe<\/a><\/h2>\n\n\n\n<ul class=\"wp-block-list\">\n<li>Em breve! <\/li>\n<\/ul>\n\n\n\n<h2 class=\"wp-block-heading has-black-color has-luminous-vivid-amber-to-luminous-vivid-orange-gradient-background has-text-color has-background has-link-color wp-elements-34c7aab3b2f335a301d9108bf7d08568\" id=\"h-concursos-nordeste-magistratura-federal\"><span id=\"concursos-nordeste-magistratura-federal\"><a href=\"https:\/\/cj.estrategia.com\/portal\/concursos-juridicos-sergipe\/\" target=\"_blank\" ><mark style=\"background-color:rgba(0, 0, 0, 0)\" class=\"has-inline-color has-black-color\">Concursos Nordeste: Magistratura Federal<\/mark><\/a><\/span><\/h2>\n\n\n\n<h3 class=\"wp-block-heading\" id=\"h-concurso-trf5-juiz-federal\"><span id=\"concurso-trf5-juiz-federal\"><a href=\"https:\/\/cj.estrategia.com\/portal\/concurso-trf5-juiz-federal\/\">Concurso TRF5 Juiz Federal<\/a><\/span><\/h3>\n\n\n\n<ul class=\"wp-block-list\">\n<li><strong>Status<\/strong>: comiss\u00e3o examinadora definida<\/li>\n\n\n\n<li><strong>Forma\u00e7\u00e3o<\/strong>: Bacharelado em Direito + 3 anos de atividade jur\u00eddica.<\/li>\n\n\n\n<li><strong>Banca<\/strong>: a definir<\/li>\n\n\n\n<li><strong>Vagas<\/strong>: a definir<\/li>\n\n\n\n<li><strong>Sal\u00e1rio inicial<\/strong>: R$ 35.845,21<\/li>\n\n\n\n<li><a href=\"https:\/\/cj.estrategia.com\/curso\/trf-5-regio-juiz-federal-pacote-teorico-2025-pos-edital\/\">Curso TRF5<\/a><\/li>\n<\/ul>\n\n\n\n<h3 class=\"wp-block-heading has-text-align-center\" id=\"h-quer-saber-tudo-sobre-concursos-previstos-confira-nossos-artigos\"><span id=\"quer-saber-tudo-sobre-concursos-previstosconfira-nossos-artigos\">Quer saber tudo sobre concursos previstos?<br>Confira nossos artigos!<\/span><\/h3>\n\n\n\n<ul class=\"wp-block-list\">\n<li><a href=\"https:\/\/cj.estrategia.com\/portal\/concursos-abertos-carreiras-juridicas\/\">Concursos jur\u00eddicos abertos<\/a><\/li>\n\n\n\n<li><a href=\"https:\/\/cj.estrategia.com\/portal\/concursos-juridicos-2026-prepare-se-para-os-proximos-editais\/\">Concursos Jur\u00eddicos 2026<\/a><\/li>\n<\/ul>\n\n\n\n<h3 class=\"wp-block-heading has-text-align-center\" id=\"cursos-ficha\"><span id=\"quer-estudar-para-concursos-de-direito\">Quer estudar para Concursos de Direito?<\/span><\/h3>\n\n\n\n<p>O Estrat\u00e9gia Carreira Jur\u00eddica \u00e9 campe\u00e3o de aprova\u00e7\u00f5es nos concursos para Carreiras Jur\u00eddicas com um corpo docente qualificado e materiais completos. Conhe\u00e7a nossos cursos e garanta sua aprova\u00e7\u00e3o:<\/p>\n\n\n\n<div class=\"wp-block-cover\" style=\"min-height:155px;aspect-ratio:unset;\"><img decoding=\"async\" width=\"1890\" height=\"351\" class=\"wp-block-cover__image-background wp-image-8669\" alt=\"Assinaturas Jur\u00eddicas\" src=\"https:\/\/cj.estrategia.com\/portal\/wp-content\/uploads\/2022\/06\/20151253\/concurso-carreiras-juridicas-assinatura-juridica.jpg\" style=\"object-position:78% 43%\" data-object-fit=\"cover\" data-object-position=\"78% 43%\" srcset=\"https:\/\/cj.estrategia.com\/portal\/wp-content\/uploads\/2022\/06\/20151253\/concurso-carreiras-juridicas-assinatura-juridica.jpg 1890w, https:\/\/cj.estrategia.com\/portal\/wp-content\/uploads\/2022\/06\/20151253\/concurso-carreiras-juridicas-assinatura-juridica-300x56.jpg 300w, https:\/\/cj.estrategia.com\/portal\/wp-content\/uploads\/2022\/06\/20151253\/concurso-carreiras-juridicas-assinatura-juridica-1024x190.jpg 1024w, https:\/\/cj.estrategia.com\/portal\/wp-content\/uploads\/2022\/06\/20151253\/concurso-carreiras-juridicas-assinatura-juridica-768x143.jpg 768w, https:\/\/cj.estrategia.com\/portal\/wp-content\/uploads\/2022\/06\/20151253\/concurso-carreiras-juridicas-assinatura-juridica-1536x285.jpg 1536w, https:\/\/cj.estrategia.com\/portal\/wp-content\/uploads\/2022\/06\/20151253\/concurso-carreiras-juridicas-assinatura-juridica-380x71.jpg 380w, https:\/\/cj.estrategia.com\/portal\/wp-content\/uploads\/2022\/06\/20151253\/concurso-carreiras-juridicas-assinatura-juridica-800x149.jpg 800w, https:\/\/cj.estrategia.com\/portal\/wp-content\/uploads\/2022\/06\/20151253\/concurso-carreiras-juridicas-assinatura-juridica-1160x215.jpg 1160w\" sizes=\"(max-width: 1890px) 100vw, 1890px\" \/><span aria-hidden=\"true\" class=\"wp-block-cover__background has-background-dim\"><\/span><div class=\"wp-block-cover__inner-container is-layout-flow wp-block-cover-is-layout-flow\">\n<h3 id=\"faca-a-sua-assinatura\" class=\"titulo-assinatura\"><span style=\"color: #ffffff;\">Fa\u00e7a a sua assinatura!<\/span><\/h3>\n<p class=\"subtitulo-assinatura\" style=\"display:block!important; line-height: 0;\"><span style=\"color: #ffffff;\">Escolha a sua \u00e1rea.<\/span><\/p>\n<a target=\"_blank\" href=\"https:\/\/www.estrategiaconcursos.com.br\/assinaturas-ecj\/\" rel=\"noopener\"><button style=\"border-radius: 10px; text-transform: capitalize;\">Acessar<\/button><\/a>\n<\/div><\/div>\n\n\n\n<h3 class=\"wp-block-heading has-text-align-center\" id=\"h-whatsapp-ecj-nbsp-clique-na-sua-carreira-e-participe\"><span id=\"whatsapp-ecj-clique-na-sua-carreira-e-participe\">Whatsapp ECJ:\u00a0<strong>Clique na sua carreira e PARTICIPE!<\/strong><\/span><\/h3>\n\n\n\n<p>Com o\u00a0<strong>Whatsapp ECJ<\/strong>\u00a0vamos transformar a maneira como os estudantes se preparam para os concursos p\u00fablicos do momento e do futuro. <strong>Esta plataforma n\u00e3o apenas oferece suporte para tirar d\u00favidas cruciais, mas tamb\u00e9m fornece dicas valiosas para alcan\u00e7ar o sucesso nas provas<\/strong>, abrangendo todas as \u00e1reas da carreira jur\u00eddica.<\/p>\n\n\n\n<h3 class=\"wp-block-heading\" id=\"h-cartorios\"><span id=\"cartorios\">Cart\u00f3rios<\/span><\/h3>\n\n\n<a id=\"cta-icon\" href=\"https:\/\/sndflw.com\/i\/cartorios-grupo\" target=\"blank\" style=\"background:rgb(41,166,26)\">\n            <img decoding=\"async\" src=\"https:\/\/cj.estrategia.com\/portal\/wp-content\/uploads\/2023\/12\/07160657\/whatsapp_1385.webp\" alt=\"\" alt=\"whatsapp_1385\"><span > Acesse agora o Grupo de Estudos para Concursos Cart\u00f3rio <\/span><\/a>\n\n\n\n<h3 class=\"wp-block-heading\" id=\"h-defensorias\"><span id=\"defensorias\">Defensorias<\/span><\/h3>\n\n\n<a id=\"cta-icon\" href=\"https:\/\/sndflw.com\/i\/defensorias-grupo\" target=\"blank\" style=\"background:rgb(41,166,26)\">\n            <img decoding=\"async\" src=\"https:\/\/cj.estrategia.com\/portal\/wp-content\/uploads\/2023\/12\/07160657\/whatsapp_1385.webp\" alt=\"\" alt=\"whatsapp_1385\"><span > Acesse agora o Grupo de Estudos para Concursos em Defensoria<\/span><\/a>\n\n\n\n<h3 class=\"wp-block-heading\" id=\"h-delegado\"><span id=\"delegado\">Delegado<\/span><\/h3>\n\n\n<a id=\"cta-icon\" href=\"https:\/\/sndflw.com\/i\/delegado-civil-grupo\" target=\"blank\" style=\"background:rgb(41,166,26)\">\n            <img decoding=\"async\" src=\"https:\/\/cj.estrategia.com\/portal\/wp-content\/uploads\/2023\/12\/07160657\/whatsapp_1385.webp\" alt=\"\" alt=\"whatsapp_1385\"><span > Acesse agora o Grupo de Estudos para Delegado Civil<\/span><\/a>\n\n\n\n<h3 class=\"wp-block-heading\" id=\"h-magistratura-estadual\"><span id=\"magistratura-estadual\">Magistratura Estadual<\/span><\/h3>\n\n\n<a id=\"cta-icon\" href=\"https:\/\/sndflw.com\/i\/magistratura-estadual-grupo\" target=\"blank\" style=\"background:rgb(41,166,26)\">\n            <img decoding=\"async\" src=\"https:\/\/cj.estrategia.com\/portal\/wp-content\/uploads\/2023\/12\/07160657\/whatsapp_1385.webp\" alt=\"\" alt=\"whatsapp_1385\"><span > Acesse agora o Grupo de Estudos para Magistratura Estadual <\/span><\/a>\n\n\n\n<h3 class=\"wp-block-heading\" id=\"h-magistratura-federal\"><span id=\"magistratura-federal\">Magistratura Federal<\/span><\/h3>\n\n\n<a id=\"cta-icon\" href=\"https:\/\/sndflw.com\/i\/magistratura-federal-grupo\" target=\"blank\" style=\"background:rgb(41,166,26)\">\n            <img decoding=\"async\" src=\"https:\/\/cj.estrategia.com\/portal\/wp-content\/uploads\/2023\/12\/07160657\/whatsapp_1385.webp\" alt=\"\" alt=\"whatsapp_1385\"><span > Acesse agora o Grupo de Estudos para Magistratura Federal <\/span><\/a>\n\n\n\n<h3 class=\"wp-block-heading\" id=\"h-procuradorias\"><span id=\"procuradorias\">Procuradorias<\/span><\/h3>\n\n\n<a id=\"cta-icon\" href=\"https:\/\/sndflw.com\/i\/procuradorias-grupo\" target=\"blank\" style=\"background:rgb(41,166,26)\">\n            <img decoding=\"async\" src=\"https:\/\/cj.estrategia.com\/portal\/wp-content\/uploads\/2023\/12\/07160657\/whatsapp_1385.webp\" alt=\"\" alt=\"whatsapp_1385\"><span > Acesse agora o Grupo de Estudos para Concurso de Procuradorias <\/span><\/a>\n\n\n\n<h3 class=\"wp-block-heading\" id=\"h-promotorias\"><span id=\"promotorias\">Promotorias<\/span><\/h3>\n\n\n<a id=\"cta-icon\" href=\"https:\/\/sndflw.com\/i\/promotorias-grupo\" target=\"blank\" style=\"background:rgb(83,193,88)\">\n            <img decoding=\"async\" src=\"https:\/\/cj.estrategia.com\/portal\/wp-content\/uploads\/2023\/12\/07160657\/whatsapp_1385.webp\" alt=\"\" alt=\"whatsapp_1385\"><span > Acesse agora o Grupo de Estudos para Concurso de Promotorias <\/span><\/a>\n","protected":false},"excerpt":{"rendered":"Neste artigo voc\u00ea encontrar\u00e1 diversas oportunidades para as carreiras jur\u00eddicas. Os nove estados que comp\u00f5em a regi\u00e3o nordeste\u00a0prometem&hellip;\n","protected":false},"author":12,"featured_media":31960,"comment_status":"open","ping_status":"open","sticky":false,"template":"","format":"standard","meta":{"_jetpack_memberships_contains_paid_content":false,"footnotes":""},"categories":[29,27,28,26,24,25],"tags":[],"tax_estado":[31,34,35,40,45,46,47,50,55],"class_list":{"0":"post-2888","1":"post","2":"type-post","3":"status-publish","4":"format-standard","5":"has-post-thumbnail","7":"category-cartorio","8":"category-defensoria","9":"category-delegado","10":"category-magistratura","11":"category-procuradoria","12":"category-promotoria","13":"tax_estado-al","14":"tax_estado-ba","15":"tax_estado-ce","16":"tax_estado-ma","17":"tax_estado-pb","18":"tax_estado-pe","19":"tax_estado-pi","20":"tax_estado-rn","21":"tax_estado-se"},"acf":[],"yoast_head":"<!-- This site is optimized with the Yoast SEO Premium plugin v27.5 (Yoast SEO v27.5) - https:\/\/yoast.com\/product\/yoast-seo-premium-wordpress\/ -->\n<title>Concursos Jur\u00eddicos Nordeste: oportunidades para 2026<\/title>\n<meta name=\"description\" content=\"Uma das maiores Regi\u00f5es do Brasil tamb\u00e9m \u00e9 uma das que mais movimenta o mundo dos concursos. Veja os Concursos Jur\u00eddicos Nordeste 2026.\" \/>\n<meta name=\"robots\" content=\"index, follow, max-snippet:-1, max-image-preview:large, max-video-preview:-1\" \/>\n<link rel=\"canonical\" href=\"https:\/\/cj.estrategia.com\/portal\/concursos-juridicos-nordeste\/\" \/>\n<meta property=\"og:locale\" content=\"pt_BR\" \/>\n<meta property=\"og:type\" content=\"article\" \/>\n<meta property=\"og:title\" content=\"Concursos Jur\u00eddicos Nordeste: oportunidades para 2026\" \/>\n<meta property=\"og:description\" content=\"Uma das maiores Regi\u00f5es do Brasil tamb\u00e9m \u00e9 uma das que mais movimenta o mundo dos concursos. Veja os Concursos Jur\u00eddicos Nordeste 2026.\" \/>\n<meta property=\"og:url\" content=\"https:\/\/cj.estrategia.com\/portal\/concursos-juridicos-nordeste\/\" \/>\n<meta property=\"og:site_name\" content=\"Blog - Carreiras Jur\u00eddicas - Estrat\u00e9gia\" \/>\n<meta property=\"article:publisher\" content=\"https:\/\/www.facebook.com\/estrategiacarreirajuridica\/\" \/>\n<meta property=\"article:published_time\" content=\"2026-04-25T00:09:47+00:00\" \/>\n<meta property=\"article:modified_time\" content=\"2026-04-25T00:10:07+00:00\" \/>\n<meta property=\"og:image\" content=\"https:\/\/cj.estrategia.com\/portal\/wp-content\/uploads\/2023\/02\/23175948\/concursos-juridicos-na-regiao-do-nordeste.jpg\" \/>\n\t<meta property=\"og:image:width\" content=\"960\" \/>\n\t<meta property=\"og:image:height\" content=\"540\" \/>\n\t<meta property=\"og:image:type\" content=\"image\/jpeg\" \/>\n<meta name=\"author\" content=\"Coordena\u00e7\u00e3o\" \/>\n<meta name=\"twitter:card\" content=\"summary_large_image\" \/>\n<meta name=\"twitter:creator\" content=\"@EstratJuridica\" \/>\n<meta name=\"twitter:site\" content=\"@EstratJuridica\" \/>\n<meta name=\"twitter:label1\" content=\"Escrito por\" \/>\n\t<meta name=\"twitter:data1\" content=\"Coordena\u00e7\u00e3o\" \/>\n\t<meta name=\"twitter:label2\" content=\"Est. tempo de leitura\" \/>\n\t<meta name=\"twitter:data2\" content=\"8 minutos\" \/>\n<script type=\"application\/ld+json\" class=\"yoast-schema-graph\">{\"@context\":\"https:\\\/\\\/schema.org\",\"@graph\":[{\"@type\":\"NewsArticle\",\"@id\":\"https:\\\/\\\/cj.estrategia.com\\\/portal\\\/concursos-juridicos-nordeste\\\/#article\",\"isPartOf\":{\"@id\":\"https:\\\/\\\/cj.estrategia.com\\\/portal\\\/concursos-juridicos-nordeste\\\/\"},\"author\":{\"name\":\"Coordena\u00e7\u00e3o\",\"@id\":\"https:\\\/\\\/cj.estrategia.com\\\/portal\\\/#\\\/schema\\\/person\\\/4d70317d31449932b99102916b6637f5\"},\"headline\":\"Concursos Jur\u00eddicos Nordeste: oportunidades para 2026\",\"datePublished\":\"2026-04-25T00:09:47+00:00\",\"dateModified\":\"2026-04-25T00:10:07+00:00\",\"mainEntityOfPage\":{\"@id\":\"https:\\\/\\\/cj.estrategia.com\\\/portal\\\/concursos-juridicos-nordeste\\\/\"},\"wordCount\":1496,\"commentCount\":0,\"publisher\":{\"@id\":\"https:\\\/\\\/cj.estrategia.com\\\/portal\\\/#organization\"},\"image\":{\"@id\":\"https:\\\/\\\/cj.estrategia.com\\\/portal\\\/concursos-juridicos-nordeste\\\/#primaryimage\"},\"thumbnailUrl\":\"https:\\\/\\\/cj.estrategia.com\\\/portal\\\/wp-content\\\/uploads\\\/2023\\\/02\\\/23175948\\\/concursos-juridicos-na-regiao-do-nordeste.jpg\",\"articleSection\":[\"Cart\u00f3rio\",\"Defensoria\",\"Delegado\",\"Magistratura\",\"Procuradoria\",\"Promotoria\"],\"inLanguage\":\"pt-BR\",\"potentialAction\":[{\"@type\":\"CommentAction\",\"name\":\"Comment\",\"target\":[\"https:\\\/\\\/cj.estrategia.com\\\/portal\\\/concursos-juridicos-nordeste\\\/#respond\"]}],\"accessibilityFeature\":[\"tableOfContents\"]},{\"@type\":\"WebPage\",\"@id\":\"https:\\\/\\\/cj.estrategia.com\\\/portal\\\/concursos-juridicos-nordeste\\\/\",\"url\":\"https:\\\/\\\/cj.estrategia.com\\\/portal\\\/concursos-juridicos-nordeste\\\/\",\"name\":\"Concursos Jur\u00eddicos Nordeste: oportunidades para 2026\",\"isPartOf\":{\"@id\":\"https:\\\/\\\/cj.estrategia.com\\\/portal\\\/#website\"},\"primaryImageOfPage\":{\"@id\":\"https:\\\/\\\/cj.estrategia.com\\\/portal\\\/concursos-juridicos-nordeste\\\/#primaryimage\"},\"image\":{\"@id\":\"https:\\\/\\\/cj.estrategia.com\\\/portal\\\/concursos-juridicos-nordeste\\\/#primaryimage\"},\"thumbnailUrl\":\"https:\\\/\\\/cj.estrategia.com\\\/portal\\\/wp-content\\\/uploads\\\/2023\\\/02\\\/23175948\\\/concursos-juridicos-na-regiao-do-nordeste.jpg\",\"datePublished\":\"2026-04-25T00:09:47+00:00\",\"dateModified\":\"2026-04-25T00:10:07+00:00\",\"description\":\"Uma das maiores Regi\u00f5es do Brasil tamb\u00e9m \u00e9 uma das que mais movimenta o mundo dos concursos. Veja os Concursos Jur\u00eddicos Nordeste 2026.\",\"breadcrumb\":{\"@id\":\"https:\\\/\\\/cj.estrategia.com\\\/portal\\\/concursos-juridicos-nordeste\\\/#breadcrumb\"},\"inLanguage\":\"pt-BR\",\"potentialAction\":[{\"@type\":\"ReadAction\",\"target\":[\"https:\\\/\\\/cj.estrategia.com\\\/portal\\\/concursos-juridicos-nordeste\\\/\"]}]},{\"@type\":\"ImageObject\",\"inLanguage\":\"pt-BR\",\"@id\":\"https:\\\/\\\/cj.estrategia.com\\\/portal\\\/concursos-juridicos-nordeste\\\/#primaryimage\",\"url\":\"https:\\\/\\\/cj.estrategia.com\\\/portal\\\/wp-content\\\/uploads\\\/2023\\\/02\\\/23175948\\\/concursos-juridicos-na-regiao-do-nordeste.jpg\",\"contentUrl\":\"https:\\\/\\\/cj.estrategia.com\\\/portal\\\/wp-content\\\/uploads\\\/2023\\\/02\\\/23175948\\\/concursos-juridicos-na-regiao-do-nordeste.jpg\",\"width\":960,\"height\":540,\"caption\":\"Concursos Jur\u00eddicos na Regi\u00e3o do Nordeste\"},{\"@type\":\"BreadcrumbList\",\"@id\":\"https:\\\/\\\/cj.estrategia.com\\\/portal\\\/concursos-juridicos-nordeste\\\/#breadcrumb\",\"itemListElement\":[{\"@type\":\"ListItem\",\"position\":1,\"name\":\"In\u00edcio\",\"item\":\"https:\\\/\\\/cj.estrategia.com\\\/portal\\\/\"},{\"@type\":\"ListItem\",\"position\":2,\"name\":\"Concursos Jur\u00eddicos Nordeste: oportunidades para 2026\"}]},{\"@type\":\"WebSite\",\"@id\":\"https:\\\/\\\/cj.estrategia.com\\\/portal\\\/#website\",\"url\":\"https:\\\/\\\/cj.estrategia.com\\\/portal\\\/\",\"name\":\"Blog - Carreiras Jur\u00eddicas - Estrat\u00e9gia\",\"description\":\"\",\"publisher\":{\"@id\":\"https:\\\/\\\/cj.estrategia.com\\\/portal\\\/#organization\"},\"potentialAction\":[{\"@type\":\"SearchAction\",\"target\":{\"@type\":\"EntryPoint\",\"urlTemplate\":\"https:\\\/\\\/cj.estrategia.com\\\/portal\\\/?s={search_term_string}\"},\"query-input\":{\"@type\":\"PropertyValueSpecification\",\"valueRequired\":true,\"valueName\":\"search_term_string\"}}],\"inLanguage\":\"pt-BR\"},{\"@type\":\"Organization\",\"@id\":\"https:\\\/\\\/cj.estrategia.com\\\/portal\\\/#organization\",\"name\":\"Estrat\u00e9gia - Carreiras Jur\u00eddicas\",\"url\":\"https:\\\/\\\/cj.estrategia.com\\\/portal\\\/\",\"logo\":{\"@type\":\"ImageObject\",\"inLanguage\":\"pt-BR\",\"@id\":\"https:\\\/\\\/cj.estrategia.com\\\/portal\\\/#\\\/schema\\\/logo\\\/image\\\/\",\"url\":\"https:\\\/\\\/cj.estrategia.com\\\/portal\\\/wp-content\\\/uploads\\\/2022\\\/03\\\/11151052\\\/cj-logo.png\",\"contentUrl\":\"https:\\\/\\\/cj.estrategia.com\\\/portal\\\/wp-content\\\/uploads\\\/2022\\\/03\\\/11151052\\\/cj-logo.png\",\"width\":150,\"height\":39,\"caption\":\"Estrat\u00e9gia - Carreiras Jur\u00eddicas\"},\"image\":{\"@id\":\"https:\\\/\\\/cj.estrategia.com\\\/portal\\\/#\\\/schema\\\/logo\\\/image\\\/\"},\"sameAs\":[\"https:\\\/\\\/www.facebook.com\\\/estrategiacarreirajuridica\\\/\",\"https:\\\/\\\/x.com\\\/EstratJuridica\",\"https:\\\/\\\/www.instagram.com\\\/estrategiacarreirajuridica\\\/\",\"https:\\\/\\\/www.youtube.com\\\/channel\\\/UClbMGuYbj2Mh1m3w144ETWQ\"]},{\"@type\":\"Person\",\"@id\":\"https:\\\/\\\/cj.estrategia.com\\\/portal\\\/#\\\/schema\\\/person\\\/4d70317d31449932b99102916b6637f5\",\"name\":\"Coordena\u00e7\u00e3o\",\"image\":{\"@type\":\"ImageObject\",\"inLanguage\":\"pt-BR\",\"@id\":\"https:\\\/\\\/cj.estrategia.com\\\/portal\\\/wp-content\\\/uploads\\\/2022\\\/05\\\/12164923\\\/estrategia-carreira-juridica-coordenacao-96x96.png\",\"url\":\"https:\\\/\\\/cj.estrategia.com\\\/portal\\\/wp-content\\\/uploads\\\/2022\\\/05\\\/12164923\\\/estrategia-carreira-juridica-coordenacao-96x96.png\",\"contentUrl\":\"https:\\\/\\\/cj.estrategia.com\\\/portal\\\/wp-content\\\/uploads\\\/2022\\\/05\\\/12164923\\\/estrategia-carreira-juridica-coordenacao-96x96.png\",\"caption\":\"Coordena\u00e7\u00e3o\"},\"url\":\"https:\\\/\\\/cj.estrategia.com\\\/portal\\\/author\\\/coordenacao\\\/\"}]}<\/script>\n<!-- \/ Yoast SEO Premium plugin. -->","yoast_head_json":{"title":"Concursos Jur\u00eddicos Nordeste: oportunidades para 2026","description":"Uma das maiores Regi\u00f5es do Brasil tamb\u00e9m \u00e9 uma das que mais movimenta o mundo dos concursos. Veja os Concursos Jur\u00eddicos Nordeste 2026.","robots":{"index":"index","follow":"follow","max-snippet":"max-snippet:-1","max-image-preview":"max-image-preview:large","max-video-preview":"max-video-preview:-1"},"canonical":"https:\/\/cj.estrategia.com\/portal\/concursos-juridicos-nordeste\/","og_locale":"pt_BR","og_type":"article","og_title":"Concursos Jur\u00eddicos Nordeste: oportunidades para 2026","og_description":"Uma das maiores Regi\u00f5es do Brasil tamb\u00e9m \u00e9 uma das que mais movimenta o mundo dos concursos. Veja os Concursos Jur\u00eddicos Nordeste 2026.","og_url":"https:\/\/cj.estrategia.com\/portal\/concursos-juridicos-nordeste\/","og_site_name":"Blog - Carreiras Jur\u00eddicas - Estrat\u00e9gia","article_publisher":"https:\/\/www.facebook.com\/estrategiacarreirajuridica\/","article_published_time":"2026-04-25T00:09:47+00:00","article_modified_time":"2026-04-25T00:10:07+00:00","og_image":[{"width":960,"height":540,"url":"https:\/\/cj.estrategia.com\/portal\/wp-content\/uploads\/2023\/02\/23175948\/concursos-juridicos-na-regiao-do-nordeste.jpg","type":"image\/jpeg"}],"author":"Coordena\u00e7\u00e3o","twitter_card":"summary_large_image","twitter_creator":"@EstratJuridica","twitter_site":"@EstratJuridica","twitter_misc":{"Escrito por":"Coordena\u00e7\u00e3o","Est. tempo de leitura":"8 minutos"},"schema":{"@context":"https:\/\/schema.org","@graph":[{"@type":"NewsArticle","@id":"https:\/\/cj.estrategia.com\/portal\/concursos-juridicos-nordeste\/#article","isPartOf":{"@id":"https:\/\/cj.estrategia.com\/portal\/concursos-juridicos-nordeste\/"},"author":{"name":"Coordena\u00e7\u00e3o","@id":"https:\/\/cj.estrategia.com\/portal\/#\/schema\/person\/4d70317d31449932b99102916b6637f5"},"headline":"Concursos Jur\u00eddicos Nordeste: oportunidades para 2026","datePublished":"2026-04-25T00:09:47+00:00","dateModified":"2026-04-25T00:10:07+00:00","mainEntityOfPage":{"@id":"https:\/\/cj.estrategia.com\/portal\/concursos-juridicos-nordeste\/"},"wordCount":1496,"commentCount":0,"publisher":{"@id":"https:\/\/cj.estrategia.com\/portal\/#organization"},"image":{"@id":"https:\/\/cj.estrategia.com\/portal\/concursos-juridicos-nordeste\/#primaryimage"},"thumbnailUrl":"https:\/\/cj.estrategia.com\/portal\/wp-content\/uploads\/2023\/02\/23175948\/concursos-juridicos-na-regiao-do-nordeste.jpg","articleSection":["Cart\u00f3rio","Defensoria","Delegado","Magistratura","Procuradoria","Promotoria"],"inLanguage":"pt-BR","potentialAction":[{"@type":"CommentAction","name":"Comment","target":["https:\/\/cj.estrategia.com\/portal\/concursos-juridicos-nordeste\/#respond"]}],"accessibilityFeature":["tableOfContents"]},{"@type":"WebPage","@id":"https:\/\/cj.estrategia.com\/portal\/concursos-juridicos-nordeste\/","url":"https:\/\/cj.estrategia.com\/portal\/concursos-juridicos-nordeste\/","name":"Concursos Jur\u00eddicos Nordeste: oportunidades para 2026","isPartOf":{"@id":"https:\/\/cj.estrategia.com\/portal\/#website"},"primaryImageOfPage":{"@id":"https:\/\/cj.estrategia.com\/portal\/concursos-juridicos-nordeste\/#primaryimage"},"image":{"@id":"https:\/\/cj.estrategia.com\/portal\/concursos-juridicos-nordeste\/#primaryimage"},"thumbnailUrl":"https:\/\/cj.estrategia.com\/portal\/wp-content\/uploads\/2023\/02\/23175948\/concursos-juridicos-na-regiao-do-nordeste.jpg","datePublished":"2026-04-25T00:09:47+00:00","dateModified":"2026-04-25T00:10:07+00:00","description":"Uma das maiores Regi\u00f5es do Brasil tamb\u00e9m \u00e9 uma das que mais movimenta o mundo dos concursos. Veja os Concursos Jur\u00eddicos Nordeste 2026.","breadcrumb":{"@id":"https:\/\/cj.estrategia.com\/portal\/concursos-juridicos-nordeste\/#breadcrumb"},"inLanguage":"pt-BR","potentialAction":[{"@type":"ReadAction","target":["https:\/\/cj.estrategia.com\/portal\/concursos-juridicos-nordeste\/"]}]},{"@type":"ImageObject","inLanguage":"pt-BR","@id":"https:\/\/cj.estrategia.com\/portal\/concursos-juridicos-nordeste\/#primaryimage","url":"https:\/\/cj.estrategia.com\/portal\/wp-content\/uploads\/2023\/02\/23175948\/concursos-juridicos-na-regiao-do-nordeste.jpg","contentUrl":"https:\/\/cj.estrategia.com\/portal\/wp-content\/uploads\/2023\/02\/23175948\/concursos-juridicos-na-regiao-do-nordeste.jpg","width":960,"height":540,"caption":"Concursos Jur\u00eddicos na Regi\u00e3o do Nordeste"},{"@type":"BreadcrumbList","@id":"https:\/\/cj.estrategia.com\/portal\/concursos-juridicos-nordeste\/#breadcrumb","itemListElement":[{"@type":"ListItem","position":1,"name":"In\u00edcio","item":"https:\/\/cj.estrategia.com\/portal\/"},{"@type":"ListItem","position":2,"name":"Concursos Jur\u00eddicos Nordeste: oportunidades para 2026"}]},{"@type":"WebSite","@id":"https:\/\/cj.estrategia.com\/portal\/#website","url":"https:\/\/cj.estrategia.com\/portal\/","name":"Blog - Carreiras Jur\u00eddicas - Estrat\u00e9gia","description":"","publisher":{"@id":"https:\/\/cj.estrategia.com\/portal\/#organization"},"potentialAction":[{"@type":"SearchAction","target":{"@type":"EntryPoint","urlTemplate":"https:\/\/cj.estrategia.com\/portal\/?s={search_term_string}"},"query-input":{"@type":"PropertyValueSpecification","valueRequired":true,"valueName":"search_term_string"}}],"inLanguage":"pt-BR"},{"@type":"Organization","@id":"https:\/\/cj.estrategia.com\/portal\/#organization","name":"Estrat\u00e9gia - Carreiras Jur\u00eddicas","url":"https:\/\/cj.estrategia.com\/portal\/","logo":{"@type":"ImageObject","inLanguage":"pt-BR","@id":"https:\/\/cj.estrategia.com\/portal\/#\/schema\/logo\/image\/","url":"https:\/\/cj.estrategia.com\/portal\/wp-content\/uploads\/2022\/03\/11151052\/cj-logo.png","contentUrl":"https:\/\/cj.estrategia.com\/portal\/wp-content\/uploads\/2022\/03\/11151052\/cj-logo.png","width":150,"height":39,"caption":"Estrat\u00e9gia - Carreiras Jur\u00eddicas"},"image":{"@id":"https:\/\/cj.estrategia.com\/portal\/#\/schema\/logo\/image\/"},"sameAs":["https:\/\/www.facebook.com\/estrategiacarreirajuridica\/","https:\/\/x.com\/EstratJuridica","https:\/\/www.instagram.com\/estrategiacarreirajuridica\/","https:\/\/www.youtube.com\/channel\/UClbMGuYbj2Mh1m3w144ETWQ"]},{"@type":"Person","@id":"https:\/\/cj.estrategia.com\/portal\/#\/schema\/person\/4d70317d31449932b99102916b6637f5","name":"Coordena\u00e7\u00e3o","image":{"@type":"ImageObject","inLanguage":"pt-BR","@id":"https:\/\/cj.estrategia.com\/portal\/wp-content\/uploads\/2022\/05\/12164923\/estrategia-carreira-juridica-coordenacao-96x96.png","url":"https:\/\/cj.estrategia.com\/portal\/wp-content\/uploads\/2022\/05\/12164923\/estrategia-carreira-juridica-coordenacao-96x96.png","contentUrl":"https:\/\/cj.estrategia.com\/portal\/wp-content\/uploads\/2022\/05\/12164923\/estrategia-carreira-juridica-coordenacao-96x96.png","caption":"Coordena\u00e7\u00e3o"},"url":"https:\/\/cj.estrategia.com\/portal\/author\/coordenacao\/"}]}},"jetpack_featured_media_url":"https:\/\/cj.estrategia.com\/portal\/wp-content\/uploads\/2023\/02\/23175948\/concursos-juridicos-na-regiao-do-nordeste.jpg","jetpack_sharing_enabled":true,"_links":{"self":[{"href":"https:\/\/cj.estrategia.com\/portal\/wp-json\/wp\/v2\/posts\/2888","targetHints":{"allow":["GET"]}}],"collection":[{"href":"https:\/\/cj.estrategia.com\/portal\/wp-json\/wp\/v2\/posts"}],"about":[{"href":"https:\/\/cj.estrategia.com\/portal\/wp-json\/wp\/v2\/types\/post"}],"author":[{"embeddable":true,"href":"https:\/\/cj.estrategia.com\/portal\/wp-json\/wp\/v2\/users\/12"}],"replies":[{"embeddable":true,"href":"https:\/\/cj.estrategia.com\/portal\/wp-json\/wp\/v2\/comments?post=2888"}],"version-history":[{"count":0,"href":"https:\/\/cj.estrategia.com\/portal\/wp-json\/wp\/v2\/posts\/2888\/revisions"}],"wp:featuredmedia":[{"embeddable":true,"href":"https:\/\/cj.estrategia.com\/portal\/wp-json\/wp\/v2\/media\/31960"}],"wp:attachment":[{"href":"https:\/\/cj.estrategia.com\/portal\/wp-json\/wp\/v2\/media?parent=2888"}],"wp:term":[{"taxonomy":"category","embeddable":true,"href":"https:\/\/cj.estrategia.com\/portal\/wp-json\/wp\/v2\/categories?post=2888"},{"taxonomy":"post_tag","embeddable":true,"href":"https:\/\/cj.estrategia.com\/portal\/wp-json\/wp\/v2\/tags?post=2888"},{"taxonomy":"tax_estado","embeddable":true,"href":"https:\/\/cj.estrategia.com\/portal\/wp-json\/wp\/v2\/tax_estado?post=2888"}],"curies":[{"name":"wp","href":"https:\/\/api.w.org\/{rel}","templated":true}]}}