{"id":28562,"date":"2023-02-04T06:00:00","date_gmt":"2023-02-04T09:00:00","guid":{"rendered":"https:\/\/cj.estrategia.com\/portal\/?p=28562"},"modified":"2023-02-01T07:58:43","modified_gmt":"2023-02-01T10:58:43","slug":"tjdft-juiz-revisao-de-vespera","status":"publish","type":"post","link":"https:\/\/cj.estrategia.com\/portal\/tjdft-juiz-revisao-de-vespera\/","title":{"rendered":"TJDFT JUIZ: Revis\u00e3o de V\u00e9spera"},"content":{"rendered":"\n<p>Acontece neste s\u00e1bado, 04 de fevereiro, \u00e0s 07:00, a revis\u00e3o de v\u00e9spera do concurso TJDFT JUIZ. Confira abaixo:<\/p>\n\n\n\n<h3 id=\"tjdft-juiz-cronograma\" class=\"wp-block-heading\">TJDFT JUIZ: cronograma<\/h3>\n\n\n\n<figure class=\"wp-block-table is-style-stripes\"><table class=\"has-light-green-cyan-background-color has-background\"><tbody><tr><td class=\"has-text-align-center\" data-align=\"center\"><strong>Hor\u00e1rio<\/strong><\/td><td class=\"has-text-align-center\" data-align=\"center\"><strong>Disciplina<\/strong><\/td><td class=\"has-text-align-center\" data-align=\"center\"><strong>Professor<\/strong><\/td><\/tr><tr><td class=\"has-text-align-center\" data-align=\"center\">07:00 as 08:00<\/td><td class=\"has-text-align-center\" data-align=\"center\">Direito Constitucional<\/td><td class=\"has-text-align-center\" data-align=\"center\">Nelma Fontana<\/td><\/tr><tr><td class=\"has-text-align-center\" data-align=\"center\">08:00 as 09:00<\/td><td class=\"has-text-align-center\" data-align=\"center\">Direito Processual Civil<\/td><td class=\"has-text-align-center\" data-align=\"center\">Rodrigo Vaslin<\/td><\/tr><tr><td class=\"has-text-align-center\" data-align=\"center\">09:00 as 10:00<\/td><td class=\"has-text-align-center\" data-align=\"center\">Direito Civil<\/td><td class=\"has-text-align-center\" data-align=\"center\">Paulo Sousa<\/td><\/tr><tr><td class=\"has-text-align-center\" data-align=\"center\">10:00 as 10:45<\/td><td class=\"has-text-align-center\" data-align=\"center\">Direito da Crian\u00e7a e do Adolescente<\/td><td class=\"has-text-align-center\" data-align=\"center\">Ricardo Torques<\/td><\/tr><tr><td class=\"has-text-align-center\" data-align=\"center\">10:45 as 11:30<\/td><td class=\"has-text-align-center\" data-align=\"center\">Direito do Consumidor<\/td><td class=\"has-text-align-center\" data-align=\"center\">Igor Maciel<\/td><\/tr><tr><td class=\"has-text-align-center\" data-align=\"center\">11:30\u00a0 as 12:30<\/td><td class=\"has-text-align-center\" data-align=\"center\">Direito Eleitoral<\/td><td class=\"has-text-align-center\" data-align=\"center\">Ricardo Torques<\/td><\/tr><tr><td class=\"has-text-align-center\" data-align=\"center\">12:30 as\u00a0 13:15<\/td><td class=\"has-text-align-center\" data-align=\"center\">Direito Empresarial<\/td><td class=\"has-text-align-center\" data-align=\"center\">Alessandro Sanchez<\/td><\/tr><tr><td class=\"has-text-align-center\" data-align=\"center\">13:15 as 14:00<\/td><td class=\"has-text-align-center\" data-align=\"center\">Direito Tribut\u00e1rio<\/td><td class=\"has-text-align-center\" data-align=\"center\">Felipe Duque<\/td><\/tr><tr><td class=\"has-text-align-center\" data-align=\"center\">14:00 as\u00a0 15:00<\/td><td class=\"has-text-align-center\" data-align=\"center\">Direito Penal<\/td><td class=\"has-text-align-center\" data-align=\"center\">Michael Proc\u00f3pio<\/td><\/tr><tr><td class=\"has-text-align-center\" data-align=\"center\">15:00 as\u00a0 16:00<\/td><td class=\"has-text-align-center\" data-align=\"center\">Direito Processual Penal<\/td><td class=\"has-text-align-center\" data-align=\"center\">Leonardo Tavares<\/td><\/tr><tr><td class=\"has-text-align-center\" data-align=\"center\">16:00 as\u00a0 16:45<\/td><td class=\"has-text-align-center\" data-align=\"center\">Legisla\u00e7\u00e3o Penal Especial<\/td><td class=\"has-text-align-center\" data-align=\"center\">Ivan Marques<\/td><\/tr><tr><td class=\"has-text-align-center\" data-align=\"center\">16:45 as 17:30<\/td><td class=\"has-text-align-center\" data-align=\"center\">Direito Ambiental<\/td><td class=\"has-text-align-center\" data-align=\"center\">Thiago Leite<\/td><\/tr><tr><td class=\"has-text-align-center\" data-align=\"center\">17:30\u00a0 as 18:30<\/td><td class=\"has-text-align-center\" data-align=\"center\">Direito Administrativo<\/td><td class=\"has-text-align-center\" data-align=\"center\">Rodolfo Penna<\/td><\/tr><tr><td class=\"has-text-align-center\" data-align=\"center\">18:30 as 19:00<\/td><td class=\"has-text-align-center\" data-align=\"center\">No\u00e7\u00f5es Gerais de Direito e Forma\u00e7\u00e3o Human\u00edstica<\/td><td class=\"has-text-align-center\" data-align=\"center\">Jean Vielbert<\/td><\/tr><\/tbody><\/table><\/figure>\n\n\n\n<h3 id=\"tjdft-juiz-evento-ao-vivo\" class=\"wp-block-heading\">TJDFT JUIZ: evento ao vivo <\/h3>\n\n\n\n<p class=\"has-text-align-center has-medium-font-size\"><strong>Magistratura DF \u2013 <a href=\"https:\/\/www.youtube.com\/channel\/UClbMGuYbj2Mh1m3w144ETWQ\" target=\"_blank\" >Assista AO VIVO<\/a><\/strong><\/p>\n\n\n\n<h3 id=\"tjdft-juiz-curiosidades\" class=\"wp-block-heading\">TJDFT JUIZ: curiosidades<\/h3>\n\n\n\n<p>A prova objetiva ter\u00e1 5h de dura\u00e7\u00e3o e ser\u00e1 aplicada em 05 de fevereiro de 2023. As quest\u00f5es da prova objetiva ser\u00e3o do tipo m\u00faltipla escolha, com cinco op\u00e7\u00f5es (A, B, C, D e E), sendo uma \u00fanica resposta correta.<\/p>\n\n\n\n<p>Haver\u00e1, na folha de respostas, para cada quest\u00e3o, um campo para cada uma das cinco op\u00e7\u00f5es (A, B, C, D e E), devendo o candidato preencher o campo correspondente \u00e0 resposta considerada por ele correta, de acordo com o comando<\/p>\n\n\n\n<p>\u00a0O concurso p\u00fablico desenvolver-se-\u00e1, sucessivamente, em cinco etapas, conforme descrito a seguir.<\/p>\n\n\n<div class=\"wp-block-image\">\n<figure class=\"aligncenter is-resized\"><img decoding=\"async\" src=\"https:\/\/cj.estrategia.com\/portal\/wp-content\/uploads\/2022\/12\/16074736\/image-5-1024x347.png\" alt=\"\" class=\"wp-image-25506\" width=\"763\" height=\"258\" srcset=\"https:\/\/cj.estrategia.com\/portal\/wp-content\/uploads\/2022\/12\/16074736\/image-5-1024x347.png 1024w, https:\/\/cj.estrategia.com\/portal\/wp-content\/uploads\/2022\/12\/16074736\/image-5-300x102.png 300w, https:\/\/cj.estrategia.com\/portal\/wp-content\/uploads\/2022\/12\/16074736\/image-5-768x260.png 768w, https:\/\/cj.estrategia.com\/portal\/wp-content\/uploads\/2022\/12\/16074736\/image-5-380x129.png 380w, https:\/\/cj.estrategia.com\/portal\/wp-content\/uploads\/2022\/12\/16074736\/image-5-800x271.png 800w, https:\/\/cj.estrategia.com\/portal\/wp-content\/uploads\/2022\/12\/16074736\/image-5-1160x393.png 1160w, https:\/\/cj.estrategia.com\/portal\/wp-content\/uploads\/2022\/12\/16074736\/image-5-150x51.png 150w, https:\/\/cj.estrategia.com\/portal\/wp-content\/uploads\/2022\/12\/16074736\/image-5.png 1202w\" sizes=\"(max-width: 763px) 100vw, 763px\" \/><\/figure>\n<\/div>\n\n\n<p class=\"has-text-align-center has-luminous-vivid-amber-background-color has-background has-medium-font-size\"><strong>Saiba mais: <a href=\"https:\/\/cj.estrategia.com\/portal\/concurso-magistratura-df\/\" target=\"_blank\" >Concurso Magistratura DF<\/a><\/strong><\/p>\n\n\n\n<h2 class=\"has-text-align-center wp-block-heading\" id=\"cursos\"><span id=\"quer-saber-tudo-sobre-concursos-previstosconfira-nossos-artigos\">Quer saber tudo sobre concursos previstos?<br><strong>Confira nossos artigos!<\/strong><\/span><\/h2>\n\n\n\n\n\n<h2 class=\"has-text-align-center wp-block-heading\" id=\"cursos\"><span id=\"cursos-para-o-concurso-magistratura-df\">Cursos para o concurso Magistratura DF<\/span><\/h2>\n\n\n\n<p>O Estrat\u00e9gia Carreira Jur\u00eddica \u00e9 campe\u00e3o de aprova\u00e7\u00f5es nos concursos para Magistraturas com um corpo docente qualificado e materiais completos. Conhe\u00e7a nossos cursos e garanta sua aprova\u00e7\u00e3o no concurso Magistratura DF. <\/p>\n\n\n\n<p>Nosso curso \u00e9 composto por pacote pr\u00e9-edital (PDF + v\u00eddeo aulas) e pacota\u00e7o (que cont\u00e9m o pacote pr\u00e9-edital, rodadas regulares, prepara\u00e7\u00e3o para fase discursiva e prepara\u00e7\u00e3o para a fase oral). Confira:<\/p>\n\n\n\n<div class=\"container\" id=\"boxes\">\n  <div class=\"row\">\n\n    <div class=\"col-sm\">\n      <div class=\"banner-estrategia-concursos-juridicos\" id=\"box-assinatura\">\n        <h2 id=\"curso-para-magistratura-df\" class=\"titulo-assinatura\"><span style=\"color: #ffffff; font-size: 23px; \">Curso para Magistratura DF <\/span><\/h2>\n        <p class=\"subtitulo-assinatura\">Cursos focados no edital do concurso<\/p>\n        <div class=\"box-botao\">\n          <a class=\"btn-assinatura-juridica\" target=\"_blank\" href=\"https:\/\/www.estrategiaconcursos.com.br\/cursosPorConcurso\/magistratura-estadual-regular\/\" role=\"button\" rel=\"noopener noreferrer\">Conhe\u00e7a mais<\/a>\n        <\/div>\n      <\/div>\n    \n   <\/div>\n\n  <\/div>\n<\/div>\n\n\n\n<div class=\"wp-block-cover\" style=\"min-height:155px;aspect-ratio:unset;\"><img decoding=\"async\" width=\"1890\" height=\"351\" class=\"wp-block-cover__image-background wp-image-8669\" alt=\"Assinaturas Jur\u00eddicas\" src=\"https:\/\/cj.estrategia.com\/portal\/wp-content\/uploads\/2022\/06\/20151253\/concurso-carreiras-juridicas-assinatura-juridica.jpg\" style=\"object-position:78% 43%\" data-object-fit=\"cover\" data-object-position=\"78% 43%\" srcset=\"https:\/\/cj.estrategia.com\/portal\/wp-content\/uploads\/2022\/06\/20151253\/concurso-carreiras-juridicas-assinatura-juridica.jpg 1890w, https:\/\/cj.estrategia.com\/portal\/wp-content\/uploads\/2022\/06\/20151253\/concurso-carreiras-juridicas-assinatura-juridica-300x56.jpg 300w, https:\/\/cj.estrategia.com\/portal\/wp-content\/uploads\/2022\/06\/20151253\/concurso-carreiras-juridicas-assinatura-juridica-1024x190.jpg 1024w, https:\/\/cj.estrategia.com\/portal\/wp-content\/uploads\/2022\/06\/20151253\/concurso-carreiras-juridicas-assinatura-juridica-768x143.jpg 768w, https:\/\/cj.estrategia.com\/portal\/wp-content\/uploads\/2022\/06\/20151253\/concurso-carreiras-juridicas-assinatura-juridica-1536x285.jpg 1536w, https:\/\/cj.estrategia.com\/portal\/wp-content\/uploads\/2022\/06\/20151253\/concurso-carreiras-juridicas-assinatura-juridica-380x71.jpg 380w, https:\/\/cj.estrategia.com\/portal\/wp-content\/uploads\/2022\/06\/20151253\/concurso-carreiras-juridicas-assinatura-juridica-800x149.jpg 800w, https:\/\/cj.estrategia.com\/portal\/wp-content\/uploads\/2022\/06\/20151253\/concurso-carreiras-juridicas-assinatura-juridica-1160x215.jpg 1160w\" sizes=\"(max-width: 1890px) 100vw, 1890px\" \/><span aria-hidden=\"true\" class=\"wp-block-cover__background has-background-dim\"><\/span><div class=\"wp-block-cover__inner-container is-layout-flow wp-block-cover-is-layout-flow\">\n<h3 id=\"faca-a-sua-assinatura\" class=\"titulo-assinatura\"><span style=\"color: #ffffff;\">Fa\u00e7a a sua assinatura!<\/span><\/h3>\n<p class=\"subtitulo-assinatura\" style=\"display:block!important; line-height: 0;\"><span style=\"color: #ffffff;\">Escolha a sua \u00e1rea.<\/span><\/p>\n<a target=\"_blank\" href=\"https:\/\/www.estrategiaconcursos.com.br\/assinaturas-ecj\/\" rel=\"noopener\"><button style=\"border-radius: 10px; text-transform: capitalize;\">Acessar<\/button><\/a>\n<\/div><\/div>\n","protected":false},"excerpt":{"rendered":"Acontece neste s\u00e1bado, 04 de fevereiro, \u00e0s 07:00, a revis\u00e3o de v\u00e9spera do concurso TJDFT JUIZ. Confira abaixo:&hellip;\n","protected":false},"author":12,"featured_media":20810,"comment_status":"open","ping_status":"open","sticky":false,"template":"","format":"standard","meta":{"_jetpack_memberships_contains_paid_content":false,"footnotes":""},"categories":[26],"tags":[],"tax_estado":[37],"class_list":{"0":"post-28562","1":"post","2":"type-post","3":"status-publish","4":"format-standard","5":"has-post-thumbnail","7":"category-magistratura","8":"tax_estado-df"},"acf":[],"yoast_head":"<!-- This site is optimized with the Yoast SEO Premium plugin v27.5 (Yoast SEO v27.5) - https:\/\/yoast.com\/product\/yoast-seo-premium-wordpress\/ -->\n<title>TJDFT JUIZ: Revis\u00e3o de V\u00e9spera<\/title>\n<meta name=\"description\" content=\"TJDFT JUIZ: reforce sua prepara\u00e7\u00e3o com a Revis\u00e3o de V\u00e9spera.\" \/>\n<meta name=\"robots\" content=\"index, follow, max-snippet:-1, max-image-preview:large, max-video-preview:-1\" \/>\n<link rel=\"canonical\" href=\"https:\/\/cj.estrategia.com\/portal\/tjdft-juiz-revisao-de-vespera\/\" \/>\n<meta property=\"og:locale\" content=\"pt_BR\" \/>\n<meta property=\"og:type\" content=\"article\" \/>\n<meta property=\"og:title\" content=\"TJDFT JUIZ: Revis\u00e3o de V\u00e9spera\" \/>\n<meta property=\"og:description\" content=\"TJDFT JUIZ: reforce sua prepara\u00e7\u00e3o com a Revis\u00e3o de V\u00e9spera.\" \/>\n<meta property=\"og:url\" content=\"https:\/\/cj.estrategia.com\/portal\/tjdft-juiz-revisao-de-vespera\/\" \/>\n<meta property=\"og:site_name\" content=\"Blog - Carreiras Jur\u00eddicas - Estrat\u00e9gia\" \/>\n<meta property=\"article:publisher\" content=\"https:\/\/www.facebook.com\/estrategiacarreirajuridica\/\" \/>\n<meta property=\"article:published_time\" content=\"2023-02-04T09:00:00+00:00\" \/>\n<meta property=\"og:image\" content=\"https:\/\/cj.estrategia.com\/portal\/wp-content\/uploads\/2022\/07\/04104224\/Juiz-TJDFT.jpg\" \/>\n\t<meta property=\"og:image:width\" content=\"768\" \/>\n\t<meta property=\"og:image:height\" content=\"432\" \/>\n\t<meta property=\"og:image:type\" content=\"image\/jpeg\" \/>\n<meta name=\"author\" content=\"Coordena\u00e7\u00e3o\" \/>\n<meta name=\"twitter:card\" content=\"summary_large_image\" \/>\n<meta name=\"twitter:creator\" content=\"@EstratJuridica\" \/>\n<meta name=\"twitter:site\" content=\"@EstratJuridica\" \/>\n<meta name=\"twitter:label1\" content=\"Escrito por\" \/>\n\t<meta name=\"twitter:data1\" content=\"Coordena\u00e7\u00e3o\" \/>\n\t<meta name=\"twitter:label2\" content=\"Est. tempo de leitura\" \/>\n\t<meta name=\"twitter:data2\" content=\"3 minutos\" \/>\n<script type=\"application\/ld+json\" class=\"yoast-schema-graph\">{\"@context\":\"https:\\\/\\\/schema.org\",\"@graph\":[{\"@type\":\"NewsArticle\",\"@id\":\"https:\\\/\\\/cj.estrategia.com\\\/portal\\\/tjdft-juiz-revisao-de-vespera\\\/#article\",\"isPartOf\":{\"@id\":\"https:\\\/\\\/cj.estrategia.com\\\/portal\\\/tjdft-juiz-revisao-de-vespera\\\/\"},\"author\":{\"name\":\"Coordena\u00e7\u00e3o\",\"@id\":\"https:\\\/\\\/cj.estrategia.com\\\/portal\\\/#\\\/schema\\\/person\\\/4d70317d31449932b99102916b6637f5\"},\"headline\":\"TJDFT JUIZ: Revis\u00e3o de V\u00e9spera\",\"datePublished\":\"2023-02-04T09:00:00+00:00\",\"mainEntityOfPage\":{\"@id\":\"https:\\\/\\\/cj.estrategia.com\\\/portal\\\/tjdft-juiz-revisao-de-vespera\\\/\"},\"wordCount\":346,\"commentCount\":0,\"publisher\":{\"@id\":\"https:\\\/\\\/cj.estrategia.com\\\/portal\\\/#organization\"},\"image\":{\"@id\":\"https:\\\/\\\/cj.estrategia.com\\\/portal\\\/tjdft-juiz-revisao-de-vespera\\\/#primaryimage\"},\"thumbnailUrl\":\"https:\\\/\\\/cj.estrategia.com\\\/portal\\\/wp-content\\\/uploads\\\/2022\\\/07\\\/04104224\\\/Juiz-TJDFT.jpg\",\"articleSection\":[\"Magistratura\"],\"inLanguage\":\"pt-BR\",\"potentialAction\":[{\"@type\":\"CommentAction\",\"name\":\"Comment\",\"target\":[\"https:\\\/\\\/cj.estrategia.com\\\/portal\\\/tjdft-juiz-revisao-de-vespera\\\/#respond\"]}]},{\"@type\":\"WebPage\",\"@id\":\"https:\\\/\\\/cj.estrategia.com\\\/portal\\\/tjdft-juiz-revisao-de-vespera\\\/\",\"url\":\"https:\\\/\\\/cj.estrategia.com\\\/portal\\\/tjdft-juiz-revisao-de-vespera\\\/\",\"name\":\"TJDFT JUIZ: Revis\u00e3o de V\u00e9spera\",\"isPartOf\":{\"@id\":\"https:\\\/\\\/cj.estrategia.com\\\/portal\\\/#website\"},\"primaryImageOfPage\":{\"@id\":\"https:\\\/\\\/cj.estrategia.com\\\/portal\\\/tjdft-juiz-revisao-de-vespera\\\/#primaryimage\"},\"image\":{\"@id\":\"https:\\\/\\\/cj.estrategia.com\\\/portal\\\/tjdft-juiz-revisao-de-vespera\\\/#primaryimage\"},\"thumbnailUrl\":\"https:\\\/\\\/cj.estrategia.com\\\/portal\\\/wp-content\\\/uploads\\\/2022\\\/07\\\/04104224\\\/Juiz-TJDFT.jpg\",\"datePublished\":\"2023-02-04T09:00:00+00:00\",\"description\":\"TJDFT JUIZ: reforce sua prepara\u00e7\u00e3o com a Revis\u00e3o de V\u00e9spera.\",\"breadcrumb\":{\"@id\":\"https:\\\/\\\/cj.estrategia.com\\\/portal\\\/tjdft-juiz-revisao-de-vespera\\\/#breadcrumb\"},\"inLanguage\":\"pt-BR\",\"potentialAction\":[{\"@type\":\"ReadAction\",\"target\":[\"https:\\\/\\\/cj.estrategia.com\\\/portal\\\/tjdft-juiz-revisao-de-vespera\\\/\"]}]},{\"@type\":\"ImageObject\",\"inLanguage\":\"pt-BR\",\"@id\":\"https:\\\/\\\/cj.estrategia.com\\\/portal\\\/tjdft-juiz-revisao-de-vespera\\\/#primaryimage\",\"url\":\"https:\\\/\\\/cj.estrategia.com\\\/portal\\\/wp-content\\\/uploads\\\/2022\\\/07\\\/04104224\\\/Juiz-TJDFT.jpg\",\"contentUrl\":\"https:\\\/\\\/cj.estrategia.com\\\/portal\\\/wp-content\\\/uploads\\\/2022\\\/07\\\/04104224\\\/Juiz-TJDFT.jpg\",\"width\":768,\"height\":432,\"caption\":\"Concurso Juiz TJDFT\"},{\"@type\":\"BreadcrumbList\",\"@id\":\"https:\\\/\\\/cj.estrategia.com\\\/portal\\\/tjdft-juiz-revisao-de-vespera\\\/#breadcrumb\",\"itemListElement\":[{\"@type\":\"ListItem\",\"position\":1,\"name\":\"In\u00edcio\",\"item\":\"https:\\\/\\\/cj.estrategia.com\\\/portal\\\/\"},{\"@type\":\"ListItem\",\"position\":2,\"name\":\"TJDFT JUIZ: Revis\u00e3o de V\u00e9spera\"}]},{\"@type\":\"WebSite\",\"@id\":\"https:\\\/\\\/cj.estrategia.com\\\/portal\\\/#website\",\"url\":\"https:\\\/\\\/cj.estrategia.com\\\/portal\\\/\",\"name\":\"Blog - Carreiras Jur\u00eddicas - Estrat\u00e9gia\",\"description\":\"\",\"publisher\":{\"@id\":\"https:\\\/\\\/cj.estrategia.com\\\/portal\\\/#organization\"},\"potentialAction\":[{\"@type\":\"SearchAction\",\"target\":{\"@type\":\"EntryPoint\",\"urlTemplate\":\"https:\\\/\\\/cj.estrategia.com\\\/portal\\\/?s={search_term_string}\"},\"query-input\":{\"@type\":\"PropertyValueSpecification\",\"valueRequired\":true,\"valueName\":\"search_term_string\"}}],\"inLanguage\":\"pt-BR\"},{\"@type\":\"Organization\",\"@id\":\"https:\\\/\\\/cj.estrategia.com\\\/portal\\\/#organization\",\"name\":\"Estrat\u00e9gia - Carreiras Jur\u00eddicas\",\"url\":\"https:\\\/\\\/cj.estrategia.com\\\/portal\\\/\",\"logo\":{\"@type\":\"ImageObject\",\"inLanguage\":\"pt-BR\",\"@id\":\"https:\\\/\\\/cj.estrategia.com\\\/portal\\\/#\\\/schema\\\/logo\\\/image\\\/\",\"url\":\"https:\\\/\\\/cj.estrategia.com\\\/portal\\\/wp-content\\\/uploads\\\/2022\\\/03\\\/11151052\\\/cj-logo.png\",\"contentUrl\":\"https:\\\/\\\/cj.estrategia.com\\\/portal\\\/wp-content\\\/uploads\\\/2022\\\/03\\\/11151052\\\/cj-logo.png\",\"width\":150,\"height\":39,\"caption\":\"Estrat\u00e9gia - Carreiras Jur\u00eddicas\"},\"image\":{\"@id\":\"https:\\\/\\\/cj.estrategia.com\\\/portal\\\/#\\\/schema\\\/logo\\\/image\\\/\"},\"sameAs\":[\"https:\\\/\\\/www.facebook.com\\\/estrategiacarreirajuridica\\\/\",\"https:\\\/\\\/x.com\\\/EstratJuridica\",\"https:\\\/\\\/www.instagram.com\\\/estrategiacarreirajuridica\\\/\",\"https:\\\/\\\/www.youtube.com\\\/channel\\\/UClbMGuYbj2Mh1m3w144ETWQ\"]},{\"@type\":\"Person\",\"@id\":\"https:\\\/\\\/cj.estrategia.com\\\/portal\\\/#\\\/schema\\\/person\\\/4d70317d31449932b99102916b6637f5\",\"name\":\"Coordena\u00e7\u00e3o\",\"image\":{\"@type\":\"ImageObject\",\"inLanguage\":\"pt-BR\",\"@id\":\"https:\\\/\\\/cj.estrategia.com\\\/portal\\\/wp-content\\\/uploads\\\/2022\\\/05\\\/12164923\\\/estrategia-carreira-juridica-coordenacao-96x96.png\",\"url\":\"https:\\\/\\\/cj.estrategia.com\\\/portal\\\/wp-content\\\/uploads\\\/2022\\\/05\\\/12164923\\\/estrategia-carreira-juridica-coordenacao-96x96.png\",\"contentUrl\":\"https:\\\/\\\/cj.estrategia.com\\\/portal\\\/wp-content\\\/uploads\\\/2022\\\/05\\\/12164923\\\/estrategia-carreira-juridica-coordenacao-96x96.png\",\"caption\":\"Coordena\u00e7\u00e3o\"},\"url\":\"https:\\\/\\\/cj.estrategia.com\\\/portal\\\/author\\\/coordenacao\\\/\"}]}<\/script>\n<!-- \/ Yoast SEO Premium plugin. -->","yoast_head_json":{"title":"TJDFT JUIZ: Revis\u00e3o de V\u00e9spera","description":"TJDFT JUIZ: reforce sua prepara\u00e7\u00e3o com a Revis\u00e3o de V\u00e9spera.","robots":{"index":"index","follow":"follow","max-snippet":"max-snippet:-1","max-image-preview":"max-image-preview:large","max-video-preview":"max-video-preview:-1"},"canonical":"https:\/\/cj.estrategia.com\/portal\/tjdft-juiz-revisao-de-vespera\/","og_locale":"pt_BR","og_type":"article","og_title":"TJDFT JUIZ: Revis\u00e3o de V\u00e9spera","og_description":"TJDFT JUIZ: reforce sua prepara\u00e7\u00e3o com a Revis\u00e3o de V\u00e9spera.","og_url":"https:\/\/cj.estrategia.com\/portal\/tjdft-juiz-revisao-de-vespera\/","og_site_name":"Blog - Carreiras Jur\u00eddicas - Estrat\u00e9gia","article_publisher":"https:\/\/www.facebook.com\/estrategiacarreirajuridica\/","article_published_time":"2023-02-04T09:00:00+00:00","og_image":[{"width":768,"height":432,"url":"https:\/\/cj.estrategia.com\/portal\/wp-content\/uploads\/2022\/07\/04104224\/Juiz-TJDFT.jpg","type":"image\/jpeg"}],"author":"Coordena\u00e7\u00e3o","twitter_card":"summary_large_image","twitter_creator":"@EstratJuridica","twitter_site":"@EstratJuridica","twitter_misc":{"Escrito por":"Coordena\u00e7\u00e3o","Est. tempo de leitura":"3 minutos"},"schema":{"@context":"https:\/\/schema.org","@graph":[{"@type":"NewsArticle","@id":"https:\/\/cj.estrategia.com\/portal\/tjdft-juiz-revisao-de-vespera\/#article","isPartOf":{"@id":"https:\/\/cj.estrategia.com\/portal\/tjdft-juiz-revisao-de-vespera\/"},"author":{"name":"Coordena\u00e7\u00e3o","@id":"https:\/\/cj.estrategia.com\/portal\/#\/schema\/person\/4d70317d31449932b99102916b6637f5"},"headline":"TJDFT JUIZ: Revis\u00e3o de V\u00e9spera","datePublished":"2023-02-04T09:00:00+00:00","mainEntityOfPage":{"@id":"https:\/\/cj.estrategia.com\/portal\/tjdft-juiz-revisao-de-vespera\/"},"wordCount":346,"commentCount":0,"publisher":{"@id":"https:\/\/cj.estrategia.com\/portal\/#organization"},"image":{"@id":"https:\/\/cj.estrategia.com\/portal\/tjdft-juiz-revisao-de-vespera\/#primaryimage"},"thumbnailUrl":"https:\/\/cj.estrategia.com\/portal\/wp-content\/uploads\/2022\/07\/04104224\/Juiz-TJDFT.jpg","articleSection":["Magistratura"],"inLanguage":"pt-BR","potentialAction":[{"@type":"CommentAction","name":"Comment","target":["https:\/\/cj.estrategia.com\/portal\/tjdft-juiz-revisao-de-vespera\/#respond"]}]},{"@type":"WebPage","@id":"https:\/\/cj.estrategia.com\/portal\/tjdft-juiz-revisao-de-vespera\/","url":"https:\/\/cj.estrategia.com\/portal\/tjdft-juiz-revisao-de-vespera\/","name":"TJDFT JUIZ: Revis\u00e3o de V\u00e9spera","isPartOf":{"@id":"https:\/\/cj.estrategia.com\/portal\/#website"},"primaryImageOfPage":{"@id":"https:\/\/cj.estrategia.com\/portal\/tjdft-juiz-revisao-de-vespera\/#primaryimage"},"image":{"@id":"https:\/\/cj.estrategia.com\/portal\/tjdft-juiz-revisao-de-vespera\/#primaryimage"},"thumbnailUrl":"https:\/\/cj.estrategia.com\/portal\/wp-content\/uploads\/2022\/07\/04104224\/Juiz-TJDFT.jpg","datePublished":"2023-02-04T09:00:00+00:00","description":"TJDFT JUIZ: reforce sua prepara\u00e7\u00e3o com a Revis\u00e3o de V\u00e9spera.","breadcrumb":{"@id":"https:\/\/cj.estrategia.com\/portal\/tjdft-juiz-revisao-de-vespera\/#breadcrumb"},"inLanguage":"pt-BR","potentialAction":[{"@type":"ReadAction","target":["https:\/\/cj.estrategia.com\/portal\/tjdft-juiz-revisao-de-vespera\/"]}]},{"@type":"ImageObject","inLanguage":"pt-BR","@id":"https:\/\/cj.estrategia.com\/portal\/tjdft-juiz-revisao-de-vespera\/#primaryimage","url":"https:\/\/cj.estrategia.com\/portal\/wp-content\/uploads\/2022\/07\/04104224\/Juiz-TJDFT.jpg","contentUrl":"https:\/\/cj.estrategia.com\/portal\/wp-content\/uploads\/2022\/07\/04104224\/Juiz-TJDFT.jpg","width":768,"height":432,"caption":"Concurso Juiz TJDFT"},{"@type":"BreadcrumbList","@id":"https:\/\/cj.estrategia.com\/portal\/tjdft-juiz-revisao-de-vespera\/#breadcrumb","itemListElement":[{"@type":"ListItem","position":1,"name":"In\u00edcio","item":"https:\/\/cj.estrategia.com\/portal\/"},{"@type":"ListItem","position":2,"name":"TJDFT JUIZ: Revis\u00e3o de V\u00e9spera"}]},{"@type":"WebSite","@id":"https:\/\/cj.estrategia.com\/portal\/#website","url":"https:\/\/cj.estrategia.com\/portal\/","name":"Blog - Carreiras Jur\u00eddicas - Estrat\u00e9gia","description":"","publisher":{"@id":"https:\/\/cj.estrategia.com\/portal\/#organization"},"potentialAction":[{"@type":"SearchAction","target":{"@type":"EntryPoint","urlTemplate":"https:\/\/cj.estrategia.com\/portal\/?s={search_term_string}"},"query-input":{"@type":"PropertyValueSpecification","valueRequired":true,"valueName":"search_term_string"}}],"inLanguage":"pt-BR"},{"@type":"Organization","@id":"https:\/\/cj.estrategia.com\/portal\/#organization","name":"Estrat\u00e9gia - Carreiras Jur\u00eddicas","url":"https:\/\/cj.estrategia.com\/portal\/","logo":{"@type":"ImageObject","inLanguage":"pt-BR","@id":"https:\/\/cj.estrategia.com\/portal\/#\/schema\/logo\/image\/","url":"https:\/\/cj.estrategia.com\/portal\/wp-content\/uploads\/2022\/03\/11151052\/cj-logo.png","contentUrl":"https:\/\/cj.estrategia.com\/portal\/wp-content\/uploads\/2022\/03\/11151052\/cj-logo.png","width":150,"height":39,"caption":"Estrat\u00e9gia - Carreiras Jur\u00eddicas"},"image":{"@id":"https:\/\/cj.estrategia.com\/portal\/#\/schema\/logo\/image\/"},"sameAs":["https:\/\/www.facebook.com\/estrategiacarreirajuridica\/","https:\/\/x.com\/EstratJuridica","https:\/\/www.instagram.com\/estrategiacarreirajuridica\/","https:\/\/www.youtube.com\/channel\/UClbMGuYbj2Mh1m3w144ETWQ"]},{"@type":"Person","@id":"https:\/\/cj.estrategia.com\/portal\/#\/schema\/person\/4d70317d31449932b99102916b6637f5","name":"Coordena\u00e7\u00e3o","image":{"@type":"ImageObject","inLanguage":"pt-BR","@id":"https:\/\/cj.estrategia.com\/portal\/wp-content\/uploads\/2022\/05\/12164923\/estrategia-carreira-juridica-coordenacao-96x96.png","url":"https:\/\/cj.estrategia.com\/portal\/wp-content\/uploads\/2022\/05\/12164923\/estrategia-carreira-juridica-coordenacao-96x96.png","contentUrl":"https:\/\/cj.estrategia.com\/portal\/wp-content\/uploads\/2022\/05\/12164923\/estrategia-carreira-juridica-coordenacao-96x96.png","caption":"Coordena\u00e7\u00e3o"},"url":"https:\/\/cj.estrategia.com\/portal\/author\/coordenacao\/"}]}},"jetpack_featured_media_url":"https:\/\/cj.estrategia.com\/portal\/wp-content\/uploads\/2022\/07\/04104224\/Juiz-TJDFT.jpg","jetpack_sharing_enabled":true,"_links":{"self":[{"href":"https:\/\/cj.estrategia.com\/portal\/wp-json\/wp\/v2\/posts\/28562","targetHints":{"allow":["GET"]}}],"collection":[{"href":"https:\/\/cj.estrategia.com\/portal\/wp-json\/wp\/v2\/posts"}],"about":[{"href":"https:\/\/cj.estrategia.com\/portal\/wp-json\/wp\/v2\/types\/post"}],"author":[{"embeddable":true,"href":"https:\/\/cj.estrategia.com\/portal\/wp-json\/wp\/v2\/users\/12"}],"replies":[{"embeddable":true,"href":"https:\/\/cj.estrategia.com\/portal\/wp-json\/wp\/v2\/comments?post=28562"}],"version-history":[{"count":0,"href":"https:\/\/cj.estrategia.com\/portal\/wp-json\/wp\/v2\/posts\/28562\/revisions"}],"wp:featuredmedia":[{"embeddable":true,"href":"https:\/\/cj.estrategia.com\/portal\/wp-json\/wp\/v2\/media\/20810"}],"wp:attachment":[{"href":"https:\/\/cj.estrategia.com\/portal\/wp-json\/wp\/v2\/media?parent=28562"}],"wp:term":[{"taxonomy":"category","embeddable":true,"href":"https:\/\/cj.estrategia.com\/portal\/wp-json\/wp\/v2\/categories?post=28562"},{"taxonomy":"post_tag","embeddable":true,"href":"https:\/\/cj.estrategia.com\/portal\/wp-json\/wp\/v2\/tags?post=28562"},{"taxonomy":"tax_estado","embeddable":true,"href":"https:\/\/cj.estrategia.com\/portal\/wp-json\/wp\/v2\/tax_estado?post=28562"}],"curies":[{"name":"wp","href":"https:\/\/api.w.org\/{rel}","templated":true}]}}