{"id":28489,"date":"2023-01-31T16:29:28","date_gmt":"2023-01-31T19:29:28","guid":{"rendered":"https:\/\/cj.estrategia.com\/portal\/?p=28489"},"modified":"2023-01-31T16:38:59","modified_gmt":"2023-01-31T19:38:59","slug":"convocacao-corujas-avaliem-nosso-livro-digital-interativo","status":"publish","type":"post","link":"https:\/\/cj.estrategia.com\/portal\/convocacao-corujas-avaliem-nosso-livro-digital-interativo\/","title":{"rendered":"04 &#8211; CONVOCA\u00c7\u00c3O! Corujas, avaliem nosso livro digital interativo!"},"content":{"rendered":"\n<p>Hoje o papo \u00e9 direto!<\/p>\n\n\n\n<p>Caro aluno, em janeiro de 2023, o <strong>Estrat\u00e9gia Carreira Jur\u00eddica lan\u00e7ou o livro digital interativo (o LDI).<\/strong> Trata-se de ferramenta que alia tecnologia digital com recursos de aprendizagem. <\/p>\n\n\n\n<p>Hoje, o Estrat\u00e9gia permite a voc\u00ea <strong>estudar materiais escritos, aulas em v\u00eddeo, aulas em \u00e1udio, quest\u00f5es e mapas mentais tudo em um \u00fanico lugar.<\/strong> Voc\u00ea nem sequer precisar\u00e1 de seu caderno f\u00edsico, pois a ferramenta disponibiliza a possibilidade de grifos e anota\u00e7\u00f5es para voc\u00ea formar o seu caderno digital de estudos.<\/p>\n\n\n\n<p><strong>A ferramenta \u00e9 nova e ainda ir\u00e1 evoluir muito.<\/strong> Com ela esperamos impactar profundamente a forma de nossos alunos estudarem, proporcionando um processo de aprendizagem <strong>otimizado e assertivo em um \u00fanico material de f\u00e1cil e r\u00e1pido acesso.<\/strong><\/p>\n\n\n\n<p>Assim, ser\u00e1 muito especial poder contar com sua avalia\u00e7\u00e3o<strong>. Pe\u00e7o, encarecidamente, que voc\u00ea responda ao question\u00e1rio abaixo. <\/strong>N\u00e3o levar\u00e1 mais do que 5 minutos e as informa\u00e7\u00f5es aqui colhidas ser\u00e3o determinantes para melhorias futuras que podem impactar o seu estudo.<\/p>\n\n\n\n<p class=\"has-text-align-center has-luminous-vivid-amber-background-color has-background has-medium-font-size\"><a href=\"https:\/\/pt.surveymonkey.com\/r\/LDI_ECJ_2023\" target=\"_blank\" >Fa\u00e7a a Avalia\u00e7\u00e3o Agora Mesmo<\/a><\/p>\n\n\n\n<p><strong>Dito isso, vamos \u00e0s atualiza\u00e7\u00f5es da semana:<\/strong><\/p>\n\n\n\n<h2 class=\"wp-block-heading\" id=\"h-1-cartorios-tjsp\"><span id=\"1-cartorios-tjsp\">1 \u2013 Cart\u00f3rios TJSP<\/span><\/h2>\n\n\n\n<p>A VUNESP organizadora disponibilizou na segunda-feira o <a href=\"https:\/\/cj.estrategia.com\/portal\/concurso-tj-sp-cartorios\/\" target=\"_blank\" >resultado das provas escritas<\/a>. Parabenizamos os alunos que foram aprovados e, desde j\u00e1, convidamos todos os nossos Assinantes (da Assinatura Jur\u00eddica Ilimitada ou da Assinatura de Cart\u00f3rios) para indicarem datas para participa\u00e7\u00e3o gratuita nos cursos para as provas orais. Fa\u00e7am a op\u00e7\u00e3o das datas dispon\u00edveis, neste link:<\/p>\n\n\n\n<p>Formul\u00e1rio de Op\u00e7\u00e3o \u2013 Curso Oral para Assinantes \u2013 Cart\u00f3rio TJSP (<a href=\"https:\/\/docs.google.com\/forms\/d\/e\/1FAIpQLSdyH9yf9AwzHhWewtTMF30lEb7PX4iQYfwOhSGi1VAHMUdgHg\/viewform\" target=\"_blank\" >https:\/\/docs.google.com\/forms\/d\/e\/1FAIpQLSdyH9yf9AwzHhWewtTMF30lEb7PX4iQYfwOhSGi1VAHMUdgHg\/viewform<\/a>)<\/p>\n\n\n\n<h2 id=\"2-delegado-da-policia-civil-do-piaui\" class=\"wp-block-heading\">2 \u2013 Delegado da Pol\u00edcia Civil do Piau\u00ed<\/h2>\n\n\n\n<p>Havia expectativa de que o edital de Delegado da PCPI fosse publicado neste ano. Contudo, na \u00faltima ter\u00e7a-feira, o governador do Estado, Rafael Fontelles, informou que o concurso <a href=\"https:\/\/cj.estrategia.com\/portal\/concurso-delegado-pi\/\" target=\"_blank\" >deve acontecer apenas em 2024<\/a>. Segundo Governador, faz-se necess\u00e1rio planejar o concurso no pr\u00f3ximo plano plurianual.<\/p>\n\n\n\n<h2 id=\"3-procurador-da-pge-pa\" class=\"wp-block-heading\">3 \u2013 Procurador da PGE-PA<\/h2>\n\n\n\n<p>Na quarta-feira, o CEBRASPE publicou resultado preliminar da fase oral do \u00faltimo concurso da PGE-PA. Felizmente, nossos alunos tiveram excelente resultado. Entre os 5 primeiros colocados, 3 alunos aprovados.<\/p>\n\n\n<div class=\"wp-block-image\">\n<figure class=\"aligncenter size-full is-resized\"><img decoding=\"async\" src=\"https:\/\/cj.estrategia.com\/portal\/wp-content\/uploads\/2023\/01\/31162433\/image-51.png\" alt=\"\" class=\"wp-image-28496\" width=\"623\" height=\"174\" srcset=\"https:\/\/cj.estrategia.com\/portal\/wp-content\/uploads\/2023\/01\/31162433\/image-51.png 523w, https:\/\/cj.estrategia.com\/portal\/wp-content\/uploads\/2023\/01\/31162433\/image-51-300x84.png 300w, https:\/\/cj.estrategia.com\/portal\/wp-content\/uploads\/2023\/01\/31162433\/image-51-380x106.png 380w, https:\/\/cj.estrategia.com\/portal\/wp-content\/uploads\/2023\/01\/31162433\/image-51-150x42.png 150w\" sizes=\"(max-width: 623px) 100vw, 623px\" \/><\/figure>\n<\/div>\n\n\n<p>Al\u00e9m disso, o \u00f3rg\u00e3o informou que o concurso se encerrou sem atender \u00e0 totalidade de vagas de que precisam, raz\u00e3o pela qual <a href=\"https:\/\/cj.estrategia.com\/portal\/concurso-pge-pa-procurador\/\" target=\"_blank\" >novo concurso come\u00e7a a ser trabalhado<\/a>. Ainda \u00e9 cedo para cravar edital em 2023, mas precisamos acompanhar. Nas pr\u00f3ximas semanas, devemos ter not\u00edcias concretas.<\/p>\n\n\n\n<h2 id=\"eventos-de-final-de-semana\" class=\"wp-block-heading\"><strong>Eventos de Final de Semana<\/strong><\/h2>\n\n\n\n<p>Em rela\u00e7\u00e3o aos nossos projetos, neste final de semana, teremos Revis\u00e3o de V\u00e9spera e Gabarito Extraoficial do concurso de juiz do TJDFT, Revis\u00e3o de V\u00e9spera e Gabarito Extraoficial do MPAM do concurso de promotor do MPAM e simulado p\u00f3s-edital para juiz do TJSP.<\/p>\n\n\n\n<p><a href=\"https:\/\/gratis.estrategiaconcursos.com.br\/area-do-futuro-promotor-mp-am\/\" target=\"_blank\" >Projetos Promotor MPAP<\/a><\/p>\n\n\n\n<p><a href=\"https:\/\/gratis.estrategiaconcursos.com.br\/area-do-candidato-juiz-tj-dft\" target=\"_blank\" >Projetos Juiz TJDFT<\/a><\/p>\n\n\n\n<p><a href=\"https:\/\/gratis.estrategiaconcursos.com.br\/area-do-candidato-juiz-tj-sp\" target=\"_blank\" >Projetos Juiz TJSP<\/a><\/p>\n\n\n\n<h2 id=\"provas-escritas-para-procurador-da-age-mg\" class=\"wp-block-heading\"><strong>Provas Escritas para Procurador da AGE-MG<\/strong><\/h2>\n\n\n\n<p>Na quinta-feira, foi divulgado resultado da prova objetiva preambular da AGE-MG. Temos muitos alunos aprovados para a etapa subsequente. Na primeira apura\u00e7\u00e3o que fizemos, entre os 15 primeiros, 9 s\u00e3o alunos da Coruja Jur\u00eddica.<\/p>\n\n\n\n<p>Diante da import\u00e2ncia deste concurso e, tamb\u00e9m, tendo em vista nossos resultados, faremos projetos de Reta Final para as Provas Escritas, cujas provas ser\u00e3o aplicadas em 26\/2. Enquanto isso, convidamos nossos alunos assinantes (da Assinatura Jur\u00eddica Ilimitada e da Assinatura Procuradorias) a participarem do Curso para Provas Escritas com Corre\u00e7\u00e3o Individualizada, cujo acesso se d\u00e1 diretamente neste link:<\/p>\n\n\n\n<p><a href=\"https:\/\/cj.estrategia.com\/meus-cursos\/age-pge-mg-procurador-discursivas?lesson_id=ef97c75f-6564-4cbe-adf0-f32848b40aac&amp;material_id=_contents_file\" target=\"_blank\" >Curso para Provas Escritas AGE-MG<\/a><\/p>\n\n\n\n<p><a href=\"https:\/\/cj.estrategia.com\/discursivas\" target=\"_blank\" >Simulados Discursivos AGE-MG (com corre\u00e7\u00e3o individualizada)<\/a><\/p>\n\n\n\n<p>Se for prestar o concurso, n\u00e3o deixe de submeter os simulados a corre\u00e7\u00e3o.<\/p>\n\n\n\n<p>Acredito seja isso!<\/p>\n\n\n\n<p>Que tenhamos todos uma excelente semana.<\/p>\n\n\n\n<p class=\"has-text-align-center\"><strong>Lembre-se: adoraria um feedback, me procure no WhatsApp, se preferir.<\/strong><\/p>\n\n\n<div class=\"wp-block-image\">\n<figure class=\"aligncenter size-full is-resized\"><a href=\"https:\/\/api.whatsapp.com\/send\/?phone=5511916101471&amp;app_absent=0\" target=\"_blank\" ><img decoding=\"async\" src=\"https:\/\/cj.estrategia.com\/portal\/wp-content\/uploads\/2023\/01\/16142013\/image-16.png\" alt=\"\" class=\"wp-image-27197\" width=\"112\" height=\"112\" srcset=\"https:\/\/cj.estrategia.com\/portal\/wp-content\/uploads\/2023\/01\/16142013\/image-16.png 512w, https:\/\/cj.estrategia.com\/portal\/wp-content\/uploads\/2023\/01\/16142013\/image-16-300x300.png 300w, https:\/\/cj.estrategia.com\/portal\/wp-content\/uploads\/2023\/01\/16142013\/image-16-150x150.png 150w, https:\/\/cj.estrategia.com\/portal\/wp-content\/uploads\/2023\/01\/16142013\/image-16-80x80.png 80w, https:\/\/cj.estrategia.com\/portal\/wp-content\/uploads\/2023\/01\/16142013\/image-16-380x380.png 380w, https:\/\/cj.estrategia.com\/portal\/wp-content\/uploads\/2023\/01\/16142013\/image-16-24x24.png 24w, https:\/\/cj.estrategia.com\/portal\/wp-content\/uploads\/2023\/01\/16142013\/image-16-48x48.png 48w, https:\/\/cj.estrategia.com\/portal\/wp-content\/uploads\/2023\/01\/16142013\/image-16-96x96.png 96w\" sizes=\"(max-width: 112px) 100vw, 112px\" \/><\/a><\/figure>\n<\/div>\n\n\n<h2 id=\"edicoes-anteriores-da-nossa-carta-aos-alunos\" class=\"wp-block-heading\">Edi\u00e7\u00f5es anteriores da nossa Carta aos Alunos:<\/h2>\n\n\n\n<p class=\"has-light-green-cyan-background-color has-background\"><strong>#001 \u2013&nbsp;<\/strong><a href=\"https:\/\/cj.estrategia.com\/portal\/feliz-2023-carreiras-juridicas\/\" target=\"_blank\" ><strong>Feliz 2023, Carreiras Jur\u00eddicas!<\/strong><\/a><\/p>\n\n\n\n<p class=\"has-light-green-cyan-background-color has-background\"><strong>#002<\/strong> \u2013 <a href=\"https:\/\/cj.estrategia.com\/portal\/como-mudar-as-coisas-quando-a-mudanca-e-dificil\/\" target=\"_blank\" >Como Mudar as Coisas quando a Mudan\u00e7a \u00e9 Dif\u00edcil<\/a><\/p>\n\n\n\n<p class=\"has-light-green-cyan-background-color has-background\"><strong>#003<\/strong> \u2013 <a href=\"https:\/\/cj.estrategia.com\/portal\/o-que-fazer-para-chegar-aonde-se-quer-chegar\/\" target=\"_blank\" >O que fazer para chegar aonde se quer chegar?<\/a><\/p>\n\n\n\n<p>At\u00e9 uma pr\u00f3xima,<\/p>\n\n\n\n<p>Prof. Ricardo Torques<\/p>\n\n\n\n<p>Diretor do Estrat\u00e9gia Carreira Jur\u00eddica<\/p>\n\n\n\n<figure class=\"wp-block-image size-full is-resized\"><a href=\"https:\/\/www.instagram.com\/proftorques\/#\" target=\"_blank\" ><img decoding=\"async\" src=\"https:\/\/cj.estrategia.com\/portal\/wp-content\/uploads\/2023\/01\/06085238\/image-12.png\" alt=\"\" class=\"wp-image-26615\" width=\"57\" height=\"57\" srcset=\"https:\/\/cj.estrategia.com\/portal\/wp-content\/uploads\/2023\/01\/06085238\/image-12.png 512w, https:\/\/cj.estrategia.com\/portal\/wp-content\/uploads\/2023\/01\/06085238\/image-12-300x300.png 300w, https:\/\/cj.estrategia.com\/portal\/wp-content\/uploads\/2023\/01\/06085238\/image-12-150x150.png 150w, https:\/\/cj.estrategia.com\/portal\/wp-content\/uploads\/2023\/01\/06085238\/image-12-80x80.png 80w, https:\/\/cj.estrategia.com\/portal\/wp-content\/uploads\/2023\/01\/06085238\/image-12-380x380.png 380w, https:\/\/cj.estrategia.com\/portal\/wp-content\/uploads\/2023\/01\/06085238\/image-12-24x24.png 24w, https:\/\/cj.estrategia.com\/portal\/wp-content\/uploads\/2023\/01\/06085238\/image-12-48x48.png 48w, https:\/\/cj.estrategia.com\/portal\/wp-content\/uploads\/2023\/01\/06085238\/image-12-96x96.png 96w\" sizes=\"(max-width: 57px) 100vw, 57px\" \/><\/a><figcaption class=\"wp-element-caption\"><a href=\"https:\/\/www.instagram.com\/proftorques\/#\">@proftorques<\/a><\/figcaption><\/figure>\n","protected":false},"excerpt":{"rendered":"Hoje o papo \u00e9 direto! Caro aluno, em janeiro de 2023, o Estrat\u00e9gia Carreira Jur\u00eddica lan\u00e7ou o livro&hellip;\n","protected":false},"author":9,"featured_media":22897,"comment_status":"open","ping_status":"open","sticky":false,"template":"","format":"standard","meta":{"_jetpack_memberships_contains_paid_content":false,"footnotes":""},"categories":[1,29,27,28,26,24,25],"tags":[],"tax_estado":[30,31,32,33,34,35,36,37,38,39,40,41,42,43,44,45,46,47,48,49,50,51,52,53,54,55,56,57],"class_list":{"0":"post-28489","1":"post","2":"type-post","3":"status-publish","4":"format-standard","5":"has-post-thumbnail","7":"category-carreiras-juridicas","8":"category-cartorio","9":"category-defensoria","10":"category-delegado","11":"category-magistratura","12":"category-procuradoria","13":"category-promotoria","14":"tax_estado-ac","15":"tax_estado-al","16":"tax_estado-am","17":"tax_estado-ap","18":"tax_estado-ba","19":"tax_estado-ce","20":"tax_estado-concursos-federais","21":"tax_estado-df","22":"tax_estado-es","23":"tax_estado-go","24":"tax_estado-ma","25":"tax_estado-mg","26":"tax_estado-ms","27":"tax_estado-mt","28":"tax_estado-pa","29":"tax_estado-pb","30":"tax_estado-pe","31":"tax_estado-pi","32":"tax_estado-pr","33":"tax_estado-rj","34":"tax_estado-rn","35":"tax_estado-ro","36":"tax_estado-rr","37":"tax_estado-rs","38":"tax_estado-sc","39":"tax_estado-se","40":"tax_estado-sp","41":"tax_estado-to"},"acf":[],"yoast_head":"<!-- This site is optimized with the Yoast SEO Premium plugin v27.4 (Yoast SEO v27.4) - https:\/\/yoast.com\/product\/yoast-seo-premium-wordpress\/ -->\n<title>04 - CONVOCA\u00c7\u00c3O! Corujas, avaliem nosso livro digital interativo!<\/title>\n<meta name=\"description\" content=\"Confira a carta n\u00ba 4 escrita pelo professor Ricardo Torques.\" \/>\n<meta name=\"robots\" content=\"index, follow, max-snippet:-1, max-image-preview:large, max-video-preview:-1\" \/>\n<link rel=\"canonical\" href=\"https:\/\/cj.estrategia.com\/portal\/convocacao-corujas-avaliem-nosso-livro-digital-interativo\/\" \/>\n<meta property=\"og:locale\" content=\"pt_BR\" \/>\n<meta property=\"og:type\" content=\"article\" \/>\n<meta property=\"og:title\" content=\"04 - CONVOCA\u00c7\u00c3O! Corujas, avaliem nosso livro digital interativo!\" \/>\n<meta property=\"og:description\" content=\"Confira a carta n\u00ba 4 escrita pelo professor Ricardo Torques.\" \/>\n<meta property=\"og:url\" content=\"https:\/\/cj.estrategia.com\/portal\/convocacao-corujas-avaliem-nosso-livro-digital-interativo\/\" \/>\n<meta property=\"og:site_name\" content=\"Blog - Carreiras Jur\u00eddicas - Estrat\u00e9gia\" \/>\n<meta property=\"article:publisher\" content=\"https:\/\/www.facebook.com\/estrategiacarreirajuridica\/\" \/>\n<meta property=\"article:published_time\" content=\"2023-01-31T19:29:28+00:00\" \/>\n<meta property=\"article:modified_time\" content=\"2023-01-31T19:38:59+00:00\" \/>\n<meta property=\"og:image\" content=\"https:\/\/cj.estrategia.com\/portal\/wp-content\/uploads\/2022\/11\/04104436\/estrategia-carreira-juridica-logo-para-publicacao-1.jpg\" \/>\n\t<meta property=\"og:image:width\" content=\"900\" \/>\n\t<meta property=\"og:image:height\" content=\"900\" \/>\n\t<meta property=\"og:image:type\" content=\"image\/jpeg\" \/>\n<meta name=\"author\" content=\"Ricardo Torques\" \/>\n<meta name=\"twitter:card\" content=\"summary_large_image\" \/>\n<meta name=\"twitter:creator\" content=\"@EstratJuridica\" \/>\n<meta name=\"twitter:site\" content=\"@EstratJuridica\" \/>\n<meta name=\"twitter:label1\" content=\"Escrito por\" \/>\n\t<meta name=\"twitter:data1\" content=\"Ricardo Torques\" \/>\n\t<meta name=\"twitter:label2\" content=\"Est. tempo de leitura\" \/>\n\t<meta name=\"twitter:data2\" content=\"4 minutos\" \/>\n<script type=\"application\/ld+json\" class=\"yoast-schema-graph\">{\"@context\":\"https:\\\/\\\/schema.org\",\"@graph\":[{\"@type\":\"NewsArticle\",\"@id\":\"https:\\\/\\\/cj.estrategia.com\\\/portal\\\/convocacao-corujas-avaliem-nosso-livro-digital-interativo\\\/#article\",\"isPartOf\":{\"@id\":\"https:\\\/\\\/cj.estrategia.com\\\/portal\\\/convocacao-corujas-avaliem-nosso-livro-digital-interativo\\\/\"},\"author\":{\"name\":\"Ricardo Torques\",\"@id\":\"https:\\\/\\\/cj.estrategia.com\\\/portal\\\/#\\\/schema\\\/person\\\/e8a270e2c0ff6c6192113df790d62294\"},\"headline\":\"04 &#8211; CONVOCA\u00c7\u00c3O! Corujas, avaliem nosso livro digital interativo!\",\"datePublished\":\"2023-01-31T19:29:28+00:00\",\"dateModified\":\"2023-01-31T19:38:59+00:00\",\"mainEntityOfPage\":{\"@id\":\"https:\\\/\\\/cj.estrategia.com\\\/portal\\\/convocacao-corujas-avaliem-nosso-livro-digital-interativo\\\/\"},\"wordCount\":678,\"commentCount\":0,\"publisher\":{\"@id\":\"https:\\\/\\\/cj.estrategia.com\\\/portal\\\/#organization\"},\"image\":{\"@id\":\"https:\\\/\\\/cj.estrategia.com\\\/portal\\\/convocacao-corujas-avaliem-nosso-livro-digital-interativo\\\/#primaryimage\"},\"thumbnailUrl\":\"https:\\\/\\\/cj.estrategia.com\\\/portal\\\/wp-content\\\/uploads\\\/2022\\\/11\\\/04104436\\\/estrategia-carreira-juridica-logo-para-publicacao-1.jpg\",\"articleSection\":[\"Carreiras Jur\u00eddicas\",\"Cart\u00f3rio\",\"Defensoria\",\"Delegado\",\"Magistratura\",\"Procuradoria\",\"Promotoria\"],\"inLanguage\":\"pt-BR\",\"potentialAction\":[{\"@type\":\"CommentAction\",\"name\":\"Comment\",\"target\":[\"https:\\\/\\\/cj.estrategia.com\\\/portal\\\/convocacao-corujas-avaliem-nosso-livro-digital-interativo\\\/#respond\"]}]},{\"@type\":\"WebPage\",\"@id\":\"https:\\\/\\\/cj.estrategia.com\\\/portal\\\/convocacao-corujas-avaliem-nosso-livro-digital-interativo\\\/\",\"url\":\"https:\\\/\\\/cj.estrategia.com\\\/portal\\\/convocacao-corujas-avaliem-nosso-livro-digital-interativo\\\/\",\"name\":\"04 - CONVOCA\u00c7\u00c3O! Corujas, avaliem nosso livro digital interativo!\",\"isPartOf\":{\"@id\":\"https:\\\/\\\/cj.estrategia.com\\\/portal\\\/#website\"},\"primaryImageOfPage\":{\"@id\":\"https:\\\/\\\/cj.estrategia.com\\\/portal\\\/convocacao-corujas-avaliem-nosso-livro-digital-interativo\\\/#primaryimage\"},\"image\":{\"@id\":\"https:\\\/\\\/cj.estrategia.com\\\/portal\\\/convocacao-corujas-avaliem-nosso-livro-digital-interativo\\\/#primaryimage\"},\"thumbnailUrl\":\"https:\\\/\\\/cj.estrategia.com\\\/portal\\\/wp-content\\\/uploads\\\/2022\\\/11\\\/04104436\\\/estrategia-carreira-juridica-logo-para-publicacao-1.jpg\",\"datePublished\":\"2023-01-31T19:29:28+00:00\",\"dateModified\":\"2023-01-31T19:38:59+00:00\",\"description\":\"Confira a carta n\u00ba 4 escrita pelo professor Ricardo Torques.\",\"breadcrumb\":{\"@id\":\"https:\\\/\\\/cj.estrategia.com\\\/portal\\\/convocacao-corujas-avaliem-nosso-livro-digital-interativo\\\/#breadcrumb\"},\"inLanguage\":\"pt-BR\",\"potentialAction\":[{\"@type\":\"ReadAction\",\"target\":[\"https:\\\/\\\/cj.estrategia.com\\\/portal\\\/convocacao-corujas-avaliem-nosso-livro-digital-interativo\\\/\"]}]},{\"@type\":\"ImageObject\",\"inLanguage\":\"pt-BR\",\"@id\":\"https:\\\/\\\/cj.estrategia.com\\\/portal\\\/convocacao-corujas-avaliem-nosso-livro-digital-interativo\\\/#primaryimage\",\"url\":\"https:\\\/\\\/cj.estrategia.com\\\/portal\\\/wp-content\\\/uploads\\\/2022\\\/11\\\/04104436\\\/estrategia-carreira-juridica-logo-para-publicacao-1.jpg\",\"contentUrl\":\"https:\\\/\\\/cj.estrategia.com\\\/portal\\\/wp-content\\\/uploads\\\/2022\\\/11\\\/04104436\\\/estrategia-carreira-juridica-logo-para-publicacao-1.jpg\",\"width\":900,\"height\":900,\"caption\":\"estrategia-carreira-juridica-logo-para-publicacao-1\"},{\"@type\":\"BreadcrumbList\",\"@id\":\"https:\\\/\\\/cj.estrategia.com\\\/portal\\\/convocacao-corujas-avaliem-nosso-livro-digital-interativo\\\/#breadcrumb\",\"itemListElement\":[{\"@type\":\"ListItem\",\"position\":1,\"name\":\"In\u00edcio\",\"item\":\"https:\\\/\\\/cj.estrategia.com\\\/portal\\\/\"},{\"@type\":\"ListItem\",\"position\":2,\"name\":\"04 &#8211; CONVOCA\u00c7\u00c3O! Corujas, avaliem nosso livro digital interativo!\"}]},{\"@type\":\"WebSite\",\"@id\":\"https:\\\/\\\/cj.estrategia.com\\\/portal\\\/#website\",\"url\":\"https:\\\/\\\/cj.estrategia.com\\\/portal\\\/\",\"name\":\"Blog - Carreiras Jur\u00eddicas - Estrat\u00e9gia\",\"description\":\"\",\"publisher\":{\"@id\":\"https:\\\/\\\/cj.estrategia.com\\\/portal\\\/#organization\"},\"potentialAction\":[{\"@type\":\"SearchAction\",\"target\":{\"@type\":\"EntryPoint\",\"urlTemplate\":\"https:\\\/\\\/cj.estrategia.com\\\/portal\\\/?s={search_term_string}\"},\"query-input\":{\"@type\":\"PropertyValueSpecification\",\"valueRequired\":true,\"valueName\":\"search_term_string\"}}],\"inLanguage\":\"pt-BR\"},{\"@type\":\"Organization\",\"@id\":\"https:\\\/\\\/cj.estrategia.com\\\/portal\\\/#organization\",\"name\":\"Estrat\u00e9gia - Carreiras Jur\u00eddicas\",\"url\":\"https:\\\/\\\/cj.estrategia.com\\\/portal\\\/\",\"logo\":{\"@type\":\"ImageObject\",\"inLanguage\":\"pt-BR\",\"@id\":\"https:\\\/\\\/cj.estrategia.com\\\/portal\\\/#\\\/schema\\\/logo\\\/image\\\/\",\"url\":\"https:\\\/\\\/cj.estrategia.com\\\/portal\\\/wp-content\\\/uploads\\\/2022\\\/03\\\/11151052\\\/cj-logo.png\",\"contentUrl\":\"https:\\\/\\\/cj.estrategia.com\\\/portal\\\/wp-content\\\/uploads\\\/2022\\\/03\\\/11151052\\\/cj-logo.png\",\"width\":150,\"height\":39,\"caption\":\"Estrat\u00e9gia - Carreiras Jur\u00eddicas\"},\"image\":{\"@id\":\"https:\\\/\\\/cj.estrategia.com\\\/portal\\\/#\\\/schema\\\/logo\\\/image\\\/\"},\"sameAs\":[\"https:\\\/\\\/www.facebook.com\\\/estrategiacarreirajuridica\\\/\",\"https:\\\/\\\/x.com\\\/EstratJuridica\",\"https:\\\/\\\/www.instagram.com\\\/estrategiacarreirajuridica\\\/\",\"https:\\\/\\\/www.youtube.com\\\/channel\\\/UClbMGuYbj2Mh1m3w144ETWQ\"]},{\"@type\":\"Person\",\"@id\":\"https:\\\/\\\/cj.estrategia.com\\\/portal\\\/#\\\/schema\\\/person\\\/e8a270e2c0ff6c6192113df790d62294\",\"name\":\"Ricardo Torques\",\"image\":{\"@type\":\"ImageObject\",\"inLanguage\":\"pt-BR\",\"@id\":\"https:\\\/\\\/cj.estrategia.com\\\/portal\\\/wp-content\\\/uploads\\\/2023\\\/01\\\/24102352\\\/ricardo-torques-estrategia-carreiras-juridicas-96x96.jpg\",\"url\":\"https:\\\/\\\/cj.estrategia.com\\\/portal\\\/wp-content\\\/uploads\\\/2023\\\/01\\\/24102352\\\/ricardo-torques-estrategia-carreiras-juridicas-96x96.jpg\",\"contentUrl\":\"https:\\\/\\\/cj.estrategia.com\\\/portal\\\/wp-content\\\/uploads\\\/2023\\\/01\\\/24102352\\\/ricardo-torques-estrategia-carreiras-juridicas-96x96.jpg\",\"caption\":\"Ricardo Torques\"},\"description\":\"Ricardo Torques \u00e9 natural de Colombo\\\/PR, formado em Direito pela Universidade Federal do Paran\u00e1 (UFPR) em 2009, p\u00f3s-graduado em Direito Processual Civil pela Faculdade Assis Gurgacz (FAG), em 2012. Entre os anos de 2010 a 2015 foi aprovado em concursos de tribunais, TRT da 9\u00aa regi\u00e3o, TRT da 4\u00aa Regi\u00e3o, TRE-PR, TRT da 1\u00aa Regi\u00e3o. Foi assistente de Juiz do TRT da 9\u00aa Regi\u00e3o. Atualmente \u00e9 professor e coordenador do Estrat\u00e9gia Carreira Jur\u00eddica e OAB nas disciplinas de Direito Processual Civil, Direito Eleitoral, Direitos Humanos e Direito da Crian\u00e7a e do Adolescente.\",\"url\":\"https:\\\/\\\/cj.estrategia.com\\\/portal\\\/author\\\/rstorques\\\/\"}]}<\/script>\n<!-- \/ Yoast SEO Premium plugin. -->","yoast_head_json":{"title":"04 - CONVOCA\u00c7\u00c3O! Corujas, avaliem nosso livro digital interativo!","description":"Confira a carta n\u00ba 4 escrita pelo professor Ricardo Torques.","robots":{"index":"index","follow":"follow","max-snippet":"max-snippet:-1","max-image-preview":"max-image-preview:large","max-video-preview":"max-video-preview:-1"},"canonical":"https:\/\/cj.estrategia.com\/portal\/convocacao-corujas-avaliem-nosso-livro-digital-interativo\/","og_locale":"pt_BR","og_type":"article","og_title":"04 - CONVOCA\u00c7\u00c3O! Corujas, avaliem nosso livro digital interativo!","og_description":"Confira a carta n\u00ba 4 escrita pelo professor Ricardo Torques.","og_url":"https:\/\/cj.estrategia.com\/portal\/convocacao-corujas-avaliem-nosso-livro-digital-interativo\/","og_site_name":"Blog - Carreiras Jur\u00eddicas - Estrat\u00e9gia","article_publisher":"https:\/\/www.facebook.com\/estrategiacarreirajuridica\/","article_published_time":"2023-01-31T19:29:28+00:00","article_modified_time":"2023-01-31T19:38:59+00:00","og_image":[{"width":900,"height":900,"url":"https:\/\/cj.estrategia.com\/portal\/wp-content\/uploads\/2022\/11\/04104436\/estrategia-carreira-juridica-logo-para-publicacao-1.jpg","type":"image\/jpeg"}],"author":"Ricardo Torques","twitter_card":"summary_large_image","twitter_creator":"@EstratJuridica","twitter_site":"@EstratJuridica","twitter_misc":{"Escrito por":"Ricardo Torques","Est. tempo de leitura":"4 minutos"},"schema":{"@context":"https:\/\/schema.org","@graph":[{"@type":"NewsArticle","@id":"https:\/\/cj.estrategia.com\/portal\/convocacao-corujas-avaliem-nosso-livro-digital-interativo\/#article","isPartOf":{"@id":"https:\/\/cj.estrategia.com\/portal\/convocacao-corujas-avaliem-nosso-livro-digital-interativo\/"},"author":{"name":"Ricardo Torques","@id":"https:\/\/cj.estrategia.com\/portal\/#\/schema\/person\/e8a270e2c0ff6c6192113df790d62294"},"headline":"04 &#8211; CONVOCA\u00c7\u00c3O! Corujas, avaliem nosso livro digital interativo!","datePublished":"2023-01-31T19:29:28+00:00","dateModified":"2023-01-31T19:38:59+00:00","mainEntityOfPage":{"@id":"https:\/\/cj.estrategia.com\/portal\/convocacao-corujas-avaliem-nosso-livro-digital-interativo\/"},"wordCount":678,"commentCount":0,"publisher":{"@id":"https:\/\/cj.estrategia.com\/portal\/#organization"},"image":{"@id":"https:\/\/cj.estrategia.com\/portal\/convocacao-corujas-avaliem-nosso-livro-digital-interativo\/#primaryimage"},"thumbnailUrl":"https:\/\/cj.estrategia.com\/portal\/wp-content\/uploads\/2022\/11\/04104436\/estrategia-carreira-juridica-logo-para-publicacao-1.jpg","articleSection":["Carreiras Jur\u00eddicas","Cart\u00f3rio","Defensoria","Delegado","Magistratura","Procuradoria","Promotoria"],"inLanguage":"pt-BR","potentialAction":[{"@type":"CommentAction","name":"Comment","target":["https:\/\/cj.estrategia.com\/portal\/convocacao-corujas-avaliem-nosso-livro-digital-interativo\/#respond"]}]},{"@type":"WebPage","@id":"https:\/\/cj.estrategia.com\/portal\/convocacao-corujas-avaliem-nosso-livro-digital-interativo\/","url":"https:\/\/cj.estrategia.com\/portal\/convocacao-corujas-avaliem-nosso-livro-digital-interativo\/","name":"04 - CONVOCA\u00c7\u00c3O! Corujas, avaliem nosso livro digital interativo!","isPartOf":{"@id":"https:\/\/cj.estrategia.com\/portal\/#website"},"primaryImageOfPage":{"@id":"https:\/\/cj.estrategia.com\/portal\/convocacao-corujas-avaliem-nosso-livro-digital-interativo\/#primaryimage"},"image":{"@id":"https:\/\/cj.estrategia.com\/portal\/convocacao-corujas-avaliem-nosso-livro-digital-interativo\/#primaryimage"},"thumbnailUrl":"https:\/\/cj.estrategia.com\/portal\/wp-content\/uploads\/2022\/11\/04104436\/estrategia-carreira-juridica-logo-para-publicacao-1.jpg","datePublished":"2023-01-31T19:29:28+00:00","dateModified":"2023-01-31T19:38:59+00:00","description":"Confira a carta n\u00ba 4 escrita pelo professor Ricardo Torques.","breadcrumb":{"@id":"https:\/\/cj.estrategia.com\/portal\/convocacao-corujas-avaliem-nosso-livro-digital-interativo\/#breadcrumb"},"inLanguage":"pt-BR","potentialAction":[{"@type":"ReadAction","target":["https:\/\/cj.estrategia.com\/portal\/convocacao-corujas-avaliem-nosso-livro-digital-interativo\/"]}]},{"@type":"ImageObject","inLanguage":"pt-BR","@id":"https:\/\/cj.estrategia.com\/portal\/convocacao-corujas-avaliem-nosso-livro-digital-interativo\/#primaryimage","url":"https:\/\/cj.estrategia.com\/portal\/wp-content\/uploads\/2022\/11\/04104436\/estrategia-carreira-juridica-logo-para-publicacao-1.jpg","contentUrl":"https:\/\/cj.estrategia.com\/portal\/wp-content\/uploads\/2022\/11\/04104436\/estrategia-carreira-juridica-logo-para-publicacao-1.jpg","width":900,"height":900,"caption":"estrategia-carreira-juridica-logo-para-publicacao-1"},{"@type":"BreadcrumbList","@id":"https:\/\/cj.estrategia.com\/portal\/convocacao-corujas-avaliem-nosso-livro-digital-interativo\/#breadcrumb","itemListElement":[{"@type":"ListItem","position":1,"name":"In\u00edcio","item":"https:\/\/cj.estrategia.com\/portal\/"},{"@type":"ListItem","position":2,"name":"04 &#8211; CONVOCA\u00c7\u00c3O! Corujas, avaliem nosso livro digital interativo!"}]},{"@type":"WebSite","@id":"https:\/\/cj.estrategia.com\/portal\/#website","url":"https:\/\/cj.estrategia.com\/portal\/","name":"Blog - Carreiras Jur\u00eddicas - Estrat\u00e9gia","description":"","publisher":{"@id":"https:\/\/cj.estrategia.com\/portal\/#organization"},"potentialAction":[{"@type":"SearchAction","target":{"@type":"EntryPoint","urlTemplate":"https:\/\/cj.estrategia.com\/portal\/?s={search_term_string}"},"query-input":{"@type":"PropertyValueSpecification","valueRequired":true,"valueName":"search_term_string"}}],"inLanguage":"pt-BR"},{"@type":"Organization","@id":"https:\/\/cj.estrategia.com\/portal\/#organization","name":"Estrat\u00e9gia - Carreiras Jur\u00eddicas","url":"https:\/\/cj.estrategia.com\/portal\/","logo":{"@type":"ImageObject","inLanguage":"pt-BR","@id":"https:\/\/cj.estrategia.com\/portal\/#\/schema\/logo\/image\/","url":"https:\/\/cj.estrategia.com\/portal\/wp-content\/uploads\/2022\/03\/11151052\/cj-logo.png","contentUrl":"https:\/\/cj.estrategia.com\/portal\/wp-content\/uploads\/2022\/03\/11151052\/cj-logo.png","width":150,"height":39,"caption":"Estrat\u00e9gia - Carreiras Jur\u00eddicas"},"image":{"@id":"https:\/\/cj.estrategia.com\/portal\/#\/schema\/logo\/image\/"},"sameAs":["https:\/\/www.facebook.com\/estrategiacarreirajuridica\/","https:\/\/x.com\/EstratJuridica","https:\/\/www.instagram.com\/estrategiacarreirajuridica\/","https:\/\/www.youtube.com\/channel\/UClbMGuYbj2Mh1m3w144ETWQ"]},{"@type":"Person","@id":"https:\/\/cj.estrategia.com\/portal\/#\/schema\/person\/e8a270e2c0ff6c6192113df790d62294","name":"Ricardo Torques","image":{"@type":"ImageObject","inLanguage":"pt-BR","@id":"https:\/\/cj.estrategia.com\/portal\/wp-content\/uploads\/2023\/01\/24102352\/ricardo-torques-estrategia-carreiras-juridicas-96x96.jpg","url":"https:\/\/cj.estrategia.com\/portal\/wp-content\/uploads\/2023\/01\/24102352\/ricardo-torques-estrategia-carreiras-juridicas-96x96.jpg","contentUrl":"https:\/\/cj.estrategia.com\/portal\/wp-content\/uploads\/2023\/01\/24102352\/ricardo-torques-estrategia-carreiras-juridicas-96x96.jpg","caption":"Ricardo Torques"},"description":"Ricardo Torques \u00e9 natural de Colombo\/PR, formado em Direito pela Universidade Federal do Paran\u00e1 (UFPR) em 2009, p\u00f3s-graduado em Direito Processual Civil pela Faculdade Assis Gurgacz (FAG), em 2012. Entre os anos de 2010 a 2015 foi aprovado em concursos de tribunais, TRT da 9\u00aa regi\u00e3o, TRT da 4\u00aa Regi\u00e3o, TRE-PR, TRT da 1\u00aa Regi\u00e3o. Foi assistente de Juiz do TRT da 9\u00aa Regi\u00e3o. Atualmente \u00e9 professor e coordenador do Estrat\u00e9gia Carreira Jur\u00eddica e OAB nas disciplinas de Direito Processual Civil, Direito Eleitoral, Direitos Humanos e Direito da Crian\u00e7a e do Adolescente.","url":"https:\/\/cj.estrategia.com\/portal\/author\/rstorques\/"}]}},"jetpack_featured_media_url":"https:\/\/cj.estrategia.com\/portal\/wp-content\/uploads\/2022\/11\/04104436\/estrategia-carreira-juridica-logo-para-publicacao-1.jpg","jetpack_sharing_enabled":true,"_links":{"self":[{"href":"https:\/\/cj.estrategia.com\/portal\/wp-json\/wp\/v2\/posts\/28489","targetHints":{"allow":["GET"]}}],"collection":[{"href":"https:\/\/cj.estrategia.com\/portal\/wp-json\/wp\/v2\/posts"}],"about":[{"href":"https:\/\/cj.estrategia.com\/portal\/wp-json\/wp\/v2\/types\/post"}],"author":[{"embeddable":true,"href":"https:\/\/cj.estrategia.com\/portal\/wp-json\/wp\/v2\/users\/9"}],"replies":[{"embeddable":true,"href":"https:\/\/cj.estrategia.com\/portal\/wp-json\/wp\/v2\/comments?post=28489"}],"version-history":[{"count":17,"href":"https:\/\/cj.estrategia.com\/portal\/wp-json\/wp\/v2\/posts\/28489\/revisions"}],"predecessor-version":[{"id":28519,"href":"https:\/\/cj.estrategia.com\/portal\/wp-json\/wp\/v2\/posts\/28489\/revisions\/28519"}],"wp:featuredmedia":[{"embeddable":true,"href":"https:\/\/cj.estrategia.com\/portal\/wp-json\/wp\/v2\/media\/22897"}],"wp:attachment":[{"href":"https:\/\/cj.estrategia.com\/portal\/wp-json\/wp\/v2\/media?parent=28489"}],"wp:term":[{"taxonomy":"category","embeddable":true,"href":"https:\/\/cj.estrategia.com\/portal\/wp-json\/wp\/v2\/categories?post=28489"},{"taxonomy":"post_tag","embeddable":true,"href":"https:\/\/cj.estrategia.com\/portal\/wp-json\/wp\/v2\/tags?post=28489"},{"taxonomy":"tax_estado","embeddable":true,"href":"https:\/\/cj.estrategia.com\/portal\/wp-json\/wp\/v2\/tax_estado?post=28489"}],"curies":[{"name":"wp","href":"https:\/\/api.w.org\/{rel}","templated":true}]}}